{"id":1089,"date":"2024-10-05T15:07:55","date_gmt":"2024-10-05T18:07:55","guid":{"rendered":"https:\/\/www.salkantaytrilha.com\/blog\/?p=1089"},"modified":"2026-03-02T12:07:01","modified_gmt":"2026-03-02T15:07:01","slug":"vale-sagrado-dos-incas-as-montanhas-estao-chamando-por-voce","status":"publish","type":"post","link":"https:\/\/www.salkantaytrilha.com\/blog\/vale-sagrado-dos-incas-as-montanhas-estao-chamando-por-voce\/","title":{"rendered":"Vale Sagrado dos Incas: as montanhas est\u00e3o chamando por voc\u00ea!"},"content":{"rendered":"\n<p>Antes de iniciarmos o nosso relato, acerca do universo fant\u00e1stico do Vale Sagrado dos Incas, \u00e9 importante que voc\u00ea saiba que vai precisar do <strong>Bilhete Tur\u00edstico de Cusco, o BTC<\/strong>. \u00c9 ele que vai lhe permitir a entrada em todos os s\u00edtios arqueol\u00f3gicos inclusos na sua visita. Informe-se!<\/p>\n\n\n\n<div class=\"wp-block-rank-math-toc-block anchor-links\"><ul><li><a href=\"#h-visita-ao-universo-das-mulheres-tecelas-de-chinchero\" >Visita ao universo das mulheres tecel\u00e3s de Chinchero<\/a><\/li><li><a href=\"#h-chinchero\" >Chinchero<\/a><ul><li><a href=\"#h-sitio-arqueologico-de-chinchero\" >S\u00edtio Arqueol\u00f3gico de Chinchero<\/a><\/li><li><a href=\"#h-palacio-de-tupac-yupanqui\" >Pal\u00e1cio de Tupac Yupanqui<\/a><\/li><li><a href=\"#h-igreja-colonial-de-chinchero\" >Igreja Colonial de Chinchero<\/a><\/li><li><a href=\"#h-mirador-de-chinchero\" >Mirador de Chinchero<\/a><\/li><\/ul><\/li><li><a href=\"#h-ollantaytambo\" >Ollantaytambo<\/a><ul><li><a href=\"#h-as-famosas-pedreiras-de-pinkuylluna-e-seus-misterios-nao-resolvidos\" >As Famosas Pedreiras de Pinkuylluna e Seus Mist\u00e9rios N\u00e3o Resolvidos<\/a><\/li><li><a href=\"#h-mitos-e-lendas-sobre-ollantaytambo\" >Mitos e lendas sobre Ollantaytambo<\/a><\/li><\/ul><\/li><li><a href=\"#h-don-angel-a-hora-de-matar-a-fome\" >Don Angel: a hora de matar a fome!<\/a><\/li><li><a href=\"#h-sitio-arqueologico-de-pisac\" >S\u00edtio Arqueol\u00f3gico de Pisac<\/a><ul><li><a href=\"#h-mitos-e-lendas-sobre-pisac\" >Mitos e lendas sobre Pisac<\/a><\/li><\/ul><\/li><li><a href=\"#h-voce-pode-se-interessar-por\" >Voc\u00ea pode se interessar por:<\/a><\/li><\/nav><\/ul><\/div>\n\n\n\n<h2 class=\"wp-block-heading\" id=\"h-visita-ao-universo-das-mulheres-tecelas-de-chinchero\">Visita ao universo das mulheres tecel\u00e3s de Chinchero<\/h2>\n\n\n\n<p>O carro nem mal tinha sa\u00eddo da cidade de Cusco e a expectativa de todos os passageiros se misturava \u00e0s explica\u00e7\u00f5es detalhadas do guia acerca do Vale Sagrado dos Incas. De repente, uma surpresa: ganhamos uma bolsa de lanches para cada um, com suco, \u00e1gua, frutas, inclusive desidratadas, balas, biscoitos, chocolate! Enfim, a nossa aventura, com a <strong>Salkantay Trekking<\/strong>,&nbsp; rumo ao Vale Sagrado dos Incas, come\u00e7ou muito bem!<\/p>\n\n\n\n<p>Ap\u00f3s, aproximadamente, uma hora de viagem, chegamos na cidade de Chinchero, que fica localizada a 30 quil\u00f4metros de Cusco, e a 3.762 metros acima do n\u00edvel do mar, para visitar uma aut\u00eantica comunidade de mulheres tecel\u00e3s. Fomos recebidos por amistosas alpacas e lhamas, que se deixaram fotografar \u00e0 vontade. O cen\u00e1rio colorido era todo ambientado \u00e0s casas t\u00edpicas andinas: composto de fornos \u00e0 lenha e panelas de barro que n\u00e3o preparavam comida, mas sim, tingiam as l\u00e3s, rec\u00e9m fiadas, artesanalmente.&nbsp;<\/p>\n\n\n\n<p>Sentados ao redor de uma tecel\u00e3, saboreando um gostoso mate de munha, que nos esquentou bem naquela primeira hora da manh\u00e3, ouvimos e vimos todas as etapas da extra\u00e7\u00e3o da l\u00e3, sua lavagem com impressionante sab\u00e3o extra\u00eddo de uma ra\u00edz, seu tingimento e por fim a confec\u00e7\u00e3o dos lindos tecidos andinos, nos teares manuais. Incr\u00edvel ficar por dentro de todo o processo! E ap\u00f3s uma visita \u00e0 loja de \u201cartesanias\u201d, onde pudemos admirar bel\u00edssimas mantas, ponchos, luvas, gorros, mochilas, carteiras e uma infinidade de artigos, nos despedimos das famosas mulheres tecel\u00e3s de Chinchero.<\/p>\n\n\n\n<div class=\"wp-block-columns is-layout-flex wp-container-core-columns-is-layout-9d6595d7 wp-block-columns-is-layout-flex\">\n<div class=\"wp-block-column is-layout-flow wp-block-column-is-layout-flow\"><div class=\"wp-block-image\">\n<figure class=\"aligncenter size-large\"><img loading=\"lazy\" decoding=\"async\" width=\"1024\" height=\"666\" src=\"https:\/\/www.salkantaytrilha.com\/blog\/wp-content\/uploads\/2024\/05\/Chinchero-Antigas-Tradicoes-Texteis-1024x666.jpg\" alt=\"Chinchero: Antigas Tradi\u00e7\u00f5es T\u00eaxteis\" class=\"wp-image-130\"\/><figcaption class=\"wp-element-caption\">Chinchero: Antigas Tradi\u00e7\u00f5es T\u00eaxteis<\/figcaption><\/figure>\n<\/div><\/div>\n<\/div>\n\n\n\n<div class=\"wp-block-columns is-layout-flex wp-container-core-columns-is-layout-9d6595d7 wp-block-columns-is-layout-flex\">\n<div class=\"wp-block-column is-layout-flow wp-block-column-is-layout-flow\"><div class=\"wp-block-image\">\n<figure class=\"aligncenter size-full\"><img loading=\"lazy\" decoding=\"async\" width=\"800\" height=\"1000\" src=\"https:\/\/www.salkantaytrilha.com\/blog\/wp-content\/uploads\/2024\/10\/Centro-Textil-Chinchero.jpg\" alt=\"Centro T\u00eaxtil de Chinchero\" class=\"wp-image-1093\"\/><figcaption class=\"wp-element-caption\">Centro T\u00eaxtil de Chinchero<\/figcaption><\/figure>\n<\/div><\/div>\n\n\n\n<div class=\"wp-block-column is-layout-flow wp-block-column-is-layout-flow\"><div class=\"wp-block-image\">\n<figure class=\"aligncenter size-full\"><img loading=\"lazy\" decoding=\"async\" width=\"800\" height=\"1000\" src=\"https:\/\/www.salkantaytrilha.com\/blog\/wp-content\/uploads\/2024\/10\/Guias-observando-demonstracao-tecelagem-andina-Chincheros.jpg\" alt=\"Guias observando a demonstra\u00e7\u00e3o de tecelagem andina em Chincheros\" class=\"wp-image-1094\"\/><figcaption class=\"wp-element-caption\">Demonstra\u00e7\u00e3o de tecelagem andina em Chincheros<\/figcaption><\/figure>\n<\/div><\/div>\n<\/div>\n\n\n\n<h2 class=\"wp-block-heading\" id=\"h-chinchero\">Chinchero<\/h2>\n\n\n\n<p>A popula\u00e7\u00e3o da pequena Chinchero \u00e9 considerada a mais t\u00edpica do Vale Sagrado dos Incas. Seus habitantes residem em constru\u00e7\u00f5es incaicas, quase intactas, no mesmo lugar onde seus antepassados viveram e formaram a maior e mais pr\u00f3spera civiliza\u00e7\u00e3o da Am\u00e9rica.<\/p>\n\n\n\n<p>\u00c9 a capital do distrito que recebe o mesmo nome, pertencente \u00e0 prov\u00edncia de Urubamba. Um dos povoados mais representativos de Cusco, e reconhecido por sua arqueologia e \u201cartesania\u201d.&nbsp;<\/p>\n\n\n\n<p>Atualmente, Chinchero conta com uma popula\u00e7\u00e3o que supera os 15 mil habitantes, composta por 12 comunidades ind\u00edgenas. Estas comunidades, seguindo com o sistema de organiza\u00e7\u00e3o do Tahuantinsuyo, sua m\u00e1xima autoridade, nomeiam diretamente o seu varayoc (l\u00edder). Chinchero \u00e9 um dos poucos lugares onde ainda se conserva a tradicional comercializa\u00e7\u00e3o de troca.<\/p>\n\n\n\n<div class=\"wp-block-columns is-layout-flex wp-container-core-columns-is-layout-9d6595d7 wp-block-columns-is-layout-flex\">\n<div class=\"wp-block-column is-layout-flow wp-block-column-is-layout-flow\"><div class=\"wp-block-image\">\n<figure class=\"aligncenter size-large\"><img loading=\"lazy\" decoding=\"async\" width=\"1024\" height=\"683\" src=\"https:\/\/www.salkantaytrilha.com\/blog\/wp-content\/uploads\/2024\/10\/populacao-Chinchero-1024x683.jpg\" alt=\"A popula\u00e7\u00e3o de Chinchero\" class=\"wp-image-1095\"\/><figcaption class=\"wp-element-caption\">A popula\u00e7\u00e3o de Chinchero<\/figcaption><\/figure>\n<\/div><\/div>\n<\/div>\n\n\n\n<h3 class=\"wp-block-heading\" id=\"h-sitio-arqueologico-de-chinchero\">S\u00edtio Arqueol\u00f3gico de Chinchero<\/h3>\n\n\n\n<p>Nossa excurs\u00e3o, contendo 12 passageiros, nos levava agora a visitar um s\u00edtio arqueol\u00f3gico cinematogr\u00e1fico. Ali\u00e1s, tudo por aqui \u00e9. O s\u00edtio arqueol\u00f3gico de Chinchero abrange 43 hectares, onde se encontram terra\u00e7os, estradas, canais de \u00e1gua e templos. Tamb\u00e9m na \u00e1rea, encontram-se os restos de tr\u00eas adorat\u00f3rios chamados Titiqaqa, Pumaqaqa e Chincana; que s\u00e3o enormes afloramentos de rocha calc\u00e1ria, cuidadosamente esculpidos pelos antigos peruanos.<\/p>\n\n\n\n<div class=\"wp-block-columns is-layout-flex wp-container-core-columns-is-layout-9d6595d7 wp-block-columns-is-layout-flex\">\n<div class=\"wp-block-column is-layout-flow wp-block-column-is-layout-flow\"><div class=\"wp-block-image\">\n<figure class=\"aligncenter size-full\"><img loading=\"lazy\" decoding=\"async\" width=\"800\" height=\"1000\" src=\"https:\/\/www.salkantaytrilha.com\/blog\/wp-content\/uploads\/2024\/10\/Sitio-arqueologico-Chinchero.jpg\" alt=\"S\u00edtio arqueol\u00f3gico de Chinchero\" class=\"wp-image-1096\"\/><figcaption class=\"wp-element-caption\">S\u00edtio arqueol\u00f3gico de Chinchero<\/figcaption><\/figure>\n<\/div><\/div>\n\n\n\n<div class=\"wp-block-column is-layout-flow wp-block-column-is-layout-flow\"><div class=\"wp-block-image\">\n<figure class=\"aligncenter size-full\"><img loading=\"lazy\" decoding=\"async\" width=\"800\" height=\"1000\" src=\"https:\/\/www.salkantaytrilha.com\/blog\/wp-content\/uploads\/2024\/10\/Foto-panoramica-sitio-arqueologico-Chinchero.jpg\" alt=\"Foto panor\u00e2mica do s\u00edtio arqueol\u00f3gico de Chinchero\" class=\"wp-image-1097\"\/><figcaption class=\"wp-element-caption\">Chinchero<\/figcaption><\/figure>\n<\/div><\/div>\n<\/div>\n\n\n\n<h3 class=\"wp-block-heading\" id=\"h-palacio-de-tupac-yupanqui\">Pal\u00e1cio de Tupac Yupanqui<\/h3>\n\n\n\n<p>Na pra\u00e7a principal de Chinchero, destaca-se \u00e0 primeira vista a extraordin\u00e1ria fus\u00e3o entre a arquitetura inca e a arquitetura colonial. Em frente \u00e0 igreja, ergue-se um muro inca com 10 nichos trapezoidais que se conservam at\u00e9 hoje. Estes faziam parte do que foi o Pal\u00e1cio de Tupac Yupanqui.<\/p>\n\n\n\n<h3 class=\"wp-block-heading\" id=\"h-igreja-colonial-de-chinchero\">Igreja Colonial de Chinchero<\/h3>\n\n\n\n<p>A igreja colonial \u00e9 outro dos atrativos que se pode encontrar em Chinchero. Ela foi constru\u00edda sobre os restos do Pal\u00e1cio de Tupac Yupanqui, no ano de 1572, por ordem do Vice-Rei Toledo. Esta igreja est\u00e1 decorada exclusivamente com arte religiosa cusquenha, com obras originais de artistas reconhecidos como Diego Quispe Tito e Francisco Chihuantito.<\/p>\n\n\n\n<p>Acabamos a nossa visita satisfeitos do que vimos e aprendemos por parte do nosso guia, e realizados de todas as fotos incr\u00edveis que fizemos. N\u00e3o s\u00f3 o cen\u00e1rio cativa mas a atmosfera \u00e9 inebriante.&nbsp;<\/p>\n\n\n\n<div class=\"wp-block-columns is-layout-flex wp-container-core-columns-is-layout-9d6595d7 wp-block-columns-is-layout-flex\">\n<div class=\"wp-block-column is-layout-flow wp-block-column-is-layout-flow\"><div class=\"wp-block-image\">\n<figure class=\"aligncenter size-large\"><img loading=\"lazy\" decoding=\"async\" width=\"1024\" height=\"683\" src=\"https:\/\/www.salkantaytrilha.com\/blog\/wp-content\/uploads\/2024\/10\/Igreja-Colonial-Chinchero-1024x683.jpg\" alt=\"Igreja Colonial de Chinchero\" class=\"wp-image-1099\"\/><figcaption class=\"wp-element-caption\">Igreja Colonial de Chinchero<\/figcaption><\/figure>\n<\/div><\/div>\n<\/div>\n\n\n\n<h3 class=\"wp-block-heading\" id=\"h-mirador-de-chinchero\">Mirador de Chinchero<\/h3>\n\n\n\n<p>Pouco tempo depois, chegamos a um mirador fant\u00e1stico. Como o pr\u00f3prio nome diz , de l\u00e1, tivemos uma vista cinematogr\u00e1fica de grande parte do Vale Sagrado dos Incas. Saltamos para mais fotos !e nos entretemos com as vendas de \u201cartesanias\u201d!<\/p>\n\n\n\n<div class=\"wp-block-columns is-layout-flex wp-container-core-columns-is-layout-9d6595d7 wp-block-columns-is-layout-flex\">\n<div class=\"wp-block-column is-layout-flow wp-block-column-is-layout-flow\"><div class=\"wp-block-image\">\n<figure class=\"aligncenter size-large\"><img loading=\"lazy\" decoding=\"async\" width=\"1024\" height=\"683\" src=\"https:\/\/www.salkantaytrilha.com\/blog\/wp-content\/uploads\/2024\/10\/Ponto-vista-Chinchero-1024x683.jpg\" alt=\"Ponto de vista de Chinchero\" class=\"wp-image-1100\"\/><figcaption class=\"wp-element-caption\">Ponto de vista de Chinchero<\/figcaption><\/figure>\n<\/div><\/div>\n<\/div>\n\n\n\n<h2 class=\"wp-block-heading\" id=\"h-ollantaytambo\">Ollantaytambo<\/h2>\n\n\n\n<p>Esta cidade, conhecida como o \u00faltimo povoado inca vivente, nos recebe com suas ruas e constru\u00e7\u00f5es medievais, pertencentes \u00e0 \u00e9poca inca e colonial, com muito colorido, proveniente de seus artesanatos, com seus canais de \u00e1gua que comp\u00f5em uma melodia sem igual. A nossa excurs\u00e3o vai visitar o seu s\u00edtio arqueol\u00f3gico, um lugar impactante, localizado aos p\u00e9s de uma montanha, onde os incas constru\u00edram terra\u00e7os agr\u00edcolas e um povoado.&nbsp;<\/p>\n\n\n\n<p>Ollantaytambo \u00e9 muito mais do que uma fortaleza; \u00e9 um lugar onde a hist\u00f3ria e a mitologia se entrela\u00e7am. Situado no Vale Sagrado dos Incas, este s\u00edtio arqueol\u00f3gico foi uma importante cidadela e centro cerimonial. Os incas constru\u00edram aqui impressionantes templos, terra\u00e7os agr\u00edcolas e um urbanismo avan\u00e7ado que desperta admira\u00e7\u00e3o at\u00e9 os dias de hoje.<\/p>\n\n\n\n<p>Os terra\u00e7os incas que encontramos em nossa visita, s\u00e3o plataformas em forma piramidal, feitas pelos incas, que se utilizaram da agricultura, primordialmente, para o cultivo de ma\u00edz e diversos tipos de batatas. Estes terra\u00e7os escalonados s\u00e3o considerados uma maravilha da engenharia, s\u00e3o um dos elementos mais destacados em Ollantaytambo \u2013 n\u00e3o apenas por sua fun\u00e7\u00e3o agr\u00edcola, mas tamb\u00e9m por suas poss\u00edveis implica\u00e7\u00f5es astron\u00f4micas.&nbsp;<\/p>\n\n\n\n<p>Alguns pesquisadores sugerem que esses terra\u00e7os poderiam ter funcionado como um calend\u00e1rio solar ou lunar, utilizado para marcar importantes eventos sazonais. e uma parte importante do patrim\u00f4nio cultural de Ollantaytambo.&nbsp;<\/p>\n\n\n\n<p>As ru\u00ednas, impressionantes, formam v\u00e1rios templos, feitos de rochas megal\u00edticas, calend\u00e1rios solares e um complexo sistema de canais e banhos reais. Tivemos tamb\u00e9m a oportunidade de observar as ru\u00ednas da cidade, as grandes pedras monol\u00edticas que fazem parte do Templo do Sol.&nbsp;<\/p>\n\n\n\n<p>Ao explorar este complexo arqueol\u00f3gico, \u00e9 imposs\u00edvel n\u00e3o se maravilhar diante do Templo do Sol, com seus seis gigantescos mon\u00f3litos alinhados em perfeita simetria. A luz solar, brincando entre essas pedras, cria novas sombras a cada dia, mantendo viva a conex\u00e3o c\u00f3smica t\u00e3o importante para os incas. Esta \u00e9 uma edifica\u00e7\u00e3o retangular, com uma s\u00e9rie de terra\u00e7os, escadarias e muros que a rodeiam. Trata-se de uma gigantesca estrutura feita de pedra de granito rosado, localizada nas ru\u00ednas de Ollantaytambo. Acredita-se ter sido um pal\u00e1cio real durante o imp\u00e9rio Inca, sendo&nbsp; uma das estruturas mais bem conservadas do s\u00edtio.&nbsp;<\/p>\n\n\n\n<p>A presen\u00e7a de estruturas como o Templo do Sol ou o Banho da \u00d1usta (princesa) destaca n\u00e3o apenas sua import\u00e2ncia pol\u00edtica, mas tamb\u00e9m religiosa e mitol\u00f3gica para os antigos habitantes andinos. Segundo as lendas locais, Ollantaytambo foi constru\u00eddo por ordens diretas do inca Pachacutec, que o utilizou como basti\u00e3o contra poss\u00edveis invas\u00f5es.<\/p>\n\n\n\n<p>Que aventura escalar todas estas constru\u00e7\u00f5es e ver, l\u00e1 de cima, a incr\u00edvel vista deste indubit\u00e1vel legado inca, que se mant\u00e9m nos dias de hoje. Conhecer essa cidade, t\u00e3o arraigada \u00e0s suas ra\u00edzes, foi emocionante. Percorrer as fontes de \u00e1gua com a brisa das montanhas, o som das \u00e1guas e a presen\u00e7a de lhamas e alpacas, foi inesquec\u00edvel!<\/p>\n\n\n\n<div class=\"wp-block-columns is-layout-flex wp-container-core-columns-is-layout-9d6595d7 wp-block-columns-is-layout-flex\">\n<div class=\"wp-block-column is-layout-flow wp-block-column-is-layout-flow\"><div class=\"wp-block-image\">\n<figure class=\"aligncenter size-large\"><img loading=\"lazy\" decoding=\"async\" width=\"1024\" height=\"683\" src=\"https:\/\/www.salkantaytrilha.com\/blog\/wp-content\/uploads\/2024\/10\/ruinas-Ollantaytambo-1024x683.jpg\" alt=\"As ru\u00ednas de Ollantaytambo\" class=\"wp-image-1102\"\/><figcaption class=\"wp-element-caption\">As ru\u00ednas de Ollantaytambo<\/figcaption><\/figure>\n<\/div><\/div>\n<\/div>\n\n\n\n<h3 class=\"wp-block-heading\" id=\"h-as-famosas-pedreiras-de-pinkuylluna-e-seus-misterios-nao-resolvidos\">As Famosas Pedreiras de Pinkuylluna e Seus Mist\u00e9rios N\u00e3o Resolvidos<\/h3>\n\n\n\n<p>As pedreiras, pr\u00f3ximas ao setor ocidental, formaram outra pe\u00e7a-chave neste mosaico cultural, sendo a principal fonte para as pedras usadas em constru\u00e7\u00f5es majestosas, tanto em s\u00edtios cerimoniais quanto em alojamentos civis e militares. At\u00e9 hoje, continua sendo um mist\u00e9rio, como foi poss\u00edvel o transporte desses enormes blocos rochosos, atrav\u00e9s de rios e montanhas, sem o uso de uma tecnologia avan\u00e7ada.<\/p>\n\n\n\n<p>Segundo algumas vers\u00f5es m\u00edticas, houve interven\u00e7\u00f5es divinas que ajudaram a mover tais pedras gigantescas; enquanto outros defendem a ideia de uma intelig\u00eancia superior, desconhecida por n\u00f3s hoje.<\/p>\n\n\n\n<p>Al\u00e9m disso, existem lendas locais sobre um labirinto subterr\u00e2neo conectando diferentes pontos sagrados dentro do imp\u00e9rio incaico com esta cidadela; alguns acreditam at\u00e9 que ele conduziria ao lend\u00e1rio ref\u00fagio dourado conhecido como Paititi ou o El Dorado.<\/p>\n\n\n\n<div class=\"wp-block-columns is-layout-flex wp-container-core-columns-is-layout-9d6595d7 wp-block-columns-is-layout-flex\">\n<div class=\"wp-block-column is-layout-flow wp-block-column-is-layout-flow\">\n<figure class=\"wp-block-image size-full\"><img loading=\"lazy\" decoding=\"async\" width=\"1000\" height=\"667\" src=\"https:\/\/www.salkantaytrilha.com\/blog\/wp-content\/uploads\/2024\/10\/Pedreiras-Pinkuylluna.jpg\" alt=\"Pedreiras Pinkuylluna\" class=\"wp-image-1103\"\/><figcaption class=\"wp-element-caption\">Pedreiras Pinkuylluna<\/figcaption><\/figure>\n<\/div>\n<\/div>\n\n\n\n<h3 class=\"wp-block-heading\" id=\"h-mitos-e-lendas-sobre-ollantaytambo\">Mitos e lendas sobre Ollantaytambo<\/h3>\n\n\n\n<p><strong>A Lenda do Guerreiro Ollanta e a Princesa Cusi Coyllur<\/strong><\/p>\n\n\n\n<p>O relato mais famoso associado a Ollantaytambo \u00e9, sem d\u00favida, o drama amoroso entre o valente general inca Ollanta e Cusi Coyllur, filha do Inca Pachacutec. O amor proibido entre esses dois personagens faz parte fundamental das tradi\u00e7\u00f5es orais andinas.<\/p>\n\n\n\n<p>Diz-se que Ollanta se apaixonou perdidamente por Cusi Coyllur, mas, devido \u00e0s r\u00edgidas leis sociais incas que impediam uni\u00f5es fora de seu status social, seu amor era imposs\u00edvel. Esse conflito levou a uma s\u00e9rie de eventos tr\u00e1gicos, incluindo guerra, separa\u00e7\u00e3o e, finalmente, reconcilia\u00e7\u00e3o, gra\u00e7as \u00e0 interven\u00e7\u00e3o do pr\u00f3ximo governante inca, T\u00fapac Yupanqui.<\/p>\n\n\n\n<h2 class=\"wp-block-heading\" id=\"h-don-angel-a-hora-de-matar-a-fome\">Don Angel: a hora de matar a fome!<\/h2>\n\n\n\n<p>E chegou a hora do almo\u00e7o! Todos, sem exce\u00e7\u00e3o, est\u00e1vamos famintos, mesmo com os lanches que recebemos na sa\u00edda. Muito exerc\u00edcio f\u00edsico s\u00f3 aumentou nosso apetite! Que grata surpresa chegar em um restaurante t\u00e3o especial, requintado e com uma variedade enorme em seu buffet. Aqui voc\u00ea vai ter a oportunidade de provar de tudo:&nbsp;<\/p>\n\n\n\n<ul class=\"wp-block-list\">\n<li><strong>Saltado de olluquito<\/strong>: Salteado de olluquito<\/li>\n\n\n\n<li><strong>Quinua verde con longostin<\/strong>: Quinua verde com lagostim<\/li>\n\n\n\n<li><strong>Pollo con arroz turco<\/strong>: Frango com arroz turco<\/li>\n\n\n\n<li><strong>Papas<\/strong>: Batatas<\/li>\n\n\n\n<li><strong>Oca al horno<\/strong>: Oca ao forno<\/li>\n\n\n\n<li><strong>Cerdo a la naranja<\/strong>: Porco \u00e0 laranja<\/li>\n\n\n\n<li><strong>Rocoto relleno con verduras<\/strong>: Rocoto recheado com verduras<\/li>\n\n\n\n<li><strong>Rocoto relleno con carne<\/strong>: Rocoto recheado com carne<\/li>\n\n\n\n<li><strong>Choclo<\/strong>: Milho<\/li>\n\n\n\n<li><strong>Causa de at\u00fan<\/strong>: Causa de atum<\/li>\n\n\n\n<li><strong>Ceviche de til\u00e1pia<\/strong>: Ceviche de til\u00e1pia<\/li>\n\n\n\n<li><strong>Camote<\/strong>: Batata-doce<\/li>\n\n\n\n<li><strong>Sopa de hairo<\/strong>: Sopa de hairo (um tipo de alga marinha)<\/li>\n\n\n\n<li><strong>Crema de verduras<\/strong>: Creme de legumes<\/li>\n\n\n\n<li><strong>Arroz e frejoles<\/strong>: Arroz e feij\u00e3o<\/li>\n\n\n\n<li><strong>Cuy chiruchu<\/strong>: Cuy chiruchu (prato t\u00edpico de carne de porquinho-da-\u00edndia)<\/li>\n\n\n\n<li><strong>Malaya al horno<\/strong>: Malaya ao forno (um tipo de carne bovina)<\/li>\n\n\n\n<li><strong>Oraya<\/strong>: Oraya (prato t\u00edpico, o nome pode variar dependendo da regi\u00e3o)<\/li>\n\n\n\n<li><strong>Pastel de camote<\/strong>: Bolo de batata-doce<\/li>\n\n\n\n<li><strong>Roll de alpaca con queso<\/strong>: Rolinho de alpaca com queijo<\/li>\n<\/ul>\n\n\n\n<p>Fora as sobremesas, uma mais deliciosa que a outra! Compota de sachatomate, uma fruta das montanhas, t\u00edpica dos Andes, excelente para o cora\u00e7\u00e3o, para a press\u00e3o, e para os diab\u00e9ticos. gelatinas, pudins, e uma variedade de doces t\u00edpicos.<\/p>\n\n\n\n<div class=\"wp-block-columns is-layout-flex wp-container-core-columns-is-layout-9d6595d7 wp-block-columns-is-layout-flex\">\n<div class=\"wp-block-column is-layout-flow wp-block-column-is-layout-flow\"><div class=\"wp-block-image\">\n<figure class=\"aligncenter size-full\"><img loading=\"lazy\" decoding=\"async\" width=\"800\" height=\"1000\" src=\"https:\/\/www.salkantaytrilha.com\/blog\/wp-content\/uploads\/2024\/10\/Restaurante-Don-Angel.jpg\" alt=\"Restaurante Don-Angel no Vale Sagrado dos Incas\" class=\"wp-image-1104\"\/><figcaption class=\"wp-element-caption\">Restaurante Don-Angel<\/figcaption><\/figure>\n<\/div><\/div>\n\n\n\n<div class=\"wp-block-column is-layout-flow wp-block-column-is-layout-flow\"><div class=\"wp-block-image\">\n<figure class=\"aligncenter size-full\"><img loading=\"lazy\" decoding=\"async\" width=\"800\" height=\"1000\" src=\"https:\/\/www.salkantaytrilha.com\/blog\/wp-content\/uploads\/2024\/10\/Don-Angel-Inka-Casona-Restaurant.jpg\" alt=\"Don Angel Inka Casona Restaurant\" class=\"wp-image-1105\"\/><figcaption class=\"wp-element-caption\">Don Angel Inka Casona Restaurant<\/figcaption><\/figure>\n<\/div><\/div>\n<\/div>\n\n\n\n<h2 class=\"wp-block-heading\" id=\"h-sitio-arqueologico-de-pisac\">S\u00edtio Arqueol\u00f3gico de Pisac<\/h2>\n\n\n\n<p>Nossa \u00faltima parada foi mais um presente dos deuses: que esplendor as ru\u00ednas de Pisac! Este s\u00edtio arqueol\u00f3gico inca \u00e9 uma das j\u00f3ias do Vale Sagrado dos Incas. Possui templos e pal\u00e1cios finamente trabalhados em pedra. Pode-se afirmar que as ru\u00ednas de Pisac formam um dos melhores complexos arqueol\u00f3gicos incas em todo o Peru. A nossa visita incluiu: a zona militar, o setor dos terra\u00e7os escalonados, e o Amaru Punku.&nbsp;&nbsp;<\/p>\n\n\n\n<p>Este s\u00edtio se encontra no extremo oriental do Vale Sagrado, a uma hora da cidade de Cusco, a 34 quil\u00f4metros de dist\u00e2ncia e a 3.300 metros sobre o n\u00edvel do mar. Para chegar, utiliza-se a mesma via que conduz a Sacsayhuaman. Se for de \u00f4nibus, deve se dirigir \u00e0 rua Puputi, no Centro Hist\u00f3rico de Cusco. Para acess\u00e1-lo voc\u00ea deve seguir a ladeira localizada atr\u00e1s do seu povoado, de mesmo nome, caminhando 1 hora e 30 minutos, ou atrav\u00e9s de transporte p\u00fablico, que leva uns 30 minutos. A cidade de Pisac est\u00e1 localizada a 2.974 metros sobre o n\u00edvel do mar.&nbsp;<\/p>\n\n\n\n<p>Pisac deriva da palavra quechua \u2018Pisaca\u2019 que significa \u2018Perdiz\u2019. Acredita-se que este recinto arqueol\u00f3gico possui o formato de uma perdiz. Os incas gostavam de atribuir um formato de animal ou de ave \u00e0 suas principais cidadelas. Desta forma, a cidade de Cusco possui a forma de um puma.<\/p>\n\n\n\n<p>Suas ru\u00ednas atraem milhares de visitantes, estima-se que cerca de 200 por dia. \u00c9 um dos atrativos tur\u00edsticos que faz parte do tour ao Vale Sagrado dos Incas. Durante o legado inca, Pisac foi uma importante cidade, com impressionantes sistemas de terra\u00e7os escalonados e recintos em pedra talhada. Durante a \u00e9poca colonial, seus templos foram saqueados pelos espanh\u00f3is. Hoje \u00e9 um dos atrativos tur\u00edsticos hist\u00f3ricos mais importantes na sua viagem a Cusco.<\/p>\n\n\n\n<div class=\"wp-block-columns is-layout-flex wp-container-core-columns-is-layout-9d6595d7 wp-block-columns-is-layout-flex\">\n<div class=\"wp-block-column is-layout-flow wp-block-column-is-layout-flow\"><div class=\"wp-block-image\">\n<figure class=\"aligncenter size-full\"><img loading=\"lazy\" decoding=\"async\" width=\"800\" height=\"1000\" src=\"https:\/\/www.salkantaytrilha.com\/blog\/wp-content\/uploads\/2024\/10\/Construcao-inca-Pisac.jpg\" alt=\"Constru\u00e7\u00e3o inca de Pisac\" class=\"wp-image-1108\"\/><figcaption class=\"wp-element-caption\">Constru\u00e7\u00e3o inca de Pisac<\/figcaption><\/figure>\n<\/div><\/div>\n\n\n\n<div class=\"wp-block-column is-layout-flow wp-block-column-is-layout-flow\"><div class=\"wp-block-image\">\n<figure class=\"aligncenter size-full\"><img loading=\"lazy\" decoding=\"async\" width=\"800\" height=\"1000\" src=\"https:\/\/www.salkantaytrilha.com\/blog\/wp-content\/uploads\/2024\/05\/Pisac-Vale-Sagrado-dos-Incas.jpg\" alt=\"Pisac - Vale Sagrado dos Incas\" class=\"wp-image-347\"\/><figcaption class=\"wp-element-caption\">Pisac &#8211; Vale Sagrado dos Incas<\/figcaption><\/figure>\n<\/div><\/div>\n<\/div>\n\n\n\n<h3 class=\"wp-block-heading\" id=\"h-mitos-e-lendas-sobre-pisac\">Mitos e lendas sobre Pisac<\/h3>\n\n\n\n<p><strong>A lenda de Inkil Chumpi<\/strong><\/p>\n\n\n\n<p>Em Pisac, existe uma forma\u00e7\u00e3o rochosa chamada Inkil Chumpi. Este cume possui uma lenda que conta a hist\u00f3ria de uma princesa, a \u00fanica filha do governador da cidadela inca de Pisac. O governador inca decidiu que se o rapaz que casasse com sua filha, deveria ser capaz de construir uma ponte sobre o rio Vilcamayo em apenas uma noite. O jovem Asto R\u00edmac, o preferido da princesa, come\u00e7ou a trabalhar. Inkil Chumpi subiu uma colina para pedir o favor dos deuses, os &#8216;Apus&#8217; ou montanhas sagradas. Eles concordaram com a condi\u00e7\u00e3o de que ela n\u00e3o olhasse para o trabalho de Asto R\u00edmac. Ela aceitou, mas, incapaz de suportar a incerteza, olhou para a obra. Ent\u00e3o, Asto R\u00edmac foi arrastado pelas \u00e1guas do rio. Ela gritou desesperadamente, transformando-se em pedra, onde hoje est\u00e1 a forma\u00e7\u00e3o rochosa em Pisac.<\/p>\n\n\n\n<div class=\"wp-block-columns is-layout-flex wp-container-core-columns-is-layout-9d6595d7 wp-block-columns-is-layout-flex\">\n<div class=\"wp-block-column is-layout-flow wp-block-column-is-layout-flow\"><div class=\"wp-block-image\">\n<figure class=\"aligncenter size-large\"><img loading=\"lazy\" decoding=\"async\" width=\"1024\" height=\"683\" src=\"https:\/\/www.salkantaytrilha.com\/blog\/wp-content\/uploads\/2024\/10\/Inkil-Chumpi-1024x683.jpg\" alt=\"Inkil Chumpi\" class=\"wp-image-1109\"\/><figcaption class=\"wp-element-caption\">Inkil Chumpi<\/figcaption><\/figure>\n<\/div><\/div>\n<\/div>\n\n\n\n<h2 class=\"wp-block-heading\" id=\"h-voce-pode-se-interessar-por\">Voc\u00ea pode se interessar por:<\/h2>\n\n\n\n<ul class=\"wp-block-list\">\n<li><strong><a href=\"https:\/\/www.salkantaytrilha.com\/blog\/vale-sagrado-as-minas-de-sal-em-maras\/\">Vale Sagrado: As Minas de Sal em Maras<\/a><\/strong><\/li>\n\n\n\n<li><strong><a href=\"https:\/\/www.salkantaytrilha.com\/blog\/melhor-epoca-para-visitar-cusco-no-peru\/\">Melhor \u00e9poca para visitar Cusco, no Peru<\/a><\/strong><\/li>\n\n\n\n<li><strong><a href=\"https:\/\/www.salkantaytrilha.com\/blog\/senderismo-em-cusco-rotas-curtas-para-fazer-em-menos-de-1-dia\/\">Senderismo em Cusco: Rotas Curtas para Fazer em Menos de 1 Dia<\/a><\/strong><\/li>\n\n\n\n<li><strong><a href=\"https:\/\/www.salkantaytrilha.com\/blog\/huchuy-qosqo-pequeno-cusco-tesouro-oculto-dos-andes\/\">Huchuy Qosqo: \u201cPequeno Cusco\u201d, tesouro oculto dos Andes<\/a><\/strong><\/li>\n\n\n\n<li><strong><a href=\"https:\/\/www.salkantaytrilha.com\/blog\/como-e-a-temporada-de-chuva-em-cusco-tudo-o-que-voce-precisa-saber\/\">Como \u00e9 a temporada de chuva em Cusco: tudo o que voc\u00ea precisa saber<\/a><\/strong><\/li>\n\n\n\n<li><strong><a href=\"https:\/\/www.salkantaytrilha.com\/blog\/tudo-o-que-voce-precisa-saber-sobre-a-temporada-seca-em-cusco-no-peru\/\">Tudo o que voc\u00ea precisa saber sobre a temporada seca em Cusco, no Peru<\/a><\/strong><\/li>\n\n\n\n<li><strong><a href=\"https:\/\/www.salkantaytrilha.com\/blog\/o-que-fazer-em-cusco\/\">O que fazer em Cusco?<\/a><\/strong><\/li>\n\n\n\n<li><strong><a href=\"https:\/\/www.salkantaytrilha.com\/blog\/12-programas-romanticos-para-fazer-a-dois-em-cusco\/\">12 Programas rom\u00e2nticos para fazer a dois, em Cusco<\/a><\/strong><\/li>\n\n\n\n<li><strong><a href=\"https:\/\/www.salkantaytrilha.com\/blog\/minha-primeira-viagem-a-cusco\/\">Minha Primeira viagem a Cusco<\/a><\/strong><\/li>\n\n\n\n<li><strong><a href=\"https:\/\/www.salkantaytrilha.com\/blog\/viva-a-semana-santa-em-cusco\/\">Viva a Semana Santa em Cusco<\/a><\/strong><\/li>\n\n\n\n<li><strong><a href=\"https:\/\/www.salkantaytrilha.com\/blog\/moray-c-entro-da-pesquisa-agricola-inca\/\">Moray: O Centro da Pesquisa Agr\u00edcola Inca<\/a><\/strong><\/li>\n\n\n\n<li><strong><a href=\"https:\/\/www.salkantaytrilha.com\/blog\/guia-essencial-de-cusco\/\">Guia Essencial de Cusco: Dicas e Recomenda\u00e7\u00f5es para a sua Viagem<\/a><\/strong><\/li>\n\n\n\n<li><strong><a href=\"https:\/\/www.salkantaytrilha.com\/blog\/calendario-das-festas-de-cusco-2024\/\">Calend\u00e1rio das festas de Cusco<\/a><\/strong><\/li>\n<\/ul>\n\n\n\n<p><\/p>\n\n\n\n<p><\/p>\n\n\n\n<ul class=\"wp-block-list lang\">\n<li class=\"en\"><a href=\"https:\/\/www.salkantaytrekking.com\/blog\/sacred-valley-of-the-incas-the-mountains-are-calling-you\/\">EN<\/a><\/li>\n\n\n\n<li class=\"es\"><a href=\"https:\/\/www.caminosalkantay.com\/blog\/valle-sagrado-de-los-incas-las-montanas-te-estan-llamando\/\">ES<\/a><\/li>\n<\/ul>\n\n\n\n<p><\/p>\n","protected":false},"excerpt":{"rendered":"<p>Antes de iniciarmos o nosso relato, acerca do universo fant\u00e1stico do Vale Sagrado dos Incas, \u00e9 importante que voc\u00ea saiba que vai precisar do Bilhete Tur\u00edstico de Cusco, o BTC. \u00c9 ele que vai lhe permitir a entrada em todos [&hellip;]<\/p>\n","protected":false},"author":1,"featured_media":1107,"comment_status":"open","ping_status":"open","sticky":false,"template":"","format":"standard","meta":{"footnotes":""},"categories":[29,366,367,368],"tags":[374,373,371,372,376,370,369,375],"class_list":["post-1089","post","type-post","status-publish","format-standard","has-post-thumbnail","hentry","category-chinchero","category-ollantaytambo","category-pisac","category-valle-sagrado-de-los-incas","tag-don-angel","tag-famosas-pedreiras-de-pinkuylluna","tag-igreja-colonial-de-chinchero","tag-mirador-de-chinchero","tag-mitos-e-lendas-sobre-pisac","tag-palacio-de-tupac-yupanqui","tag-sitio-arqueologico-de-chinchero","tag-sitio-arqueologico-de-pisac"],"yoast_head":"<!-- This site is optimized with the Yoast SEO Premium plugin v27.4 (Yoast SEO v27.4) - https:\/\/yoast.com\/product\/yoast-seo-premium-wordpress\/ -->\n<title>Vale Sagrado dos Incas: as montanhas est\u00e3o chamando por voc\u00ea!<\/title>\n<meta name=\"description\" content=\"Descubra as maravilhas do Vale Sagrado dos Incas. Conhe\u00e7a os s\u00edtios arqueol\u00f3gicos e se encante com a hist\u00f3ria e cultura dessa regi\u00e3o encantadora.\" \/>\n<meta name=\"robots\" content=\"index, follow, max-snippet:-1, max-image-preview:large, max-video-preview:-1\" \/>\n<link rel=\"canonical\" href=\"https:\/\/www.salkantaytrilha.com\/blog\/vale-sagrado-dos-incas-as-montanhas-estao-chamando-por-voce\/\" \/>\n<meta property=\"og:locale\" content=\"pt_BR\" \/>\n<meta property=\"og:type\" content=\"article\" \/>\n<meta property=\"og:title\" content=\"Vale Sagrado dos Incas: as montanhas est\u00e3o chamando por voc\u00ea!\" \/>\n<meta property=\"og:description\" content=\"Descubra as maravilhas do Vale Sagrado dos Incas. Conhe\u00e7a os s\u00edtios arqueol\u00f3gicos e se encante com a hist\u00f3ria e cultura dessa regi\u00e3o encantadora.\" \/>\n<meta property=\"og:url\" content=\"https:\/\/www.salkantaytrilha.com\/blog\/vale-sagrado-dos-incas-as-montanhas-estao-chamando-por-voce\/\" \/>\n<meta property=\"og:site_name\" content=\"informa\u00e7\u00f5es de viagens\" \/>\n<meta property=\"article:publisher\" content=\"https:\/\/www.facebook.com\/SalkantayTrekking\/\" \/>\n<meta property=\"article:published_time\" content=\"2024-10-05T18:07:55+00:00\" \/>\n<meta property=\"article:modified_time\" content=\"2026-03-02T15:07:01+00:00\" \/>\n<meta property=\"og:image\" content=\"https:\/\/www.salkantaytrilha.com\/blog\/wp-content\/uploads\/2024\/10\/Vale-Sagrado-dos-Incas-montanhas-chamando-voce.jpg\" \/>\n\t<meta property=\"og:image:width\" content=\"1873\" \/>\n\t<meta property=\"og:image:height\" content=\"1249\" \/>\n\t<meta property=\"og:image:type\" content=\"image\/jpeg\" \/>\n<meta name=\"author\" content=\"Trilha Salkantay\" \/>\n<meta name=\"twitter:card\" content=\"summary_large_image\" \/>\n<meta name=\"twitter:creator\" content=\"@salkantayperu\" \/>\n<meta name=\"twitter:site\" content=\"@salkantayperu\" \/>\n<meta name=\"twitter:label1\" content=\"Escrito por\" \/>\n\t<meta name=\"twitter:data1\" content=\"Trilha Salkantay\" \/>\n\t<meta name=\"twitter:label2\" content=\"Est. tempo de leitura\" \/>\n\t<meta name=\"twitter:data2\" content=\"16 minutos\" \/>\n<script type=\"application\/ld+json\" class=\"yoast-schema-graph\">{\"@context\":\"https:\\\/\\\/schema.org\",\"@graph\":[{\"@type\":\"Article\",\"@id\":\"https:\\\/\\\/www.salkantaytrilha.com\\\/blog\\\/vale-sagrado-dos-incas-as-montanhas-estao-chamando-por-voce\\\/#article\",\"isPartOf\":{\"@id\":\"https:\\\/\\\/www.salkantaytrilha.com\\\/blog\\\/vale-sagrado-dos-incas-as-montanhas-estao-chamando-por-voce\\\/\"},\"author\":{\"name\":\"Trilha Salkantay\",\"@id\":\"https:\\\/\\\/www.salkantaytrilha.com\\\/blog\\\/#\\\/schema\\\/person\\\/aa0e6175beac59e6519e5407b3d13d0d\"},\"headline\":\"Vale Sagrado dos Incas: as montanhas est\u00e3o chamando por voc\u00ea!\",\"datePublished\":\"2024-10-05T18:07:55+00:00\",\"dateModified\":\"2026-03-02T15:07:01+00:00\",\"mainEntityOfPage\":{\"@id\":\"https:\\\/\\\/www.salkantaytrilha.com\\\/blog\\\/vale-sagrado-dos-incas-as-montanhas-estao-chamando-por-voce\\\/\"},\"wordCount\":2530,\"commentCount\":0,\"publisher\":{\"@id\":\"https:\\\/\\\/www.salkantaytrilha.com\\\/blog\\\/#organization\"},\"image\":{\"@id\":\"https:\\\/\\\/www.salkantaytrilha.com\\\/blog\\\/vale-sagrado-dos-incas-as-montanhas-estao-chamando-por-voce\\\/#primaryimage\"},\"thumbnailUrl\":\"https:\\\/\\\/www.salkantaytrilha.com\\\/blog\\\/wp-content\\\/uploads\\\/2024\\\/10\\\/Vale-Sagrado-dos-Incas-montanhas-chamando-voce.jpg\",\"keywords\":[\"Don Angel\",\"Famosas Pedreiras de Pinkuylluna\",\"Igreja Colonial de Chinchero\",\"Mirador de Chinchero\",\"Mitos e lendas sobre Pisac\",\"Pal\u00e1cio de Tupac Yupanqui\",\"S\u00edtio Arqueol\u00f3gico de Chinchero\",\"S\u00edtio Arqueol\u00f3gico de Pisac\"],\"articleSection\":[\"Chinchero\",\"Ollantaytambo\",\"Pisac\",\"Valle Sagrado de los Incas\"],\"inLanguage\":\"pt-BR\",\"potentialAction\":[{\"@type\":\"CommentAction\",\"name\":\"Comment\",\"target\":[\"https:\\\/\\\/www.salkantaytrilha.com\\\/blog\\\/vale-sagrado-dos-incas-as-montanhas-estao-chamando-por-voce\\\/#respond\"]}]},{\"@type\":\"WebPage\",\"@id\":\"https:\\\/\\\/www.salkantaytrilha.com\\\/blog\\\/vale-sagrado-dos-incas-as-montanhas-estao-chamando-por-voce\\\/\",\"url\":\"https:\\\/\\\/www.salkantaytrilha.com\\\/blog\\\/vale-sagrado-dos-incas-as-montanhas-estao-chamando-por-voce\\\/\",\"name\":\"Vale Sagrado dos Incas: as montanhas est\u00e3o chamando por voc\u00ea!\",\"isPartOf\":{\"@id\":\"https:\\\/\\\/www.salkantaytrilha.com\\\/blog\\\/#website\"},\"primaryImageOfPage\":{\"@id\":\"https:\\\/\\\/www.salkantaytrilha.com\\\/blog\\\/vale-sagrado-dos-incas-as-montanhas-estao-chamando-por-voce\\\/#primaryimage\"},\"image\":{\"@id\":\"https:\\\/\\\/www.salkantaytrilha.com\\\/blog\\\/vale-sagrado-dos-incas-as-montanhas-estao-chamando-por-voce\\\/#primaryimage\"},\"thumbnailUrl\":\"https:\\\/\\\/www.salkantaytrilha.com\\\/blog\\\/wp-content\\\/uploads\\\/2024\\\/10\\\/Vale-Sagrado-dos-Incas-montanhas-chamando-voce.jpg\",\"datePublished\":\"2024-10-05T18:07:55+00:00\",\"dateModified\":\"2026-03-02T15:07:01+00:00\",\"description\":\"Descubra as maravilhas do Vale Sagrado dos Incas. Conhe\u00e7a os s\u00edtios arqueol\u00f3gicos e se encante com a hist\u00f3ria e cultura dessa regi\u00e3o encantadora.\",\"breadcrumb\":{\"@id\":\"https:\\\/\\\/www.salkantaytrilha.com\\\/blog\\\/vale-sagrado-dos-incas-as-montanhas-estao-chamando-por-voce\\\/#breadcrumb\"},\"inLanguage\":\"pt-BR\",\"potentialAction\":[{\"@type\":\"ReadAction\",\"target\":[\"https:\\\/\\\/www.salkantaytrilha.com\\\/blog\\\/vale-sagrado-dos-incas-as-montanhas-estao-chamando-por-voce\\\/\"]}]},{\"@type\":\"ImageObject\",\"inLanguage\":\"pt-BR\",\"@id\":\"https:\\\/\\\/www.salkantaytrilha.com\\\/blog\\\/vale-sagrado-dos-incas-as-montanhas-estao-chamando-por-voce\\\/#primaryimage\",\"url\":\"https:\\\/\\\/www.salkantaytrilha.com\\\/blog\\\/wp-content\\\/uploads\\\/2024\\\/10\\\/Vale-Sagrado-dos-Incas-montanhas-chamando-voce.jpg\",\"contentUrl\":\"https:\\\/\\\/www.salkantaytrilha.com\\\/blog\\\/wp-content\\\/uploads\\\/2024\\\/10\\\/Vale-Sagrado-dos-Incas-montanhas-chamando-voce.jpg\",\"width\":1873,\"height\":1249,\"caption\":\"As famosas pedreiras de Pinkuylluna | Ollantaytambo\"},{\"@type\":\"BreadcrumbList\",\"@id\":\"https:\\\/\\\/www.salkantaytrilha.com\\\/blog\\\/vale-sagrado-dos-incas-as-montanhas-estao-chamando-por-voce\\\/#breadcrumb\",\"itemListElement\":[{\"@type\":\"ListItem\",\"position\":1,\"name\":\"In\u00edcio\",\"item\":\"https:\\\/\\\/www.salkantaytrilha.com\\\/blog\\\/\"},{\"@type\":\"ListItem\",\"position\":2,\"name\":\"Vale Sagrado dos Incas: as montanhas est\u00e3o chamando por voc\u00ea!\"}]},{\"@type\":\"WebSite\",\"@id\":\"https:\\\/\\\/www.salkantaytrilha.com\\\/blog\\\/#website\",\"url\":\"https:\\\/\\\/www.salkantaytrilha.com\\\/blog\\\/\",\"name\":\"informa\u00e7\u00f5es de viagens a Machu Picchu\",\"description\":\"\",\"publisher\":{\"@id\":\"https:\\\/\\\/www.salkantaytrilha.com\\\/blog\\\/#organization\"},\"potentialAction\":[{\"@type\":\"SearchAction\",\"target\":{\"@type\":\"EntryPoint\",\"urlTemplate\":\"https:\\\/\\\/www.salkantaytrilha.com\\\/blog\\\/?s={search_term_string}\"},\"query-input\":{\"@type\":\"PropertyValueSpecification\",\"valueRequired\":true,\"valueName\":\"search_term_string\"}}],\"inLanguage\":\"pt-BR\"},{\"@type\":\"Organization\",\"@id\":\"https:\\\/\\\/www.salkantaytrilha.com\\\/blog\\\/#organization\",\"name\":\"informa\u00e7\u00f5es de viagens a Machu Picchu\",\"url\":\"https:\\\/\\\/www.salkantaytrilha.com\\\/blog\\\/\",\"logo\":{\"@type\":\"ImageObject\",\"inLanguage\":\"pt-BR\",\"@id\":\"https:\\\/\\\/www.salkantaytrilha.com\\\/blog\\\/#\\\/schema\\\/logo\\\/image\\\/\",\"url\":\"https:\\\/\\\/www.salkantaytrilha.com\\\/blog\\\/wp-content\\\/uploads\\\/2024\\\/05\\\/salkantaytrekking-new-300x128-1.png\",\"contentUrl\":\"https:\\\/\\\/www.salkantaytrilha.com\\\/blog\\\/wp-content\\\/uploads\\\/2024\\\/05\\\/salkantaytrekking-new-300x128-1.png\",\"width\":300,\"height\":128,\"caption\":\"informa\u00e7\u00f5es de viagens a Machu Picchu\"},\"image\":{\"@id\":\"https:\\\/\\\/www.salkantaytrilha.com\\\/blog\\\/#\\\/schema\\\/logo\\\/image\\\/\"},\"sameAs\":[\"https:\\\/\\\/www.facebook.com\\\/SalkantayTrekking\\\/\",\"https:\\\/\\\/x.com\\\/salkantayperu\",\"https:\\\/\\\/www.pinterest.com\\\/salkantaytrekking\\\/\",\"https:\\\/\\\/www.instagram.com\\\/salkantaytrekking\\\/\",\"https:\\\/\\\/www.youtube.com\\\/user\\\/salkantaytrekking\",\"https:\\\/\\\/www.tiktok.com\\\/@salkantaytrekking\"]},{\"@type\":\"Person\",\"@id\":\"https:\\\/\\\/www.salkantaytrilha.com\\\/blog\\\/#\\\/schema\\\/person\\\/aa0e6175beac59e6519e5407b3d13d0d\",\"name\":\"Trilha Salkantay\",\"image\":{\"@type\":\"ImageObject\",\"inLanguage\":\"pt-BR\",\"@id\":\"https:\\\/\\\/secure.gravatar.com\\\/avatar\\\/b41678a33c57a2bf0032b7c254611fc97caffd94ade0663405b364d1c0177d1d?s=96&d=mm&r=g\",\"url\":\"https:\\\/\\\/secure.gravatar.com\\\/avatar\\\/b41678a33c57a2bf0032b7c254611fc97caffd94ade0663405b364d1c0177d1d?s=96&d=mm&r=g\",\"contentUrl\":\"https:\\\/\\\/secure.gravatar.com\\\/avatar\\\/b41678a33c57a2bf0032b7c254611fc97caffd94ade0663405b364d1c0177d1d?s=96&d=mm&r=g\",\"caption\":\"Trilha Salkantay\"},\"sameAs\":[\"https:\\\/\\\/www.salkantaytrilha.com\\\/blog\"]}]}<\/script>\n<!-- \/ Yoast SEO Premium plugin. -->","yoast_head_json":{"title":"Vale Sagrado dos Incas: as montanhas est\u00e3o chamando por voc\u00ea!","description":"Descubra as maravilhas do Vale Sagrado dos Incas. Conhe\u00e7a os s\u00edtios arqueol\u00f3gicos e se encante com a hist\u00f3ria e cultura dessa regi\u00e3o encantadora.","robots":{"index":"index","follow":"follow","max-snippet":"max-snippet:-1","max-image-preview":"max-image-preview:large","max-video-preview":"max-video-preview:-1"},"canonical":"https:\/\/www.salkantaytrilha.com\/blog\/vale-sagrado-dos-incas-as-montanhas-estao-chamando-por-voce\/","og_locale":"pt_BR","og_type":"article","og_title":"Vale Sagrado dos Incas: as montanhas est\u00e3o chamando por voc\u00ea!","og_description":"Descubra as maravilhas do Vale Sagrado dos Incas. Conhe\u00e7a os s\u00edtios arqueol\u00f3gicos e se encante com a hist\u00f3ria e cultura dessa regi\u00e3o encantadora.","og_url":"https:\/\/www.salkantaytrilha.com\/blog\/vale-sagrado-dos-incas-as-montanhas-estao-chamando-por-voce\/","og_site_name":"informa\u00e7\u00f5es de viagens","article_publisher":"https:\/\/www.facebook.com\/SalkantayTrekking\/","article_published_time":"2024-10-05T18:07:55+00:00","article_modified_time":"2026-03-02T15:07:01+00:00","og_image":[{"width":1873,"height":1249,"url":"https:\/\/www.salkantaytrilha.com\/blog\/wp-content\/uploads\/2024\/10\/Vale-Sagrado-dos-Incas-montanhas-chamando-voce.jpg","type":"image\/jpeg"}],"author":"Trilha Salkantay","twitter_card":"summary_large_image","twitter_creator":"@salkantayperu","twitter_site":"@salkantayperu","twitter_misc":{"Escrito por":"Trilha Salkantay","Est. tempo de leitura":"16 minutos"},"schema":{"@context":"https:\/\/schema.org","@graph":[{"@type":"Article","@id":"https:\/\/www.salkantaytrilha.com\/blog\/vale-sagrado-dos-incas-as-montanhas-estao-chamando-por-voce\/#article","isPartOf":{"@id":"https:\/\/www.salkantaytrilha.com\/blog\/vale-sagrado-dos-incas-as-montanhas-estao-chamando-por-voce\/"},"author":{"name":"Trilha Salkantay","@id":"https:\/\/www.salkantaytrilha.com\/blog\/#\/schema\/person\/aa0e6175beac59e6519e5407b3d13d0d"},"headline":"Vale Sagrado dos Incas: as montanhas est\u00e3o chamando por voc\u00ea!","datePublished":"2024-10-05T18:07:55+00:00","dateModified":"2026-03-02T15:07:01+00:00","mainEntityOfPage":{"@id":"https:\/\/www.salkantaytrilha.com\/blog\/vale-sagrado-dos-incas-as-montanhas-estao-chamando-por-voce\/"},"wordCount":2530,"commentCount":0,"publisher":{"@id":"https:\/\/www.salkantaytrilha.com\/blog\/#organization"},"image":{"@id":"https:\/\/www.salkantaytrilha.com\/blog\/vale-sagrado-dos-incas-as-montanhas-estao-chamando-por-voce\/#primaryimage"},"thumbnailUrl":"https:\/\/www.salkantaytrilha.com\/blog\/wp-content\/uploads\/2024\/10\/Vale-Sagrado-dos-Incas-montanhas-chamando-voce.jpg","keywords":["Don Angel","Famosas Pedreiras de Pinkuylluna","Igreja Colonial de Chinchero","Mirador de Chinchero","Mitos e lendas sobre Pisac","Pal\u00e1cio de Tupac Yupanqui","S\u00edtio Arqueol\u00f3gico de Chinchero","S\u00edtio Arqueol\u00f3gico de Pisac"],"articleSection":["Chinchero","Ollantaytambo","Pisac","Valle Sagrado de los Incas"],"inLanguage":"pt-BR","potentialAction":[{"@type":"CommentAction","name":"Comment","target":["https:\/\/www.salkantaytrilha.com\/blog\/vale-sagrado-dos-incas-as-montanhas-estao-chamando-por-voce\/#respond"]}]},{"@type":"WebPage","@id":"https:\/\/www.salkantaytrilha.com\/blog\/vale-sagrado-dos-incas-as-montanhas-estao-chamando-por-voce\/","url":"https:\/\/www.salkantaytrilha.com\/blog\/vale-sagrado-dos-incas-as-montanhas-estao-chamando-por-voce\/","name":"Vale Sagrado dos Incas: as montanhas est\u00e3o chamando por voc\u00ea!","isPartOf":{"@id":"https:\/\/www.salkantaytrilha.com\/blog\/#website"},"primaryImageOfPage":{"@id":"https:\/\/www.salkantaytrilha.com\/blog\/vale-sagrado-dos-incas-as-montanhas-estao-chamando-por-voce\/#primaryimage"},"image":{"@id":"https:\/\/www.salkantaytrilha.com\/blog\/vale-sagrado-dos-incas-as-montanhas-estao-chamando-por-voce\/#primaryimage"},"thumbnailUrl":"https:\/\/www.salkantaytrilha.com\/blog\/wp-content\/uploads\/2024\/10\/Vale-Sagrado-dos-Incas-montanhas-chamando-voce.jpg","datePublished":"2024-10-05T18:07:55+00:00","dateModified":"2026-03-02T15:07:01+00:00","description":"Descubra as maravilhas do Vale Sagrado dos Incas. Conhe\u00e7a os s\u00edtios arqueol\u00f3gicos e se encante com a hist\u00f3ria e cultura dessa regi\u00e3o encantadora.","breadcrumb":{"@id":"https:\/\/www.salkantaytrilha.com\/blog\/vale-sagrado-dos-incas-as-montanhas-estao-chamando-por-voce\/#breadcrumb"},"inLanguage":"pt-BR","potentialAction":[{"@type":"ReadAction","target":["https:\/\/www.salkantaytrilha.com\/blog\/vale-sagrado-dos-incas-as-montanhas-estao-chamando-por-voce\/"]}]},{"@type":"ImageObject","inLanguage":"pt-BR","@id":"https:\/\/www.salkantaytrilha.com\/blog\/vale-sagrado-dos-incas-as-montanhas-estao-chamando-por-voce\/#primaryimage","url":"https:\/\/www.salkantaytrilha.com\/blog\/wp-content\/uploads\/2024\/10\/Vale-Sagrado-dos-Incas-montanhas-chamando-voce.jpg","contentUrl":"https:\/\/www.salkantaytrilha.com\/blog\/wp-content\/uploads\/2024\/10\/Vale-Sagrado-dos-Incas-montanhas-chamando-voce.jpg","width":1873,"height":1249,"caption":"As famosas pedreiras de Pinkuylluna | Ollantaytambo"},{"@type":"BreadcrumbList","@id":"https:\/\/www.salkantaytrilha.com\/blog\/vale-sagrado-dos-incas-as-montanhas-estao-chamando-por-voce\/#breadcrumb","itemListElement":[{"@type":"ListItem","position":1,"name":"In\u00edcio","item":"https:\/\/www.salkantaytrilha.com\/blog\/"},{"@type":"ListItem","position":2,"name":"Vale Sagrado dos Incas: as montanhas est\u00e3o chamando por voc\u00ea!"}]},{"@type":"WebSite","@id":"https:\/\/www.salkantaytrilha.com\/blog\/#website","url":"https:\/\/www.salkantaytrilha.com\/blog\/","name":"informa\u00e7\u00f5es de viagens a Machu Picchu","description":"","publisher":{"@id":"https:\/\/www.salkantaytrilha.com\/blog\/#organization"},"potentialAction":[{"@type":"SearchAction","target":{"@type":"EntryPoint","urlTemplate":"https:\/\/www.salkantaytrilha.com\/blog\/?s={search_term_string}"},"query-input":{"@type":"PropertyValueSpecification","valueRequired":true,"valueName":"search_term_string"}}],"inLanguage":"pt-BR"},{"@type":"Organization","@id":"https:\/\/www.salkantaytrilha.com\/blog\/#organization","name":"informa\u00e7\u00f5es de viagens a Machu Picchu","url":"https:\/\/www.salkantaytrilha.com\/blog\/","logo":{"@type":"ImageObject","inLanguage":"pt-BR","@id":"https:\/\/www.salkantaytrilha.com\/blog\/#\/schema\/logo\/image\/","url":"https:\/\/www.salkantaytrilha.com\/blog\/wp-content\/uploads\/2024\/05\/salkantaytrekking-new-300x128-1.png","contentUrl":"https:\/\/www.salkantaytrilha.com\/blog\/wp-content\/uploads\/2024\/05\/salkantaytrekking-new-300x128-1.png","width":300,"height":128,"caption":"informa\u00e7\u00f5es de viagens a Machu Picchu"},"image":{"@id":"https:\/\/www.salkantaytrilha.com\/blog\/#\/schema\/logo\/image\/"},"sameAs":["https:\/\/www.facebook.com\/SalkantayTrekking\/","https:\/\/x.com\/salkantayperu","https:\/\/www.pinterest.com\/salkantaytrekking\/","https:\/\/www.instagram.com\/salkantaytrekking\/","https:\/\/www.youtube.com\/user\/salkantaytrekking","https:\/\/www.tiktok.com\/@salkantaytrekking"]},{"@type":"Person","@id":"https:\/\/www.salkantaytrilha.com\/blog\/#\/schema\/person\/aa0e6175beac59e6519e5407b3d13d0d","name":"Trilha Salkantay","image":{"@type":"ImageObject","inLanguage":"pt-BR","@id":"https:\/\/secure.gravatar.com\/avatar\/b41678a33c57a2bf0032b7c254611fc97caffd94ade0663405b364d1c0177d1d?s=96&d=mm&r=g","url":"https:\/\/secure.gravatar.com\/avatar\/b41678a33c57a2bf0032b7c254611fc97caffd94ade0663405b364d1c0177d1d?s=96&d=mm&r=g","contentUrl":"https:\/\/secure.gravatar.com\/avatar\/b41678a33c57a2bf0032b7c254611fc97caffd94ade0663405b364d1c0177d1d?s=96&d=mm&r=g","caption":"Trilha Salkantay"},"sameAs":["https:\/\/www.salkantaytrilha.com\/blog"]}]}},"_links":{"self":[{"href":"https:\/\/www.salkantaytrilha.com\/blog\/wp-json\/wp\/v2\/posts\/1089","targetHints":{"allow":["GET"]}}],"collection":[{"href":"https:\/\/www.salkantaytrilha.com\/blog\/wp-json\/wp\/v2\/posts"}],"about":[{"href":"https:\/\/www.salkantaytrilha.com\/blog\/wp-json\/wp\/v2\/types\/post"}],"author":[{"embeddable":true,"href":"https:\/\/www.salkantaytrilha.com\/blog\/wp-json\/wp\/v2\/users\/1"}],"replies":[{"embeddable":true,"href":"https:\/\/www.salkantaytrilha.com\/blog\/wp-json\/wp\/v2\/comments?post=1089"}],"version-history":[{"count":8,"href":"https:\/\/www.salkantaytrilha.com\/blog\/wp-json\/wp\/v2\/posts\/1089\/revisions"}],"predecessor-version":[{"id":5553,"href":"https:\/\/www.salkantaytrilha.com\/blog\/wp-json\/wp\/v2\/posts\/1089\/revisions\/5553"}],"wp:featuredmedia":[{"embeddable":true,"href":"https:\/\/www.salkantaytrilha.com\/blog\/wp-json\/wp\/v2\/media\/1107"}],"wp:attachment":[{"href":"https:\/\/www.salkantaytrilha.com\/blog\/wp-json\/wp\/v2\/media?parent=1089"}],"wp:term":[{"taxonomy":"category","embeddable":true,"href":"https:\/\/www.salkantaytrilha.com\/blog\/wp-json\/wp\/v2\/categories?post=1089"},{"taxonomy":"post_tag","embeddable":true,"href":"https:\/\/www.salkantaytrilha.com\/blog\/wp-json\/wp\/v2\/tags?post=1089"}],"curies":[{"name":"wp","href":"https:\/\/api.w.org\/{rel}","templated":true}]}}