{"id":1275,"date":"2025-06-10T12:26:52","date_gmt":"2025-06-10T15:26:52","guid":{"rendered":"https:\/\/www.salkantaytrilha.com\/blog\/?p=1275"},"modified":"2026-03-02T12:03:59","modified_gmt":"2026-03-02T15:03:59","slug":"corpus-christi-em-cusco-uma-festa-de-tradicao-e-fe","status":"publish","type":"post","link":"https:\/\/www.salkantaytrilha.com\/blog\/corpus-christi-em-cusco-uma-festa-de-tradicao-e-fe\/","title":{"rendered":"Corpus Christi em Cusco: Uma Festa de Tradi\u00e7\u00e3o e F\u00e9"},"content":{"rendered":"\n<p>Todos os anos, a cidade de Cusco se enche de cor e devo\u00e7\u00e3o para celebrar o Corpus Christi, uma das festividades religiosas mais importantes do calend\u00e1rio local. Essa tradi\u00e7\u00e3o, profundamente enraizada na hist\u00f3ria do Peru, \u00e9 um exemplo claro do sincretismo entre a heran\u00e7a cat\u00f3lica trazida pelos espanh\u00f3is e as cren\u00e7as andinas.<\/p>\n\n\n\n<p>Durante essa celebra\u00e7\u00e3o, milhares de fi\u00e9is e visitantes de diferentes partes do mundo chegam a Cusco para participar das prociss\u00f5es, missas e rituais que d\u00e3o vida a essa ocasi\u00e3o t\u00e3o especial.<\/p>\n\n\n\n<figure class=\"wp-block-image size-full\"><img loading=\"lazy\" decoding=\"async\" width=\"1000\" height=\"651\" src=\"https:\/\/www.salkantaytrilha.com\/blog\/wp-content\/uploads\/2024\/10\/Octave-Corpus-Christi-Festival-Cusco.jpg\" alt=\"Octava do Festival de Corpus Christi em Cusco.\" class=\"wp-image-1278\"\/><figcaption class=\"wp-element-caption\">Octava do Festival de Corpus Christi em Cusco.<\/figcaption><\/figure>\n\n\n\n<div class=\"wp-block-rank-math-toc-block anchor-links\"><ul><li><a href=\"#h-origens\" >Origens<\/a><\/li><li><a href=\"#h-corpus-christi-hoje\" >Corpus Christi Hoje<\/a><\/li><li><a href=\"#h-quando-se-celebra-o-corpus-christi\" >Quando se celebra o Corpus Christi?<\/a><\/li><li><a href=\"#h-quais-sao-os-santos-que-participam-desta-celebracao\" >Quais s\u00e3o os santos que participam desta celebra\u00e7\u00e3o?<\/a><ul><li><a href=\"#h-santo-antao-abade\" >Santo Ant\u00e3o Abade<\/a><\/li><li><a href=\"#h-sao-jeronimo\" >S\u00e3o Jer\u00f4nimo<\/a><\/li><li><a href=\"#h-sao-cristovao\" >S\u00e3o Crist\u00f3v\u00e3o<\/a><\/li><li><a href=\"#h-sao-sebastiao\" >S\u00e3o Sebasti\u00e3o<\/a><\/li><li><a href=\"#h-santa-barbara\" >Santa B\u00e1rbara<\/a><\/li><li><a href=\"#h-santa-ana\" >Santa Ana<\/a><\/li><li><a href=\"#h-sao-tiago-apostolo\" >S\u00e3o Tiago Ap\u00f3stolo<\/a><\/li><li><a href=\"#h-sao-bras\" >S\u00e3o Br\u00e1s<\/a><\/li><li><a href=\"#h-sao-pedro\" >S\u00e3o Pedro<\/a><\/li><li><a href=\"#h-sao-jose\" >S\u00e3o Jos\u00e9<\/a><\/li><li><a href=\"#h-virgem-da-natividade\" >Virgem da Natividade<\/a><\/li><li><a href=\"#h-virgem-dos-remedios\" >Virgem dos Rem\u00e9dios<\/a><\/li><li><a href=\"#h-virgem-purificada\" >Virgem Purificada<\/a><\/li><li><a href=\"#h-virgem-de-belem\" >Virgem de Bel\u00e9m<\/a><\/li><li><a href=\"#h-virgem-imaculada\" >Virgem Imaculada<\/a><\/li><\/ul><\/li><li><a href=\"#h-costumes-tradicionais\" >Costumes tradicionais<\/a><\/li><li><a href=\"#h-dicas-para-aproveitar-ao-maximo-o-corpus-christi-em-cusco\" >Dicas para aproveitar ao m\u00e1ximo o Corpus Christi em Cusco<\/a><\/li><li><a href=\"#h-celebracoes-e-tradicoes-que-tornam-cusco-unica\" >Celebra\u00e7\u00f5es e tradi\u00e7\u00f5es que tornam Cusco \u00fanica<\/a><\/li><li><a href=\"#h-perguntas-frequentes-sobre-o-corpus-christi-em-cusco\" >Perguntas frequentes sobre o Corpus Christi em Cusco<\/a><\/li><li><a href=\"#h-pode-te-interessar\" >Pode te interessar :<\/a><\/li><\/nav><\/ul><\/div>\n\n\n\n<h2 class=\"wp-block-heading\" id=\"h-origens\">Origens<\/h2>\n\n\n\n<p>O Corpus Christi chegou a Cusco com os espanh\u00f3is durante o per\u00edodo colonial, no s\u00e9culo XVI, como parte do processo de evangeliza\u00e7\u00e3o. Diz-se que a primeira celebra\u00e7\u00e3o ocorreu na d\u00e9cada de 1530, poucos anos ap\u00f3s a funda\u00e7\u00e3o espanhola da cidade. Essa festividade cat\u00f3lica substituiu um antigo costume inca, no qual se realizavam prociss\u00f5es com as <em>mallquis<\/em>, as \u201cm\u00famias de importantes governantes e nobres\u201d, que eram veneradas onde hoje est\u00e1 a Plaza de Armas.<\/p>\n\n\n\n<p>Os espanh\u00f3is viram nessa pr\u00e1tica uma oportunidade de introduzir o catolicismo e, com o tempo, as m\u00famias foram substitu\u00eddas por imagens de santos e virgens. Assim nasceu uma nova tradi\u00e7\u00e3o que uniu as cren\u00e7as andinas com a f\u00e9 cat\u00f3lica.<\/p>\n\n\n\n<h2 class=\"wp-block-heading\" id=\"h-corpus-christi-hoje\">Corpus Christi Hoje<\/h2>\n\n\n\n<p>Atualmente, essa festividade continua sendo uma tradi\u00e7\u00e3o cat\u00f3lica transmitida de gera\u00e7\u00e3o em gera\u00e7\u00e3o com profunda devo\u00e7\u00e3o. Os fi\u00e9is seguem acompanhando com fervor os santos e virgens durante as prociss\u00f5es, enquanto as pra\u00e7as e ruas do centro hist\u00f3rico se vestem de gala, criando um ambiente que mistura tradi\u00e7\u00e3o e celebra\u00e7\u00e3o.<\/p>\n\n\n\n<p>Desde 6 de agosto de 2004, o Corpus Christi em Cusco \u00e9 considerado Patrim\u00f4nio Cultural da Na\u00e7\u00e3o. Essa distin\u00e7\u00e3o reconhece a festividade como uma das express\u00f5es mais significativas da cultura peruana e uma fonte viva de identidade nacional.<\/p>\n\n\n\n<h2 class=\"wp-block-heading\" id=\"h-quando-se-celebra-o-corpus-christi\">Quando se celebra o Corpus Christi?<\/h2>\n\n\n\n<p>A celebra\u00e7\u00e3o do Corpus Christi acontece entre maio e junho, nove semanas ap\u00f3s a Quinta-feira Santa, conforme o calend\u00e1rio cat\u00f3lico. Em 2025, essa emblem\u00e1tica festividade ser\u00e1 celebrada na quinta-feira, 19 de junho. Como todos os anos, espera-se a chegada de milhares de fi\u00e9is e visitantes que participam com fervor das prociss\u00f5es de cada santo, missas e diversas tradi\u00e7\u00f5es que mant\u00eam viva essa express\u00e3o cultural e espiritual.<\/p>\n\n\n\n<p>Antes do dia principal, as imagens dos santos e virgens das diferentes par\u00f3quias s\u00e3o levadas em prociss\u00e3o at\u00e9 a igreja de Santa Clara. A partir dali, seguem em dire\u00e7\u00e3o \u00e0 Catedral de Cusco, onde permanecem durante oito dias.<\/p>\n\n\n\n<p>Segundo a tradi\u00e7\u00e3o popular, acredita-se que, durante esses dias, as imagens se re\u00fanem entre si, conversam, atualizam-se e compartilham o que aconteceu em suas respectivas igrejas ou bairros.<\/p>\n\n\n\n<h2 class=\"wp-block-heading\" id=\"h-quais-sao-os-santos-que-participam-desta-celebracao\">Quais s\u00e3o os santos que participam desta celebra\u00e7\u00e3o?<\/h2>\n\n\n\n<p>Ao longo da celebra\u00e7\u00e3o do Corpus Christi em Cusco, s\u00e3o venerados quinze santos, santas e virgens, cada um com sua pr\u00f3pria hist\u00f3ria e significado. A prociss\u00e3o das imagens, acompanhada por dan\u00e7as tradicionais, representa uma fus\u00e3o \u00fanica entre a religi\u00e3o cat\u00f3lica e os antigos costumes do mundo andino. Essa festividade reflete a rica diversidade cultural da regi\u00e3o.<\/p>\n\n\n\n<p>Durante a prociss\u00e3o, essas imagens percorrem as ruas do centro hist\u00f3rico, sendo o centro das aten\u00e7\u00f5es da celebra\u00e7\u00e3o. Conhe\u00e7a cada um dos santos e virgens que participam dessa tradi\u00e7\u00e3o cusquenha:<\/p>\n\n\n\n<h3 class=\"wp-block-heading\" id=\"h-santo-antao-abade\">Santo Ant\u00e3o Abade<\/h3>\n\n\n\n<p>Patrono dos animais e dos agricultores, nasceu no Egito no s\u00e9culo III. Retirou-se para o deserto para levar uma vida de devo\u00e7\u00e3o e penit\u00eancia. \u00c0 ele s\u00e3o atribu\u00eddos numerosos milagres, incluindo a sua capacidade de se comunicar com os animais.<\/p>\n\n\n\n<figure class=\"wp-block-image size-full\"><img loading=\"lazy\" decoding=\"async\" width=\"1024\" height=\"683\" src=\"https:\/\/www.salkantaytrilha.com\/blog\/wp-content\/uploads\/2024\/10\/San-Antonio-Abad-Saint-Anthony-the-Abbot-1024x683-1.jpg\" alt=\"S\u00e3o Ant\u00f4nio Abade \/ Santo Ant\u00f4nio, o Abade.\" class=\"wp-image-1279\"\/><figcaption class=\"wp-element-caption\">S\u00e3o Ant\u00f4nio Abade \/ Santo Ant\u00f4nio, o Abade.<\/figcaption><\/figure>\n\n\n\n<h3 class=\"wp-block-heading\" id=\"h-sao-jeronimo\">S\u00e3o Jer\u00f4nimo<\/h3>\n\n\n\n<p>Sacerdote e eremita, que viveu no deserto da Palestina, no s\u00e9culo IV. \u00c9 conhecido por sua tradu\u00e7\u00e3o da B\u00edblia para o latim, conhecida como a Vulgata, e \u00e9 venerado como o patrono dos estudiosos e tradutores.<\/p>\n\n\n\n<div class=\"wp-block-columns is-layout-flex wp-container-core-columns-is-layout-9d6595d7 wp-block-columns-is-layout-flex\">\n<div class=\"wp-block-column is-layout-flow wp-block-column-is-layout-flow\">\n<figure class=\"wp-block-image size-full\"><img loading=\"lazy\" decoding=\"async\" width=\"800\" height=\"1000\" src=\"https:\/\/www.salkantaytrilha.com\/blog\/wp-content\/uploads\/2024\/10\/San-Jeronimo.jpg\" alt=\"S\u00e3o Jer\u00f4nimo \/ Santo Jer\u00f4nimo.\" class=\"wp-image-1280\"\/><figcaption class=\"wp-element-caption\">S\u00e3o Jer\u00f4nimo \/ Santo Jer\u00f4nimo.<\/figcaption><\/figure>\n<\/div>\n\n\n\n<div class=\"wp-block-column is-layout-flow wp-block-column-is-layout-flow\">\n<figure class=\"wp-block-image size-full\"><img loading=\"lazy\" decoding=\"async\" width=\"800\" height=\"1000\" src=\"https:\/\/www.salkantaytrilha.com\/blog\/wp-content\/uploads\/2024\/10\/San-Jeronimo-Saint-Jerome.jpg\" alt=\"S\u00e3o Jer\u00f4nimo\" class=\"wp-image-1281\"\/><figcaption class=\"wp-element-caption\">S\u00e3o Jer\u00f4nimo<\/figcaption><\/figure>\n<\/div>\n<\/div>\n\n\n\n<h3 class=\"wp-block-heading\" id=\"h-sao-cristovao\">S\u00e3o Crist\u00f3v\u00e3o<\/h3>\n\n\n\n<p>\u00c9 venerado como o patrono dos viajantes e transportadores. Segundo a lenda, ajudou Cristo a atravessar um rio, carregando-o sobre os ombros. \u00c9 invocado para proteger os viajantes em seus deslocamentos.<\/p>\n\n\n\n<div class=\"wp-block-columns is-layout-flex wp-container-core-columns-is-layout-9d6595d7 wp-block-columns-is-layout-flex\">\n<div class=\"wp-block-column is-layout-flow wp-block-column-is-layout-flow\">\n<figure class=\"wp-block-image size-full\"><img loading=\"lazy\" decoding=\"async\" width=\"800\" height=\"1000\" src=\"https:\/\/www.salkantaytrilha.com\/blog\/wp-content\/uploads\/2024\/10\/San-Cristobal-in-Traditional-Corpus-Christi.jpg\" alt=\"S\u00e3o Crist\u00f3v\u00e3o no Corpus Christi Tradicional.\" class=\"wp-image-1282\"\/><figcaption class=\"wp-element-caption\">S\u00e3o Crist\u00f3v\u00e3o no Corpus Christi Tradicional.<\/figcaption><\/figure>\n<\/div>\n\n\n\n<div class=\"wp-block-column is-layout-flow wp-block-column-is-layout-flow\">\n<figure class=\"wp-block-image size-full\"><img loading=\"lazy\" decoding=\"async\" width=\"800\" height=\"1000\" src=\"https:\/\/www.salkantaytrilha.com\/blog\/wp-content\/uploads\/2024\/10\/San-Cristobal-Saint-Christopher.jpg\" alt=\"S\u00e3o Crist\u00f3v\u00e3o \/ Santo Crist\u00f3v\u00e3o.\" class=\"wp-image-1283\"\/><figcaption class=\"wp-element-caption\">S\u00e3o Crist\u00f3v\u00e3o \/ Santo Crist\u00f3v\u00e3o.<\/figcaption><\/figure>\n<\/div>\n<\/div>\n\n\n\n<h3 class=\"wp-block-heading\" id=\"h-sao-sebastiao\">S\u00e3o Sebasti\u00e3o<\/h3>\n\n\n\n<p>Foi um soldado romano que se converteu ao cristianismo, e foi martirizado por sua f\u00e9 no s\u00e9culo III. \u00c9 venerado como o patrono dos arqueiros e soldados.<\/p>\n\n\n\n<div class=\"wp-block-columns is-layout-flex wp-container-core-columns-is-layout-9d6595d7 wp-block-columns-is-layout-flex\">\n<div class=\"wp-block-column is-layout-flow wp-block-column-is-layout-flow\">\n<figure class=\"wp-block-image size-full\"><img loading=\"lazy\" decoding=\"async\" width=\"800\" height=\"1000\" src=\"https:\/\/www.salkantaytrilha.com\/blog\/wp-content\/uploads\/2024\/10\/San-Sebastian-Traditional-Corpus-Christi.jpg\" alt=\"S\u00e3o Sebasti\u00e3o no Corpus Christi Tradicional.\" class=\"wp-image-1289\"\/><figcaption class=\"wp-element-caption\">S\u00e3o Sebasti\u00e3o no Corpus Christi Tradicional.<\/figcaption><\/figure>\n<\/div>\n\n\n\n<div class=\"wp-block-column is-layout-flow wp-block-column-is-layout-flow\">\n<figure class=\"wp-block-image size-full\"><img loading=\"lazy\" decoding=\"async\" width=\"800\" height=\"1000\" src=\"https:\/\/www.salkantaytrilha.com\/blog\/wp-content\/uploads\/2024\/10\/San-Sebastian-Saint-Sebastian.jpg\" alt=\"S\u00e3o Sebasti\u00e3o \/ Santo Sebasti\u00e3o.\" class=\"wp-image-1290\"\/><figcaption class=\"wp-element-caption\">S\u00e3o Sebasti\u00e3o \/ Santo Sebasti\u00e3o.<\/figcaption><\/figure>\n<\/div>\n<\/div>\n\n\n\n<h3 class=\"wp-block-heading\" id=\"h-santa-barbara\">Santa B\u00e1rbara<\/h3>\n\n\n\n<p>Diz-se que foi encarcerada e torturada por sua f\u00e9, e finalmente martirizada por se recusar a renunciar ao cristianismo. Foi uma jovem crist\u00e3 que viveu no s\u00e9culo III. \u00c9 venerada como a patrona dos artilheiros, e protetora contra os perigos.<\/p>\n\n\n\n<figure class=\"wp-block-image size-full\"><img loading=\"lazy\" decoding=\"async\" width=\"1024\" height=\"683\" src=\"https:\/\/www.salkantaytrilha.com\/blog\/wp-content\/uploads\/2024\/10\/Santa-Barbara-Saint-Barbara-1024x683-1.jpg\" alt=\"Santa B\u00e1rbara \/ Santa B\u00e1rbara.\" class=\"wp-image-1291\"\/><figcaption class=\"wp-element-caption\">Santa B\u00e1rbara \/ Santa B\u00e1rbara.<\/figcaption><\/figure>\n\n\n\n<h3 class=\"wp-block-heading\" id=\"h-santa-ana\">Santa Ana<\/h3>\n\n\n\n<p>Foi m\u00e3e da Virgem Maria, e av\u00f3 de Jesus. No entanto, ela n\u00e3o \u00e9 mencionada diretamente na B\u00edblia, mas seu culto se desenvolveu ao longo dos s\u00e9culos, a partir de escritos ap\u00f3crifos e tradi\u00e7\u00f5es orais. \u00c9 venerada como patrona de v\u00e1rias causas, incluindo mulheres gr\u00e1vidas, av\u00f3s e carpinteiros.<\/p>\n\n\n\n<figure class=\"wp-block-image size-full\"><img loading=\"lazy\" decoding=\"async\" width=\"1024\" height=\"683\" src=\"https:\/\/www.salkantaytrilha.com\/blog\/wp-content\/uploads\/2024\/10\/Santa-Ana-Saint-Anne-1024x683-2.jpg\" alt=\"Santa Ana \/ Santa Ana.\" class=\"wp-image-1293\"\/><figcaption class=\"wp-element-caption\">Santa Ana \/ Santa Ana.<\/figcaption><\/figure>\n\n\n\n<h3 class=\"wp-block-heading\" id=\"h-sao-tiago-apostolo\">S\u00e3o Tiago Ap\u00f3stolo<\/h3>\n\n\n\n<p>Tamb\u00e9m conhecido como Santiago Maior, foi um dos doze ap\u00f3stolos de Jesus Cristo. Segundo a tradi\u00e7\u00e3o crist\u00e3, tornou-se um l\u00edder importante na igreja primitiva. Pregou o cristianismo na Espanha, antes de retornar a Jerusal\u00e9m, onde foi martirizado.<\/p>\n\n\n\n<div class=\"wp-block-columns is-layout-flex wp-container-core-columns-is-layout-9d6595d7 wp-block-columns-is-layout-flex\">\n<div class=\"wp-block-column is-layout-flow wp-block-column-is-layout-flow\">\n<figure class=\"wp-block-image size-full\"><img loading=\"lazy\" decoding=\"async\" width=\"800\" height=\"1000\" src=\"https:\/\/www.salkantaytrilha.com\/blog\/wp-content\/uploads\/2024\/10\/Santiago-Apostol-Corpus-Christi.jpg\" alt=\"Santiago Ap\u00f3stolo \/ S\u00e3o Tiago, o Ap\u00f3stolo.\" class=\"wp-image-1294\"\/><figcaption class=\"wp-element-caption\">Santiago Ap\u00f3stolo \/ S\u00e3o Tiago, o Ap\u00f3stolo.<\/figcaption><\/figure>\n<\/div>\n\n\n\n<div class=\"wp-block-column is-layout-flow wp-block-column-is-layout-flow\">\n<figure class=\"wp-block-image size-full\"><img loading=\"lazy\" decoding=\"async\" width=\"800\" height=\"1000\" src=\"https:\/\/www.salkantaytrilha.com\/blog\/wp-content\/uploads\/2024\/10\/Santiago-Apostol-Saint-James-the-Apostle.jpg\" alt=\"Santiago Ap\u00f3stolo \" class=\"wp-image-1295\"\/><figcaption class=\"wp-element-caption\">Santiago Ap\u00f3stolo <\/figcaption><\/figure>\n<\/div>\n<\/div>\n\n\n\n<h3 class=\"wp-block-heading\" id=\"h-sao-bras\">S\u00e3o Br\u00e1s<\/h3>\n\n\n\n<p>Foi m\u00e9dico e bispo na Arm\u00eania, durante os primeiros s\u00e9culos do cristianismo. A ele \u00e9 atribu\u00eddo o milagre de curar um menino que estava sufocando com uma espinha de peixe na garganta, tornando-se o patrono dos doentes da garganta.<\/p>\n\n\n\n<figure class=\"wp-block-image size-full is-resized\"><img loading=\"lazy\" decoding=\"async\" width=\"1024\" height=\"683\" src=\"https:\/\/www.salkantaytrilha.com\/blog\/wp-content\/uploads\/2024\/10\/San-Blas-Saint-Blaise-1024x683-1.jpg\" alt=\"S\u00e3o Blas \/ Santo Blas.\" class=\"wp-image-1296\" style=\"width:840px;height:auto\"\/><figcaption class=\"wp-element-caption\">S\u00e3o Blas \/ Santo Blas.<\/figcaption><\/figure>\n\n\n\n<h3 class=\"wp-block-heading\" id=\"h-sao-pedro\">S\u00e3o Pedro<\/h3>\n\n\n\n<p>Foi um dos doze ap\u00f3stolos de Jesus Cristo e \u00e9 considerado o primeiro papa da Igreja Cat\u00f3lica. \u00c9 venerado como o patrono dos pescadores e da Igreja Cat\u00f3lica, e \u00e9 conhecido por seu papel de lideran\u00e7a na difus\u00e3o do cristianismo primitivo.<\/p>\n\n\n\n<figure class=\"wp-block-image size-full\"><img loading=\"lazy\" decoding=\"async\" width=\"1024\" height=\"683\" src=\"https:\/\/www.salkantaytrilha.com\/blog\/wp-content\/uploads\/2024\/10\/San-Pedro-Saint-Peter-1024x683-1.jpg\" alt=\"S\u00e3o Pedro \/ Santo Pedro.\" class=\"wp-image-1297\"\/><figcaption class=\"wp-element-caption\">S\u00e3o Pedro \/ Santo Pedro.<\/figcaption><\/figure>\n\n\n\n<h3 class=\"wp-block-heading\" id=\"h-sao-jose\">S\u00e3o Jos\u00e9<\/h3>\n\n\n\n<p>A figura de San Jos\u00e9 \u00e9 mais proeminente no Evangelho de Mateus, onde se relata seu papel como esposo de Maria e pai adotivo de Jesus. \u00c9 descrito como um homem piedoso que obedeceu \u00e0s instru\u00e7\u00f5es divinas recebidas em sonhos.<\/p>\n\n\n\n<figure class=\"wp-block-image size-full\"><img loading=\"lazy\" decoding=\"async\" width=\"1024\" height=\"683\" src=\"https:\/\/www.salkantaytrilha.com\/blog\/wp-content\/uploads\/2024\/10\/San-Jose-Saint-Joseph-1024x683-1.jpg\" alt=\"S\u00e3o Jos\u00e9 \/ Santo Jos\u00e9.\" class=\"wp-image-1300\"\/><figcaption class=\"wp-element-caption\">S\u00e3o Jos\u00e9 \/ Santo Jos\u00e9.<\/figcaption><\/figure>\n\n\n\n<h3 class=\"wp-block-heading\" id=\"h-virgem-da-natividade\">Virgem da Natividade<\/h3>\n\n\n\n<p>Sua representa\u00e7\u00e3o art\u00edstica tem sido uma fonte de inspira\u00e7\u00e3o para artistas e fi\u00e9is, ao longo dos s\u00e9culos. Muitas vezes, \u00e9 retratada como uma m\u00e3e amorosa segurando seu rec\u00e9m-nascido, rodeada de pastores e anjos, que celebram a chegada de Jesus.<\/p>\n\n\n\n<figure class=\"wp-block-image size-full\"><img loading=\"lazy\" decoding=\"async\" width=\"1024\" height=\"682\" src=\"https:\/\/www.salkantaytrilha.com\/blog\/wp-content\/uploads\/2024\/10\/virgenNatividad-8-1024x682-1.jpg\" alt=\"Virgem da Natividade.\" class=\"wp-image-1301\"\/><figcaption class=\"wp-element-caption\">Virgem da Natividade.<\/figcaption><\/figure>\n\n\n\n<h3 class=\"wp-block-heading\" id=\"h-virgem-dos-remedios\">Virgem dos Rem\u00e9dios<\/h3>\n\n\n\n<p>Sua hist\u00f3ria est\u00e1 estreitamente relacionada com a evangeliza\u00e7\u00e3o dos povos ind\u00edgenas da Am\u00e9rica. Esta imagem, \u00e9 uma invoca\u00e7\u00e3o mariana venerada na Igreja Cat\u00f3lica, associada \u00e0 prote\u00e7\u00e3o e intercess\u00e3o em momentos de dificuldade, sendo uma fonte de conforto e esperan\u00e7a.<\/p>\n\n\n\n<figure class=\"wp-block-image size-full\"><img loading=\"lazy\" decoding=\"async\" width=\"1024\" height=\"683\" src=\"https:\/\/www.salkantaytrilha.com\/blog\/wp-content\/uploads\/2024\/10\/Virgen-de-los-Remedios-Virgin-of-Remedies-1024x683-1.jpg\" alt=\"Virgem dos Rem\u00e9dios.\" class=\"wp-image-1302\"\/><figcaption class=\"wp-element-caption\">Virgem dos Rem\u00e9dios.<\/figcaption><\/figure>\n\n\n\n<h3 class=\"wp-block-heading\" id=\"h-virgem-purificada\">Virgem Purificada<\/h3>\n\n\n\n<p>\u00c9 considerada um modelo de vida crist\u00e3 para aqueles que buscam imitar sua dedica\u00e7\u00e3o. Conta-se que Joaquim e Ana, pais de Maria, est\u00e9reis por muito tempo, a conceberam de maneira milagrosa. Em gratid\u00e3o, dedicaram sua filha ao servi\u00e7o de Deus, e a levaram ao Templo, quando tinha apenas tr\u00eas anos.<\/p>\n\n\n\n<figure class=\"wp-block-image size-full\"><img loading=\"lazy\" decoding=\"async\" width=\"1024\" height=\"683\" src=\"https:\/\/www.salkantaytrilha.com\/blog\/wp-content\/uploads\/2024\/10\/Virgen-Purificada-Purified-Virgin-1024x683-1.jpg\" alt=\"Virgem Purificada.\" class=\"wp-image-1303\"\/><figcaption class=\"wp-element-caption\">Virgem Purificada.<\/figcaption><\/figure>\n\n\n\n<h3 class=\"wp-block-heading\" id=\"h-virgem-de-belem\">Virgem de Bel\u00e9m<\/h3>\n\n\n\n<p>Tamb\u00e9m conhecida como Mamacha Bel\u00e9m, \u00e9 considerada uma m\u00e3e amorosa e compassiva, que intercede por seus filhos, diante de Deus. Segundo a tradi\u00e7\u00e3o, a devo\u00e7\u00e3o a esta Virgem originou-se em Cajamarca, no norte do Peru, pois sua imagem foi encontrada, por um pastor local, no &#8220;Cerro de Bel\u00e9n&#8221;, no s\u00e9culo XVI.<\/p>\n\n\n\n<figure class=\"wp-block-image size-full\"><img loading=\"lazy\" decoding=\"async\" width=\"1024\" height=\"683\" src=\"https:\/\/www.salkantaytrilha.com\/blog\/wp-content\/uploads\/2024\/10\/Virgen-de-Belen-The-Virgin-of-Bethlehem-1024x683-1.jpg\" alt=\"Virgem de Bel\u00e9m, Cusco.\" class=\"wp-image-1304\"\/><figcaption class=\"wp-element-caption\">Virgem de Bel\u00e9m, Cusco.<\/figcaption><\/figure>\n\n\n\n<h3 class=\"wp-block-heading\" id=\"h-virgem-imaculada\">Virgem Imaculada<\/h3>\n\n\n\n<p>Conhecida carinhosamente como &#8220;La Linda&#8221; por sua beleza e pureza espiritual, esta imagem \u00e9 venerada como um exemplo de gra\u00e7a e santidade para os fi\u00e9is cat\u00f3licos. Muitas vezes, \u00e9 retratada como uma figura celestial, rodeada de estrelas e com uma lua sob seus p\u00e9s, simbolizando sua vit\u00f3ria sobre o mal.<\/p>\n\n\n\n<figure class=\"wp-block-image size-full\"><img loading=\"lazy\" decoding=\"async\" width=\"1024\" height=\"683\" src=\"https:\/\/www.salkantaytrilha.com\/blog\/wp-content\/uploads\/2024\/10\/Virgen-Inmaculada-Concepcion-Immaculate-Conception-Virgin-1024x683-1.jpg\" alt=\"Virgem Imaculada Concei\u00e7\u00e3o.\" class=\"wp-image-1305\"\/><figcaption class=\"wp-element-caption\">Virgem Imaculada Concei\u00e7\u00e3o.<\/figcaption><\/figure>\n\n\n\n<h2 class=\"wp-block-heading\" id=\"h-costumes-tradicionais\">Costumes tradicionais<\/h2>\n\n\n\n<p><strong>Venda de pratos t\u00edpicos<\/strong> \u2013 Durante a festividade do Corpus Christi, as pra\u00e7as e ruas pr\u00f3ximas ao centro hist\u00f3rico de Cusco ganham vida com a venda do tradicional e aclamado <em>Chiriuchu<\/em>, o prato emblem\u00e1tico que acompanha esta importante celebra\u00e7\u00e3o. Al\u00e9m disso, \u00e9 comum encontrar uma grande variedade de com\u00e9rcio ambulante, com produtos como frutas da esta\u00e7\u00e3o, artesanatos e roupas.<\/p>\n\n\n\n<p><strong>O Chiriuchu<\/strong> \u2013 Este prato tradicional da gastronomia cusquenha est\u00e1 intimamente ligado \u00e0s celebra\u00e7\u00f5es do Corpus Christi. O termo <em>Chiriuchu<\/em> vem do qu\u00e9chua e, embora n\u00e3o haja um consenso \u00fanico, alguns o traduzem como &#8220;picante frio&#8221;, enquanto outros interpretam como &#8220;mistura fria&#8221;.<\/p>\n\n\n\n<div class=\"wp-block-columns is-layout-flex wp-container-core-columns-is-layout-9d6595d7 wp-block-columns-is-layout-flex\">\n<div class=\"wp-block-column is-layout-flow wp-block-column-is-layout-flow\">\n<figure class=\"wp-block-image size-full\"><img loading=\"lazy\" decoding=\"async\" width=\"800\" height=\"1000\" src=\"https:\/\/www.salkantaytrilha.com\/blog\/wp-content\/uploads\/2024\/10\/Tourist-eating-typical-dish-Cusco-Chiriucho.jpg\" alt=\"Turista comendo o prato t\u00edpico de Cusco, o Chiriucho.\" class=\"wp-image-1306\"\/><figcaption class=\"wp-element-caption\">Turista comendo o prato t\u00edpico de Cusco, o Chiriucho.<\/figcaption><\/figure>\n<\/div>\n\n\n\n<div class=\"wp-block-column is-layout-flow wp-block-column-is-layout-flow\">\n<figure class=\"wp-block-image size-full\"><img loading=\"lazy\" decoding=\"async\" width=\"800\" height=\"1000\" src=\"https:\/\/www.salkantaytrilha.com\/blog\/wp-content\/uploads\/2024\/10\/Chiriuchu-Gastronomic-Festival-1.jpg\" alt=\"Festival Gastron\u00f4mico de Chiriuchu.\" class=\"wp-image-1308\"\/><figcaption class=\"wp-element-caption\">Festival Gastron\u00f4mico de Chiriuchu.<\/figcaption><\/figure>\n<\/div>\n<\/div>\n\n\n\n<p><strong>Um prato tradicional de sabores variados<\/strong> \u2013 O Chiriuchu se destaca por sua combina\u00e7\u00e3o de ingredientes representativos de diferentes regi\u00f5es do Peru, refletindo a diversidade e riqueza cultural do pa\u00eds. Entre seus principais componentes est\u00e3o o cuy (porquinho-da-\u00edndia), <em>chalona<\/em> (carne seca), frango, tortilla de milho, lingui\u00e7a, <em>cochayuyo<\/em> (alga marinha), milho tostado e ovas de peixe, tamb\u00e9m conhecidas como <em>cau-cau<\/em>. Essa mistura de sabores frios e levemente picantes faz do Chiriuchu uma experi\u00eancia culin\u00e1ria \u00fanica e parte essencial da tradi\u00e7\u00e3o de Cusco.<\/p>\n\n\n\n<p><strong>Oitava do Corpus<\/strong> \u2013 Ap\u00f3s a b\u00ean\u00e7\u00e3o dos fi\u00e9is, as imagens permanecem na Catedral de Cusco por oito dias. Em seguida, ocorre a tradicional \u201cOitava do Corpus Christi\u201d, momento em que a festividade se renova. As ruas do centro hist\u00f3rico voltam a se encher de cor e fervor com o retorno dos santos \u00e0s suas respectivas par\u00f3quias.<\/p>\n\n\n\n<div class=\"wp-block-columns is-layout-flex wp-container-core-columns-is-layout-9d6595d7 wp-block-columns-is-layout-flex\">\n<div class=\"wp-block-column is-layout-flow wp-block-column-is-layout-flow\">\n<figure class=\"wp-block-image size-full\"><img loading=\"lazy\" decoding=\"async\" width=\"800\" height=\"1000\" src=\"https:\/\/www.salkantaytrilha.com\/blog\/wp-content\/uploads\/2024\/10\/Typical-Dances-Parades-Cusco.jpg\" alt=\"Dan\u00e7as T\u00edpicas de Cusco.\" class=\"wp-image-1314\"\/><figcaption class=\"wp-element-caption\">Dan\u00e7as T\u00edpicas de Cusco.<\/figcaption><\/figure>\n<\/div>\n\n\n\n<div class=\"wp-block-column is-layout-flow wp-block-column-is-layout-flow\">\n<figure class=\"wp-block-image size-full\"><img loading=\"lazy\" decoding=\"async\" width=\"800\" height=\"1000\" src=\"https:\/\/www.salkantaytrilha.com\/blog\/wp-content\/uploads\/2024\/10\/parade-dances-imperial-city-Cusco.jpg\" alt=\"\nDan\u00e7arinos das festividades de Cusco.\" class=\"wp-image-1315\"\/><figcaption class=\"wp-element-caption\">Dan\u00e7arinos das festividades de Cusco.<\/figcaption><\/figure>\n<\/div>\n<\/div>\n\n\n\n<p><strong>Dan\u00e7as tradicionais<\/strong> \u2013 Durante essa celebra\u00e7\u00e3o, s\u00e3o apresentadas diversas dan\u00e7as t\u00edpicas como <em>Mestiza Qoyacha<\/em>, <em>Contradanza<\/em> e <em>Capaq Qoya<\/em>, entre outras, que percorrem as ruas com m\u00fasica, cor e movimento. A popula\u00e7\u00e3o se diverte com as travessuras dos sempre presentes e alegres <em>Chunchus<\/em>, <em>Qollas<\/em> e <em>Ukukus<\/em> (tamb\u00e9m conhecidos como <em>Pabluchas<\/em> ou \u201chomens-urso\u201d), cujas vestimentas representam personagens tradicionais do imagin\u00e1rio andino.<\/p>\n\n\n\n<p><strong>Competi\u00e7\u00e3o de bandas e comparsas<\/strong> \u2013 M\u00fasicos de diferentes bairros acompanham com entusiasmo suas dan\u00e7as, gerando uma animada competi\u00e7\u00e3o entre as bandas presentes. Cada <em>comparsas<\/em> e orquestra celebra essa festa \u00e0 sua maneira, enchendo as ruas de ritmo e tradi\u00e7\u00e3o.<\/p>\n\n\n\n<div class=\"wp-block-columns is-layout-flex wp-container-core-columns-is-layout-9d6595d7 wp-block-columns-is-layout-flex\">\n<div class=\"wp-block-column is-layout-flow wp-block-column-is-layout-flow\">\n<figure class=\"wp-block-image size-full\"><img loading=\"lazy\" decoding=\"async\" width=\"800\" height=\"1000\" src=\"https:\/\/www.salkantaytrilha.com\/blog\/wp-content\/uploads\/2024\/10\/Porter-saints-octave-Corpus-Christi.jpg\" alt=\"A octava do Corpus Christi.\" class=\"wp-image-1309\"\/><figcaption class=\"wp-element-caption\">A octava do Corpus Christi.<\/figcaption><\/figure>\n<\/div>\n\n\n\n<div class=\"wp-block-column is-layout-flow wp-block-column-is-layout-flow\">\n<figure class=\"wp-block-image size-full\"><img loading=\"lazy\" decoding=\"async\" width=\"800\" height=\"1000\" src=\"https:\/\/www.salkantaytrilha.com\/blog\/wp-content\/uploads\/2024\/10\/Streets-Cusco-eighth-day-festivity-Corpus-Christi.jpg\" alt=\"Ruas de Cusco no oitavo dia da festividade de Corpus Christi.\" class=\"wp-image-1310\"\/><figcaption class=\"wp-element-caption\">Ruas de Cusco no oitavo dia da festividade de Corpus Christi.<\/figcaption><\/figure>\n<\/div>\n<\/div>\n\n\n<div class=\"wp-block-image\">\n<figure class=\"aligncenter size-full\"><img loading=\"lazy\" decoding=\"async\" width=\"1024\" height=\"683\" src=\"https:\/\/www.salkantaytrilha.com\/blog\/wp-content\/uploads\/2024\/10\/Tourists-Corpus-Christi-festival-1024x683-1.jpg\" alt=\"Turistas no festival de Corpus Christi.\" class=\"wp-image-1311\"\/><figcaption class=\"wp-element-caption\">Turistas no festival de Corpus Christi.<\/figcaption><\/figure>\n<\/div>\n\n\n<h2 class=\"wp-block-heading\" id=\"h-dicas-para-aproveitar-ao-maximo-o-corpus-christi-em-cusco\">Dicas para aproveitar ao m\u00e1ximo o Corpus Christi em Cusco<\/h2>\n\n\n\n<p><em>Se voc\u00ea estiver em Cusco durante essa importante festividade, leve em conta estas recomenda\u00e7\u00f5es para viver a experi\u00eancia ao m\u00e1ximo:<\/em><\/p>\n\n\n\n<ol class=\"wp-block-list\">\n<li><strong>Planeje sua viagem com anteced\u00eancia<\/strong><strong><br><\/strong> Reserve hospedagem e transporte com tempo, j\u00e1 que o Corpus Christi atrai muitos visitantes. Assim, voc\u00ea evita imprevistos e curte a celebra\u00e7\u00e3o com tranquilidade.<\/li>\n\n\n\n<li><strong>Acompanhe a prociss\u00e3o<\/strong><strong><br><\/strong> As prociss\u00f5es s\u00e3o o cora\u00e7\u00e3o desta festividade. Caminhar pelas ruas do centro hist\u00f3rico junto com as imagens religiosas e os fi\u00e9is \u00e9 uma experi\u00eancia \u00fanica e inesquec\u00edvel.<\/li>\n\n\n\n<li><strong>Prove o Chiriuchu e outros pratos locais<\/strong><strong><br><\/strong> Voc\u00ea n\u00e3o pode ir embora sem experimentar o tradicional Chiriuchu, um prato frio que mistura v\u00e1rios ingredientes t\u00edpicos da regi\u00e3o. Tamb\u00e9m h\u00e1 outras feiras com sabores locais para explorar.<\/li>\n\n\n\n<li><strong>Curta a m\u00fasica e a dan\u00e7a<\/strong><strong><br><\/strong> Durante os dias de festa, grupos folcl\u00f3ricos e comparsas desfilam pelas ruas ao som de bandas ao vivo. Observe os trajes, entre no clima da alegria \u2014 e se animar, participe!<\/li>\n\n\n\n<li><strong>Respeite o sentido religioso da festividade<\/strong><strong><br><\/strong> Lembre-se de que esta \u00e9 uma celebra\u00e7\u00e3o profundamente espiritual para os cusquenhos. Se decidir participar, fa\u00e7a isso com respeito e considera\u00e7\u00e3o.<\/li>\n\n\n\n<li><strong>Aproveite para conhecer outros lugares<\/strong><strong><br><\/strong> Estenda sua estadia para explorar atra\u00e7\u00f5es pr\u00f3ximas como Sacsayhuam\u00e1n, o Vale Sagrado ou at\u00e9 mesmo planejar uma visita a Machu Picchu.<\/li>\n<\/ol>\n\n\n\n<figure class=\"wp-block-image size-full\"><img loading=\"lazy\" decoding=\"async\" width=\"1024\" height=\"683\" src=\"https:\/\/www.salkantaytrilha.com\/blog\/wp-content\/uploads\/2024\/10\/Photo-flower-carpet-streets-Cusco-festivity-Corpus-Christi-1024x683-1.jpg\" alt=\"O tapete de flores na festividade de Corpus Christi.\" class=\"wp-image-1312\"\/><figcaption class=\"wp-element-caption\">O tapete de flores na festividade de Corpus Christi.<\/figcaption><\/figure>\n\n\n\n<h2 class=\"wp-block-heading\" id=\"h-celebracoes-e-tradicoes-que-tornam-cusco-unica\">Celebra\u00e7\u00f5es e tradi\u00e7\u00f5es que tornam Cusco \u00fanica<\/h2>\n\n\n\n<p>O Corpus Christi em Cusco \u00e9 mais do que uma express\u00e3o de f\u00e9: \u00e9 um reflexo vivo da vitalidade cultural andina. Embora tenha surgido com a chegada do catolicismo, hoje \u00e9 uma tradi\u00e7\u00e3o profundamente enraizada na identidade cusquenha.<\/p>\n\n\n\n<p>E o melhor \u00e9 que essa festa n\u00e3o vem sozinha. Junho \u00e9 um dos meses mais festivos na cidade imperial. De celebra\u00e7\u00f5es religiosas a manifesta\u00e7\u00f5es art\u00edsticas e culturais, as ruas ganham cor e energia. Se voc\u00ea visitar Cusco nessa \u00e9poca, vai curtir n\u00e3o s\u00f3 o Corpus Christi, mas tamb\u00e9m muitas outras festas que refletem a tradi\u00e7\u00e3o religiosa e andina. Cada evento \u00e9 uma oportunidade para se conectar com a hist\u00f3ria, arte, gastronomia e espiritualidade que fazem dessa regi\u00e3o um destino inesquec\u00edvel.<\/p>\n\n\n\n<h2 class=\"wp-block-heading\" id=\"h-perguntas-frequentes-sobre-o-corpus-christi-em-cusco\">Perguntas frequentes sobre o Corpus Christi em Cusco<\/h2>\n\n\n\n<p><strong>1. O que \u00e9 o Corpus Christi e por que \u00e9 celebrado em Cusco?<\/strong><\/p>\n\n\n\n<p>\u00c9 uma festa cat\u00f3lica que celebra a presen\u00e7a de Cristo na Eucaristia. Em Cusco, ela tem um valor cultural muito especial, pois mistura a f\u00e9 cat\u00f3lica com tradi\u00e7\u00f5es andinas, tornando-se uma das celebra\u00e7\u00f5es mais importantes do calend\u00e1rio religioso e cultural da cidade.<\/p>\n\n\n\n<p><strong>2. Qual \u00e9 a origem do Corpus Christi em Cusco?<\/strong><\/p>\n\n\n\n<p>A festa chegou com a coloniza\u00e7\u00e3o espanhola. Com o tempo, foi incorporando costumes andinos, dando origem a uma celebra\u00e7\u00e3o \u00fanica, onde santos cat\u00f3licos convivem com elementos da cosmovis\u00e3o andina, como a m\u00fasica, dan\u00e7a e a culin\u00e1ria tradicional.<\/p>\n\n\n\n<p><strong>3. Quando ser\u00e1 celebrado o Corpus Christi em 2025?<\/strong><\/p>\n\n\n\n<p>A data central ser\u00e1 na quinta-feira, 19 de junho de 2025. No entanto, as atividades come\u00e7am dias antes e se estendem por mais de uma semana.<\/p>\n\n\n\n<p><strong>4. Como \u00e9 celebrado o Corpus Christi em Cusco?<\/strong><\/p>\n\n\n\n<p>As imagens de 15 santos e virgens s\u00e3o levadas em prociss\u00e3o desde suas par\u00f3quias at\u00e9 a igreja de Santa Clara, e depois para a Catedral de Cusco. Elas permanecem l\u00e1 por oito dias, durante os quais s\u00e3o realizadas missas, desfiles, dan\u00e7as folcl\u00f3ricas e feiras gastron\u00f4micas. A celebra\u00e7\u00e3o termina com a chamada \u201cOctava\u201d, quando as imagens retornam \u00e0s suas par\u00f3quias.<\/p>\n\n\n\n<p><strong>5. Quais s\u00e3o os santos e virgens do Corpus Christi em Cusco?<\/strong><\/p>\n\n\n\n<p>Participam 15 imagens representando diferentes par\u00f3quias, como: S\u00e3o Sebasti\u00e3o, Santa Ana, S\u00e3o Br\u00e1s, S\u00e3o Jer\u00f4nimo, S\u00e3o Crist\u00f3v\u00e3o, S\u00e3o Pedro, S\u00e3o Jos\u00e9, Santiago, Santa B\u00e1rbara, Santa Rosa e v\u00e1rias devo\u00e7\u00f5es marianas como a Virgem da Natividade, de Bel\u00e9m, dos Rem\u00e9dios e da Imaculada Concei\u00e7\u00e3o (La Linda).<\/p>\n\n\n\n<p><strong>6. Quais atividades acontecem durante o Corpus Christi?<\/strong><\/p>\n\n\n\n<p>S\u00e3o organizadas prociss\u00f5es solenes, feiras gastron\u00f4micas, concursos de dan\u00e7as tradicionais, missas e desfiles de bandas musicais. A cidade se enche de cor, devo\u00e7\u00e3o e express\u00e3o cultural.<\/p>\n\n\n\n<p><strong>7. O que se come durante o Corpus Christi em Cusco?<\/strong><\/p>\n\n\n\n<p>O prato t\u00edpico \u00e9 o <em>chiriuchu<\/em>, uma prepara\u00e7\u00e3o fria que combina ingredientes como cuy (porquinho-da-\u00edndia), galinha, lingui\u00e7a, chalona (carne seca), tortilha de milho, queijo, algas marinhas (<em>cochayuyo<\/em>), milho tostado e <em>rocoto<\/em> (pimenta). Esse prato \u00e9 um s\u00edmbolo da diversidade cultural e gastron\u00f4mica da regi\u00e3o.<\/p>\n\n\n\n<h2 class=\"wp-block-heading\" id=\"h-pode-te-interessar\"><strong>Pode te interessar<\/strong>:<\/h2>\n\n\n\n<ul class=\"wp-block-list\">\n<li><a href=\"https:\/\/www.salkantaytrilha.com\/blog\/festas-de-cusco-2025\/\"><strong>As festas de Cusco<\/strong><\/a><\/li>\n\n\n\n<li><a href=\"https:\/\/www.salkantaytrilha.com\/blog\/praca-de-armas-de-cusco-o-guia-completo\/\"><strong>Pra\u00e7a de Armas de Cusco: O Guia Completo<\/strong><\/a><\/li>\n\n\n\n<li><a href=\"https:\/\/www.salkantaytrilha.com\/blog\/guia-essencial-de-cusco\/\"><strong>Guia Essencial de Cusco: Dicas e Recomenda\u00e7\u00f5es para sua Viagem<\/strong><\/a><\/li>\n<\/ul>\n\n\n\n<p><\/p>\n\n\n\n<ul class=\"wp-block-list lang\">\n<li class=\"en\"><a href=\"https:\/\/www.salkantaytrekking.com\/blog\/corpus-christi-in-cusco-a-festival-of-tradition-and-faith\/\">EN<\/a><\/li>\n\n\n\n<li class=\"es\"><a href=\"https:\/\/www.caminosalkantay.com\/blog\/corpus-christi-en-cusco-una-fiesta-de-tradicion-y-fe\/\">ES<\/a><\/li>\n<\/ul>\n\n\n\n<p><\/p>\n","protected":false},"excerpt":{"rendered":"<p>Todos os anos, a cidade de Cusco se enche de cor e devo\u00e7\u00e3o para celebrar o Corpus Christi, uma das festividades religiosas mais importantes do calend\u00e1rio local. Essa tradi\u00e7\u00e3o, profundamente enraizada na hist\u00f3ria do Peru, \u00e9 um exemplo claro do [&hellip;]<\/p>\n","protected":false},"author":1,"featured_media":1284,"comment_status":"open","ping_status":"open","sticky":false,"template":"","format":"standard","meta":{"footnotes":""},"categories":[319,1039,40,83],"tags":[1045,399,1049,1047,43,1048,1042,1040,1043,1044,1041],"class_list":["post-1275","post","type-post","status-publish","format-standard","has-post-thumbnail","hentry","category-atividades","category-corpus-christi","category-cusco","category-experiencia-em-cusco","tag-celebracoes-religiosas-cusco","tag-corpus-christi","tag-corpus-christi-cusco","tag-corpus-christi-peru","tag-cusco","tag-festa-religiosa-cusco","tag-patrimonio-cultural-corpus-christi","tag-procissao-corpus-christi","tag-santos-e-virgens-cusco","tag-sincretismo-andino-catolico","tag-tradicao-religiosa-cusco"],"yoast_head":"<!-- This site is optimized with the Yoast SEO Premium plugin v27.4 (Yoast SEO v27.4) - https:\/\/yoast.com\/product\/yoast-seo-premium-wordpress\/ -->\n<title>Corpus Christi em Cusco: Uma Festa de Tradi\u00e7\u00e3o e F\u00e9 - informa\u00e7\u00f5es de viagens<\/title>\n<meta name=\"description\" content=\"Descubra como \u00e9 celebrado o Corpus Christi em Cusco: hist\u00f3ria, tradi\u00e7\u00f5es, datas, pratos t\u00edpicos e tudo o que voc\u00ea precisa saber para aproveitar ao m\u00e1ximo essa festa \u00fanica.\" \/>\n<meta name=\"robots\" content=\"index, follow, max-snippet:-1, max-image-preview:large, max-video-preview:-1\" \/>\n<link rel=\"canonical\" href=\"https:\/\/www.salkantaytrilha.com\/blog\/corpus-christi-em-cusco-uma-festa-de-tradicao-e-fe\/\" \/>\n<meta property=\"og:locale\" content=\"pt_BR\" \/>\n<meta property=\"og:type\" content=\"article\" \/>\n<meta property=\"og:title\" content=\"Corpus Christi em Cusco: Uma Festa de Tradi\u00e7\u00e3o e F\u00e9\" \/>\n<meta property=\"og:description\" content=\"Descubra como \u00e9 celebrado o Corpus Christi em Cusco: hist\u00f3ria, tradi\u00e7\u00f5es, datas, pratos t\u00edpicos e tudo o que voc\u00ea precisa saber para aproveitar ao m\u00e1ximo essa festa \u00fanica.\" \/>\n<meta property=\"og:url\" content=\"https:\/\/www.salkantaytrilha.com\/blog\/corpus-christi-em-cusco-uma-festa-de-tradicao-e-fe\/\" \/>\n<meta property=\"og:site_name\" content=\"informa\u00e7\u00f5es de viagens\" \/>\n<meta property=\"article:publisher\" content=\"https:\/\/www.facebook.com\/SalkantayTrekking\/\" \/>\n<meta property=\"article:published_time\" content=\"2025-06-10T15:26:52+00:00\" \/>\n<meta property=\"article:modified_time\" content=\"2026-03-02T15:03:59+00:00\" \/>\n<meta property=\"og:image\" content=\"https:\/\/www.salkantaytrilha.com\/blog\/wp-content\/uploads\/2025\/06\/Corpus-Christi-em-Cusco-Uma-Festa-de-Tradicao-e-Fe-16x9-1.jpg\" \/>\n\t<meta property=\"og:image:width\" content=\"1920\" \/>\n\t<meta property=\"og:image:height\" content=\"1080\" \/>\n\t<meta property=\"og:image:type\" content=\"image\/jpeg\" \/>\n<meta name=\"author\" content=\"Trilha Salkantay\" \/>\n<meta name=\"twitter:card\" content=\"summary_large_image\" \/>\n<meta name=\"twitter:creator\" content=\"@salkantayperu\" \/>\n<meta name=\"twitter:site\" content=\"@salkantayperu\" \/>\n<meta name=\"twitter:label1\" content=\"Escrito por\" \/>\n\t<meta name=\"twitter:data1\" content=\"Trilha Salkantay\" \/>\n\t<meta name=\"twitter:label2\" content=\"Est. tempo de leitura\" \/>\n\t<meta name=\"twitter:data2\" content=\"19 minutos\" \/>\n<script type=\"application\/ld+json\" class=\"yoast-schema-graph\">{\"@context\":\"https:\\\/\\\/schema.org\",\"@graph\":[{\"@type\":\"Article\",\"@id\":\"https:\\\/\\\/www.salkantaytrilha.com\\\/blog\\\/corpus-christi-em-cusco-uma-festa-de-tradicao-e-fe\\\/#article\",\"isPartOf\":{\"@id\":\"https:\\\/\\\/www.salkantaytrilha.com\\\/blog\\\/corpus-christi-em-cusco-uma-festa-de-tradicao-e-fe\\\/\"},\"author\":{\"name\":\"Trilha Salkantay\",\"@id\":\"https:\\\/\\\/www.salkantaytrilha.com\\\/blog\\\/#\\\/schema\\\/person\\\/aa0e6175beac59e6519e5407b3d13d0d\"},\"headline\":\"Corpus Christi em Cusco: Uma Festa de Tradi\u00e7\u00e3o e F\u00e9\",\"datePublished\":\"2025-06-10T15:26:52+00:00\",\"dateModified\":\"2026-03-02T15:03:59+00:00\",\"mainEntityOfPage\":{\"@id\":\"https:\\\/\\\/www.salkantaytrilha.com\\\/blog\\\/corpus-christi-em-cusco-uma-festa-de-tradicao-e-fe\\\/\"},\"wordCount\":2760,\"commentCount\":0,\"publisher\":{\"@id\":\"https:\\\/\\\/www.salkantaytrilha.com\\\/blog\\\/#organization\"},\"image\":{\"@id\":\"https:\\\/\\\/www.salkantaytrilha.com\\\/blog\\\/corpus-christi-em-cusco-uma-festa-de-tradicao-e-fe\\\/#primaryimage\"},\"thumbnailUrl\":\"https:\\\/\\\/www.salkantaytrilha.com\\\/blog\\\/wp-content\\\/uploads\\\/2024\\\/10\\\/Corpus-Christi-in-Cusco.jpg\",\"keywords\":[\"celebra\u00e7\u00f5es religiosas cusco\",\"Corpus Christi\",\"corpus christi cusco\",\"corpus christi peru\",\"Cusco\",\"festa religiosa cusco\",\"patrim\u00f4nio cultural corpus christi\",\"prociss\u00e3o corpus christi\",\"santos e virgens cusco\",\"sincretismo andino cat\u00f3lico\",\"tradi\u00e7\u00e3o religiosa cusco\"],\"articleSection\":[\"Atividades\",\"Corpus Christi\",\"Cusco\",\"Experi\u00eancia em Cusco\"],\"inLanguage\":\"pt-BR\",\"potentialAction\":[{\"@type\":\"CommentAction\",\"name\":\"Comment\",\"target\":[\"https:\\\/\\\/www.salkantaytrilha.com\\\/blog\\\/corpus-christi-em-cusco-uma-festa-de-tradicao-e-fe\\\/#respond\"]}]},{\"@type\":\"WebPage\",\"@id\":\"https:\\\/\\\/www.salkantaytrilha.com\\\/blog\\\/corpus-christi-em-cusco-uma-festa-de-tradicao-e-fe\\\/\",\"url\":\"https:\\\/\\\/www.salkantaytrilha.com\\\/blog\\\/corpus-christi-em-cusco-uma-festa-de-tradicao-e-fe\\\/\",\"name\":\"Corpus Christi em Cusco: Uma Festa de Tradi\u00e7\u00e3o e F\u00e9 - informa\u00e7\u00f5es de viagens\",\"isPartOf\":{\"@id\":\"https:\\\/\\\/www.salkantaytrilha.com\\\/blog\\\/#website\"},\"primaryImageOfPage\":{\"@id\":\"https:\\\/\\\/www.salkantaytrilha.com\\\/blog\\\/corpus-christi-em-cusco-uma-festa-de-tradicao-e-fe\\\/#primaryimage\"},\"image\":{\"@id\":\"https:\\\/\\\/www.salkantaytrilha.com\\\/blog\\\/corpus-christi-em-cusco-uma-festa-de-tradicao-e-fe\\\/#primaryimage\"},\"thumbnailUrl\":\"https:\\\/\\\/www.salkantaytrilha.com\\\/blog\\\/wp-content\\\/uploads\\\/2024\\\/10\\\/Corpus-Christi-in-Cusco.jpg\",\"datePublished\":\"2025-06-10T15:26:52+00:00\",\"dateModified\":\"2026-03-02T15:03:59+00:00\",\"description\":\"Descubra como \u00e9 celebrado o Corpus Christi em Cusco: hist\u00f3ria, tradi\u00e7\u00f5es, datas, pratos t\u00edpicos e tudo o que voc\u00ea precisa saber para aproveitar ao m\u00e1ximo essa festa \u00fanica.\",\"breadcrumb\":{\"@id\":\"https:\\\/\\\/www.salkantaytrilha.com\\\/blog\\\/corpus-christi-em-cusco-uma-festa-de-tradicao-e-fe\\\/#breadcrumb\"},\"inLanguage\":\"pt-BR\",\"potentialAction\":[{\"@type\":\"ReadAction\",\"target\":[\"https:\\\/\\\/www.salkantaytrilha.com\\\/blog\\\/corpus-christi-em-cusco-uma-festa-de-tradicao-e-fe\\\/\"]}]},{\"@type\":\"ImageObject\",\"inLanguage\":\"pt-BR\",\"@id\":\"https:\\\/\\\/www.salkantaytrilha.com\\\/blog\\\/corpus-christi-em-cusco-uma-festa-de-tradicao-e-fe\\\/#primaryimage\",\"url\":\"https:\\\/\\\/www.salkantaytrilha.com\\\/blog\\\/wp-content\\\/uploads\\\/2024\\\/10\\\/Corpus-Christi-in-Cusco.jpg\",\"contentUrl\":\"https:\\\/\\\/www.salkantaytrilha.com\\\/blog\\\/wp-content\\\/uploads\\\/2024\\\/10\\\/Corpus-Christi-in-Cusco.jpg\",\"width\":1873,\"height\":1249,\"caption\":\"S\u00e3o Crist\u00f3v\u00e3o \\\/ Santo Crist\u00f3v\u00e3o.\"},{\"@type\":\"BreadcrumbList\",\"@id\":\"https:\\\/\\\/www.salkantaytrilha.com\\\/blog\\\/corpus-christi-em-cusco-uma-festa-de-tradicao-e-fe\\\/#breadcrumb\",\"itemListElement\":[{\"@type\":\"ListItem\",\"position\":1,\"name\":\"In\u00edcio\",\"item\":\"https:\\\/\\\/www.salkantaytrilha.com\\\/blog\\\/\"},{\"@type\":\"ListItem\",\"position\":2,\"name\":\"Corpus Christi em Cusco: Uma Festa de Tradi\u00e7\u00e3o e F\u00e9\"}]},{\"@type\":\"WebSite\",\"@id\":\"https:\\\/\\\/www.salkantaytrilha.com\\\/blog\\\/#website\",\"url\":\"https:\\\/\\\/www.salkantaytrilha.com\\\/blog\\\/\",\"name\":\"informa\u00e7\u00f5es de viagens a Machu Picchu\",\"description\":\"\",\"publisher\":{\"@id\":\"https:\\\/\\\/www.salkantaytrilha.com\\\/blog\\\/#organization\"},\"potentialAction\":[{\"@type\":\"SearchAction\",\"target\":{\"@type\":\"EntryPoint\",\"urlTemplate\":\"https:\\\/\\\/www.salkantaytrilha.com\\\/blog\\\/?s={search_term_string}\"},\"query-input\":{\"@type\":\"PropertyValueSpecification\",\"valueRequired\":true,\"valueName\":\"search_term_string\"}}],\"inLanguage\":\"pt-BR\"},{\"@type\":\"Organization\",\"@id\":\"https:\\\/\\\/www.salkantaytrilha.com\\\/blog\\\/#organization\",\"name\":\"informa\u00e7\u00f5es de viagens a Machu Picchu\",\"url\":\"https:\\\/\\\/www.salkantaytrilha.com\\\/blog\\\/\",\"logo\":{\"@type\":\"ImageObject\",\"inLanguage\":\"pt-BR\",\"@id\":\"https:\\\/\\\/www.salkantaytrilha.com\\\/blog\\\/#\\\/schema\\\/logo\\\/image\\\/\",\"url\":\"https:\\\/\\\/www.salkantaytrilha.com\\\/blog\\\/wp-content\\\/uploads\\\/2024\\\/05\\\/salkantaytrekking-new-300x128-1.png\",\"contentUrl\":\"https:\\\/\\\/www.salkantaytrilha.com\\\/blog\\\/wp-content\\\/uploads\\\/2024\\\/05\\\/salkantaytrekking-new-300x128-1.png\",\"width\":300,\"height\":128,\"caption\":\"informa\u00e7\u00f5es de viagens a Machu Picchu\"},\"image\":{\"@id\":\"https:\\\/\\\/www.salkantaytrilha.com\\\/blog\\\/#\\\/schema\\\/logo\\\/image\\\/\"},\"sameAs\":[\"https:\\\/\\\/www.facebook.com\\\/SalkantayTrekking\\\/\",\"https:\\\/\\\/x.com\\\/salkantayperu\",\"https:\\\/\\\/www.pinterest.com\\\/salkantaytrekking\\\/\",\"https:\\\/\\\/www.instagram.com\\\/salkantaytrekking\\\/\",\"https:\\\/\\\/www.youtube.com\\\/user\\\/salkantaytrekking\",\"https:\\\/\\\/www.tiktok.com\\\/@salkantaytrekking\"]},{\"@type\":\"Person\",\"@id\":\"https:\\\/\\\/www.salkantaytrilha.com\\\/blog\\\/#\\\/schema\\\/person\\\/aa0e6175beac59e6519e5407b3d13d0d\",\"name\":\"Trilha Salkantay\",\"image\":{\"@type\":\"ImageObject\",\"inLanguage\":\"pt-BR\",\"@id\":\"https:\\\/\\\/secure.gravatar.com\\\/avatar\\\/b41678a33c57a2bf0032b7c254611fc97caffd94ade0663405b364d1c0177d1d?s=96&d=mm&r=g\",\"url\":\"https:\\\/\\\/secure.gravatar.com\\\/avatar\\\/b41678a33c57a2bf0032b7c254611fc97caffd94ade0663405b364d1c0177d1d?s=96&d=mm&r=g\",\"contentUrl\":\"https:\\\/\\\/secure.gravatar.com\\\/avatar\\\/b41678a33c57a2bf0032b7c254611fc97caffd94ade0663405b364d1c0177d1d?s=96&d=mm&r=g\",\"caption\":\"Trilha Salkantay\"},\"sameAs\":[\"https:\\\/\\\/www.salkantaytrilha.com\\\/blog\"]}]}<\/script>\n<!-- \/ Yoast SEO Premium plugin. -->","yoast_head_json":{"title":"Corpus Christi em Cusco: Uma Festa de Tradi\u00e7\u00e3o e F\u00e9 - informa\u00e7\u00f5es de viagens","description":"Descubra como \u00e9 celebrado o Corpus Christi em Cusco: hist\u00f3ria, tradi\u00e7\u00f5es, datas, pratos t\u00edpicos e tudo o que voc\u00ea precisa saber para aproveitar ao m\u00e1ximo essa festa \u00fanica.","robots":{"index":"index","follow":"follow","max-snippet":"max-snippet:-1","max-image-preview":"max-image-preview:large","max-video-preview":"max-video-preview:-1"},"canonical":"https:\/\/www.salkantaytrilha.com\/blog\/corpus-christi-em-cusco-uma-festa-de-tradicao-e-fe\/","og_locale":"pt_BR","og_type":"article","og_title":"Corpus Christi em Cusco: Uma Festa de Tradi\u00e7\u00e3o e F\u00e9","og_description":"Descubra como \u00e9 celebrado o Corpus Christi em Cusco: hist\u00f3ria, tradi\u00e7\u00f5es, datas, pratos t\u00edpicos e tudo o que voc\u00ea precisa saber para aproveitar ao m\u00e1ximo essa festa \u00fanica.","og_url":"https:\/\/www.salkantaytrilha.com\/blog\/corpus-christi-em-cusco-uma-festa-de-tradicao-e-fe\/","og_site_name":"informa\u00e7\u00f5es de viagens","article_publisher":"https:\/\/www.facebook.com\/SalkantayTrekking\/","article_published_time":"2025-06-10T15:26:52+00:00","article_modified_time":"2026-03-02T15:03:59+00:00","og_image":[{"width":1920,"height":1080,"url":"https:\/\/www.salkantaytrilha.com\/blog\/wp-content\/uploads\/2025\/06\/Corpus-Christi-em-Cusco-Uma-Festa-de-Tradicao-e-Fe-16x9-1.jpg","type":"image\/jpeg"}],"author":"Trilha Salkantay","twitter_card":"summary_large_image","twitter_creator":"@salkantayperu","twitter_site":"@salkantayperu","twitter_misc":{"Escrito por":"Trilha Salkantay","Est. tempo de leitura":"19 minutos"},"schema":{"@context":"https:\/\/schema.org","@graph":[{"@type":"Article","@id":"https:\/\/www.salkantaytrilha.com\/blog\/corpus-christi-em-cusco-uma-festa-de-tradicao-e-fe\/#article","isPartOf":{"@id":"https:\/\/www.salkantaytrilha.com\/blog\/corpus-christi-em-cusco-uma-festa-de-tradicao-e-fe\/"},"author":{"name":"Trilha Salkantay","@id":"https:\/\/www.salkantaytrilha.com\/blog\/#\/schema\/person\/aa0e6175beac59e6519e5407b3d13d0d"},"headline":"Corpus Christi em Cusco: Uma Festa de Tradi\u00e7\u00e3o e F\u00e9","datePublished":"2025-06-10T15:26:52+00:00","dateModified":"2026-03-02T15:03:59+00:00","mainEntityOfPage":{"@id":"https:\/\/www.salkantaytrilha.com\/blog\/corpus-christi-em-cusco-uma-festa-de-tradicao-e-fe\/"},"wordCount":2760,"commentCount":0,"publisher":{"@id":"https:\/\/www.salkantaytrilha.com\/blog\/#organization"},"image":{"@id":"https:\/\/www.salkantaytrilha.com\/blog\/corpus-christi-em-cusco-uma-festa-de-tradicao-e-fe\/#primaryimage"},"thumbnailUrl":"https:\/\/www.salkantaytrilha.com\/blog\/wp-content\/uploads\/2024\/10\/Corpus-Christi-in-Cusco.jpg","keywords":["celebra\u00e7\u00f5es religiosas cusco","Corpus Christi","corpus christi cusco","corpus christi peru","Cusco","festa religiosa cusco","patrim\u00f4nio cultural corpus christi","prociss\u00e3o corpus christi","santos e virgens cusco","sincretismo andino cat\u00f3lico","tradi\u00e7\u00e3o religiosa cusco"],"articleSection":["Atividades","Corpus Christi","Cusco","Experi\u00eancia em Cusco"],"inLanguage":"pt-BR","potentialAction":[{"@type":"CommentAction","name":"Comment","target":["https:\/\/www.salkantaytrilha.com\/blog\/corpus-christi-em-cusco-uma-festa-de-tradicao-e-fe\/#respond"]}]},{"@type":"WebPage","@id":"https:\/\/www.salkantaytrilha.com\/blog\/corpus-christi-em-cusco-uma-festa-de-tradicao-e-fe\/","url":"https:\/\/www.salkantaytrilha.com\/blog\/corpus-christi-em-cusco-uma-festa-de-tradicao-e-fe\/","name":"Corpus Christi em Cusco: Uma Festa de Tradi\u00e7\u00e3o e F\u00e9 - informa\u00e7\u00f5es de viagens","isPartOf":{"@id":"https:\/\/www.salkantaytrilha.com\/blog\/#website"},"primaryImageOfPage":{"@id":"https:\/\/www.salkantaytrilha.com\/blog\/corpus-christi-em-cusco-uma-festa-de-tradicao-e-fe\/#primaryimage"},"image":{"@id":"https:\/\/www.salkantaytrilha.com\/blog\/corpus-christi-em-cusco-uma-festa-de-tradicao-e-fe\/#primaryimage"},"thumbnailUrl":"https:\/\/www.salkantaytrilha.com\/blog\/wp-content\/uploads\/2024\/10\/Corpus-Christi-in-Cusco.jpg","datePublished":"2025-06-10T15:26:52+00:00","dateModified":"2026-03-02T15:03:59+00:00","description":"Descubra como \u00e9 celebrado o Corpus Christi em Cusco: hist\u00f3ria, tradi\u00e7\u00f5es, datas, pratos t\u00edpicos e tudo o que voc\u00ea precisa saber para aproveitar ao m\u00e1ximo essa festa \u00fanica.","breadcrumb":{"@id":"https:\/\/www.salkantaytrilha.com\/blog\/corpus-christi-em-cusco-uma-festa-de-tradicao-e-fe\/#breadcrumb"},"inLanguage":"pt-BR","potentialAction":[{"@type":"ReadAction","target":["https:\/\/www.salkantaytrilha.com\/blog\/corpus-christi-em-cusco-uma-festa-de-tradicao-e-fe\/"]}]},{"@type":"ImageObject","inLanguage":"pt-BR","@id":"https:\/\/www.salkantaytrilha.com\/blog\/corpus-christi-em-cusco-uma-festa-de-tradicao-e-fe\/#primaryimage","url":"https:\/\/www.salkantaytrilha.com\/blog\/wp-content\/uploads\/2024\/10\/Corpus-Christi-in-Cusco.jpg","contentUrl":"https:\/\/www.salkantaytrilha.com\/blog\/wp-content\/uploads\/2024\/10\/Corpus-Christi-in-Cusco.jpg","width":1873,"height":1249,"caption":"S\u00e3o Crist\u00f3v\u00e3o \/ Santo Crist\u00f3v\u00e3o."},{"@type":"BreadcrumbList","@id":"https:\/\/www.salkantaytrilha.com\/blog\/corpus-christi-em-cusco-uma-festa-de-tradicao-e-fe\/#breadcrumb","itemListElement":[{"@type":"ListItem","position":1,"name":"In\u00edcio","item":"https:\/\/www.salkantaytrilha.com\/blog\/"},{"@type":"ListItem","position":2,"name":"Corpus Christi em Cusco: Uma Festa de Tradi\u00e7\u00e3o e F\u00e9"}]},{"@type":"WebSite","@id":"https:\/\/www.salkantaytrilha.com\/blog\/#website","url":"https:\/\/www.salkantaytrilha.com\/blog\/","name":"informa\u00e7\u00f5es de viagens a Machu Picchu","description":"","publisher":{"@id":"https:\/\/www.salkantaytrilha.com\/blog\/#organization"},"potentialAction":[{"@type":"SearchAction","target":{"@type":"EntryPoint","urlTemplate":"https:\/\/www.salkantaytrilha.com\/blog\/?s={search_term_string}"},"query-input":{"@type":"PropertyValueSpecification","valueRequired":true,"valueName":"search_term_string"}}],"inLanguage":"pt-BR"},{"@type":"Organization","@id":"https:\/\/www.salkantaytrilha.com\/blog\/#organization","name":"informa\u00e7\u00f5es de viagens a Machu Picchu","url":"https:\/\/www.salkantaytrilha.com\/blog\/","logo":{"@type":"ImageObject","inLanguage":"pt-BR","@id":"https:\/\/www.salkantaytrilha.com\/blog\/#\/schema\/logo\/image\/","url":"https:\/\/www.salkantaytrilha.com\/blog\/wp-content\/uploads\/2024\/05\/salkantaytrekking-new-300x128-1.png","contentUrl":"https:\/\/www.salkantaytrilha.com\/blog\/wp-content\/uploads\/2024\/05\/salkantaytrekking-new-300x128-1.png","width":300,"height":128,"caption":"informa\u00e7\u00f5es de viagens a Machu Picchu"},"image":{"@id":"https:\/\/www.salkantaytrilha.com\/blog\/#\/schema\/logo\/image\/"},"sameAs":["https:\/\/www.facebook.com\/SalkantayTrekking\/","https:\/\/x.com\/salkantayperu","https:\/\/www.pinterest.com\/salkantaytrekking\/","https:\/\/www.instagram.com\/salkantaytrekking\/","https:\/\/www.youtube.com\/user\/salkantaytrekking","https:\/\/www.tiktok.com\/@salkantaytrekking"]},{"@type":"Person","@id":"https:\/\/www.salkantaytrilha.com\/blog\/#\/schema\/person\/aa0e6175beac59e6519e5407b3d13d0d","name":"Trilha Salkantay","image":{"@type":"ImageObject","inLanguage":"pt-BR","@id":"https:\/\/secure.gravatar.com\/avatar\/b41678a33c57a2bf0032b7c254611fc97caffd94ade0663405b364d1c0177d1d?s=96&d=mm&r=g","url":"https:\/\/secure.gravatar.com\/avatar\/b41678a33c57a2bf0032b7c254611fc97caffd94ade0663405b364d1c0177d1d?s=96&d=mm&r=g","contentUrl":"https:\/\/secure.gravatar.com\/avatar\/b41678a33c57a2bf0032b7c254611fc97caffd94ade0663405b364d1c0177d1d?s=96&d=mm&r=g","caption":"Trilha Salkantay"},"sameAs":["https:\/\/www.salkantaytrilha.com\/blog"]}]}},"_links":{"self":[{"href":"https:\/\/www.salkantaytrilha.com\/blog\/wp-json\/wp\/v2\/posts\/1275","targetHints":{"allow":["GET"]}}],"collection":[{"href":"https:\/\/www.salkantaytrilha.com\/blog\/wp-json\/wp\/v2\/posts"}],"about":[{"href":"https:\/\/www.salkantaytrilha.com\/blog\/wp-json\/wp\/v2\/types\/post"}],"author":[{"embeddable":true,"href":"https:\/\/www.salkantaytrilha.com\/blog\/wp-json\/wp\/v2\/users\/1"}],"replies":[{"embeddable":true,"href":"https:\/\/www.salkantaytrilha.com\/blog\/wp-json\/wp\/v2\/comments?post=1275"}],"version-history":[{"count":10,"href":"https:\/\/www.salkantaytrilha.com\/blog\/wp-json\/wp\/v2\/posts\/1275\/revisions"}],"predecessor-version":[{"id":5452,"href":"https:\/\/www.salkantaytrilha.com\/blog\/wp-json\/wp\/v2\/posts\/1275\/revisions\/5452"}],"wp:featuredmedia":[{"embeddable":true,"href":"https:\/\/www.salkantaytrilha.com\/blog\/wp-json\/wp\/v2\/media\/1284"}],"wp:attachment":[{"href":"https:\/\/www.salkantaytrilha.com\/blog\/wp-json\/wp\/v2\/media?parent=1275"}],"wp:term":[{"taxonomy":"category","embeddable":true,"href":"https:\/\/www.salkantaytrilha.com\/blog\/wp-json\/wp\/v2\/categories?post=1275"},{"taxonomy":"post_tag","embeddable":true,"href":"https:\/\/www.salkantaytrilha.com\/blog\/wp-json\/wp\/v2\/tags?post=1275"}],"curies":[{"name":"wp","href":"https:\/\/api.w.org\/{rel}","templated":true}]}}