{"id":1899,"date":"2024-11-20T17:05:57","date_gmt":"2024-11-20T20:05:57","guid":{"rendered":"https:\/\/www.salkantaytrilha.com\/blog\/?p=1899"},"modified":"2026-03-02T12:06:17","modified_gmt":"2026-03-02T15:06:17","slug":"o-sky-camp-e-a-astronomia-inca","status":"publish","type":"post","link":"https:\/\/www.salkantaytrilha.com\/blog\/o-sky-camp-e-a-astronomia-inca\/","title":{"rendered":"O Sky Camp e a Astronomia Inca"},"content":{"rendered":"\n<p class=\"has-text-align-left\"><strong><em>Uma noite em meio aos nevados, estrelas e constela\u00e7\u00f5es<\/em><\/strong><\/p>\n\n\n\n<p>Voc\u00ea tem um encontro marcado com as estrelas, com a magia das antigas civiliza\u00e7\u00f5es andinas: chegou a hora de passar a noite em nosso exclusivo Sky Camp, no meio dos nevados sagrados, sob o c\u00e9u estrelado e as constela\u00e7\u00f5es dos Andes peruanos. Quem nunca teve esse sonho? E ap\u00f3s ter visitado tantos atrativos em Cusco, temos certeza que o seu maior desejo \u00e9 fazer parte desta aventura. Voc\u00ea est\u00e1 pronto?<\/p>\n\n\n\n<p>Nos Andes, com a <strong>Salkantay Trekking,<\/strong> h\u00e1 uma maneira diferente de ver o c\u00e9u. Neste blog vamos explorar o c\u00e9u infinito das noites andinas, aquele que voc\u00ea vai conhecer na jornada m\u00e1gica que passar\u00e1 em meio aos nevados de Salkantay e Humantay. Gra\u00e7as a pouca luz e a nenhuma polui\u00e7\u00e3o atmosf\u00e9rica, este \u00e9 o local ideal, de onde voc\u00ea poder\u00e1 contemplar as estrelas e as constela\u00e7\u00f5es andinas com uma clareza nunca antes vista! Voc\u00ea estar\u00e1 no interior do seu domo de vidro, e l\u00e1 de dentro, deitado em sua cama, ter\u00e1 a sensa\u00e7\u00e3o de que toda a Via L\u00e1ctea est\u00e1 ao alcance da sua m\u00e3o. E dependendo da \u00e9poca do ano, voc\u00ea ver\u00e1 tamb\u00e9m forma\u00e7\u00f5es como La Cruz del Sur e Ori\u00f3n. N\u00e3o \u00e9 todo dia que voc\u00ea tem uma chance dessas, n\u00e3o \u00e9 mesmo?! Imagine, adormecer em um glamping de luxo em meio aos Andes nevados!<\/p>\n\n\n\n<p>Agora vamos lhe contar um pouco sobre a hist\u00f3ria e as curiosidades que rondam esse universo da astronomia inca. E te contaremos tamb\u00e9m como \u00e9 o Sky Camp, como ele surgiu, e como voc\u00ea pode fazer parte dessa aventura das gal\u00e1xias. Ah, uma curiosidade: voc\u00ea sabia que a Via L\u00e1ctea e suas sombras t\u00eam uma estreita liga\u00e7\u00e3o com o passado dos incas?<\/p>\n\n\n\n<div class=\"wp-block-rank-math-toc-block anchor-links\"><ul><li><a href=\"#h-sky-camp\" >Sky Camp<\/a><\/li><li><a href=\"#h-como-posso-fazer-parte-dessa-experiencia-de-glamping\" >Como posso fazer parte dessa experi\u00eancia de glamping?<\/a><\/li><li><a href=\"#h-o-que-sao-as-constelacoes\" >O que s\u00e3o as constela\u00e7\u00f5es?<\/a><ul><li><a href=\"#h-as-constelacoes-na-cultura-inca\" >As constela\u00e7\u00f5es na cultura inca<\/a><\/li><li><a href=\"#h-as-constelacoes-hoje-em-dia\" >As constela\u00e7\u00f5es hoje em dia<\/a><\/li><li><a href=\"#h-as-constelacoes-escuras-dos-incas\" >As constela\u00e7\u00f5es escuras dos incas<\/a><\/li><\/ul><\/li><li><a href=\"#h-qual-a-relacao-da-astronomia-com-a-religiao-inca\" >Qual a rela\u00e7\u00e3o da astronomia com a religi\u00e3o inca?<\/a><\/li><li><a href=\"#h-e-a-relacao-das-constelacoes-com-a-urbanizacao-da-cidade-de-cusco\" >E a rela\u00e7\u00e3o das constela\u00e7\u00f5es com a urbaniza\u00e7\u00e3o da cidade de Cusco?<\/a><\/li><li><a href=\"#h-o-calendario-inca\" >O calend\u00e1rio inca<\/a><\/li><li><a href=\"#h-o-intihuatana-de-machu-picchu\" >O Intihuatana de Machu Picchu<\/a><ul><li><a href=\"#h-os-meses-do-calendario-inca\" >Os meses do calend\u00e1rio inca:<\/a><\/li><li><a href=\"#h-as-celebracoes-do-calendario-inca-nbsp\" >As celebra\u00e7\u00f5es do calend\u00e1rio inca\u00a0<\/a><\/li><\/ul><\/li><li><a href=\"#h-observatorios-astronomicos-incas\" >Observat\u00f3rios astron\u00f4micos incas<\/a><\/li><li><a href=\"#h-qual-a-relacao-entre-a-astronomia-e-a-agricultura-inca\" >Qual a rela\u00e7\u00e3o entre a astronomia e a agricultura inca?<\/a><\/li><li><a href=\"#h-feche-seus-olhos-e-sonhe-com-as-estrelas\" >Feche seus olhos e sonhe com as estrelas&#8230;<\/a><\/li><li><a href=\"#h-voce-pode-se-interessar\" >Voc\u00ea pode se interessar<\/a><\/li><\/nav><\/ul><\/div>\n\n\n\n<div class=\"wp-block-columns is-layout-flex wp-container-core-columns-is-layout-9d6595d7 wp-block-columns-is-layout-flex\">\n<div class=\"wp-block-column is-layout-flow wp-block-column-is-layout-flow\"><div class=\"wp-block-image\">\n<figure class=\"aligncenter size-full\"><img loading=\"lazy\" decoding=\"async\" width=\"800\" height=\"1000\" src=\"https:\/\/www.salkantaytrilha.com\/blog\/wp-content\/uploads\/2024\/11\/Noite-estrelada-Sky-Camp.jpg\" alt=\"Noite estrelada no Sky Camp\" class=\"wp-image-1904\"\/><figcaption class=\"wp-element-caption\">Sky Camp<\/figcaption><\/figure>\n<\/div><\/div>\n\n\n\n<div class=\"wp-block-column is-layout-flow wp-block-column-is-layout-flow\"><div class=\"wp-block-image\">\n<figure class=\"aligncenter size-full\"><img loading=\"lazy\" decoding=\"async\" width=\"800\" height=\"1000\" src=\"https:\/\/www.salkantaytrilha.com\/blog\/wp-content\/uploads\/2024\/11\/Pernoite-no-Sky-Camp.jpg\" alt=\"Pernoite no Sky Camp\" class=\"wp-image-1905\"\/><figcaption class=\"wp-element-caption\">Pernoite no Sky Camp<\/figcaption><\/figure>\n<\/div><\/div>\n<\/div>\n\n\n\n<h2 class=\"wp-block-heading\" id=\"h-sky-camp\">Sky Camp<\/h2>\n\n\n\n<p>O Sky Camp \u00e9 o projeto mais ousado e inovativo da Am\u00e9rica Latina, localizado em Soraypampa. Surgiu no ano de 2016 como uma proposta de \u201cglamping das estrelas\u201d, a melhor experi\u00eancia andina em meio aos imponentes nevados Salkantay e Humantay, e na vizinhan\u00e7a da lagoa mais famosa dos Andes peruanos, a Lagoa Humantay. O alojamento \u00e9 formado por instala\u00e7\u00f5es em formato de c\u00fapulas de vidro que permitem uma vis\u00e3o panor\u00e2mica de 180\u00ba graus do c\u00e9u estrelado, adornadas por uma t\u00edpica entrada peruana e um belo paisagismo. Possui infra estrutura de hotel, com banheiros e refeit\u00f3rio seguindo o mesmo estilo de domos envidra\u00e7ados, o que garante refei\u00e7\u00f5es com a mais impactante vis\u00e3o dos nevados.&nbsp;<\/p>\n\n\n\n<p><strong>Menu exclusivo<\/strong><\/p>\n\n\n\n<p>Delicie-se com um card\u00e1pio exclusivo, de renome, preparado por chefs altamente gabaritados, especializados em alguns dos pratos mais saborosos e criativos, produzidos em meio \u00e0s montanhas nevadas dos Andes peruanos.<\/p>\n\n\n\n<h2 class=\"wp-block-heading\" id=\"h-como-posso-fazer-parte-dessa-experiencia-de-glamping\">Como posso fazer parte dessa experi\u00eancia de glamping?<\/h2>\n\n\n\n<p>A <strong>Salkantay Trekking<\/strong>, ag\u00eancia e operadora exclusiva, tem in\u00fameras op\u00e7\u00f5es para voc\u00ea participar dessa experi\u00eancia, desfrutando desse requinte todo, como parte de fabulosos e inesquec\u00edveis trekkings. H\u00e1 uma infinidade de roteiros a sua escolha, desde o Tour de 1 dia, (bate e volta), para aqueles visitantes que disp\u00f5e de pouqu\u00edssimo tempo, at\u00e9 tours mais elaborados como a Trilha Humantay e Salkantay de 2 dias e 1 noite, a Caminhada Curta de Salkantay a Machu Picchu de 4 dias e 3 noites, a Trilha Salkantay Cl\u00e1ssica a Machu Picchu de 5 dias e 4 noites e at\u00e9 experi\u00eancias mais completas de 7 dias e 6 noites na Trilha Salkantay e Caminho Inca Cl\u00e1ssico \u00e0 Machu Picchu.&nbsp;<\/p>\n\n\n\n<p>Temos tamb\u00e9m op\u00e7\u00f5es de experi\u00eancias com mais dias onde voc\u00ea ter\u00e1 a oportunidade de conhecer e se hospedar nos demais glampings <strong>Salkantay Trekking<\/strong>. Saiba mais em: <strong>Acampamentos Exclusivos e Privados<\/strong><\/p>\n\n\n\n<div class=\"wp-block-columns is-layout-flex wp-container-core-columns-is-layout-9d6595d7 wp-block-columns-is-layout-flex\">\n<div class=\"wp-block-column is-layout-flow wp-block-column-is-layout-flow\"><div class=\"wp-block-image\">\n<figure class=\"aligncenter size-full\"><img loading=\"lazy\" decoding=\"async\" width=\"800\" height=\"1000\" src=\"https:\/\/www.salkantaytrilha.com\/blog\/wp-content\/uploads\/2024\/11\/Sky-Camp-experiencia-glamping.jpg\" alt=\"Sky Camp - Uma experi\u00eancia de glamping\" class=\"wp-image-1906\"\/><figcaption class=\"wp-element-caption\">Sky Camp &#8211; Uma experi\u00eancia de glamping<\/figcaption><\/figure>\n<\/div><\/div>\n\n\n\n<div class=\"wp-block-column is-layout-flow wp-block-column-is-layout-flow\"><div class=\"wp-block-image\">\n<figure class=\"aligncenter size-full\"><img loading=\"lazy\" decoding=\"async\" width=\"800\" height=\"1000\" src=\"https:\/\/www.salkantaytrilha.com\/blog\/wp-content\/uploads\/2024\/11\/Turista-Sky-Camp-Peru.jpg\" alt=\"Turista no meio do Sky Camp no Peru\" class=\"wp-image-1907\"\/><figcaption class=\"wp-element-caption\">Sky Camp no Peru<\/figcaption><\/figure>\n<\/div><\/div>\n<\/div>\n\n\n\n<h2 class=\"wp-block-heading\" id=\"h-o-que-sao-as-constelacoes\">O que s\u00e3o as constela\u00e7\u00f5es?<\/h2>\n\n\n\n<p>Basicamente, constela\u00e7\u00f5es s\u00e3o desenhos formados pelos movimentos observados no c\u00e9u, formados pela liga\u00e7\u00e3o das estrelas, como numa brincadeira de ligar pontos. Para poderem ser usados como refer\u00eancia, receberam o nome de constela\u00e7\u00f5es.&nbsp;<\/p>\n\n\n\n<p>A astronomia \u00e9 uma das ci\u00eancias mais antigas. Os incas foram capazes de compreender padr\u00f5es do movimento celeste, identificar as fases da lua, prever eclipses lunares e solares, definir constantes dos movimentos planet\u00e1rios e a partir disso, associar os acontecimentos do c\u00e9u aos fen\u00f4menos da Terra.&nbsp;&nbsp;<\/p>\n\n\n\n<div class=\"wp-block-columns is-layout-flex wp-container-core-columns-is-layout-9d6595d7 wp-block-columns-is-layout-flex\">\n<div class=\"wp-block-column is-layout-flow wp-block-column-is-layout-flow\"><div class=\"wp-block-image\">\n<figure class=\"aligncenter size-large\"><img loading=\"lazy\" decoding=\"async\" width=\"1024\" height=\"683\" src=\"https:\/\/www.salkantaytrilha.com\/blog\/wp-content\/uploads\/2024\/11\/Constelacoes-1024x683.jpg\" alt=\"Constela\u00e7\u00f5es\" class=\"wp-image-1908\"\/><figcaption class=\"wp-element-caption\">Constela\u00e7\u00f5es<\/figcaption><\/figure>\n<\/div><\/div>\n<\/div>\n\n\n\n<h3 class=\"wp-block-heading\" id=\"h-as-constelacoes-na-cultura-inca\">As constela\u00e7\u00f5es na cultura inca<\/h3>\n\n\n\n<p>No passado, havia uma cren\u00e7a muito arraigada entre os incas, de que todos os fen\u00f4menos que aconteciam na Terra ou no c\u00e9u, estavam ligados aos deuses. Assim podemos entender o fato da maioria dos desenhos observados no c\u00e9u remeterem \u00e0s divindades. Muitas vezes, o c\u00e9u era um meio para contar hist\u00f3rias de uma mitologia complexa, exemplificada por meio dos desenhos vistos nele. Algumas dessas hist\u00f3rias se mant\u00eam at\u00e9 os dias de hoje, carregadas de ensinamentos passados, de gera\u00e7\u00e3o em gera\u00e7\u00e3o. Al\u00e9m de deuses, foram representados, em constela\u00e7\u00f5es diferentes, diversos seres vivos e objetos.&nbsp;<\/p>\n\n\n\n<h3 class=\"wp-block-heading\" id=\"h-as-constelacoes-hoje-em-dia\">As constela\u00e7\u00f5es hoje em dia<\/h3>\n\n\n\n<p>No s\u00e9culo XX, surgiu a necessidade de se criar um sistema universal de constela\u00e7\u00f5es, para que todos os povos reconhecessem o c\u00e9u da mesma forma. Com o aprofundamento dos estudos sobre os corpos celestes, entendeu-se a necessidade de padronizar a organiza\u00e7\u00e3o das estrelas, para que todos pudessem encontrar um objeto no c\u00e9u, ou uma ordem no universo, a partir da mesma constela\u00e7\u00e3o de refer\u00eancia.<\/p>\n\n\n\n<p>Desse modo, em 1929, a Uni\u00e3o Astron\u00f4mica Internacional (IAU) dividiu o c\u00e9u em 88 regi\u00f5es, que seriam identificadas com o aux\u00edlio de um desenho. Diferente do que \u00e9 entendido em algumas culturas astron\u00f4micas, nessa divis\u00e3o uma estrela n\u00e3o poderia fazer parte de mais de uma constela\u00e7\u00e3o, pois isso n\u00e3o seria uma divis\u00e3o exata do c\u00e9u. Definiu-se tamb\u00e9m que a constela\u00e7\u00e3o n\u00e3o \u00e9 somente o desenho, mas que, na verdade, o c\u00e9u est\u00e1 dividido por linhas imagin\u00e1rias e o desenho \u00e9 usado para identificar cada regi\u00e3o no c\u00e9u, de modo que mesmo se uma estrela n\u00e3o fizer parte do desenho, ainda assim, far\u00e1 parte da constela\u00e7\u00e3o.<\/p>\n\n\n\n<p>Hoje, entendemos que as constela\u00e7\u00f5es n\u00e3o s\u00e3o objetos reais, que s\u00e3o somente padr\u00f5es que as estrelas formam no c\u00e9u, observados aqui da Terra. Sabemos tamb\u00e9m que as estrelas que observamos pr\u00f3ximas umas das outras, e que nos mostram um desenho, muitas vezes est\u00e3o extremamente distantes entre si e n\u00e3o t\u00eam conex\u00f5es umas com as outras. Nos dias de hoje, tamb\u00e9m ficou claro que as constela\u00e7\u00f5es mudam de forma conforme a regi\u00e3o da Terra que a pessoa se encontra, ou seja, n\u00e3o s\u00e3o as mesmas em todo o mundo.&nbsp;<\/p>\n\n\n\n<h3 class=\"wp-block-heading\" id=\"h-as-constelacoes-escuras-dos-incas\">As constela\u00e7\u00f5es escuras dos incas<\/h3>\n\n\n\n<p>Vamos compreender a forma como essa civiliza\u00e7\u00e3o, extremamente avan\u00e7ada e inteligente, conseguiu decifrar o c\u00e9u e a Via L\u00e1ctea, descobrir animais em \u00e1reas escuras e criar constela\u00e7\u00f5es. E como as regi\u00f5es escuras da Via L\u00e1ctea s\u00e3o mais vis\u00edveis e surpreendentes no hemisf\u00e9rio sul, as constela\u00e7\u00f5es, nas noites de c\u00e9u limpo do Sky Camp, se destacam de tal forma, que a regi\u00e3o central da Via L\u00e1ctea, chega a fazer sombras pelo ch\u00e3o!<\/p>\n\n\n\n<p>Na Am\u00e9rica do Sul, os Incas desenvolveram sabedorias astron\u00f4micas avan\u00e7adas e fundamentais. Estudaram detalhadamente o c\u00e9u, identificando n\u00e3o apenas constela\u00e7\u00f5es brilhantes, mas tamb\u00e9m as constela\u00e7\u00f5es escuras da Via L\u00e1ctea. Acreditavam que Viracocha, o deus supremo da cria\u00e7\u00e3o, teria dado a cada animal ou ser vivo uma estrela, para proteg\u00ea-lo.<\/p>\n\n\n\n<p>Observando as estrelas, os Incas reconheceram a imagem de v\u00e1rios animais que caminhavam sobre o Willka Mayu (Via L\u00e1ctea) e descobriram que a principal fun\u00e7\u00e3o deles era indicar as diferentes etapas do ciclo agr\u00edcola. Esses animais estavam localizados, coincidentemente, nas \u00e1reas escuras da Via L\u00e1ctea.<\/p>\n\n\n\n<p>Identificaram tamb\u00e9m 2 tipos de constela\u00e7\u00f5es: a primeira seria formada de milhares de estrelas que unidas formariam imagens de deuses e animais. A segunda, formada de constela\u00e7\u00f5es animadas, seriam as manchas escuras da Via L\u00e1ctea.&nbsp;<\/p>\n\n\n\n<p>O c\u00e9u e a terra, na vis\u00e3o do mundo inca, estariam conectados. A pr\u00f3pria Via L\u00e1ctea era considerada um imenso rio astral. Outra curiosidade \u00e9 que os Incas consideravam o rio Vilcanota, que atravessa o Vale Sagrado, como um reflexo da Via L\u00e1ctea!&nbsp;<\/p>\n\n\n\n<p>Dentre v\u00e1rias das constela\u00e7\u00f5es identificadas pelos incas, destacam-se:<\/p>\n\n\n\n<h4 class=\"wp-block-heading\" id=\"h-yutu-lluthu-perdiz\">Yutu Lluthu (Perdiz):<\/h4>\n\n\n\n<p>A perdiz \u00e9 uma ave pequena que nos remete \u00e0 vaga lembran\u00e7a de uma galinha, mas a Yutu Lluthu possui uma plumagem marrom acinzentada. Essa constela\u00e7\u00e3o escura (que na astronomia ocidental \u00e9 conhecida como Saco de Carv\u00e3o) aparece no c\u00e9u de madrugada, no m\u00eas de outubro, e permanece at\u00e9 julho, quando termina a colheita de diversos vegetais de raiz na regi\u00e3o de Cusco. Tamb\u00e9m est\u00e1 relacionada com o final da esta\u00e7\u00e3o seca e a chegada das primeiras chuvas do ciclo agr\u00edcola.<\/p>\n\n\n\n<div class=\"wp-block-columns is-layout-flex wp-container-core-columns-is-layout-9d6595d7 wp-block-columns-is-layout-flex\">\n<div class=\"wp-block-column is-layout-flow wp-block-column-is-layout-flow\"><div class=\"wp-block-image\">\n<figure class=\"aligncenter size-full\"><img loading=\"lazy\" decoding=\"async\" width=\"1000\" height=\"666\" src=\"https:\/\/www.salkantaytrilha.com\/blog\/wp-content\/uploads\/2024\/11\/Constelacao-andina-Yutu-Lluthu-Perdiz.jpg\" alt=\"Constela\u00e7\u00e3o andina | Yutu Lluthu (Perdiz)\" class=\"wp-image-1909\"\/><figcaption class=\"wp-element-caption\">Constela\u00e7\u00e3o andina | Yutu Lluthu (Perdiz)<\/figcaption><\/figure>\n<\/div><\/div>\n<\/div>\n\n\n\n<h4 class=\"wp-block-heading\" id=\"h-hamp-atu-sapo\">Hamp\u2019atu (Sapo):<\/h4>\n\n\n\n<p>Na cultura andina, o sapo simboliza a \u00e1gua e as fontes naturais. Diz-se que \u00e9 um animal muito querido pela Pachamama (M\u00e3e Terra) por se abrigar dentro dela em per\u00edodos de hiberna\u00e7\u00e3o. Al\u00e9m disso, esse animal serve de aux\u00edlio aos trabalhadores do campo quando as plantas come\u00e7am a brotar e eles se encarregam de seus predadores. Esta constela\u00e7\u00e3o escura do sapo aparece no c\u00e9u de madrugada, no final de outubro, quando o coaxar dos sapos anuncia as primeiras chuvas.<\/p>\n\n\n\n<div class=\"wp-block-columns is-layout-flex wp-container-core-columns-is-layout-9d6595d7 wp-block-columns-is-layout-flex\">\n<div class=\"wp-block-column is-layout-flow wp-block-column-is-layout-flow\"><div class=\"wp-block-image\">\n<figure class=\"aligncenter size-full\"><img loading=\"lazy\" decoding=\"async\" width=\"1000\" height=\"666\" src=\"https:\/\/www.salkantaytrilha.com\/blog\/wp-content\/uploads\/2024\/11\/Constelacao-andina-Hampatu-Sapo.jpg\" alt=\"Constela\u00e7\u00e3o andina | Hamp\u2019atu (Sapo)\" class=\"wp-image-1910\"\/><figcaption class=\"wp-element-caption\">Constela\u00e7\u00e3o andina | Hamp\u2019atu (Sapo)<\/figcaption><\/figure>\n<\/div><\/div>\n<\/div>\n\n\n\n<h4 class=\"wp-block-heading\" id=\"h-mach-aqway-acuay-serpente\">Mach\u2019aqway acuay (Serpente):<\/h4>\n\n\n\n<p>As serpentes s\u00e3o animais muito importantes na Astronomia Inca. Dizem que representam o Ukhu Pacha, ou o mundo subterr\u00e2neo. Al\u00e9m disso, t\u00eam uma rela\u00e7\u00e3o importante com a \u00e1gua e o ciclo agr\u00edcola. Assim como o sapo, apesar de ter uma conota\u00e7\u00e3o positiva na cultura andina, a serpente adquiriu conceitos negativos com a chegada da cultura ocidental. A cabe\u00e7a da constela\u00e7\u00e3o da serpente surge em agosto, e se oculta novamente em fevereiro. Coincidentemente, esse \u00e9 o per\u00edodo do ano em que as serpentes est\u00e3o mais ativas na regi\u00e3o andina. Outra coincid\u00eancia que ocorre no c\u00e9u, e na agricultura na terra, \u00e9 que o sapo, a perdiz e a serpente s\u00e3o animais que ajudam na agricultura andina controlando diversas pragas.<\/p>\n\n\n\n<div class=\"wp-block-columns is-layout-flex wp-container-core-columns-is-layout-9d6595d7 wp-block-columns-is-layout-flex\">\n<div class=\"wp-block-column is-layout-flow wp-block-column-is-layout-flow\"><div class=\"wp-block-image\">\n<figure class=\"aligncenter size-full\"><img loading=\"lazy\" decoding=\"async\" width=\"1000\" height=\"666\" src=\"https:\/\/www.salkantaytrilha.com\/blog\/wp-content\/uploads\/2024\/11\/Constelacao-andina-Machaqway-acuay-Serpente.jpg\" alt=\"Constela\u00e7\u00e3o andina | Mach\u2019aqway acuay (Serpente)\" class=\"wp-image-1911\"\/><figcaption class=\"wp-element-caption\">Constela\u00e7\u00e3o andina | Mach\u2019aqway acuay (Serpente)<\/figcaption><\/figure>\n<\/div><\/div>\n<\/div>\n\n\n\n<h4 class=\"wp-block-heading\" id=\"h-yana-llama-lhama-negra\">Yana llama (Lhama Negra):<\/h4>\n\n\n\n<p>A grande lhama negra \u00e9 a maior constela\u00e7\u00e3o escura existente, e talvez a mais importante. Pode ser reconhecida facilmente no c\u00e9u por seus olhos, duas estrelas muito brilhantes, conhecidas como Alfa e Beta Centauri, que se encontram pr\u00f3ximas ao Cruzeiro do Sul. Esta constela\u00e7\u00e3o escura \u00e9 formada pelos corpos de duas lhamas: uma m\u00e3e e seu filhote. A lhama aparece no c\u00e9u no m\u00eas de novembro. Existe uma lenda sobre uma grande lhama negra que desceu \u00e0 terra para beber de todas as fontes naturais e rios do mundo, e que tamb\u00e9m teve de beber do oceano, pois, caso contr\u00e1rio, o mundo seria inundado. Dizem tamb\u00e9m que as pessoas sobre as quais a lhama desceu foram recompensadas com l\u00e3 da melhor qualidade e grande fortuna, e que esta constela\u00e7\u00e3o \u00e9 respons\u00e1vel por cuidar de todas as outras lhamas na terra.<\/p>\n\n\n\n<div class=\"wp-block-columns is-layout-flex wp-container-core-columns-is-layout-9d6595d7 wp-block-columns-is-layout-flex\">\n<div class=\"wp-block-column is-layout-flow wp-block-column-is-layout-flow\"><div class=\"wp-block-image\">\n<figure class=\"aligncenter size-full\"><img loading=\"lazy\" decoding=\"async\" width=\"1000\" height=\"666\" src=\"https:\/\/www.salkantaytrilha.com\/blog\/wp-content\/uploads\/2024\/11\/Constelacao-andina-Yana-llama-Lhama-Negra.jpg\" alt=\"Constela\u00e7\u00e3o andina | Yana llama (Lhama Negra)\" class=\"wp-image-1912\"\/><figcaption class=\"wp-element-caption\">Constela\u00e7\u00e3o andina | Yana llama (Lhama Negra)<\/figcaption><\/figure>\n<\/div><\/div>\n<\/div>\n\n\n\n<h4 class=\"wp-block-heading\" id=\"h-atoq-raposa\">Atoq (Raposa):<\/h4>\n\n\n\n<p>A raposa \u00e9 uma das constela\u00e7\u00f5es mais marcantes e peculiares no c\u00e9u andino (Astronomia Inca), devido aos seus dois olhos vermelhos profundos. Alguns mencionam que a raposa est\u00e1 pr\u00f3xima do filhote da grande lhama porque sua inten\u00e7\u00e3o \u00e9 devor\u00e1-lo. Outros dizem que est\u00e1 fugindo da constela\u00e7\u00e3o do Pastor, que \u00e9 respons\u00e1vel por cuidar das lhamas no c\u00e9u. A raposa est\u00e1 ao lado das estrelas que formam a cauda da constela\u00e7\u00e3o ocidental de Escorpi\u00e3o. A raposa \u00e9 uma personagem ambivalente nas hist\u00f3rias tradicionais andinas e tamb\u00e9m \u00e9 reconhecida por sua rela\u00e7\u00e3o com as colheitas.<\/p>\n\n\n\n<div class=\"wp-block-columns is-layout-flex wp-container-core-columns-is-layout-9d6595d7 wp-block-columns-is-layout-flex\">\n<div class=\"wp-block-column is-layout-flow wp-block-column-is-layout-flow\"><div class=\"wp-block-image\">\n<figure class=\"aligncenter size-full\"><img loading=\"lazy\" decoding=\"async\" width=\"1000\" height=\"666\" src=\"https:\/\/www.salkantaytrilha.com\/blog\/wp-content\/uploads\/2024\/11\/Constelacao-andina-Atoq-Raposa.jpg\" alt=\"Constela\u00e7\u00e3o andina | Atoq (Raposa)\" class=\"wp-image-1913\"\/><figcaption class=\"wp-element-caption\">Constela\u00e7\u00e3o andina | Atoq (Raposa)<\/figcaption><\/figure>\n<\/div><\/div>\n<\/div>\n\n\n\n<h4 class=\"wp-block-heading\" id=\"h-michiq-pastor\">Michiq (Pastor):<\/h4>\n\n\n\n<p>Diz-se que o pastor cuida das lhamas c\u00f3smicas para proteg\u00ea-las de qualquer amea\u00e7a. Por isso, o desenho sugestivo de Michiq se parece com uma pessoa, de bra\u00e7os abertos, como se estivesse tentando espantar a raposa.<\/p>\n\n\n\n<div class=\"wp-block-columns is-layout-flex wp-container-core-columns-is-layout-9d6595d7 wp-block-columns-is-layout-flex\">\n<div class=\"wp-block-column is-layout-flow wp-block-column-is-layout-flow\"><div class=\"wp-block-image\">\n<figure class=\"aligncenter size-full\"><img loading=\"lazy\" decoding=\"async\" width=\"1000\" height=\"666\" src=\"https:\/\/www.salkantaytrilha.com\/blog\/wp-content\/uploads\/2024\/11\/Constelacao-andina-Michiq-Pastor.jpg\" alt=\"Constela\u00e7\u00e3o andina | Michiq (Pastor)\" class=\"wp-image-1914\"\/><figcaption class=\"wp-element-caption\">Constela\u00e7\u00e3o andina | Michiq (Pastor)<\/figcaption><\/figure>\n<\/div><\/div>\n<\/div>\n\n\n\n<h4 class=\"wp-block-heading\" id=\"h-chakana-cruzeiro-do-sul\">Chakana (Cruzeiro do Sul):<\/h4>\n\n\n\n<p>A constela\u00e7\u00e3o do Cruzeiro do Sul foi descoberta pelos incas. \u00c9 uma das constela\u00e7\u00f5es mais emblem\u00e1ticas do hemisf\u00e9rio sul, talvez a mais famosa de todas, estando presente nas bandeiras de diversos pa\u00edses. \u00c9 bem f\u00e1cil localiz\u00e1-la no c\u00e9u, apesar de ser a menor entre todas constela\u00e7\u00f5es modernas. Isso por causa do seu formato caracter\u00edstico, e pode ser vista praticamente o ano todo no c\u00e9u.<\/p>\n\n\n\n<h2 class=\"wp-block-heading\" id=\"h-qual-a-relacao-da-astronomia-com-a-religiao-inca\">Qual a rela\u00e7\u00e3o da astronomia com a religi\u00e3o inca?<\/h2>\n\n\n\n<p>Podemos afirmar que a religi\u00e3o inca foi calcada na astrologia. Na cren\u00e7a inca, cada elemento da terra tinha sua correspond\u00eancia na via l\u00e1ctea. Era no c\u00e9u que a era inca se baseava para adorar seus deuses (Hanan pacha). Por este motivo a religi\u00e3o inca foi baseada na astronomia: estava intimamente ligada \u00e0s estrelas do c\u00e9u.&nbsp;<\/p>\n\n\n\n<p>De acordo com a vis\u00e3o de mundo inca, o Qoricancha, situado em Cusco, foi o templo sagrado onde as principais divindades eram cultuadas: o deus sol, Inti em qu\u00e9chua, era a principal divindade venerada pelos incas. Da mesma forma, eles tamb\u00e9m adoravam a lua (Qilla), as estrelas (chaskas) e o rel\u00e2mpago (Illapa). &nbsp;Seus deuses tamb\u00e9m indicavam os solst\u00edcios, equin\u00f3cios e as mudan\u00e7as de esta\u00e7\u00e3o, possibilitando identificar a melhor \u00e9poca para a semeadura e a colheita.&nbsp;<\/p>\n\n\n\n<h2 class=\"wp-block-heading\" id=\"h-e-a-relacao-das-constelacoes-com-a-urbanizacao-da-cidade-de-cusco\">E a rela\u00e7\u00e3o das constela\u00e7\u00f5es com a urbaniza\u00e7\u00e3o da cidade de Cusco?<\/h2>\n\n\n\n<p>Durante o Imp\u00e9rio Inca, as constela\u00e7\u00f5es andinas influenciaram at\u00e9 na distribui\u00e7\u00e3o urbana da cidade: voc\u00ea sabia que Cusco, quando vista de cima, tem o formato de um puma? A cabe\u00e7a, conforme o mapa, \u00e9 representada pela fortaleza de Sacsayhuaman, o cora\u00e7\u00e3o \u00e9 a Plaza de Armas e a cauda, o templo de Qoricancha.<\/p>\n\n\n\n<div class=\"wp-block-columns is-layout-flex wp-container-core-columns-is-layout-9d6595d7 wp-block-columns-is-layout-flex\">\n<div class=\"wp-block-column is-layout-flow wp-block-column-is-layout-flow\"><div class=\"wp-block-image\">\n<figure class=\"aligncenter size-large\"><img loading=\"lazy\" decoding=\"async\" width=\"1024\" height=\"683\" src=\"https:\/\/www.salkantaytrilha.com\/blog\/wp-content\/uploads\/2024\/11\/Cusco-cidade-Puma-1024x683.jpg\" alt=\"Cusco, a cidade do Puma\" class=\"wp-image-1915\"\/><figcaption class=\"wp-element-caption\">Cusco, a cidade do Puma<\/figcaption><\/figure>\n<\/div><\/div>\n<\/div>\n\n\n\n<h2 class=\"wp-block-heading\" id=\"h-o-calendario-inca\">O calend\u00e1rio inca<\/h2>\n\n\n\n<p>O calend\u00e1rio inca \u00e9 um sistema de medi\u00e7\u00e3o de tempo, determinado pelo sol e pela lua, com 365 dias e 12 meses. Foi idealizado pelos governantes do Imp\u00e9rio Inca, para marcar suas festividades religiosas e de agricultura.&nbsp;<\/p>\n\n\n\n<p>O calend\u00e1rio da era inca se originou na pr\u00f3pria cidade de Cusco. Nele, o ano \u00e9 dividido em 12 per\u00edodos, cada um com 30 dias. Segundo estudiosos, o \u00faltimo dia desse per\u00edodo era dedicado para a feira e troca de produtos (considerado o \u201cqhatu\u201d). Cada m\u00eas tinha um festival relacionado \u00e0s colheitas. O calend\u00e1rio inca era essencialmente lunissolar, ligado fortemente \u00e0 astronomia. Havia dois calend\u00e1rios mantidos em paralelo, um solar e outro lunar.<\/p>\n\n\n\n<p>Os astr\u00f4nomos incas entendiam os equin\u00f3cios e os solst\u00edcios, mas n\u00e3o podiam, entretanto, prever eclipses. Cada regi\u00e3o do imp\u00e9rio determinava a sua pr\u00f3pria data para iniciar o seu ano. Cusco, por exemplo, optou pelo m\u00eas de agosto para dar in\u00edcio ao seu ano, data que coincide com o in\u00edcio da lavoura na regi\u00e3o.<\/p>\n\n\n\n<h2 class=\"wp-block-heading\" id=\"h-o-intihuatana-de-machu-picchu\">O Intihuatana de Machu Picchu<\/h2>\n\n\n\n<p>O Intihuatana foi constru\u00eddo durante o governo do imperador Pachacutec, no s\u00e9culo XV, no auge do Imp\u00e9rio Inca. Trata-se de uma estrutura de pedra em forma de pol\u00edgono, com cerca de 1 m de altura e 2 m de di\u00e2metro, localizada na cidadela de Machu Picchu. A palavra Intihuatana \u00e9 uma tradu\u00e7\u00e3o do qu\u00edchua que significa &#8220;o lugar onde o sol \u00e9 amarrado&#8221;.&nbsp;<\/p>\n\n\n\n<p>O Intihuatana era um instrumento de observa\u00e7\u00e3o astron\u00f4mica que ajudava os incas a definir seu calend\u00e1rio, prever mudan\u00e7as sazonais e marcar datas para cerim\u00f4nias e rituais. Funcionava como um rel\u00f3gio solar, pois a sombra produzida pelo pilar central, indicava a hora do dia. Cada uma das quatro faces do pilar apontava para um ponto cardeal.&nbsp;<\/p>\n\n\n\n<p>O Intihuatana representa uma das edifica\u00e7\u00f5es mais importantes da cidadela. \u00c9 um monumento sagrado. Ele representa o calend\u00e1rio astron\u00f4mico inca, cuja fun\u00e7\u00e3o \u00e9 verificar os dias, as esta\u00e7\u00f5es e as festividades religiosas, prevendo assim mudan\u00e7as sazonais e o in\u00edcio das atividades agr\u00edcolas.&nbsp;&nbsp;<\/p>\n\n\n\n<p>E o melhor: em sua visita a Machu Picchu, voc\u00ea poder\u00e1 ver de perto essa constru\u00e7\u00e3o, n\u00e3o \u00e9 incr\u00edvel?!<\/p>\n\n\n\n<div class=\"wp-block-columns is-layout-flex wp-container-core-columns-is-layout-9d6595d7 wp-block-columns-is-layout-flex\">\n<div class=\"wp-block-column is-layout-flow wp-block-column-is-layout-flow\"><div class=\"wp-block-image\">\n<figure class=\"aligncenter size-full\"><img loading=\"lazy\" decoding=\"async\" width=\"800\" height=\"1000\" src=\"https:\/\/www.salkantaytrilha.com\/blog\/wp-content\/uploads\/2024\/11\/Rocha-sagrada-Intihuatana.jpg\" alt=\"Rocha sagrada dos Intihuatana na cidadela de Machu Picchu\" class=\"wp-image-1917\"\/><figcaption class=\"wp-element-caption\">Intihuatana<\/figcaption><\/figure>\n<\/div><\/div>\n\n\n\n<div class=\"wp-block-column is-layout-flow wp-block-column-is-layout-flow\"><div class=\"wp-block-image\">\n<figure class=\"aligncenter size-full\"><img loading=\"lazy\" decoding=\"async\" width=\"800\" height=\"1000\" src=\"https:\/\/www.salkantaytrilha.com\/blog\/wp-content\/uploads\/2024\/11\/Intihuatana-Machu-Picchu.jpg\" alt=\"O Intihuatana de Machu Picchu\" class=\"wp-image-1918\"\/><figcaption class=\"wp-element-caption\">O Intihuatana de Machu Picchu<\/figcaption><\/figure>\n<\/div><\/div>\n<\/div>\n\n\n\n<p>Lembre-se que com a <a href=\"https:\/\/www.caminosalkantay.com\/\"><strong>Salkantay Trekking<\/strong><\/a> voc\u00ea poder\u00e1 chegar \u00e0 Machu Picchu da forma mais segura e com os melhores guias.<\/p>\n\n\n\n<h3 class=\"wp-block-heading\" id=\"h-os-meses-do-calendario-inca\">Os meses do calend\u00e1rio inca:<\/h3>\n\n\n\n<figure class=\"wp-block-table\"><table class=\"has-fixed-layout\"><tbody><tr><td><strong>M\u00eas Gregoriano<\/strong><\/td><td><strong>M\u00eas Inca<\/strong><\/td><td><strong>Tradu\u00e7\u00e3o<\/strong><\/td><\/tr><tr><td>Janeiro<\/td><td>Huchuy Pacoy<\/td><td>Pequena colheita<\/td><\/tr><tr><td>Fevereiro<\/td><td>Hatun Pacoy<\/td><td>Grande colheita<\/td><\/tr><tr><td>Mar\u00e7o<\/td><td>Pawqar Waraq<\/td><td>Ramo de flores<\/td><\/tr><tr><td>Abril<\/td><td>Ayriwa<\/td><td>Dan\u00e7a do milho jovem<\/td><\/tr><tr><td>Maio<\/td><td>Aymuray<\/td><td>Can\u00e7\u00e3o da colheita<\/td><\/tr><tr><td>Junho<\/td><td>Inti Raymi<\/td><td>Festival do Sol<\/td><\/tr><tr><td>Julho<\/td><td>Anta Situwa<\/td><td>Purifica\u00e7\u00e3o terrena<\/td><\/tr><tr><td>Agosto<\/td><td>Qapaq Situwa<\/td><td>Sacrif\u00edcio de purifica\u00e7\u00e3o geral<\/td><\/tr><tr><td>Setembro<\/td><td>Qaya Raymi<\/td><td>Festival da rainha<\/td><\/tr><tr><td>Outubro<\/td><td>Uma Raymi<\/td><td>Festival da \u00e1gua<\/td><\/tr><tr><td>Novembro<\/td><td>Ayamarqa<\/td><td>Prociss\u00e3o dos mortos<\/td><\/tr><tr><td>Dezembro<\/td><td>Qapaq Raymi<\/td><td>Festival magn\u00edfico<\/td><\/tr><\/tbody><\/table><\/figure>\n\n\n\n<h3 class=\"wp-block-heading\" id=\"h-as-celebracoes-do-calendario-inca-nbsp\">As celebra\u00e7\u00f5es do calend\u00e1rio inca&nbsp;<\/h3>\n\n\n\n<ul class=\"wp-block-list\">\n<li><strong>Dezembro (Raymi)<\/strong>: A grande P\u00e1scoa do Sol, a cerim\u00f4nia \u2018Huarachicuy\u2019.<\/li>\n\n\n\n<li><strong>Janeiro (Camay)<\/strong>: penit\u00eancias e jejuns dos incas.<\/li>\n\n\n\n<li><strong>Fevereiro (Jatunpucuy)<\/strong>: M\u00eas das flores, m\u00eas em que foram feitos sacrif\u00edcios e oferendas com enormes quantidades de ouro e prata.<\/li>\n\n\n\n<li><strong>Mar\u00e7o (Pachapucuy)<\/strong>: m\u00eas de chuva em que os animais foram sacrificados.<\/li>\n\n\n\n<li><strong>Abril (Arihuaquis)<\/strong>: Amadurecimento de milho e batatas (principais alimentos do povo Inca).<\/li>\n\n\n\n<li><strong>Maio (Jatuncusqui)<\/strong>: M\u00eas da colheita.<\/li>\n\n\n\n<li><strong>Junho (Aucaycusqui)<\/strong>: Festa em homenagem ao deus sol (Inti Raymi), coincide com o solst\u00edcio de inverno.<\/li>\n\n\n\n<li><strong>Julho (Chaguahuarquis)<\/strong>: M\u00eas em que foi realizada a distribui\u00e7\u00e3o da terra e a prepara\u00e7\u00e3o para o plantio.<\/li>\n\n\n\n<li><strong>Agosto (Yapaquis)<\/strong>: M\u00eas da semeadura.<\/li>\n\n\n\n<li><strong>Setembro (Coyaraymi)<\/strong>: Festival em homenagem \u00e0 Coya (rainha) e para expulsar esp\u00edritos malignos e doen\u00e7as.<\/li>\n\n\n\n<li><strong>Outubro (Humaraymi)<\/strong>: Tempo para a invoca\u00e7\u00e3o das chuvas.<\/li>\n\n\n\n<li><strong>Novembro (Ayamarca)<\/strong>: Hora de adorar os mortos.<\/li>\n<\/ul>\n\n\n\n<h2 class=\"wp-block-heading\" id=\"h-observatorios-astronomicos-incas\">Observat\u00f3rios astron\u00f4micos incas<\/h2>\n\n\n\n<p>Os mais importantes observat\u00f3rios astron\u00f4micos do mundo foram constru\u00eddos pelos incas.&nbsp; Geralmente localizados em templos, ao longo de seu vasto imp\u00e9rio, deixaram legados como: as montanhas Machu Picchu e Huayna Picchu, o Intihuatana de Machupicchu, o Intihuatana de Pisac e o recentemente descoberto observat\u00f3rio astron\u00f4mico de Tambo Pampa, no atual departamento de Hu\u00e1nuco.<\/p>\n\n\n\n<p>A privilegiada localiza\u00e7\u00e3o dos incas, sempre no topo das montanhas, possibilitou que eles tivessem uma vis\u00e3o mais destacada e ampla do c\u00e9u e de tudo que \u00e0 ele pertencia. E o melhor, sempre estiveram mais \u201cpr\u00f3ximos\u201d de seus principais deuses: o sol, a lua, as estrelas e as montanhas.<\/p>\n\n\n\n<h2 class=\"wp-block-heading\" id=\"h-qual-a-relacao-entre-a-astronomia-e-a-agricultura-inca\">Qual a rela\u00e7\u00e3o entre a astronomia e a agricultura inca?<\/h2>\n\n\n\n<p>A civiliza\u00e7\u00e3o Inca era altamente organizada, e a astronomia fundamental para determinar suas atividades agr\u00edcolas e rituais, como tamb\u00e9m foi para outras civiliza\u00e7\u00f5es do antigo Peru que antecederam os Incas. Devido \u00e0 sua conex\u00e3o com a natureza, compreenderam perfeitamente o c\u00e9u e seus ciclos agr\u00edcolas. N\u00e3o podemos esquecer que a agricultura inca tem sido, desde suas origens at\u00e9 os dias de hoje, o principal eixo da cultura andina.<\/p>\n\n\n\n<p>Gra\u00e7as \u00e0 observa\u00e7\u00e3o astron\u00f4mica (previs\u00e3o de chuvas e secas), os Incas conseguiram um importante sistema de plantio e colheita, respons\u00e1vel por abastecer todo o imp\u00e9rio. Os principais alimentos obtidos foram: batata, mashua, oca, olluco, milho, batata doce, feij\u00e3o, quinoa, etc.<\/p>\n\n\n\n<p>Os Incas fizeram uma investiga\u00e7\u00e3o pr\u00e1tica do movimento solar para melhor organizar o per\u00edodo de semeadura e colheita. O pr\u00f3prio calend\u00e1rio inca era baseado na agricultura. Desta forma, os dias foram divididos de acordo com a observa\u00e7\u00e3o do sol e da lua. Cada m\u00eas correspondia a semeadura, colheita ou outra atividade agr\u00edcola. Por exemplo, todo equin\u00f3cio de inverno (quando o sol est\u00e1 mais afastado da terra) era e \u00e9 a \u00e9poca em que os incas celebram o seu maior festival religioso, o Inti Raymi (Festa do sol)<\/p>\n\n\n\n<h2 class=\"wp-block-heading\" id=\"h-feche-seus-olhos-e-sonhe-com-as-estrelas\">Feche seus olhos e sonhe com as estrelas&#8230;<\/h2>\n\n\n\n<p>Passar uma noite no Sky Camp \u00e9 uma experi\u00eancia inimagin\u00e1vel nos Andes; \u00e9 uma porta para um passado cheio de misticismo, ci\u00eancia e conex\u00e3o com o universo. Cada constela\u00e7\u00e3o, cada sombra na Via L\u00e1ctea e cada canto do c\u00e9u noturno contam hist\u00f3rias que transcendem gera\u00e7\u00f5es, deixando um legado de sabedoria nas montanhas.<\/p>\n\n\n\n<p>Ao final desta aventura, voc\u00ea n\u00e3o ter\u00e1 apenas conhecido o c\u00e9u dos incas, mas tamb\u00e9m sentido a magia de um conhecimento ancestral que ainda vive em cada detalhe dessas terras sagradas. Do conforto da sua c\u00fapula de cristal, rodeado pela majestade de Salkantay e Humantay, voc\u00ea levar\u00e1 consigo uma experi\u00eancia inesquec\u00edvel, uma nova perspectiva sobre o c\u00e9u e seus mist\u00e9rios.Pronto para essa conex\u00e3o milenar sob o firmamento? Venha e viva a magia do Sky Camp com a <strong>Salkantay Trekking<\/strong>, onde a hist\u00f3ria e as estrelas se encontram para lhe contar seus segredos.<\/p>\n\n\n\n<h2 class=\"wp-block-heading\" id=\"h-voce-pode-se-interessar\">Voc\u00ea pode se interessar<\/h2>\n\n\n\n<ul class=\"wp-block-list\">\n<li><strong><a href=\"https:\/\/www.salkantaytrilha.com\/blog\/laguna-humantay-tudo-o-que-voce-precisa-saber\/\">Laguna Humantay: Tudo o que voc\u00ea precisa saber<\/a><\/strong><\/li>\n\n\n\n<li><strong><a href=\"https:\/\/www.salkantaytrilha.com\/blog\/as-lagoas-de-cusco-uma-viagem-atraves-do-colorido-andino\/\">As Lagoas de Cusco: Uma viagem atrav\u00e9s do colorido andino<\/a><\/strong><\/li>\n\n\n\n<li><strong><a href=\"https:\/\/www.salkantaytrilha.com\/blog\/guia-de-viagem-ao-peru\/\">Guia de Viagem ao Peru<\/a><\/strong><\/li>\n\n\n\n<li><strong><a href=\"https:\/\/www.salkantaytrilha.com\/blog\/a-arte-do-quipo\/\">A Arte do Quipo<\/a><\/strong><\/li>\n\n\n\n<li><strong><a href=\"https:\/\/www.salkantaytrilha.com\/blog\/o-que-fazer-em-cusco\/\">O que fazer em Cusco?<\/a><\/strong><\/li>\n<\/ul>\n\n\n\n<ul class=\"wp-block-list lang\">\n<li class=\"en\"><a href=\"https:\/\/www.salkantaytrekking.com\/blog\/discover-inca-astronomy-from-the-sky-camp\/\">EN<\/a><\/li>\n\n\n\n<li class=\"es\"><a href=\"https:\/\/www.caminosalkantay.com\/blog\/descubre-la-astronomia-inca-desde-el-sky-camp\/\">ES<\/a><\/li>\n<\/ul>\n\n\n\n<p><\/p>\n","protected":false},"excerpt":{"rendered":"<p>Uma noite em meio aos nevados, estrelas e constela\u00e7\u00f5es Voc\u00ea tem um encontro marcado com as estrelas, com a magia das antigas civiliza\u00e7\u00f5es andinas: chegou a hora de passar a noite em nosso exclusivo Sky Camp, no meio dos nevados [&hellip;]<\/p>\n","protected":false},"author":1,"featured_media":1903,"comment_status":"open","ping_status":"open","sticky":false,"template":"","format":"standard","meta":{"footnotes":""},"categories":[517,449,509,508],"tags":[516,514,513,512,511,515,510],"class_list":["post-1899","post","type-post","status-publish","format-standard","has-post-thumbnail","hentry","category-constelacoes","category-cultura","category-glamping","category-sky-camp","tag-astronomicos-incas","tag-calendario-inca","tag-constelacoes-escuras-dos-incas","tag-cultura-inca","tag-experiencia-de-glamping","tag-intihuatana-de-machu-picchu","tag-sky-camp"],"yoast_head":"<!-- This site is optimized with the Yoast SEO Premium plugin v27.4 (Yoast SEO v27.4) - https:\/\/yoast.com\/product\/yoast-seo-premium-wordpress\/ -->\n<title>O Sky Camp e a Astronomia Inca - informa\u00e7\u00f5es de viagens<\/title>\n<meta name=\"description\" content=\"Viva uma experi\u00eancia \u00fanica nas montanhas dos Andes. Conhe\u00e7a a Astronomia Inca durante a sua jornada m\u00e1gica pelos nevados de Salkantay e Humantay.\" \/>\n<meta name=\"robots\" content=\"index, follow, max-snippet:-1, max-image-preview:large, max-video-preview:-1\" \/>\n<link rel=\"canonical\" href=\"https:\/\/www.salkantaytrilha.com\/blog\/o-sky-camp-e-a-astronomia-inca\/\" \/>\n<meta property=\"og:locale\" content=\"pt_BR\" \/>\n<meta property=\"og:type\" content=\"article\" \/>\n<meta property=\"og:title\" content=\"O Sky Camp e a Astronomia Inca\" \/>\n<meta property=\"og:description\" content=\"Viva uma experi\u00eancia \u00fanica nas montanhas dos Andes. Conhe\u00e7a a Astronomia Inca durante a sua jornada m\u00e1gica pelos nevados de Salkantay e Humantay.\" \/>\n<meta property=\"og:url\" content=\"https:\/\/www.salkantaytrilha.com\/blog\/o-sky-camp-e-a-astronomia-inca\/\" \/>\n<meta property=\"og:site_name\" content=\"informa\u00e7\u00f5es de viagens\" \/>\n<meta property=\"article:publisher\" content=\"https:\/\/www.facebook.com\/SalkantayTrekking\/\" \/>\n<meta property=\"article:published_time\" content=\"2024-11-20T20:05:57+00:00\" \/>\n<meta property=\"article:modified_time\" content=\"2026-03-02T15:06:17+00:00\" \/>\n<meta property=\"og:image\" content=\"https:\/\/www.salkantaytrilha.com\/blog\/wp-content\/uploads\/2024\/11\/Sky-Camp-Soraypampa.jpg\" \/>\n\t<meta property=\"og:image:width\" content=\"1873\" \/>\n\t<meta property=\"og:image:height\" content=\"1249\" \/>\n\t<meta property=\"og:image:type\" content=\"image\/jpeg\" \/>\n<meta name=\"author\" content=\"Trilha Salkantay\" \/>\n<meta name=\"twitter:card\" content=\"summary_large_image\" \/>\n<meta name=\"twitter:creator\" content=\"@salkantayperu\" \/>\n<meta name=\"twitter:site\" content=\"@salkantayperu\" \/>\n<meta name=\"twitter:label1\" content=\"Escrito por\" \/>\n\t<meta name=\"twitter:data1\" content=\"Trilha Salkantay\" \/>\n\t<meta name=\"twitter:label2\" content=\"Est. tempo de leitura\" \/>\n\t<meta name=\"twitter:data2\" content=\"22 minutos\" \/>\n<script type=\"application\/ld+json\" class=\"yoast-schema-graph\">{\"@context\":\"https:\\\/\\\/schema.org\",\"@graph\":[{\"@type\":\"Article\",\"@id\":\"https:\\\/\\\/www.salkantaytrilha.com\\\/blog\\\/o-sky-camp-e-a-astronomia-inca\\\/#article\",\"isPartOf\":{\"@id\":\"https:\\\/\\\/www.salkantaytrilha.com\\\/blog\\\/o-sky-camp-e-a-astronomia-inca\\\/\"},\"author\":{\"name\":\"Trilha Salkantay\",\"@id\":\"https:\\\/\\\/www.salkantaytrilha.com\\\/blog\\\/#\\\/schema\\\/person\\\/aa0e6175beac59e6519e5407b3d13d0d\"},\"headline\":\"O Sky Camp e a Astronomia Inca\",\"datePublished\":\"2024-11-20T20:05:57+00:00\",\"dateModified\":\"2026-03-02T15:06:17+00:00\",\"mainEntityOfPage\":{\"@id\":\"https:\\\/\\\/www.salkantaytrilha.com\\\/blog\\\/o-sky-camp-e-a-astronomia-inca\\\/\"},\"wordCount\":3749,\"commentCount\":0,\"publisher\":{\"@id\":\"https:\\\/\\\/www.salkantaytrilha.com\\\/blog\\\/#organization\"},\"image\":{\"@id\":\"https:\\\/\\\/www.salkantaytrilha.com\\\/blog\\\/o-sky-camp-e-a-astronomia-inca\\\/#primaryimage\"},\"thumbnailUrl\":\"https:\\\/\\\/www.salkantaytrilha.com\\\/blog\\\/wp-content\\\/uploads\\\/2024\\\/11\\\/Sky-Camp-Soraypampa.jpg\",\"keywords\":[\"Astron\u00f4micos incas\",\"Calend\u00e1rio inca\",\"Constela\u00e7\u00f5es escuras dos incas\",\"Cultura inca\",\"Experi\u00eancia de glamping\",\"Intihuatana de Machu Picchu\",\"Sky Camp\"],\"articleSection\":[\"Constela\u00e7\u00f5es\",\"Cultura\",\"Glamping\",\"Sky Camp\"],\"inLanguage\":\"pt-BR\",\"potentialAction\":[{\"@type\":\"CommentAction\",\"name\":\"Comment\",\"target\":[\"https:\\\/\\\/www.salkantaytrilha.com\\\/blog\\\/o-sky-camp-e-a-astronomia-inca\\\/#respond\"]}]},{\"@type\":\"WebPage\",\"@id\":\"https:\\\/\\\/www.salkantaytrilha.com\\\/blog\\\/o-sky-camp-e-a-astronomia-inca\\\/\",\"url\":\"https:\\\/\\\/www.salkantaytrilha.com\\\/blog\\\/o-sky-camp-e-a-astronomia-inca\\\/\",\"name\":\"O Sky Camp e a Astronomia Inca - informa\u00e7\u00f5es de viagens\",\"isPartOf\":{\"@id\":\"https:\\\/\\\/www.salkantaytrilha.com\\\/blog\\\/#website\"},\"primaryImageOfPage\":{\"@id\":\"https:\\\/\\\/www.salkantaytrilha.com\\\/blog\\\/o-sky-camp-e-a-astronomia-inca\\\/#primaryimage\"},\"image\":{\"@id\":\"https:\\\/\\\/www.salkantaytrilha.com\\\/blog\\\/o-sky-camp-e-a-astronomia-inca\\\/#primaryimage\"},\"thumbnailUrl\":\"https:\\\/\\\/www.salkantaytrilha.com\\\/blog\\\/wp-content\\\/uploads\\\/2024\\\/11\\\/Sky-Camp-Soraypampa.jpg\",\"datePublished\":\"2024-11-20T20:05:57+00:00\",\"dateModified\":\"2026-03-02T15:06:17+00:00\",\"description\":\"Viva uma experi\u00eancia \u00fanica nas montanhas dos Andes. Conhe\u00e7a a Astronomia Inca durante a sua jornada m\u00e1gica pelos nevados de Salkantay e Humantay.\",\"breadcrumb\":{\"@id\":\"https:\\\/\\\/www.salkantaytrilha.com\\\/blog\\\/o-sky-camp-e-a-astronomia-inca\\\/#breadcrumb\"},\"inLanguage\":\"pt-BR\",\"potentialAction\":[{\"@type\":\"ReadAction\",\"target\":[\"https:\\\/\\\/www.salkantaytrilha.com\\\/blog\\\/o-sky-camp-e-a-astronomia-inca\\\/\"]}]},{\"@type\":\"ImageObject\",\"inLanguage\":\"pt-BR\",\"@id\":\"https:\\\/\\\/www.salkantaytrilha.com\\\/blog\\\/o-sky-camp-e-a-astronomia-inca\\\/#primaryimage\",\"url\":\"https:\\\/\\\/www.salkantaytrilha.com\\\/blog\\\/wp-content\\\/uploads\\\/2024\\\/11\\\/Sky-Camp-Soraypampa.jpg\",\"contentUrl\":\"https:\\\/\\\/www.salkantaytrilha.com\\\/blog\\\/wp-content\\\/uploads\\\/2024\\\/11\\\/Sky-Camp-Soraypampa.jpg\",\"width\":1873,\"height\":1249,\"caption\":\"Sky Camp\"},{\"@type\":\"BreadcrumbList\",\"@id\":\"https:\\\/\\\/www.salkantaytrilha.com\\\/blog\\\/o-sky-camp-e-a-astronomia-inca\\\/#breadcrumb\",\"itemListElement\":[{\"@type\":\"ListItem\",\"position\":1,\"name\":\"In\u00edcio\",\"item\":\"https:\\\/\\\/www.salkantaytrilha.com\\\/blog\\\/\"},{\"@type\":\"ListItem\",\"position\":2,\"name\":\"O Sky Camp e a Astronomia Inca\"}]},{\"@type\":\"WebSite\",\"@id\":\"https:\\\/\\\/www.salkantaytrilha.com\\\/blog\\\/#website\",\"url\":\"https:\\\/\\\/www.salkantaytrilha.com\\\/blog\\\/\",\"name\":\"informa\u00e7\u00f5es de viagens a Machu Picchu\",\"description\":\"\",\"publisher\":{\"@id\":\"https:\\\/\\\/www.salkantaytrilha.com\\\/blog\\\/#organization\"},\"potentialAction\":[{\"@type\":\"SearchAction\",\"target\":{\"@type\":\"EntryPoint\",\"urlTemplate\":\"https:\\\/\\\/www.salkantaytrilha.com\\\/blog\\\/?s={search_term_string}\"},\"query-input\":{\"@type\":\"PropertyValueSpecification\",\"valueRequired\":true,\"valueName\":\"search_term_string\"}}],\"inLanguage\":\"pt-BR\"},{\"@type\":\"Organization\",\"@id\":\"https:\\\/\\\/www.salkantaytrilha.com\\\/blog\\\/#organization\",\"name\":\"informa\u00e7\u00f5es de viagens a Machu Picchu\",\"url\":\"https:\\\/\\\/www.salkantaytrilha.com\\\/blog\\\/\",\"logo\":{\"@type\":\"ImageObject\",\"inLanguage\":\"pt-BR\",\"@id\":\"https:\\\/\\\/www.salkantaytrilha.com\\\/blog\\\/#\\\/schema\\\/logo\\\/image\\\/\",\"url\":\"https:\\\/\\\/www.salkantaytrilha.com\\\/blog\\\/wp-content\\\/uploads\\\/2024\\\/05\\\/salkantaytrekking-new-300x128-1.png\",\"contentUrl\":\"https:\\\/\\\/www.salkantaytrilha.com\\\/blog\\\/wp-content\\\/uploads\\\/2024\\\/05\\\/salkantaytrekking-new-300x128-1.png\",\"width\":300,\"height\":128,\"caption\":\"informa\u00e7\u00f5es de viagens a Machu Picchu\"},\"image\":{\"@id\":\"https:\\\/\\\/www.salkantaytrilha.com\\\/blog\\\/#\\\/schema\\\/logo\\\/image\\\/\"},\"sameAs\":[\"https:\\\/\\\/www.facebook.com\\\/SalkantayTrekking\\\/\",\"https:\\\/\\\/x.com\\\/salkantayperu\",\"https:\\\/\\\/www.pinterest.com\\\/salkantaytrekking\\\/\",\"https:\\\/\\\/www.instagram.com\\\/salkantaytrekking\\\/\",\"https:\\\/\\\/www.youtube.com\\\/user\\\/salkantaytrekking\",\"https:\\\/\\\/www.tiktok.com\\\/@salkantaytrekking\"]},{\"@type\":\"Person\",\"@id\":\"https:\\\/\\\/www.salkantaytrilha.com\\\/blog\\\/#\\\/schema\\\/person\\\/aa0e6175beac59e6519e5407b3d13d0d\",\"name\":\"Trilha Salkantay\",\"image\":{\"@type\":\"ImageObject\",\"inLanguage\":\"pt-BR\",\"@id\":\"https:\\\/\\\/secure.gravatar.com\\\/avatar\\\/b41678a33c57a2bf0032b7c254611fc97caffd94ade0663405b364d1c0177d1d?s=96&d=mm&r=g\",\"url\":\"https:\\\/\\\/secure.gravatar.com\\\/avatar\\\/b41678a33c57a2bf0032b7c254611fc97caffd94ade0663405b364d1c0177d1d?s=96&d=mm&r=g\",\"contentUrl\":\"https:\\\/\\\/secure.gravatar.com\\\/avatar\\\/b41678a33c57a2bf0032b7c254611fc97caffd94ade0663405b364d1c0177d1d?s=96&d=mm&r=g\",\"caption\":\"Trilha Salkantay\"},\"sameAs\":[\"https:\\\/\\\/www.salkantaytrilha.com\\\/blog\"]}]}<\/script>\n<!-- \/ Yoast SEO Premium plugin. -->","yoast_head_json":{"title":"O Sky Camp e a Astronomia Inca - informa\u00e7\u00f5es de viagens","description":"Viva uma experi\u00eancia \u00fanica nas montanhas dos Andes. Conhe\u00e7a a Astronomia Inca durante a sua jornada m\u00e1gica pelos nevados de Salkantay e Humantay.","robots":{"index":"index","follow":"follow","max-snippet":"max-snippet:-1","max-image-preview":"max-image-preview:large","max-video-preview":"max-video-preview:-1"},"canonical":"https:\/\/www.salkantaytrilha.com\/blog\/o-sky-camp-e-a-astronomia-inca\/","og_locale":"pt_BR","og_type":"article","og_title":"O Sky Camp e a Astronomia Inca","og_description":"Viva uma experi\u00eancia \u00fanica nas montanhas dos Andes. Conhe\u00e7a a Astronomia Inca durante a sua jornada m\u00e1gica pelos nevados de Salkantay e Humantay.","og_url":"https:\/\/www.salkantaytrilha.com\/blog\/o-sky-camp-e-a-astronomia-inca\/","og_site_name":"informa\u00e7\u00f5es de viagens","article_publisher":"https:\/\/www.facebook.com\/SalkantayTrekking\/","article_published_time":"2024-11-20T20:05:57+00:00","article_modified_time":"2026-03-02T15:06:17+00:00","og_image":[{"width":1873,"height":1249,"url":"https:\/\/www.salkantaytrilha.com\/blog\/wp-content\/uploads\/2024\/11\/Sky-Camp-Soraypampa.jpg","type":"image\/jpeg"}],"author":"Trilha Salkantay","twitter_card":"summary_large_image","twitter_creator":"@salkantayperu","twitter_site":"@salkantayperu","twitter_misc":{"Escrito por":"Trilha Salkantay","Est. tempo de leitura":"22 minutos"},"schema":{"@context":"https:\/\/schema.org","@graph":[{"@type":"Article","@id":"https:\/\/www.salkantaytrilha.com\/blog\/o-sky-camp-e-a-astronomia-inca\/#article","isPartOf":{"@id":"https:\/\/www.salkantaytrilha.com\/blog\/o-sky-camp-e-a-astronomia-inca\/"},"author":{"name":"Trilha Salkantay","@id":"https:\/\/www.salkantaytrilha.com\/blog\/#\/schema\/person\/aa0e6175beac59e6519e5407b3d13d0d"},"headline":"O Sky Camp e a Astronomia Inca","datePublished":"2024-11-20T20:05:57+00:00","dateModified":"2026-03-02T15:06:17+00:00","mainEntityOfPage":{"@id":"https:\/\/www.salkantaytrilha.com\/blog\/o-sky-camp-e-a-astronomia-inca\/"},"wordCount":3749,"commentCount":0,"publisher":{"@id":"https:\/\/www.salkantaytrilha.com\/blog\/#organization"},"image":{"@id":"https:\/\/www.salkantaytrilha.com\/blog\/o-sky-camp-e-a-astronomia-inca\/#primaryimage"},"thumbnailUrl":"https:\/\/www.salkantaytrilha.com\/blog\/wp-content\/uploads\/2024\/11\/Sky-Camp-Soraypampa.jpg","keywords":["Astron\u00f4micos incas","Calend\u00e1rio inca","Constela\u00e7\u00f5es escuras dos incas","Cultura inca","Experi\u00eancia de glamping","Intihuatana de Machu Picchu","Sky Camp"],"articleSection":["Constela\u00e7\u00f5es","Cultura","Glamping","Sky Camp"],"inLanguage":"pt-BR","potentialAction":[{"@type":"CommentAction","name":"Comment","target":["https:\/\/www.salkantaytrilha.com\/blog\/o-sky-camp-e-a-astronomia-inca\/#respond"]}]},{"@type":"WebPage","@id":"https:\/\/www.salkantaytrilha.com\/blog\/o-sky-camp-e-a-astronomia-inca\/","url":"https:\/\/www.salkantaytrilha.com\/blog\/o-sky-camp-e-a-astronomia-inca\/","name":"O Sky Camp e a Astronomia Inca - informa\u00e7\u00f5es de viagens","isPartOf":{"@id":"https:\/\/www.salkantaytrilha.com\/blog\/#website"},"primaryImageOfPage":{"@id":"https:\/\/www.salkantaytrilha.com\/blog\/o-sky-camp-e-a-astronomia-inca\/#primaryimage"},"image":{"@id":"https:\/\/www.salkantaytrilha.com\/blog\/o-sky-camp-e-a-astronomia-inca\/#primaryimage"},"thumbnailUrl":"https:\/\/www.salkantaytrilha.com\/blog\/wp-content\/uploads\/2024\/11\/Sky-Camp-Soraypampa.jpg","datePublished":"2024-11-20T20:05:57+00:00","dateModified":"2026-03-02T15:06:17+00:00","description":"Viva uma experi\u00eancia \u00fanica nas montanhas dos Andes. Conhe\u00e7a a Astronomia Inca durante a sua jornada m\u00e1gica pelos nevados de Salkantay e Humantay.","breadcrumb":{"@id":"https:\/\/www.salkantaytrilha.com\/blog\/o-sky-camp-e-a-astronomia-inca\/#breadcrumb"},"inLanguage":"pt-BR","potentialAction":[{"@type":"ReadAction","target":["https:\/\/www.salkantaytrilha.com\/blog\/o-sky-camp-e-a-astronomia-inca\/"]}]},{"@type":"ImageObject","inLanguage":"pt-BR","@id":"https:\/\/www.salkantaytrilha.com\/blog\/o-sky-camp-e-a-astronomia-inca\/#primaryimage","url":"https:\/\/www.salkantaytrilha.com\/blog\/wp-content\/uploads\/2024\/11\/Sky-Camp-Soraypampa.jpg","contentUrl":"https:\/\/www.salkantaytrilha.com\/blog\/wp-content\/uploads\/2024\/11\/Sky-Camp-Soraypampa.jpg","width":1873,"height":1249,"caption":"Sky Camp"},{"@type":"BreadcrumbList","@id":"https:\/\/www.salkantaytrilha.com\/blog\/o-sky-camp-e-a-astronomia-inca\/#breadcrumb","itemListElement":[{"@type":"ListItem","position":1,"name":"In\u00edcio","item":"https:\/\/www.salkantaytrilha.com\/blog\/"},{"@type":"ListItem","position":2,"name":"O Sky Camp e a Astronomia Inca"}]},{"@type":"WebSite","@id":"https:\/\/www.salkantaytrilha.com\/blog\/#website","url":"https:\/\/www.salkantaytrilha.com\/blog\/","name":"informa\u00e7\u00f5es de viagens a Machu Picchu","description":"","publisher":{"@id":"https:\/\/www.salkantaytrilha.com\/blog\/#organization"},"potentialAction":[{"@type":"SearchAction","target":{"@type":"EntryPoint","urlTemplate":"https:\/\/www.salkantaytrilha.com\/blog\/?s={search_term_string}"},"query-input":{"@type":"PropertyValueSpecification","valueRequired":true,"valueName":"search_term_string"}}],"inLanguage":"pt-BR"},{"@type":"Organization","@id":"https:\/\/www.salkantaytrilha.com\/blog\/#organization","name":"informa\u00e7\u00f5es de viagens a Machu Picchu","url":"https:\/\/www.salkantaytrilha.com\/blog\/","logo":{"@type":"ImageObject","inLanguage":"pt-BR","@id":"https:\/\/www.salkantaytrilha.com\/blog\/#\/schema\/logo\/image\/","url":"https:\/\/www.salkantaytrilha.com\/blog\/wp-content\/uploads\/2024\/05\/salkantaytrekking-new-300x128-1.png","contentUrl":"https:\/\/www.salkantaytrilha.com\/blog\/wp-content\/uploads\/2024\/05\/salkantaytrekking-new-300x128-1.png","width":300,"height":128,"caption":"informa\u00e7\u00f5es de viagens a Machu Picchu"},"image":{"@id":"https:\/\/www.salkantaytrilha.com\/blog\/#\/schema\/logo\/image\/"},"sameAs":["https:\/\/www.facebook.com\/SalkantayTrekking\/","https:\/\/x.com\/salkantayperu","https:\/\/www.pinterest.com\/salkantaytrekking\/","https:\/\/www.instagram.com\/salkantaytrekking\/","https:\/\/www.youtube.com\/user\/salkantaytrekking","https:\/\/www.tiktok.com\/@salkantaytrekking"]},{"@type":"Person","@id":"https:\/\/www.salkantaytrilha.com\/blog\/#\/schema\/person\/aa0e6175beac59e6519e5407b3d13d0d","name":"Trilha Salkantay","image":{"@type":"ImageObject","inLanguage":"pt-BR","@id":"https:\/\/secure.gravatar.com\/avatar\/b41678a33c57a2bf0032b7c254611fc97caffd94ade0663405b364d1c0177d1d?s=96&d=mm&r=g","url":"https:\/\/secure.gravatar.com\/avatar\/b41678a33c57a2bf0032b7c254611fc97caffd94ade0663405b364d1c0177d1d?s=96&d=mm&r=g","contentUrl":"https:\/\/secure.gravatar.com\/avatar\/b41678a33c57a2bf0032b7c254611fc97caffd94ade0663405b364d1c0177d1d?s=96&d=mm&r=g","caption":"Trilha Salkantay"},"sameAs":["https:\/\/www.salkantaytrilha.com\/blog"]}]}},"_links":{"self":[{"href":"https:\/\/www.salkantaytrilha.com\/blog\/wp-json\/wp\/v2\/posts\/1899","targetHints":{"allow":["GET"]}}],"collection":[{"href":"https:\/\/www.salkantaytrilha.com\/blog\/wp-json\/wp\/v2\/posts"}],"about":[{"href":"https:\/\/www.salkantaytrilha.com\/blog\/wp-json\/wp\/v2\/types\/post"}],"author":[{"embeddable":true,"href":"https:\/\/www.salkantaytrilha.com\/blog\/wp-json\/wp\/v2\/users\/1"}],"replies":[{"embeddable":true,"href":"https:\/\/www.salkantaytrilha.com\/blog\/wp-json\/wp\/v2\/comments?post=1899"}],"version-history":[{"count":7,"href":"https:\/\/www.salkantaytrilha.com\/blog\/wp-json\/wp\/v2\/posts\/1899\/revisions"}],"predecessor-version":[{"id":5530,"href":"https:\/\/www.salkantaytrilha.com\/blog\/wp-json\/wp\/v2\/posts\/1899\/revisions\/5530"}],"wp:featuredmedia":[{"embeddable":true,"href":"https:\/\/www.salkantaytrilha.com\/blog\/wp-json\/wp\/v2\/media\/1903"}],"wp:attachment":[{"href":"https:\/\/www.salkantaytrilha.com\/blog\/wp-json\/wp\/v2\/media?parent=1899"}],"wp:term":[{"taxonomy":"category","embeddable":true,"href":"https:\/\/www.salkantaytrilha.com\/blog\/wp-json\/wp\/v2\/categories?post=1899"},{"taxonomy":"post_tag","embeddable":true,"href":"https:\/\/www.salkantaytrilha.com\/blog\/wp-json\/wp\/v2\/tags?post=1899"}],"curies":[{"name":"wp","href":"https:\/\/api.w.org\/{rel}","templated":true}]}}