{"id":1938,"date":"2025-03-27T15:13:54","date_gmt":"2025-03-27T18:13:54","guid":{"rendered":"https:\/\/www.salkantaytrilha.com\/blog\/?p=1938"},"modified":"2026-03-02T12:04:38","modified_gmt":"2026-03-02T15:04:38","slug":"as-artesanias-de-cusco-historia-tradicao-e-criatividade","status":"publish","type":"post","link":"https:\/\/www.salkantaytrilha.com\/blog\/as-artesanias-de-cusco-historia-tradicao-e-criatividade\/","title":{"rendered":"As Artesanias de Cusco: Hist\u00f3ria, Tradi\u00e7\u00e3o e Criatividade no Cora\u00e7\u00e3o dos Andes."},"content":{"rendered":"\n<p>A <strong>cidade de Cusco<\/strong>, outrora capital do Imp\u00e9rio Inca, \u00e9 um destino surpreendente n\u00e3o somente por sua impressionante arquitetura e suas paisagens, mas tamb\u00e9m pela rica tradi\u00e7\u00e3o na confec\u00e7\u00e3o de artesanatos, refletida em um caldeir\u00e3o de cores. As \u201cartesanias\u201d como s\u00e3o chamadas em Cusco, s\u00e3o um reflexo da hist\u00f3ria, da cultura e da criatividade dos povos andinos. Neste artigo, vamos te levar a descobrir as t\u00e9cnicas ancestrais, os bairros de artes\u00e3os e as feiras que fazem de Cusco um para\u00edso para os amantes da arte e da cultura. Desde o charmoso bairro de San Blas, conhecido por ser o bairro dos artistas da cidade, at\u00e9 as tecel\u00e3s de <strong>Chinchero<\/strong>, passando pela cer\u00e2mica de<strong> Raqchi<\/strong> e o famoso <strong>Santurantikuy<\/strong>: aqui voc\u00ea encontrar\u00e1 tudo o que precisa saber sobre as famosas \u201cartesanias\u201d de Cusco.<\/p>\n\n\n\n<div class=\"wp-block-rank-math-toc-block anchor-links\"><ul><li><a href=\"#h-a-historia-das-artesanias-de-cusco\" >A Hist\u00f3ria das \u201cArtesanias\u201d de Cusco<\/a><ul><li><a href=\"#h-1-epoca-pre-hispanica-o-legado-inca\" >1. \u00c9poca Pr\u00e9-Hisp\u00e2nica: O Legado Inca<\/a><\/li><li><a href=\"#h-2-epoca-colonial-a-fusao-de-culturas\" >2. \u00c9poca Colonial: A Fus\u00e3o de Culturas<\/a><\/li><li><a href=\"#h-3-epoca-republicana-preservacao-e-renascimento\" >3. \u00c9poca Republicana: Preserva\u00e7\u00e3o e Renascimento<\/a><\/li><\/ul><\/li><li><a href=\"#h-principais-artesanias-de-cusco\" >Principais \u201cArtesanias\u201d de Cusco<\/a><ul><li><a href=\"#h-tecelagem\" >Tecelagem:<\/a><\/li><li><a href=\"#h-ceramica\" >Cer\u00e2mica<\/a><\/li><li><a href=\"#h-imagineria-ou-escultura-cusquenha\" >\u201cImagineria\u201d ou Escultura Cusquenha:<\/a><\/li><li><a href=\"#h-prataria-e-joalheria\" >Prataria e Joalheria:<\/a><\/li><li><a href=\"#h-peleteria\" >Peleteria<\/a><\/li><li><a href=\"#h-pintura\" >Pintura:<\/a><\/li><li><a href=\"#h-escultura-em-pedra\" >Escultura em Pedra<\/a><\/li><li><a href=\"#h-bordado\" >Bordado<\/a><\/li><li><a href=\"#h-bijuteria\" >Bijuteria<\/a><\/li><li><a href=\"#h-munequeteria\" >Mu\u00f1equeteria<\/a><\/li><li><a href=\"#h-instrumentos-musicais\" >Instrumentos musicais<\/a><\/li><\/ul><\/li><li><a href=\"#h-el-santurantikuy-a-feira-de-natal-das-artesanias-religiosas\" >El Santurantikuy : A Feira de Natal das Artesanias Religiosas<\/a><ul><li><a href=\"#h-por-que-voce-nao-deve-deixar-de-visitar-santurantikuy-em-cusco\" >Por que voc\u00ea n\u00e3o deve deixar de visitar Santurantikuy em Cusco?<\/a><\/li><\/ul><\/li><li><a href=\"#h-o-bairro-de-san-blas-o-coracao-artesanal-de-cusco-que-voce-nao-pode-deixar-de-conhecer\" >O Bairro de San Blas: O Cora\u00e7\u00e3o Artesanal de Cusco que Voc\u00ea N\u00e3o Pode Deixar de Conhecer<\/a><ul><li><a href=\"#h-por-que-visitar-san-blas\" >Por que visitar San Blas?<\/a><\/li><\/ul><\/li><li><a href=\"#h-centro-artesanal-de-cusco-o-lugar-perfeito-para-comprar-artesanias\" >Centro Artesanal de Cusco: O Lugar Perfeito para Comprar Artesanias<\/a><ul><li><a href=\"#h-por-que-visitar-o-centro-artesanal-de-cusco\" >Por que visitar o Centro Artesanal de Cusco?<\/a><\/li><\/ul><\/li><li><a href=\"#h-os-melhores-museus-de-cusco-para-descobrir-a-artesania-andina\" >Os Melhores Museus de Cusco para Descobrir a Artesania Andina<\/a><\/li><li><a href=\"#h-atividades-de-artesanato-em-cusco-crie-a-sua-propria-obra-de-arte\" >Atividades de Artesanato em Cusco: Crie a sua Pr\u00f3pria Obra de Arte<\/a><ul><li><a href=\"#h-1-pintura-de-toritos\" >1. Pintura de \u201cToritos\u201d<\/a><\/li><li><a href=\"#h-2-pintura-de-lhaminhas\" >2. Pintura de Lhaminhas<\/a><\/li><li><a href=\"#h-3-aulas-de-ceramica\" >3. Aulas de Cer\u00e2mica<\/a><\/li><li><a href=\"#h-4-aulas-de-mascaras-de-paucartambo\" >4. Aulas de M\u00e1scaras de Paucartambo<\/a><\/li><\/ul><\/li><li><a href=\"#h-conclusao\" >Conclus\u00e3o:<\/a><\/li><li><a href=\"#h-voce-pode-se-interessar-por\" >Voc\u00ea pode se interessar por:<\/a><\/li><\/nav><\/ul><\/div>\n\n\n\n<h2 class=\"wp-block-heading\" id=\"h-a-historia-das-artesanias-de-cusco\">A Hist\u00f3ria das \u201cArtesanias\u201d de Cusco<\/h2>\n\n\n\n<p><strong>Cusco<\/strong> foi um lugar onde as \u201cartesanias\u201d n\u00e3o s\u00f3 prosperaram, mas tamb\u00e9m se integraram como parte essencial da vida cotidiana da cidade, nas pr\u00e1ticas religiosas e nas atividades pol\u00edticas. O <strong>artesanato em Cusco<\/strong> tem suas ra\u00edzes na \u00e9poca pr\u00e9-hisp\u00e2nica, quando os incas desenvolveram t\u00e9cnicas avan\u00e7adas em t\u00eaxteis, cer\u00e2mica e metalurgia, refletindo sua cosmovis\u00e3o e conex\u00e3o com a natureza.<\/p>\n\n\n\n<p>Durante a coloniza\u00e7\u00e3o, com a chegada dos espanh\u00f3is, ocorreu uma fus\u00e3o cultural que enriqueceu ainda mais as t\u00e9cnicas e os estilos artesanais. Os colonizadores introduziram novos materiais e designs, que se mesclaram com as tradi\u00e7\u00f5es locais, dando origem a uma nova express\u00e3o art\u00edstica, \u00fanica, que perdura at\u00e9 os dias de hoje.<\/p>\n\n\n\n<h3 class=\"wp-block-heading\" id=\"h-1-epoca-pre-hispanica-o-legado-inca\">1. \u00c9poca Pr\u00e9-Hisp\u00e2nica: O Legado Inca<\/h3>\n\n\n\n<p>Durante o Imp\u00e9rio Inca, as \u201cartesanias\u201d eram altamente valorizadas e estavam estreitamente ligadas \u00e0 religi\u00e3o, \u00e0 pol\u00edtica e \u00e0 economia. Os incas desenvolveram t\u00e9cnicas avan\u00e7adas em:<\/p>\n\n\n\n<ul class=\"wp-block-list\">\n<li><strong>Tecelagem<\/strong>: Os t\u00eaxteis incas eram considerados objetos de grande valor, at\u00e9 mais do que o ouro. Eram tecidos com fibras de alpaca e vicunha, e decorados com desenhos geom\u00e9tricos e simb\u00f3licos que representavam a cosmovis\u00e3o andina.<\/li>\n\n\n\n<li><strong>Cer\u00e2mica<\/strong>: A cer\u00e2mica inca se caracterizava por sua funcionalidade e beleza. Os ceramistas criavam vasos, pratos e esculturas com motivos religiosos e rituais.<\/li>\n\n\n\n<li><strong>Ouro e Prata<\/strong>: Os incas trabalhavam o ouro e a prata para criar joias e objetos cerimoniais, muitos dos quais se perderam durante a conquista espanhola.<\/li>\n<\/ul>\n\n\n\n<h3 class=\"wp-block-heading\" id=\"h-2-epoca-colonial-a-fusao-de-culturas\">2. \u00c9poca Colonial: A Fus\u00e3o de Culturas<\/h3>\n\n\n\n<p>Com a chegada dos espanh\u00f3is, as \u201cartesanias\u201d em Cusco sofreram uma transforma\u00e7\u00e3o. Os colonizadores introduziram novas t\u00e9cnicas e materiais, que se fundiram com as tradi\u00e7\u00f5es locais.<\/p>\n\n\n\n<ul class=\"wp-block-list\">\n<li><strong>Imagina\u00e7\u00e3o e Escultura<\/strong>: Os artes\u00e3os cusquenhos adotaram t\u00e9cnicas europeias para criar esculturas religiosas, ret\u00e1bulos e pinturas a \u00f3leo. A Escola Cusquenha de Arte \u00e9 um exemplo destacado desta fus\u00e3o, onde foram combinados temas religiosos crist\u00e3os com elementos andinos.<\/li>\n\n\n\n<li><strong>Tecelagem<\/strong>: Embora os espanh\u00f3is tenham introduzido os teares europeus, as comunidades ind\u00edgenas mantiveram o uso dos teares de cintura e as t\u00e9cnicas ancestrais de tingimento natural.<\/li>\n\n\n\n<li><strong>Prata<\/strong>: Os artes\u00e3os cusquenhos come\u00e7aram a trabalhar a prata para criar joias e objetos religiosos, como cust\u00f3dias e c\u00e1lices, usados nas igrejas coloniais.<\/li>\n<\/ul>\n\n\n\n<h3 class=\"wp-block-heading\" id=\"h-3-epoca-republicana-preservacao-e-renascimento\">3. \u00c9poca Republicana: Preserva\u00e7\u00e3o e Renascimento<\/h3>\n\n\n\n<p>Ap\u00f3s a independ\u00eancia do Peru no s\u00e9culo XIX, as \u201cartesanias\u201d em Cusco continuaram a evoluir. Embora muitas tradi\u00e7\u00f5es tenham sido mantidas, tamb\u00e9m surgiram novas influ\u00eancias e mercados.<\/p>\n\n\n\n<ul class=\"wp-block-list\">\n<li><strong>Turismo e Comercializa\u00e7\u00e3o<\/strong>: Com o auge do turismo no s\u00e9culo XX, as \u201cartesanias\u201d cusquenhas se tornaram um atrativo para os visitantes. Isso impulsionou a produ\u00e7\u00e3o de pe\u00e7as decorativas e souvenirs, como t\u00eaxteis, cer\u00e2mica e joias.<\/li>\n\n\n\n<li><strong>Revaloriza\u00e7\u00e3o das T\u00e9cnicas Ancestrais<\/strong>: Nas \u00faltimas d\u00e9cadas, houve um empenho no sentido da preserva\u00e7\u00e3o e promo\u00e7\u00e3o das t\u00e9cnicas ancestrais, especialmente em comunidades como Chinchero, onde tecel\u00e3s mant\u00eam viva a tradi\u00e7\u00e3o t\u00eaxtil.<\/li>\n<\/ul>\n\n\n\n<div class=\"wp-block-columns is-layout-flex wp-container-core-columns-is-layout-9d6595d7 wp-block-columns-is-layout-flex\">\n<div class=\"wp-block-column is-layout-flow wp-block-column-is-layout-flow\"><div class=\"wp-block-image\">\n<figure class=\"aligncenter size-large\"><img loading=\"lazy\" decoding=\"async\" width=\"1024\" height=\"683\" src=\"https:\/\/www.salkantaytrilha.com\/blog\/wp-content\/uploads\/2024\/11\/artesanato-inca-1024x683.jpg\" alt=\"Representa\u00e7\u00e3o de incas fazendo artesanato inca.\" class=\"wp-image-3005\"\/><figcaption class=\"wp-element-caption\">Artesanato inca.<\/figcaption><\/figure>\n<\/div><\/div>\n<\/div>\n\n\n\n<h2 class=\"wp-block-heading\" id=\"h-principais-artesanias-de-cusco\">Principais \u201cArtesanias\u201d de Cusco<\/h2>\n\n\n\n<h3 class=\"wp-block-heading\" id=\"h-tecelagem\">Tecelagem:<\/h3>\n\n\n\n<p>A tecelagem \u00e9 a arte e a t\u00e9cnica de fabricar tecidos a partir de fibras naturais ou sint\u00e9ticas. No contexto andino, a tecelagem \u00e9 uma das express\u00f5es culturais mais importantes, j\u00e1 que os povos pr\u00e9-hisp\u00e2nicos, como os incas, desenvolveram t\u00e9cnicas avan\u00e7adas de tecelagem com l\u00e3 de alpaca, vicunha, lhama e algod\u00e3o.<\/p>\n\n\n\n<h4 class=\"wp-block-heading\" id=\"h-as-tecelas-de-chinchero-guardias-dos-tecidos-andinos\">As Tecel\u00e3s de Chinchero: Guardi\u00e3s dos Tecidos Andinos<\/h4>\n\n\n\n<p>A apenas 30 quil\u00f4metros de Cusco, o povoado de Chinchero \u00e9 famoso por suas tecel\u00e3s, que mant\u00eam viva uma tradi\u00e7\u00e3o t\u00eaxtil que remonta \u00e0 \u00e9poca incaica. As mulheres de Chinchero tecem em teares de cintura, uma t\u00e9cnica ancestral transmitida de gera\u00e7\u00e3o em gera\u00e7\u00e3o.<\/p>\n\n\n\n<p>Os tecidos de Chinchero s\u00e3o reconhecidos por suas cores vibrantes e desenhos complexos, que representam s\u00edmbolos e padr\u00f5es da cosmovis\u00e3o andina. Cada pe\u00e7a \u00e9 \u00fanica e conta uma hist\u00f3ria, desde os rituais agr\u00edcolas at\u00e9 as cren\u00e7as espirituais. Visitar Chinchero n\u00e3o \u00e9 apenas uma oportunidade para adquirir um tecido aut\u00eantico, mas tamb\u00e9m para aprender sobre a cultura e a hist\u00f3ria por tr\u00e1s de cada fio.<\/p>\n\n\n\n<p><strong>O que fazer em Chinchero?<\/strong><\/p>\n\n\n\n<ul class=\"wp-block-list\">\n<li>Participar de oficinas de tecelagem e aprender t\u00e9cnicas ancestrais.<\/li>\n\n\n\n<li>Adquirir produtos feitos \u00e0 m\u00e3o pelas famosas tecel\u00e3s.<\/li>\n\n\n\n<li>Conhecer de perto o processo de tingimento natural com plantas e minerais locais.<\/li>\n<\/ul>\n\n\n\n<p><strong>Quais s\u00e3o os artigos de maior relev\u00e2ncia na tecelagem cusquenha?<\/strong><\/p>\n\n\n\n<ul class=\"wp-block-list\">\n<li>Qualquer mercadoria feita com l\u00e3 de baby alpaca ou alpaca.<\/li>\n\n\n\n<li>Um \u201cchullo\u201d ou poncho \u00e9 muito tradicional em Cusco.<\/li>\n<\/ul>\n\n\n\n<p class=\"orange\"><strong>Dica<\/strong>: Verifique se o que voc\u00ea est\u00e1 comprando \u00e9 realmente produzido com baby alpaca. Existem lojas especializadas que possuem certifica\u00e7\u00e3o, como Kuna e Alpaca 111, onde voc\u00ea pode adquirir produtos verdadeiros. Se preferir comprar em feiras livres ou mercados, \u00e9 fundamental saber diferenciar as fibras aut\u00eanticas das imita\u00e7\u00f5es. Por isso, \u00e9 necess\u00e1rio saber identificar a baby alpaca genu\u00edna para fazer uma compra segura e de qualidade.<\/p>\n\n\n\n<div class=\"wp-block-columns is-layout-flex wp-container-core-columns-is-layout-9d6595d7 wp-block-columns-is-layout-flex\">\n<div class=\"wp-block-column is-layout-flow wp-block-column-is-layout-flow\"><div class=\"wp-block-image\">\n<figure class=\"aligncenter size-full\"><img loading=\"lazy\" decoding=\"async\" width=\"800\" height=\"1000\" src=\"https:\/\/www.salkantaytrilha.com\/blog\/wp-content\/uploads\/2024\/10\/Guias-observando-demonstracao-tecelagem-andina-Chincheros.jpg\" alt=\"Guias observando a demonstra\u00e7\u00e3o de tecelagem andina em Chincheros\" class=\"wp-image-1094\"\/><figcaption class=\"wp-element-caption\">Tecelagem andina em Chincheros<\/figcaption><\/figure>\n<\/div><\/div>\n\n\n\n<div class=\"wp-block-column is-layout-flow wp-block-column-is-layout-flow\"><div class=\"wp-block-image\">\n<figure class=\"aligncenter size-full\"><img loading=\"lazy\" decoding=\"async\" width=\"800\" height=\"1000\" src=\"https:\/\/www.salkantaytrilha.com\/blog\/wp-content\/uploads\/2024\/05\/Materiais-processo-tecelagem-andina-Chinchero.jpg\" alt=\"Materiais para o processo de tecelagem andina em Chinchero\" class=\"wp-image-125\"\/><figcaption class=\"wp-element-caption\">Materiais para tecelagem andina em Chinchero<\/figcaption><\/figure>\n<\/div><\/div>\n<\/div>\n\n\n\n<div class=\"wp-block-columns is-layout-flex wp-container-core-columns-is-layout-9d6595d7 wp-block-columns-is-layout-flex\">\n<div class=\"wp-block-column is-layout-flow wp-block-column-is-layout-flow\"><div class=\"wp-block-image\">\n<figure class=\"aligncenter size-large\"><img loading=\"lazy\" decoding=\"async\" width=\"1024\" height=\"666\" src=\"https:\/\/www.salkantaytrilha.com\/blog\/wp-content\/uploads\/2024\/05\/Chinchero-Antigas-Tradicoes-Texteis-1024x666.jpg\" alt=\"Chinchero: Antigas Tradi\u00e7\u00f5es T\u00eaxteis\" class=\"wp-image-130\"\/><figcaption class=\"wp-element-caption\">Chinchero: Antigas Tradi\u00e7\u00f5es T\u00eaxteis<\/figcaption><\/figure>\n<\/div><\/div>\n<\/div>\n\n\n\n<h3 class=\"wp-block-heading\" id=\"h-ceramica\">Cer\u00e2mica<\/h3>\n\n\n\n<p>A cer\u00e2mica andina reflete a hist\u00f3ria e a cultura do Peru. Sua preserva\u00e7\u00e3o e comercializa\u00e7\u00e3o n\u00e3o s\u00f3 perpetuam as tradi\u00e7\u00f5es, mas tamb\u00e9m geram oportunidades econ\u00f4micas. Se voc\u00ea busca a aut\u00eantica cer\u00e2mica cusquenha, apoie os artes\u00e3os locais e descubra o legado de uma das artes mais emblem\u00e1ticas dos Andes.<\/p>\n\n\n\n<h4 class=\"wp-block-heading\" id=\"h-ceramica-cusquenha-a-arte-da-familia-ruiz-caro\">Cer\u00e2mica Cusquenha: A Arte da Fam\u00edlia Ruiz Caro<\/h4>\n\n\n\n<p>Na cidade de Cusco, destaca-se a produ\u00e7\u00e3o da fam\u00edlia Ruiz Caro, pioneira da chamada &#8220;Cer\u00e2mica Cusquenha&#8221;. Esta tradi\u00e7\u00e3o \u00e9 caracterizada pela cria\u00e7\u00e3o de pe\u00e7as utilit\u00e1rias, especialmente lou\u00e7as, que combinam um esmalte de alta qualidade com a estiliza\u00e7\u00e3o de motivos inspirados na cer\u00e2mica incaica.<\/p>\n\n\n\n<p>Os Ruiz Caro conseguiram fundir t\u00e9cnicas modernas ao legado ancestral, utilizando fornos de alta temperatura e esmaltes brilhantes para criar pe\u00e7as que s\u00e3o tanto funcionais quanto decorativas. Seus desenhos incluem padr\u00f5es geom\u00e9tricos, figuras de deidades andinas e s\u00edmbolos como o Inti (sol) e a Chakana (cruz andina), fazendo com que cada pe\u00e7a seja um tributo \u00e0 cultura inca.<\/p>\n\n\n\n<p><strong>Onde comprar Cer\u00e2mica Cusquenha?<\/strong><\/p>\n\n\n\n<ul class=\"wp-block-list\">\n<li>Centro Artesanal de Cusco<\/li>\n\n\n\n<li>Feiras itinerantes<\/li>\n\n\n\n<li>Diretamente na casa do produtor, localizada no distrito de Santiago, Calle Coquimbo 1121.<\/li>\n<\/ul>\n\n\n\n<p><strong>Quais s\u00e3o as pe\u00e7as mais destacadas da cer\u00e2mica cusquenha?<\/strong><\/p>\n\n\n\n<ul class=\"wp-block-list\">\n<li>Lou\u00e7as completas (pratos, x\u00edcaras e tigelas) com esmalte brilhante e motivos incaicos.<\/li>\n\n\n\n<li>Jarros e centros de mesa decorados com s\u00edmbolos andinos.<\/li>\n\n\n\n<li>Pe\u00e7as \u00fanicas que combinam funcionalidade e arte, como bules e bandejas.<\/li>\n\n\n\n<li>Esculturas pequenas retratando deidades e animais sagrados, como condores e pumas.<\/li>\n<\/ul>\n\n\n\n<h4 class=\"wp-block-heading\" id=\"h-ceramica-e-oleiro-de-raqchi-o-legado-do-barro\">Cer\u00e2mica e Oleiro de Raqchi: O Legado do Barro<\/h4>\n\n\n\n<p>No distrito de San Pedro, perto de Raqchi, a 3 horas da cidade de Cusco, h\u00e1 uma comunidade de ceramistas que manteve viva a tradi\u00e7\u00e3o de trabalhos com barro. A cer\u00e2mica de Raqchi \u00e9 conhecida por sua beleza e funcionalidade, com pe\u00e7as que v\u00e3o desde vasos e pratos at\u00e9 esculturas decorativas.<\/p>\n\n\n\n<p>Os artes\u00e3os de Raqchi utilizam t\u00e9cnicas ancestrais, como a modelagem \u00e0 m\u00e3o e a cozedura em fornos de lenha, para criar pe\u00e7as que refletem a conex\u00e3o entre o homem e a natureza. Muitas dessas obras s\u00e3o inspiradas em motivos incaicos, como o Inti (sol) e a Pachamama (m\u00e3e terra), o que as torna verdadeiras obras de arte. A palavra quechua <em>raqch\u2019i<\/em> ou <em>raqchi<\/em> significa &#8220;cer\u00e2mica elaborada com material vulc\u00e2nico&#8221;, o que confirma que Raqchi sempre foi conhecida como uma vila de oleiros.<\/p>\n\n\n\n<p><strong>O que comprar em Raqchi?<\/strong><\/p>\n\n\n\n<ul class=\"wp-block-list\">\n<li>Vasos e pratos decorados com motivos incaicos.<\/li>\n\n\n\n<li>Esculturas que retratam deidades andinas e animais simb\u00f3licos.<\/li>\n\n\n\n<li>Pe\u00e7as utilit\u00e1rias, como x\u00edcaras e jarros.<\/li>\n<\/ul>\n\n\n\n<p><strong>Quais s\u00e3o as pe\u00e7as mais destacadas da cer\u00e2mica de Raqchi?<\/strong><\/p>\n\n\n\n<ul class=\"wp-block-list\">\n<li><strong>Ar\u00edbalo<\/strong> (Vaso incaico de base pontiaguda e pesco\u00e7o estreito, usado para armazenar l\u00edquidos e s\u00edmbolo da cosmovis\u00e3o andina).<\/li>\n\n\n\n<li><strong>Raqui<\/strong> (Cer\u00e2mica tradicional de Raqchi, feita com t\u00e9cnicas ancestrais e motivos incaicos, funcional e decorativa).<\/li>\n\n\n\n<li>Lou\u00e7as utilit\u00e1rias ou decorativas.<\/li>\n<\/ul>\n\n\n\n<div class=\"wp-block-columns is-layout-flex wp-container-core-columns-is-layout-9d6595d7 wp-block-columns-is-layout-flex\">\n<div class=\"wp-block-column is-layout-flow wp-block-column-is-layout-flow\"><div class=\"wp-block-image\">\n<figure class=\"aligncenter size-large\"><img loading=\"lazy\" decoding=\"async\" width=\"1024\" height=\"683\" src=\"https:\/\/www.salkantaytrilha.com\/blog\/wp-content\/uploads\/2024\/11\/Artesanato-utensilios-mesa-utilitarios-decorativos-1024x683.jpg\" alt=\"Artesanato de utens\u00edlios de mesa utilit\u00e1rios e decorativos\" class=\"wp-image-3007\"\/><figcaption class=\"wp-element-caption\">Artesanato de utens\u00edlios de mesa utilit\u00e1rios e decorativos<\/figcaption><\/figure>\n<\/div><\/div>\n<\/div>\n\n\n\n<h3 class=\"wp-block-heading\" id=\"h-imagineria-ou-escultura-cusquenha\">\u201cImagineria\u201d ou Escultura Cusquenha:<\/h3>\n\n\n\n<p>A \u201cimagineria\u201d \u00e9 uma arte tradicional que consiste na cria\u00e7\u00e3o de esculturas, entalhes ou figuras, principalmente de car\u00e1ter religioso, que representam santos, virgens, cristos, anjos e outras figuras sagradas. Esta arte tem uma profunda raiz na cultura religiosa e se desenvolveu especialmente durante a \u00e9poca colonial na Am\u00e9rica Latina, embora suas origens remontam \u00e0 Europa, onde os artistas criavam imagens para igrejas e prociss\u00f5es.<\/p>\n\n\n\n<h4 class=\"wp-block-heading\" id=\"h-guardioes-da-arte-sagrada-os-mestres-imagineros-que-preservam-a-tradicao-cusquenha\">Guardi\u00f5es da Arte Sagrada: Os Mestres \u201cImagineros\u201d que Preservam a Tradi\u00e7\u00e3o Cusquenha<\/h4>\n\n\n\n<p>Em Cusco, a \u201cimagineria\u201d tem um significado especial devido \u00e0 fus\u00e3o das tradi\u00e7\u00f5es ind\u00edgenas e \u00e0 influ\u00eancia espanhola durante a coloniza\u00e7\u00e3o. Os mestres \u201cimagineros\u201d cusquenhos, como Antonio Olave, Santiago Rojas e Abraham Aller, mantiveram viva essa tradi\u00e7\u00e3o, criando obras que n\u00e3o s\u00e3o apenas valiosas artisticamente, mas tamb\u00e9m cultural e religiosamente significativas. Suas esculturas, como os &#8220;Ni\u00f1os Manuelitos&#8221; ou as imagens de santos e virgens, s\u00e3o parte integral de festividades como o Santurantikuy (feira de santos) e outras celebra\u00e7\u00f5es religiosas da regi\u00e3o.<\/p>\n\n\n\n<p><strong>Onde encontrar \u201cimagineria\u201d em Cusco?<\/strong><\/p>\n\n\n\n<ul class=\"wp-block-list\">\n<li>Em ateli\u00eas especializados ou galerias no centro hist\u00f3rico ou no bairro de San Blas.<\/li>\n\n\n\n<li>No local da Benem\u00e9rita Sociedade de Artes\u00e3os de Cusco, situada na Plaza de Armas, na Capela de S\u00e3o Ignacio.<\/li>\n\n\n\n<li>Na feira de Santurantikuy.<\/li>\n<\/ul>\n\n\n\n<p><strong>Quais s\u00e3o as pe\u00e7as mais destacadas da \u201cimagineria\u201d cusquenha?<\/strong><\/p>\n\n\n\n<ul class=\"wp-block-list\">\n<li><strong>Os Ni\u00f1os Manuelitos<\/strong> (esculturas pequenas do menino Jesus).<\/li>\n\n\n\n<li><strong>As m\u00e1scaras de Paucartambo<\/strong>.<\/li>\n<\/ul>\n\n\n\n<div class=\"wp-block-columns is-layout-flex wp-container-core-columns-is-layout-9d6595d7 wp-block-columns-is-layout-flex\">\n<div class=\"wp-block-column is-layout-flow wp-block-column-is-layout-flow\"><div class=\"wp-block-image\">\n<figure class=\"aligncenter size-full\"><img loading=\"lazy\" decoding=\"async\" width=\"800\" height=\"1000\" src=\"https:\/\/www.salkantaytrilha.com\/blog\/wp-content\/uploads\/2024\/11\/Nino-Manuelito-@carlitalaime_4fc.jpg\" alt=\"Ni\u00f1o Manuelito | @carlitalaime_4fc\" class=\"wp-image-3008\"\/><figcaption class=\"wp-element-caption\">Ni\u00f1o Manuelito | @carlitalaime_4fc<\/figcaption><\/figure>\n<\/div><\/div>\n\n\n\n<div class=\"wp-block-column is-layout-flow wp-block-column-is-layout-flow\"><div class=\"wp-block-image\">\n<figure class=\"aligncenter size-full\"><img loading=\"lazy\" decoding=\"async\" width=\"800\" height=\"1000\" src=\"https:\/\/www.salkantaytrilha.com\/blog\/wp-content\/uploads\/2024\/11\/Paucartambo-@josealcantara.pe_.jpg\" alt=\"Paucartambo | @josealcantara.pe\" class=\"wp-image-3009\"\/><figcaption class=\"wp-element-caption\">Paucartambo | @josealcantara.pe<\/figcaption><\/figure>\n<\/div><\/div>\n<\/div>\n\n\n\n<h3 class=\"wp-block-heading\" id=\"h-prataria-e-joalheria\">Prataria e Joalheria:<\/h3>\n\n\n\n<p>Tanto a prataria quanto \u00e0 joalheria s\u00e3o express\u00f5es art\u00edsticas que deixaram uma marca na hist\u00f3ria da humanidade. Seja por sua eleg\u00e2ncia atemporal em uma joia ou pela funcionalidade art\u00edstica de uma pe\u00e7a de prata, ambas convidam a apreciar a maestria e a criatividade dos artes\u00e3os.<\/p>\n\n\n\n<h4 class=\"wp-block-heading\" id=\"h-prataria-e-joalheria-os-ourives-de-cusco\">Prataria e Joalheria: Os Ourives de Cusco<\/h4>\n\n\n\n<p>Os mestres ourives de Cusco trabalham com prata e ouro para criar pe\u00e7as \u00fanicas, desde joias tradicionais at\u00e9 objetos decorativos. Essas obras s\u00e3o apreciadas por sua beleza e simbolismo, e muitas delas incorporam motivos andinos e coloniais.<\/p>\n\n\n\n<p><strong>Onde encontrar prataria e joalheria em Cusco?<\/strong><\/p>\n\n\n\n<ul class=\"wp-block-list\">\n<li>Em joalherias e galerias espalhadas pelo centro hist\u00f3rico.<\/li>\n\n\n\n<li>Na feira de Santurantikuy.<\/li>\n\n\n\n<li>Em mercados artesanais como o Mercado Artesanal de Cusco.<\/li>\n<\/ul>\n\n\n\n<p><strong>Quais s\u00e3o as pe\u00e7as mais destacadas de prataria e joalheria em Cusco?<\/strong><\/p>\n\n\n\n<ul class=\"wp-block-list\">\n<li>Brincos e pendentes de prata.<\/li>\n\n\n\n<li>Colares e pingentes com simbolismos inca.<\/li>\n\n\n\n<li>Joias de ouro com filigrana.<\/li>\n\n\n\n<li>Joalheria decorativa.<\/li>\n<\/ul>\n\n\n\n<div class=\"wp-block-columns is-layout-flex wp-container-core-columns-is-layout-9d6595d7 wp-block-columns-is-layout-flex\">\n<div class=\"wp-block-column is-layout-flow wp-block-column-is-layout-flow\"><div class=\"wp-block-image\">\n<figure class=\"aligncenter size-full\"><img loading=\"lazy\" decoding=\"async\" width=\"800\" height=\"1000\" src=\"https:\/\/www.salkantaytrilha.com\/blog\/wp-content\/uploads\/2024\/11\/Artigos-de-prata-e-joias-em-Cusco-@callasijoyeria.jpg\" alt=\"Artigos de prata e joias em Cusco | @callasijoyeria\" class=\"wp-image-3010\"\/><figcaption class=\"wp-element-caption\">Artigos de prata e joias em Cusco | @callasijoyeria<\/figcaption><\/figure>\n<\/div><\/div>\n\n\n\n<div class=\"wp-block-column is-layout-flow wp-block-column-is-layout-flow\"><div class=\"wp-block-image\">\n<figure class=\"aligncenter size-full\"><img loading=\"lazy\" decoding=\"async\" width=\"800\" height=\"1000\" src=\"https:\/\/www.salkantaytrilha.com\/blog\/wp-content\/uploads\/2024\/11\/Artigos-de-prata-e-joias-em-Cusco-Joyeria-Edgar-Tica.jpg\" alt=\"Artigos de prata e joias em Cusco | Joyer\u00eda Edgar Tica\" class=\"wp-image-3011\"\/><figcaption class=\"wp-element-caption\">Artigos de prata e joias em Cusco | Joyer\u00eda Edgar Tica<\/figcaption><\/figure>\n<\/div><\/div>\n<\/div>\n\n\n\n<h3 class=\"wp-block-heading\" id=\"h-peleteria\">Peleteria<\/h3>\n\n\n\n<p>A peleteria \u00e9 uma express\u00e3o art\u00edstica que consiste no trabalho com couros e peles para criar roupas, cal\u00e7ados, acess\u00f3rios e objetos decorativos.<\/p>\n\n\n\n<h4 class=\"wp-block-heading\" id=\"h-peleteria-a-arte-de-trabalhar-o-couro-e-a-pele-em-cusco\">Peleteria: A Arte de Trabalhar o couro e a pele em Cusco<\/h4>\n\n\n\n<p>Em Cusco, essa tradi\u00e7\u00e3o tem ra\u00edzes pr\u00e9-hisp\u00e2nicas, quando os antigos habitantes utilizavam peles de animais para confeccionar vestimentas e ferramentas. Com a chegada dos espanh\u00f3is, novas t\u00e9cnicas e designs foram incorporados, fundindo-se com os estilos locais.<\/p>\n\n\n\n<p><strong>Onde encontrar peleteria em Cusco?<\/strong><\/p>\n\n\n\n<ul class=\"wp-block-list\">\n<li>Em mercados artesanais como o Centro Artesanal de Cusco.<\/li>\n\n\n\n<li>Em feiras locais e eventos culturais.<\/li>\n<\/ul>\n\n\n\n<p><strong>Quais s\u00e3o as pe\u00e7as mais destacadas da peleteria cusquenha?<\/strong><\/p>\n\n\n\n<ul class=\"wp-block-list\">\n<li>Chap\u00e9us de pele.<\/li>\n\n\n\n<li>Lhamas, cobaias e todo tipo de pel\u00facias.<\/li>\n\n\n\n<li>Capachos e tapetes decorativos.<\/li>\n<\/ul>\n\n\n\n<div class=\"wp-block-columns is-layout-flex wp-container-core-columns-is-layout-9d6595d7 wp-block-columns-is-layout-flex\">\n<div class=\"wp-block-column is-layout-flow wp-block-column-is-layout-flow\"><div class=\"wp-block-image\">\n<figure class=\"aligncenter size-full\"><img loading=\"lazy\" decoding=\"async\" width=\"800\" height=\"1000\" src=\"https:\/\/www.salkantaytrilha.com\/blog\/wp-content\/uploads\/2024\/11\/Centro-de-Artesanato-de-Cusco.jpg\" alt=\"Centro de Artesanato de Cusco\" class=\"wp-image-3013\"\/><figcaption class=\"wp-element-caption\">Centro de Artesanato de Cusco<\/figcaption><\/figure>\n<\/div><\/div>\n\n\n\n<div class=\"wp-block-column is-layout-flow wp-block-column-is-layout-flow\"><div class=\"wp-block-image\">\n<figure class=\"aligncenter size-full\"><img loading=\"lazy\" decoding=\"async\" width=\"800\" height=\"1000\" src=\"https:\/\/www.salkantaytrilha.com\/blog\/wp-content\/uploads\/2024\/11\/Centro-Artesanal-del-Cusco.jpg\" alt=\"Centro Artesanal del Cusco\" class=\"wp-image-3015\"\/><figcaption class=\"wp-element-caption\">Centro Artesanal del Cusco<\/figcaption><\/figure>\n<\/div><\/div>\n<\/div>\n\n\n\n<h3 class=\"wp-block-heading\" id=\"h-pintura\">Pintura:<\/h3>\n\n\n\n<p>A pintura \u00e9 uma das formas de express\u00e3o art\u00edstica mais antigas e universais, que consiste na aplica\u00e7\u00e3o de pigmentos, corantes ou outros meios sobre uma superf\u00edcie (como tela, madeira, papel ou parede) para criar imagens, representa\u00e7\u00f5es visuais ou composi\u00e7\u00f5es abstratas.<\/p>\n\n\n\n<h4 class=\"wp-block-heading\" id=\"h-escola-cusquenha-a-arte-colonial-que-fundiu-a-europa-com-os-andes\">Escola Cusquenha: A arte colonial que fundiu a Europa com os Andes<\/h4>\n\n\n\n<p>A Escola Cusquenha \u00e9 uma das manifesta\u00e7\u00f5es art\u00edsticas mais reconhecidas e valorizadas da Am\u00e9rica Latina. Surgida no s\u00e9culo XVI na cidade de Cusco, essa corrente art\u00edstica se desenvolveu como resultado da fus\u00e3o entre as t\u00e9cnicas pict\u00f3ricas europ\u00e9ias, trazidas pelos colonizadores espanh\u00f3is, e a sensibilidade e cosmovis\u00e3o andina dos artistas locais. Essa fus\u00e3o \u00fanica deu origem a um estilo caracterizado pela sua riqueza iconogr\u00e1fica, pelo uso de cores vibrantes e pela incorpora\u00e7\u00e3o de elementos culturais ind\u00edgenas em representa\u00e7\u00f5es religiosas.<\/p>\n\n\n\n<p><strong>Onde posso encontrar telas criadas com a t\u00e9cnica da Escola Cusquenha?<\/strong><\/p>\n\n\n\n<ul class=\"wp-block-list\">\n<li>Galerias de Arte do bairro de San Blas<\/li>\n\n\n\n<li>Em mercados artesanais como o Centro Artesanal de Cusco<\/li>\n<\/ul>\n\n\n\n<p><strong>Quais s\u00e3o as pe\u00e7as mais destacadas realizadas com a t\u00e9cnica da Escola Cusquenha?<\/strong><\/p>\n\n\n\n<ul class=\"wp-block-list\">\n<li>Quadros de arcanjos (arcanjo Eliel com arcabuz) e da Virgem Maria.<\/li>\n<\/ul>\n\n\n\n<div class=\"wp-block-columns is-layout-flex wp-container-core-columns-is-layout-9d6595d7 wp-block-columns-is-layout-flex\">\n<div class=\"wp-block-column is-layout-flow wp-block-column-is-layout-flow\"><div class=\"wp-block-image\">\n<figure class=\"aligncenter size-full\"><img loading=\"lazy\" decoding=\"async\" width=\"800\" height=\"1000\" src=\"https:\/\/www.salkantaytrilha.com\/blog\/wp-content\/uploads\/2024\/11\/Galerias-arte-bairro-San-Blas.jpg\" alt=\"Galerias de arte do bairro de San Blas\" class=\"wp-image-3016\"\/><figcaption class=\"wp-element-caption\">Galerias de arte do bairro de San Blas<\/figcaption><\/figure>\n<\/div><\/div>\n\n\n\n<div class=\"wp-block-column is-layout-flow wp-block-column-is-layout-flow\"><div class=\"wp-block-image\">\n<figure class=\"aligncenter size-full\"><img loading=\"lazy\" decoding=\"async\" width=\"800\" height=\"1000\" src=\"https:\/\/www.salkantaytrilha.com\/blog\/wp-content\/uploads\/2024\/11\/Fotos-arcanjos-mercado-de-artesanato-Cusco.jpg\" alt=\"Fotos de arcanjos no mercado de artesanato de Cusco\" class=\"wp-image-3017\"\/><figcaption class=\"wp-element-caption\">Mercado de artesanato de Cusco<\/figcaption><\/figure>\n<\/div><\/div>\n<\/div>\n\n\n\n<h3 class=\"wp-block-heading\" id=\"h-escultura-em-pedra\">Escultura em Pedra<\/h3>\n\n\n\n<p>A escultura em pedra \u00e9 uma t\u00e9cnica art\u00edstica e artesanal que consiste em dar forma, esculpir ou decorar um material s\u00f3lido por meio da elimina\u00e7\u00e3o progressiva de partes de sua superf\u00edcie.<\/p>\n\n\n\n<h4 class=\"wp-block-heading\" id=\"h-escultura-em-pedra-a-arte-inca-em-cusco\">Escultura em Pedra: A Arte Inca em Cusco<\/h4>\n\n\n\n<p>A escultura em pedra \u00e9 uma express\u00e3o magistral da engenharia, arquitetura e arte desenvolvida pela civiliza\u00e7\u00e3o inca, que pode ser apreciada em toda a sua magnitude na cidade de Cusco e em seus arredores. Essa arte se caracteriza pela precis\u00e3o, pela simbologia e pela conex\u00e3o com a natureza, sendo um dos legados mais impressionantes da cultura andina.<\/p>\n\n\n\n<p><strong>Onde posso encontrar pe\u00e7as de escultura em pedra?<\/strong><\/p>\n\n\n\n<ul class=\"wp-block-list\">\n<li>Em ateli\u00eas de escultura em pedra, como <strong>Rumimaki<\/strong> em Machu Picchu e <strong>Rumi&#8217;s Esculturas<\/strong> em Urubamba.<\/li>\n\n\n\n<li>No Centro Artesanal de Cusco<\/li>\n\n\n\n<li>Em feiras artesanais<\/li>\n<\/ul>\n\n\n\n<p><strong>Quais s\u00e3o as pe\u00e7as mais destacadas da escultura em pedra?<\/strong><\/p>\n\n\n\n<ul class=\"wp-block-list\">\n<li>Pe\u00e7as da cosmovis\u00e3o andina<\/li>\n<\/ul>\n\n\n\n<div class=\"wp-block-columns is-layout-flex wp-container-core-columns-is-layout-9d6595d7 wp-block-columns-is-layout-flex\">\n<div class=\"wp-block-column is-layout-flow wp-block-column-is-layout-flow\"><div class=\"wp-block-image\">\n<figure class=\"aligncenter size-full\"><img loading=\"lazy\" decoding=\"async\" width=\"800\" height=\"1000\" src=\"https:\/\/www.salkantaytrilha.com\/blog\/wp-content\/uploads\/2024\/11\/Pecas-da-cosmovisao-andina.jpg\" alt=\"Pe\u00e7as da cosmovis\u00e3o andina\" class=\"wp-image-3018\"\/><figcaption class=\"wp-element-caption\">Pe\u00e7as da cosmovis\u00e3o andina<\/figcaption><\/figure>\n<\/div><\/div>\n\n\n\n<div class=\"wp-block-column is-layout-flow wp-block-column-is-layout-flow\"><div class=\"wp-block-image\">\n<figure class=\"aligncenter size-full\"><img loading=\"lazy\" decoding=\"async\" width=\"800\" height=\"1000\" src=\"https:\/\/www.salkantaytrilha.com\/blog\/wp-content\/uploads\/2024\/11\/Obras-em-pedra-Centro-Artesanal-del-Cusco.jpg\" alt=\"Obras em pedra Centro Artesanal del Cusco\" class=\"wp-image-3019\"\/><figcaption class=\"wp-element-caption\">Obras em pedra Centro Artesanal del Cusco<\/figcaption><\/figure>\n<\/div><\/div>\n<\/div>\n\n\n\n<h4 class=\"wp-block-heading\" id=\"h-escultura-em-madeira-arte-sacra-e-decorativa\">Escultura em Madeira: Arte Sacra e Decorativa<\/h4>\n\n\n\n<p>A escultura em madeira: Arte Sacra e Decorativa \u00e9 uma express\u00e3o art\u00edstica que consiste em esculpir, modelar e decorar a madeira para criar obras com fins religiosos, cerimoniais ou est\u00e9ticos. Esta t\u00e9cnica foi utilizada por diversas culturas ao longo da hist\u00f3ria, e no contexto da Am\u00e9rica Latina, especialmente durante o per\u00edodo colonial, adquiriu grande desenvolvimento como parte da arte sacra.<\/p>\n\n\n\n<p><strong>Onde posso encontrar pe\u00e7as de escultura em madeira?<\/strong><\/p>\n\n\n\n<ul class=\"wp-block-list\">\n<li>No Bairro dos Artes\u00e3os de San Blas<\/li>\n\n\n\n<li>Na Feira de Santurantikuy<\/li>\n\n\n\n<li>No Centro Artesanal de Cusco<\/li>\n\n\n\n<li>Em feiras artesanais<\/li>\n<\/ul>\n\n\n\n<p><strong>Quais s\u00e3o as pe\u00e7as mais destacadas da escultura em madeira?<\/strong><\/p>\n\n\n\n<ul class=\"wp-block-list\">\n<li>Pe\u00e7as ou molduras para quadros<\/li>\n\n\n\n<li>P\u00falpitos e pe\u00e7as decorativas como caixas porta-joias<\/li>\n<\/ul>\n\n\n\n<div class=\"wp-block-columns is-layout-flex wp-container-core-columns-is-layout-9d6595d7 wp-block-columns-is-layout-flex\">\n<div class=\"wp-block-column is-layout-flow wp-block-column-is-layout-flow\"><div class=\"wp-block-image\">\n<figure class=\"aligncenter size-large\"><img loading=\"lazy\" decoding=\"async\" width=\"1024\" height=\"683\" src=\"https:\/\/www.salkantaytrilha.com\/blog\/wp-content\/uploads\/2024\/11\/Artesanato-em-madeira-entalhada-1024x683.jpg\" alt=\"Artesanato em madeira entalhada\" class=\"wp-image-3020\"\/><figcaption class=\"wp-element-caption\">Artesanato em madeira entalhada<\/figcaption><\/figure>\n<\/div><\/div>\n<\/div>\n\n\n\n<h3 class=\"wp-block-heading\" id=\"h-bordado\">Bordado<\/h3>\n\n\n\n<p>O bordado \u00e9 uma t\u00e9cnica artesanal e t\u00eaxtil que consiste em decorar tecido ou outros materiais utilizando agulha e linha. Essa t\u00e9cnica permite criar desenhos, padr\u00f5es e figuras sobre a superf\u00edcie do tecido, seja de maneira manual ou com o aux\u00edlio de m\u00e1quinas.<\/p>\n\n\n\n<h4 class=\"wp-block-heading\" id=\"h-bordado-cusquenho-maquinasca-a-arte-que-une-seculos-em-cada-ponto\">Bordado Cusquenho: \u201cMaquinasca\u201d, a arte que une s\u00e9culos em cada ponto.<\/h4>\n\n\n\n<p>O Bordado Cusquenho, tamb\u00e9m conhecido como \u201cMaquinasca\u201d, \u00e9 uma express\u00e3o artesanal tradicional originada na regi\u00e3o de Cusco, no Peru. Esta t\u00e9cnica de bordado \u00e9 uma fus\u00e3o de influ\u00eancias ind\u00edgenas e coloniais, e se caracteriza pela riqueza de detalhes, cores vibrantes e motivos que refletem a cultura andina. O termo &#8220;Maquinasca&#8221; vem do quechua e significa bordado \u00e0 m\u00e1quina, embora tamb\u00e9m seja realizado manualmente.<\/p>\n\n\n\n<p><strong>Onde posso encontrar pe\u00e7as de bordado cusquenho: \u201cMaquinasca\u201d?<\/strong><\/p>\n\n\n\n<ul class=\"wp-block-list\">\n<li>No Centro Artesanal de Cusco<\/li>\n\n\n\n<li>Na esquina das ruas Concevidayoc e Santa Clara, existe uma loja que vende esse tipo de bordado<\/li>\n\n\n\n<li>No Centro Comercial Ima Sumac<\/li>\n\n\n\n<li>Em feiras artesanais<\/li>\n<\/ul>\n\n\n\n<p><strong>Quais s\u00e3o as pe\u00e7as mais destacadas do bordado cusquenho: \u201cMaquinasca\u201d?<\/strong><\/p>\n\n\n\n<ul class=\"wp-block-list\">\n<li>Jaquetas de jeans bordadas<\/li>\n<\/ul>\n\n\n\n<div class=\"wp-block-columns is-layout-flex wp-container-core-columns-is-layout-9d6595d7 wp-block-columns-is-layout-flex\">\n<div class=\"wp-block-column is-layout-flow wp-block-column-is-layout-flow\"><div class=\"wp-block-image\">\n<figure class=\"aligncenter size-full\"><img loading=\"lazy\" decoding=\"async\" width=\"800\" height=\"1000\" src=\"https:\/\/www.salkantaytrilha.com\/blog\/wp-content\/uploads\/2024\/11\/Maquinasca-@sumaqartesanal_multiproductos.jpg\" alt=\"Bordado cusqueniano: Maquinasca | @sumaqartesanal_multiproductos\" class=\"wp-image-3022\"\/><figcaption class=\"wp-element-caption\">Maquinasca | @sumaqartesanal_multiproductos<\/figcaption><\/figure>\n<\/div><\/div>\n\n\n\n<div class=\"wp-block-column is-layout-flow wp-block-column-is-layout-flow\"><div class=\"wp-block-image\">\n<figure class=\"aligncenter size-full\"><img loading=\"lazy\" decoding=\"async\" width=\"800\" height=\"1000\" src=\"https:\/\/www.salkantaytrilha.com\/blog\/wp-content\/uploads\/2024\/11\/Maquinasca-@tika.polleras.jpg\" alt=\"Maquinasca | @tika.polleras\" class=\"wp-image-3024\"\/><figcaption class=\"wp-element-caption\">Maquinasca | @tika.polleras<\/figcaption><\/figure>\n<\/div><\/div>\n<\/div>\n\n\n\n<h3 class=\"wp-block-heading\" id=\"h-bijuteria\">Bijuteria<\/h3>\n\n\n\n<p>A bijuteria \u00e9 a arte de criar acess\u00f3rios de moda que imitam a apar\u00eancia de joias finas, mas utilizando materiais n\u00e3o preciosos. Diferente das joias, que s\u00e3o feitas de metais e pedras preciosas como ouro, prata, diamantes e esmeraldas, a bijuteria \u00e9 fabricada com materiais mais acess\u00edveis, como metais n\u00e3o preciosos, vidro, pl\u00e1stico, resina, cristais, mi\u00e7angas e outros elementos decorativos.<\/p>\n\n\n\n<h4 class=\"wp-block-heading\" id=\"h-bijuteria-joalheria-com-identidade-andina\">Bijuteria: Joalheria com Identidade Andina<\/h4>\n\n\n\n<p>A bijuteria em Cusco \u00e9 uma express\u00e3o art\u00edstica que combina materiais como sementes, pedras e metais para criar acess\u00f3rios \u00fanicos. Essas pe\u00e7as s\u00e3o populares entre turistas e locais pela sua originalidade e estilo.<\/p>\n\n\n\n<p><strong>Onde encontrar bijuteria em Cusco?<\/strong><\/p>\n\n\n\n<ul class=\"wp-block-list\">\n<li>Em mercados artesanais como o Centro Artesanal de Cusco<\/li>\n\n\n\n<li>Em feiras artesanais<\/li>\n<\/ul>\n\n\n\n<p><strong>Quais s\u00e3o as pe\u00e7as mais destacadas da bijuteria andina cusquenha?<\/strong><\/p>\n\n\n\n<ul class=\"wp-block-list\">\n<li>Brincos de tear andino, de cer\u00e2mica, de fio de cobre, brincos de pedras semipreciosas<\/li>\n\n\n\n<li>Colares e pulseiras de sementes, como \u201chuayruros\u201d (sementes de uma \u00e1rvore que cresce em regi\u00f5es da Amaz\u00f4nia da Am\u00e9rica do Sul)<\/li>\n\n\n\n<li>Na feira de Santurantikuy.<\/li>\n<\/ul>\n\n\n\n<div class=\"wp-block-columns is-layout-flex wp-container-core-columns-is-layout-9d6595d7 wp-block-columns-is-layout-flex\">\n<div class=\"wp-block-column is-layout-flow wp-block-column-is-layout-flow\"><div class=\"wp-block-image\">\n<figure class=\"aligncenter size-full\"><img loading=\"lazy\" decoding=\"async\" width=\"800\" height=\"1000\" src=\"https:\/\/www.salkantaytrilha.com\/blog\/wp-content\/uploads\/2024\/11\/bijuteria-andina-cusquenha-@pajarinsky.jpg\" alt=\"Bijuteria andina cusquenha | @pajarinsky\" class=\"wp-image-3025\"\/><figcaption class=\"wp-element-caption\">Bijuteria andina cusquenha | @pajarinsky<\/figcaption><\/figure>\n<\/div><\/div>\n\n\n\n<div class=\"wp-block-column is-layout-flow wp-block-column-is-layout-flow\"><div class=\"wp-block-image\">\n<figure class=\"aligncenter size-full\"><img loading=\"lazy\" decoding=\"async\" width=\"800\" height=\"1000\" src=\"https:\/\/www.salkantaytrilha.com\/blog\/wp-content\/uploads\/2024\/11\/Joias-e-bijuterias-andinas-Joyeria-Edgar-Tica.jpg\" alt=\"Joias e bijuterias andinas | Joyer\u00eda Edgar Tica\" class=\"wp-image-3026\"\/><figcaption class=\"wp-element-caption\">Joias e bijuterias andinas | Joyer\u00eda Edgar Tica<\/figcaption><\/figure>\n<\/div><\/div>\n<\/div>\n\n\n\n<h3 class=\"wp-block-heading\" id=\"h-munequeteria\">Mu\u00f1equeteria<\/h3>\n\n\n\n<p>A \u201cmu\u00f1equeria\u201d \u00e9 a arte e a t\u00e9cnica de desenhar, confeccionar e comercializar bonecas e figuras semelhantes. Este of\u00edcio combina habilidades manuais, criatividade e conhecimentos em design, costura, modelagem e pintura na cria\u00e7\u00e3o de bonecas que podem ser brinquedos, objetos decorativos, pe\u00e7as de cole\u00e7\u00e3o ou at\u00e9 mesmo obras de arte.<\/p>\n\n\n\n<h4 class=\"wp-block-heading\" id=\"h-munequeteria-cusquenha-a-arte-de-criar-figuras-com-identidade-andina\">\u201cMu\u00f1equeteria\u201d cusquenha: A Arte de Criar Figuras com Identidade Andina<\/h4>\n\n\n\n<p>A \u201cmu\u00f1equeria\u201d \u00e9 um dos artesanatos mais encantadores de Cusco. Os artes\u00e3os criam figuras que representam cenas do seu cotidiano, tradi\u00e7\u00f5es e festividades andinas.<\/p>\n\n\n\n<p><strong>Onde encontrar \u201cmu\u00f1equeria\u201d cusquenha?<\/strong><\/p>\n\n\n\n<ul class=\"wp-block-list\">\n<li>Em pequenos pontos de venda localizados na via p\u00fablica, no centro hist\u00f3rico de Cusco.<\/li>\n\n\n\n<li>No Centro Artesanal de Cusco.<\/li>\n\n\n\n<li>Em feiras artesanais.<\/li>\n<\/ul>\n\n\n\n<p><strong>Quais s\u00e3o as pe\u00e7as mais destacadas da \u201cmu\u00f1equeria\u201d cusquenha?<\/strong><\/p>\n\n\n\n<ul class=\"wp-block-list\">\n<li>As \u201ccholitas<em>\u201d<\/em>.<\/li>\n<\/ul>\n\n\n\n<div class=\"wp-block-columns is-layout-flex wp-container-core-columns-is-layout-9d6595d7 wp-block-columns-is-layout-flex\">\n<div class=\"wp-block-column is-layout-flow wp-block-column-is-layout-flow\"><div class=\"wp-block-image\">\n<figure class=\"aligncenter size-large\"><img loading=\"lazy\" decoding=\"async\" width=\"1024\" height=\"608\" src=\"https:\/\/www.salkantaytrilha.com\/blog\/wp-content\/uploads\/2024\/11\/munequeria-cusquenha-1024x608.jpg\" alt=\"Mu\u00f1equeria cusquenha | @artesanias_munay_tika\" class=\"wp-image-3027\"\/><figcaption class=\"wp-element-caption\">Mu\u00f1equeria cusquenha | @artesanias_munay_tika<\/figcaption><\/figure>\n<\/div><\/div>\n<\/div>\n\n\n\n<h3 class=\"wp-block-heading\" id=\"h-instrumentos-musicais\">Instrumentos musicais<\/h3>\n\n\n\n<p>Os instrumentos musicais s\u00e3o ferramentas criadas para produzir sons e melodias, utilizadas em diversas culturas para expressar emo\u00e7\u00f5es, contar hist\u00f3rias e acompanhar rituais ou celebra\u00e7\u00f5es.<\/p>\n\n\n\n<h4 class=\"wp-block-heading\" id=\"h-instrumentos-musicais-com-identidade-andina\">Instrumentos Musicais com Identidade Andina<\/h4>\n\n\n\n<p>Na regi\u00e3o de Cusco, os instrumentos musicais s\u00e3o uma manifesta\u00e7\u00e3o cultural que combina materiais aut\u00f3ctones como madeiras, couros, canas e metais para criar sons \u00fanicos. Esses instrumentos s\u00e3o apreciados tanto por m\u00fasicos locais quanto por turistas, pois representam uma conex\u00e3o direta com a tradi\u00e7\u00e3o e a hist\u00f3ria andina.<\/p>\n\n\n\n<p><strong>Onde encontrar instrumentos musicais?<\/strong><\/p>\n\n\n\n<ul class=\"wp-block-list\">\n<li>Em mercados artesanais como o Centro Artesanal de Cusco.<\/li>\n\n\n\n<li>Em galerias do Bairro de San Blas.<\/li>\n\n\n\n<li>Em oficinas de luthiers (fabricantes de instrumentos) locais.<\/li>\n<\/ul>\n\n\n\n<p><strong>Quais pe\u00e7as s\u00e3o as mais destacadas dos instrumentos musicais?<\/strong><\/p>\n\n\n\n<ul class=\"wp-block-list\">\n<li><strong>Quena<\/strong>: Uma flauta tradicional feita de cana ou madeira, utilizada em melodias melanc\u00f3licas e festivas.<\/li>\n\n\n\n<li><strong>Charango<\/strong>: Um pequeno instrumento de corda, semelhante a uma guitarra, fabricado com madeira e, tradicionalmente, com o casco de um tatu.<\/li>\n\n\n\n<li><strong>Zampo\u00f1a<\/strong>: Um instrumento de vento composto por tubos de cana que produzem sons harm\u00f4nicos.<\/li>\n\n\n\n<li><strong>Bombo<\/strong>: Um tambor grande feito com madeira e couro, utilizado para marcar o ritmo em festividades.<\/li>\n\n\n\n<li><strong>Antara<\/strong>: Semelhante \u00e0 zampo\u00f1a, mas com um design mais compacto e vers\u00e1til.<\/li>\n<\/ul>\n\n\n\n<h4 class=\"wp-block-heading\" id=\"h-ceramica-sonora-a-fusao-de-arte-e-musica-na-cultura-andina\">Cer\u00e2mica Sonora: A Fus\u00e3o de Arte e M\u00fasica na Cultura Andina<\/h4>\n\n\n\n<p>A Cer\u00e2mica Sonora \u00e9 uma express\u00e3o art\u00edstica \u00fanica que combina a cria\u00e7\u00e3o de pe\u00e7as de cer\u00e2mica com a produ\u00e7\u00e3o de sons musicais, fundindo a arte visual e a m\u00fasica em uma s\u00f3 obra. Essa t\u00e9cnica \u00e9 especialmente destacada na cultura andina, onde os artes\u00e3os desenvolveram habilidades para criar instrumentos musicais e objetos decorativos que n\u00e3o s\u00e3o apenas visualmente belos, mas tamb\u00e9m emitem sons harm\u00f4nicos e mel\u00f3dicos.<\/p>\n\n\n\n<p><strong>Onde encontrar cer\u00e2mica sonora?<\/strong><\/p>\n\n\n\n<ul class=\"wp-block-list\">\n<li>No Centro Artesanal de Cusco.<\/li>\n\n\n\n<li>Na oficina artesanal <em>Sonidos del Ande<\/em>, localizada no distrito de Pisac.<\/li>\n<\/ul>\n\n\n\n<p><strong>Pe\u00e7as mais destacadas da cer\u00e2mica sonora:<\/strong><\/p>\n\n\n\n<ul class=\"wp-block-list\">\n<li>Vasos, c\u00e2ntaros e apitos.<\/li>\n\n\n\n<li>Cer\u00e2micas de animais.<\/li>\n<\/ul>\n\n\n\n<div class=\"wp-block-columns is-layout-flex wp-container-core-columns-is-layout-9d6595d7 wp-block-columns-is-layout-flex\">\n<div class=\"wp-block-column is-layout-flow wp-block-column-is-layout-flow\"><div class=\"wp-block-image\">\n<figure class=\"aligncenter size-large\"><img loading=\"lazy\" decoding=\"async\" width=\"1024\" height=\"683\" src=\"https:\/\/www.salkantaytrilha.com\/blog\/wp-content\/uploads\/2024\/11\/ceramica-sonora-@alfareria_tybsofuratyba-1024x683.jpg\" alt=\"Cer\u00e2mica sonora | @alfareria_tybsofuratyba\" class=\"wp-image-3028\"\/><figcaption class=\"wp-element-caption\">Cer\u00e2mica sonora | @alfareria_tybsofuratyba<\/figcaption><\/figure>\n<\/div><\/div>\n<\/div>\n\n\n\n<h2 class=\"wp-block-heading\" id=\"h-el-santurantikuy-a-feira-de-natal-das-artesanias-religiosas\"><em>El Santurantikuy<\/em>: A Feira de Natal das Artesanias Religiosas<\/h2>\n\n\n\n<p>O <em>Santurantikuy<\/em> \u00e9 uma das feiras artesanais e culturais mais importantes do Peru. Seu nome vem do quechua e significa &#8220;venda de santos&#8221;, j\u00e1 que sua origem remonta \u00e0 \u00e9poca colonial, quando os artes\u00e3os cusquenhos vendiam figuras religiosas para os pres\u00e9pios de Natal. Hoje, essa feira se tornou um s\u00edmbolo da identidade cusquenha e uma atra\u00e7\u00e3o tur\u00edstica imperd\u00edvel.<\/p>\n\n\n\n<h3 class=\"wp-block-heading\" id=\"h-por-que-voce-nao-deve-deixar-de-visitar-santurantikuy-em-cusco\">Por que voc\u00ea n\u00e3o deve deixar de visitar <em>Santurantikuy<\/em> em Cusco?<\/h3>\n\n\n\n<p>O <strong><em>Santurantikuy<\/em><\/strong> n\u00e3o \u00e9 apenas uma feira, \u00e9 uma janela para a ess\u00eancia de Cusco. Aqui, o Natal \u00e9 vivido com um toque andino que voc\u00ea n\u00e3o encontrar\u00e1 em nenhum outro lugar do mundo. Se voc\u00ea quer se conectar com a cultura, apoiar os artes\u00e3os e levar lembran\u00e7as \u00fanicas, este evento \u00e9 sob medida para voc\u00ea.<\/p>\n\n\n\n<div class=\"wp-block-columns is-layout-flex wp-container-core-columns-is-layout-9d6595d7 wp-block-columns-is-layout-flex\">\n<div class=\"wp-block-column is-layout-flow wp-block-column-is-layout-flow\"><div class=\"wp-block-image\">\n<figure class=\"aligncenter size-large\"><img loading=\"lazy\" decoding=\"async\" width=\"1024\" height=\"576\" src=\"https:\/\/www.salkantaytrilha.com\/blog\/wp-content\/uploads\/2024\/05\/Festival-Santurantikuy-1024x576.jpg\" alt=\"Festival Santurantikuy\" class=\"wp-image-115\"\/><figcaption class=\"wp-element-caption\">Festival Santurantikuy<\/figcaption><\/figure>\n<\/div><\/div>\n<\/div>\n\n\n\n<h2 class=\"wp-block-heading\" id=\"h-o-bairro-de-san-blas-o-coracao-artesanal-de-cusco-que-voce-nao-pode-deixar-de-conhecer\">O Bairro de San Blas: O Cora\u00e7\u00e3o Artesanal de Cusco que Voc\u00ea N\u00e3o Pode Deixar de Conhecer<\/h2>\n\n\n\n<p>O bairro de San Blas, em Cusco, no Peru, \u00e9 o cora\u00e7\u00e3o artesanal e cultural da cidade, famoso pelas suas ruas de paralelep\u00edpedos, oficinas de artesanato, arquitetura colonial e ambiente bo\u00eamio. Conhecido pelos seus t\u00eaxteis, cer\u00e2mica e entalhes em madeira, este pitoresco bairro abriga a ic\u00f4nica igreja de San Blas, com seu impressionante p\u00falpito entalhado. Al\u00e9m disso, oferece vistas panor\u00e2micas da cidade, caf\u00e9s aconchegantes e uma cena art\u00edstica vibrante. \u00c9 um lugar aut\u00eantico e tranquilo, ideal para explorar a tradi\u00e7\u00e3o, a arte e a hist\u00f3ria de Cusco. Uma visita imprescind\u00edvel!<\/p>\n\n\n\n<h3 class=\"wp-block-heading\" id=\"h-por-que-visitar-san-blas\">Por que visitar San Blas?<\/h3>\n\n\n\n<ul class=\"wp-block-list\">\n<li><strong>Artesanato e oficinas:<\/strong> San Blas \u00e9 famoso pelos seus in\u00fameros ateli\u00eas de artes\u00e3os, onde s\u00e3o criadas pe\u00e7as \u00fanicas de cer\u00e2mica, t\u00eaxteis, joias e entalhes em madeira. Muitos desses ateli\u00eas est\u00e3o abertos ao p\u00fablico, permitindo que os visitantes observem o processo de feitura e possam adquirir pe\u00e7as aut\u00eanticas. Algumas das galerias mais indicadas para voc\u00ea visitar s\u00e3o:\n<ul class=\"wp-block-list\">\n<li><strong>Museu Oficina Hilario Mendivil<\/strong>, dos renomados artes\u00e3os Hilario e Georgina Mendivil.<\/li>\n\n\n\n<li><strong>Galeria Oficina Arte Olave<\/strong>, do renomado artes\u00e3o Antonio Olave.<\/li>\n<\/ul>\n<\/li>\n\n\n\n<li><strong>Arquitetura colonial:<\/strong> O bairro conserva uma arquitetura colonial bem preservada, com varandas de madeira, p\u00e1tios internos e telhados de cer\u00e2mica vermelha. A igreja de San Blas, uma das mais antigas de Cusco, \u00e9 um ponto de destaque, com seu impressionante p\u00falpito esculpido em madeira.<\/li>\n\n\n\n<li><strong>Ambiente bo\u00eamio:<\/strong> San Blas tem um ambiente descontra\u00eddo e bo\u00eamio, com caf\u00e9s e restaurantes. H\u00e1 galerias de arte que atraem tanto moradores quanto turistas. \u00c9 um lugar ideal para passear, desfrutar de uma x\u00edcara de caf\u00e9 ou simplesmente admirar a vista da cidade a partir dos seus mirantes.<\/li>\n\n\n\n<li><strong>Vistas panor\u00e2micas:<\/strong> A partir do Bairro de San Blas, \u00e9 poss\u00edvel apreciar vistas espetaculares de Cusco e de seus arredores. \u00c9 um local perfeito para tirar fotografias e desfrutar da beleza da cidade.<\/li>\n\n\n\n<li><strong>Cultura viva:<\/strong> O bairro \u00e9 um centro cultural vibrante, onde s\u00e3o realizados eventos, feiras artesanais e exposi\u00e7\u00f5es de arte. Tamb\u00e9m \u00e9 comum encontrar m\u00fasicos de rua e artistas que contribuem para o ambiente animado do local.<\/li>\n<\/ul>\n\n\n\n<h2 class=\"wp-block-heading\" id=\"h-centro-artesanal-de-cusco-o-lugar-perfeito-para-comprar-artesanias\">Centro Artesanal de Cusco: O Lugar Perfeito para Comprar Artesanias<\/h2>\n\n\n\n<p>O Centro Artesanal de Cusco \u00e9 um espa\u00e7o dedicado \u00e0 exibi\u00e7\u00e3o e venda das \u201cartesanias\u201d mais tradicionais e contempor\u00e2neas da regi\u00e3o. Conta com cerca de 349 lojas e \u00e9 um dos locais mais emblem\u00e1ticos para os amantes da arte e da cultura, pois re\u00fane em um \u00fanico lugar uma ampla variedade de produtos feitos pelas m\u00e3os habilidosas de artistas cusquenhos, mantendo vivas as t\u00e9cnicas ancestrais dos Andes peruanos.<\/p>\n\n\n\n<ul class=\"wp-block-list\">\n<li><strong>Endere\u00e7o:<\/strong> Av. Sol e Tullumayo 1226 parte baixa, em frente \u00e0 Paqcha (fonte de \u00e1gua).<\/li>\n<\/ul>\n\n\n\n<div class=\"wp-block-columns is-layout-flex wp-container-core-columns-is-layout-9d6595d7 wp-block-columns-is-layout-flex\">\n<div class=\"wp-block-column is-layout-flow wp-block-column-is-layout-flow\"><div class=\"wp-block-image\">\n<figure class=\"aligncenter size-large\"><img loading=\"lazy\" decoding=\"async\" width=\"1024\" height=\"683\" src=\"https:\/\/www.salkantaytrilha.com\/blog\/wp-content\/uploads\/2025\/01\/Cusco-handicraft-center-1024x683.jpg\" alt=\"Centro de Artesanato de Cusco\" class=\"wp-image-2618\"\/><figcaption class=\"wp-element-caption\">Centro de Artesanato de Cusco<\/figcaption><\/figure>\n<\/div><\/div>\n<\/div>\n\n\n\n<h3 class=\"wp-block-heading\" id=\"h-por-que-visitar-o-centro-artesanal-de-cusco\">Por que visitar o Centro Artesanal de Cusco?<\/h3>\n\n\n\n<ul class=\"wp-block-list\">\n<li><strong>Comodidade:<\/strong> Tudo reunido em um s\u00f3 lugar, ideal para quem disp\u00f5e de pouco tempo, mas quer levar uma lembran\u00e7a da cultura cusque\u00f1a.<\/li>\n\n\n\n<li><strong>Autenticidade:<\/strong> As pe\u00e7as s\u00e3o feitas por artes\u00e3os locais, o que garante sua originalidade e seu valor cultural.<\/li>\n\n\n\n<li><strong>Pre\u00e7os acess\u00edveis:<\/strong> H\u00e1 op\u00e7\u00f5es para todos os bolsos, desde pequenos souvenires at\u00e9 obras de arte exclusivas.<\/li>\n\n\n\n<li><strong>Restaurantes, caf\u00e9s, casas de c\u00e2mbio:<\/strong> Dentro do centro artesanal, h\u00e1 uma pra\u00e7a de alimenta\u00e7\u00e3o e lojas onde voc\u00ea pode comprar bebidas ou lanches, al\u00e9m de chocolate da regi\u00e3o e sal de Maras.<\/li>\n\n\n\n<li><strong>Apoio \u00e0 comunidade:<\/strong> Quando voc\u00ea adquire as suas lembran\u00e7as aqui, contribui diretamente para o sustento das fam\u00edlias de artes\u00e3os.<\/li>\n<\/ul>\n\n\n\n<p class=\"orange\"><strong>Dica:<\/strong> Localizado dentro do Centro Artesanal, existe um pequeno Museu Artesanal de Cusco. Um espa\u00e7o fascinante para voc\u00ea conhecer mais um pouco sobre a riqueza da cultura andina. N\u00e3o deixe de visit\u00e1-lo e descobrir mais sobre essa tradi\u00e7\u00e3o milenar!<\/p>\n\n\n\n<h2 class=\"wp-block-heading\" id=\"h-os-melhores-museus-de-cusco-para-descobrir-a-artesania-andina\">Os Melhores Museus de Cusco para Descobrir a Artesania Andina<\/h2>\n\n\n\n<ul class=\"wp-block-list\">\n<li><strong>Museu de Arte Popular<\/strong><br>Dedicado \u00e0 arte popular peruana, este museu exibe obras de artistas locais que representam as tradi\u00e7\u00f5es, costumes e o cotidiano das comunidades andinas.\n<ul class=\"wp-block-list\">\n<li><strong>Endere\u00e7o:<\/strong> Av. El Sol N.\u00ba 103, Subsolo das Galerias Tur\u00edsticas da Prefeitura Provincial de Cusco.<\/li>\n\n\n\n<li><strong>Hor\u00e1rio de funcionamento:<\/strong> Segunda a s\u00e1bado, das 09:00 \u00e0s 18:00 h. Domingo, das 08:00 \u00e0s 13:00 h.<\/li>\n<\/ul>\n<\/li>\n\n\n\n<li><strong>Museu de Arte Pr\u00e9-colombiana<\/strong><br>Este museu enfatiza a arte das culturas pr\u00e9-colombianas que habitaram o Peru antes da chegada dos espanh\u00f3is. Exibe cer\u00e2micas, t\u00eaxteis, joias e outros objetos arqueol\u00f3gicos de grande valor hist\u00f3rico.\n<ul class=\"wp-block-list\">\n<li><strong>Endere\u00e7o:<\/strong> Plazoleta Nazarenas 231<\/li>\n\n\n\n<li><strong>Hor\u00e1rio de funcionamento:<\/strong> 09:00 \u00e0s 22:00 h.<\/li>\n<\/ul>\n<\/li>\n\n\n\n<li><strong>Museu de Arte Contempor\u00e2nea<\/strong><br>Este espa\u00e7o \u00e9 dedicado \u00e0 arte moderna e contempor\u00e2nea, com exposi\u00e7\u00f5es de artistas peruanos e internacionais que exploram temas atuais e vanguardistas.\n<ul class=\"wp-block-list\">\n<li><strong>Endere\u00e7o:<\/strong> C. Espinar 270, Pra\u00e7a Regocijo (localizado na Prefeitura de Cusco)<\/li>\n\n\n\n<li><strong>Hor\u00e1rio de funcionamento:<\/strong> Segunda a s\u00e1bado, das 09:00 \u00e0s 18:00 h.<\/li>\n<\/ul>\n<\/li>\n\n\n\n<li><strong>Museu T\u00eaxtil Sulca<\/strong><br>O Museu Sulca foca na hist\u00f3ria e na evolu\u00e7\u00e3o da arte t\u00eaxtil no Peru, desde as culturas pr\u00e9-colombianas at\u00e9 os dias atuais. \u00c9 um espa\u00e7o que combina a exposi\u00e7\u00e3o de t\u00eaxteis antigos com demonstra\u00e7\u00f5es ao vivo de t\u00e9cnicas tradicionais de tecelagem e tingimento, oferecendo uma experi\u00eancia educativa e cultural completa.\n<ul class=\"wp-block-list\">\n<li><strong>Endere\u00e7o:<\/strong> Comunidade Huayllarcocha KM10, Cusco.<\/li>\n\n\n\n<li><strong>Hor\u00e1rio de funcionamento:<\/strong> Segunda a domingo, das 07:30 \u00e0s 18:00 h.<\/li>\n<\/ul>\n<\/li>\n\n\n\n<li><strong>Centro de Interpreta\u00e7\u00e3o Sonidos del Ande<\/strong><br>Este centro \u00e9 dedicado \u00e0 m\u00fasica e aos sons tradicionais dos Andes. Oferece uma experi\u00eancia interativa onde os visitantes podem aprender sobre os instrumentos musicais andinos e sua import\u00e2ncia cultural.\n<ul class=\"wp-block-list\">\n<li><strong>Endere\u00e7o:<\/strong> Comunidade de Cuyo Chico, distrito de Pisac, prov\u00edncia de Calca, Cusco.<\/li>\n\n\n\n<li><strong>Hor\u00e1rio de funcionamento:<\/strong> Segunda a domingo, das 08:00 \u00e0s 17:00 h.<\/li>\n<\/ul>\n<\/li>\n\n\n\n<li><strong>Tater Vera Cer\u00e2mica<\/strong><br>Este local \u00e9 uma galeria onde s\u00e3o realizados workshops. Neste espa\u00e7o s\u00e3o combinados m\u00e9todos antigos nas pe\u00e7as criadas, como as t\u00e9cnicas pr\u00e9-colombianas de cer\u00e2mica cristalizada, com estilos da cer\u00e2mica vidrada da \u00e9poca colonial. O resultado s\u00e3o obras modernas, com designs atuais e acabamentos cuidadosamente trabalhados.\n<ul class=\"wp-block-list\">\n<li><strong>Endere\u00e7o:<\/strong> Jr. Tungasuca 145, San Sebasti\u00e1n, Cusco.<\/li>\n\n\n\n<li><strong>Contato:<\/strong> (+51) 927-664-807<\/li>\n<\/ul>\n<\/li>\n<\/ul>\n\n\n\n<p>Explore Cusco e os <a href=\"https:\/\/www.salkantaytrilha.com\/blog\/museus-que-voce-nao-pode-perder-em-sua-visita-a-cusco\/\"><strong>Museus que Voc\u00ea N\u00e3o Pode Perder em Sua Visita<\/strong><\/a>.<strong> <\/strong>Mergulhe na hist\u00f3ria, arte e cultura da cidade atrav\u00e9s de espa\u00e7os como o Museu de Arte Pr\u00e9-Colombiana, o Museu de Arte Popular e o Museu T\u00eaxtil Sulca, onde voc\u00ea descobrir\u00e1 desde pe\u00e7as ancestrais at\u00e9 express\u00f5es contempor\u00e2neas que refletem a ess\u00eancia dos Andes.<\/p>\n\n\n\n<h2 class=\"wp-block-heading\" id=\"h-atividades-de-artesanato-em-cusco-crie-a-sua-propria-obra-de-arte\">Atividades de Artesanato em Cusco: Crie a sua Pr\u00f3pria Obra de Arte<\/h2>\n\n\n\n<p>As atividades de artesanato em Cusco s\u00e3o experi\u00eancias culturais e criativas que permitem aos visitantes mergulhar nas tradi\u00e7\u00f5es locais e criar suas pr\u00f3prias obras de arte.<\/p>\n\n\n\n<h3 class=\"wp-block-heading\" id=\"h-1-pintura-de-toritos\">1. Pintura de \u201cToritos\u201d<\/h3>\n\n\n\n<p>A pintura de \u201ctoritos\u201d \u00e9 uma atividade artesanal que consiste em decorar pequenas figuras de cer\u00e2mica em forma desses animais, s\u00edmbolos de prote\u00e7\u00e3o e prosperidade na cultura andina. Esses toritos costumam ser colocados nos telhados das casas como amuletos.<\/p>\n\n\n\n<p><strong>Em que consiste?<\/strong><\/p>\n\n\n\n<p>Os participantes recebem um \u201ctorito\u201d de cer\u00e2mica para pintar, al\u00e9m de materiais como tintas e pinc\u00e9is para decor\u00e1-lo de acordo com a sua criatividade ou seguindo padr\u00f5es tradicionais.<\/p>\n\n\n\n<p><strong>Como participar?<\/strong><\/p>\n\n\n\n<p>Voc\u00ea pode participar desta atividade na Andeana Cusco ou na Hanaq Wasi, dois locais em Cusco que oferecem oficinas de artesanato.<\/p>\n\n\n\n<div class=\"wp-block-columns is-layout-flex wp-container-core-columns-is-layout-9d6595d7 wp-block-columns-is-layout-flex\">\n<div class=\"wp-block-column is-layout-flow wp-block-column-is-layout-flow\"><div class=\"wp-block-image\">\n<figure class=\"aligncenter size-full\"><img loading=\"lazy\" decoding=\"async\" width=\"800\" height=\"1000\" src=\"https:\/\/www.salkantaytrilha.com\/blog\/wp-content\/uploads\/2024\/11\/Torito-Pukara-@toro_pucara_artesania.jpg\" alt=\"Torito Pukara | @toro_pucara_artesania\" class=\"wp-image-3029\"\/><figcaption class=\"wp-element-caption\">Torito Pukara | @toro_pucara_artesania<\/figcaption><\/figure>\n<\/div><\/div>\n\n\n\n<div class=\"wp-block-column is-layout-flow wp-block-column-is-layout-flow\"><div class=\"wp-block-image\">\n<figure class=\"aligncenter size-full\"><img loading=\"lazy\" decoding=\"async\" width=\"800\" height=\"1000\" src=\"https:\/\/www.salkantaytrilha.com\/blog\/wp-content\/uploads\/2024\/11\/Torito-Pukara-@la.mano_.del_.artesano.jpg\" alt=\"Torito Pukara | @la.mano.del.artesano\" class=\"wp-image-3030\"\/><figcaption class=\"wp-element-caption\">Torito Pukara | @la.mano.del.artesano<\/figcaption><\/figure>\n<\/div><\/div>\n<\/div>\n\n\n\n<h3 class=\"wp-block-heading\" id=\"h-2-pintura-de-lhaminhas\">2. Pintura de Lhaminhas<\/h3>\n\n\n\n<p>A pintura de \u201cllamitas\u201d \u00e9 uma atividade criativa na qual os h\u00f3spedes decoram uma figura de cer\u00e2mica em forma de lhama, animal emblem\u00e1tico dos Andes. S\u00e3o fornecidas tintas acr\u00edlicas de f\u00e1cil ader\u00eancia ao material, juntamente com orienta\u00e7\u00e3o b\u00e1sica para cada participante desenvolver seus pr\u00f3prios designs e decora\u00e7\u00f5es de forma livre e personalizada.<\/p>\n\n\n\n<p><strong>Em que consiste?<br><\/strong>A atividade de Pintura de Lhamitas consiste em decorar uma pe\u00e7a de cer\u00e2mica em forma de lhama, animal representativo dos Andes, utilizando tintas acr\u00edlicas para melhor fixa\u00e7\u00e3o ao material, sob orienta\u00e7\u00e3o b\u00e1sica para estimular a criatividade dos participantes.<\/p>\n\n\n\n<p>Esta experi\u00eancia, com dura\u00e7\u00e3o de 45 minutos a 1 hora, est\u00e1 dispon\u00edvel a partir das 11h30, tem um custo de US$ 70,00 por pessoa (inclui materiais) e requer reserva pr\u00e9via com 24 horas de anteced\u00eancia, recomendada para maiores de 5 anos.<\/p>\n\n\n\n<p><strong><strong>Onde posso realizar?<\/strong><br><\/strong>Voc\u00ea pode realizar esta atividade no <strong><em>Palacio del Inka<\/em><\/strong>, a <strong><em>Luxury Collection Hotel<\/em><\/strong>, como parte de suas atividades culturais.<\/p>\n\n\n\n<div class=\"wp-block-columns is-layout-flex wp-container-core-columns-is-layout-9d6595d7 wp-block-columns-is-layout-flex\">\n<div class=\"wp-block-column is-layout-flow wp-block-column-is-layout-flow\"><div class=\"wp-block-image\">\n<figure class=\"aligncenter size-large\"><img loading=\"lazy\" decoding=\"async\" width=\"1024\" height=\"683\" src=\"https:\/\/www.salkantaytrilha.com\/blog\/wp-content\/uploads\/2025\/03\/Pintura-de-Lhaminhas-Palacio-del-Inka-1024x683.jpg\" alt=\"Um casal de turistas pintando lhamas\" class=\"wp-image-3427\"\/><figcaption class=\"wp-element-caption\">Pintura de Lhaminhas | Palacio del Inka<\/figcaption><\/figure>\n<\/div><\/div>\n<\/div>\n\n\n\n<h3 class=\"wp-block-heading\" id=\"h-3-aulas-de-ceramica\">3. Aulas de Cer\u00e2mica<\/h3>\n\n\n\n<p>As aulas de cer\u00e2mica s\u00e3o oficinas onde se aprende a trabalhar com argila para cria\u00e7\u00e3o de pe\u00e7as em cer\u00e2mica, como vasos, pratos ou figuras decorativas.<\/p>\n\n\n\n<p><strong>Em que consiste?<\/strong><strong><br><\/strong>Os participantes aprendem as t\u00e9cnicas b\u00e1sicas de modelagem, escultura e pintura de cer\u00e2mica, orientados por um artes\u00e3o especializado.<\/p>\n\n\n\n<p><strong>Como participar?<\/strong><strong><br><\/strong>Voc\u00ea pode fazer essas aulas com Tater Vera, em cer\u00e2mica vidrada em Cusco, ou com Kintu Ramos, em argila em Urubamba; ambos oferecem workshops para iniciantes e profissionais.<\/p>\n\n\n\n<div class=\"wp-block-columns is-layout-flex wp-container-core-columns-is-layout-9d6595d7 wp-block-columns-is-layout-flex\">\n<div class=\"wp-block-column is-layout-flow wp-block-column-is-layout-flow\"><div class=\"wp-block-image\">\n<figure class=\"aligncenter size-full\"><img loading=\"lazy\" decoding=\"async\" width=\"800\" height=\"1000\" src=\"https:\/\/www.salkantaytrilha.com\/blog\/wp-content\/uploads\/2024\/11\/Tater-Vera-@taterveraceramica.jpg\" alt=\"Tater Vera | @taterveraceramica\" class=\"wp-image-3034\"\/><figcaption class=\"wp-element-caption\">Tater Vera | @taterveraceramica<\/figcaption><\/figure>\n<\/div><\/div>\n\n\n\n<div class=\"wp-block-column is-layout-flow wp-block-column-is-layout-flow\"><div class=\"wp-block-image\">\n<figure class=\"aligncenter size-full\"><img loading=\"lazy\" decoding=\"async\" width=\"800\" height=\"1000\" src=\"https:\/\/www.salkantaytrilha.com\/blog\/wp-content\/uploads\/2024\/11\/Aulas-de-Ceramica-@taterveraceramica.jpg\" alt=\"Aulas de Cer\u00e2mica | @taterveraceramica\" class=\"wp-image-3036\"\/><figcaption class=\"wp-element-caption\">Aulas de Cer\u00e2mica | @taterveraceramica<\/figcaption><\/figure>\n<\/div><\/div>\n<\/div>\n\n\n\n<h3 class=\"wp-block-heading\" id=\"h-4-aulas-de-mascaras-de-paucartambo\">4. Aulas de M\u00e1scaras de Paucartambo<\/h3>\n\n\n\n<p>As m\u00e1scaras de Paucartambo s\u00e3o uma express\u00e3o art\u00edstica tradicional utilizada em festividades como a Festa da Virgem do Carmen. Essas m\u00e1scaras geralmente s\u00e3o coloridas e representativas de personagens m\u00edticos ou religiosos.<\/p>\n\n\n\n<p><strong>Em que consiste?<\/strong><\/p>\n\n\n\n<p>Nessas aulas, os participantes aprendem a criar e decorar m\u00e1scaras utilizando t\u00e9cnicas tradicionais e materiais como gesso, tinta e enfeites.<\/p>\n\n\n\n<p><strong>Como participar?<\/strong><\/p>\n\n\n\n<p>Voc\u00ea pode realizar essa atividade na Hanaq Wasi ou na Arte Ord\u00f3\u00f1ez, dois locais em Cusco especializados na cria\u00e7\u00e3o de m\u00e1scaras e artesanatos tradicionais.<\/p>\n\n\n\n<div class=\"wp-block-columns is-layout-flex wp-container-core-columns-is-layout-9d6595d7 wp-block-columns-is-layout-flex\">\n<div class=\"wp-block-column is-layout-flow wp-block-column-is-layout-flow\"><div class=\"wp-block-image\">\n<figure class=\"aligncenter size-full\"><img loading=\"lazy\" decoding=\"async\" width=\"800\" height=\"1000\" src=\"https:\/\/www.salkantaytrilha.com\/blog\/wp-content\/uploads\/2024\/11\/Clases-de-Mascaras-de-Paucartambo-@hanaqwasi.jpg\" alt=\"Clases de M\u00e1scaras de Paucartambo | @hanaqwasi\" class=\"wp-image-3037\"\/><figcaption class=\"wp-element-caption\">Clases de M\u00e1scaras de Paucartambo | @hanaqwasi<\/figcaption><\/figure>\n<\/div><\/div>\n\n\n\n<div class=\"wp-block-column is-layout-flow wp-block-column-is-layout-flow\"><div class=\"wp-block-image\">\n<figure class=\"aligncenter size-full\"><img loading=\"lazy\" decoding=\"async\" width=\"800\" height=\"1000\" src=\"https:\/\/www.salkantaytrilha.com\/blog\/wp-content\/uploads\/2024\/11\/Mascaras-de-Paucartambo-@hanaqwasi.jpg\" alt=\"M\u00e1scaras de Paucartambo | @hanaqwasi\" class=\"wp-image-3038\"\/><figcaption class=\"wp-element-caption\">M\u00e1scaras de Paucartambo | @hanaqwasi<\/figcaption><\/figure>\n<\/div><\/div>\n<\/div>\n\n\n\n<div class=\"wp-block-columns is-layout-flex wp-container-core-columns-is-layout-9d6595d7 wp-block-columns-is-layout-flex\">\n<div class=\"wp-block-column is-layout-flow wp-block-column-is-layout-flow\"><div class=\"wp-block-image\">\n<figure class=\"aligncenter size-large\"><img loading=\"lazy\" decoding=\"async\" width=\"1024\" height=\"683\" src=\"https:\/\/www.salkantaytrilha.com\/blog\/wp-content\/uploads\/2024\/11\/Traditional-Mask-1024x683.jpg\" alt=\"M\u00e1scaras e Bonecos Decorativos\" class=\"wp-image-1946\"\/><figcaption class=\"wp-element-caption\">M\u00e1scaras e Bonecos Decorativos<\/figcaption><\/figure>\n<\/div><\/div>\n<\/div>\n\n\n\n<h2 class=\"wp-block-heading\" id=\"h-conclusao\">Conclus\u00e3o:<\/h2>\n\n\n\n<p>Explorar a cidade de Cusco com a <strong>Salkantay Trekking<\/strong> \u00e9 a oportunidade de embarcar em uma jornada sem fim onde a hist\u00f3ria, a tradi\u00e7\u00e3o e a criatividade dos Andes se fundem a cada experi\u00eancia. Desde os coloridos teares de Chinchero, a cer\u00e2mica ancestral de Raqchi at\u00e9 os variados e famosos workshops&nbsp; em San Blas, cada visita aos centros artesanais vai conectar voc\u00ea com o legado aut\u00eantico dos Andes peruanos. Nossos passeios n\u00e3o apenas permitem que voc\u00ea descubra a majestade do Imp\u00e9rio Inca e de suas paisagens, mas tamb\u00e9m far\u00e1 com que apoie as comunidades locais que preservam essas t\u00e9cnicas centen\u00e1rias. Em Cusco, cada artesanato tem uma hist\u00f3ria para contar, e ao optar pela nossa experi\u00eancia, voc\u00ea levar\u00e1 mais do que uma lembran\u00e7a para casa, mas a experi\u00eancia da mais pura conex\u00e3o entre voc\u00ea e a cultura andina. Vivencie sua estadia em Cusco com quem mais entende de excel\u00eancia no turismo andino, e seja mais um a fazer parte da fam\u00edlia <strong>Salkantay Trekking<\/strong>! N\u00f3s esperamos por voc\u00ea!<\/p>\n\n\n\n<h2 class=\"wp-block-heading\" id=\"h-voce-pode-se-interessar-por\">Voc\u00ea pode se interessar por:<\/h2>\n\n\n\n<ul class=\"wp-block-list\">\n<li><a href=\"https:\/\/www.salkantaytrilha.com\/blog\/as-melhores-coisas-para-fazer-em-cusco-peru\/\"><strong>As melhores coisas para fazer em Cusco, Peru<\/strong><\/a><\/li>\n\n\n\n<li><a href=\"https:\/\/www.salkantaytrilha.com\/blog\/museus-que-voce-nao-pode-perder-em-sua-visita-a-cusco\/\"><strong>Museus que voc\u00ea n\u00e3o pode perder em sua visita a Cusco<\/strong><\/a><\/li>\n\n\n\n<li><a href=\"https:\/\/www.salkantaytrilha.com\/blog\/viva-a-semana-santa-em-cusco\/\"><strong>Viva a Semana Santa em Cusco<\/strong><\/a><\/li>\n\n\n\n<li><a href=\"https:\/\/www.salkantaytrilha.com\/blog\/o-que-fazer-em-cusco\/\"><strong>O que fazer em Cusco?<\/strong><\/a><\/li>\n<\/ul>\n\n\n\n<p><\/p>\n\n\n\n<ul class=\"wp-block-list lang\">\n<li class=\"en\"><a href=\"https:\/\/www.salkantaytrekking.com\/blog\/cusco-crafts-history-tradition-and-creativity\/\">EN<\/a><\/li>\n\n\n\n<li class=\"es\"><a href=\"https:\/\/www.caminosalkantay.com\/blog\/artesanias-del-cusco-historia-tradicion-creatividad\/\">ES<\/a><\/li>\n<\/ul>\n\n\n\n<p><\/p>\n","protected":false},"excerpt":{"rendered":"<p>A cidade de Cusco, outrora capital do Imp\u00e9rio Inca, \u00e9 um destino surpreendente n\u00e3o somente por sua impressionante arquitetura e suas paisagens, mas tamb\u00e9m pela rica tradi\u00e7\u00e3o na confec\u00e7\u00e3o de artesanatos, refletida em um caldeir\u00e3o de cores. As \u201cartesanias\u201d como [&hellip;]<\/p>\n","protected":false},"author":1,"featured_media":1941,"comment_status":"open","ping_status":"open","sticky":false,"template":"","format":"standard","meta":{"footnotes":""},"categories":[525,40,930,931],"tags":[523,945,941,940,939,933,943,944,935,938,937,934,641,531,946,942,936,932],"class_list":["post-1938","post","type-post","status-publish","format-standard","has-post-thumbnail","hentry","category-artesania","category-cusco","category-feira","category-santurantikuy","tag-artesanias-cusquenhas","tag-bairro-de-san-blas","tag-bijuteria-andina-cusquenha","tag-bijuteria-em-cusco","tag-bordado-cusquenho","tag-ceramica-cusquenha","tag-ceramica-sonora","tag-el-santurantikuy","tag-escultura-cusquenha","tag-escultura-em-madeira","tag-escultura-em-pedra","tag-familia-ruiz-caro","tag-feira-de-santurantikuy","tag-mascaras-e-bonecos-decorativos","tag-melhores-museus-de-cusco","tag-munequeteria","tag-peleteria-cusquenha","tag-tecidos-andinos"],"yoast_head":"<!-- This site is optimized with the Yoast SEO Premium plugin v27.4 (Yoast SEO v27.4) - https:\/\/yoast.com\/product\/yoast-seo-premium-wordpress\/ -->\n<title>As Artesanias de Cusco: Hist\u00f3ria, Tradi\u00e7\u00e3o e Criatividade no Cora\u00e7\u00e3o dos Andes. - informa\u00e7\u00f5es de viagens<\/title>\n<meta name=\"description\" content=\"Descubra as Artesanias de Cusco e suas t\u00e9cnicas ancestrais. Um mergulho na rica cultura e criatividade dos povos andinos.\" \/>\n<meta name=\"robots\" content=\"index, follow, max-snippet:-1, max-image-preview:large, max-video-preview:-1\" \/>\n<link rel=\"canonical\" href=\"https:\/\/www.salkantaytrilha.com\/blog\/as-artesanias-de-cusco-historia-tradicao-e-criatividade\/\" \/>\n<meta property=\"og:locale\" content=\"pt_BR\" \/>\n<meta property=\"og:type\" content=\"article\" \/>\n<meta property=\"og:title\" content=\"As Artesanias de Cusco: Hist\u00f3ria, Tradi\u00e7\u00e3o e Criatividade no Cora\u00e7\u00e3o dos Andes.\" \/>\n<meta property=\"og:description\" content=\"Descubra as Artesanias de Cusco e suas t\u00e9cnicas ancestrais. Um mergulho na rica cultura e criatividade dos povos andinos.\" \/>\n<meta property=\"og:url\" content=\"https:\/\/www.salkantaytrilha.com\/blog\/as-artesanias-de-cusco-historia-tradicao-e-criatividade\/\" \/>\n<meta property=\"og:site_name\" content=\"informa\u00e7\u00f5es de viagens\" \/>\n<meta property=\"article:publisher\" content=\"https:\/\/www.facebook.com\/SalkantayTrekking\/\" \/>\n<meta property=\"article:published_time\" content=\"2025-03-27T18:13:54+00:00\" \/>\n<meta property=\"article:modified_time\" content=\"2026-03-02T15:04:38+00:00\" \/>\n<meta property=\"og:image\" content=\"https:\/\/www.salkantaytrilha.com\/blog\/wp-content\/uploads\/2024\/11\/Cusco-Handicraft-1.jpg\" \/>\n\t<meta property=\"og:image:width\" content=\"1873\" \/>\n\t<meta property=\"og:image:height\" content=\"1249\" \/>\n\t<meta property=\"og:image:type\" content=\"image\/jpeg\" \/>\n<meta name=\"author\" content=\"Trilha Salkantay\" \/>\n<meta name=\"twitter:card\" content=\"summary_large_image\" \/>\n<meta name=\"twitter:creator\" content=\"@salkantayperu\" \/>\n<meta name=\"twitter:site\" content=\"@salkantayperu\" \/>\n<meta name=\"twitter:label1\" content=\"Escrito por\" \/>\n\t<meta name=\"twitter:data1\" content=\"Trilha Salkantay\" \/>\n\t<meta name=\"twitter:label2\" content=\"Est. tempo de leitura\" \/>\n\t<meta name=\"twitter:data2\" content=\"35 minutos\" \/>\n<script type=\"application\/ld+json\" class=\"yoast-schema-graph\">{\"@context\":\"https:\\\/\\\/schema.org\",\"@graph\":[{\"@type\":\"Article\",\"@id\":\"https:\\\/\\\/www.salkantaytrilha.com\\\/blog\\\/as-artesanias-de-cusco-historia-tradicao-e-criatividade\\\/#article\",\"isPartOf\":{\"@id\":\"https:\\\/\\\/www.salkantaytrilha.com\\\/blog\\\/as-artesanias-de-cusco-historia-tradicao-e-criatividade\\\/\"},\"author\":{\"name\":\"Trilha Salkantay\",\"@id\":\"https:\\\/\\\/www.salkantaytrilha.com\\\/blog\\\/#\\\/schema\\\/person\\\/aa0e6175beac59e6519e5407b3d13d0d\"},\"headline\":\"As Artesanias de Cusco: Hist\u00f3ria, Tradi\u00e7\u00e3o e Criatividade no Cora\u00e7\u00e3o dos Andes.\",\"datePublished\":\"2025-03-27T18:13:54+00:00\",\"dateModified\":\"2026-03-02T15:04:38+00:00\",\"mainEntityOfPage\":{\"@id\":\"https:\\\/\\\/www.salkantaytrilha.com\\\/blog\\\/as-artesanias-de-cusco-historia-tradicao-e-criatividade\\\/\"},\"wordCount\":5708,\"commentCount\":0,\"publisher\":{\"@id\":\"https:\\\/\\\/www.salkantaytrilha.com\\\/blog\\\/#organization\"},\"image\":{\"@id\":\"https:\\\/\\\/www.salkantaytrilha.com\\\/blog\\\/as-artesanias-de-cusco-historia-tradicao-e-criatividade\\\/#primaryimage\"},\"thumbnailUrl\":\"https:\\\/\\\/www.salkantaytrilha.com\\\/blog\\\/wp-content\\\/uploads\\\/2024\\\/11\\\/Cusco-Handicraft-1.jpg\",\"keywords\":[\"Artesanias cusquenhas\",\"Bairro de San Blas\",\"Bijuteria andina cusquenha\",\"Bijuteria em Cusco\",\"Bordado Cusquenho\",\"Cer\u00e2mica Cusquenha\",\"Cer\u00e2mica Sonora\",\"El Santurantikuy\",\"Escultura Cusquenha\",\"Escultura em Madeira\",\"Escultura em Pedra\",\"Fam\u00edlia Ruiz Caro\",\"Feira de Santurantikuy\",\"M\u00e1scaras e Bonecos Decorativos\",\"Melhores Museus de Cusco\",\"Mu\u00f1equeteria\",\"Peleteria cusquenha\",\"Tecidos Andinos\"],\"articleSection\":[\"Artesania\",\"Cusco\",\"Feira\",\"Santurantikuy\"],\"inLanguage\":\"pt-BR\",\"potentialAction\":[{\"@type\":\"CommentAction\",\"name\":\"Comment\",\"target\":[\"https:\\\/\\\/www.salkantaytrilha.com\\\/blog\\\/as-artesanias-de-cusco-historia-tradicao-e-criatividade\\\/#respond\"]}]},{\"@type\":\"WebPage\",\"@id\":\"https:\\\/\\\/www.salkantaytrilha.com\\\/blog\\\/as-artesanias-de-cusco-historia-tradicao-e-criatividade\\\/\",\"url\":\"https:\\\/\\\/www.salkantaytrilha.com\\\/blog\\\/as-artesanias-de-cusco-historia-tradicao-e-criatividade\\\/\",\"name\":\"As Artesanias de Cusco: Hist\u00f3ria, Tradi\u00e7\u00e3o e Criatividade no Cora\u00e7\u00e3o dos Andes. - informa\u00e7\u00f5es de viagens\",\"isPartOf\":{\"@id\":\"https:\\\/\\\/www.salkantaytrilha.com\\\/blog\\\/#website\"},\"primaryImageOfPage\":{\"@id\":\"https:\\\/\\\/www.salkantaytrilha.com\\\/blog\\\/as-artesanias-de-cusco-historia-tradicao-e-criatividade\\\/#primaryimage\"},\"image\":{\"@id\":\"https:\\\/\\\/www.salkantaytrilha.com\\\/blog\\\/as-artesanias-de-cusco-historia-tradicao-e-criatividade\\\/#primaryimage\"},\"thumbnailUrl\":\"https:\\\/\\\/www.salkantaytrilha.com\\\/blog\\\/wp-content\\\/uploads\\\/2024\\\/11\\\/Cusco-Handicraft-1.jpg\",\"datePublished\":\"2025-03-27T18:13:54+00:00\",\"dateModified\":\"2026-03-02T15:04:38+00:00\",\"description\":\"Descubra as Artesanias de Cusco e suas t\u00e9cnicas ancestrais. Um mergulho na rica cultura e criatividade dos povos andinos.\",\"breadcrumb\":{\"@id\":\"https:\\\/\\\/www.salkantaytrilha.com\\\/blog\\\/as-artesanias-de-cusco-historia-tradicao-e-criatividade\\\/#breadcrumb\"},\"inLanguage\":\"pt-BR\",\"potentialAction\":[{\"@type\":\"ReadAction\",\"target\":[\"https:\\\/\\\/www.salkantaytrilha.com\\\/blog\\\/as-artesanias-de-cusco-historia-tradicao-e-criatividade\\\/\"]}]},{\"@type\":\"ImageObject\",\"inLanguage\":\"pt-BR\",\"@id\":\"https:\\\/\\\/www.salkantaytrilha.com\\\/blog\\\/as-artesanias-de-cusco-historia-tradicao-e-criatividade\\\/#primaryimage\",\"url\":\"https:\\\/\\\/www.salkantaytrilha.com\\\/blog\\\/wp-content\\\/uploads\\\/2024\\\/11\\\/Cusco-Handicraft-1.jpg\",\"contentUrl\":\"https:\\\/\\\/www.salkantaytrilha.com\\\/blog\\\/wp-content\\\/uploads\\\/2024\\\/11\\\/Cusco-Handicraft-1.jpg\",\"width\":1873,\"height\":1249,\"caption\":\"Artesanato de Cusco\"},{\"@type\":\"BreadcrumbList\",\"@id\":\"https:\\\/\\\/www.salkantaytrilha.com\\\/blog\\\/as-artesanias-de-cusco-historia-tradicao-e-criatividade\\\/#breadcrumb\",\"itemListElement\":[{\"@type\":\"ListItem\",\"position\":1,\"name\":\"In\u00edcio\",\"item\":\"https:\\\/\\\/www.salkantaytrilha.com\\\/blog\\\/\"},{\"@type\":\"ListItem\",\"position\":2,\"name\":\"As Artesanias de Cusco: Hist\u00f3ria, Tradi\u00e7\u00e3o e Criatividade no Cora\u00e7\u00e3o dos Andes.\"}]},{\"@type\":\"WebSite\",\"@id\":\"https:\\\/\\\/www.salkantaytrilha.com\\\/blog\\\/#website\",\"url\":\"https:\\\/\\\/www.salkantaytrilha.com\\\/blog\\\/\",\"name\":\"informa\u00e7\u00f5es de viagens a Machu Picchu\",\"description\":\"\",\"publisher\":{\"@id\":\"https:\\\/\\\/www.salkantaytrilha.com\\\/blog\\\/#organization\"},\"potentialAction\":[{\"@type\":\"SearchAction\",\"target\":{\"@type\":\"EntryPoint\",\"urlTemplate\":\"https:\\\/\\\/www.salkantaytrilha.com\\\/blog\\\/?s={search_term_string}\"},\"query-input\":{\"@type\":\"PropertyValueSpecification\",\"valueRequired\":true,\"valueName\":\"search_term_string\"}}],\"inLanguage\":\"pt-BR\"},{\"@type\":\"Organization\",\"@id\":\"https:\\\/\\\/www.salkantaytrilha.com\\\/blog\\\/#organization\",\"name\":\"informa\u00e7\u00f5es de viagens a Machu Picchu\",\"url\":\"https:\\\/\\\/www.salkantaytrilha.com\\\/blog\\\/\",\"logo\":{\"@type\":\"ImageObject\",\"inLanguage\":\"pt-BR\",\"@id\":\"https:\\\/\\\/www.salkantaytrilha.com\\\/blog\\\/#\\\/schema\\\/logo\\\/image\\\/\",\"url\":\"https:\\\/\\\/www.salkantaytrilha.com\\\/blog\\\/wp-content\\\/uploads\\\/2024\\\/05\\\/salkantaytrekking-new-300x128-1.png\",\"contentUrl\":\"https:\\\/\\\/www.salkantaytrilha.com\\\/blog\\\/wp-content\\\/uploads\\\/2024\\\/05\\\/salkantaytrekking-new-300x128-1.png\",\"width\":300,\"height\":128,\"caption\":\"informa\u00e7\u00f5es de viagens a Machu Picchu\"},\"image\":{\"@id\":\"https:\\\/\\\/www.salkantaytrilha.com\\\/blog\\\/#\\\/schema\\\/logo\\\/image\\\/\"},\"sameAs\":[\"https:\\\/\\\/www.facebook.com\\\/SalkantayTrekking\\\/\",\"https:\\\/\\\/x.com\\\/salkantayperu\",\"https:\\\/\\\/www.pinterest.com\\\/salkantaytrekking\\\/\",\"https:\\\/\\\/www.instagram.com\\\/salkantaytrekking\\\/\",\"https:\\\/\\\/www.youtube.com\\\/user\\\/salkantaytrekking\",\"https:\\\/\\\/www.tiktok.com\\\/@salkantaytrekking\"]},{\"@type\":\"Person\",\"@id\":\"https:\\\/\\\/www.salkantaytrilha.com\\\/blog\\\/#\\\/schema\\\/person\\\/aa0e6175beac59e6519e5407b3d13d0d\",\"name\":\"Trilha Salkantay\",\"image\":{\"@type\":\"ImageObject\",\"inLanguage\":\"pt-BR\",\"@id\":\"https:\\\/\\\/secure.gravatar.com\\\/avatar\\\/b41678a33c57a2bf0032b7c254611fc97caffd94ade0663405b364d1c0177d1d?s=96&d=mm&r=g\",\"url\":\"https:\\\/\\\/secure.gravatar.com\\\/avatar\\\/b41678a33c57a2bf0032b7c254611fc97caffd94ade0663405b364d1c0177d1d?s=96&d=mm&r=g\",\"contentUrl\":\"https:\\\/\\\/secure.gravatar.com\\\/avatar\\\/b41678a33c57a2bf0032b7c254611fc97caffd94ade0663405b364d1c0177d1d?s=96&d=mm&r=g\",\"caption\":\"Trilha Salkantay\"},\"sameAs\":[\"https:\\\/\\\/www.salkantaytrilha.com\\\/blog\"]}]}<\/script>\n<!-- \/ Yoast SEO Premium plugin. -->","yoast_head_json":{"title":"As Artesanias de Cusco: Hist\u00f3ria, Tradi\u00e7\u00e3o e Criatividade no Cora\u00e7\u00e3o dos Andes. - informa\u00e7\u00f5es de viagens","description":"Descubra as Artesanias de Cusco e suas t\u00e9cnicas ancestrais. Um mergulho na rica cultura e criatividade dos povos andinos.","robots":{"index":"index","follow":"follow","max-snippet":"max-snippet:-1","max-image-preview":"max-image-preview:large","max-video-preview":"max-video-preview:-1"},"canonical":"https:\/\/www.salkantaytrilha.com\/blog\/as-artesanias-de-cusco-historia-tradicao-e-criatividade\/","og_locale":"pt_BR","og_type":"article","og_title":"As Artesanias de Cusco: Hist\u00f3ria, Tradi\u00e7\u00e3o e Criatividade no Cora\u00e7\u00e3o dos Andes.","og_description":"Descubra as Artesanias de Cusco e suas t\u00e9cnicas ancestrais. Um mergulho na rica cultura e criatividade dos povos andinos.","og_url":"https:\/\/www.salkantaytrilha.com\/blog\/as-artesanias-de-cusco-historia-tradicao-e-criatividade\/","og_site_name":"informa\u00e7\u00f5es de viagens","article_publisher":"https:\/\/www.facebook.com\/SalkantayTrekking\/","article_published_time":"2025-03-27T18:13:54+00:00","article_modified_time":"2026-03-02T15:04:38+00:00","og_image":[{"width":1873,"height":1249,"url":"https:\/\/www.salkantaytrilha.com\/blog\/wp-content\/uploads\/2024\/11\/Cusco-Handicraft-1.jpg","type":"image\/jpeg"}],"author":"Trilha Salkantay","twitter_card":"summary_large_image","twitter_creator":"@salkantayperu","twitter_site":"@salkantayperu","twitter_misc":{"Escrito por":"Trilha Salkantay","Est. tempo de leitura":"35 minutos"},"schema":{"@context":"https:\/\/schema.org","@graph":[{"@type":"Article","@id":"https:\/\/www.salkantaytrilha.com\/blog\/as-artesanias-de-cusco-historia-tradicao-e-criatividade\/#article","isPartOf":{"@id":"https:\/\/www.salkantaytrilha.com\/blog\/as-artesanias-de-cusco-historia-tradicao-e-criatividade\/"},"author":{"name":"Trilha Salkantay","@id":"https:\/\/www.salkantaytrilha.com\/blog\/#\/schema\/person\/aa0e6175beac59e6519e5407b3d13d0d"},"headline":"As Artesanias de Cusco: Hist\u00f3ria, Tradi\u00e7\u00e3o e Criatividade no Cora\u00e7\u00e3o dos Andes.","datePublished":"2025-03-27T18:13:54+00:00","dateModified":"2026-03-02T15:04:38+00:00","mainEntityOfPage":{"@id":"https:\/\/www.salkantaytrilha.com\/blog\/as-artesanias-de-cusco-historia-tradicao-e-criatividade\/"},"wordCount":5708,"commentCount":0,"publisher":{"@id":"https:\/\/www.salkantaytrilha.com\/blog\/#organization"},"image":{"@id":"https:\/\/www.salkantaytrilha.com\/blog\/as-artesanias-de-cusco-historia-tradicao-e-criatividade\/#primaryimage"},"thumbnailUrl":"https:\/\/www.salkantaytrilha.com\/blog\/wp-content\/uploads\/2024\/11\/Cusco-Handicraft-1.jpg","keywords":["Artesanias cusquenhas","Bairro de San Blas","Bijuteria andina cusquenha","Bijuteria em Cusco","Bordado Cusquenho","Cer\u00e2mica Cusquenha","Cer\u00e2mica Sonora","El Santurantikuy","Escultura Cusquenha","Escultura em Madeira","Escultura em Pedra","Fam\u00edlia Ruiz Caro","Feira de Santurantikuy","M\u00e1scaras e Bonecos Decorativos","Melhores Museus de Cusco","Mu\u00f1equeteria","Peleteria cusquenha","Tecidos Andinos"],"articleSection":["Artesania","Cusco","Feira","Santurantikuy"],"inLanguage":"pt-BR","potentialAction":[{"@type":"CommentAction","name":"Comment","target":["https:\/\/www.salkantaytrilha.com\/blog\/as-artesanias-de-cusco-historia-tradicao-e-criatividade\/#respond"]}]},{"@type":"WebPage","@id":"https:\/\/www.salkantaytrilha.com\/blog\/as-artesanias-de-cusco-historia-tradicao-e-criatividade\/","url":"https:\/\/www.salkantaytrilha.com\/blog\/as-artesanias-de-cusco-historia-tradicao-e-criatividade\/","name":"As Artesanias de Cusco: Hist\u00f3ria, Tradi\u00e7\u00e3o e Criatividade no Cora\u00e7\u00e3o dos Andes. - informa\u00e7\u00f5es de viagens","isPartOf":{"@id":"https:\/\/www.salkantaytrilha.com\/blog\/#website"},"primaryImageOfPage":{"@id":"https:\/\/www.salkantaytrilha.com\/blog\/as-artesanias-de-cusco-historia-tradicao-e-criatividade\/#primaryimage"},"image":{"@id":"https:\/\/www.salkantaytrilha.com\/blog\/as-artesanias-de-cusco-historia-tradicao-e-criatividade\/#primaryimage"},"thumbnailUrl":"https:\/\/www.salkantaytrilha.com\/blog\/wp-content\/uploads\/2024\/11\/Cusco-Handicraft-1.jpg","datePublished":"2025-03-27T18:13:54+00:00","dateModified":"2026-03-02T15:04:38+00:00","description":"Descubra as Artesanias de Cusco e suas t\u00e9cnicas ancestrais. Um mergulho na rica cultura e criatividade dos povos andinos.","breadcrumb":{"@id":"https:\/\/www.salkantaytrilha.com\/blog\/as-artesanias-de-cusco-historia-tradicao-e-criatividade\/#breadcrumb"},"inLanguage":"pt-BR","potentialAction":[{"@type":"ReadAction","target":["https:\/\/www.salkantaytrilha.com\/blog\/as-artesanias-de-cusco-historia-tradicao-e-criatividade\/"]}]},{"@type":"ImageObject","inLanguage":"pt-BR","@id":"https:\/\/www.salkantaytrilha.com\/blog\/as-artesanias-de-cusco-historia-tradicao-e-criatividade\/#primaryimage","url":"https:\/\/www.salkantaytrilha.com\/blog\/wp-content\/uploads\/2024\/11\/Cusco-Handicraft-1.jpg","contentUrl":"https:\/\/www.salkantaytrilha.com\/blog\/wp-content\/uploads\/2024\/11\/Cusco-Handicraft-1.jpg","width":1873,"height":1249,"caption":"Artesanato de Cusco"},{"@type":"BreadcrumbList","@id":"https:\/\/www.salkantaytrilha.com\/blog\/as-artesanias-de-cusco-historia-tradicao-e-criatividade\/#breadcrumb","itemListElement":[{"@type":"ListItem","position":1,"name":"In\u00edcio","item":"https:\/\/www.salkantaytrilha.com\/blog\/"},{"@type":"ListItem","position":2,"name":"As Artesanias de Cusco: Hist\u00f3ria, Tradi\u00e7\u00e3o e Criatividade no Cora\u00e7\u00e3o dos Andes."}]},{"@type":"WebSite","@id":"https:\/\/www.salkantaytrilha.com\/blog\/#website","url":"https:\/\/www.salkantaytrilha.com\/blog\/","name":"informa\u00e7\u00f5es de viagens a Machu Picchu","description":"","publisher":{"@id":"https:\/\/www.salkantaytrilha.com\/blog\/#organization"},"potentialAction":[{"@type":"SearchAction","target":{"@type":"EntryPoint","urlTemplate":"https:\/\/www.salkantaytrilha.com\/blog\/?s={search_term_string}"},"query-input":{"@type":"PropertyValueSpecification","valueRequired":true,"valueName":"search_term_string"}}],"inLanguage":"pt-BR"},{"@type":"Organization","@id":"https:\/\/www.salkantaytrilha.com\/blog\/#organization","name":"informa\u00e7\u00f5es de viagens a Machu Picchu","url":"https:\/\/www.salkantaytrilha.com\/blog\/","logo":{"@type":"ImageObject","inLanguage":"pt-BR","@id":"https:\/\/www.salkantaytrilha.com\/blog\/#\/schema\/logo\/image\/","url":"https:\/\/www.salkantaytrilha.com\/blog\/wp-content\/uploads\/2024\/05\/salkantaytrekking-new-300x128-1.png","contentUrl":"https:\/\/www.salkantaytrilha.com\/blog\/wp-content\/uploads\/2024\/05\/salkantaytrekking-new-300x128-1.png","width":300,"height":128,"caption":"informa\u00e7\u00f5es de viagens a Machu Picchu"},"image":{"@id":"https:\/\/www.salkantaytrilha.com\/blog\/#\/schema\/logo\/image\/"},"sameAs":["https:\/\/www.facebook.com\/SalkantayTrekking\/","https:\/\/x.com\/salkantayperu","https:\/\/www.pinterest.com\/salkantaytrekking\/","https:\/\/www.instagram.com\/salkantaytrekking\/","https:\/\/www.youtube.com\/user\/salkantaytrekking","https:\/\/www.tiktok.com\/@salkantaytrekking"]},{"@type":"Person","@id":"https:\/\/www.salkantaytrilha.com\/blog\/#\/schema\/person\/aa0e6175beac59e6519e5407b3d13d0d","name":"Trilha Salkantay","image":{"@type":"ImageObject","inLanguage":"pt-BR","@id":"https:\/\/secure.gravatar.com\/avatar\/b41678a33c57a2bf0032b7c254611fc97caffd94ade0663405b364d1c0177d1d?s=96&d=mm&r=g","url":"https:\/\/secure.gravatar.com\/avatar\/b41678a33c57a2bf0032b7c254611fc97caffd94ade0663405b364d1c0177d1d?s=96&d=mm&r=g","contentUrl":"https:\/\/secure.gravatar.com\/avatar\/b41678a33c57a2bf0032b7c254611fc97caffd94ade0663405b364d1c0177d1d?s=96&d=mm&r=g","caption":"Trilha Salkantay"},"sameAs":["https:\/\/www.salkantaytrilha.com\/blog"]}]}},"_links":{"self":[{"href":"https:\/\/www.salkantaytrilha.com\/blog\/wp-json\/wp\/v2\/posts\/1938","targetHints":{"allow":["GET"]}}],"collection":[{"href":"https:\/\/www.salkantaytrilha.com\/blog\/wp-json\/wp\/v2\/posts"}],"about":[{"href":"https:\/\/www.salkantaytrilha.com\/blog\/wp-json\/wp\/v2\/types\/post"}],"author":[{"embeddable":true,"href":"https:\/\/www.salkantaytrilha.com\/blog\/wp-json\/wp\/v2\/users\/1"}],"replies":[{"embeddable":true,"href":"https:\/\/www.salkantaytrilha.com\/blog\/wp-json\/wp\/v2\/comments?post=1938"}],"version-history":[{"count":15,"href":"https:\/\/www.salkantaytrilha.com\/blog\/wp-json\/wp\/v2\/posts\/1938\/revisions"}],"predecessor-version":[{"id":5472,"href":"https:\/\/www.salkantaytrilha.com\/blog\/wp-json\/wp\/v2\/posts\/1938\/revisions\/5472"}],"wp:featuredmedia":[{"embeddable":true,"href":"https:\/\/www.salkantaytrilha.com\/blog\/wp-json\/wp\/v2\/media\/1941"}],"wp:attachment":[{"href":"https:\/\/www.salkantaytrilha.com\/blog\/wp-json\/wp\/v2\/media?parent=1938"}],"wp:term":[{"taxonomy":"category","embeddable":true,"href":"https:\/\/www.salkantaytrilha.com\/blog\/wp-json\/wp\/v2\/categories?post=1938"},{"taxonomy":"post_tag","embeddable":true,"href":"https:\/\/www.salkantaytrilha.com\/blog\/wp-json\/wp\/v2\/tags?post=1938"}],"curies":[{"name":"wp","href":"https:\/\/api.w.org\/{rel}","templated":true}]}}