{"id":1982,"date":"2024-11-22T18:00:55","date_gmt":"2024-11-22T21:00:55","guid":{"rendered":"https:\/\/www.salkantaytrilha.com\/blog\/?p=1982"},"modified":"2026-03-02T12:06:12","modified_gmt":"2026-03-02T15:06:12","slug":"plantas-sagradas-de-poder-sao-pedro","status":"publish","type":"post","link":"https:\/\/www.salkantaytrilha.com\/blog\/plantas-sagradas-de-poder-sao-pedro\/","title":{"rendered":"Plantas Sagradas de Poder: S\u00e3o Pedro"},"content":{"rendered":"\n<p>A cidade de Cusco \u00e9 a tradu\u00e7\u00e3o da cosmologia do Povo Inca. \u00c9 o leg\u00edtimo Imp\u00e9rio do Sol. O \u201cumbigo do mundo&#8221;, como \u00e9 chamada. Terra de tradi\u00e7\u00f5es milenares mantidas e perpetuadas de gera\u00e7\u00e3o em gera\u00e7\u00e3o. \u00c9 um portal de entrada para o mundo m\u00edstico Este fato \u00e9 de extrema relev\u00e2ncia para este blog que tratar\u00e1 de assuntos ligados \u00e0 espiritualidade, \u00e0s cren\u00e7as milenares e rituais de cura atribu\u00eddos \u00e0 planta de nome San Pedro.&nbsp;<\/p>\n\n\n\n<p>Infelizmente, mundo afora, nos dias de hoje, o espiritual foi sendo inclu\u00eddo em uma comercializa\u00e7\u00e3o banal, uma tentativa absurda de transformar o sagrado em profano, e o religioso em meios lucrativos. As cerim\u00f4nias andinas s\u00e3o \u201ccopiadas\u201d mundo afora, de forma grosseira e inconsequente, por pessoas que n\u00e3o possuem o dom de ministr\u00e1-las por n\u00e3o pertencerem \u00e0 cultura ind\u00edgena que as originou.&nbsp;<\/p>\n\n\n\n<p>Sendo assim, o Peru, principalmente a cidade de Cusco, surge como o lugar mais confi\u00e1vel e seguro para se encontrar os povos origin\u00e1rios e seus rituais lend\u00e1rios, guiados por xam\u00e3s, que se utilizam das plantas sagradas visando apenas a melhora do equil\u00edbrio mental, emocional e f\u00edsico dos seus \u201cpacientes\u201d. Paciente \u00e9 o nome atribu\u00eddo \u00e0s pessoas, de todas as partes do mundo que vem em busca desta medicina natural, de raiz ind\u00edgena, que ajuda a limpar a alma, curar traumas e renovar as energias.&nbsp;<\/p>\n\n\n\n<div class=\"wp-block-rank-math-toc-block anchor-links\"><ul><li><a href=\"#h-significado\" >Significado<\/a><\/li><li><a href=\"#h-o-que-e\" >O que \u00e9?<\/a><\/li><li><a href=\"#h-para-que-serve\" >Para que serve?<\/a><\/li><li><a href=\"#h-seus-componentes-e-rituais-de-preparacao\" >Seus componentes e rituais de prepara\u00e7\u00e3o<\/a><\/li><li><a href=\"#h-efeitos\" >Efeitos<\/a><\/li><li><a href=\"#h-a-experiencia\" >A experi\u00eancia<\/a><\/li><li><a href=\"#h-san-pedro-nao-e-um-negocio-e-nao-serve-para-todos\" >San Pedro n\u00e3o \u00e9 um neg\u00f3cio e n\u00e3o serve para todos<\/a><\/li><li><a href=\"#h-o-que-esperar\" >O que esperar?<\/a><\/li><li><a href=\"#h-sua-utilizacao-no-passado\" >Sua utiliza\u00e7\u00e3o no passado<\/a><\/li><li><a href=\"#h-as-diferencas-entre-ayahuasca-e-san-pedro\" >As diferen\u00e7as entre Ayahuasca e San Pedro<\/a><\/li><li><a href=\"#h-voce-pode-se-interessar\" >Voc\u00ea pode se interessar:<\/a><\/li><\/nav><\/ul><\/div>\n\n\n\n<h2 class=\"wp-block-heading\" id=\"h-significado\">Significado<\/h2>\n\n\n\n<p>San Pedro \u00e9 o nome dado a um cacto que chega a atingir mais de dois metros de altura, tendo a mescalina como o seu princ\u00edpio ativo. Essa por sua vez, teria o dom de colocar o \u201cpaciente\u201d no mais maravilhoso transe ou \u00eaxtase, conectando-se com o ambiente e o divino.<\/p>\n\n\n\n<p>A planta deste cacto tamb\u00e9m \u00e9 conhecida por outros nomes como: huachuma, achuma, agua colla, cardo, huando hermoso, gigant\u00f3n, San Pedrito e San Pedrillo.<\/p>\n\n\n\n<p>Em qu\u00e9chua se chama Wachuma.&nbsp;<\/p>\n\n\n\n<p>Atribui-se ao cacto o dom de abrir as portas do C\u00e9u. Da\u00ed ter recebido o nome do ap\u00f3stolo San Pedro a quem disse Jesus : \u201d Dar-te-ei as chaves do Reino dos C\u00e9us: o que ligares sobre a Terra ser\u00e1 ligado aos c\u00e9us\u2026\u201d (Matheus 16:19).<\/p>\n\n\n\n<p>A mesma liga\u00e7\u00e3o \u00e9 estabelecida de San Pedro aos xam\u00e3s, que da mesma forma, receberiam as chaves que abrem as portas do mundo invis\u00edvel, fonte dos seus poderes m\u00e1gicos, divinat\u00f3rios e terap\u00eauticos. O San Pedro possui o s\u00edmbolo do curandeirismo, pois sempre est\u00e1 em harmonia com os poderes dos animais, dos seres fortes, dos seres sobrenaturais.<\/p>\n\n\n\n<h2 class=\"wp-block-heading\" id=\"h-o-que-e\">O que \u00e9?<\/h2>\n\n\n\n<p>San Pedro \u00e9 uma esp\u00e9cie de cactus que, quando ingerido da maneira correta, assim como a Ayahuasca, causa efeitos espirituais e tem o dom de colocar o \u201cpaciente\u201d em contato com o seu eu interior. \u00c9 uma das plantas mais antigas da Am\u00e9rica do Sul. A prova mais antiga remonta o ano de 1.200 a.C. Na imagem&nbsp; uma mulher com cara de coruja, possivelmente uma xam\u00e3, aparece segurando um cacto de San Pedro.<\/p>\n\n\n\n<figure class=\"wp-block-image size-large\"><img loading=\"lazy\" decoding=\"async\" width=\"1024\" height=\"683\" src=\"https:\/\/www.salkantaytrilha.com\/blog\/wp-content\/uploads\/2024\/11\/San-Pedro-Cactus-1024x683.jpg\" alt=\"Cacto San Pedro\" class=\"wp-image-1986\"\/><figcaption class=\"wp-element-caption\">Cacto San Pedro<\/figcaption><\/figure>\n\n\n\n<h2 class=\"wp-block-heading\" id=\"h-para-que-serve\">Para que serve?<\/h2>\n\n\n\n<p>Conhecida localmente como Wachuma, \u00e9 uma planta m\u00edstica andina, capaz de estabelecer a liga\u00e7\u00e3o entre o mundo material e o espiritual, no qual um esp\u00edrito ascende em uma cerim\u00f4nia, administrada por padres andinos, conhecidos como Paqos.<\/p>\n\n\n\n<p>O uso atual do San Pedro concentra-se nas&nbsp; regi\u00f5es costeiras do Peru e nos Andes do Peru e da Bol\u00edvia, e tem recebido forte influ\u00eancia crist\u00e3. \u00c9 aplicado para curar enfermidades, incluindo o alcoolismo e problemas mentais, para adivinha\u00e7\u00f5es, po\u00e7\u00f5es amorosas, para combater feiti\u00e7aria, purifica\u00e7\u00e3o, etc.<\/p>\n\n\n\n<p>Tem sido utilizado h\u00e1 s\u00e9culos pelos \u00edndios do Peru e do Equador. \u00c9 conhecido pelos xam\u00e3s por estar sempre em harmonia com os poderes dos animais, de seres e personagens fortes, de seres sobrenaturais, principalmente o Jaguar.<\/p>\n\n\n\n<h2 class=\"wp-block-heading\" id=\"h-seus-componentes-e-rituais-de-preparacao\">Seus componentes e rituais de prepara\u00e7\u00e3o<\/h2>\n\n\n\n<p>Wachuma (San Pedro) \u00e9 uma cerim\u00f4nia antiga de origem andina conduzida por mestres xam\u00e3s de comunidades nativas da costa, das terras altas e da selva do Peru. As pr\u00e1ticas s\u00e3o confi\u00e1veis, seguras e aut\u00eanticas.&nbsp;<\/p>\n\n\n\n<p>Os xam\u00e3s distinguem quatro tipos de cactos a partir de suas costelas.&nbsp; Os mais raros s\u00e3o aqueles que t\u00eam quatro troncos, e s\u00e3o considerados os mais potentes, por possu\u00edrem poderes sobrenaturais especiais, sendo que as quatro costelas representam os quatro ventos, os quatro caminhos.<\/p>\n\n\n\n<p>Wachuma \u00e9 um cacto cientificamente conhecido como Trichocereus. H\u00e1 diversas variedades deste cacto, mas duas delas s\u00e3o frequentemente utilizadas na prepara\u00e7\u00e3o das Bebidas Sagradas: Trichocereus pachanoi e Trichocereus peruvianus.<\/p>\n\n\n\n<div class=\"wp-block-columns is-layout-flex wp-container-core-columns-is-layout-9d6595d7 wp-block-columns-is-layout-flex\">\n<div class=\"wp-block-column is-layout-flow wp-block-column-is-layout-flow\">\n<figure class=\"wp-block-image size-full\"><img loading=\"lazy\" decoding=\"async\" width=\"800\" height=\"1000\" src=\"https:\/\/www.salkantaytrilha.com\/blog\/wp-content\/uploads\/2024\/11\/San-Pedro-Preparation.jpg\" alt=\"Prepara\u00e7\u00e3o do San Pedro\" class=\"wp-image-1987\"\/><figcaption class=\"wp-element-caption\">Prepara\u00e7\u00e3o do San Pedro<\/figcaption><\/figure>\n<\/div>\n\n\n\n<div class=\"wp-block-column is-layout-flow wp-block-column-is-layout-flow\">\n<figure class=\"wp-block-image size-full\"><img loading=\"lazy\" decoding=\"async\" width=\"800\" height=\"1000\" src=\"https:\/\/www.salkantaytrilha.com\/blog\/wp-content\/uploads\/2024\/11\/San-Pedro-Ritual.jpg\" alt=\"Ritual do San Pedro\" class=\"wp-image-1988\"\/><figcaption class=\"wp-element-caption\">Ritual do San Pedro<\/figcaption><\/figure>\n<\/div>\n<\/div>\n\n\n\n<h2 class=\"wp-block-heading\" id=\"h-efeitos\">Efeitos<\/h2>\n\n\n\n<p>Os sintomas que se apresentam durante a cerim\u00f4nia variam de pessoa para pessoa, mas em geral, se pode experimentar sonol\u00eancia ou algo parecido com embriaguez, embora n\u00e3o se perca o pleno estado de consci\u00eancia, pelo contr\u00e1rio, tudo se torna mais claro.&nbsp;<\/p>\n\n\n\n<h2 class=\"wp-block-heading\" id=\"h-a-experiencia\">A experi\u00eancia<\/h2>\n\n\n\n<p>No in\u00edcio do ritual o xam\u00e3 respons\u00e1vel faz ora\u00e7\u00f5es nas quais pede permiss\u00e3o \u00e0 planta e invoca os protetores da Terra. O processo continua com c\u00e2nticos e apitos que ajudam a manter a concentra\u00e7\u00e3o.<\/p>\n\n\n\n<p>A cerim\u00f4nia tem o objetivo de levar voc\u00ea a uma explora\u00e7\u00e3o transformadora do seu eu interior, a uma conex\u00e3o com o mundo natural e \u00e0 sua pr\u00f3pria consci\u00eancia. Essa experi\u00eancia \u00fanica se destina a oferecer uma vis\u00e3o profunda, uma autodescoberta e um novo senso de clareza.<\/p>\n\n\n\n<p>\u00c9 um processo espiritual que exige plena consci\u00eancia, fazendo uso de plantas sagradas que causam efeitos moment\u00e2neos e que merecem ser consagradas com calma, respeito e com o \u00fanico objetivo de cura. A cerim\u00f4nia \u00e9 conduzida por guias xam\u00e2nicos experientes, conhecidos como Paqo, o \u201cpadre andino&#8221;. Ele ser\u00e1 o respons\u00e1vel pela supervis\u00e3o e condu\u00e7\u00e3o de toda a cerim\u00f4nia, guiando o \u201cpaciente\u201d para que a experi\u00eancia espiritual seja segura, e que atrav\u00e9s dela sejam encontradas respostas \u00e0s perguntas que perturbam o esp\u00edrito.<\/p>\n\n\n\n<figure class=\"wp-block-image size-large\"><img loading=\"lazy\" decoding=\"async\" width=\"1024\" height=\"683\" src=\"https:\/\/www.salkantaytrilha.com\/blog\/wp-content\/uploads\/2024\/11\/San-Pedro-Experiences-1024x683.jpg\" alt=\"Experi\u00eancias do San Pedro @andeanspiritualhealing\" class=\"wp-image-1989\"\/><figcaption class=\"wp-element-caption\">Experi\u00eancias do San Pedro @andeanspiritualhealing<\/figcaption><\/figure>\n\n\n\n<h2 class=\"wp-block-heading\" id=\"h-san-pedro-nao-e-um-negocio-e-nao-serve-para-todos\">San Pedro n\u00e3o \u00e9 um neg\u00f3cio e n\u00e3o serve para todos<\/h2>\n\n\n\n<p>O ritual de San Pedro, assim como a cerim\u00f4nia de Ayahuasca, exigem responsabilidade por parte de cada participante. Embora sejam sagradas, essas plantas n\u00e3o s\u00e3o para todos: s\u00e3o proibidas para quem tem predisposi\u00e7\u00e3o \u00e0 psicose, por\u00e9m, para muitas pessoas, elas s\u00e3o uma ferramenta que, se usada corretamente, pode alcan\u00e7ar resultados extraordin\u00e1rios na cura da alma.<\/p>\n\n\n\n<p>O ritual que envolve o consumo de San Pedro n\u00e3o faz parte de uma atra\u00e7\u00e3o tur\u00edstica, nem o insumo deve ser considerado um neg\u00f3cio. San Pedro n\u00e3o \u00e9 uma droga recreativa. N\u00e3o \u00e9 algo para se drogar e aproveitar o momento ou uma p\u00edlula m\u00e1gica que resolver\u00e1 os seus problemas.<\/p>\n\n\n\n<p>Os xam\u00e3s e as comunidades amaz\u00f4nicas tem no consumo de San Pedro a boa inten\u00e7\u00e3o de ajudar ao paciente atrav\u00e9s de um ritual sagrado de cura. Qualquer outra finalidade de uso \u00e9 considerado um insulto \u00e0 cultura ind\u00edgena.<\/p>\n\n\n\n<p>A orienta\u00e7\u00e3o ent\u00e3o \u00e9 sempre voltada para que voc\u00ea procure meios seguros e s\u00e9rios, para poder desfrutar da consagra\u00e7\u00e3o de San Pedro em Cusco: Este antigo ritual deve ser guiado por um xam\u00e3, um mestre nativo da Amaz\u00f4nia, com muitos anos de experi\u00eancia na prepara\u00e7\u00e3o desta bebida e na dire\u00e7\u00e3o do ritual, uma experi\u00eancia passada de gera\u00e7\u00e3o em gera\u00e7\u00e3o, dentro das pr\u00f3prias comunidades ind\u00edgenas da Amaz\u00f4nia. Somente um mestre amazonense nativo, pode fazer esse tipo de ritual com seguran\u00e7a.&nbsp;<\/p>\n\n\n\n<h2 class=\"wp-block-heading\" id=\"h-o-que-esperar\">O que esperar?<\/h2>\n\n\n\n<p>Esse antigo ritual andino envolve o consumo do cacto sagrado San Pedro, conhecido por suas poderosas propriedades vision\u00e1rias, curativas e de orienta\u00e7\u00e3o.&nbsp;<\/p>\n\n\n\n<p>Atualmente S\u00e3o Pedro \u00e9 empregado para curar enfermidades, incluindo o alcoolismo e a loucura, para adivinha\u00e7\u00e3o, para namoros, para combater qualquer tipo de feiti\u00e7aria e para assegurar \u00eaxito nos neg\u00f3cios.<\/p>\n\n\n\n<p>\u200b<\/p>\n\n\n\n<h2 class=\"wp-block-heading\" id=\"h-sua-utilizacao-no-passado\">Sua utiliza\u00e7\u00e3o no passado<\/h2>\n\n\n\n<p>Durante a era Inca, a cidade de Cusco, Machu Picchu e o Vale Sagrado dos Incas, eram o centro cerimonial e espiritual de todo o Imp\u00e9rio, de modo que a medicina sagrada de Wachuma era uma das principais utilizadas.<\/p>\n\n\n\n<p>A evid\u00eancia mais clara de seu uso no passado \u00e9 encontrada na cultura Chavin, que se estabeleceu no norte do Peru h\u00e1 aproximadamente 3.500 anos. Embora se acredite que seu uso remonta muitos s\u00e9culos antes da forma\u00e7\u00e3o de Chavin, ela continuou a ser usada ao longo da hist\u00f3ria e at\u00e9 os dias atuais pelas culturas Mochica, Chimu, Nasca, Tiahuanaco, Wari, Inca etc.<\/p>\n\n\n\n<p>\u201cQuando os espanh\u00f3is chegaram ao Peru, usava-se muito San Pedro\u201d. Um texto eclesi\u00e1stico dizia que os xam\u00e3s tomavam a bebida, e como era muito forte, depois de sua ingest\u00e3o, perdiam o ju\u00edzo e ficavam privados dos sentidos, tendo vis\u00f5es nas quais aparecia somente a imagem do diabo.&nbsp;<\/p>\n\n\n\n<p>Os incas realizavam estes rituais para se conectarem com seus deuses espirituais, usando t\u00e9cnicas andinas tradicionais. Os reis incas m\u00edsticos mais fi\u00e9is, como Wiracocha, Pachacutec e Huayna Capac, eram muito devotos, faziam suas oferendas e cerim\u00f4nias andinas em agradecimento, e tamb\u00e9m obtinham conselhos s\u00e1bios para governar seu imp\u00e9rio.<\/p>\n\n\n\n<h2 class=\"wp-block-heading\" id=\"h-as-diferencas-entre-ayahuasca-e-san-pedro\">As diferen\u00e7as entre Ayahuasca e San Pedro<\/h2>\n\n\n\n<ul class=\"wp-block-list\">\n<li><a href=\"https:\/\/www.salkantaytrilha.com\/blog\/ayahuasca-o-cipo-dos-mortos\/\"><strong>Ayahuasca<\/strong><\/a> \u00e9 a planta-mestra da Amaz\u00f4nia, uma bebida obtida da uni\u00e3o de duas plantas;<\/li>\n\n\n\n<li>San Pedro (Wachuma em qu\u00edchua) \u00e9 a planta-mestra dos Andes, deriva de uma \u00fanica planta, um cacto;<\/li>\n\n\n\n<li>Ambas t\u00eam efeitos psicoativos e est\u00e3o relacionadas \u00e0 conex\u00e3o espiritual, mas as rea\u00e7\u00f5es causadas s\u00e3o ligeiramente diferentes;<\/li>\n\n\n\n<li>Ayahuasca \u00e9 a planta m\u00e1gica da selva que proporciona cura e autoconhecimento;\u00a0<\/li>\n\n\n\n<li>San Pedro \u00e9 conhecido como o guia, a planta masculina dos Andes, que amplia a consci\u00eancia a propor\u00e7\u00f5es macro c\u00f3smicas;<\/li>\n\n\n\n<li>O DMT est\u00e1 presente na medicina da planta Ayahuasca;<\/li>\n\n\n\n<li>A mescalina est\u00e1 presente na medicina da planta San Pedro;<\/li>\n\n\n\n<li>A Ayahuasca \u00e9 frequentemente experimentada e associada \u00e0 energia de uma av\u00f3;<\/li>\n\n\n\n<li>San Pedro \u00e9 uma energia masculina; de fato, muitos xam\u00e3s a comparam \u00e0 energia de um pai ou av\u00f4.\u00a0<\/li>\n<\/ul>\n\n\n\n<p>Alguns curandeiros acreditam que, antes de realizar uma cerim\u00f4nia com o uso da Ayahuasca, \u00e9 melhor realizar uma cerim\u00f4nia com San Pedro porque os dois medicamentos est\u00e3o integrados ao xamanismo da cultura peruana. San Pedro traz luz e ajuda a lidar com a cerim\u00f4nia da Ayahuasca, iluminando as sombras e dando mais apoio, tornando a experi\u00eancia do medicamento mais esclarecedora, justamente porque San Pedro \u00e9 luz.<\/p>\n\n\n\n<p>O que as duas cerim\u00f4nias t\u00eam em comum \u00e9 o fato de terem o dom de despertar nosso curador interior. A Ayahuasca o ajudar\u00e1 a identificar o que voc\u00ea precisa mudar, e o San Pedro o ajudar\u00e1 a come\u00e7ar a trabalhar nesse sentido.&nbsp;<\/p>\n\n\n\n<div class=\"wp-block-columns is-layout-flex wp-container-core-columns-is-layout-9d6595d7 wp-block-columns-is-layout-flex\">\n<div class=\"wp-block-column is-layout-flow wp-block-column-is-layout-flow\">\n<figure class=\"wp-block-image size-full\"><img loading=\"lazy\" decoding=\"async\" width=\"800\" height=\"1000\" src=\"https:\/\/www.salkantaytrilha.com\/blog\/wp-content\/uploads\/2024\/11\/San-Pedro.jpg\" alt=\"San Pedro\" class=\"wp-image-1990\"\/><figcaption class=\"wp-element-caption\">San Pedro<\/figcaption><\/figure>\n<\/div>\n\n\n\n<div class=\"wp-block-column is-layout-flow wp-block-column-is-layout-flow\">\n<figure class=\"wp-block-image size-full\"><img loading=\"lazy\" decoding=\"async\" width=\"800\" height=\"1000\" src=\"https:\/\/www.salkantaytrilha.com\/blog\/wp-content\/uploads\/2024\/11\/Ayahuasca.jpg\" alt=\"Ayahuasca\" class=\"wp-image-1991\"\/><figcaption class=\"wp-element-caption\">Ayahuasca<\/figcaption><\/figure>\n<\/div>\n<\/div>\n\n\n\n<h2 class=\"wp-block-heading\" id=\"h-voce-pode-se-interessar\">Voc\u00ea pode se interessar:<\/h2>\n\n\n\n<ul class=\"wp-block-list\">\n<li><a href=\"https:\/\/www.salkantaytrilha.com\/blog\/ayahuasca-o-cipo-dos-mortos\/\"><strong>Ayahuasca, o cip\u00f3 dos mortos<\/strong><\/a><\/li>\n\n\n\n<li><a href=\"https:\/\/www.salkantaytrilha.com\/blog\/qoyllur-riti\/\"><strong>Qoyllur Rit\u2019i: Tudo o que voc\u00ea precisa saber sobre esta gigantesca peregrina\u00e7\u00e3o rumo \u00e0s montanhas de Cusco<\/strong><\/a><\/li>\n\n\n\n<li><a href=\"https:\/\/www.salkantaytrilha.com\/blog\/artesanias-cusquenhas-quem-nao-quer-a-sua\/\"><strong>Artesanias cusquenhas: quem n\u00e3o quer a sua?<\/strong><\/a><\/li>\n\n\n\n<li><a href=\"https:\/\/www.salkantaytrilha.com\/blog\/o-sky-camp-e-a-astronomia-inca\/\"><strong>O Sky Camp e a Astronomia Inca<\/strong><\/a><\/li>\n<\/ul>\n\n\n\n<ul class=\"wp-block-list lang\">\n<li class=\"en\"><a href=\"https:\/\/www.salkantaytrekking.com\/blog\/sacred-power-plants-san-pedro\/\">EN<\/a><\/li>\n\n\n\n<li class=\"es\"><a href=\"https:\/\/www.caminosalkantay.com\/blog\/plantas-sagradas-de-poder-san-pedro\/\">ES<\/a><\/li>\n<\/ul>\n\n\n\n<p><\/p>\n","protected":false},"excerpt":{"rendered":"<p>A cidade de Cusco \u00e9 a tradu\u00e7\u00e3o da cosmologia do Povo Inca. \u00c9 o leg\u00edtimo Imp\u00e9rio do Sol. O \u201cumbigo do mundo&#8221;, como \u00e9 chamada. Terra de tradi\u00e7\u00f5es milenares mantidas e perpetuadas de gera\u00e7\u00e3o em gera\u00e7\u00e3o. \u00c9 um portal de [&hellip;]<\/p>\n","protected":false},"author":1,"featured_media":1985,"comment_status":"open","ping_status":"open","sticky":false,"template":"","format":"standard","meta":{"footnotes":""},"categories":[9,40,546,10],"tags":[559,557,555,558,553,556,554],"class_list":["post-1982","post","type-post","status-publish","format-standard","has-post-thumbnail","hentry","category-cerimonia","category-cusco","category-ritual","category-tradicoes","tag-as-diferencas-entre-ayahuasca-e-san-pedro","tag-efeitos-do-sao-pedro","tag-para-que-serve-o-sao-pedro","tag-san-pedro-nao-e-um-negocio-e-nao-serve-para-todos","tag-sao-pedro","tag-seus-componentes-e-rituais-de-preparacao","tag-wachuma"],"yoast_head":"<!-- This site is optimized with the Yoast SEO Premium plugin v27.4 (Yoast SEO v27.4) - https:\/\/yoast.com\/product\/yoast-seo-premium-wordpress\/ -->\n<title>Plantas Sagradas de Poder: S\u00e3o Pedro - informa\u00e7\u00f5es de viagens<\/title>\n<meta name=\"description\" content=\"Explore a cidade de Cusco, o Imp\u00e9rio do Sol, e suas tradi\u00e7\u00f5es milenares. Conhe\u00e7a os rituais de cura atribu\u00eddos \u00e0 planta S\u00e3o Pedro.\" \/>\n<meta name=\"robots\" content=\"index, follow, max-snippet:-1, max-image-preview:large, max-video-preview:-1\" \/>\n<link rel=\"canonical\" href=\"https:\/\/www.salkantaytrilha.com\/blog\/plantas-sagradas-de-poder-sao-pedro\/\" \/>\n<meta property=\"og:locale\" content=\"pt_BR\" \/>\n<meta property=\"og:type\" content=\"article\" \/>\n<meta property=\"og:title\" content=\"Plantas Sagradas de Poder: S\u00e3o Pedro\" \/>\n<meta property=\"og:description\" content=\"Explore a cidade de Cusco, o Imp\u00e9rio do Sol, e suas tradi\u00e7\u00f5es milenares. Conhe\u00e7a os rituais de cura atribu\u00eddos \u00e0 planta S\u00e3o Pedro.\" \/>\n<meta property=\"og:url\" content=\"https:\/\/www.salkantaytrilha.com\/blog\/plantas-sagradas-de-poder-sao-pedro\/\" \/>\n<meta property=\"og:site_name\" content=\"informa\u00e7\u00f5es de viagens\" \/>\n<meta property=\"article:publisher\" content=\"https:\/\/www.facebook.com\/SalkantayTrekking\/\" \/>\n<meta property=\"article:published_time\" content=\"2024-11-22T21:00:55+00:00\" \/>\n<meta property=\"article:modified_time\" content=\"2026-03-02T15:06:12+00:00\" \/>\n<meta property=\"og:image\" content=\"https:\/\/www.salkantaytrilha.com\/blog\/wp-content\/uploads\/2024\/11\/San-Pedro-Healing.jpg\" \/>\n\t<meta property=\"og:image:width\" content=\"1873\" \/>\n\t<meta property=\"og:image:height\" content=\"1249\" \/>\n\t<meta property=\"og:image:type\" content=\"image\/jpeg\" \/>\n<meta name=\"author\" content=\"Trilha Salkantay\" \/>\n<meta name=\"twitter:card\" content=\"summary_large_image\" \/>\n<meta name=\"twitter:creator\" content=\"@salkantayperu\" \/>\n<meta name=\"twitter:site\" content=\"@salkantayperu\" \/>\n<meta name=\"twitter:label1\" content=\"Escrito por\" \/>\n\t<meta name=\"twitter:data1\" content=\"Trilha Salkantay\" \/>\n\t<meta name=\"twitter:label2\" content=\"Est. tempo de leitura\" \/>\n\t<meta name=\"twitter:data2\" content=\"11 minutos\" \/>\n<script type=\"application\/ld+json\" class=\"yoast-schema-graph\">{\"@context\":\"https:\\\/\\\/schema.org\",\"@graph\":[{\"@type\":\"Article\",\"@id\":\"https:\\\/\\\/www.salkantaytrilha.com\\\/blog\\\/plantas-sagradas-de-poder-sao-pedro\\\/#article\",\"isPartOf\":{\"@id\":\"https:\\\/\\\/www.salkantaytrilha.com\\\/blog\\\/plantas-sagradas-de-poder-sao-pedro\\\/\"},\"author\":{\"name\":\"Trilha Salkantay\",\"@id\":\"https:\\\/\\\/www.salkantaytrilha.com\\\/blog\\\/#\\\/schema\\\/person\\\/aa0e6175beac59e6519e5407b3d13d0d\"},\"headline\":\"Plantas Sagradas de Poder: S\u00e3o Pedro\",\"datePublished\":\"2024-11-22T21:00:55+00:00\",\"dateModified\":\"2026-03-02T15:06:12+00:00\",\"mainEntityOfPage\":{\"@id\":\"https:\\\/\\\/www.salkantaytrilha.com\\\/blog\\\/plantas-sagradas-de-poder-sao-pedro\\\/\"},\"wordCount\":1926,\"commentCount\":0,\"publisher\":{\"@id\":\"https:\\\/\\\/www.salkantaytrilha.com\\\/blog\\\/#organization\"},\"image\":{\"@id\":\"https:\\\/\\\/www.salkantaytrilha.com\\\/blog\\\/plantas-sagradas-de-poder-sao-pedro\\\/#primaryimage\"},\"thumbnailUrl\":\"https:\\\/\\\/www.salkantaytrilha.com\\\/blog\\\/wp-content\\\/uploads\\\/2024\\\/11\\\/San-Pedro-Healing.jpg\",\"keywords\":[\"As diferen\u00e7as entre Ayahuasca e San Pedro\",\"Efeitos do Sao Pedro\",\"Para que serve o Sao Pedro?\",\"San Pedro n\u00e3o \u00e9 um neg\u00f3cio e n\u00e3o serve para todos\",\"S\u00e3o Pedro\",\"Seus componentes e rituais de prepara\u00e7\u00e3o\",\"Wachuma\"],\"articleSection\":[\"Cerim\u00f4nia\",\"Cusco\",\"Ritual\",\"Tradi\u00e7\u00f5es\"],\"inLanguage\":\"pt-BR\",\"potentialAction\":[{\"@type\":\"CommentAction\",\"name\":\"Comment\",\"target\":[\"https:\\\/\\\/www.salkantaytrilha.com\\\/blog\\\/plantas-sagradas-de-poder-sao-pedro\\\/#respond\"]}]},{\"@type\":\"WebPage\",\"@id\":\"https:\\\/\\\/www.salkantaytrilha.com\\\/blog\\\/plantas-sagradas-de-poder-sao-pedro\\\/\",\"url\":\"https:\\\/\\\/www.salkantaytrilha.com\\\/blog\\\/plantas-sagradas-de-poder-sao-pedro\\\/\",\"name\":\"Plantas Sagradas de Poder: S\u00e3o Pedro - informa\u00e7\u00f5es de viagens\",\"isPartOf\":{\"@id\":\"https:\\\/\\\/www.salkantaytrilha.com\\\/blog\\\/#website\"},\"primaryImageOfPage\":{\"@id\":\"https:\\\/\\\/www.salkantaytrilha.com\\\/blog\\\/plantas-sagradas-de-poder-sao-pedro\\\/#primaryimage\"},\"image\":{\"@id\":\"https:\\\/\\\/www.salkantaytrilha.com\\\/blog\\\/plantas-sagradas-de-poder-sao-pedro\\\/#primaryimage\"},\"thumbnailUrl\":\"https:\\\/\\\/www.salkantaytrilha.com\\\/blog\\\/wp-content\\\/uploads\\\/2024\\\/11\\\/San-Pedro-Healing.jpg\",\"datePublished\":\"2024-11-22T21:00:55+00:00\",\"dateModified\":\"2026-03-02T15:06:12+00:00\",\"description\":\"Explore a cidade de Cusco, o Imp\u00e9rio do Sol, e suas tradi\u00e7\u00f5es milenares. Conhe\u00e7a os rituais de cura atribu\u00eddos \u00e0 planta S\u00e3o Pedro.\",\"breadcrumb\":{\"@id\":\"https:\\\/\\\/www.salkantaytrilha.com\\\/blog\\\/plantas-sagradas-de-poder-sao-pedro\\\/#breadcrumb\"},\"inLanguage\":\"pt-BR\",\"potentialAction\":[{\"@type\":\"ReadAction\",\"target\":[\"https:\\\/\\\/www.salkantaytrilha.com\\\/blog\\\/plantas-sagradas-de-poder-sao-pedro\\\/\"]}]},{\"@type\":\"ImageObject\",\"inLanguage\":\"pt-BR\",\"@id\":\"https:\\\/\\\/www.salkantaytrilha.com\\\/blog\\\/plantas-sagradas-de-poder-sao-pedro\\\/#primaryimage\",\"url\":\"https:\\\/\\\/www.salkantaytrilha.com\\\/blog\\\/wp-content\\\/uploads\\\/2024\\\/11\\\/San-Pedro-Healing.jpg\",\"contentUrl\":\"https:\\\/\\\/www.salkantaytrilha.com\\\/blog\\\/wp-content\\\/uploads\\\/2024\\\/11\\\/San-Pedro-Healing.jpg\",\"width\":1873,\"height\":1249,\"caption\":\"Plantas Sagradas de Poder: S\u00e3o Pedro Foto do The Healing Tree Center\"},{\"@type\":\"BreadcrumbList\",\"@id\":\"https:\\\/\\\/www.salkantaytrilha.com\\\/blog\\\/plantas-sagradas-de-poder-sao-pedro\\\/#breadcrumb\",\"itemListElement\":[{\"@type\":\"ListItem\",\"position\":1,\"name\":\"In\u00edcio\",\"item\":\"https:\\\/\\\/www.salkantaytrilha.com\\\/blog\\\/\"},{\"@type\":\"ListItem\",\"position\":2,\"name\":\"Plantas Sagradas de Poder: S\u00e3o Pedro\"}]},{\"@type\":\"WebSite\",\"@id\":\"https:\\\/\\\/www.salkantaytrilha.com\\\/blog\\\/#website\",\"url\":\"https:\\\/\\\/www.salkantaytrilha.com\\\/blog\\\/\",\"name\":\"informa\u00e7\u00f5es de viagens a Machu Picchu\",\"description\":\"\",\"publisher\":{\"@id\":\"https:\\\/\\\/www.salkantaytrilha.com\\\/blog\\\/#organization\"},\"potentialAction\":[{\"@type\":\"SearchAction\",\"target\":{\"@type\":\"EntryPoint\",\"urlTemplate\":\"https:\\\/\\\/www.salkantaytrilha.com\\\/blog\\\/?s={search_term_string}\"},\"query-input\":{\"@type\":\"PropertyValueSpecification\",\"valueRequired\":true,\"valueName\":\"search_term_string\"}}],\"inLanguage\":\"pt-BR\"},{\"@type\":\"Organization\",\"@id\":\"https:\\\/\\\/www.salkantaytrilha.com\\\/blog\\\/#organization\",\"name\":\"informa\u00e7\u00f5es de viagens a Machu Picchu\",\"url\":\"https:\\\/\\\/www.salkantaytrilha.com\\\/blog\\\/\",\"logo\":{\"@type\":\"ImageObject\",\"inLanguage\":\"pt-BR\",\"@id\":\"https:\\\/\\\/www.salkantaytrilha.com\\\/blog\\\/#\\\/schema\\\/logo\\\/image\\\/\",\"url\":\"https:\\\/\\\/www.salkantaytrilha.com\\\/blog\\\/wp-content\\\/uploads\\\/2024\\\/05\\\/salkantaytrekking-new-300x128-1.png\",\"contentUrl\":\"https:\\\/\\\/www.salkantaytrilha.com\\\/blog\\\/wp-content\\\/uploads\\\/2024\\\/05\\\/salkantaytrekking-new-300x128-1.png\",\"width\":300,\"height\":128,\"caption\":\"informa\u00e7\u00f5es de viagens a Machu Picchu\"},\"image\":{\"@id\":\"https:\\\/\\\/www.salkantaytrilha.com\\\/blog\\\/#\\\/schema\\\/logo\\\/image\\\/\"},\"sameAs\":[\"https:\\\/\\\/www.facebook.com\\\/SalkantayTrekking\\\/\",\"https:\\\/\\\/x.com\\\/salkantayperu\",\"https:\\\/\\\/www.pinterest.com\\\/salkantaytrekking\\\/\",\"https:\\\/\\\/www.instagram.com\\\/salkantaytrekking\\\/\",\"https:\\\/\\\/www.youtube.com\\\/user\\\/salkantaytrekking\",\"https:\\\/\\\/www.tiktok.com\\\/@salkantaytrekking\"]},{\"@type\":\"Person\",\"@id\":\"https:\\\/\\\/www.salkantaytrilha.com\\\/blog\\\/#\\\/schema\\\/person\\\/aa0e6175beac59e6519e5407b3d13d0d\",\"name\":\"Trilha Salkantay\",\"image\":{\"@type\":\"ImageObject\",\"inLanguage\":\"pt-BR\",\"@id\":\"https:\\\/\\\/secure.gravatar.com\\\/avatar\\\/b41678a33c57a2bf0032b7c254611fc97caffd94ade0663405b364d1c0177d1d?s=96&d=mm&r=g\",\"url\":\"https:\\\/\\\/secure.gravatar.com\\\/avatar\\\/b41678a33c57a2bf0032b7c254611fc97caffd94ade0663405b364d1c0177d1d?s=96&d=mm&r=g\",\"contentUrl\":\"https:\\\/\\\/secure.gravatar.com\\\/avatar\\\/b41678a33c57a2bf0032b7c254611fc97caffd94ade0663405b364d1c0177d1d?s=96&d=mm&r=g\",\"caption\":\"Trilha Salkantay\"},\"sameAs\":[\"https:\\\/\\\/www.salkantaytrilha.com\\\/blog\"]}]}<\/script>\n<!-- \/ Yoast SEO Premium plugin. -->","yoast_head_json":{"title":"Plantas Sagradas de Poder: S\u00e3o Pedro - informa\u00e7\u00f5es de viagens","description":"Explore a cidade de Cusco, o Imp\u00e9rio do Sol, e suas tradi\u00e7\u00f5es milenares. Conhe\u00e7a os rituais de cura atribu\u00eddos \u00e0 planta S\u00e3o Pedro.","robots":{"index":"index","follow":"follow","max-snippet":"max-snippet:-1","max-image-preview":"max-image-preview:large","max-video-preview":"max-video-preview:-1"},"canonical":"https:\/\/www.salkantaytrilha.com\/blog\/plantas-sagradas-de-poder-sao-pedro\/","og_locale":"pt_BR","og_type":"article","og_title":"Plantas Sagradas de Poder: S\u00e3o Pedro","og_description":"Explore a cidade de Cusco, o Imp\u00e9rio do Sol, e suas tradi\u00e7\u00f5es milenares. Conhe\u00e7a os rituais de cura atribu\u00eddos \u00e0 planta S\u00e3o Pedro.","og_url":"https:\/\/www.salkantaytrilha.com\/blog\/plantas-sagradas-de-poder-sao-pedro\/","og_site_name":"informa\u00e7\u00f5es de viagens","article_publisher":"https:\/\/www.facebook.com\/SalkantayTrekking\/","article_published_time":"2024-11-22T21:00:55+00:00","article_modified_time":"2026-03-02T15:06:12+00:00","og_image":[{"width":1873,"height":1249,"url":"https:\/\/www.salkantaytrilha.com\/blog\/wp-content\/uploads\/2024\/11\/San-Pedro-Healing.jpg","type":"image\/jpeg"}],"author":"Trilha Salkantay","twitter_card":"summary_large_image","twitter_creator":"@salkantayperu","twitter_site":"@salkantayperu","twitter_misc":{"Escrito por":"Trilha Salkantay","Est. tempo de leitura":"11 minutos"},"schema":{"@context":"https:\/\/schema.org","@graph":[{"@type":"Article","@id":"https:\/\/www.salkantaytrilha.com\/blog\/plantas-sagradas-de-poder-sao-pedro\/#article","isPartOf":{"@id":"https:\/\/www.salkantaytrilha.com\/blog\/plantas-sagradas-de-poder-sao-pedro\/"},"author":{"name":"Trilha Salkantay","@id":"https:\/\/www.salkantaytrilha.com\/blog\/#\/schema\/person\/aa0e6175beac59e6519e5407b3d13d0d"},"headline":"Plantas Sagradas de Poder: S\u00e3o Pedro","datePublished":"2024-11-22T21:00:55+00:00","dateModified":"2026-03-02T15:06:12+00:00","mainEntityOfPage":{"@id":"https:\/\/www.salkantaytrilha.com\/blog\/plantas-sagradas-de-poder-sao-pedro\/"},"wordCount":1926,"commentCount":0,"publisher":{"@id":"https:\/\/www.salkantaytrilha.com\/blog\/#organization"},"image":{"@id":"https:\/\/www.salkantaytrilha.com\/blog\/plantas-sagradas-de-poder-sao-pedro\/#primaryimage"},"thumbnailUrl":"https:\/\/www.salkantaytrilha.com\/blog\/wp-content\/uploads\/2024\/11\/San-Pedro-Healing.jpg","keywords":["As diferen\u00e7as entre Ayahuasca e San Pedro","Efeitos do Sao Pedro","Para que serve o Sao Pedro?","San Pedro n\u00e3o \u00e9 um neg\u00f3cio e n\u00e3o serve para todos","S\u00e3o Pedro","Seus componentes e rituais de prepara\u00e7\u00e3o","Wachuma"],"articleSection":["Cerim\u00f4nia","Cusco","Ritual","Tradi\u00e7\u00f5es"],"inLanguage":"pt-BR","potentialAction":[{"@type":"CommentAction","name":"Comment","target":["https:\/\/www.salkantaytrilha.com\/blog\/plantas-sagradas-de-poder-sao-pedro\/#respond"]}]},{"@type":"WebPage","@id":"https:\/\/www.salkantaytrilha.com\/blog\/plantas-sagradas-de-poder-sao-pedro\/","url":"https:\/\/www.salkantaytrilha.com\/blog\/plantas-sagradas-de-poder-sao-pedro\/","name":"Plantas Sagradas de Poder: S\u00e3o Pedro - informa\u00e7\u00f5es de viagens","isPartOf":{"@id":"https:\/\/www.salkantaytrilha.com\/blog\/#website"},"primaryImageOfPage":{"@id":"https:\/\/www.salkantaytrilha.com\/blog\/plantas-sagradas-de-poder-sao-pedro\/#primaryimage"},"image":{"@id":"https:\/\/www.salkantaytrilha.com\/blog\/plantas-sagradas-de-poder-sao-pedro\/#primaryimage"},"thumbnailUrl":"https:\/\/www.salkantaytrilha.com\/blog\/wp-content\/uploads\/2024\/11\/San-Pedro-Healing.jpg","datePublished":"2024-11-22T21:00:55+00:00","dateModified":"2026-03-02T15:06:12+00:00","description":"Explore a cidade de Cusco, o Imp\u00e9rio do Sol, e suas tradi\u00e7\u00f5es milenares. Conhe\u00e7a os rituais de cura atribu\u00eddos \u00e0 planta S\u00e3o Pedro.","breadcrumb":{"@id":"https:\/\/www.salkantaytrilha.com\/blog\/plantas-sagradas-de-poder-sao-pedro\/#breadcrumb"},"inLanguage":"pt-BR","potentialAction":[{"@type":"ReadAction","target":["https:\/\/www.salkantaytrilha.com\/blog\/plantas-sagradas-de-poder-sao-pedro\/"]}]},{"@type":"ImageObject","inLanguage":"pt-BR","@id":"https:\/\/www.salkantaytrilha.com\/blog\/plantas-sagradas-de-poder-sao-pedro\/#primaryimage","url":"https:\/\/www.salkantaytrilha.com\/blog\/wp-content\/uploads\/2024\/11\/San-Pedro-Healing.jpg","contentUrl":"https:\/\/www.salkantaytrilha.com\/blog\/wp-content\/uploads\/2024\/11\/San-Pedro-Healing.jpg","width":1873,"height":1249,"caption":"Plantas Sagradas de Poder: S\u00e3o Pedro Foto do The Healing Tree Center"},{"@type":"BreadcrumbList","@id":"https:\/\/www.salkantaytrilha.com\/blog\/plantas-sagradas-de-poder-sao-pedro\/#breadcrumb","itemListElement":[{"@type":"ListItem","position":1,"name":"In\u00edcio","item":"https:\/\/www.salkantaytrilha.com\/blog\/"},{"@type":"ListItem","position":2,"name":"Plantas Sagradas de Poder: S\u00e3o Pedro"}]},{"@type":"WebSite","@id":"https:\/\/www.salkantaytrilha.com\/blog\/#website","url":"https:\/\/www.salkantaytrilha.com\/blog\/","name":"informa\u00e7\u00f5es de viagens a Machu Picchu","description":"","publisher":{"@id":"https:\/\/www.salkantaytrilha.com\/blog\/#organization"},"potentialAction":[{"@type":"SearchAction","target":{"@type":"EntryPoint","urlTemplate":"https:\/\/www.salkantaytrilha.com\/blog\/?s={search_term_string}"},"query-input":{"@type":"PropertyValueSpecification","valueRequired":true,"valueName":"search_term_string"}}],"inLanguage":"pt-BR"},{"@type":"Organization","@id":"https:\/\/www.salkantaytrilha.com\/blog\/#organization","name":"informa\u00e7\u00f5es de viagens a Machu Picchu","url":"https:\/\/www.salkantaytrilha.com\/blog\/","logo":{"@type":"ImageObject","inLanguage":"pt-BR","@id":"https:\/\/www.salkantaytrilha.com\/blog\/#\/schema\/logo\/image\/","url":"https:\/\/www.salkantaytrilha.com\/blog\/wp-content\/uploads\/2024\/05\/salkantaytrekking-new-300x128-1.png","contentUrl":"https:\/\/www.salkantaytrilha.com\/blog\/wp-content\/uploads\/2024\/05\/salkantaytrekking-new-300x128-1.png","width":300,"height":128,"caption":"informa\u00e7\u00f5es de viagens a Machu Picchu"},"image":{"@id":"https:\/\/www.salkantaytrilha.com\/blog\/#\/schema\/logo\/image\/"},"sameAs":["https:\/\/www.facebook.com\/SalkantayTrekking\/","https:\/\/x.com\/salkantayperu","https:\/\/www.pinterest.com\/salkantaytrekking\/","https:\/\/www.instagram.com\/salkantaytrekking\/","https:\/\/www.youtube.com\/user\/salkantaytrekking","https:\/\/www.tiktok.com\/@salkantaytrekking"]},{"@type":"Person","@id":"https:\/\/www.salkantaytrilha.com\/blog\/#\/schema\/person\/aa0e6175beac59e6519e5407b3d13d0d","name":"Trilha Salkantay","image":{"@type":"ImageObject","inLanguage":"pt-BR","@id":"https:\/\/secure.gravatar.com\/avatar\/b41678a33c57a2bf0032b7c254611fc97caffd94ade0663405b364d1c0177d1d?s=96&d=mm&r=g","url":"https:\/\/secure.gravatar.com\/avatar\/b41678a33c57a2bf0032b7c254611fc97caffd94ade0663405b364d1c0177d1d?s=96&d=mm&r=g","contentUrl":"https:\/\/secure.gravatar.com\/avatar\/b41678a33c57a2bf0032b7c254611fc97caffd94ade0663405b364d1c0177d1d?s=96&d=mm&r=g","caption":"Trilha Salkantay"},"sameAs":["https:\/\/www.salkantaytrilha.com\/blog"]}]}},"_links":{"self":[{"href":"https:\/\/www.salkantaytrilha.com\/blog\/wp-json\/wp\/v2\/posts\/1982","targetHints":{"allow":["GET"]}}],"collection":[{"href":"https:\/\/www.salkantaytrilha.com\/blog\/wp-json\/wp\/v2\/posts"}],"about":[{"href":"https:\/\/www.salkantaytrilha.com\/blog\/wp-json\/wp\/v2\/types\/post"}],"author":[{"embeddable":true,"href":"https:\/\/www.salkantaytrilha.com\/blog\/wp-json\/wp\/v2\/users\/1"}],"replies":[{"embeddable":true,"href":"https:\/\/www.salkantaytrilha.com\/blog\/wp-json\/wp\/v2\/comments?post=1982"}],"version-history":[{"count":3,"href":"https:\/\/www.salkantaytrilha.com\/blog\/wp-json\/wp\/v2\/posts\/1982\/revisions"}],"predecessor-version":[{"id":5527,"href":"https:\/\/www.salkantaytrilha.com\/blog\/wp-json\/wp\/v2\/posts\/1982\/revisions\/5527"}],"wp:featuredmedia":[{"embeddable":true,"href":"https:\/\/www.salkantaytrilha.com\/blog\/wp-json\/wp\/v2\/media\/1985"}],"wp:attachment":[{"href":"https:\/\/www.salkantaytrilha.com\/blog\/wp-json\/wp\/v2\/media?parent=1982"}],"wp:term":[{"taxonomy":"category","embeddable":true,"href":"https:\/\/www.salkantaytrilha.com\/blog\/wp-json\/wp\/v2\/categories?post=1982"},{"taxonomy":"post_tag","embeddable":true,"href":"https:\/\/www.salkantaytrilha.com\/blog\/wp-json\/wp\/v2\/tags?post=1982"}],"curies":[{"name":"wp","href":"https:\/\/api.w.org\/{rel}","templated":true}]}}