{"id":2150,"date":"2024-12-02T19:45:13","date_gmt":"2024-12-02T22:45:13","guid":{"rendered":"https:\/\/www.salkantaytrilha.com\/blog\/?p=2150"},"modified":"2026-03-02T12:05:56","modified_gmt":"2026-03-02T15:05:56","slug":"como-passar-um-fim-de-semana-em-cusco","status":"publish","type":"post","link":"https:\/\/www.salkantaytrilha.com\/blog\/como-passar-um-fim-de-semana-em-cusco\/","title":{"rendered":"Como passar um fim de semana em Cusco?"},"content":{"rendered":"\n<p>Cusco, a cidade onde cada simples pedra tem uma hist\u00f3ria para contar. Onde as \u201ccallecitas\u201d trazem a ess\u00eancia de um passado lend\u00e1rio \u2026 Eleger essa cidade como o seu pr\u00f3ximo destino, \u00e9 muito mais do que embarcar em uma viagem \u00e0 passeio. Cusco \u00e9 uma aventura rumo ao epicentro da civiliza\u00e7\u00e3o Inca, onde o misticismo, o inexplic\u00e1vel e a adrenalina v\u00e3o se fazer presentes, o tempo todo.<\/p>\n\n\n\n<p>Situada no alto dos Andes peruanos, esta foi a antiga capital de um lend\u00e1rio imp\u00e9rio, cidade m\u00e1gica, testemunha de s\u00e9culos de hist\u00f3ria: desde as gl\u00f3rias do Tahuantinsuyo at\u00e9 a fus\u00e3o com culturas presentes hoje, nas ruas. Cada recanto sussurra hist\u00f3ria, seja nos antigos muros de pedra ou no vai e vem vibrante de seus mercados locais.<\/p>\n\n\n\n<p><strong>Cusco pode ser visitado em apenas um fim de semana?<\/strong>&nbsp;<\/p>\n\n\n\n<p>Sim, ao contr\u00e1rio do que muitos pensam, \u00e9 uma cidade que possibilita a visita\u00e7\u00e3o em poucos ou mais dias. Passar um fim de semana em Cusco \u00e9 mergulhar em s\u00e9culos de hist\u00f3ria, tradi\u00e7\u00f5es e paisagens de sonho, a poucos passos da sua pra\u00e7a principal. Embora pare\u00e7a pouco tempo para conhecer tantos atrativos, um fim de semana bem planejado pode proporcionar uma viv\u00eancia intensa no que de melhor a cidade, e seus arredores, t\u00eam a oferecer. Desde caminhar por suas ruas coloniais estreitas at\u00e9 descobrir os segredos escondidos em seus templos e pra\u00e7as, cada minuto em Cusco se transforma em uma aventura enriquecedora, inesquec\u00edvel.<\/p>\n\n\n\n<p><strong>E o que eu posso esperar desta viagem?<\/strong><\/p>\n\n\n\n<p>Emo\u00e7\u00e3o. \u00c9 a palavra que melhor define os sentimentos que voc\u00ea vai sentir ao visitar Cusco. Nesta breve, por\u00e9m marcante viagem, voc\u00ea ver\u00e1 amanheceres dourados sobre vales e montanhas imponentes, e nevados, por que n\u00e3o?! Receber\u00e1 a calorosa hospitalidade cusquenha, e uma viv\u00eancia, sem igual, na grandiosa hist\u00f3ria dos incas. N\u00e3o apenas conhecer\u00e1 locais impressionantes como Sacsayhuam\u00e1n ou como o Vale Sagrado dos Incas, como tamb\u00e9m ter\u00e1 a oportunidade de sentir a energia m\u00edstica que envolve essa terra sagrada. Prepare sua c\u00e2mera, mas, sobretudo, prepare seu esp\u00edrito e seu cora\u00e7\u00e3o, porque voc\u00ea vai se apaixonar!<\/p>\n\n\n\n<div class=\"wp-block-rank-math-toc-block anchor-links\"><ul><li><a href=\"#h-dia-1-chegada-na-cidade-e-visita-ao-centro-historico\" >Dia 1: Chegada na cidade e visita ao centro hist\u00f3rico<\/a><ul><li><a href=\"#h-manha-nbsp\" >Manh\u00e3\u00a0<\/a><\/li><li><a href=\"#h-tarde-nbsp\" >Tarde\u00a0<\/a><\/li><li><a href=\"#h-noite\" >Noite<\/a><\/li><\/ul><\/li><li><a href=\"#h-dia-2-aventuras-alem-da-cidade\" >Dia 2: Aventuras al\u00e9m da cidade<\/a><ul><li><a href=\"#h-manha\" >Manh\u00e3<\/a><\/li><li><a href=\"#h-tarde\" >Tarde<\/a><\/li><li><a href=\"#h-noite-0\" >Noite<\/a><\/li><\/ul><\/li><li><a href=\"#h-mais-dicas-para-um-fim-de-semana-excepcional-em-cusco\" >Mais dicas para um fim de semana excepcional em Cusco<\/a><\/li><li><a href=\"#h-voce-tambem-pode-se-interessar-por\" >Voc\u00ea tamb\u00e9m pode se interessar por:<\/a><\/li><\/nav><\/ul><\/div>\n\n\n\n<h2 class=\"wp-block-heading\" id=\"h-dia-1-chegada-na-cidade-e-visita-ao-centro-historico\">Dia 1: Chegada na cidade e visita ao centro hist\u00f3rico<\/h2>\n\n\n\n<h3 class=\"wp-block-heading\" id=\"h-manha-nbsp\">Manh\u00e3&nbsp;<\/h3>\n\n\n\n<h4 class=\"wp-block-heading\" id=\"h-chegada-ao-aeroporto-e-traslado-para-o-hotel-nbsp\">Chegada ao aeroporto e traslado para o hotel&nbsp;<\/h4>\n\n\n\n<p>Chegar a Cusco \u00e9 uma experi\u00eancia emocionante desde o primeiro momento em que voc\u00ea entra no avi\u00e3o. Na aterrissagem, as montanhas ao redor da cidade parecem ao mesmo tempo proteg\u00ea-la e abra\u00e7\u00e1-la. O Aeroporto Internacional Alejandro Velasco Astete est\u00e1 localizado a apenas 20 minutos do centro hist\u00f3rico, o que significa que, em pouqu\u00edssimo tempo, voc\u00ea estar\u00e1 cercado pelos principais atrativos tur\u00edsticos, observando pela primeira vez, da janela do seu transporte particular, a ess\u00eancia andina. Ali\u00e1s, o caminho do aeroporto at\u00e9 o seu hotel te d\u00e1 uma grande chance de observa\u00e7\u00e3o, do seu primeiro contato com a cidade lend\u00e1ria, terra dos incas. Essa vai ser a primeira forma da cidade se apresentar \u00e0 voc\u00ea. <\/p>\n\n\n\n<p>Repare no tr\u00e2nsito, no \u00f4nibus de nome Batman, repare no Ovalo de Pachacuteq (voc\u00ea pode subir nessa torre!) Repare na Pacha, e no azul profundo de sua fonte! Tenha a primeira vista do imponente Qoricancha e de seus jardins, do Pal\u00e1cio de Justi\u00e7a, das lojas, uma primeira amostra do contraste entre a modernidade e as constru\u00e7\u00f5es coloniais t\u00e3o presentes em Cusco. Quanto ao seu hotel, prepare-se para uma recep\u00e7\u00e3o calorosa e personalizada, com o tradicional ch\u00e1 de coca oferecido na recep\u00e7\u00e3o, uma bebida que causa uma certa estranheza por\u00e9m que \u00e9 essencial para a sua adapta\u00e7\u00e3o \u00e0 altitude.<\/p>\n\n\n\n<h4 class=\"wp-block-heading\" id=\"h-aclimatacao-a-altitude-nbsp\">Aclimata\u00e7\u00e3o \u00e0 altitude&nbsp;<\/h4>\n\n\n\n<p>Cusco est\u00e1 a 3.400 metros de altitude, e seu corpo vai sentir essa diferen\u00e7a. Por isso, o primeiro conselho \u00e9 sempre se aclimatar, procurando tomar as medidas corretas para isso: n\u00e3o beba \u00e1lcool, se alimente de comidas leves e beba muita \u00e1gua. Mesmo que voc\u00ea se sinta bem no come\u00e7o, \u00e9 recomend\u00e1vel que os primeiros momentos sejam dedicados ao descanso, \u00e0 hidrata\u00e7\u00e3o e ao desenrolar do dia com certa calma. Os efeitos do mal de altitude podem incluir mal estar, enjoo, leves tonturas, dor de cabe\u00e7a e cansa\u00e7o, ent\u00e3o relaxar e beber bastante l\u00edquido \u00e9 fundamental e vai te ajudar muito. Al\u00e9m do ch\u00e1 de coca, os entendidos recomendam mascar folhas da planta, como faziam os antigos incas! Aproveite esse tempo para se instalar confortavelmente em seu hotel, desfrutar das primeiras vistas da janela ou do terra\u00e7o, e se familiarizar com o entorno.<\/p>\n\n\n\n<figure class=\"wp-block-image size-large\"><img decoding=\"async\" src=\"https:\/\/www.salkantaytrilha.com\/blog\/wp-content\/uploads\/2024\/07\/Aclimatacao-em-Cusco-1024x666.jpg\" alt=\"Aclimata\u00e7\u00e3o em Cusco\" class=\"wp-image-566\"\/><figcaption class=\"wp-element-caption\">Aclimata\u00e7\u00e3o em Cusco<\/figcaption><\/figure>\n\n\n\n<h4 class=\"wp-block-heading\" id=\"h-tour-pela-cidade-historica-nbsp\">Tour pela cidade hist\u00f3rica&nbsp;<\/h4>\n\n\n\n<p>Agora, j\u00e1 se sentindo mais adaptado \u00e0 altitude, \u00e9 hora de mergulhar no cora\u00e7\u00e3o de Cusco com um tour guiado pela cidade. A Plaza de Armas, centro emblem\u00e1tico da cidade, est\u00e1 rodeada de majestosas constru\u00e7\u00f5es coloniais que refletem o encontro entre o mundo inca e o espanhol. Enquanto caminha, voc\u00ea aprender\u00e1 sobre a rica hist\u00f3ria da cidade, que n\u00e3o foi apenas capital do Imp\u00e9rio Inca, mas tamb\u00e9m um ponto chave na conquista espanhola. Aqui se encontram importantes monumentos:<\/p>\n\n\n\n<h2 class=\"wp-block-heading\" id=\"h-\"><\/h2>\n\n\n\n<ul class=\"wp-block-list\">\n<li><strong>Catedral de Cusco:<\/strong> Constru\u00edda sobre os alicerces do antigo pal\u00e1cio inca de Wiracocha, a Catedral de Cusco \u00e9 uma das mais importantes do Peru. Em seu interior, voc\u00ea encontrar\u00e1 altares impressionantes, esculpidos em cedro e cobertos de folhas de ouro, al\u00e9m de uma vasta cole\u00e7\u00e3o de arte religiosa colonial. N\u00e3o deixe de ver a famosa pintura da \u00daltima Ceia, onde, em vez de p\u00e3o e vinho, os ap\u00f3stolos parecem estar degustando cuy e chicha, uma clara fus\u00e3o entre as culturas.<\/li>\n\n\n\n<li><strong>Qoricancha:<\/strong> A apenas algumas quadras da pra\u00e7a est\u00e1 o Qoricancha, conhecido como o Templo do Sol. Em sua \u00e9poca, seus muros eram revestidos de ouro, e o local era um dos mais sagrados para os incas. Hoje, sobre suas funda\u00e7\u00f5es ergue-se o Convento de Santo Domingo, criando um contraste surpreendente entre as paredes de pedra perfeitamente encaixadas e a estrutura colonial que se eleva sobre elas. Em seu interior, as exposi\u00e7\u00f5es ensinam mais fatos interessantes sobre a cosmovis\u00e3o inca e a sua rela\u00e7\u00e3o com a astronomia.<\/li>\n\n\n\n<li><strong>Pedra dos 12 \u00c2ngulos:<\/strong> Enquanto caminha pela rua Hatun Rumiyoc, ao ver um amontoado de pessoas n\u00e3o se admire: voc\u00ea chegou na famosa Pedra dos 12 \u00c2ngulos! Parte de um muro inca que reflete a precis\u00e3o e o dom\u00ednio arquitet\u00f4nico impressionante dessa civiliza\u00e7\u00e3o extremamente avan\u00e7ada. \u00c9 um dos pontos mais fotografados pela sua simetria perfeita, j\u00e1 que n\u00e3o h\u00e1 o uso de nenhuma argamassa em seu encaixe. O guia lhe explicar\u00e1 a import\u00e2ncia dessa t\u00e9cnica, que permitiu que suas estruturas incas suportassem at\u00e9 os terremotos mais fortes.<\/li>\n<\/ul>\n\n\n\n<div class=\"wp-block-columns is-layout-flex wp-container-core-columns-is-layout-9d6595d7 wp-block-columns-is-layout-flex\">\n<div class=\"wp-block-column is-layout-flow wp-block-column-is-layout-flow\">\n<figure class=\"wp-block-image size-full\"><img loading=\"lazy\" decoding=\"async\" width=\"800\" height=\"1000\" src=\"https:\/\/www.salkantaytrilha.com\/blog\/wp-content\/uploads\/2024\/05\/mulher-na-plaza-del-cusco.jpg\" alt=\"Mulher observando a Plaza de Armas em Cusco.\" class=\"wp-image-210\"\/><figcaption class=\"wp-element-caption\">Mulher observando a Plaza de Armas em Cusco.<\/figcaption><\/figure>\n<\/div>\n\n\n\n<div class=\"wp-block-column is-layout-flow wp-block-column-is-layout-flow\">\n<figure class=\"wp-block-image size-full\"><img loading=\"lazy\" decoding=\"async\" width=\"800\" height=\"1000\" src=\"https:\/\/www.salkantaytrilha.com\/blog\/wp-content\/uploads\/2024\/11\/Qoricancha-o-templo-do-sol.jpg\" alt=\"Turista no Templo do Sol de Qoricancha em Cusco\" class=\"wp-image-1673\"\/><figcaption class=\"wp-element-caption\">Qoricancha | @talia.escamilo<\/figcaption><\/figure>\n<\/div>\n<\/div>\n\n\n\n<p><strong><em>Nota<\/em><\/strong><em>: Com a <\/em><strong><em><a href=\"https:\/\/www.salkantaytrilha.com\/\">Salkantay Trekking<\/a><\/em><\/strong><em>, voc\u00ea pode realizar o <strong>City Tour de meio dia<\/strong> em Cusco, perfeito para conhecer os s\u00edtios hist\u00f3ricos mais importantes da cidade em pouco tempo. Este passeio inclui uma visita ao <strong>Templo do Sol<\/strong> <strong>ou Qoricancha<\/strong>, um local sagrado inca, seguido pelas impressionantes ru\u00ednas de <strong>Sacsayhuam\u00e1n<\/strong>, famosas por seus enormes blocos de pedra esculpidos com precis\u00e3o. Voc\u00ea tamb\u00e9m vai poder explorar os complexos arqueol\u00f3gicos de <strong>Qenqo, Puca Pucara<\/strong> e <strong>Tambomachay<\/strong>, cada um com o seu pr\u00f3prio significado ritual e fun\u00e7\u00e3o na \u00e9poca inca.<\/em><\/p>\n\n\n\n<h3 class=\"wp-block-heading\" id=\"h-tarde-nbsp\">Tarde&nbsp;<\/h3>\n\n\n\n<h4 class=\"wp-block-heading\" id=\"h-almoco-em-um-restaurante-tradicional\">Almo\u00e7o em um restaurante tradicional<\/h4>\n\n\n\n<p>Ap\u00f3s uma manh\u00e3 repleta de hist\u00f3ria, voc\u00ea merece um bom descanso e uma refei\u00e7\u00e3o especial que o reconecte com os sabores locais.<br>Cusco \u00e9 famoso por sua gastronomia, uma fus\u00e3o de ingredientes aut\u00f3ctones com receitas ancestrais.<br>Um almo\u00e7o tradicional pode incluir um delicioso <strong>aj\u00ed de gallina<\/strong>, com sua suave mistura de frango desfiado em molho de aj\u00ed amarelo e nozes, ou um <strong>cuy assado<\/strong>, uma das iguarias mais ex\u00f3ticas da regi\u00e3o. Acompanhe sua refei\u00e7\u00e3o com uma <strong>chicha morada<\/strong>, uma bebida refrescante feita de milho roxo e especiarias. N\u00e3o hesite em perguntar ao gar\u00e7om por recomenda\u00e7\u00f5es, pois cada restaurante tem seus pratos especiais.<\/p>\n\n\n\n<h4 class=\"wp-block-heading\" id=\"h-passeio-pelo-mercado-de-san-pedro\">Passeio pelo Mercado de San Pedro<\/h4>\n\n\n\n<p>Para um olhar mais apurado do cotidiano dos cusquenhos, d\u00ea um pulinho ao <strong>Mercado de San Pedro<\/strong>.<br>Este mercado \u00e9 um animado epicentro onde os locais costumam comprar produtos frescos e artesanatos. Na \u00e1rea das comidas, os corredores est\u00e3o repletos de frutas tropicais, ervas andinas e p\u00e3es tradicionais, como o <strong>p\u00e3o chuta<\/strong>, um delicioso p\u00e3o doce caracter\u00edstico da regi\u00e3o.<br>Al\u00e9m de alimentos, voc\u00ea encontrar\u00e1 a parte das barracas de t\u00eaxteis, onde os artes\u00e3os vendem mantas, ponchos e cachec\u00f3is feitos com fina l\u00e3 de alpaca. Caminhar por este mercado n\u00e3o \u00e9 apenas uma experi\u00eancia para os sentidos, mas tamb\u00e9m uma oportunidade de levar um pedacinho de Cusco para casa.<\/p>\n\n\n\n<div class=\"wp-block-columns is-layout-flex wp-container-core-columns-is-layout-9d6595d7 wp-block-columns-is-layout-flex\">\n<div class=\"wp-block-column is-layout-flow wp-block-column-is-layout-flow\">\n<figure class=\"wp-block-image size-full\"><img loading=\"lazy\" decoding=\"async\" width=\"800\" height=\"1000\" src=\"https:\/\/www.salkantaytrilha.com\/blog\/wp-content\/uploads\/2024\/07\/Turista-mercado-central-San-Pedro-Cusco.jpg\" alt=\"Turista no mercado central de San Pedro, em Cusco\" class=\"wp-image-664\"\/><figcaption class=\"wp-element-caption\">Mercado central de San Pedro, em Cusco<\/figcaption><\/figure>\n<\/div>\n\n\n\n<div class=\"wp-block-column is-layout-flow wp-block-column-is-layout-flow\">\n<figure class=\"wp-block-image size-full\"><img loading=\"lazy\" decoding=\"async\" width=\"800\" height=\"1000\" src=\"https:\/\/www.salkantaytrilha.com\/blog\/wp-content\/uploads\/2024\/05\/Mercado-San-Pedro.jpg\" alt=\"Mercado de San Pedro\" class=\"wp-image-286\"\/><figcaption class=\"wp-element-caption\">Mercado de San Pedro<\/figcaption><\/figure>\n<\/div>\n<\/div>\n\n\n\n<h4 class=\"wp-block-heading\" id=\"h-visita-ao-bairro-de-san-blas-e-seus-artesaos\">Visita ao bairro de San Blas e seus artes\u00e3os<\/h4>\n\n\n\n<p>Depois de desfrutar de um almo\u00e7o t\u00edpico, o bairro de San Blas te espera: pode subir! Escadarias e ladeiras conduzem a charmosas ruas repletas de galerias, ateli\u00eas e pequenas lojas que exibem o trabalho dos artes\u00e3os locais.<br>Conhecido como o &#8220;bairro dos artistas&#8221;, fica localizado na parte alta da cidade. Suas ruas estreitas e \u00edngremes, muitas das quais ainda preservam sua estrutura inca original, te levar\u00e3o a descobrir tesouros feitos \u00e0 m\u00e3o, esculturas em madeira e cer\u00e2micas \u00fanicas.<br>O bairro \u00e9 o lar da famosa Igreja de San Blas, que possui um dos p\u00falpitos mais impressionantes esculpidos em madeira em toda a Am\u00e9rica Latina. A atmosfera bo\u00eamia do bairro convida voc\u00ea a passear sem pressa, interagir com os artes\u00e3os e apreciar o ambiente criativo e envolvente.<\/p>\n\n\n\n<div class=\"wp-block-columns is-layout-flex wp-container-core-columns-is-layout-9d6595d7 wp-block-columns-is-layout-flex\">\n<div class=\"wp-block-column is-layout-flow wp-block-column-is-layout-flow\">\n<figure class=\"wp-block-image size-full\"><img loading=\"lazy\" decoding=\"async\" width=\"800\" height=\"1000\" src=\"https:\/\/www.salkantaytrilha.com\/blog\/wp-content\/uploads\/2024\/10\/San-Blas-@beatrizriosflores.jpg\" alt=\"San Blas | @beatrizriosflores\" class=\"wp-image-1475\"\/><figcaption class=\"wp-element-caption\">San Blas | @beatrizriosflores<\/figcaption><\/figure>\n<\/div>\n\n\n\n<div class=\"wp-block-column is-layout-flow wp-block-column-is-layout-flow\">\n<figure class=\"wp-block-image size-full\"><img loading=\"lazy\" decoding=\"async\" width=\"800\" height=\"1000\" src=\"https:\/\/www.salkantaytrilha.com\/blog\/wp-content\/uploads\/2024\/10\/San-Blas-@elenaborsch.jpg\" alt=\"San Blas | @elenaborsch\" class=\"wp-image-1474\"\/><figcaption class=\"wp-element-caption\">San Blas | @elenaborsch<\/figcaption><\/figure>\n<\/div>\n<\/div>\n\n\n\n<p><strong>Nota<\/strong>: Capriche nas fotos! H\u00e1 v\u00e1rios lugares m\u00e1gicos que San Blas oferece para lindos \u201ctakes\u201d. N\u00e3o se esque\u00e7a de tomar um caf\u00e9 quentinho, usufruindo de uma das melhores vistas da cidade de Cusco.<\/p>\n\n\n\n<h3 class=\"wp-block-heading\" id=\"h-noite\">Noite<\/h3>\n\n\n\n<h4 class=\"wp-block-heading\" id=\"h-jantar-com-vista-panoramica-da-cidade\">Jantar com vista panor\u00e2mica da cidade<\/h4>\n\n\n\n<p>Quando a noite se aproxima, Cusco se transforma em um cen\u00e1rio iluminado, convidativo \u00e0 reflex\u00e3o e ao lazer.<br>Para o jantar, escolha um restaurante com vista panor\u00e2mica, como os situados nas alturas de San Blas ou pr\u00f3ximos \u00e0 Plaza de Armas.<br>Voc\u00ea poder\u00e1 desfrutar de uma refei\u00e7\u00e3o gourmet, onde os ingredientes locais se misturam com t\u00e9cnicas culin\u00e1rias internacionais. Experimente pratos exclusivos que exploram o potencial da <strong>quinoa<\/strong>, do <strong>milho roxo<\/strong> ou da <strong>truta dos Andes<\/strong>. Tudo isso enquanto assiste, maravilhado(a), o show de luzes da paisagem noturna cusquenha.<\/p>\n\n\n\n<p><\/p>\n\n\n\n<h4 class=\"wp-block-heading\" id=\"h-aproveite-a-vida-noturna-cusquenha\">Aproveite a vida noturna cusquenha<\/h4>\n\n\n\n<p>Se depois do jantar ainda lhe sobrar energia, a vida noturna de Cusco oferece uma variedade de op\u00e7\u00f5es.<\/p>\n\n\n\n<p>Voc\u00ea pode optar por um bar local para experimentar o famoso <strong>pisco sour<\/strong> ou, se preferir, um coquetel inovador \u00e0 base de ingredientes andinos.<\/p>\n\n\n\n<p>Muitos bares e pubs em Cusco apresentam m\u00fasica ao vivo, que varia desde grupos de fus\u00e3o andina a bandas de rock alternativo.<\/p>\n\n\n\n<p>Poder\u00e1 explorar um pouco mais os arredores e descobrir <strong>pe\u00f1as<\/strong>, onde h\u00e1 apresenta\u00e7\u00f5es de m\u00fasica tradicional e dan\u00e7as folcl\u00f3ricas.<\/p>\n\n\n\n<p>Ou, simplesmente, passear pelas ruas do centro, descobrindo a magia de Cusco \u00e0 noite, se abrigando debaixo da atmosfera acolhedora de seus postes de luz amarela.<\/p>\n\n\n\n<p>A vida noturna em Cusco \u00e9 animada, aconchegante e sempre oferece op\u00e7\u00f5es inusitadas, desde o moderno at\u00e9 o tradicional.<\/p>\n\n\n\n<div class=\"wp-block-columns is-layout-flex wp-container-core-columns-is-layout-9d6595d7 wp-block-columns-is-layout-flex\">\n<div class=\"wp-block-column is-layout-flow wp-block-column-is-layout-flow\">\n<figure class=\"wp-block-image size-full\"><img loading=\"lazy\" decoding=\"async\" width=\"640\" height=\"800\" src=\"https:\/\/www.salkantaytrilha.com\/blog\/wp-content\/uploads\/2024\/11\/limo-people-enjoying-1.jpg\" alt=\"Turistas no restaurante Limo\" class=\"wp-image-1602\"\/><figcaption class=\"wp-element-caption\">Turistas no restaurante Limo<\/figcaption><\/figure>\n<\/div>\n\n\n\n<div class=\"wp-block-column is-layout-flow wp-block-column-is-layout-flow\">\n<figure class=\"wp-block-image size-full\"><img loading=\"lazy\" decoding=\"async\" width=\"800\" height=\"1000\" src=\"https:\/\/www.salkantaytrilha.com\/blog\/wp-content\/uploads\/2024\/12\/cusco.jpg\" alt=\"Cusco \u00e0 noite\" class=\"wp-image-2154\"\/><figcaption class=\"wp-element-caption\">Cusco \u00e0 noite<\/figcaption><\/figure>\n<\/div>\n<\/div>\n\n\n\n<h2 class=\"wp-block-heading\" id=\"h-dia-2-aventuras-alem-da-cidade\">Dia 2: Aventuras al\u00e9m da cidade<\/h2>\n\n\n\n<h3 class=\"wp-block-heading\" id=\"h-manha\">Manh\u00e3<\/h3>\n\n\n\n<p>\u00c0s 4:00 da manh\u00e3, come\u00e7a a sua emocionante aventura al\u00e9m dos dom\u00ednios da cidade de Cusco! O nosso transporte privado ir\u00e1 busc\u00e1-lo em seu hotel para lev\u00e1-lo ao <strong>Vale Sul<\/strong>, uma viagem de tr\u00eas horas, durante a qual voc\u00ea poder\u00e1 descansar e aproveitar o aconchego de mantas confort\u00e1veis cedidas pela nossa equipe. Enquanto o dia amanhece, a paisagem tamb\u00e9m vai despertando: montanhas, terra\u00e7os incas e vilarejos andinos lhe dar\u00e3o as boas-vindas, oferecendo uma vis\u00e3o inesquec\u00edvel do ambiente rural cusquenho.<\/p>\n\n\n\n<p><br>Antes de iniciar a trilha, faremos uma parada para um caf\u00e9 da manh\u00e3 continental delicioso que vai recarregar sua energia. Depois, no ponto de partida, <strong>Llacto<\/strong> (4.630 m), voc\u00ea entrar\u00e1 no cora\u00e7\u00e3o dos Andes. A trilha segue o curso de um riacho e o conduz por impressionantes montanhas. Desde o in\u00edcio, voc\u00ea ser\u00e1 testemunha da majestosidade do <strong>Apu Ausangate<\/strong>, uma montanha que ainda \u00e9 considerada sagrada pelas comunidades locais.<\/p>\n\n\n\n<h2 class=\"wp-block-heading\" id=\"h-\"><\/h2>\n\n\n\n<p><br>Durante a caminhada, voc\u00ea vai desfrutar de uma viv\u00eancia no cotidiano dos habitantes da regi\u00e3o, que cultivam a terra e vestem trajes tradicionais feitos com t\u00e9cnicas de tecelagem ancestral. Seu guia fornecer\u00e1 detalhes sobre seus costumes e, se for de seu interesse, voc\u00ea poder\u00e1 aprender algumas frases em quechua, a l\u00edngua ancestral ainda falada na regi\u00e3o.<\/p>\n\n\n\n<p><br>Ap\u00f3s uma hora e meia de trilha, voc\u00ea chegar\u00e1 \u00e0 imponente <strong>Montanha de Sete Cores<\/strong>, tamb\u00e9m conhecida como Montanha Colorida ou Vinicunca: um dos atrativos mais surpreendentes dos Andes peruanos. Este espet\u00e1culo natural ir\u00e1 surpreender com suas cores vibrantes. Aproveite a paisagem, tire fotos incr\u00edveis e aprenda mais sobre a forma\u00e7\u00e3o geol\u00f3gica desta montanha \u00fanica.<\/p>\n\n\n\n<figure class=\"wp-block-image size-large\"><img loading=\"lazy\" decoding=\"async\" width=\"1024\" height=\"683\" src=\"https:\/\/www.salkantaytrilha.com\/blog\/wp-content\/uploads\/2024\/07\/Vinicunca-da-Montanha-do-Arco-Iris-1024x683.jpg\" alt=\"Vinicunca da Montanha do Arco-\u00cdris\" class=\"wp-image-449\"\/><figcaption class=\"wp-element-caption\">Vinicunca da Montanha do Arco-\u00cdris<\/figcaption><\/figure>\n\n\n\n<h3 class=\"wp-block-heading\" id=\"h-tarde\">Tarde<\/h3>\n\n\n\n<p>Depois de assistir ao espet\u00e1culo da Montanha Arco-\u00cdris, a sua aventura continua at\u00e9 um outro lugar impressionante da Terra, o m\u00e1gico <strong>Vale Vermelho<\/strong>, um lugar surreal que poucos viajantes t\u00eam acesso. Em apenas 30 minutos, voc\u00ea chegar\u00e1 ao mirante que oferece vistas espetaculares desse cen\u00e1rio cinematogr\u00e1fico, que mais parece pertencer a outro planeta. A tranquilidade do Vale e sua cor vibrante, o tornam um ref\u00fagio de paz e de beleza natural, ideal para voc\u00ea se desconectar completamente.<\/p>\n\n\n\n<p>Ap\u00f3s o fim do trajeto, voc\u00ea come\u00e7ar\u00e1 a descida de duas horas, atravessando comunidades andinas, onde ter\u00e1 a oportunidade de ver rebanhos de lhamas e alpacas. Com um pouco de sorte, poder\u00e1 avistar vicunhas, animais selvagens que habitam a regi\u00e3o desde a \u00e9poca pr\u00e9-incaica.<\/p>\n\n\n\n<p><br>Ao final da trilha, retornaremos a <strong>Cusipata<\/strong>, onde um almo\u00e7o buffet caprichado o(a) espera, sendo o encerramento perfeito para uma experi\u00eancia inesquec\u00edvel. Finalmente, voc\u00ea voltar\u00e1 a Cusco em transporte privado, chegando ao final da tarde para descansar e processar as incr\u00edveis paisagens e momentos inesquec\u00edveis que viveu ao longo do dia.<\/p>\n\n\n\n<figure class=\"wp-block-image size-full\"><img loading=\"lazy\" decoding=\"async\" width=\"1024\" height=\"577\" src=\"https:\/\/www.salkantaytrilha.com\/blog\/wp-content\/uploads\/2024\/11\/Red-Valley-1024x577-1.jpg\" alt=\"Vale Vermelho\" class=\"wp-image-2069\"\/><figcaption class=\"wp-element-caption\">Vale Vermelho<\/figcaption><\/figure>\n\n\n\n<h3 class=\"wp-block-heading\" id=\"h-noite-0\">Noite<\/h3>\n\n\n\n<p>De volta a Cusco, \u00e0 noite oferece a oportunidade perfeita para um \u00faltimo jantar na cidade, desfrutando da gastronomia local em um restaurante com vista para a Plaza de Armas. Enquanto se prepara para o seu retorno, voc\u00ea pode relembrar tudo o que vivenciou, a beleza das paisagens que explorou, enfim, encerrando a sua aventura com uma sensa\u00e7\u00e3o de plena satisfa\u00e7\u00e3o.<\/p>\n\n\n\n<div class=\"wp-block-columns is-layout-flex wp-container-core-columns-is-layout-9d6595d7 wp-block-columns-is-layout-flex\">\n<div class=\"wp-block-column is-layout-flow wp-block-column-is-layout-flow\">\n<figure class=\"wp-block-image size-full\"><img loading=\"lazy\" decoding=\"async\" width=\"800\" height=\"1000\" src=\"https:\/\/www.salkantaytrilha.com\/blog\/wp-content\/uploads\/2024\/12\/Cusco-street-at-night.jpg\" alt=\"Rua de Cusco \u00e0 noite\" class=\"wp-image-2153\"\/><figcaption class=\"wp-element-caption\">Rua de Cusco \u00e0 noite<\/figcaption><\/figure>\n<\/div>\n\n\n\n<div class=\"wp-block-column is-layout-flow wp-block-column-is-layout-flow\">\n<figure class=\"wp-block-image size-full\"><img loading=\"lazy\" decoding=\"async\" width=\"800\" height=\"1000\" src=\"https:\/\/www.salkantaytrilha.com\/blog\/wp-content\/uploads\/2024\/12\/cusco.jpg\" alt=\"Cusco \u00e0 noite\" class=\"wp-image-2154\"\/><figcaption class=\"wp-element-caption\">Cusco \u00e0 noite<\/figcaption><\/figure>\n<\/div>\n<\/div>\n\n\n\n<p><strong><em>Nota<\/em><\/strong><em>: A <\/em><strong><em><a href=\"https:\/\/www.salkantaytrilha.com\/tradicional\/caminhada-1-dia-cusco\/\">Salkantay Trekking<\/a><\/em><\/strong><em> oferece diversas op\u00e7\u00f5es de excurs\u00f5es de 1 dia para aqueles que desejam continuar explorando Cusco e seus arredores. Entre as alternativas oferecidas, voc\u00ea pode optar pela Trilha da <strong>Laguna Humantay<\/strong>, uma lagoa glacial de \u00e1guas turquesas cuja caminhada \u00e9 desafiadora, por\u00e9m extremamente gratificante, ou at\u00e9 pela incr\u00edvel visita a <strong>Choquequirao<\/strong>, a cidadela inca que, por seu misticismo e complexidade arquitet\u00f4nica, \u00e9 comparada como sendo a irm\u00e3 de Machu Picchu.<\/em><\/p>\n\n\n\n<p><\/p>\n\n\n\n<h2 class=\"wp-block-heading\" id=\"h-mais-dicas-para-um-fim-de-semana-excepcional-em-cusco\">Mais dicas para um fim de semana excepcional em Cusco<\/h2>\n\n\n\n<h4 class=\"wp-block-heading\" id=\"h-melhor-epoca-para-visitar\">Melhor \u00e9poca para visitar<\/h4>\n\n\n\n<p>Embora Cusco seja um destino que pode ser visitado durante todo o ano, a esta\u00e7\u00e3o seca (de maio a setembro) \u00e9 a mais ideal para quem busca c\u00e9u limpo e trekking sem complica\u00e7\u00f5es. No entanto, durante a baixa temporada (de outubro a abril), voc\u00ea encontrar\u00e1 menos turistas na cidade, embora com um pouco de chuva. Se voc\u00ea busca tranquilidade, considere os meses entre novembro e mar\u00e7o, mas n\u00e3o esque\u00e7a de trazer sua capa de chuva.<\/p>\n\n\n\n<h4 class=\"wp-block-heading\" id=\"h-o-que-levar-na-bagagem\">O que levar na bagagem<\/h4>\n\n\n\n<p>Prepare-se para um clima imprevis\u00edvel. Na sua bagagem n\u00e3o podem faltar: roupas quentes para as noites frias (as segundas peles s\u00e3o ideais), roupas leves para o dia, um bom par de t\u00eanis para caminhada, protetor solar, \u00f3culos de sol e um chap\u00e9u ou bon\u00e9. Cusco pode te surpreender com um sol intenso, mesmo no inverno, e \u00e0 noite a temperatura cai consideravelmente.<\/p>\n\n\n\n<h4 class=\"wp-block-heading\" id=\"h-recomendacoes-para-sua-aclimatacao\">Recomenda\u00e7\u00f5es para sua aclimata\u00e7\u00e3o<\/h4>\n\n\n\n<p>A altitude de Cusco (3.400 m) pode afetar aqueles que n\u00e3o est\u00e3o acostumados. Leve o primeiro dia com calma, beba muita \u00e1gua, evite o consumo de \u00e1lcool e coma alimentos leves. O ch\u00e1 de coca \u00e9 um \u00f3timo aliado para aliviar os sintomas do mal de altitude, e muitos hot\u00e9is o oferecem como cortesia. Se for sua primeira viagem a essa altitude, reserve algumas horas para descansar e se familiarizar com o ambiente.<\/p>\n\n\n\n<h4 class=\"wp-block-heading\" id=\"h-transporte\">Transporte<\/h4>\n\n\n\n<p>Locomover-se em Cusco \u00e9 f\u00e1cil. A maioria dos pontos tur\u00edsticos est\u00e3o a uma curta dist\u00e2ncia, caso voc\u00ea se hospede pr\u00f3ximo do centro hist\u00f3rico. No entanto, se decidir explorar mais al\u00e9m, t\u00e1xis e servi\u00e7os como InDrive est\u00e3o dispon\u00edveis e s\u00e3o econ\u00f4micos. Para os s\u00edtios arqueol\u00f3gicos pr\u00f3ximos, o transporte tur\u00edstico \u00e9 a melhor op\u00e7\u00e3o.<\/p>\n\n\n\n<h4 class=\"wp-block-heading\" id=\"h-acomodacoes\">Acomoda\u00e7\u00f5es<\/h4>\n\n\n\n<p>Cusco oferece uma ampla gama de op\u00e7\u00f5es de hospedagem para todos os or\u00e7amentos. Desde hostels aconchegantes at\u00e9 hot\u00e9is boutique em casar\u00f5es coloniais e op\u00e7\u00f5es de luxo. Se quiser aproveitar ao m\u00e1ximo a sua estadia, escolha um lugar pr\u00f3ximo da Plaza de Armas. Assim, voc\u00ea ter\u00e1 f\u00e1cil acesso a restaurantes, mercados e principais atra\u00e7\u00f5es.<\/p>\n\n\n\n<h4 class=\"wp-block-heading\" id=\"h-gastronomia\">Gastronomia<\/h4>\n\n\n\n<p>A comida cusquenha \u00e9 uma celebra\u00e7\u00e3o de sabores andinos. N\u00e3o saia sem provar pratos emblem\u00e1ticos como o aj\u00ed de galinha, a truta grelhada ou o cuy (sim, cuy, a tradi\u00e7\u00e3o \u00e9 forte aqui). N\u00e3o se esque\u00e7a de saborear um pisco sour ou uma chicha morada em um dos muitos restaurantes com vista para a cidade. Os mercados locais, como o de San Pedro ou o de San Blas, oferecem uma experi\u00eancia culin\u00e1ria aut\u00eantica para os mais aventureiros.<\/p>\n\n\n\n<h4 class=\"wp-block-heading\" id=\"h-seguranca\">Seguran\u00e7a<\/h4>\n\n\n\n<p>Cusco \u00e9, em geral, uma cidade segura, especialmente nas \u00e1reas tur\u00edsticas. No entanto, como em qualquer outro lugar, \u00e9 importante ficar atento aos seus pertences, principalmente em locais movimentados como mercados ou pontos de \u00f4nibus. Se voc\u00ea estiver viajando sozinho ou \u00e0 noite, \u00e9 recomend\u00e1vel usar t\u00e1xis cadastrados ou aplicativos de transporte.<\/p>\n\n\n\n<p><strong>Cusco te espera!<\/strong><\/p>\n\n\n\n<p>Com sua rica hist\u00f3ria, paisagens impressionantes e uma cultura vibrante, Cusco \u00e9 o destino perfeito para uma escapulida no fim de semana, para uma conex\u00e3o \u00e0 grandiosidade dos Andes e ao legado dos incas. Seja explorando s\u00edtios arqueol\u00f3gicos, degustando sua deliciosa gastronomia ou simplesmente aproveitando a magia de suas ruas de pedra, esta cidade m\u00e1gica sempre ter\u00e1 algo a mais para descobrir.<br>Ent\u00e3o, o que voc\u00ea est\u00e1 esperando? Fa\u00e7a j\u00e1 a sua mala, arrume seus t\u00eanis de trekking e venha viver a experi\u00eancia que Cusco tem guardada para voc\u00ea. A aventura est\u00e1 apenas come\u00e7ando!<\/p>\n\n\n\n<h2 class=\"wp-block-heading\" id=\"h-voce-tambem-pode-se-interessar-por\">Voc\u00ea tamb\u00e9m pode se interessar por:<\/h2>\n\n\n\n<ul class=\"wp-block-list\">\n<li><a href=\"https:\/\/www.salkantaytrilha.com\/blog\/senderismo-em-cusco-rotas-curtas-para-fazer-em-menos-de-1-dia\/\"><strong>Senderismo em Cusco: Rotas Curtas para Fazer em Menos de 1 Dia<\/strong><\/a><\/li>\n\n\n\n<li><a href=\"https:\/\/www.salkantaytrilha.com\/blog\/bilhete-turistico-de-cusco-o-guia-completo-2025\/\"><strong>Bilhete Tur\u00edstico de Cusco: O Guia Completo 2025<\/strong><\/a><\/li>\n\n\n\n<li><a href=\"https:\/\/www.salkantaytrilha.com\/blog\/descubra-o-vale-vermelho-de-cusco-e-sinta-se-em-outro-planeta\/\"><strong>Descubra o Vale Vermelho de Cusco e sinta-se em outro planeta<\/strong><\/a><\/li>\n\n\n\n<li><a href=\"https:\/\/www.salkantaytrilha.com\/blog\/a-melhor-montanha-colorida-no-peru-vinicunca-palccoyo-ou-pallay-punchu\/\"><strong>A Melhor Montanha Colorida no Peru: Vinicunca, Palccoyo ou Pallay Punchu?<\/strong><\/a><\/li>\n<\/ul>\n\n\n\n<ul class=\"wp-block-list lang\">\n<li class=\"en\"><a href=\"https:\/\/www.salkantaytrekking.com\/blog\/how-to-spend-a-weekend-in-cusco-peru\/\">EN<\/a><\/li>\n\n\n\n<li class=\"es\"><a href=\"https:\/\/www.caminosalkantay.com\/blog\/como-pasar-un-fin-de-semana-en-cusco-peru\/\">ES<\/a><\/li>\n<\/ul>\n\n\n\n<p><\/p>\n","protected":false},"excerpt":{"rendered":"<p>Cusco, a cidade onde cada simples pedra tem uma hist\u00f3ria para contar. Onde as \u201ccallecitas\u201d trazem a ess\u00eancia de um passado lend\u00e1rio \u2026 Eleger essa cidade como o seu pr\u00f3ximo destino, \u00e9 muito mais do que embarcar em uma viagem [&hellip;]<\/p>\n","protected":false},"author":1,"featured_media":2155,"comment_status":"open","ping_status":"open","sticky":false,"template":"","format":"standard","meta":{"footnotes":""},"categories":[183,40,71],"tags":[184,660,650,653],"class_list":["post-2150","post","type-post","status-publish","format-standard","has-post-thumbnail","hentry","category-aclimatacao","category-cusco","category-montanha-arco-iris","tag-aclimatacao-em-cusco","tag-dicas-para-um-fim-de-semana-em-cusco","tag-fim-de-seman-em-cusco","tag-visita-ao-centro-historico"],"yoast_head":"<!-- This site is optimized with the Yoast SEO Premium plugin v27.4 (Yoast SEO v27.4) - https:\/\/yoast.com\/product\/yoast-seo-premium-wordpress\/ -->\n<title>Como passar um fim de semana em Cusco? - informa\u00e7\u00f5es de viagens<\/title>\n<meta name=\"description\" content=\"Descubra a m\u00e1gica de Cusco em um fim de semana. Explore a cidade lend\u00e1ria dos Incas e mergulhe na hist\u00f3ria e aventura dos Andes peruanos.\" \/>\n<meta name=\"robots\" content=\"index, follow, max-snippet:-1, max-image-preview:large, max-video-preview:-1\" \/>\n<link rel=\"canonical\" href=\"https:\/\/www.salkantaytrilha.com\/blog\/como-passar-um-fim-de-semana-em-cusco\/\" \/>\n<meta property=\"og:locale\" content=\"pt_BR\" \/>\n<meta property=\"og:type\" content=\"article\" \/>\n<meta property=\"og:title\" content=\"Como passar um fim de semana em Cusco?\" \/>\n<meta property=\"og:description\" content=\"Descubra a m\u00e1gica de Cusco em um fim de semana. Explore a cidade lend\u00e1ria dos Incas e mergulhe na hist\u00f3ria e aventura dos Andes peruanos.\" \/>\n<meta property=\"og:url\" content=\"https:\/\/www.salkantaytrilha.com\/blog\/como-passar-um-fim-de-semana-em-cusco\/\" \/>\n<meta property=\"og:site_name\" content=\"informa\u00e7\u00f5es de viagens\" \/>\n<meta property=\"article:publisher\" content=\"https:\/\/www.facebook.com\/SalkantayTrekking\/\" \/>\n<meta property=\"article:published_time\" content=\"2024-12-02T22:45:13+00:00\" \/>\n<meta property=\"article:modified_time\" content=\"2026-03-02T15:05:56+00:00\" \/>\n<meta property=\"og:image\" content=\"https:\/\/www.salkantaytrilha.com\/blog\/wp-content\/uploads\/2024\/12\/Fin-de-semana-en-Cusco.jpg\" \/>\n\t<meta property=\"og:image:width\" content=\"1873\" \/>\n\t<meta property=\"og:image:height\" content=\"1249\" \/>\n\t<meta property=\"og:image:type\" content=\"image\/jpeg\" \/>\n<meta name=\"author\" content=\"Trilha Salkantay\" \/>\n<meta name=\"twitter:card\" content=\"summary_large_image\" \/>\n<meta name=\"twitter:creator\" content=\"@salkantayperu\" \/>\n<meta name=\"twitter:site\" content=\"@salkantayperu\" \/>\n<meta name=\"twitter:label1\" content=\"Escrito por\" \/>\n\t<meta name=\"twitter:data1\" content=\"Trilha Salkantay\" \/>\n\t<meta name=\"twitter:label2\" content=\"Est. tempo de leitura\" \/>\n\t<meta name=\"twitter:data2\" content=\"20 minutos\" \/>\n<script type=\"application\/ld+json\" class=\"yoast-schema-graph\">{\"@context\":\"https:\\\/\\\/schema.org\",\"@graph\":[{\"@type\":\"Article\",\"@id\":\"https:\\\/\\\/www.salkantaytrilha.com\\\/blog\\\/como-passar-um-fim-de-semana-em-cusco\\\/#article\",\"isPartOf\":{\"@id\":\"https:\\\/\\\/www.salkantaytrilha.com\\\/blog\\\/como-passar-um-fim-de-semana-em-cusco\\\/\"},\"author\":{\"name\":\"Trilha Salkantay\",\"@id\":\"https:\\\/\\\/www.salkantaytrilha.com\\\/blog\\\/#\\\/schema\\\/person\\\/aa0e6175beac59e6519e5407b3d13d0d\"},\"headline\":\"Como passar um fim de semana em Cusco?\",\"datePublished\":\"2024-12-02T22:45:13+00:00\",\"dateModified\":\"2026-03-02T15:05:56+00:00\",\"mainEntityOfPage\":{\"@id\":\"https:\\\/\\\/www.salkantaytrilha.com\\\/blog\\\/como-passar-um-fim-de-semana-em-cusco\\\/\"},\"wordCount\":3280,\"commentCount\":0,\"publisher\":{\"@id\":\"https:\\\/\\\/www.salkantaytrilha.com\\\/blog\\\/#organization\"},\"image\":{\"@id\":\"https:\\\/\\\/www.salkantaytrilha.com\\\/blog\\\/como-passar-um-fim-de-semana-em-cusco\\\/#primaryimage\"},\"thumbnailUrl\":\"https:\\\/\\\/www.salkantaytrilha.com\\\/blog\\\/wp-content\\\/uploads\\\/2024\\\/12\\\/Fin-de-semana-en-Cusco.jpg\",\"keywords\":[\"Aclimata\u00e7\u00e3o em Cusco\",\"dicas para um fim de semana em Cusco\",\"Fim de seman em Cusco\",\"visita ao centro hist\u00f3rico\"],\"articleSection\":[\"Aclimata\u00e7\u00e3o\",\"Cusco\",\"Montanha Arco-\u00cdris\"],\"inLanguage\":\"pt-BR\",\"potentialAction\":[{\"@type\":\"CommentAction\",\"name\":\"Comment\",\"target\":[\"https:\\\/\\\/www.salkantaytrilha.com\\\/blog\\\/como-passar-um-fim-de-semana-em-cusco\\\/#respond\"]}]},{\"@type\":\"WebPage\",\"@id\":\"https:\\\/\\\/www.salkantaytrilha.com\\\/blog\\\/como-passar-um-fim-de-semana-em-cusco\\\/\",\"url\":\"https:\\\/\\\/www.salkantaytrilha.com\\\/blog\\\/como-passar-um-fim-de-semana-em-cusco\\\/\",\"name\":\"Como passar um fim de semana em Cusco? - informa\u00e7\u00f5es de viagens\",\"isPartOf\":{\"@id\":\"https:\\\/\\\/www.salkantaytrilha.com\\\/blog\\\/#website\"},\"primaryImageOfPage\":{\"@id\":\"https:\\\/\\\/www.salkantaytrilha.com\\\/blog\\\/como-passar-um-fim-de-semana-em-cusco\\\/#primaryimage\"},\"image\":{\"@id\":\"https:\\\/\\\/www.salkantaytrilha.com\\\/blog\\\/como-passar-um-fim-de-semana-em-cusco\\\/#primaryimage\"},\"thumbnailUrl\":\"https:\\\/\\\/www.salkantaytrilha.com\\\/blog\\\/wp-content\\\/uploads\\\/2024\\\/12\\\/Fin-de-semana-en-Cusco.jpg\",\"datePublished\":\"2024-12-02T22:45:13+00:00\",\"dateModified\":\"2026-03-02T15:05:56+00:00\",\"description\":\"Descubra a m\u00e1gica de Cusco em um fim de semana. Explore a cidade lend\u00e1ria dos Incas e mergulhe na hist\u00f3ria e aventura dos Andes peruanos.\",\"breadcrumb\":{\"@id\":\"https:\\\/\\\/www.salkantaytrilha.com\\\/blog\\\/como-passar-um-fim-de-semana-em-cusco\\\/#breadcrumb\"},\"inLanguage\":\"pt-BR\",\"potentialAction\":[{\"@type\":\"ReadAction\",\"target\":[\"https:\\\/\\\/www.salkantaytrilha.com\\\/blog\\\/como-passar-um-fim-de-semana-em-cusco\\\/\"]}]},{\"@type\":\"ImageObject\",\"inLanguage\":\"pt-BR\",\"@id\":\"https:\\\/\\\/www.salkantaytrilha.com\\\/blog\\\/como-passar-um-fim-de-semana-em-cusco\\\/#primaryimage\",\"url\":\"https:\\\/\\\/www.salkantaytrilha.com\\\/blog\\\/wp-content\\\/uploads\\\/2024\\\/12\\\/Fin-de-semana-en-Cusco.jpg\",\"contentUrl\":\"https:\\\/\\\/www.salkantaytrilha.com\\\/blog\\\/wp-content\\\/uploads\\\/2024\\\/12\\\/Fin-de-semana-en-Cusco.jpg\",\"width\":1873,\"height\":1249,\"caption\":\"Fim de semana em Cusco\"},{\"@type\":\"BreadcrumbList\",\"@id\":\"https:\\\/\\\/www.salkantaytrilha.com\\\/blog\\\/como-passar-um-fim-de-semana-em-cusco\\\/#breadcrumb\",\"itemListElement\":[{\"@type\":\"ListItem\",\"position\":1,\"name\":\"In\u00edcio\",\"item\":\"https:\\\/\\\/www.salkantaytrilha.com\\\/blog\\\/\"},{\"@type\":\"ListItem\",\"position\":2,\"name\":\"Como passar um fim de semana em Cusco?\"}]},{\"@type\":\"WebSite\",\"@id\":\"https:\\\/\\\/www.salkantaytrilha.com\\\/blog\\\/#website\",\"url\":\"https:\\\/\\\/www.salkantaytrilha.com\\\/blog\\\/\",\"name\":\"informa\u00e7\u00f5es de viagens a Machu Picchu\",\"description\":\"\",\"publisher\":{\"@id\":\"https:\\\/\\\/www.salkantaytrilha.com\\\/blog\\\/#organization\"},\"potentialAction\":[{\"@type\":\"SearchAction\",\"target\":{\"@type\":\"EntryPoint\",\"urlTemplate\":\"https:\\\/\\\/www.salkantaytrilha.com\\\/blog\\\/?s={search_term_string}\"},\"query-input\":{\"@type\":\"PropertyValueSpecification\",\"valueRequired\":true,\"valueName\":\"search_term_string\"}}],\"inLanguage\":\"pt-BR\"},{\"@type\":\"Organization\",\"@id\":\"https:\\\/\\\/www.salkantaytrilha.com\\\/blog\\\/#organization\",\"name\":\"informa\u00e7\u00f5es de viagens a Machu Picchu\",\"url\":\"https:\\\/\\\/www.salkantaytrilha.com\\\/blog\\\/\",\"logo\":{\"@type\":\"ImageObject\",\"inLanguage\":\"pt-BR\",\"@id\":\"https:\\\/\\\/www.salkantaytrilha.com\\\/blog\\\/#\\\/schema\\\/logo\\\/image\\\/\",\"url\":\"https:\\\/\\\/www.salkantaytrilha.com\\\/blog\\\/wp-content\\\/uploads\\\/2024\\\/05\\\/salkantaytrekking-new-300x128-1.png\",\"contentUrl\":\"https:\\\/\\\/www.salkantaytrilha.com\\\/blog\\\/wp-content\\\/uploads\\\/2024\\\/05\\\/salkantaytrekking-new-300x128-1.png\",\"width\":300,\"height\":128,\"caption\":\"informa\u00e7\u00f5es de viagens a Machu Picchu\"},\"image\":{\"@id\":\"https:\\\/\\\/www.salkantaytrilha.com\\\/blog\\\/#\\\/schema\\\/logo\\\/image\\\/\"},\"sameAs\":[\"https:\\\/\\\/www.facebook.com\\\/SalkantayTrekking\\\/\",\"https:\\\/\\\/x.com\\\/salkantayperu\",\"https:\\\/\\\/www.pinterest.com\\\/salkantaytrekking\\\/\",\"https:\\\/\\\/www.instagram.com\\\/salkantaytrekking\\\/\",\"https:\\\/\\\/www.youtube.com\\\/user\\\/salkantaytrekking\",\"https:\\\/\\\/www.tiktok.com\\\/@salkantaytrekking\"]},{\"@type\":\"Person\",\"@id\":\"https:\\\/\\\/www.salkantaytrilha.com\\\/blog\\\/#\\\/schema\\\/person\\\/aa0e6175beac59e6519e5407b3d13d0d\",\"name\":\"Trilha Salkantay\",\"image\":{\"@type\":\"ImageObject\",\"inLanguage\":\"pt-BR\",\"@id\":\"https:\\\/\\\/secure.gravatar.com\\\/avatar\\\/b41678a33c57a2bf0032b7c254611fc97caffd94ade0663405b364d1c0177d1d?s=96&d=mm&r=g\",\"url\":\"https:\\\/\\\/secure.gravatar.com\\\/avatar\\\/b41678a33c57a2bf0032b7c254611fc97caffd94ade0663405b364d1c0177d1d?s=96&d=mm&r=g\",\"contentUrl\":\"https:\\\/\\\/secure.gravatar.com\\\/avatar\\\/b41678a33c57a2bf0032b7c254611fc97caffd94ade0663405b364d1c0177d1d?s=96&d=mm&r=g\",\"caption\":\"Trilha Salkantay\"},\"sameAs\":[\"https:\\\/\\\/www.salkantaytrilha.com\\\/blog\"]}]}<\/script>\n<!-- \/ Yoast SEO Premium plugin. -->","yoast_head_json":{"title":"Como passar um fim de semana em Cusco? - informa\u00e7\u00f5es de viagens","description":"Descubra a m\u00e1gica de Cusco em um fim de semana. Explore a cidade lend\u00e1ria dos Incas e mergulhe na hist\u00f3ria e aventura dos Andes peruanos.","robots":{"index":"index","follow":"follow","max-snippet":"max-snippet:-1","max-image-preview":"max-image-preview:large","max-video-preview":"max-video-preview:-1"},"canonical":"https:\/\/www.salkantaytrilha.com\/blog\/como-passar-um-fim-de-semana-em-cusco\/","og_locale":"pt_BR","og_type":"article","og_title":"Como passar um fim de semana em Cusco?","og_description":"Descubra a m\u00e1gica de Cusco em um fim de semana. Explore a cidade lend\u00e1ria dos Incas e mergulhe na hist\u00f3ria e aventura dos Andes peruanos.","og_url":"https:\/\/www.salkantaytrilha.com\/blog\/como-passar-um-fim-de-semana-em-cusco\/","og_site_name":"informa\u00e7\u00f5es de viagens","article_publisher":"https:\/\/www.facebook.com\/SalkantayTrekking\/","article_published_time":"2024-12-02T22:45:13+00:00","article_modified_time":"2026-03-02T15:05:56+00:00","og_image":[{"width":1873,"height":1249,"url":"https:\/\/www.salkantaytrilha.com\/blog\/wp-content\/uploads\/2024\/12\/Fin-de-semana-en-Cusco.jpg","type":"image\/jpeg"}],"author":"Trilha Salkantay","twitter_card":"summary_large_image","twitter_creator":"@salkantayperu","twitter_site":"@salkantayperu","twitter_misc":{"Escrito por":"Trilha Salkantay","Est. tempo de leitura":"20 minutos"},"schema":{"@context":"https:\/\/schema.org","@graph":[{"@type":"Article","@id":"https:\/\/www.salkantaytrilha.com\/blog\/como-passar-um-fim-de-semana-em-cusco\/#article","isPartOf":{"@id":"https:\/\/www.salkantaytrilha.com\/blog\/como-passar-um-fim-de-semana-em-cusco\/"},"author":{"name":"Trilha Salkantay","@id":"https:\/\/www.salkantaytrilha.com\/blog\/#\/schema\/person\/aa0e6175beac59e6519e5407b3d13d0d"},"headline":"Como passar um fim de semana em Cusco?","datePublished":"2024-12-02T22:45:13+00:00","dateModified":"2026-03-02T15:05:56+00:00","mainEntityOfPage":{"@id":"https:\/\/www.salkantaytrilha.com\/blog\/como-passar-um-fim-de-semana-em-cusco\/"},"wordCount":3280,"commentCount":0,"publisher":{"@id":"https:\/\/www.salkantaytrilha.com\/blog\/#organization"},"image":{"@id":"https:\/\/www.salkantaytrilha.com\/blog\/como-passar-um-fim-de-semana-em-cusco\/#primaryimage"},"thumbnailUrl":"https:\/\/www.salkantaytrilha.com\/blog\/wp-content\/uploads\/2024\/12\/Fin-de-semana-en-Cusco.jpg","keywords":["Aclimata\u00e7\u00e3o em Cusco","dicas para um fim de semana em Cusco","Fim de seman em Cusco","visita ao centro hist\u00f3rico"],"articleSection":["Aclimata\u00e7\u00e3o","Cusco","Montanha Arco-\u00cdris"],"inLanguage":"pt-BR","potentialAction":[{"@type":"CommentAction","name":"Comment","target":["https:\/\/www.salkantaytrilha.com\/blog\/como-passar-um-fim-de-semana-em-cusco\/#respond"]}]},{"@type":"WebPage","@id":"https:\/\/www.salkantaytrilha.com\/blog\/como-passar-um-fim-de-semana-em-cusco\/","url":"https:\/\/www.salkantaytrilha.com\/blog\/como-passar-um-fim-de-semana-em-cusco\/","name":"Como passar um fim de semana em Cusco? - informa\u00e7\u00f5es de viagens","isPartOf":{"@id":"https:\/\/www.salkantaytrilha.com\/blog\/#website"},"primaryImageOfPage":{"@id":"https:\/\/www.salkantaytrilha.com\/blog\/como-passar-um-fim-de-semana-em-cusco\/#primaryimage"},"image":{"@id":"https:\/\/www.salkantaytrilha.com\/blog\/como-passar-um-fim-de-semana-em-cusco\/#primaryimage"},"thumbnailUrl":"https:\/\/www.salkantaytrilha.com\/blog\/wp-content\/uploads\/2024\/12\/Fin-de-semana-en-Cusco.jpg","datePublished":"2024-12-02T22:45:13+00:00","dateModified":"2026-03-02T15:05:56+00:00","description":"Descubra a m\u00e1gica de Cusco em um fim de semana. Explore a cidade lend\u00e1ria dos Incas e mergulhe na hist\u00f3ria e aventura dos Andes peruanos.","breadcrumb":{"@id":"https:\/\/www.salkantaytrilha.com\/blog\/como-passar-um-fim-de-semana-em-cusco\/#breadcrumb"},"inLanguage":"pt-BR","potentialAction":[{"@type":"ReadAction","target":["https:\/\/www.salkantaytrilha.com\/blog\/como-passar-um-fim-de-semana-em-cusco\/"]}]},{"@type":"ImageObject","inLanguage":"pt-BR","@id":"https:\/\/www.salkantaytrilha.com\/blog\/como-passar-um-fim-de-semana-em-cusco\/#primaryimage","url":"https:\/\/www.salkantaytrilha.com\/blog\/wp-content\/uploads\/2024\/12\/Fin-de-semana-en-Cusco.jpg","contentUrl":"https:\/\/www.salkantaytrilha.com\/blog\/wp-content\/uploads\/2024\/12\/Fin-de-semana-en-Cusco.jpg","width":1873,"height":1249,"caption":"Fim de semana em Cusco"},{"@type":"BreadcrumbList","@id":"https:\/\/www.salkantaytrilha.com\/blog\/como-passar-um-fim-de-semana-em-cusco\/#breadcrumb","itemListElement":[{"@type":"ListItem","position":1,"name":"In\u00edcio","item":"https:\/\/www.salkantaytrilha.com\/blog\/"},{"@type":"ListItem","position":2,"name":"Como passar um fim de semana em Cusco?"}]},{"@type":"WebSite","@id":"https:\/\/www.salkantaytrilha.com\/blog\/#website","url":"https:\/\/www.salkantaytrilha.com\/blog\/","name":"informa\u00e7\u00f5es de viagens a Machu Picchu","description":"","publisher":{"@id":"https:\/\/www.salkantaytrilha.com\/blog\/#organization"},"potentialAction":[{"@type":"SearchAction","target":{"@type":"EntryPoint","urlTemplate":"https:\/\/www.salkantaytrilha.com\/blog\/?s={search_term_string}"},"query-input":{"@type":"PropertyValueSpecification","valueRequired":true,"valueName":"search_term_string"}}],"inLanguage":"pt-BR"},{"@type":"Organization","@id":"https:\/\/www.salkantaytrilha.com\/blog\/#organization","name":"informa\u00e7\u00f5es de viagens a Machu Picchu","url":"https:\/\/www.salkantaytrilha.com\/blog\/","logo":{"@type":"ImageObject","inLanguage":"pt-BR","@id":"https:\/\/www.salkantaytrilha.com\/blog\/#\/schema\/logo\/image\/","url":"https:\/\/www.salkantaytrilha.com\/blog\/wp-content\/uploads\/2024\/05\/salkantaytrekking-new-300x128-1.png","contentUrl":"https:\/\/www.salkantaytrilha.com\/blog\/wp-content\/uploads\/2024\/05\/salkantaytrekking-new-300x128-1.png","width":300,"height":128,"caption":"informa\u00e7\u00f5es de viagens a Machu Picchu"},"image":{"@id":"https:\/\/www.salkantaytrilha.com\/blog\/#\/schema\/logo\/image\/"},"sameAs":["https:\/\/www.facebook.com\/SalkantayTrekking\/","https:\/\/x.com\/salkantayperu","https:\/\/www.pinterest.com\/salkantaytrekking\/","https:\/\/www.instagram.com\/salkantaytrekking\/","https:\/\/www.youtube.com\/user\/salkantaytrekking","https:\/\/www.tiktok.com\/@salkantaytrekking"]},{"@type":"Person","@id":"https:\/\/www.salkantaytrilha.com\/blog\/#\/schema\/person\/aa0e6175beac59e6519e5407b3d13d0d","name":"Trilha Salkantay","image":{"@type":"ImageObject","inLanguage":"pt-BR","@id":"https:\/\/secure.gravatar.com\/avatar\/b41678a33c57a2bf0032b7c254611fc97caffd94ade0663405b364d1c0177d1d?s=96&d=mm&r=g","url":"https:\/\/secure.gravatar.com\/avatar\/b41678a33c57a2bf0032b7c254611fc97caffd94ade0663405b364d1c0177d1d?s=96&d=mm&r=g","contentUrl":"https:\/\/secure.gravatar.com\/avatar\/b41678a33c57a2bf0032b7c254611fc97caffd94ade0663405b364d1c0177d1d?s=96&d=mm&r=g","caption":"Trilha Salkantay"},"sameAs":["https:\/\/www.salkantaytrilha.com\/blog"]}]}},"_links":{"self":[{"href":"https:\/\/www.salkantaytrilha.com\/blog\/wp-json\/wp\/v2\/posts\/2150","targetHints":{"allow":["GET"]}}],"collection":[{"href":"https:\/\/www.salkantaytrilha.com\/blog\/wp-json\/wp\/v2\/posts"}],"about":[{"href":"https:\/\/www.salkantaytrilha.com\/blog\/wp-json\/wp\/v2\/types\/post"}],"author":[{"embeddable":true,"href":"https:\/\/www.salkantaytrilha.com\/blog\/wp-json\/wp\/v2\/users\/1"}],"replies":[{"embeddable":true,"href":"https:\/\/www.salkantaytrilha.com\/blog\/wp-json\/wp\/v2\/comments?post=2150"}],"version-history":[{"count":5,"href":"https:\/\/www.salkantaytrilha.com\/blog\/wp-json\/wp\/v2\/posts\/2150\/revisions"}],"predecessor-version":[{"id":5519,"href":"https:\/\/www.salkantaytrilha.com\/blog\/wp-json\/wp\/v2\/posts\/2150\/revisions\/5519"}],"wp:featuredmedia":[{"embeddable":true,"href":"https:\/\/www.salkantaytrilha.com\/blog\/wp-json\/wp\/v2\/media\/2155"}],"wp:attachment":[{"href":"https:\/\/www.salkantaytrilha.com\/blog\/wp-json\/wp\/v2\/media?parent=2150"}],"wp:term":[{"taxonomy":"category","embeddable":true,"href":"https:\/\/www.salkantaytrilha.com\/blog\/wp-json\/wp\/v2\/categories?post=2150"},{"taxonomy":"post_tag","embeddable":true,"href":"https:\/\/www.salkantaytrilha.com\/blog\/wp-json\/wp\/v2\/tags?post=2150"}],"curies":[{"name":"wp","href":"https:\/\/api.w.org\/{rel}","templated":true}]}}