{"id":2410,"date":"2025-01-06T15:02:36","date_gmt":"2025-01-06T18:02:36","guid":{"rendered":"https:\/\/www.salkantaytrilha.com\/blog\/?p=2410"},"modified":"2026-03-02T12:05:34","modified_gmt":"2026-03-02T15:05:34","slug":"praca-de-armas-de-cusco-o-guia-completo","status":"publish","type":"post","link":"https:\/\/www.salkantaytrilha.com\/blog\/praca-de-armas-de-cusco-o-guia-completo\/","title":{"rendered":"Pra\u00e7a de Armas de Cusco: O Guia Completo"},"content":{"rendered":"\n<p>Voc\u00ea sabia que a \u201cPlaza de Armas\u201d de Cusco \u00e9 um dos lugares mais famosos e visitados do Peru? Esta bela pra\u00e7a, com imponentes edif\u00edcios coloniais e sua rica hist\u00f3ria que remonta \u00e0 \u00e9poca incaica, \u00e9 um destino imperd\u00edvel para qualquer pessoa que visite a encantadora cidade de Cusco.<\/p>\n\n\n\n<p>Essa Pra\u00e7a de Armas tem suas origens na \u00e9poca do Imp\u00e9rio Inca, quando foi o epicentro da capital desse poderoso imp\u00e9rio pr\u00e9-colombiano. Ap\u00f3s a chegada dos espanh\u00f3is no s\u00e9culo XVI, a pra\u00e7a passou por transforma\u00e7\u00f5es e nela eles ergueram importantes edif\u00edcios de estilo colonial, como a imponente Catedral de Cusco e o Pal\u00e1cio do Arcebispo.<\/p>\n\n\n\n<div class=\"wp-block-rank-math-toc-block anchor-links\"><ul><li><a href=\"#h-a-plaza-de-armas-de-cusco-ao-longo-da-historia\" >A \u201cPlaza de Armas\u201d de Cusco ao longo da hist\u00f3ria<\/a><\/li><li><a href=\"#h-onde-fica-a-plaza-de-armas-de-cusco-e-o-que-voce-vai-encontrar-la\" >Onde fica a \u201cPlaza de Armas\u201d de Cusco e o que voc\u00ea vai encontrar l\u00e1<\/a><\/li><li><a href=\"#h-como-chegar-a-plaza-de-armas-de-cusco\" >Como chegar \u00e0 \u201cPlaza de Armas\u201d de Cusco<\/a><\/li><li><a href=\"#h-melhor-epoca-para-visitar-a-plaza-de-armas-de-cusco\" >Melhor \u00e9poca para visitar a \u201cPlaza de Armas\u201d de Cusco<\/a><\/li><li><a href=\"#h-arquitetura-e-monumentos-na-plaza-de-armas\" >Arquitetura e Monumentos na \u201cPlaza de Armas\u201d<\/a><ul><li><a href=\"#h-a-catedral-de-cusco-uma-obra-prima-da-arquitetura-colonial\" >A Catedral de Cusco: Uma obra-prima da arquitetura colonial<\/a><\/li><li><a href=\"#h-a-igreja-da-companhia-de-jesus-rivalidade-e-esplendor\" >A Igreja da Companhia de Jesus: Rivalidade e esplendor<\/a><\/li><li><a href=\"#h-os-portais\" >Os Portais<\/a><\/li><li><a href=\"#h-a-igreja-do-triunfo\" >A Igreja do Triunfo<\/a><\/li><li><a href=\"#h-igreja-da-sagrada-familia\" >Igreja da Sagrada Fam\u00edlia<\/a><\/li><li><a href=\"#h-a-fonte-e-o-inca\" >A Fonte e o Inca<\/a><\/li><\/ul><\/li><li><a href=\"#h-o-que-fazer-na-praca-de-armas\" >O que fazer na Pra\u00e7a de Armas?<\/a><\/li><li><a href=\"#h-explore-os-museus-e-galerias-de-arte-ao-redor-da-praca-de-armas-de-cusco\" >Explore os museus e galerias de arte ao redor da Pra\u00e7a de Armas de Cusco<\/a><\/li><li><a href=\"#h-onde-se-hospedar-acerca-da-praca-de-armas\" >Onde se hospedar acerca da Pra\u00e7a de Armas<\/a><\/li><li><a href=\"#h-dicas\" >Dicas<\/a><\/li><li><a href=\"#h-perguntas-frequentes\" >Perguntas Frequentes<\/a><\/li><li><a href=\"#h-pode-te-interessar\" >Pode te interessar<\/a><\/li><\/nav><\/ul><\/div>\n\n\n\n<p>Ao longo dos s\u00e9culos, a \u201cPlaza de Armas\u201d de Cusco testemunhou numerosos acontecimentos hist\u00f3ricos, desde as cerim\u00f4nias e rituais incas at\u00e9 as lutas pela independ\u00eancia do Peru. Hoje em dia, continua sendo um marco da riqueza cultural e do legado ancestral dessa regi\u00e3o andina.<\/p>\n\n\n\n<p>\u00c9 conhecida tanto por seu valor hist\u00f3rico quanto por sua beleza arquitet\u00f4nica e paisag\u00edstica. \u00c9 um dos s\u00edmbolos marcantes da identidade e da riqueza cultural da regi\u00e3o, e um ponto de encontro de visitantes de todas as partes do mundo, e de troca entre residentes locais.<\/p>\n\n\n\n<p>A cada ano, milhares de turistas de todo o planeta passeiam pela \u201cPlaza de Armas\u201d de Cusco para admirar seus imponentes edif\u00edcios, percorrer suas lend\u00e1rias arcadas, participar da animada vida local e se conectar com a hist\u00f3ria e a cultura desta fascinante cidade andina.<\/p>\n\n\n\n<h2 class=\"wp-block-heading\" id=\"h-a-plaza-de-armas-de-cusco-ao-longo-da-historia\">A \u201cPlaza de Armas\u201d de Cusco ao longo da hist\u00f3ria<\/h2>\n\n\n\n<p>A \u201cPlaza de Armas\u201d de Cusco \u00e9 um lugar carregado de um passado hist\u00f3rico e de significados marcantes. Tem sido testemunha dos mais importantes acontecimentos ao longo dos s\u00e9culos. Venha fazer parte de um fascinante percurso pelas suas origens e pela evolu\u00e7\u00e3o deste emblem\u00e1tico espa\u00e7o.<\/p>\n\n\n\n<p><strong>Antes dos Incas: Um Lugar Sagrado<\/strong><\/p>\n\n\n\n<p>Muito antes da chegada dos incas, a regi\u00e3o que atualmente se encontra a \u201cPlaza de Armas\u201d de Cusco j\u00e1 fazia parte de um assentamento de grande relev\u00e2ncia. Estudos arqueol\u00f3gicos revelaram que, em tempos pr\u00e9-incas, esse local era considerado um s\u00edtio sagrado, com evid\u00eancias de atividade tanto ritual quanto cerimonial.<\/p>\n\n\n\n<p><strong>A \u201cPlaza\u201d na \u00c9poca Inca<\/strong><\/p>\n\n\n\n<p>Com a expans\u00e3o do Imp\u00e9rio Inca, a pra\u00e7a se tornou o cora\u00e7\u00e3o da vida religiosa, pol\u00edtica e social da cidade de Cusco. Ali, celebravam-se cerim\u00f4nias de grande import\u00e2ncia, como o Inti Raymi ou o Encontro dos Suyos, onde os quatro suyos do imp\u00e9rio se reuniam para trocar produtos.<\/p>\n\n\n\n<p>Al\u00e9m disso, a pra\u00e7a era palco da prociss\u00e3o dos corpos embalsamados dos governantes incas, uma pr\u00e1tica que refletia a cren\u00e7a no Uku Pacha, o mundo dos mortos. Essas m\u00famias acompanhavam cerim\u00f4nias dirigidas pelo sumo sacerdote.<\/p>\n\n\n\n<p><strong>A Chegada dos Espanh\u00f3is e o Per\u00edodo Colonial<\/strong><\/p>\n\n\n\n<p>A conquista espanhola marcou um ponto de inflex\u00e3o na hist\u00f3ria da \u201cPlaza de Armas\u201d de Cusco. Com a chegada de Francisco Pizarro e o primeiro Padre Vicente Valverde, iniciou-se um processo de evangeliza\u00e7\u00e3o e convers\u00e3o ao catolicismo.<\/p>\n\n\n\n<p>Os espanh\u00f3is, impressionados pela riqueza e pelo esplendor da cidade inca, saquearam e destru\u00edram numerosos locais sagrados pela gan\u00e2ncia por ouro e prata. A \u201cPlaza de Armas\u201d n\u00e3o escapou dessa devasta\u00e7\u00e3o, tornando-se um cen\u00e1rio de conflitos e confrontos sangrentos.<\/p>\n\n\n\n<p><strong>A Pra\u00e7a na Atualidade<\/strong><\/p>\n\n\n\n<p>Hoje em dia, a \u201cPlaza de Armas\u201d de Cusco, mais uma vez transformada, \u00e9 um lugar vibrante e cheio de vida, rodeado por restaurantes, lojas e alguns dos monumentos espanh\u00f3is mais importantes da cidade, como a Catedral e a Igreja da Companhia de Jesus.<\/p>\n\n\n\n<p>A pra\u00e7a permanece como um dos principais atrativos tur\u00edsticos de Cusco e \u00e9 palco de diversos eventos culturais e festividades dos cusquenhos ao longo do ano, como o Inti Raymi e as celebra\u00e7\u00f5es da Semana Santa. Esses eventos s\u00e3o uma excelente oportunidade para vivenciar a rica cultura e as tradi\u00e7\u00f5es desta fascinante cidade andina.<\/p>\n\n\n\n<figure class=\"wp-block-image size-full\"><img loading=\"lazy\" decoding=\"async\" width=\"1024\" height=\"666\" src=\"https:\/\/www.salkantaytrilha.com\/blog\/wp-content\/uploads\/2024\/05\/praca-de-armas-cusco-1024x666-2.jpg\" alt=\"Foto antiga da pra\u00e7a principal de Cusco\" class=\"wp-image-214\"\/><figcaption class=\"wp-element-caption\">Foto antiga da pra\u00e7a principal de Cusco<\/figcaption><\/figure>\n\n\n\n<h2 class=\"wp-block-heading\" id=\"h-onde-fica-a-plaza-de-armas-de-cusco-e-o-que-voce-vai-encontrar-la\">Onde fica a \u201cPlaza de Armas\u201d de Cusco e o que voc\u00ea vai encontrar l\u00e1<\/h2>\n\n\n\n<p>A \u201c<strong>Plaza de Armas\u201d de Cusco<\/strong> est\u00e1 no cora\u00e7\u00e3o do centro hist\u00f3rico da cidade, um lugar que, desde 1983, \u00e9 considerado Patrim\u00f4nio Cultural da Humanidade pela UNESCO. Este espa\u00e7o aberto \u00e9 o ponto de partida mais ideal para voc\u00ea conhecer tudo o que a cidade tem a oferecer. Aqui, cercado por uma incr\u00edvel mistura de arquitetura inca e colonial, voc\u00ea poder\u00e1 sentir o ritmo da cidade enquanto explora suas ruas de paralelep\u00edpedos e seus edif\u00edcios hist\u00f3ricos.<\/p>\n\n\n\n<p>A pra\u00e7a \u00e9 rodeada por <strong>casas coloniais<\/strong> e<strong> igrejas<\/strong> que n\u00e3o s\u00e3o apenas imponentes, mas tamb\u00e9m possuem uma hist\u00f3ria profunda para contar. No centro da pra\u00e7a, ergue-se a famosa <strong>Catedral de Cusco<\/strong>, um edif\u00edcio impressionante que \u00e9 a joia da cidade. E logo ao lado, voc\u00ea encontrar\u00e1 a <strong>Igreja da Companhia de Jesus<\/strong>, outro monumento colonial que, como muitos dos edif\u00edcios aqui, foi constru\u00eddo sobre funda\u00e7\u00f5es incas. Essa fus\u00e3o entre o <strong>inca<\/strong> e o <strong>colonial<\/strong> faz com que a pra\u00e7a tenha uma atmosfera diferente, que certamente te levar\u00e1 a uma viagem atrav\u00e9s do tempo.<\/p>\n\n\n\n<p>Al\u00e9m das igrejas, o que realmente torna a pra\u00e7a especial s\u00e3o os detalhes que voc\u00ea vai encontrar ao caminhar pelos seus arredores: os <strong>balc\u00f5es coloniais<\/strong> de madeira, as pequenas lojas de artesanato local e a incr\u00edvel mistura de estilos que d\u00e3o vida a este lugar, n\u00e3o importando se voc\u00ea est\u00e1 apenas de passagem ou se vai permanecer mais um tempo na cidade. A \u201cPlaza de Armas\u201d de Cusco \u00e9 um espa\u00e7o vibrante, acolhedor, prop\u00edcio para dar aquela parada e curtir descobrir cada canto de sua hist\u00f3ria.<\/p>\n\n\n\n<h2 class=\"wp-block-heading\" id=\"h-como-chegar-a-plaza-de-armas-de-cusco\">Como chegar \u00e0 \u201cPlaza de Armas\u201d de Cusco<\/h2>\n\n\n\n<p>A Pra\u00e7a de Armas est\u00e1 localizada no centro hist\u00f3rico da cidade, o que facilita o acesso a partir de qualquer ponto. Aqui est\u00e3o as principais op\u00e7\u00f5es:<\/p>\n\n\n\n<ul class=\"wp-block-list\">\n<li><strong>Do Aeroporto Internacional Alejandro Velasco Astete<\/strong>: O aeroporto fica a cerca de 20 minutos de t\u00e1xi da pra\u00e7a. Certifique-se de escolher um servi\u00e7o de transporte confi\u00e1vel ou utilizar aplicativos para evitar custos excessivos.<\/li>\n\n\n\n<li><strong>Do terminal rodovi\u00e1rio<\/strong>: Se voc\u00ea chegar de \u00f4nibus, a pra\u00e7a estar\u00e1 a 15 minutos de t\u00e1xi. Voc\u00ea tamb\u00e9m pode optar pelo transporte p\u00fablico ou caminhar, caso esteja em suas proximidades.<\/li>\n\n\n\n<li><strong>A p\u00e9 a partir do centro<\/strong>: Se voc\u00ea j\u00e1 se encontrar em Cusco, a maioria dos hot\u00e9is e principais atra\u00e7\u00f5es ficam localizadas a poucos minutos a p\u00e9 da pra\u00e7a, o que lhe permite aproveitar um passeio pelas ruas de paralelep\u00edpedos do centro hist\u00f3rico.<\/li>\n<\/ul>\n\n\n\n<h2 class=\"wp-block-heading\" id=\"h-melhor-epoca-para-visitar-a-plaza-de-armas-de-cusco\">Melhor \u00e9poca para visitar a \u201cPlaza de Armas\u201d de Cusco<\/h2>\n\n\n\n<p>Cusco \u00e9 uma cidade que pode ser visitada em qualquer \u00e9poca do ano, mas escolher o momento certo, pode tornar a sua experi\u00eancia ainda mais gratificante e especial:<\/p>\n\n\n\n<ul class=\"wp-block-list\">\n<li><strong>Temporada seca (maio a outubro)<\/strong><br>\u00c9 a melhor \u00e9poca para visitar a cidade, j\u00e1 que os dias s\u00e3o ensolarados, as chuvas s\u00e3o escassas e o c\u00e9u costuma estar bem claro, ideal para os passeios ao ar livre e para registrar momentos espetaculares. Junho \u00e9 um m\u00eas especial, pois \u00e9 quando celebramos o Inti Raymi, uma das festividades mais importantes da cidade.<\/li>\n\n\n\n<li><strong>Temporada de chuvas (novembro a abril)<\/strong><br>Embora as precipita\u00e7\u00f5es sejam mais frequentes, a cidade mant\u00e9m o seu charme. Al\u00e9m disso, as paisagens se tornam mais verdes, oferecendo um ambiente ainda mais bonito e fascinante. Apenas certifique-se de levar roupas imperme\u00e1veis e cal\u00e7ados adequados.s<\/li>\n<\/ul>\n\n\n\n<p>Saiba mais em nosso blog sobre o<strong> <\/strong><a href=\"https:\/\/www.salkantaytrilha.com\/blog\/clima-em-cusco-o-guia-completo-mes-a-mes\/\"><strong>Clima em Cusco: O Guia Completo M\u00eas a M\u00eas<\/strong><\/a>. L\u00e1, explicamos tudo o que voc\u00ea precisa saber.<\/p>\n\n\n\n<h2 class=\"wp-block-heading\" id=\"h-arquitetura-e-monumentos-na-plaza-de-armas\">Arquitetura e Monumentos na \u201cPlaza de Armas\u201d<\/h2>\n\n\n\n<p>A \u201cPlaza de Armas\u201d de Cusco n\u00e3o \u00e9 apenas o epicentro da cidade mas um testemunho vivo de s\u00e9culos de hist\u00f3ria, conquistas e transforma\u00e7\u00f5es culturais. Em cada canto, \u00e9 poss\u00edvel apreciar a fus\u00e3o \u00fanica entre a arquitetura incaica e a colonial, refletindo a resili\u00eancia de uma civiliza\u00e7\u00e3o na tentativa de dom\u00ednio de uma outra. Esta pra\u00e7a n\u00e3o apenas conta hist\u00f3rias do passado, mas segue sendo o ponto de encontro da vida cusquenha, tanto para os moradores quanto para os visitantes.<\/p>\n\n\n\n<p><strong>A arquitetura inca como base: Uma heran\u00e7a eterna<\/strong><\/p>\n\n\n\n<p>O design da pra\u00e7a em si e seus arredores n\u00e3o poderiam existir sem a base inca. As pedras talhadas com precis\u00e3o que formam os alicerces de muitos edif\u00edcios s\u00e3o um testemunho da engenharia avan\u00e7ada da civiliza\u00e7\u00e3o dos incas. Essas estruturas resistiram a terremotos que n\u00e3o as destru\u00edram mas apenas danificaram parte de seus edif\u00edcios coloniais, comprovando a durabilidade e a sabedoria dos construtores incas.<\/p>\n\n\n\n<h3 class=\"wp-block-heading\" id=\"h-a-catedral-de-cusco-uma-obra-prima-da-arquitetura-colonial\">A Catedral de Cusco: Uma obra-prima da arquitetura colonial<\/h3>\n\n\n\n<p>Constru\u00edda sobre os restos do antigo templo inca dedicado a Wiracocha, a Catedral de Cusco \u00e9 uma das estruturas mais importantes da cidade. A constru\u00e7\u00e3o come\u00e7ou em 1560 e se estendeu por quase um s\u00e9culo, sendo finalizada em 1654. Esse longo processo de constru\u00e7\u00e3o permitiu integrar diferentes estilos arquitet\u00f4nicos:<\/p>\n\n\n\n<ul class=\"wp-block-list\">\n<li><strong>Fachada<\/strong><br>Impressiona pelo design renascentista, uma estrutura s\u00f3lida que contrasta com os detalhes barrocos que adornam a sua superf\u00edcie.<\/li>\n\n\n\n<li><strong>Interior<\/strong><br>Dentro, voc\u00ea encontrar\u00e1 um espet\u00e1culo de arte religiosa. O altar-mor, feito de ouro, \u00e9 o centro das aten\u00e7\u00f5es, enquanto as capelas laterais abrigam imagens sacras e pinturas da Escola Cusquenha, como a famosa \u00daltima Ceia de Marcos Zapata, que representa Jesus e os ap\u00f3stolos compartilhando um \u201ccuy\u201d, um dos pratos t\u00edpicos andinos.<\/li>\n\n\n\n<li><strong>Capelas auxiliares<\/strong><br>Em cada lado da catedral, complementando este completo monumental, temos a Igreja do Triunfo, a primeira catedral de Cusco, e a Igreja da Sagrada Fam\u00edlia.<\/li>\n<\/ul>\n\n\n\n<p>Al\u00e9m disso, sob seus alicerces, as criptas escondem os restos de personagens hist\u00f3ricos, conferindo um ar misterioso a esta joia religiosa e arquitet\u00f4nica.<\/p>\n\n\n\n<div class=\"wp-block-columns is-layout-flex wp-container-core-columns-is-layout-9d6595d7 wp-block-columns-is-layout-flex\">\n<div class=\"wp-block-column is-layout-flow wp-block-column-is-layout-flow\">\n<figure class=\"wp-block-image size-full\"><img loading=\"lazy\" decoding=\"async\" width=\"800\" height=\"1000\" src=\"https:\/\/www.salkantaytrilha.com\/blog\/wp-content\/uploads\/2024\/07\/A-majestosa-Catedral-de-Cusco.jpg\" alt=\"A majestosa Catedral de Cusco\" class=\"wp-image-460\"\/><figcaption class=\"wp-element-caption\">A majestosa Catedral de Cusco<\/figcaption><\/figure>\n<\/div>\n\n\n\n<div class=\"wp-block-column is-layout-flow wp-block-column-is-layout-flow\">\n<figure class=\"wp-block-image size-full\"><img loading=\"lazy\" decoding=\"async\" width=\"800\" height=\"1000\" src=\"https:\/\/www.salkantaytrilha.com\/blog\/wp-content\/uploads\/2024\/10\/Tourist-Cuscos-main-square-looking-cathedral.jpg\" alt=\"Pra\u00e7a principal de Cusco.\" class=\"wp-image-1232\"\/><figcaption class=\"wp-element-caption\">Pra\u00e7a principal de Cusco.<\/figcaption><\/figure>\n<\/div>\n<\/div>\n\n\n\n<h3 class=\"wp-block-heading\" id=\"h-a-igreja-da-companhia-de-jesus-rivalidade-e-esplendor\">A Igreja da Companhia de Jesus: Rivalidade e esplendor<\/h3>\n\n\n\n<p>Constru\u00edda no s\u00e9culo XVII pela ordem jesu\u00edta, a Igreja da Companhia de Jesus \u00e9 um dos edif\u00edcios mais imponentes da pra\u00e7a. Erguida sobre os restos do antigo pal\u00e1cio de Huayna C\u00e1pac, evidencia a estrat\u00e9gia colonial de construir templos sobre antigas estruturas incas.<\/p>\n\n\n\n<ul class=\"wp-block-list\">\n<li><strong>Fachada<\/strong><br>Seu design barroco se destaca pelos finos detalhes talhados em pedra, demonstrando a habilidade dos artes\u00e3os locais.<\/li>\n\n\n\n<li><strong>Interior<\/strong><br>Seu interior segue o mesmo esplendor, com altares de madeira recobertos de ouro e um ret\u00e1bulo principal que figura como uma das obras mais espl\u00eandidas da arte sacra-cusquenha.<\/li>\n<\/ul>\n\n\n\n<p>Esta igreja tamb\u00e9m reflete o duelo entre as ordens religiosas da \u00e9poca, uma vez que os jesu\u00edtas buscavam superar em grandeza a pr\u00f3pria catedral, algo que foi finalmente regulado por ordens diretas do Vaticano.<\/p>\n\n\n\n<div class=\"wp-block-columns is-layout-flex wp-container-core-columns-is-layout-9d6595d7 wp-block-columns-is-layout-flex\">\n<div class=\"wp-block-column is-layout-flow wp-block-column-is-layout-flow\">\n<figure class=\"wp-block-image size-full\"><img loading=\"lazy\" decoding=\"async\" width=\"800\" height=\"1000\" src=\"https:\/\/www.salkantaytrilha.com\/blog\/wp-content\/uploads\/2025\/01\/Church-of-the-Society-of-Jesus.jpg\" alt=\"Igreja da Companhia de Jesus\" class=\"wp-image-2413\"\/><figcaption class=\"wp-element-caption\">Igreja da Companhia de Jesus<\/figcaption><\/figure>\n<\/div>\n\n\n\n<div class=\"wp-block-column is-layout-flow wp-block-column-is-layout-flow\">\n<figure class=\"wp-block-image size-full\"><img loading=\"lazy\" decoding=\"async\" width=\"800\" height=\"1000\" src=\"https:\/\/www.salkantaytrilha.com\/blog\/wp-content\/uploads\/2025\/01\/Church-of-the-Society-of-Jesus-inside.jpg\" alt=\"Capela interior da Igreja da Companhia de Jesus\" class=\"wp-image-2414\"\/><figcaption class=\"wp-element-caption\">Capela interior da Igreja da Companhia de Jesus<\/figcaption><\/figure>\n<\/div>\n<\/div>\n\n\n\n<h3 class=\"wp-block-heading\" id=\"h-os-portais\">Os Portais<\/h3>\n\n\n\n<p>Os portais que rodeiam a \u201cPlaza de Armas\u201d fazem parte de um passado comercial, cultural e tradicional. Cada um deles narra hist\u00f3rias \u00fanicas que enriquecem a heran\u00e7a cultural desta cidade, a antiga capital do Imp\u00e9rio Inca. A seguir, exploraremos os detalhes desses ic\u00f4nicos portais, come\u00e7ando pelos menos conhecidos at\u00e9 os mais emblem\u00e1ticos. Prepare-se para um passeio repleto de hist\u00f3ria.<\/p>\n\n\n\n<ol class=\"wp-block-list\">\n<li><strong>Portal de Bel\u00e9n: A espiritualidade no nome de Cusco<\/strong><br>Este portal, localizado na esquina da rua Triunfo, recebe seu nome da \u201c<em>Virgen de<\/em> <em>Bel\u00e9n\u201d<\/em>, reconhecida como a padroeira de Cusco pelo bispo Juan Alonso Boc\u00f3n. Sua proximidade com o Museu Inca e a sua vista para a catedral fazem dele um ponto de partida perfeito para come\u00e7ar a explorar a pra\u00e7a. No passado, este portal foi um espa\u00e7o de passagem para as prociss\u00f5es e os eventos religiosos, refor\u00e7ando o v\u00ednculo espiritual de Cusco com suas tradi\u00e7\u00f5es.<\/li>\n\n\n\n<li><strong>Portal de Carrizos: Materiais para a constru\u00e7\u00e3o de uma cidade<\/strong><br>O \u201cPortal de Carrizos&#8221; mant\u00e9m seu nome original desde a \u00e9poca colonial, quando funcionava como um centro de venda de \u201c<em>carrizos\u201d<\/em> e madeira de \u201c<em>maguey\u201d<\/em>, materiais essenciais para a constru\u00e7\u00e3o de telhados e moradias em Cusco. Sua localiza\u00e7\u00e3o, ao lado esquerdo da catedral, faz dele um lugar que combina arquitetura hist\u00f3rica com as hist\u00f3rias daqueles que trabalharam para dar forma \u00e0 cidade.<\/li>\n\n\n\n<li><strong>Portal da Companhia: Alta-Costura e religi\u00e3o<\/strong><br>Antes de ser absorvido pela influ\u00eancia jesu\u00edta, este portal era conhecido como o Portal dos Alfaiates, onde os costureiros confeccionavam roupas de alta-costura para a elite cusquenha. Mais tarde, com a chegada da ordem religiosa, tornou-se um ponto ideal para a constru\u00e7\u00e3o da Igreja da Companhia de Jesus, cuja arquitetura barroca \u00e9 uma das mais impressionantes da pra\u00e7a.<\/li>\n\n\n\n<li><strong>Portal do Com\u00e9rcio: Moda e tecidos finos<\/strong><br>Anteriormente chamado de \u201cPortal dos Ropavejeros\u201d, este espa\u00e7o foi o centro de venda de roupas de luxo e tecidos importados por comerciantes judeus e espanh\u00f3is. Len\u00e7os de tecido fino e tecidos de \u201cCastilla\u201d eram os produtos mais procurados, atraindo as mulheres que desejavam se vestir com distin\u00e7\u00e3o. Sua evolu\u00e7\u00e3o reflete como a pra\u00e7a, no passado, funcionava como um eixo comercial din\u00e2mico.<\/li>\n\n\n\n<li><strong>Portal de Confeitaria: Um canto doce de tradi\u00e7\u00e3o<\/strong><br>Este portal tem uma hist\u00f3ria que combina a simplicidade do mercado local com a devo\u00e7\u00e3o religiosa. Originalmente conhecido como \u201cConfeder\u00eda\u201d pela venda de quitutes econ\u00f4micos, mais tarde ganhou o nome de Portal de Confeitaria gra\u00e7as \u00e0 popularidade dos doces oferecidos durante festividades como o Corpus Christi, inclusive h\u00e1 relatos sobre uma doceira que ficou famosa, na \u00e9poca, por seus turr\u00f5es e doces que marcaram a identidade do lugar.<\/li>\n\n\n\n<li><strong>Portal das Carnes: Com\u00e9rcio e heran\u00e7a<br><\/strong>O Portal das Carnes, localizado \u00e0 direita da catedral, \u00e9 um dos mais antigos da pra\u00e7a. Nos primeiros dias, era conhecido como Portal do Comiss\u00e1rio da Inquisi\u00e7\u00e3o. Mais tarde, seu nome atual foi adotado, devido \u00e0 venda de carne que ocorria neste espa\u00e7o durante os mercados realizados na pra\u00e7a. Apesar das mudan\u00e7as no seu uso, o portal mant\u00e9m a sua ess\u00eancia hist\u00f3rica.<\/li>\n\n\n\n<li><strong>Portal das Farinhas: A alma da chicha e mais<\/strong><br>O Portal das Farinhas se ergue como um testemunho da vida cotidiana cusquenha. Aqui, os comerciantes ofereciam farinhas de milho, chu\u00f1o, trigo e jora, esta \u00faltima fundamental para a prepara\u00e7\u00e3o da chicha, a bebida ritual incaica. Antes de seu nome atual, era conhecido como Portal de M\u00e1rmore de Carbajal, em homenagem a Francisco de Carbajal, tamb\u00e9m chamado &#8220;O Dem\u00f4nio dos Andes&#8221;, que viveu nas proximidades deste espa\u00e7o.<\/li>\n\n\n\n<li><strong>Portal dos P\u00e3es: Tradi\u00e7\u00e3o, lendas e poder<\/strong><br>No local onde hoje se ergue o Portal dos P\u00e3es, ficava o pal\u00e1cio do Inca Pachac\u00fatec, uma constru\u00e7\u00e3o emblem\u00e1tica que foi usada como pris\u00e3o durante a conquista espanhola. Seu nome atual vem do com\u00e9rcio de p\u00e3es que se estabeleceu posteriormente, tornando-se um ponto conhecido para a alimenta\u00e7\u00e3o local. No entanto, seu apelido de &#8220;Portal da Bofetada&#8221; tem origem em um incidente peculiar: Benito Su\u00e1rez Carbajal golpeou um frade franciscano em uma disputa por p\u00e3o, deixando uma anedota que perdura na mem\u00f3ria coletiva.<\/li>\n<\/ol>\n\n\n\n<p>Cada portal da \u201cPlaza de Armas\u201d de Cusco reflete o burburinho que acontecia nesse espa\u00e7o central, desde o com\u00e9rcio e a arte, at\u00e9 a espiritualidade e as tradi\u00e7\u00f5es populares. Este passeio pelos portais n\u00e3o s\u00f3 nos conecta com o passado da cidade, mas tamb\u00e9m nos convida a refletir sobre como essas hist\u00f3rias continuam vivas no presente. E a\u00ed, est\u00e1 animado a explorar cada um deles e a fazer parte de sua rica hist\u00f3ria?<\/p>\n\n\n\n<figure class=\"wp-block-image size-large\"><img loading=\"lazy\" decoding=\"async\" width=\"1024\" height=\"683\" src=\"https:\/\/www.salkantaytrilha.com\/blog\/wp-content\/uploads\/2025\/01\/8-portals-of-Cuso-main-square-1024x683.jpg\" alt=\"Os portais que rodeiam a Plaza de Armas do Cusco\" class=\"wp-image-2415\"\/><figcaption class=\"wp-element-caption\">Os portais que rodeiam a Plaza de Armas do Cusco<\/figcaption><\/figure>\n\n\n\n<h3 class=\"wp-block-heading\" id=\"h-a-igreja-do-triunfo\">A Igreja do Triunfo<\/h3>\n\n\n\n<p><strong>A Igreja do Triunfo<\/strong>, localizada ao lado da imponente Catedral de Cusco, \u00e9 uma pe\u00e7a fundamental no complexo da cidade. Este templo emblem\u00e1tico, situado no lado norte da catedral, na ic\u00f4nica \u201cPlaza de Armas\u201d, combina hist\u00f3ria, f\u00e9 e arquitetura em um espa\u00e7o que ressoa com os ecos do passado cusquenho.<\/p>\n\n\n\n<p>Essa igreja foi a primeira de cunho crist\u00e3o constru\u00edda em Cusco ap\u00f3s a chegada dos espanh\u00f3is. Sua constru\u00e7\u00e3o come\u00e7ou em 1536, logo ap\u00f3s o cerco inca \u00e0 cidade, liderado por Manco Inca. Segundo a tradi\u00e7\u00e3o, o nome &#8220;Triunfo&#8221; comemora a vit\u00f3ria dos colonizadores, que, refugiados no ent\u00e3o rec\u00e9m-constru\u00eddo templo, atribu\u00edram sua sobreviv\u00eancia \u00e0 interven\u00e7\u00e3o divina da Virgem Maria. Este evento refor\u00e7ou a conex\u00e3o entre a f\u00e9 crist\u00e3 e o dom\u00ednio colonial na regi\u00e3o.<\/p>\n\n\n\n<p>O design da Igreja do Triunfo reflete as influ\u00eancias renascentistas e coloniais, com elementos arquitet\u00f4nicos que harmonizam com o conjunto catedral\u00edcio. Embora seu tamanho seja mais modesto em compara\u00e7\u00e3o ao da catedral, sua estrutura se destaca pela sobriedade e eleg\u00e2ncia.<\/p>\n\n\n\n<ul class=\"wp-block-list\">\n<li><strong>Fachada<\/strong><br>Constru\u00edda com pedra lavrada, sua fachada austera se integra perfeitamente ao ambiente monumental da \u201cPlaza de Armas\u201d. Os detalhes simples mas imponentes, contrastam com a rica ornamenta\u00e7\u00e3o da catedral adjacente.<\/li>\n\n\n\n<li><strong>Interior<\/strong><br>Em seu interior, os visitantes encontrar\u00e3o uma mistura de arte sacra e hist\u00f3ria. A igreja abriga altares de madeira entalhada, pinturas religiosas da Escola Cusquenha e preciosas imagens, como a Virgem do Triunfo, padroeira de Cusco. Sua atmosfera solene convida \u00e0 reflex\u00e3o e conecta os visitantes com a hist\u00f3ria espiritual da cidade.<\/li>\n<\/ul>\n\n\n\n<p>Juntamente com a Catedral e a <strong>Igreja da Sagrada Fam\u00edlia<\/strong>, a Igreja do Triunfo forma um conjunto arquitet\u00f4nico que \u00e9 o cora\u00e7\u00e3o espiritual de Cusco. Esse complexo simboliza a transi\u00e7\u00e3o entre a cosmovis\u00e3o incaica e o dom\u00ednio crist\u00e3o. Enquanto a catedral impressiona por sua majestade e riqueza decorativa, a Igreja do Triunfo traz uma aura de misticismo e devo\u00e7\u00e3o, complementando a experi\u00eancia dos visitantes.<\/p>\n\n\n\n<div class=\"wp-block-columns is-layout-flex wp-container-core-columns-is-layout-9d6595d7 wp-block-columns-is-layout-flex\">\n<div class=\"wp-block-column is-layout-flow wp-block-column-is-layout-flow\">\n<figure class=\"wp-block-image size-full\"><img loading=\"lazy\" decoding=\"async\" width=\"800\" height=\"1000\" src=\"https:\/\/www.salkantaytrilha.com\/blog\/wp-content\/uploads\/2025\/01\/The-Church-of-Triumph-@xrosfer05.jpg\" alt=\"Igreja da Sagrada Fam\u00edlia @xrosfer05\" class=\"wp-image-2416\"\/><figcaption class=\"wp-element-caption\">A Igreja do Triunfo<\/figcaption><\/figure>\n<\/div>\n\n\n\n<div class=\"wp-block-column is-layout-flow wp-block-column-is-layout-flow\">\n<figure class=\"wp-block-image size-full\"><img loading=\"lazy\" decoding=\"async\" width=\"800\" height=\"1000\" src=\"https:\/\/www.salkantaytrilha.com\/blog\/wp-content\/uploads\/2025\/01\/Inside-of-The-Church-of-Triumph.jpg\" alt=\"Capela interior da Igreja do Triunfo\" class=\"wp-image-2418\"\/><figcaption class=\"wp-element-caption\">Capela interior da Igreja do Triunfo<\/figcaption><\/figure>\n<\/div>\n<\/div>\n\n\n\n<h3 class=\"wp-block-heading\" id=\"h-igreja-da-sagrada-familia\">Igreja da Sagrada Fam\u00edlia<\/h3>\n\n\n\n<p><strong>A Igreja da Sagrada Fam\u00edlia<\/strong>, localizada ao lado direito da imponente Catedral de Cusco, \u00e9 uma pe\u00e7a-chave no conjunto de catedrais que adorna a hist\u00f3rica \u201cPlaza de Armas\u201d. Este templo, embora muitas vezes ofuscado pelo tamanho da catedral, possui um charme \u00fanico combinando arte, espiritualidade e hist\u00f3ria.<\/p>\n\n\n\n<p>A constru\u00e7\u00e3o da Igreja da Sagrada Fam\u00edlia come\u00e7ou em 1723 e foi conclu\u00edda em 1735. Sua edifica\u00e7\u00e3o foi realizada como uma extens\u00e3o do complexo das catedrais, destinada a abrigar os fi\u00e9is e ser um espa\u00e7o complementar para as atividades lit\u00fargicas. Sua cria\u00e7\u00e3o foi impulsionada pelas autoridades eclesi\u00e1sticas da \u00e9poca, que buscavam expandir a capacidade e a funcionalidade do conjunto religioso.<\/p>\n\n\n\n<p>Dedicado \u00e0 Sagrada Fam\u00edlia (Jesus, Maria e Jos\u00e9), este templo presta homenagem aos valores crist\u00e3os de uni\u00e3o e do amor familiar, tornando-se um s\u00edmbolo de devo\u00e7\u00e3o para os cusquenhos.<\/p>\n\n\n\n<p>A Igreja da Sagrada Fam\u00edlia reflete o esplendor da arte colonial peruana e \u00e9 caracterizada por seu design s\u00f3brio e elegante, harmonizando com a grandiosidade da catedral.<\/p>\n\n\n\n<ul class=\"wp-block-list\">\n<li><strong>Fachada<\/strong><br>Feita de pedra lavrada, seu design \u00e9 mais discreto em compara\u00e7\u00e3o ao da catedral, mas n\u00e3o menos impressionante. Os detalhes arquitet\u00f4nicos mostram uma influ\u00eancia renascentista e barroca, com um equil\u00edbrio perfeito entre austeridade e ornamenta\u00e7\u00e3o.<\/li>\n\n\n\n<li><strong>Interior<\/strong><br>O interior \u00e9 uma verdadeira obra de arte. Destacam-se os altares laterais, finamente decorados com madeira entalhada e pan de ouro. Tamb\u00e9m abriga telas da Escola Cusquenha que representam passagens b\u00edblicas relacionadas \u00e0 Sagrada Fam\u00edlia. A atmosfera \u00e9 acolhedora e prop\u00edcia \u00e0 medita\u00e7\u00e3o e ora\u00e7\u00e3o.<\/li>\n<\/ul>\n\n\n\n<p>A Igreja da Sagrada Fam\u00edlia \u00e9 um reflexo da expans\u00e3o do cristianismo em Cusco durante a \u00e9poca colonial. Sua constru\u00e7\u00e3o sobre funda\u00e7\u00f5es incas reafirma a transforma\u00e7\u00e3o da paisagem religiosa da cidade ap\u00f3s a chegada dos espanh\u00f3is. Ao mesmo tempo, \u00e9 um lembrete da riqueza cultural que surgiu da fus\u00e3o entre as tradi\u00e7\u00f5es ind\u00edgenas e europeias.<\/p>\n\n\n\n<p>Este templo tem sido um local de encontro e devo\u00e7\u00e3o para gera\u00e7\u00f5es de cusquenhos, e sua import\u00e2ncia perdura at\u00e9 hoje como cen\u00e1rio de eventos lit\u00fargicos e festividades religiosas.<\/p>\n\n\n\n<div class=\"wp-block-columns is-layout-flex wp-container-core-columns-is-layout-9d6595d7 wp-block-columns-is-layout-flex\">\n<div class=\"wp-block-column is-layout-flow wp-block-column-is-layout-flow\">\n<figure class=\"wp-block-image size-full\"><img loading=\"lazy\" decoding=\"async\" width=\"800\" height=\"1000\" src=\"https:\/\/www.salkantaytrilha.com\/blog\/wp-content\/uploads\/2025\/01\/Church-of-the-Holy-Family.jpg\" alt=\"Igreja da Sagrada Fam\u00edlia\" class=\"wp-image-2419\"\/><figcaption class=\"wp-element-caption\">Igreja da Sagrada Fam\u00edlia<\/figcaption><\/figure>\n<\/div>\n\n\n\n<div class=\"wp-block-column is-layout-flow wp-block-column-is-layout-flow\">\n<figure class=\"wp-block-image size-full\"><img loading=\"lazy\" decoding=\"async\" width=\"800\" height=\"1000\" src=\"https:\/\/www.salkantaytrilha.com\/blog\/wp-content\/uploads\/2025\/01\/Inside-of-Church-of-the-Holy-Family.jpg\" alt=\"Capela interior da igreja da Sagrada Fam\u00edlia Cusco\" class=\"wp-image-2417\"\/><figcaption class=\"wp-element-caption\">Capela interior da igreja da Sagrada Fam\u00edlia Cusco<\/figcaption><\/figure>\n<\/div>\n<\/div>\n\n\n\n<h3 class=\"wp-block-heading\" id=\"h-a-fonte-e-o-inca\">A Fonte e o Inca<\/h3>\n\n\n\n<p>Se voc\u00ea j\u00e1 teve a oportunidade de percorrer a \u201cPlaza de Armas\u201d de Cusco, talvez tenha ouvido falar de um passado curioso ou de algo relacionado \u00e0 fonte que se encontra em seu centro. E, caso n\u00e3o tenha, aqui est\u00e1 a hist\u00f3ria.<\/p>\n\n\n\n<p>Durante grande parte do s\u00e9culo XX, uma figura conhecida como &#8220;o Apache&#8221; ocupou o lugar mais alto deste monumento. Este personagem, estranho \u00e0s ra\u00edzes andinas, tornou-se um \u00edcone tempor\u00e1rio e o foco de diversas hist\u00f3rias e mitos que, at\u00e9 hoje, s\u00e3o contados.<\/p>\n\n\n\n<p><strong>A chegada do Apache: um erro hist\u00f3rico ou uma decis\u00e3o premeditada?<\/strong><\/p>\n\n\n\n<p>A fonte de ferro fundido que decora a pra\u00e7a n\u00e3o tem ra\u00edzes coloniais, como alguns poderiam pensar. Foi instalada em 1872 e encomendada \u00e0 empresa americana <strong>Janes<\/strong>, <strong>Kirtland &amp; Co<\/strong>., especializada nesse tipo de trabalho decorativo. Projetada originalmente pelo escultor franc\u00eas J.P. Victor Andre, essa fonte fazia parte de um cat\u00e1logo de produtos em s\u00e9rie, e seu design inclu\u00eda trit\u00f5es e ninfas, seguindo as tend\u00eancias neocl\u00e1ssicas da \u00e9poca.<\/p>\n\n\n\n<p>No entanto, o que causa espanto \u00e9 que, em vez de coroar a fonte com uma figura que representasse um soberano inca, foi escolhida a imagem de um <strong>&#8220;pele vermelha&#8221; norte-americano<\/strong>, conhecido como <strong>Chief Kisko<\/strong>. Esse detalhe gerou especula\u00e7\u00f5es ao longo dos anos. Foi um erro de envio? Uma confus\u00e3o com uma escultura destinada ao M\u00e9xico? Ou simplesmente falta de conhecimento sobre como deveria ser representado um inca naquele tempo?<\/p>\n\n\n\n<p><strong>A figura do Apache e sua pol\u00eamica<\/strong><\/p>\n\n\n\n<p>A presen\u00e7a do Apache na \u201cPlaza de Armas\u201d sempre foi motivo de questionamentos. Por um lado, estava completamente desconectada da hist\u00f3ria e da identidade cultural de Cusco. Por outro, foi uma solu\u00e7\u00e3o decorativa imediata, mais alinhada com as modas republicanas da \u00e9poca do que com o simbolismo que o local requer.<\/p>\n\n\n\n<p>Hiram Bingham, o explorador que redescobriu Machu Picchu em 1911, chegou a mencionar a estranheza de encontrar uma figura de um &#8220;pele vermelha&#8221; norte-americano na pra\u00e7a principal da capital incaica. Esse desajuste cultural foi aceito por d\u00e9cadas, sem muitos protestos, at\u00e9 que os anos 60 trouxeram um clima de reivindica\u00e7\u00e3o hist\u00f3rica.<\/p>\n\n\n\n<p><strong>A derrubada do Apache: Ato reivindicat\u00f3rio ou vandalismo?<\/strong><\/p>\n\n\n\n<p>Em 5 de setembro de 1969, um grupo de cusquenhos, motivados pela necessidade de restaurar a identidade cultural do local, decidiu tomar a justi\u00e7a em suas m\u00e3os. Sob efeito de \u00e1lcool, amarraram a escultura com cordas e a derrubaram, alegando que sua presen\u00e7a era uma afronta ao legado inca. Esse ato espont\u00e2neo terminou com a interven\u00e7\u00e3o da pol\u00edcia, mas os respons\u00e1veis foram liberados por falta de provas contundentes.<\/p>\n\n\n\n<p>Desde ent\u00e3o, o Apache desapareceu da pra\u00e7a, mas n\u00e3o da mem\u00f3ria coletiva. Por anos, especulou-se que ele tivesse sido fundido ou vendido, at\u00e9 que seu paradeiro foi descoberto: abandonado e enferrujando em um canto da Universidade de Belas Artes Diego Quispe Tito de Cusco, onde permanece como um vest\u00edgio esquecido de seu reinado controverso na fonte.<\/p>\n\n\n\n<p><strong>A fonte de Cusco: Um s\u00edmbolo em constante evolu\u00e7\u00e3o<\/strong><\/p>\n\n\n\n<p>A pr\u00f3pria fonte tem uma hist\u00f3ria interessante. Em 1555, o Capit\u00e3o Garcilaso de la Vega mandou construir uma fonte de pedra neste local. No entanto, a estrutura atual, de ferro fundido e estilo republicano, substituiu a anterior em 1872. Essa mudan\u00e7a marcou o in\u00edcio de uma nova era decorativa para a pra\u00e7a, alinhando-se \u00e0 moderniza\u00e7\u00e3o da cidade nesse per\u00edodo.<\/p>\n\n\n\n<p>Curiosamente, embora a ideia original fosse coro\u00e1-la com a figura do fundador inca Manco C\u00e1pac, isso nunca ocorreu. Em vez disso, o Apache reinou por quase um s\u00e9culo, como j\u00e1 mencionado, marcando um contraste cultural sem explica\u00e7\u00e3o.<\/p>\n\n\n\n<p><strong>Um novo cap\u00edtulo: A chegada de Pachac\u00fatec<\/strong><\/p>\n\n\n\n<p>Em 2011, a Prefeitura de Cusco decidiu substituir a figura ausente do Apache por uma escultura que representasse <strong>Pachac\u00fatec<\/strong>, um dos imperadores mais importantes do Tahuantinsuyo. Essa decis\u00e3o gerou novas pol\u00eamicas, pois alguns consideram que a escultura inca n\u00e3o harmoniza com os trit\u00f5es e os elementos decorativos europeus da fonte. Apesar das cr\u00edticas, essa imagem foi adotada como parte da paisagem cusquenha e tornou-se um ponto de refer\u00eancia para os visitantes.<\/p>\n\n\n\n<p>Sem d\u00favida, a hist\u00f3ria do Apache e da fonte da \u201cPlaza de Armas\u201d n\u00e3o \u00e9 apenas um relato curioso, mas uma janela para as complexidades da identidade cultural e da mem\u00f3ria hist\u00f3rica de Cusco. A figura do Apache, embora estranha, marcou uma \u00e9poca e deixou perguntas que ainda n\u00e3o t\u00eam respostas conclusivas. Hoje, com a imagem de Pachac\u00fatec centralizada no topo da fonte continua sendo um s\u00edmbolo em evolu\u00e7\u00e3o, refletindo o constante debate entre o passado e o presente desta cidade milenar.<\/p>\n\n\n\n<figure class=\"wp-block-image size-large\"><img loading=\"lazy\" decoding=\"async\" width=\"1024\" height=\"683\" src=\"https:\/\/www.salkantaytrilha.com\/blog\/wp-content\/uploads\/2024\/11\/Manco-Capac-Statue-at-Cusco-Main-Square-1024x683.jpg\" alt=\"Est\u00e1tua de Manco Capac na pra\u00e7a principal de Cusco\" class=\"wp-image-2011\"\/><figcaption class=\"wp-element-caption\">Est\u00e1tua de Manco Capac na pra\u00e7a principal de Cusco<\/figcaption><\/figure>\n\n\n\n<h2 class=\"wp-block-heading\" id=\"h-o-que-fazer-na-praca-de-armas\">O que fazer na Pra\u00e7a de Armas?<\/h2>\n\n\n\n<p>A Pra\u00e7a de Armas de Cusco \u00e9 o cora\u00e7\u00e3o vibrante da cidade, um espa\u00e7o repleto de hist\u00f3ria, cultura e vida, que oferecer\u00e1 experi\u00eancias inesquec\u00edveis. Seja em busca de uma aventura hist\u00f3rica, um encontro cultural ou simplesmente para desfrutar da atmosfera \u00fanica do lugar, aqui voc\u00ea encontrar\u00e1 uma grande variedade de atividades que v\u00e3o te cativar.<\/p>\n\n\n\n<ol class=\"wp-block-list\">\n<li><strong>Passeios a p\u00e9, descubra a hist\u00f3ria de Cusco<\/strong><br>Andar pela Pra\u00e7a de Armas \u00e9 como percorrer as p\u00e1ginas de um livro vivo. Recomendamos explorar os arredores com calma, admirando sua impressionante arquitetura colonial e inca. Descubra as igrejas, os portais hist\u00f3ricos e as varandas de madeira talhada que decoram as antigas mans\u00f5es.<br>Se deseja uma experi\u00eancia mais imersiva, voc\u00ea pode participar dos populares free walking tours, onde guias locais contar\u00e3o hist\u00f3rias fascinantes sobre os Incas, a conquista espanhola e a evolu\u00e7\u00e3o da cidade. \u00c9 uma forma incr\u00edvel de perceber os detalhes que poderiam sen\u00e3o passar despercebidos.<\/li>\n\n\n\n<li><strong>Visitas guiadas, conhe\u00e7a os segredos da pra\u00e7a<\/strong><br>Para entender profundamente a import\u00e2ncia deste local, nada melhor do que contratar uma visita guiada. Os guias profissionais o levar\u00e3o para conhecer as joias arquitet\u00f4nicas que cercam a pra\u00e7a, como a Catedral de Cusco, a Igreja da Companhia de Jesus e as outras igrejas do complexo catedral\u00edcio.<br>Al\u00e9m disso, voc\u00ea aprender\u00e1 sobre a hist\u00f3ria dos portais que a cercam e as lendas que fazem parte do folclore cusquenho. Tamb\u00e9m poder\u00e1 descobrir curiosidades, como o passado inca do local, que na \u00e9poca era conhecido como <strong>Huacaypata<\/strong> e foi o centro cerimonial mais importante do Tahuantinsuyo.<\/li>\n\n\n\n<li><strong>Eventos culturais, sinta a alma cusquenha<\/strong><br>A Pra\u00e7a de Armas \u00e9 o epicentro das principais festividades de Cusco. Se voc\u00ea tiver a oportunidade de visit\u00e1-la durante as datas especiais, viver\u00e1 eventos \u00fanicos que refletem a riqueza cultural da cidade.<br>Entre os mais destacados est\u00e1 o <strong>Inti Raymi<\/strong>, a Festa do Sol, que revive cerim\u00f4nias ancestrais em um impressionante cen\u00e1rio. Tamb\u00e9m poder\u00e1 aproveitar o <strong>Corpus Christi<\/strong>, uma festa religiosa que re\u00fane prociss\u00f5es, m\u00fasica e dan\u00e7as tradicionais.<br>Ao longo do ano, a pra\u00e7a recebe feiras artesanais, shows de m\u00fasica ao vivo e desfiles que o ajudar\u00e3o a se conectar com a ess\u00eancia de Cusco.<\/li>\n\n\n\n<li><strong>Gastronomia, delicie-se com os sabores locais<\/strong><br>Se voc\u00ea \u00e9 amante da boa comida, est\u00e1 no lugar certo. Ao redor da pra\u00e7a, voc\u00ea encontrar\u00e1 uma ampla variedade de restaurantes e caf\u00e9s que oferecem desde pratos tradicionais at\u00e9 op\u00e7\u00f5es internacionais.<br>N\u00e3o perca a oportunidade de provar o \u201c<strong>cuy al horno<\/strong>\u201d, o \u201c<strong>rocoto relleno<\/strong>\u201d ou uma x\u00edcara de<strong> mate de coca<\/strong> enquanto desfruta da vista incr\u00edvel da pra\u00e7a. Voc\u00ea tamb\u00e9m encontrar\u00e1 acolhedoras cafeterias onde poder\u00e1 degustar do caf\u00e9 peruano de alta qualidade, ideal para recarregar as energias antes de continuar seu passeio.<\/li>\n\n\n\n<li><strong>Leve um pedacinho de Cusco<\/strong><br>Tanto a Pra\u00e7a de Armas quanto seus arredores s\u00e3o um para\u00edso para quem gosta de fazer compras. Voc\u00ea encontrar\u00e1 lojas de artesanato local onde poder\u00e1 adquirir tecidos tradicionais, joias de prata, cer\u00e2mica e souvenirs \u00fanicos.<br>N\u00e3o deixe de visitar as pequenas galerias de arte que exibem obras inspiradas tanto na cultura andina quanto na colonial. Al\u00e9m disso, os mercados pr\u00f3ximos s\u00e3o o lugar perfeito para adquirir produtos como tecidos de alpaca, mantas tecidas \u00e0 m\u00e3o e lembran\u00e7as que capturam a ess\u00eancia do local.<\/li>\n\n\n\n<li><strong>Fotografia, capture a magia do lugar<\/strong><br>A Pra\u00e7a de Armas de Cusco \u00e9 um para\u00edso para os amantes da fotografia. Sua impressionante arquitetura colonial, os muros incas que ainda permanecem intactos e as montanhas que a rodeiam, criam o cen\u00e1rio perfeito para fotos inesquec\u00edveis<br>Aproveite os diferentes momentos do dia: ao amanhecer, quando a luz banha suavemente os edif\u00edcios, ou ao entardecer, quando as luzes da pra\u00e7a a transformam em um lugar m\u00e1gico. N\u00e3o se esque\u00e7a de capturar a fonte central, os portais e os detalhes das varandas talhadas em madeira.<\/li>\n\n\n\n<li><strong>Explora\u00e7\u00e3o noturna<\/strong><br>A Pra\u00e7a de Armas tem um encanto especial \u00e0 noite. As luzes que iluminam as igrejas e a fonte central criam uma atmosfera m\u00e1gica e rom\u00e2ntica. Aproveite para fazer um passeio noturno, desfrutar da tranquilidade do local e tirar fotos \u00fanicas.<br>Al\u00e9m disso, alguns restaurantes e bares ao redor da pra\u00e7a oferecem terra\u00e7os com vistas espetaculares, ideais para um jantar sob as estrelas ou um coquetel relaxante enquanto aprecia a paisagem.<\/li>\n\n\n\n<li><strong>Arte de rua e m\u00fasica ao vivo<\/strong><br>Em muitas ocasi\u00f5es, voc\u00ea encontrar\u00e1 artistas de rua na pra\u00e7a mostrando seu talento, seja por meio de m\u00fasica andina, dan\u00e7as tradicionais ou exibi\u00e7\u00f5es de arte. Essas atividades espont\u00e2neas lhe proporcionar\u00e3o uma conex\u00e3o direta com a criatividade e o esp\u00edrito cusque\u00f1o.<br>Se der sorte, poder\u00e1 aproveitar concertos ao vivo ou eventos organizados pela Prefeitura, que geralmente incluem apresenta\u00e7\u00f5es folcl\u00f3ricas e modernas.<\/li>\n\n\n\n<li><strong>Visite a museus pr\u00f3ximos<\/strong><br>Nos arredores da pra\u00e7a, voc\u00ea encontrar\u00e1 atra\u00e7\u00f5es como o Museu Inca e o Museu de Arte Religiosa. Ambos s\u00e3o ideais para quem deseja se aprofundar na hist\u00f3ria de Cusco e do Imp\u00e9rio Inca. Explore suas cole\u00e7\u00f5es de cer\u00e2mica, tecidos, joias e arte colonial enquanto descobre mais sobre a rica heran\u00e7a da cidade.<\/li>\n\n\n\n<li><strong>&nbsp;Conex\u00e3o espiritual: Encontre a calma nas igrejas<\/strong><br>A Pra\u00e7a de Armas abriga algumas das igrejas mais importantes de Cusco. Al\u00e9m da Catedral, voc\u00ea pode entrar na <strong>Igreja da Companhia de Jesus <\/strong>ou na<strong> Igreja do Triunfo<\/strong> para viver momentos de calma e reflex\u00e3o espiritual. A arquitetura, os ret\u00e1bulos dourados e as pinturas religiosas oferecem uma experi\u00eancia que combina arte e devo\u00e7\u00e3o.<\/li>\n<\/ol>\n\n\n\n<p>A Pra\u00e7a de Armas de Cusco n\u00e3o \u00e9 apenas um lugar para visita\u00e7\u00e3o, mas um espa\u00e7o para ser vivenciado. Desde as caminhadas repletas de hist\u00f3ria at\u00e9 saborear a gastronomia local e poder participar dos eventos culturais, cada momento aqui lhe permitir\u00e1 mergulhar na riqueza e no encanto desta cidade milenar.<\/p>\n\n\n\n<p>Quando voc\u00ea vier, n\u00e3o esque\u00e7a de reservar um tempo para poder apreciar cada detalhe. Esta pra\u00e7a \u00e9 a alma de Cusco, e voc\u00ea est\u00e1 convidado a descobrir tudo o que ela tem a oferecer.<\/p>\n\n\n\n<div class=\"wp-block-columns is-layout-flex wp-container-core-columns-is-layout-9d6595d7 wp-block-columns-is-layout-flex\">\n<div class=\"wp-block-column is-layout-flow wp-block-column-is-layout-flow\">\n<figure class=\"wp-block-image size-full\"><img loading=\"lazy\" decoding=\"async\" width=\"800\" height=\"1000\" src=\"https:\/\/www.salkantaytrilha.com\/blog\/wp-content\/uploads\/2024\/07\/Turistas-praca-principal-Cusco.jpg\" alt=\"Turistas na pra\u00e7a principal de Cusco\" class=\"wp-image-562\"\/><figcaption class=\"wp-element-caption\">Turistas na pra\u00e7a principal de Cusco<\/figcaption><\/figure>\n<\/div>\n\n\n\n<div class=\"wp-block-column is-layout-flow wp-block-column-is-layout-flow\">\n<figure class=\"wp-block-image size-full\"><img loading=\"lazy\" decoding=\"async\" width=\"800\" height=\"1000\" src=\"https:\/\/www.salkantaytrilha.com\/blog\/wp-content\/uploads\/2024\/10\/woman-in-main-square-of-cusco.jpg\" alt=\"Mulher apreciando a pra\u00e7a principal.\" class=\"wp-image-1233\"\/><figcaption class=\"wp-element-caption\">Mulher apreciando a pra\u00e7a principal.<\/figcaption><\/figure>\n<\/div>\n<\/div>\n\n\n\n<h2 class=\"wp-block-heading\" id=\"h-explore-os-museus-e-galerias-de-arte-ao-redor-da-praca-de-armas-de-cusco\">Explore os museus e galerias de arte ao redor da Pra\u00e7a de Armas de Cusco<\/h2>\n\n\n\n<p>A Pra\u00e7a de Armas n\u00e3o \u00e9 apenas o epicentro hist\u00f3rico de Cusco, mas tamb\u00e9m um ponto de acesso ao cora\u00e7\u00e3o art\u00edstico e cultural da cidade. Os museus e galerias que ficam ao seu redor, oferecem uma riqueza e uma vis\u00e3o fascinante do passado inca, da era colonial e da arte contempor\u00e2nea. Aqui deixamos um guia detalhado para que voc\u00ea n\u00e3o perca esses espa\u00e7os repletos de hist\u00f3ria e criatividade:<\/p>\n\n\n\n<ul class=\"wp-block-list\">\n<li><strong>Museu Inka<\/strong><br>Localizado a poucos passos da pra\u00e7a, este museu \u00e9 um lugar indispens\u00e1vel para entender a magnitude do legado inca. Sua cole\u00e7\u00e3o inclui cer\u00e2mica, t\u00eaxteis, m\u00famias e ferramentas que mostram a habilidade e a cosmovis\u00e3o dessa civiliza\u00e7\u00e3o. O edif\u00edcio em si, uma casa colonial conhecida como a &#8220;Casa do Almirante&#8221;, \u00e9 uma obra de arte arquitet\u00f4nica que combina muros incas originais com detalhes coloniais.\n<ul class=\"wp-block-list\">\n<li><strong>Dica<\/strong>: Participe das demonstra\u00e7\u00f5es ao vivo de tecelagem tradicional realizadas por artes\u00e3os locais.<\/li>\n<\/ul>\n<\/li>\n\n\n\n<li><strong>Museu de Arte Religiosa<\/strong><br>Este museu est\u00e1 localizado no Pal\u00e1cio Arcebispal, um edif\u00edcio que combina funda\u00e7\u00f5es incas com arquitetura colonial. Suas salas exibem uma impressionante cole\u00e7\u00e3o de pinturas da <strong>Escola Cusquenha<\/strong>, bem como ret\u00e1bulos, esculturas e objetos lit\u00fargicos que demonstram a influ\u00eancia do catolicismo na regi\u00e3o.\n<ul class=\"wp-block-list\">\n<li><strong>Recomenda\u00e7\u00e3o<\/strong>: N\u00e3o se esque\u00e7a de observar as famosas pedras esculpidas nas paredes exteriores, como a <strong>Pedra dos 12 \u00c2ngulos<\/strong>, um \u00edcone da engenharia inca.<\/li>\n<\/ul>\n<\/li>\n\n\n\n<li><strong>Galerias de arte contempor\u00e2nea<\/strong><br>Cusco n\u00e3o \u00e9 apenas uma cidade hist\u00f3rica; tamb\u00e9m \u00e9 um n\u00facleo de criatividade moderna. Ao redor da pra\u00e7a, voc\u00ea encontrar\u00e1 galerias que exibem obras de artistas locais e contempor\u00e2neos. Espa\u00e7os como a \u201c<strong>Punto y L\u00ednea Galer\u00eda\u201d <\/strong>ou a \u201c<strong>Galer\u00eda Cusco\u201d<\/strong> se destacam por suas cole\u00e7\u00f5es de arte andina moderna que misturam tradi\u00e7\u00e3o e modernidade.\n<ul class=\"wp-block-list\">\n<li><strong>Dado adicional<\/strong>: Muitas dessas galerias vendem pe\u00e7as \u00fanicas, desde pinturas at\u00e9 esculturas, perfeitas para levar como lembran\u00e7a art\u00edstica de sua visita.<\/li>\n<\/ul>\n<\/li>\n<\/ul>\n\n\n\n<div class=\"wp-block-columns is-layout-flex wp-container-core-columns-is-layout-9d6595d7 wp-block-columns-is-layout-flex\">\n<div class=\"wp-block-column is-layout-flow wp-block-column-is-layout-flow\">\n<figure class=\"wp-block-image size-full\"><img loading=\"lazy\" decoding=\"async\" width=\"800\" height=\"1000\" src=\"https:\/\/www.salkantaytrilha.com\/blog\/wp-content\/uploads\/2024\/07\/Museu-Convento-Templo-Sao-Francisco.jpg\" alt=\"Museu do Convento do Templo de S\u00e3o Francisco\" class=\"wp-image-472\"\/><figcaption class=\"wp-element-caption\">Museu do Convento do Templo de S\u00e3o Francisco<\/figcaption><\/figure>\n<\/div>\n\n\n\n<div class=\"wp-block-column is-layout-flow wp-block-column-is-layout-flow\">\n<figure class=\"wp-block-image size-full\"><img loading=\"lazy\" decoding=\"async\" width=\"805\" height=\"1024\" src=\"https:\/\/www.salkantaytrilha.com\/blog\/wp-content\/uploads\/2024\/07\/Museu-de-Arte-Contemporanea-de-Cusco.jpg\" alt=\"Museu de Arte Contempor\u00e2nea de Cusco\" class=\"wp-image-471\"\/><figcaption class=\"wp-element-caption\">Museu de Arte Contempor\u00e2nea de Cusco<\/figcaption><\/figure>\n<\/div>\n<\/div>\n\n\n\n<h2 class=\"wp-block-heading\" id=\"h-onde-se-hospedar-acerca-da-praca-de-armas\">Onde se hospedar acerca da Pra\u00e7a de Armas<\/h2>\n\n\n\n<p>A oferta de hospedagem ao redor da Pra\u00e7a de Armas \u00e9 farta e variada, se adaptando a diferentes or\u00e7amentos:<\/p>\n\n\n\n<ul class=\"wp-block-list\">\n<li><strong>Hot\u00e9is de luxo<\/strong><br>Se voc\u00ea procura uma experi\u00eancia exclusiva, op\u00e7\u00f5es como o <strong>JW Marriott El Convento Cusco<\/strong> ou o <strong>Belmond Hotel Monasterio<\/strong> oferecem servi\u00e7os de alto n\u00edvel com localiza\u00e7\u00f5es privilegiadas.<\/li>\n\n\n\n<li><strong>Hot\u00e9is boutique<\/strong><br>Perfeitos para uma estadia mais personalizada, com design \u00fanico e atendimento personalizado. A <strong>Casa Andina Premium Cusco<\/strong> \u00e9 uma excelente op\u00e7\u00e3o.<\/li>\n\n\n\n<li><strong>Hostels e albergues<\/strong><br>Se voc\u00ea viaja com um or\u00e7amento limitado, encontrar\u00e1 hostels como o <strong>Milhouse Hostel Cusco <\/strong>ou o <strong>Pariwana Hostel<\/strong>, ideais para mochileiros e viajantes jovens.<\/li>\n\n\n\n<li><strong>Airbnb e apartamentos<\/strong><br>Para uma experi\u00eancia mais independente, voc\u00ea pode procurar acomoda\u00e7\u00f5es em plataformas de aluguel de temporada, com op\u00e7\u00f5es confort\u00e1veis e econ\u00f4micas.<\/li>\n<\/ul>\n\n\n\n<p>Seja qual for a sua escolha, recomendamos reservar com certa anteced\u00eancia, especialmente na alta temporada. Tem d\u00favidas sobre onde se hospedar em Cusco? Em nosso blog <a href=\"https:\/\/www.salkantaytrilha.com\/blog\/onde-se-hospedar-em-cusco\/\"><strong>Onde se hospedar em Cusco<\/strong><\/a> detalhamos tudo o que voc\u00ea precisa saber para encontrar o lugar ideal.<\/p>\n\n\n\n<h2 class=\"wp-block-heading\" id=\"h-dicas\">Dicas<\/h2>\n\n\n\n<p>Como a Pra\u00e7a de Armas de Cusco \u00e9 um lugar repleto de hist\u00f3ria, cultura e vida, e para que seus visitantes aproveitem ao m\u00e1ximo da visita, enumeramos alguns conselhos pr\u00e1ticos que ajudar\u00e3o a desfrutar dessa emblem\u00e1tica pra\u00e7a e de seus arredores, sem deixar escapar nada:<\/p>\n\n\n\n<ol class=\"wp-block-list\">\n<li><strong>Tire um tempo para poder passear com calma<\/strong><br>Embora a pra\u00e7a pare\u00e7a pequena, ela tem muito a oferecer. Recomendamos que tire seu tempo para caminhar devagar, descobrir os detalhes dos edif\u00edcios coloniais, observar as esculturas e os adornos nas igrejas, n\u00e3o se esquecendo de olhar para cima: os balc\u00f5es e as janelas coloniais oferecem uma vista \u00fanica! Se tiver oportunidade, n\u00e3o pense duas vezes: Escolha um dos bancos da pra\u00e7a, sente-se e aproveite o ambiente. A Pra\u00e7a de Armas ganha vida com as&nbsp; pessoas que a visitam, e \u00e0s vezes, apenas relaxar um pouco \u00e9 a melhor forma de se conectar com a sua magia.<\/li>\n\n\n\n<li><strong>Use protetor solar<\/strong><br>Embora Cusco esteja em uma altitude consider\u00e1vel e as temperaturas possam ser frescas, o sol \u00e9 bem forte. Certifiquem-se de levar protetor solar, especialmente se planejar passar muito tempo ao ar livre explorando a pra\u00e7a e seus arredores. O sol nas alturas pode afetar mais do que voc\u00ea imagina, ent\u00e3o, proteja sua pele enquanto aprecia a vista.<\/li>\n\n\n\n<li><strong>Leve cal\u00e7ado confort\u00e1vel<\/strong><br>As ruas de Cusco s\u00e3o de pedra e, em alguns casos, um pouco irregulares, por isso \u00e9 essencial usar um cal\u00e7ado bem confort\u00e1vel e adequado. Um par de sapatos confort\u00e1veis lhe permitir\u00e1 explorar sem preocupa\u00e7\u00f5es, seja para passear pela pra\u00e7a ou para se aventurar nas ruas pr\u00f3ximas, que tamb\u00e9m oferecem muitos atrativos para descobrir.<\/li>\n\n\n\n<li><strong>Desfrute da gastronomia local<\/strong><br>N\u00e3o deixe de aproveitar as oportunidades gastron\u00f4micas que a pra\u00e7a oferece. H\u00e1 uma grande oferta em restaurantes, caf\u00e9s e barracas de comida local onde voc\u00ea poder\u00e1 experimentar o cuy assado, o rocoto recheado ou uma x\u00edcara de mate de coca. Muitos dos restaurantes com vista para a pra\u00e7a oferecem comida tradicional, mas tamb\u00e9m op\u00e7\u00f5es modernas que misturam o melhor da culin\u00e1ria peruana. N\u00e3o saia sem provar uma das del\u00edcias t\u00edpicas!<\/li>\n\n\n\n<li><strong>Visite a pra\u00e7a durante o dia e \u00e0 noite<\/strong><br>A Pra\u00e7a de Armas muda completamente conforme o dia. Durante a manh\u00e3 e \u00e0 tarde, a pra\u00e7a est\u00e1 cheia de vida, com turistas e moradores passeando, fazendo compras e aproveitando o sol. Mas quando chega a tardinha e principalmente \u00e0 noite, as luzes da pra\u00e7a criam uma atmosfera mais aconchegante e m\u00e1gica. Se tiver tempo, visite a pra\u00e7a nesses dois momentos para vivenciar todo o seu charme de diferentes perspectivas.<\/li>\n\n\n\n<li><strong>Contrate um guia tur\u00edstico<\/strong><br>Se quiser saber mais sobre a hist\u00f3ria da pra\u00e7a e de seus arredores, uma visita guiada pode ser uma excelente op\u00e7\u00e3o. Os guias locais costumam compartilhar hist\u00f3rias fascinantes e detalhes hist\u00f3ricos que voc\u00ea n\u00e3o vai encontrar nos guias tur\u00edsticos. Al\u00e9m disso, voc\u00ea poder\u00e1 saber mais sobre as edifica\u00e7\u00f5es incas que se encontram embaixo das atuais estruturas coloniais, e curiosidades acerca da cultura que marcou a cidade de Cusco durante s\u00e9culos.<\/li>\n\n\n\n<li><strong>Mantenha seus pertences seguros<\/strong><br>Como em qualquer destino tur\u00edstico popular, \u00e9 importante estar atento aos seus pertences. Embora Cusco seja uma cidade segura, sempre \u00e9 bom ficar atento \u00e0s suas mochilas e pertences, especialmente em \u00e1reas movimentadas como a Pra\u00e7a de Armas. Use mochilas ou bolsas fechadas e mantenha-as perto do corpo para evitar qualquer inconveniente.<\/li>\n<\/ol>\n\n\n\n<h2 class=\"wp-block-heading\" id=\"h-perguntas-frequentes\">Perguntas Frequentes<\/h2>\n\n\n\n<p><strong>Tem WI-FI na Pra\u00e7a de Armas?<\/strong><\/p>\n\n\n\n<p>N\u00e3o, na pra\u00e7a em si n\u00e3o h\u00e1 acesso p\u00fablico gratuito \u00e0 internet. Se precisar de acesso \u00e0 rede, o melhor \u00e9 procurar um local pr\u00f3ximo para se conectar. H\u00e1 muitas cafeterias e restaurantes pr\u00f3ximos que oferecem Wi-Fi gratuito, especialmente se voc\u00ea consumir algo no local.&nbsp;<\/p>\n\n\n\n<p><strong>Posso caminhar pela Pra\u00e7a de Armas com tranquilidade \u00e0 noite?<\/strong><\/p>\n\n\n\n<p>Sim, \u00e0 vontade! A Pra\u00e7a de Armas \u00e9 segura \u00e0 noite, com a presen\u00e7a de policiais e c\u00e2meras de seguran\u00e7a. \u00c9 um local muito frequentado por turistas e moradores, especialmente nas noites de fim de semana, quando os bares e restaurantes pr\u00f3ximos oferecem m\u00fasica ao vivo. Mesmo assim, como em qualquer cidade tur\u00edstica, \u00e9 sempre aconselh\u00e1vel n\u00e3o descuidar dos seus pertences.<\/p>\n\n\n\n<p><strong>Quanto tempo devo dedicar para percorrer a Pra\u00e7a de Armas?<\/strong><\/p>\n\n\n\n<p>Dependendo do seu ritmo, voc\u00ea pode percorrer a pra\u00e7a em cerca de 1 a 2 horas. No entanto, se quiser ficar mais \u00e0 vontade e visitar algumas das igrejas ou museus pr\u00f3ximos, como a Catedral ou o Museu Inka, pode ser necess\u00e1rio mais tempo. Recomendamos reservar cerca de 3 a 4 horas se quiser explorar, em detalhes, tudo o que a regi\u00e3o tem a oferecer.<\/p>\n\n\n\n<p><strong>\u00c9 poss\u00edvel adquirir artesanatos na Pra\u00e7a de Armas?<\/strong><\/p>\n\n\n\n<p>Claro! Ao redor da pra\u00e7a, voc\u00ea encontrar\u00e1 v\u00e1rias lojas de artesanatos e mercados onde poder\u00e1 comprar produtos t\u00edpicos de Cusco e do Peru. Desde tecidos de alpaca, joias em prata at\u00e9 t\u00eaxteis bordados \u00e0 m\u00e3o. Al\u00e9m disso, os vendedores frequentemente oferecem pre\u00e7os negoci\u00e1veis, o que \u00e9 uma excelente oportunidade para poder levar lembran\u00e7as exclusivas desse pa\u00eds deslumbrante.<\/p>\n\n\n\n<p><strong>H\u00e1 banheiros p\u00fablicos dispon\u00edveis na Pra\u00e7a de Armas?<\/strong><\/p>\n\n\n\n<p>Sim, em alguns pontos pr\u00f3ximos \u00e0 pra\u00e7a, h\u00e1 banheiros p\u00fablicos dispon\u00edveis. No entanto, n\u00e3o s\u00e3o t\u00e3o comuns quanto em outras cidades, ent\u00e3o recomendamos aproveitar os banheiros dos restaurantes ou centros comerciais pr\u00f3ximos, caso se fa\u00e7a necess\u00e1rio. Alguns estabelecimentos podem pedir uma pequena contribui\u00e7\u00e3o pelo uso.<\/p>\n\n\n\n<p><strong>Que tipo de eventos acontecem na Pra\u00e7a de Armas?<\/strong><\/p>\n\n\n\n<p>A Pra\u00e7a de Armas \u00e9 um centro de atividades culturais e sociais em Cusco. Durante o ano todo, acontecem eventos como concertos, festivais, prociss\u00f5es religiosas e celebra\u00e7\u00f5es locais. Alguns dos eventos mais destacados incluem o Inti Raymi (24 de junho), o Corpus Christi (maio-junho) e o Dia da Can\u00e7\u00e3o \u201cCriolla\u201d (outubro). Se voc\u00ea visitar a cidade nessas datas, poder\u00e1 desfrutar de m\u00fasica ao vivo, dan\u00e7as tradicionais e desfiles, vivenciando ainda mais a cultura cusquenha.<\/p>\n\n\n\n<p><strong>Posso trocar dinheiro perto da Pra\u00e7a de Armas?<\/strong><\/p>\n\n\n\n<p>Sim, nas proximidades da Pra\u00e7a de Armas, voc\u00ea encontrar\u00e1 v\u00e1rias casas de c\u00e2mbio e caixas eletr\u00f4nicos onde poder\u00e1 trocar dinheiro ou sacar dinheiro. Certifique-se de verificar as taxas de c\u00e2mbio antes de realizar qualquer transa\u00e7\u00e3o. Recomendamos levar dinheiro em esp\u00e9cie, pois alguns mercados locais e pequenos com\u00e9rcios n\u00e3o aceitam pagamento em cart\u00e3o.<\/p>\n\n\n\n<p><strong>\u00c9 poss\u00edvel fazer atividades ao ar livre na Pra\u00e7a de Armas?<\/strong><\/p>\n\n\n\n<p>Sim, al\u00e9m de ser um centro hist\u00f3rico, a Pra\u00e7a de Armas tamb\u00e9m \u00e9 um \u00f3timo lugar para desfrutar de atividades ao ar livre. Voc\u00ea pode simplesmente passear e admirar a arquitetura ou relaxar em um dos bancos da pra\u00e7a. De vez em quando, voc\u00ea encontrar\u00e1 artistas de rua, m\u00fasicos ou dan\u00e7arinos que tornam o ambiente mais vibrante e festivo.<\/p>\n\n\n\n<p><strong>Qu\u00e3o acess\u00edvel \u00e9 a Pra\u00e7a de Armas para as pessoas com mobilidade reduzida?<\/strong><\/p>\n\n\n\n<p>A Pra\u00e7a de Armas \u00e9 relativamente acess\u00edvel para pessoas com mobilidade reduzida, embora algumas \u00e1reas possam ser dif\u00edceis devido \u00e0s ruas de pedra de Cusco. Felizmente, a pra\u00e7a em si \u00e9 bastante nivelada, e muitos dos principais edif\u00edcios, como a Catedral e a Igreja da Companhia de Jesus, possuem rampas e acessos especiais. Se precisar de assist\u00eancia, \u00e9 recomend\u00e1vel perguntar nos pontos de informa\u00e7\u00e3o ou nos estabelecimentos pr\u00f3ximos.<\/p>\n\n\n\n<p><strong>A Pra\u00e7a de Armas \u00e9 perigosa?<\/strong><\/p>\n\n\n\n<p>N\u00e3o, na verdade, a Pra\u00e7a de Armas \u00e9 um dos lugares mais seguros de Cusco. H\u00e1 vigil\u00e2ncia policial 24 horas por dia, o que garante que turistas e moradores possam aproveitar o local com tranquilidade. Al\u00e9m disso, a pra\u00e7a est\u00e1 equipada com c\u00e2meras de seguran\u00e7a, o que adiciona uma camada extra de prote\u00e7\u00e3o. Mesmo sendo uma \u00e1rea tur\u00edstica movimentada, voc\u00ea sempre pode se sentir seguro ao percorr\u00ea-la, especialmente durante o dia e \u00e0 noite.<\/p>\n\n\n\n<p><strong>O que posso fazer na Pra\u00e7a de Armas \u00e0 noite?<\/strong><\/p>\n\n\n\n<p>As noites na Pra\u00e7a de Armas t\u00eam um encanto \u00fanico. Se procura divers\u00e3o, a pra\u00e7a \u00e9 um local ideal para desfrutar de uma noite animada. Muitos bares, boates e restaurantes pr\u00f3ximos oferecem m\u00fasica ao vivo, festas e bebidas para todos os gostos. \u00c9 comum ver jovens da cidade e turistas aproveitando a vida noturna, saindo para dan\u00e7ar e brindar. Se preferir algo mais tranquilo, pode sentar-se em um dos bancos da pra\u00e7a, admirar a arquitetura iluminada e relaxar com a brisa fresca da noite.<\/p>\n\n\n\n<p><strong>\u00c9 recomend\u00e1vel fazer um tour contratado na Pra\u00e7a de Armas?<\/strong><\/p>\n\n\n\n<p>Definitivamente! As ag\u00eancias de turismo pr\u00f3ximas \u00e0 Pra\u00e7a de Armas oferecem uma excelente variedade de passeios a pre\u00e7os mais acess\u00edveis do que os encontrados online. Al\u00e9m disso, ao contratar esses tours, voc\u00ea tem a vantagem de obter uma experi\u00eancia mais personalizada e conhecer a cidade com guias locais, que sabem tudo sobre a hist\u00f3ria e a cultura de Cusco. Certifique-se de contratar um servi\u00e7o de qualidade, que inclua transporte, ingressos para os locais e um guia experiente para aproveitar ao m\u00e1ximo a sua visita.<\/p>\n\n\n\n<p><strong>Como \u00e9 o clima na Pra\u00e7a de Armas?<\/strong><\/p>\n\n\n\n<p>O clima na Pra\u00e7a de Armas \u00e9 temperado, mas com grandes varia\u00e7\u00f5es de temperatura entre o dia e a noite. Durante o dia, voc\u00ea pode desfrutar de um clima agrad\u00e1vel, com temperaturas em torno de 20-23\u00b0C, perfeitas para explorar. No entanto, \u00e0 noite, a temperatura pode cair consideravelmente, chegando a at\u00e9 3\u00b0C, por isso \u00e9 recomend\u00e1vel levar um agasalho. Os meses mais chuvosos v\u00e3o de janeiro a mar\u00e7o, enquanto os meses secos, como maio, junho e julho, s\u00e3o ideais para caminhar pela cidade sem se preocupar com a chuva.<\/p>\n\n\n\n<p><strong>Quais atra\u00e7\u00f5es tur\u00edsticas pr\u00f3ximas posso visitar?<\/strong><\/p>\n\n\n\n<p>A Pra\u00e7a de Armas est\u00e1 rodeada por v\u00e1rios lugares hist\u00f3ricos e culturais que voc\u00ea n\u00e3o pode perder. A poucos passos, voc\u00ea encontrar\u00e1 a <strong>Pedra dos 12 \u00c2ngulos<\/strong>, um exemplo ic\u00f4nico da engenharia inca. Al\u00e9m disso, pode explorar o encantador <strong>bairro de San Blas<\/strong>, conhecido pelas suas ruas estreitas, ateli\u00eas de artes\u00e3os e vistas panor\u00e2micas da cidade. Tamb\u00e9m h\u00e1 as igrejas de<strong> La Merced<\/strong>, <strong>Santa Catalina<\/strong> e outros templos e museus que oferecem uma imers\u00e3o profunda na hist\u00f3ria de Cusco.<\/p>\n\n\n\n<p><strong>O que devo levar para a minha visita?<\/strong><\/p>\n\n\n\n<p>Para desfrutar confortavelmente da Pra\u00e7a de Armas, recomendamos levar alguns itens essenciais: Um poncho para chuva \u00e9 \u00fatil, especialmente se voc\u00ea for visit\u00e1-la na temporada de chuvas. N\u00e3o se esque\u00e7a da sua c\u00e2mera fotogr\u00e1fica para capturar as vistas impressionantes e a arquitetura \u00fanica da pra\u00e7a. Um chap\u00e9u ou bon\u00e9 ajudar\u00e1 a se proteger do sol durante o dia, e alguns lanches vir\u00e3o sempre a calhar caso sinta fome enquanto explora. Por fim, \u00e9 importante levar dinheiro em esp\u00e9cie para comprar artesanatos locais ou desfrutar de uma refei\u00e7\u00e3o em um dos restaurantes pr\u00f3ximos.<\/p>\n\n\n\n<p><strong>Qual \u00e9 o melhor momento para visitar a Pra\u00e7a de Armas?<\/strong><\/p>\n\n\n\n<p>Qualquer momento do ano \u00e9 perfeito para conhecer Cusco e sua Pra\u00e7a de Armas, mas se voc\u00ea deseja experimentar a cidade em sua m\u00e1xima express\u00e3o, recomendamos visitar durante algumas das festividades mais importantes. O <strong>Inti Raymi<\/strong> (24 de junho) \u00e9 uma das celebra\u00e7\u00f5es mais impressionantes, quando s\u00e3o recriadas antigas cerim\u00f4nias incas. Outras datas importantes s\u00e3o as \u201c<strong>Fiestas Patrias&#8221;<\/strong> (28 de julho), o <strong>Carnaval<\/strong> (fevereiro) e o tradicional mercado de <strong>Santuranticuy <\/strong>(24 de dezembro), que enchem a pra\u00e7a de cor, m\u00fasica e cultura.<\/p>\n\n\n\n<p><strong>H\u00e1 locais de \u201cfast food\u201d perto da pra\u00e7a?<\/strong><\/p>\n\n\n\n<p>Sim, nos \u00faltimos anos, Cusco teve um aumento no n\u00famero de cadeias internacionais de \u201cfast food&#8221; pr\u00f3ximas da Pra\u00e7a de Armas. <strong>KFC<\/strong>, <strong>Starbucks<\/strong> e outros estabelecimentos semelhantes est\u00e3o instalados na regi\u00e3o, oferecendo op\u00e7\u00f5es r\u00e1pidas e acess\u00edveis para quem busca algo mais familiar ou precisa de uma breve pausa entre suas explora\u00e7\u00f5es. No entanto, se preferir algo mais local, tamb\u00e9m encontrar\u00e1 uma grande variedade de restaurantes que servem pratos t\u00edpicos peruanos, como \u201c<strong>cuy\u201d assado<\/strong>, \u201c<strong>papa \u00e0 huanca\u00edna<\/strong>\u201d e \u201c<strong>rocoto\u201d recheado<\/strong>.<\/p>\n\n\n\n<h2 class=\"wp-block-heading\" id=\"h-pode-te-interessar\">Pode te interessar<\/h2>\n\n\n\n<ul class=\"wp-block-list\">\n<li><a href=\"https:\/\/www.salkantaytrilha.com\/blog\/o-guia-completo-dos-mercados-de-cusco\/\"><strong>Guia Completo dos Mercados de Cusco: Uma Experi\u00eancia Sensorial \u00danica<\/strong><\/a><\/li>\n\n\n\n<li><a href=\"https:\/\/www.salkantaytrilha.com\/blog\/cusco-o-melhor-em-3-dias\/\"><strong>O Melhor a Fazer em Cusco em 3 Dias<\/strong><\/a><\/li>\n\n\n\n<li><a href=\"https:\/\/www.salkantaytrilha.com\/blog\/como-passar-um-fim-de-semana-em-cusco\/\"><strong>Como Passar um Fim de Semana em Cusco, Peru<\/strong><\/a><\/li>\n\n\n\n<li><a href=\"https:\/\/www.salkantaytrilha.com\/blog\/temporada-de-chuvas-em-cusco-peru-o-que-esperar-e-como-se-preparar\/\"><strong>O que Esperar e Como se Preparar para a Temporada de Chuvas em Cusco, Peru<\/strong><\/a><\/li>\n\n\n\n<li><a href=\"https:\/\/www.salkantaytrilha.com\/blog\/bilhete-turistico-de-cusco-o-guia-completo-2025\/\"><strong>Bilhete Tur\u00edstico de Cusco: O que \u00e9? E para que serve?<\/strong><\/a><\/li>\n<\/ul>\n\n\n\n<ul class=\"wp-block-list lang\">\n<li class=\"en\"><a href=\"https:\/\/www.salkantaytrekking.com\/blog\/cuscos-plaza-de-armas-complete-guide\/\">EN<\/a><\/li>\n\n\n\n<li class=\"es\"><a href=\"https:\/\/www.caminosalkantay.com\/blog\/plaza-de-armas-del-cusco-guia-completa\/\">ES<\/a><\/li>\n<\/ul>\n\n\n\n<p><\/p>\n","protected":false},"excerpt":{"rendered":"<p>Voc\u00ea sabia que a \u201cPlaza de Armas\u201d de Cusco \u00e9 um dos lugares mais famosos e visitados do Peru? Esta bela pra\u00e7a, com imponentes edif\u00edcios coloniais e sua rica hist\u00f3ria que remonta \u00e0 \u00e9poca incaica, \u00e9 um destino imperd\u00edvel para [&hellip;]<\/p>\n","protected":false},"author":1,"featured_media":2420,"comment_status":"open","ping_status":"open","sticky":false,"template":"","format":"standard","meta":{"footnotes":""},"categories":[319,40],"tags":[755,754,756,752,753],"class_list":["post-2410","post","type-post","status-publish","format-standard","has-post-thumbnail","hentry","category-atividades","category-cusco","tag-atividades-na-praca-de-armas-de-cusco","tag-historia-da-praca-de-armas","tag-museus-proximos-a-praca-de-armas","tag-o-que-fazer-na-praca-de-armas","tag-praca-de-armas-de-cusco"],"yoast_head":"<!-- This site is optimized with the Yoast SEO Premium plugin v27.5 (Yoast SEO v27.5) - https:\/\/yoast.com\/product\/yoast-seo-premium-wordpress\/ -->\n<title>Pra\u00e7a de Armas de Cusco: O Guia Completo - informa\u00e7\u00f5es de viagens<\/title>\n<meta name=\"description\" content=\"Descubra tudo o que voc\u00ea precisa saber sobre a Pra\u00e7a de Armas de Cusco para uma experi\u00eancia completa.\" \/>\n<meta name=\"robots\" content=\"index, follow, max-snippet:-1, max-image-preview:large, max-video-preview:-1\" \/>\n<link rel=\"canonical\" href=\"https:\/\/www.salkantaytrilha.com\/blog\/praca-de-armas-de-cusco-o-guia-completo\/\" \/>\n<meta property=\"og:locale\" content=\"pt_BR\" \/>\n<meta property=\"og:type\" content=\"article\" \/>\n<meta property=\"og:title\" content=\"Pra\u00e7a de Armas de Cusco: O Guia Completo\" \/>\n<meta property=\"og:description\" content=\"Descubra tudo o que voc\u00ea precisa saber sobre a Pra\u00e7a de Armas de Cusco para uma experi\u00eancia completa.\" \/>\n<meta property=\"og:url\" content=\"https:\/\/www.salkantaytrilha.com\/blog\/praca-de-armas-de-cusco-o-guia-completo\/\" \/>\n<meta property=\"og:site_name\" content=\"informa\u00e7\u00f5es de viagens\" \/>\n<meta property=\"article:publisher\" content=\"https:\/\/www.facebook.com\/SalkantayTrekking\/\" \/>\n<meta property=\"article:published_time\" content=\"2025-01-06T18:02:36+00:00\" \/>\n<meta property=\"article:modified_time\" content=\"2026-03-02T15:05:34+00:00\" \/>\n<meta property=\"og:image\" content=\"https:\/\/www.salkantaytrilha.com\/blog\/wp-content\/uploads\/2025\/01\/Plaza-de-Armas-Cusco.jpg\" \/>\n\t<meta property=\"og:image:width\" content=\"1873\" \/>\n\t<meta property=\"og:image:height\" content=\"1249\" \/>\n\t<meta property=\"og:image:type\" content=\"image\/jpeg\" \/>\n<meta name=\"author\" content=\"Trilha Salkantay\" \/>\n<meta name=\"twitter:card\" content=\"summary_large_image\" \/>\n<meta name=\"twitter:creator\" content=\"@salkantayperu\" \/>\n<meta name=\"twitter:site\" content=\"@salkantayperu\" \/>\n<meta name=\"twitter:label1\" content=\"Escrito por\" \/>\n\t<meta name=\"twitter:data1\" content=\"Trilha Salkantay\" \/>\n\t<meta name=\"twitter:label2\" content=\"Est. tempo de leitura\" \/>\n\t<meta name=\"twitter:data2\" content=\"44 minutos\" \/>\n<script type=\"application\/ld+json\" class=\"yoast-schema-graph\">{\"@context\":\"https:\\\/\\\/schema.org\",\"@graph\":[{\"@type\":\"Article\",\"@id\":\"https:\\\/\\\/www.salkantaytrilha.com\\\/blog\\\/praca-de-armas-de-cusco-o-guia-completo\\\/#article\",\"isPartOf\":{\"@id\":\"https:\\\/\\\/www.salkantaytrilha.com\\\/blog\\\/praca-de-armas-de-cusco-o-guia-completo\\\/\"},\"author\":{\"name\":\"Trilha Salkantay\",\"@id\":\"https:\\\/\\\/www.salkantaytrilha.com\\\/blog\\\/#\\\/schema\\\/person\\\/aa0e6175beac59e6519e5407b3d13d0d\"},\"headline\":\"Pra\u00e7a de Armas de Cusco: O Guia Completo\",\"datePublished\":\"2025-01-06T18:02:36+00:00\",\"dateModified\":\"2026-03-02T15:05:34+00:00\",\"mainEntityOfPage\":{\"@id\":\"https:\\\/\\\/www.salkantaytrilha.com\\\/blog\\\/praca-de-armas-de-cusco-o-guia-completo\\\/\"},\"wordCount\":8160,\"commentCount\":0,\"publisher\":{\"@id\":\"https:\\\/\\\/www.salkantaytrilha.com\\\/blog\\\/#organization\"},\"image\":{\"@id\":\"https:\\\/\\\/www.salkantaytrilha.com\\\/blog\\\/praca-de-armas-de-cusco-o-guia-completo\\\/#primaryimage\"},\"thumbnailUrl\":\"https:\\\/\\\/www.salkantaytrilha.com\\\/blog\\\/wp-content\\\/uploads\\\/2025\\\/01\\\/Plaza-de-Armas-Cusco.jpg\",\"keywords\":[\"Atividades na Pra\u00e7a de Armas de Cusco\",\"Hist\u00f3ria da Pra\u00e7a de Armas\",\"Museus pr\u00f3ximos \u00e0 Pra\u00e7a de Armas\",\"O que fazer na Pra\u00e7a de Armas\",\"Pra\u00e7a de Armas de Cusco\"],\"articleSection\":[\"Atividades\",\"Cusco\"],\"inLanguage\":\"pt-BR\",\"potentialAction\":[{\"@type\":\"CommentAction\",\"name\":\"Comment\",\"target\":[\"https:\\\/\\\/www.salkantaytrilha.com\\\/blog\\\/praca-de-armas-de-cusco-o-guia-completo\\\/#respond\"]}]},{\"@type\":\"WebPage\",\"@id\":\"https:\\\/\\\/www.salkantaytrilha.com\\\/blog\\\/praca-de-armas-de-cusco-o-guia-completo\\\/\",\"url\":\"https:\\\/\\\/www.salkantaytrilha.com\\\/blog\\\/praca-de-armas-de-cusco-o-guia-completo\\\/\",\"name\":\"Pra\u00e7a de Armas de Cusco: O Guia Completo - informa\u00e7\u00f5es de viagens\",\"isPartOf\":{\"@id\":\"https:\\\/\\\/www.salkantaytrilha.com\\\/blog\\\/#website\"},\"primaryImageOfPage\":{\"@id\":\"https:\\\/\\\/www.salkantaytrilha.com\\\/blog\\\/praca-de-armas-de-cusco-o-guia-completo\\\/#primaryimage\"},\"image\":{\"@id\":\"https:\\\/\\\/www.salkantaytrilha.com\\\/blog\\\/praca-de-armas-de-cusco-o-guia-completo\\\/#primaryimage\"},\"thumbnailUrl\":\"https:\\\/\\\/www.salkantaytrilha.com\\\/blog\\\/wp-content\\\/uploads\\\/2025\\\/01\\\/Plaza-de-Armas-Cusco.jpg\",\"datePublished\":\"2025-01-06T18:02:36+00:00\",\"dateModified\":\"2026-03-02T15:05:34+00:00\",\"description\":\"Descubra tudo o que voc\u00ea precisa saber sobre a Pra\u00e7a de Armas de Cusco para uma experi\u00eancia completa.\",\"breadcrumb\":{\"@id\":\"https:\\\/\\\/www.salkantaytrilha.com\\\/blog\\\/praca-de-armas-de-cusco-o-guia-completo\\\/#breadcrumb\"},\"inLanguage\":\"pt-BR\",\"potentialAction\":[{\"@type\":\"ReadAction\",\"target\":[\"https:\\\/\\\/www.salkantaytrilha.com\\\/blog\\\/praca-de-armas-de-cusco-o-guia-completo\\\/\"]}]},{\"@type\":\"ImageObject\",\"inLanguage\":\"pt-BR\",\"@id\":\"https:\\\/\\\/www.salkantaytrilha.com\\\/blog\\\/praca-de-armas-de-cusco-o-guia-completo\\\/#primaryimage\",\"url\":\"https:\\\/\\\/www.salkantaytrilha.com\\\/blog\\\/wp-content\\\/uploads\\\/2025\\\/01\\\/Plaza-de-Armas-Cusco.jpg\",\"contentUrl\":\"https:\\\/\\\/www.salkantaytrilha.com\\\/blog\\\/wp-content\\\/uploads\\\/2025\\\/01\\\/Plaza-de-Armas-Cusco.jpg\",\"width\":1873,\"height\":1249,\"caption\":\"Pra\u00e7a de Armas Cusco\"},{\"@type\":\"BreadcrumbList\",\"@id\":\"https:\\\/\\\/www.salkantaytrilha.com\\\/blog\\\/praca-de-armas-de-cusco-o-guia-completo\\\/#breadcrumb\",\"itemListElement\":[{\"@type\":\"ListItem\",\"position\":1,\"name\":\"In\u00edcio\",\"item\":\"https:\\\/\\\/www.salkantaytrilha.com\\\/blog\\\/\"},{\"@type\":\"ListItem\",\"position\":2,\"name\":\"Pra\u00e7a de Armas de Cusco: O Guia Completo\"}]},{\"@type\":\"WebSite\",\"@id\":\"https:\\\/\\\/www.salkantaytrilha.com\\\/blog\\\/#website\",\"url\":\"https:\\\/\\\/www.salkantaytrilha.com\\\/blog\\\/\",\"name\":\"informa\u00e7\u00f5es de viagens a Machu Picchu\",\"description\":\"\",\"publisher\":{\"@id\":\"https:\\\/\\\/www.salkantaytrilha.com\\\/blog\\\/#organization\"},\"potentialAction\":[{\"@type\":\"SearchAction\",\"target\":{\"@type\":\"EntryPoint\",\"urlTemplate\":\"https:\\\/\\\/www.salkantaytrilha.com\\\/blog\\\/?s={search_term_string}\"},\"query-input\":{\"@type\":\"PropertyValueSpecification\",\"valueRequired\":true,\"valueName\":\"search_term_string\"}}],\"inLanguage\":\"pt-BR\"},{\"@type\":\"Organization\",\"@id\":\"https:\\\/\\\/www.salkantaytrilha.com\\\/blog\\\/#organization\",\"name\":\"informa\u00e7\u00f5es de viagens a Machu Picchu\",\"url\":\"https:\\\/\\\/www.salkantaytrilha.com\\\/blog\\\/\",\"logo\":{\"@type\":\"ImageObject\",\"inLanguage\":\"pt-BR\",\"@id\":\"https:\\\/\\\/www.salkantaytrilha.com\\\/blog\\\/#\\\/schema\\\/logo\\\/image\\\/\",\"url\":\"https:\\\/\\\/www.salkantaytrilha.com\\\/blog\\\/wp-content\\\/uploads\\\/2024\\\/05\\\/salkantaytrekking-new-300x128-1.png\",\"contentUrl\":\"https:\\\/\\\/www.salkantaytrilha.com\\\/blog\\\/wp-content\\\/uploads\\\/2024\\\/05\\\/salkantaytrekking-new-300x128-1.png\",\"width\":300,\"height\":128,\"caption\":\"informa\u00e7\u00f5es de viagens a Machu Picchu\"},\"image\":{\"@id\":\"https:\\\/\\\/www.salkantaytrilha.com\\\/blog\\\/#\\\/schema\\\/logo\\\/image\\\/\"},\"sameAs\":[\"https:\\\/\\\/www.facebook.com\\\/SalkantayTrekking\\\/\",\"https:\\\/\\\/x.com\\\/salkantayperu\",\"https:\\\/\\\/www.pinterest.com\\\/salkantaytrekking\\\/\",\"https:\\\/\\\/www.instagram.com\\\/salkantaytrekking\\\/\",\"https:\\\/\\\/www.youtube.com\\\/user\\\/salkantaytrekking\",\"https:\\\/\\\/www.tiktok.com\\\/@salkantaytrekking\"]},{\"@type\":\"Person\",\"@id\":\"https:\\\/\\\/www.salkantaytrilha.com\\\/blog\\\/#\\\/schema\\\/person\\\/aa0e6175beac59e6519e5407b3d13d0d\",\"name\":\"Trilha Salkantay\",\"image\":{\"@type\":\"ImageObject\",\"inLanguage\":\"pt-BR\",\"@id\":\"https:\\\/\\\/secure.gravatar.com\\\/avatar\\\/b41678a33c57a2bf0032b7c254611fc97caffd94ade0663405b364d1c0177d1d?s=96&d=mm&r=g\",\"url\":\"https:\\\/\\\/secure.gravatar.com\\\/avatar\\\/b41678a33c57a2bf0032b7c254611fc97caffd94ade0663405b364d1c0177d1d?s=96&d=mm&r=g\",\"contentUrl\":\"https:\\\/\\\/secure.gravatar.com\\\/avatar\\\/b41678a33c57a2bf0032b7c254611fc97caffd94ade0663405b364d1c0177d1d?s=96&d=mm&r=g\",\"caption\":\"Trilha Salkantay\"},\"sameAs\":[\"https:\\\/\\\/www.salkantaytrilha.com\\\/blog\"]}]}<\/script>\n<!-- \/ Yoast SEO Premium plugin. -->","yoast_head_json":{"title":"Pra\u00e7a de Armas de Cusco: O Guia Completo - informa\u00e7\u00f5es de viagens","description":"Descubra tudo o que voc\u00ea precisa saber sobre a Pra\u00e7a de Armas de Cusco para uma experi\u00eancia completa.","robots":{"index":"index","follow":"follow","max-snippet":"max-snippet:-1","max-image-preview":"max-image-preview:large","max-video-preview":"max-video-preview:-1"},"canonical":"https:\/\/www.salkantaytrilha.com\/blog\/praca-de-armas-de-cusco-o-guia-completo\/","og_locale":"pt_BR","og_type":"article","og_title":"Pra\u00e7a de Armas de Cusco: O Guia Completo","og_description":"Descubra tudo o que voc\u00ea precisa saber sobre a Pra\u00e7a de Armas de Cusco para uma experi\u00eancia completa.","og_url":"https:\/\/www.salkantaytrilha.com\/blog\/praca-de-armas-de-cusco-o-guia-completo\/","og_site_name":"informa\u00e7\u00f5es de viagens","article_publisher":"https:\/\/www.facebook.com\/SalkantayTrekking\/","article_published_time":"2025-01-06T18:02:36+00:00","article_modified_time":"2026-03-02T15:05:34+00:00","og_image":[{"width":1873,"height":1249,"url":"https:\/\/www.salkantaytrilha.com\/blog\/wp-content\/uploads\/2025\/01\/Plaza-de-Armas-Cusco.jpg","type":"image\/jpeg"}],"author":"Trilha Salkantay","twitter_card":"summary_large_image","twitter_creator":"@salkantayperu","twitter_site":"@salkantayperu","twitter_misc":{"Escrito por":"Trilha Salkantay","Est. tempo de leitura":"44 minutos"},"schema":{"@context":"https:\/\/schema.org","@graph":[{"@type":"Article","@id":"https:\/\/www.salkantaytrilha.com\/blog\/praca-de-armas-de-cusco-o-guia-completo\/#article","isPartOf":{"@id":"https:\/\/www.salkantaytrilha.com\/blog\/praca-de-armas-de-cusco-o-guia-completo\/"},"author":{"name":"Trilha Salkantay","@id":"https:\/\/www.salkantaytrilha.com\/blog\/#\/schema\/person\/aa0e6175beac59e6519e5407b3d13d0d"},"headline":"Pra\u00e7a de Armas de Cusco: O Guia Completo","datePublished":"2025-01-06T18:02:36+00:00","dateModified":"2026-03-02T15:05:34+00:00","mainEntityOfPage":{"@id":"https:\/\/www.salkantaytrilha.com\/blog\/praca-de-armas-de-cusco-o-guia-completo\/"},"wordCount":8160,"commentCount":0,"publisher":{"@id":"https:\/\/www.salkantaytrilha.com\/blog\/#organization"},"image":{"@id":"https:\/\/www.salkantaytrilha.com\/blog\/praca-de-armas-de-cusco-o-guia-completo\/#primaryimage"},"thumbnailUrl":"https:\/\/www.salkantaytrilha.com\/blog\/wp-content\/uploads\/2025\/01\/Plaza-de-Armas-Cusco.jpg","keywords":["Atividades na Pra\u00e7a de Armas de Cusco","Hist\u00f3ria da Pra\u00e7a de Armas","Museus pr\u00f3ximos \u00e0 Pra\u00e7a de Armas","O que fazer na Pra\u00e7a de Armas","Pra\u00e7a de Armas de Cusco"],"articleSection":["Atividades","Cusco"],"inLanguage":"pt-BR","potentialAction":[{"@type":"CommentAction","name":"Comment","target":["https:\/\/www.salkantaytrilha.com\/blog\/praca-de-armas-de-cusco-o-guia-completo\/#respond"]}]},{"@type":"WebPage","@id":"https:\/\/www.salkantaytrilha.com\/blog\/praca-de-armas-de-cusco-o-guia-completo\/","url":"https:\/\/www.salkantaytrilha.com\/blog\/praca-de-armas-de-cusco-o-guia-completo\/","name":"Pra\u00e7a de Armas de Cusco: O Guia Completo - informa\u00e7\u00f5es de viagens","isPartOf":{"@id":"https:\/\/www.salkantaytrilha.com\/blog\/#website"},"primaryImageOfPage":{"@id":"https:\/\/www.salkantaytrilha.com\/blog\/praca-de-armas-de-cusco-o-guia-completo\/#primaryimage"},"image":{"@id":"https:\/\/www.salkantaytrilha.com\/blog\/praca-de-armas-de-cusco-o-guia-completo\/#primaryimage"},"thumbnailUrl":"https:\/\/www.salkantaytrilha.com\/blog\/wp-content\/uploads\/2025\/01\/Plaza-de-Armas-Cusco.jpg","datePublished":"2025-01-06T18:02:36+00:00","dateModified":"2026-03-02T15:05:34+00:00","description":"Descubra tudo o que voc\u00ea precisa saber sobre a Pra\u00e7a de Armas de Cusco para uma experi\u00eancia completa.","breadcrumb":{"@id":"https:\/\/www.salkantaytrilha.com\/blog\/praca-de-armas-de-cusco-o-guia-completo\/#breadcrumb"},"inLanguage":"pt-BR","potentialAction":[{"@type":"ReadAction","target":["https:\/\/www.salkantaytrilha.com\/blog\/praca-de-armas-de-cusco-o-guia-completo\/"]}]},{"@type":"ImageObject","inLanguage":"pt-BR","@id":"https:\/\/www.salkantaytrilha.com\/blog\/praca-de-armas-de-cusco-o-guia-completo\/#primaryimage","url":"https:\/\/www.salkantaytrilha.com\/blog\/wp-content\/uploads\/2025\/01\/Plaza-de-Armas-Cusco.jpg","contentUrl":"https:\/\/www.salkantaytrilha.com\/blog\/wp-content\/uploads\/2025\/01\/Plaza-de-Armas-Cusco.jpg","width":1873,"height":1249,"caption":"Pra\u00e7a de Armas Cusco"},{"@type":"BreadcrumbList","@id":"https:\/\/www.salkantaytrilha.com\/blog\/praca-de-armas-de-cusco-o-guia-completo\/#breadcrumb","itemListElement":[{"@type":"ListItem","position":1,"name":"In\u00edcio","item":"https:\/\/www.salkantaytrilha.com\/blog\/"},{"@type":"ListItem","position":2,"name":"Pra\u00e7a de Armas de Cusco: O Guia Completo"}]},{"@type":"WebSite","@id":"https:\/\/www.salkantaytrilha.com\/blog\/#website","url":"https:\/\/www.salkantaytrilha.com\/blog\/","name":"informa\u00e7\u00f5es de viagens a Machu Picchu","description":"","publisher":{"@id":"https:\/\/www.salkantaytrilha.com\/blog\/#organization"},"potentialAction":[{"@type":"SearchAction","target":{"@type":"EntryPoint","urlTemplate":"https:\/\/www.salkantaytrilha.com\/blog\/?s={search_term_string}"},"query-input":{"@type":"PropertyValueSpecification","valueRequired":true,"valueName":"search_term_string"}}],"inLanguage":"pt-BR"},{"@type":"Organization","@id":"https:\/\/www.salkantaytrilha.com\/blog\/#organization","name":"informa\u00e7\u00f5es de viagens a Machu Picchu","url":"https:\/\/www.salkantaytrilha.com\/blog\/","logo":{"@type":"ImageObject","inLanguage":"pt-BR","@id":"https:\/\/www.salkantaytrilha.com\/blog\/#\/schema\/logo\/image\/","url":"https:\/\/www.salkantaytrilha.com\/blog\/wp-content\/uploads\/2024\/05\/salkantaytrekking-new-300x128-1.png","contentUrl":"https:\/\/www.salkantaytrilha.com\/blog\/wp-content\/uploads\/2024\/05\/salkantaytrekking-new-300x128-1.png","width":300,"height":128,"caption":"informa\u00e7\u00f5es de viagens a Machu Picchu"},"image":{"@id":"https:\/\/www.salkantaytrilha.com\/blog\/#\/schema\/logo\/image\/"},"sameAs":["https:\/\/www.facebook.com\/SalkantayTrekking\/","https:\/\/x.com\/salkantayperu","https:\/\/www.pinterest.com\/salkantaytrekking\/","https:\/\/www.instagram.com\/salkantaytrekking\/","https:\/\/www.youtube.com\/user\/salkantaytrekking","https:\/\/www.tiktok.com\/@salkantaytrekking"]},{"@type":"Person","@id":"https:\/\/www.salkantaytrilha.com\/blog\/#\/schema\/person\/aa0e6175beac59e6519e5407b3d13d0d","name":"Trilha Salkantay","image":{"@type":"ImageObject","inLanguage":"pt-BR","@id":"https:\/\/secure.gravatar.com\/avatar\/b41678a33c57a2bf0032b7c254611fc97caffd94ade0663405b364d1c0177d1d?s=96&d=mm&r=g","url":"https:\/\/secure.gravatar.com\/avatar\/b41678a33c57a2bf0032b7c254611fc97caffd94ade0663405b364d1c0177d1d?s=96&d=mm&r=g","contentUrl":"https:\/\/secure.gravatar.com\/avatar\/b41678a33c57a2bf0032b7c254611fc97caffd94ade0663405b364d1c0177d1d?s=96&d=mm&r=g","caption":"Trilha Salkantay"},"sameAs":["https:\/\/www.salkantaytrilha.com\/blog"]}]}},"_links":{"self":[{"href":"https:\/\/www.salkantaytrilha.com\/blog\/wp-json\/wp\/v2\/posts\/2410","targetHints":{"allow":["GET"]}}],"collection":[{"href":"https:\/\/www.salkantaytrilha.com\/blog\/wp-json\/wp\/v2\/posts"}],"about":[{"href":"https:\/\/www.salkantaytrilha.com\/blog\/wp-json\/wp\/v2\/types\/post"}],"author":[{"embeddable":true,"href":"https:\/\/www.salkantaytrilha.com\/blog\/wp-json\/wp\/v2\/users\/1"}],"replies":[{"embeddable":true,"href":"https:\/\/www.salkantaytrilha.com\/blog\/wp-json\/wp\/v2\/comments?post=2410"}],"version-history":[{"count":4,"href":"https:\/\/www.salkantaytrilha.com\/blog\/wp-json\/wp\/v2\/posts\/2410\/revisions"}],"predecessor-version":[{"id":5508,"href":"https:\/\/www.salkantaytrilha.com\/blog\/wp-json\/wp\/v2\/posts\/2410\/revisions\/5508"}],"wp:featuredmedia":[{"embeddable":true,"href":"https:\/\/www.salkantaytrilha.com\/blog\/wp-json\/wp\/v2\/media\/2420"}],"wp:attachment":[{"href":"https:\/\/www.salkantaytrilha.com\/blog\/wp-json\/wp\/v2\/media?parent=2410"}],"wp:term":[{"taxonomy":"category","embeddable":true,"href":"https:\/\/www.salkantaytrilha.com\/blog\/wp-json\/wp\/v2\/categories?post=2410"},{"taxonomy":"post_tag","embeddable":true,"href":"https:\/\/www.salkantaytrilha.com\/blog\/wp-json\/wp\/v2\/tags?post=2410"}],"curies":[{"name":"wp","href":"https:\/\/api.w.org\/{rel}","templated":true}]}}