{"id":2462,"date":"2025-01-07T14:35:51","date_gmt":"2025-01-07T17:35:51","guid":{"rendered":"https:\/\/www.salkantaytrilha.com\/blog\/?p=2462"},"modified":"2026-03-02T12:05:33","modified_gmt":"2026-03-02T15:05:33","slug":"cusco-e-seus-misterios-por-dentro-das-lendas-investigacoes-e-teorias-alienigenas","status":"publish","type":"post","link":"https:\/\/www.salkantaytrilha.com\/blog\/cusco-e-seus-misterios-por-dentro-das-lendas-investigacoes-e-teorias-alienigenas\/","title":{"rendered":"Cusco e seus Mist\u00e9rios:\u00a0 Por dentro das Lendas, Investiga\u00e7\u00f5es e Teorias Alien\u00edgenas"},"content":{"rendered":"\n<p>Voc\u00ea j\u00e1 se perguntou o porqu\u00ea de tantas pessoas, ao redor do mundo, escolherem o <strong>Peru<\/strong> como o destino de sua viagem? E a cidade de <strong>Cusco<\/strong>? O que leva milhares de visitantes para esta<strong> terra dos incas<\/strong>, bem distante da famosa e efervescente capital <strong>Lima<\/strong>, incrustada em meio a uma cadeia de montanhas andinas? O que voc\u00ea sabe, de fato, sobre o passado misterioso dos Incas?<\/p>\n\n\n\n<div class=\"wp-block-rank-math-toc-block anchor-links\"><ul><li><a href=\"#h-o-legado-mistico-de-cusco-nbsp\" >O Legado m\u00edstico de Cusco\u00a0<\/a><\/li><li><a href=\"#h-alguns-dos-misterios-lendas-e-teorias-alienigenas\" >Alguns dos Mist\u00e9rios, Lendas e Teorias Alien\u00edgenas<\/a><ul><li><a href=\"#h-a-criacao-inca-mitologia-ou-verdade\" >A cria\u00e7\u00e3o Inca: mitologia ou verdade?<\/a><\/li><li><a href=\"#h-indicios-de-inteligencias-extra-planetarias\" >Ind\u00edcios de intelig\u00eancias extra planet\u00e1rias<\/a><\/li><li><a href=\"#h-plaza-de-armas-o-antigo-pantano-da-cidade\" >Plaza de Armas &#8211; o antigo p\u00e2ntano da cidade<\/a><\/li><li><a href=\"#h-palacio-do-inca-viracocha-atual-catedral\" >Pal\u00e1cio do Inca Viracocha, atual Catedral<\/a><\/li><li><a href=\"#h-qoricancha-o-templo-do-sol\" >Qoricancha, O Templo do Sol<\/a><\/li><li><a href=\"#h-o-primeiro-contato-com-o-divino-nbsp\" >O primeiro contato com o divino\u00a0<\/a><\/li><li><a href=\"#h-o-disco-solar-que-desceu-dos-ceus\" >O disco solar que desceu dos c\u00e9us<\/a><\/li><li><a href=\"#h-sacsayhuaman-nao-foi-obra-dos-incas\" >Sacsayhuaman n\u00e3o foi obra dos incas<\/a><\/li><li><a href=\"#h-qenqo-o-labirinto-de-culto-inca\" >Qenqo, o labirinto de culto inca<\/a><\/li><li><a href=\"#h-as-cerimonias-de-puka-pukara\" >As cerim\u00f4nias de Puka Pukara<\/a><\/li><\/ul><\/li><li><a href=\"#Voc\u00ea-pode-se-interessar:\" >Voc\u00ea pode se interessar:<\/a><\/li><\/nav><\/ul><\/div>\n\n\n\n<p>Embarque conosco neste blog e venha decifrar essas energias ancestrais encontradas por toda a cidade e arredores de Cusco. Conhe\u00e7a o <strong>turismo m\u00edstico<\/strong> praticado na regi\u00e3o. \u00c9 a oportunidade perfeita para vivenciar os Andes, da forma mais espiritual, fascinante e inesquec\u00edvel. Iremos levar voc\u00ea a uma jornada inusitada pelos locais mais emblem\u00e1ticos de <strong>Cusco<\/strong>, revelando os segredos e a magia que fazem deste destino tur\u00edstico algo imperd\u00edvel para os amantes do mist\u00e9rio, do sobrenatural e do inexplic\u00e1vel.&nbsp;<\/p>\n\n\n\n<p>Durante a sua estadia, voc\u00ea ser\u00e1 guiado por lugares sagrados em uma viagem rumo ao passado lend\u00e1rio do povo inca. Uma forma de conhecer antigas cren\u00e7as e tradi\u00e7\u00f5es andinas que permeiam parte do cotidiano dos cusquenhos. Prepare-se: N\u00e3o s\u00e3o muitos os lugares da Terra que possuem esse legado. Venha despertar a sua conex\u00e3o com o sagrado que reside em voc\u00ea!&nbsp;<\/p>\n\n\n\n<figure class=\"wp-block-image size-full\"><img loading=\"lazy\" decoding=\"async\" width=\"1024\" height=\"683\" src=\"https:\/\/www.salkantaytrilha.com\/blog\/wp-content\/uploads\/2025\/01\/Images-of-beings-from-other-planets-@area21cusco-1024x683-1.jpg\" alt=\"Imagens de refer\u00eancia de extraterrestres em Cusco (area21cusco\/instagram)\" class=\"wp-image-2467\"\/><figcaption class=\"wp-element-caption\">Imagens de refer\u00eancia de extraterrestres em Cusco (area21cusco\/instagram)<\/figcaption><\/figure>\n\n\n\n<h2 class=\"wp-block-heading\" id=\"h-o-legado-mistico-de-cusco-nbsp\">O Legado m\u00edstico de Cusco&nbsp;<\/h2>\n\n\n\n<p>Cusco foi a <strong>antiga capital do Imp\u00e9rio Inca<\/strong>, uma cidade que, portanto, \u00e9 um misto de <strong>hist\u00f3ria<\/strong> e <strong>espiritualidade<\/strong>. Conhecida por suas impressionantes ru\u00ednas arqueol\u00f3gicas e pela sua riqueza cultural, Cusco tem muito mais a oferecer do que suas inacredit\u00e1veis constata\u00e7\u00f5es de vida extraplanet\u00e1ria, por exemplo. O que dizer de lugares como <strong>Sacsayhuaman<\/strong> e o Templo do Sol, o <strong>Qoricancha<\/strong>? Como negar o que seus olhos ir\u00e3o comprovar? Sim, Cusco \u00e9 objeto de pesquisas e investiga\u00e7\u00f5es h\u00e1 muitos anos. Visitar essa cidade resulta em uma experi\u00eancia \u00fanica que te levar\u00e1 a explorar os aspectos espirituais e enigm\u00e1ticos mais marcantes, onde cada esquina e cada pedra v\u00e3o te contar uma hist\u00f3ria de sabedoria ancestral.<\/p>\n\n\n\n<p>Al\u00e9m disso, \u00e9 uma cidade enigm\u00e1tica. Est\u00e1 constru\u00edda sobre os antigos restos de uma cidade inca chamada de <strong>Qosqo<\/strong> pelos antigos incas. Esta cidade, por sua vez, tamb\u00e9m teria sido constru\u00edda sobre outros antigos restos de uma cidade que, segundo os pr\u00f3prios incas afirmaram, j\u00e1 existia quando eles chegaram, h\u00e1 cerca de 400 anos a.C. Imagine voc\u00ea a sensa\u00e7\u00e3o de caminhar sobre essas terras e conhecer tantas riquezas arqueol\u00f3gicas! A astrologia e a conex\u00e3o com o cosmos tamb\u00e9m fazem parte da experi\u00eancia espiritual em Cusco. Alguns guias espirituais oferecem sess\u00f5es de interpreta\u00e7\u00e3o astrol\u00f3gica, ajudando voc\u00ea a compreender como as energias c\u00f3smicas influenciam sua vida. Essa pr\u00e1tica oferece uma nova perspectiva sobre o seu lugar no universo e a sua conex\u00e3o com o divino.<\/p>\n\n\n\n<p>Desde os tempos dos Incas, Cusco foi vista como o &#8220;umbigo do mundo&#8221;, um ponto de conex\u00e3o entre o c\u00e9u, a terra e o al\u00e9m. Seus templos, como o Qoricancha, e locais sagrados como Sacsayhuaman, s\u00e3o exemplos vivos da engenharia avan\u00e7ada e do conhecimento espiritual dos incas, que constru\u00edram monumentos alinhados com eventos astron\u00f4micos e com a energia da natureza.&nbsp;<\/p>\n\n\n\n<p>A cidade, cercada por montanhas que s\u00e3o reverenciadas como deuses, permanece como um centro de culto e pr\u00e1ticas espirituais. <a href=\"https:\/\/www.salkantaytrilha.com\/blog\/mitos-e-lendas-dos-andes-peruanos\/\"><strong>Lendas e mitos locais<\/strong><\/a>, como a hist\u00f3ria de Viracocha, o deus criador, refor\u00e7am a ideia de que Cusco \u00e9 um portal entre dimens\u00f5es e um local de grande poder c\u00f3smico. O legado m\u00edstico de Cusco, ainda presente em suas ruas e monumentos, continua a atrair aqueles que buscam compreender os enigmas espirituais que a cidade guarda. Vamos conhecer?<\/p>\n\n\n\n<figure class=\"wp-block-image size-full\"><img loading=\"lazy\" decoding=\"async\" width=\"1024\" height=\"666\" src=\"https:\/\/www.salkantaytrilha.com\/blog\/wp-content\/uploads\/2024\/11\/Best-time-to-visit-Cusco-Peru-1024x666-1.jpg\" alt=\"Cidade imperial de Cusco\" class=\"wp-image-1580\"\/><figcaption class=\"wp-element-caption\">Cidade imperial de Cusco<\/figcaption><\/figure>\n\n\n\n<h2 class=\"wp-block-heading\" id=\"h-alguns-dos-misterios-lendas-e-teorias-alienigenas\">Alguns dos Mist\u00e9rios, Lendas e Teorias Alien\u00edgenas<\/h2>\n\n\n\n<h3 class=\"wp-block-heading\" id=\"h-a-criacao-inca-mitologia-ou-verdade\">A cria\u00e7\u00e3o Inca: mitologia ou verdade?<\/h3>\n\n\n\n<p>Cientistas, estudiosos e te\u00f3ricos, acreditam que a hist\u00f3ria da cria\u00e7\u00e3o inca, pode ir al\u00e9m da <strong>mitologia<\/strong>. Eles baseiam-se nos relatos que os antepassados incas descreveram sobre uma viagem atrav\u00e9s de um <strong>portal estelar<\/strong> que teria se dado h\u00e1 milhares de anos atr\u00e1s.<\/p>\n\n\n\n<p>Segundo eles, os filhos do <strong>Deus So<\/strong>l, <strong>Viracocha<\/strong>, vieram para a Terra dar origem a civiliza\u00e7\u00e3o inca, atrav\u00e9s de 3 misteriosas aberturas em uma montanha. Na verdade, as 3 aberturas seriam <strong>O Monumento das 3 Janelas <\/strong>localizado em Machu Picchu, palco desse evento miraculoso.<\/p>\n\n\n\n<p>Os<strong> irm\u00e3os Ayar<\/strong>, filhos do Deus Viracocha, podem ser seres muito reais, que realmente vieram, visitaram os incas, deram-lhes a base de sua ci\u00eancia, sua&nbsp;<\/p>\n\n\n\n<p>tecnologia e sua l\u00edngua falada; todos os aspectos de civiliza\u00e7\u00e3o aos<strong> povos da Am\u00e9rica do Sul<\/strong>, utilizando um portal estelar, na encosta de uma montanha, no caso Machu Picchu, para chegar at\u00e9 eles.<\/p>\n\n\n\n<p>O grande <strong>Imp\u00e9rio Inca<\/strong> teria, de fato, sido criado por <strong>extraterrestres<\/strong> que viajaram para a Terra atrav\u00e9s de um portal estelar? Isso explicaria a<strong> conex\u00e3o espiritual <\/strong>entre os deuses, a natureza e os humanos na <strong>Cosmovis\u00e3o Andina<\/strong>?&nbsp;<\/p>\n\n\n\n<p>Ao visitar a cidade, assim como milhares de cientistas e estudiosos, voc\u00ea vai tirar as suas pr\u00f3prias conclus\u00f5es e quem sabe, at\u00e9, se tornar mais um estudioso no assunto?! N\u00e3o tenha d\u00favida que ainda h\u00e1 muito mist\u00e9rio pela regi\u00e3o de Cusco a ser desvendado para toda a humanidade.<\/p>\n\n\n\n<h3 class=\"wp-block-heading\" id=\"h-indicios-de-inteligencias-extra-planetarias\">Ind\u00edcios de intelig\u00eancias extra planet\u00e1rias<\/h3>\n\n\n\n<p>Cusco est\u00e1 encravada em um alto vale fluvial na <strong>Cordilheira dos Andes<\/strong>, entre picos que se elevam a mais de 6 mil metros. Esta cidade se torna impressionante pelas evid\u00eancias que apontam uma poss\u00edvel \u201ccontribui\u00e7\u00e3o\u201d por parte de uma <strong>civiliza\u00e7\u00e3o muito avan\u00e7ada<\/strong>, provavelmente, ao que alguns estudos apontam, extraterrena, que teria vindo \u00e0 Terra auxiliar o <strong>povo inca<\/strong>, desde os seus prim\u00f3rdios.<\/p>\n\n\n\n<p>H\u00e1 provas incontest\u00e1veis que surpreenderam at\u00e9 os conquistadores espanh\u00f3is em 1533, que ao chegarem, ficaram perplexos com o que encontraram por toda a parte: Proezas de vest\u00edgios arqueol\u00f3gicos inacredit\u00e1veis.<\/p>\n\n\n\n<p>E \u00e9 assim que voc\u00ea j\u00e1 pode ir se preparando: Viajar para Cusco \u00e9 embarcar rumo ao inexplic\u00e1vel, onde a imagina\u00e7\u00e3o ganhar\u00e1 asas e te levar\u00e1 a constata\u00e7\u00e3o de provas irrefut\u00e1veis de intelig\u00eancias muito avan\u00e7adas para a \u00e9poca do <strong>Imp\u00e9rio Inca<\/strong>!<\/p>\n\n\n\n<h3 class=\"wp-block-heading\" id=\"h-plaza-de-armas-o-antigo-pantano-da-cidade\">Plaza de Armas &#8211; o antigo p\u00e2ntano da cidade<\/h3>\n\n\n\n<p>A nossa aventura m\u00edstica neste lugar emblem\u00e1tico que \u00e9 Cusco, n\u00e3o pode deixar de incluir a visita \u00e0 <strong>Plaza de Armas<\/strong>, a principal pra\u00e7a da cidade, onde voc\u00ea encontrar\u00e1 uma legi\u00e3o de turistas de todas as partes do mundo, passeando pelos seus floridos e belos jardins. Ao anoitecer, seu ch\u00e3o brilhante e suas luzes, acrescentam um dourado \u00e0 paisagem. Por\u00e9m, esse lugar no passado, foi um enorme p\u00e2ntano \u2026<\/p>\n\n\n\n<p>A energia que voc\u00ea sentir\u00e1 por aqui n\u00e3o mente: Prosperidade e batalhas sangrentas marcam as mem\u00f3rias guardadas nessa Plaza de Armas, que hoje em dia, traz de artefato representativo inca, somente a est\u00e1tua de Pachacuteq. Imponente e destacada,&nbsp;<\/p>\n\n\n\n<p>parece apontar para o c\u00e9u, indicando de onde teria se originado a verdadeira hist\u00f3ria de tudo\u2026<\/p>\n\n\n\n<p>Atualmente, o cen\u00e1rio que voc\u00ea ir\u00e1 encontrar retrata gigantescas igrejas de arquitetura espanhola com seus interiores impregnados de vest\u00edgios anteriores \u00e0 era inca.<\/p>\n\n\n\n<figure class=\"wp-block-image size-full\"><img loading=\"lazy\" decoding=\"async\" width=\"1024\" height=\"666\" src=\"https:\/\/www.salkantaytrilha.com\/blog\/wp-content\/uploads\/2024\/05\/praca-de-armas-cusco-1024x666-2.jpg\" alt=\"Foto antiga da pra\u00e7a principal de Cusco\" class=\"wp-image-214\"\/><figcaption class=\"wp-element-caption\">Foto antiga da pra\u00e7a principal de Cusco<\/figcaption><\/figure>\n\n\n\n<h3 class=\"wp-block-heading\" id=\"h-palacio-do-inca-viracocha-atual-catedral\">Pal\u00e1cio do Inca Viracocha, atual Catedral<\/h3>\n\n\n\n<p>Voc\u00ea j\u00e1 se imaginou tendo a chance de visitar os alicerces do antigo Pal\u00e1cio de Hatun T\u00f3pac, o Inca Viracocha, transformado, ap\u00f3s a conquista espanhola, na atual <strong>Catedral<\/strong>. Essa constru\u00e7\u00e3o levou mais de 100 anos para ser erguida, e nela voc\u00ea poder\u00e1 admirar pinturas da famosa<strong> Escola de Arte Cusquenha<\/strong>, conceituada em toda a Am\u00e9rica do Sul, assim como obras em pan de oro (p\u00e3o de ouro) e prata rebuscada. Por\u00e9m, durante a sua visita\u00e7\u00e3o, n\u00e3o se esque\u00e7a do que h\u00e1 por baixo dessa constru\u00e7\u00e3o: As ra\u00edzes incas continuam vivas e emanando seus ind\u00edcios! H\u00e1 muita espiritualidade contida neste local.<\/p>\n\n\n\n<figure class=\"wp-block-image size-large\"><img loading=\"lazy\" decoding=\"async\" width=\"1024\" height=\"683\" src=\"https:\/\/www.salkantaytrilha.com\/blog\/wp-content\/uploads\/2024\/11\/Manco-Capac-Statue-at-Cusco-Main-Square-1024x683.jpg\" alt=\"Est\u00e1tua de Manco Capac na pra\u00e7a principal de Cusco\" class=\"wp-image-2011\"\/><figcaption class=\"wp-element-caption\">Est\u00e1tua de Manco Capac na pra\u00e7a principal de Cusco<\/figcaption><\/figure>\n\n\n\n<h3 class=\"wp-block-heading\" id=\"h-qoricancha-o-templo-do-sol\">Qoricancha, O Templo do Sol<\/h3>\n\n\n\n<p>As ru\u00ednas do <strong>Qoricancha<\/strong> s\u00e3o consideradas uma maravilha da arquitetura inca. O que voc\u00ea vai poder presenciar nesse local \u00e9 de natureza impressionante: As constru\u00e7\u00f5es em pedra nos indicam que este era um <strong>lugar sagrado<\/strong>, um templo de grande import\u00e2ncia na era inca, destinado ao culto do sol e de outros astros. Era todo coberto de folhas de ouro e nos seus amplos sal\u00f5es h\u00e1 evid\u00eancias de talhados em pedra t\u00e3o precisos, que provocam a incredulidade nos arque\u00f3logos tradicionais que n\u00e3o conseguem explicar como foram feitos, e engenheiros n\u00e3o tendenciosos afirmem ser obra de uma intelig\u00eancia oriunda de outros planetas.&nbsp;<\/p>\n\n\n\n<p>Os segredos guardados em cada parede, em cada recinto, e em cada artefato que voc\u00ea vai presenciar no chamado <strong>Templo do Sol<\/strong>, s\u00e3o como um jogo de quebra cabe\u00e7a, onde cada pe\u00e7a possui a sua raz\u00e3o de existir. \u00c9 atrav\u00e9s de cada um desses encaixes de dados encontrados l\u00e1, que as verdades, acerca dos mist\u00e9rios que cercam a civiliza\u00e7\u00e3o inca, est\u00e3o vindo \u00e0 tona!}<\/p>\n\n\n\n<p><\/p>\n\n\n\n<h3 class=\"wp-block-heading\" id=\"h-o-primeiro-contato-com-o-divino-nbsp\">O primeiro contato com o divino&nbsp;<\/h3>\n\n\n\n<p>Encontramos uma lenda que nos fala sobre o <strong>Imperador Pachacutec<\/strong>. Em meio a uma de suas batalhas, ele teria feito uma de suas retiradas pr\u00f3ximo ao famoso <strong>Lago Titicaca<\/strong>. L\u00e1, ele teria visto cair do c\u00e9u um espelho onde apareceu refletida a imagem da divindade criadora, <strong>Viracocha<\/strong> lhe dizendo ser seu pai e que a partir de ent\u00e3o muitas batalhas seriam vencidas por ele em sua vida, inclusive aquela que estava prestes a come\u00e7ar. Nesse momento, quando o Imperador se levantava para a batalha com seu ex\u00e9rcito demasiadamente menor, pedras megal\u00edticas ganharam vida, e elevaram-se aos c\u00e9us, projetando-se contra os inimigos, esmagando e destruindo o povo Chaca.<\/p>\n\n\n\n<p>Ser\u00e1 que a hist\u00f3ria de um Deus levitando pedras maci\u00e7as \u00e9 verdadeira? E ser\u00e1 que o espelho que caiu do c\u00e9u pode ser algum tipo de tecnologia alien\u00edgena que \u00e0 partir da\u00ed teria feito a liga\u00e7\u00e3o direta do divino com o Imp\u00e9rio Inca?&nbsp;<\/p>\n\n\n\n<p>A cidade de Cusco \u00e9 o lugar mais indicado para poder compreender um pouco mais sobre o passado lend\u00e1rio dos incas, e um <a href=\"https:\/\/www.salkantaytrilha.com\/tradicional\/cusco\/city-tour-cusco\/\"><strong>City Tour<\/strong><\/a> \u00e9 a melhor forma de ser apresentado \u00e0 cidade, ao mesmo tempo que vai possibilitar a sua gradual aclimata\u00e7\u00e3o aos 3.399 metros de altitude acima do n\u00edvel do mar onde a cidade se encontra.<\/p>\n\n\n\n<figure class=\"wp-block-image size-large\"><img loading=\"lazy\" decoding=\"async\" width=\"1024\" height=\"683\" src=\"https:\/\/www.salkantaytrilha.com\/blog\/wp-content\/uploads\/2024\/12\/Vista-general-sobre-sitio-arqueologico-de-Qoricancha-1024x683.jpg\" alt=\"Vista geral do s\u00edtio arqueol\u00f3gico de Qoricancha\" class=\"wp-image-2351\"\/><figcaption class=\"wp-element-caption\">Vista geral do s\u00edtio arqueol\u00f3gico de Qoricancha<\/figcaption><\/figure>\n\n\n\n<h3 class=\"wp-block-heading\" id=\"h-o-disco-solar-que-desceu-dos-ceus\">O disco solar que desceu dos c\u00e9us<\/h3>\n\n\n\n<p>Conta a lenda que depois que<strong> Viracocha<\/strong> criou o Sol, teria criado tamb\u00e9m o primeiro homem e a primeira mulher:<strong> Manco Capac e Mama Ocla<\/strong>. E que a primeira ordem dada por Viracocha a Manco Capac teria sido a de criar o disco solar, como a manifesta\u00e7\u00e3o do criador na Terra. Realmente acreditava-se que possu\u00eda for\u00e7as tridimensionais, sobrenaturais, e que este seria o meio de comunica\u00e7\u00e3o com o pr\u00f3prio criador. O ent\u00e3o Imperador <strong>Pachacuteq<\/strong>, teria contado com o respaldo do poder de Viracocha para fundar e comandar o seu vasto imp\u00e9rio?&nbsp;<\/p>\n\n\n\n<p>O que se sabe \u00e9 que o <strong>Templo de Qoricancha<\/strong> teria sido o lugar escolhido para abrigar o tesouro mais estimado do Imp\u00e9rio: <strong>O disco solar dourado<\/strong>. Ele teria existido desde os prim\u00f3rdios da civiliza\u00e7\u00e3o inca. Os incas descreviam o artefato como sendo feito de um material transl\u00facido, que representava Viracocha, a deidade superior, criadora, e que teria vindo do c\u00e9u.&nbsp;<\/p>\n\n\n\n<p>Por mais incr\u00edvel que possa parecer, o disco solar desapareceu de cena, antes mesmo dos conquistadores, guiados por Francisco Pizzaro, chegarem em Cusco e saquearem a cidade, em novembro de 1533. Segundo pesquisas, a preocupa\u00e7\u00e3o dos incas em manter o disco solar dourado fora do alcance dos espanh\u00f3is, refor\u00e7a a ideia de que realmente possu\u00eda um poder de outro mundo. Muitos estudiosos acreditam na tese que se baseia na exist\u00eancia do disco, e que ele estaria \u201cperdido\u201d, em algum lugar da Terra, sendo o lugar mais prov\u00e1vel, repousando nas serenas \u00e1guas do <a href=\"https:\/\/www.salkantaytrilha.com\/blog\/puno-seus-misterios-e-as-ilhas-do-titicaca\/\"><strong>Lago Titicaca<\/strong><\/a>.<\/p>\n\n\n\n<div class=\"wp-block-columns is-layout-flex wp-container-core-columns-is-layout-9d6595d7 wp-block-columns-is-layout-flex\">\n<div class=\"wp-block-column is-layout-flow wp-block-column-is-layout-flow\">\n<figure class=\"wp-block-image size-full\"><img loading=\"lazy\" decoding=\"async\" width=\"800\" height=\"1000\" src=\"https:\/\/www.salkantaytrilha.com\/blog\/wp-content\/uploads\/2024\/11\/Museu-Sitio-Monumento-Pachacutec.jpg\" alt=\"Museu do S\u00edtio no Monumento Pachacutec\" class=\"wp-image-1746\"\/><figcaption class=\"wp-element-caption\">Museu do S\u00edtio no Monumento Pachacutec<\/figcaption><\/figure>\n<\/div>\n\n\n\n<div class=\"wp-block-column is-layout-flow wp-block-column-is-layout-flow\">\n<figure class=\"wp-block-image size-full\"><img loading=\"lazy\" decoding=\"async\" width=\"800\" height=\"1000\" src=\"https:\/\/www.salkantaytrilha.com\/blog\/wp-content\/uploads\/2024\/11\/Monumento-Pachacutec.jpg\" alt=\"Monumento Pachacutec\" class=\"wp-image-1745\"\/><figcaption class=\"wp-element-caption\">Monumento Pachacutec<\/figcaption><\/figure>\n<\/div>\n<\/div>\n\n\n\n<h3 class=\"wp-block-heading\" id=\"h-sacsayhuaman-nao-foi-obra-dos-incas\">Sacsayhuaman n\u00e3o foi obra dos incas<\/h3>\n\n\n\n<p>O<strong> S\u00edtio Arqueol\u00f3gico de Sacsayhuaman<\/strong> \u00e9 de tirar o f\u00f4lego: Quando voc\u00ea se deparar com suas estruturas impressionantes, poder\u00e1 constatar parte fundamental desse grande mist\u00e9rio: Blocos de pedras gigantes, megal\u00edticos, devidamente encaixados e ordenados por uma vasta \u00e1rea. \u00c9 inacredit\u00e1vel de se ver!&nbsp;<\/p>\n\n\n\n<p>H\u00e1 muitos<strong> enigmas<\/strong> por detr\u00e1s da constru\u00e7\u00e3o de Sacsayhuaman. Como esses maci\u00e7os, alguns pesando mais de 125 toneladas, teriam sido transportados e encaixados de forma t\u00e3o sim\u00e9trica? E que m\u00e3o de obra teria sido necess\u00e1ria: Um ex\u00e9rcito de 20 ou 40 mil homens? O que se sabe \u00e9 que n\u00e3o havia pedreiras pr\u00f3ximas, e as existentes, se encontravam h\u00e1 mais de 5 quil\u00f4metros de dist\u00e2ncia, logo, como a civiliza\u00e7\u00e3o inca foi capaz de transport\u00e1-las, sem conhecer tecnologias mais avan\u00e7adas, nem mesmo o uso da roda?&nbsp;<\/p>\n\n\n\n<p>A hist\u00f3ria nos conta que os pr\u00f3prios incas, ao chegar, afirmaram j\u00e1 terem encontrado as estruturas tal qual permanecem at\u00e9 os dias de hoje. E que, pelos c\u00e1lculos, elas j\u00e1 deveriam existir, aproximadamente, h\u00e1 uns 500 anos antes de sua chegada\u2026&nbsp;<\/p>\n\n\n\n<p>Quanto mais for comprovada a antiguidade de Sacsayhuaman mais ficar\u00e1 comprovada a impossibilidade de sua constru\u00e7\u00e3o ter sido obra de seres humanos. Mais uma vez, surgem as teorias baseadas nos antigos incas que fazem refer\u00eancia a seres celestiais que desceram dos c\u00e9us, h\u00e1 muito tempo atr\u00e1s, transmitiram seus conhecimentos, e assim, permitiram, sob a tutoria deles, que humanos fossem capazes de tal feito &#8230; \u00c9 poss\u00edvel, ent\u00e3o, que Sacsayhuaman tenha sido criada com <strong>tecnologia alien\u00edgena<\/strong>?<\/p>\n\n\n\n<p>A visita a Sacsayhuaman \u00e9 algo sublime: C\u00e9u, terra e pedras monumentais, se misturam nesse cen\u00e1rio cinematogr\u00e1fico que promete boas horas de entretenimento nesta parte alta da cidade de Cusco. Voc\u00ea n\u00e3o pode perder!<\/p>\n\n\n\n<figure class=\"wp-block-image size-full\"><img loading=\"lazy\" decoding=\"async\" width=\"1024\" height=\"677\" src=\"https:\/\/www.salkantaytrilha.com\/blog\/wp-content\/uploads\/2025\/01\/sacsayhuaman-1024x677-1.jpg\" alt=\"Sacsayhuaman\" class=\"wp-image-2468\"\/><figcaption class=\"wp-element-caption\">S\u00edtio Arqueol\u00f3gico de Sacsayhuaman<\/figcaption><\/figure>\n\n\n\n<h3 class=\"wp-block-heading\" id=\"h-qenqo-o-labirinto-de-culto-inca\">Qenqo, o labirinto de culto inca<\/h3>\n\n\n\n<p><strong>Qenqo<\/strong> \u00e9 um outro s\u00edtio arqueol\u00f3gico localizado a 1,5 km de dist\u00e2ncia. Esse, minha gente, teria sido um <strong>centro de culto inca<\/strong>, com sacrif\u00edcios e passagens subterr\u00e2neas que presenciaram fatos cru\u00e9is e aterrorizantes. \u00c9 de arrepiar!<\/p>\n\n\n\n<p>Localizado em um espa\u00e7o aberto chamado de anfiteatro no qual pode-se observar forma\u00e7\u00f5es rochosas interessantes como a pedra do sapo, uma intrigante montanha de pedras onde pode-se ver nitidamente a imagem do animal. Al\u00e9m disso, h\u00e1 labirintos onde o visitante percorre passagens subterr\u00e2neas, que conduzem a v\u00e1rias dire\u00e7\u00f5es. O trajeto segue por t\u00faneis que guardam um passado sombrio que ainda guarda suas marcas: Na sala de sacrif\u00edcios reside a mesa onde tantas mortes se deram \u2026 \u00e9 aterrorizante! Em seguida, pode-se ver que a pr\u00f3pria pedra possui a forma\u00e7\u00e3o em forma de canaleta por onde o sangue das v\u00edtimas escoava. \u2026 Voc\u00ea sentir\u00e1 uma sensa\u00e7\u00e3o de arrepio s\u00f3 de imaginar o que essas paredes presenciaram!&nbsp;<\/p>\n\n\n\n<p>Cusco e seu fasc\u00ednio: Guarde suas emo\u00e7\u00f5es pois ainda h\u00e1 muito a ser visitado: Imaginem voc\u00eas, que a poucos passos dali, seguindo por um breve caminho rodeado de vegeta\u00e7\u00e3o, e uma incr\u00edvel vista da cidade de Cusco, voc\u00ea encontrar\u00e1 a<strong> Floresta de Q\u2019enqo<\/strong>, um bosque de eucaliptos digno de um conto de fadas!&nbsp;<\/p>\n\n\n\n<div class=\"wp-block-columns is-layout-flex wp-container-core-columns-is-layout-9d6595d7 wp-block-columns-is-layout-flex\">\n<div class=\"wp-block-column is-layout-flow wp-block-column-is-layout-flow\">\n<figure class=\"wp-block-image size-full\"><img loading=\"lazy\" decoding=\"async\" width=\"800\" height=\"1000\" src=\"https:\/\/www.salkantaytrilha.com\/blog\/wp-content\/uploads\/2024\/11\/Qenqo.jpg\" alt=\"S\u00edtio cerimonial no s\u00edtio arqueol\u00f3gico de Qenqo\" class=\"wp-image-1736\"\/><figcaption class=\"wp-element-caption\">S\u00edtio cerimonial no s\u00edtio arqueol\u00f3gico de Qenqo<\/figcaption><\/figure>\n<\/div>\n\n\n\n<div class=\"wp-block-column is-layout-flow wp-block-column-is-layout-flow\">\n<figure class=\"wp-block-image size-full\"><img loading=\"lazy\" decoding=\"async\" width=\"800\" height=\"1000\" src=\"https:\/\/www.salkantaytrilha.com\/blog\/wp-content\/uploads\/2024\/11\/Sitios-arqueologicos-de-Qenqo.jpg\" alt=\"S\u00edtios arqueol\u00f3gicos de Q'enqo\" class=\"wp-image-1678\"\/><figcaption class=\"wp-element-caption\">S\u00edtios arqueol\u00f3gicos de Q&#8217;enqo<\/figcaption><\/figure>\n<\/div>\n<\/div>\n\n\n\n<h3 class=\"wp-block-heading\" id=\"h-as-cerimonias-de-puka-pukara\">As cerim\u00f4nias de Puka Pukara<\/h3>\n\n\n\n<p><strong>Puka Pukara<\/strong>, cujo nome significa &#8220;<strong>fortaleza vermelha<\/strong>&#8220;, \u00e9 outro importante s\u00edtio arqueol\u00f3gico que oferece um espa\u00e7o de conex\u00e3o com a Pachamama. Esta fortaleza, situada em uma colina, oferece vistas panor\u00e2micas do vale ao redor, sendo um lugar ideal para refletir sobre a hist\u00f3ria e a espiritualidade andina.<\/p>\n\n\n\n<p>Os visitantes s\u00e3o convidados a participar de cerim\u00f4nias que homenageiam a m\u00e3e terra, que podem incluir rituais de purifica\u00e7\u00e3o e agradecimento, nos quais os participantes s\u00e3o dispostos em c\u00edrculo, criando uma conex\u00e3o entre eles e o habitat natural que os cerca. A energia de Puka Pukara ressoa profundamente, permitindo que os participantes sintam a for\u00e7a da terra que os cerca.<\/p>\n\n\n\n<div class=\"wp-block-columns is-layout-flex wp-container-core-columns-is-layout-9d6595d7 wp-block-columns-is-layout-flex\">\n<div class=\"wp-block-column is-layout-flow wp-block-column-is-layout-flow\">\n<figure class=\"wp-block-image size-full\"><img loading=\"lazy\" decoding=\"async\" width=\"800\" height=\"1000\" src=\"https:\/\/www.salkantaytrilha.com\/blog\/wp-content\/uploads\/2024\/11\/Sitios-Arqueologicos-de-Puka-Pukara.jpg\" alt=\"S\u00edtios Arqueol\u00f3gicos de Puka Pukara\" class=\"wp-image-1679\"\/><figcaption class=\"wp-element-caption\">S\u00edtios Arqueol\u00f3gicos de Puka Pukara<\/figcaption><\/figure>\n<\/div>\n\n\n\n<div class=\"wp-block-column is-layout-flow wp-block-column-is-layout-flow\">\n<figure class=\"wp-block-image size-full\"><img loading=\"lazy\" decoding=\"async\" width=\"800\" height=\"1000\" src=\"https:\/\/www.salkantaytrilha.com\/blog\/wp-content\/uploads\/2024\/11\/Puka-Pukara.jpg\" alt=\"Imagem da placa de entrada do s\u00edtio arqueol\u00f3gico de Puka Pukara.\" class=\"wp-image-1738\"\/><figcaption class=\"wp-element-caption\">S\u00edtio arqueol\u00f3gico de Puka Pukara.<\/figcaption><\/figure>\n<\/div>\n<\/div>\n\n\n\n<h2 class=\"wp-block-heading\" id=\"Voc\u00ea-pode-se-interessar:\">Voc\u00ea pode se interessar:<\/h2>\n\n\n\n<ul class=\"wp-block-list\">\n<li><a href=\"https:\/\/www.salkantaytrilha.com\/blog\/puno-seus-misterios-e-as-ilhas-do-titicaca\/\"><strong>Puno, seus mist\u00e9rios e as ilhas do Titicaca<\/strong><\/a><\/li>\n\n\n\n<li><a href=\"https:\/\/www.salkantaytrilha.com\/blog\/ayahuasca-o-cipo-dos-mortos\/\"><strong>Ayahuasca, o cip\u00f3 dos mortos<\/strong><\/a><\/li>\n\n\n\n<li><a href=\"https:\/\/www.salkantaytrilha.com\/blog\/qoyllur-riti\/\"><strong>Qoyllur Rit&#8217;i<\/strong><\/a><\/li>\n<\/ul>\n\n\n\n<ul class=\"wp-block-list lang\">\n<li class=\"en\"><a href=\"https:\/\/www.salkantaytrekking.com\/blog\/cusco-and-its-mysteries-inside-the-alien-legends-and-theories\/\">EN<\/a><\/li>\n\n\n\n<li class=\"es\"><a href=\"https:\/\/www.caminosalkantay.com\/blog\/cusco-y-sus-misterios-leyendas-y-teorias-alienigenas\/\">ES<\/a><\/li>\n<\/ul>\n\n\n\n<p><\/p>\n","protected":false},"excerpt":{"rendered":"<p>Voc\u00ea j\u00e1 se perguntou o porqu\u00ea de tantas pessoas, ao redor do mundo, escolherem o Peru como o destino de sua viagem? E a cidade de Cusco? O que leva milhares de visitantes para esta terra dos incas, bem distante [&hellip;]<\/p>\n","protected":false},"author":1,"featured_media":2466,"comment_status":"open","ping_status":"open","sticky":false,"template":"","format":"standard","meta":{"footnotes":""},"categories":[40],"tags":[766,764,763,762,765,768,767],"class_list":["post-2462","post","type-post","status-publish","format-standard","has-post-thumbnail","hentry","category-cusco","tag-ayahuasca-em-cusco","tag-cerimonias-ancestrais","tag-lendas","tag-misterios","tag-teorias-alienigenas","tag-turismo-espiritual-em-cusco","tag-turismo-mistico-em-cusco"],"yoast_head":"<!-- This site is optimized with the Yoast SEO Premium plugin v27.4 (Yoast SEO v27.4) - https:\/\/yoast.com\/product\/yoast-seo-premium-wordpress\/ -->\n<title>Cusco e seus Mist\u00e9rios:\u00a0 Por dentro das Lendas, Investiga\u00e7\u00f5es e Teorias Alien\u00edgenas - informa\u00e7\u00f5es de viagens<\/title>\n<meta name=\"description\" content=\"Descubra os mist\u00e9rios dos Incas em Cusco. Conhe\u00e7a o turismo m\u00edstico na regi\u00e3o e vivencie a espiritualidade dos Andes.\" \/>\n<meta name=\"robots\" content=\"index, follow, max-snippet:-1, max-image-preview:large, max-video-preview:-1\" \/>\n<link rel=\"canonical\" href=\"https:\/\/www.salkantaytrilha.com\/blog\/cusco-e-seus-misterios-por-dentro-das-lendas-investigacoes-e-teorias-alienigenas\/\" \/>\n<meta property=\"og:locale\" content=\"pt_BR\" \/>\n<meta property=\"og:type\" content=\"article\" \/>\n<meta property=\"og:title\" content=\"Cusco e seus Mist\u00e9rios:\u00a0 Por dentro das Lendas, Investiga\u00e7\u00f5es e Teorias Alien\u00edgenas\" \/>\n<meta property=\"og:description\" content=\"Descubra os mist\u00e9rios dos Incas em Cusco. Conhe\u00e7a o turismo m\u00edstico na regi\u00e3o e vivencie a espiritualidade dos Andes.\" \/>\n<meta property=\"og:url\" content=\"https:\/\/www.salkantaytrilha.com\/blog\/cusco-e-seus-misterios-por-dentro-das-lendas-investigacoes-e-teorias-alienigenas\/\" \/>\n<meta property=\"og:site_name\" content=\"informa\u00e7\u00f5es de viagens\" \/>\n<meta property=\"article:publisher\" content=\"https:\/\/www.facebook.com\/SalkantayTrekking\/\" \/>\n<meta property=\"article:published_time\" content=\"2025-01-07T17:35:51+00:00\" \/>\n<meta property=\"article:modified_time\" content=\"2026-03-02T15:05:33+00:00\" \/>\n<meta property=\"og:image\" content=\"https:\/\/www.salkantaytrilha.com\/blog\/wp-content\/uploads\/2025\/01\/Inti-Raymi.jpg\" \/>\n\t<meta property=\"og:image:width\" content=\"1873\" \/>\n\t<meta property=\"og:image:height\" content=\"1249\" \/>\n\t<meta property=\"og:image:type\" content=\"image\/jpeg\" \/>\n<meta name=\"author\" content=\"Trilha Salkantay\" \/>\n<meta name=\"twitter:card\" content=\"summary_large_image\" \/>\n<meta name=\"twitter:creator\" content=\"@salkantayperu\" \/>\n<meta name=\"twitter:site\" content=\"@salkantayperu\" \/>\n<meta name=\"twitter:label1\" content=\"Escrito por\" \/>\n\t<meta name=\"twitter:data1\" content=\"Trilha Salkantay\" \/>\n\t<meta name=\"twitter:label2\" content=\"Est. tempo de leitura\" \/>\n\t<meta name=\"twitter:data2\" content=\"17 minutos\" \/>\n<script type=\"application\/ld+json\" class=\"yoast-schema-graph\">{\"@context\":\"https:\\\/\\\/schema.org\",\"@graph\":[{\"@type\":\"Article\",\"@id\":\"https:\\\/\\\/www.salkantaytrilha.com\\\/blog\\\/cusco-e-seus-misterios-por-dentro-das-lendas-investigacoes-e-teorias-alienigenas\\\/#article\",\"isPartOf\":{\"@id\":\"https:\\\/\\\/www.salkantaytrilha.com\\\/blog\\\/cusco-e-seus-misterios-por-dentro-das-lendas-investigacoes-e-teorias-alienigenas\\\/\"},\"author\":{\"name\":\"Trilha Salkantay\",\"@id\":\"https:\\\/\\\/www.salkantaytrilha.com\\\/blog\\\/#\\\/schema\\\/person\\\/aa0e6175beac59e6519e5407b3d13d0d\"},\"headline\":\"Cusco e seus Mist\u00e9rios:\u00a0 Por dentro das Lendas, Investiga\u00e7\u00f5es e Teorias Alien\u00edgenas\",\"datePublished\":\"2025-01-07T17:35:51+00:00\",\"dateModified\":\"2026-03-02T15:05:33+00:00\",\"mainEntityOfPage\":{\"@id\":\"https:\\\/\\\/www.salkantaytrilha.com\\\/blog\\\/cusco-e-seus-misterios-por-dentro-das-lendas-investigacoes-e-teorias-alienigenas\\\/\"},\"wordCount\":2918,\"commentCount\":0,\"publisher\":{\"@id\":\"https:\\\/\\\/www.salkantaytrilha.com\\\/blog\\\/#organization\"},\"image\":{\"@id\":\"https:\\\/\\\/www.salkantaytrilha.com\\\/blog\\\/cusco-e-seus-misterios-por-dentro-das-lendas-investigacoes-e-teorias-alienigenas\\\/#primaryimage\"},\"thumbnailUrl\":\"https:\\\/\\\/www.salkantaytrilha.com\\\/blog\\\/wp-content\\\/uploads\\\/2025\\\/01\\\/Inti-Raymi.jpg\",\"keywords\":[\"Ayahuasca em Cusco\",\"Cerim\u00f4nias ancestrais\",\"Lendas\",\"Mist\u00e9rios\",\"Teorias Alien\u00edgenas\",\"Turismo espiritual em Cusco\",\"Turismo m\u00edstico em Cusco\"],\"articleSection\":[\"Cusco\"],\"inLanguage\":\"pt-BR\",\"potentialAction\":[{\"@type\":\"CommentAction\",\"name\":\"Comment\",\"target\":[\"https:\\\/\\\/www.salkantaytrilha.com\\\/blog\\\/cusco-e-seus-misterios-por-dentro-das-lendas-investigacoes-e-teorias-alienigenas\\\/#respond\"]}]},{\"@type\":\"WebPage\",\"@id\":\"https:\\\/\\\/www.salkantaytrilha.com\\\/blog\\\/cusco-e-seus-misterios-por-dentro-das-lendas-investigacoes-e-teorias-alienigenas\\\/\",\"url\":\"https:\\\/\\\/www.salkantaytrilha.com\\\/blog\\\/cusco-e-seus-misterios-por-dentro-das-lendas-investigacoes-e-teorias-alienigenas\\\/\",\"name\":\"Cusco e seus Mist\u00e9rios:\u00a0 Por dentro das Lendas, Investiga\u00e7\u00f5es e Teorias Alien\u00edgenas - informa\u00e7\u00f5es de viagens\",\"isPartOf\":{\"@id\":\"https:\\\/\\\/www.salkantaytrilha.com\\\/blog\\\/#website\"},\"primaryImageOfPage\":{\"@id\":\"https:\\\/\\\/www.salkantaytrilha.com\\\/blog\\\/cusco-e-seus-misterios-por-dentro-das-lendas-investigacoes-e-teorias-alienigenas\\\/#primaryimage\"},\"image\":{\"@id\":\"https:\\\/\\\/www.salkantaytrilha.com\\\/blog\\\/cusco-e-seus-misterios-por-dentro-das-lendas-investigacoes-e-teorias-alienigenas\\\/#primaryimage\"},\"thumbnailUrl\":\"https:\\\/\\\/www.salkantaytrilha.com\\\/blog\\\/wp-content\\\/uploads\\\/2025\\\/01\\\/Inti-Raymi.jpg\",\"datePublished\":\"2025-01-07T17:35:51+00:00\",\"dateModified\":\"2026-03-02T15:05:33+00:00\",\"description\":\"Descubra os mist\u00e9rios dos Incas em Cusco. Conhe\u00e7a o turismo m\u00edstico na regi\u00e3o e vivencie a espiritualidade dos Andes.\",\"breadcrumb\":{\"@id\":\"https:\\\/\\\/www.salkantaytrilha.com\\\/blog\\\/cusco-e-seus-misterios-por-dentro-das-lendas-investigacoes-e-teorias-alienigenas\\\/#breadcrumb\"},\"inLanguage\":\"pt-BR\",\"potentialAction\":[{\"@type\":\"ReadAction\",\"target\":[\"https:\\\/\\\/www.salkantaytrilha.com\\\/blog\\\/cusco-e-seus-misterios-por-dentro-das-lendas-investigacoes-e-teorias-alienigenas\\\/\"]}]},{\"@type\":\"ImageObject\",\"inLanguage\":\"pt-BR\",\"@id\":\"https:\\\/\\\/www.salkantaytrilha.com\\\/blog\\\/cusco-e-seus-misterios-por-dentro-das-lendas-investigacoes-e-teorias-alienigenas\\\/#primaryimage\",\"url\":\"https:\\\/\\\/www.salkantaytrilha.com\\\/blog\\\/wp-content\\\/uploads\\\/2025\\\/01\\\/Inti-Raymi.jpg\",\"contentUrl\":\"https:\\\/\\\/www.salkantaytrilha.com\\\/blog\\\/wp-content\\\/uploads\\\/2025\\\/01\\\/Inti-Raymi.jpg\",\"width\":1873,\"height\":1249,\"caption\":\"Inti Raymi festa do Sol\"},{\"@type\":\"BreadcrumbList\",\"@id\":\"https:\\\/\\\/www.salkantaytrilha.com\\\/blog\\\/cusco-e-seus-misterios-por-dentro-das-lendas-investigacoes-e-teorias-alienigenas\\\/#breadcrumb\",\"itemListElement\":[{\"@type\":\"ListItem\",\"position\":1,\"name\":\"In\u00edcio\",\"item\":\"https:\\\/\\\/www.salkantaytrilha.com\\\/blog\\\/\"},{\"@type\":\"ListItem\",\"position\":2,\"name\":\"Cusco e seus Mist\u00e9rios:\u00a0 Por dentro das Lendas, Investiga\u00e7\u00f5es e Teorias Alien\u00edgenas\"}]},{\"@type\":\"WebSite\",\"@id\":\"https:\\\/\\\/www.salkantaytrilha.com\\\/blog\\\/#website\",\"url\":\"https:\\\/\\\/www.salkantaytrilha.com\\\/blog\\\/\",\"name\":\"informa\u00e7\u00f5es de viagens a Machu Picchu\",\"description\":\"\",\"publisher\":{\"@id\":\"https:\\\/\\\/www.salkantaytrilha.com\\\/blog\\\/#organization\"},\"potentialAction\":[{\"@type\":\"SearchAction\",\"target\":{\"@type\":\"EntryPoint\",\"urlTemplate\":\"https:\\\/\\\/www.salkantaytrilha.com\\\/blog\\\/?s={search_term_string}\"},\"query-input\":{\"@type\":\"PropertyValueSpecification\",\"valueRequired\":true,\"valueName\":\"search_term_string\"}}],\"inLanguage\":\"pt-BR\"},{\"@type\":\"Organization\",\"@id\":\"https:\\\/\\\/www.salkantaytrilha.com\\\/blog\\\/#organization\",\"name\":\"informa\u00e7\u00f5es de viagens a Machu Picchu\",\"url\":\"https:\\\/\\\/www.salkantaytrilha.com\\\/blog\\\/\",\"logo\":{\"@type\":\"ImageObject\",\"inLanguage\":\"pt-BR\",\"@id\":\"https:\\\/\\\/www.salkantaytrilha.com\\\/blog\\\/#\\\/schema\\\/logo\\\/image\\\/\",\"url\":\"https:\\\/\\\/www.salkantaytrilha.com\\\/blog\\\/wp-content\\\/uploads\\\/2024\\\/05\\\/salkantaytrekking-new-300x128-1.png\",\"contentUrl\":\"https:\\\/\\\/www.salkantaytrilha.com\\\/blog\\\/wp-content\\\/uploads\\\/2024\\\/05\\\/salkantaytrekking-new-300x128-1.png\",\"width\":300,\"height\":128,\"caption\":\"informa\u00e7\u00f5es de viagens a Machu Picchu\"},\"image\":{\"@id\":\"https:\\\/\\\/www.salkantaytrilha.com\\\/blog\\\/#\\\/schema\\\/logo\\\/image\\\/\"},\"sameAs\":[\"https:\\\/\\\/www.facebook.com\\\/SalkantayTrekking\\\/\",\"https:\\\/\\\/x.com\\\/salkantayperu\",\"https:\\\/\\\/www.pinterest.com\\\/salkantaytrekking\\\/\",\"https:\\\/\\\/www.instagram.com\\\/salkantaytrekking\\\/\",\"https:\\\/\\\/www.youtube.com\\\/user\\\/salkantaytrekking\",\"https:\\\/\\\/www.tiktok.com\\\/@salkantaytrekking\"]},{\"@type\":\"Person\",\"@id\":\"https:\\\/\\\/www.salkantaytrilha.com\\\/blog\\\/#\\\/schema\\\/person\\\/aa0e6175beac59e6519e5407b3d13d0d\",\"name\":\"Trilha Salkantay\",\"image\":{\"@type\":\"ImageObject\",\"inLanguage\":\"pt-BR\",\"@id\":\"https:\\\/\\\/secure.gravatar.com\\\/avatar\\\/b41678a33c57a2bf0032b7c254611fc97caffd94ade0663405b364d1c0177d1d?s=96&d=mm&r=g\",\"url\":\"https:\\\/\\\/secure.gravatar.com\\\/avatar\\\/b41678a33c57a2bf0032b7c254611fc97caffd94ade0663405b364d1c0177d1d?s=96&d=mm&r=g\",\"contentUrl\":\"https:\\\/\\\/secure.gravatar.com\\\/avatar\\\/b41678a33c57a2bf0032b7c254611fc97caffd94ade0663405b364d1c0177d1d?s=96&d=mm&r=g\",\"caption\":\"Trilha Salkantay\"},\"sameAs\":[\"https:\\\/\\\/www.salkantaytrilha.com\\\/blog\"]}]}<\/script>\n<!-- \/ Yoast SEO Premium plugin. -->","yoast_head_json":{"title":"Cusco e seus Mist\u00e9rios:\u00a0 Por dentro das Lendas, Investiga\u00e7\u00f5es e Teorias Alien\u00edgenas - informa\u00e7\u00f5es de viagens","description":"Descubra os mist\u00e9rios dos Incas em Cusco. Conhe\u00e7a o turismo m\u00edstico na regi\u00e3o e vivencie a espiritualidade dos Andes.","robots":{"index":"index","follow":"follow","max-snippet":"max-snippet:-1","max-image-preview":"max-image-preview:large","max-video-preview":"max-video-preview:-1"},"canonical":"https:\/\/www.salkantaytrilha.com\/blog\/cusco-e-seus-misterios-por-dentro-das-lendas-investigacoes-e-teorias-alienigenas\/","og_locale":"pt_BR","og_type":"article","og_title":"Cusco e seus Mist\u00e9rios:\u00a0 Por dentro das Lendas, Investiga\u00e7\u00f5es e Teorias Alien\u00edgenas","og_description":"Descubra os mist\u00e9rios dos Incas em Cusco. Conhe\u00e7a o turismo m\u00edstico na regi\u00e3o e vivencie a espiritualidade dos Andes.","og_url":"https:\/\/www.salkantaytrilha.com\/blog\/cusco-e-seus-misterios-por-dentro-das-lendas-investigacoes-e-teorias-alienigenas\/","og_site_name":"informa\u00e7\u00f5es de viagens","article_publisher":"https:\/\/www.facebook.com\/SalkantayTrekking\/","article_published_time":"2025-01-07T17:35:51+00:00","article_modified_time":"2026-03-02T15:05:33+00:00","og_image":[{"width":1873,"height":1249,"url":"https:\/\/www.salkantaytrilha.com\/blog\/wp-content\/uploads\/2025\/01\/Inti-Raymi.jpg","type":"image\/jpeg"}],"author":"Trilha Salkantay","twitter_card":"summary_large_image","twitter_creator":"@salkantayperu","twitter_site":"@salkantayperu","twitter_misc":{"Escrito por":"Trilha Salkantay","Est. tempo de leitura":"17 minutos"},"schema":{"@context":"https:\/\/schema.org","@graph":[{"@type":"Article","@id":"https:\/\/www.salkantaytrilha.com\/blog\/cusco-e-seus-misterios-por-dentro-das-lendas-investigacoes-e-teorias-alienigenas\/#article","isPartOf":{"@id":"https:\/\/www.salkantaytrilha.com\/blog\/cusco-e-seus-misterios-por-dentro-das-lendas-investigacoes-e-teorias-alienigenas\/"},"author":{"name":"Trilha Salkantay","@id":"https:\/\/www.salkantaytrilha.com\/blog\/#\/schema\/person\/aa0e6175beac59e6519e5407b3d13d0d"},"headline":"Cusco e seus Mist\u00e9rios:\u00a0 Por dentro das Lendas, Investiga\u00e7\u00f5es e Teorias Alien\u00edgenas","datePublished":"2025-01-07T17:35:51+00:00","dateModified":"2026-03-02T15:05:33+00:00","mainEntityOfPage":{"@id":"https:\/\/www.salkantaytrilha.com\/blog\/cusco-e-seus-misterios-por-dentro-das-lendas-investigacoes-e-teorias-alienigenas\/"},"wordCount":2918,"commentCount":0,"publisher":{"@id":"https:\/\/www.salkantaytrilha.com\/blog\/#organization"},"image":{"@id":"https:\/\/www.salkantaytrilha.com\/blog\/cusco-e-seus-misterios-por-dentro-das-lendas-investigacoes-e-teorias-alienigenas\/#primaryimage"},"thumbnailUrl":"https:\/\/www.salkantaytrilha.com\/blog\/wp-content\/uploads\/2025\/01\/Inti-Raymi.jpg","keywords":["Ayahuasca em Cusco","Cerim\u00f4nias ancestrais","Lendas","Mist\u00e9rios","Teorias Alien\u00edgenas","Turismo espiritual em Cusco","Turismo m\u00edstico em Cusco"],"articleSection":["Cusco"],"inLanguage":"pt-BR","potentialAction":[{"@type":"CommentAction","name":"Comment","target":["https:\/\/www.salkantaytrilha.com\/blog\/cusco-e-seus-misterios-por-dentro-das-lendas-investigacoes-e-teorias-alienigenas\/#respond"]}]},{"@type":"WebPage","@id":"https:\/\/www.salkantaytrilha.com\/blog\/cusco-e-seus-misterios-por-dentro-das-lendas-investigacoes-e-teorias-alienigenas\/","url":"https:\/\/www.salkantaytrilha.com\/blog\/cusco-e-seus-misterios-por-dentro-das-lendas-investigacoes-e-teorias-alienigenas\/","name":"Cusco e seus Mist\u00e9rios:\u00a0 Por dentro das Lendas, Investiga\u00e7\u00f5es e Teorias Alien\u00edgenas - informa\u00e7\u00f5es de viagens","isPartOf":{"@id":"https:\/\/www.salkantaytrilha.com\/blog\/#website"},"primaryImageOfPage":{"@id":"https:\/\/www.salkantaytrilha.com\/blog\/cusco-e-seus-misterios-por-dentro-das-lendas-investigacoes-e-teorias-alienigenas\/#primaryimage"},"image":{"@id":"https:\/\/www.salkantaytrilha.com\/blog\/cusco-e-seus-misterios-por-dentro-das-lendas-investigacoes-e-teorias-alienigenas\/#primaryimage"},"thumbnailUrl":"https:\/\/www.salkantaytrilha.com\/blog\/wp-content\/uploads\/2025\/01\/Inti-Raymi.jpg","datePublished":"2025-01-07T17:35:51+00:00","dateModified":"2026-03-02T15:05:33+00:00","description":"Descubra os mist\u00e9rios dos Incas em Cusco. Conhe\u00e7a o turismo m\u00edstico na regi\u00e3o e vivencie a espiritualidade dos Andes.","breadcrumb":{"@id":"https:\/\/www.salkantaytrilha.com\/blog\/cusco-e-seus-misterios-por-dentro-das-lendas-investigacoes-e-teorias-alienigenas\/#breadcrumb"},"inLanguage":"pt-BR","potentialAction":[{"@type":"ReadAction","target":["https:\/\/www.salkantaytrilha.com\/blog\/cusco-e-seus-misterios-por-dentro-das-lendas-investigacoes-e-teorias-alienigenas\/"]}]},{"@type":"ImageObject","inLanguage":"pt-BR","@id":"https:\/\/www.salkantaytrilha.com\/blog\/cusco-e-seus-misterios-por-dentro-das-lendas-investigacoes-e-teorias-alienigenas\/#primaryimage","url":"https:\/\/www.salkantaytrilha.com\/blog\/wp-content\/uploads\/2025\/01\/Inti-Raymi.jpg","contentUrl":"https:\/\/www.salkantaytrilha.com\/blog\/wp-content\/uploads\/2025\/01\/Inti-Raymi.jpg","width":1873,"height":1249,"caption":"Inti Raymi festa do Sol"},{"@type":"BreadcrumbList","@id":"https:\/\/www.salkantaytrilha.com\/blog\/cusco-e-seus-misterios-por-dentro-das-lendas-investigacoes-e-teorias-alienigenas\/#breadcrumb","itemListElement":[{"@type":"ListItem","position":1,"name":"In\u00edcio","item":"https:\/\/www.salkantaytrilha.com\/blog\/"},{"@type":"ListItem","position":2,"name":"Cusco e seus Mist\u00e9rios:\u00a0 Por dentro das Lendas, Investiga\u00e7\u00f5es e Teorias Alien\u00edgenas"}]},{"@type":"WebSite","@id":"https:\/\/www.salkantaytrilha.com\/blog\/#website","url":"https:\/\/www.salkantaytrilha.com\/blog\/","name":"informa\u00e7\u00f5es de viagens a Machu Picchu","description":"","publisher":{"@id":"https:\/\/www.salkantaytrilha.com\/blog\/#organization"},"potentialAction":[{"@type":"SearchAction","target":{"@type":"EntryPoint","urlTemplate":"https:\/\/www.salkantaytrilha.com\/blog\/?s={search_term_string}"},"query-input":{"@type":"PropertyValueSpecification","valueRequired":true,"valueName":"search_term_string"}}],"inLanguage":"pt-BR"},{"@type":"Organization","@id":"https:\/\/www.salkantaytrilha.com\/blog\/#organization","name":"informa\u00e7\u00f5es de viagens a Machu Picchu","url":"https:\/\/www.salkantaytrilha.com\/blog\/","logo":{"@type":"ImageObject","inLanguage":"pt-BR","@id":"https:\/\/www.salkantaytrilha.com\/blog\/#\/schema\/logo\/image\/","url":"https:\/\/www.salkantaytrilha.com\/blog\/wp-content\/uploads\/2024\/05\/salkantaytrekking-new-300x128-1.png","contentUrl":"https:\/\/www.salkantaytrilha.com\/blog\/wp-content\/uploads\/2024\/05\/salkantaytrekking-new-300x128-1.png","width":300,"height":128,"caption":"informa\u00e7\u00f5es de viagens a Machu Picchu"},"image":{"@id":"https:\/\/www.salkantaytrilha.com\/blog\/#\/schema\/logo\/image\/"},"sameAs":["https:\/\/www.facebook.com\/SalkantayTrekking\/","https:\/\/x.com\/salkantayperu","https:\/\/www.pinterest.com\/salkantaytrekking\/","https:\/\/www.instagram.com\/salkantaytrekking\/","https:\/\/www.youtube.com\/user\/salkantaytrekking","https:\/\/www.tiktok.com\/@salkantaytrekking"]},{"@type":"Person","@id":"https:\/\/www.salkantaytrilha.com\/blog\/#\/schema\/person\/aa0e6175beac59e6519e5407b3d13d0d","name":"Trilha Salkantay","image":{"@type":"ImageObject","inLanguage":"pt-BR","@id":"https:\/\/secure.gravatar.com\/avatar\/b41678a33c57a2bf0032b7c254611fc97caffd94ade0663405b364d1c0177d1d?s=96&d=mm&r=g","url":"https:\/\/secure.gravatar.com\/avatar\/b41678a33c57a2bf0032b7c254611fc97caffd94ade0663405b364d1c0177d1d?s=96&d=mm&r=g","contentUrl":"https:\/\/secure.gravatar.com\/avatar\/b41678a33c57a2bf0032b7c254611fc97caffd94ade0663405b364d1c0177d1d?s=96&d=mm&r=g","caption":"Trilha Salkantay"},"sameAs":["https:\/\/www.salkantaytrilha.com\/blog"]}]}},"_links":{"self":[{"href":"https:\/\/www.salkantaytrilha.com\/blog\/wp-json\/wp\/v2\/posts\/2462","targetHints":{"allow":["GET"]}}],"collection":[{"href":"https:\/\/www.salkantaytrilha.com\/blog\/wp-json\/wp\/v2\/posts"}],"about":[{"href":"https:\/\/www.salkantaytrilha.com\/blog\/wp-json\/wp\/v2\/types\/post"}],"author":[{"embeddable":true,"href":"https:\/\/www.salkantaytrilha.com\/blog\/wp-json\/wp\/v2\/users\/1"}],"replies":[{"embeddable":true,"href":"https:\/\/www.salkantaytrilha.com\/blog\/wp-json\/wp\/v2\/comments?post=2462"}],"version-history":[{"count":5,"href":"https:\/\/www.salkantaytrilha.com\/blog\/wp-json\/wp\/v2\/posts\/2462\/revisions"}],"predecessor-version":[{"id":5507,"href":"https:\/\/www.salkantaytrilha.com\/blog\/wp-json\/wp\/v2\/posts\/2462\/revisions\/5507"}],"wp:featuredmedia":[{"embeddable":true,"href":"https:\/\/www.salkantaytrilha.com\/blog\/wp-json\/wp\/v2\/media\/2466"}],"wp:attachment":[{"href":"https:\/\/www.salkantaytrilha.com\/blog\/wp-json\/wp\/v2\/media?parent=2462"}],"wp:term":[{"taxonomy":"category","embeddable":true,"href":"https:\/\/www.salkantaytrilha.com\/blog\/wp-json\/wp\/v2\/categories?post=2462"},{"taxonomy":"post_tag","embeddable":true,"href":"https:\/\/www.salkantaytrilha.com\/blog\/wp-json\/wp\/v2\/tags?post=2462"}],"curies":[{"name":"wp","href":"https:\/\/api.w.org\/{rel}","templated":true}]}}