{"id":2530,"date":"2026-02-04T09:00:00","date_gmt":"2026-02-04T12:00:00","guid":{"rendered":"https:\/\/www.salkantaytrilha.com\/blog\/?p=2530"},"modified":"2026-03-02T12:01:37","modified_gmt":"2026-03-02T15:01:37","slug":"que-roupa-usar-para-o-caminho-inca","status":"publish","type":"post","link":"https:\/\/www.salkantaytrilha.com\/blog\/que-roupa-usar-para-o-caminho-inca\/","title":{"rendered":"Que roupa usar para o Caminho Inca?"},"content":{"rendered":"\n<p>O Caminho Inca tem aproximadamente <strong>44 quil\u00f4metros (27 milhas)<\/strong> e atravessa pelo menos <strong>tr\u00eas tipos de microclimas<\/strong>, que v\u00e3o desde \u00e1reas frias de alta altitude at\u00e9 florestas quentes e \u00famidas. Essas mudan\u00e7as s\u00e3o sentidas dia ap\u00f3s dia, por isso escolher a roupa adequada \u00e9 essencial para aproveitar bem esse trekking.<\/p>\n\n\n\n<p>Se voc\u00ea gosta de <strong>outfits e trekking<\/strong>, este guia \u00e9 para voc\u00ea. Aqui voc\u00ea vai encontrar dicas claras e pr\u00e1ticas sobre <strong>o que vestir no Caminho Inca<\/strong>, como se vestir em camadas e o que considerar de acordo com o clima e a \u00e9poca do ano. Al\u00e9m disso, compartilhamos algumas marcas e tend\u00eancias de moda outdoor para que voc\u00ea possa curtir atividades ao ar livre com conforto e estilo.<\/p>\n\n\n\n<div class=\"wp-block-rank-math-toc-block anchor-links\"><h2>Tabela de conte\u00fados<\/h2><nav><ul><li><a href=\"#h-clima-e-condicoes-reais-no-caminho-inca\" >Clima e condi\u00e7\u00f5es reais no Caminho Inca<\/a><\/li><li><a href=\"#h-o-que-e-vestir-se-em-camadas-e-por-que-isso-e-importante-no-caminho-inca\" >O que \u00e9 vestir-se em camadas e por que isso \u00e9 importante no Caminho Inca?<\/a><\/li><li><a href=\"#h-roupas-e-calcados-recomendados-para-o-caminho-inca-com-marcas-sugeridas\" >Roupas e cal\u00e7ados recomendados para o Caminho Inca (com marcas sugeridas)<\/a><\/li><li><a href=\"#h-dicas-finais-de-quem-conhece-o-terreno\" >Dicas finais de quem conhece o terreno<\/a><\/li><li><a href=\"#h-perguntas-frequentes\" >Perguntas frequentes<\/a><\/li><li><a href=\"#h-conclusao\" >Conclus\u00e3o<\/a><\/li><\/nav><\/ul><\/div>\n\n\n\n<h2 class=\"wp-block-heading\" id=\"h-clima-e-condicoes-reais-no-caminho-inca\">Clima e condi\u00e7\u00f5es reais no Caminho Inca<\/h2>\n\n\n\n<p>O clima no Caminho Inca muda conforme a esta\u00e7\u00e3o e at\u00e9 mesmo ao longo do dia de caminhada. Para facilitar o entendimento, confira este resumo simples e realista.<\/p>\n\n\n\n<h3 class=\"wp-block-heading\" id=\"h-estacoes\">Esta\u00e7\u00f5es<\/h3>\n\n\n\n<ul class=\"wp-block-list\">\n<li><strong>Esta\u00e7\u00e3o seca: <\/strong>Dias ensolarados e calor intenso. A transpira\u00e7\u00e3o aumenta, a caminhada exige mais esfor\u00e7o e a sensa\u00e7\u00e3o de sede \u00e9 constante.<\/li>\n\n\n\n<li><strong>Esta\u00e7\u00e3o chuvosa:<\/strong> Clima fresco a ameno, sem frio intenso, mas com bastante umidade. Leve roupas de secagem r\u00e1pida e uma camada imperme\u00e1vel. Se voc\u00ea n\u00e3o lida bem com a umidade, vale a pena levar camisetas extras para troca.<\/li>\n<\/ul>\n\n\n\n<h3 class=\"wp-block-heading\" id=\"h-clima-dia-a-dia\">Clima dia a dia<\/h3>\n\n\n\n<ul class=\"wp-block-list\">\n<li><strong>Dia 1:<\/strong> Quente e menos \u00famido do que os outros dias.<\/li>\n\n\n\n<li><strong>Dia 2:<\/strong> O dia mais exigente. Na subida at\u00e9 o ponto mais alto, faz frio, venta e o clima \u00e9 seco; depois, a trilha desce em dire\u00e7\u00e3o \u00e0 floresta nublada.<\/li>\n\n\n\n<li><strong>Dia 3:<\/strong> Quente e \u00famido.<\/li>\n\n\n\n<li><strong>Dia 4:<\/strong> Chegada a Machu Picchu, com clima ameno e \u00famido.<\/li>\n<\/ul>\n\n\n\n<p>Se a umidade n\u00e3o for um problema para voc\u00ea, a <strong>esta\u00e7\u00e3o chuvosa<\/strong> costuma ser uma das melhores \u00e9pocas para fazer o Caminho Inca: o clima \u00e9 mais confort\u00e1vel para caminhar e as paisagens ficam muito mais verdes. Lembre-se apenas de que, em fevereiro, a trilha fica fechada para manuten\u00e7\u00e3o.<\/p>\n\n\n\n<p class=\"orange\"><strong>Dica de viagem:<\/strong> se quiser mais detalhes, confira nosso blog sobre a <a href=\"https:\/\/www.salkantaytrilha.com\/blog\/a-melhor-epoca-para-visitar-o-caminho-inca\/\"><strong>melhor \u00e9poca para visitar o Caminho Inca<\/strong><\/a>.<\/p>\n\n\n\n<figure class=\"wp-block-image size-large\"><img loading=\"lazy\" decoding=\"async\" width=\"1024\" height=\"683\" src=\"https:\/\/www.salkantaytrilha.com\/blog\/wp-content\/uploads\/2024\/07\/Trilha-Inca-Bagagem-Perfeita-Aventura-Inesquecivel-1024x683.jpg\" alt=\"Trilha Inca: A Bagagem Perfeita para uma Aventura Inesquec\u00edvel\" class=\"wp-image-635\"\/><figcaption class=\"wp-element-caption\">D\u00edas de sol en el Camino Inca<\/figcaption><\/figure>\n\n\n\n<h2 class=\"wp-block-heading\" id=\"h-o-que-e-vestir-se-em-camadas-e-por-que-isso-e-importante-no-caminho-inca\">O que \u00e9 vestir-se em camadas e por que isso \u00e9 importante no Caminho Inca?<\/h2>\n\n\n\n<p>Vestir-se em camadas \u00e9 uma forma de usar <strong>v\u00e1rias pe\u00e7as leves<\/strong>, uma sobre a outra, que podem ser colocadas ou retiradas conforme o clima e o esfor\u00e7o f\u00edsico. Em vez de uma \u00fanica pe\u00e7a pesada, as camadas trabalham juntas para <strong>manter o conforto <\/strong>ao longo da caminhada.<\/p>\n\n\n\n<p>Durante o Caminho Inca, voc\u00ea atravessar\u00e1 diferentes climas em poucos dias, por isso \u00e9 fundamental conseguir se adaptar rapidamente, sem sentir frio ou calor excessivo. Vestir-se em camadas \u00e9 a maneira mais pr\u00e1tica e segura de regular a temperatura corporal e aproveitar cada etapa do percurso.<\/p>\n\n\n\n<h3 class=\"wp-block-heading\" id=\"h-exemplo-de-sistema-de-camadas\">Exemplo de sistema de camadas<\/h3>\n\n\n\n<ul class=\"wp-block-list\">\n<li><strong>Camada base (primeira camada):<\/strong> Camiseta leve, sint\u00e9tica e de secagem r\u00e1pida. Fica em contato direto com a pele e ajuda a controlar o suor.<\/li>\n\n\n\n<li><strong>Camada intermedi\u00e1ria:<\/strong> Fleece leve. Use pela manh\u00e3 at\u00e9 o corpo aquecer e novamente no fim da tarde ou \u00e0 noite, quando a temperatura cai.<\/li>\n\n\n\n<li><strong>Camada externa:<\/strong> Jaqueta corta-vento ou imperme\u00e1vel. Necess\u00e1ria apenas em caso de vento ou chuva.<\/li>\n\n\n\n<li><strong>Parte inferior:<\/strong> Cal\u00e7a de trekking de secagem r\u00e1pida ou imperme\u00e1vel. Em temperaturas mais baixas, voc\u00ea pode acrescentar uma cal\u00e7a t\u00e9rmica de material sint\u00e9tico ou l\u00e3 merino por baixo para conservar o calor.<\/li>\n\n\n\n<li><strong>Extras \u00fateis:<\/strong> Gorro de l\u00e3, chap\u00e9u, luvas, \u00f3culos de sol e poncho de chuva, conforme as condi\u00e7\u00f5es clim\u00e1ticas.<\/li>\n<\/ul>\n\n\n\n<p class=\"green\"><strong>Dica pr\u00e1tica:<\/strong> no Caminho Inca, menos \u00e9 mais. Leve roupas funcionais, leves e de secagem r\u00e1pida. Seu conforto vai agradecer durante os quatro dias de caminhada.<\/p>\n\n\n\n<div class=\"wp-block-columns is-layout-flex wp-container-core-columns-is-layout-9d6595d7 wp-block-columns-is-layout-flex\">\n<div class=\"wp-block-column is-layout-flow wp-block-column-is-layout-flow\">\n<figure class=\"wp-block-image size-large\"><img loading=\"lazy\" decoding=\"async\" width=\"819\" height=\"1024\" src=\"https:\/\/www.salkantaytrilha.com\/blog\/wp-content\/uploads\/2025\/01\/roupa-em-camadas-nas-montanhas-819x1024.webp\" alt=\"Mulher caminhante sorrindo na Trilha Inca usando as 3 camadas de roupa\" class=\"wp-image-5215\"\/><figcaption class=\"wp-element-caption\">Exemplo de roupas em camadas na Trilha Inca<\/figcaption><\/figure>\n<\/div>\n\n\n\n<div class=\"wp-block-column is-layout-flow wp-block-column-is-layout-flow\">\n<figure class=\"wp-block-image size-large\"><img loading=\"lazy\" decoding=\"async\" width=\"819\" height=\"1024\" src=\"https:\/\/www.salkantaytrilha.com\/blog\/wp-content\/uploads\/2025\/01\/roupas-em-camadas-na-montanha-819x1024.webp\" alt=\"Exposi\u00e7\u00e3o de roupas em camadas na montanha\" class=\"wp-image-5216\"\/><figcaption class=\"wp-element-caption\">Roupas em camadas na montanha<\/figcaption><\/figure>\n<\/div>\n<\/div>\n\n\n\n<h2 class=\"wp-block-heading\" id=\"h-roupas-e-calcados-recomendados-para-o-caminho-inca-com-marcas-sugeridas\">Roupas e cal\u00e7ados recomendados para o Caminho Inca (com marcas sugeridas)<\/h2>\n\n\n\n<h3 class=\"wp-block-heading\" id=\"h-1-jaqueta-termica\">1. Jaqueta t\u00e9rmica<\/h3>\n\n\n\n<p>Voc\u00ea vai precisar de uma <strong>jaqueta t\u00e9rmica<\/strong> para se proteger do frio andino, especialmente pela manh\u00e3, \u00e0 noite e nas \u00e1reas mais altas do percurso. O ideal \u00e9 que seja leve, mas com bom isolamento t\u00e9rmico, para n\u00e3o adicionar peso desnecess\u00e1rio \u00e0 mochila.<\/p>\n\n\n\n<ul class=\"wp-block-list\">\n<li><strong>Material recomendado:<\/strong> fibras sint\u00e9ticas t\u00e9rmicas ou enchimento tipo pluma sint\u00e9tica, que mantenha o calor mesmo em condi\u00e7\u00f5es de umidade.<\/li>\n\n\n\n<li><strong>Cores:<\/strong> tons cl\u00e1ssicos como preto, bege ou azul funcionam bem, mas tamb\u00e9m \u00e9 recomend\u00e1vel optar por cores chamativas como vermelho, amarelo ou f\u00facsia, pois aumentam a visibilidade na montanha em caso de emerg\u00eancia.<\/li>\n\n\n\n<li><strong>Marcas sugeridas:<\/strong> Merrell, Columbia e Doite, pelo bom equil\u00edbrio entre aquecimento, leveza e praticidade.<\/li>\n<\/ul>\n\n\n\n<div class=\"wp-block-columns is-layout-flex wp-container-core-columns-is-layout-9d6595d7 wp-block-columns-is-layout-flex\">\n<div class=\"wp-block-column is-layout-flow wp-block-column-is-layout-flow\">\n<figure class=\"wp-block-image size-full\"><img loading=\"lazy\" decoding=\"async\" width=\"768\" height=\"806\" src=\"https:\/\/www.salkantaytrilha.com\/blog\/wp-content\/uploads\/2025\/01\/casaca-v.webp\" alt=\"\" class=\"wp-image-2535\"\/><\/figure>\n<\/div>\n\n\n\n<div class=\"wp-block-column is-layout-flow wp-block-column-is-layout-flow\">\n<figure class=\"wp-block-image size-full\"><img loading=\"lazy\" decoding=\"async\" width=\"768\" height=\"806\" src=\"https:\/\/www.salkantaytrilha.com\/blog\/wp-content\/uploads\/2025\/01\/jackets-hiking.webp\" alt=\"\" class=\"wp-image-2536\"\/><\/figure>\n<\/div>\n<\/div>\n\n\n\n<h3 class=\"wp-block-heading\" id=\"h-2-jaqueta-impermeavel-capa-de-chuva\">2. Jaqueta imperme\u00e1vel (capa de chuva)<\/h3>\n\n\n\n<p>Uma <strong>jaqueta imperme\u00e1vel<\/strong> \u00e9 indispens\u00e1vel, j\u00e1 que garoas s\u00e3o comuns nos Andes durante todo o ano, embora na esta\u00e7\u00e3o seca a probabilidade seja menor. Essa pe\u00e7a ser\u00e1 sua principal prote\u00e7\u00e3o contra a chuva e o vento.<\/p>\n\n\n\n<ul class=\"wp-block-list\">\n<li><strong>Material recomendado:<\/strong> tecido imperme\u00e1vel e corta-vento, com costuras seladas e boa respirabilidade.<\/li>\n\n\n\n<li><strong>Cores:<\/strong> al\u00e9m dos tons neutros, considere cores fortes como vermelho, amarelo ou azul-claro, que aumentam a visibilidade em \u00e1reas com neblina ou chuva intensa.<\/li>\n\n\n\n<li><strong>Marcas sugeridas:<\/strong> Merrell, Columbia, Doite e Mountain Gear, reconhecidas pela qualidade dos materiais imperme\u00e1veis e pela durabilidade.<\/li>\n<\/ul>\n\n\n\n<div class=\"wp-block-columns is-layout-flex wp-container-core-columns-is-layout-9d6595d7 wp-block-columns-is-layout-flex\">\n<div class=\"wp-block-column is-layout-flow wp-block-column-is-layout-flow\">\n<figure class=\"wp-block-image size-full\"><img loading=\"lazy\" decoding=\"async\" width=\"768\" height=\"806\" src=\"https:\/\/www.salkantaytrilha.com\/blog\/wp-content\/uploads\/2025\/01\/casaca-rain-h.webp\" alt=\"\" class=\"wp-image-2537\"\/><\/figure>\n<\/div>\n\n\n\n<div class=\"wp-block-column is-layout-flow wp-block-column-is-layout-flow\">\n<figure class=\"wp-block-image size-full\"><img loading=\"lazy\" decoding=\"async\" width=\"768\" height=\"806\" src=\"https:\/\/www.salkantaytrilha.com\/blog\/wp-content\/uploads\/2025\/01\/lluvia-rain-rosado.webp\" alt=\"\" class=\"wp-image-2538\"\/><\/figure>\n<\/div>\n<\/div>\n\n\n\n<h3 class=\"wp-block-heading\" id=\"h-3-fleece-leve\">3. Fleece leve<\/h3>\n\n\n\n<p>O <strong>fleece leve<\/strong> funciona como camada intermedi\u00e1ria e ajuda a reter o calor corporal sem causar superaquecimento durante a caminhada.<\/p>\n\n\n\n<ul class=\"wp-block-list\">\n<li><strong>Material recomendado:<\/strong> fleece leve e respir\u00e1vel.<\/li>\n\n\n\n<li><strong>Cores:<\/strong> de prefer\u00eancia neutras ou que combinem com suas jaquetas, para manter um visual funcional e organizado.<\/li>\n\n\n\n<li><strong>Marcas sugeridas:<\/strong> The North Face e Columbia, pelo bom isolamento t\u00e9rmico e resist\u00eancia.<\/li>\n<\/ul>\n\n\n\n<div class=\"wp-block-columns is-layout-flex wp-container-core-columns-is-layout-9d6595d7 wp-block-columns-is-layout-flex\">\n<div class=\"wp-block-column is-layout-flow wp-block-column-is-layout-flow\">\n<figure class=\"wp-block-image size-full\"><img loading=\"lazy\" decoding=\"async\" width=\"768\" height=\"806\" src=\"https:\/\/www.salkantaytrilha.com\/blog\/wp-content\/uploads\/2025\/01\/varon-polar.webp\" alt=\"\" class=\"wp-image-2539\"\/><\/figure>\n<\/div>\n\n\n\n<div class=\"wp-block-column is-layout-flow wp-block-column-is-layout-flow\">\n<figure class=\"wp-block-image size-full\"><img loading=\"lazy\" decoding=\"async\" width=\"768\" height=\"806\" src=\"https:\/\/www.salkantaytrilha.com\/blog\/wp-content\/uploads\/2025\/01\/polar-mujer.webp\" alt=\"\" class=\"wp-image-2540\"\/><\/figure>\n<\/div>\n<\/div>\n\n\n\n<h3 class=\"wp-block-heading\" id=\"h-4-camisetas-de-manga-longa\">4. Camisetas de manga longa<\/h3>\n\n\n\n<p>Voc\u00ea vai precisar de <strong>pelo menos tr\u00eas camisetas de manga longa<\/strong>, que ser\u00e3o usadas como camada base. Elas s\u00e3o essenciais para regular a temperatura corporal e proteger do sol e da umidade.<\/p>\n\n\n\n<ul class=\"wp-block-list\">\n<li><strong>Material recomendado:<\/strong> poli\u00e9ster, elastano (spandex) ou misturas t\u00e9cnicas de secagem r\u00e1pida; evite algod\u00e3o.<\/li>\n\n\n\n<li><strong>Cores:<\/strong> tons lisos como preto, azul ou cores pastel, pois s\u00e3o pr\u00e1ticos e f\u00e1ceis de combinar.<\/li>\n\n\n\n<li><strong>Marcas sugeridas:<\/strong> The North Face e Columbia, pelos tecidos t\u00e9cnicos e costuras confort\u00e1veis que se ajustam ao corpo.<\/li>\n<\/ul>\n\n\n\n<div class=\"wp-block-columns is-layout-flex wp-container-core-columns-is-layout-9d6595d7 wp-block-columns-is-layout-flex\">\n<div class=\"wp-block-column is-layout-flow wp-block-column-is-layout-flow\">\n<figure class=\"wp-block-image size-full\"><img loading=\"lazy\" decoding=\"async\" width=\"882\" height=\"1024\" src=\"https:\/\/www.salkantaytrilha.com\/blog\/wp-content\/uploads\/2025\/01\/large-sleved-1-882x1024-1.webp\" alt=\"\" class=\"wp-image-2541\"\/><\/figure>\n<\/div>\n\n\n\n<div class=\"wp-block-column is-layout-flow wp-block-column-is-layout-flow\">\n<figure class=\"wp-block-image size-full\"><img loading=\"lazy\" decoding=\"async\" width=\"768\" height=\"806\" src=\"https:\/\/www.salkantaytrilha.com\/blog\/wp-content\/uploads\/2025\/01\/columbia-imagen-.webp\" alt=\"\" class=\"wp-image-2542\"\/><\/figure>\n<\/div>\n<\/div>\n\n\n\n<h3 class=\"wp-block-heading\" id=\"h-5-camisetas-de-manga-curta\">5. Camisetas de manga curta<\/h3>\n\n\n\n<p>As <strong>camisetas de manga curta<\/strong> s\u00e3o ideais para os trechos mais quentes da trilha e para troca de roupa durante o percurso.<\/p>\n\n\n\n<ul class=\"wp-block-list\">\n<li><strong>Material recomendado:<\/strong> poli\u00e9ster ou elastano, resistentes e de secagem r\u00e1pida.<\/li>\n\n\n\n<li><strong>Cores:<\/strong> \u00e0 escolha do viajante, priorizando pe\u00e7as que combinem com o restante do vestu\u00e1rio.<\/li>\n\n\n\n<li><strong>Marcas sugeridas:<\/strong> The North Face, Andina Outdoors e Lippi, pela durabilidade e conforto para trekking.<\/li>\n<\/ul>\n\n\n\n<div class=\"wp-block-columns is-layout-flex wp-container-core-columns-is-layout-9d6595d7 wp-block-columns-is-layout-flex\">\n<div class=\"wp-block-column is-layout-flow wp-block-column-is-layout-flow\">\n<figure class=\"wp-block-image size-full\"><img loading=\"lazy\" decoding=\"async\" width=\"882\" height=\"1024\" src=\"https:\/\/www.salkantaytrilha.com\/blog\/wp-content\/uploads\/2025\/01\/shirt-men-882x1024-1.webp\" alt=\"\" class=\"wp-image-2543\"\/><\/figure>\n<\/div>\n\n\n\n<div class=\"wp-block-column is-layout-flow wp-block-column-is-layout-flow\">\n<figure class=\"wp-block-image size-full\"><img loading=\"lazy\" decoding=\"async\" width=\"882\" height=\"1024\" src=\"https:\/\/www.salkantaytrilha.com\/blog\/wp-content\/uploads\/2025\/01\/shirt-wo-882x1024-1.jpeg\" alt=\"\" class=\"wp-image-2544\"\/><\/figure>\n<\/div>\n<\/div>\n\n\n\n<h3 class=\"wp-block-heading\" id=\"h-6-calcas-de-trekking\">6. Cal\u00e7as de trekking<\/h3>\n\n\n\n<p>Voc\u00ea vai precisar de <strong>uma ou duas cal\u00e7as de trekking<\/strong>, j\u00e1 que caminhar\u00e1 por v\u00e1rios dias e \u00e9 importante poder altern\u00e1-las.<\/p>\n\n\n\n<ul class=\"wp-block-list\">\n<li><strong>Material recomendado:<\/strong> tecidos leves, de secagem r\u00e1pida e, se poss\u00edvel, com repel\u00eancia \u00e0 \u00e1gua, como nylon ou poli\u00e9ster t\u00e9cnico com acabamento DWR \u2014 um tratamento que faz a \u00e1gua escorrer pelo tecido.<\/li>\n\n\n\n<li><strong>Cores:<\/strong> preto ou bege, f\u00e1ceis de combinar e mais resistentes \u00e0 sujeira.<\/li>\n\n\n\n<li><strong>Design:<\/strong> procure modelos confort\u00e1veis, com bolsos funcionais e bom ajuste ao corpo.<br><strong>Marcas sugeridas:<\/strong> The North Face e Merrell, pela qualidade dos materiais e ergonomia.<\/li>\n<\/ul>\n\n\n\n<div class=\"wp-block-columns is-layout-flex wp-container-core-columns-is-layout-9d6595d7 wp-block-columns-is-layout-flex\">\n<div class=\"wp-block-column is-layout-flow wp-block-column-is-layout-flow\">\n<figure class=\"wp-block-image size-full\"><img loading=\"lazy\" decoding=\"async\" width=\"768\" height=\"806\" src=\"https:\/\/www.salkantaytrilha.com\/blog\/wp-content\/uploads\/2025\/01\/pantss.jpeg\" alt=\"\" class=\"wp-image-2545\"\/><\/figure>\n<\/div>\n\n\n\n<div class=\"wp-block-column is-layout-flow wp-block-column-is-layout-flow\">\n<figure class=\"wp-block-image size-full\"><img loading=\"lazy\" decoding=\"async\" width=\"768\" height=\"806\" src=\"https:\/\/www.salkantaytrilha.com\/blog\/wp-content\/uploads\/2025\/01\/pants-mujer.webp\" alt=\"\" class=\"wp-image-2546\"\/><\/figure>\n<\/div>\n<\/div>\n\n\n\n<h3 class=\"wp-block-heading\" id=\"h-7-bermuda-de-trekking-opcional\">7. Bermuda de trekking (opcional)<\/h3>\n\n\n\n<p>A <strong>bermuda de trekking<\/strong> \u00e9 opcional e depende do seu conforto pessoal, mas pode ser \u00fatil em trechos mais quentes.<\/p>\n\n\n\n<ul class=\"wp-block-list\">\n<li><strong>Material recomendado:<\/strong> semelhante ao da cal\u00e7a de trekking, leve e respir\u00e1vel.<\/li>\n\n\n\n<li><strong>Cores:<\/strong> preto ou bege, para maior versatilidade.<\/li>\n\n\n\n<li><strong>Marcas sugeridas:<\/strong> Columbia e The North Face.<\/li>\n<\/ul>\n\n\n\n<div class=\"wp-block-columns is-layout-flex wp-container-core-columns-is-layout-9d6595d7 wp-block-columns-is-layout-flex\">\n<div class=\"wp-block-column is-layout-flow wp-block-column-is-layout-flow\">\n<figure class=\"wp-block-image size-full\"><img loading=\"lazy\" decoding=\"async\" width=\"600\" height=\"600\" src=\"https:\/\/www.salkantaytrilha.com\/blog\/wp-content\/uploads\/2025\/01\/short-varon-7-true-.webp\" alt=\"\" class=\"wp-image-2547\"\/><\/figure>\n<\/div>\n\n\n\n<div class=\"wp-block-column is-layout-flow wp-block-column-is-layout-flow\">\n<figure class=\"wp-block-image size-full\"><img loading=\"lazy\" decoding=\"async\" width=\"600\" height=\"600\" src=\"https:\/\/www.salkantaytrilha.com\/blog\/wp-content\/uploads\/2025\/01\/short-mujer-.webp\" alt=\"\" class=\"wp-image-2548\"\/><\/figure>\n<\/div>\n<\/div>\n\n\n\n<h3 class=\"wp-block-heading\" id=\"h-8-gorro-de-la-ou-chullo\">8. Gorro de l\u00e3 ou chullo<\/h3>\n\n\n\n<p>Um <strong>gorro de l\u00e3 ou chullo<\/strong> \u00e9 essencial para se proteger do frio, especialmente nos acampamentos e nas \u00e1reas mais altas do percurso.<\/p>\n\n\n\n<ul class=\"wp-block-list\">\n<li><strong>Material recomendado:<\/strong> l\u00e3 ou fibras t\u00e9rmicas que ajudem a conservar o calor.<\/li>\n\n\n\n<li><strong>Cores e design:<\/strong> livres, procurando combinar com o restante das roupas.<\/li>\n\n\n\n<li><strong>Marcas sugeridas:<\/strong> The North Face ou Quechua. Para chullos, qualquer marca artesanal peruana \u00e9 uma excelente op\u00e7\u00e3o.<\/li>\n<\/ul>\n\n\n\n<div class=\"wp-block-columns is-layout-flex wp-container-core-columns-is-layout-9d6595d7 wp-block-columns-is-layout-flex\">\n<div class=\"wp-block-column is-layout-flow wp-block-column-is-layout-flow\">\n<figure class=\"wp-block-image size-full\"><img loading=\"lazy\" decoding=\"async\" width=\"768\" height=\"806\" src=\"https:\/\/www.salkantaytrilha.com\/blog\/wp-content\/uploads\/2025\/01\/gooro-beige.webp\" alt=\"\" class=\"wp-image-2549\"\/><\/figure>\n<\/div>\n\n\n\n<div class=\"wp-block-column is-layout-flow wp-block-column-is-layout-flow\">\n<figure class=\"wp-block-image size-full\"><img loading=\"lazy\" decoding=\"async\" width=\"768\" height=\"806\" src=\"https:\/\/www.salkantaytrilha.com\/blog\/wp-content\/uploads\/2025\/01\/goorro-negro.webp\" alt=\"\" class=\"wp-image-2550\"\/><\/figure>\n<\/div>\n<\/div>\n\n\n\n<h3 class=\"wp-block-heading\" id=\"h-9-meias-longas-de-trekking\">9. Meias longas de trekking<\/h3>\n\n\n\n<p>Voc\u00ea vai precisar de <strong>pelo menos quatro pares de meias longas<\/strong>, fundamentais para o conforto e para a preven\u00e7\u00e3o de bolhas.<\/p>\n\n\n\n<ul class=\"wp-block-list\">\n<li><strong>Material recomendado:<\/strong> l\u00e3 merino ou tecidos sint\u00e9ticos t\u00e9cnicos, que absorvem a umidade e protegem os p\u00e9s.<\/li>\n\n\n\n<li><strong>Cores:<\/strong> b\u00e1sicas e funcionais.<\/li>\n\n\n\n<li><strong>Marcas sugeridas:<\/strong> Merrell, especialmente nos modelos t\u00e9rmicos.<\/li>\n<\/ul>\n\n\n\n<div class=\"wp-block-columns is-layout-flex wp-container-core-columns-is-layout-9d6595d7 wp-block-columns-is-layout-flex\">\n<div class=\"wp-block-column is-layout-flow wp-block-column-is-layout-flow\">\n<figure class=\"wp-block-image size-full\"><img loading=\"lazy\" decoding=\"async\" width=\"1024\" height=\"1024\" src=\"https:\/\/www.salkantaytrilha.com\/blog\/wp-content\/uploads\/2025\/01\/media-negra-1024x1024-1.jpeg\" alt=\"\" class=\"wp-image-2551\"\/><\/figure>\n<\/div>\n\n\n\n<div class=\"wp-block-column is-layout-flow wp-block-column-is-layout-flow\">\n<figure class=\"wp-block-image size-full\"><img loading=\"lazy\" decoding=\"async\" width=\"1024\" height=\"1024\" src=\"https:\/\/www.salkantaytrilha.com\/blog\/wp-content\/uploads\/2025\/01\/media-roja-1024x1024-1.jpeg\" alt=\"\" class=\"wp-image-2552\"\/><\/figure>\n<\/div>\n<\/div>\n\n\n\n<h3 class=\"wp-block-heading\" id=\"h-10-roupa-intima\">10. Roupa \u00edntima<\/h3>\n\n\n\n<p>Leve <strong>no m\u00ednimo quatro pe\u00e7as de roupa \u00edntima<\/strong>, uma para cada dia de caminhada.<\/p>\n\n\n\n<ul class=\"wp-block-list\">\n<li><strong>Material recomendado:<\/strong> fibras sint\u00e9ticas ou tecidos de secagem r\u00e1pida.<\/li>\n\n\n\n<li><strong>Design e marca:<\/strong> de livre escolha, priorizando conforto e respirabilidade.<\/li>\n<\/ul>\n\n\n\n<div class=\"wp-block-columns is-layout-flex wp-container-core-columns-is-layout-9d6595d7 wp-block-columns-is-layout-flex\">\n<div class=\"wp-block-column is-layout-flow wp-block-column-is-layout-flow\">\n<figure class=\"wp-block-image size-full\"><img loading=\"lazy\" decoding=\"async\" width=\"600\" height=\"600\" src=\"https:\/\/www.salkantaytrilha.com\/blog\/wp-content\/uploads\/2025\/01\/ropa-de-hombre-interior-.webp\" alt=\"\" class=\"wp-image-2553\"\/><\/figure>\n<\/div>\n\n\n\n<div class=\"wp-block-column is-layout-flow wp-block-column-is-layout-flow\">\n<figure class=\"wp-block-image size-full\"><img loading=\"lazy\" decoding=\"async\" width=\"600\" height=\"600\" src=\"https:\/\/www.salkantaytrilha.com\/blog\/wp-content\/uploads\/2025\/01\/ropa-interior-mujer-.webp\" alt=\"\" class=\"wp-image-2554\"\/><\/figure>\n<\/div>\n<\/div>\n\n\n\n<h3 class=\"wp-block-heading\" id=\"h-11-chapeu-ou-bone\">11. Chap\u00e9u ou bon\u00e9<\/h3>\n\n\n\n<p>Um <strong>chap\u00e9u ou bon\u00e9<\/strong> \u00e9 essencial para proteger do sol e das varia\u00e7\u00f5es clim\u00e1ticas ao longo do dia.<\/p>\n\n\n\n<ul class=\"wp-block-list\">\n<li><strong>Material recomendado:<\/strong> leve, respir\u00e1vel e com prote\u00e7\u00e3o solar.<\/li>\n\n\n\n<li><strong>Cores e design:<\/strong> livres, embora cores claras ajudem a refletir o sol.<\/li>\n\n\n\n<li><strong>Marcas sugeridas:<\/strong> The North Face, Columbia e Andean Gears.<\/li>\n<\/ul>\n\n\n\n<div class=\"wp-block-columns is-layout-flex wp-container-core-columns-is-layout-9d6595d7 wp-block-columns-is-layout-flex\">\n<div class=\"wp-block-column is-layout-flow wp-block-column-is-layout-flow\">\n<figure class=\"wp-block-image size-full\"><img loading=\"lazy\" decoding=\"async\" width=\"882\" height=\"1024\" src=\"https:\/\/www.salkantaytrilha.com\/blog\/wp-content\/uploads\/2025\/01\/hat-nrgro-882x1024-1.jpeg\" alt=\"\" class=\"wp-image-2555\"\/><\/figure>\n<\/div>\n\n\n\n<div class=\"wp-block-column is-layout-flow wp-block-column-is-layout-flow\">\n<figure class=\"wp-block-image size-full\"><img loading=\"lazy\" decoding=\"async\" width=\"882\" height=\"1024\" src=\"https:\/\/www.salkantaytrilha.com\/blog\/wp-content\/uploads\/2025\/01\/hat-882x1024-1.jpeg\" alt=\"\" class=\"wp-image-2556\"\/><\/figure>\n<\/div>\n<\/div>\n\n\n\n<h3 class=\"wp-block-heading\" id=\"h-12-calcados-de-trekking\">12. Cal\u00e7ados de trekking<\/h3>\n\n\n\n<p>Voc\u00ea vai precisar de <strong>bons cal\u00e7ados de trekking<\/strong>, j\u00e1 que caminhar\u00e1 por v\u00e1rios dias em terreno irregular, com trechos de pedra, degraus e \u00e1reas \u00famidas.<\/p>\n\n\n\n<ul class=\"wp-block-list\">\n<li><strong>Material recomendado:<\/strong> couro sint\u00e9tico ou malha t\u00e9cnica combinada com materiais imperme\u00e1veis ou resistentes \u00e0 \u00e1gua, como membranas do tipo Gore-Tex ou similares, que mantenham os p\u00e9s secos sem comprometer a respirabilidade.<\/li>\n\n\n\n<li><strong>Sola:<\/strong> solados com boa ader\u00eancia (Vibram ou outras solas t\u00e9cnicas), que ofere\u00e7am tra\u00e7\u00e3o em pedra molhada, terra e degraus incas.<\/li>\n\n\n\n<li><strong>Ajuste e suporte:<\/strong> procure modelos confort\u00e1veis, com bom suporte para o tornozelo e amortecimento adequado para longas caminhadas com mochila.<\/li>\n\n\n\n<li><strong>Cores:<\/strong> tons escuros ou neutros, como preto, cinza ou marrom, mais resistentes \u00e0 sujeira e f\u00e1ceis de combinar.<\/li>\n\n\n\n<li><strong>Marcas sugeridas:<\/strong> Salomon, Merrell e The North Face, reconhecidas pelo conforto, durabilidade e \u00f3timo desempenho em trekking.<\/li>\n<\/ul>\n\n\n\n<figure class=\"wp-block-image size-large\"><img loading=\"lazy\" decoding=\"async\" width=\"1024\" height=\"683\" src=\"https:\/\/www.salkantaytrilha.com\/blog\/wp-content\/uploads\/2025\/08\/Sapatos-ou-botas-antiderrapantes-caminhadas-1024x683.jpg\" alt=\"Sapatos ou botas antiderrapantes para caminhadas\" class=\"wp-image-4355\"\/><figcaption class=\"wp-element-caption\">Sapatos ou botas antiderrapantes para caminhadas<\/figcaption><\/figure>\n\n\n\n<h3 class=\"wp-block-heading\" id=\"h-looks-e-combinacoes\">Looks e combina\u00e7\u00f5es<\/h3>\n\n\n\n<p>As novas tend\u00eancias para <strong>trilhas, trekking e atividades outdoor em 2026<\/strong> apostam em tons pastel e cores terrosas, que v\u00eam acompanhando exploradores ao redor do mundo.<\/p>\n\n\n\n<p>Marcas como Columbia, Merrell e The North Face t\u00eam inovado tanto nos designs quanto nas paletas de cores, oferecendo mais op\u00e7\u00f5es para montar <strong>looks confort\u00e1veis e estilosos<\/strong> para essa aventura.<\/p>\n\n\n\n<p class=\"orange\"><strong>Dica do viajante:<\/strong> Se voc\u00ea quiser conferir a lista completa de equipamentos e acess\u00f3rios necess\u00e1rios para a Trilha Inca, consulte nossa <a href=\"https:\/\/www.salkantaytrilha.com\/informacoes-viagem\/lista-embalagem-trilha-inca\/\"><strong>lista de bagagem atualizada<\/strong><\/a> e certifique-se de ter tudo pronto para a caminhada.<strong>\u00a0<\/strong><\/p>\n\n\n\n<h2 class=\"wp-block-heading\" id=\"h-dicas-finais-de-quem-conhece-o-terreno\">Dicas finais de quem conhece o terreno<\/h2>\n\n\n\n<ul class=\"wp-block-list\">\n<li>Evite roupas de algod\u00e3o: elas n\u00e3o secam r\u00e1pido e causam desconforto durante a caminhada.<\/li>\n\n\n\n<li>N\u00e3o leve jaquetas ou cal\u00e7as pesadas; elas s\u00f3 aumentam o peso e limitam seus movimentos.<\/li>\n\n\n\n<li>Use t\u00eanis ou botas de trekking com boa ader\u00eancia e suporte, pois o terreno \u00e9 irregular.<\/li>\n\n\n\n<li>N\u00e3o estreie roupas ou cal\u00e7ados no Caminho Inca; teste tudo antes para evitar assaduras.<\/li>\n\n\n\n<li>Leve sempre uma troca completa de roupa \u00edntima e meias secas.<\/li>\n\n\n\n<li>Uma bandana \u00e9 indispens\u00e1vel: protege do frio, do sol e da umidade, al\u00e9m de ter v\u00e1rios usos.<\/li>\n\n\n\n<li>Evite levar coisas demais; esse \u00e9 um erro comum, especialmente entre iniciantes.<\/li>\n\n\n\n<li>Teste suas meias junto com as botas antes da viagem para garantir um bom ajuste.<\/li>\n\n\n\n<li>Guarde todas as roupas em sacos imperme\u00e1veis, mesmo na esta\u00e7\u00e3o seca.<\/li>\n\n\n\n<li>Organize a mochila para ter f\u00e1cil acesso \u00e0s pe\u00e7as que voc\u00ea precisar\u00e1 trocar com mais frequ\u00eancia.<\/li>\n<\/ul>\n\n\n\n<div class=\"wp-block-columns is-layout-flex wp-container-core-columns-is-layout-9d6595d7 wp-block-columns-is-layout-flex\">\n<div class=\"wp-block-column is-layout-flow wp-block-column-is-layout-flow\">\n<figure class=\"wp-block-image size-full\"><img loading=\"lazy\" decoding=\"async\" width=\"800\" height=\"1000\" src=\"https:\/\/www.salkantaytrilha.com\/blog\/wp-content\/uploads\/2026\/01\/zapatillas-trekking.jpg\" alt=\"Homem com t\u00eanis de trekking\" class=\"wp-image-5126\"\/><figcaption class=\"wp-element-caption\">T\u00eanis de trekking<\/figcaption><\/figure>\n<\/div>\n\n\n\n<div class=\"wp-block-column is-layout-flow wp-block-column-is-layout-flow\">\n<figure class=\"wp-block-image size-large\"><img loading=\"lazy\" decoding=\"async\" width=\"819\" height=\"1024\" src=\"https:\/\/www.salkantaytrilha.com\/blog\/wp-content\/uploads\/2025\/01\/como-se-vestir-na-trilha-inca-819x1024.webp\" alt=\"Como se vestir na Trilha Inca\" class=\"wp-image-5217\"\/><figcaption class=\"wp-element-caption\">Como se vestir na Trilha Inca<\/figcaption><\/figure>\n<\/div>\n<\/div>\n\n\n\n<h2 class=\"wp-block-heading\" id=\"h-perguntas-frequentes\">Perguntas frequentes<\/h2>\n\n\n\n<h3 class=\"wp-block-heading\" id=\"h-quais-calcados-usar-no-caminho-inca\">Quais cal\u00e7ados usar no Caminho Inca?<\/h3>\n\n\n\n<p>Use t\u00eanis ou botas de trekking com boa ader\u00eancia, suporte para o tornozelo e que j\u00e1 tenham sido usados antes. Eles devem ser confort\u00e1veis, resistentes e combinados com meias de trekking para evitar bolhas durante os v\u00e1rios dias de caminhada.<\/p>\n\n\n\n<h3 class=\"wp-block-heading\" id=\"h-o-que-usar-no-caminho-inca-na-temporada-de-chuvas\">O que usar no Caminho Inca na temporada de chuvas?<\/h3>\n\n\n\n<p>Leve roupas em camadas, camisetas de secagem r\u00e1pida, jaqueta imperme\u00e1vel, cal\u00e7a de trekking e meias extras. Evite algod\u00e3o e guarde suas roupas em sacos imperme\u00e1veis para mant\u00ea-las secas e confort\u00e1veis.<\/p>\n\n\n\n<h3 class=\"wp-block-heading\" id=\"h-o-que-usar-no-caminho-inca-na-temporada-seca\">O que usar no Caminho Inca na temporada seca?<\/h3>\n\n\n\n<p>Use roupas leves e respir\u00e1veis, camisetas de secagem r\u00e1pida, cal\u00e7as de trekking e prote\u00e7\u00e3o solar. Mesmo com sol, leve uma jaqueta corta-vento para as manh\u00e3s frias e as noites no acampamento.<\/p>\n\n\n\n<h2 class=\"wp-block-heading\" id=\"h-conclusao\">Conclus\u00e3o<\/h2>\n\n\n\n<p>Preparar bem suas roupas faz toda a diferen\u00e7a no Caminho Inca. Com as camadas certas, o cal\u00e7ado adequado e uma mochila bem organizada, voc\u00ea conseguir\u00e1 se adaptar ao clima e focar no que realmente importa: <strong>aproveitar a caminhada e cada paisagem do percurso<\/strong>.<\/p>\n\n\n\n<p>Se voc\u00ea quer viver essa experi\u00eancia sem imprevistos, contar com uma equipe que conhece a rota \u00e9 fundamental. Na <strong>Salkantay Trekking<\/strong>, oferecemos servi\u00e7os personalizados para percorrer o <a href=\"https:\/\/www.salkantaytrilha.com\/trilhas-peru\/trilha-inca\/\"><strong>Trilha Inca<\/strong><\/a> com seguran\u00e7a, conforto e a tranquilidade de estar em boas m\u00e3os.<\/p>\n\n\n\n<figure class=\"wp-block-image size-large\"><img loading=\"lazy\" decoding=\"async\" width=\"1024\" height=\"576\" src=\"https:\/\/www.salkantaytrilha.com\/blog\/wp-content\/uploads\/2025\/01\/trilha-inca-na-estacao-seca-1024x576.webp\" alt=\"Trilha inca na esta\u00e7\u00e3o seca\" class=\"wp-image-5214\"\/><figcaption class=\"wp-element-caption\">Aproveite a Trilha Inca<\/figcaption><\/figure>\n\n\n\n<ul class=\"wp-block-list lang\">\n<li class=\"en\"><a href=\"https:\/\/www.salkantaytrekking.com\/blog\/what-to-wear-fo-the-inca-trail-in-2024\/\">EN<\/a><\/li>\n\n\n\n<li class=\"es\"><a href=\"https:\/\/www.caminosalkantay.com\/blog\/que-ropa-usar-para-camino-inca-este-2024\/\">ES<\/a><\/li>\n<\/ul>\n\n\n\n<p><\/p>\n","protected":false},"excerpt":{"rendered":"<p>O Caminho Inca tem aproximadamente 44 quil\u00f4metros (27 milhas) e atravessa pelo menos tr\u00eas tipos de microclimas, que v\u00e3o desde \u00e1reas frias de alta altitude at\u00e9 florestas quentes e \u00famidas. Essas mudan\u00e7as s\u00e3o sentidas dia ap\u00f3s dia, por isso escolher [&hellip;]<\/p>\n","protected":false},"author":1,"featured_media":5214,"comment_status":"open","ping_status":"open","sticky":false,"template":"","format":"standard","meta":{"footnotes":""},"categories":[1],"tags":[261,801,803,804],"class_list":["post-2530","post","type-post","status-publish","format-standard","has-post-thumbnail","hentry","category-sem-categoria","tag-caminho-inca","tag-caminho-inca-2025","tag-que-ropa-devo-usar","tag-roupa-para-caminho-inca"],"yoast_head":"<!-- This site is optimized with the Yoast SEO Premium plugin v27.4 (Yoast SEO v27.4) - https:\/\/yoast.com\/product\/yoast-seo-premium-wordpress\/ -->\n<title>Que roupa usar para o Caminho Inca?<\/title>\n<meta name=\"description\" content=\"Descubra como se preparar para o Caminho Inca com as melhores dicas de vestu\u00e1rio e camadas para cada clima.\" \/>\n<meta name=\"robots\" content=\"index, follow, max-snippet:-1, max-image-preview:large, max-video-preview:-1\" \/>\n<link rel=\"canonical\" href=\"https:\/\/www.salkantaytrilha.com\/blog\/que-roupa-usar-para-o-caminho-inca\/\" \/>\n<meta property=\"og:locale\" content=\"pt_BR\" \/>\n<meta property=\"og:type\" content=\"article\" \/>\n<meta property=\"og:title\" content=\"Que roupa usar para o Caminho Inca?\" \/>\n<meta property=\"og:description\" content=\"Descubra como se preparar para o Caminho Inca com as melhores dicas de vestu\u00e1rio e camadas para cada clima.\" \/>\n<meta property=\"og:url\" content=\"https:\/\/www.salkantaytrilha.com\/blog\/que-roupa-usar-para-o-caminho-inca\/\" \/>\n<meta property=\"og:site_name\" content=\"informa\u00e7\u00f5es de viagens\" \/>\n<meta property=\"article:publisher\" content=\"https:\/\/www.facebook.com\/SalkantayTrekking\/\" \/>\n<meta property=\"article:published_time\" content=\"2026-02-04T12:00:00+00:00\" \/>\n<meta property=\"article:modified_time\" content=\"2026-03-02T15:01:37+00:00\" \/>\n<meta property=\"og:image\" content=\"https:\/\/www.salkantaytrilha.com\/blog\/wp-content\/uploads\/2025\/01\/trilha-inca-na-estacao-seca.webp\" \/>\n\t<meta property=\"og:image:width\" content=\"1280\" \/>\n\t<meta property=\"og:image:height\" content=\"720\" \/>\n\t<meta property=\"og:image:type\" content=\"image\/webp\" \/>\n<meta name=\"author\" content=\"Trilha Salkantay\" \/>\n<meta name=\"twitter:card\" content=\"summary_large_image\" \/>\n<meta name=\"twitter:creator\" content=\"@salkantayperu\" \/>\n<meta name=\"twitter:site\" content=\"@salkantayperu\" \/>\n<meta name=\"twitter:label1\" content=\"Escrito por\" \/>\n\t<meta name=\"twitter:data1\" content=\"Trilha Salkantay\" \/>\n\t<meta name=\"twitter:label2\" content=\"Est. tempo de leitura\" \/>\n\t<meta name=\"twitter:data2\" content=\"18 minutos\" \/>\n<script type=\"application\/ld+json\" class=\"yoast-schema-graph\">{\"@context\":\"https:\\\/\\\/schema.org\",\"@graph\":[{\"@type\":\"Article\",\"@id\":\"https:\\\/\\\/www.salkantaytrilha.com\\\/blog\\\/que-roupa-usar-para-o-caminho-inca\\\/#article\",\"isPartOf\":{\"@id\":\"https:\\\/\\\/www.salkantaytrilha.com\\\/blog\\\/que-roupa-usar-para-o-caminho-inca\\\/\"},\"author\":{\"name\":\"Trilha Salkantay\",\"@id\":\"https:\\\/\\\/www.salkantaytrilha.com\\\/blog\\\/#\\\/schema\\\/person\\\/aa0e6175beac59e6519e5407b3d13d0d\"},\"headline\":\"Que roupa usar para o Caminho Inca?\",\"datePublished\":\"2026-02-04T12:00:00+00:00\",\"dateModified\":\"2026-03-02T15:01:37+00:00\",\"mainEntityOfPage\":{\"@id\":\"https:\\\/\\\/www.salkantaytrilha.com\\\/blog\\\/que-roupa-usar-para-o-caminho-inca\\\/\"},\"wordCount\":2197,\"commentCount\":0,\"publisher\":{\"@id\":\"https:\\\/\\\/www.salkantaytrilha.com\\\/blog\\\/#organization\"},\"image\":{\"@id\":\"https:\\\/\\\/www.salkantaytrilha.com\\\/blog\\\/que-roupa-usar-para-o-caminho-inca\\\/#primaryimage\"},\"thumbnailUrl\":\"https:\\\/\\\/www.salkantaytrilha.com\\\/blog\\\/wp-content\\\/uploads\\\/2025\\\/01\\\/trilha-inca-na-estacao-seca.webp\",\"keywords\":[\"Caminho Inca\",\"Caminho Inca 2025\",\"Que ropa devo usar\",\"roupa para Caminho Inca\"],\"inLanguage\":\"pt-BR\",\"potentialAction\":[{\"@type\":\"CommentAction\",\"name\":\"Comment\",\"target\":[\"https:\\\/\\\/www.salkantaytrilha.com\\\/blog\\\/que-roupa-usar-para-o-caminho-inca\\\/#respond\"]}]},{\"@type\":\"WebPage\",\"@id\":\"https:\\\/\\\/www.salkantaytrilha.com\\\/blog\\\/que-roupa-usar-para-o-caminho-inca\\\/\",\"url\":\"https:\\\/\\\/www.salkantaytrilha.com\\\/blog\\\/que-roupa-usar-para-o-caminho-inca\\\/\",\"name\":\"Que roupa usar para o Caminho Inca?\",\"isPartOf\":{\"@id\":\"https:\\\/\\\/www.salkantaytrilha.com\\\/blog\\\/#website\"},\"primaryImageOfPage\":{\"@id\":\"https:\\\/\\\/www.salkantaytrilha.com\\\/blog\\\/que-roupa-usar-para-o-caminho-inca\\\/#primaryimage\"},\"image\":{\"@id\":\"https:\\\/\\\/www.salkantaytrilha.com\\\/blog\\\/que-roupa-usar-para-o-caminho-inca\\\/#primaryimage\"},\"thumbnailUrl\":\"https:\\\/\\\/www.salkantaytrilha.com\\\/blog\\\/wp-content\\\/uploads\\\/2025\\\/01\\\/trilha-inca-na-estacao-seca.webp\",\"datePublished\":\"2026-02-04T12:00:00+00:00\",\"dateModified\":\"2026-03-02T15:01:37+00:00\",\"description\":\"Descubra como se preparar para o Caminho Inca com as melhores dicas de vestu\u00e1rio e camadas para cada clima.\",\"breadcrumb\":{\"@id\":\"https:\\\/\\\/www.salkantaytrilha.com\\\/blog\\\/que-roupa-usar-para-o-caminho-inca\\\/#breadcrumb\"},\"inLanguage\":\"pt-BR\",\"potentialAction\":[{\"@type\":\"ReadAction\",\"target\":[\"https:\\\/\\\/www.salkantaytrilha.com\\\/blog\\\/que-roupa-usar-para-o-caminho-inca\\\/\"]}]},{\"@type\":\"ImageObject\",\"inLanguage\":\"pt-BR\",\"@id\":\"https:\\\/\\\/www.salkantaytrilha.com\\\/blog\\\/que-roupa-usar-para-o-caminho-inca\\\/#primaryimage\",\"url\":\"https:\\\/\\\/www.salkantaytrilha.com\\\/blog\\\/wp-content\\\/uploads\\\/2025\\\/01\\\/trilha-inca-na-estacao-seca.webp\",\"contentUrl\":\"https:\\\/\\\/www.salkantaytrilha.com\\\/blog\\\/wp-content\\\/uploads\\\/2025\\\/01\\\/trilha-inca-na-estacao-seca.webp\",\"width\":1280,\"height\":720,\"caption\":\"Trilha inca na esta\u00e7\u00e3o seca\"},{\"@type\":\"BreadcrumbList\",\"@id\":\"https:\\\/\\\/www.salkantaytrilha.com\\\/blog\\\/que-roupa-usar-para-o-caminho-inca\\\/#breadcrumb\",\"itemListElement\":[{\"@type\":\"ListItem\",\"position\":1,\"name\":\"In\u00edcio\",\"item\":\"https:\\\/\\\/www.salkantaytrilha.com\\\/blog\\\/\"},{\"@type\":\"ListItem\",\"position\":2,\"name\":\"Que roupa usar para o Caminho Inca?\"}]},{\"@type\":\"WebSite\",\"@id\":\"https:\\\/\\\/www.salkantaytrilha.com\\\/blog\\\/#website\",\"url\":\"https:\\\/\\\/www.salkantaytrilha.com\\\/blog\\\/\",\"name\":\"informa\u00e7\u00f5es de viagens a Machu Picchu\",\"description\":\"\",\"publisher\":{\"@id\":\"https:\\\/\\\/www.salkantaytrilha.com\\\/blog\\\/#organization\"},\"potentialAction\":[{\"@type\":\"SearchAction\",\"target\":{\"@type\":\"EntryPoint\",\"urlTemplate\":\"https:\\\/\\\/www.salkantaytrilha.com\\\/blog\\\/?s={search_term_string}\"},\"query-input\":{\"@type\":\"PropertyValueSpecification\",\"valueRequired\":true,\"valueName\":\"search_term_string\"}}],\"inLanguage\":\"pt-BR\"},{\"@type\":\"Organization\",\"@id\":\"https:\\\/\\\/www.salkantaytrilha.com\\\/blog\\\/#organization\",\"name\":\"informa\u00e7\u00f5es de viagens a Machu Picchu\",\"url\":\"https:\\\/\\\/www.salkantaytrilha.com\\\/blog\\\/\",\"logo\":{\"@type\":\"ImageObject\",\"inLanguage\":\"pt-BR\",\"@id\":\"https:\\\/\\\/www.salkantaytrilha.com\\\/blog\\\/#\\\/schema\\\/logo\\\/image\\\/\",\"url\":\"https:\\\/\\\/www.salkantaytrilha.com\\\/blog\\\/wp-content\\\/uploads\\\/2024\\\/05\\\/salkantaytrekking-new-300x128-1.png\",\"contentUrl\":\"https:\\\/\\\/www.salkantaytrilha.com\\\/blog\\\/wp-content\\\/uploads\\\/2024\\\/05\\\/salkantaytrekking-new-300x128-1.png\",\"width\":300,\"height\":128,\"caption\":\"informa\u00e7\u00f5es de viagens a Machu Picchu\"},\"image\":{\"@id\":\"https:\\\/\\\/www.salkantaytrilha.com\\\/blog\\\/#\\\/schema\\\/logo\\\/image\\\/\"},\"sameAs\":[\"https:\\\/\\\/www.facebook.com\\\/SalkantayTrekking\\\/\",\"https:\\\/\\\/x.com\\\/salkantayperu\",\"https:\\\/\\\/www.pinterest.com\\\/salkantaytrekking\\\/\",\"https:\\\/\\\/www.instagram.com\\\/salkantaytrekking\\\/\",\"https:\\\/\\\/www.youtube.com\\\/user\\\/salkantaytrekking\",\"https:\\\/\\\/www.tiktok.com\\\/@salkantaytrekking\"]},{\"@type\":\"Person\",\"@id\":\"https:\\\/\\\/www.salkantaytrilha.com\\\/blog\\\/#\\\/schema\\\/person\\\/aa0e6175beac59e6519e5407b3d13d0d\",\"name\":\"Trilha Salkantay\",\"image\":{\"@type\":\"ImageObject\",\"inLanguage\":\"pt-BR\",\"@id\":\"https:\\\/\\\/secure.gravatar.com\\\/avatar\\\/b41678a33c57a2bf0032b7c254611fc97caffd94ade0663405b364d1c0177d1d?s=96&d=mm&r=g\",\"url\":\"https:\\\/\\\/secure.gravatar.com\\\/avatar\\\/b41678a33c57a2bf0032b7c254611fc97caffd94ade0663405b364d1c0177d1d?s=96&d=mm&r=g\",\"contentUrl\":\"https:\\\/\\\/secure.gravatar.com\\\/avatar\\\/b41678a33c57a2bf0032b7c254611fc97caffd94ade0663405b364d1c0177d1d?s=96&d=mm&r=g\",\"caption\":\"Trilha Salkantay\"},\"sameAs\":[\"https:\\\/\\\/www.salkantaytrilha.com\\\/blog\"]}]}<\/script>\n<!-- \/ Yoast SEO Premium plugin. -->","yoast_head_json":{"title":"Que roupa usar para o Caminho Inca?","description":"Descubra como se preparar para o Caminho Inca com as melhores dicas de vestu\u00e1rio e camadas para cada clima.","robots":{"index":"index","follow":"follow","max-snippet":"max-snippet:-1","max-image-preview":"max-image-preview:large","max-video-preview":"max-video-preview:-1"},"canonical":"https:\/\/www.salkantaytrilha.com\/blog\/que-roupa-usar-para-o-caminho-inca\/","og_locale":"pt_BR","og_type":"article","og_title":"Que roupa usar para o Caminho Inca?","og_description":"Descubra como se preparar para o Caminho Inca com as melhores dicas de vestu\u00e1rio e camadas para cada clima.","og_url":"https:\/\/www.salkantaytrilha.com\/blog\/que-roupa-usar-para-o-caminho-inca\/","og_site_name":"informa\u00e7\u00f5es de viagens","article_publisher":"https:\/\/www.facebook.com\/SalkantayTrekking\/","article_published_time":"2026-02-04T12:00:00+00:00","article_modified_time":"2026-03-02T15:01:37+00:00","og_image":[{"width":1280,"height":720,"url":"https:\/\/www.salkantaytrilha.com\/blog\/wp-content\/uploads\/2025\/01\/trilha-inca-na-estacao-seca.webp","type":"image\/webp"}],"author":"Trilha Salkantay","twitter_card":"summary_large_image","twitter_creator":"@salkantayperu","twitter_site":"@salkantayperu","twitter_misc":{"Escrito por":"Trilha Salkantay","Est. tempo de leitura":"18 minutos"},"schema":{"@context":"https:\/\/schema.org","@graph":[{"@type":"Article","@id":"https:\/\/www.salkantaytrilha.com\/blog\/que-roupa-usar-para-o-caminho-inca\/#article","isPartOf":{"@id":"https:\/\/www.salkantaytrilha.com\/blog\/que-roupa-usar-para-o-caminho-inca\/"},"author":{"name":"Trilha Salkantay","@id":"https:\/\/www.salkantaytrilha.com\/blog\/#\/schema\/person\/aa0e6175beac59e6519e5407b3d13d0d"},"headline":"Que roupa usar para o Caminho Inca?","datePublished":"2026-02-04T12:00:00+00:00","dateModified":"2026-03-02T15:01:37+00:00","mainEntityOfPage":{"@id":"https:\/\/www.salkantaytrilha.com\/blog\/que-roupa-usar-para-o-caminho-inca\/"},"wordCount":2197,"commentCount":0,"publisher":{"@id":"https:\/\/www.salkantaytrilha.com\/blog\/#organization"},"image":{"@id":"https:\/\/www.salkantaytrilha.com\/blog\/que-roupa-usar-para-o-caminho-inca\/#primaryimage"},"thumbnailUrl":"https:\/\/www.salkantaytrilha.com\/blog\/wp-content\/uploads\/2025\/01\/trilha-inca-na-estacao-seca.webp","keywords":["Caminho Inca","Caminho Inca 2025","Que ropa devo usar","roupa para Caminho Inca"],"inLanguage":"pt-BR","potentialAction":[{"@type":"CommentAction","name":"Comment","target":["https:\/\/www.salkantaytrilha.com\/blog\/que-roupa-usar-para-o-caminho-inca\/#respond"]}]},{"@type":"WebPage","@id":"https:\/\/www.salkantaytrilha.com\/blog\/que-roupa-usar-para-o-caminho-inca\/","url":"https:\/\/www.salkantaytrilha.com\/blog\/que-roupa-usar-para-o-caminho-inca\/","name":"Que roupa usar para o Caminho Inca?","isPartOf":{"@id":"https:\/\/www.salkantaytrilha.com\/blog\/#website"},"primaryImageOfPage":{"@id":"https:\/\/www.salkantaytrilha.com\/blog\/que-roupa-usar-para-o-caminho-inca\/#primaryimage"},"image":{"@id":"https:\/\/www.salkantaytrilha.com\/blog\/que-roupa-usar-para-o-caminho-inca\/#primaryimage"},"thumbnailUrl":"https:\/\/www.salkantaytrilha.com\/blog\/wp-content\/uploads\/2025\/01\/trilha-inca-na-estacao-seca.webp","datePublished":"2026-02-04T12:00:00+00:00","dateModified":"2026-03-02T15:01:37+00:00","description":"Descubra como se preparar para o Caminho Inca com as melhores dicas de vestu\u00e1rio e camadas para cada clima.","breadcrumb":{"@id":"https:\/\/www.salkantaytrilha.com\/blog\/que-roupa-usar-para-o-caminho-inca\/#breadcrumb"},"inLanguage":"pt-BR","potentialAction":[{"@type":"ReadAction","target":["https:\/\/www.salkantaytrilha.com\/blog\/que-roupa-usar-para-o-caminho-inca\/"]}]},{"@type":"ImageObject","inLanguage":"pt-BR","@id":"https:\/\/www.salkantaytrilha.com\/blog\/que-roupa-usar-para-o-caminho-inca\/#primaryimage","url":"https:\/\/www.salkantaytrilha.com\/blog\/wp-content\/uploads\/2025\/01\/trilha-inca-na-estacao-seca.webp","contentUrl":"https:\/\/www.salkantaytrilha.com\/blog\/wp-content\/uploads\/2025\/01\/trilha-inca-na-estacao-seca.webp","width":1280,"height":720,"caption":"Trilha inca na esta\u00e7\u00e3o seca"},{"@type":"BreadcrumbList","@id":"https:\/\/www.salkantaytrilha.com\/blog\/que-roupa-usar-para-o-caminho-inca\/#breadcrumb","itemListElement":[{"@type":"ListItem","position":1,"name":"In\u00edcio","item":"https:\/\/www.salkantaytrilha.com\/blog\/"},{"@type":"ListItem","position":2,"name":"Que roupa usar para o Caminho Inca?"}]},{"@type":"WebSite","@id":"https:\/\/www.salkantaytrilha.com\/blog\/#website","url":"https:\/\/www.salkantaytrilha.com\/blog\/","name":"informa\u00e7\u00f5es de viagens a Machu Picchu","description":"","publisher":{"@id":"https:\/\/www.salkantaytrilha.com\/blog\/#organization"},"potentialAction":[{"@type":"SearchAction","target":{"@type":"EntryPoint","urlTemplate":"https:\/\/www.salkantaytrilha.com\/blog\/?s={search_term_string}"},"query-input":{"@type":"PropertyValueSpecification","valueRequired":true,"valueName":"search_term_string"}}],"inLanguage":"pt-BR"},{"@type":"Organization","@id":"https:\/\/www.salkantaytrilha.com\/blog\/#organization","name":"informa\u00e7\u00f5es de viagens a Machu Picchu","url":"https:\/\/www.salkantaytrilha.com\/blog\/","logo":{"@type":"ImageObject","inLanguage":"pt-BR","@id":"https:\/\/www.salkantaytrilha.com\/blog\/#\/schema\/logo\/image\/","url":"https:\/\/www.salkantaytrilha.com\/blog\/wp-content\/uploads\/2024\/05\/salkantaytrekking-new-300x128-1.png","contentUrl":"https:\/\/www.salkantaytrilha.com\/blog\/wp-content\/uploads\/2024\/05\/salkantaytrekking-new-300x128-1.png","width":300,"height":128,"caption":"informa\u00e7\u00f5es de viagens a Machu Picchu"},"image":{"@id":"https:\/\/www.salkantaytrilha.com\/blog\/#\/schema\/logo\/image\/"},"sameAs":["https:\/\/www.facebook.com\/SalkantayTrekking\/","https:\/\/x.com\/salkantayperu","https:\/\/www.pinterest.com\/salkantaytrekking\/","https:\/\/www.instagram.com\/salkantaytrekking\/","https:\/\/www.youtube.com\/user\/salkantaytrekking","https:\/\/www.tiktok.com\/@salkantaytrekking"]},{"@type":"Person","@id":"https:\/\/www.salkantaytrilha.com\/blog\/#\/schema\/person\/aa0e6175beac59e6519e5407b3d13d0d","name":"Trilha Salkantay","image":{"@type":"ImageObject","inLanguage":"pt-BR","@id":"https:\/\/secure.gravatar.com\/avatar\/b41678a33c57a2bf0032b7c254611fc97caffd94ade0663405b364d1c0177d1d?s=96&d=mm&r=g","url":"https:\/\/secure.gravatar.com\/avatar\/b41678a33c57a2bf0032b7c254611fc97caffd94ade0663405b364d1c0177d1d?s=96&d=mm&r=g","contentUrl":"https:\/\/secure.gravatar.com\/avatar\/b41678a33c57a2bf0032b7c254611fc97caffd94ade0663405b364d1c0177d1d?s=96&d=mm&r=g","caption":"Trilha Salkantay"},"sameAs":["https:\/\/www.salkantaytrilha.com\/blog"]}]}},"_links":{"self":[{"href":"https:\/\/www.salkantaytrilha.com\/blog\/wp-json\/wp\/v2\/posts\/2530","targetHints":{"allow":["GET"]}}],"collection":[{"href":"https:\/\/www.salkantaytrilha.com\/blog\/wp-json\/wp\/v2\/posts"}],"about":[{"href":"https:\/\/www.salkantaytrilha.com\/blog\/wp-json\/wp\/v2\/types\/post"}],"author":[{"embeddable":true,"href":"https:\/\/www.salkantaytrilha.com\/blog\/wp-json\/wp\/v2\/users\/1"}],"replies":[{"embeddable":true,"href":"https:\/\/www.salkantaytrilha.com\/blog\/wp-json\/wp\/v2\/comments?post=2530"}],"version-history":[{"count":6,"href":"https:\/\/www.salkantaytrilha.com\/blog\/wp-json\/wp\/v2\/posts\/2530\/revisions"}],"predecessor-version":[{"id":5386,"href":"https:\/\/www.salkantaytrilha.com\/blog\/wp-json\/wp\/v2\/posts\/2530\/revisions\/5386"}],"wp:featuredmedia":[{"embeddable":true,"href":"https:\/\/www.salkantaytrilha.com\/blog\/wp-json\/wp\/v2\/media\/5214"}],"wp:attachment":[{"href":"https:\/\/www.salkantaytrilha.com\/blog\/wp-json\/wp\/v2\/media?parent=2530"}],"wp:term":[{"taxonomy":"category","embeddable":true,"href":"https:\/\/www.salkantaytrilha.com\/blog\/wp-json\/wp\/v2\/categories?post=2530"},{"taxonomy":"post_tag","embeddable":true,"href":"https:\/\/www.salkantaytrilha.com\/blog\/wp-json\/wp\/v2\/tags?post=2530"}],"curies":[{"name":"wp","href":"https:\/\/api.w.org\/{rel}","templated":true}]}}