{"id":2688,"date":"2025-02-12T11:53:56","date_gmt":"2025-02-12T14:53:56","guid":{"rendered":"https:\/\/www.salkantaytrilha.com\/blog\/?p=2688"},"modified":"2026-03-02T12:05:07","modified_gmt":"2026-03-02T15:05:07","slug":"tudo-precisa-saber-chegar-montanha-das-sete-cores","status":"publish","type":"post","link":"https:\/\/www.salkantaytrilha.com\/blog\/tudo-precisa-saber-chegar-montanha-das-sete-cores\/","title":{"rendered":"Tudo o que voc\u00ea precisa saber para chegar \u00e0 Montanha das Sete Cores"},"content":{"rendered":"\n<p>Uma das excurs\u00f5es mais aguardadas pelos visitantes que chegam a Cusco \u00e9 a Montanha das Sete Cores, tamb\u00e9m conhecida como Vinicunca ou at\u00e9 mesmo Montanha Colorida. Ela \u00e9 a famosa protagonista de muitas fotografias espalhadas pela internet, e temos certeza de que voc\u00ea j\u00e1 deve ter admirado a sua variedade de cores, uma espetacular cria\u00e7\u00e3o da M\u00e3e Natureza.<\/p>\n\n\n\n<p>Voc\u00ea pode visitar a montanha em apenas um dia, partindo da cidade de Cusco, desfrutando dessa caminhada desafiadora at\u00e9 seu topo. Ser\u00e1 necess\u00e1ria uma aclimata\u00e7\u00e3o pr\u00e9via de dois ou tr\u00eas dias em Cusco antes de voc\u00ea poder participar de forma mais segura desta atra\u00e7\u00e3o, pois a Montanha das Sete Cores se encontra em uma grande altitude: a mais de 5.200 metros acima do n\u00edvel do mar!<\/p>\n\n\n\n<p>E uma vez l\u00e1, voc\u00ea poder\u00e1 desfrutar das paisagens mais espetaculares, al\u00e9m de obter uma vista de 360 graus de toda a paisagem ao seu redor. Se tiver tempo de sobra ou estiver disposto a fazer uma caminhada adicional, poder\u00e1 incluir uma visita ao Vale Vermelho, uma aventura eletrizante que far\u00e1 voc\u00ea sentir como se estivesse pisando na superf\u00edcie do planeta Marte!<\/p>\n\n\n\n<p>Dito isso, o primeiro passo a ser dado \u00e9 saber como chegar at\u00e9 l\u00e1. Muitos visitantes optam pela ajuda de uma ag\u00eancia ou de uma operadora tur\u00edstica, principalmente pela facilidade de encontrar tudo j\u00e1 inclu\u00eddo, garantindo a sua visita e a sua seguran\u00e7a. Por\u00e9m, h\u00e1 viajantes que preferem ir por conta pr\u00f3pria, por uma quest\u00e3o de economia ou pelo gosto da aventura em terras desconhecidas.<\/p>\n\n\n\n<p>Seja l\u00e1 a forma que voc\u00ea decidir optar para chegar \u00e0 Montanha das Sete Cores, reunimos neste blog tudo o que voc\u00ea precisa levar em conta para uma visita bem sucedida, segura e feliz, al\u00e9m \u00e9 claro, de outras informa\u00e7\u00f5es e dicas importantes.<\/p>\n\n\n\n<div class=\"wp-block-rank-math-toc-block anchor-links\"><ul><li><a href=\"#h-como-visitar-a-montanha-das-sete-cores-sem-um-tour\" >Como visitar a Montanha das Sete Cores sem um tour<\/a><ul><li><a href=\"#h-ida-e-volta\" >Ida e Volta<\/a><\/li><\/ul><\/li><li><a href=\"#h-vantagens-de-viajar-por-conta-propria-nbsp\" >Vantagens de Viajar Por Conta Pr\u00f3pria\u00a0<\/a><\/li><li><a href=\"#h-qual-o-melhor-momento-para-visitar-a-montanha-das-sete-cores\" >Qual o Melhor Momento para Visitar a Montanha das Sete Cores?<\/a><\/li><li><a href=\"#h-pode-te-interessar\" >Pode te interessar<\/a><\/li><\/nav><\/ul><\/div>\n\n\n\n<h2 class=\"wp-block-heading\"><br>O que levar<\/h2>\n\n\n\n<p>Antes de embarcar nessa aventura \u00e9 importante que voc\u00ea saiba quais os itens essenciais que devem estar com voc\u00ea. Voc\u00ea vai precisar de uma mochila pequena para o dia, porque carregar peso demais tornar\u00e1 a sua caminhada ainda mais dif\u00edcil. N\u00e3o se esque\u00e7a que estar\u00e1 percorrendo grandes altitudes!<\/p>\n\n\n\n<ul class=\"wp-block-list\">\n<li><strong>Jaqueta imperme\u00e1vel <\/strong>ou poncho leve para o caso de chuva.<\/li>\n\n\n\n<li><strong>Roupas<\/strong><strong> apropriadas<\/strong>: roupas segundas camadas s\u00e3o ideais, pois voc\u00ea pode sobrep\u00f4-las e tir\u00e1-las conforme a mudan\u00e7a da temperatura.<\/li>\n\n\n\n<li><strong>Protetor solar<\/strong> com fator 50+ porque voc\u00ea estar\u00e1 mais pr\u00f3ximo do sol.<\/li>\n\n\n\n<li><strong>Chap\u00e9u e \u00f3culos de sol<\/strong>: de prefer\u00eancia a chap\u00e9us com abas para a prote\u00e7\u00e3o do pesco\u00e7o e das laterais das orelhas.<\/li>\n\n\n\n<li><strong>\u00c1gua<\/strong>: uns 2 litros de \u00e1gua por pessoa (Voc\u00ea tamb\u00e9m pode encontrar moradores que vendem \u00e1gua na base da montanha e no topo).<\/li>\n\n\n\n<li><strong>Lanches:<\/strong> apropriados para a caminhada, que forne\u00e7am energia.<\/li>\n\n\n\n<li><strong>Papel higi\u00eanico<\/strong>: ou len\u00e7os umedecidos que facilitam.<\/li>\n\n\n\n<li><strong>Desinfetante para as m\u00e3os<\/strong>.<\/li>\n\n\n\n<li><strong>Dinheiro\u00b4: <\/strong>em esp\u00e9cie e trocado para compra de lanches e \u00e1gua.<\/li>\n<\/ul>\n\n\n\n<figure class=\"wp-block-image size-large\"><img loading=\"lazy\" decoding=\"async\" width=\"1024\" height=\"683\" src=\"https:\/\/www.salkantaytrilha.com\/blog\/wp-content\/uploads\/2024\/07\/Montanha-do-arco-iris-1024x683.jpg\" alt=\"Montanha do arco-\u00edris\" class=\"wp-image-545\"\/><figcaption class=\"wp-element-caption\">Montanha do arco-\u00edris<\/figcaption><\/figure>\n\n\n\n<h2 class=\"wp-block-heading\">Como visitar a Montanha das Sete Cores com um tour.<\/h2>\n\n\n\n<p>Quando voc\u00ea planeja visitar a Montanha das Sete Cores com um tour, n\u00e3o h\u00e1 com o que se preocupar pois al\u00e9m da companhia de outros participantes, tudo j\u00e1 estar\u00e1 esquematizado e coordenado para que n\u00e3o lhe falte nada.&nbsp;<\/p>\n\n\n\n<p>Voc\u00ea deve pesquisar por algumas empresas de turismo online: a melhor maneira de faz\u00ea-lo \u00e9 encaminhar um e-mail para a empresa de turismo escolhida. Ser\u00e1 necess\u00e1rio efetuar um dep\u00f3sito ou o pagamento antecipado para garantir a sua vaga no tour. Entre em contato o quanto antes e reserve a sua viagem!<\/p>\n\n\n\n<p>No caso de j\u00e1 se encontrar na cidade, h\u00e1 v\u00e1rias ag\u00eancias que oferecem essa excurs\u00e3o mas preste aten\u00e7\u00e3o: opte levando sempre em conta o conceito e a qualifica\u00e7\u00e3o desta ag\u00eancia.&nbsp;<\/p>\n\n\n\n<p>No dia da excurs\u00e3o, \u00e9 costume das ag\u00eancias busc\u00e1-lo em seu alojamento. A volta at\u00e9 o seu alojamento no final do dia tamb\u00e9m fica a cargo da empresa escolhida.<\/p>\n\n\n\n<div class=\"wp-block-columns is-layout-flex wp-container-core-columns-is-layout-9d6595d7 wp-block-columns-is-layout-flex\">\n<div class=\"wp-block-column is-layout-flow wp-block-column-is-layout-flow\">\n<figure class=\"wp-block-image size-full\"><img loading=\"lazy\" decoding=\"async\" width=\"800\" height=\"1000\" src=\"https:\/\/www.salkantaytrilha.com\/blog\/wp-content\/uploads\/2024\/10\/Two-tourists-guide-colorful-mountain-Vinicunca.jpg\" alt=\"A montanha colorida de Vinicunca\" class=\"wp-image-1482\"\/><figcaption class=\"wp-element-caption\">A montanha colorida de Vinicunca<\/figcaption><\/figure>\n<\/div>\n\n\n\n<div class=\"wp-block-column is-layout-flow wp-block-column-is-layout-flow\">\n<figure class=\"wp-block-image size-full\"><img loading=\"lazy\" decoding=\"async\" width=\"800\" height=\"1000\" src=\"https:\/\/www.salkantaytrilha.com\/blog\/wp-content\/uploads\/2024\/07\/Homem-andino-lhama-Montanha-Colorida-Palccoyo.jpg\" alt=\"Homem andino e uma lhama na Montanha Colorida de Palccoyo\" class=\"wp-image-575\"\/><figcaption class=\"wp-element-caption\">Uma lhama na Montanha Colorida de Palccoyo<\/figcaption><\/figure>\n<\/div>\n<\/div>\n\n\n\n<h2 class=\"wp-block-heading\" id=\"h-como-visitar-a-montanha-das-sete-cores-sem-um-tour\">Como visitar a Montanha das Sete Cores sem um tour<\/h2>\n\n\n\n<p>Se voc\u00ea pensa em visitar a Montanha das Sete Cores por conta pr\u00f3pria, ser\u00e1 necess\u00e1rio um bom planejamento. Embora muitas pessoas acreditem ser essa a op\u00e7\u00e3o mais econ\u00f4mica, nem sempre o resultado \u00e9 o esperado. Aqui apresentamos o roteiro, passo a passo, que voc\u00ea dever\u00e1 seguir para visitar a Montanha das Sete Cores.<\/p>\n\n\n\n<h3 class=\"wp-block-heading\" id=\"h-ida-e-volta\">Ida e Volta<\/h3>\n\n\n\n<p>A primeira coisa que voc\u00ea deve organizar \u00e9 o transporte de Cusco at\u00e9 o vilarejo de Checacupe. Voc\u00ea poder\u00e1 contratar um t\u00e1xi privado, o que geralmente torna a op\u00e7\u00e3o bem mais cara e os pre\u00e7os variam. Outra op\u00e7\u00e3o \u00e9 encontrar transporte p\u00fablico na Avenida Tomasa Tito Condemayta at\u00e9 Ocongate. O custo \u00e9 de 7 a 8 soles, e a viagem dura cerca de 2 horas. Certifique-se de desembarcar no local onde h\u00e1 t\u00e1xis para fazer o trajeto at\u00e9 Checacupe.<\/p>\n\n\n\n<p>Uma vez chegado em Checacupe, voc\u00ea ter\u00e1 que negociar com o taxista local para que te leve at\u00e9 Vinicunca (Montanha das Sete Cores) e o aguarde durante o tempo de realiza\u00e7\u00e3o da sua caminhada, quando ent\u00e3o deve conduzi-lo de volta at\u00e9 Checacupe. Esse servi\u00e7o pode custar 100 soles ou mais. (Quanto mais pessoas para dividir a corrida mais econ\u00f4mico ser\u00e1 o seu custo).&nbsp; Lembre-se de que em Checacupe, voc\u00ea ter\u00e1 que, novamente, encontrar um transporte p\u00fablico para chegar de volta \u00e0 cidade de Cusco.&nbsp;<\/p>\n\n\n\n<p>A visita na montanha segue um trajeto \u00fanico. Voc\u00ea vai encontrar muitos outros grupos fazendo o mesmo percurso, por isso torna-se f\u00e1cil segui-los, al\u00e9m do caminho ser bem demarcado. A ida e a volta duram cerca de 3 horas, al\u00e9m de aproximadamente 30 minutos gastos no topo para aproveitar a vista incr\u00edvel e tirar as fotografias que voc\u00ea quizer.<\/p>\n\n\n\n<p>Quando voc\u00ea retornar ao estacionamento, deve embarcar no t\u00e1xi que ficou te aguardando e assim, poder voltar para Checacupe. Voc\u00ea pode solicitar que o motorista te leve at\u00e9 o ponto de \u00f4nibus em Checacupe, que \u00e9 a forma mais f\u00e1cil de regressar para Cusco. Encontrar um t\u00e1xi privado para te trazer de volta direto, de Checacupe a Cusco, pode ser uma tarefa complicada.<\/p>\n\n\n\n<h2 class=\"wp-block-heading\" id=\"h-vantagens-de-viajar-por-conta-propria-nbsp\">Vantagens de Viajar Por Conta Pr\u00f3pria&nbsp;<\/h2>\n\n\n\n<ul class=\"wp-block-list\">\n<li><strong>Liberdade<\/strong><strong>: <\/strong>Voc\u00ea ter\u00e1 a liberdade de ir no hor\u00e1rio que mais te convier e n\u00e3o vai precisar esperar por outros participantes durante a excurs\u00e3o, desde que conhe\u00e7a a regi\u00e3o e se garanta dos hor\u00e1rios necess\u00e1rios para a ida, para a volta, tendo boa visibilidade, sem que a noite caia e voc\u00ea n\u00e3o tenha como voltar.\u00a0<\/li>\n\n\n\n<li><strong>Economia<\/strong><strong>:<\/strong> A economia vai depender de todas as necessidades encontradas pelo caminho, descritas acima, serem conclu\u00eddas sem problemas. Al\u00e9m disso, dependendo de quantas pessoas houver no seu grupo, caso contr\u00e1rio n\u00e3o vale a pena.\u00a0<\/li>\n\n\n\n<li><strong>Seguran\u00e7a<\/strong><strong>:<\/strong> Os caminhos no Peru, principalmente em regi\u00f5es montanhosas podem se tornar perigosos no caso de voc\u00ea n\u00e3o conhecer a regi\u00e3o ou n\u00e3o ter a companhia de quem conhe\u00e7a. Na falta de alimento, \u00e1gua, condu\u00e7\u00e3o ou at\u00e9 mesmo um socorro em caso de alguma necessidade m\u00e9dica, a aventura pode-se tornar um problema s\u00e9rio.\u00a0<\/li>\n<\/ul>\n\n\n\n<figure class=\"wp-block-image size-full\"><img loading=\"lazy\" decoding=\"async\" width=\"920\" height=\"613\" src=\"https:\/\/www.salkantaytrilha.com\/blog\/wp-content\/uploads\/2024\/11\/things-keep-mind-ultimate-guide-visiting-rainbow-mountain.jpg\" alt=\"Caminhada at\u00e9 \u00e0 Montanha Colorida\" class=\"wp-image-2070\"\/><figcaption class=\"wp-element-caption\">Caminhada at\u00e9 \u00e0 Montanha Colorida<\/figcaption><\/figure>\n\n\n\n<h2 class=\"wp-block-heading\" id=\"h-qual-o-melhor-momento-para-visitar-a-montanha-das-sete-cores\">Qual o Melhor Momento para Visitar a Montanha das Sete Cores?<\/h2>\n\n\n\n<p>A \u00e9poca mais indicada para visitar a Montanha das Sete Cores, em Cusco, costuma ser na temporada seca. Dessa forma voc\u00ea vai encontrar o c\u00e9u mais limpo, proporcionando uma melhor visibilidade do seu colorido. Al\u00e9m disso, n\u00e3o haver\u00e1 risco de quedas ou escorreg\u00f5es devido ao solo alagadi\u00e7o.<br>A temporada seca vai de maio a outubro. Esses dois meses s\u00e3o os melhores para visita\u00e7\u00e3o, pois h\u00e1 menos turistas do que nos meses de junho, julho e agosto.<br>Voc\u00ea pode visit\u00e1-la em qualquer \u00e9poca do ano, mas tenha em mente que durante a temporada de chuvas, voc\u00ea pode se molhar bastante, o que n\u00e3o ser\u00e1 muito agrad\u00e1vel para a viagem mais demorada de carro.<\/p>\n\n\n\n<p>Agora que voc\u00ea j\u00e1 sabe como chegar, vamos responder algumas perguntas frequentes que podem ajudar tirando suas d\u00favidas e contribuindo para a sua decis\u00e3o final: voc\u00ea quer ou n\u00e3o quer visitar a Montanha das Sete Cores?<\/p>\n\n\n\n<h3 class=\"wp-block-heading\">Quanto custa a entrada para a Montanha das Sete Cores?<\/h3>\n\n\n\n<p>A entrada para a Montanha das Sete Cores custa 10 soles, e no caso de voc\u00ea optar por ir com uma ag\u00eancia, esse valor j\u00e1 pode ou n\u00e3o estar inclu\u00eddo no pre\u00e7o da excurs\u00e3o.<\/p>\n\n\n\n<h3 class=\"wp-block-heading\">Qual a dist\u00e2ncia at\u00e9 a Montanha das Sete Cores?<\/h3>\n\n\n\n<p>A viagem do centro de Cusco at\u00e9 o in\u00edcio da trilha \u00e9 de aproximadamente 100 km (62 milhas). Leva cerca de 3 a 3 horas e meia para chegar l\u00e1.<\/p>\n\n\n\n<h3 class=\"wp-block-heading\">Vale a pena conhecer a Montanha das Sete Cores?<\/h3>\n\n\n\n<p>Sim, definitivamente! \u00c9 uma paisagem de outro mundo, que dificilmente voc\u00ea encontrar\u00e1 em algum outro lugar do planeta. E pode ser que voc\u00ea n\u00e3o tenha uma outra chance como essa.<\/p>\n\n\n\n<h3 class=\"wp-block-heading\">Corro o perigo de sentir alguns dos sintomas do mal de altitude visitando a Montanha das Sete Cores?<\/h3>\n\n\n\n<p>Se antes de mais nada voc\u00ea tiver prestado aten\u00e7\u00e3o aos nossos conselhos sobre <a href=\"https:\/\/www.salkantaytrilha.com\/blog\/aclimatacao-em-cusco-tudo-o-que-voce-precisa-saber\/\"><strong>aclimata\u00e7\u00e3o<\/strong><\/a>, tendo passado de 2 a 3 dias em Cusco desde a sua chegada, e se voc\u00ea fizer a caminhada com calma e n\u00e3o como se apostasse uma corrida, n\u00e3o dever\u00e1 desenvolver nenhum dos sintomas relacionados ao mal de altitude. No entanto, \u00e9 muito comum sentir o cora\u00e7\u00e3o bater um pouco mais acelerado \u00e0 medida que voc\u00ea sobe a \u00faltima parte da montanha, e pode ser que sinta uma leve dor de cabe\u00e7a. Mas n\u00e3o se preocupe, isso n\u00e3o \u00e9 nada fora do comum e logo vai passar.<\/p>\n\n\n\n<h3 class=\"wp-block-heading\">Como a Montanha das Sete Cores obteve essa colora\u00e7\u00e3o?<\/h3>\n\n\n\n<p>Ao longo de milhares de anos, as mudan\u00e7as clim\u00e1ticas e a eros\u00e3o trouxeram \u00e0 superf\u00edcie minerais e sedimentos que formaram esses diferentes tons, incluindo enxofre de ferro, \u00f3xido de ferro e magn\u00e9sio. A montanha s\u00f3 teve as suas cores descobertas recentemente, quando a neve que as encobria derreteu.<\/p>\n\n\n\n<h3 class=\"wp-block-heading\">Preciso de seguro de viagem para ir \u00e0 Montanha das Sete Cores?<\/h3>\n\n\n\n<p>Sim, 100%. Para a realiza\u00e7\u00e3o de qualquer viagem ele \u00e9 recomendado e at\u00e9 obrigat\u00f3rio por parte de muitas ag\u00eancias e operadoras de turismo que n\u00e3o permitem que voc\u00ea viaje sem ele. Caso precise de algum atendimento de emerg\u00eancia em Cusco, saiba que o sistema de sa\u00fade e o custo do tratamento s\u00e3o elevados. Certifique-se de que o seu seguro cubra atividades de aventura.<\/p>\n\n\n\n<h3 class=\"wp-block-heading\">E se eu n\u00e3o conseguir chegar at\u00e9 o topo?<\/h3>\n\n\n\n<p>Ocasionalmente, os visitantes se cansam devido ao esfor\u00e7o realizado em grandes altitudes. Nesse caso, n\u00e3o se preocupe: voc\u00ea poder\u00e1 contar com o aluguel de cavalos que o levar\u00e3o pela maior parte do caminho. Ser\u00e1 necess\u00e1rio voc\u00ea caminhar apenas a \u00faltima parte, tendo que fazer muito menos esfor\u00e7o.<\/p>\n\n\n\n<h3 class=\"wp-block-heading\">\u00c9 necess\u00e1rio contratar um guia para visitar a Montanha das Sete Cores?<\/h3>\n\n\n\n<p>N\u00e3o \u00e9 obrigat\u00f3rio, mas \u00e9 recomend\u00e1vel. Assim, voc\u00ea vai poder aprender tudo sobre a regi\u00e3o visitada e sobre a montanha em si, al\u00e9m de estar seguro e em boas m\u00e3os em caso de alguma emerg\u00eancia.<\/p>\n\n\n\n<h3 class=\"wp-block-heading\">Como \u00e9 a temperatura na Montanha das Sete Cores?<\/h3>\n\n\n\n<p>Devido \u00e0 grande altitude e por se encontrar t\u00e3o pr\u00f3xima do pico nevado do Nevado Ausangate, as temperaturas s\u00e3o frias. Por\u00e9m assim que come\u00e7ar a caminhar, voc\u00ea se aquecer\u00e1, vindo a sentir mais frio ao ficar em p\u00e9 no topo.<\/p>\n\n\n\n<h3 class=\"wp-block-heading\">Quanto tempo leva para chegar ao topo da Montanha das Sete Cores?<\/h3>\n\n\n\n<p>A caminhada at\u00e9 o topo geralmente leva em torno de 1 hora e meia a 2 horas de subida, dependendo do ritmo e da condi\u00e7\u00e3o f\u00edsica de cada participante.<\/p>\n\n\n\n<h3 class=\"wp-block-heading\">\u00c9 necess\u00e1rio estar em boa forma f\u00edsica para visitar a Montanha das Sete Cores?<\/h3>\n\n\n\n<p>Sim, a caminhada \u00e9 desafiadora, pois envolve ascender a altitudes elevadas. \u00c9 recomend\u00e1vel estar em boa forma f\u00edsica e ter dedicado o tempo necess\u00e1rio, antes de participar desta excurs\u00e3o, para a correta aclimata\u00e7\u00e3o \u00e0 altitude da cidade.<\/p>\n\n\n\n<h3 class=\"wp-block-heading\">H\u00e1 alguma restri\u00e7\u00e3o de idade para visitar a Montanha das Sete Cores?<\/h3>\n\n\n\n<p>N\u00e3o h\u00e1 nenhuma restri\u00e7\u00e3o de idade, mas o bom senso de cada um tendo em mente que a caminhada pode ser desafiadora, especialmente devido ao frio e \u00e0 altitude. Recomenda-se cautela, especialmente com viajantes mais idosos e crian\u00e7as pequenas.<\/p>\n\n\n\n<h3 class=\"wp-block-heading\">Posso acampar na Montanha das Sete Cores?<\/h3>\n\n\n\n<p>Em geral, n\u00e3o \u00e9 permitido acampar na Montanha das Sete Cores. A visita costuma ser uma excurs\u00e3o de um dia a partir de Pitumarca.<\/p>\n\n\n\n<h2 class=\"wp-block-heading\" id=\"h-pode-te-interessar\">Pode te interessar<\/h2>\n\n\n\n<ul class=\"wp-block-list\">\n<li><a href=\"https:\/\/www.salkantaytrilha.com\/blog\/tudo-sobre-as-montanhas-coloridas-do-peru\/\"><strong>Tudo sobre as montanhas coloridas no Peru<\/strong><\/a><\/li>\n<\/ul>\n\n\n\n<ul class=\"wp-block-list lang\">\n<li class=\"en\"><a href=\"https:\/\/www.salkantaytrekking.com\/blog\/all-you-need-to-know-to-get-to-rainbow-mountain\/\">EN<\/a><\/li>\n\n\n\n<li class=\"es\"><a href=\"https:\/\/www.caminosalkantay.com\/blog\/todo-lo-que-necesitas-saber-para-llegar-a-la-montana-de-siete-colores\/\">ES<\/a><\/li>\n<\/ul>\n\n\n\n<p><\/p>\n","protected":false},"excerpt":{"rendered":"<p>Uma das excurs\u00f5es mais aguardadas pelos visitantes que chegam a Cusco \u00e9 a Montanha das Sete Cores, tamb\u00e9m conhecida como Vinicunca ou at\u00e9 mesmo Montanha Colorida. Ela \u00e9 a famosa protagonista de muitas fotografias espalhadas pela internet, e temos certeza [&hellip;]<\/p>\n","protected":false},"author":1,"featured_media":2691,"comment_status":"open","ping_status":"open","sticky":false,"template":"","format":"standard","meta":{"footnotes":""},"categories":[71,112],"tags":[854,181,853,855],"class_list":["post-2688","post","type-post","status-publish","format-standard","has-post-thumbnail","hentry","category-montanha-arco-iris","category-montanha-das-7-cores","tag-melhor-momento-para-visitar-montanha-das-sete-cores","tag-montanha-colorida","tag-montanha-des-sete-cores","tag-sete-cores-com-un-tour"],"yoast_head":"<!-- This site is optimized with the Yoast SEO Premium plugin v27.4 (Yoast SEO v27.4) - https:\/\/yoast.com\/product\/yoast-seo-premium-wordpress\/ -->\n<title>Tudo o que voc\u00ea precisa saber para chegar \u00e0 Montanha das Sete Cores - informa\u00e7\u00f5es de viagens<\/title>\n<meta name=\"description\" content=\"Descubra a Montanha das Sete Cores e suas belezas naturais. Prepare-se para uma aventura incr\u00edvel em Cusco.\" \/>\n<meta name=\"robots\" content=\"index, follow, max-snippet:-1, max-image-preview:large, max-video-preview:-1\" \/>\n<link rel=\"canonical\" href=\"https:\/\/www.salkantaytrilha.com\/blog\/tudo-precisa-saber-chegar-montanha-das-sete-cores\/\" \/>\n<meta property=\"og:locale\" content=\"pt_BR\" \/>\n<meta property=\"og:type\" content=\"article\" \/>\n<meta property=\"og:title\" content=\"Tudo o que voc\u00ea precisa saber para chegar \u00e0 Montanha das Sete Cores\" \/>\n<meta property=\"og:description\" content=\"Descubra a Montanha das Sete Cores e suas belezas naturais. Prepare-se para uma aventura incr\u00edvel em Cusco.\" \/>\n<meta property=\"og:url\" content=\"https:\/\/www.salkantaytrilha.com\/blog\/tudo-precisa-saber-chegar-montanha-das-sete-cores\/\" \/>\n<meta property=\"og:site_name\" content=\"informa\u00e7\u00f5es de viagens\" \/>\n<meta property=\"article:publisher\" content=\"https:\/\/www.facebook.com\/SalkantayTrekking\/\" \/>\n<meta property=\"article:published_time\" content=\"2025-02-12T14:53:56+00:00\" \/>\n<meta property=\"article:modified_time\" content=\"2026-03-02T15:05:07+00:00\" \/>\n<meta property=\"og:image\" content=\"https:\/\/www.salkantaytrilha.com\/blog\/wp-content\/uploads\/2025\/02\/Montanha-Colorida.jpeg\" \/>\n\t<meta property=\"og:image:width\" content=\"1600\" \/>\n\t<meta property=\"og:image:height\" content=\"1067\" \/>\n\t<meta property=\"og:image:type\" content=\"image\/jpeg\" \/>\n<meta name=\"author\" content=\"Trilha Salkantay\" \/>\n<meta name=\"twitter:card\" content=\"summary_large_image\" \/>\n<meta name=\"twitter:creator\" content=\"@salkantayperu\" \/>\n<meta name=\"twitter:site\" content=\"@salkantayperu\" \/>\n<meta name=\"twitter:label1\" content=\"Escrito por\" \/>\n\t<meta name=\"twitter:data1\" content=\"Trilha Salkantay\" \/>\n\t<meta name=\"twitter:label2\" content=\"Est. tempo de leitura\" \/>\n\t<meta name=\"twitter:data2\" content=\"13 minutos\" \/>\n<script type=\"application\/ld+json\" class=\"yoast-schema-graph\">{\"@context\":\"https:\\\/\\\/schema.org\",\"@graph\":[{\"@type\":\"Article\",\"@id\":\"https:\\\/\\\/www.salkantaytrilha.com\\\/blog\\\/tudo-precisa-saber-chegar-montanha-das-sete-cores\\\/#article\",\"isPartOf\":{\"@id\":\"https:\\\/\\\/www.salkantaytrilha.com\\\/blog\\\/tudo-precisa-saber-chegar-montanha-das-sete-cores\\\/\"},\"author\":{\"name\":\"Trilha Salkantay\",\"@id\":\"https:\\\/\\\/www.salkantaytrilha.com\\\/blog\\\/#\\\/schema\\\/person\\\/aa0e6175beac59e6519e5407b3d13d0d\"},\"headline\":\"Tudo o que voc\u00ea precisa saber para chegar \u00e0 Montanha das Sete Cores\",\"datePublished\":\"2025-02-12T14:53:56+00:00\",\"dateModified\":\"2026-03-02T15:05:07+00:00\",\"mainEntityOfPage\":{\"@id\":\"https:\\\/\\\/www.salkantaytrilha.com\\\/blog\\\/tudo-precisa-saber-chegar-montanha-das-sete-cores\\\/\"},\"wordCount\":2181,\"commentCount\":0,\"publisher\":{\"@id\":\"https:\\\/\\\/www.salkantaytrilha.com\\\/blog\\\/#organization\"},\"image\":{\"@id\":\"https:\\\/\\\/www.salkantaytrilha.com\\\/blog\\\/tudo-precisa-saber-chegar-montanha-das-sete-cores\\\/#primaryimage\"},\"thumbnailUrl\":\"https:\\\/\\\/www.salkantaytrilha.com\\\/blog\\\/wp-content\\\/uploads\\\/2025\\\/02\\\/Montanha-Colorida.jpeg\",\"keywords\":[\"Melhor Momento para Visitar Montanha das Sete Cores\",\"montanha colorida\",\"Montanha des Sete Cores\",\"Sete Cores com un tour\"],\"articleSection\":[\"Montanha Arco-\u00cdris\",\"Montanha das 7 Cores\"],\"inLanguage\":\"pt-BR\",\"potentialAction\":[{\"@type\":\"CommentAction\",\"name\":\"Comment\",\"target\":[\"https:\\\/\\\/www.salkantaytrilha.com\\\/blog\\\/tudo-precisa-saber-chegar-montanha-das-sete-cores\\\/#respond\"]}]},{\"@type\":\"WebPage\",\"@id\":\"https:\\\/\\\/www.salkantaytrilha.com\\\/blog\\\/tudo-precisa-saber-chegar-montanha-das-sete-cores\\\/\",\"url\":\"https:\\\/\\\/www.salkantaytrilha.com\\\/blog\\\/tudo-precisa-saber-chegar-montanha-das-sete-cores\\\/\",\"name\":\"Tudo o que voc\u00ea precisa saber para chegar \u00e0 Montanha das Sete Cores - informa\u00e7\u00f5es de viagens\",\"isPartOf\":{\"@id\":\"https:\\\/\\\/www.salkantaytrilha.com\\\/blog\\\/#website\"},\"primaryImageOfPage\":{\"@id\":\"https:\\\/\\\/www.salkantaytrilha.com\\\/blog\\\/tudo-precisa-saber-chegar-montanha-das-sete-cores\\\/#primaryimage\"},\"image\":{\"@id\":\"https:\\\/\\\/www.salkantaytrilha.com\\\/blog\\\/tudo-precisa-saber-chegar-montanha-das-sete-cores\\\/#primaryimage\"},\"thumbnailUrl\":\"https:\\\/\\\/www.salkantaytrilha.com\\\/blog\\\/wp-content\\\/uploads\\\/2025\\\/02\\\/Montanha-Colorida.jpeg\",\"datePublished\":\"2025-02-12T14:53:56+00:00\",\"dateModified\":\"2026-03-02T15:05:07+00:00\",\"description\":\"Descubra a Montanha das Sete Cores e suas belezas naturais. Prepare-se para uma aventura incr\u00edvel em Cusco.\",\"breadcrumb\":{\"@id\":\"https:\\\/\\\/www.salkantaytrilha.com\\\/blog\\\/tudo-precisa-saber-chegar-montanha-das-sete-cores\\\/#breadcrumb\"},\"inLanguage\":\"pt-BR\",\"potentialAction\":[{\"@type\":\"ReadAction\",\"target\":[\"https:\\\/\\\/www.salkantaytrilha.com\\\/blog\\\/tudo-precisa-saber-chegar-montanha-das-sete-cores\\\/\"]}]},{\"@type\":\"ImageObject\",\"inLanguage\":\"pt-BR\",\"@id\":\"https:\\\/\\\/www.salkantaytrilha.com\\\/blog\\\/tudo-precisa-saber-chegar-montanha-das-sete-cores\\\/#primaryimage\",\"url\":\"https:\\\/\\\/www.salkantaytrilha.com\\\/blog\\\/wp-content\\\/uploads\\\/2025\\\/02\\\/Montanha-Colorida.jpeg\",\"contentUrl\":\"https:\\\/\\\/www.salkantaytrilha.com\\\/blog\\\/wp-content\\\/uploads\\\/2025\\\/02\\\/Montanha-Colorida.jpeg\",\"width\":1600,\"height\":1067,\"caption\":\"Montanha Colorida Vinicunca\"},{\"@type\":\"BreadcrumbList\",\"@id\":\"https:\\\/\\\/www.salkantaytrilha.com\\\/blog\\\/tudo-precisa-saber-chegar-montanha-das-sete-cores\\\/#breadcrumb\",\"itemListElement\":[{\"@type\":\"ListItem\",\"position\":1,\"name\":\"In\u00edcio\",\"item\":\"https:\\\/\\\/www.salkantaytrilha.com\\\/blog\\\/\"},{\"@type\":\"ListItem\",\"position\":2,\"name\":\"Tudo o que voc\u00ea precisa saber para chegar \u00e0 Montanha das Sete Cores\"}]},{\"@type\":\"WebSite\",\"@id\":\"https:\\\/\\\/www.salkantaytrilha.com\\\/blog\\\/#website\",\"url\":\"https:\\\/\\\/www.salkantaytrilha.com\\\/blog\\\/\",\"name\":\"informa\u00e7\u00f5es de viagens a Machu Picchu\",\"description\":\"\",\"publisher\":{\"@id\":\"https:\\\/\\\/www.salkantaytrilha.com\\\/blog\\\/#organization\"},\"potentialAction\":[{\"@type\":\"SearchAction\",\"target\":{\"@type\":\"EntryPoint\",\"urlTemplate\":\"https:\\\/\\\/www.salkantaytrilha.com\\\/blog\\\/?s={search_term_string}\"},\"query-input\":{\"@type\":\"PropertyValueSpecification\",\"valueRequired\":true,\"valueName\":\"search_term_string\"}}],\"inLanguage\":\"pt-BR\"},{\"@type\":\"Organization\",\"@id\":\"https:\\\/\\\/www.salkantaytrilha.com\\\/blog\\\/#organization\",\"name\":\"informa\u00e7\u00f5es de viagens a Machu Picchu\",\"url\":\"https:\\\/\\\/www.salkantaytrilha.com\\\/blog\\\/\",\"logo\":{\"@type\":\"ImageObject\",\"inLanguage\":\"pt-BR\",\"@id\":\"https:\\\/\\\/www.salkantaytrilha.com\\\/blog\\\/#\\\/schema\\\/logo\\\/image\\\/\",\"url\":\"https:\\\/\\\/www.salkantaytrilha.com\\\/blog\\\/wp-content\\\/uploads\\\/2024\\\/05\\\/salkantaytrekking-new-300x128-1.png\",\"contentUrl\":\"https:\\\/\\\/www.salkantaytrilha.com\\\/blog\\\/wp-content\\\/uploads\\\/2024\\\/05\\\/salkantaytrekking-new-300x128-1.png\",\"width\":300,\"height\":128,\"caption\":\"informa\u00e7\u00f5es de viagens a Machu Picchu\"},\"image\":{\"@id\":\"https:\\\/\\\/www.salkantaytrilha.com\\\/blog\\\/#\\\/schema\\\/logo\\\/image\\\/\"},\"sameAs\":[\"https:\\\/\\\/www.facebook.com\\\/SalkantayTrekking\\\/\",\"https:\\\/\\\/x.com\\\/salkantayperu\",\"https:\\\/\\\/www.pinterest.com\\\/salkantaytrekking\\\/\",\"https:\\\/\\\/www.instagram.com\\\/salkantaytrekking\\\/\",\"https:\\\/\\\/www.youtube.com\\\/user\\\/salkantaytrekking\",\"https:\\\/\\\/www.tiktok.com\\\/@salkantaytrekking\"]},{\"@type\":\"Person\",\"@id\":\"https:\\\/\\\/www.salkantaytrilha.com\\\/blog\\\/#\\\/schema\\\/person\\\/aa0e6175beac59e6519e5407b3d13d0d\",\"name\":\"Trilha Salkantay\",\"image\":{\"@type\":\"ImageObject\",\"inLanguage\":\"pt-BR\",\"@id\":\"https:\\\/\\\/secure.gravatar.com\\\/avatar\\\/b41678a33c57a2bf0032b7c254611fc97caffd94ade0663405b364d1c0177d1d?s=96&d=mm&r=g\",\"url\":\"https:\\\/\\\/secure.gravatar.com\\\/avatar\\\/b41678a33c57a2bf0032b7c254611fc97caffd94ade0663405b364d1c0177d1d?s=96&d=mm&r=g\",\"contentUrl\":\"https:\\\/\\\/secure.gravatar.com\\\/avatar\\\/b41678a33c57a2bf0032b7c254611fc97caffd94ade0663405b364d1c0177d1d?s=96&d=mm&r=g\",\"caption\":\"Trilha Salkantay\"},\"sameAs\":[\"https:\\\/\\\/www.salkantaytrilha.com\\\/blog\"]}]}<\/script>\n<!-- \/ Yoast SEO Premium plugin. -->","yoast_head_json":{"title":"Tudo o que voc\u00ea precisa saber para chegar \u00e0 Montanha das Sete Cores - informa\u00e7\u00f5es de viagens","description":"Descubra a Montanha das Sete Cores e suas belezas naturais. Prepare-se para uma aventura incr\u00edvel em Cusco.","robots":{"index":"index","follow":"follow","max-snippet":"max-snippet:-1","max-image-preview":"max-image-preview:large","max-video-preview":"max-video-preview:-1"},"canonical":"https:\/\/www.salkantaytrilha.com\/blog\/tudo-precisa-saber-chegar-montanha-das-sete-cores\/","og_locale":"pt_BR","og_type":"article","og_title":"Tudo o que voc\u00ea precisa saber para chegar \u00e0 Montanha das Sete Cores","og_description":"Descubra a Montanha das Sete Cores e suas belezas naturais. Prepare-se para uma aventura incr\u00edvel em Cusco.","og_url":"https:\/\/www.salkantaytrilha.com\/blog\/tudo-precisa-saber-chegar-montanha-das-sete-cores\/","og_site_name":"informa\u00e7\u00f5es de viagens","article_publisher":"https:\/\/www.facebook.com\/SalkantayTrekking\/","article_published_time":"2025-02-12T14:53:56+00:00","article_modified_time":"2026-03-02T15:05:07+00:00","og_image":[{"width":1600,"height":1067,"url":"https:\/\/www.salkantaytrilha.com\/blog\/wp-content\/uploads\/2025\/02\/Montanha-Colorida.jpeg","type":"image\/jpeg"}],"author":"Trilha Salkantay","twitter_card":"summary_large_image","twitter_creator":"@salkantayperu","twitter_site":"@salkantayperu","twitter_misc":{"Escrito por":"Trilha Salkantay","Est. tempo de leitura":"13 minutos"},"schema":{"@context":"https:\/\/schema.org","@graph":[{"@type":"Article","@id":"https:\/\/www.salkantaytrilha.com\/blog\/tudo-precisa-saber-chegar-montanha-das-sete-cores\/#article","isPartOf":{"@id":"https:\/\/www.salkantaytrilha.com\/blog\/tudo-precisa-saber-chegar-montanha-das-sete-cores\/"},"author":{"name":"Trilha Salkantay","@id":"https:\/\/www.salkantaytrilha.com\/blog\/#\/schema\/person\/aa0e6175beac59e6519e5407b3d13d0d"},"headline":"Tudo o que voc\u00ea precisa saber para chegar \u00e0 Montanha das Sete Cores","datePublished":"2025-02-12T14:53:56+00:00","dateModified":"2026-03-02T15:05:07+00:00","mainEntityOfPage":{"@id":"https:\/\/www.salkantaytrilha.com\/blog\/tudo-precisa-saber-chegar-montanha-das-sete-cores\/"},"wordCount":2181,"commentCount":0,"publisher":{"@id":"https:\/\/www.salkantaytrilha.com\/blog\/#organization"},"image":{"@id":"https:\/\/www.salkantaytrilha.com\/blog\/tudo-precisa-saber-chegar-montanha-das-sete-cores\/#primaryimage"},"thumbnailUrl":"https:\/\/www.salkantaytrilha.com\/blog\/wp-content\/uploads\/2025\/02\/Montanha-Colorida.jpeg","keywords":["Melhor Momento para Visitar Montanha das Sete Cores","montanha colorida","Montanha des Sete Cores","Sete Cores com un tour"],"articleSection":["Montanha Arco-\u00cdris","Montanha das 7 Cores"],"inLanguage":"pt-BR","potentialAction":[{"@type":"CommentAction","name":"Comment","target":["https:\/\/www.salkantaytrilha.com\/blog\/tudo-precisa-saber-chegar-montanha-das-sete-cores\/#respond"]}]},{"@type":"WebPage","@id":"https:\/\/www.salkantaytrilha.com\/blog\/tudo-precisa-saber-chegar-montanha-das-sete-cores\/","url":"https:\/\/www.salkantaytrilha.com\/blog\/tudo-precisa-saber-chegar-montanha-das-sete-cores\/","name":"Tudo o que voc\u00ea precisa saber para chegar \u00e0 Montanha das Sete Cores - informa\u00e7\u00f5es de viagens","isPartOf":{"@id":"https:\/\/www.salkantaytrilha.com\/blog\/#website"},"primaryImageOfPage":{"@id":"https:\/\/www.salkantaytrilha.com\/blog\/tudo-precisa-saber-chegar-montanha-das-sete-cores\/#primaryimage"},"image":{"@id":"https:\/\/www.salkantaytrilha.com\/blog\/tudo-precisa-saber-chegar-montanha-das-sete-cores\/#primaryimage"},"thumbnailUrl":"https:\/\/www.salkantaytrilha.com\/blog\/wp-content\/uploads\/2025\/02\/Montanha-Colorida.jpeg","datePublished":"2025-02-12T14:53:56+00:00","dateModified":"2026-03-02T15:05:07+00:00","description":"Descubra a Montanha das Sete Cores e suas belezas naturais. Prepare-se para uma aventura incr\u00edvel em Cusco.","breadcrumb":{"@id":"https:\/\/www.salkantaytrilha.com\/blog\/tudo-precisa-saber-chegar-montanha-das-sete-cores\/#breadcrumb"},"inLanguage":"pt-BR","potentialAction":[{"@type":"ReadAction","target":["https:\/\/www.salkantaytrilha.com\/blog\/tudo-precisa-saber-chegar-montanha-das-sete-cores\/"]}]},{"@type":"ImageObject","inLanguage":"pt-BR","@id":"https:\/\/www.salkantaytrilha.com\/blog\/tudo-precisa-saber-chegar-montanha-das-sete-cores\/#primaryimage","url":"https:\/\/www.salkantaytrilha.com\/blog\/wp-content\/uploads\/2025\/02\/Montanha-Colorida.jpeg","contentUrl":"https:\/\/www.salkantaytrilha.com\/blog\/wp-content\/uploads\/2025\/02\/Montanha-Colorida.jpeg","width":1600,"height":1067,"caption":"Montanha Colorida Vinicunca"},{"@type":"BreadcrumbList","@id":"https:\/\/www.salkantaytrilha.com\/blog\/tudo-precisa-saber-chegar-montanha-das-sete-cores\/#breadcrumb","itemListElement":[{"@type":"ListItem","position":1,"name":"In\u00edcio","item":"https:\/\/www.salkantaytrilha.com\/blog\/"},{"@type":"ListItem","position":2,"name":"Tudo o que voc\u00ea precisa saber para chegar \u00e0 Montanha das Sete Cores"}]},{"@type":"WebSite","@id":"https:\/\/www.salkantaytrilha.com\/blog\/#website","url":"https:\/\/www.salkantaytrilha.com\/blog\/","name":"informa\u00e7\u00f5es de viagens a Machu Picchu","description":"","publisher":{"@id":"https:\/\/www.salkantaytrilha.com\/blog\/#organization"},"potentialAction":[{"@type":"SearchAction","target":{"@type":"EntryPoint","urlTemplate":"https:\/\/www.salkantaytrilha.com\/blog\/?s={search_term_string}"},"query-input":{"@type":"PropertyValueSpecification","valueRequired":true,"valueName":"search_term_string"}}],"inLanguage":"pt-BR"},{"@type":"Organization","@id":"https:\/\/www.salkantaytrilha.com\/blog\/#organization","name":"informa\u00e7\u00f5es de viagens a Machu Picchu","url":"https:\/\/www.salkantaytrilha.com\/blog\/","logo":{"@type":"ImageObject","inLanguage":"pt-BR","@id":"https:\/\/www.salkantaytrilha.com\/blog\/#\/schema\/logo\/image\/","url":"https:\/\/www.salkantaytrilha.com\/blog\/wp-content\/uploads\/2024\/05\/salkantaytrekking-new-300x128-1.png","contentUrl":"https:\/\/www.salkantaytrilha.com\/blog\/wp-content\/uploads\/2024\/05\/salkantaytrekking-new-300x128-1.png","width":300,"height":128,"caption":"informa\u00e7\u00f5es de viagens a Machu Picchu"},"image":{"@id":"https:\/\/www.salkantaytrilha.com\/blog\/#\/schema\/logo\/image\/"},"sameAs":["https:\/\/www.facebook.com\/SalkantayTrekking\/","https:\/\/x.com\/salkantayperu","https:\/\/www.pinterest.com\/salkantaytrekking\/","https:\/\/www.instagram.com\/salkantaytrekking\/","https:\/\/www.youtube.com\/user\/salkantaytrekking","https:\/\/www.tiktok.com\/@salkantaytrekking"]},{"@type":"Person","@id":"https:\/\/www.salkantaytrilha.com\/blog\/#\/schema\/person\/aa0e6175beac59e6519e5407b3d13d0d","name":"Trilha Salkantay","image":{"@type":"ImageObject","inLanguage":"pt-BR","@id":"https:\/\/secure.gravatar.com\/avatar\/b41678a33c57a2bf0032b7c254611fc97caffd94ade0663405b364d1c0177d1d?s=96&d=mm&r=g","url":"https:\/\/secure.gravatar.com\/avatar\/b41678a33c57a2bf0032b7c254611fc97caffd94ade0663405b364d1c0177d1d?s=96&d=mm&r=g","contentUrl":"https:\/\/secure.gravatar.com\/avatar\/b41678a33c57a2bf0032b7c254611fc97caffd94ade0663405b364d1c0177d1d?s=96&d=mm&r=g","caption":"Trilha Salkantay"},"sameAs":["https:\/\/www.salkantaytrilha.com\/blog"]}]}},"_links":{"self":[{"href":"https:\/\/www.salkantaytrilha.com\/blog\/wp-json\/wp\/v2\/posts\/2688","targetHints":{"allow":["GET"]}}],"collection":[{"href":"https:\/\/www.salkantaytrilha.com\/blog\/wp-json\/wp\/v2\/posts"}],"about":[{"href":"https:\/\/www.salkantaytrilha.com\/blog\/wp-json\/wp\/v2\/types\/post"}],"author":[{"embeddable":true,"href":"https:\/\/www.salkantaytrilha.com\/blog\/wp-json\/wp\/v2\/users\/1"}],"replies":[{"embeddable":true,"href":"https:\/\/www.salkantaytrilha.com\/blog\/wp-json\/wp\/v2\/comments?post=2688"}],"version-history":[{"count":3,"href":"https:\/\/www.salkantaytrilha.com\/blog\/wp-json\/wp\/v2\/posts\/2688\/revisions"}],"predecessor-version":[{"id":5488,"href":"https:\/\/www.salkantaytrilha.com\/blog\/wp-json\/wp\/v2\/posts\/2688\/revisions\/5488"}],"wp:featuredmedia":[{"embeddable":true,"href":"https:\/\/www.salkantaytrilha.com\/blog\/wp-json\/wp\/v2\/media\/2691"}],"wp:attachment":[{"href":"https:\/\/www.salkantaytrilha.com\/blog\/wp-json\/wp\/v2\/media?parent=2688"}],"wp:term":[{"taxonomy":"category","embeddable":true,"href":"https:\/\/www.salkantaytrilha.com\/blog\/wp-json\/wp\/v2\/categories?post=2688"},{"taxonomy":"post_tag","embeddable":true,"href":"https:\/\/www.salkantaytrilha.com\/blog\/wp-json\/wp\/v2\/tags?post=2688"}],"curies":[{"name":"wp","href":"https:\/\/api.w.org\/{rel}","templated":true}]}}