{"id":277,"date":"2024-06-06T09:00:00","date_gmt":"2024-06-06T12:00:00","guid":{"rendered":"https:\/\/www.salkantaytrilha.com\/blog\/?p=277"},"modified":"2024-05-18T10:39:11","modified_gmt":"2024-05-18T13:39:11","slug":"minha-primeira-viagem-a-cusco","status":"publish","type":"post","link":"https:\/\/www.salkantaytrilha.com\/blog\/minha-primeira-viagem-a-cusco\/","title":{"rendered":"Minha Primeira viagem a Cusco"},"content":{"rendered":"\n<p>A minha primeira viagem a Cusco foi tamb\u00e9m a minha primeira experi\u00eancia fora do meu pa\u00eds, Brasil. Sou carioca, nascida e criada no cora\u00e7\u00e3o da cidade do Rio de Janeiro. Voc\u00ea conhece a minha cidade?! Pelo lugar onde nasci, eu poderia me considerar uma sobrevivente, pronta para enfrentar qualquer cidade perigosa ou movimentada. Por\u00e9m os Andes me surpreenderam.<\/p>\n\n\n\n<p>A viagem foi um presente, dado por uma prima, e chegou de maneira inesperada, assim, de repente: num primeiro momento ela iria comigo e eu s\u00f3 tinha que arrumar minhas coisas, e me preparar para a viagem. Seria a sua mil\u00e9sima ida ao Peru, ent\u00e3o eu poderia deixar tudo a cargo dela, porque ela conhecia tudo. Num segundo momento o convite mudou: eu iria sozinha, e ela me questionava se haveria algum problema, caso contr\u00e1rio ela cancelaria a viagem .<\/p>\n\n\n\n<p>Minha resposta afirmativa, dizendo com euforia que sim, que eu aceitava embarcar sozinha rumo aos Andes peruanos, veio de forma instant\u00e2nea. E partiu de uma Lara que desde pequena, sem perceber, adora a rica e m\u00e1gica cultura andina, ra\u00edz do meu gosto colorido na decora\u00e7\u00e3o, nas minhas roupas, nos meus adornos. \u00c9 a p\u00e1tria da m\u00fasica que desde pequena arrepiava a minha pele, quando pela primeira vez, na famosa feira da Pra\u00e7a General Os\u00f3rio, em Ipanema, eu com uns 6 anos de idade, ouvi tocar o som da primeira flauta peruana.<\/p>\n\n\n\n<div class=\"wp-block-columns is-layout-flex wp-container-core-columns-is-layout-9d6595d7 wp-block-columns-is-layout-flex\">\n<div class=\"wp-block-column is-layout-flow wp-block-column-is-layout-flow\">\n<figure class=\"wp-block-image size-full\"><img loading=\"lazy\" decoding=\"async\" width=\"1000\" height=\"667\" src=\"https:\/\/www.salkantaytrilha.com\/blog\/wp-content\/uploads\/2024\/05\/pessoas-tocando-flauta-peruana.jpg\" alt=\"Pessoas tocando flauta peruana\" class=\"wp-image-280\"\/><figcaption class=\"wp-element-caption\">Pessoas tocando flauta peruana<\/figcaption><\/figure>\n<\/div>\n<\/div>\n\n\n\n<p>Mas os peruanos n\u00e3o invadiram meu cora\u00e7\u00e3o somente dessa vez n\u00e3o \u2026 certo dia, eu agora j\u00e1 adulta, formada em jornalismo, me deparei com uma imagem surreal, bem al\u00ed, num lugar pouco prov\u00e1vel, em uma pra\u00e7a bem humilde, de um sub\u00farbio distante do Rio: vejo surgir, como por encanto, um grupo de m\u00fasicos peruanos, ricamente trajados com vestes bel\u00edssimas,entoavam can\u00e7\u00f5es de enaltecer qualquer alma. Fazia parte do grupo, duas crian\u00e7as que, agitando suas ricas penas, faziam coreografias lindas, perfeitas: o colorido,&nbsp; nos detalhes dos sapatos, da indument\u00e1ria, s\u00f3 n\u00e3o chamavam mais aten\u00e7\u00e3o que a rica melodia, que eles vendiam em cds, acomodados num banco de pra\u00e7a.<\/p>\n\n\n\n<p>Daquele momento, at\u00e9 conseguir v\u00ea-los se apresentar no mais conceituado shopping da Barra da Tijuca, n\u00e3o demorou muito. A cultura peruana \u00e9 riqu\u00edssima e surpreendente!<\/p>\n\n\n\n<div class=\"wp-block-columns is-layout-flex wp-container-core-columns-is-layout-9d6595d7 wp-block-columns-is-layout-flex\">\n<div class=\"wp-block-column is-layout-flow wp-block-column-is-layout-flow\">\n<figure class=\"wp-block-image size-full\"><img loading=\"lazy\" decoding=\"async\" width=\"1000\" height=\"667\" src=\"https:\/\/www.salkantaytrilha.com\/blog\/wp-content\/uploads\/2024\/05\/dancarinos-peruanos-no-brasil.jpg\" alt=\"Dan\u00e7arinos peruanos no Brasil\" class=\"wp-image-281\"\/><figcaption class=\"wp-element-caption\">Dan\u00e7arinos peruanos no Brasil<\/figcaption><\/figure>\n<\/div>\n<\/div>\n\n\n\n<p>Depois de duas escalas, uma em S\u00e3o Paulo e outra j\u00e1 em territ\u00f3rio peruano, na cidade de Lima, meu avi\u00e3o aterrissava no aeroporto Alejandro Velasco Astete, Cusco! Um t\u00e1xi me levou em poucos minutos ao meu hotel e eu adormeci. Um sono profundo me fez relaxar. Acordei de noite e parti para conhecer a terra dos Incas: as callecitas, suas ruas cal\u00e7adas de paralelep\u00edpedo, as luzes m\u00e1gicas da Plaza de Armas tudo t\u00e3o perfeito e o som daquela flautinha voltou eu havia chegado no para\u00edso!<\/p>\n\n\n\n<p>Na minha primeira sa\u00edda pelas ruas, fui tomada de muita emo\u00e7\u00e3o: o povo \u00e9 extremamente acolhedor, eles tratam com carinho e gentileza os turistas &#8211; me senti em casa.<\/p>\n\n\n\n<p>No meu segundo dia compreendi que aquele sono inesperado da chegada havia se tratado do soroche. Meu corpo em contato com a altitude da cidade, 3.600 metros acima do n\u00edvel do mar, resolveu me dar uma desligada para se equilibrar. Depois da chegada n\u00e3o senti mais nada no restante dos dias que fui extremamente feliz.<\/p>\n\n\n\n<div class=\"wp-block-columns is-layout-flex wp-container-core-columns-is-layout-9d6595d7 wp-block-columns-is-layout-flex\">\n<div class=\"wp-block-column is-layout-flow wp-block-column-is-layout-flow\">\n<figure class=\"wp-block-image size-full\"><img loading=\"lazy\" decoding=\"async\" width=\"800\" height=\"1000\" src=\"https:\/\/www.salkantaytrilha.com\/blog\/wp-content\/uploads\/2024\/05\/foto-antiga-decusco.jpg\" alt=\"Foto antiga de Cusco\" class=\"wp-image-283\"\/><figcaption class=\"wp-element-caption\">Foto antiga de Cusco<\/figcaption><\/figure>\n<\/div>\n\n\n\n<div class=\"wp-block-column is-layout-flow wp-block-column-is-layout-flow\">\n<figure class=\"wp-block-image size-full\"><img loading=\"lazy\" decoding=\"async\" width=\"800\" height=\"1000\" src=\"https:\/\/www.salkantaytrilha.com\/blog\/wp-content\/uploads\/2024\/05\/aequitetura-das-ruas-de-cusco.jpg\" alt=\"Arquitetura das ru\u00ednas de Cusco\" class=\"wp-image-282\"\/><figcaption class=\"wp-element-caption\">Arquitetura das ru\u00ednas de Cusco <\/figcaption><\/figure>\n<\/div>\n<\/div>\n\n\n\n<div class=\"wp-block-columns is-layout-flex wp-container-core-columns-is-layout-9d6595d7 wp-block-columns-is-layout-flex\">\n<div class=\"wp-block-column is-layout-flow wp-block-column-is-layout-flow\">\n<figure class=\"wp-block-image size-full\"><img loading=\"lazy\" decoding=\"async\" width=\"1024\" height=\"666\" src=\"https:\/\/www.salkantaytrilha.com\/blog\/wp-content\/uploads\/2024\/05\/praca-principal-cusco-1024x666-1.jpg\" alt=\"Pra\u00e7a principal de Cusco\" class=\"wp-image-284\"\/><figcaption class=\"wp-element-caption\">Pra\u00e7a principal de Cusco <\/figcaption><\/figure>\n<\/div>\n<\/div>\n\n\n\n<p>O<strong> City Tour Cusco<\/strong> me fez compreender que a cidade se divide em 2 partes: a parte de baixo, com&nbsp; a sua magn\u00edfica Plaza de Armas, suas lojas de artesanato, os mercados como o famoso Mercado S\u00e3o Pedro e as ruas principais onde se faz tudo: troca &#8211; se dinheiro nas centenas de casas de c\u00e2mbio, compra -se o chip de sua operadora, troca &#8211; se e compra &#8211; se as passagens de trem para a lend\u00e1ria Machu Picchu, al\u00e9m da aquisi\u00e7\u00e3o de seu BTC &#8211; Boleto Tur\u00edstico del Cusco, que te dar\u00e1 a entrada nos principais S\u00edtios Arqueol\u00f3gicos, atra\u00e7\u00f5es, museus, tudo em poucos passos. E a parte de cima, toda cinematogr\u00e1fica, com vistas plenas de toda a Cidade de Cusco. Suas ruas charmosas e enfeitadas nos levam \u00e0 San Blas, o bairro dos Artistas. Nos levam \u00e0 Catedral de San Cristobal, \u00e0 lend\u00e1ria Sacsayhuaman!<\/p>\n\n\n\n<p>Descrever Cusco como um lugar de sonho para passar as f\u00e9rias talvez seria pouco para uma cidade de atmosfera inebriante. O <strong>tour pelo Vale Sagrado dos Incas<\/strong> arrematou meu cora\u00e7\u00e3o e me fez sentir vontade de ser peruana! <strong>Pisac, Chinchero, Ollantaytambo<\/strong>! Tenha certeza de poder ficar o m\u00e1ximo de tempo, para percorrer cada passo com calma, cuidado e muito amor: essa terra merece!<\/p>\n\n\n\n<div class=\"wp-block-columns is-layout-flex wp-container-core-columns-is-layout-9d6595d7 wp-block-columns-is-layout-flex\">\n<div class=\"wp-block-column is-layout-flow wp-block-column-is-layout-flow\">\n<figure class=\"wp-block-image size-full\"><img loading=\"lazy\" decoding=\"async\" width=\"800\" height=\"1000\" src=\"https:\/\/www.salkantaytrilha.com\/blog\/wp-content\/uploads\/2024\/05\/Mercado-San-Pedro.jpg\" alt=\"Mercado de San Pedro\" class=\"wp-image-286\"\/><figcaption class=\"wp-element-caption\">Mercado de San Pedro<\/figcaption><\/figure>\n<\/div>\n\n\n\n<div class=\"wp-block-column is-layout-flow wp-block-column-is-layout-flow\">\n<figure class=\"wp-block-image size-full\"><img loading=\"lazy\" decoding=\"async\" width=\"800\" height=\"1000\" src=\"https:\/\/www.salkantaytrilha.com\/blog\/wp-content\/uploads\/2024\/05\/Turista-comiendo-plato-tipico-Cusco-Chiriucho.jpg\" alt=\"Prato t\u00edpico de Cusco (Chiriuchu)\" class=\"wp-image-287\"\/><figcaption class=\"wp-element-caption\">Prato t\u00edpico de Cusco (Chiriuchu)<\/figcaption><\/figure>\n<\/div>\n<\/div>\n\n\n\n<p>O que posso falar da minha visita \u00e0 Machu Picchu \u00e9 que mesmo n\u00e3o sendo os Transformers tive uma vis\u00e3o de 360\u00ba de toda a regi\u00e3o do santu\u00e1rio sagrado, como se eu estivesse em um sobrevoo, percorri as ruas da cidade perdida dos Incas! Me senti num filme de aventura, tendo cada passo enriquecido com a narra\u00e7\u00e3o do meu competente guia que sabia tudooooo e muito mais!<\/p>\n\n\n\n<p>Meu sonho de inf\u00e2ncia, desde as aulas de geografia da professora Helena, me fizeram querer chegar na cidade de Puno, para conferir o Lago Titicaca, ser\u00e1 que eu realmente poderia ir no lago mais alto, naveg\u00e1vel do mundo?! E l\u00e1 estava eu, dentro da embarca\u00e7\u00e3o que me levaria \u00e0 Ilha Los Uros &#8211; uma aventura que quero repetir mil vezes na vida!<\/p>\n\n\n\n<div class=\"wp-block-columns is-layout-flex wp-container-core-columns-is-layout-9d6595d7 wp-block-columns-is-layout-flex\">\n<div class=\"wp-block-column is-layout-flow wp-block-column-is-layout-flow\">\n<figure class=\"wp-block-image size-large\"><img loading=\"lazy\" decoding=\"async\" width=\"1024\" height=\"666\" src=\"https:\/\/www.salkantaytrilha.com\/blog\/wp-content\/uploads\/2024\/05\/Machu-Picchu-1024x666.jpg\" alt=\"Machu Picchu\" class=\"wp-image-285\"\/><figcaption class=\"wp-element-caption\">Machu Picchu<\/figcaption><\/figure>\n<\/div>\n<\/div>\n\n\n\n<p>Conhecer a neve! Eu nunca tinha tocado na neve! Cusco \u00e9 rodeado de montanhas nevadas e glaciais: um convite para caminhadas transformadoras em caminhos de sonhos: foi assim que cheguei a base do sagrado Apu Ausangate!<\/p>\n\n\n\n<figure class=\"wp-block-image size-large\"><img loading=\"lazy\" decoding=\"async\" width=\"1024\" height=\"576\" src=\"https:\/\/www.salkantaytrilha.com\/blog\/wp-content\/uploads\/2024\/05\/grupo-lhamas-caminhando-geleira-de-ausangate-1600x900-1-1024x576.jpg\" alt=\"Grupo de lhamas caminhando na geleira Ausangate\" class=\"wp-image-288\"\/><figcaption class=\"wp-element-caption\">Grupo de lhamas caminhando na geleira Ausangate<\/figcaption><\/figure>\n\n\n\n<p>Meus dias na terra dos Incas se passaram num piscar de olhos e por mais de uma vez eu remarquei a minha passagem de volta embarquei rumo ao Brasil chorando de emo\u00e7\u00e3o e gritando l\u00e1 do alto da escada : Tupananchiskama Cusco! Que a vida fa\u00e7a que nos reencontremos novamente, Cusco!\u00a0<\/p>\n\n\n\n<p>Dois anos se passaram desde que meu cora\u00e7\u00e3o virou peruano. J\u00e1 estou com a passagem comprada e embarco agora, dia 30 de maio! Aguardem novas aventuras!<\/p>\n","protected":false},"excerpt":{"rendered":"<p>A minha primeira viagem a Cusco foi tamb\u00e9m a minha primeira experi\u00eancia fora do meu pa\u00eds, Brasil. Sou carioca, nascida e criada no cora\u00e7\u00e3o da cidade do Rio de Janeiro. Voc\u00ea conhece a minha cidade?! Pelo lugar onde nasci, eu [&hellip;]<\/p>\n","protected":false},"author":1,"featured_media":285,"comment_status":"open","ping_status":"open","sticky":false,"template":"","format":"standard","meta":{"footnotes":""},"categories":[40,83,54],"tags":[84,85,57],"class_list":["post-277","post","type-post","status-publish","format-standard","has-post-thumbnail","hentry","category-cusco","category-experiencia-em-cusco","category-machu-picchu","tag-apu-ausangate","tag-experiencia-em-cusco","tag-machu-picchu"],"yoast_head":"<!-- This site is optimized with the Yoast SEO Premium plugin v27.4 (Yoast SEO v27.4) - https:\/\/yoast.com\/product\/yoast-seo-premium-wordpress\/ -->\n<title>Minha Primeira viagem a Cusco - informa\u00e7\u00f5es de viagens<\/title>\n<meta name=\"description\" content=\"Saiba como foi a minha primeira experi\u00eancia em Cusco, vinda de uma carioca pronta para encarar qualquer cidade movimentada.\" \/>\n<meta name=\"robots\" content=\"index, follow, max-snippet:-1, max-image-preview:large, max-video-preview:-1\" \/>\n<link rel=\"canonical\" href=\"https:\/\/www.salkantaytrilha.com\/blog\/minha-primeira-viagem-a-cusco\/\" \/>\n<meta property=\"og:locale\" content=\"pt_BR\" \/>\n<meta property=\"og:type\" content=\"article\" \/>\n<meta property=\"og:title\" content=\"Minha Primeira viagem a Cusco\" \/>\n<meta property=\"og:description\" content=\"Saiba como foi a minha primeira experi\u00eancia em Cusco, vinda de uma carioca pronta para encarar qualquer cidade movimentada.\" \/>\n<meta property=\"og:url\" content=\"https:\/\/www.salkantaytrilha.com\/blog\/minha-primeira-viagem-a-cusco\/\" \/>\n<meta property=\"og:site_name\" content=\"informa\u00e7\u00f5es de viagens\" \/>\n<meta property=\"article:publisher\" content=\"https:\/\/www.facebook.com\/SalkantayTrekking\/\" \/>\n<meta property=\"article:published_time\" content=\"2024-06-06T12:00:00+00:00\" \/>\n<meta property=\"og:image\" content=\"https:\/\/www.salkantaytrilha.com\/blog\/wp-content\/uploads\/2024\/05\/Machu-Picchu.jpg\" \/>\n\t<meta property=\"og:image:width\" content=\"1920\" \/>\n\t<meta property=\"og:image:height\" content=\"1249\" \/>\n\t<meta property=\"og:image:type\" content=\"image\/jpeg\" \/>\n<meta name=\"author\" content=\"Trilha Salkantay\" \/>\n<meta name=\"twitter:card\" content=\"summary_large_image\" \/>\n<meta name=\"twitter:creator\" content=\"@salkantayperu\" \/>\n<meta name=\"twitter:site\" content=\"@salkantayperu\" \/>\n<meta name=\"twitter:label1\" content=\"Escrito por\" \/>\n\t<meta name=\"twitter:data1\" content=\"Trilha Salkantay\" \/>\n\t<meta name=\"twitter:label2\" content=\"Est. tempo de leitura\" \/>\n\t<meta name=\"twitter:data2\" content=\"8 minutos\" \/>\n<script type=\"application\/ld+json\" class=\"yoast-schema-graph\">{\"@context\":\"https:\\\/\\\/schema.org\",\"@graph\":[{\"@type\":\"Article\",\"@id\":\"https:\\\/\\\/www.salkantaytrilha.com\\\/blog\\\/minha-primeira-viagem-a-cusco\\\/#article\",\"isPartOf\":{\"@id\":\"https:\\\/\\\/www.salkantaytrilha.com\\\/blog\\\/minha-primeira-viagem-a-cusco\\\/\"},\"author\":{\"name\":\"Trilha Salkantay\",\"@id\":\"https:\\\/\\\/www.salkantaytrilha.com\\\/blog\\\/#\\\/schema\\\/person\\\/aa0e6175beac59e6519e5407b3d13d0d\"},\"headline\":\"Minha Primeira viagem a Cusco\",\"datePublished\":\"2024-06-06T12:00:00+00:00\",\"mainEntityOfPage\":{\"@id\":\"https:\\\/\\\/www.salkantaytrilha.com\\\/blog\\\/minha-primeira-viagem-a-cusco\\\/\"},\"wordCount\":1084,\"commentCount\":0,\"publisher\":{\"@id\":\"https:\\\/\\\/www.salkantaytrilha.com\\\/blog\\\/#organization\"},\"image\":{\"@id\":\"https:\\\/\\\/www.salkantaytrilha.com\\\/blog\\\/minha-primeira-viagem-a-cusco\\\/#primaryimage\"},\"thumbnailUrl\":\"https:\\\/\\\/www.salkantaytrilha.com\\\/blog\\\/wp-content\\\/uploads\\\/2024\\\/05\\\/Machu-Picchu.jpg\",\"keywords\":[\"Apu Ausangate\",\"Experi\u00eancia em Cusco\",\"Machu Picchu\"],\"articleSection\":[\"Cusco\",\"Experi\u00eancia em Cusco\",\"Machu Picchu\"],\"inLanguage\":\"pt-BR\",\"potentialAction\":[{\"@type\":\"CommentAction\",\"name\":\"Comment\",\"target\":[\"https:\\\/\\\/www.salkantaytrilha.com\\\/blog\\\/minha-primeira-viagem-a-cusco\\\/#respond\"]}]},{\"@type\":\"WebPage\",\"@id\":\"https:\\\/\\\/www.salkantaytrilha.com\\\/blog\\\/minha-primeira-viagem-a-cusco\\\/\",\"url\":\"https:\\\/\\\/www.salkantaytrilha.com\\\/blog\\\/minha-primeira-viagem-a-cusco\\\/\",\"name\":\"Minha Primeira viagem a Cusco - informa\u00e7\u00f5es de viagens\",\"isPartOf\":{\"@id\":\"https:\\\/\\\/www.salkantaytrilha.com\\\/blog\\\/#website\"},\"primaryImageOfPage\":{\"@id\":\"https:\\\/\\\/www.salkantaytrilha.com\\\/blog\\\/minha-primeira-viagem-a-cusco\\\/#primaryimage\"},\"image\":{\"@id\":\"https:\\\/\\\/www.salkantaytrilha.com\\\/blog\\\/minha-primeira-viagem-a-cusco\\\/#primaryimage\"},\"thumbnailUrl\":\"https:\\\/\\\/www.salkantaytrilha.com\\\/blog\\\/wp-content\\\/uploads\\\/2024\\\/05\\\/Machu-Picchu.jpg\",\"datePublished\":\"2024-06-06T12:00:00+00:00\",\"description\":\"Saiba como foi a minha primeira experi\u00eancia em Cusco, vinda de uma carioca pronta para encarar qualquer cidade movimentada.\",\"breadcrumb\":{\"@id\":\"https:\\\/\\\/www.salkantaytrilha.com\\\/blog\\\/minha-primeira-viagem-a-cusco\\\/#breadcrumb\"},\"inLanguage\":\"pt-BR\",\"potentialAction\":[{\"@type\":\"ReadAction\",\"target\":[\"https:\\\/\\\/www.salkantaytrilha.com\\\/blog\\\/minha-primeira-viagem-a-cusco\\\/\"]}]},{\"@type\":\"ImageObject\",\"inLanguage\":\"pt-BR\",\"@id\":\"https:\\\/\\\/www.salkantaytrilha.com\\\/blog\\\/minha-primeira-viagem-a-cusco\\\/#primaryimage\",\"url\":\"https:\\\/\\\/www.salkantaytrilha.com\\\/blog\\\/wp-content\\\/uploads\\\/2024\\\/05\\\/Machu-Picchu.jpg\",\"contentUrl\":\"https:\\\/\\\/www.salkantaytrilha.com\\\/blog\\\/wp-content\\\/uploads\\\/2024\\\/05\\\/Machu-Picchu.jpg\",\"width\":1920,\"height\":1249,\"caption\":\"Machu Picchu\"},{\"@type\":\"BreadcrumbList\",\"@id\":\"https:\\\/\\\/www.salkantaytrilha.com\\\/blog\\\/minha-primeira-viagem-a-cusco\\\/#breadcrumb\",\"itemListElement\":[{\"@type\":\"ListItem\",\"position\":1,\"name\":\"In\u00edcio\",\"item\":\"https:\\\/\\\/www.salkantaytrilha.com\\\/blog\\\/\"},{\"@type\":\"ListItem\",\"position\":2,\"name\":\"Minha Primeira viagem a Cusco\"}]},{\"@type\":\"WebSite\",\"@id\":\"https:\\\/\\\/www.salkantaytrilha.com\\\/blog\\\/#website\",\"url\":\"https:\\\/\\\/www.salkantaytrilha.com\\\/blog\\\/\",\"name\":\"informa\u00e7\u00f5es de viagens a Machu Picchu\",\"description\":\"\",\"publisher\":{\"@id\":\"https:\\\/\\\/www.salkantaytrilha.com\\\/blog\\\/#organization\"},\"potentialAction\":[{\"@type\":\"SearchAction\",\"target\":{\"@type\":\"EntryPoint\",\"urlTemplate\":\"https:\\\/\\\/www.salkantaytrilha.com\\\/blog\\\/?s={search_term_string}\"},\"query-input\":{\"@type\":\"PropertyValueSpecification\",\"valueRequired\":true,\"valueName\":\"search_term_string\"}}],\"inLanguage\":\"pt-BR\"},{\"@type\":\"Organization\",\"@id\":\"https:\\\/\\\/www.salkantaytrilha.com\\\/blog\\\/#organization\",\"name\":\"informa\u00e7\u00f5es de viagens a Machu Picchu\",\"url\":\"https:\\\/\\\/www.salkantaytrilha.com\\\/blog\\\/\",\"logo\":{\"@type\":\"ImageObject\",\"inLanguage\":\"pt-BR\",\"@id\":\"https:\\\/\\\/www.salkantaytrilha.com\\\/blog\\\/#\\\/schema\\\/logo\\\/image\\\/\",\"url\":\"https:\\\/\\\/www.salkantaytrilha.com\\\/blog\\\/wp-content\\\/uploads\\\/2024\\\/05\\\/salkantaytrekking-new-300x128-1.png\",\"contentUrl\":\"https:\\\/\\\/www.salkantaytrilha.com\\\/blog\\\/wp-content\\\/uploads\\\/2024\\\/05\\\/salkantaytrekking-new-300x128-1.png\",\"width\":300,\"height\":128,\"caption\":\"informa\u00e7\u00f5es de viagens a Machu Picchu\"},\"image\":{\"@id\":\"https:\\\/\\\/www.salkantaytrilha.com\\\/blog\\\/#\\\/schema\\\/logo\\\/image\\\/\"},\"sameAs\":[\"https:\\\/\\\/www.facebook.com\\\/SalkantayTrekking\\\/\",\"https:\\\/\\\/x.com\\\/salkantayperu\",\"https:\\\/\\\/www.pinterest.com\\\/salkantaytrekking\\\/\",\"https:\\\/\\\/www.instagram.com\\\/salkantaytrekking\\\/\",\"https:\\\/\\\/www.youtube.com\\\/user\\\/salkantaytrekking\",\"https:\\\/\\\/www.tiktok.com\\\/@salkantaytrekking\"]},{\"@type\":\"Person\",\"@id\":\"https:\\\/\\\/www.salkantaytrilha.com\\\/blog\\\/#\\\/schema\\\/person\\\/aa0e6175beac59e6519e5407b3d13d0d\",\"name\":\"Trilha Salkantay\",\"image\":{\"@type\":\"ImageObject\",\"inLanguage\":\"pt-BR\",\"@id\":\"https:\\\/\\\/secure.gravatar.com\\\/avatar\\\/b41678a33c57a2bf0032b7c254611fc97caffd94ade0663405b364d1c0177d1d?s=96&d=mm&r=g\",\"url\":\"https:\\\/\\\/secure.gravatar.com\\\/avatar\\\/b41678a33c57a2bf0032b7c254611fc97caffd94ade0663405b364d1c0177d1d?s=96&d=mm&r=g\",\"contentUrl\":\"https:\\\/\\\/secure.gravatar.com\\\/avatar\\\/b41678a33c57a2bf0032b7c254611fc97caffd94ade0663405b364d1c0177d1d?s=96&d=mm&r=g\",\"caption\":\"Trilha Salkantay\"},\"sameAs\":[\"https:\\\/\\\/www.salkantaytrilha.com\\\/blog\"]}]}<\/script>\n<!-- \/ Yoast SEO Premium plugin. -->","yoast_head_json":{"title":"Minha Primeira viagem a Cusco - informa\u00e7\u00f5es de viagens","description":"Saiba como foi a minha primeira experi\u00eancia em Cusco, vinda de uma carioca pronta para encarar qualquer cidade movimentada.","robots":{"index":"index","follow":"follow","max-snippet":"max-snippet:-1","max-image-preview":"max-image-preview:large","max-video-preview":"max-video-preview:-1"},"canonical":"https:\/\/www.salkantaytrilha.com\/blog\/minha-primeira-viagem-a-cusco\/","og_locale":"pt_BR","og_type":"article","og_title":"Minha Primeira viagem a Cusco","og_description":"Saiba como foi a minha primeira experi\u00eancia em Cusco, vinda de uma carioca pronta para encarar qualquer cidade movimentada.","og_url":"https:\/\/www.salkantaytrilha.com\/blog\/minha-primeira-viagem-a-cusco\/","og_site_name":"informa\u00e7\u00f5es de viagens","article_publisher":"https:\/\/www.facebook.com\/SalkantayTrekking\/","article_published_time":"2024-06-06T12:00:00+00:00","og_image":[{"width":1920,"height":1249,"url":"https:\/\/www.salkantaytrilha.com\/blog\/wp-content\/uploads\/2024\/05\/Machu-Picchu.jpg","type":"image\/jpeg"}],"author":"Trilha Salkantay","twitter_card":"summary_large_image","twitter_creator":"@salkantayperu","twitter_site":"@salkantayperu","twitter_misc":{"Escrito por":"Trilha Salkantay","Est. tempo de leitura":"8 minutos"},"schema":{"@context":"https:\/\/schema.org","@graph":[{"@type":"Article","@id":"https:\/\/www.salkantaytrilha.com\/blog\/minha-primeira-viagem-a-cusco\/#article","isPartOf":{"@id":"https:\/\/www.salkantaytrilha.com\/blog\/minha-primeira-viagem-a-cusco\/"},"author":{"name":"Trilha Salkantay","@id":"https:\/\/www.salkantaytrilha.com\/blog\/#\/schema\/person\/aa0e6175beac59e6519e5407b3d13d0d"},"headline":"Minha Primeira viagem a Cusco","datePublished":"2024-06-06T12:00:00+00:00","mainEntityOfPage":{"@id":"https:\/\/www.salkantaytrilha.com\/blog\/minha-primeira-viagem-a-cusco\/"},"wordCount":1084,"commentCount":0,"publisher":{"@id":"https:\/\/www.salkantaytrilha.com\/blog\/#organization"},"image":{"@id":"https:\/\/www.salkantaytrilha.com\/blog\/minha-primeira-viagem-a-cusco\/#primaryimage"},"thumbnailUrl":"https:\/\/www.salkantaytrilha.com\/blog\/wp-content\/uploads\/2024\/05\/Machu-Picchu.jpg","keywords":["Apu Ausangate","Experi\u00eancia em Cusco","Machu Picchu"],"articleSection":["Cusco","Experi\u00eancia em Cusco","Machu Picchu"],"inLanguage":"pt-BR","potentialAction":[{"@type":"CommentAction","name":"Comment","target":["https:\/\/www.salkantaytrilha.com\/blog\/minha-primeira-viagem-a-cusco\/#respond"]}]},{"@type":"WebPage","@id":"https:\/\/www.salkantaytrilha.com\/blog\/minha-primeira-viagem-a-cusco\/","url":"https:\/\/www.salkantaytrilha.com\/blog\/minha-primeira-viagem-a-cusco\/","name":"Minha Primeira viagem a Cusco - informa\u00e7\u00f5es de viagens","isPartOf":{"@id":"https:\/\/www.salkantaytrilha.com\/blog\/#website"},"primaryImageOfPage":{"@id":"https:\/\/www.salkantaytrilha.com\/blog\/minha-primeira-viagem-a-cusco\/#primaryimage"},"image":{"@id":"https:\/\/www.salkantaytrilha.com\/blog\/minha-primeira-viagem-a-cusco\/#primaryimage"},"thumbnailUrl":"https:\/\/www.salkantaytrilha.com\/blog\/wp-content\/uploads\/2024\/05\/Machu-Picchu.jpg","datePublished":"2024-06-06T12:00:00+00:00","description":"Saiba como foi a minha primeira experi\u00eancia em Cusco, vinda de uma carioca pronta para encarar qualquer cidade movimentada.","breadcrumb":{"@id":"https:\/\/www.salkantaytrilha.com\/blog\/minha-primeira-viagem-a-cusco\/#breadcrumb"},"inLanguage":"pt-BR","potentialAction":[{"@type":"ReadAction","target":["https:\/\/www.salkantaytrilha.com\/blog\/minha-primeira-viagem-a-cusco\/"]}]},{"@type":"ImageObject","inLanguage":"pt-BR","@id":"https:\/\/www.salkantaytrilha.com\/blog\/minha-primeira-viagem-a-cusco\/#primaryimage","url":"https:\/\/www.salkantaytrilha.com\/blog\/wp-content\/uploads\/2024\/05\/Machu-Picchu.jpg","contentUrl":"https:\/\/www.salkantaytrilha.com\/blog\/wp-content\/uploads\/2024\/05\/Machu-Picchu.jpg","width":1920,"height":1249,"caption":"Machu Picchu"},{"@type":"BreadcrumbList","@id":"https:\/\/www.salkantaytrilha.com\/blog\/minha-primeira-viagem-a-cusco\/#breadcrumb","itemListElement":[{"@type":"ListItem","position":1,"name":"In\u00edcio","item":"https:\/\/www.salkantaytrilha.com\/blog\/"},{"@type":"ListItem","position":2,"name":"Minha Primeira viagem a Cusco"}]},{"@type":"WebSite","@id":"https:\/\/www.salkantaytrilha.com\/blog\/#website","url":"https:\/\/www.salkantaytrilha.com\/blog\/","name":"informa\u00e7\u00f5es de viagens a Machu Picchu","description":"","publisher":{"@id":"https:\/\/www.salkantaytrilha.com\/blog\/#organization"},"potentialAction":[{"@type":"SearchAction","target":{"@type":"EntryPoint","urlTemplate":"https:\/\/www.salkantaytrilha.com\/blog\/?s={search_term_string}"},"query-input":{"@type":"PropertyValueSpecification","valueRequired":true,"valueName":"search_term_string"}}],"inLanguage":"pt-BR"},{"@type":"Organization","@id":"https:\/\/www.salkantaytrilha.com\/blog\/#organization","name":"informa\u00e7\u00f5es de viagens a Machu Picchu","url":"https:\/\/www.salkantaytrilha.com\/blog\/","logo":{"@type":"ImageObject","inLanguage":"pt-BR","@id":"https:\/\/www.salkantaytrilha.com\/blog\/#\/schema\/logo\/image\/","url":"https:\/\/www.salkantaytrilha.com\/blog\/wp-content\/uploads\/2024\/05\/salkantaytrekking-new-300x128-1.png","contentUrl":"https:\/\/www.salkantaytrilha.com\/blog\/wp-content\/uploads\/2024\/05\/salkantaytrekking-new-300x128-1.png","width":300,"height":128,"caption":"informa\u00e7\u00f5es de viagens a Machu Picchu"},"image":{"@id":"https:\/\/www.salkantaytrilha.com\/blog\/#\/schema\/logo\/image\/"},"sameAs":["https:\/\/www.facebook.com\/SalkantayTrekking\/","https:\/\/x.com\/salkantayperu","https:\/\/www.pinterest.com\/salkantaytrekking\/","https:\/\/www.instagram.com\/salkantaytrekking\/","https:\/\/www.youtube.com\/user\/salkantaytrekking","https:\/\/www.tiktok.com\/@salkantaytrekking"]},{"@type":"Person","@id":"https:\/\/www.salkantaytrilha.com\/blog\/#\/schema\/person\/aa0e6175beac59e6519e5407b3d13d0d","name":"Trilha Salkantay","image":{"@type":"ImageObject","inLanguage":"pt-BR","@id":"https:\/\/secure.gravatar.com\/avatar\/b41678a33c57a2bf0032b7c254611fc97caffd94ade0663405b364d1c0177d1d?s=96&d=mm&r=g","url":"https:\/\/secure.gravatar.com\/avatar\/b41678a33c57a2bf0032b7c254611fc97caffd94ade0663405b364d1c0177d1d?s=96&d=mm&r=g","contentUrl":"https:\/\/secure.gravatar.com\/avatar\/b41678a33c57a2bf0032b7c254611fc97caffd94ade0663405b364d1c0177d1d?s=96&d=mm&r=g","caption":"Trilha Salkantay"},"sameAs":["https:\/\/www.salkantaytrilha.com\/blog"]}]}},"_links":{"self":[{"href":"https:\/\/www.salkantaytrilha.com\/blog\/wp-json\/wp\/v2\/posts\/277","targetHints":{"allow":["GET"]}}],"collection":[{"href":"https:\/\/www.salkantaytrilha.com\/blog\/wp-json\/wp\/v2\/posts"}],"about":[{"href":"https:\/\/www.salkantaytrilha.com\/blog\/wp-json\/wp\/v2\/types\/post"}],"author":[{"embeddable":true,"href":"https:\/\/www.salkantaytrilha.com\/blog\/wp-json\/wp\/v2\/users\/1"}],"replies":[{"embeddable":true,"href":"https:\/\/www.salkantaytrilha.com\/blog\/wp-json\/wp\/v2\/comments?post=277"}],"version-history":[{"count":1,"href":"https:\/\/www.salkantaytrilha.com\/blog\/wp-json\/wp\/v2\/posts\/277\/revisions"}],"predecessor-version":[{"id":289,"href":"https:\/\/www.salkantaytrilha.com\/blog\/wp-json\/wp\/v2\/posts\/277\/revisions\/289"}],"wp:featuredmedia":[{"embeddable":true,"href":"https:\/\/www.salkantaytrilha.com\/blog\/wp-json\/wp\/v2\/media\/285"}],"wp:attachment":[{"href":"https:\/\/www.salkantaytrilha.com\/blog\/wp-json\/wp\/v2\/media?parent=277"}],"wp:term":[{"taxonomy":"category","embeddable":true,"href":"https:\/\/www.salkantaytrilha.com\/blog\/wp-json\/wp\/v2\/categories?post=277"},{"taxonomy":"post_tag","embeddable":true,"href":"https:\/\/www.salkantaytrilha.com\/blog\/wp-json\/wp\/v2\/tags?post=277"}],"curies":[{"name":"wp","href":"https:\/\/api.w.org\/{rel}","templated":true}]}}