{"id":2793,"date":"2025-03-11T12:15:10","date_gmt":"2025-03-11T15:15:10","guid":{"rendered":"https:\/\/www.salkantaytrilha.com\/blog\/?p=2793"},"modified":"2026-03-02T12:04:52","modified_gmt":"2026-03-02T15:04:52","slug":"caminho-inca-a-nova-lei-do-carregador","status":"publish","type":"post","link":"https:\/\/www.salkantaytrilha.com\/blog\/caminho-inca-a-nova-lei-do-carregador\/","title":{"rendered":"Caminho Inca: A nova lei do carregador"},"content":{"rendered":"\n<p>O caminho Inca \u00e9 considerado uma das melhores rotas de trekking do mundo. Percorrer 46 quil\u00f4metros visitando diferentes centros arqueol\u00f3gicos incas, rodeados por uma diversificada flora e fauna, para chegar \u00e0 cidade inca de Machu Picchu, sem d\u00favida, \u00e9 uma experi\u00eancia \u00fanica, perfeita para os amantes da aventura, da hist\u00f3ria e da cultura. Segundo o cronista Juan de Betanzos, este caminho foi constru\u00eddo durante o governo do Inca Pachauteq h\u00e1 mais de 500 anos, e servia, no passado, para o tr\u00e1fego de pessoas, transporte de alimentos e viagens do ex\u00e9rcito.<\/p>\n\n\n\n<p>No entanto, \u00e9 necess\u00e1rio mencionar que atualmente, para realizar esta rota de trekking, o uso de animais de carga est\u00e1 proibido. Isso significa que, para percorrer todos os quil\u00f4metros do caminho inca, \u00e9 essencial e fundamental a ajuda dos carregadores, que facilitam o transporte de equipamentos e a gest\u00e3o dos acampamentos.<\/p>\n\n\n\n<p>Nesse sentido, abordaremos a import\u00e2ncia do carregador no caminho inca e, tamb\u00e9m, refletiremos sobre a nova lei da categoria que foi aprovada pelo governo peruano em novembro de 2022, a qual busca proteger e garantir seus direitos trabalhistas.<\/p>\n\n\n\n<div class=\"wp-block-rank-math-toc-block anchor-links\"><ul><li><a href=\"#h-quem-sao-os-carregadores-do-caminho-inca\" >Quem s\u00e3o os carregadores do caminho inca?<\/a><\/li><li><a href=\"#h-aspectos-chave-da-lei-n\u00ba-31624-do-trabalhador-de-carga\" >Aspectos chave da lei N\u00ba 31624 do trabalhador de carga<\/a><\/li><li><a href=\"#h-pode-te-interessar\" >Pode te interessar:<\/a><\/li><\/nav><\/ul><\/div>\n\n\n\n<div class=\"wp-block-columns is-layout-flex wp-container-core-columns-is-layout-9d6595d7 wp-block-columns-is-layout-flex\">\n<div class=\"wp-block-column is-layout-flow wp-block-column-is-layout-flow\"><div class=\"wp-block-image\">\n<figure class=\"aligncenter size-large\"><img loading=\"lazy\" decoding=\"async\" width=\"1024\" height=\"664\" src=\"https:\/\/www.salkantaytrilha.com\/blog\/wp-content\/uploads\/2025\/03\/os-carregadores-do-caminho-inca-1024x664.jpg\" alt=\"os carregadores do caminho inca\" class=\"wp-image-2798\"\/><figcaption class=\"wp-element-caption\">os carregadores do caminho inca<\/figcaption><\/figure>\n<\/div><\/div>\n<\/div>\n\n\n\n<h2 class=\"wp-block-heading\" id=\"h-quem-sao-os-carregadores-do-caminho-inca\">Quem s\u00e3o os carregadores do caminho inca?<\/h2>\n\n\n\n<p>Os carregadores s\u00e3o aquelas pessoas que, com seu pr\u00f3prio corpo e esfor\u00e7o f\u00edsico, se dedicam ao transporte de equipamentos pesados dos visitantes e das ag\u00eancias de turismo, como tendas, equipamentos de cozinha, utens\u00edlios, mochilas, entre outros. Al\u00e9m disso, eles gerenciam todo o equipamento necess\u00e1rio para montar e desfrutar dos acampamentos.<\/p>\n\n\n\n<p>Eles v\u00eam de \u00e1reas altoandinas at\u00e9 a cidade inca, falam quechua e espanhol, possuem amplo conhecimento do local e de sua hist\u00f3ria. Seu trabalho \u00e9 o mais importante e fatigante no caminho inca, o que gera admira\u00e7\u00e3o entre os visitantes e \u00e9 comparado ao trabalho dos \u201cchasquis\u201d que, no passado, foram os mensageiros do inca, percorrendo grandes dist\u00e2ncias para entregar mensagens ou qualquer tipo de artigo, movendo-se agilmente pela rede de caminhos incas.<\/p>\n\n\n\n<p>\u00c9 importante observar que o esp\u00edrito deste artigo se baseia no livro e document\u00e1rio de &#8220;Gregorio Condori Mamani&#8221;, dos antrop\u00f3logos Ricardo Valderrama Escalante, Carmen Escalante Guti\u00e9rrez e do cineasta cusquenho Jorge Luis Yabar, que descreveram autobiograficamente a realidade e as condi\u00e7\u00f5es em que o carregador Gregorio Condori Mamani vivia na d\u00e9cada de 1970 em Cusco. Em ambos os trabalhos, foi mostrado que os carregadores em Cusco, tamb\u00e9m conhecidos como transportadores, estavam cercados de desigualdade, recebendo tratamento injusto e sem prote\u00e7\u00e3o ou garantia de seus direitos trabalhistas. Esses homens, al\u00e9m de carregar e empilhar as mercadorias alheias, tamb\u00e9m levavam nas costas as sombras e as hist\u00f3rias de outros.<\/p>\n\n\n\n<div class=\"wp-block-columns is-layout-flex wp-container-core-columns-is-layout-9d6595d7 wp-block-columns-is-layout-flex\">\n<div class=\"wp-block-column is-layout-flow wp-block-column-is-layout-flow\">\n<figure class=\"wp-block-image size-large\"><img loading=\"lazy\" decoding=\"async\" width=\"1024\" height=\"684\" src=\"https:\/\/www.salkantaytrilha.com\/blog\/wp-content\/uploads\/2025\/03\/Caminho-Inca-carregador-1024x684.jpg\" alt=\"Carregador do Trilha Inca\" class=\"wp-image-2799\"\/><figcaption class=\"wp-element-caption\">Carregador do Trilha Inca<\/figcaption><\/figure>\n<\/div>\n<\/div>\n\n\n\n<h2 class=\"wp-block-heading\" id=\"h-aspectos-chave-da-lei-n\u00ba-31624-do-trabalhador-de-carga\">Aspectos chave da lei N\u00ba 31624 do trabalhador de carga<\/h2>\n\n\n\n<ol class=\"wp-block-list\">\n<li><strong>Rela\u00e7\u00e3o laboral<\/strong><br>O carregador est\u00e1 subordinado ao seu empregador, que neste caso \u00e9 uma empresa ou ag\u00eancia de turismo, sob o regime laboral privado, para cobrir servi\u00e7os de transporte de carga de forma permanente, por\u00e9m descont\u00ednua.<\/li>\n\n\n\n<li><strong>Idade<\/strong><br>Foi proposto que a idade m\u00ednima seja de 18 anos, em vez de 16 anos, pois a nova lei estabelece padr\u00f5es m\u00ednimos para a seguran\u00e7a e sa\u00fade no trabalho. Tamb\u00e9m exige um limite de peso na carga de 20 quilos para homens e 15 quilos para mulheres.<\/li>\n\n\n\n<li><strong>Jornada de trabalho<\/strong><br>A jornada de trabalho do carregador no caminho inca \u00e9 composta por no m\u00e1ximo 48 horas semanais, com 5 dias de descanso entre uma jornada e outra.<\/li>\n\n\n\n<li><strong>Condi\u00e7\u00f5es de trabalho<\/strong><br>O carregador tem direito a condi\u00e7\u00f5es laborais m\u00ednimas, como:\n<ul class=\"wp-block-list\">\n<li>Fornecimento de alimentos com dietas nutritivas, roupas e equipamentos adequados, faixa lombar, elementos para pernoite, cuidados e descanso adequados, que devem ser fornecidos pelo operador tur\u00edstico.<\/li>\n\n\n\n<li>Devem ter um seguro complementar ao trabalho de risco, que deve ser garantido pelo operador tur\u00edstico.<\/li>\n\n\n\n<li>O limite de carga para os homens \u00e9 de at\u00e9 20 kg e para as mulheres \u00e9 de 15 kg.<\/li>\n\n\n\n<li>O per\u00edodo de descanso deve garantir a recupera\u00e7\u00e3o do trabalhador, evitando a acumula\u00e7\u00e3o de fadiga.<\/li>\n\n\n\n<li>O pernoite deve ser realizado em ambientes adequados, sob teto, durante os dias de descanso, garantindo o cuidado da vida e do trabalhador;<\/li>\n<\/ul>\n<\/li>\n\n\n\n<li><strong>Obriga\u00e7\u00f5es do carregador<\/strong><br>O carregador deve estar \u00e0 disposi\u00e7\u00e3o do empregador desde o in\u00edcio at\u00e9 o final da expedi\u00e7\u00e3o. Al\u00e9m disso, deve usar a vestimenta adequada e os equipamentos de prote\u00e7\u00e3o para transportar a carga atribu\u00edda durante a expedi\u00e7\u00e3o, conforme as condi\u00e7\u00f5es estabelecidas na norma.<\/li>\n\n\n\n<li><strong>Remunera\u00e7\u00e3o<\/strong><br>O carregador deve receber como pagamento \u00fanico uma retribui\u00e7\u00e3o m\u00ednima n\u00e3o inferior a 3% de uma UIT por jornada di\u00e1ria, o que equivale a S\/138 soles por jornada. Caso exer\u00e7a a fun\u00e7\u00e3o de cozinheiro, receber\u00e1 um adicional de 30% sobre a retribui\u00e7\u00e3o m\u00ednima. As horas extras, al\u00e9m da jornada de 48 horas semanais, ser\u00e3o pagas.<\/li>\n\n\n\n<li><strong>Prote\u00e7\u00e3o dos direitos fundamentais trabalhistas<\/strong><br>A atividade trabalhista realizada deve respeitar os direitos fundamentais e trabalhistas. Os carregadores devem realizar suas atividades em igualdade de oportunidades e sem discrimina\u00e7\u00e3o. Devem ter respeitado o direito \u00e0 liberdade de trabalho e aos direitos coletivos. \u00c9 proibida a contrata\u00e7\u00e3o de menores de 18 anos.<\/li>\n\n\n\n<li><strong>Atividade de risco<\/strong><br>A atividade realizada pelo trabalhador \u00e9 uma atividade de risco, e as empresas ou ag\u00eancias de viagens\/turismo devem pagar o seguro complementar de trabalho de risco (STCR) enquanto durar a jornada.<\/li>\n\n\n\n<li><strong>Seguran\u00e7a e sa\u00fade no trabalho<\/strong><br>As empresas ou ag\u00eancias de viagens\/turismo s\u00e3o obrigadas a garantir e implementar as medidas de seguran\u00e7a e sa\u00fade no trabalho, avaliando as condi\u00e7\u00f5es f\u00edsicas, psicol\u00f3gicas e geogr\u00e1ficas. A autoridade nacional competente para o acesso \u00e0s \u00e1reas onde essas atividades s\u00e3o realizadas ser\u00e1 respons\u00e1vel por garantir o cumprimento desta disposi\u00e7\u00e3o.<\/li>\n\n\n\n<li><strong>Registro Nacional de Trabalhadores de Carga<\/strong><br>As organiza\u00e7\u00f5es dos carregadores, devidamente registradas e constitu\u00eddas, devem criar e implementar o Registro de Trabalhadores de Carga.<\/li>\n\n\n\n<li><strong>Outras disposi\u00e7\u00f5es<\/strong>\n<ul class=\"wp-block-list\">\n<li>O pernoite deve ser realizado em ambientes adequados.<\/li>\n\n\n\n<li>O carregador deve ter os equipamentos e vestimentas adequadas.<\/li>\n\n\n\n<li>O Minist\u00e9rio da Cultura permite a entrada gratuita do carregador na Rede de Caminhos Inca, assim como faz com os trabalhadores de entidades p\u00fablicas, desde que seja para a presta\u00e7\u00e3o de seus servi\u00e7os.<\/li>\n<\/ul>\n<\/li>\n<\/ol>\n\n\n\n<h2 class=\"wp-block-heading\" id=\"h-pode-te-interessar\">Pode te interessar:<\/h2>\n\n\n\n<ul class=\"wp-block-list\">\n<li><strong><a href=\"https:\/\/www.salkantaytrilha.com\/blog\/que-roupa-usar-para-o-caminho-inca-2025\/\">Que roupa usar para o Caminho Inca?<\/a><\/strong><\/li>\n\n\n\n<li><strong><a href=\"https:\/\/www.salkantaytrilha.com\/blog\/trilha-inca-2025-o-guia-completo-de-trekking\/\">Trilha Inca: O Guia Completo de Trekking<\/a><\/strong><\/li>\n\n\n\n<li><strong><a href=\"https:\/\/www.salkantaytrilha.com\/blog\/dicas-para-fazer-o-caminho-inca-ate-machu-picchu\/\">Dicas para fazer o Caminho Inca at\u00e9 Machu Picchu<\/a><\/strong><\/li>\n<\/ul>\n\n\n\n<p><\/p>\n\n\n\n<ul class=\"wp-block-list lang\">\n<li class=\"en\"><a href=\"https:\/\/www.salkantaytrekking.com\/blog\/inca-trail-the-new-porter-law\/\">EN<\/a><\/li>\n\n\n\n<li class=\"es\"><a href=\"https:\/\/www.caminosalkantay.com\/blog\/camino-inca-la-nueva-ley-del-porteador\/\">ES<\/a><\/li>\n<\/ul>\n","protected":false},"excerpt":{"rendered":"<p>O caminho Inca \u00e9 considerado uma das melhores rotas de trekking do mundo. Percorrer 46 quil\u00f4metros visitando diferentes centros arqueol\u00f3gicos incas, rodeados por uma diversificada flora e fauna, para chegar \u00e0 cidade inca de Machu Picchu, sem d\u00favida, \u00e9 uma [&hellip;]<\/p>\n","protected":false},"author":1,"featured_media":2797,"comment_status":"open","ping_status":"open","sticky":false,"template":"","format":"standard","meta":{"footnotes":""},"categories":[260,900,207],"tags":[261,57,209],"class_list":["post-2793","post","type-post","status-publish","format-standard","has-post-thumbnail","hentry","category-caminho-inca","category-carregador","category-trilha-inca","tag-caminho-inca","tag-machu-picchu","tag-trilha-inca"],"yoast_head":"<!-- This site is optimized with the Yoast SEO Premium plugin v27.4 (Yoast SEO v27.4) - https:\/\/yoast.com\/product\/yoast-seo-premium-wordpress\/ -->\n<title>Caminho Inca: A nova lei do carregador - informa\u00e7\u00f5es de viagens<\/title>\n<meta name=\"description\" content=\"Conhe\u00e7a o Caminho Inca carregador e sua import\u00e2ncia hist\u00f3rica. Uma aventura \u00fanica no cora\u00e7\u00e3o da cultura inca.\" \/>\n<meta name=\"robots\" content=\"index, follow, max-snippet:-1, max-image-preview:large, max-video-preview:-1\" \/>\n<link rel=\"canonical\" href=\"https:\/\/www.salkantaytrilha.com\/blog\/caminho-inca-a-nova-lei-do-carregador\/\" \/>\n<meta property=\"og:locale\" content=\"pt_BR\" \/>\n<meta property=\"og:type\" content=\"article\" \/>\n<meta property=\"og:title\" content=\"Caminho Inca: A nova lei do carregador\" \/>\n<meta property=\"og:description\" content=\"Conhe\u00e7a o Caminho Inca carregador e sua import\u00e2ncia hist\u00f3rica. Uma aventura \u00fanica no cora\u00e7\u00e3o da cultura inca.\" \/>\n<meta property=\"og:url\" content=\"https:\/\/www.salkantaytrilha.com\/blog\/caminho-inca-a-nova-lei-do-carregador\/\" \/>\n<meta property=\"og:site_name\" content=\"informa\u00e7\u00f5es de viagens\" \/>\n<meta property=\"article:publisher\" content=\"https:\/\/www.facebook.com\/SalkantayTrekking\/\" \/>\n<meta property=\"article:published_time\" content=\"2025-03-11T15:15:10+00:00\" \/>\n<meta property=\"article:modified_time\" content=\"2026-03-02T15:04:52+00:00\" \/>\n<meta property=\"og:image\" content=\"https:\/\/www.salkantaytrilha.com\/blog\/wp-content\/uploads\/2025\/03\/Caminho-Inca-A-nova-lei-do-carregador-scaled.jpg\" \/>\n\t<meta property=\"og:image:width\" content=\"2560\" \/>\n\t<meta property=\"og:image:height\" content=\"1439\" \/>\n\t<meta property=\"og:image:type\" content=\"image\/jpeg\" \/>\n<meta name=\"author\" content=\"Trilha Salkantay\" \/>\n<meta name=\"twitter:card\" content=\"summary_large_image\" \/>\n<meta name=\"twitter:creator\" content=\"@salkantayperu\" \/>\n<meta name=\"twitter:site\" content=\"@salkantayperu\" \/>\n<meta name=\"twitter:label1\" content=\"Escrito por\" \/>\n\t<meta name=\"twitter:data1\" content=\"Trilha Salkantay\" \/>\n\t<meta name=\"twitter:label2\" content=\"Est. tempo de leitura\" \/>\n\t<meta name=\"twitter:data2\" content=\"7 minutos\" \/>\n<script type=\"application\/ld+json\" class=\"yoast-schema-graph\">{\"@context\":\"https:\\\/\\\/schema.org\",\"@graph\":[{\"@type\":\"Article\",\"@id\":\"https:\\\/\\\/www.salkantaytrilha.com\\\/blog\\\/caminho-inca-a-nova-lei-do-carregador\\\/#article\",\"isPartOf\":{\"@id\":\"https:\\\/\\\/www.salkantaytrilha.com\\\/blog\\\/caminho-inca-a-nova-lei-do-carregador\\\/\"},\"author\":{\"name\":\"Trilha Salkantay\",\"@id\":\"https:\\\/\\\/www.salkantaytrilha.com\\\/blog\\\/#\\\/schema\\\/person\\\/aa0e6175beac59e6519e5407b3d13d0d\"},\"headline\":\"Caminho Inca: A nova lei do carregador\",\"datePublished\":\"2025-03-11T15:15:10+00:00\",\"dateModified\":\"2026-03-02T15:04:52+00:00\",\"mainEntityOfPage\":{\"@id\":\"https:\\\/\\\/www.salkantaytrilha.com\\\/blog\\\/caminho-inca-a-nova-lei-do-carregador\\\/\"},\"wordCount\":1102,\"commentCount\":0,\"publisher\":{\"@id\":\"https:\\\/\\\/www.salkantaytrilha.com\\\/blog\\\/#organization\"},\"image\":{\"@id\":\"https:\\\/\\\/www.salkantaytrilha.com\\\/blog\\\/caminho-inca-a-nova-lei-do-carregador\\\/#primaryimage\"},\"thumbnailUrl\":\"https:\\\/\\\/www.salkantaytrilha.com\\\/blog\\\/wp-content\\\/uploads\\\/2025\\\/03\\\/Caminho-Inca-A-nova-lei-do-carregador-scaled.jpg\",\"keywords\":[\"Caminho Inca\",\"Machu Picchu\",\"Trilha Inca\"],\"articleSection\":[\"Caminho Inca\",\"Carregador\",\"Trilha Inca\"],\"inLanguage\":\"pt-BR\",\"potentialAction\":[{\"@type\":\"CommentAction\",\"name\":\"Comment\",\"target\":[\"https:\\\/\\\/www.salkantaytrilha.com\\\/blog\\\/caminho-inca-a-nova-lei-do-carregador\\\/#respond\"]}]},{\"@type\":\"WebPage\",\"@id\":\"https:\\\/\\\/www.salkantaytrilha.com\\\/blog\\\/caminho-inca-a-nova-lei-do-carregador\\\/\",\"url\":\"https:\\\/\\\/www.salkantaytrilha.com\\\/blog\\\/caminho-inca-a-nova-lei-do-carregador\\\/\",\"name\":\"Caminho Inca: A nova lei do carregador - informa\u00e7\u00f5es de viagens\",\"isPartOf\":{\"@id\":\"https:\\\/\\\/www.salkantaytrilha.com\\\/blog\\\/#website\"},\"primaryImageOfPage\":{\"@id\":\"https:\\\/\\\/www.salkantaytrilha.com\\\/blog\\\/caminho-inca-a-nova-lei-do-carregador\\\/#primaryimage\"},\"image\":{\"@id\":\"https:\\\/\\\/www.salkantaytrilha.com\\\/blog\\\/caminho-inca-a-nova-lei-do-carregador\\\/#primaryimage\"},\"thumbnailUrl\":\"https:\\\/\\\/www.salkantaytrilha.com\\\/blog\\\/wp-content\\\/uploads\\\/2025\\\/03\\\/Caminho-Inca-A-nova-lei-do-carregador-scaled.jpg\",\"datePublished\":\"2025-03-11T15:15:10+00:00\",\"dateModified\":\"2026-03-02T15:04:52+00:00\",\"description\":\"Conhe\u00e7a o Caminho Inca carregador e sua import\u00e2ncia hist\u00f3rica. Uma aventura \u00fanica no cora\u00e7\u00e3o da cultura inca.\",\"breadcrumb\":{\"@id\":\"https:\\\/\\\/www.salkantaytrilha.com\\\/blog\\\/caminho-inca-a-nova-lei-do-carregador\\\/#breadcrumb\"},\"inLanguage\":\"pt-BR\",\"potentialAction\":[{\"@type\":\"ReadAction\",\"target\":[\"https:\\\/\\\/www.salkantaytrilha.com\\\/blog\\\/caminho-inca-a-nova-lei-do-carregador\\\/\"]}]},{\"@type\":\"ImageObject\",\"inLanguage\":\"pt-BR\",\"@id\":\"https:\\\/\\\/www.salkantaytrilha.com\\\/blog\\\/caminho-inca-a-nova-lei-do-carregador\\\/#primaryimage\",\"url\":\"https:\\\/\\\/www.salkantaytrilha.com\\\/blog\\\/wp-content\\\/uploads\\\/2025\\\/03\\\/Caminho-Inca-A-nova-lei-do-carregador-scaled.jpg\",\"contentUrl\":\"https:\\\/\\\/www.salkantaytrilha.com\\\/blog\\\/wp-content\\\/uploads\\\/2025\\\/03\\\/Caminho-Inca-A-nova-lei-do-carregador-scaled.jpg\",\"width\":2560,\"height\":1439,\"caption\":\"Caminho Inca: A nova lei do carregador\"},{\"@type\":\"BreadcrumbList\",\"@id\":\"https:\\\/\\\/www.salkantaytrilha.com\\\/blog\\\/caminho-inca-a-nova-lei-do-carregador\\\/#breadcrumb\",\"itemListElement\":[{\"@type\":\"ListItem\",\"position\":1,\"name\":\"In\u00edcio\",\"item\":\"https:\\\/\\\/www.salkantaytrilha.com\\\/blog\\\/\"},{\"@type\":\"ListItem\",\"position\":2,\"name\":\"Caminho Inca: A nova lei do carregador\"}]},{\"@type\":\"WebSite\",\"@id\":\"https:\\\/\\\/www.salkantaytrilha.com\\\/blog\\\/#website\",\"url\":\"https:\\\/\\\/www.salkantaytrilha.com\\\/blog\\\/\",\"name\":\"informa\u00e7\u00f5es de viagens a Machu Picchu\",\"description\":\"\",\"publisher\":{\"@id\":\"https:\\\/\\\/www.salkantaytrilha.com\\\/blog\\\/#organization\"},\"potentialAction\":[{\"@type\":\"SearchAction\",\"target\":{\"@type\":\"EntryPoint\",\"urlTemplate\":\"https:\\\/\\\/www.salkantaytrilha.com\\\/blog\\\/?s={search_term_string}\"},\"query-input\":{\"@type\":\"PropertyValueSpecification\",\"valueRequired\":true,\"valueName\":\"search_term_string\"}}],\"inLanguage\":\"pt-BR\"},{\"@type\":\"Organization\",\"@id\":\"https:\\\/\\\/www.salkantaytrilha.com\\\/blog\\\/#organization\",\"name\":\"informa\u00e7\u00f5es de viagens a Machu Picchu\",\"url\":\"https:\\\/\\\/www.salkantaytrilha.com\\\/blog\\\/\",\"logo\":{\"@type\":\"ImageObject\",\"inLanguage\":\"pt-BR\",\"@id\":\"https:\\\/\\\/www.salkantaytrilha.com\\\/blog\\\/#\\\/schema\\\/logo\\\/image\\\/\",\"url\":\"https:\\\/\\\/www.salkantaytrilha.com\\\/blog\\\/wp-content\\\/uploads\\\/2024\\\/05\\\/salkantaytrekking-new-300x128-1.png\",\"contentUrl\":\"https:\\\/\\\/www.salkantaytrilha.com\\\/blog\\\/wp-content\\\/uploads\\\/2024\\\/05\\\/salkantaytrekking-new-300x128-1.png\",\"width\":300,\"height\":128,\"caption\":\"informa\u00e7\u00f5es de viagens a Machu Picchu\"},\"image\":{\"@id\":\"https:\\\/\\\/www.salkantaytrilha.com\\\/blog\\\/#\\\/schema\\\/logo\\\/image\\\/\"},\"sameAs\":[\"https:\\\/\\\/www.facebook.com\\\/SalkantayTrekking\\\/\",\"https:\\\/\\\/x.com\\\/salkantayperu\",\"https:\\\/\\\/www.pinterest.com\\\/salkantaytrekking\\\/\",\"https:\\\/\\\/www.instagram.com\\\/salkantaytrekking\\\/\",\"https:\\\/\\\/www.youtube.com\\\/user\\\/salkantaytrekking\",\"https:\\\/\\\/www.tiktok.com\\\/@salkantaytrekking\"]},{\"@type\":\"Person\",\"@id\":\"https:\\\/\\\/www.salkantaytrilha.com\\\/blog\\\/#\\\/schema\\\/person\\\/aa0e6175beac59e6519e5407b3d13d0d\",\"name\":\"Trilha Salkantay\",\"image\":{\"@type\":\"ImageObject\",\"inLanguage\":\"pt-BR\",\"@id\":\"https:\\\/\\\/secure.gravatar.com\\\/avatar\\\/b41678a33c57a2bf0032b7c254611fc97caffd94ade0663405b364d1c0177d1d?s=96&d=mm&r=g\",\"url\":\"https:\\\/\\\/secure.gravatar.com\\\/avatar\\\/b41678a33c57a2bf0032b7c254611fc97caffd94ade0663405b364d1c0177d1d?s=96&d=mm&r=g\",\"contentUrl\":\"https:\\\/\\\/secure.gravatar.com\\\/avatar\\\/b41678a33c57a2bf0032b7c254611fc97caffd94ade0663405b364d1c0177d1d?s=96&d=mm&r=g\",\"caption\":\"Trilha Salkantay\"},\"sameAs\":[\"https:\\\/\\\/www.salkantaytrilha.com\\\/blog\"]}]}<\/script>\n<!-- \/ Yoast SEO Premium plugin. -->","yoast_head_json":{"title":"Caminho Inca: A nova lei do carregador - informa\u00e7\u00f5es de viagens","description":"Conhe\u00e7a o Caminho Inca carregador e sua import\u00e2ncia hist\u00f3rica. Uma aventura \u00fanica no cora\u00e7\u00e3o da cultura inca.","robots":{"index":"index","follow":"follow","max-snippet":"max-snippet:-1","max-image-preview":"max-image-preview:large","max-video-preview":"max-video-preview:-1"},"canonical":"https:\/\/www.salkantaytrilha.com\/blog\/caminho-inca-a-nova-lei-do-carregador\/","og_locale":"pt_BR","og_type":"article","og_title":"Caminho Inca: A nova lei do carregador","og_description":"Conhe\u00e7a o Caminho Inca carregador e sua import\u00e2ncia hist\u00f3rica. Uma aventura \u00fanica no cora\u00e7\u00e3o da cultura inca.","og_url":"https:\/\/www.salkantaytrilha.com\/blog\/caminho-inca-a-nova-lei-do-carregador\/","og_site_name":"informa\u00e7\u00f5es de viagens","article_publisher":"https:\/\/www.facebook.com\/SalkantayTrekking\/","article_published_time":"2025-03-11T15:15:10+00:00","article_modified_time":"2026-03-02T15:04:52+00:00","og_image":[{"width":2560,"height":1439,"url":"https:\/\/www.salkantaytrilha.com\/blog\/wp-content\/uploads\/2025\/03\/Caminho-Inca-A-nova-lei-do-carregador-scaled.jpg","type":"image\/jpeg"}],"author":"Trilha Salkantay","twitter_card":"summary_large_image","twitter_creator":"@salkantayperu","twitter_site":"@salkantayperu","twitter_misc":{"Escrito por":"Trilha Salkantay","Est. tempo de leitura":"7 minutos"},"schema":{"@context":"https:\/\/schema.org","@graph":[{"@type":"Article","@id":"https:\/\/www.salkantaytrilha.com\/blog\/caminho-inca-a-nova-lei-do-carregador\/#article","isPartOf":{"@id":"https:\/\/www.salkantaytrilha.com\/blog\/caminho-inca-a-nova-lei-do-carregador\/"},"author":{"name":"Trilha Salkantay","@id":"https:\/\/www.salkantaytrilha.com\/blog\/#\/schema\/person\/aa0e6175beac59e6519e5407b3d13d0d"},"headline":"Caminho Inca: A nova lei do carregador","datePublished":"2025-03-11T15:15:10+00:00","dateModified":"2026-03-02T15:04:52+00:00","mainEntityOfPage":{"@id":"https:\/\/www.salkantaytrilha.com\/blog\/caminho-inca-a-nova-lei-do-carregador\/"},"wordCount":1102,"commentCount":0,"publisher":{"@id":"https:\/\/www.salkantaytrilha.com\/blog\/#organization"},"image":{"@id":"https:\/\/www.salkantaytrilha.com\/blog\/caminho-inca-a-nova-lei-do-carregador\/#primaryimage"},"thumbnailUrl":"https:\/\/www.salkantaytrilha.com\/blog\/wp-content\/uploads\/2025\/03\/Caminho-Inca-A-nova-lei-do-carregador-scaled.jpg","keywords":["Caminho Inca","Machu Picchu","Trilha Inca"],"articleSection":["Caminho Inca","Carregador","Trilha Inca"],"inLanguage":"pt-BR","potentialAction":[{"@type":"CommentAction","name":"Comment","target":["https:\/\/www.salkantaytrilha.com\/blog\/caminho-inca-a-nova-lei-do-carregador\/#respond"]}]},{"@type":"WebPage","@id":"https:\/\/www.salkantaytrilha.com\/blog\/caminho-inca-a-nova-lei-do-carregador\/","url":"https:\/\/www.salkantaytrilha.com\/blog\/caminho-inca-a-nova-lei-do-carregador\/","name":"Caminho Inca: A nova lei do carregador - informa\u00e7\u00f5es de viagens","isPartOf":{"@id":"https:\/\/www.salkantaytrilha.com\/blog\/#website"},"primaryImageOfPage":{"@id":"https:\/\/www.salkantaytrilha.com\/blog\/caminho-inca-a-nova-lei-do-carregador\/#primaryimage"},"image":{"@id":"https:\/\/www.salkantaytrilha.com\/blog\/caminho-inca-a-nova-lei-do-carregador\/#primaryimage"},"thumbnailUrl":"https:\/\/www.salkantaytrilha.com\/blog\/wp-content\/uploads\/2025\/03\/Caminho-Inca-A-nova-lei-do-carregador-scaled.jpg","datePublished":"2025-03-11T15:15:10+00:00","dateModified":"2026-03-02T15:04:52+00:00","description":"Conhe\u00e7a o Caminho Inca carregador e sua import\u00e2ncia hist\u00f3rica. Uma aventura \u00fanica no cora\u00e7\u00e3o da cultura inca.","breadcrumb":{"@id":"https:\/\/www.salkantaytrilha.com\/blog\/caminho-inca-a-nova-lei-do-carregador\/#breadcrumb"},"inLanguage":"pt-BR","potentialAction":[{"@type":"ReadAction","target":["https:\/\/www.salkantaytrilha.com\/blog\/caminho-inca-a-nova-lei-do-carregador\/"]}]},{"@type":"ImageObject","inLanguage":"pt-BR","@id":"https:\/\/www.salkantaytrilha.com\/blog\/caminho-inca-a-nova-lei-do-carregador\/#primaryimage","url":"https:\/\/www.salkantaytrilha.com\/blog\/wp-content\/uploads\/2025\/03\/Caminho-Inca-A-nova-lei-do-carregador-scaled.jpg","contentUrl":"https:\/\/www.salkantaytrilha.com\/blog\/wp-content\/uploads\/2025\/03\/Caminho-Inca-A-nova-lei-do-carregador-scaled.jpg","width":2560,"height":1439,"caption":"Caminho Inca: A nova lei do carregador"},{"@type":"BreadcrumbList","@id":"https:\/\/www.salkantaytrilha.com\/blog\/caminho-inca-a-nova-lei-do-carregador\/#breadcrumb","itemListElement":[{"@type":"ListItem","position":1,"name":"In\u00edcio","item":"https:\/\/www.salkantaytrilha.com\/blog\/"},{"@type":"ListItem","position":2,"name":"Caminho Inca: A nova lei do carregador"}]},{"@type":"WebSite","@id":"https:\/\/www.salkantaytrilha.com\/blog\/#website","url":"https:\/\/www.salkantaytrilha.com\/blog\/","name":"informa\u00e7\u00f5es de viagens a Machu Picchu","description":"","publisher":{"@id":"https:\/\/www.salkantaytrilha.com\/blog\/#organization"},"potentialAction":[{"@type":"SearchAction","target":{"@type":"EntryPoint","urlTemplate":"https:\/\/www.salkantaytrilha.com\/blog\/?s={search_term_string}"},"query-input":{"@type":"PropertyValueSpecification","valueRequired":true,"valueName":"search_term_string"}}],"inLanguage":"pt-BR"},{"@type":"Organization","@id":"https:\/\/www.salkantaytrilha.com\/blog\/#organization","name":"informa\u00e7\u00f5es de viagens a Machu Picchu","url":"https:\/\/www.salkantaytrilha.com\/blog\/","logo":{"@type":"ImageObject","inLanguage":"pt-BR","@id":"https:\/\/www.salkantaytrilha.com\/blog\/#\/schema\/logo\/image\/","url":"https:\/\/www.salkantaytrilha.com\/blog\/wp-content\/uploads\/2024\/05\/salkantaytrekking-new-300x128-1.png","contentUrl":"https:\/\/www.salkantaytrilha.com\/blog\/wp-content\/uploads\/2024\/05\/salkantaytrekking-new-300x128-1.png","width":300,"height":128,"caption":"informa\u00e7\u00f5es de viagens a Machu Picchu"},"image":{"@id":"https:\/\/www.salkantaytrilha.com\/blog\/#\/schema\/logo\/image\/"},"sameAs":["https:\/\/www.facebook.com\/SalkantayTrekking\/","https:\/\/x.com\/salkantayperu","https:\/\/www.pinterest.com\/salkantaytrekking\/","https:\/\/www.instagram.com\/salkantaytrekking\/","https:\/\/www.youtube.com\/user\/salkantaytrekking","https:\/\/www.tiktok.com\/@salkantaytrekking"]},{"@type":"Person","@id":"https:\/\/www.salkantaytrilha.com\/blog\/#\/schema\/person\/aa0e6175beac59e6519e5407b3d13d0d","name":"Trilha Salkantay","image":{"@type":"ImageObject","inLanguage":"pt-BR","@id":"https:\/\/secure.gravatar.com\/avatar\/b41678a33c57a2bf0032b7c254611fc97caffd94ade0663405b364d1c0177d1d?s=96&d=mm&r=g","url":"https:\/\/secure.gravatar.com\/avatar\/b41678a33c57a2bf0032b7c254611fc97caffd94ade0663405b364d1c0177d1d?s=96&d=mm&r=g","contentUrl":"https:\/\/secure.gravatar.com\/avatar\/b41678a33c57a2bf0032b7c254611fc97caffd94ade0663405b364d1c0177d1d?s=96&d=mm&r=g","caption":"Trilha Salkantay"},"sameAs":["https:\/\/www.salkantaytrilha.com\/blog"]}]}},"_links":{"self":[{"href":"https:\/\/www.salkantaytrilha.com\/blog\/wp-json\/wp\/v2\/posts\/2793","targetHints":{"allow":["GET"]}}],"collection":[{"href":"https:\/\/www.salkantaytrilha.com\/blog\/wp-json\/wp\/v2\/posts"}],"about":[{"href":"https:\/\/www.salkantaytrilha.com\/blog\/wp-json\/wp\/v2\/types\/post"}],"author":[{"embeddable":true,"href":"https:\/\/www.salkantaytrilha.com\/blog\/wp-json\/wp\/v2\/users\/1"}],"replies":[{"embeddable":true,"href":"https:\/\/www.salkantaytrilha.com\/blog\/wp-json\/wp\/v2\/comments?post=2793"}],"version-history":[{"count":2,"href":"https:\/\/www.salkantaytrilha.com\/blog\/wp-json\/wp\/v2\/posts\/2793\/revisions"}],"predecessor-version":[{"id":5479,"href":"https:\/\/www.salkantaytrilha.com\/blog\/wp-json\/wp\/v2\/posts\/2793\/revisions\/5479"}],"wp:featuredmedia":[{"embeddable":true,"href":"https:\/\/www.salkantaytrilha.com\/blog\/wp-json\/wp\/v2\/media\/2797"}],"wp:attachment":[{"href":"https:\/\/www.salkantaytrilha.com\/blog\/wp-json\/wp\/v2\/media?parent=2793"}],"wp:term":[{"taxonomy":"category","embeddable":true,"href":"https:\/\/www.salkantaytrilha.com\/blog\/wp-json\/wp\/v2\/categories?post=2793"},{"taxonomy":"post_tag","embeddable":true,"href":"https:\/\/www.salkantaytrilha.com\/blog\/wp-json\/wp\/v2\/tags?post=2793"}],"curies":[{"name":"wp","href":"https:\/\/api.w.org\/{rel}","templated":true}]}}