{"id":290,"date":"2024-05-26T09:00:00","date_gmt":"2024-05-26T12:00:00","guid":{"rendered":"https:\/\/www.salkantaytrilha.com\/blog\/?p=290"},"modified":"2026-03-02T12:07:58","modified_gmt":"2026-03-02T15:07:58","slug":"vale-sagrado-as-minas-de-sal-em-maras","status":"publish","type":"post","link":"https:\/\/www.salkantaytrilha.com\/blog\/vale-sagrado-as-minas-de-sal-em-maras\/","title":{"rendered":"Vale Sagrado: As Minas de Sal em Maras"},"content":{"rendered":"\n<p>Se voc\u00ea est\u00e1 procurando por indica\u00e7\u00e3o de lugares para visitar em Cusco e arredores, certamente j\u00e1 deve ter ouvido falar das\u00a0 Minas de Sal em Maras. E voc\u00ea pode estar na d\u00favida, se perguntando por que, afinal, gostaria de visitar uma mina. N\u00f3s te garantimos que essa, n\u00e3o se parece com nada que voc\u00ea j\u00e1 viu antes. Certamente, vale a pena!<\/p>\n\n\n\n<div class=\"wp-block-rank-math-toc-block anchor-links\"><ul><li><a href=\"#h-um-pouco-de-historia\" >Um Pouco de Hist\u00f3ria<\/a><\/li><li><a href=\"#h-como-funcionam-essas-minas\" >Como Funcionam essas Minas?<\/a><\/li><li><a href=\"#h-como-chegar\" >Como Chegar?<\/a><\/li><li><a href=\"#h-leve-para-casa-alguns-souvenirs\" >Leve para Casa Alguns Souvenirs<\/a><\/li><li><a href=\"#h-imperdivel-quando-estiver-em-cusco\" >Imperd\u00edvel Quando Estiver em Cusco<\/a><\/li><\/nav><\/ul><\/div>\n\n\n\n<h2 class=\"wp-block-heading\" id=\"h-um-pouco-de-historia\">Um Pouco de Hist\u00f3ria<\/h2>\n\n\n\n<p>As minas de sal de Maras t\u00eam uma longa hist\u00f3ria, remontam dos tempos pr\u00e9-incas. Na verdade, elas n\u00e3o se parecem com uma simples mina como voc\u00ea imagina. Levando em considera\u00e7\u00e3o toda a vasta extens\u00e3o que ocupam, al\u00e9m de seu processo de extra\u00e7\u00e3o do sal, \u00e9 melhor cham\u00e1-las de lagoas ou tanques de sal.<\/p>\n\n\n\n<p>O que voc\u00ea ver\u00e1 ao chegar, te deixar\u00e1 perplexo: existem milhares de lagoas no total, formando um cen\u00e1rio impressionante, prepare sua c\u00e2mera! E o melhor, \u00e9 que todas ainda est\u00e3o em funcionamento at\u00e9 hoje, ficando a cargo de diferentes membros da comunidade local, que se encarregam dos cuidados necess\u00e1rios a sua manuten\u00e7\u00e3o, cultivo e venda do sal na cidade. Uma bela forma de continuar com as tradi\u00e7\u00f5es e de honrar seus ancestrais.<\/p>\n\n\n\n<p>As Minas de Sal de Maras s\u00e3o uma das 10 maiores minas de sal do mundo, e realmente, \u00e9 uma vis\u00e3o fant\u00e1stica para se ver!<\/p>\n\n\n\n<div class=\"wp-block-columns is-layout-flex wp-container-core-columns-is-layout-9d6595d7 wp-block-columns-is-layout-flex\">\n<div class=\"wp-block-column is-layout-flow wp-block-column-is-layout-flow\">\n<figure class=\"wp-block-image size-full\"><img loading=\"lazy\" decoding=\"async\" width=\"920\" height=\"613\" src=\"https:\/\/www.salkantaytrilha.com\/blog\/wp-content\/uploads\/2024\/05\/historia-do-vale-sagrado-minas-de-sal-maras.jpg\" alt=\"Vale Sagrado - Moray Maras\" class=\"wp-image-295\"\/><figcaption class=\"wp-element-caption\">Vale Sagrado &#8211; Moray Maras<\/figcaption><\/figure>\n<\/div>\n<\/div>\n\n\n\n<h2 class=\"wp-block-heading\" id=\"h-como-funcionam-essas-minas\">Como Funcionam essas Minas?<\/h2>\n\n\n\n<p>Bem, abaixo da terra, h\u00e1 uma \u00fanica nascente quente e salgada que leva a uma rede avan\u00e7ada de pequenos canais. Esses canais alimentam mais de 6.000 lagoas no total, e parece que se estendem infinitamente.<\/p>\n\n\n\n<p>Quando uma dessas lagoas fica cheia de \u00e1gua, o canal que a alimenta \u00e9 bloqueado. Ao longo de muitos dias, o sol evapora lentamente a \u00e1gua, num processo\u00a0 que conhecemos como decanta\u00e7\u00e3o, deixando somente o sal puro, que \u00e9 ent\u00e3o raspado. O canal \u00e9 reaberto e todo o processo recome\u00e7a.<\/p>\n\n\n\n<div class=\"wp-block-columns is-layout-flex wp-container-core-columns-is-layout-9d6595d7 wp-block-columns-is-layout-flex\">\n<div class=\"wp-block-column is-layout-flow wp-block-column-is-layout-flow\">\n<figure class=\"wp-block-image size-full\"><img loading=\"lazy\" decoding=\"async\" width=\"920\" height=\"613\" src=\"https:\/\/www.salkantaytrilha.com\/blog\/wp-content\/uploads\/2024\/05\/como-eles-trabalham-sacred-valley-salt-mines-maras.jpg\" alt=\"Trabalho em valle sagrado-maras Moray\" class=\"wp-image-294\"\/><figcaption class=\"wp-element-caption\">Trabalho em valle sagrado-maras Moray<\/figcaption><\/figure>\n<\/div>\n<\/div>\n\n\n\n<h2 class=\"wp-block-heading\" id=\"h-como-chegar\">Como Chegar?<\/h2>\n\n\n\n<p>As minas est\u00e3o a apenas 45 minutos da cidade de Cusco, e existem tr\u00eas maneiras de chegar at\u00e9 l\u00e1:<\/p>\n\n\n\n<p>Transporte Local \u2013&nbsp; a maneira mais econ\u00f4mica, \u00e9 usar o transporte que todos os moradores locais usam. Geralmente, s\u00e3o vans compartilhadas que est\u00e3o a caminho de Urubamba. Isso significa que voc\u00ea precisar\u00e1 informar ao motorista que deseja descer em Maras. Ter um pouco de espanhol ser\u00e1 \u00fatil nesse caso. Depois de descer na entrada de Maras, voc\u00ea encontrar\u00e1 t\u00e1xis que podem lev\u00e1-lo at\u00e9 l\u00e1 (cerca de mais 15 minutos).<\/p>\n\n\n\n<p>Como Parte de um Tour \u2013 a maneira que a maioria dos visitantes escolhe, \u00e9 visitar como parte de um passeio. Existe um que leva voc\u00ea a Maras e Moray. Este \u00faltimo \u00e9 um s\u00edtio arqueol\u00f3gico inca muito pr\u00f3ximo a Maras, raz\u00e3o pela qual s\u00e3o combinados. Esses passeios s\u00e3o realizados todos os dias e incluem um guia \u00fatil que pode fornecer todas as informa\u00e7\u00f5es que voc\u00ea precisa sobre as \u00e1reas.<\/p>\n\n\n\n<p>Alugue um Carro \u2013 A outra op\u00e7\u00e3o \u00e9 contratar um t\u00e1xi ou um motorista que o leve. Esta \u00e9 uma boa op\u00e7\u00e3o se voc\u00ea quiser ir sem pressa e talvez parando em outros lugares. Voc\u00ea pode procurar saber quanto custa para ter um condutor, por apenas um dia,\u00a0 personalizando assim a sua pr\u00f3pria viagem. Se voc\u00ea se interessar por algum local bonito no caminho, dessa forma, voc\u00ea pode parar e tirar fotos, ou observar as vistas deslumbrantes. Pode tamb\u00e9m fazer uma pausa, para idas ao banheiro por exemplo, sempre que necess\u00e1rio.<\/p>\n\n\n\n<div class=\"wp-block-columns is-layout-flex wp-container-core-columns-is-layout-9d6595d7 wp-block-columns-is-layout-flex\">\n<div class=\"wp-block-column is-layout-flow wp-block-column-is-layout-flow\">\n<figure class=\"wp-block-image size-full\"><img loading=\"lazy\" decoding=\"async\" width=\"920\" height=\"613\" src=\"https:\/\/www.salkantaytrilha.com\/blog\/wp-content\/uploads\/2024\/05\/como-chegar-ao-sacred-valley-salt-mines-maras.jpg\" alt=\"Como chegar ao Vale Sagrado - Moray Maras\" class=\"wp-image-293\"\/><figcaption class=\"wp-element-caption\">Como chegar ao Vale Sagrado &#8211; Moray Maras<\/figcaption><\/figure>\n<\/div>\n<\/div>\n\n\n\n<h2 class=\"wp-block-heading\" id=\"h-leve-para-casa-alguns-souvenirs\">Leve para Casa Alguns Souvenirs<\/h2>\n\n\n\n<p>Como na maioria das atra\u00e7\u00f5es, h\u00e1 muitos lugares pr\u00f3ximos onde voc\u00ea pode comprar algo como recorda\u00e7\u00e3o da sua viagem. O sal das Minas de Maras \u00e9 rosa, e pode adicionar um \u00f3timo sabor \u00e0 sua culin\u00e1ria! \u00c9 um pouco mais parecido com o sal marinho e pode ser usado da mesma forma. Voc\u00ea encontrar\u00e1 at\u00e9 mesmo alguns sais temperados com ervas da regi\u00e3o, que podem ser \u00f3timos presentes para amigos e familiares.<\/p>\n\n\n\n<div class=\"wp-block-columns is-layout-flex wp-container-core-columns-is-layout-9d6595d7 wp-block-columns-is-layout-flex\">\n<div class=\"wp-block-column is-layout-flow wp-block-column-is-layout-flow\">\n<figure class=\"wp-block-image size-full\"><img loading=\"lazy\" decoding=\"async\" width=\"920\" height=\"613\" src=\"https:\/\/www.salkantaytrilha.com\/blog\/wp-content\/uploads\/2024\/05\/levar-para-casa-souvenirs-vale-sagrado-minas-de-sal-maras.jpg\" alt=\"Souvenirs no Vale Sagrado - Moray Maras\" class=\"wp-image-296\"\/><figcaption class=\"wp-element-caption\">Souvenirs no Vale Sagrado &#8211; Moray Maras<\/figcaption><\/figure>\n<\/div>\n<\/div>\n\n\n\n<h2 class=\"wp-block-heading\" id=\"h-imperdivel-quando-estiver-em-cusco\">Imperd\u00edvel Quando Estiver em Cusco<\/h2>\n\n\n\n<p>Como voc\u00ea pode notar, essas minas s\u00e3o t\u00edpicas e muito especiais : vale muito a pena adicion\u00e1-las ao seu itiner\u00e1rio de viagem. As vistas s\u00e3o espetaculares, e voc\u00ea pode adquirir \u00f3timos itens para levar para casa. Voc\u00ea n\u00e3o se arrepender\u00e1 de ir!<\/p>\n\n\n\n<p><strong>Escrito por: Liv Palmer<\/strong><\/p>\n","protected":false},"excerpt":{"rendered":"<p>Se voc\u00ea est\u00e1 procurando por indica\u00e7\u00e3o de lugares para visitar em Cusco e arredores, certamente j\u00e1 deve ter ouvido falar das\u00a0 Minas de Sal em Maras. E voc\u00ea pode estar na d\u00favida, se perguntando por que, afinal, gostaria de visitar [&hellip;]<\/p>\n","protected":false},"author":1,"featured_media":297,"comment_status":"open","ping_status":"open","sticky":false,"template":"","format":"standard","meta":{"footnotes":""},"categories":[68,90],"tags":[88,89,87,86],"class_list":["post-290","post","type-post","status-publish","format-standard","has-post-thumbnail","hentry","category-moray","category-vale-sagrado","tag-maras","tag-sal","tag-sal-em-maras","tag-vale-sagrado"],"yoast_head":"<!-- This site is optimized with the Yoast SEO Premium plugin v27.4 (Yoast SEO v27.4) - https:\/\/yoast.com\/product\/yoast-seo-premium-wordpress\/ -->\n<title>Vale Sagrado: As Minas de Sal em Maras - informa\u00e7\u00f5es de viagens<\/title>\n<meta name=\"description\" content=\"Descubra as incr\u00edveis Minas de Sal em Maras: um cen\u00e1rio impressionante de milhares de lagoas de sal. Uma visita imperd\u00edvel perto de Cusco.\" \/>\n<meta name=\"robots\" content=\"index, follow, max-snippet:-1, max-image-preview:large, max-video-preview:-1\" \/>\n<link rel=\"canonical\" href=\"https:\/\/www.salkantaytrilha.com\/blog\/vale-sagrado-as-minas-de-sal-em-maras\/\" \/>\n<meta property=\"og:locale\" content=\"pt_BR\" \/>\n<meta property=\"og:type\" content=\"article\" \/>\n<meta property=\"og:title\" content=\"Vale Sagrado: As Minas de Sal em Maras\" \/>\n<meta property=\"og:description\" content=\"Descubra as incr\u00edveis Minas de Sal em Maras: um cen\u00e1rio impressionante de milhares de lagoas de sal. Uma visita imperd\u00edvel perto de Cusco.\" \/>\n<meta property=\"og:url\" content=\"https:\/\/www.salkantaytrilha.com\/blog\/vale-sagrado-as-minas-de-sal-em-maras\/\" \/>\n<meta property=\"og:site_name\" content=\"informa\u00e7\u00f5es de viagens\" \/>\n<meta property=\"article:publisher\" content=\"https:\/\/www.facebook.com\/SalkantayTrekking\/\" \/>\n<meta property=\"article:published_time\" content=\"2024-05-26T12:00:00+00:00\" \/>\n<meta property=\"article:modified_time\" content=\"2026-03-02T15:07:58+00:00\" \/>\n<meta property=\"og:image\" content=\"https:\/\/www.salkantaytrilha.com\/blog\/wp-content\/uploads\/2024\/05\/minas-de-sal-sagrado-valley-maras-3.jpg\" \/>\n\t<meta property=\"og:image:width\" content=\"1920\" \/>\n\t<meta property=\"og:image:height\" content=\"1080\" \/>\n\t<meta property=\"og:image:type\" content=\"image\/jpeg\" \/>\n<meta name=\"author\" content=\"Trilha Salkantay\" \/>\n<meta name=\"twitter:card\" content=\"summary_large_image\" \/>\n<meta name=\"twitter:creator\" content=\"@salkantayperu\" \/>\n<meta name=\"twitter:site\" content=\"@salkantayperu\" \/>\n<meta name=\"twitter:label1\" content=\"Escrito por\" \/>\n\t<meta name=\"twitter:data1\" content=\"Trilha Salkantay\" \/>\n\t<meta name=\"twitter:label2\" content=\"Est. tempo de leitura\" \/>\n\t<meta name=\"twitter:data2\" content=\"5 minutos\" \/>\n<script type=\"application\/ld+json\" class=\"yoast-schema-graph\">{\"@context\":\"https:\\\/\\\/schema.org\",\"@graph\":[{\"@type\":\"Article\",\"@id\":\"https:\\\/\\\/www.salkantaytrilha.com\\\/blog\\\/vale-sagrado-as-minas-de-sal-em-maras\\\/#article\",\"isPartOf\":{\"@id\":\"https:\\\/\\\/www.salkantaytrilha.com\\\/blog\\\/vale-sagrado-as-minas-de-sal-em-maras\\\/\"},\"author\":{\"name\":\"Trilha Salkantay\",\"@id\":\"https:\\\/\\\/www.salkantaytrilha.com\\\/blog\\\/#\\\/schema\\\/person\\\/aa0e6175beac59e6519e5407b3d13d0d\"},\"headline\":\"Vale Sagrado: As Minas de Sal em Maras\",\"datePublished\":\"2024-05-26T12:00:00+00:00\",\"dateModified\":\"2026-03-02T15:07:58+00:00\",\"mainEntityOfPage\":{\"@id\":\"https:\\\/\\\/www.salkantaytrilha.com\\\/blog\\\/vale-sagrado-as-minas-de-sal-em-maras\\\/\"},\"wordCount\":776,\"commentCount\":0,\"publisher\":{\"@id\":\"https:\\\/\\\/www.salkantaytrilha.com\\\/blog\\\/#organization\"},\"image\":{\"@id\":\"https:\\\/\\\/www.salkantaytrilha.com\\\/blog\\\/vale-sagrado-as-minas-de-sal-em-maras\\\/#primaryimage\"},\"thumbnailUrl\":\"https:\\\/\\\/www.salkantaytrilha.com\\\/blog\\\/wp-content\\\/uploads\\\/2024\\\/05\\\/minas-de-sal-sagrado-valley-maras-3.jpg\",\"keywords\":[\"Maras\",\"sal\",\"Sal em Maras\",\"Vale Sagrado\"],\"articleSection\":[\"Moray\",\"Vale Sagrado\"],\"inLanguage\":\"pt-BR\",\"potentialAction\":[{\"@type\":\"CommentAction\",\"name\":\"Comment\",\"target\":[\"https:\\\/\\\/www.salkantaytrilha.com\\\/blog\\\/vale-sagrado-as-minas-de-sal-em-maras\\\/#respond\"]}]},{\"@type\":\"WebPage\",\"@id\":\"https:\\\/\\\/www.salkantaytrilha.com\\\/blog\\\/vale-sagrado-as-minas-de-sal-em-maras\\\/\",\"url\":\"https:\\\/\\\/www.salkantaytrilha.com\\\/blog\\\/vale-sagrado-as-minas-de-sal-em-maras\\\/\",\"name\":\"Vale Sagrado: As Minas de Sal em Maras - informa\u00e7\u00f5es de viagens\",\"isPartOf\":{\"@id\":\"https:\\\/\\\/www.salkantaytrilha.com\\\/blog\\\/#website\"},\"primaryImageOfPage\":{\"@id\":\"https:\\\/\\\/www.salkantaytrilha.com\\\/blog\\\/vale-sagrado-as-minas-de-sal-em-maras\\\/#primaryimage\"},\"image\":{\"@id\":\"https:\\\/\\\/www.salkantaytrilha.com\\\/blog\\\/vale-sagrado-as-minas-de-sal-em-maras\\\/#primaryimage\"},\"thumbnailUrl\":\"https:\\\/\\\/www.salkantaytrilha.com\\\/blog\\\/wp-content\\\/uploads\\\/2024\\\/05\\\/minas-de-sal-sagrado-valley-maras-3.jpg\",\"datePublished\":\"2024-05-26T12:00:00+00:00\",\"dateModified\":\"2026-03-02T15:07:58+00:00\",\"description\":\"Descubra as incr\u00edveis Minas de Sal em Maras: um cen\u00e1rio impressionante de milhares de lagoas de sal. Uma visita imperd\u00edvel perto de Cusco.\",\"breadcrumb\":{\"@id\":\"https:\\\/\\\/www.salkantaytrilha.com\\\/blog\\\/vale-sagrado-as-minas-de-sal-em-maras\\\/#breadcrumb\"},\"inLanguage\":\"pt-BR\",\"potentialAction\":[{\"@type\":\"ReadAction\",\"target\":[\"https:\\\/\\\/www.salkantaytrilha.com\\\/blog\\\/vale-sagrado-as-minas-de-sal-em-maras\\\/\"]}]},{\"@type\":\"ImageObject\",\"inLanguage\":\"pt-BR\",\"@id\":\"https:\\\/\\\/www.salkantaytrilha.com\\\/blog\\\/vale-sagrado-as-minas-de-sal-em-maras\\\/#primaryimage\",\"url\":\"https:\\\/\\\/www.salkantaytrilha.com\\\/blog\\\/wp-content\\\/uploads\\\/2024\\\/05\\\/minas-de-sal-sagrado-valley-maras-3.jpg\",\"contentUrl\":\"https:\\\/\\\/www.salkantaytrilha.com\\\/blog\\\/wp-content\\\/uploads\\\/2024\\\/05\\\/minas-de-sal-sagrado-valley-maras-3.jpg\",\"width\":1920,\"height\":1080,\"caption\":\"Vale Sagrado: As Minas de Sal em Maras\"},{\"@type\":\"BreadcrumbList\",\"@id\":\"https:\\\/\\\/www.salkantaytrilha.com\\\/blog\\\/vale-sagrado-as-minas-de-sal-em-maras\\\/#breadcrumb\",\"itemListElement\":[{\"@type\":\"ListItem\",\"position\":1,\"name\":\"In\u00edcio\",\"item\":\"https:\\\/\\\/www.salkantaytrilha.com\\\/blog\\\/\"},{\"@type\":\"ListItem\",\"position\":2,\"name\":\"Vale Sagrado: As Minas de Sal em Maras\"}]},{\"@type\":\"WebSite\",\"@id\":\"https:\\\/\\\/www.salkantaytrilha.com\\\/blog\\\/#website\",\"url\":\"https:\\\/\\\/www.salkantaytrilha.com\\\/blog\\\/\",\"name\":\"informa\u00e7\u00f5es de viagens a Machu Picchu\",\"description\":\"\",\"publisher\":{\"@id\":\"https:\\\/\\\/www.salkantaytrilha.com\\\/blog\\\/#organization\"},\"potentialAction\":[{\"@type\":\"SearchAction\",\"target\":{\"@type\":\"EntryPoint\",\"urlTemplate\":\"https:\\\/\\\/www.salkantaytrilha.com\\\/blog\\\/?s={search_term_string}\"},\"query-input\":{\"@type\":\"PropertyValueSpecification\",\"valueRequired\":true,\"valueName\":\"search_term_string\"}}],\"inLanguage\":\"pt-BR\"},{\"@type\":\"Organization\",\"@id\":\"https:\\\/\\\/www.salkantaytrilha.com\\\/blog\\\/#organization\",\"name\":\"informa\u00e7\u00f5es de viagens a Machu Picchu\",\"url\":\"https:\\\/\\\/www.salkantaytrilha.com\\\/blog\\\/\",\"logo\":{\"@type\":\"ImageObject\",\"inLanguage\":\"pt-BR\",\"@id\":\"https:\\\/\\\/www.salkantaytrilha.com\\\/blog\\\/#\\\/schema\\\/logo\\\/image\\\/\",\"url\":\"https:\\\/\\\/www.salkantaytrilha.com\\\/blog\\\/wp-content\\\/uploads\\\/2024\\\/05\\\/salkantaytrekking-new-300x128-1.png\",\"contentUrl\":\"https:\\\/\\\/www.salkantaytrilha.com\\\/blog\\\/wp-content\\\/uploads\\\/2024\\\/05\\\/salkantaytrekking-new-300x128-1.png\",\"width\":300,\"height\":128,\"caption\":\"informa\u00e7\u00f5es de viagens a Machu Picchu\"},\"image\":{\"@id\":\"https:\\\/\\\/www.salkantaytrilha.com\\\/blog\\\/#\\\/schema\\\/logo\\\/image\\\/\"},\"sameAs\":[\"https:\\\/\\\/www.facebook.com\\\/SalkantayTrekking\\\/\",\"https:\\\/\\\/x.com\\\/salkantayperu\",\"https:\\\/\\\/www.pinterest.com\\\/salkantaytrekking\\\/\",\"https:\\\/\\\/www.instagram.com\\\/salkantaytrekking\\\/\",\"https:\\\/\\\/www.youtube.com\\\/user\\\/salkantaytrekking\",\"https:\\\/\\\/www.tiktok.com\\\/@salkantaytrekking\"]},{\"@type\":\"Person\",\"@id\":\"https:\\\/\\\/www.salkantaytrilha.com\\\/blog\\\/#\\\/schema\\\/person\\\/aa0e6175beac59e6519e5407b3d13d0d\",\"name\":\"Trilha Salkantay\",\"image\":{\"@type\":\"ImageObject\",\"inLanguage\":\"pt-BR\",\"@id\":\"https:\\\/\\\/secure.gravatar.com\\\/avatar\\\/b41678a33c57a2bf0032b7c254611fc97caffd94ade0663405b364d1c0177d1d?s=96&d=mm&r=g\",\"url\":\"https:\\\/\\\/secure.gravatar.com\\\/avatar\\\/b41678a33c57a2bf0032b7c254611fc97caffd94ade0663405b364d1c0177d1d?s=96&d=mm&r=g\",\"contentUrl\":\"https:\\\/\\\/secure.gravatar.com\\\/avatar\\\/b41678a33c57a2bf0032b7c254611fc97caffd94ade0663405b364d1c0177d1d?s=96&d=mm&r=g\",\"caption\":\"Trilha Salkantay\"},\"sameAs\":[\"https:\\\/\\\/www.salkantaytrilha.com\\\/blog\"]}]}<\/script>\n<!-- \/ Yoast SEO Premium plugin. -->","yoast_head_json":{"title":"Vale Sagrado: As Minas de Sal em Maras - informa\u00e7\u00f5es de viagens","description":"Descubra as incr\u00edveis Minas de Sal em Maras: um cen\u00e1rio impressionante de milhares de lagoas de sal. Uma visita imperd\u00edvel perto de Cusco.","robots":{"index":"index","follow":"follow","max-snippet":"max-snippet:-1","max-image-preview":"max-image-preview:large","max-video-preview":"max-video-preview:-1"},"canonical":"https:\/\/www.salkantaytrilha.com\/blog\/vale-sagrado-as-minas-de-sal-em-maras\/","og_locale":"pt_BR","og_type":"article","og_title":"Vale Sagrado: As Minas de Sal em Maras","og_description":"Descubra as incr\u00edveis Minas de Sal em Maras: um cen\u00e1rio impressionante de milhares de lagoas de sal. Uma visita imperd\u00edvel perto de Cusco.","og_url":"https:\/\/www.salkantaytrilha.com\/blog\/vale-sagrado-as-minas-de-sal-em-maras\/","og_site_name":"informa\u00e7\u00f5es de viagens","article_publisher":"https:\/\/www.facebook.com\/SalkantayTrekking\/","article_published_time":"2024-05-26T12:00:00+00:00","article_modified_time":"2026-03-02T15:07:58+00:00","og_image":[{"width":1920,"height":1080,"url":"https:\/\/www.salkantaytrilha.com\/blog\/wp-content\/uploads\/2024\/05\/minas-de-sal-sagrado-valley-maras-3.jpg","type":"image\/jpeg"}],"author":"Trilha Salkantay","twitter_card":"summary_large_image","twitter_creator":"@salkantayperu","twitter_site":"@salkantayperu","twitter_misc":{"Escrito por":"Trilha Salkantay","Est. tempo de leitura":"5 minutos"},"schema":{"@context":"https:\/\/schema.org","@graph":[{"@type":"Article","@id":"https:\/\/www.salkantaytrilha.com\/blog\/vale-sagrado-as-minas-de-sal-em-maras\/#article","isPartOf":{"@id":"https:\/\/www.salkantaytrilha.com\/blog\/vale-sagrado-as-minas-de-sal-em-maras\/"},"author":{"name":"Trilha Salkantay","@id":"https:\/\/www.salkantaytrilha.com\/blog\/#\/schema\/person\/aa0e6175beac59e6519e5407b3d13d0d"},"headline":"Vale Sagrado: As Minas de Sal em Maras","datePublished":"2024-05-26T12:00:00+00:00","dateModified":"2026-03-02T15:07:58+00:00","mainEntityOfPage":{"@id":"https:\/\/www.salkantaytrilha.com\/blog\/vale-sagrado-as-minas-de-sal-em-maras\/"},"wordCount":776,"commentCount":0,"publisher":{"@id":"https:\/\/www.salkantaytrilha.com\/blog\/#organization"},"image":{"@id":"https:\/\/www.salkantaytrilha.com\/blog\/vale-sagrado-as-minas-de-sal-em-maras\/#primaryimage"},"thumbnailUrl":"https:\/\/www.salkantaytrilha.com\/blog\/wp-content\/uploads\/2024\/05\/minas-de-sal-sagrado-valley-maras-3.jpg","keywords":["Maras","sal","Sal em Maras","Vale Sagrado"],"articleSection":["Moray","Vale Sagrado"],"inLanguage":"pt-BR","potentialAction":[{"@type":"CommentAction","name":"Comment","target":["https:\/\/www.salkantaytrilha.com\/blog\/vale-sagrado-as-minas-de-sal-em-maras\/#respond"]}]},{"@type":"WebPage","@id":"https:\/\/www.salkantaytrilha.com\/blog\/vale-sagrado-as-minas-de-sal-em-maras\/","url":"https:\/\/www.salkantaytrilha.com\/blog\/vale-sagrado-as-minas-de-sal-em-maras\/","name":"Vale Sagrado: As Minas de Sal em Maras - informa\u00e7\u00f5es de viagens","isPartOf":{"@id":"https:\/\/www.salkantaytrilha.com\/blog\/#website"},"primaryImageOfPage":{"@id":"https:\/\/www.salkantaytrilha.com\/blog\/vale-sagrado-as-minas-de-sal-em-maras\/#primaryimage"},"image":{"@id":"https:\/\/www.salkantaytrilha.com\/blog\/vale-sagrado-as-minas-de-sal-em-maras\/#primaryimage"},"thumbnailUrl":"https:\/\/www.salkantaytrilha.com\/blog\/wp-content\/uploads\/2024\/05\/minas-de-sal-sagrado-valley-maras-3.jpg","datePublished":"2024-05-26T12:00:00+00:00","dateModified":"2026-03-02T15:07:58+00:00","description":"Descubra as incr\u00edveis Minas de Sal em Maras: um cen\u00e1rio impressionante de milhares de lagoas de sal. Uma visita imperd\u00edvel perto de Cusco.","breadcrumb":{"@id":"https:\/\/www.salkantaytrilha.com\/blog\/vale-sagrado-as-minas-de-sal-em-maras\/#breadcrumb"},"inLanguage":"pt-BR","potentialAction":[{"@type":"ReadAction","target":["https:\/\/www.salkantaytrilha.com\/blog\/vale-sagrado-as-minas-de-sal-em-maras\/"]}]},{"@type":"ImageObject","inLanguage":"pt-BR","@id":"https:\/\/www.salkantaytrilha.com\/blog\/vale-sagrado-as-minas-de-sal-em-maras\/#primaryimage","url":"https:\/\/www.salkantaytrilha.com\/blog\/wp-content\/uploads\/2024\/05\/minas-de-sal-sagrado-valley-maras-3.jpg","contentUrl":"https:\/\/www.salkantaytrilha.com\/blog\/wp-content\/uploads\/2024\/05\/minas-de-sal-sagrado-valley-maras-3.jpg","width":1920,"height":1080,"caption":"Vale Sagrado: As Minas de Sal em Maras"},{"@type":"BreadcrumbList","@id":"https:\/\/www.salkantaytrilha.com\/blog\/vale-sagrado-as-minas-de-sal-em-maras\/#breadcrumb","itemListElement":[{"@type":"ListItem","position":1,"name":"In\u00edcio","item":"https:\/\/www.salkantaytrilha.com\/blog\/"},{"@type":"ListItem","position":2,"name":"Vale Sagrado: As Minas de Sal em Maras"}]},{"@type":"WebSite","@id":"https:\/\/www.salkantaytrilha.com\/blog\/#website","url":"https:\/\/www.salkantaytrilha.com\/blog\/","name":"informa\u00e7\u00f5es de viagens a Machu Picchu","description":"","publisher":{"@id":"https:\/\/www.salkantaytrilha.com\/blog\/#organization"},"potentialAction":[{"@type":"SearchAction","target":{"@type":"EntryPoint","urlTemplate":"https:\/\/www.salkantaytrilha.com\/blog\/?s={search_term_string}"},"query-input":{"@type":"PropertyValueSpecification","valueRequired":true,"valueName":"search_term_string"}}],"inLanguage":"pt-BR"},{"@type":"Organization","@id":"https:\/\/www.salkantaytrilha.com\/blog\/#organization","name":"informa\u00e7\u00f5es de viagens a Machu Picchu","url":"https:\/\/www.salkantaytrilha.com\/blog\/","logo":{"@type":"ImageObject","inLanguage":"pt-BR","@id":"https:\/\/www.salkantaytrilha.com\/blog\/#\/schema\/logo\/image\/","url":"https:\/\/www.salkantaytrilha.com\/blog\/wp-content\/uploads\/2024\/05\/salkantaytrekking-new-300x128-1.png","contentUrl":"https:\/\/www.salkantaytrilha.com\/blog\/wp-content\/uploads\/2024\/05\/salkantaytrekking-new-300x128-1.png","width":300,"height":128,"caption":"informa\u00e7\u00f5es de viagens a Machu Picchu"},"image":{"@id":"https:\/\/www.salkantaytrilha.com\/blog\/#\/schema\/logo\/image\/"},"sameAs":["https:\/\/www.facebook.com\/SalkantayTrekking\/","https:\/\/x.com\/salkantayperu","https:\/\/www.pinterest.com\/salkantaytrekking\/","https:\/\/www.instagram.com\/salkantaytrekking\/","https:\/\/www.youtube.com\/user\/salkantaytrekking","https:\/\/www.tiktok.com\/@salkantaytrekking"]},{"@type":"Person","@id":"https:\/\/www.salkantaytrilha.com\/blog\/#\/schema\/person\/aa0e6175beac59e6519e5407b3d13d0d","name":"Trilha Salkantay","image":{"@type":"ImageObject","inLanguage":"pt-BR","@id":"https:\/\/secure.gravatar.com\/avatar\/b41678a33c57a2bf0032b7c254611fc97caffd94ade0663405b364d1c0177d1d?s=96&d=mm&r=g","url":"https:\/\/secure.gravatar.com\/avatar\/b41678a33c57a2bf0032b7c254611fc97caffd94ade0663405b364d1c0177d1d?s=96&d=mm&r=g","contentUrl":"https:\/\/secure.gravatar.com\/avatar\/b41678a33c57a2bf0032b7c254611fc97caffd94ade0663405b364d1c0177d1d?s=96&d=mm&r=g","caption":"Trilha Salkantay"},"sameAs":["https:\/\/www.salkantaytrilha.com\/blog"]}]}},"_links":{"self":[{"href":"https:\/\/www.salkantaytrilha.com\/blog\/wp-json\/wp\/v2\/posts\/290","targetHints":{"allow":["GET"]}}],"collection":[{"href":"https:\/\/www.salkantaytrilha.com\/blog\/wp-json\/wp\/v2\/posts"}],"about":[{"href":"https:\/\/www.salkantaytrilha.com\/blog\/wp-json\/wp\/v2\/types\/post"}],"author":[{"embeddable":true,"href":"https:\/\/www.salkantaytrilha.com\/blog\/wp-json\/wp\/v2\/users\/1"}],"replies":[{"embeddable":true,"href":"https:\/\/www.salkantaytrilha.com\/blog\/wp-json\/wp\/v2\/comments?post=290"}],"version-history":[{"count":2,"href":"https:\/\/www.salkantaytrilha.com\/blog\/wp-json\/wp\/v2\/posts\/290\/revisions"}],"predecessor-version":[{"id":5584,"href":"https:\/\/www.salkantaytrilha.com\/blog\/wp-json\/wp\/v2\/posts\/290\/revisions\/5584"}],"wp:featuredmedia":[{"embeddable":true,"href":"https:\/\/www.salkantaytrilha.com\/blog\/wp-json\/wp\/v2\/media\/297"}],"wp:attachment":[{"href":"https:\/\/www.salkantaytrilha.com\/blog\/wp-json\/wp\/v2\/media?parent=290"}],"wp:term":[{"taxonomy":"category","embeddable":true,"href":"https:\/\/www.salkantaytrilha.com\/blog\/wp-json\/wp\/v2\/categories?post=290"},{"taxonomy":"post_tag","embeddable":true,"href":"https:\/\/www.salkantaytrilha.com\/blog\/wp-json\/wp\/v2\/tags?post=290"}],"curies":[{"name":"wp","href":"https:\/\/api.w.org\/{rel}","templated":true}]}}