{"id":326,"date":"2025-04-04T20:08:38","date_gmt":"2025-04-04T23:08:38","guid":{"rendered":"https:\/\/www.salkantaytrilha.com\/blog\/?p=326"},"modified":"2026-03-02T12:04:29","modified_gmt":"2026-03-02T15:04:29","slug":"semana-santa-em-cusco","status":"publish","type":"post","link":"https:\/\/www.salkantaytrilha.com\/blog\/semana-santa-em-cusco\/","title":{"rendered":"Semana Santa em Cusco: Uma Celebra\u00e7\u00e3o de F\u00e9, Tradi\u00e7\u00e3o e Sincretismo Andino"},"content":{"rendered":"\n<p>Cusco, a cidade imperial, n\u00e3o \u00e9 famosa apenas por sua imponente arquitetura inca e seu emblem\u00e1tico passado hist\u00f3rico, mas tamb\u00e9m por suas vibrantes e m\u00e1gicas festividades religiosas. Entre elas, a Semana Santa se destaca como uma das mais ic\u00f4nicas e aut\u00eanticas, onde o fervor cat\u00f3lico se funde com a ancestralidade das tradi\u00e7\u00f5es andinas.<\/p>\n\n\n\n<p>Se voc\u00ea planeja visitar Cusco nesta \u00e9poca, prepare-se para vivenciar uma experi\u00eancia extraordin\u00e1ria e \u00fanica, cheia de prociss\u00f5es, rituais milenares e uma devo\u00e7\u00e3o que emociona. A seguir, vamos te contar <strong>como \u00e9 celebrada a Semana Santa em Cusco<\/strong>, a cada dia, para que voc\u00ea n\u00e3o deixe&nbsp; de conhecer nenhum detalhe.<\/p>\n\n\n\n<div class=\"wp-block-rank-math-toc-block anchor-links\"><ul><li><a href=\"#h-cusco-se-veste-de-fe-e-assim-que-se-vivencia-a-semana-santa-mais-autentica-do-peru\" >Cusco se Veste de F\u00e9: \u00c9 Assim que se Vivencia a Semana Santa Mais Aut\u00eantica do Peru<\/a><ul><li><a href=\"#h-domingo-de-ramos-em-cusco-o-inicio-da-peregrinacao-sagrada\" >Domingo de Ramos em Cusco: O In\u00edcio da Peregrina\u00e7\u00e3o Sagrada<\/a><\/li><li><a href=\"#h-segunda-feira-santa-em-cusco-a-majestosa-procissao-do-taytacha-dos-temblores\" >Segunda-feira Santa em Cusco: A Majestosa Prociss\u00e3o do \u201cTaytacha dos Temblores\u201d<\/a><ul><li><a href=\"#h-o-patrono-jurado-de-cusco-um-legado-de-fe-e-protecao\" >O Patrono Jurado de Cusco: Um Legado de F\u00e9 e Prote\u00e7\u00e3o<\/a><\/li><\/ul><\/li><li><a href=\"#h-quinta-feira-santa-tradicao-fe-e-devocao-no-coracao-dos-andes\" >Quinta-feira Santa: Tradi\u00e7\u00e3o, F\u00e9 e Devo\u00e7\u00e3o no Cora\u00e7\u00e3o dos Andes<\/a><\/li><li><a href=\"#h-sexta-feira-santa-via-crucis-santo-sepulcro-e-os-12-pratos\" >Sexta-feira Santa: Via-Crucis, Santo Sepulcro e os 12 pratos<\/a><ul><li><a href=\"#h-via-crucis-em-saqsaywaman\" >Via-Crucis em Saqsaywaman<\/a><\/li><li><a href=\"#h-gastronomia-sagrada-os-12-pratos-da-semana-santa\" >Gastronomia Sagrada: Os 12 Pratos da Semana Santa<\/a><\/li><\/ul><\/li><li><a href=\"#h-sabado-de-gloria-em-cusco-renascimento-fogo-e-festividade\" >S\u00e1bado de Gl\u00f3ria em Cusco: Renascimento, Fogo e Festividade<\/a><\/li><li><a href=\"#h-domingo-de-ressurreicao-em-cusco-a-grande-festa-da-vida\" >Domingo de Ressurrei\u00e7\u00e3o em Cusco: A Grande Festa da Vida<\/a><ul><li><a href=\"#h-tradicoes-do-domingo-de-ressurreicao-em-cusco\" >Tradi\u00e7\u00f5es do Domingo de Ressurrei\u00e7\u00e3o em Cusco<\/a><\/li><\/ul><\/li><\/ul><\/li><li><a href=\"#h-conclusao\" >Conclus\u00e3o:<\/a><\/li><li><a href=\"#h-voce-pode-se-interessar-por\" >Voc\u00ea pode se interessar por&#8230;<\/a><\/li><\/nav><\/ul><\/div>\n\n\n\n<h2 class=\"wp-block-heading\" id=\"h-cusco-se-veste-de-fe-e-assim-que-se-vivencia-a-semana-santa-mais-autentica-do-peru\">Cusco se Veste de F\u00e9: \u00c9 Assim que se Vivencia a Semana Santa Mais Aut\u00eantica do Peru<\/h2>\n\n\n\n<p>Pronto para embarcar na energia vibrante de Cusco? Esta cidade, Patrim\u00f4nio da Humanidade, n\u00e3o \u00e9 apenas a capital hist\u00f3rica do Imp\u00e9rio Inca, mas tamb\u00e9m o cen\u00e1rio de festividades \u00fanicas que misturam tradi\u00e7\u00e3o, cultura e fervor.<\/p>\n\n\n\n<p>Acompanhe-nos no dia a dia desta celebra\u00e7\u00e3o, onde voc\u00ea descobrir\u00e1 os rituais, cores, sabores e emo\u00e7\u00f5es que fazem de Cusco um destino inesquec\u00edvel!<\/p>\n\n\n\n<h3 class=\"wp-block-heading\" id=\"h-domingo-de-ramos-em-cusco-o-inicio-da-peregrinacao-sagrada\">Domingo de Ramos em Cusco: O In\u00edcio da Peregrina\u00e7\u00e3o Sagrada<\/h3>\n\n\n\n<p>A celebra\u00e7\u00e3o come\u00e7a no Domingo de Ramos, onde os fi\u00e9is comemoram a entrada triunfal de Jesus em Jerusal\u00e9m. Em Cusco, esse dia tem um toque todo especial.<\/p>\n\n\n\n<ul class=\"wp-block-list\">\n<li><strong>B\u00ean\u00e7\u00e3o dos Ramos<\/strong>: Os devotos levam ramos de oliveira e palmas tecidas artesanalmente para serem aben\u00e7oadas na missa principal, que ocorre n\u00e3o somente na Catedral de Cusco como em diferentes par\u00f3quias da cidade.<\/li>\n\n\n\n<li><strong>Prociss\u00e3o com o \u201cSenhor do Triunfo\u201d<\/strong>: Uma imagem de Cristo montado em um burrinho percorre as ruas, lembrando o trecho b\u00edblico.<\/li>\n\n\n\n<li><strong>Decora\u00e7\u00e3o Florida<\/strong>: As ruas s\u00e3o adornadas com designs ef\u00eameros feitos de p\u00e9talas, criando assim um caminho sagrado, especialmente preparado para as prociss\u00f5es.<\/li>\n<\/ul>\n\n\n\n<p class=\"orange\"><strong>Curiosidade: <\/strong>Muitas fam\u00edlias guardam as palmas aben\u00e7oadas em suas casas como uma forma de obterem prote\u00e7\u00e3o espiritual durante todo o ano.<\/p>\n\n\n\n<div class=\"wp-block-columns is-layout-flex wp-container-core-columns-is-layout-9d6595d7 wp-block-columns-is-layout-flex\">\n<div class=\"wp-block-column is-layout-flow wp-block-column-is-layout-flow\"><div class=\"wp-block-image\">\n<figure class=\"aligncenter size-full\"><img loading=\"lazy\" decoding=\"async\" width=\"800\" height=\"1000\" src=\"https:\/\/www.salkantaytrilha.com\/blog\/wp-content\/uploads\/2024\/05\/Fotografia-palmeiras-azeitona-Cusco.jpg\" alt=\"Palmeira t\u00edpica do Domingo de Ramos\" class=\"wp-image-334\"\/><figcaption class=\"wp-element-caption\">Palmeira t\u00edpica do Domingo de Ramos<\/figcaption><\/figure>\n<\/div><\/div>\n\n\n\n<div class=\"wp-block-column is-layout-flow wp-block-column-is-layout-flow\"><div class=\"wp-block-image\">\n<figure class=\"aligncenter size-full\"><img loading=\"lazy\" decoding=\"async\" width=\"800\" height=\"1000\" src=\"https:\/\/www.salkantaytrilha.com\/blog\/wp-content\/uploads\/2024\/05\/Fotografia-pessoa-segurando-palmeira-azeitona-bencao-praca-prefeito-Cuzco.jpg\" alt=\"Pessoa segurando uma palmeira de oliveira na Pra\u00e7a do Prefeito - Cusco\" class=\"wp-image-335\"\/><figcaption class=\"wp-element-caption\">Pessoa segurando uma palmeira de oliveira na Pra\u00e7a do Prefeito &#8211; Cusco<\/figcaption><\/figure>\n<\/div><\/div>\n<\/div>\n\n\n\n<h3 class=\"wp-block-heading\" id=\"h-segunda-feira-santa-em-cusco-a-majestosa-procissao-do-taytacha-dos-temblores\">Segunda-feira Santa em Cusco: A Majestosa Prociss\u00e3o do \u201cTaytacha dos Temblores\u201d<\/h3>\n\n\n\n<h4 class=\"wp-block-heading\" id=\"h-o-patrono-jurado-de-cusco-um-legado-de-fe-e-protecao\">O Patrono Jurado de Cusco: Um Legado de F\u00e9 e Prote\u00e7\u00e3o<\/h4>\n\n\n\n<p>A<strong> Segunda-feira Santa<\/strong> em <strong>Cusco<\/strong> n\u00e3o \u00e9 um dia \u201cpassado em branco\u201d. \u00c9 o momento em que a cidade imperial se cobre de devo\u00e7\u00e3o para honrar o <strong>\u201cTaytacha dos Temblores\u201d<\/strong>, uma imagem venerada de <strong>Cristo Crucificado<\/strong> que foi proclamada como <strong>Patrono Jurado de Cusco<\/strong>.<\/p>\n\n\n\n<h5 class=\"wp-block-heading\" id=\"h-historia-e-lenda-o-protetor-dos-terremotos\">Hist\u00f3ria e Lenda: O Protetor dos Terremotos<\/h5>\n\n\n\n<ul class=\"wp-block-list\">\n<li><strong>Origem colonial<\/strong>: A imagem do <strong>Senhor dos Temblores<\/strong> chegou a Cusco no s\u00e9culo<strong> XVI<\/strong>, doada pelo<strong> rei Carlos V da Espanha<\/strong>.<\/li>\n\n\n\n<li><strong>O milagre do terremoto<\/strong>: Em <strong>1650<\/strong>, um devastador terremoto abalou Cusco. A palavra Temblores significa terremotos, e segundo a cren\u00e7a popular, teria sido a imagem do <strong>Taytacha<\/strong> a respons\u00e1vel por deter a cidade da destrui\u00e7\u00e3o total, quando ent\u00e3o foi levada em prociss\u00e3o, tornando-se desde ent\u00e3o a <strong>protetora da cidade<\/strong>.<\/li>\n\n\n\n<li><strong>Proclama\u00e7\u00e3o como Patrono Jurado<\/strong>: Em <strong>1741<\/strong>, o Cabido de Cusco o declarou oficialmente <strong>Patrono da Cidade<\/strong>, consolidando sua import\u00e2ncia religiosa e cultural.<\/li>\n<\/ul>\n\n\n\n<div class=\"wp-block-columns is-layout-flex wp-container-core-columns-is-layout-9d6595d7 wp-block-columns-is-layout-flex\">\n<div class=\"wp-block-column is-layout-flow wp-block-column-is-layout-flow\"><div class=\"wp-block-image\">\n<figure class=\"aligncenter size-full\"><img loading=\"lazy\" decoding=\"async\" width=\"800\" height=\"1000\" src=\"https:\/\/www.salkantaytrilha.com\/blog\/wp-content\/uploads\/2024\/06\/Antiga-procissao-do-Senor-de-los-Temblores.jpg\" alt=\"Antiga prociss\u00e3o do Se\u00f1or de los Temblores na segunda-feira de P\u00e1scoa - Cusco\" class=\"wp-image-3153\"\/><figcaption class=\"wp-element-caption\">Antiga prociss\u00e3o do Se\u00f1or de los Temblores<\/figcaption><\/figure>\n<\/div><\/div>\n\n\n\n<div class=\"wp-block-column is-layout-flow wp-block-column-is-layout-flow\"><div class=\"wp-block-image\">\n<figure class=\"aligncenter size-full\"><img loading=\"lazy\" decoding=\"async\" width=\"800\" height=\"1000\" src=\"https:\/\/www.salkantaytrilha.com\/blog\/wp-content\/uploads\/2024\/10\/Image-Senor-Temblores-procession-Cuscos-main-square.jpg\" alt=\"A prociss\u00e3o do Senhor dos Temblores na pra\u00e7a principal de Cusco.\" class=\"wp-image-1327\"\/><figcaption class=\"wp-element-caption\">A prociss\u00e3o do Senhor dos Temblores na pra\u00e7a principal de Cusco.<\/figcaption><\/figure>\n<\/div><\/div>\n<\/div>\n\n\n\n<h5 class=\"wp-block-heading\" id=\"h-a-procissao-da-segunda-feira-santa-um-espetaculo-de-fe-e-cor\">A Prociss\u00e3o da Segunda-feira Santa: Um Espet\u00e1culo de F\u00e9 e Cor<\/h5>\n\n\n\n<p>Todo ano, milhares de fi\u00e9is e turistas se re\u00fanem nas ruas de <strong>Cusco<\/strong> para participar de uma das prociss\u00f5es mais emocionantes do Peru.<\/p>\n\n\n\n<ul class=\"wp-block-list\">\n<li><strong>A imagem do \u201cTaytacha<\/strong>\u201d \u00e9 carregada por devotos vestidos com capa vermelha, cor que simboliza a paix\u00e3o de Cristo, a autoridade sagrada, e reflete um sincretismo religioso entre a tradi\u00e7\u00e3o andina e a f\u00e9 cat\u00f3lica.<\/li>\n\n\n\n<li><strong>Chuva de \u00f1ukch\u2019u<\/strong>: Os fi\u00e9is lan\u00e7am flores vermelhas ao passar da imagem, criando um impactante \u201ccaminho de sangue\u201d simb\u00f3lico.<\/li>\n\n\n\n<li><strong>C\u00e2nticos em quechua e espanhol<\/strong> ecoam pelas ruas de paralelep\u00edpedos, mesclando a espiritualidade andina com a tradi\u00e7\u00e3o cat\u00f3lica.&nbsp;<\/li>\n<\/ul>\n\n\n\n<div class=\"wp-block-columns is-layout-flex wp-container-core-columns-is-layout-9d6595d7 wp-block-columns-is-layout-flex\">\n<div class=\"wp-block-column is-layout-flow wp-block-column-is-layout-flow\"><div class=\"wp-block-image\">\n<figure class=\"aligncenter size-full\"><img loading=\"lazy\" decoding=\"async\" width=\"800\" height=\"1000\" src=\"https:\/\/www.salkantaytrilha.com\/blog\/wp-content\/uploads\/2024\/06\/Mapa-da-procissao-do-Senor-de-los-Temblores.jpg\" alt=\"Mapa da prociss\u00e3o do Se\u00f1or de los Temblores (Senhor dos Tremores)\" class=\"wp-image-3154\"\/><figcaption class=\"wp-element-caption\">Mapa da prociss\u00e3o do Se\u00f1or de los Temblores (Senhor dos Tremores)<\/figcaption><\/figure>\n<\/div><\/div>\n<\/div>\n\n\n\n<h5 class=\"wp-block-heading\" id=\"h-lugares-de-onde-voce-podera-apreciar-a-procissao\">Lugares de onde voc\u00ea poder\u00e1 apreciar a prociss\u00e3o<\/h5>\n\n\n\n<p><strong>Pra\u00e7a de Armas &#8211; Melhores Vistas<\/strong><\/p>\n\n\n\n<ul class=\"wp-block-list\">\n<li><strong>LIMO peruano nikkei<\/strong><strong><br><\/strong><strong>Endere\u00e7o<\/strong>: Portal de Carnes 236, 2\u00ba andar, Pra\u00e7a de Armas.<br><strong>Especialidade<\/strong>: Cozinha nikkei (fus\u00e3o peruano-japonesa), ceviches, pisco sour com vista para a pra\u00e7a.<\/li>\n\n\n\n<li><strong>Hanz Craft Beer &amp; Burger<\/strong><strong><br><\/strong><strong>Endere\u00e7o<\/strong>: Pra\u00e7a de Armas de Cusco, Portal de Carnes 216.<br><strong>Especialidade<\/strong>: Al\u00e9m de uma gastronomia internacional, fus\u00e3o, cervejas artesanais especiais e coquet\u00e9is autorais.<\/li>\n\n\n\n<li><strong>Fusi\u00f3n Andina<\/strong><strong><br><\/strong><strong>Endere\u00e7o<\/strong>: Portal de Carnes 260<\/li>\n\n\n\n<li><strong>Especialidade<\/strong>: Cozinha fus\u00e3o andina com toques modernos, pratos como alpaca e quinoa.<\/li>\n\n\n\n<li><strong>La Retama<\/strong><strong><br><\/strong><strong>Endere\u00e7o<\/strong>: Portal de Panes 123, Pra\u00e7a de Armas.<br><strong>Especialidade<\/strong>: cozinha peruana tradicional (lomo saltado, rocoto relleno).<\/li>\n\n\n\n<li><strong>Morena Peruvian Kitchen<\/strong><strong><br><\/strong><strong>Endere\u00e7o<\/strong>: Pra\u00e7a de Armas, Portal Harinas 181<br><strong>Especialidade<\/strong>: Cozinha peruana contempor\u00e2nea com ingredientes locais.<\/li>\n\n\n\n<li><strong>Mulli<\/strong><strong><br><\/strong><strong>Endere\u00e7o<\/strong>: Portal de Panes 167<br><strong>Especialidade<\/strong>: cozinha andina com produtos org\u00e2nicos e sazonais.<\/li>\n\n\n\n<li><strong>Don Pancho Taberna<\/strong><strong><br><\/strong><strong>Endere\u00e7o<\/strong>: Pra\u00e7a de Armas, Portal de Panes 151<br><strong>Especialidade<\/strong>: O restaurante \u00e9 especializado na aut\u00eantica cozinha criolla peruana, oferecendo pratos ic\u00f4nicos que representam a rica heran\u00e7a culin\u00e1ria do pa\u00eds.<\/li>\n\n\n\n<li><strong>Mistura Grill Cusco<\/strong><strong><br><\/strong><strong>Endere\u00e7o<\/strong>: Portal de Panes 137.<br><strong>Especialidade<\/strong>: Cozinha tradicional com toques modernos, estilo simples e caseiro.<\/li>\n\n\n\n<li><strong>Tunupa Restaurante<\/strong><strong><br><\/strong><strong>Endere\u00e7o<\/strong>: Portal de Confituria 233, Pra\u00e7a de Armas.<br><strong>Especialidade<\/strong>: Buffet de comida peruana e internacional com espet\u00e1culo de dan\u00e7as folcl\u00f3ricas.<\/li>\n\n\n\n<li><strong>Sagrado Restaurante<\/strong><strong><br><\/strong><strong>Endere\u00e7o<\/strong>: Rua Plateros 309, esquina da Pra\u00e7a de Armas.<br><strong>Especialidade<\/strong>: Cozinha com op\u00e7\u00f5es saud\u00e1veis, pratos veganos e org\u00e2nicos.<\/li>\n\n\n\n<li><strong>Il. Olivo Trattoria Ristorante<\/strong><strong><br><\/strong><strong>Endere\u00e7o<\/strong>: Rua Plateros 365,<br><strong>Especialidade<\/strong>: Cozinha \u00cdtalo-Peruana, especializada em massas e pratos t\u00edpicos.<\/li>\n\n\n\n<li><strong>Rep\u00fablica del Pisco<\/strong><strong><br><\/strong><strong>Endere\u00e7o<\/strong>: Rua Plateros 365.<br><strong>Especialidade<\/strong>: Cozinha peruana tradicional, destacando os sabores aut\u00eanticos do pa\u00eds e a gastronomia acompanhada de Pisco.<\/li>\n\n\n\n<li><strong>Ofrenda Peruvian Healthy food<\/strong><strong><br><\/strong><strong>Endere\u00e7o<\/strong>: Rua Plateros 359.<br><strong>Especialidade<\/strong>: Comida saud\u00e1vel, vegana, vegetariana e para cel\u00edacos.<\/li>\n\n\n\n<li><strong>Caf\u00e9 Macchiato<\/strong><strong><br><\/strong><strong>Endere\u00e7o<\/strong>: Rua Marqu\u00e9s 238.<br><strong>Especialidade<\/strong>: Caf\u00e9 especial e comida leve (sandu\u00edches, sobremesas).<\/li>\n\n\n\n<li><strong>Micaela Restaurant<\/strong><strong><br><\/strong><strong>Endere\u00e7o<\/strong>: Portal de Com\u00e9rcio, 121.<br><strong>Especialidade<\/strong>: Comida reconfortante peruana com influ\u00eancia internacional.<\/li>\n\n\n\n<li><strong>Calle del Medio<\/strong><strong><br><\/strong><strong>Endere\u00e7o<\/strong>: Rua del Medio 113, Pra\u00e7a de Armas.<br><strong>Especialidade<\/strong>: Bar-restaurante com comida fus\u00e3o e coquet\u00e9is.<\/li>\n\n\n\n<li><strong>Cafeteria Hotel Cusco Plaza de Armas<\/strong><strong><br><\/strong><strong>Endere\u00e7o<\/strong>: Portal de Com\u00e9rcio 113,<br><strong>Especialidade<\/strong>: Servi\u00e7o de cafeteria com uma das melhores vistas da pra\u00e7a.<\/li>\n<\/ul>\n\n\n\n<p class=\"orange\"><strong>Dica:<\/strong> Reserve uma mesa nos balc\u00f5es ou pr\u00f3ximo das janelas para aproveitar melhor a prociss\u00e3o.<\/p>\n\n\n\n<div class=\"wp-block-columns is-layout-flex wp-container-core-columns-is-layout-9d6595d7 wp-block-columns-is-layout-flex\">\n<div class=\"wp-block-column is-layout-flow wp-block-column-is-layout-flow\"><div class=\"wp-block-image\">\n<figure class=\"aligncenter size-large\"><img loading=\"lazy\" decoding=\"async\" width=\"1024\" height=\"683\" src=\"https:\/\/www.salkantaytrilha.com\/blog\/wp-content\/uploads\/2024\/06\/Restaurantes-vista-praca-principal-Cusco-Mistura-Grill-1024x683.jpg\" alt=\"Restaurantes com vista para a pra\u00e7a principal de Cusco | Mistura Grill\" class=\"wp-image-3155\"\/><figcaption class=\"wp-element-caption\">Restaurantes com vista para a pra\u00e7a principal de Cusco | Mistura Grill<\/figcaption><\/figure>\n<\/div><\/div>\n<\/div>\n\n\n\n<div class=\"wp-block-columns is-layout-flex wp-container-core-columns-is-layout-9d6595d7 wp-block-columns-is-layout-flex\">\n<div class=\"wp-block-column is-layout-flow wp-block-column-is-layout-flow\"><div class=\"wp-block-image\">\n<figure class=\"aligncenter size-full\"><img loading=\"lazy\" decoding=\"async\" width=\"800\" height=\"1000\" src=\"https:\/\/www.salkantaytrilha.com\/blog\/wp-content\/uploads\/2024\/06\/Procissao-Senor-Temblores-@geocusco.jpg\" alt=\"Prociss\u00e3o do Se\u00f1or de los Temblores | @geocusco\" class=\"wp-image-3156\"\/><figcaption class=\"wp-element-caption\">Prociss\u00e3o do Se\u00f1or de los Temblores | @geocusco<\/figcaption><\/figure>\n<\/div><\/div>\n\n\n\n<div class=\"wp-block-column is-layout-flow wp-block-column-is-layout-flow\"><div class=\"wp-block-image\">\n<figure class=\"aligncenter size-full\"><img loading=\"lazy\" decoding=\"async\" width=\"800\" height=\"1000\" src=\"https:\/\/www.salkantaytrilha.com\/blog\/wp-content\/uploads\/2024\/06\/Procissao-do-Senor-de-los-Temblores-@geocusco.jpg\" alt=\"Prociss\u00e3o do Se\u00f1or de los Temblores | @geocusco\" class=\"wp-image-3157\"\/><figcaption class=\"wp-element-caption\">Prociss\u00e3o do Se\u00f1or de los Temblores | @geocusco<\/figcaption><\/figure>\n<\/div><\/div>\n<\/div>\n\n\n\n<h5 class=\"wp-block-heading\" id=\"h-rituais-imprescindiveis\">Rituais imprescind\u00edveis.<\/h5>\n\n\n\n<ul class=\"wp-block-list\">\n<li><strong>Missas em quechua<\/strong>: Desde as 5 da manh\u00e3, as ch\u2019ay\u00f1as (cantoras tradicionais) entoam c\u00e2nticos ancestrais, declarados Patrim\u00f4nio Cultural da Na\u00e7\u00e3o.<\/li>\n\n\n\n<li><strong>Tr\u00eas b\u00ean\u00e7\u00e3os<\/strong>: Ao final, o Cristo moreno aben\u00e7oa a multid\u00e3o a partir do \u00e1trio da Catedral, sob a luz da lua e do Apu Pachatusan (Apu \u00e9 o esp\u00edrito da montanha sagrada na Cosmologia Inca).<\/li>\n<\/ul>\n\n\n\n<div class=\"wp-block-columns is-layout-flex wp-container-core-columns-is-layout-9d6595d7 wp-block-columns-is-layout-flex\">\n<div class=\"wp-block-column is-layout-flow wp-block-column-is-layout-flow\"><div class=\"wp-block-image\">\n<figure class=\"aligncenter size-large\"><img loading=\"lazy\" decoding=\"async\" width=\"1024\" height=\"683\" src=\"https:\/\/www.salkantaytrilha.com\/blog\/wp-content\/uploads\/2024\/06\/Irmandade-de-Musicos-e-Chaynas-do-Senhor-dos-Terremotos-Cusco-1024x683.jpg\" alt=\"Irmandade de M\u00fasicos e Ch'ay\u00f1as do Senhor dos Terremotos - Cusco\" class=\"wp-image-3158\"\/><figcaption class=\"wp-element-caption\">Irmandade de M\u00fasicos e Ch&#8217;ay\u00f1as do Senhor dos Terremotos &#8211; Cusco<\/figcaption><\/figure>\n<\/div><\/div>\n<\/div>\n\n\n\n<h5 class=\"wp-block-heading\" id=\"h-por-que-o-taytacha-dos-temblores-e-tao-especial\">Por que o &#8220;Taytacha dos Temblores&#8221; \u00e9 t\u00e3o especial?<\/h5>\n\n\n\n<ul class=\"wp-block-list\">\n<li><strong>Sincretismo religioso<\/strong>: Representa a fus\u00e3o entre a f\u00e9 cat\u00f3lica e as cren\u00e7as ancestrais andinas.<\/li>\n\n\n\n<li><strong>Protetor contra desastres<\/strong>: Os cusquenhos pedem sua prote\u00e7\u00e3o diante de <strong>terremotos e calamidades.<\/strong><\/li>\n\n\n\n<li><strong>Atra\u00e7\u00e3o tur\u00edstico-religiosa<\/strong>: \u00c9 uma das celebra\u00e7\u00f5es mais importantes da <strong>Semana Santa no Peru<\/strong>, reconhecida por seu fervor e sua beleza visual.<\/li>\n<\/ul>\n\n\n\n<div class=\"wp-block-columns green is-layout-flex wp-container-core-columns-is-layout-9d6595d7 wp-block-columns-is-layout-flex\">\n<div class=\"wp-block-column is-layout-flow wp-block-column-is-layout-flow\">\n<p><strong>Dicas para vivenciar essa experi\u00eancia \u00fanica<\/strong><\/p>\n\n\n\n<ul class=\"wp-block-list\">\n<li><strong>Chegue cedo<\/strong>: A Pra\u00e7a de Armas de Cusco lota rapidamente. <strong>A prociss\u00e3o come\u00e7a \u00e0s 14h<\/strong>, mas desde \u00e0s 3 da manh\u00e3 os fi\u00e9is ocupam seus lugares na Catedral.<\/li>\n\n\n\n<li><strong>Vista-se de forma respeitosa<\/strong>: \u00c9 uma celebra\u00e7\u00e3o religiosa; recomenda-se roupa adequada.<\/li>\n\n\n\n<li><strong>Deguste os pratos t\u00edpicos<\/strong>: Durante essa data comemorativa, s\u00e3o servidos &#8220;12 pratos&#8221; tradicionais em homenagem \u00e0 Paix\u00e3o de Cristo.<\/li>\n\n\n\n<li><strong>Evite levar objetos de valor<\/strong>: Embora Cusco seja uma cidade segura, em eventos populosos \u00e9 melhor se prevenir cuidando de seus pertences.<\/li>\n\n\n\n<li><strong>Tenha um casaco sempre \u00e0 m\u00e3o<\/strong>: As noites s\u00e3o frias, mesmo em abril.<\/li>\n\n\n\n<li><strong>Respeite os rituais<\/strong>: Se for participar, fa\u00e7a-o de forma respeitosa; para os cusquenhos, essa prociss\u00e3o \u00e9 uma promessa de vida.<\/li>\n<\/ul>\n<\/div>\n<\/div>\n\n\n\n<p><strong>Viva a magia da Segunda-feira Santa em Cusco!<\/strong><\/p>\n\n\n\n<p>Se voc\u00ea busca uma experi\u00eancia <strong>repleta de espiritualidade, hist\u00f3ria e cultura andinas<\/strong>, n\u00e3o pode perder a prociss\u00e3o do <strong>Taytacha dos Temblores<\/strong>. Uma tradi\u00e7\u00e3o que te <strong>remete diretamente ao cora\u00e7\u00e3o da cidade <\/strong>e atrai o mundo todo para Cusco.<\/p>\n\n\n\n<div class=\"wp-block-columns is-layout-flex wp-container-core-columns-is-layout-9d6595d7 wp-block-columns-is-layout-flex\">\n<div class=\"wp-block-column is-layout-flow wp-block-column-is-layout-flow\"><div class=\"wp-block-image\">\n<figure class=\"aligncenter size-full\"><img loading=\"lazy\" decoding=\"async\" width=\"800\" height=\"1000\" src=\"https:\/\/www.salkantaytrilha.com\/blog\/wp-content\/uploads\/2024\/05\/Imagem-procissao-do-Senhor-dos-Tremores-Praca-Major-Cusco.jpg\" alt=\"O Senhor dos Tremores na pra\u00e7a principal de Cusco\" class=\"wp-image-342\"\/><figcaption class=\"wp-element-caption\">O Senhor dos Tremores na pra\u00e7a principal de Cusco <\/figcaption><\/figure>\n<\/div><\/div>\n\n\n\n<div class=\"wp-block-column is-layout-flow wp-block-column-is-layout-flow\"><div class=\"wp-block-image\">\n<figure class=\"aligncenter size-full\"><img loading=\"lazy\" decoding=\"async\" width=\"800\" height=\"1000\" src=\"https:\/\/www.salkantaytrilha.com\/blog\/wp-content\/uploads\/2024\/05\/Imagem-Lord-Tremors-Plaza-Mayor-Cusco.jpg\" alt=\"O Senhor dos Tremores na pra\u00e7a principal de Cusco\" class=\"wp-image-341\"\/><figcaption class=\"wp-element-caption\">O Senhor dos Tremores na pra\u00e7a principal de Cusco <\/figcaption><\/figure>\n<\/div><\/div>\n<\/div>\n\n\n\n<div class=\"wp-block-columns is-layout-flex wp-container-core-columns-is-layout-9d6595d7 wp-block-columns-is-layout-flex\">\n<div class=\"wp-block-column is-layout-flow wp-block-column-is-layout-flow\"><div class=\"wp-block-image\">\n<figure class=\"aligncenter size-large\"><img loading=\"lazy\" decoding=\"async\" width=\"1024\" height=\"666\" src=\"https:\/\/www.salkantaytrilha.com\/blog\/wp-content\/uploads\/2024\/05\/Ao-vivo-Semana-Santo-Cusco-1024x666.jpg\" alt=\"Viva a Semana Santa em Cusco\" class=\"wp-image-332\"\/><figcaption class=\"wp-element-caption\">Semana Santa em Cusco<\/figcaption><\/figure>\n<\/div><\/div>\n<\/div>\n\n\n\n<h3 class=\"wp-block-heading\" id=\"h-quinta-feira-santa-tradicao-fe-e-devocao-no-coracao-dos-andes\">Quinta-feira Santa: Tradi\u00e7\u00e3o, F\u00e9 e Devo\u00e7\u00e3o no Cora\u00e7\u00e3o dos Andes<\/h3>\n\n\n\n<p>A Quinta-feira Santa em Cusco n\u00e3o \u00e9 apenas uma data religiosa, mas uma explos\u00e3o de cultura, espiritualidade e tradi\u00e7\u00f5es ancestrais que transformam a cidade em um epicentro de fervor durante a Semana Santa. Desde prociss\u00f5es solenes at\u00e9 rituais centen\u00e1rios, cada detalhe desta celebra\u00e7\u00e3o reflete a profunda f\u00e9 do povo cusquenho.<\/p>\n\n\n\n<p><strong>Prociss\u00e3o do Sant\u00edssimo Sacramento: Autoridades e Comunidade em Uni\u00e3o<\/strong><\/p>\n\n\n\n<p>Em Cusco, a Quinta-feira Santa ganha vida com a emblem\u00e1tica Prociss\u00e3o do Sant\u00edssimo Sacramento, onde as autoridades locais, como o prefeito e o l\u00edder comunit\u00e1rio, comandam o trajeto simbolizando a devo\u00e7\u00e3o e o respeito. Esta tradi\u00e7\u00e3o, que mistura o civil com o religioso, simboliza a uni\u00e3o entre o povo e seus l\u00edderes na f\u00e9 crist\u00e3.<\/p>\n\n\n\n<p>Enquanto isso, todas as igrejas da cidade abrem suas portas para celebrar missas especiais, enchendo as ruas com c\u00e2nticos, incenso e ora\u00e7\u00f5es. Entre os templos mais visitados, destacam-se:<\/p>\n\n\n\n<p><strong>Hor\u00e1rio<\/strong>: Ao entardecer (entre 17:00 e 19:00).<\/p>\n\n\n\n<p><strong>Pontos principais<\/strong>:<\/p>\n\n\n\n<ul class=\"wp-block-list\">\n<li><strong>A Catedral de Cusco<\/strong> (\u00edcone da arquitetura colonial).<\/li>\n\n\n\n<li><strong>Igreja da Companhia de Jesus<\/strong> (j\u00f3ia do barroco andino).<\/li>\n\n\n\n<li><strong>Igreja de S\u00e3o Francisco <\/strong>(um tesouro religioso e hist\u00f3rico).<\/li>\n<\/ul>\n\n\n\n<p><strong>A Lavagem dos P\u00e9s: Uma Cerim\u00f4nia de Devo\u00e7\u00e3o<\/strong><\/p>\n\n\n\n<p>Uma das tradi\u00e7\u00f5es mais devotas da <strong>Quinta-feira Santa em Cusco<\/strong> \u00e9 a <strong>lavagem dos p\u00e9s<\/strong>, realizada pelo bispo da cidade, inspirado no gesto de Jesus em rela\u00e7\u00e3o aos seus disc\u00edpulos, antigamente praticado em<strong> doze moradores de rua,<\/strong> atualmente realizado com doze idosos, simbolizando <strong>doa\u00e7\u00e3o, humildade e amor ao pr\u00f3ximo<\/strong>.<\/p>\n\n\n\n<p>Este ritual, carregado de emo\u00e7\u00e3o, acontece na<strong> Catedral de Cusco<\/strong> e atrai centenas de fi\u00e9is que buscam testemunhar esse ato de <strong>purifica\u00e7\u00e3o e solidariedade crist\u00e3<\/strong>.<\/p>\n\n\n\n<div class=\"wp-block-columns is-layout-flex wp-container-core-columns-is-layout-9d6595d7 wp-block-columns-is-layout-flex\">\n<div class=\"wp-block-column is-layout-flow wp-block-column-is-layout-flow\"><div class=\"wp-block-image\">\n<figure class=\"aligncenter size-large\"><img loading=\"lazy\" decoding=\"async\" width=\"1024\" height=\"683\" src=\"https:\/\/www.salkantaytrilha.com\/blog\/wp-content\/uploads\/2024\/06\/Lord-of-the-Tremors-Senor-de-los-Temblores-Fe-e-devocao-no-coracao-dos-Andes-1024x683.jpg\" alt=\"Lord of the Tremors (Se\u00f1or de los Temblores) - F\u00e9 e devo\u00e7\u00e3o no cora\u00e7\u00e3o dos Andes\" class=\"wp-image-3159\"\/><figcaption class=\"wp-element-caption\">Lord of the Tremors (Se\u00f1or de los Temblores)<\/figcaption><\/figure>\n<\/div><\/div>\n<\/div>\n\n\n\n<p><strong>Percurso das Sete Igrejas: Uma Peregrina\u00e7\u00e3o Noturna Cheia de Misticismo<\/strong><\/p>\n\n\n\n<p>Os cusquenhos visitam sete igrejas, representando os passos dados por Jesus antes de sua crucifica\u00e7\u00e3o. Um costume profundamente enraizado na <strong>Semana Santa<\/strong>, na<strong> noite da Quinta-feira Santa<\/strong>. Os devotos percorrem as igrejas mais importantes da cidade, meditando em cada uma delas acerca dos epis\u00f3dios da Paix\u00e3o de Cristo.<br>Nestes templos, exibe-se o Altar dos Dolores, onde s\u00e3o apresentadas cenas da Paix\u00e3o, com flores, velas e tecidos.<\/p>\n\n\n\n<div class=\"wp-block-columns orange is-layout-flex wp-container-core-columns-is-layout-9d6595d7 wp-block-columns-is-layout-flex\">\n<div class=\"wp-block-column is-layout-flow wp-block-column-is-layout-flow\">\n<p><strong>Rota recomendada para quem for visitar as Sete Igrejas<\/strong>:<\/p>\n\n\n\n<p>Os fi\u00e9is e turistas costumam visitar algumas das igrejas mais emblem\u00e1ticas, como:<\/p>\n\n\n\n<ul class=\"wp-block-list\">\n<li>Catedral de Cusco (Pra\u00e7a de Armas).<\/li>\n\n\n\n<li>Igreja da Companhia de Jesus (Pra\u00e7a de Armas).<\/li>\n\n\n\n<li>Igreja de S\u00e3o Francisco (Pra\u00e7a S\u00e3o Francisco).<\/li>\n\n\n\n<li>Igreja de La Merced (Rua Mantas).<\/li>\n\n\n\n<li>Igreja de Santa Clara (Rua Santa Clara).<\/li>\n\n\n\n<li>Igreja de S\u00e3o Pedro (Mercado de S\u00e3o Pedro).<\/li>\n\n\n\n<li>Igreja de S\u00e3o Blas (Bairro de S\u00e3o Blas).<br><\/li>\n<\/ul>\n<\/div>\n<\/div>\n\n\n\n<p>O percurso n\u00e3o \u00e9 fixo e algumas pessoas incluem outros templos pr\u00f3ximos. Durante esta noite, muitas igrejas abrem suas portas para adora\u00e7\u00e3o e reflex\u00e3o, e as ruas de Cusco se lotam de fi\u00e9is em um ambiente de profunda devo\u00e7\u00e3o e espiritualidade.<\/p>\n\n\n\n<p>Esta peregrina\u00e7\u00e3o n\u00e3o apenas fortalece a f\u00e9, mas tamb\u00e9m permite admirar a riqueza art\u00edstica e arquitet\u00f4nica das igrejas coloniais, muitas das quais foram constru\u00eddas sobre funda\u00e7\u00f5es incas.<\/p>\n\n\n\n<div class=\"wp-block-columns green is-layout-flex wp-container-core-columns-is-layout-9d6595d7 wp-block-columns-is-layout-flex\">\n<div class=\"wp-block-column is-layout-flow wp-block-column-is-layout-flow\">\n<p><strong>Recomenda\u00e7\u00f5es<\/strong><\/p>\n\n\n\n<ul class=\"wp-block-list\">\n<li>Iniciar o percurso cedo, pois algumas igrejas fecham por volta das 10 da manh\u00e3.<\/li>\n\n\n\n<li>Usar roupas quentes, pois em Cusco sempre pode fazer frio.<\/li>\n\n\n\n<li>Aproveitar para degustar pratos t\u00edpicos da Semana Santa, como a <strong>sopa de sexta-feira <\/strong>ou os <strong>12 pratos tradicionais<\/strong>.<\/li>\n<\/ul>\n<\/div>\n<\/div>\n\n\n\n<div class=\"wp-block-columns is-layout-flex wp-container-core-columns-is-layout-9d6595d7 wp-block-columns-is-layout-flex\">\n<div class=\"wp-block-column is-layout-flow wp-block-column-is-layout-flow\"><div class=\"wp-block-image\">\n<figure class=\"aligncenter size-full\"><img loading=\"lazy\" decoding=\"async\" width=\"1024\" height=\"666\" src=\"https:\/\/www.salkantaytrilha.com\/blog\/wp-content\/uploads\/2024\/05\/Imagem-igreja-Sao-Pedro-1024x666-1.jpg\" alt=\"Igreja de S\u00e3o Pedro\" class=\"wp-image-340\"\/><figcaption class=\"wp-element-caption\">Igreja de S\u00e3o Pedro <\/figcaption><\/figure>\n<\/div><\/div>\n<\/div>\n\n\n\n<h3 class=\"wp-block-heading\" id=\"h-sexta-feira-santa-via-crucis-santo-sepulcro-e-os-12-pratos\">Sexta-feira Santa: Via-Crucis, Santo Sepulcro e os 12 pratos<\/h3>\n\n\n\n<p><strong>Um dia de profunda devo\u00e7\u00e3o em Cusco<\/strong><\/p>\n\n\n\n<h4 class=\"wp-block-heading\" id=\"h-via-crucis-em-saqsaywaman\">Via-Crucis em Saqsaywaman<\/h4>\n\n\n\n<p>Milhares de peregrinos sobem o <strong>morro Sapantiana<\/strong> at\u00e9 a <strong>Cruz do Papa<\/strong>, recriando o caminho de Jesus at\u00e9 o Calv\u00e1rio.<\/p>\n\n\n\n<p>Ap\u00f3s o almo\u00e7o com os 12 pratos e a visita \u00e0s 7 igrejas da Quinta-feira Santa, o povo cusquenho se prepara para uma das tradi\u00e7\u00f5es mais profundas: a Via-Crucis noturna.<\/p>\n\n\n\n<p><strong>Madrugada Sagrada!<\/strong> Entre as 3h30 e 4h da manh\u00e3, milhares de fi\u00e9is partem do:<\/p>\n\n\n\n<ul class=\"wp-block-list\">\n<li>Templo de S\u00e3o Francisco (rumo a Sacsayhuaman).<\/li>\n\n\n\n<li>Templo de La Almudena (em dire\u00e7\u00e3o a Viva el Peru ou Muyuc Orqo).<\/li>\n<\/ul>\n\n\n\n<p><strong>Antigas Rotas Franciscanas<\/strong>: As prociss\u00f5es mais tradicionais sa\u00edam do templo de La Recoleta e de S\u00e3o Francisco, lideradas por irmandades que carregavam enormes cruzes e disciplinas (uma pr\u00e1tica que exigia for\u00e7a f\u00edsica e devo\u00e7\u00e3o!).<\/p>\n\n\n\n<div class=\"wp-block-columns red is-layout-flex wp-container-core-columns-is-layout-9d6595d7 wp-block-columns-is-layout-flex\">\n<div class=\"wp-block-column is-layout-flow wp-block-column-is-layout-flow\">\n<p><strong>Advert\u00eancia para os viajantes<\/strong>:<\/p>\n\n\n\n<ul class=\"wp-block-list\">\n<li><strong>Combata o frio<\/strong>: As temperaturas na madrugada s\u00e3o geladas \u2013 se aque\u00e7a com roupas t\u00e9rmicas e com um aut\u00eantico poncho cusquenho!<\/li>\n\n\n\n<li><strong>Sustento sagrado<\/strong>: Recarregue suas energias com as empanadas de vig\u00edlia ou \u201capi quente&#8221; dos vendedores ambulantes.<\/li>\n\n\n\n<li><strong>Dica<\/strong>: Chegue antes das 3h da manh\u00e3 para garantir o seu lugar perto da Cruz do Papa e das ora\u00e7\u00f5es do amanhecer.<\/li>\n<\/ul>\n<\/div>\n<\/div>\n\n\n\n<p><strong>Rotas Sagradas: Onde s\u00e3o realizadas as Via-Crucis?<\/strong><\/p>\n\n\n\n<figure class=\"wp-block-table\"><table class=\"has-fixed-layout\"><thead><tr><th>Lugar de Partida<\/th><th>Destino<\/th><th>Hora<\/th><th>Caracter\u00edstica<\/th><\/tr><\/thead><tbody><tr><td>Templo de San Francisco<\/td><td>Sacsayhuaman (Cruz del Papa)<\/td><td>4:00 a. m.<\/td><td>O mais antigo, com irmandades franciscanas, com uma vista excepcional da cidade.<\/td><\/tr><tr><td>Templo de la Almudena<\/td><td>Viva el Per\u00fa \/ Muyuc Orqo<\/td><td>3:30 a. m.<\/td><td>Rota exigente, preferida pelos locais.<\/td><\/tr><tr><td>Par\u00f3quias de San Sebasti\u00e1n<\/td><td>Alto Qosqo<\/td><td>De madrugada.<\/td><td>Tradi\u00e7\u00e3o familiar com oferendas andinas.<\/td><\/tr><\/tbody><\/table><\/figure>\n\n\n\n<h4 class=\"wp-block-heading\" id=\"h-gastronomia-sagrada-os-12-pratos-da-semana-santa\">Gastronomia Sagrada: Os 12 Pratos da Semana Santa<\/h4>\n\n\n\n<p>Ap\u00f3s o jejum e a reflex\u00e3o, as fam\u00edlias cusquenhas se re\u00fanem ao redor de uma mesa que honra a <strong>\u00daltima Ceia com 12 pratos tradicionais<\/strong> (representando os ap\u00f3stolos). Uma fus\u00e3o de sincretismo religioso e sabores andinos!<\/p>\n\n\n\n<p><strong>Regras sagradas da mesa<\/strong>:<\/p>\n\n\n\n<ul class=\"wp-block-list\">\n<li><strong>Sem carnes vermelhas<\/strong>: S\u00e3o evitadas em respeito \u00e0 Quaresma (somente peixes, frutos do mar e vegetais).<\/li>\n\n\n\n<li><strong>Equil\u00edbrio perfeito<\/strong>: 3 sopas + 4 pratos principais + 5 sobremesas (ou varia\u00e7\u00f5es conforme a fam\u00edlia).<\/li>\n<\/ul>\n\n\n\n<h5 class=\"wp-block-heading\" id=\"h-os-12-pratos-imperdiveis\">Os 12 Pratos Imperd\u00edveis<\/h5>\n\n\n\n<figure class=\"wp-block-table\"><table class=\"has-fixed-layout\"><thead><tr><th>Tipo<\/th><th><strong>Prato<\/strong><\/th><th>Curiosidades<\/th><\/tr><\/thead><tbody><tr><td rowspan=\"3\"><strong>Sopas<\/strong><\/td><td>1. \u201cLawa\u201d (creme de milho)<\/td><td>Base de milho e \u201chuacatay\u201d.<\/td><\/tr><tr><td>2. Sopa de ab\u00f3bora<\/td><td>Com queijo andino derretido.<\/td><\/tr><tr><td>3. \u201cChupe\u201d de camar\u00f5es\/\u201dmachas\u201d<\/td><td>Possui os ingredientes mais procurados nessas \u00e9pocas.<\/td><\/tr><tr><td rowspan=\"4\"><strong>Prato fundo&nbsp;<\/strong><\/td><td>4. Ceviche<\/td><td>O prato mais famoso do pa\u00eds.<\/td><\/tr><tr><td>5. Truta frita com arroz<\/td><td>Peixe de rio da regi\u00e3o.<\/td><\/tr><tr><td>6. Saltado de at\u00fan&nbsp;<\/td><td>Sabores costeiros e andinos<\/td><\/tr><tr><td>7. Ensopado de ab\u00f3bora com \u201ctarwi\u201d<\/td><td>Soja andina rica em prote\u00ednas.<\/td><\/tr><tr><td rowspan=\"7\"><strong>Sobremesa<\/strong><\/td><td>8. \u201cMazamorra de chancaca\u201d<\/td><td>Ado\u00e7ada com mel de cana.<\/td><\/tr><tr><td>9. Arroz com leite e canela<\/td><td>Cremoso e com a canela inteira!<\/td><\/tr><tr><td>10. Doce de p\u00eassego com ma\u00e7\u00e3&nbsp;<\/td><td>Tradi\u00e7\u00e3o doce do Vale Sagrado<\/td><\/tr><tr><td>11. Empanadas cusquenhas<\/td><td>Delicia colonial dos mosteiros<\/td><\/tr><tr><td>12. Suspiro&nbsp;<\/td><td>Merengues fofos.<\/td><\/tr><tr><td>13. \u201cPan Jurka\u201d o torta<\/td><td>Assados em fornos a lenha<\/td><\/tr><tr><td>14. \u201cMaicillos\u201d&nbsp;<\/td><td>Biscoitos de milho tostado que estalam.<\/td><\/tr><\/tbody><\/table><\/figure>\n\n\n\n<p>Em alguns casos, escolhe-se entre diversas op\u00e7\u00f5es de sobremesas, sopas ou pratos principais, mas o total sempre deve ser 12.<\/p>\n\n\n\n<div class=\"wp-block-columns is-layout-flex wp-container-core-columns-is-layout-9d6595d7 wp-block-columns-is-layout-flex\">\n<div class=\"wp-block-column is-layout-flow wp-block-column-is-layout-flow\"><div class=\"wp-block-image\">\n<figure class=\"aligncenter size-large\"><img loading=\"lazy\" decoding=\"async\" width=\"1024\" height=\"683\" src=\"https:\/\/www.salkantaytrilha.com\/blog\/wp-content\/uploads\/2024\/06\/Os-12-pratos-da-Semana-Santa-em-Cusco-1024x683.jpg\" alt=\"Os 12 pratos da Semana Santa em Cusco\" class=\"wp-image-3162\"\/><figcaption class=\"wp-element-caption\">Os 12 pratos da Semana Santa em Cusco<\/figcaption><\/figure>\n<\/div><\/div>\n<\/div>\n\n\n\n<p><strong>Como se vivencia essa tradi\u00e7\u00e3o?<\/strong><\/p>\n\n\n\n<ul class=\"wp-block-list\">\n<li><strong>Cozinha comunit\u00e1ria<\/strong>: As fam\u00edlias se revezam para preparar os pratos (as av\u00f3s lideram as receitas!).<\/li>\n\n\n\n<li><strong>Mesa compartilhada<\/strong>: Vizinhos e visitantes s\u00e3o convidados a provar os 12 sabores.<\/li>\n\n\n\n<li><strong>Toque andino<\/strong>: Muitos adicionam cochayuyo (alga) ou aj\u00ed rocoto para dar identidade cusquenha.<\/li>\n<\/ul>\n\n\n\n<p><strong>Prociss\u00e3o da Sexta-feira Santa<\/strong><\/p>\n\n\n\n<p>A cada Sexta-feira Santa, durante as celebra\u00e7\u00f5es da Semana Santa em Cusco, ocorre uma solene prociss\u00e3o que re\u00fane fi\u00e9is e devotos. Nesta imponente manifesta\u00e7\u00e3o de f\u00e9, desfilam tr\u00eas imagens sagradas:<\/p>\n\n\n\n<ul class=\"wp-block-list\">\n<li><strong>A Virgem Dolorosa<\/strong> (ou Virgem da Solid\u00e3o), cuja presen\u00e7a comovente encarna o sofrimento maternal diante do sacrif\u00edcio de Cristo.<\/li>\n\n\n\n<li><strong>O Santo Sepulcro<\/strong> que simboliza o descanso mortal de Jesus ap\u00f3s sua crucifica\u00e7\u00e3o.<\/li>\n\n\n\n<li><strong>Um relic\u00e1rio<\/strong> que guarda a Lasca da Cruz de Jesus de Nazar\u00e9, uma rel\u00edquia de profundo significado espiritual.<\/li>\n<\/ul>\n\n\n\n<p>Essa tradi\u00e7\u00e3o, enraizada na devo\u00e7\u00e3o popular, reflete a riqueza religiosa e cultural de Cusco, fundindo o fervor cat\u00f3lico com o legado hist\u00f3rico da cidade imperial.<\/p>\n\n\n\n<p><strong>Hampi Rantikuy<\/strong>: Na Pra\u00e7a S\u00e3o Francisco, \u00e9 montada a feira de <strong>plantas medicinais<\/strong>, onde vendem-se:<\/p>\n\n\n\n<ul class=\"wp-block-list\">\n<li><strong>Cruzes de espinhos<\/strong> (prote\u00e7\u00e3o para o lar).<\/li>\n\n\n\n<li><strong>Ervas sagradas<\/strong> para banhos de purifica\u00e7\u00e3o.<\/li>\n<\/ul>\n\n\n\n<p class=\"green\"><strong>Dica<\/strong>: Experimente o \u201cmenu completo\u201d. Alguns restaurantes oferecem vers\u00f5es adaptadas dos 12 pratos (ex.: Cicciolina ou Chicha por Gast\u00f3n Acurio).<br><strong>Venha com o est\u00f4mago vazio:<\/strong> s\u00e3o por\u00e7\u00f5es generosas!<br><strong>Pe\u00e7a as receitas t\u00edpicas: <\/strong>muitas fam\u00edlias as compartilham como um ato de boa f\u00e9.<\/p>\n\n\n\n<h3 class=\"wp-block-heading\" id=\"h-sabado-de-gloria-em-cusco-renascimento-fogo-e-festividade\">S\u00e1bado de Gl\u00f3ria em Cusco: Renascimento, Fogo e Festividade<\/h3>\n\n\n\n<p><strong>1. A Solene Vig\u00edlia Pascal<\/strong><\/p>\n\n\n\n<ul class=\"wp-block-list\">\n<li><strong>Hor\u00e1rio<\/strong>: Entre 20h e meia-noite.<\/li>\n\n\n\n<li><strong>Pontos chave<\/strong>:\n<ul class=\"wp-block-list\">\n<li><strong>Catedral de Cusco<\/strong> (Pra\u00e7a de Armas) &#8211; O cora\u00e7\u00e3o sagrado da devo\u00e7\u00e3o cusquenha.<\/li>\n\n\n\n<li><strong>Igreja da Companhia de Jesus<\/strong> &#8211; Onde o barroco andino celebra a alegria pascal.<\/li>\n\n\n\n<li><strong>Igreja de S\u00e3o Francisco<\/strong> &#8211; Onde a hist\u00f3ria e a f\u00e9 tecem um legado eterno.<\/li>\n<\/ul>\n<\/li>\n\n\n\n<li><strong>Momento mais emocionante<\/strong>:\n<ul class=\"wp-block-list\">\n<li><strong>B\u00ean\u00e7\u00e3o do Fogo Novo<\/strong>: Um sacerdote acende o &#8220;C\u00edrio Pascal&#8221;, s\u00edmbolo de Cristo ressuscitado, e dali os fi\u00e9is acendem suas velas, iluminando a noite.<\/li>\n\n\n\n<li><strong>Gl\u00f3ria a Deus<\/strong>: Os sinos, em sil\u00eancio desde a Quinta-feira Santa, tocam com for\u00e7a total, anunciando a ressurrei\u00e7\u00e3o.<\/li>\n<\/ul>\n<\/li>\n<\/ul>\n\n\n\n<div class=\"wp-block-columns is-layout-flex wp-container-core-columns-is-layout-9d6595d7 wp-block-columns-is-layout-flex\">\n<div class=\"wp-block-column is-layout-flow wp-block-column-is-layout-flow\"><div class=\"wp-block-image\">\n<figure class=\"aligncenter size-large\"><img loading=\"lazy\" decoding=\"async\" width=\"1024\" height=\"683\" src=\"https:\/\/www.salkantaytrilha.com\/blog\/wp-content\/uploads\/2024\/06\/Vigilia-de-Pascoa-na-Catedral-1024x683.jpg\" alt=\"Vig\u00edlia de P\u00e1scoa na Catedral | Arzobispo Metropolitano del Cusco\" class=\"wp-image-3163\"\/><figcaption class=\"wp-element-caption\">Vig\u00edlia de P\u00e1scoa na Catedral | Arzobispo Metropolitano del Cusco<\/figcaption><\/figure>\n<\/div><\/div>\n<\/div>\n\n\n\n<h3 class=\"wp-block-heading\" id=\"h-domingo-de-ressurreicao-em-cusco-a-grande-festa-da-vida\">Domingo de Ressurrei\u00e7\u00e3o em Cusco: A Grande Festa da Vida<\/h3>\n\n\n\n<p>O Domingo de Ressurrei\u00e7\u00e3o em Cusco \u00e9 o dia mais vibrante e especial da Semana Santa. Ap\u00f3s os momentos de recolhimento dos dias anteriores, a cidade explode em alegria, m\u00fasica e cores para celebrar a ressurrei\u00e7\u00e3o de Cristo, combinando a solenidade cat\u00f3lica com as ancestrais tradi\u00e7\u00f5es andinas de renova\u00e7\u00e3o.<\/p>\n\n\n\n<h4 class=\"wp-block-heading\" id=\"h-tradicoes-do-domingo-de-ressurreicao-em-cusco\">Tradi\u00e7\u00f5es do Domingo de Ressurrei\u00e7\u00e3o em Cusco<\/h4>\n\n\n\n<p><strong>1. A Missa de P\u00e1scoa ao Amanhecer<\/strong><\/p>\n\n\n\n<p><strong>Hor\u00e1rio<\/strong>: Entre 5:00 a.m. e 7:00 a.m. (simbolizando o momento em que as mulheres encontraram o sepulcro vazio).<\/p>\n\n\n\n<p><strong>Pontos principais<\/strong>:<\/p>\n\n\n\n<ul class=\"wp-block-list\">\n<li>Catedral de Cusco (Pra\u00e7a de Armas)<\/li>\n\n\n\n<li>Igreja da Companhia de Jesus<\/li>\n\n\n\n<li>Santo Domingo (Koricancha)<\/li>\n<\/ul>\n\n\n\n<p><strong>Momento mais emocionante<\/strong>:<\/p>\n\n\n\n<ul class=\"wp-block-list\">\n<li>Proclama\u00e7\u00e3o do &#8220;Cristo Ressuscitou!&#8221;, e toque jubiloso dos sinos.<\/li>\n\n\n\n<li>Queima de incenso e flores em honra \u00e0 vida renovada.<\/li>\n<\/ul>\n\n\n\n<p><strong>2. Prociss\u00e3o do \u201cSenhor Ressuscitado\u201d<\/strong><\/p>\n\n\n\n<p><strong>Hora<\/strong>: 10:00 a.m. (aproximadamente).<\/p>\n\n\n\n<p><strong>Percurso<\/strong>: A imagem de<strong> Cristo Ressuscitado<\/strong> sai da Catedral e percorre as ruas do centro hist\u00f3rico, acompanhada por bandas de m\u00fasicos, dan\u00e7arinos e fi\u00e9is com flores.<\/p>\n\n\n\n<p><strong>3. Festivais Populares e Feiras<\/strong><\/p>\n\n\n\n<p><strong>Feira gastron\u00f4mica<\/strong>: S\u00e3o vendidos pratos t\u00edpicos como leit\u00e3o assado e doces tradicionais.<\/p>\n\n\n\n<p><strong>M\u00fasica e dan\u00e7as<\/strong>: Em pra\u00e7as como S\u00e3o Francisco e S\u00e3o Pedro, grupos folcl\u00f3ricos celebram com huaynos (m\u00fasica andina tradicional folcl\u00f3rica) e comparsas.<\/p>\n\n\n\n<p><strong>Banquete Pascal: Comidas Tradicionais<\/strong><\/p>\n\n\n\n<p>Ap\u00f3s a Quaresma, os cusquenhos desfrutam de um banquete familiar.<\/p>\n\n\n\n<ul class=\"wp-block-list\">\n<li><strong>Leit\u00e3o ou cordeiro assado<\/strong> (carne proibida na Sexta-feira Santa).<\/li>\n\n\n\n<li><strong>Tamales cusquenhos<\/strong> (recheados de carne e especiarias).<\/li>\n\n\n\n<li><strong>Rosquinhas e biscoitos de anis<\/strong> (p\u00e3es doces aben\u00e7oados na missa).<\/li>\n<\/ul>\n\n\n\n<p>O Domingo de Ressurrei\u00e7\u00e3o em Cusco \u00e9 uma explos\u00e3o de vida, tradi\u00e7\u00e3o e comunh\u00e3o que voc\u00ea deve experimentar ao menos uma vez em sua vida.<\/p>\n\n\n\n<p>O final perfeito! O Domingo de Ressurrei\u00e7\u00e3o \u00e9 vivido com missas jubilosas e refei\u00e7\u00f5es familiares, encerrando uma semana repleta de espiritualidade.<br>Viva a Maior Festa de F\u00e9 na Capital dos Incas!<\/p>\n\n\n\n<p><strong>Por que Cusco \u00e9 o Melhor Lugar para Vivenciar a Semana Santa?<\/strong><\/p>\n\n\n\n<ul class=\"wp-block-list\">\n<li><strong>Sincretismo \u00fanico<\/strong>: Onde o catolicismo e as tradi\u00e7\u00f5es incas se fundem.<\/li>\n\n\n\n<li><strong>Prociss\u00f5es impactantes<\/strong>: Com imagens veneradas por s\u00e9culos.<\/li>\n\n\n\n<li><strong>Gastronomia sagrada<\/strong>: Sabores que s\u00f3 podem ser saboreados nesta \u00e9poca.<\/li>\n\n\n\n<li><strong>Cultura viva<\/strong>: Desde tapetes florais at\u00e9 feiras ancestrais.<\/li>\n<\/ul>\n\n\n\n<div class=\"wp-block-columns is-layout-flex wp-container-core-columns-is-layout-9d6595d7 wp-block-columns-is-layout-flex\">\n<div class=\"wp-block-column is-layout-flow wp-block-column-is-layout-flow\"><div class=\"wp-block-image\">\n<figure class=\"aligncenter size-full\"><img loading=\"lazy\" decoding=\"async\" width=\"1024\" height=\"666\" src=\"https:\/\/www.salkantaytrilha.com\/blog\/wp-content\/uploads\/2024\/05\/Sobremesas-doces-Semana-Santa-Cusco-1024x666-1.jpg\" alt=\"Doces t\u00edpicos de P\u00e1scoa em Cusco\" class=\"wp-image-348\"\/><figcaption class=\"wp-element-caption\">Doces t\u00edpicos de P\u00e1scoa em Cusco<\/figcaption><\/figure>\n<\/div><\/div>\n<\/div>\n\n\n\n<div class=\"wp-block-columns is-layout-flex wp-container-core-columns-is-layout-9d6595d7 wp-block-columns-is-layout-flex\">\n<div class=\"wp-block-column is-layout-flow wp-block-column-is-layout-flow\"><div class=\"wp-block-image\">\n<figure class=\"aligncenter size-full\"><img loading=\"lazy\" decoding=\"async\" width=\"800\" height=\"1000\" src=\"https:\/\/www.salkantaytrilha.com\/blog\/wp-content\/uploads\/2024\/10\/Easter-empanadas.jpg\" alt=\"Empanadas de P\u00e1scoa.\" class=\"wp-image-1332\"\/><figcaption class=\"wp-element-caption\">Empanadas de P\u00e1scoa.<\/figcaption><\/figure>\n<\/div><\/div>\n\n\n\n<div class=\"wp-block-column is-layout-flow wp-block-column-is-layout-flow\"><div class=\"wp-block-image\">\n<figure class=\"aligncenter size-full\"><img loading=\"lazy\" decoding=\"async\" width=\"800\" height=\"1000\" src=\"https:\/\/www.salkantaytrilha.com\/blog\/wp-content\/uploads\/2024\/05\/Suspiros-a-Pascoa-Limena.jpg\" alt=\"Suspiros - Doces t\u00edpicos de P\u00e1scoa\" class=\"wp-image-349\"\/><figcaption class=\"wp-element-caption\">Suspiros &#8211; Doces t\u00edpicos de P\u00e1scoa<\/figcaption><\/figure>\n<\/div><\/div>\n<\/div>\n\n\n\n<h2 class=\"wp-block-heading\" id=\"h-conclusao\">Conclus\u00e3o:<\/h2>\n\n\n\n<p>A cidade de Cusco surpreende com tradi\u00e7\u00f5es \u00fanicas que fundem devo\u00e7\u00e3o, cultura e misticismo. A Semana Santa em Cusco \u00e9 uma experi\u00eancia inesquec\u00edvel, onde prociss\u00f5es cheias de cor, rituais ancestrais e uma gastronomia sagrada s\u00e3o capazes de te transportar para um universo de profunda espiritualidade e beleza andina.<\/p>\n\n\n\n<p>Se deseja viver essa celebra\u00e7\u00e3o ou explorar os tesouros escondidos da cidade e seus arredores, temos uma infinidade de passeios projetados para que voc\u00ea descubra cada canto: desde trilhas por paisagens imponentes at\u00e9 passeios pelos emblem\u00e1ticos s\u00edtios arqueol\u00f3gicos e coloniais desta fabulosa regi\u00e3o.<\/p>\n\n\n\n<p>Cusco te espera de bra\u00e7os abertos e tem uma aventura \u00fanica, exclusiva para cada viajante!<\/p>\n\n\n\n<h2 class=\"wp-block-heading\" id=\"h-voce-pode-se-interessar-por\">Voc\u00ea pode se interessar por&#8230;<\/h2>\n\n\n\n<ul class=\"wp-block-list\">\n<li><a href=\"https:\/\/www.salkantaytrilha.com\/blog\/festas-de-cusco-2025\/\"><strong>Festividades em Cusco<\/strong><\/a><\/li>\n\n\n\n<li><a href=\"https:\/\/www.salkantaytrilha.com\/blog\/corpus-christi-em-cusco-uma-festa-religiosa-e-cultural\/\"><strong>Corpus Christi em Cusco: Uma Festa Religiosa e Cultural<\/strong><\/a><\/li>\n\n\n\n<li><a href=\"https:\/\/www.salkantaytrilha.com\/blog\/qoyllur-riti\/\"><strong>Qoyllur Rit&#8217;i e Tayancani Festa Tradicional&nbsp; das Estrelas dos Andes<\/strong><\/a><\/li>\n<\/ul>\n\n\n\n<p><\/p>\n\n\n\n<ul class=\"wp-block-list lang\">\n<li class=\"en\"><a href=\"https:\/\/www.salkantaytrekking.com\/blog\/holy-week-in-cusco\/\">EN<\/a><\/li>\n\n\n\n<li class=\"es\"><a href=\"https:\/\/www.caminosalkantay.com\/blog\/semana-santa-en-cusco\/\">ES<\/a><\/li>\n<\/ul>\n\n\n\n<p><\/p>\n","protected":false},"excerpt":{"rendered":"<p>Cusco, a cidade imperial, n\u00e3o \u00e9 famosa apenas por sua imponente arquitetura inca e seu emblem\u00e1tico passado hist\u00f3rico, mas tamb\u00e9m por suas vibrantes e m\u00e1gicas festividades religiosas. Entre elas, a Semana Santa se destaca como uma das mais ic\u00f4nicas e [&hellip;]<\/p>\n","protected":false},"author":1,"featured_media":332,"comment_status":"open","ping_status":"open","sticky":false,"template":"","format":"standard","meta":{"footnotes":""},"categories":[27,40,83,17,100,101],"tags":[107,109,102,106,108,110,104,103,105],"class_list":["post-326","post","type-post","status-publish","format-standard","has-post-thumbnail","hentry","category-celebracoes","category-cusco","category-experiencia-em-cusco","category-festas","category-pascoa","category-semana-santa","tag-conheca-o-senhor-dos-tremores","tag-devocao","tag-domingo-de-ramos","tag-domingo-de-ressurreicao","tag-historia","tag-procissao","tag-quinta-feira-santa","tag-segunda-feira-santa","tag-sexta-feira-santa"],"yoast_head":"<!-- This site is optimized with the Yoast SEO Premium plugin v27.4 (Yoast SEO v27.4) - https:\/\/yoast.com\/product\/yoast-seo-premium-wordpress\/ -->\n<title>Semana Santa em Cusco: Uma Celebra\u00e7\u00e3o de F\u00e9, Tradi\u00e7\u00e3o e Sincretismo Andino - informa\u00e7\u00f5es de viagens<\/title>\n<meta name=\"description\" content=\"Descubra a bela celebra\u00e7\u00e3o da Semana Santa em Cusco. Conhe\u00e7a as tradi\u00e7\u00f5es religiosas e participe dessa festividade especial.\" \/>\n<meta name=\"robots\" content=\"index, follow, max-snippet:-1, max-image-preview:large, max-video-preview:-1\" \/>\n<link rel=\"canonical\" href=\"https:\/\/www.salkantaytrilha.com\/blog\/semana-santa-em-cusco\/\" \/>\n<meta property=\"og:locale\" content=\"pt_BR\" \/>\n<meta property=\"og:type\" content=\"article\" \/>\n<meta property=\"og:title\" content=\"Semana Santa em Cusco: Uma Celebra\u00e7\u00e3o de F\u00e9, Tradi\u00e7\u00e3o e Sincretismo Andino\" \/>\n<meta property=\"og:description\" content=\"Descubra a bela celebra\u00e7\u00e3o da Semana Santa em Cusco. Conhe\u00e7a as tradi\u00e7\u00f5es religiosas e participe dessa festividade especial.\" \/>\n<meta property=\"og:url\" content=\"https:\/\/www.salkantaytrilha.com\/blog\/semana-santa-em-cusco\/\" \/>\n<meta property=\"og:site_name\" content=\"informa\u00e7\u00f5es de viagens\" \/>\n<meta property=\"article:publisher\" content=\"https:\/\/www.facebook.com\/SalkantayTrekking\/\" \/>\n<meta property=\"article:published_time\" content=\"2025-04-04T23:08:38+00:00\" \/>\n<meta property=\"article:modified_time\" content=\"2026-03-02T15:04:29+00:00\" \/>\n<meta property=\"og:image\" content=\"https:\/\/www.salkantaytrilha.com\/blog\/wp-content\/uploads\/2025\/04\/Semana-Santa-em-Cusco-16x9-1-1024x575.png\" \/>\n\t<meta property=\"og:image:width\" content=\"1024\" \/>\n\t<meta property=\"og:image:height\" content=\"575\" \/>\n\t<meta property=\"og:image:type\" content=\"image\/png\" \/>\n<meta name=\"author\" content=\"Trilha Salkantay\" \/>\n<meta name=\"twitter:card\" content=\"summary_large_image\" \/>\n<meta name=\"twitter:creator\" content=\"@salkantayperu\" \/>\n<meta name=\"twitter:site\" content=\"@salkantayperu\" \/>\n<meta name=\"twitter:label1\" content=\"Escrito por\" \/>\n\t<meta name=\"twitter:data1\" content=\"Trilha Salkantay\" \/>\n\t<meta name=\"twitter:label2\" content=\"Est. tempo de leitura\" \/>\n\t<meta name=\"twitter:data2\" content=\"22 minutos\" \/>\n<script type=\"application\/ld+json\" class=\"yoast-schema-graph\">{\"@context\":\"https:\\\/\\\/schema.org\",\"@graph\":[{\"@type\":\"Article\",\"@id\":\"https:\\\/\\\/www.salkantaytrilha.com\\\/blog\\\/semana-santa-em-cusco\\\/#article\",\"isPartOf\":{\"@id\":\"https:\\\/\\\/www.salkantaytrilha.com\\\/blog\\\/semana-santa-em-cusco\\\/\"},\"author\":{\"name\":\"Trilha Salkantay\",\"@id\":\"https:\\\/\\\/www.salkantaytrilha.com\\\/blog\\\/#\\\/schema\\\/person\\\/aa0e6175beac59e6519e5407b3d13d0d\"},\"headline\":\"Semana Santa em Cusco: Uma Celebra\u00e7\u00e3o de F\u00e9, Tradi\u00e7\u00e3o e Sincretismo Andino\",\"datePublished\":\"2025-04-04T23:08:38+00:00\",\"dateModified\":\"2026-03-02T15:04:29+00:00\",\"mainEntityOfPage\":{\"@id\":\"https:\\\/\\\/www.salkantaytrilha.com\\\/blog\\\/semana-santa-em-cusco\\\/\"},\"wordCount\":3717,\"commentCount\":0,\"publisher\":{\"@id\":\"https:\\\/\\\/www.salkantaytrilha.com\\\/blog\\\/#organization\"},\"image\":{\"@id\":\"https:\\\/\\\/www.salkantaytrilha.com\\\/blog\\\/semana-santa-em-cusco\\\/#primaryimage\"},\"thumbnailUrl\":\"https:\\\/\\\/www.salkantaytrilha.com\\\/blog\\\/wp-content\\\/uploads\\\/2024\\\/05\\\/Ao-vivo-Semana-Santo-Cusco.jpg\",\"keywords\":[\"Conhe\u00e7a o Senhor dos Tremores\",\"Devo\u00e7\u00e3o\",\"Domingo de Ramos\",\"Domingo de Ressurrei\u00e7\u00e3o\",\"Hist\u00f3ria\",\"Prociss\u00e3o\",\"Quinta-feira Santa\",\"Segunda-feira Santa\",\"Sexta-feira Santa\"],\"articleSection\":[\"Celebra\u00e7\u00f5es\",\"Cusco\",\"Experi\u00eancia em Cusco\",\"Festas\",\"P\u00c1SCOA\",\"Semana Santa\"],\"inLanguage\":\"pt-BR\",\"potentialAction\":[{\"@type\":\"CommentAction\",\"name\":\"Comment\",\"target\":[\"https:\\\/\\\/www.salkantaytrilha.com\\\/blog\\\/semana-santa-em-cusco\\\/#respond\"]}]},{\"@type\":\"WebPage\",\"@id\":\"https:\\\/\\\/www.salkantaytrilha.com\\\/blog\\\/semana-santa-em-cusco\\\/\",\"url\":\"https:\\\/\\\/www.salkantaytrilha.com\\\/blog\\\/semana-santa-em-cusco\\\/\",\"name\":\"Semana Santa em Cusco: Uma Celebra\u00e7\u00e3o de F\u00e9, Tradi\u00e7\u00e3o e Sincretismo Andino - informa\u00e7\u00f5es de viagens\",\"isPartOf\":{\"@id\":\"https:\\\/\\\/www.salkantaytrilha.com\\\/blog\\\/#website\"},\"primaryImageOfPage\":{\"@id\":\"https:\\\/\\\/www.salkantaytrilha.com\\\/blog\\\/semana-santa-em-cusco\\\/#primaryimage\"},\"image\":{\"@id\":\"https:\\\/\\\/www.salkantaytrilha.com\\\/blog\\\/semana-santa-em-cusco\\\/#primaryimage\"},\"thumbnailUrl\":\"https:\\\/\\\/www.salkantaytrilha.com\\\/blog\\\/wp-content\\\/uploads\\\/2024\\\/05\\\/Ao-vivo-Semana-Santo-Cusco.jpg\",\"datePublished\":\"2025-04-04T23:08:38+00:00\",\"dateModified\":\"2026-03-02T15:04:29+00:00\",\"description\":\"Descubra a bela celebra\u00e7\u00e3o da Semana Santa em Cusco. Conhe\u00e7a as tradi\u00e7\u00f5es religiosas e participe dessa festividade especial.\",\"breadcrumb\":{\"@id\":\"https:\\\/\\\/www.salkantaytrilha.com\\\/blog\\\/semana-santa-em-cusco\\\/#breadcrumb\"},\"inLanguage\":\"pt-BR\",\"potentialAction\":[{\"@type\":\"ReadAction\",\"target\":[\"https:\\\/\\\/www.salkantaytrilha.com\\\/blog\\\/semana-santa-em-cusco\\\/\"]}]},{\"@type\":\"ImageObject\",\"inLanguage\":\"pt-BR\",\"@id\":\"https:\\\/\\\/www.salkantaytrilha.com\\\/blog\\\/semana-santa-em-cusco\\\/#primaryimage\",\"url\":\"https:\\\/\\\/www.salkantaytrilha.com\\\/blog\\\/wp-content\\\/uploads\\\/2024\\\/05\\\/Ao-vivo-Semana-Santo-Cusco.jpg\",\"contentUrl\":\"https:\\\/\\\/www.salkantaytrilha.com\\\/blog\\\/wp-content\\\/uploads\\\/2024\\\/05\\\/Ao-vivo-Semana-Santo-Cusco.jpg\",\"width\":1920,\"height\":1249,\"caption\":\"Viva a Semana Santa em Cusco\"},{\"@type\":\"BreadcrumbList\",\"@id\":\"https:\\\/\\\/www.salkantaytrilha.com\\\/blog\\\/semana-santa-em-cusco\\\/#breadcrumb\",\"itemListElement\":[{\"@type\":\"ListItem\",\"position\":1,\"name\":\"In\u00edcio\",\"item\":\"https:\\\/\\\/www.salkantaytrilha.com\\\/blog\\\/\"},{\"@type\":\"ListItem\",\"position\":2,\"name\":\"Semana Santa em Cusco: Uma Celebra\u00e7\u00e3o de F\u00e9, Tradi\u00e7\u00e3o e Sincretismo Andino\"}]},{\"@type\":\"WebSite\",\"@id\":\"https:\\\/\\\/www.salkantaytrilha.com\\\/blog\\\/#website\",\"url\":\"https:\\\/\\\/www.salkantaytrilha.com\\\/blog\\\/\",\"name\":\"informa\u00e7\u00f5es de viagens a Machu Picchu\",\"description\":\"\",\"publisher\":{\"@id\":\"https:\\\/\\\/www.salkantaytrilha.com\\\/blog\\\/#organization\"},\"potentialAction\":[{\"@type\":\"SearchAction\",\"target\":{\"@type\":\"EntryPoint\",\"urlTemplate\":\"https:\\\/\\\/www.salkantaytrilha.com\\\/blog\\\/?s={search_term_string}\"},\"query-input\":{\"@type\":\"PropertyValueSpecification\",\"valueRequired\":true,\"valueName\":\"search_term_string\"}}],\"inLanguage\":\"pt-BR\"},{\"@type\":\"Organization\",\"@id\":\"https:\\\/\\\/www.salkantaytrilha.com\\\/blog\\\/#organization\",\"name\":\"informa\u00e7\u00f5es de viagens a Machu Picchu\",\"url\":\"https:\\\/\\\/www.salkantaytrilha.com\\\/blog\\\/\",\"logo\":{\"@type\":\"ImageObject\",\"inLanguage\":\"pt-BR\",\"@id\":\"https:\\\/\\\/www.salkantaytrilha.com\\\/blog\\\/#\\\/schema\\\/logo\\\/image\\\/\",\"url\":\"https:\\\/\\\/www.salkantaytrilha.com\\\/blog\\\/wp-content\\\/uploads\\\/2024\\\/05\\\/salkantaytrekking-new-300x128-1.png\",\"contentUrl\":\"https:\\\/\\\/www.salkantaytrilha.com\\\/blog\\\/wp-content\\\/uploads\\\/2024\\\/05\\\/salkantaytrekking-new-300x128-1.png\",\"width\":300,\"height\":128,\"caption\":\"informa\u00e7\u00f5es de viagens a Machu Picchu\"},\"image\":{\"@id\":\"https:\\\/\\\/www.salkantaytrilha.com\\\/blog\\\/#\\\/schema\\\/logo\\\/image\\\/\"},\"sameAs\":[\"https:\\\/\\\/www.facebook.com\\\/SalkantayTrekking\\\/\",\"https:\\\/\\\/x.com\\\/salkantayperu\",\"https:\\\/\\\/www.pinterest.com\\\/salkantaytrekking\\\/\",\"https:\\\/\\\/www.instagram.com\\\/salkantaytrekking\\\/\",\"https:\\\/\\\/www.youtube.com\\\/user\\\/salkantaytrekking\",\"https:\\\/\\\/www.tiktok.com\\\/@salkantaytrekking\"]},{\"@type\":\"Person\",\"@id\":\"https:\\\/\\\/www.salkantaytrilha.com\\\/blog\\\/#\\\/schema\\\/person\\\/aa0e6175beac59e6519e5407b3d13d0d\",\"name\":\"Trilha Salkantay\",\"image\":{\"@type\":\"ImageObject\",\"inLanguage\":\"pt-BR\",\"@id\":\"https:\\\/\\\/secure.gravatar.com\\\/avatar\\\/b41678a33c57a2bf0032b7c254611fc97caffd94ade0663405b364d1c0177d1d?s=96&d=mm&r=g\",\"url\":\"https:\\\/\\\/secure.gravatar.com\\\/avatar\\\/b41678a33c57a2bf0032b7c254611fc97caffd94ade0663405b364d1c0177d1d?s=96&d=mm&r=g\",\"contentUrl\":\"https:\\\/\\\/secure.gravatar.com\\\/avatar\\\/b41678a33c57a2bf0032b7c254611fc97caffd94ade0663405b364d1c0177d1d?s=96&d=mm&r=g\",\"caption\":\"Trilha Salkantay\"},\"sameAs\":[\"https:\\\/\\\/www.salkantaytrilha.com\\\/blog\"]}]}<\/script>\n<!-- \/ Yoast SEO Premium plugin. -->","yoast_head_json":{"title":"Semana Santa em Cusco: Uma Celebra\u00e7\u00e3o de F\u00e9, Tradi\u00e7\u00e3o e Sincretismo Andino - informa\u00e7\u00f5es de viagens","description":"Descubra a bela celebra\u00e7\u00e3o da Semana Santa em Cusco. Conhe\u00e7a as tradi\u00e7\u00f5es religiosas e participe dessa festividade especial.","robots":{"index":"index","follow":"follow","max-snippet":"max-snippet:-1","max-image-preview":"max-image-preview:large","max-video-preview":"max-video-preview:-1"},"canonical":"https:\/\/www.salkantaytrilha.com\/blog\/semana-santa-em-cusco\/","og_locale":"pt_BR","og_type":"article","og_title":"Semana Santa em Cusco: Uma Celebra\u00e7\u00e3o de F\u00e9, Tradi\u00e7\u00e3o e Sincretismo Andino","og_description":"Descubra a bela celebra\u00e7\u00e3o da Semana Santa em Cusco. Conhe\u00e7a as tradi\u00e7\u00f5es religiosas e participe dessa festividade especial.","og_url":"https:\/\/www.salkantaytrilha.com\/blog\/semana-santa-em-cusco\/","og_site_name":"informa\u00e7\u00f5es de viagens","article_publisher":"https:\/\/www.facebook.com\/SalkantayTrekking\/","article_published_time":"2025-04-04T23:08:38+00:00","article_modified_time":"2026-03-02T15:04:29+00:00","og_image":[{"width":1024,"height":575,"url":"https:\/\/www.salkantaytrilha.com\/blog\/wp-content\/uploads\/2025\/04\/Semana-Santa-em-Cusco-16x9-1-1024x575.png","type":"image\/png"}],"author":"Trilha Salkantay","twitter_card":"summary_large_image","twitter_creator":"@salkantayperu","twitter_site":"@salkantayperu","twitter_misc":{"Escrito por":"Trilha Salkantay","Est. tempo de leitura":"22 minutos"},"schema":{"@context":"https:\/\/schema.org","@graph":[{"@type":"Article","@id":"https:\/\/www.salkantaytrilha.com\/blog\/semana-santa-em-cusco\/#article","isPartOf":{"@id":"https:\/\/www.salkantaytrilha.com\/blog\/semana-santa-em-cusco\/"},"author":{"name":"Trilha Salkantay","@id":"https:\/\/www.salkantaytrilha.com\/blog\/#\/schema\/person\/aa0e6175beac59e6519e5407b3d13d0d"},"headline":"Semana Santa em Cusco: Uma Celebra\u00e7\u00e3o de F\u00e9, Tradi\u00e7\u00e3o e Sincretismo Andino","datePublished":"2025-04-04T23:08:38+00:00","dateModified":"2026-03-02T15:04:29+00:00","mainEntityOfPage":{"@id":"https:\/\/www.salkantaytrilha.com\/blog\/semana-santa-em-cusco\/"},"wordCount":3717,"commentCount":0,"publisher":{"@id":"https:\/\/www.salkantaytrilha.com\/blog\/#organization"},"image":{"@id":"https:\/\/www.salkantaytrilha.com\/blog\/semana-santa-em-cusco\/#primaryimage"},"thumbnailUrl":"https:\/\/www.salkantaytrilha.com\/blog\/wp-content\/uploads\/2024\/05\/Ao-vivo-Semana-Santo-Cusco.jpg","keywords":["Conhe\u00e7a o Senhor dos Tremores","Devo\u00e7\u00e3o","Domingo de Ramos","Domingo de Ressurrei\u00e7\u00e3o","Hist\u00f3ria","Prociss\u00e3o","Quinta-feira Santa","Segunda-feira Santa","Sexta-feira Santa"],"articleSection":["Celebra\u00e7\u00f5es","Cusco","Experi\u00eancia em Cusco","Festas","P\u00c1SCOA","Semana Santa"],"inLanguage":"pt-BR","potentialAction":[{"@type":"CommentAction","name":"Comment","target":["https:\/\/www.salkantaytrilha.com\/blog\/semana-santa-em-cusco\/#respond"]}]},{"@type":"WebPage","@id":"https:\/\/www.salkantaytrilha.com\/blog\/semana-santa-em-cusco\/","url":"https:\/\/www.salkantaytrilha.com\/blog\/semana-santa-em-cusco\/","name":"Semana Santa em Cusco: Uma Celebra\u00e7\u00e3o de F\u00e9, Tradi\u00e7\u00e3o e Sincretismo Andino - informa\u00e7\u00f5es de viagens","isPartOf":{"@id":"https:\/\/www.salkantaytrilha.com\/blog\/#website"},"primaryImageOfPage":{"@id":"https:\/\/www.salkantaytrilha.com\/blog\/semana-santa-em-cusco\/#primaryimage"},"image":{"@id":"https:\/\/www.salkantaytrilha.com\/blog\/semana-santa-em-cusco\/#primaryimage"},"thumbnailUrl":"https:\/\/www.salkantaytrilha.com\/blog\/wp-content\/uploads\/2024\/05\/Ao-vivo-Semana-Santo-Cusco.jpg","datePublished":"2025-04-04T23:08:38+00:00","dateModified":"2026-03-02T15:04:29+00:00","description":"Descubra a bela celebra\u00e7\u00e3o da Semana Santa em Cusco. Conhe\u00e7a as tradi\u00e7\u00f5es religiosas e participe dessa festividade especial.","breadcrumb":{"@id":"https:\/\/www.salkantaytrilha.com\/blog\/semana-santa-em-cusco\/#breadcrumb"},"inLanguage":"pt-BR","potentialAction":[{"@type":"ReadAction","target":["https:\/\/www.salkantaytrilha.com\/blog\/semana-santa-em-cusco\/"]}]},{"@type":"ImageObject","inLanguage":"pt-BR","@id":"https:\/\/www.salkantaytrilha.com\/blog\/semana-santa-em-cusco\/#primaryimage","url":"https:\/\/www.salkantaytrilha.com\/blog\/wp-content\/uploads\/2024\/05\/Ao-vivo-Semana-Santo-Cusco.jpg","contentUrl":"https:\/\/www.salkantaytrilha.com\/blog\/wp-content\/uploads\/2024\/05\/Ao-vivo-Semana-Santo-Cusco.jpg","width":1920,"height":1249,"caption":"Viva a Semana Santa em Cusco"},{"@type":"BreadcrumbList","@id":"https:\/\/www.salkantaytrilha.com\/blog\/semana-santa-em-cusco\/#breadcrumb","itemListElement":[{"@type":"ListItem","position":1,"name":"In\u00edcio","item":"https:\/\/www.salkantaytrilha.com\/blog\/"},{"@type":"ListItem","position":2,"name":"Semana Santa em Cusco: Uma Celebra\u00e7\u00e3o de F\u00e9, Tradi\u00e7\u00e3o e Sincretismo Andino"}]},{"@type":"WebSite","@id":"https:\/\/www.salkantaytrilha.com\/blog\/#website","url":"https:\/\/www.salkantaytrilha.com\/blog\/","name":"informa\u00e7\u00f5es de viagens a Machu Picchu","description":"","publisher":{"@id":"https:\/\/www.salkantaytrilha.com\/blog\/#organization"},"potentialAction":[{"@type":"SearchAction","target":{"@type":"EntryPoint","urlTemplate":"https:\/\/www.salkantaytrilha.com\/blog\/?s={search_term_string}"},"query-input":{"@type":"PropertyValueSpecification","valueRequired":true,"valueName":"search_term_string"}}],"inLanguage":"pt-BR"},{"@type":"Organization","@id":"https:\/\/www.salkantaytrilha.com\/blog\/#organization","name":"informa\u00e7\u00f5es de viagens a Machu Picchu","url":"https:\/\/www.salkantaytrilha.com\/blog\/","logo":{"@type":"ImageObject","inLanguage":"pt-BR","@id":"https:\/\/www.salkantaytrilha.com\/blog\/#\/schema\/logo\/image\/","url":"https:\/\/www.salkantaytrilha.com\/blog\/wp-content\/uploads\/2024\/05\/salkantaytrekking-new-300x128-1.png","contentUrl":"https:\/\/www.salkantaytrilha.com\/blog\/wp-content\/uploads\/2024\/05\/salkantaytrekking-new-300x128-1.png","width":300,"height":128,"caption":"informa\u00e7\u00f5es de viagens a Machu Picchu"},"image":{"@id":"https:\/\/www.salkantaytrilha.com\/blog\/#\/schema\/logo\/image\/"},"sameAs":["https:\/\/www.facebook.com\/SalkantayTrekking\/","https:\/\/x.com\/salkantayperu","https:\/\/www.pinterest.com\/salkantaytrekking\/","https:\/\/www.instagram.com\/salkantaytrekking\/","https:\/\/www.youtube.com\/user\/salkantaytrekking","https:\/\/www.tiktok.com\/@salkantaytrekking"]},{"@type":"Person","@id":"https:\/\/www.salkantaytrilha.com\/blog\/#\/schema\/person\/aa0e6175beac59e6519e5407b3d13d0d","name":"Trilha Salkantay","image":{"@type":"ImageObject","inLanguage":"pt-BR","@id":"https:\/\/secure.gravatar.com\/avatar\/b41678a33c57a2bf0032b7c254611fc97caffd94ade0663405b364d1c0177d1d?s=96&d=mm&r=g","url":"https:\/\/secure.gravatar.com\/avatar\/b41678a33c57a2bf0032b7c254611fc97caffd94ade0663405b364d1c0177d1d?s=96&d=mm&r=g","contentUrl":"https:\/\/secure.gravatar.com\/avatar\/b41678a33c57a2bf0032b7c254611fc97caffd94ade0663405b364d1c0177d1d?s=96&d=mm&r=g","caption":"Trilha Salkantay"},"sameAs":["https:\/\/www.salkantaytrilha.com\/blog"]}]}},"_links":{"self":[{"href":"https:\/\/www.salkantaytrilha.com\/blog\/wp-json\/wp\/v2\/posts\/326","targetHints":{"allow":["GET"]}}],"collection":[{"href":"https:\/\/www.salkantaytrilha.com\/blog\/wp-json\/wp\/v2\/posts"}],"about":[{"href":"https:\/\/www.salkantaytrilha.com\/blog\/wp-json\/wp\/v2\/types\/post"}],"author":[{"embeddable":true,"href":"https:\/\/www.salkantaytrilha.com\/blog\/wp-json\/wp\/v2\/users\/1"}],"replies":[{"embeddable":true,"href":"https:\/\/www.salkantaytrilha.com\/blog\/wp-json\/wp\/v2\/comments?post=326"}],"version-history":[{"count":12,"href":"https:\/\/www.salkantaytrilha.com\/blog\/wp-json\/wp\/v2\/posts\/326\/revisions"}],"predecessor-version":[{"id":5467,"href":"https:\/\/www.salkantaytrilha.com\/blog\/wp-json\/wp\/v2\/posts\/326\/revisions\/5467"}],"wp:featuredmedia":[{"embeddable":true,"href":"https:\/\/www.salkantaytrilha.com\/blog\/wp-json\/wp\/v2\/media\/332"}],"wp:attachment":[{"href":"https:\/\/www.salkantaytrilha.com\/blog\/wp-json\/wp\/v2\/media?parent=326"}],"wp:term":[{"taxonomy":"category","embeddable":true,"href":"https:\/\/www.salkantaytrilha.com\/blog\/wp-json\/wp\/v2\/categories?post=326"},{"taxonomy":"post_tag","embeddable":true,"href":"https:\/\/www.salkantaytrilha.com\/blog\/wp-json\/wp\/v2\/tags?post=326"}],"curies":[{"name":"wp","href":"https:\/\/api.w.org\/{rel}","templated":true}]}}