{"id":3430,"date":"2025-04-30T21:15:04","date_gmt":"2025-05-01T00:15:04","guid":{"rendered":"https:\/\/www.salkantaytrilha.com\/blog\/?p=3430"},"modified":"2026-03-02T12:04:16","modified_gmt":"2026-03-02T15:04:16","slug":"cruz-velacuy-em-cusco","status":"publish","type":"post","link":"https:\/\/www.salkantaytrilha.com\/blog\/cruz-velacuy-em-cusco\/","title":{"rendered":"Cruz Velacuy em Cusco"},"content":{"rendered":"\n<p>O<strong> Cruz Velacuy<\/strong>, ou <strong>vela\u00e7\u00e3o da Sant\u00edssima Cruz<\/strong>, \u00e9 uma das festividades religiosas mais arraigadas e coloridas de Cusco. A cada 3 de maio, embora as celebra\u00e7\u00f5es geralmente comecem no dia 2 com a Descida da Cruz, a cidade enche-se de devo\u00e7\u00e3o, m\u00fasica e tradi\u00e7\u00e3o, enquanto os fi\u00e9is honram as cruzes erguidas em altares adornados com flores, oferendas e luzes. Esta celebra\u00e7\u00e3o, que funde o fervor cat\u00f3lico com ra\u00edzes andinas, reflete o profundo sincretismo cultural do Peru.<\/p>\n\n\n\n<div class=\"wp-block-rank-math-toc-block anchor-links\"><ul><li><a href=\"#h-1-o-que-e-o-cruz-velacuy\" >1. O que \u00e9 o Cruz Velacuy?<\/a><\/li><li><a href=\"#h-2-origem-e-fusao-cultural\" >2. Origem e Fus\u00e3o Cultural<\/a><\/li><li><a href=\"#h-3-onde-voce-pode-vivenciar-esta-experiencia\" >3. Onde Voc\u00ea Pode Vivenciar Esta Experi\u00eancia?<\/a><ul><li><a href=\"#h-cruzes-do-centro-historico-e-bairros-tradicionais\" >Cruzes do Centro Hist\u00f3rico e Bairros Tradicionais<\/a><\/li><li><a href=\"#h-cruzes-perifericas-e-cerimoniais\" >Cruzes Perif\u00e9ricas e Cerimoniais.<\/a><\/li><\/ul><\/li><li><a href=\"#h-4-como-se-celebra-o-cruz-velacuy\" >4. Como se Celebra o Cruz Velacuy?<\/a><\/li><li><a href=\"#h-5-onde-assistir-a-celebracao-do-cruz-velacuy-em-cusco\" >5. Onde assistir \u00e0 celebra\u00e7\u00e3o do Cruz Velacuy em Cusco?<\/a><\/li><li><a href=\"#h-6-por-que-voce-nao-pode-perder-o-cruz-velacuy\" >6. Por Que Voc\u00ea N\u00e3o Pode Perder o Cruz Velacuy?<\/a><\/li><li><a href=\"#h-7-dicas-para-turistas\" >7. Dicas para Turistas<\/a><\/li><li><a href=\"#h-8-inclua-o-cruz-velacuy-no-seu-roteiro\" >8. Inclua o Cruz Velacuy no Seu Roteiro<\/a><\/li><li><a href=\"#h-conclusao\" >Conclus\u00e3o:<\/a><\/li><li><a href=\"#h-voce-tambem-pode-se-interessar-por\" >Voc\u00ea Tamb\u00e9m Pode Se Interessar Por:<\/a><\/li><\/nav><\/ul><\/div>\n\n\n\n<h2 class=\"wp-block-heading\" id=\"h-1-o-que-e-o-cruz-velacuy\">1. O que \u00e9 o Cruz Velacuy?<\/h2>\n\n\n\n<p>O <strong>Cruz Velacuy<\/strong> \u00e9 uma das manifesta\u00e7\u00f5es religiosas e culturais mais emblem\u00e1ticas do calend\u00e1rio festivo andino. Celebrada principalmente no dia 3 de maio, esta festividade honra a Santa Cruz com uma harmoniza\u00e7\u00e3o perfeita entre o cristianismo e a cosmovis\u00e3o andina.<\/p>\n\n\n\n<p>No alto dos morros cusquenhos, erguem-se cruzes adornadas com flores, tecidos e objetos simb\u00f3licos. \u00c9 ali que se realiza a vela\u00e7\u00e3o, o pagamento \u00e0 terra (Pachamama) e as dan\u00e7as tradicionais, que enchem o ar de espiritualidade e cor.&nbsp;<\/p>\n\n\n\n<div class=\"wp-block-columns is-layout-flex wp-container-core-columns-is-layout-9d6595d7 wp-block-columns-is-layout-flex\">\n<div class=\"wp-block-column is-layout-flow wp-block-column-is-layout-flow\"><div class=\"wp-block-image\">\n<figure class=\"aligncenter size-full\"><img loading=\"lazy\" decoding=\"async\" width=\"800\" height=\"1000\" src=\"https:\/\/www.salkantaytrilha.com\/blog\/wp-content\/uploads\/2025\/04\/Cruz-Velacuy-em-Cusco-Emufec-S.A.-Oficial.jpg\" alt=\"Cruz Velacuy em Cusco | Emufec S.A. Oficial\" class=\"wp-image-3435\"\/><figcaption class=\"wp-element-caption\">Cruz Velacuy em Cusco | Emufec S.A. Oficial<\/figcaption><\/figure>\n<\/div><\/div>\n\n\n\n<div class=\"wp-block-column is-layout-flow wp-block-column-is-layout-flow\"><div class=\"wp-block-image\">\n<figure class=\"aligncenter size-full\"><img loading=\"lazy\" decoding=\"async\" width=\"800\" height=\"1000\" src=\"https:\/\/www.salkantaytrilha.com\/blog\/wp-content\/uploads\/2025\/04\/Cruz-Velacuy-em-Cusco-Jose-Carlos-Rozas-Carazas.jpg\" alt=\"Cruz Velacuy em Cusco | Jose Carlos Rozas Carazas\" class=\"wp-image-3436\"\/><figcaption class=\"wp-element-caption\">Cruz Velacuy em Cusco | Jose Carlos Rozas Carazas<\/figcaption><\/figure>\n<\/div><\/div>\n<\/div>\n\n\n\n<h2 class=\"wp-block-heading\" id=\"h-2-origem-e-fusao-cultural\">2. Origem e Fus\u00e3o Cultural<\/h2>\n\n\n\n<p>O Cruz Velacuy tem suas ra\u00edzes no per\u00edodo colonial, quando os espanh\u00f3is introduziram o culto \u00e0 Santa Cruz. No entanto, os povos andinos n\u00e3o abandonaram suas cren\u00e7as. Pelo contr\u00e1rio, integraram essa nova figura religiosa \u00e0 sua cosmovis\u00e3o ancestral.<\/p>\n\n\n\n<p>Assim, a cruz transforma-se num \u201cApu\u201d um guardi\u00e3o espiritual da comunidade, refor\u00e7ando a conex\u00e3o entre os Andes, o c\u00e9u e os seres humanos.<\/p>\n\n\n\n<div class=\"wp-block-columns is-layout-flex wp-container-core-columns-is-layout-9d6595d7 wp-block-columns-is-layout-flex\">\n<div class=\"wp-block-column is-layout-flow wp-block-column-is-layout-flow\"><div class=\"wp-block-image\">\n<figure class=\"aligncenter size-large\"><img loading=\"lazy\" decoding=\"async\" width=\"1024\" height=\"683\" src=\"https:\/\/www.salkantaytrilha.com\/blog\/wp-content\/uploads\/2025\/04\/Cruz-Velacuy-Martin-Chambi-1024x683.jpg\" alt=\"Cruz Velacuy | Martin Chambi\" class=\"wp-image-3437\"\/><figcaption class=\"wp-element-caption\">Cruz Velacuy | Martin Chambi<\/figcaption><\/figure>\n<\/div><\/div>\n<\/div>\n\n\n\n<h2 class=\"wp-block-heading\" id=\"h-3-onde-voce-pode-vivenciar-esta-experiencia\">3. Onde Voc\u00ea Pode Vivenciar Esta Experi\u00eancia?<\/h2>\n\n\n\n<h3 class=\"wp-block-heading\" id=\"h-cruzes-do-centro-historico-e-bairros-tradicionais\">Cruzes do Centro Hist\u00f3rico e Bairros Tradicionais<\/h3>\n\n\n\n<figure class=\"wp-block-table\"><table class=\"has-fixed-layout\"><thead><tr><th colspan=\"2\">Cruz da Catedral de Cusco<\/th><\/tr><\/thead><tbody><tr><td><strong>Localiza\u00e7\u00e3o:<\/strong><\/td><td>Plaza de Armas.<\/td><\/tr><tr><td><strong>Descri\u00e7\u00e3o:<\/strong><\/td><td>Esta cruz preside a cidade desde o altar-mor, carregada de rica simbologia e arte colonial.<\/td><\/tr><\/tbody><\/table><\/figure>\n\n\n\n<p><iframe src=\"https:\/\/www.google.com\/maps\/embed?pb=!1m14!1m8!1m3!1d527.2173782355475!2d-71.977636!3d-13.516578!3m2!1i1024!2i768!4f13.1!3m3!1m2!1s0x916dd67368d34585%3A0x4bbbc811f9920d52!2sIglesia%20del%20Triunfo!5e1!3m2!1sen!2spe!4v1746055874319!5m2!1sen!2spe\" width=\"100%\" height=\"450\" style=\"border:0;\" allowfullscreen=\"\" loading=\"lazy\" referrerpolicy=\"no-referrer-when-downgrade\"><\/iframe><\/p>\n\n\n\n<div class=\"wp-block-columns is-layout-flex wp-container-core-columns-is-layout-9d6595d7 wp-block-columns-is-layout-flex\">\n<div class=\"wp-block-column is-layout-flow wp-block-column-is-layout-flow\"><\/div>\n<\/div>\n\n\n\n<figure class=\"wp-block-table\"><table class=\"has-fixed-layout\"><thead><tr><th colspan=\"2\">Cruz de San Crist\u00f3bal<\/th><\/tr><\/thead><tbody><tr><td><strong>Localiza\u00e7\u00e3o:<\/strong><\/td><td>Bairro de San Crist\u00f3bal.<\/td><\/tr><tr><td><strong>Descri\u00e7\u00e3o:<\/strong><\/td><td>Acesso por uma caminhada a partir da pra\u00e7a principal. Oferece uma vista panor\u00e2mica de Cusco, perfeita para fotos ao amanhecer ou entardecer.<\/td><\/tr><\/tbody><\/table><\/figure>\n\n\n\n<p><iframe src=\"https:\/\/www.google.com\/maps\/embed?pb=!1m14!1m8!1m3!1d2108.8962214477083!2d-71.979996!3d-13.513559!3m2!1i1024!2i768!4f13.1!3m3!1m2!1s0x916dd67240fa3171%3A0xb74c495dc1ab004f!2sParroquia%20de%20San%20Crist%C3%B3bal%20Cusco!5e1!3m2!1sen!2spe!4v1746055983229!5m2!1sen!2spe\" width=\"100%\" height=\"450\" style=\"border:0;\" allowfullscreen=\"\" loading=\"lazy\" referrerpolicy=\"no-referrer-when-downgrade\"><\/iframe><\/p>\n\n\n\n<div class=\"wp-block-columns is-layout-flex wp-container-core-columns-is-layout-9d6595d7 wp-block-columns-is-layout-flex\">\n<div class=\"wp-block-column is-layout-flow wp-block-column-is-layout-flow\"><\/div>\n<\/div>\n\n\n\n<figure class=\"wp-block-table\"><table class=\"has-fixed-layout\"><thead><tr><th colspan=\"2\">Cruz de Pukamuqu<\/th><\/tr><\/thead><tbody><tr><td><strong>Localiza\u00e7\u00e3o:<\/strong><\/td><td>Pr\u00f3ximo ao mirante do Cristo Blanco.<\/td><\/tr><tr><td><strong>Descri\u00e7\u00e3o:<\/strong><\/td><td>Envolta pela natureza, este local simboliza a fus\u00e3o entre o culto crist\u00e3o e a cosmovis\u00e3o andina.<\/td><\/tr><\/tbody><\/table><\/figure>\n\n\n\n<p><iframe src=\"https:\/\/www.google.com\/maps\/embed?pb=!1m14!1m8!1m3!1d527.2328932803533!2d-71.978095!3d-13.509562!3m2!1i1024!2i768!4f13.1!3m3!1m2!1s0x916dd66d04feffff%3A0x5122a57fba93be7a!2sStatue%20of%20Christ!5e1!3m2!1sen!2spe!4v1746056064676!5m2!1sen!2spe\" width=\"100%\" height=\"450\" style=\"border:0;\" allowfullscreen=\"\" loading=\"lazy\" referrerpolicy=\"no-referrer-when-downgrade\"><\/iframe><\/p>\n\n\n\n<div class=\"wp-block-columns is-layout-flex wp-container-core-columns-is-layout-9d6595d7 wp-block-columns-is-layout-flex\">\n<div class=\"wp-block-column is-layout-flow wp-block-column-is-layout-flow\"><\/div>\n<\/div>\n\n\n\n<figure class=\"wp-block-table\"><table class=\"has-fixed-layout\"><thead><tr><th colspan=\"2\">Cruz de Teteqaqa<\/th><\/tr><\/thead><tbody><tr><td><strong>Localiza\u00e7\u00e3o:<\/strong><\/td><td>Huaca de Teteqaqa, situada nos limites da Associa\u00e7\u00e3o Pro-Vivenda Balconcillo, no centro hist\u00f3rico de Cusco.<\/td><\/tr><tr><td><strong>Descri\u00e7\u00e3o:<\/strong><\/td><td>Teteqaqa foi um centro ritual multifuncional, onde se veneravam o sol, a terra, os ancestrais e a \u00e1gua, elementos que persistem em cerim\u00f4nias como o Cruz Velacuy.<\/td><\/tr><\/tbody><\/table><\/figure>\n\n\n\n<p><iframe src=\"https:\/\/www.google.com\/maps\/embed?pb=!1m14!1m8!1m3!1d2108.882668873551!2d-71.965494!3d-13.515091!3m2!1i1024!2i768!4f13.1!3m3!1m2!1s0x916dd7d023e63ae7%3A0x1ca8d6647e59cf8e!2sCRUZ%20SR%20TETECACA!5e1!3m2!1sen!2spe!4v1746056139313!5m2!1sen!2spe\" width=\"100%\" height=\"450\" style=\"border:0;\" allowfullscreen=\"\" loading=\"lazy\" referrerpolicy=\"no-referrer-when-downgrade\"><\/iframe><\/p>\n\n\n\n<div class=\"wp-block-columns is-layout-flex wp-container-core-columns-is-layout-9d6595d7 wp-block-columns-is-layout-flex\">\n<div class=\"wp-block-column is-layout-flow wp-block-column-is-layout-flow\"><\/div>\n<\/div>\n\n\n\n<figure class=\"wp-block-table\"><table class=\"has-fixed-layout\"><thead><tr><th colspan=\"2\">Cruz de Sapantiana<\/th><\/tr><\/thead><tbody><tr><td><strong>Localiza\u00e7\u00e3o:<\/strong><\/td><td>Pr\u00f3ximo ao aqueduto colonial Sapantiana.<\/td><\/tr><tr><td><strong>Descri\u00e7\u00e3o:<\/strong><\/td><td>Um lugar m\u00e1gico onde a \u00e1gua, a pedra e a cruz entram em di\u00e1logo. Excelente para registros fotogr\u00e1ficos.<\/td><\/tr><\/tbody><\/table><\/figure>\n\n\n\n<p><iframe src=\"https:\/\/www.google.com\/maps\/embed?pb=!1m14!1m8!1m3!1d2108.9131512005342!2d-71.978256!3d-13.511645!3m2!1i1024!2i768!4f13.1!3m3!1m2!1s0x916dd7338d31802b%3A0x3caa9dc78c9dccd5!2sAcueducto%20Colonial!5e1!3m2!1sen!2spe!4v1746056213966!5m2!1sen!2spe\" width=\"100%\" height=\"450\" style=\"border:0;\" allowfullscreen=\"\" loading=\"lazy\" referrerpolicy=\"no-referrer-when-downgrade\"><\/iframe><\/p>\n\n\n\n<div class=\"wp-block-columns is-layout-flex wp-container-core-columns-is-layout-9d6595d7 wp-block-columns-is-layout-flex\">\n<div class=\"wp-block-column is-layout-flow wp-block-column-is-layout-flow\"><\/div>\n<\/div>\n\n\n\n<h3 class=\"wp-block-heading\" id=\"h-cruzes-perifericas-e-cerimoniais\">Cruzes Perif\u00e9ricas e Cerimoniais.<\/h3>\n\n\n\n<figure class=\"wp-block-table\"><table class=\"has-fixed-layout\"><thead><tr><th colspan=\"2\">Cruz de Santa Ana<\/th><\/tr><\/thead><tbody><tr><td><strong>Localiza\u00e7\u00e3o:<\/strong><\/td><td>Bairro de Santa Ana.<\/td><\/tr><tr><td><strong>Descri\u00e7\u00e3o:<\/strong><\/td><td>Uma das zonas mais antigas de Cusco, onde as festividades s\u00e3o marcadas por um esp\u00edrito comunit\u00e1rio intenso.<\/td><\/tr><\/tbody><\/table><\/figure>\n\n\n\n<p><iframe src=\"https:\/\/www.google.com\/maps\/embed?pb=!1m14!1m8!1m3!1d2108.8854732831696!2d-71.985425!3d-13.514774!3m2!1i1024!2i768!4f13.1!3m3!1m2!1s0x916dd7bd2c88540b%3A0xca55f199cf06ef7f!2sPlazoleta%20Santa%20Ana!5e1!3m2!1sen!2spe!4v1746056296156!5m2!1sen!2spe\" width=\"100%\" height=\"450\" style=\"border:0;\" allowfullscreen=\"\" loading=\"lazy\" referrerpolicy=\"no-referrer-when-downgrade\"><\/iframe><\/p>\n\n\n\n<div class=\"wp-block-columns is-layout-flex wp-container-core-columns-is-layout-9d6595d7 wp-block-columns-is-layout-flex\">\n<div class=\"wp-block-column is-layout-flow wp-block-column-is-layout-flow\"><\/div>\n<\/div>\n\n\n\n<figure class=\"wp-block-table\"><table class=\"has-fixed-layout\"><thead><tr><th colspan=\"2\">Cruz de Santiago<\/th><\/tr><\/thead><tbody><tr><td><strong>Localiza\u00e7\u00e3o:<\/strong><\/td><td>Distrito de Santiago.<\/td><\/tr><tr><td><strong>Descri\u00e7\u00e3o:<\/strong><\/td><td>Famosa por suas comparsas e m\u00fasica tradicional durante as celebra\u00e7\u00f5es do 3 de maio.<\/td><\/tr><\/tbody><\/table><\/figure>\n\n\n\n<p><iframe src=\"https:\/\/www.google.com\/maps\/embed?pb=!1m14!1m8!1m3!1d1054.3946053190268!2d-71.98354!3d-13.525651!3m2!1i1024!2i768!4f13.1!3m3!1m2!1s0x916dd5d8e3f0f13b%3A0x3ab421ee46b5ecbf!2sIglesia%20Patr%C3%B3n%20Santiago!5e1!3m2!1sen!2spe!4v1746056341500!5m2!1sen!2spe\" width=\"100%\" height=\"450\" style=\"border:0;\" allowfullscreen=\"\" loading=\"lazy\" referrerpolicy=\"no-referrer-when-downgrade\"><\/iframe><\/p>\n\n\n\n<div class=\"wp-block-columns is-layout-flex wp-container-core-columns-is-layout-9d6595d7 wp-block-columns-is-layout-flex\">\n<div class=\"wp-block-column is-layout-flow wp-block-column-is-layout-flow\"><\/div>\n<\/div>\n\n\n\n<figure class=\"wp-block-table\"><table class=\"has-fixed-layout\"><thead><tr><th colspan=\"2\">Cruz de San Blas<\/th><\/tr><\/thead><tbody><tr><td><strong>Localiza\u00e7\u00e3o:<\/strong><\/td><td>Bairro de San Blas.<\/td><\/tr><tr><td><strong>Descri\u00e7\u00e3o:<\/strong><\/td><td>Epicentro da arte cusquenha. Recomenda-se combinar a visita com oficinas de artesanato ou galerias locais.<\/td><\/tr><\/tbody><\/table><\/figure>\n\n\n\n<p><iframe src=\"https:\/\/www.google.com\/maps\/embed?pb=!1m14!1m8!1m3!1d527.2206075022951!2d-71.974504!3d-13.515118!3m2!1i1024!2i768!4f13.1!3m3!1m2!1s0x916dd60cdda9e409%3A0xd6e87811f1af0d55!2sTemplo%20del%20San%20Blas!5e1!3m2!1sen!2spe!4v1746056487312!5m2!1sen!2spe\" width=\"100%\" height=\"450\" style=\"border:0;\" allowfullscreen=\"\" loading=\"lazy\" referrerpolicy=\"no-referrer-when-downgrade\"><\/iframe><\/p>\n\n\n\n<div class=\"wp-block-columns is-layout-flex wp-container-core-columns-is-layout-9d6595d7 wp-block-columns-is-layout-flex\">\n<div class=\"wp-block-column is-layout-flow wp-block-column-is-layout-flow\"><\/div>\n<\/div>\n\n\n\n<p>Estas cruzes est\u00e3o situadas nos cerros, bairros e templos tradicionais de Cusco, cada uma sob os cuidados de um mayordomo ou carguyoc &#8211; guardi\u00f5es respons\u00e1veis por sua conserva\u00e7\u00e3o e pelas celebra\u00e7\u00f5es.<\/p>\n\n\n\n<p>Al\u00e9m disso, muitas delas possuem lendas \u00fanicas, sendo reverenciadas como protetoras espirituais de seus territ\u00f3rios, mantendo viva a conex\u00e3o entre o sagrado, a comunidade e a paisagem andina.<\/p>\n\n\n\n<h2 class=\"wp-block-heading\" id=\"h-4-como-se-celebra-o-cruz-velacuy\">4. Como se Celebra o Cruz Velacuy?<\/h2>\n\n\n\n<p>A celebra\u00e7\u00e3o varia ligeiramente entre as comunidades, mas segue essencialmente estes rituais:<\/p>\n\n\n\n<ul class=\"wp-block-list\">\n<li><strong>Vela\u00e7\u00e3o da Cruz: <\/strong>Realizada numa capela, pra\u00e7a ou na casa do mayordomo (carguyoc), onde a cruz \u00e9 meticulosamente adornada com flores, tecidos e s\u00edmbolos sagrados. Acompanhada de ora\u00e7\u00f5es, c\u00e2nticos e o brilho de velas, que iluminam a noite em devo\u00e7\u00e3o.<\/li>\n\n\n\n<li><strong>Pagamento \u00e0 Terra (Despacho): <\/strong>Ritual andino de gratid\u00e3o \u00e0 Pachamama, realizado em \u00e1reas comunit\u00e1rias.<\/li>\n\n\n\n<li><strong>Dan\u00e7as Tradicionais: <\/strong>Comparsas de dan\u00e7arinos, vestidos com trajes t\u00edpicos de cores vibrantes, transformam a montanha num espet\u00e1culo de movimento e m\u00fasica, revitalizando tradi\u00e7\u00f5es ancestrais.<\/li>\n\n\n\n<li><strong>Prociss\u00e3o e Ascens\u00e3o ao Cerro: <\/strong>Em muitos casos, a cruz \u00e9 carregada em prociss\u00e3o at\u00e9 o topo de um morro, acompanhada pela comunidade em caminhada cerimonial.<\/li>\n\n\n\n<li><strong>Banquete Comunit\u00e1rio:<\/strong> Fecham a celebra\u00e7\u00e3o, refor\u00e7ando os la\u00e7os sociais e a identidade coletiva.<\/li>\n<\/ul>\n\n\n\n<h2 class=\"wp-block-heading\" id=\"h-5-onde-assistir-a-celebracao-do-cruz-velacuy-em-cusco\">5. Onde assistir \u00e0 celebra\u00e7\u00e3o do Cruz Velacuy em Cusco?<\/h2>\n\n\n\n<p>Anualmente, a <a href=\"https:\/\/www.facebook.com\/FiestasdelCusco?locale=es_LA\" target=\"_blank\" rel=\"noreferrer noopener nofollow\"><strong>EMUFEC (Empresa Municipal de Festas do Cusco)<\/strong><\/a><strong> <\/strong>recria uma aut\u00eantica cena da Velada da Cruz no cora\u00e7\u00e3o do centro hist\u00f3rico. O palco principal \u00e9 a Calle del Medio, em frente \u00e0 Plaza de Armas, onde voc\u00ea poder\u00e1 vivenciar de perto esta tradi\u00e7\u00e3o repleta de cores, m\u00fasica e devo\u00e7\u00e3o.<\/p>\n\n\n\n<figure class=\"wp-block-table\"><table class=\"has-fixed-layout\"><tbody><tr><td><strong>Data:<\/strong><\/td><td>2 de maio.<\/td><\/tr><tr><td><strong>Hor\u00e1rio:<\/strong><\/td><td>18h00<\/td><\/tr><tr><td><strong>Lugar:<\/strong><\/td><td>Calle del Medio, Plaza de Armas, Cusco.<\/td><\/tr><\/tbody><\/table><\/figure>\n\n\n\n<div class=\"wp-block-columns is-layout-flex wp-container-core-columns-is-layout-9d6595d7 wp-block-columns-is-layout-flex\">\n<div class=\"wp-block-column is-layout-flow wp-block-column-is-layout-flow\"><div class=\"wp-block-image\">\n<figure class=\"aligncenter size-large\"><img loading=\"lazy\" decoding=\"async\" width=\"884\" height=\"1024\" src=\"https:\/\/www.salkantaytrilha.com\/blog\/wp-content\/uploads\/2025\/04\/Poster-do-EMUFEC-na-Cruz-Velacuy-em-Cusco-884x1024.jpg\" alt=\"P\u00f4ster do EMUFEC na Cruz Velacuy em Cusco\" class=\"wp-image-3438\"\/><figcaption class=\"wp-element-caption\">P\u00f4ster do EMUFEC na Cruz Velacuy em Cusco<\/figcaption><\/figure>\n<\/div><\/div>\n<\/div>\n\n\n\n<p>N\u00e3o perca esta bel\u00edssima representa\u00e7\u00e3o que resgata o significado ancestral e religioso de uma das festividades mais emblem\u00e1ticas da regi\u00e3o.<\/p>\n\n\n\n<h2 class=\"wp-block-heading\" id=\"h-6-por-que-voce-nao-pode-perder-o-cruz-velacuy\">6. Por Que Voc\u00ea N\u00e3o Pode Perder o Cruz Velacuy?<\/h2>\n\n\n\n<p>O <strong>Cruz Velacuy em Cusco<\/strong> n\u00e3o \u00e9 somente uma festividade: \u00e9 uma porta aberta para a alma viva dos Andes. Se voc\u00ea est\u00e1 em Cusco ou planeja visit\u00e1-lo, esta \u00e9 uma experi\u00eancia que simplesmente n\u00e3o pode faltar no seu roteiro. Eis por qu\u00ea:<\/p>\n\n\n\n<ul class=\"wp-block-list\">\n<li><strong>Celebra\u00e7\u00e3o da Identidade Andina:<\/strong> No Cruz Velacuy, entrela\u00e7am-se a f\u00e9 crist\u00e3 e a sabedoria ancestral andina um di\u00e1logo espiritual \u00fanico no mundo.<\/li>\n\n\n\n<li><strong>Rituais Aut\u00eanticos com a Pachamama:<\/strong> Dan\u00e7as tradicionais e vela\u00e7\u00f5es noturnas criam uma atmosfera m\u00e1gica e sagrada, onde cada gesto honra a M\u00e3e Terra.<\/li>\n\n\n\n<li><strong>Explos\u00e3o de Cor, M\u00fasica e Comunidade: <\/strong>Comparsas, m\u00fasicos, carguyocs e danzantes transformam ruas e pra\u00e7as num espet\u00e1culo vivo de cultura.<\/li>\n\n\n\n<li><strong>Festival Ainda Aut\u00eantico<\/strong> Diferente de outras festas massificadas, o Cruz Velacuy mant\u00e9m sua ess\u00eancia local uma rara janela para o Cusco mais profundo.<\/li>\n\n\n\n<li><strong>Roteiro das Cruzes: Uma Jornada Cultural:<\/strong> Da imponente Cruz de San Crist\u00f3bal \u00e0 enigm\u00e1tica Cruz de Teteqaqa, cada uma revela hist\u00f3rias, lendas e rituais exclusivos.<\/li>\n\n\n\n<li><strong>Conex\u00e3o com o Sagrado:<\/strong> Mais que observar, aqui voc\u00ea sente-se parte de algo maior: uma reconex\u00e3o com a terra, o divino e seu pr\u00f3prio esp\u00edrito.<\/li>\n<\/ul>\n\n\n\n<div class=\"wp-block-columns is-layout-flex wp-container-core-columns-is-layout-9d6595d7 wp-block-columns-is-layout-flex\">\n<div class=\"wp-block-column is-layout-flow wp-block-column-is-layout-flow\"><div class=\"wp-block-image\">\n<figure class=\"aligncenter size-large\"><img loading=\"lazy\" decoding=\"async\" width=\"1024\" height=\"683\" src=\"https:\/\/www.salkantaytrilha.com\/blog\/wp-content\/uploads\/2025\/04\/Cruz-Velacuy-Evening-1024x683.jpg\" alt=\"Turista e dan\u00e7arina na noite de Cruz Velacuy\" class=\"wp-image-3439\"\/><figcaption class=\"wp-element-caption\">Cruz Velacuy Evening<\/figcaption><\/figure>\n<\/div><\/div>\n<\/div>\n\n\n\n<h2 class=\"wp-block-heading\" id=\"h-7-dicas-para-turistas\">7. Dicas para Turistas<\/h2>\n\n\n\n<ul class=\"wp-block-list\">\n<li>Leve roupas quentes e confort\u00e1veis.<\/li>\n\n\n\n<li>Respeite os espa\u00e7os sagrados e evite interromper cerim\u00f4nias.<\/li>\n\n\n\n<li>Compre artesanato e comidas t\u00edpicas diretamente dos moradores.<\/li>\n\n\n\n<li>Participe com o cora\u00e7\u00e3o aberto.<\/li>\n<\/ul>\n\n\n\n<h2 class=\"wp-block-heading\" id=\"h-8-inclua-o-cruz-velacuy-no-seu-roteiro\">8. Inclua o Cruz Velacuy no Seu Roteiro<\/h2>\n\n\n\n<p>Se voc\u00ea estiver em Cusco entre abril e maio, n\u00e3o perca a chance de vivenciar esta cerim\u00f4nia m\u00e1gica. \u00c9 a experi\u00eancia ideal para quem deseja ir al\u00e9m do turismo convencional e conectar-se com a ess\u00eancia do Peru aut\u00eantico.<\/p>\n\n\n\n<div class=\"wp-block-columns is-layout-flex wp-container-core-columns-is-layout-9d6595d7 wp-block-columns-is-layout-flex\">\n<div class=\"wp-block-column is-layout-flow wp-block-column-is-layout-flow\"><div class=\"wp-block-image\">\n<figure class=\"aligncenter size-large\"><img loading=\"lazy\" decoding=\"async\" width=\"1024\" height=\"683\" src=\"https:\/\/www.salkantaytrilha.com\/blog\/wp-content\/uploads\/2025\/04\/Cruz-Velacuy-Cusco-@elizabeth_florezfoto-1024x683.jpg\" alt=\"Dan\u00e7arinos ajoelhados na Cruz Velacuy em Cuzco\" class=\"wp-image-3440\"\/><figcaption class=\"wp-element-caption\">Cruz Velacuy em Cusco | @elizabeth_florezfoto<\/figcaption><\/figure>\n<\/div><\/div>\n<\/div>\n\n\n\n<h2 class=\"wp-block-heading\" id=\"h-conclusao\">Conclus\u00e3o:<\/h2>\n\n\n\n<p>O Cruz Velacuy em Cusco \u00e9 uma experi\u00eancia \u00fanica, onde f\u00e9, tradi\u00e7\u00e3o andina e cores vibrantes se fundem numa celebra\u00e7\u00e3o inesquec\u00edvel. Desde as cruzes do centro hist\u00f3rico at\u00e9 a m\u00edstica wak\u2019a Teteqaqa, cada detalhe revela o profundo sincretismo cultural do Peru. Pronto para vivenciar essa magia? Com a nossa orienta\u00e7\u00e3o, voc\u00ea descobrir\u00e1 essas maravilhas e muito mais, em uma jornada que conecta o passado sagrado com a energia do presente. Cusco aguarda por voc\u00ea!<\/p>\n\n\n\n<h2 class=\"wp-block-heading\" id=\"h-voce-tambem-pode-se-interessar-por\">Voc\u00ea Tamb\u00e9m Pode Se Interessar Por:<\/h2>\n\n\n\n<ul class=\"wp-block-list\">\n<li><a href=\"https:\/\/www.salkantaytrilha.com\/blog\/festas-de-cusco-2025\/\"><strong>As Festas de Cusco para 2025<\/strong><\/a><\/li>\n\n\n\n<li><a href=\"https:\/\/www.salkantaytrilha.com\/blog\/corpus-christi-em-cusco-uma-festa-religiosa-e-cultural\/\"><strong>Corpus Christi em Cusco: Uma Festa Religiosa e Cultural<\/strong><\/a><\/li>\n\n\n\n<li><a href=\"https:\/\/www.salkantaytrilha.com\/blog\/praca-de-armas-de-cusco-o-guia-completo\/\"><strong>Pra\u00e7a de Armas de Cusco: O Guia Completo<\/strong><\/a><\/li>\n\n\n\n<li><a href=\"https:\/\/www.salkantaytrilha.com\/blog\/cusco-e-seus-misterios-por-dentro-das-lendas-investigacoes-e-teorias-alienigenas\/\"><strong>Cusco e seus Mist\u00e9rios:&nbsp; Por dentro das Lendas, Investiga\u00e7\u00f5es e Teorias Alien\u00edgenas<\/strong><\/a><\/li>\n<\/ul>\n\n\n\n<p><\/p>\n\n\n\n<ul class=\"wp-block-list lang\">\n<li class=\"en\"><a href=\"https:\/\/www.salkantaytrekking.com\/blog\/cruz-velacuy-in-cusco\/\">EN<\/a><\/li>\n\n\n\n<li class=\"es\"><a href=\"https:\/\/www.caminosalkantay.com\/blog\/cruz-velacuy-en-cusco\/\">ES<\/a><\/li>\n<\/ul>\n\n\n\n<p><\/p>\n","protected":false},"excerpt":{"rendered":"<p>O Cruz Velacuy, ou vela\u00e7\u00e3o da Sant\u00edssima Cruz, \u00e9 uma das festividades religiosas mais arraigadas e coloridas de Cusco. A cada 3 de maio, embora as celebra\u00e7\u00f5es geralmente comecem no dia 2 com a Descida da Cruz, a cidade enche-se [&hellip;]<\/p>\n","protected":false},"author":1,"featured_media":3441,"comment_status":"open","ping_status":"open","sticky":false,"template":"","format":"standard","meta":{"footnotes":""},"categories":[40,17,245],"tags":[1014,1010,1011,1013,1012],"class_list":["post-3430","post","type-post","status-publish","format-standard","has-post-thumbnail","hentry","category-cusco","category-festas","category-festividade","tag-cerimonia-da-cruz-na-plaza-de-armas","tag-cruz-velacuy-em-cusco","tag-festa-da-cruz-no-peru","tag-festividades-em-cusco","tag-melhores-festas-culturais-do-peru"],"yoast_head":"<!-- This site is optimized with the Yoast SEO Premium plugin v27.4 (Yoast SEO v27.4) - https:\/\/yoast.com\/product\/yoast-seo-premium-wordpress\/ -->\n<title>Cruz Velacuy em Cusco - informa\u00e7\u00f5es de viagens<\/title>\n<meta name=\"description\" content=\"Viva o Cruz Velacuy em Cusco: uma fus\u00e3o emocionante entre a f\u00e9 andina e cat\u00f3lica. Process\u00f5es, oferendas \u00e0 Pachamama e veladas noturnas em 3 de maio. Uma experi\u00eancia cultural \u00fanica no cora\u00e7\u00e3o dos Andes!\" \/>\n<meta name=\"robots\" content=\"index, follow, max-snippet:-1, max-image-preview:large, max-video-preview:-1\" \/>\n<link rel=\"canonical\" href=\"https:\/\/www.salkantaytrilha.com\/blog\/cruz-velacuy-em-cusco\/\" \/>\n<meta property=\"og:locale\" content=\"pt_BR\" \/>\n<meta property=\"og:type\" content=\"article\" \/>\n<meta property=\"og:title\" content=\"Cruz Velacuy em Cusco\" \/>\n<meta property=\"og:description\" content=\"Viva o Cruz Velacuy em Cusco: uma fus\u00e3o emocionante entre a f\u00e9 andina e cat\u00f3lica. Process\u00f5es, oferendas \u00e0 Pachamama e veladas noturnas em 3 de maio. Uma experi\u00eancia cultural \u00fanica no cora\u00e7\u00e3o dos Andes!\" \/>\n<meta property=\"og:url\" content=\"https:\/\/www.salkantaytrilha.com\/blog\/cruz-velacuy-em-cusco\/\" \/>\n<meta property=\"og:site_name\" content=\"informa\u00e7\u00f5es de viagens\" \/>\n<meta property=\"article:publisher\" content=\"https:\/\/www.facebook.com\/SalkantayTrekking\/\" \/>\n<meta property=\"article:published_time\" content=\"2025-05-01T00:15:04+00:00\" \/>\n<meta property=\"article:modified_time\" content=\"2026-03-02T15:04:16+00:00\" \/>\n<meta property=\"og:image\" content=\"https:\/\/www.salkantaytrilha.com\/blog\/wp-content\/uploads\/2025\/04\/Cruz-Velacuy-em-Cusco-16x9-1.jpg\" \/>\n\t<meta property=\"og:image:width\" content=\"1920\" \/>\n\t<meta property=\"og:image:height\" content=\"1080\" \/>\n\t<meta property=\"og:image:type\" content=\"image\/jpeg\" \/>\n<meta name=\"author\" content=\"Trilha Salkantay\" \/>\n<meta name=\"twitter:card\" content=\"summary_large_image\" \/>\n<meta name=\"twitter:creator\" content=\"@salkantayperu\" \/>\n<meta name=\"twitter:site\" content=\"@salkantayperu\" \/>\n<meta name=\"twitter:label1\" content=\"Escrito por\" \/>\n\t<meta name=\"twitter:data1\" content=\"Trilha Salkantay\" \/>\n\t<meta name=\"twitter:label2\" content=\"Est. tempo de leitura\" \/>\n\t<meta name=\"twitter:data2\" content=\"10 minutos\" \/>\n<script type=\"application\/ld+json\" class=\"yoast-schema-graph\">{\"@context\":\"https:\\\/\\\/schema.org\",\"@graph\":[{\"@type\":\"Article\",\"@id\":\"https:\\\/\\\/www.salkantaytrilha.com\\\/blog\\\/cruz-velacuy-em-cusco\\\/#article\",\"isPartOf\":{\"@id\":\"https:\\\/\\\/www.salkantaytrilha.com\\\/blog\\\/cruz-velacuy-em-cusco\\\/\"},\"author\":{\"name\":\"Trilha Salkantay\",\"@id\":\"https:\\\/\\\/www.salkantaytrilha.com\\\/blog\\\/#\\\/schema\\\/person\\\/aa0e6175beac59e6519e5407b3d13d0d\"},\"headline\":\"Cruz Velacuy em Cusco\",\"datePublished\":\"2025-05-01T00:15:04+00:00\",\"dateModified\":\"2026-03-02T15:04:16+00:00\",\"mainEntityOfPage\":{\"@id\":\"https:\\\/\\\/www.salkantaytrilha.com\\\/blog\\\/cruz-velacuy-em-cusco\\\/\"},\"wordCount\":1403,\"commentCount\":0,\"publisher\":{\"@id\":\"https:\\\/\\\/www.salkantaytrilha.com\\\/blog\\\/#organization\"},\"image\":{\"@id\":\"https:\\\/\\\/www.salkantaytrilha.com\\\/blog\\\/cruz-velacuy-em-cusco\\\/#primaryimage\"},\"thumbnailUrl\":\"https:\\\/\\\/www.salkantaytrilha.com\\\/blog\\\/wp-content\\\/uploads\\\/2025\\\/04\\\/Cruz-Velacuy-em-Cusco.jpg\",\"keywords\":[\"Cerim\u00f4nia da Cruz na Plaza de Armas\",\"Cruz Velacuy em Cusco\",\"Festa da Cruz no Peru\",\"Festividades em Cusco\",\"Melhores festas culturais do Peru\"],\"articleSection\":[\"Cusco\",\"Festas\",\"Festividade\"],\"inLanguage\":\"pt-BR\",\"potentialAction\":[{\"@type\":\"CommentAction\",\"name\":\"Comment\",\"target\":[\"https:\\\/\\\/www.salkantaytrilha.com\\\/blog\\\/cruz-velacuy-em-cusco\\\/#respond\"]}]},{\"@type\":\"WebPage\",\"@id\":\"https:\\\/\\\/www.salkantaytrilha.com\\\/blog\\\/cruz-velacuy-em-cusco\\\/\",\"url\":\"https:\\\/\\\/www.salkantaytrilha.com\\\/blog\\\/cruz-velacuy-em-cusco\\\/\",\"name\":\"Cruz Velacuy em Cusco - informa\u00e7\u00f5es de viagens\",\"isPartOf\":{\"@id\":\"https:\\\/\\\/www.salkantaytrilha.com\\\/blog\\\/#website\"},\"primaryImageOfPage\":{\"@id\":\"https:\\\/\\\/www.salkantaytrilha.com\\\/blog\\\/cruz-velacuy-em-cusco\\\/#primaryimage\"},\"image\":{\"@id\":\"https:\\\/\\\/www.salkantaytrilha.com\\\/blog\\\/cruz-velacuy-em-cusco\\\/#primaryimage\"},\"thumbnailUrl\":\"https:\\\/\\\/www.salkantaytrilha.com\\\/blog\\\/wp-content\\\/uploads\\\/2025\\\/04\\\/Cruz-Velacuy-em-Cusco.jpg\",\"datePublished\":\"2025-05-01T00:15:04+00:00\",\"dateModified\":\"2026-03-02T15:04:16+00:00\",\"description\":\"Viva o Cruz Velacuy em Cusco: uma fus\u00e3o emocionante entre a f\u00e9 andina e cat\u00f3lica. Process\u00f5es, oferendas \u00e0 Pachamama e veladas noturnas em 3 de maio. Uma experi\u00eancia cultural \u00fanica no cora\u00e7\u00e3o dos Andes!\",\"breadcrumb\":{\"@id\":\"https:\\\/\\\/www.salkantaytrilha.com\\\/blog\\\/cruz-velacuy-em-cusco\\\/#breadcrumb\"},\"inLanguage\":\"pt-BR\",\"potentialAction\":[{\"@type\":\"ReadAction\",\"target\":[\"https:\\\/\\\/www.salkantaytrilha.com\\\/blog\\\/cruz-velacuy-em-cusco\\\/\"]}]},{\"@type\":\"ImageObject\",\"inLanguage\":\"pt-BR\",\"@id\":\"https:\\\/\\\/www.salkantaytrilha.com\\\/blog\\\/cruz-velacuy-em-cusco\\\/#primaryimage\",\"url\":\"https:\\\/\\\/www.salkantaytrilha.com\\\/blog\\\/wp-content\\\/uploads\\\/2025\\\/04\\\/Cruz-Velacuy-em-Cusco.jpg\",\"contentUrl\":\"https:\\\/\\\/www.salkantaytrilha.com\\\/blog\\\/wp-content\\\/uploads\\\/2025\\\/04\\\/Cruz-Velacuy-em-Cusco.jpg\",\"width\":1873,\"height\":1249,\"caption\":\"Cruz Velacuy em Cusco\"},{\"@type\":\"BreadcrumbList\",\"@id\":\"https:\\\/\\\/www.salkantaytrilha.com\\\/blog\\\/cruz-velacuy-em-cusco\\\/#breadcrumb\",\"itemListElement\":[{\"@type\":\"ListItem\",\"position\":1,\"name\":\"In\u00edcio\",\"item\":\"https:\\\/\\\/www.salkantaytrilha.com\\\/blog\\\/\"},{\"@type\":\"ListItem\",\"position\":2,\"name\":\"Cruz Velacuy em Cusco\"}]},{\"@type\":\"WebSite\",\"@id\":\"https:\\\/\\\/www.salkantaytrilha.com\\\/blog\\\/#website\",\"url\":\"https:\\\/\\\/www.salkantaytrilha.com\\\/blog\\\/\",\"name\":\"informa\u00e7\u00f5es de viagens a Machu Picchu\",\"description\":\"\",\"publisher\":{\"@id\":\"https:\\\/\\\/www.salkantaytrilha.com\\\/blog\\\/#organization\"},\"potentialAction\":[{\"@type\":\"SearchAction\",\"target\":{\"@type\":\"EntryPoint\",\"urlTemplate\":\"https:\\\/\\\/www.salkantaytrilha.com\\\/blog\\\/?s={search_term_string}\"},\"query-input\":{\"@type\":\"PropertyValueSpecification\",\"valueRequired\":true,\"valueName\":\"search_term_string\"}}],\"inLanguage\":\"pt-BR\"},{\"@type\":\"Organization\",\"@id\":\"https:\\\/\\\/www.salkantaytrilha.com\\\/blog\\\/#organization\",\"name\":\"informa\u00e7\u00f5es de viagens a Machu Picchu\",\"url\":\"https:\\\/\\\/www.salkantaytrilha.com\\\/blog\\\/\",\"logo\":{\"@type\":\"ImageObject\",\"inLanguage\":\"pt-BR\",\"@id\":\"https:\\\/\\\/www.salkantaytrilha.com\\\/blog\\\/#\\\/schema\\\/logo\\\/image\\\/\",\"url\":\"https:\\\/\\\/www.salkantaytrilha.com\\\/blog\\\/wp-content\\\/uploads\\\/2024\\\/05\\\/salkantaytrekking-new-300x128-1.png\",\"contentUrl\":\"https:\\\/\\\/www.salkantaytrilha.com\\\/blog\\\/wp-content\\\/uploads\\\/2024\\\/05\\\/salkantaytrekking-new-300x128-1.png\",\"width\":300,\"height\":128,\"caption\":\"informa\u00e7\u00f5es de viagens a Machu Picchu\"},\"image\":{\"@id\":\"https:\\\/\\\/www.salkantaytrilha.com\\\/blog\\\/#\\\/schema\\\/logo\\\/image\\\/\"},\"sameAs\":[\"https:\\\/\\\/www.facebook.com\\\/SalkantayTrekking\\\/\",\"https:\\\/\\\/x.com\\\/salkantayperu\",\"https:\\\/\\\/www.pinterest.com\\\/salkantaytrekking\\\/\",\"https:\\\/\\\/www.instagram.com\\\/salkantaytrekking\\\/\",\"https:\\\/\\\/www.youtube.com\\\/user\\\/salkantaytrekking\",\"https:\\\/\\\/www.tiktok.com\\\/@salkantaytrekking\"]},{\"@type\":\"Person\",\"@id\":\"https:\\\/\\\/www.salkantaytrilha.com\\\/blog\\\/#\\\/schema\\\/person\\\/aa0e6175beac59e6519e5407b3d13d0d\",\"name\":\"Trilha Salkantay\",\"image\":{\"@type\":\"ImageObject\",\"inLanguage\":\"pt-BR\",\"@id\":\"https:\\\/\\\/secure.gravatar.com\\\/avatar\\\/b41678a33c57a2bf0032b7c254611fc97caffd94ade0663405b364d1c0177d1d?s=96&d=mm&r=g\",\"url\":\"https:\\\/\\\/secure.gravatar.com\\\/avatar\\\/b41678a33c57a2bf0032b7c254611fc97caffd94ade0663405b364d1c0177d1d?s=96&d=mm&r=g\",\"contentUrl\":\"https:\\\/\\\/secure.gravatar.com\\\/avatar\\\/b41678a33c57a2bf0032b7c254611fc97caffd94ade0663405b364d1c0177d1d?s=96&d=mm&r=g\",\"caption\":\"Trilha Salkantay\"},\"sameAs\":[\"https:\\\/\\\/www.salkantaytrilha.com\\\/blog\"]}]}<\/script>\n<!-- \/ Yoast SEO Premium plugin. -->","yoast_head_json":{"title":"Cruz Velacuy em Cusco - informa\u00e7\u00f5es de viagens","description":"Viva o Cruz Velacuy em Cusco: uma fus\u00e3o emocionante entre a f\u00e9 andina e cat\u00f3lica. Process\u00f5es, oferendas \u00e0 Pachamama e veladas noturnas em 3 de maio. Uma experi\u00eancia cultural \u00fanica no cora\u00e7\u00e3o dos Andes!","robots":{"index":"index","follow":"follow","max-snippet":"max-snippet:-1","max-image-preview":"max-image-preview:large","max-video-preview":"max-video-preview:-1"},"canonical":"https:\/\/www.salkantaytrilha.com\/blog\/cruz-velacuy-em-cusco\/","og_locale":"pt_BR","og_type":"article","og_title":"Cruz Velacuy em Cusco","og_description":"Viva o Cruz Velacuy em Cusco: uma fus\u00e3o emocionante entre a f\u00e9 andina e cat\u00f3lica. Process\u00f5es, oferendas \u00e0 Pachamama e veladas noturnas em 3 de maio. Uma experi\u00eancia cultural \u00fanica no cora\u00e7\u00e3o dos Andes!","og_url":"https:\/\/www.salkantaytrilha.com\/blog\/cruz-velacuy-em-cusco\/","og_site_name":"informa\u00e7\u00f5es de viagens","article_publisher":"https:\/\/www.facebook.com\/SalkantayTrekking\/","article_published_time":"2025-05-01T00:15:04+00:00","article_modified_time":"2026-03-02T15:04:16+00:00","og_image":[{"width":1920,"height":1080,"url":"https:\/\/www.salkantaytrilha.com\/blog\/wp-content\/uploads\/2025\/04\/Cruz-Velacuy-em-Cusco-16x9-1.jpg","type":"image\/jpeg"}],"author":"Trilha Salkantay","twitter_card":"summary_large_image","twitter_creator":"@salkantayperu","twitter_site":"@salkantayperu","twitter_misc":{"Escrito por":"Trilha Salkantay","Est. tempo de leitura":"10 minutos"},"schema":{"@context":"https:\/\/schema.org","@graph":[{"@type":"Article","@id":"https:\/\/www.salkantaytrilha.com\/blog\/cruz-velacuy-em-cusco\/#article","isPartOf":{"@id":"https:\/\/www.salkantaytrilha.com\/blog\/cruz-velacuy-em-cusco\/"},"author":{"name":"Trilha Salkantay","@id":"https:\/\/www.salkantaytrilha.com\/blog\/#\/schema\/person\/aa0e6175beac59e6519e5407b3d13d0d"},"headline":"Cruz Velacuy em Cusco","datePublished":"2025-05-01T00:15:04+00:00","dateModified":"2026-03-02T15:04:16+00:00","mainEntityOfPage":{"@id":"https:\/\/www.salkantaytrilha.com\/blog\/cruz-velacuy-em-cusco\/"},"wordCount":1403,"commentCount":0,"publisher":{"@id":"https:\/\/www.salkantaytrilha.com\/blog\/#organization"},"image":{"@id":"https:\/\/www.salkantaytrilha.com\/blog\/cruz-velacuy-em-cusco\/#primaryimage"},"thumbnailUrl":"https:\/\/www.salkantaytrilha.com\/blog\/wp-content\/uploads\/2025\/04\/Cruz-Velacuy-em-Cusco.jpg","keywords":["Cerim\u00f4nia da Cruz na Plaza de Armas","Cruz Velacuy em Cusco","Festa da Cruz no Peru","Festividades em Cusco","Melhores festas culturais do Peru"],"articleSection":["Cusco","Festas","Festividade"],"inLanguage":"pt-BR","potentialAction":[{"@type":"CommentAction","name":"Comment","target":["https:\/\/www.salkantaytrilha.com\/blog\/cruz-velacuy-em-cusco\/#respond"]}]},{"@type":"WebPage","@id":"https:\/\/www.salkantaytrilha.com\/blog\/cruz-velacuy-em-cusco\/","url":"https:\/\/www.salkantaytrilha.com\/blog\/cruz-velacuy-em-cusco\/","name":"Cruz Velacuy em Cusco - informa\u00e7\u00f5es de viagens","isPartOf":{"@id":"https:\/\/www.salkantaytrilha.com\/blog\/#website"},"primaryImageOfPage":{"@id":"https:\/\/www.salkantaytrilha.com\/blog\/cruz-velacuy-em-cusco\/#primaryimage"},"image":{"@id":"https:\/\/www.salkantaytrilha.com\/blog\/cruz-velacuy-em-cusco\/#primaryimage"},"thumbnailUrl":"https:\/\/www.salkantaytrilha.com\/blog\/wp-content\/uploads\/2025\/04\/Cruz-Velacuy-em-Cusco.jpg","datePublished":"2025-05-01T00:15:04+00:00","dateModified":"2026-03-02T15:04:16+00:00","description":"Viva o Cruz Velacuy em Cusco: uma fus\u00e3o emocionante entre a f\u00e9 andina e cat\u00f3lica. Process\u00f5es, oferendas \u00e0 Pachamama e veladas noturnas em 3 de maio. Uma experi\u00eancia cultural \u00fanica no cora\u00e7\u00e3o dos Andes!","breadcrumb":{"@id":"https:\/\/www.salkantaytrilha.com\/blog\/cruz-velacuy-em-cusco\/#breadcrumb"},"inLanguage":"pt-BR","potentialAction":[{"@type":"ReadAction","target":["https:\/\/www.salkantaytrilha.com\/blog\/cruz-velacuy-em-cusco\/"]}]},{"@type":"ImageObject","inLanguage":"pt-BR","@id":"https:\/\/www.salkantaytrilha.com\/blog\/cruz-velacuy-em-cusco\/#primaryimage","url":"https:\/\/www.salkantaytrilha.com\/blog\/wp-content\/uploads\/2025\/04\/Cruz-Velacuy-em-Cusco.jpg","contentUrl":"https:\/\/www.salkantaytrilha.com\/blog\/wp-content\/uploads\/2025\/04\/Cruz-Velacuy-em-Cusco.jpg","width":1873,"height":1249,"caption":"Cruz Velacuy em Cusco"},{"@type":"BreadcrumbList","@id":"https:\/\/www.salkantaytrilha.com\/blog\/cruz-velacuy-em-cusco\/#breadcrumb","itemListElement":[{"@type":"ListItem","position":1,"name":"In\u00edcio","item":"https:\/\/www.salkantaytrilha.com\/blog\/"},{"@type":"ListItem","position":2,"name":"Cruz Velacuy em Cusco"}]},{"@type":"WebSite","@id":"https:\/\/www.salkantaytrilha.com\/blog\/#website","url":"https:\/\/www.salkantaytrilha.com\/blog\/","name":"informa\u00e7\u00f5es de viagens a Machu Picchu","description":"","publisher":{"@id":"https:\/\/www.salkantaytrilha.com\/blog\/#organization"},"potentialAction":[{"@type":"SearchAction","target":{"@type":"EntryPoint","urlTemplate":"https:\/\/www.salkantaytrilha.com\/blog\/?s={search_term_string}"},"query-input":{"@type":"PropertyValueSpecification","valueRequired":true,"valueName":"search_term_string"}}],"inLanguage":"pt-BR"},{"@type":"Organization","@id":"https:\/\/www.salkantaytrilha.com\/blog\/#organization","name":"informa\u00e7\u00f5es de viagens a Machu Picchu","url":"https:\/\/www.salkantaytrilha.com\/blog\/","logo":{"@type":"ImageObject","inLanguage":"pt-BR","@id":"https:\/\/www.salkantaytrilha.com\/blog\/#\/schema\/logo\/image\/","url":"https:\/\/www.salkantaytrilha.com\/blog\/wp-content\/uploads\/2024\/05\/salkantaytrekking-new-300x128-1.png","contentUrl":"https:\/\/www.salkantaytrilha.com\/blog\/wp-content\/uploads\/2024\/05\/salkantaytrekking-new-300x128-1.png","width":300,"height":128,"caption":"informa\u00e7\u00f5es de viagens a Machu Picchu"},"image":{"@id":"https:\/\/www.salkantaytrilha.com\/blog\/#\/schema\/logo\/image\/"},"sameAs":["https:\/\/www.facebook.com\/SalkantayTrekking\/","https:\/\/x.com\/salkantayperu","https:\/\/www.pinterest.com\/salkantaytrekking\/","https:\/\/www.instagram.com\/salkantaytrekking\/","https:\/\/www.youtube.com\/user\/salkantaytrekking","https:\/\/www.tiktok.com\/@salkantaytrekking"]},{"@type":"Person","@id":"https:\/\/www.salkantaytrilha.com\/blog\/#\/schema\/person\/aa0e6175beac59e6519e5407b3d13d0d","name":"Trilha Salkantay","image":{"@type":"ImageObject","inLanguage":"pt-BR","@id":"https:\/\/secure.gravatar.com\/avatar\/b41678a33c57a2bf0032b7c254611fc97caffd94ade0663405b364d1c0177d1d?s=96&d=mm&r=g","url":"https:\/\/secure.gravatar.com\/avatar\/b41678a33c57a2bf0032b7c254611fc97caffd94ade0663405b364d1c0177d1d?s=96&d=mm&r=g","contentUrl":"https:\/\/secure.gravatar.com\/avatar\/b41678a33c57a2bf0032b7c254611fc97caffd94ade0663405b364d1c0177d1d?s=96&d=mm&r=g","caption":"Trilha Salkantay"},"sameAs":["https:\/\/www.salkantaytrilha.com\/blog"]}]}},"_links":{"self":[{"href":"https:\/\/www.salkantaytrilha.com\/blog\/wp-json\/wp\/v2\/posts\/3430","targetHints":{"allow":["GET"]}}],"collection":[{"href":"https:\/\/www.salkantaytrilha.com\/blog\/wp-json\/wp\/v2\/posts"}],"about":[{"href":"https:\/\/www.salkantaytrilha.com\/blog\/wp-json\/wp\/v2\/types\/post"}],"author":[{"embeddable":true,"href":"https:\/\/www.salkantaytrilha.com\/blog\/wp-json\/wp\/v2\/users\/1"}],"replies":[{"embeddable":true,"href":"https:\/\/www.salkantaytrilha.com\/blog\/wp-json\/wp\/v2\/comments?post=3430"}],"version-history":[{"count":6,"href":"https:\/\/www.salkantaytrilha.com\/blog\/wp-json\/wp\/v2\/posts\/3430\/revisions"}],"predecessor-version":[{"id":5461,"href":"https:\/\/www.salkantaytrilha.com\/blog\/wp-json\/wp\/v2\/posts\/3430\/revisions\/5461"}],"wp:featuredmedia":[{"embeddable":true,"href":"https:\/\/www.salkantaytrilha.com\/blog\/wp-json\/wp\/v2\/media\/3441"}],"wp:attachment":[{"href":"https:\/\/www.salkantaytrilha.com\/blog\/wp-json\/wp\/v2\/media?parent=3430"}],"wp:term":[{"taxonomy":"category","embeddable":true,"href":"https:\/\/www.salkantaytrilha.com\/blog\/wp-json\/wp\/v2\/categories?post=3430"},{"taxonomy":"post_tag","embeddable":true,"href":"https:\/\/www.salkantaytrilha.com\/blog\/wp-json\/wp\/v2\/tags?post=3430"}],"curies":[{"name":"wp","href":"https:\/\/api.w.org\/{rel}","templated":true}]}}