{"id":4004,"date":"2025-07-31T15:00:15","date_gmt":"2025-07-31T18:00:15","guid":{"rendered":"https:\/\/www.salkantaytrilha.com\/blog\/?p=4004"},"modified":"2026-03-02T12:03:25","modified_gmt":"2026-03-02T15:03:25","slug":"lugares-mais-instagramaveis-cusco","status":"publish","type":"post","link":"https:\/\/www.salkantaytrilha.com\/blog\/lugares-mais-instagramaveis-cusco\/","title":{"rendered":"Os Lugares Mais Instagram\u00e1veis que Voc\u00ea Precisa Conhecer em Cusco, Peru"},"content":{"rendered":"\n<p>Cusco, Peru, \u00e9 um destino de aventuras no cora\u00e7\u00e3o da Am\u00e9rica do Sul, um lugar que desperta a curiosidade de viajantes em busca de experi\u00eancias \u00fanicas. Situada nos impressionantes vales sagrados e pr\u00f3xima da majestade de Machu Picchu, Cusco \u00e9 o ponto de partida perfeito para explorar esta regi\u00e3o fascinante.<\/p>\n\n\n\n<p>Se voc\u00ea \u00e9 amante da fotografia e est\u00e1 procurando os lugares mais instagram\u00e1veis de Cusco, o cora\u00e7\u00e3o dos Andes, chegou ao lugar certo. Desde vistas panor\u00e2micas de tirar o f\u00f4lego at\u00e9 ruas de pedra e ru\u00ednas incas majestosas, Cusco est\u00e1 repleta de tesouros visuais que v\u00e3o fazer voc\u00ea pegar a c\u00e2mera a cada esquina. Prepare-se para descobrir os cen\u00e1rios mais fotog\u00eanicos desta cidade ancestral e compartilhar suas experi\u00eancias no Instagram. Vamos nessa!<\/p>\n\n\n\n<div class=\"wp-block-rank-math-toc-block anchor-links\"><ul><li><a href=\"#h-melhores-lugares-instagramaveis-em-cusco-peru\" >Melhores Lugares Instagram\u00e1veis em Cusco, Peru<\/a><ul><li><a href=\"#h-plaza-de-armas-de-cusco\" >Plaza de Armas de Cusco<\/a><\/li><li><a href=\"#h-pedra-dos-12-angulos-rua-hatun-rumiyoc\" >Pedra dos 12 \u00c2ngulos \/ Rua Hatun Rumiyoc<\/a><\/li><li><a href=\"#h-bairro-de-san-blas\" >Bairro de San Blas<\/a><\/li><li><a href=\"#h-rua-7-borreguitos\" >Rua 7 Borreguitos<\/a><\/li><li><a href=\"#h-aqueduto-colonial-de-sapantiana\" >Aqueduto Colonial de Sapantiana<\/a><\/li><li><a href=\"#h-mirante-de-san-cristobal\" >Mirante de San Crist\u00f3bal<\/a><\/li><li><a href=\"#h-bosque-de-eucaliptos-em-qenqo\" >Bosque de Eucaliptos em Qenqo<\/a><\/li><li><a href=\"#h-mirante-do-cristo-branco\" >Mirante do Cristo Branco<\/a><\/li><li><a href=\"#h-sacsayhuaman\" >Sacsayhuam\u00e1n<\/a><\/li><li><a href=\"#h-qoricancha\" >Qoricancha<\/a><\/li><li><a href=\"#h-mural-da-historia-de-cusco\" >Mural da Hist\u00f3ria de Cusco<\/a><\/li><\/ul><\/li><li><a href=\"#h-plus\" >Plus<\/a><ul><li><a href=\"#h-convento-la-merced\" >Convento La Merced<\/a><\/li><\/ul><\/li><li><a href=\"#h-o-que-ver-nos-arredores-de-cusco\" >O Que Ver nos Arredores de Cusco<\/a><ul><li><a href=\"#h-machu-picchu\" >Machu Picchu<\/a><\/li><li><a href=\"#h-trilha-inca\" >Trilha Inca<\/a><\/li><li><a href=\"#h-montanha-colorida-vinicunca\" >Montanha Colorida \u2013 Vinicunca<\/a><\/li><li><a href=\"#h-lagoa-humantay\" >Lagoa Humantay<\/a><\/li><li><a href=\"#h-salinas-de-maras-e-moray-vale-sagrado-dos-incas\" >Salinas de Maras e Moray: Vale Sagrado dos Incas<\/a><\/li><\/ul><\/li><li><a href=\"#h-como-otimizar-suas-fotos-em-cusco\" >Como Otimizar Suas Fotos em Cusco<\/a><ul><li><a href=\"#h-1-aproveite-a-luz-perfeita\" >1. Aproveite a Luz Perfeita<\/a><\/li><li><a href=\"#h-2-encontre-os-detalhes-unicos\" >2. Encontre os Detalhes \u00danicos<\/a><\/li><li><a href=\"#h-3-capture-a-experiencia-nao-apenas-o-cenario\" >3. Capture a Experi\u00eancia, N\u00e3o Apenas o Cen\u00e1rio<\/a><\/li><\/ul><\/li><li><a href=\"#h-capture-a-magia-de-cusco\" >Capture a Magia de Cusco<\/a><\/li><li><a href=\"#h-nbsp-voce-pode-estar-interessado\" >\u00a0Voc\u00ea pode estar interessado:<\/a><\/li><\/nav><\/ul><\/div>\n\n\n\n<h2 class=\"wp-block-heading\" id=\"h-melhores-lugares-instagramaveis-em-cusco-peru\">Melhores Lugares Instagram\u00e1veis em Cusco, Peru<\/h2>\n\n\n\n<h3 class=\"wp-block-heading\" id=\"h-plaza-de-armas-de-cusco\">Plaza de Armas de Cusco<\/h3>\n\n\n\n<p>A Plaza de Armas de Cusco est\u00e1 localizada no cora\u00e7\u00e3o da cidade e \u00e9, sem d\u00favida, um dos lugares mais emblem\u00e1ticos do Peru. Voc\u00ea poder\u00e1 desfrutar de vistas panor\u00e2micas das ruas de paralelep\u00edpedos e da cidade antiga, o que a torna um lugar incompar\u00e1vel para tirar fotos.<\/p>\n\n\n\n<p>Voc\u00ea tem excelentes locais para posar e conseguir uma bela lembran\u00e7a fotogr\u00e1fica:<\/p>\n\n\n\n<ul class=\"wp-block-list\">\n<li>Fonte central da Plaza de Armas<\/li>\n\n\n\n<li><a href=\"https:\/\/www.google.com\/maps\/place\/Cusco+Cathedral\/@-13.5164524,-71.9781992,19.25z\/data=!4m14!1m7!3m6!1s0x916dd6736d9ad797:0xf5950f9da0b14369!2sCusco+Cathedral!8m2!3d-13.5161895!4d-71.9778728!16s%2Fm%2F04g2pvn!3m5!1s0x916dd6736d9ad797:0xf5950f9da0b14369!8m2!3d-13.5161895!4d-71.9778728!16s%2Fm%2F04g2pvn?entry=ttu&amp;g_ep=EgoyMDI1MDYzMC4wIKXMDSoASAFQAw%3D%3D\" target=\"_blank\" rel=\"noreferrer noopener nofollow\"><strong>Catedral de Cusco<\/strong><\/a><\/li>\n\n\n\n<li>Igreja da Sagrada Fam\u00edlia (localizada \u00e0 direita da Catedral de Cusco).<\/li>\n\n\n\n<li>Igreja da Companhia de Jesus<\/li>\n\n\n\n<li>Igreja do Triunfo (localizada \u00e0 esquerda da Catedral).<\/li>\n<\/ul>\n\n\n\n<p>Definitivamente, a Plaza de Armas de Cusco \u00e9 um ponto de partida para explorar a cidade e sua rica heran\u00e7a cultural. O lugar perfeito para tirar uma selfie enquanto mergulha em seu passado hist\u00f3rico.<\/p>\n\n\n\n<div class=\"wp-block-columns is-layout-flex wp-container-core-columns-is-layout-9d6595d7 wp-block-columns-is-layout-flex\">\n<div class=\"wp-block-column is-layout-flow wp-block-column-is-layout-flow\"><div class=\"wp-block-image\">\n<figure class=\"aligncenter size-large\"><img loading=\"lazy\" decoding=\"async\" width=\"1024\" height=\"683\" src=\"https:\/\/www.salkantaytrilha.com\/blog\/wp-content\/uploads\/2024\/09\/Melhor-epoca-para-visitar-Cusco-1024x683.jpg\" alt=\"Plaza de Armas da cidade de Cusco\" class=\"wp-image-981\"\/><figcaption class=\"wp-element-caption\">Cidade de Cusco<\/figcaption><\/figure>\n<\/div><\/div>\n<\/div>\n\n\n\n<h3 class=\"wp-block-heading\" id=\"h-pedra-dos-12-angulos-rua-hatun-rumiyoc\">Pedra dos 12 \u00c2ngulos \/ Rua Hatun Rumiyoc<\/h3>\n\n\n\n<p>A poucos minutos da Plaza de Armas, voc\u00ea encontrar\u00e1 este lugar impressionante que \u00e9 muito procurado tanto por fot\u00f3grafos profissionais quanto por visitantes casuais. Este ic\u00f4nico vest\u00edgio arqueol\u00f3gico que se estende pela <a href=\"https:\/\/www.google.com\/maps\/place\/C.+Hatunrumiyoc,+Cusco+08002\/@-13.515864,-71.9759647,17z\/data=!3m1!4b1!4m6!3m5!1s0x916dd60ccf6d29b7:0xe80bbac3d6fc2015!8m2!3d-13.515864!4d-71.9759647!16s%2Fg%2F121nglp2?entry=ttu&amp;g_ep=EgoyMDI1MDYzMC4wIKXMDSoASAFQAw%3D%3D\" target=\"_blank\" rel=\"noreferrer noopener nofollow\"><strong>rua Hatun Rumiyoc<\/strong><\/a> \u00e9 um testemunho vivo da maestria e habilidade da antiga civiliza\u00e7\u00e3o inca na arte de talhar pedra. Hoje em dia, tornou-se uma parada obrigat\u00f3ria para capturar uma foto carregada de hist\u00f3ria e beleza arquitet\u00f4nica durante sua <strong>visita a Cusco<\/strong>. Voc\u00ea n\u00e3o vai querer perder!<\/p>\n\n\n\n<div class=\"wp-block-columns is-layout-flex wp-container-core-columns-is-layout-9d6595d7 wp-block-columns-is-layout-flex\">\n<div class=\"wp-block-column is-layout-flow wp-block-column-is-layout-flow\"><div class=\"wp-block-image\">\n<figure class=\"aligncenter size-full\"><img loading=\"lazy\" decoding=\"async\" width=\"800\" height=\"1000\" src=\"https:\/\/www.salkantaytrilha.com\/blog\/wp-content\/uploads\/2025\/07\/da-pedra-de-12-angulos.jpg\" alt=\"Turista ao lado da pedra de 12 \u00e2ngulos\" class=\"wp-image-3715\"\/><figcaption class=\"wp-element-caption\">Pedra de 12 \u00e2ngulos<\/figcaption><\/figure>\n<\/div><\/div>\n\n\n\n<div class=\"wp-block-column is-layout-flow wp-block-column-is-layout-flow\"><div class=\"wp-block-image\">\n<figure class=\"aligncenter size-full\"><img loading=\"lazy\" decoding=\"async\" width=\"800\" height=\"1000\" src=\"https:\/\/www.salkantaytrilha.com\/blog\/wp-content\/uploads\/2025\/07\/pedra-de-12-angulos.jpg\" alt=\"Turista com poncho andino na pedra de 12 \u00e2ngulos\" class=\"wp-image-3714\"\/><figcaption class=\"wp-element-caption\">Pedra de 12 \u00e2ngulos<\/figcaption><\/figure>\n<\/div><\/div>\n<\/div>\n\n\n\n<h3 class=\"wp-block-heading\" id=\"h-bairro-de-san-blas\">Bairro de San Blas<\/h3>\n\n\n\n<p>O encantador bairro de San Blas fica a 5 minutos a p\u00e9 da Plaza de Armas. Esta \u00e1rea se destaca por sua beleza c\u00eanica e \u00e9 conhecida como &#8220;<strong>o bairro dos artes\u00e3os<\/strong>&#8221; devido \u00e0 sua comunidade criativa e suas caracter\u00edsticas ruas estreitas. San Blas \u00e9 um dos lugares mais pitorescos de Cusco, um destino escolhido por influenciadores e amantes da fotografia que visitam a cidade. Al\u00e9m de seus becos sinuosos, o bairro abriga uma grande variedade de caf\u00e9s aconchegantes, restaurantes e bares, bem como mirantes impressionantes que oferecem vistas panor\u00e2micas da cidade.<\/p>\n\n\n\n<p class=\"green\">Voc\u00ea sabia que em San Blas viveu Hilario Mend\u00edvil, o artes\u00e3o famoso por suas esculturas de santos &#8220;com pesco\u00e7os alongados&#8221; inspirados em lhamas e alpacas? Seu legado ainda \u00e9 preservado na oficina da fam\u00edlia ao lado da pra\u00e7a.<\/p>\n\n\n\n<div class=\"wp-block-columns is-layout-flex wp-container-core-columns-is-layout-9d6595d7 wp-block-columns-is-layout-flex\">\n<div class=\"wp-block-column is-layout-flow wp-block-column-is-layout-flow\"><div class=\"wp-block-image\">\n<figure class=\"aligncenter size-large\"><img loading=\"lazy\" decoding=\"async\" width=\"1024\" height=\"683\" src=\"https:\/\/www.salkantaytrilha.com\/blog\/wp-content\/uploads\/2025\/07\/San-Blas-1-1024x683.jpg\" alt=\"San Blas\" class=\"wp-image-3757\"\/><figcaption class=\"wp-element-caption\">San Blas<\/figcaption><\/figure>\n<\/div><\/div>\n<\/div>\n\n\n\n<h3 class=\"wp-block-heading\" id=\"h-rua-7-borreguitos\">Rua 7 Borreguitos<\/h3>\n\n\n\n<p><a href=\"https:\/\/www.google.com\/maps\/search\/Calle+7+Borreguitos\/@-13.5123967,-71.9783679,20z?entry=ttu&amp;g_ep=EgoyMDI1MDYzMC4wIKXMDSoASAFQAw%3D%3D\" target=\"_blank\" rel=\"noreferrer noopener nofollow\"><strong>A Rua 7 Borreguitos<\/strong><\/a> \u00e9 uma das vias mais antigas e pitorescas de Cusco, uma parada obrigat\u00f3ria em sua visita \u00e0 cidade. Esta rua abriga casas coloniais de cores vivas e \u00e9 lar de numerosos artistas e artes\u00e3os locais. Aqui, voc\u00ea ter\u00e1 a oportunidade de admirar uma variada sele\u00e7\u00e3o de obras de arte e artesanatos que adornam as vitrines das lojas e galerias, e tamb\u00e9m poder\u00e1 levar para casa lembran\u00e7as \u00fanicas e aut\u00eanticas que testemunham sua inesquec\u00edvel <strong>viagem a Cusco<\/strong>.<\/p>\n\n\n\n<div class=\"wp-block-columns is-layout-flex wp-container-core-columns-is-layout-9d6595d7 wp-block-columns-is-layout-flex\">\n<div class=\"wp-block-column is-layout-flow wp-block-column-is-layout-flow\"><div class=\"wp-block-image\">\n<figure class=\"aligncenter size-full\"><img loading=\"lazy\" decoding=\"async\" width=\"800\" height=\"1000\" src=\"https:\/\/www.salkantaytrilha.com\/blog\/wp-content\/uploads\/2025\/05\/7-Borreguitos-Rua.jpg\" alt=\"Turista na rua 7 borreguitos\" class=\"wp-image-3547\"\/><figcaption class=\"wp-element-caption\">7 Borreguitos Rua<\/figcaption><\/figure>\n<\/div><\/div>\n\n\n\n<div class=\"wp-block-column is-layout-flow wp-block-column-is-layout-flow\"><div class=\"wp-block-image\">\n<figure class=\"aligncenter size-full\"><img loading=\"lazy\" decoding=\"async\" width=\"800\" height=\"1000\" src=\"https:\/\/www.salkantaytrilha.com\/blog\/wp-content\/uploads\/2025\/07\/Rua-Borreguitos-7.jpg\" alt=\"Rua Borreguitos 7 em San Blas\" class=\"wp-image-3710\"\/><figcaption class=\"wp-element-caption\">Rua Borreguitos 7<\/figcaption><\/figure>\n<\/div><\/div>\n<\/div>\n\n\n\n<h3 class=\"wp-block-heading\" id=\"h-aqueduto-colonial-de-sapantiana\">Aqueduto Colonial de Sapantiana<\/h3>\n\n\n\n<p><a href=\"https:\/\/www.google.com\/maps\/search\/El+acueducto+de+Sapantiana\/@-13.5120376,-71.9787284,19.5z?entry=ttu&amp;g_ep=EgoyMDI1MDYzMC4wIKXMDSoASAFQAw%3D%3D\" target=\"_blank\" rel=\"noreferrer noopener nofollow\"><strong>O aqueduto de Sapantiana<\/strong><\/a> \u00e9 um tesouro arquitet\u00f4nico localizado a cerca de 15 minutos da Plaza de Armas de Cusco (entre os bairros tradicionais de San Blas e San Crist\u00f3bal). Possui tr\u00eas n\u00edveis de arcos semelhantes aos de uma ponte e est\u00e1 constru\u00eddo sobre o rio Saphi, que desce de Sacsayhuam\u00e1n.<\/p>\n\n\n\n<p>Embora esteja presente na cidade h\u00e1 s\u00e9culos, foi redescoberto durante a pandemia, em meados de 2020, ganhando a aten\u00e7\u00e3o que merece. Este local se tornou um fen\u00f4meno viral nas redes sociais. Voc\u00ea pode fazer uma <a href=\"https:\/\/www.salkantaytrilha.com\/tradicional\/passeios-1-dia-cusco\/descobrindo-cusco-pe\/\"><strong>excurs\u00e3o a p\u00e9 de meio dia<\/strong><\/a> para conhecer Sapantiana e outros dos principais atrativos da cidade.<\/p>\n\n\n\n<div class=\"wp-block-columns is-layout-flex wp-container-core-columns-is-layout-9d6595d7 wp-block-columns-is-layout-flex\">\n<div class=\"wp-block-column is-layout-flow wp-block-column-is-layout-flow\"><div class=\"wp-block-image\">\n<figure class=\"aligncenter size-full\"><img loading=\"lazy\" decoding=\"async\" width=\"800\" height=\"1000\" src=\"https:\/\/www.salkantaytrilha.com\/blog\/wp-content\/uploads\/2025\/07\/Ponte-Sapantiana.jpg\" alt=\"Aqueduto Colonial de Sapantiana em San Blas\" class=\"wp-image-3711\"\/><figcaption class=\"wp-element-caption\">Aqueduto Colonial de Sapantiana<\/figcaption><\/figure>\n<\/div><\/div>\n\n\n\n<div class=\"wp-block-column is-layout-flow wp-block-column-is-layout-flow\"><div class=\"wp-block-image\">\n<figure class=\"aligncenter size-full\"><img loading=\"lazy\" decoding=\"async\" width=\"800\" height=\"1000\" src=\"https:\/\/www.salkantaytrilha.com\/blog\/wp-content\/uploads\/2025\/07\/Aqueduto-Colonial-de-Sapantiana-@shey.alma_.aventurera.jpg\" alt=\"Aqueduto Colonial de Sapantiana | @shey.alma.aventurera\" class=\"wp-image-4015\"\/><figcaption class=\"wp-element-caption\">Aqueduto Colonial de Sapantiana | @shey.alma.aventurera<\/figcaption><\/figure>\n<\/div><\/div>\n<\/div>\n\n\n\n<h3 class=\"wp-block-heading\" id=\"h-mirante-de-san-cristobal\">Mirante de San Crist\u00f3bal<\/h3>\n\n\n\n<p>Para uma experi\u00eancia inesquec\u00edvel em Cusco, recomendamos ir ao <a href=\"https:\/\/www.google.com\/maps\/place\/Mirador+de+S%C3%A1n+Cristobal\/@-13.5134877,-71.979784,20z\/data=!4m6!3m5!1s0x916dd672423fffff:0x4e4e2fd101f699a2!8m2!3d-13.5134241!4d-71.9796813!16s%2Fg%2F11bx8hlzsm?entry=ttu&amp;g_ep=EgoyMDI1MDYzMC4wIKXMDSoASAFQAw%3D%3D\" target=\"_blank\" rel=\"noreferrer noopener nofollow\"><strong>Mirante de San Crist\u00f3bal<\/strong><\/a>, localizado no bairro de mesmo nome. A poucos minutos a p\u00e9 da Plaza de Armas, voc\u00ea poder\u00e1 desfrutar de uma vista panor\u00e2mica espetacular da cidade.<\/p>\n\n\n\n<p>Voc\u00ea pode subir a esse lugar \u00e0 tarde para apreciar o lindo p\u00f4r do sol que se estende at\u00e9 o horizonte e pinta o c\u00e9u com cores quentes. Ent\u00e3o, se voc\u00ea est\u00e1 procurando um lugar para contemplar a majestade de Cusco do alto, o Mirante de San Crist\u00f3bal \u00e9 uma parada obrigat\u00f3ria em seu itiner\u00e1rio, ideal para capturar fotografias memor\u00e1veis durante sua <a href=\"https:\/\/www.salkantaytrilha.com\/blog\/por-que-o-peru-sera-o-seu-proximo-destino-de-viagem-em-2025\/\"><strong>visita ao Peru<\/strong><\/a>.<\/p>\n\n\n\n<div class=\"wp-block-columns is-layout-flex wp-container-core-columns-is-layout-9d6595d7 wp-block-columns-is-layout-flex\">\n<div class=\"wp-block-column is-layout-flow wp-block-column-is-layout-flow\"><div class=\"wp-block-image\">\n<figure class=\"aligncenter size-full\"><img loading=\"lazy\" decoding=\"async\" width=\"1024\" height=\"666\" src=\"https:\/\/www.salkantaytrilha.com\/blog\/wp-content\/uploads\/2024\/11\/san-cristobal-1024x666-1.jpg\" alt=\"Mirante de San Crist\u00f3bal\" class=\"wp-image-1581\"\/><figcaption class=\"wp-element-caption\">Mirante de San Crist\u00f3bal<\/figcaption><\/figure>\n<\/div><\/div>\n<\/div>\n\n\n\n<h3 class=\"wp-block-heading\" id=\"h-bosque-de-eucaliptos-em-qenqo\">Bosque de Eucaliptos em Qenqo<\/h3>\n\n\n\n<p>Se voc\u00ea \u00e9 amante da natureza, o Bosque de Eucaliptos em Qenqo \u00e9 um tesouro natural que combina a beleza das \u00e1rvores de eucalipto com a magia das vistas panor\u00e2micas. Se deseja se afastar da cidade sem ir muito longe, \u00e9 o lugar perfeito para relaxar e se conectar com a natureza. Muitos visitantes aproveitam as \u00e1reas de piquenique no bosque para descansar e desfrutar de um almo\u00e7o ao ar livre. \u00c9 um lugar perfeito para saborear a comida em um ambiente natural. Sem d\u00favida, \u00e9 uma joia que voc\u00ea deve descobrir em sua <strong>visita a Cusco.<\/strong> N\u00e3o deixe de inclu\u00ed-la em seu itiner\u00e1rio e capture a magia deste lugar com sua c\u00e2mera!<\/p>\n\n\n\n<div class=\"wp-block-columns is-layout-flex wp-container-core-columns-is-layout-9d6595d7 wp-block-columns-is-layout-flex\">\n<div class=\"wp-block-column is-layout-flow wp-block-column-is-layout-flow\"><div class=\"wp-block-image\">\n<figure class=\"aligncenter size-full\"><img loading=\"lazy\" decoding=\"async\" width=\"800\" height=\"1000\" src=\"https:\/\/www.salkantaytrilha.com\/blog\/wp-content\/uploads\/2025\/07\/A-floresta-de-Qenqo-@andreasophiani.jpg\" alt=\"A floresta de Q'enqo | @andreasophiani\" class=\"wp-image-3928\"\/><figcaption class=\"wp-element-caption\">A floresta de Q&#8217;enqo | @andreasophiani<\/figcaption><\/figure>\n<\/div><\/div>\n\n\n\n<div class=\"wp-block-column is-layout-flow wp-block-column-is-layout-flow\"><div class=\"wp-block-image\">\n<figure class=\"aligncenter size-full\"><img loading=\"lazy\" decoding=\"async\" width=\"800\" height=\"1000\" src=\"https:\/\/www.salkantaytrilha.com\/blog\/wp-content\/uploads\/2025\/07\/Bosque-Eucaliptos-Qenqo.jpg\" alt=\"Bosque de Eucaliptos em Qenqo | @danielbonifazz | @mafeosterling\" class=\"wp-image-4018\"\/><figcaption class=\"wp-element-caption\">Bosque de Eucaliptos em Qenqo | @danielbonifazz | @mafeosterling<\/figcaption><\/figure>\n<\/div><\/div>\n<\/div>\n\n\n\n<h3 class=\"wp-block-heading\" id=\"h-mirante-do-cristo-branco\">Mirante do Cristo Branco<\/h3>\n\n\n\n<p><a href=\"https:\/\/www.google.com\/maps\/place\/Mirador+desde+el+Cristo+Blanco\/@-13.5097435,-71.9792036,18z\/data=!4m6!3m5!1s0x916dd66d04feffff:0x44319e3f05b6130!8m2!3d-13.5096406!4d-71.9781159!16s%2Fg%2F11bx8j2fm0?entry=ttu&amp;g_ep=EgoyMDI1MDYzMC4wIKXMDSoASAFQAw%3D%3D\" target=\"_blank\" rel=\"noreferrer noopener nofollow\"><strong>O monumento do Cristo Branco<\/strong><\/a> \u00e9 um dos \u00edcones mais inconfund\u00edveis da paisagem de Cusco e, ao mesmo tempo, \u00e9 um dos locais mais ideais para ser imortalizado em suas redes sociais. Este mirante est\u00e1 localizado ao lado da fortaleza de Sacsayhuam\u00e1n e oferece uma vista panor\u00e2mica verdadeiramente deslumbrante da cidade.<\/p>\n\n\n\n<p>N\u00e3o \u00e9 apenas uma oportunidade para apreciar a beleza da cidade do alto, mas tamb\u00e9m um lugar de reflex\u00e3o e espiritualidade que adiciona profundidade \u00e0 sua experi\u00eancia em Cusco. Anime-se a presenciar a majestade desta escultura ic\u00f4nica e a imortalizar este m\u00e1gico p\u00f4r do sol em suas fotografias.<\/p>\n\n\n\n<div class=\"wp-block-columns is-layout-flex wp-container-core-columns-is-layout-9d6595d7 wp-block-columns-is-layout-flex\">\n<div class=\"wp-block-column is-layout-flow wp-block-column-is-layout-flow\"><div class=\"wp-block-image\">\n<figure class=\"aligncenter size-full\"><img loading=\"lazy\" decoding=\"async\" width=\"920\" height=\"613\" src=\"https:\/\/www.salkantaytrilha.com\/blog\/wp-content\/uploads\/2025\/07\/Mirante-do-Cristo-Branco.jpg\" alt=\"Mirante do Cristo Branco\" class=\"wp-image-4020\"\/><figcaption class=\"wp-element-caption\">Mirante do Cristo Branco<\/figcaption><\/figure>\n<\/div><\/div>\n<\/div>\n\n\n\n<h3 class=\"wp-block-heading\" id=\"h-sacsayhuaman\">Sacsayhuam\u00e1n<\/h3>\n\n\n\n<p>As ru\u00ednas de <a href=\"https:\/\/www.salkantaytrilha.com\/blog\/sacsayhuaman-o-guia-completo\/\"><strong>Sacsayhuam\u00e1n<\/strong><\/a> n\u00e3o s\u00e3o apenas uma liga\u00e7\u00e3o direta com o passado inca, mas tamb\u00e9m um local perfeito para encantar seus seguidores no Instagram e em outras redes sociais. Estas impressionantes estruturas de pedra cuidadosamente encaixadas sem o uso de argamassa s\u00e3o um testemunho da engenharia inca.<\/p>\n\n\n\n<p>Enquanto <a href=\"https:\/\/www.salkantaytrilha.com\/tradicional\/cusco\/city-tour-cusco\/\"><strong>explora Sacsayhuam\u00e1n<\/strong><\/a>, voc\u00ea se ver\u00e1 envolvido em uma atmosfera de misticismo e majestade. A magnitude das pedras e sua precis\u00e3o ao se encaixar umas nas outras s\u00e3o um verdadeiro prod\u00edgio arquitet\u00f4nico. Voc\u00ea ficar\u00e1 maravilhado com a destreza com que os incas constru\u00edram este s\u00edtio monumental.<\/p>\n\n\n\n<div class=\"wp-block-columns is-layout-flex wp-container-core-columns-is-layout-9d6595d7 wp-block-columns-is-layout-flex\">\n<div class=\"wp-block-column is-layout-flow wp-block-column-is-layout-flow\"><div class=\"wp-block-image\">\n<figure class=\"aligncenter size-full\"><img loading=\"lazy\" decoding=\"async\" width=\"800\" height=\"1000\" src=\"https:\/\/www.salkantaytrilha.com\/blog\/wp-content\/uploads\/2025\/05\/Sacsayhuaman-2.jpg\" alt=\"Dois turistas no s\u00edtio arqueol\u00f3gico de Sacsayhuaman\" class=\"wp-image-3544\"\/><figcaption class=\"wp-element-caption\">S\u00edtio Arqueol\u00f3gico de Sacsayhuaman<\/figcaption><\/figure>\n<\/div><\/div>\n\n\n\n<div class=\"wp-block-column is-layout-flow wp-block-column-is-layout-flow\"><div class=\"wp-block-image\">\n<figure class=\"aligncenter size-full\"><img loading=\"lazy\" decoding=\"async\" width=\"800\" height=\"1000\" src=\"https:\/\/www.salkantaytrilha.com\/blog\/wp-content\/uploads\/2024\/10\/Sacsayhuaman-archaeological-site.jpg\" alt=\"Turista tirando uma foto do s\u00edtio arqueol\u00f3gico de Saqsayhuam\u00e1n\" class=\"wp-image-1318\"\/><figcaption class=\"wp-element-caption\">S\u00edtio arqueol\u00f3gico de Saqsayhuam\u00e1n.<\/figcaption><\/figure>\n<\/div><\/div>\n<\/div>\n\n\n\n<h3 class=\"wp-block-heading\" id=\"h-qoricancha\">Qoricancha<\/h3>\n\n\n\n<p><strong>Qoricancha<\/strong> ou <strong>Templo do Sol<\/strong> \u00e9 um lugar emblem\u00e1tico de Cusco que, al\u00e9m de sua import\u00e2ncia hist\u00f3rica, oferece oportunidades \u00fanicas para compartilhar em suas redes sociais. Este local foi um dos templos mais relevantes da civiliza\u00e7\u00e3o inca, onde se venerava o Deus Sol. Embora grande parte do templo original tenha desaparecido, j\u00e1 que o <a href=\"https:\/\/www.google.com\/maps\/place\/Convento+%22Santo+Domingo%22+Padres+Dominicos+Noviciado+Despacho+Conventual\/@-13.5205361,-71.9752764,18.25z\/data=!4m10!1m2!2m1!1sConvento+de+Santo+Domingo!3m6!1s0x916dd60ac4eaf2c7:0xcad6cab5ac655cca!8m2!3d-13.5208485!4d-71.9746786!15sChlDb252ZW50byBkZSBTYW50byBEb21pbmdvkgEVcmVsaWdpb3VzX2luc3RpdHV0aW9uqgFBEAEyHhABIhr-dzUVQ0uQ3zsHZb6vaAyAsQq60ICW8UkrxTIdEAIiGWNvbnZlbnRvIGRlIHNhbnRvIGRvbWluZ2_gAQA!16s%2Fg%2F11rgbst3gg?entry=ttu&amp;g_ep=EgoyMDI1MDYzMC4wIKXMDSoASAFQAw%3D%3D\" target=\"_blank\" rel=\"noreferrer noopener nofollow\"><strong>Convento de Santo Domingo<\/strong><\/a> foi constru\u00eddo sobre seus alicerces, hoje ele foi transformado em um museu que revela uma fascinante mistura entre a heran\u00e7a inca e a arquitetura colonial.<\/p>\n\n\n\n<p><a href=\"https:\/\/www.salkantaytrilha.com\/blog\/qorikancha-templo-do-sol\/\"><strong>O templo de Qoricancha<\/strong><\/a> est\u00e1 na avenida principal do centro da cidade (<a href=\"https:\/\/www.salkantaytrilha.com\/blog\/avenida-el-sol-a-principal-rua-de-cusco\/\"><strong>Av. El Sol<\/strong><\/a>) e \u00e9 uma oportunidade para conhecer a arquitetura inca e a arte religiosa, enquanto voc\u00ea captura em fotografias espetaculares a rica hist\u00f3ria de Cusco.<\/p>\n\n\n\n<div class=\"wp-block-columns is-layout-flex wp-container-core-columns-is-layout-9d6595d7 wp-block-columns-is-layout-flex\">\n<div class=\"wp-block-column is-layout-flow wp-block-column-is-layout-flow\"><div class=\"wp-block-image\">\n<figure class=\"aligncenter size-full\"><img loading=\"lazy\" decoding=\"async\" width=\"800\" height=\"1000\" src=\"https:\/\/www.salkantaytrilha.com\/blog\/wp-content\/uploads\/2024\/11\/Qoricancha-o-templo-do-sol.jpg\" alt=\"Turista no Templo do Sol de Qoricancha em Cusco\" class=\"wp-image-1673\"\/><figcaption class=\"wp-element-caption\">Qoricancha | @talia.escamilo<\/figcaption><\/figure>\n<\/div><\/div>\n\n\n\n<div class=\"wp-block-column is-layout-flow wp-block-column-is-layout-flow\"><div class=\"wp-block-image\">\n<figure class=\"aligncenter size-full\"><img loading=\"lazy\" decoding=\"async\" width=\"800\" height=\"1000\" src=\"https:\/\/www.salkantaytrilha.com\/blog\/wp-content\/uploads\/2024\/11\/qoricancha-Cusco.jpg\" alt=\"Pessoa no Templo de Qoricancha em Cuzco\" class=\"wp-image-1677\"\/><figcaption class=\"wp-element-caption\">Qoricancha<\/figcaption><\/figure>\n<\/div><\/div>\n<\/div>\n\n\n\n<h3 class=\"wp-block-heading\" id=\"h-mural-da-historia-de-cusco\">Mural da Hist\u00f3ria de Cusco<\/h3>\n\n\n\n<p>A poucos passos do Templo de Qoricancha, voc\u00ea encontrar\u00e1 um mural que mostra uma narrativa visual desde a \u00e9poca pr\u00e9-inca at\u00e9 a chegada dos espanh\u00f3is. Este lugar n\u00e3o \u00e9 apenas uma impressionante obra de arte, mas tamb\u00e9m encapsula a hist\u00f3ria e a cultura de maneira visualmente cativante.<\/p>\n\n\n\n<p>As cores e detalhes minuciosamente pintados fazem com que cada canto do mural mere\u00e7a ser capturado em uma fotografia. Este destino instagram\u00e1vel em Cusco \u00e9 um testamento visual da hist\u00f3ria e cultura da cidade que merece ser compartilhado e apreciado em todo o mundo. Desafio: encontre a coruja negra com olhos vermelhos. Boa sorte!<\/p>\n\n\n\n<h2 class=\"wp-block-heading\" id=\"h-plus\">Plus<\/h2>\n\n\n\n<h3 class=\"wp-block-heading\" id=\"h-convento-la-merced\">Convento La Merced<\/h3>\n\n\n\n<p>O <a href=\"https:\/\/www.google.com\/maps\/place\/Convento+La+Merced+Cusco\/@-13.5183375,-71.9794065,18.75z\/data=!4m6!3m5!1s0x916dd6747af830e1:0x4a08d46bb208a626!8m2!3d-13.5180333!4d-71.9793044!16s%2Fg%2F11hf39p38z?entry=ttu&amp;g_ep=EgoyMDI1MDYzMC4wIKXMDSoASAFQAw%3D%3D\" target=\"_blank\" rel=\"noreferrer noopener nofollow\"><strong>Convento La Merced<\/strong><\/a> est\u00e1 a apenas algumas quadras da Plaza de Armas e \u00e9 um presente visual que combina os estilos barroco e renascentista. Um de seus destaques \u00e9 o claustro principal, um verdadeiro o\u00e1sis de serenidade e beleza. Suas galerias rodeiam um jardim que \u00e9 uma fonte constante de inspira\u00e7\u00e3o. As colunas elegantes, os arcos e as pinturas murais no claustro permitem a cria\u00e7\u00e3o de composi\u00e7\u00f5es visuais \u00fanicas e cativantes.<\/p>\n\n\n\n<p>Aqui voc\u00ea encontrar\u00e1 uma arquitetura deslumbrante, um ambiente tranquilo e uma hist\u00f3ria enriquecedora, o que o torna o cen\u00e1rio perfeito para compartilhar a beleza de Cusco nas redes sociais e documentar sua viagem de uma forma inesquec\u00edvel.<\/p>\n\n\n\n<div class=\"wp-block-columns is-layout-flex wp-container-core-columns-is-layout-9d6595d7 wp-block-columns-is-layout-flex\">\n<div class=\"wp-block-column is-layout-flow wp-block-column-is-layout-flow\"><div class=\"wp-block-image\">\n<figure class=\"aligncenter size-full\"><img loading=\"lazy\" decoding=\"async\" width=\"800\" height=\"1000\" src=\"https:\/\/www.salkantaytrilha.com\/blog\/wp-content\/uploads\/2024\/11\/La-Merced-em-Cusco.jpg\" alt=\"La Merced em Cusco\" class=\"wp-image-1681\"\/><figcaption class=\"wp-element-caption\">La Merced em Cusco<\/figcaption><\/figure>\n<\/div><\/div>\n\n\n\n<div class=\"wp-block-column is-layout-flow wp-block-column-is-layout-flow\"><div class=\"wp-block-image\">\n<figure class=\"aligncenter size-full\"><img loading=\"lazy\" decoding=\"async\" width=\"800\" height=\"1000\" src=\"https:\/\/www.salkantaytrilha.com\/blog\/wp-content\/uploads\/2024\/11\/Convento-de-La-Merced.jpg\" alt=\"Convento de La Merced\" class=\"wp-image-1680\"\/><figcaption class=\"wp-element-caption\">Convento de La Merced<\/figcaption><\/figure>\n<\/div><\/div>\n<\/div>\n\n\n\n<h2 class=\"wp-block-heading\" id=\"h-o-que-ver-nos-arredores-de-cusco\">O Que Ver nos Arredores de Cusco<\/h2>\n\n\n\n<h3 class=\"wp-block-heading\" id=\"h-machu-picchu\">Machu Picchu<\/h3>\n\n\n\n<p><strong>O s\u00edtio arqueol\u00f3gico de Machu Picchu<\/strong> \u00e9 mais do que apenas uma beleza natural. \u00c9 indiscutivelmente o lugar mais instagram\u00e1vel do planeta. Sua rica hist\u00f3ria, seu legado inca e seu mist\u00e9rio cativaram gera\u00e7\u00f5es, e compartilhar seu esplendor no Instagram n\u00e3o \u00e9 apenas uma quest\u00e3o de capturar imagens impressionantes, mas tamb\u00e9m de expressar admira\u00e7\u00e3o por uma civiliza\u00e7\u00e3o antiga.<\/p>\n\n\n\n<p>Recomendamos escolher um dos incr\u00edveis <a href=\"https:\/\/www.salkantaytrilha.com\/viagem-machu-picchu\/\"><strong>tours para Machu Picchu<\/strong><\/a> para chegar a este lugar sagrado e tirar as melhores fotos criativas enquanto mergulha na hist\u00f3ria do Peru. \u00c9 simplesmente es-pec-ta-cu-lar!<\/p>\n\n\n\n<div class=\"wp-block-columns is-layout-flex wp-container-core-columns-is-layout-9d6595d7 wp-block-columns-is-layout-flex\">\n<div class=\"wp-block-column is-layout-flow wp-block-column-is-layout-flow\"><div class=\"wp-block-image\">\n<figure class=\"aligncenter size-large\"><img loading=\"lazy\" decoding=\"async\" width=\"1024\" height=\"683\" src=\"https:\/\/www.salkantaytrilha.com\/blog\/wp-content\/uploads\/2025\/05\/Machu-Picchu-1024x683.jpg\" alt=\"Cidadela inca de Machu Picchu\" class=\"wp-image-3508\"\/><figcaption class=\"wp-element-caption\">Cidadela inca de Machu Picchu<\/figcaption><\/figure>\n<\/div><\/div>\n<\/div>\n\n\n\n<h3 class=\"wp-block-heading\" id=\"h-trilha-inca\">Trilha Inca<\/h3>\n\n\n\n<p>As vistas panor\u00e2micas ao longo da <a href=\"https:\/\/www.salkantaytrilha.com\/trilhas-peru\/trilha-inca\/trilha-inca-classica-machu-picchu\/\"><strong>Trilha Inca at\u00e9 Machu Picchu<\/strong><\/a> s\u00e3o simplesmente impressionantes. Al\u00e9m disso, esse antigo caminho que segue os passos dos incas oferece uma combina\u00e7\u00e3o perfeita de beleza natural, hist\u00f3ria e aventura, tornando-se um cen\u00e1rio visualmente cativante.<\/p>\n\n\n\n<p>Compartilhar fotos enquanto cruza pontes suspensas, explora selvas exuberantes e se conecta com a natureza pura adiciona uma dimens\u00e3o extra \u00e0s suas imagens. Cada clique captura a emo\u00e7\u00e3o e a satisfa\u00e7\u00e3o de conquistar um desafio f\u00edsico e emocional.<\/p>\n\n\n\n<div class=\"wp-block-columns is-layout-flex wp-container-core-columns-is-layout-9d6595d7 wp-block-columns-is-layout-flex\">\n<div class=\"wp-block-column is-layout-flow wp-block-column-is-layout-flow\"><div class=\"wp-block-image\">\n<figure class=\"aligncenter size-large\"><img loading=\"lazy\" decoding=\"async\" width=\"1024\" height=\"683\" src=\"https:\/\/www.salkantaytrilha.com\/blog\/wp-content\/uploads\/2025\/03\/Phuyupatamarka-Trilha-Inca-1024x683.jpg\" alt=\"Turistas no s\u00edtio arqueol\u00f3gico de Phuyupatamarka, na Trilha Inca\" class=\"wp-image-2857\"\/><figcaption class=\"wp-element-caption\">Trilha Inca<\/figcaption><\/figure>\n<\/div><\/div>\n<\/div>\n\n\n\n<h3 class=\"wp-block-heading\" id=\"h-montanha-colorida-vinicunca\">Montanha Colorida \u2013 Vinicunca<\/h3>\n\n\n\n<p>A <strong>Montanha Colorida <\/strong>ou <strong>Vinicunca<\/strong> \u00e9 um tesouro natural que se tornou um destino instagram\u00e1vel por excel\u00eancia em Cusco, Peru. Est\u00e1 a 5.200 metros acima do n\u00edvel do mar, nos Andes peruanos, e oferece uma paleta de cores que parece sa\u00edda de uma pintura. A <a href=\"https:\/\/www.salkantaytrilha.com\/tradicional\/cusco\/montanha-colorida\/\"><strong>trilha<\/strong><\/a> at\u00e9 a <strong>Montanha Colorida<\/strong> \u00e9 desafiadora, o que adiciona uma dose de aventura a qualquer foto compartilhada nas redes sociais. Voc\u00ea poder\u00e1 registrar sua pr\u00f3pria jornada enquanto sobe grandes altitudes at\u00e9 finalmente alcan\u00e7ar o topo, onde ser\u00e1 recompensado com vistas panor\u00e2micas.<\/p>\n\n\n\n<div class=\"wp-block-columns is-layout-flex wp-container-core-columns-is-layout-9d6595d7 wp-block-columns-is-layout-flex\">\n<div class=\"wp-block-column is-layout-flow wp-block-column-is-layout-flow\"><div class=\"wp-block-image\">\n<figure class=\"aligncenter size-large\"><img loading=\"lazy\" decoding=\"async\" width=\"1024\" height=\"683\" src=\"https:\/\/www.salkantaytrilha.com\/blog\/wp-content\/uploads\/2024\/07\/Vinicunca-da-Montanha-do-Arco-Iris-1024x683.jpg\" alt=\"Uma pessoa sentada olhando para a montanha colorida de Vinicunca\" class=\"wp-image-449\"\/><figcaption class=\"wp-element-caption\">Montanha colorida de Vinicunca<\/figcaption><\/figure>\n<\/div><\/div>\n<\/div>\n\n\n\n<h3 class=\"wp-block-heading\" id=\"h-lagoa-humantay\">Lagoa Humantay<\/h3>\n\n\n\n<p>A <a href=\"https:\/\/www.salkantaytrilha.com\/tradicional\/cusco\/lagoa-humantay-tour-1-dia\/\"><strong>Lagoa Humantay<\/strong><\/a> \u00e9, sem d\u00favida, um dos melhores lugares instagram\u00e1veis de Cusco, Peru. Sua \u00e1gua cristalina reflete o c\u00e9u azul e as montanhas ao redor, criando uma cena digna de cart\u00e3o-postal irresist\u00edvel para qualquer fotografia. Localizada em Mollepata, na prov\u00edncia de Anta, \u00e9 poss\u00edvel chegar a este lugar m\u00e1gico em uma caminhada de aproximadamente 3 horas a partir do ponto de Soraypampa.<\/p>\n\n\n\n<p>Milhares de viajantes chegam a este lugar sagrado realizando a <a href=\"https:\/\/www.salkantaytrilha.com\/trilhas-peru\/salkantay\/trilha-salkantay-classica\/\"><strong>Trilha Salkantay at\u00e9 Machu Picchu<\/strong><\/a>, onde no primeiro dia sobem para apreciar a Lagoa Humantay e desfrutar da natureza aos p\u00e9s do nevado Humantay.<\/p>\n\n\n\n<div class=\"wp-block-columns is-layout-flex wp-container-core-columns-is-layout-9d6595d7 wp-block-columns-is-layout-flex\">\n<div class=\"wp-block-column is-layout-flow wp-block-column-is-layout-flow\"><div class=\"wp-block-image\">\n<figure class=\"aligncenter size-full\"><img loading=\"lazy\" decoding=\"async\" width=\"800\" height=\"1000\" src=\"https:\/\/www.salkantaytrilha.com\/blog\/wp-content\/uploads\/2025\/06\/Lagoa-Humantay.jpg\" alt=\"Dois turistas na lagoa Humantay\" class=\"wp-image-3602\"\/><figcaption class=\"wp-element-caption\">Lagoa Humantay<\/figcaption><\/figure>\n<\/div><\/div>\n\n\n\n<div class=\"wp-block-column is-layout-flow wp-block-column-is-layout-flow\"><div class=\"wp-block-image\">\n<figure class=\"aligncenter size-full\"><img loading=\"lazy\" decoding=\"async\" width=\"800\" height=\"1000\" src=\"https:\/\/www.salkantaytrilha.com\/blog\/wp-content\/uploads\/2024\/10\/Laguna-Humantay.jpg\" alt=\"Turista em frente \u00e0s \u00e1guas azul-turquesa da Lagoa Humantay\" class=\"wp-image-1411\"\/><figcaption class=\"wp-element-caption\">Lagoa Humantay<\/figcaption><\/figure>\n<\/div><\/div>\n<\/div>\n\n\n\n<h3 class=\"wp-block-heading\" id=\"h-salinas-de-maras-e-moray-vale-sagrado-dos-incas\">Salinas de Maras e Moray: Vale Sagrado dos Incas<\/h3>\n\n\n\n<p><a href=\"https:\/\/www.salkantaytrilha.com\/tradicional\/passeios-1-dia-cusco\/salineras-maras-moray\/\"><strong>As Salinas de Maras e os terra\u00e7os circulares de Moray<\/strong><\/a>, em Cusco, s\u00e3o, sem d\u00favida, destinos instagram\u00e1veis por excel\u00eancia. Esses lugares despertam a imagina\u00e7\u00e3o e capturam a aten\u00e7\u00e3o de amantes da fotografia e viajantes em busca de experi\u00eancias visuais \u00fanicas.<\/p>\n\n\n\n<p>As milhares de piscinas de sal das <strong>Salinas de Maras<\/strong> criam um mosaico visual impressionante. \u00c9 um lugar que mergulha voc\u00ea em uma experi\u00eancia de cores e texturas inesquec\u00edvel. Por outro lado, os <strong>terra\u00e7os circulares de Moray<\/strong> s\u00e3o um enigma arqueol\u00f3gico e uma obra de engenharia que desafia a l\u00f3gica. Al\u00e9m disso, sua hist\u00f3ria e mist\u00e9rio adicionam uma dimens\u00e3o extra a qualquer imagem registrada ali. Explore este <a href=\"https:\/\/www.salkantaytrilha.com\/tradicional\/passeios-1-dia-cusco\/tour-vip-vale-sagrado-incas\/\"><strong>super tour<\/strong><\/a> pelo <strong>Vale Sagrado dos Incas<\/strong>.<\/p>\n\n\n\n<div class=\"wp-block-columns is-layout-flex wp-container-core-columns-is-layout-9d6595d7 wp-block-columns-is-layout-flex\">\n<div class=\"wp-block-column is-layout-flow wp-block-column-is-layout-flow\"><div class=\"wp-block-image\">\n<figure class=\"aligncenter size-full\"><img loading=\"lazy\" decoding=\"async\" width=\"800\" height=\"1000\" src=\"https:\/\/www.salkantaytrilha.com\/blog\/wp-content\/uploads\/2024\/10\/Salt-Mines-of-Maras-Cusco.jpg\" alt=\"Casal nas Minas de Sal de Maras.\" class=\"wp-image-1346\"\/><figcaption class=\"wp-element-caption\">Minas de Sal de Maras<\/figcaption><\/figure>\n<\/div><\/div>\n\n\n\n<div class=\"wp-block-column is-layout-flow wp-block-column-is-layout-flow\"><div class=\"wp-block-image\">\n<figure class=\"aligncenter size-full\"><img loading=\"lazy\" decoding=\"async\" width=\"800\" height=\"1000\" src=\"https:\/\/www.salkantaytrilha.com\/blog\/wp-content\/uploads\/2024\/10\/moray.jpg\" alt=\"Turista usando um poncho andino em Moray, um laborat\u00f3rio agr\u00edcola que testou diferentes climas em diferentes tipos de culturas.\" class=\"wp-image-1128\"\/><figcaption class=\"wp-element-caption\">Moray, o laborat\u00f3rio agr\u00edcola<\/figcaption><\/figure>\n<\/div><\/div>\n<\/div>\n\n\n\n<p class=\"green\">\ud83d\udc49 <em>Dica de viagem: Se voc\u00ea pretende ficar pouco tempo na cidade, este roteiro de 2 dias em Cusco vai ajudar a n\u00e3o perder o essencial.<\/em><\/p>\n\n\n\n<h2 class=\"wp-block-heading\" id=\"h-como-otimizar-suas-fotos-em-cusco\">Como Otimizar Suas Fotos em Cusco<\/h2>\n\n\n\n<p>Cusco n\u00e3o \u00e9 apenas um destino que encanta com sua hist\u00f3ria e paisagens, tamb\u00e9m \u00e9 um para\u00edso visual que merece ser imortalizado com inten\u00e7\u00e3o. Para capturar a verdadeira magia desta cidade ancestral e conseguir fotos memor\u00e1veis, considere estas dicas inspiradas nos lugares destacados neste blog:<\/p>\n\n\n\n<h3 class=\"wp-block-heading\" id=\"h-1-aproveite-a-luz-perfeita\">1. Aproveite a Luz Perfeita<\/h3>\n\n\n\n<p>A luz natural \u00e9 sua melhor aliada. A &#8220;hora dourada&#8221;, logo ap\u00f3s o nascer ou antes do p\u00f4r do sol, banha a cidade com uma luz suave e quente. Lugares como o Mirante de San Crist\u00f3bal ou o Cristo Branco s\u00e3o ideais ao entardecer, quando o c\u00e9u se pinta de cores vibrantes e cada clique se torna m\u00e1gico. Se poss\u00edvel, planeje suas visitas para coincidir com esses momentos dourados.<\/p>\n\n\n\n<h3 class=\"wp-block-heading\" id=\"h-2-encontre-os-detalhes-unicos\">2. Encontre os Detalhes \u00danicos<\/h3>\n\n\n\n<p>Nem tudo se resume a grandes paisagens: os detalhes falam por si. Na Rua 7 Borreguitos, foque sua lente nas casas coloniais de cores vivas; no Mural da Hist\u00f3ria de Cusco, procure a misteriosa coruja negra com olhos vermelhos escondida entre as figuras. Na Pedra dos 12 \u00c2ngulos, destaque a precis\u00e3o inca no entalhe da pedra. Esses elementos \u00fanicos d\u00e3o personalidade e autenticidade \u00e0s suas fotos.<\/p>\n\n\n\n<h3 class=\"wp-block-heading\" id=\"h-3-capture-a-experiencia-nao-apenas-o-cenario\">3. Capture a Experi\u00eancia, N\u00e3o Apenas o Cen\u00e1rio<\/h3>\n\n\n\n<p>As melhores fotos contam hist\u00f3rias. Seja enfrentando a caminhada at\u00e9 a <a href=\"https:\/\/www.salkantaytrilha.com\/caminhada-no-peru\/montanha-arco-iris-vinicunca-tour-1d\/\"><strong>Montanha Colorida<\/strong><\/a>, descobrindo a espiritualidade de <strong>Qoricancha<\/strong> ou conquistando a <a href=\"https:\/\/www.salkantaytrilha.com\/trilhas-peru\/trilha-inca\/trilha-inca-classica-machu-picchu\/\"><strong>Trilha Inca<\/strong><\/a>, lembre-se de que sua presen\u00e7a tamb\u00e9m faz parte da cena. Incluir elementos da sua viv\u00eancia \u2014 sua sombra, uma silhueta no topo ou uma express\u00e3o de admira\u00e7\u00e3o \u2014 acrescenta emo\u00e7\u00e3o e profundidade a cada imagem.<\/p>\n\n\n\n<p class=\"green\"><a href=\"https:\/\/www.salkantaytrilha.com\/blog\/san-blas-o-bairro-mais-encantador-de-cusco\/\"><strong>Explore o bairro de San Blas<\/strong><\/a>, com suas ruelas de pedra, arte local vibrante e mirantes que revelam o melhor de Cusco.<\/p>\n\n\n\n<div class=\"wp-block-columns is-layout-flex wp-container-core-columns-is-layout-9d6595d7 wp-block-columns-is-layout-flex\">\n<div class=\"wp-block-column is-layout-flow wp-block-column-is-layout-flow\"><div class=\"wp-block-image\">\n<figure class=\"aligncenter size-large\"><img loading=\"lazy\" decoding=\"async\" width=\"1024\" height=\"683\" src=\"https:\/\/www.salkantaytrilha.com\/blog\/wp-content\/uploads\/2025\/07\/Peru-Machu-Picchu-1024x683.jpg\" alt=\"Um casal de turistas felizes na cidadela de Machu Picchu\" class=\"wp-image-4031\"\/><figcaption class=\"wp-element-caption\">Cidadela de Machu Picchu<\/figcaption><\/figure>\n<\/div><\/div>\n<\/div>\n\n\n\n<h2 class=\"wp-block-heading\" id=\"h-capture-a-magia-de-cusco\">Capture a Magia de Cusco<\/h2>\n\n\n\n<p>Cusco \u00e9 uma cidade cujo patrim\u00f4nio visual \u00e9 t\u00e3o vasto quanto seu legado hist\u00f3rico. Cada esquina, cada pra\u00e7a e cada paisagem montanhosa contam uma rica hist\u00f3ria que merece ser imortalizada em imagens. Com sua c\u00e2mera em m\u00e3os, voc\u00ea poder\u00e1 capturar muito mais do que simples fotografias \u2014 ir\u00e1 mergulhar na riqueza da hist\u00f3ria, da cultura e da natureza da regi\u00e3o.<\/p>\n\n\n\n<p>Ent\u00e3o, prepare-se para descobrir Cusco atrav\u00e9s de sua c\u00e2mera. Cada clique \u00e9 um relato visual da diversidade e do encanto que esperam por voc\u00ea neste cantinho especial do Peru!<\/p>\n\n\n\n<h2 class=\"wp-block-heading\" id=\"h-nbsp-voce-pode-estar-interessado\">&nbsp;Voc\u00ea pode estar interessado:<\/h2>\n\n\n\n<ul class=\"wp-block-list\">\n<li><a href=\"https:\/\/www.salkantaytrilha.com\/blog\/12-programas-romanticos-para-fazer-a-dois-em-cusco\/\"><strong>12 Programas rom\u00e2nticos para fazer a dois, em Cusco<\/strong><\/a><\/li>\n\n\n\n<li><a href=\"https:\/\/www.salkantaytrilha.com\/blog\/praca-de-armas-de-cusco-o-guia-completo\/\"><strong>Pra\u00e7a de Armas de Cusco: O Guia Completo<\/strong><\/a><\/li>\n\n\n\n<li><a href=\"https:\/\/www.salkantaytrilha.com\/blog\/o-que-fazer-na-temporada-de-chuvas-em-cusco\/\"><strong>O que Fazer na Temporada de Chuvas em Cusco<\/strong><\/a><\/li>\n\n\n\n<li><a href=\"https:\/\/www.salkantaytrilha.com\/blog\/a-melhor-epoca-para-visitar-machu-picchu-em-2025\/\"><strong>A Melhor \u00c9poca para Visitar Machu Picchu<\/strong><\/a><\/li>\n\n\n\n<li><a href=\"https:\/\/www.salkantaytrilha.com\/blog\/2-dias-em-cusco-passeios-e-itinerarios-imperdiveis\/\"><strong>2 Dias em Cusco: Passeios e Itiner\u00e1rios Imperd\u00edveis<\/strong><\/a><\/li>\n\n\n\n<li><a href=\"https:\/\/www.salkantaytrilha.com\/blog\/avenida-el-sol-a-principal-rua-de-cusco\/\"><strong>Avenida El Sol: A principal rua de Cusco<\/strong><\/a><\/li>\n\n\n\n<li><a href=\"https:\/\/www.salkantaytrilha.com\/blog\/cusco-o-melhor-em-3-dias\/\"><strong>Cusco: O melhor em 3 dias<\/strong><\/a><\/li>\n<\/ul>\n\n\n\n<p><\/p>\n\n\n\n<ul class=\"wp-block-list lang\">\n<li class=\"en\"><a href=\"https:\/\/www.salkantaytrekking.com\/blog\/most-instagrammable-places-cusco\/\">EN<\/a><\/li>\n\n\n\n<li class=\"es\"><a href=\"https:\/\/www.caminosalkantay.com\/blog\/lugares-instagrameables-cusco\/\">ES<\/a><\/li>\n<\/ul>\n\n\n\n<p><\/p>\n","protected":false},"excerpt":{"rendered":"<p>Cusco, Peru, \u00e9 um destino de aventuras no cora\u00e7\u00e3o da Am\u00e9rica do Sul, um lugar que desperta a curiosidade de viajantes em busca de experi\u00eancias \u00fanicas. Situada nos impressionantes vales sagrados e pr\u00f3xima da majestade de Machu Picchu, Cusco \u00e9 [&hellip;]<\/p>\n","protected":false},"author":1,"featured_media":4008,"comment_status":"open","ping_status":"open","sticky":false,"template":"","format":"standard","meta":{"footnotes":""},"categories":[40,1121,1122],"tags":[1125,945,1127,309,1123,57,1126,1128,181,1130,1069,1052,12,1124,1129,1131,209,655],"class_list":["post-4004","post","type-post","status-publish","format-standard","has-post-thumbnail","hentry","category-cusco","category-instagramaveis","category-lugares","tag-aqueduto-colonial-de-sapantiana","tag-bairro-de-san-blas","tag-bosque-de-eucaliptos-em-qenqo","tag-lagoa-humantay","tag-lugares-mais-instagramaveis-cusco","tag-machu-picchu","tag-mirante-de-san-cristobal","tag-mirante-do-cristo-branco","tag-montanha-colorida","tag-mural-da-historia-de-cusco","tag-pedra-dos-12-angulos","tag-plaza-de-armas-de-cusco","tag-qoricancha","tag-rua-7-borreguitos","tag-sacsayhuaman-2","tag-salinas-de-maras-e-moray","tag-trilha-inca","tag-vale-sagrado-dos-incas"],"yoast_head":"<!-- This site is optimized with the Yoast SEO Premium plugin v27.4 (Yoast SEO v27.4) - https:\/\/yoast.com\/product\/yoast-seo-premium-wordpress\/ -->\n<title>Lugares Instagram\u00e1veis Cusco para Visitantes<\/title>\n<meta name=\"description\" content=\"Descubra os lugares mais fotog\u00eanicos de Cusco e registre a magia andina em cada clique. Sua pr\u00f3xima aventura visual come\u00e7a aqui!\" \/>\n<meta name=\"robots\" content=\"index, follow, max-snippet:-1, max-image-preview:large, max-video-preview:-1\" \/>\n<link rel=\"canonical\" href=\"https:\/\/www.salkantaytrilha.com\/blog\/lugares-mais-instagramaveis-cusco\/\" \/>\n<meta property=\"og:locale\" content=\"pt_BR\" \/>\n<meta property=\"og:type\" content=\"article\" \/>\n<meta property=\"og:title\" content=\"Os Lugares Mais Instagram\u00e1veis que Voc\u00ea Precisa Conhecer em Cusco, Peru\" \/>\n<meta property=\"og:description\" content=\"Descubra os lugares mais fotog\u00eanicos de Cusco e registre a magia andina em cada clique. Sua pr\u00f3xima aventura visual come\u00e7a aqui!\" \/>\n<meta property=\"og:url\" content=\"https:\/\/www.salkantaytrilha.com\/blog\/lugares-mais-instagramaveis-cusco\/\" \/>\n<meta property=\"og:site_name\" content=\"informa\u00e7\u00f5es de viagens\" \/>\n<meta property=\"article:publisher\" content=\"https:\/\/www.facebook.com\/SalkantayTrekking\/\" \/>\n<meta property=\"article:published_time\" content=\"2025-07-31T18:00:15+00:00\" \/>\n<meta property=\"article:modified_time\" content=\"2026-03-02T15:03:25+00:00\" \/>\n<meta property=\"og:image\" content=\"https:\/\/www.salkantaytrilha.com\/blog\/wp-content\/uploads\/2025\/07\/Os-Lugares-Mais-Instagramaveis-que-Voce-Precisa-Conhecer-em-Cusco-Peru.jpg\" \/>\n\t<meta property=\"og:image:width\" content=\"1920\" \/>\n\t<meta property=\"og:image:height\" content=\"1080\" \/>\n\t<meta property=\"og:image:type\" content=\"image\/jpeg\" \/>\n<meta name=\"author\" content=\"Trilha Salkantay\" \/>\n<meta name=\"twitter:card\" content=\"summary_large_image\" \/>\n<meta name=\"twitter:creator\" content=\"@salkantayperu\" \/>\n<meta name=\"twitter:site\" content=\"@salkantayperu\" \/>\n<meta name=\"twitter:label1\" content=\"Escrito por\" \/>\n\t<meta name=\"twitter:data1\" content=\"Trilha Salkantay\" \/>\n\t<meta name=\"twitter:label2\" content=\"Est. tempo de leitura\" \/>\n\t<meta name=\"twitter:data2\" content=\"20 minutos\" \/>\n<script type=\"application\/ld+json\" class=\"yoast-schema-graph\">{\"@context\":\"https:\\\/\\\/schema.org\",\"@graph\":[{\"@type\":\"Article\",\"@id\":\"https:\\\/\\\/www.salkantaytrilha.com\\\/blog\\\/lugares-mais-instagramaveis-cusco\\\/#article\",\"isPartOf\":{\"@id\":\"https:\\\/\\\/www.salkantaytrilha.com\\\/blog\\\/lugares-mais-instagramaveis-cusco\\\/\"},\"author\":{\"name\":\"Trilha Salkantay\",\"@id\":\"https:\\\/\\\/www.salkantaytrilha.com\\\/blog\\\/#\\\/schema\\\/person\\\/aa0e6175beac59e6519e5407b3d13d0d\"},\"headline\":\"Os Lugares Mais Instagram\u00e1veis que Voc\u00ea Precisa Conhecer em Cusco, Peru\",\"datePublished\":\"2025-07-31T18:00:15+00:00\",\"dateModified\":\"2026-03-02T15:03:25+00:00\",\"mainEntityOfPage\":{\"@id\":\"https:\\\/\\\/www.salkantaytrilha.com\\\/blog\\\/lugares-mais-instagramaveis-cusco\\\/\"},\"wordCount\":2776,\"commentCount\":0,\"publisher\":{\"@id\":\"https:\\\/\\\/www.salkantaytrilha.com\\\/blog\\\/#organization\"},\"image\":{\"@id\":\"https:\\\/\\\/www.salkantaytrilha.com\\\/blog\\\/lugares-mais-instagramaveis-cusco\\\/#primaryimage\"},\"thumbnailUrl\":\"https:\\\/\\\/www.salkantaytrilha.com\\\/blog\\\/wp-content\\\/uploads\\\/2025\\\/07\\\/Montanha-Colorida-Vinicunca.jpg\",\"keywords\":[\"Aqueduto Colonial de Sapantiana\",\"Bairro de San Blas\",\"Bosque de Eucaliptos em Qenqo\",\"Lagoa Humantay\",\"Lugares Mais Instagram\u00e1veis Cusco\",\"Machu Picchu\",\"Mirante de San Crist\u00f3bal\",\"Mirante do Cristo Branco\",\"montanha colorida\",\"Mural da Hist\u00f3ria de Cusco\",\"Pedra dos 12 \u00c2ngulos\",\"Plaza de Armas de Cusco\",\"Qoricancha\",\"Rua 7 Borreguitos\",\"Sacsayhuam\u00e1n\",\"Salinas de Maras e Moray\",\"Trilha Inca\",\"Vale Sagrado dos Incas\"],\"articleSection\":[\"Cusco\",\"Instagram\u00e1veis\",\"Lugares\"],\"inLanguage\":\"pt-BR\",\"potentialAction\":[{\"@type\":\"CommentAction\",\"name\":\"Comment\",\"target\":[\"https:\\\/\\\/www.salkantaytrilha.com\\\/blog\\\/lugares-mais-instagramaveis-cusco\\\/#respond\"]}]},{\"@type\":\"WebPage\",\"@id\":\"https:\\\/\\\/www.salkantaytrilha.com\\\/blog\\\/lugares-mais-instagramaveis-cusco\\\/\",\"url\":\"https:\\\/\\\/www.salkantaytrilha.com\\\/blog\\\/lugares-mais-instagramaveis-cusco\\\/\",\"name\":\"Lugares Instagram\u00e1veis Cusco para Visitantes\",\"isPartOf\":{\"@id\":\"https:\\\/\\\/www.salkantaytrilha.com\\\/blog\\\/#website\"},\"primaryImageOfPage\":{\"@id\":\"https:\\\/\\\/www.salkantaytrilha.com\\\/blog\\\/lugares-mais-instagramaveis-cusco\\\/#primaryimage\"},\"image\":{\"@id\":\"https:\\\/\\\/www.salkantaytrilha.com\\\/blog\\\/lugares-mais-instagramaveis-cusco\\\/#primaryimage\"},\"thumbnailUrl\":\"https:\\\/\\\/www.salkantaytrilha.com\\\/blog\\\/wp-content\\\/uploads\\\/2025\\\/07\\\/Montanha-Colorida-Vinicunca.jpg\",\"datePublished\":\"2025-07-31T18:00:15+00:00\",\"dateModified\":\"2026-03-02T15:03:25+00:00\",\"description\":\"Descubra os lugares mais fotog\u00eanicos de Cusco e registre a magia andina em cada clique. Sua pr\u00f3xima aventura visual come\u00e7a aqui!\",\"breadcrumb\":{\"@id\":\"https:\\\/\\\/www.salkantaytrilha.com\\\/blog\\\/lugares-mais-instagramaveis-cusco\\\/#breadcrumb\"},\"inLanguage\":\"pt-BR\",\"potentialAction\":[{\"@type\":\"ReadAction\",\"target\":[\"https:\\\/\\\/www.salkantaytrilha.com\\\/blog\\\/lugares-mais-instagramaveis-cusco\\\/\"]}]},{\"@type\":\"ImageObject\",\"inLanguage\":\"pt-BR\",\"@id\":\"https:\\\/\\\/www.salkantaytrilha.com\\\/blog\\\/lugares-mais-instagramaveis-cusco\\\/#primaryimage\",\"url\":\"https:\\\/\\\/www.salkantaytrilha.com\\\/blog\\\/wp-content\\\/uploads\\\/2025\\\/07\\\/Montanha-Colorida-Vinicunca.jpg\",\"contentUrl\":\"https:\\\/\\\/www.salkantaytrilha.com\\\/blog\\\/wp-content\\\/uploads\\\/2025\\\/07\\\/Montanha-Colorida-Vinicunca.jpg\",\"width\":1873,\"height\":1249,\"caption\":\"Montanha Colorida \u2013 Vinicunca\"},{\"@type\":\"BreadcrumbList\",\"@id\":\"https:\\\/\\\/www.salkantaytrilha.com\\\/blog\\\/lugares-mais-instagramaveis-cusco\\\/#breadcrumb\",\"itemListElement\":[{\"@type\":\"ListItem\",\"position\":1,\"name\":\"In\u00edcio\",\"item\":\"https:\\\/\\\/www.salkantaytrilha.com\\\/blog\\\/\"},{\"@type\":\"ListItem\",\"position\":2,\"name\":\"Os Lugares Mais Instagram\u00e1veis que Voc\u00ea Precisa Conhecer em Cusco, Peru\"}]},{\"@type\":\"WebSite\",\"@id\":\"https:\\\/\\\/www.salkantaytrilha.com\\\/blog\\\/#website\",\"url\":\"https:\\\/\\\/www.salkantaytrilha.com\\\/blog\\\/\",\"name\":\"informa\u00e7\u00f5es de viagens a Machu Picchu\",\"description\":\"\",\"publisher\":{\"@id\":\"https:\\\/\\\/www.salkantaytrilha.com\\\/blog\\\/#organization\"},\"potentialAction\":[{\"@type\":\"SearchAction\",\"target\":{\"@type\":\"EntryPoint\",\"urlTemplate\":\"https:\\\/\\\/www.salkantaytrilha.com\\\/blog\\\/?s={search_term_string}\"},\"query-input\":{\"@type\":\"PropertyValueSpecification\",\"valueRequired\":true,\"valueName\":\"search_term_string\"}}],\"inLanguage\":\"pt-BR\"},{\"@type\":\"Organization\",\"@id\":\"https:\\\/\\\/www.salkantaytrilha.com\\\/blog\\\/#organization\",\"name\":\"informa\u00e7\u00f5es de viagens a Machu Picchu\",\"url\":\"https:\\\/\\\/www.salkantaytrilha.com\\\/blog\\\/\",\"logo\":{\"@type\":\"ImageObject\",\"inLanguage\":\"pt-BR\",\"@id\":\"https:\\\/\\\/www.salkantaytrilha.com\\\/blog\\\/#\\\/schema\\\/logo\\\/image\\\/\",\"url\":\"https:\\\/\\\/www.salkantaytrilha.com\\\/blog\\\/wp-content\\\/uploads\\\/2024\\\/05\\\/salkantaytrekking-new-300x128-1.png\",\"contentUrl\":\"https:\\\/\\\/www.salkantaytrilha.com\\\/blog\\\/wp-content\\\/uploads\\\/2024\\\/05\\\/salkantaytrekking-new-300x128-1.png\",\"width\":300,\"height\":128,\"caption\":\"informa\u00e7\u00f5es de viagens a Machu Picchu\"},\"image\":{\"@id\":\"https:\\\/\\\/www.salkantaytrilha.com\\\/blog\\\/#\\\/schema\\\/logo\\\/image\\\/\"},\"sameAs\":[\"https:\\\/\\\/www.facebook.com\\\/SalkantayTrekking\\\/\",\"https:\\\/\\\/x.com\\\/salkantayperu\",\"https:\\\/\\\/www.pinterest.com\\\/salkantaytrekking\\\/\",\"https:\\\/\\\/www.instagram.com\\\/salkantaytrekking\\\/\",\"https:\\\/\\\/www.youtube.com\\\/user\\\/salkantaytrekking\",\"https:\\\/\\\/www.tiktok.com\\\/@salkantaytrekking\"]},{\"@type\":\"Person\",\"@id\":\"https:\\\/\\\/www.salkantaytrilha.com\\\/blog\\\/#\\\/schema\\\/person\\\/aa0e6175beac59e6519e5407b3d13d0d\",\"name\":\"Trilha Salkantay\",\"image\":{\"@type\":\"ImageObject\",\"inLanguage\":\"pt-BR\",\"@id\":\"https:\\\/\\\/secure.gravatar.com\\\/avatar\\\/b41678a33c57a2bf0032b7c254611fc97caffd94ade0663405b364d1c0177d1d?s=96&d=mm&r=g\",\"url\":\"https:\\\/\\\/secure.gravatar.com\\\/avatar\\\/b41678a33c57a2bf0032b7c254611fc97caffd94ade0663405b364d1c0177d1d?s=96&d=mm&r=g\",\"contentUrl\":\"https:\\\/\\\/secure.gravatar.com\\\/avatar\\\/b41678a33c57a2bf0032b7c254611fc97caffd94ade0663405b364d1c0177d1d?s=96&d=mm&r=g\",\"caption\":\"Trilha Salkantay\"},\"sameAs\":[\"https:\\\/\\\/www.salkantaytrilha.com\\\/blog\"]}]}<\/script>\n<!-- \/ Yoast SEO Premium plugin. -->","yoast_head_json":{"title":"Lugares Instagram\u00e1veis Cusco para Visitantes","description":"Descubra os lugares mais fotog\u00eanicos de Cusco e registre a magia andina em cada clique. Sua pr\u00f3xima aventura visual come\u00e7a aqui!","robots":{"index":"index","follow":"follow","max-snippet":"max-snippet:-1","max-image-preview":"max-image-preview:large","max-video-preview":"max-video-preview:-1"},"canonical":"https:\/\/www.salkantaytrilha.com\/blog\/lugares-mais-instagramaveis-cusco\/","og_locale":"pt_BR","og_type":"article","og_title":"Os Lugares Mais Instagram\u00e1veis que Voc\u00ea Precisa Conhecer em Cusco, Peru","og_description":"Descubra os lugares mais fotog\u00eanicos de Cusco e registre a magia andina em cada clique. Sua pr\u00f3xima aventura visual come\u00e7a aqui!","og_url":"https:\/\/www.salkantaytrilha.com\/blog\/lugares-mais-instagramaveis-cusco\/","og_site_name":"informa\u00e7\u00f5es de viagens","article_publisher":"https:\/\/www.facebook.com\/SalkantayTrekking\/","article_published_time":"2025-07-31T18:00:15+00:00","article_modified_time":"2026-03-02T15:03:25+00:00","og_image":[{"width":1920,"height":1080,"url":"https:\/\/www.salkantaytrilha.com\/blog\/wp-content\/uploads\/2025\/07\/Os-Lugares-Mais-Instagramaveis-que-Voce-Precisa-Conhecer-em-Cusco-Peru.jpg","type":"image\/jpeg"}],"author":"Trilha Salkantay","twitter_card":"summary_large_image","twitter_creator":"@salkantayperu","twitter_site":"@salkantayperu","twitter_misc":{"Escrito por":"Trilha Salkantay","Est. tempo de leitura":"20 minutos"},"schema":{"@context":"https:\/\/schema.org","@graph":[{"@type":"Article","@id":"https:\/\/www.salkantaytrilha.com\/blog\/lugares-mais-instagramaveis-cusco\/#article","isPartOf":{"@id":"https:\/\/www.salkantaytrilha.com\/blog\/lugares-mais-instagramaveis-cusco\/"},"author":{"name":"Trilha Salkantay","@id":"https:\/\/www.salkantaytrilha.com\/blog\/#\/schema\/person\/aa0e6175beac59e6519e5407b3d13d0d"},"headline":"Os Lugares Mais Instagram\u00e1veis que Voc\u00ea Precisa Conhecer em Cusco, Peru","datePublished":"2025-07-31T18:00:15+00:00","dateModified":"2026-03-02T15:03:25+00:00","mainEntityOfPage":{"@id":"https:\/\/www.salkantaytrilha.com\/blog\/lugares-mais-instagramaveis-cusco\/"},"wordCount":2776,"commentCount":0,"publisher":{"@id":"https:\/\/www.salkantaytrilha.com\/blog\/#organization"},"image":{"@id":"https:\/\/www.salkantaytrilha.com\/blog\/lugares-mais-instagramaveis-cusco\/#primaryimage"},"thumbnailUrl":"https:\/\/www.salkantaytrilha.com\/blog\/wp-content\/uploads\/2025\/07\/Montanha-Colorida-Vinicunca.jpg","keywords":["Aqueduto Colonial de Sapantiana","Bairro de San Blas","Bosque de Eucaliptos em Qenqo","Lagoa Humantay","Lugares Mais Instagram\u00e1veis Cusco","Machu Picchu","Mirante de San Crist\u00f3bal","Mirante do Cristo Branco","montanha colorida","Mural da Hist\u00f3ria de Cusco","Pedra dos 12 \u00c2ngulos","Plaza de Armas de Cusco","Qoricancha","Rua 7 Borreguitos","Sacsayhuam\u00e1n","Salinas de Maras e Moray","Trilha Inca","Vale Sagrado dos Incas"],"articleSection":["Cusco","Instagram\u00e1veis","Lugares"],"inLanguage":"pt-BR","potentialAction":[{"@type":"CommentAction","name":"Comment","target":["https:\/\/www.salkantaytrilha.com\/blog\/lugares-mais-instagramaveis-cusco\/#respond"]}]},{"@type":"WebPage","@id":"https:\/\/www.salkantaytrilha.com\/blog\/lugares-mais-instagramaveis-cusco\/","url":"https:\/\/www.salkantaytrilha.com\/blog\/lugares-mais-instagramaveis-cusco\/","name":"Lugares Instagram\u00e1veis Cusco para Visitantes","isPartOf":{"@id":"https:\/\/www.salkantaytrilha.com\/blog\/#website"},"primaryImageOfPage":{"@id":"https:\/\/www.salkantaytrilha.com\/blog\/lugares-mais-instagramaveis-cusco\/#primaryimage"},"image":{"@id":"https:\/\/www.salkantaytrilha.com\/blog\/lugares-mais-instagramaveis-cusco\/#primaryimage"},"thumbnailUrl":"https:\/\/www.salkantaytrilha.com\/blog\/wp-content\/uploads\/2025\/07\/Montanha-Colorida-Vinicunca.jpg","datePublished":"2025-07-31T18:00:15+00:00","dateModified":"2026-03-02T15:03:25+00:00","description":"Descubra os lugares mais fotog\u00eanicos de Cusco e registre a magia andina em cada clique. Sua pr\u00f3xima aventura visual come\u00e7a aqui!","breadcrumb":{"@id":"https:\/\/www.salkantaytrilha.com\/blog\/lugares-mais-instagramaveis-cusco\/#breadcrumb"},"inLanguage":"pt-BR","potentialAction":[{"@type":"ReadAction","target":["https:\/\/www.salkantaytrilha.com\/blog\/lugares-mais-instagramaveis-cusco\/"]}]},{"@type":"ImageObject","inLanguage":"pt-BR","@id":"https:\/\/www.salkantaytrilha.com\/blog\/lugares-mais-instagramaveis-cusco\/#primaryimage","url":"https:\/\/www.salkantaytrilha.com\/blog\/wp-content\/uploads\/2025\/07\/Montanha-Colorida-Vinicunca.jpg","contentUrl":"https:\/\/www.salkantaytrilha.com\/blog\/wp-content\/uploads\/2025\/07\/Montanha-Colorida-Vinicunca.jpg","width":1873,"height":1249,"caption":"Montanha Colorida \u2013 Vinicunca"},{"@type":"BreadcrumbList","@id":"https:\/\/www.salkantaytrilha.com\/blog\/lugares-mais-instagramaveis-cusco\/#breadcrumb","itemListElement":[{"@type":"ListItem","position":1,"name":"In\u00edcio","item":"https:\/\/www.salkantaytrilha.com\/blog\/"},{"@type":"ListItem","position":2,"name":"Os Lugares Mais Instagram\u00e1veis que Voc\u00ea Precisa Conhecer em Cusco, Peru"}]},{"@type":"WebSite","@id":"https:\/\/www.salkantaytrilha.com\/blog\/#website","url":"https:\/\/www.salkantaytrilha.com\/blog\/","name":"informa\u00e7\u00f5es de viagens a Machu Picchu","description":"","publisher":{"@id":"https:\/\/www.salkantaytrilha.com\/blog\/#organization"},"potentialAction":[{"@type":"SearchAction","target":{"@type":"EntryPoint","urlTemplate":"https:\/\/www.salkantaytrilha.com\/blog\/?s={search_term_string}"},"query-input":{"@type":"PropertyValueSpecification","valueRequired":true,"valueName":"search_term_string"}}],"inLanguage":"pt-BR"},{"@type":"Organization","@id":"https:\/\/www.salkantaytrilha.com\/blog\/#organization","name":"informa\u00e7\u00f5es de viagens a Machu Picchu","url":"https:\/\/www.salkantaytrilha.com\/blog\/","logo":{"@type":"ImageObject","inLanguage":"pt-BR","@id":"https:\/\/www.salkantaytrilha.com\/blog\/#\/schema\/logo\/image\/","url":"https:\/\/www.salkantaytrilha.com\/blog\/wp-content\/uploads\/2024\/05\/salkantaytrekking-new-300x128-1.png","contentUrl":"https:\/\/www.salkantaytrilha.com\/blog\/wp-content\/uploads\/2024\/05\/salkantaytrekking-new-300x128-1.png","width":300,"height":128,"caption":"informa\u00e7\u00f5es de viagens a Machu Picchu"},"image":{"@id":"https:\/\/www.salkantaytrilha.com\/blog\/#\/schema\/logo\/image\/"},"sameAs":["https:\/\/www.facebook.com\/SalkantayTrekking\/","https:\/\/x.com\/salkantayperu","https:\/\/www.pinterest.com\/salkantaytrekking\/","https:\/\/www.instagram.com\/salkantaytrekking\/","https:\/\/www.youtube.com\/user\/salkantaytrekking","https:\/\/www.tiktok.com\/@salkantaytrekking"]},{"@type":"Person","@id":"https:\/\/www.salkantaytrilha.com\/blog\/#\/schema\/person\/aa0e6175beac59e6519e5407b3d13d0d","name":"Trilha Salkantay","image":{"@type":"ImageObject","inLanguage":"pt-BR","@id":"https:\/\/secure.gravatar.com\/avatar\/b41678a33c57a2bf0032b7c254611fc97caffd94ade0663405b364d1c0177d1d?s=96&d=mm&r=g","url":"https:\/\/secure.gravatar.com\/avatar\/b41678a33c57a2bf0032b7c254611fc97caffd94ade0663405b364d1c0177d1d?s=96&d=mm&r=g","contentUrl":"https:\/\/secure.gravatar.com\/avatar\/b41678a33c57a2bf0032b7c254611fc97caffd94ade0663405b364d1c0177d1d?s=96&d=mm&r=g","caption":"Trilha Salkantay"},"sameAs":["https:\/\/www.salkantaytrilha.com\/blog"]}]}},"_links":{"self":[{"href":"https:\/\/www.salkantaytrilha.com\/blog\/wp-json\/wp\/v2\/posts\/4004","targetHints":{"allow":["GET"]}}],"collection":[{"href":"https:\/\/www.salkantaytrilha.com\/blog\/wp-json\/wp\/v2\/posts"}],"about":[{"href":"https:\/\/www.salkantaytrilha.com\/blog\/wp-json\/wp\/v2\/types\/post"}],"author":[{"embeddable":true,"href":"https:\/\/www.salkantaytrilha.com\/blog\/wp-json\/wp\/v2\/users\/1"}],"replies":[{"embeddable":true,"href":"https:\/\/www.salkantaytrilha.com\/blog\/wp-json\/wp\/v2\/comments?post=4004"}],"version-history":[{"count":18,"href":"https:\/\/www.salkantaytrilha.com\/blog\/wp-json\/wp\/v2\/posts\/4004\/revisions"}],"predecessor-version":[{"id":5436,"href":"https:\/\/www.salkantaytrilha.com\/blog\/wp-json\/wp\/v2\/posts\/4004\/revisions\/5436"}],"wp:featuredmedia":[{"embeddable":true,"href":"https:\/\/www.salkantaytrilha.com\/blog\/wp-json\/wp\/v2\/media\/4008"}],"wp:attachment":[{"href":"https:\/\/www.salkantaytrilha.com\/blog\/wp-json\/wp\/v2\/media?parent=4004"}],"wp:term":[{"taxonomy":"category","embeddable":true,"href":"https:\/\/www.salkantaytrilha.com\/blog\/wp-json\/wp\/v2\/categories?post=4004"},{"taxonomy":"post_tag","embeddable":true,"href":"https:\/\/www.salkantaytrilha.com\/blog\/wp-json\/wp\/v2\/tags?post=4004"}],"curies":[{"name":"wp","href":"https:\/\/api.w.org\/{rel}","templated":true}]}}