{"id":438,"date":"2025-03-20T21:27:15","date_gmt":"2025-03-21T00:27:15","guid":{"rendered":"https:\/\/www.salkantaytrilha.com\/blog\/?p=438"},"modified":"2026-03-02T12:04:45","modified_gmt":"2026-03-02T15:04:45","slug":"montanha-arco-iris-vinicunca-tudo-o-que-voce-precisa-saber","status":"publish","type":"post","link":"https:\/\/www.salkantaytrilha.com\/blog\/montanha-arco-iris-vinicunca-tudo-o-que-voce-precisa-saber\/","title":{"rendered":"Montanha Arco-\u00cdris, Vinicunca: Tudo o Que Voc\u00ea Precisa Saber"},"content":{"rendered":"\n<p>Descubra a majestosa Montanha das 7 Cores no Peru, tamb\u00e9m conhecida como Vinicunca ou Rainbow Mountain, um destino que parece extra\u00eddo de um sonho surrealista. Com suas impressionantes nuances de vermelho, verde, amarelo, roxo e azul, este fascinante lugar te convida a viver uma experi\u00eancia \u00fanica nos Andes peruanos. Se voc\u00ea est\u00e1 planejando sua pr\u00f3xima viagem a Cusco, n\u00e3o pode perder a oportunidade de explorar este canto m\u00e1gico que combina beleza natural e aventura, tornando-se um dos destinos mais espetaculares e inusitados do mundo. Prepare-se para caminhar sobre um ch\u00e3o de arco-\u00edris e eternizar lembran\u00e7as inesquec\u00edveis neste para\u00edso andino.<\/p>\n\n\n\n<div class=\"wp-block-rank-math-toc-block anchor-links\"><h2>Tabela de conte\u00fados<\/h2><nav><ul><li><a href=\"#h-informacoes-importantes-e-curiosidades-sobre-a-montanha-das-cores-vinicunca\" >Informa\u00e7\u00f5es importantes e curiosidades sobre a Montanha das Cores (Vinicunca)<\/a><\/li><li><a href=\"#h-localizacao-e-altitude-da-montanha-colorida\" >Localiza\u00e7\u00e3o e Altitude da Montanha Colorida<\/a><\/li><li><a href=\"#h-clima-da-montanha-colorida-de-vinicunca\" >Clima da Montanha Colorida de Vinicunca<\/a><\/li><li><a href=\"#h-biodiversidade-unica\" >Biodiversidade \u00fanica<\/a><\/li><li><a href=\"#h-curiosidades-que-te-surpreenderao\" >Curiosidades que te surpreender\u00e3o<\/a><\/li><li><a href=\"#h-desafios-para-os-visitantes\" >Desafios para os visitantes<\/a><\/li><li><a href=\"#h-quais-sao-as-3-rotas-para-a-montanha-colorida\" >Quais s\u00e3o as 3 rotas para a Montanha Colorida?<\/a><\/li><li><a href=\"#h-como-chegar-a-montanha-arco-iris\" >Como Chegar \u00e0 Montanha Arco-\u00cdris?<\/a><\/li><li><a href=\"#h-o-que-levar-para-a-montanha-colorida-prepare-se-para-essa-aventura\" >O que levar para a Montanha Colorida? Prepare-se para essa aventura!<\/a><\/li><li><a href=\"#h-duvidas-frequentes\" >D\u00favidas Frequentes:<\/a><\/li><li><a href=\"#h-pode-te-interessar\" >Pode te interessar:<\/a><\/li><\/nav><\/ul><\/div>\n\n\n\n<h2 class=\"wp-block-heading\" id=\"h-informacoes-importantes-e-curiosidades-sobre-a-montanha-das-cores-vinicunca\">Informa\u00e7\u00f5es importantes e curiosidades sobre a Montanha das Cores (Vinicunca)<\/h2>\n\n\n\n<h3 class=\"wp-block-heading\" id=\"h-origem-de-suas-cores\">Origem de suas cores<\/h3>\n\n\n\n<p>A <a href=\"https:\/\/www.salkantaytrilha.com\/tradicional\/cusco\/montanha-colorida\/\"><strong>Montanha Colorida <\/strong><\/a>n\u00e3o \u00e9 apenas um espet\u00e1culo visual, mas tamb\u00e9m um livro aberto que conta a pr\u00f3pria hist\u00f3ria da Terra. Cada camada de minerais sedimentada representa uma \u00e9poca geol\u00f3gica diferente, e sua exposi\u00e7\u00e3o atual \u00e9 o resultado de milh\u00f5es de anos de movimentos tect\u00f4nicos e eros\u00e3o. Para os amantes da geologia, Vinicunca \u00e9 um destino fascinante que combina beleza e ci\u00eancia.<\/p>\n\n\n\n<p><strong>Forma\u00e7\u00e3o geol\u00f3gica<\/strong>: A forma\u00e7\u00e3o de Vinicunca ocorreu durante o per\u00edodo Cret\u00e1ceo, aproximadamente entre 75 e 63 milh\u00f5es de anos atr\u00e1s (Campaniano \u2013 Paleoceno inferior). Durante esse tempo, a regi\u00e3o passou por uma intensa atividade tect\u00f4nica e vulc\u00e2nica, que originou a forma\u00e7\u00e3o de camadas sedimentares ricas em minerais. A eros\u00e3o e a exposi\u00e7\u00e3o dessas camadas, ao longo de milh\u00f5es de anos, revelaram o espetacular arco-\u00edris geol\u00f3gico que vemos hoje. A Montanha das 7 Cores deve sua apar\u00eancia de colora\u00e7\u00e3o vibrante a uma complexa mistura de minerais que interagiram ao longo de milh\u00f5es de anos. Cada tonalidade representa uma hist\u00f3ria geol\u00f3gica \u00fanica:<\/p>\n\n\n\n<figure class=\"wp-block-table\"><table class=\"has-fixed-layout\"><thead><tr><th colspan=\"2\">Composi\u00e7\u00e3o Mineral\u00f3gica: Um Arco \u00cdris na Terra<\/th><\/tr><\/thead><tbody><tr><td><strong>Rosado ou F\u00facsia<\/strong><\/td><td>Essa colora\u00e7\u00e3o se deve a uma mistura de argila vermelha, fango e areia. Estas camadas sedimentares se formam em ambientes ricos em ferro e magn\u00e9sio.<\/td><\/tr><tr><td><strong>Verde<\/strong><\/td><td>O tom esverdeado \u00e9 resultante de argilas ricas em ferro-magnesiano, combinadas com \u00f3xido de cobre. Esses minerais indicam a presen\u00e7a de antigos dep\u00f3sitos vulc\u00e2nicos.<\/td><\/tr><tr><td><strong>Vermelho<\/strong><\/td><td>As argilas y argilitos ricos em ferro s\u00e3o respons\u00e1veis pela intensidade da colora\u00e7\u00e3o avermelhada. Estas camadas se formam em condi\u00e7\u00f5es de oxida\u00e7\u00e3o.<\/td><\/tr><tr><td><strong>Esbranqui\u00e7ado<\/strong><\/td><td>Esta colora\u00e7\u00e3o prov\u00e9m de arenitos compostos principalmente de quartzo e pedra caliza, que refletem a luz de maneira \u00fanica.<\/td><\/tr><tr><td><strong>Amarelo<\/strong><\/td><td>As limonitas e arenitos calc\u00e1rios ricos em minerais sulfurados resultam em uma tonalidade amarelada. Estes minerais cont\u00eam enxofre, o que contribui ainda mais para a sua colora\u00e7\u00e3o.<\/td><\/tr><tr><td><strong>Roxo ou Lavanda<\/strong><\/td><td>Este tom se deve \u00e0 presen\u00e7a de marga, uma mistura de argila e carbonato de c\u00e1lcio, junto com silicatos. Essas camadas se formam em ambientes marinhos pouco profundos.<\/td><\/tr><\/tbody><\/table><\/figure>\n\n\n\n<p class=\"green\"><strong>Descoberta Recente<\/strong>: Embora a montanha exista h\u00e1 milh\u00f5es de anos, sua popularidade como destino tur\u00edstico come\u00e7ou por volta de 2015, quando o derretimento glacial revelou suas cores ocultas.<\/p>\n\n\n\n<div class=\"wp-block-columns is-layout-flex wp-container-core-columns-is-layout-9d6595d7 wp-block-columns-is-layout-flex\">\n<div class=\"wp-block-column is-layout-flow wp-block-column-is-layout-flow\">\n<figure class=\"wp-block-image size-large\"><img loading=\"lazy\" decoding=\"async\" width=\"1024\" height=\"683\" src=\"https:\/\/www.salkantaytrilha.com\/blog\/wp-content\/uploads\/2024\/07\/Composicao-Mineralogica-Montanha-Colorida-1024x683.jpg\" alt=\"Composi\u00e7\u00e3o Mineral\u00f3gica da Montanha Colorida\" class=\"wp-image-2932\"\/><figcaption class=\"wp-element-caption\">Composi\u00e7\u00e3o Mineral\u00f3gica da Montanha Colorida<\/figcaption><\/figure>\n<\/div>\n<\/div>\n\n\n\n<h3 class=\"wp-block-heading\" id=\"h-o-significado-cultural-e-espiritual-de-vinicunca\">O significado cultural e espiritual de Vinicunca<\/h3>\n\n\n\n<p>Para as comunidades locais, a Montanha das 7 Cores \u00e9 muito mais do que uma atra\u00e7\u00e3o tur\u00edstica. \u00c9 um lugar sagrado que representa a conex\u00e3o com a Pachamama (M\u00e3e Terra). Os guardi\u00f5es da montanha protegem este tesouro natural e compartilham com os visitantes as tradi\u00e7\u00f5es e lendas que foram transmitidas de gera\u00e7\u00e3o em gera\u00e7\u00e3o.<\/p>\n\n\n\n<h2 class=\"wp-block-heading\" id=\"h-localizacao-e-altitude-da-montanha-colorida\">Localiza\u00e7\u00e3o e Altitude da Montanha Colorida<\/h2>\n\n\n\n<p>Localizada no cora\u00e7\u00e3o dos majestosos Andes peruanos, no departamento de <a href=\"https:\/\/www.salkantaytrilha.com\/blog\/seguranca-e-higiene-no-senderismo-em-cusco\/\"><strong>Cusco<\/strong><\/a>, na fronteira territorial entre a prov\u00edncia de Quispicanchis e a prov\u00edncia de Canchis, encontra-se um lugar que parece ter sa\u00eddo de um sonho: a Montanha Arco-\u00cdris. Este impressionante destino se eleva a uma altitude de 5,200 metros\/17,060 pes acima do n\u00edvel do mar.<\/p>\n\n\n\n<h2 class=\"wp-block-heading\" id=\"h-clima-da-montanha-colorida-de-vinicunca\">Clima da Montanha Colorida de Vinicunca<\/h2>\n\n\n\n<p>O clima em Vinicunca \u00e9 frio e vari\u00e1vel devido \u00e0 sua grande altitude. Aqui detalhamos as duas principais temporadas:<\/p>\n\n\n\n<p><strong>A temporada de chuvas (novembro a mar\u00e7o):<\/strong><\/p>\n\n\n\n<p>Durante esses meses, as chuvas s\u00e3o frequentes, o que pode dificultar o acesso e tornar os caminhos mais escorregadios. No entanto, voc\u00ea pode ver a montanha coberta de neve. Com o sol do dia, o gelo derrete e revela sua outra metade, completamente colorida: uma paisagem extraordin\u00e1ria que s\u00f3 pode ser apreciada em raras ocasi\u00f5es. As temperaturas s\u00e3o semelhantes \u00e0s da temporada seca, mas com maior umidade, e a montanha pode estar coberta de n\u00e9voa. N\u00e3o \u00e9 recomend\u00e1vel visit\u00e1-la sem antes verificar a previs\u00e3o do tempo.<\/p>\n\n\n\n<p><strong>A temporada seca (abril a outubro):<\/strong><\/p>\n\n\n\n<p>\u00c9 a melhor \u00e9poca para visitar a Montanha das 7 Cores. Os dias s\u00e3o ensolarados e as chuvas s\u00e3o escassas, o que facilita o trekking e permite aproveitar vistas desobstru\u00eddas. As temperaturas durante o dia variam entre <strong>10\u00b0C e 15\u00b0C<\/strong>, mas \u00e0 noite podem cair at\u00e9 <strong>-5\u00b0C<\/strong>.<\/p>\n\n\n\n<h2 class=\"wp-block-heading\" id=\"h-biodiversidade-unica\">Biodiversidade \u00fanica<\/h2>\n\n\n\n<p>A altitude da Montanha Arco-\u00cdris e sua localiza\u00e7\u00e3o entre imponentes montanhas cobertas de neve fazem com que a biodiversidade nesta \u00e1rea seja muito especial.<\/p>\n\n\n\n<p><strong>Flora e fauna:<\/strong><\/p>\n\n\n\n<p>Apesar das condi\u00e7\u00f5es extremas, a regi\u00e3o abriga esp\u00e9cies adaptadas \u00e0 altitude, como <a href=\"https:\/\/www.salkantaytrilha.com\/blog\/llama-alpaca-vicunha-e-guanaco-parecidos-mas-completamente-diferentes\/\"><strong>lhamas, alpacas e vicunhas<\/strong><\/a>. Tamb\u00e9m \u00e9 poss\u00edvel encontrar ichu, uma erva resistente que cresce nos Andes.<\/p>\n\n\n\n<p><strong>Paisagens circundantes:<\/strong><\/p>\n\n\n\n<p>Al\u00e9m da montanha, voc\u00ea poder\u00e1 desfrutar de vales vermelhos que parecem outro planeta e geleiras imponentes como o Ausangate, a montanha mais alta da regi\u00e3o de Cusco. Durante certas \u00e9pocas do ano, tamb\u00e9m \u00e9 poss\u00edvel ver pequenas flores silvestres que colorem os prados.<\/p>\n\n\n\n<h2 class=\"wp-block-heading\" id=\"h-curiosidades-que-te-surpreenderao\">Curiosidades que te surpreender\u00e3o<\/h2>\n\n\n\n<p><strong>Ela nem sempre foi famosa:<\/strong><\/p>\n\n\n\n<p>Embora hoje seja um \u00edcone tur\u00edstico, a Montanha Colorida era praticamente desconhecida at\u00e9 uma d\u00e9cada atr\u00e1s. O turismo cresceu exponencialmente, atraindo viajantes de todas as partes do mundo.<\/p>\n\n\n\n<p><strong>Fotografia perfeita:<\/strong><\/p>\n\n\n\n<p>As cores da montanha s\u00e3o mais intensas em dias ensolarados, especialmente nas primeiras horas da manh\u00e3. \u00c9 o momento ideal para tirar fotos espetaculares! O melhor ponto para tirar uma fotografia \u00e9 no topo da colina, de onde se pode ver perfeitamente toda a montanha e onde est\u00e1 o painel com o nome de Vinicunca e a sua altitude.<\/p>\n\n\n\n<p><strong>Cuidado com o meio ambiente:<\/strong><\/p>\n\n\n\n<p>Devido ao aumento do turismo, foram implementadas medidas para proteger a montanha, como trilhas demarcadas e a proibi\u00e7\u00e3o de ve\u00edculos em certas \u00e1reas. Pedimos que siga as instru\u00e7\u00f5es para n\u00e3o danificar a \u00e1rea e ajudar a preservar este tesouro natural.<\/p>\n\n\n\n<div class=\"wp-block-columns orange is-layout-flex wp-container-core-columns-is-layout-9d6595d7 wp-block-columns-is-layout-flex\">\n<div class=\"wp-block-column is-layout-flow wp-block-column-is-layout-flow\">\n<p><strong>Voc\u00ea sabia que\u2026?<\/strong><\/p>\n\n\n\n<ul class=\"wp-block-list\">\n<li><strong>Inspira\u00e7\u00e3o art\u00edstica:<\/strong><br>As cores de Vinicunca inspiraram artistas, fot\u00f3grafos e viajantes, transformando-a em um s\u00edmbolo da beleza natural do Peru.<\/li>\n\n\n\n<li><strong>N\u00e3o \u00e9 a \u00fanica:<\/strong><br>Embora seja a mais famosa, existem outras <a href=\"https:\/\/www.salkantaytrilha.com\/blog\/montanhas-coloridas-no-peru-tudo-o-que-voce-precisa-saber\/\"><strong>montanhas coloridas no Peru<\/strong><\/a>: Palccoyo e Pallay Punchu. Elas t\u00eam uma dificuldade menor e s\u00e3o menos frequentadas, tornando-se uma \u00f3tima alternativa. Tamb\u00e9m existem outras montanhas arco-\u00edris no mundo, como o Zhangye Danxia na China ou o Cerro de los Siete Cores na Argentina. No entanto, Vinicunca se destaca por sua combina\u00e7\u00e3o \u00fanica de tons e seu ambiente andino.<\/li>\n<\/ul>\n<\/div>\n<\/div>\n\n\n\n<div class=\"wp-block-columns is-layout-flex wp-container-core-columns-is-layout-9d6595d7 wp-block-columns-is-layout-flex\">\n<div class=\"wp-block-column is-layout-flow wp-block-column-is-layout-flow\"><div class=\"wp-block-image\">\n<figure class=\"aligncenter size-full\"><img loading=\"lazy\" decoding=\"async\" width=\"800\" height=\"1000\" src=\"https:\/\/www.salkantaytrilha.com\/blog\/wp-content\/uploads\/2024\/07\/Montanha-do-Arco-Iris-Peru.jpg\" alt=\"Montanha do Arco-\u00cdris Peru\" class=\"wp-image-448\"\/><figcaption class=\"wp-element-caption\">Montanha do Arco-\u00cdris Peru<\/figcaption><\/figure>\n<\/div><\/div>\n\n\n\n<div class=\"wp-block-column is-layout-flow wp-block-column-is-layout-flow\"><div class=\"wp-block-image\">\n<figure class=\"aligncenter size-full\"><img loading=\"lazy\" decoding=\"async\" width=\"800\" height=\"1000\" src=\"https:\/\/www.salkantaytrilha.com\/blog\/wp-content\/uploads\/2024\/07\/Purmamarca-Jujuy-Argentina-Paleozoico-Pleistoceno.jpg\" alt=\"Purmamarca - Jujuy (Argentina) Paleoz\u00f3ico-Pleistoceno.\" class=\"wp-image-2933\"\/><figcaption class=\"wp-element-caption\">Purmamarca &#8211; Jujuy (Argentina) Paleoz\u00f3ico-Pleistoceno.<\/figcaption><\/figure>\n<\/div><\/div>\n\n\n\n<div class=\"wp-block-column is-layout-flow wp-block-column-is-layout-flow\"><div class=\"wp-block-image\">\n<figure class=\"aligncenter size-full\"><img loading=\"lazy\" decoding=\"async\" width=\"800\" height=\"1000\" src=\"https:\/\/www.salkantaytrilha.com\/blog\/wp-content\/uploads\/2024\/07\/Parque-geologico-Zhangye-Danxia-China-24-Ma.-Oligoceno.jpg\" alt=\"Parque geol\u00f3gico Zhangye Danxia (China) - 24 Ma. Oligoceno.\" class=\"wp-image-2934\"\/><figcaption class=\"wp-element-caption\">Parque geol\u00f3gico Zhangye Danxia (China) &#8211; 24 Ma. Oligoceno.<\/figcaption><\/figure>\n<\/div><\/div>\n<\/div>\n\n\n\n<h2 class=\"wp-block-heading\" id=\"h-desafios-para-os-visitantes\">Desafios para os visitantes<\/h2>\n\n\n\n<p><strong>Mal de altitude:<\/strong><br>A altitude pode afetar aqueles que n\u00e3o est\u00e3o aclimatados. Recomenda-se passar pelo menos 2 dias de <a href=\"https:\/\/www.salkantaytrilha.com\/blog\/aclimatacao-em-cusco-tudo-o-que-voce-precisa-saber\/\"><strong>aclimata\u00e7\u00e3o em Cusco<\/strong><\/a> antes de iniciar a caminhada, para permitir que o seu corpo se adapte e reduzir o risco de problemas relacionados \u00e0 altitude.<\/p>\n\n\n\n<p><strong>Esfor\u00e7o f\u00edsico:<br><\/strong>A caminhada \u00e9 moderada, mas a altitude e o terreno irregular podem torn\u00e1-la mais exigente.<\/p>\n\n\n\n<p class=\"green\"><strong>Lembre-se sempre:<br><\/strong> Existe a op\u00e7\u00e3o de alugar cavalos caso sinta que o caminho at\u00e9 o topo se torna dif\u00edcil para voc\u00ea. No entanto, antes de tomar essa decis\u00e3o, convidamos voc\u00ea a refletir: estes nobres animais n\u00e3o s\u00e3o simples ferramentas, s\u00e3o seres vivos que merecem nosso respeito e cuidado. Por isso, fazemos um apelo \u00e0 sua consci\u00eancia e ao seu esp\u00edrito aventureiro: podendo, opte por caminhar. N\u00e3o apenas por voc\u00ea, mas por esses fi\u00e9is companheiros de quatro patas que merecem o m\u00e1ximo de descanso que pudermos lhes oferecer. O topo ser\u00e1 sua recompensa, mas o caminho ser\u00e1 o seu maior triunfo.<\/p>\n\n\n\n<h2 class=\"wp-block-heading\" id=\"h-quais-sao-as-3-rotas-para-a-montanha-colorida\">Quais s\u00e3o as 3 rotas para a Montanha Colorida?<\/h2>\n\n\n\n<p>A Montanha Arco-\u00cdris, tamb\u00e9m conhecida como Vinicunca, \u00e9 um dos destinos mais fascinantes do Peru. Suas faixas de cores vibrantes e seu impressionante ambiente natural atrai viajantes de todas as partes do mundo. Se voc\u00ea est\u00e1 planejando visitar essa maravilha, deve saber que existem tr\u00eas rotas principais para<a href=\"https:\/\/www.salkantaytrilha.com\/blog\/como-chegar-a-montanha-das-7-cores-sem-tour\/\"><strong> chegar \u00e0 montanha das 7 cores<\/strong><\/a>: Checacupe &#8211; Pitumarca, Cusipata e Ausangate que existem tr\u00eas rotas principais para chegar at\u00e9 l\u00e1: Checacupe &#8211; Pitumarca, Cusipata e Ausangate. Detalhamos cada uma delas para que voc\u00ea escolha a que melhor se adapte ao seu estilo de viagem.<\/p>\n\n\n\n<h3 class=\"wp-block-heading\" id=\"h-1-rota-checacupe-pitumarca-para-os-amantes-da-aventura\">1. Rota Checacupe \u2013 Pitumarca: Para os amantes da aventura<\/h3>\n\n\n\n<p><strong>Dist\u00e2ncia e tempo de caminhada<\/strong><\/p>\n\n\n\n<ul class=\"wp-block-list\">\n<li><strong>Dist\u00e2ncia<\/strong>: 8 km (ida e volta) de Kayrawiri at\u00e9 Vinicunca.<\/li>\n\n\n\n<li><strong>Tempo<\/strong>: Aproximadamente 2 horas e 30 minutos (somente ida).<\/li>\n<\/ul>\n\n\n\n<p><strong>Vantagens<\/strong><\/p>\n\n\n\n<ul class=\"wp-block-list\">\n<li><strong>Menos movimentada<\/strong>: Esta rota \u00e9 ideal para quem busca evitar multid\u00f5es e desfrutar de um caminho mais tranquilo.<\/li>\n\n\n\n<li><strong>Paisagens \u00fanicas<\/strong>: Durante o percurso, voc\u00ea poder\u00e1 admirar paisagens andinas impressionantes e se sentir em contato direto com a natureza.<\/li>\n<\/ul>\n\n\n\n<p><strong>Desvantagens<\/strong><\/p>\n\n\n\n<ul class=\"wp-block-list\">\n<li><strong>Trajeto mais longo de \u00f4nibus<\/strong>: A viagem de transporte p\u00fablico desde Cusco \u00e9 mais longa em compara\u00e7\u00e3o com as demais rotas.<\/li>\n<\/ul>\n\n\n\n<div class=\"wp-block-columns is-layout-flex wp-container-core-columns-is-layout-9d6595d7 wp-block-columns-is-layout-flex\">\n<div class=\"wp-block-column is-layout-flow wp-block-column-is-layout-flow\"><div class=\"wp-block-image\">\n<figure class=\"aligncenter size-full\"><img loading=\"lazy\" decoding=\"async\" width=\"800\" height=\"1000\" src=\"https:\/\/www.salkantaytrilha.com\/blog\/wp-content\/uploads\/2024\/07\/Ponte-cidade-Checacupe.jpg\" alt=\"Ponte na cidade de Checacupe\" class=\"wp-image-643\"\/><figcaption class=\"wp-element-caption\">Ponte na cidade de Checacupe<\/figcaption><\/figure>\n<\/div><\/div>\n\n\n\n<div class=\"wp-block-column is-layout-flow wp-block-column-is-layout-flow\"><div class=\"wp-block-image\">\n<figure class=\"aligncenter size-full\"><img loading=\"lazy\" decoding=\"async\" width=\"800\" height=\"1000\" src=\"https:\/\/www.salkantaytrilha.com\/blog\/wp-content\/uploads\/2024\/07\/Praca-principal-do-vilarejo-de-Pitumarca.jpg\" alt=\"Pra\u00e7a principal do vilarejo de Pitumarca\" class=\"wp-image-2935\"\/><figcaption class=\"wp-element-caption\">Pra\u00e7a principal do vilarejo de Pitumarca<\/figcaption><\/figure>\n<\/div><\/div>\n<\/div>\n\n\n\n<h3 class=\"wp-block-heading\" id=\"h-2-rota-cusipata-a-opcao-mais-popular\">2. Rota Cusipata: A op\u00e7\u00e3o mais popular<\/h3>\n\n\n\n<p><strong>Dist\u00e2ncia e tempo de caminhada<\/strong><\/p>\n\n\n\n<ul class=\"wp-block-list\">\n<li><strong>Dist\u00e2ncia<\/strong>: 7 km (ida e volta) de Phulawasipata at\u00e9 Vinicunca.<\/li>\n\n\n\n<li><strong>Tempo<\/strong>: Aproximadamente 1 hora e 30 minutos (somente ida).<\/li>\n<\/ul>\n\n\n\n<p><strong>Vantagens<\/strong><\/p>\n\n\n\n<ul class=\"wp-block-list\">\n<li><strong>Acessibilidade<\/strong>: \u00c9 a rota mais utilizada pelos turistas, por isso voc\u00ea encontrar\u00e1 com facilidade servi\u00e7os e tours organizados.<\/li>\n\n\n\n<li><strong>Vale Vermelho<\/strong>: Durante o percurso, voc\u00ea ter\u00e1 a oportunidade de visitar o famoso Vale Vermelho, um lugar cheio de beleza natural.<\/li>\n<\/ul>\n\n\n\n<p><strong>Desvantagens<\/strong><\/p>\n\n\n\n<ul class=\"wp-block-list\">\n<li><strong>Aglomera\u00e7\u00f5es<\/strong>: Por ser a rota mais popular, podem haver mais visitantes, especialmente na alta temporada.<\/li>\n<\/ul>\n\n\n\n<div class=\"wp-block-columns is-layout-flex wp-container-core-columns-is-layout-9d6595d7 wp-block-columns-is-layout-flex\">\n<div class=\"wp-block-column is-layout-flow wp-block-column-is-layout-flow\"><div class=\"wp-block-image\">\n<figure class=\"aligncenter size-large\"><img loading=\"lazy\" decoding=\"async\" width=\"1024\" height=\"683\" src=\"https:\/\/www.salkantaytrilha.com\/blog\/wp-content\/uploads\/2024\/07\/A-rota-de-Cusipata-ate-a-Montana-de-Colores-Montanha-Colorida-1024x683.jpg\" alt=\"A rota de Cusipata at\u00e9 a Monta\u00f1a de Colores (Montanha Colorida)\" class=\"wp-image-2936\"\/><figcaption class=\"wp-element-caption\">A rota de Cusipata at\u00e9 a Monta\u00f1a de Colores (Montanha Colorida)<\/figcaption><\/figure>\n<\/div><\/div>\n<\/div>\n\n\n\n<h3 class=\"wp-block-heading\" id=\"h-3-rota-ausangate-para-os-mais-aventureiros\">3. Rota Ausangate: Para os mais aventureiros<\/h3>\n\n\n\n<p><strong>Dist\u00e2ncia e tempo de caminhada<\/strong><\/p>\n\n\n\n<ul class=\"wp-block-list\">\n<li><strong>Dist\u00e2ncia<\/strong>: 15 km de percurso.<\/li>\n\n\n\n<li><strong>Tempo<\/strong>: 4 dias e 3 noites (\u00e9 uma rota de trekking).<\/li>\n<\/ul>\n\n\n\n<p><strong>Vantagens<\/strong><\/p>\n\n\n\n<ul class=\"wp-block-list\">\n<li><strong>Experi\u00eancia \u00fanica<\/strong>: Esta rota \u00e9 ideal para os amantes do trekking e da aventura.<\/li>\n\n\n\n<li><strong>Natureza em estado puro<\/strong>: Voc\u00ea estar\u00e1 em contato direto com a natureza e poder\u00e1 desfrutar de paisagens espetaculares, incluindo a Montanha Arco-\u00cdris e o imponente Nevado Ausangate.<\/li>\n\n\n\n<li><strong>Pouco conhecida<\/strong>: \u00c9 uma rota menos transitada, perfeita para quem busca uma experi\u00eancia mais aut\u00eantica e longe do turismo em massa.<\/li>\n<\/ul>\n\n\n\n<p><strong>Desvantagens<\/strong><\/p>\n\n\n\n<ul class=\"wp-block-list\">\n<li><strong>Exig\u00eancia f\u00edsica<\/strong>: \u00c9 uma caminhada longa e desafiadora devido \u00e0 altitude e \u00e0 dura\u00e7\u00e3o do percurso.<\/li>\n\n\n\n<li><strong>Aclimata\u00e7\u00e3o necess\u00e1ria<\/strong>: \u00c9 fundamental se aclimatar em Cusco, antes de iniciar essa rota, para evitar o mal de altitude.<\/li>\n<\/ul>\n\n\n\n<div class=\"wp-block-columns is-layout-flex wp-container-core-columns-is-layout-9d6595d7 wp-block-columns-is-layout-flex\">\n<div class=\"wp-block-column is-layout-flow wp-block-column-is-layout-flow\"><div class=\"wp-block-image\">\n<figure class=\"aligncenter size-full\"><img loading=\"lazy\" decoding=\"async\" width=\"800\" height=\"1000\" src=\"https:\/\/www.salkantaytrilha.com\/blog\/wp-content\/uploads\/2024\/07\/Excursao-a-Montanha-Arco-Iris.jpg\" alt=\"Excurs\u00e3o \u00e0 Montanha Arco Iris\" class=\"wp-image-444\"\/><figcaption class=\"wp-element-caption\">Excurs\u00e3o \u00e0 Montanha Arco Iris<\/figcaption><\/figure>\n<\/div><\/div>\n\n\n\n<div class=\"wp-block-column is-layout-flow wp-block-column-is-layout-flow\"><div class=\"wp-block-image\">\n<figure class=\"aligncenter size-full\"><img loading=\"lazy\" decoding=\"async\" width=\"800\" height=\"1000\" src=\"https:\/\/www.salkantaytrilha.com\/blog\/wp-content\/uploads\/2024\/10\/The-Ausangate-Trek.jpg\" alt=\"A Trilha Ausangate.\" class=\"wp-image-1235\"\/><figcaption class=\"wp-element-caption\">A Trilha Ausangate.<\/figcaption><\/figure>\n<\/div><\/div>\n<\/div>\n\n\n\n<h2 class=\"wp-block-heading\" id=\"h-como-chegar-a-montanha-arco-iris\">Como Chegar \u00e0 Montanha Arco-\u00cdris?<\/h2>\n\n\n\n<h3 class=\"wp-block-heading\" id=\"h-com-tour-a-opcao-mais-recomendada\">Com tour (A op\u00e7\u00e3o mais recomendada):<\/h3>\n\n\n\n<p>Se o que voc\u00ea busca \u00e9 conforto, seguran\u00e7a e uma experi\u00eancia sem preocupa\u00e7\u00f5es, contratar um<strong> tour organizado <\/strong>\u00e9 a melhor op\u00e7\u00e3o para visitar a Montanha das Sete Cores (Vinicunca). Na <a href=\"https:\/\/www.salkantaytrilha.com\/\"><strong>Salkantay Trekking<\/strong><\/a>, nos encarregamos de todos os detalhes para que voc\u00ea s\u00f3 precise se preocupar em aproveitar ao m\u00e1ximo esta maravilha natural. Aqui, contamos por que escolher um tour \u00e9 a decis\u00e3o ideal para a sua aventura.<\/p>\n\n\n\n<h4 class=\"wp-block-heading\"><strong>Conforto total: N\u00f3s cuidamos de tudo<\/strong><\/h4>\n\n\n\n<p>Imagine uma viagem onde voc\u00ea s\u00f3 precisa se preocupar em se divertir, caminhar e desfrutar da paisagem: Com nossos tours, \u00e9 exatamente isso o que voc\u00ea vai ter! N\u00f3s cuidamos:<\/p>\n\n\n\n<ul class=\"wp-block-list\">\n<li><strong>Transporte:<\/strong> Coleta no seu hotel em Cusco e traslado de ida e volta at\u00e9 Vinicunca em ve\u00edculos privados, seguros e confort\u00e1veis.<\/li>\n\n\n\n<li><strong>Guia profissional:<\/strong> Nossos guias experientes, profundos conhecedores da cultura e da geografia local, ir\u00e3o te acompanhar durante todo o percurso, fornecendo informa\u00e7\u00f5es importantes e fascinantes sobre a montanha e seus arredores.<\/li>\n\n\n\n<li><strong>Permiss\u00f5es:<\/strong> Cuidamos de toda a documenta\u00e7\u00e3o necess\u00e1ria para a sua entrada na Montanha das Sete Cores.<\/li>\n\n\n\n<li><strong>Almo\u00e7o:<\/strong> Inclu\u00edmos um delicioso almo\u00e7o tipo box lunch para voc\u00ea recarregar as energias ap\u00f3s a caminhada.<\/li>\n<\/ul>\n\n\n\n<h4 class=\"wp-block-heading\"><strong>Benef\u00edcios de viajar com um tour organizado<\/strong><\/h4>\n\n\n\n<ul class=\"wp-block-list\">\n<li><strong>Seguran\u00e7a:<\/strong> Viajar com um tour garante uma equipe experiente que conhece a rota e est\u00e1 preparada para qualquer eventualidade.<\/li>\n\n\n\n<li><strong>Economia de tempo:<\/strong> Voc\u00ea n\u00e3o precisar\u00e1 se preocupar em organizar transporte, na compra de ingressos ou negociar com taxistas. Tudo j\u00e1 est\u00e1 inclu\u00eddo.<\/li>\n\n\n\n<li><strong>Comodidade:<\/strong> Esque\u00e7a as complica\u00e7\u00f5es log\u00edsticas. N\u00f3s cuidamos de todos os detalhes para que voc\u00ea s\u00f3 aproveite.<\/li>\n\n\n\n<li><strong>Conex\u00e3o cultural:<\/strong> Nossos guias n\u00e3o s\u00f3 te levar\u00e3o at\u00e9 a montanha, como tamb\u00e9m ter\u00e3o o prazer de compartilhar hist\u00f3rias e informa\u00e7\u00f5es fascinantes sobre a cultura andina e a geologia \u00fanica de Vinicunca.<\/li>\n<\/ul>\n\n\n\n<h4 class=\"wp-block-heading\"><strong>Variedade de op\u00e7\u00f5es: Um tour planejado para cada viajante<\/strong><\/h4>\n\n\n\n<p>Na Montanha Colorida, temos a experi\u00eancia perfeita para voc\u00ea. Sabemos que cada viajante \u00e9 \u00fanico, por isso, projetamos uma variedade de tours que se adaptam \u00e0s suas necessidades, gostos, or\u00e7amento e n\u00edvel de experi\u00eancia.<\/p>\n\n\n\n<figure class=\"wp-block-table\"><table class=\"has-fixed-layout\"><thead><tr><th>Caminhada<\/th><th>Dura\u00e7\u00e3o<\/th><th>Descri\u00e7\u00e3o<\/th><\/tr><\/thead><tbody><tr><td><a href=\"https:\/\/www.salkantaytrilha.com\/caminhada-no-peru\/montanha-arco-iris-vinicunca-tour-1d\/\"><strong>Montanha de Cores: Vinicunca<\/strong><\/a><\/td><td>1 dia&nbsp;<\/td><td>A Montanha Colorida, tamb\u00e9m conhecida como Vinicunca, \u00e9 um dos destinos mais fascinantes do Peru. Cada passo que voc\u00ea der neste para\u00edso natural, te aproximar\u00e1 de um espet\u00e1culo visual \u00fanico, onde a natureza se transforma em uma obra de arte.<\/td><\/tr><tr><td><a href=\"https:\/\/www.salkantaytrilha.com\/trilhas-peru\/montanha-colorida-peru\/passeio-montanha-colorida-vale-vermelho-2d\/\"><strong>Montanha de Cores: Vinicunca + Vale Vermelho&nbsp;<\/strong><\/a><\/td><td>2 dias<\/td><td>Combine a visita \u00e0 Montanha Colorida com o impressionante Vale Vermelho, um lugar que te transporta para outro planeta. Este tour oferece o melhor de dois mundos: de um lado, a ic\u00f4nica Vinicunca com suas tonalidades m\u00e1gicas, e do outro, o Vale Vermelho, um cen\u00e1rio de forma\u00e7\u00f5es rochosas e paisagens que contrastam com o c\u00e9u azul.<\/td><\/tr><tr><td><a href=\"https:\/\/www.salkantaytrilha.com\/trilhas-peru\/montanha-colorida-peru\/caminhada-ausangate-montanha-arco-iris-3d\/\"><strong><em>Ausangate e Montanha Arco-\u00edris<\/em><\/strong><\/a><\/td><td>3 dias<\/td><td>Um desafio de altura. Voc\u00ea passar\u00e1 pela \u00e1rea da geleira Ausangate, um Apu ou montanha sagrada para os habitantes da regi\u00e3o. Descobrir\u00e1 paisagens nevadas, lagos cristalinos e comunidades andinas que ir\u00e3o fascin\u00e1-lo. Voc\u00ea terminar\u00e1 sua aventura na Montanha das Sete Cores, culminando com as vistas \u00fanicas de seu ambiente colorido.<\/td><\/tr><\/tbody><\/table><\/figure>\n\n\n\n<p class=\"orange\"><strong>H\u00e1 muito mais!<\/strong> D\u00ea uma olhada em todos os nossos <a href=\"https:\/\/www.salkantaytrilha.com\/tradicional\/cusco\/montanha-colorida\/\"><strong>tours para a Montanha Colorida<\/strong><\/a> e descubra combina\u00e7\u00f5es espetaculares que levam at\u00e9 Machu Picchu.<\/p>\n\n\n\n<p><strong>Voc\u00ea acha que a magia do colorido vibrante e das paisagens de sonho se limita a um \u00fanico lugar?<\/strong><\/p>\n\n\n\n<p>Venha se surpreender ao constatar que n\u00e3o! Al\u00e9m da Montanha Colorida, convidamos voc\u00ea a descobrir outros destinos emblem\u00e1ticos que compartilham essa mesma ess\u00eancia m\u00e1gica e surreal.<\/p>\n\n\n\n<p><strong>Pronto para explorar al\u00e9m do trivial?<\/strong> Esses lugares est\u00e3o esperando por voc\u00ea para te levar a vivenciar uma experi\u00eancia \u00fanica e inesquec\u00edvel.<\/p>\n\n\n\n<figure class=\"wp-block-table\"><table class=\"has-fixed-layout\"><thead><tr><th>Caminhada<\/th><th>Dura\u00e7\u00e3o<\/th><th>Descri\u00e7\u00e3o<\/th><\/tr><\/thead><tbody><tr><td><a href=\"https:\/\/www.salkantaytrilha.com\/caminhada-no-peru\/montanha-colorida-palccoyo-1d\/\"><strong>Montanha de Cores: Palccoyo<\/strong><\/a><\/td><td>1 dia&nbsp;<\/td><td>Se voc\u00ea busca uma experi\u00eancia \u00fanica, por\u00e9m com um toque mais tranquilo, a Montanha Colorida de Palccoyo \u00e9 a melhor op\u00e7\u00e3o. Com um percurso mais acess\u00edvel do que o de Vinicunca, Palccoyo \u00e9 ideal para quem deseja desfrutar da magia das cores sem empregar grandes esfor\u00e7os.<\/td><\/tr><tr><td><a href=\"https:\/\/www.salkantaytrilha.com\/caminhada-no-peru\/pallay-punchu-tour-1d\/\"><strong>Montanha de Cores: Pallay Punchu<\/strong><\/a><\/td><td>1 dia<\/td><td>Para os aventureiros que buscam algo fora do comum, Pallay Punchu \u00e9 uma j\u00f3ia escondida, que voc\u00ea n\u00e3o pode perder! Este impressionante destino, conhecido como a &#8220;irm\u00e3 mais nova&#8221; de Vinicunca, vai te surpreender com suas camadas coloridas que se estendem como um gigantesco manto tecido pela m\u00e3e natureza.<\/td><\/tr><\/tbody><\/table><\/figure>\n\n\n\n<p>N\u00e3o importa qual ser\u00e1 a sua escolha diante do nosso vasto leque de tours, cada um foi cuidadosamente planejado e projetado para te oferecer uma aventura \u00fanica e memor\u00e1vel. Seja optando pela ic\u00f4nica Montanha das Sete Cores &#8211; Vinicunca ou explorando suas belas \u201cirm\u00e3s\u201d, Palccoyo ou Pallay Punchu, n\u00f3s garantimos que cada pedacinho desses destinos vai te tirar o f\u00f4lego!<\/p>\n\n\n\n<div class=\"wp-block-columns is-layout-flex wp-container-core-columns-is-layout-9d6595d7 wp-block-columns-is-layout-flex\">\n<div class=\"wp-block-column is-layout-flow wp-block-column-is-layout-flow\"><div class=\"wp-block-image\">\n<figure class=\"aligncenter size-full\"><img loading=\"lazy\" decoding=\"async\" width=\"800\" height=\"1000\" src=\"https:\/\/www.salkantaytrilha.com\/blog\/wp-content\/uploads\/2024\/07\/Palccoyo-Montanha-Cores.jpg\" alt=\"Palccoyo Montanha das Cores\" class=\"wp-image-647\"\/><figcaption class=\"wp-element-caption\">Palccoyo Montanha das Cores<\/figcaption><\/figure>\n<\/div><\/div>\n\n\n\n<div class=\"wp-block-column is-layout-flow wp-block-column-is-layout-flow\"><div class=\"wp-block-image\">\n<figure class=\"aligncenter size-full\"><img loading=\"lazy\" decoding=\"async\" width=\"800\" height=\"1000\" src=\"https:\/\/www.salkantaytrilha.com\/blog\/wp-content\/uploads\/2024\/05\/A-montanha-cores-Pallay-Punchu.jpg\" alt=\"Uma pessoa sentada em frente \u00e0 montanha de cores de Pallay Punchu.\" class=\"wp-image-373\"\/><figcaption class=\"wp-element-caption\">A montanha de cores de Pallay Punchu.<\/figcaption><\/figure>\n<\/div><\/div>\n\n\n\n<div class=\"wp-block-column is-layout-flow wp-block-column-is-layout-flow\"><div class=\"wp-block-image\">\n<figure class=\"aligncenter size-large\"><img loading=\"lazy\" decoding=\"async\" width=\"819\" height=\"1024\" src=\"https:\/\/www.salkantaytrilha.com\/blog\/wp-content\/uploads\/2024\/07\/Montanha-Arco-Iris-de-Vinicunca-819x1024.jpg\" alt=\"Montanha Arco-\u00cdris de Vinicunca\" class=\"wp-image-546\"\/><figcaption class=\"wp-element-caption\">Montanha Arco-\u00cdris de Vinicunca<\/figcaption><\/figure>\n<\/div><\/div>\n<\/div>\n\n\n\n<h3 class=\"wp-block-heading\" id=\"h-por-conta-propria-a-opcao-menos-recomendada\">Por conta pr\u00f3pria (A op\u00e7\u00e3o menos recomendada)<\/h3>\n\n\n\n<p>Se voc\u00ea preferir viajar de maneira independente, a rota de Pitumarca \u00e9 uma op\u00e7\u00e3o v\u00e1lida, embora n\u00e3o seja a mais recomendada. Mesmo assim, aqui te explicamos como fazer isso:<br>Para realizar essa travessia, voc\u00ea deve seguir a <strong>Rota Checacupe &#8211; Pitumarca<\/strong>.<\/p>\n\n\n\n<p><strong>De Cusco a Checacupe:<\/strong><\/p>\n\n\n\n<ul class=\"wp-block-list\">\n<li><strong>T\u00e1xi privado:<\/strong> A op\u00e7\u00e3o mais confort\u00e1vel, com pre\u00e7os que variam entre 250 e 350 soles (40-50 USD) por trajeto. Ideal caso viaje em grupo.<\/li>\n\n\n\n<li><strong>Transporte p\u00fablico:<\/strong> \u00d4nibus da Avenida Huayruropata em Cusco com destino a Sicuani. Voc\u00ea deve informar ao motorista que vai descer em Checacupe. O custo \u00e9 de 7 a 8 soles (menos de 2 USD), e a viagem dura cerca de 2 horas.<\/li>\n<\/ul>\n\n\n\n<p><strong>De Checacupe a Vinicunca:<\/strong><strong><br><\/strong>Ao chegar em Checacupe, voc\u00ea ter\u00e1 que negociar com os taxistas locais para poder chegar \u00e0 base da Montanha das Sete Cores. (N\u00e3o esque\u00e7a de nesse momento combinar tamb\u00e9m para que seu motorista aguarde por voc\u00ea para o seu retorno de volta \u00e0 Checacupe). O custo aproximado \u00e9 de 150 soles por ve\u00edculo (41 USD), e este valor poder\u00e1 ser dividido entre v\u00e1rias pessoas.<\/p>\n\n\n\n<ul class=\"wp-block-list\">\n<li><strong>A caminhada:<\/strong><strong><br><\/strong>O percurso de ida e volta leva cerca de 3 horas, com um desn\u00edvel moderado. N\u00e3o se esque\u00e7a de levar \u00e1gua, lanches e protetor solar. Ao chegar, voc\u00ea pagar\u00e1 uma taxa de 25.00 soles (7.00 USD) por pessoa para estrangeiros, e 15.00 soles (4.50 USD) para peruanos com DNI.<\/li>\n\n\n\n<li><strong>O retorno:<\/strong><strong><br><\/strong> Ap\u00f3s a caminhada, seu t\u00e1xi (que ter\u00e1 esperado por voc\u00ea durante o tempo de sua visita) ser\u00e1 o respons\u00e1vel por te conduzir de volta \u00e0 Checacupe, onde voc\u00ea poder\u00e1 embarcar no \u00f4nibus com destino a Cusco.<\/li>\n<\/ul>\n\n\n\n<p><strong>Desvantagens de viajar por conta pr\u00f3pria:<\/strong><\/p>\n\n\n\n<ul class=\"wp-block-list\">\n<li><strong>Log\u00edstica complicada:<\/strong> Voc\u00ea precisar\u00e1 organizar o transporte, negociar pre\u00e7os e coordenar hor\u00e1rios.<\/li>\n\n\n\n<li><strong>Menor seguran\u00e7a:<\/strong> Viajar sem um guia especializado pode ser arriscado, especialmente em \u00e1reas remotas.<\/li>\n\n\n\n<li><strong>Falta de informa\u00e7\u00e3o:<\/strong> Voc\u00ea ficar\u00e1 sem saber de nenhuma informa\u00e7\u00e3o ou detalhe cultural ou hist\u00f3rico que somente um guia profissional pode te proporcionar.<\/li>\n<\/ul>\n\n\n\n<div class=\"wp-block-columns is-layout-flex wp-container-core-columns-is-layout-9d6595d7 wp-block-columns-is-layout-flex\">\n<div class=\"wp-block-column is-layout-flow wp-block-column-is-layout-flow\"><div class=\"wp-block-image\">\n<figure class=\"aligncenter size-large\"><img loading=\"lazy\" decoding=\"async\" width=\"1024\" height=\"683\" src=\"https:\/\/www.salkantaytrilha.com\/blog\/wp-content\/uploads\/2024\/07\/Vinicunca-da-Montanha-do-Arco-Iris-1024x683.jpg\" alt=\"Vinicunca da Montanha do Arco-\u00cdris\" class=\"wp-image-449\"\/><figcaption class=\"wp-element-caption\">Vinicunca da Montanha do Arco-\u00cdris<\/figcaption><\/figure>\n<\/div><\/div>\n<\/div>\n\n\n\n<h2 class=\"wp-block-heading\" id=\"h-o-que-levar-para-a-montanha-colorida-prepare-se-para-essa-aventura\">O que levar para a Montanha Colorida? Prepare-se para essa aventura!<\/h2>\n\n\n\n<p>Visitar a Montanha das Sete Cores \u00e9 uma experi\u00eancia \u00fanica, mas para aproveit\u00e1-la ao m\u00e1ximo, \u00e9 essencial ir bem equipado. Aqui est\u00e1 uma lista detalhada do que n\u00e3o pode faltar na sua mochila para que voc\u00ea esteja preparado para qualquer situa\u00e7\u00e3o e possa se concentrar em aproveitar e se divertir nesse destino incr\u00edvel.<\/p>\n\n\n\n<p><strong>Roupas: O segredo para enfrentar o clima vari\u00e1vel<\/strong><\/p>\n\n\n\n<ul class=\"wp-block-list\">\n<li><strong>Camadas de roupas:<\/strong> O clima na montanha pode variar repentinamente. Comece com roupas leves para a caminhada inicial e leve camadas adicionais de roupas (como uma jaqueta de fleece) para o topo, onde o frio e o vento podem ser intensos.<\/li>\n\n\n\n<li><strong>Jaqueta imperme\u00e1vel:<\/strong> \u00c0 chuva ou a neve podem surgir quando menos se espera. Uma jaqueta imperme\u00e1vel manter\u00e1 voc\u00ea seco e confort\u00e1vel.<\/li>\n\n\n\n<li><strong>Botas de trilha:<\/strong> O terreno pode ser irregular e desafiador. Use botas resistentes, imperme\u00e1veis e com bom suporte para proteger seus p\u00e9s e garantir sua estabilidade. (Quando se trata dos Andes, devido \u00e0 elevada altitude, o segredo \u00e9 escolher sempre um tamanho a mais que o seu habitual).&nbsp;<\/li>\n<\/ul>\n\n\n\n<p><strong>Acess\u00f3rios essenciais:<\/strong><\/p>\n\n\n\n<ul class=\"wp-block-list\">\n<li><strong>Garrafa de \u00e1gua:<\/strong> Mantenha-se hidratado durante toda a caminhada. Prefira uma garrafa reutiliz\u00e1vel para cuidar do meio ambiente.<\/li>\n\n\n\n<li><strong>Protetor solar:<\/strong> Em maiores altitudes, os raios UV s\u00e3o mais intensos. Use um protetor solar de alto fator para proteger a sua pele.<\/li>\n\n\n\n<li><strong>\u00d3culos de sol:<\/strong> Proteja seus olhos do sol e do vento com \u00f3culos de sol de boa qualidade.<\/li>\n\n\n\n<li><strong>C\u00e2mera:<\/strong> N\u00e3o vai querer perder a oportunidade de capturar as paisagens surreais da Montanha Colorida. Leve sua c\u00e2mera ou smartphone com bateria suficiente!<\/li>\n\n\n\n<li><strong>Papel higi\u00eanico:<\/strong> Um item b\u00e1sico que muitos esquecem. Leve o suficiente para o seu uso pessoal.<\/li>\n\n\n\n<li><strong>Mochila pequena:<\/strong> Uma mochila leve, por\u00e9m resistente, \u00e9 ideal para acomodar seus itens essenciais durante a caminhada.<\/li>\n\n\n\n<li><strong>Chap\u00e9u ou bon\u00e9:<\/strong> Proteja sua cabe\u00e7a do sol durante o dia e do frio nas primeiras horas da manh\u00e3. S\u00e3o mais indicados os que possuem abas para a prote\u00e7\u00e3o das laterais e da nuca.<\/li>\n\n\n\n<li><strong>Luvas:<\/strong> As temperaturas podem cair drasticamente, especialmente no topo. Um par de luvas vai manter suas m\u00e3os aquecidas e confort\u00e1veis.<\/li>\n\n\n\n<li><strong>Bast\u00f5es de caminhada:<\/strong> S\u00e3o ideais para manter o equil\u00edbrio, reduzir a tens\u00e3o nas articula\u00e7\u00f5es e melhorar o seu ritmo durante a caminhada.<\/li>\n<\/ul>\n\n\n\n<p><strong>Outros itens que n\u00e3o podem faltar:<\/strong><\/p>\n\n\n\n<ul class=\"wp-block-list\">\n<li><strong>Dinheiro em esp\u00e9cie:<\/strong> N\u00e3o h\u00e1 caixas eletr\u00f4nicos na \u00e1rea, ent\u00e3o leve dinheiro suficiente para gastos extras com alimenta\u00e7\u00e3o, souvenirs ou gorjetas.<\/li>\n\n\n\n<li><strong>Lanches:<\/strong> Mantenha seus n\u00edveis de energia com lanches leves e nutritivos, como frutas secas, barras de cereais ou castanhas.<\/li>\n\n\n\n<li><strong>Capa de chuva:<\/strong> Leve uma capa leve e compacta, que vai te proteger de chuvas ou nevadas inesperadas.<\/li>\n\n\n\n<li><strong>Documento de identidade:<\/strong> Sempre leve seu documento de identidade, por qualquer eventualidade.<\/li>\n<\/ul>\n\n\n\n<p class=\"green\"><strong>Dica extra:<\/strong> N\u00e3o se esque\u00e7a de levar uma mochila pequena para guardar seus pertences, \u00f3culos de sol para proteger seus olhos e um bast\u00e3o de trekking, caso precise de mais estabilidade. Para garantir que voc\u00ea n\u00e3o esque\u00e7a de nada, leia nosso blog sobre <a href=\"https:\/\/www.salkantaytrilha.com\/blog\/a-mais-completa-lista-de-bagagem-para-a-sua-aventura-no-peru\/\"><strong>A mais completa lista de itens para sua aventura no Peru<\/strong><\/a>.<\/p>\n\n\n\n<div class=\"wp-block-columns is-layout-flex wp-container-core-columns-is-layout-9d6595d7 wp-block-columns-is-layout-flex\">\n<div class=\"wp-block-column is-layout-flow wp-block-column-is-layout-flow\"><div class=\"wp-block-image\">\n<figure class=\"aligncenter size-full\"><img loading=\"lazy\" decoding=\"async\" width=\"920\" height=\"613\" src=\"https:\/\/www.salkantaytrilha.com\/blog\/wp-content\/uploads\/2024\/07\/Vinicunca.jpg\" alt=\"Vinicunca\" class=\"wp-image-2937\"\/><figcaption class=\"wp-element-caption\">Vinicunca<\/figcaption><\/figure>\n<\/div><\/div>\n<\/div>\n\n\n\n<h2 class=\"wp-block-heading\" id=\"h-duvidas-frequentes\">D\u00favidas Frequentes:<\/h2>\n\n\n\n<ul class=\"wp-block-list\">\n<li><strong>Quanto custa a entrada para a Montanha das Sete Cores?<\/strong><br>O custo de entrada \u00e9 de 25 soles peruanos (aproximadamente 5 USD). Esse pre\u00e7o j\u00e1 pode estar inclu\u00eddo no pacote de um tour, caso voc\u00ea decida pela contrata\u00e7\u00e3o de um.<\/li>\n\n\n\n<li><strong>Em que dist\u00e2ncia da cidade est\u00e1 localizada a Montanha das Sete Cores?<\/strong><br>A montanha fica a cerca de 100 km (62 milhas) do centro de Cusco. A viagem de carro leva em m\u00e9dia de 3 a 3 horas e meia, dependendo do tr\u00e1fego e das condi\u00e7\u00f5es da estrada.<\/li>\n\n\n\n<li><strong>Vale a pena visitar a Montanha das Sete Cores?<\/strong><br>Vale demais! Voc\u00ea vai se deparar com uma paisagem \u00fanica no mundo, indescrit\u00edvel! A combina\u00e7\u00e3o de cores e a grandeza do ambiente fazem valer cada esfor\u00e7o.<\/li>\n\n\n\n<li><strong>Posso desenvolver o mal de altitude durante o trajeto para a Montanha das Sete Cores?<\/strong><br>\u00c9 poss\u00edvel que durante a subida voc\u00ea sinta os efeitos da altitude, o \u201csoroche\u201d, especialmente se voc\u00ea n\u00e3o estiver aclimatado conforme recomendamos. A forma de eliminar ou abrandar os sintomas, \u00e9 passar de 2 a 3 dias em Cusco antes de fazer a caminhada at\u00e9 a montanha, seguindo todos os conselhos que enumeramos acima. Sentir cansa\u00e7o ou dor de cabe\u00e7a leve s\u00e3o normais, mas se voc\u00ea tomar as precau\u00e7\u00f5es necess\u00e1rias, n\u00e3o deve temer.<\/li>\n\n\n\n<li><strong>Como surgiram as cores da Montanha das Sete Cores?<\/strong><br>As cores s\u00e3o devidas \u00e0 presen\u00e7a de minerais como o sulfeto de ferro, \u00f3xido de ferro e o magn\u00e9sio, que emergiram \u00e0 superf\u00edcie devido \u00e0 eros\u00e3o e \u00e0s mudan\u00e7as clim\u00e1ticas ao longo de milhares de anos. Curiosamente, a montanha foi descoberta em toda a sua plenitude apenas quando a neve que a encobria derreteu.<\/li>\n\n\n\n<li><strong>Preciso de um seguro de viagem para ir \u00e0 Montanha das Sete Cores?<\/strong><br>Sim, \u00e9 altamente recomend\u00e1vel, n\u00e3o s\u00f3 para a excurs\u00e3o \u00e0 montanha como para qualquer viagem! Muitas empresas de turismo s\u00e9rias fazem a exig\u00eancia de um seguro que cubra atividades de aventura. Al\u00e9m disso, em caso de emerg\u00eancia m\u00e9dica, os custos na cidade de Cusco s\u00e3o elevados.<\/li>\n\n\n\n<li><strong>O que acontece se acaso eu n\u00e3o conseguir chegar at\u00e9 o topo?<\/strong><br>Se voc\u00ea se sentir muito cansado, n\u00e3o se preocupe. \u00c9 poss\u00edvel alugar cavalos que te levar\u00e3o pela maior parte do caminho. No entanto, a \u00faltima parte da caminhada precisa ser conclu\u00edda a p\u00e9.<\/li>\n\n\n\n<li><strong>Preciso de um guia para visitar a Montanha das Sete Cores?<\/strong><br>N\u00e3o \u00e9 obrigat\u00f3ria a contrata\u00e7\u00e3o, mas \u00e9 altamente recomend\u00e1vel. Um guia n\u00e3o s\u00f3 te fornecer\u00e1 informa\u00e7\u00f5es valiosas sobre a regi\u00e3o, mas tamb\u00e9m vai garantir uma experi\u00eancia mais segura e satisfat\u00f3ria. Al\u00e9m disso, todos os pacotes j\u00e1 incluem guia, portanto, \u00e9 muito conveniente contratar uma ag\u00eancia de viagens.<\/li>\n\n\n\n<li><strong>Como \u00e9 a temperatura na Montanha das Sete Cores?<\/strong><br>Devido \u00e0 altitude e \u00e0 proximidade com o nevado Ausangate, as temperaturas s\u00e3o frescas. Durante a caminhada, voc\u00ea vai se aquecer, mas no topo o frio pode ser intenso. Leve roupas quentes e em camadas, para que voc\u00ea possa ajust\u00e1-las conforme o necess\u00e1rio.<\/li>\n\n\n\n<li><strong>Quanto tempo leva para chegar ao topo da Montanha Colorida?<\/strong><br>A caminhada at\u00e9 o topo, normalmente, leva entre <strong>1 hora e meia a 2 horas<\/strong>, dependendo do ritmo e da condi\u00e7\u00e3o f\u00edsica de cada pessoa.<\/li>\n\n\n\n<li><strong>Preciso estar em boa forma f\u00edsica para visitar a Montanha Colorida?<\/strong><br>Sim, a caminhada pode ser desafiadora, pois envolve subir a altitudes elevadas. \u00c9 recomend\u00e1vel estar em boa forma f\u00edsica e fazer o processo de aclimata\u00e7\u00e3o de forma correta antes de iniciar a caminhada.<\/li>\n\n\n\n<li><strong>H\u00e1 restri\u00e7\u00e3o de idade para visitar a Montanha Colorida?<\/strong><br>N\u00e3o h\u00e1 restri\u00e7\u00e3o, vai de acordo com o bom senso de cada um por ser uma caminhada desafiadora, ainda mais para crian\u00e7as pequenas e idosos. \u00c9 recomendado avaliar as condi\u00e7\u00f5es f\u00edsicas do participante antes de planejar a visita.<\/li>\n<\/ul>\n\n\n\n<h2 class=\"wp-block-heading\" id=\"h-pode-te-interessar\">Pode te interessar:<\/h2>\n\n\n\n<ul class=\"wp-block-list\">\n<li><a href=\"https:\/\/www.salkantaytrilha.com\/blog\/montanhas-coloridas-no-peru-tudo-o-que-voce-precisa-saber\/\"><strong>Montanhas Coloridas do Peru: Vinicunca, Palccoyo ou Pallay Punchu?<\/strong><\/a><\/li>\n\n\n\n<li><a href=\"https:\/\/www.salkantaytrilha.com\/blog\/tudo-sobre-as-montanhas-coloridas-do-peru\/\"><strong>Tudo sobre as montanhas coloridas do Peru<\/strong><\/a><\/li>\n\n\n\n<li><a href=\"https:\/\/www.salkantaytrilha.com\/blog\/montanha-arco-iris-de-palccoyo-tudo-o-que-voce-precisa-saber\/\"><strong>Montanha Arco-\u00cdris: Palccoyo, tudo o que voc\u00ea precisa saber<\/strong><\/a><\/li>\n\n\n\n<li><a href=\"https:\/\/www.salkantaytrilha.com\/blog\/montanha-colorida-no-peru-pallay-punchu-do-apu-tacllo\/\"><strong>Montanha Arco-\u00cdris: Pallay Punchu, tudo o que voc\u00ea precisa saber<\/strong><\/a><\/li>\n<\/ul>\n\n\n\n<p><\/p>\n\n\n\n<ul class=\"wp-block-list lang\">\n<li class=\"en\"><a href=\"https:\/\/www.salkantaytrekking.com\/blog\/mountain-of-7-colors-vinicunca-everything-you-need-to-know\/\">EN<\/a><\/li>\n\n\n\n<li class=\"es\"><a href=\"https:\/\/www.caminosalkantay.com\/blog\/la-montana-arcoiris-vinicunca-todo-lo-que-tienes-que-saber\/\">ES<\/a><\/li>\n<\/ul>\n\n\n\n<p><\/p>\n","protected":false},"excerpt":{"rendered":"<p>Descubra a majestosa Montanha das 7 Cores no Peru, tamb\u00e9m conhecida como Vinicunca ou Rainbow Mountain, um destino que parece extra\u00eddo de um sonho surrealista. Com suas impressionantes nuances de vermelho, verde, amarelo, roxo e azul, este fascinante lugar te [&hellip;]<\/p>\n","protected":false},"author":1,"featured_media":451,"comment_status":"open","ping_status":"open","sticky":false,"template":"","format":"standard","meta":{"footnotes":""},"categories":[71,112,96,115],"tags":[142,113,143,114],"class_list":["post-438","post","type-post","status-publish","format-standard","has-post-thumbnail","hentry","category-montanha-arco-iris","category-montanha-das-7-cores","category-montanhas","category-vinicunca","tag-cerro-colorado","tag-montanha-das-7-cores","tag-montanha-de-sete-cores","tag-vinicunca"],"yoast_head":"<!-- This site is optimized with the Yoast SEO Premium plugin v27.4 (Yoast SEO v27.4) - https:\/\/yoast.com\/product\/yoast-seo-premium-wordpress\/ -->\n<title>Montanha Arco-\u00cdris, Vinicunca: Tudo o Que Voc\u00ea Precisa Saber<\/title>\n<meta name=\"description\" content=\"A Montanha das 7 cores \u00e9 um para\u00edso andino que combina aventura e beleza. Descubra suas cores e hist\u00f3rias fascinantes.\" \/>\n<meta name=\"robots\" content=\"index, follow, max-snippet:-1, max-image-preview:large, max-video-preview:-1\" \/>\n<link rel=\"canonical\" href=\"https:\/\/www.salkantaytrilha.com\/blog\/montanha-arco-iris-vinicunca-tudo-o-que-voce-precisa-saber\/\" \/>\n<meta property=\"og:locale\" content=\"pt_BR\" \/>\n<meta property=\"og:type\" content=\"article\" \/>\n<meta property=\"og:title\" content=\"Montanha Arco-\u00cdris, Vinicunca: Tudo o Que Voc\u00ea Precisa Saber\" \/>\n<meta property=\"og:description\" content=\"A Montanha das 7 cores \u00e9 um para\u00edso andino que combina aventura e beleza. Descubra suas cores e hist\u00f3rias fascinantes.\" \/>\n<meta property=\"og:url\" content=\"https:\/\/www.salkantaytrilha.com\/blog\/montanha-arco-iris-vinicunca-tudo-o-que-voce-precisa-saber\/\" \/>\n<meta property=\"og:site_name\" content=\"informa\u00e7\u00f5es de viagens\" \/>\n<meta property=\"article:publisher\" content=\"https:\/\/www.facebook.com\/SalkantayTrekking\/\" \/>\n<meta property=\"article:published_time\" content=\"2025-03-21T00:27:15+00:00\" \/>\n<meta property=\"article:modified_time\" content=\"2026-03-02T15:04:45+00:00\" \/>\n<meta property=\"og:image\" content=\"https:\/\/www.salkantaytrilha.com\/blog\/wp-content\/uploads\/2024\/07\/Montanha-das-7-cores-Vinicunca.jpg\" \/>\n\t<meta property=\"og:image:width\" content=\"1873\" \/>\n\t<meta property=\"og:image:height\" content=\"1249\" \/>\n\t<meta property=\"og:image:type\" content=\"image\/jpeg\" \/>\n<meta name=\"author\" content=\"Trilha Salkantay\" \/>\n<meta name=\"twitter:card\" content=\"summary_large_image\" \/>\n<meta name=\"twitter:creator\" content=\"@salkantayperu\" \/>\n<meta name=\"twitter:site\" content=\"@salkantayperu\" \/>\n<meta name=\"twitter:label1\" content=\"Escrito por\" \/>\n\t<meta name=\"twitter:data1\" content=\"Trilha Salkantay\" \/>\n\t<meta name=\"twitter:label2\" content=\"Est. tempo de leitura\" \/>\n\t<meta name=\"twitter:data2\" content=\"26 minutos\" \/>\n<script type=\"application\/ld+json\" class=\"yoast-schema-graph\">{\"@context\":\"https:\\\/\\\/schema.org\",\"@graph\":[{\"@type\":\"Article\",\"@id\":\"https:\\\/\\\/www.salkantaytrilha.com\\\/blog\\\/montanha-arco-iris-vinicunca-tudo-o-que-voce-precisa-saber\\\/#article\",\"isPartOf\":{\"@id\":\"https:\\\/\\\/www.salkantaytrilha.com\\\/blog\\\/montanha-arco-iris-vinicunca-tudo-o-que-voce-precisa-saber\\\/\"},\"author\":{\"name\":\"Trilha Salkantay\",\"@id\":\"https:\\\/\\\/www.salkantaytrilha.com\\\/blog\\\/#\\\/schema\\\/person\\\/aa0e6175beac59e6519e5407b3d13d0d\"},\"headline\":\"Montanha Arco-\u00cdris, Vinicunca: Tudo o Que Voc\u00ea Precisa Saber\",\"datePublished\":\"2025-03-21T00:27:15+00:00\",\"dateModified\":\"2026-03-02T15:04:45+00:00\",\"mainEntityOfPage\":{\"@id\":\"https:\\\/\\\/www.salkantaytrilha.com\\\/blog\\\/montanha-arco-iris-vinicunca-tudo-o-que-voce-precisa-saber\\\/\"},\"wordCount\":4363,\"commentCount\":0,\"publisher\":{\"@id\":\"https:\\\/\\\/www.salkantaytrilha.com\\\/blog\\\/#organization\"},\"image\":{\"@id\":\"https:\\\/\\\/www.salkantaytrilha.com\\\/blog\\\/montanha-arco-iris-vinicunca-tudo-o-que-voce-precisa-saber\\\/#primaryimage\"},\"thumbnailUrl\":\"https:\\\/\\\/www.salkantaytrilha.com\\\/blog\\\/wp-content\\\/uploads\\\/2024\\\/07\\\/Montanha-das-7-cores-Vinicunca.jpg\",\"keywords\":[\"Cerro Colorado\",\"Montanha das 7 Cores\",\"Montanha de Sete Cores\",\"Vinicunca\"],\"articleSection\":[\"Montanha Arco-\u00cdris\",\"Montanha das 7 Cores\",\"Montanhas\",\"Vinicunca\"],\"inLanguage\":\"pt-BR\",\"potentialAction\":[{\"@type\":\"CommentAction\",\"name\":\"Comment\",\"target\":[\"https:\\\/\\\/www.salkantaytrilha.com\\\/blog\\\/montanha-arco-iris-vinicunca-tudo-o-que-voce-precisa-saber\\\/#respond\"]}]},{\"@type\":\"WebPage\",\"@id\":\"https:\\\/\\\/www.salkantaytrilha.com\\\/blog\\\/montanha-arco-iris-vinicunca-tudo-o-que-voce-precisa-saber\\\/\",\"url\":\"https:\\\/\\\/www.salkantaytrilha.com\\\/blog\\\/montanha-arco-iris-vinicunca-tudo-o-que-voce-precisa-saber\\\/\",\"name\":\"Montanha Arco-\u00cdris, Vinicunca: Tudo o Que Voc\u00ea Precisa Saber\",\"isPartOf\":{\"@id\":\"https:\\\/\\\/www.salkantaytrilha.com\\\/blog\\\/#website\"},\"primaryImageOfPage\":{\"@id\":\"https:\\\/\\\/www.salkantaytrilha.com\\\/blog\\\/montanha-arco-iris-vinicunca-tudo-o-que-voce-precisa-saber\\\/#primaryimage\"},\"image\":{\"@id\":\"https:\\\/\\\/www.salkantaytrilha.com\\\/blog\\\/montanha-arco-iris-vinicunca-tudo-o-que-voce-precisa-saber\\\/#primaryimage\"},\"thumbnailUrl\":\"https:\\\/\\\/www.salkantaytrilha.com\\\/blog\\\/wp-content\\\/uploads\\\/2024\\\/07\\\/Montanha-das-7-cores-Vinicunca.jpg\",\"datePublished\":\"2025-03-21T00:27:15+00:00\",\"dateModified\":\"2026-03-02T15:04:45+00:00\",\"description\":\"A Montanha das 7 cores \u00e9 um para\u00edso andino que combina aventura e beleza. Descubra suas cores e hist\u00f3rias fascinantes.\",\"breadcrumb\":{\"@id\":\"https:\\\/\\\/www.salkantaytrilha.com\\\/blog\\\/montanha-arco-iris-vinicunca-tudo-o-que-voce-precisa-saber\\\/#breadcrumb\"},\"inLanguage\":\"pt-BR\",\"potentialAction\":[{\"@type\":\"ReadAction\",\"target\":[\"https:\\\/\\\/www.salkantaytrilha.com\\\/blog\\\/montanha-arco-iris-vinicunca-tudo-o-que-voce-precisa-saber\\\/\"]}]},{\"@type\":\"ImageObject\",\"inLanguage\":\"pt-BR\",\"@id\":\"https:\\\/\\\/www.salkantaytrilha.com\\\/blog\\\/montanha-arco-iris-vinicunca-tudo-o-que-voce-precisa-saber\\\/#primaryimage\",\"url\":\"https:\\\/\\\/www.salkantaytrilha.com\\\/blog\\\/wp-content\\\/uploads\\\/2024\\\/07\\\/Montanha-das-7-cores-Vinicunca.jpg\",\"contentUrl\":\"https:\\\/\\\/www.salkantaytrilha.com\\\/blog\\\/wp-content\\\/uploads\\\/2024\\\/07\\\/Montanha-das-7-cores-Vinicunca.jpg\",\"width\":1873,\"height\":1249,\"caption\":\"Montanha das 7 cores: Vinicunca\"},{\"@type\":\"BreadcrumbList\",\"@id\":\"https:\\\/\\\/www.salkantaytrilha.com\\\/blog\\\/montanha-arco-iris-vinicunca-tudo-o-que-voce-precisa-saber\\\/#breadcrumb\",\"itemListElement\":[{\"@type\":\"ListItem\",\"position\":1,\"name\":\"In\u00edcio\",\"item\":\"https:\\\/\\\/www.salkantaytrilha.com\\\/blog\\\/\"},{\"@type\":\"ListItem\",\"position\":2,\"name\":\"Montanha Arco-\u00cdris, Vinicunca: Tudo o Que Voc\u00ea Precisa Saber\"}]},{\"@type\":\"WebSite\",\"@id\":\"https:\\\/\\\/www.salkantaytrilha.com\\\/blog\\\/#website\",\"url\":\"https:\\\/\\\/www.salkantaytrilha.com\\\/blog\\\/\",\"name\":\"informa\u00e7\u00f5es de viagens a Machu Picchu\",\"description\":\"\",\"publisher\":{\"@id\":\"https:\\\/\\\/www.salkantaytrilha.com\\\/blog\\\/#organization\"},\"potentialAction\":[{\"@type\":\"SearchAction\",\"target\":{\"@type\":\"EntryPoint\",\"urlTemplate\":\"https:\\\/\\\/www.salkantaytrilha.com\\\/blog\\\/?s={search_term_string}\"},\"query-input\":{\"@type\":\"PropertyValueSpecification\",\"valueRequired\":true,\"valueName\":\"search_term_string\"}}],\"inLanguage\":\"pt-BR\"},{\"@type\":\"Organization\",\"@id\":\"https:\\\/\\\/www.salkantaytrilha.com\\\/blog\\\/#organization\",\"name\":\"informa\u00e7\u00f5es de viagens a Machu Picchu\",\"url\":\"https:\\\/\\\/www.salkantaytrilha.com\\\/blog\\\/\",\"logo\":{\"@type\":\"ImageObject\",\"inLanguage\":\"pt-BR\",\"@id\":\"https:\\\/\\\/www.salkantaytrilha.com\\\/blog\\\/#\\\/schema\\\/logo\\\/image\\\/\",\"url\":\"https:\\\/\\\/www.salkantaytrilha.com\\\/blog\\\/wp-content\\\/uploads\\\/2024\\\/05\\\/salkantaytrekking-new-300x128-1.png\",\"contentUrl\":\"https:\\\/\\\/www.salkantaytrilha.com\\\/blog\\\/wp-content\\\/uploads\\\/2024\\\/05\\\/salkantaytrekking-new-300x128-1.png\",\"width\":300,\"height\":128,\"caption\":\"informa\u00e7\u00f5es de viagens a Machu Picchu\"},\"image\":{\"@id\":\"https:\\\/\\\/www.salkantaytrilha.com\\\/blog\\\/#\\\/schema\\\/logo\\\/image\\\/\"},\"sameAs\":[\"https:\\\/\\\/www.facebook.com\\\/SalkantayTrekking\\\/\",\"https:\\\/\\\/x.com\\\/salkantayperu\",\"https:\\\/\\\/www.pinterest.com\\\/salkantaytrekking\\\/\",\"https:\\\/\\\/www.instagram.com\\\/salkantaytrekking\\\/\",\"https:\\\/\\\/www.youtube.com\\\/user\\\/salkantaytrekking\",\"https:\\\/\\\/www.tiktok.com\\\/@salkantaytrekking\"]},{\"@type\":\"Person\",\"@id\":\"https:\\\/\\\/www.salkantaytrilha.com\\\/blog\\\/#\\\/schema\\\/person\\\/aa0e6175beac59e6519e5407b3d13d0d\",\"name\":\"Trilha Salkantay\",\"image\":{\"@type\":\"ImageObject\",\"inLanguage\":\"pt-BR\",\"@id\":\"https:\\\/\\\/secure.gravatar.com\\\/avatar\\\/b41678a33c57a2bf0032b7c254611fc97caffd94ade0663405b364d1c0177d1d?s=96&d=mm&r=g\",\"url\":\"https:\\\/\\\/secure.gravatar.com\\\/avatar\\\/b41678a33c57a2bf0032b7c254611fc97caffd94ade0663405b364d1c0177d1d?s=96&d=mm&r=g\",\"contentUrl\":\"https:\\\/\\\/secure.gravatar.com\\\/avatar\\\/b41678a33c57a2bf0032b7c254611fc97caffd94ade0663405b364d1c0177d1d?s=96&d=mm&r=g\",\"caption\":\"Trilha Salkantay\"},\"sameAs\":[\"https:\\\/\\\/www.salkantaytrilha.com\\\/blog\"]}]}<\/script>\n<!-- \/ Yoast SEO Premium plugin. -->","yoast_head_json":{"title":"Montanha Arco-\u00cdris, Vinicunca: Tudo o Que Voc\u00ea Precisa Saber","description":"A Montanha das 7 cores \u00e9 um para\u00edso andino que combina aventura e beleza. Descubra suas cores e hist\u00f3rias fascinantes.","robots":{"index":"index","follow":"follow","max-snippet":"max-snippet:-1","max-image-preview":"max-image-preview:large","max-video-preview":"max-video-preview:-1"},"canonical":"https:\/\/www.salkantaytrilha.com\/blog\/montanha-arco-iris-vinicunca-tudo-o-que-voce-precisa-saber\/","og_locale":"pt_BR","og_type":"article","og_title":"Montanha Arco-\u00cdris, Vinicunca: Tudo o Que Voc\u00ea Precisa Saber","og_description":"A Montanha das 7 cores \u00e9 um para\u00edso andino que combina aventura e beleza. Descubra suas cores e hist\u00f3rias fascinantes.","og_url":"https:\/\/www.salkantaytrilha.com\/blog\/montanha-arco-iris-vinicunca-tudo-o-que-voce-precisa-saber\/","og_site_name":"informa\u00e7\u00f5es de viagens","article_publisher":"https:\/\/www.facebook.com\/SalkantayTrekking\/","article_published_time":"2025-03-21T00:27:15+00:00","article_modified_time":"2026-03-02T15:04:45+00:00","og_image":[{"width":1873,"height":1249,"url":"https:\/\/www.salkantaytrilha.com\/blog\/wp-content\/uploads\/2024\/07\/Montanha-das-7-cores-Vinicunca.jpg","type":"image\/jpeg"}],"author":"Trilha Salkantay","twitter_card":"summary_large_image","twitter_creator":"@salkantayperu","twitter_site":"@salkantayperu","twitter_misc":{"Escrito por":"Trilha Salkantay","Est. tempo de leitura":"26 minutos"},"schema":{"@context":"https:\/\/schema.org","@graph":[{"@type":"Article","@id":"https:\/\/www.salkantaytrilha.com\/blog\/montanha-arco-iris-vinicunca-tudo-o-que-voce-precisa-saber\/#article","isPartOf":{"@id":"https:\/\/www.salkantaytrilha.com\/blog\/montanha-arco-iris-vinicunca-tudo-o-que-voce-precisa-saber\/"},"author":{"name":"Trilha Salkantay","@id":"https:\/\/www.salkantaytrilha.com\/blog\/#\/schema\/person\/aa0e6175beac59e6519e5407b3d13d0d"},"headline":"Montanha Arco-\u00cdris, Vinicunca: Tudo o Que Voc\u00ea Precisa Saber","datePublished":"2025-03-21T00:27:15+00:00","dateModified":"2026-03-02T15:04:45+00:00","mainEntityOfPage":{"@id":"https:\/\/www.salkantaytrilha.com\/blog\/montanha-arco-iris-vinicunca-tudo-o-que-voce-precisa-saber\/"},"wordCount":4363,"commentCount":0,"publisher":{"@id":"https:\/\/www.salkantaytrilha.com\/blog\/#organization"},"image":{"@id":"https:\/\/www.salkantaytrilha.com\/blog\/montanha-arco-iris-vinicunca-tudo-o-que-voce-precisa-saber\/#primaryimage"},"thumbnailUrl":"https:\/\/www.salkantaytrilha.com\/blog\/wp-content\/uploads\/2024\/07\/Montanha-das-7-cores-Vinicunca.jpg","keywords":["Cerro Colorado","Montanha das 7 Cores","Montanha de Sete Cores","Vinicunca"],"articleSection":["Montanha Arco-\u00cdris","Montanha das 7 Cores","Montanhas","Vinicunca"],"inLanguage":"pt-BR","potentialAction":[{"@type":"CommentAction","name":"Comment","target":["https:\/\/www.salkantaytrilha.com\/blog\/montanha-arco-iris-vinicunca-tudo-o-que-voce-precisa-saber\/#respond"]}]},{"@type":"WebPage","@id":"https:\/\/www.salkantaytrilha.com\/blog\/montanha-arco-iris-vinicunca-tudo-o-que-voce-precisa-saber\/","url":"https:\/\/www.salkantaytrilha.com\/blog\/montanha-arco-iris-vinicunca-tudo-o-que-voce-precisa-saber\/","name":"Montanha Arco-\u00cdris, Vinicunca: Tudo o Que Voc\u00ea Precisa Saber","isPartOf":{"@id":"https:\/\/www.salkantaytrilha.com\/blog\/#website"},"primaryImageOfPage":{"@id":"https:\/\/www.salkantaytrilha.com\/blog\/montanha-arco-iris-vinicunca-tudo-o-que-voce-precisa-saber\/#primaryimage"},"image":{"@id":"https:\/\/www.salkantaytrilha.com\/blog\/montanha-arco-iris-vinicunca-tudo-o-que-voce-precisa-saber\/#primaryimage"},"thumbnailUrl":"https:\/\/www.salkantaytrilha.com\/blog\/wp-content\/uploads\/2024\/07\/Montanha-das-7-cores-Vinicunca.jpg","datePublished":"2025-03-21T00:27:15+00:00","dateModified":"2026-03-02T15:04:45+00:00","description":"A Montanha das 7 cores \u00e9 um para\u00edso andino que combina aventura e beleza. Descubra suas cores e hist\u00f3rias fascinantes.","breadcrumb":{"@id":"https:\/\/www.salkantaytrilha.com\/blog\/montanha-arco-iris-vinicunca-tudo-o-que-voce-precisa-saber\/#breadcrumb"},"inLanguage":"pt-BR","potentialAction":[{"@type":"ReadAction","target":["https:\/\/www.salkantaytrilha.com\/blog\/montanha-arco-iris-vinicunca-tudo-o-que-voce-precisa-saber\/"]}]},{"@type":"ImageObject","inLanguage":"pt-BR","@id":"https:\/\/www.salkantaytrilha.com\/blog\/montanha-arco-iris-vinicunca-tudo-o-que-voce-precisa-saber\/#primaryimage","url":"https:\/\/www.salkantaytrilha.com\/blog\/wp-content\/uploads\/2024\/07\/Montanha-das-7-cores-Vinicunca.jpg","contentUrl":"https:\/\/www.salkantaytrilha.com\/blog\/wp-content\/uploads\/2024\/07\/Montanha-das-7-cores-Vinicunca.jpg","width":1873,"height":1249,"caption":"Montanha das 7 cores: Vinicunca"},{"@type":"BreadcrumbList","@id":"https:\/\/www.salkantaytrilha.com\/blog\/montanha-arco-iris-vinicunca-tudo-o-que-voce-precisa-saber\/#breadcrumb","itemListElement":[{"@type":"ListItem","position":1,"name":"In\u00edcio","item":"https:\/\/www.salkantaytrilha.com\/blog\/"},{"@type":"ListItem","position":2,"name":"Montanha Arco-\u00cdris, Vinicunca: Tudo o Que Voc\u00ea Precisa Saber"}]},{"@type":"WebSite","@id":"https:\/\/www.salkantaytrilha.com\/blog\/#website","url":"https:\/\/www.salkantaytrilha.com\/blog\/","name":"informa\u00e7\u00f5es de viagens a Machu Picchu","description":"","publisher":{"@id":"https:\/\/www.salkantaytrilha.com\/blog\/#organization"},"potentialAction":[{"@type":"SearchAction","target":{"@type":"EntryPoint","urlTemplate":"https:\/\/www.salkantaytrilha.com\/blog\/?s={search_term_string}"},"query-input":{"@type":"PropertyValueSpecification","valueRequired":true,"valueName":"search_term_string"}}],"inLanguage":"pt-BR"},{"@type":"Organization","@id":"https:\/\/www.salkantaytrilha.com\/blog\/#organization","name":"informa\u00e7\u00f5es de viagens a Machu Picchu","url":"https:\/\/www.salkantaytrilha.com\/blog\/","logo":{"@type":"ImageObject","inLanguage":"pt-BR","@id":"https:\/\/www.salkantaytrilha.com\/blog\/#\/schema\/logo\/image\/","url":"https:\/\/www.salkantaytrilha.com\/blog\/wp-content\/uploads\/2024\/05\/salkantaytrekking-new-300x128-1.png","contentUrl":"https:\/\/www.salkantaytrilha.com\/blog\/wp-content\/uploads\/2024\/05\/salkantaytrekking-new-300x128-1.png","width":300,"height":128,"caption":"informa\u00e7\u00f5es de viagens a Machu Picchu"},"image":{"@id":"https:\/\/www.salkantaytrilha.com\/blog\/#\/schema\/logo\/image\/"},"sameAs":["https:\/\/www.facebook.com\/SalkantayTrekking\/","https:\/\/x.com\/salkantayperu","https:\/\/www.pinterest.com\/salkantaytrekking\/","https:\/\/www.instagram.com\/salkantaytrekking\/","https:\/\/www.youtube.com\/user\/salkantaytrekking","https:\/\/www.tiktok.com\/@salkantaytrekking"]},{"@type":"Person","@id":"https:\/\/www.salkantaytrilha.com\/blog\/#\/schema\/person\/aa0e6175beac59e6519e5407b3d13d0d","name":"Trilha Salkantay","image":{"@type":"ImageObject","inLanguage":"pt-BR","@id":"https:\/\/secure.gravatar.com\/avatar\/b41678a33c57a2bf0032b7c254611fc97caffd94ade0663405b364d1c0177d1d?s=96&d=mm&r=g","url":"https:\/\/secure.gravatar.com\/avatar\/b41678a33c57a2bf0032b7c254611fc97caffd94ade0663405b364d1c0177d1d?s=96&d=mm&r=g","contentUrl":"https:\/\/secure.gravatar.com\/avatar\/b41678a33c57a2bf0032b7c254611fc97caffd94ade0663405b364d1c0177d1d?s=96&d=mm&r=g","caption":"Trilha Salkantay"},"sameAs":["https:\/\/www.salkantaytrilha.com\/blog"]}]}},"_links":{"self":[{"href":"https:\/\/www.salkantaytrilha.com\/blog\/wp-json\/wp\/v2\/posts\/438","targetHints":{"allow":["GET"]}}],"collection":[{"href":"https:\/\/www.salkantaytrilha.com\/blog\/wp-json\/wp\/v2\/posts"}],"about":[{"href":"https:\/\/www.salkantaytrilha.com\/blog\/wp-json\/wp\/v2\/types\/post"}],"author":[{"embeddable":true,"href":"https:\/\/www.salkantaytrilha.com\/blog\/wp-json\/wp\/v2\/users\/1"}],"replies":[{"embeddable":true,"href":"https:\/\/www.salkantaytrilha.com\/blog\/wp-json\/wp\/v2\/comments?post=438"}],"version-history":[{"count":19,"href":"https:\/\/www.salkantaytrilha.com\/blog\/wp-json\/wp\/v2\/posts\/438\/revisions"}],"predecessor-version":[{"id":5475,"href":"https:\/\/www.salkantaytrilha.com\/blog\/wp-json\/wp\/v2\/posts\/438\/revisions\/5475"}],"wp:featuredmedia":[{"embeddable":true,"href":"https:\/\/www.salkantaytrilha.com\/blog\/wp-json\/wp\/v2\/media\/451"}],"wp:attachment":[{"href":"https:\/\/www.salkantaytrilha.com\/blog\/wp-json\/wp\/v2\/media?parent=438"}],"wp:term":[{"taxonomy":"category","embeddable":true,"href":"https:\/\/www.salkantaytrilha.com\/blog\/wp-json\/wp\/v2\/categories?post=438"},{"taxonomy":"post_tag","embeddable":true,"href":"https:\/\/www.salkantaytrilha.com\/blog\/wp-json\/wp\/v2\/tags?post=438"}],"curies":[{"name":"wp","href":"https:\/\/api.w.org\/{rel}","templated":true}]}}