{"id":453,"date":"2024-07-03T17:28:16","date_gmt":"2024-07-03T20:28:16","guid":{"rendered":"https:\/\/www.salkantaytrilha.com\/blog\/?p=453"},"modified":"2026-03-02T12:07:48","modified_gmt":"2026-03-02T15:07:48","slug":"museus-que-voce-nao-pode-perder-em-sua-visita-a-cusco","status":"publish","type":"post","link":"https:\/\/www.salkantaytrilha.com\/blog\/museus-que-voce-nao-pode-perder-em-sua-visita-a-cusco\/","title":{"rendered":"Museus que voc\u00ea n\u00e3o pode perder em sua visita a Cusco"},"content":{"rendered":"\n<p>Descubra a magia, da hist\u00f3rica e cultural cidade de Cusco: a cidade ancestral, que outrora foi a joia do Imp\u00e9rio Inca. Percorrer suas ruas de paralelep\u00edpedos \u00e9 mergulhar em um passado glorioso, onde os vest\u00edgios da grandeza inca se misturam com a heran\u00e7a colonial.<\/p>\n\n\n\n<p>Para poder apreciar plenamente a riqueza deste legado, \u00e9 imprescind\u00edvel explorar seus museus locais. Nestes santu\u00e1rios do conhecimento, desdobra-se diante de seus olhos um panorama que cativa e abrange, desde a grandeza da civiliza\u00e7\u00e3o inca, at\u00e9 a influ\u00eancia colonial e a diversidade natural da regi\u00e3o.<\/p>\n\n\n\n<p>A seguir, apresento uma lista dos museus que voc\u00ea n\u00e3o pode perder ao visitar Cusco, lugares que conectam voc\u00ea \u00e0 magia do passado e da cultura inca.<\/p>\n\n\n\n<div class=\"wp-block-rank-math-toc-block anchor-links\"><ul><li><a href=\"#h-museu-de-arte-religiosa\" >Museu de Arte Religiosa<\/a><\/li><li><a href=\"#h-museu-do-mosteiro-de-santa-catalina-de-siena\" >Museu do Mosteiro de Santa Catalina de Siena<\/a><\/li><li><a href=\"#h-museu-da-catedral-de-cusco\" >Museu da Catedral de Cusco<\/a><\/li><li><a href=\"#h-museu-de-arte-pre-colombiano\" >Museu de Arte Pr\u00e9-Colombiano<\/a><\/li><li><a href=\"#h-museu-inka\" >Museu Inka<\/a><\/li><li><a href=\"#h-museu-de-arte-contemporanea\" >Museu de Arte Contempor\u00e2nea<\/a><\/li><li><a href=\"#h-museu-do-convento-do-templo-de-sao-francisco\" >Museu do Convento do Templo de S\u00e3o Francisco<\/a><\/li><li><a href=\"#h-museu-coricancha\" >Museu Coricancha<\/a><\/li><\/nav><\/ul><\/div>\n\n\n\n<h2 class=\"wp-block-heading\" id=\"h-museu-de-arte-religiosa\">Museu de Arte Religiosa<\/h2>\n\n\n\n<p>O Museu de Arte Religiosa de Cusco, localizado no Pal\u00e1cio Arcebispal, abriga uma impressionante cole\u00e7\u00e3o de arte colonial, incluindo pinturas, esculturas, entalhes, ret\u00e1bulos e m\u00f3veis religiosos. Constru\u00eddo sobre as bases de um antigo pal\u00e1cio inca, o museu oferece uma viagem fascinante atrav\u00e9s da hist\u00f3ria e da arte de Cusco.<\/p>\n\n\n\n<p><strong>Hist\u00f3ria do Museu:<\/strong>&nbsp;<\/p>\n\n\n\n<p>Constru\u00eddo sobre os alicerces do pal\u00e1cio do Inca Roca, sexto governante inca, uma parte da estrutura original foi demolida para dar lugar \u00e0 resid\u00eancia do primeiro bispo de Cusco, Frei Vicente Valverde. No decorrer do s\u00e9culo XX, este edif\u00edcio emblem\u00e1tico passou por uma metamorfose, ao se tornar o Pal\u00e1cio Arcebispal.<\/p>\n\n\n\n<p><strong>Arquitetura:<\/strong><\/p>\n\n\n\n<ul class=\"wp-block-list\">\n<li>Imponente arquitetura colonial de estilo barroco.<\/li>\n\n\n\n<li>Constru\u00eddo em pedra, com colunas, balc\u00f5es de ajimez, janelas, p\u00e1tios, fontes e arcos belamente decorados.<\/li>\n\n\n\n<li>Muros que conservam sua estrutura de pedra incaica.<\/li>\n\n\n\n<li>S\u00edmbolo das diferentes etapas de Cusco: pr\u00e9-inca, inca, colonial e moderna.<\/li>\n<\/ul>\n\n\n\n<p><strong>Cole\u00e7\u00e3o:<\/strong><\/p>\n\n\n\n<ul class=\"wp-block-list\">\n<li>Mais de 200 pinturas coloniais com tem\u00e1tica religiosa.<\/li>\n\n\n\n<li>Obras de renomados artistas da Escola Cusquenha, como Diego Quispe Tito.<\/li>\n<\/ul>\n\n\n\n<p><strong>Pe\u00e7as destacadas:<\/strong><\/p>\n\n\n\n<ul class=\"wp-block-list\">\n<li>&#8220;A Virgem do Leite&#8221; (an\u00f4nimo)<\/li>\n\n\n\n<li>&#8220;Cristo Crucificado&#8221; (an\u00f4nimo)<\/li>\n\n\n\n<li>Sala Diego Quispe Tito: 12 pinturas sobre a festividade do Corpus Christi<\/li>\n\n\n\n<li>Capela da igreja: ret\u00e1bulo barroco, adornado em folha de ouro<\/li>\n\n\n\n<li>Sal\u00e3o Dourado<\/li>\n<\/ul>\n\n\n\n<p><strong>Localiza\u00e7\u00e3o:<\/strong><\/p>\n\n\n\n<ul class=\"wp-block-list\">\n<li>Calle Hatun Rumiyoc, a poucos passos da Plaza de Armas de Cusco.<\/li>\n\n\n\n<li>A famosa Pedra dos 12 \u00c2ngulos faz parte do complexo.<\/li>\n<\/ul>\n\n\n\n<p><iframe src=\"https:\/\/www.google.com\/maps\/embed?pb=!1m14!1m8!1m3!1d969.8292599193609!2d-71.97634!3d-13.516125!3m2!1i1024!2i768!4f13.1!3m3!1m2!1s0x916dd67488c57cb9%3A0x684ed8f9c679d466!2sMuseo%20de%20Arte%20Religioso!5e0!3m2!1ses-419!2spe!4v1720016578647!5m2!1ses-419!2spe\" width=\"100%\" height=\"450\" style=\"border:0;\" allowfullscreen=\"\" loading=\"lazy\" referrerpolicy=\"no-referrer-when-downgrade\"><\/iframe><\/p>\n\n\n\n<p><strong>Hor\u00e1rio:<\/strong><\/p>\n\n\n\n<ul class=\"wp-block-list\">\n<li>Segunda a s\u00e1bado: 8:00 \u00e0s 18:00<\/li>\n\n\n\n<li>Domingos: Fechado<\/li>\n<\/ul>\n\n\n\n<p><strong>Pre\u00e7o:<\/strong><\/p>\n\n\n\n<ul class=\"wp-block-list\">\n<li>Aproximadamente 30 soles (8 USD)<\/li>\n<\/ul>\n\n\n\n<p><strong>Dicas:<\/strong><\/p>\n\n\n\n<ul class=\"wp-block-list\">\n<li>Fotografias n\u00e3o s\u00e3o permitidas dentro do museu.<\/li>\n\n\n\n<li>Guias especializados dispon\u00edveis por um custo adicional.<\/li>\n\n\n\n<li>Visite outras igrejas e templos de Cusco para apreciar a arte colonial, como a igreja de San Pedro, Santo Domingo, San Francisco, Santa Ana, La Merced e a Companhia de Jesus.<\/li>\n\n\n\n<li>A entrada nessas igrejas \u00e9 gratuita durante as missas (geralmente aos domingos pela manh\u00e3).<\/li>\n<\/ul>\n\n\n\n<p>O museu \u00e9 parte integrante do Circuito Religioso, que tamb\u00e9m abrange a igreja de San Blas, a igreja de San Crist\u00f3bal e a Catedral de Cusco. Para acessar o museu, pode-se optar por caminhar desde a Plaza de Armas ou tomar um t\u00e1xi.&nbsp;<\/p>\n\n\n\n<div class=\"wp-block-columns is-layout-flex wp-container-core-columns-is-layout-9d6595d7 wp-block-columns-is-layout-flex\">\n<div class=\"wp-block-column is-layout-flow wp-block-column-is-layout-flow\"><div class=\"wp-block-image\">\n<figure class=\"aligncenter size-full\"><img loading=\"lazy\" decoding=\"async\" width=\"800\" height=\"1000\" src=\"https:\/\/www.salkantaytrilha.com\/blog\/wp-content\/uploads\/2024\/07\/Museu-Arte-Religiosa.jpg\" alt=\"Museu de Arte Religiosa\" class=\"wp-image-456\"\/><figcaption class=\"wp-element-caption\">Museu de Arte Religiosa<\/figcaption><\/figure>\n<\/div><\/div>\n\n\n\n<div class=\"wp-block-column is-layout-flow wp-block-column-is-layout-flow\"><div class=\"wp-block-image\">\n<figure class=\"aligncenter size-full\"><img loading=\"lazy\" decoding=\"async\" width=\"800\" height=\"1000\" src=\"https:\/\/www.salkantaytrilha.com\/blog\/wp-content\/uploads\/2024\/07\/Museo-Arte-Religioso-Cusco.jpg\" alt=\"Museo de Arte Religioso del Cusco\" class=\"wp-image-457\"\/><figcaption class=\"wp-element-caption\">Museo de Arte Religioso del Cusco<\/figcaption><\/figure>\n<\/div><\/div>\n<\/div>\n\n\n\n<h2 class=\"wp-block-heading\" id=\"h-museu-do-mosteiro-de-santa-catalina-de-siena\">Museu do Mosteiro de Santa Catalina de Siena<\/h2>\n\n\n\n<p>Com uma hist\u00f3ria que remonta \u00e0s suas origens, em 1601 em Arequipa, fundado por dona Luc\u00eda Rivera de Padilla, o Mosteiro de Santa Catalina de Siena tem sido testemunha de s\u00e9culos de transforma\u00e7\u00f5es e desafios. Transferido para Cusco, em 1605, devido a desastres naturais, este mosteiro tem sido o lar de freiras dominicanas, de vida contemplativa, desde o seu estabelecimento.<\/p>\n\n\n\n<p>Reconhecido como uma das tr\u00eas comunidades de freiras de clausura mais antigas de Cusco, o mosteiro manteve sua presen\u00e7a e influ\u00eancia ao longo dos s\u00e9culos. Mesmo durante a \u00e9poca republicana, o mosteiro continuou seu funcionamento de maneira ininterrupta, sendo um ref\u00fagio de espiritualidade e tradi\u00e7\u00e3o, em meio \u00e0s mudan\u00e7as pol\u00edticas e sociais.<\/p>\n\n\n\n<p>&nbsp;Seu legado perdura como um testemunho vivo da f\u00e9 e devo\u00e7\u00e3o, que caracterizaram esta institui\u00e7\u00e3o, ao longo de sua longa e rica hist\u00f3ria.<\/p>\n\n\n\n<p><strong>Localiza\u00e7\u00e3o:<\/strong><\/p>\n\n\n\n<ul class=\"wp-block-list\">\n<li>Calle Arequipa 401, Cusco.<\/li>\n<\/ul>\n\n\n\n<p><iframe src=\"https:\/\/www.google.com\/maps\/embed?pb=!1m14!1m8!1m3!1d1939.648217206395!2d-71.977333!3d-13.517391!3m2!1i1024!2i768!4f13.1!3m3!1m2!1s0x916dd6749f87ef53%3A0xfcbbdb2fb9d3df9d!2sMuseo%20Del%20Monast%C3%A9rio%20De%20Santa%20Catalina%20De%20Siena!5e0!3m2!1ses-419!2spe!4v1720017029198!5m2!1ses-419!2spe\" width=\"100%\" height=\"450\" style=\"border:0;\" allowfullscreen=\"\" loading=\"lazy\" referrerpolicy=\"no-referrer-when-downgrade\"><\/iframe><\/p>\n\n\n\n<p><strong>Atra\u00e7\u00f5es:<\/strong><\/p>\n\n\n\n<ul class=\"wp-block-list\">\n<li><strong>Arquitetura colonial:<\/strong> Estilo renascentista tardio com arcos romanos.<\/li>\n\n\n\n<li><strong>Pinturas:<\/strong> Escola cusquenha dos s\u00e9culos XVII e XVIII.<\/li>\n\n\n\n<li><strong>Tapetes:<\/strong> Enormes tapetes da \u00e9poca colonial.<\/li>\n\n\n\n<li><strong>Sala capitular:<\/strong> Admir\u00e1vel pela sua colorida cole\u00e7\u00e3o de pinturas coloniais.<\/li>\n<\/ul>\n\n\n\n<p><strong>Museu da Vida Mon\u00e1stica:<\/strong><\/p>\n\n\n\n<ul class=\"wp-block-list\">\n<li>Exibe trabalhos de ourivesaria, t\u00eaxteis, esculturas e ret\u00e1bulos.<\/li>\n\n\n\n<li>Lienzos de autores an\u00f4nimos, incluindo &#8220;O Senhor dos Tremores&#8221;.<\/li>\n\n\n\n<li>Cole\u00e7\u00e3o sobre a vida e milagres de Santa Rosa de Lima.<\/li>\n\n\n\n<li>Objetos lit\u00fargicos, murais, entalhes, ourivesaria em ouro e prata.<\/li>\n\n\n\n<li>Capela com representa\u00e7\u00e3o da flora da cosmovis\u00e3o inca.<\/li>\n\n\n\n<li>Ba\u00fa com maquete da vida de Cristo, utilizado para a evangeliza\u00e7\u00e3o.<\/li>\n\n\n\n<li>Ampla exposi\u00e7\u00e3o sobre a vida mon\u00e1stica dentro do convento.<\/li>\n<\/ul>\n\n\n\n<p><strong>Hor\u00e1rio:<\/strong><\/p>\n\n\n\n<ul class=\"wp-block-list\">\n<li>Segunda a s\u00e1bado: 8:30 \u00e0s 17:30.<\/li>\n\n\n\n<li>Domingo: 14:00 \u00e0s 17:00.<\/li>\n<\/ul>\n\n\n\n<p><strong>Pre\u00e7o:<\/strong><\/p>\n\n\n\n<ul class=\"wp-block-list\">\n<li>Adultos: S\/ 8.00<\/li>\n\n\n\n<li>Estudantes: S\/ 4.00<\/li>\n\n\n\n<li>Tr\u00eas cole\u00e7\u00f5es pict\u00f3ricas famosas:&nbsp;\n<ul class=\"wp-block-list\">\n<li>Nossa Senhora de la Almudena (1698) por Basilio Santa Cruz Pumacallao&nbsp;<\/li>\n\n\n\n<li>S\u00e9rie das Ladainhas Lauretanas (1755) por Marcos Zapata&nbsp;<\/li>\n\n\n\n<li>Virgem do Pajarito (s. XVI) por Bernardo Dem\u00f3crito Bitti<\/li>\n<\/ul>\n<\/li>\n<\/ul>\n\n\n\n<p><strong>Esculturas:<\/strong> O Mosteiro de Santa Catalina de Siena, al\u00e9m de ser um tesouro hist\u00f3rico e espiritual, \u00e9 uma parada essencial no Circuito Religioso de Cusco. Localizado a uma curta dist\u00e2ncia da Plaza de Armas, os visitantes podem optar por desfrutar de um agrad\u00e1vel passeio a p\u00e9, ou tomar um t\u00e1xi para chegar ao mosteiro.<\/p>\n\n\n\n<p>\u00c9 importante ter em conta que, por respeito \u00e0 vida contemplativa das freiras, n\u00e3o s\u00e3o permitidas fotografias dentro das instala\u00e7\u00f5es. No entanto, os turistas t\u00eam a oportunidade de participar de visitas guiadas dispon\u00edveis em espanhol e ingl\u00eas, que oferecem uma experi\u00eancia enriquecedora ao explorar a hist\u00f3ria e a arquitetura deste vener\u00e1vel lugar de culto.&nbsp;<\/p>\n\n\n\n<div class=\"wp-block-columns is-layout-flex wp-container-core-columns-is-layout-9d6595d7 wp-block-columns-is-layout-flex\">\n<div class=\"wp-block-column is-layout-flow wp-block-column-is-layout-flow\"><div class=\"wp-block-image\">\n<figure class=\"aligncenter size-full\"><img loading=\"lazy\" decoding=\"async\" width=\"800\" height=\"1000\" src=\"https:\/\/www.salkantaytrilha.com\/blog\/wp-content\/uploads\/2024\/07\/Museu-Mosteiro-Santa-Catalina-Siena.jpg\" alt=\"Museu do Mosteiro de Santa Catalina de Siena\" class=\"wp-image-458\"\/><figcaption class=\"wp-element-caption\">Museu do Mosteiro de Santa Catalina de Siena<\/figcaption><\/figure>\n<\/div><\/div>\n\n\n\n<div class=\"wp-block-column is-layout-flow wp-block-column-is-layout-flow\"><div class=\"wp-block-image\">\n<figure class=\"aligncenter size-full\"><img loading=\"lazy\" decoding=\"async\" width=\"800\" height=\"1000\" src=\"https:\/\/www.salkantaytrilha.com\/blog\/wp-content\/uploads\/2024\/07\/Mosteiro-de-Santa-Catalina-de-Siena.jpg\" alt=\"Mosteiro de Santa Catalina de Siena\" class=\"wp-image-459\"\/><figcaption class=\"wp-element-caption\">Mosteiro de Santa Catalina de Siena<\/figcaption><\/figure>\n<\/div><\/div>\n<\/div>\n\n\n\n<h2 class=\"wp-block-heading\" id=\"h-museu-da-catedral-de-cusco\">Museu da Catedral de Cusco<\/h2>\n\n\n\n<p>A majestosa Catedral de Cusco, considerada um dos tesouros arquitet\u00f4nicos mais significativos da Am\u00e9rica do Sul, tem suas ra\u00edzes profundamente enraizadas na hist\u00f3ria colonial do Peru. Sua constru\u00e7\u00e3o remonta a 1536, pouco depois da chegada dos espanh\u00f3is \u00e0 regi\u00e3o. Por ordem de Francisco Pizarro, a catedral foi erguida sobre os alicerces do pal\u00e1cio do Inca Viracocha, marcando assim um ponto de inflex\u00e3o na transforma\u00e7\u00e3o da paisagem urbana cusquenha. Este monumental projeto foi impulsionado pela fervorosa ambi\u00e7\u00e3o dos conquistadores espanh\u00f3is em deixar sua marca na nova terra descoberta.<\/p>\n\n\n\n<p>Um marco crucial na hist\u00f3ria da catedral, foi a designa\u00e7\u00e3o de Frei Vicente de Valverde como o primeiro bispo de Cusco e, portanto, da Am\u00e9rica do Sul. Sua nomea\u00e7\u00e3o n\u00e3o apenas simbolizou a consolida\u00e7\u00e3o do poder eclesi\u00e1stico na regi\u00e3o, mas tamb\u00e9m estabeleceu um v\u00ednculo direto entre a diocese de Cusco e o bispado de Sevilha, na Espanha. Esta conex\u00e3o com o centro da cristandade hisp\u00e2nica n\u00e3o s\u00f3 influenciou a administra\u00e7\u00e3o religiosa local, mas tamb\u00e9m deixou uma marca indel\u00e9vel na cultura, arquitetura e identidade da Cusco colonial. A catedral tornou-se assim, um farol da f\u00e9 cat\u00f3lica no Novo Mundo, projetando a influ\u00eancia e o prest\u00edgio da Igreja, em toda a regi\u00e3o andina.<\/p>\n\n\n\n<p><strong>Localiza\u00e7\u00e3o:<\/strong><\/p>\n\n\n\n<ul class=\"wp-block-list\">\n<li>Plaza de Armas de Cusco, ao lado da Igreja da Sagrada Fam\u00edlia e da Igreja do Triunfo.<\/li>\n<\/ul>\n\n\n\n<p><iframe src=\"https:\/\/www.google.com\/maps\/embed?pb=!1m14!1m8!1m3!1d484.91449975831847!2d-71.977873!3d-13.516189!3m2!1i1024!2i768!4f13.1!3m3!1m2!1s0x916dd6736d9ad797%3A0xf5950f9da0b14369!2sCoro%20Catedral%20del%20Cusco-%20984%20625080!5e0!3m2!1ses-419!2spe!4v1720017364686!5m2!1ses-419!2spe\" width=\"100%\" height=\"450\" style=\"border:0;\" allowfullscreen=\"\" loading=\"lazy\" referrerpolicy=\"no-referrer-when-downgrade\"><\/iframe><\/p>\n\n\n\n<p><strong>Arquitetura:<\/strong><\/p>\n\n\n\n<ul class=\"wp-block-list\">\n<li>Estilo renascentista na fachada e barroco, tardo-g\u00f3tico e plateresco no interior.<\/li>\n\n\n\n<li>Planta retangular com tr\u00eas naves: nave da ep\u00edstola, central e do evangelho.<\/li>\n\n\n\n<li>14 pilares cruciformes que sustentam 24 ab\u00f3badas de nervuras.<\/li>\n\n\n\n<li>Fachada de pedra andesita com tr\u00eas portadas.<\/li>\n<\/ul>\n\n\n\n<p><strong>Igrejas adjacentes:<\/strong><\/p>\n\n\n\n<ul class=\"wp-block-list\">\n<li><strong>Igreja da Sagrada Fam\u00edlia:<\/strong> Constru\u00edda entre 1723 e 1735, foi inicialmente o primeiro cemit\u00e9rio da cidade.<\/li>\n\n\n\n<li><strong>Igreja do Triunfo:<\/strong> Primeira igreja de Cusco, constru\u00edda em 1539 sobre o pal\u00e1cio de Viracocha. Aqui repousam os restos de Inca Garcilaso de la Vega.<\/li>\n<\/ul>\n\n\n\n<p><strong>Arte pict\u00f3rica:<\/strong><\/p>\n\n\n\n<ul class=\"wp-block-list\">\n<li>Influ\u00eancia do estilo barroco a partir do s\u00e9culo XVII.<\/li>\n\n\n\n<li>Destacam-se as obras de Diego Quispe Tito, Basilio Santa Cruz Pumacallao, Bernardo Bitti e Mateo P\u00e9rez de Alesio.<\/li>\n<\/ul>\n\n\n\n<p><strong>Esculturas:<\/strong><\/p>\n\n\n\n<ul class=\"wp-block-list\">\n<li>Estilo barroco e renascentista, com realismo e propor\u00e7\u00f5es humanas.<\/li>\n\n\n\n<li>Madeira de cedro, maguey e outros materiais.<\/li>\n\n\n\n<li>Figuras de Santos, Santas, Virgens e Cristo.<\/li>\n\n\n\n<li>Escultura principal: &#8220;Senhor dos Tremores&#8221; ou &#8220;Cristo Negro&#8221;, padroeiro jurado de Cusco.<\/li>\n\n\n\n<li>Outras esculturas not\u00e1veis: Entalhe de S\u00e3o Miguel Arcanjo, Virgem da Imaculada Concei\u00e7\u00e3o (&#8220;La Linda&#8221;), cadeiral do coro, altar-mor da Igreja da Sagrada Fam\u00edlia e do Triunfo, p\u00falpito.<\/li>\n<\/ul>\n\n\n\n<p><strong>Tesouros:<\/strong><\/p>\n\n\n\n<ul class=\"wp-block-list\">\n<li>Imagem do Cristo Negro e a \u00daltima Ceia de Marco Zapata Sinchi Roqa com um cuy.<\/li>\n\n\n\n<li>Variedade de elementos de alto valor: ouro, pedras preciosas e prata.<\/li>\n\n\n\n<li>256 ornamentos ou objetos met\u00e1licos de diferentes tamanhos.<\/li>\n\n\n\n<li>Capela da Ourivesaria: caldeir\u00e3o para \u00e1gua benta, candelabros, l\u00e2mpadas, cust\u00f3dia feita por Gregorio Gallegos em 1745 (1,20 metros de altura, 27 quilos, com p\u00e9rolas, rubis e esmeraldas).<\/li>\n<\/ul>\n\n\n\n<p><strong>Detalhes:<\/strong><\/p>\n\n\n\n<ul class=\"wp-block-list\">\n<li><strong>Localiza\u00e7\u00e3o:<\/strong> Parte oriental da Plaza de Armas<\/li>\n\n\n\n<li><strong>Hor\u00e1rio:<\/strong> Segunda a domingo, das 10:00 \u00e0s 18:00 horas.<\/li>\n<\/ul>\n\n\n\n<p><strong>Pre\u00e7o:<\/strong><\/p>\n\n\n\n<ul class=\"wp-block-list\">\n<li>Adultos (Nacional ou Estrangeiro): 40 Soles peruanos.<\/li>\n\n\n\n<li>Estudantes (Nacional ou Estrangeiro): 20 Soles peruanos (com carteira ISIC vigente).<\/li>\n<\/ul>\n\n\n\n<p><strong>Dicas:<\/strong><\/p>\n\n\n\n<ul class=\"wp-block-list\">\n<li>Comprar a entrada com anteced\u00eancia.<\/li>\n\n\n\n<li>Levar roupa e cal\u00e7ado confort\u00e1veis, j\u00e1 que \u00e9 necess\u00e1rio caminhar bastante.<\/li>\n\n\n\n<li>Respeitar as normas da catedral: sil\u00eancio, vestimenta adequada, n\u00e3o tirar fotos em \u00e1reas restritas.<\/li>\n\n\n\n<li>Contratar uma visita guiada para conhecer mais a fundo a hist\u00f3ria e a arte da catedral.<\/li>\n<\/ul>\n\n\n\n<div class=\"wp-block-columns is-layout-flex wp-container-core-columns-is-layout-9d6595d7 wp-block-columns-is-layout-flex\">\n<div class=\"wp-block-column is-layout-flow wp-block-column-is-layout-flow\"><div class=\"wp-block-image\">\n<figure class=\"aligncenter size-full\"><img loading=\"lazy\" decoding=\"async\" width=\"800\" height=\"1000\" src=\"https:\/\/www.salkantaytrilha.com\/blog\/wp-content\/uploads\/2024\/07\/A-majestosa-Catedral-de-Cusco.jpg\" alt=\"A majestosa Catedral de Cusco\" class=\"wp-image-460\"\/><figcaption class=\"wp-element-caption\">A majestosa Catedral de Cusco<\/figcaption><\/figure>\n<\/div><\/div>\n\n\n\n<div class=\"wp-block-column is-layout-flow wp-block-column-is-layout-flow\"><div class=\"wp-block-image\">\n<figure class=\"aligncenter size-full\"><img loading=\"lazy\" decoding=\"async\" width=\"800\" height=\"1000\" src=\"https:\/\/www.salkantaytrilha.com\/blog\/wp-content\/uploads\/2024\/07\/Pintura-da-escola-cusqueniana.jpg\" alt=\"Pintura da escola cusqueniana\" class=\"wp-image-461\"\/><figcaption class=\"wp-element-caption\">Pintura da escola cusqueniana<\/figcaption><\/figure>\n<\/div><\/div>\n<\/div>\n\n\n\n<h2 class=\"wp-block-heading\" id=\"h-museu-de-arte-pre-colombiano\">Museu de Arte Pr\u00e9-Colombiano<\/h2>\n\n\n\n<p>O Museu BBVA Peru, fruto de uma colabora\u00e7\u00e3o entre a Funda\u00e7\u00e3o BBVA Peru e o Museu Larco de Lima, tem uma hist\u00f3ria fascinante que remonta aos tempos da antiga Casa Cabrera. Este edif\u00edcio, com uma rica hist\u00f3ria que abrange desde sua fun\u00e7\u00e3o original como &#8220;yachaywasi&#8221; inca, um lugar de sabedoria e conhecimento, at\u00e9 seu uso como convento de Santa Clara, e posteriormente como resid\u00eancia de Don Jer\u00f3nimo Luis de Cabrera y la Cerda, foi testemunha de s\u00e9culos de transforma\u00e7\u00f5es e acontecimentos.<\/p>\n\n\n\n<p>Em 1981, o BBVA Peru adquiriu este im\u00f3vel hist\u00f3rico e realizou uma ambiciosa restaura\u00e7\u00e3o para convert\u00ea-lo no lar do museu que conhecemos hoje. Este processo de restaura\u00e7\u00e3o n\u00e3o apenas preservou a arquitetura original e o car\u00e1ter hist\u00f3rico do edif\u00edcio, mas tamb\u00e9m o adaptou para abrigar, de maneira adequada, as valiosas cole\u00e7\u00f5es e exposi\u00e7\u00f5es que fazem parte do patrim\u00f4nio cultural do Peru.<\/p>\n\n\n\n<p>Assim, o Museu BBVA Peru se ergue como um ponto de encontro entre o passado e o presente, um espa\u00e7o onde a hist\u00f3ria ganha vida atrav\u00e9s da arte e da cultura, oferecendo aos visitantes uma experi\u00eancia enriquecedora e memor\u00e1vel.<\/p>\n\n\n\n<div class=\"wp-block-columns is-layout-flex wp-container-core-columns-is-layout-9d6595d7 wp-block-columns-is-layout-flex\">\n<div class=\"wp-block-column is-layout-flow wp-block-column-is-layout-flow\"><div class=\"wp-block-image\">\n<figure class=\"aligncenter size-full\"><img loading=\"lazy\" decoding=\"async\" width=\"920\" height=\"613\" src=\"https:\/\/www.salkantaytrilha.com\/blog\/wp-content\/uploads\/2024\/07\/The-Pre-Colombian-Art-Museum-in-Nazarenas-square.jpg\" alt=\"The Pre-Colombian Art Museum in Nazarenas square\" class=\"wp-image-462\"\/><figcaption class=\"wp-element-caption\">Photo by: @marcosHB<\/figcaption><\/figure>\n<\/div><\/div>\n<\/div>\n\n\n\n<div class=\"wp-block-columns is-layout-flex wp-container-core-columns-is-layout-9d6595d7 wp-block-columns-is-layout-flex\">\n<div class=\"wp-block-column is-layout-flow wp-block-column-is-layout-flow\"><div class=\"wp-block-image\">\n<figure class=\"aligncenter size-full\"><img loading=\"lazy\" decoding=\"async\" width=\"920\" height=\"614\" src=\"https:\/\/www.salkantaytrilha.com\/blog\/wp-content\/uploads\/2024\/07\/Pre-Colombian-Art-Museum-Nazarenas-square.jpg\" alt=\"The Pre-Colombian Art Museum in Nazarenas square\" class=\"wp-image-463\"\/><figcaption class=\"wp-element-caption\">@Trescastro<\/figcaption><\/figure>\n<\/div><\/div>\n<\/div>\n\n\n\n<p><strong>Descri\u00e7\u00e3o:<\/strong><\/p>\n\n\n\n<ul class=\"wp-block-list\">\n<li>Exibe arte pr\u00e9-colombiana do Peru, desde o s\u00e9culo IX a.C., at\u00e9 o s\u00e9culo XVI d.C.<\/li>\n\n\n\n<li>Pe\u00e7as selecionadas de um universo de 45.000 objetos do Museu Arqueol\u00f3gico Rafael Larco Herrera de Lima.<\/li>\n\n\n\n<li>11 salas que percorrem a evolu\u00e7\u00e3o da arte pr\u00e9-colombiana: Madeira, Nazca, Mochica, Huari, Chim\u00fa, Inca, Virreinal, Ouro e Prata.<\/li>\n<\/ul>\n\n\n\n<p><strong>Atra\u00e7\u00f5es:<\/strong><\/p>\n\n\n\n<ul class=\"wp-block-list\">\n<li>403 obras de arte que abrangem 2772 anos de hist\u00f3ria.<\/li>\n\n\n\n<li>Museografia moderna que destaca a beleza das pe\u00e7as.<\/li>\n\n\n\n<li>Sala Formativa: Mostra arte de culturas como Salinar, Cupisnique, Viru, Vicus e Paracas.<\/li>\n\n\n\n<li>Sala do Ouro e da Prata: Exibe impressionantes trabalhos nesses metais preciosos.<\/li>\n<\/ul>\n\n\n\n<p><strong>Informa\u00e7\u00f5es:<\/strong><\/p>\n\n\n\n<ul class=\"wp-block-list\">\n<li><strong>Hor\u00e1rio:<\/strong> Segunda a domingo, das 9:00 \u00e0s 22:00 hrs.<\/li>\n\n\n\n<li><strong>Pre\u00e7o:<\/strong> Entrada geral S\/ 20.00 &#8211; Estudantes S\/ 10.00<\/li>\n\n\n\n<li><strong>Endere\u00e7o:<\/strong> Plazoleta Nazarenas 231, Cusco, Peru<\/li>\n<\/ul>\n\n\n\n<p><strong>A Galeria do Museu:<\/strong><\/p>\n\n\n\n<ul class=\"wp-block-list\">\n<li><strong>H.Stern:<\/strong> Joias de ouro de 18 quilates inspiradas em pe\u00e7as pr\u00e9-colombianas.<\/li>\n\n\n\n<li><strong>Alpaca 111:<\/strong> Roupas e t\u00eaxteis de alpaca e vicunha de alta qualidade.<\/li>\n\n\n\n<li><strong>Map Caf\u00e9:<\/strong> Restaurante onde se pode desfrutar de caf\u00e9 e comida peruana.<\/li>\n<\/ul>\n\n\n\n<p><strong>Dicas:<\/strong><\/p>\n\n\n\n<ul class=\"wp-block-list\">\n<li>Comprar a entrada com anteced\u00eancia, especialmente na alta temporada.<\/li>\n\n\n\n<li>Levar roupa e cal\u00e7ado confort\u00e1veis.<\/li>\n\n\n\n<li>Respeitar as normas do museu: sil\u00eancio, vestimenta adequada, n\u00e3o tirar fotos em algumas \u00e1reas.<\/li>\n\n\n\n<li>Contratar uma visita guiada para conhecer mais a fundo a hist\u00f3ria e a arte do museu.<\/li>\n<\/ul>\n\n\n\n<p>O Museu de Arte Pr\u00e9-Colombiana de Cusco \u00e9 uma visita obrigat\u00f3ria para qualquer amante da arte e da hist\u00f3ria. Um lugar onde voc\u00ea faz uma imers\u00e3o na riqueza cultural do antigo Peru e pode admirar obras-primas que sobreviveram ao tempo.<\/p>\n\n\n\n<div class=\"wp-block-columns is-layout-flex wp-container-core-columns-is-layout-9d6595d7 wp-block-columns-is-layout-flex\">\n<div class=\"wp-block-column is-layout-flow wp-block-column-is-layout-flow\"><div class=\"wp-block-image\">\n<figure class=\"aligncenter size-full\"><img loading=\"lazy\" decoding=\"async\" width=\"800\" height=\"1000\" src=\"https:\/\/www.salkantaytrilha.com\/blog\/wp-content\/uploads\/2024\/07\/Pinturas-do-Museu-de-Arte-Pre-Colombiana.jpg\" alt=\"Pinturas do Museu de Arte Pr\u00e9-Colombiana\" class=\"wp-image-464\"\/><figcaption class=\"wp-element-caption\">Pinturas do Museu de Arte Pr\u00e9-Colombiana<\/figcaption><\/figure>\n<\/div><\/div>\n\n\n\n<div class=\"wp-block-column is-layout-flow wp-block-column-is-layout-flow\"><div class=\"wp-block-image\">\n<figure class=\"aligncenter size-full\"><img loading=\"lazy\" decoding=\"async\" width=\"800\" height=\"1000\" src=\"https:\/\/www.salkantaytrilha.com\/blog\/wp-content\/uploads\/2024\/07\/Museu-de-Arte-Pre-Colombiana.jpg\" alt=\"Museu de Arte Pr\u00e9-Colombiana\" class=\"wp-image-465\"\/><figcaption class=\"wp-element-caption\">Museu de Arte Pr\u00e9-Colombiana<\/figcaption><\/figure>\n<\/div><\/div>\n<\/div>\n\n\n\n<h2 class=\"wp-block-heading\" id=\"h-museu-inka\">Museu Inka<\/h2>\n\n\n\n<p>Voc\u00ea \u00e9 apaixonado pela cultura Inca? Ent\u00e3o, o Museu Inka de Cusco, tamb\u00e9m conhecido como Museu Arqueol\u00f3gico da Universidade Nacional San Antonio Abad (UNSAAC), \u00e9 uma parada obrigat\u00f3ria na sua viagem. Localizado em uma casa colonial que foi o pal\u00e1cio do Inca Hu\u00e1scar e, posteriormente, a resid\u00eancia do Almirante Alderete Maldonado, este museu abriga uma impressionante cole\u00e7\u00e3o de pe\u00e7as arqueol\u00f3gicas que te transportam \u00e0 \u00e9poca do Tahuantinsuyo.<\/p>\n\n\n\n<div class=\"wp-block-columns is-layout-flex wp-container-core-columns-is-layout-9d6595d7 wp-block-columns-is-layout-flex\">\n<div class=\"wp-block-column is-layout-flow wp-block-column-is-layout-flow\"><div class=\"wp-block-image\">\n<figure class=\"aligncenter size-full\"><img loading=\"lazy\" decoding=\"async\" width=\"920\" height=\"613\" src=\"https:\/\/www.salkantaytrilha.com\/blog\/wp-content\/uploads\/2024\/07\/Museu-Inka.jpg\" alt=\"Museu Inka\" class=\"wp-image-466\"\/><figcaption class=\"wp-element-caption\">Museu Inka<\/figcaption><\/figure>\n<\/div><\/div>\n<\/div>\n\n\n\n<p><strong>Por que visitar o Museu Inka?<\/strong><\/p>\n\n\n\n<ul class=\"wp-block-list\">\n<li><strong>Re\u00fane uma das cole\u00e7\u00f5es de arte Inca mais completas do mundo<\/strong>: Admire cer\u00e2micas, t\u00eaxteis, vasos cerimoniais (queros), trabalhos em ouro e prata, armas de guerra, m\u00famias e muito mais.<\/li>\n\n\n\n<li><strong>Descubra a hist\u00f3ria de Cusco desde a \u00e9poca pr\u00e9-inca at\u00e9 o s\u00e9culo XX<\/strong>: Explore as salas do museu e conhe\u00e7a o desenvolvimento de culturas como Chav\u00edn, Marcavalle, Nazca, Wari e Inca.<\/li>\n\n\n\n<li><strong>Admire a arquitetura colonial do museu<\/strong>: A &#8220;Casa do Almirante&#8221; \u00e9 um belo exemplo da arquitetura colonial cusquenha, com seus tetos em caixot\u00f5es, p\u00e1tios e jardins.<\/li>\n\n\n\n<li><strong>Assista a exposi\u00e7\u00f5es tempor\u00e1rias<\/strong>: O museu apresenta exposi\u00e7\u00f5es de artistas cusquenhos que mostram seu talento em esculturas de pedra, t\u00eaxteis, cer\u00e2mica e mais.<\/li>\n<\/ul>\n\n\n\n<p><strong>O que voc\u00ea encontrar\u00e1 no museu?<\/strong><\/p>\n\n\n\n<ul class=\"wp-block-list\">\n<li><strong>Um percurso cronol\u00f3gico pelas culturas pr\u00e9-incas e o Imp\u00e9rio Inca<\/strong>: Desde os primeiros ca\u00e7adores-coletores at\u00e9 o auge do Tahuantinsuyo.<\/li>\n\n\n\n<li><strong>Pe\u00e7as \u00fanicas, como a cole\u00e7\u00e3o de Queros, a maior do mundo<\/strong>: Vasos cerimoniais incas, decorados com desenhos elaborados.<\/li>\n\n\n\n<li>Uma recria\u00e7\u00e3o de uma tumba Inca ou &#8220;Mallki Wasi&#8221;: Descubra como os incas eram enterrados e as oferendas que acompanhavam seus falecidos.<\/li>\n\n\n\n<li>Exibi\u00e7\u00f5es sobre o meio ambiente e as t\u00e9cnicas de subsist\u00eancia incas: Aprecie a import\u00e2ncia que esses aspectos tinham para a cultura Inca.<\/li>\n<\/ul>\n\n\n\n<p><strong>Informa\u00e7\u00f5es pr\u00e1ticas:<\/strong><\/p>\n\n\n\n<ul class=\"wp-block-list\">\n<li><strong>Localiza\u00e7\u00e3o:<\/strong> Cuesta del Almirante 103, Cusco (a poucos passos da Plaza de Armas).<\/li>\n\n\n\n<li><strong>Hor\u00e1rio:<\/strong> De segunda a sexta, das 8:00 \u00e0s 18:00 hrs. S\u00e1bados e domingos, das 9:00 \u00e0s 16:00 hrs.<\/li>\n\n\n\n<li><strong>Pre\u00e7o:<\/strong> Estrangeiros: S\/ 10.00 | Peruanos: S\/ 5.00<\/li>\n<\/ul>\n\n\n\n<p><iframe src=\"https:\/\/www.google.com\/maps\/embed?pb=!1m14!1m8!1m3!1d1939.662848940336!2d-71.978154!3d-13.515593!3m2!1i1024!2i768!4f13.1!3m3!1m2!1s0x916dd67305e2281b%3A0x9be38134c1405bf!2sMuseo%20Inka!5e0!3m2!1ses-419!2spe!4v1720029379912!5m2!1ses-419!2spe\" width=\"100%\" height=\"450\" style=\"border:0;\" allowfullscreen=\"\" loading=\"lazy\" referrerpolicy=\"no-referrer-when-downgrade\"><\/iframe><\/p>\n\n\n\n<p><strong>Dicas adicionais:<\/strong><\/p>\n\n\n\n<ul class=\"wp-block-list\">\n<li>Contrate um guia tur\u00edstico: Ele fornecer\u00e1 uma explica\u00e7\u00e3o mais detalhada das pe\u00e7as e do contexto hist\u00f3rico.<\/li>\n\n\n\n<li>Leve roupa e cal\u00e7ado confort\u00e1veis: Voc\u00ea caminhar\u00e1 pelas diferentes salas do museu.<\/li>\n\n\n\n<li>Respeite as normas do museu: N\u00e3o tire fotografias nem toque nas pe\u00e7as.<\/li>\n\n\n\n<li>Planeje sua visita: O museu costuma ter bastante aflu\u00eancia de p\u00fablico.<\/li>\n<\/ul>\n\n\n\n<p>O Museu Inka de Cusco \u00e9 uma experi\u00eancia cultural \u00fanica que te permitir\u00e1 conhecer a fundo a fascinante hist\u00f3ria do Imp\u00e9rio Inca. N\u00e3o perca a oportunidade de adentrar neste mundo cheio de tesouros e tradi\u00e7\u00f5es.&nbsp;<\/p>\n\n\n\n<div class=\"wp-block-columns is-layout-flex wp-container-core-columns-is-layout-9d6595d7 wp-block-columns-is-layout-flex\">\n<div class=\"wp-block-column is-layout-flow wp-block-column-is-layout-flow\"><div class=\"wp-block-image\">\n<figure class=\"aligncenter size-full\"><img loading=\"lazy\" decoding=\"async\" width=\"800\" height=\"1000\" src=\"https:\/\/www.salkantaytrilha.com\/blog\/wp-content\/uploads\/2024\/07\/Museu-Inka-de-Cusco.jpg\" alt=\"Museu Inka de Cusco\" class=\"wp-image-467\"\/><figcaption class=\"wp-element-caption\">Museu Inka de Cusco<\/figcaption><\/figure>\n<\/div><\/div>\n\n\n\n<div class=\"wp-block-column is-layout-flow wp-block-column-is-layout-flow\"><div class=\"wp-block-image\">\n<figure class=\"aligncenter size-full\"><img loading=\"lazy\" decoding=\"async\" width=\"800\" height=\"1000\" src=\"https:\/\/www.salkantaytrilha.com\/blog\/wp-content\/uploads\/2024\/07\/Cranios-cultura-inca-Museu-Inka.jpg\" alt=\"Cr\u00e2nios da cultura inca no Museu Inka\" class=\"wp-image-468\"\/><figcaption class=\"wp-element-caption\">Cr\u00e2nios da cultura inca no Museu Inka<\/figcaption><\/figure>\n<\/div><\/div>\n<\/div>\n\n\n\n<h2 class=\"wp-block-heading\" id=\"h-museu-de-arte-contemporanea\">Museu de Arte Contempor\u00e2nea<\/h2>\n\n\n\n<p>Explore o fascinante universo da arte contempor\u00e2nea cusquenha, atrav\u00e9s de uma visita ao Museu de Arte Contempor\u00e2nea, estrategicamente situado no cora\u00e7\u00e3o da cidade imperial. Desde seu estabelecimento em 1995, este museu se tornou um ponto de refer\u00eancia para aqueles que desejam explorar a rica diversidade art\u00edstica da regi\u00e3o.<\/p>\n\n\n\n<p>Com uma cole\u00e7\u00e3o impressionante que abrange mais de 280 obras, tanto de artistas contempor\u00e2neos quanto cl\u00e1ssicos, locais e internacionais, o Museu de Arte Contempor\u00e2nea oferece uma experi\u00eancia imersiva, que celebra a criatividade em todas as suas formas.<\/p>\n\n\n\n<p>Desde pinturas vibrantes at\u00e9 instala\u00e7\u00f5es provocativas, cada obra exposta conta uma hist\u00f3ria \u00fanica e reflete a diversidade cultural e a vitalidade art\u00edstica que caracterizam a cidade de Cusco. \u00c9 um espa\u00e7o din\u00e2mico, onde o passado e o presente se entrela\u00e7am em um di\u00e1logo cont\u00ednuo, proporcionando aos visitantes a oportunidade de refletir, inspirar-se e conectar-se com a arte, em um n\u00edvel mais profundo.<\/p>\n\n\n\n<p><strong>O que voc\u00ea encontrar\u00e1 no museu?<\/strong><\/p>\n\n\n\n<ul class=\"wp-block-list\">\n<li><strong>Um percurso pela hist\u00f3ria da arte cusquenha<\/strong>: Desde a \u00e9poca colonial at\u00e9 os dias atuais, voc\u00ea poder\u00e1 apreciar a evolu\u00e7\u00e3o do estilo e das t\u00e9cnicas art\u00edsticas na regi\u00e3o.<\/li>\n\n\n\n<li><strong>Obras de artistas reconhecidos<\/strong>: Destaque para a presen\u00e7a de artistas como Edilberto M\u00e9rida, Antonio Olave, Hil\u00e1rio Mend\u00edvil e muitos outros, representantes do talentoso bairro de San Blas.<\/li>\n\n\n\n<li><strong>Exposi\u00e7\u00f5es tempor\u00e1rias<\/strong>: O museu apresenta, continuamente, novas mostras de artistas contempor\u00e2neos, tanto locais quanto internacionais.<\/li>\n\n\n\n<li><strong>Artesanatos cusquenhos<\/strong>: Al\u00e9m das obras de arte, voc\u00ea encontrar\u00e1 uma exposi\u00e7\u00e3o permanente de artesanatos tradicionais cusquenhos, elaborados por talentosos artistas locais.<\/li>\n<\/ul>\n\n\n\n<p><strong>Como chegar?<\/strong> O Museu de Arte Contempor\u00e2nea est\u00e1 localizado no Pal\u00e1cio Municipal de Cusco, bem em frente \u00e0 Plazoleta de Regocijo, a apenas alguns passos da Plaza de Armas. Voc\u00ea pode chegar caminhando, ou de t\u00e1xi, se estiver fora do Centro Hist\u00f3rico.<\/p>\n\n\n\n<p><strong>Informa\u00e7\u00f5es pr\u00e1ticas:<\/strong><\/p>\n\n\n\n<ul class=\"wp-block-list\">\n<li><strong>Localiza\u00e7\u00e3o:<\/strong> Pal\u00e1cio Municipal de Cusco, Plaza de Armas.<\/li>\n\n\n\n<li><strong>Hor\u00e1rio:<\/strong> Segunda a s\u00e1bado, das 9:00 \u00e0s 18:30 hrs.<\/li>\n\n\n\n<li><strong>Pre\u00e7o:<\/strong> A entrada est\u00e1 inclu\u00edda no Boleto Tur\u00edstico de Cusco 2 (S\/ 70.00).<\/li>\n<\/ul>\n\n\n\n<p><iframe src=\"https:\/\/www.google.com\/maps\/embed?pb=!1m14!1m8!1m3!1d969.8268023204752!2d-71.980417!3d-13.516729!3m2!1i1024!2i768!4f13.1!3m3!1m2!1s0x916dd673ece63cc7%3A0x7d6257fbe0031c4c!2sMuseo%20de%20Arte%20Contempor%C3%A1neo%20de%20la%20Municipalidad%20del%20Cusco!5e0!3m2!1ses-419!2spe!4v1720029612991!5m2!1ses-419!2spe\" width=\"100%\" height=\"450\" style=\"border:0;\" allowfullscreen=\"\" loading=\"lazy\" referrerpolicy=\"no-referrer-when-downgrade\"><\/iframe><\/p>\n\n\n\n<p><strong>Dicas adicionais:<\/strong><\/p>\n\n\n\n<ul class=\"wp-block-list\">\n<li><strong>Compre o Boleto Tur\u00edstico de Cusco 2<\/strong>: Ele permite o ingresso a este museu e a outros importantes s\u00edtios arqueol\u00f3gicos e culturais da cidade.<\/li>\n\n\n\n<li><strong>Visite as exposi\u00e7\u00f5es tempor\u00e1rias<\/strong>: S\u00e3o uma excelente maneira de conhecer as \u00faltimas tend\u00eancias da arte contempor\u00e2nea em Cusco.<\/li>\n\n\n\n<li><strong>Adquira artesanatos cusquenhos<\/strong>: O museu \u00e9 um bom lugar para comprar lembran\u00e7as aut\u00eanticas e de alta qualidade.<\/li>\n\n\n\n<li><strong>Aclimate-se \u00e0 altitude<\/strong>: Cusco est\u00e1 a uma altitude consider\u00e1vel (3.399 metros acima do n\u00edvel do mar), por isso \u00e9 importante aclimatar-se antes de realizar atividades f\u00edsicas. Beba bastante \u00e1gua e ch\u00e1 de coca e de munha, para evitar o mal da altitude.<\/li>\n<\/ul>\n\n\n\n<p>O Museu de Arte Contempor\u00e2nea de Cusco \u00e9 um destino imprescind\u00edvel para aqueles que apreciam arte e cultura. Este espa\u00e7o convida voc\u00ea a mergulhar na rica express\u00e3o art\u00edstica da cidade imperial, onde ter\u00e1 a oportunidade de descobrir o talento e a criatividade dos artistas locais e regionais.&nbsp;<\/p>\n\n\n\n<div class=\"wp-block-columns is-layout-flex wp-container-core-columns-is-layout-9d6595d7 wp-block-columns-is-layout-flex\">\n<div class=\"wp-block-column is-layout-flow wp-block-column-is-layout-flow\"><div class=\"wp-block-image\">\n<figure class=\"aligncenter size-full\"><img loading=\"lazy\" decoding=\"async\" width=\"800\" height=\"1000\" src=\"https:\/\/www.salkantaytrilha.com\/blog\/wp-content\/uploads\/2024\/07\/Museu-de-Arte-Contemporanea.jpg\" alt=\"Museu de Arte Contempor\u00e2nea\" class=\"wp-image-470\"\/><figcaption class=\"wp-element-caption\">Museu de Arte Contempor\u00e2nea<\/figcaption><\/figure>\n<\/div><\/div>\n\n\n\n<div class=\"wp-block-column is-layout-flow wp-block-column-is-layout-flow\"><div class=\"wp-block-image\">\n<figure class=\"aligncenter size-full\"><img loading=\"lazy\" decoding=\"async\" width=\"805\" height=\"1024\" src=\"https:\/\/www.salkantaytrilha.com\/blog\/wp-content\/uploads\/2024\/07\/Museu-de-Arte-Contemporanea-de-Cusco.jpg\" alt=\"Museu de Arte Contempor\u00e2nea de Cusco\" class=\"wp-image-471\"\/><figcaption class=\"wp-element-caption\">Museu de Arte Contempor\u00e2nea de Cusco<\/figcaption><\/figure>\n<\/div><\/div>\n<\/div>\n\n\n\n<h2 class=\"wp-block-heading\" id=\"h-museu-do-convento-do-templo-de-sao-francisco\">Museu do Convento do Templo de S\u00e3o Francisco<\/h2>\n\n\n\n<p>Descubra a impressionante grandeza de Cusco, ao explorar a magn\u00edfica Igreja e Convento de S\u00e3o Francisco. Este conjunto monumental, que data da \u00e9poca colonial, \u00e9 uma imers\u00e3o em uma viagem no tempo, impressionando com sua arquitetura imponente, sua arte sublime e sua rica hist\u00f3ria. A majestade deste lugar sagrado, onde cada canto conta uma hist\u00f3ria fascinante e cada detalhe arquitet\u00f4nico reflete a destreza e a vis\u00e3o dos artes\u00e3os de outrora, te transportar\u00e1 para uma era de esplendor e devo\u00e7\u00e3o, deixando-o boquiaberto pela beleza e pelo encanto atemporal deste \u00edcone de Cusco colonial.<\/p>\n\n\n\n<p><strong>O que voc\u00ea encontrar\u00e1 neste tesouro cusquenho?<\/strong><\/p>\n\n\n\n<ul class=\"wp-block-list\">\n<li><strong>Uma igreja de estilo simples mas imponente:<\/strong> Admire sua \u00fanica torre com campan\u00e1rio, e seu interior de nave \u00fanica, com planta em forma de cruz latina.<\/li>\n\n\n\n<li><strong>Um convento renascentista com claustros, jardins e catacumbas:<\/strong> Percorra seus corredores cheios de hist\u00f3ria e descubra as criptas onde repousam os restos de membros da ordem franciscana.<\/li>\n\n\n\n<li><strong>Obras de arte da Escola Cusquenha:<\/strong> Encante-se com telas como &#8220;O Ju\u00edzo Final&#8221; e &#8220;O Para\u00edso, o Purgat\u00f3rio e o Inferno&#8221; de Diego Quispe Tito.<\/li>\n\n\n\n<li><strong>A &#8220;\u00c1rvore Geneal\u00f3gica da Ordem Franciscana&#8221;:<\/strong> Maravilhe-se com esta obra-prima de 12 metros de altura e 9 de largura, a maior pintura a \u00f3leo da Am\u00e9rica do Sul e a terceira maior do mundo.<\/li>\n\n\n\n<li><strong>Um ambiente harmonioso e silencioso:<\/strong> Aproveite a tranquilidade de seus jardins e corredores, um o\u00e1sis de paz no cora\u00e7\u00e3o de Cusco.<\/li>\n<\/ul>\n\n\n\n<p><strong>Onde se encontra?<\/strong><\/p>\n\n\n\n<p>A apenas alguns passos da Plaza de Armas, na Pra\u00e7a San Francisco que leva seu nome, este \u00edcone cusquenho te espera para ser descoberto.<\/p>\n\n\n\n<p><iframe src=\"https:\/\/www.google.com\/maps\/embed?pb=!1m14!1m8!1m3!1d969.8194695721161!2d-71.981885!3d-13.518531!3m2!1i1024!2i768!4f13.1!3m3!1m2!1s0x916dd676a35595ad%3A0xa108b97e77fd1d72!2sMuseo%20y%20Catacumbas%20del%20Convento%20de%20San%20Francisco%20de%20As%C3%ADs%20de%20Cusco!5e0!3m2!1ses-419!2spe!4v1720037495376!5m2!1ses-419!2spe\" width=\"100%\" height=\"450\" style=\"border:0;\" allowfullscreen=\"\" loading=\"lazy\" referrerpolicy=\"no-referrer-when-downgrade\"><\/iframe><\/p>\n\n\n\n<p><strong>Como chegar?<\/strong>&nbsp;<\/p>\n\n\n\n<p>Voc\u00ea pode chegar caminhando desde a Plaza de Armas ou de qualquer ponto do Centro Hist\u00f3rico. A maioria dos hot\u00e9is tur\u00edsticos est\u00e1 nesta \u00e1rea, por isso o acesso \u00e9 f\u00e1cil.<\/p>\n\n\n\n<p><strong>Um pouco de hist\u00f3ria<\/strong>&nbsp;<\/p>\n\n\n\n<p>Ap\u00f3s a conquista espanhola, os franciscanos chegaram a Cusco no s\u00e9culo XVI para construir um templo evangelizador. Inicialmente localizado em San Blas, depois foi transferido para a Plaza de Armas, sobre o pal\u00e1cio inca Qasana. Finalmente, em 1559, foi definida sua localiza\u00e7\u00e3o atual. A constru\u00e7\u00e3o se estendeu entre 1572 e 1652 (ap\u00f3s o terremoto de 1650).<\/p>\n\n\n\n<p><strong>Arquitetura:<\/strong><\/p>\n\n\n\n<ul class=\"wp-block-list\">\n<li><strong>Igreja:<\/strong> Simples, com uma \u00fanica torre e campan\u00e1rio. Interior de uma nave com planta em cruz latina e fachada plateresca.<\/li>\n\n\n\n<li><strong>Convento:<\/strong> Estilo renascentista, com claustros, jardins, catacumbas e tetos em caixot\u00f5es.<\/li>\n<\/ul>\n\n\n\n<p><strong>N\u00e3o perca:<\/strong><\/p>\n\n\n\n<ul class=\"wp-block-list\">\n<li><strong>O &#8220;Grande Coro&#8221;:<\/strong> Um gigantesco livro coral, de pele de ovelha, com mais de 1 metro e 80 de largura.<\/li>\n\n\n\n<li><strong>As catacumbas:<\/strong> Um conjunto de criptas, onde se encontram os cr\u00e2nios de membros da ordem franciscana.<\/li>\n\n\n\n<li><strong>O servi\u00e7o de guia tur\u00edstico:<\/strong> Uma excelente op\u00e7\u00e3o para aprofundar-se na hist\u00f3ria e no significado de cada espa\u00e7o.<\/li>\n<\/ul>\n\n\n\n<p><strong>Informa\u00e7\u00f5es pr\u00e1ticas:<\/strong><\/p>\n\n\n\n<ul class=\"wp-block-list\">\n<li><strong>Hor\u00e1rio:<\/strong> Segunda a sexta das 9:00 \u00e0s 12:00 e das 15:00 \u00e0s 17:00. S\u00e1bados das 9:00 \u00e0s 12:00.<\/li>\n\n\n\n<li><strong>Pre\u00e7o:<\/strong> Adultos: S\/ 15.00 | Estudantes: S\/ 7.50 | Crian\u00e7as: S\/ 3.50<\/li>\n<\/ul>\n\n\n\n<p><strong>Dicas adicionais:<\/strong><\/p>\n\n\n\n<ul class=\"wp-block-list\">\n<li><strong>Visite os outros templos de Cusco:<\/strong> A Compa\u00f1\u00eda de Jes\u00fas, Santo Domingo (Coricancha), San Blas e a Catedral, s\u00e3o algumas op\u00e7\u00f5es imperd\u00edveis.<\/li>\n\n\n\n<li><strong>Assista a uma missa:<\/strong> Uma excelente maneira de apreciar a beleza da igreja, em um ambiente religioso.<\/li>\n\n\n\n<li><strong>Contrate um guia tur\u00edstico:<\/strong> Para uma experi\u00eancia mais completa e enriquecedora.<\/li>\n<\/ul>\n\n\n\n<p>A visita \u00e0 Igreja e Convento de San Francisco de Cusco, \u00e9 essencial para aqueles que buscam explorar a profundidade cultural e hist\u00f3rica desta cidade cativante. Este \u00edcone n\u00e3o s\u00f3 impressiona por sua beleza assombrosa, mas tamb\u00e9m por sua riqueza art\u00edstica e atmosfera m\u00edstica, tornando-o uma parada obrigat\u00f3ria, imperd\u00edvel, para todo viajante.&nbsp;<\/p>\n\n\n\n<div class=\"wp-block-columns is-layout-flex wp-container-core-columns-is-layout-9d6595d7 wp-block-columns-is-layout-flex\">\n<div class=\"wp-block-column is-layout-flow wp-block-column-is-layout-flow\"><div class=\"wp-block-image\">\n<figure class=\"aligncenter size-full\"><img loading=\"lazy\" decoding=\"async\" width=\"800\" height=\"1000\" src=\"https:\/\/www.salkantaytrilha.com\/blog\/wp-content\/uploads\/2024\/07\/Museu-Convento-Templo-Sao-Francisco.jpg\" alt=\"Museu do Convento do Templo de S\u00e3o Francisco\" class=\"wp-image-472\"\/><figcaption class=\"wp-element-caption\">Museu do Convento do Templo de S\u00e3o Francisco<\/figcaption><\/figure>\n<\/div><\/div>\n\n\n\n<div class=\"wp-block-column is-layout-flow wp-block-column-is-layout-flow\"><div class=\"wp-block-image\">\n<figure class=\"aligncenter size-full\"><img loading=\"lazy\" decoding=\"async\" width=\"800\" height=\"1000\" src=\"https:\/\/www.salkantaytrilha.com\/blog\/wp-content\/uploads\/2024\/07\/Convento-do-Templo-de-Sao-Francisco.jpg\" alt=\"Museu do Convento do Templo de S\u00e3o Francisco\" class=\"wp-image-473\"\/><figcaption class=\"wp-element-caption\">Templo de S\u00e3o Francisco<\/figcaption><\/figure>\n<\/div><\/div>\n<\/div>\n\n\n\n<h2 class=\"wp-block-heading\" id=\"h-museu-coricancha\">Museu Coricancha<\/h2>\n\n\n\n<p>Explore a imponente grandiosidade do Coricancha, um antigo templo inca, que outrora foi o epicentro religioso mais significativo do Imp\u00e9rio. Mergulhe na maravilha de suas paredes, meticulosamente talhadas, adentre nos diferentes recintos dedicados a v\u00e1rias divindades, e admire a imponente presen\u00e7a da igreja colonial que agora se ergue sobre seus antigos alicerces. Este s\u00edtio hist\u00f3rico vai lhe transportar atrav\u00e9s dos s\u00e9culos, oferecendo uma janela \u00fanica para o passado glorioso e complexo da civiliza\u00e7\u00e3o incaica, bem como para a influ\u00eancia posterior da coloniza\u00e7\u00e3o espanhola.<\/p>\n\n\n\n<p><strong>O que voc\u00ea encontrar\u00e1 neste tesouro cusquenho?<\/strong><\/p>\n\n\n\n<ul class=\"wp-block-list\">\n<li><strong>O Recinto do Sol:<\/strong> O cora\u00e7\u00e3o do Coricancha, dedicado ao Deus Inti, adornado com l\u00e2minas de ouro, que simbolizavam seu brilho.<\/li>\n\n\n\n<li><strong>O Recinto das Estrelas:<\/strong> Um espa\u00e7o consagrado \u00e0s divindades celestiais, onde se apreciam nichos que teriam abrigado adornos de pedras preciosas.<\/li>\n\n\n\n<li><strong>O Recinto do Arco-\u00cdris:<\/strong> Venerado por sua conex\u00e3o com o sol e a chuva, este recinto teria sido coberto de ouro e adornado com as cores do arco-\u00edris.<\/li>\n\n\n\n<li><strong>O Recinto dos Sacrif\u00edcios:<\/strong> Um lugar onde se realizavam oferendas, com uma mesa de pedra onde se sacrificavam animais, principalmente lhamas.<\/li>\n\n\n\n<li><strong>O Recinto do Raio:<\/strong> Dedicado a Illapa, o deus do raio, uma das divindades mais temidas e veneradas do imp\u00e9rio inca.<\/li>\n\n\n\n<li><strong>Os Jardins Sagrados:<\/strong> Belos espa\u00e7os adornados com flores e arbustos, onde se depositavam oferendas durante as cerim\u00f4nias.<\/li>\n\n\n\n<li><strong>O Corredor Sagrado:<\/strong> Um estreito passadi\u00e7o, de pedras finamente polidas, que conduzia ao Recinto do Sol.<\/li>\n\n\n\n<li><strong>O Museu de Sitio do Coricancha:<\/strong> Exibe objetos incas encontrados no Coricancha, e outros s\u00edtios arqueol\u00f3gicos de Cusco.<\/li>\n\n\n\n<li><strong>A Igreja e Convento de Santo Domingo:<\/strong> Uma imponente constru\u00e7\u00e3o colonial, erguida sobre os muros do Coricancha, com adornos de ouro e pinturas da escola cusquenha.<\/li>\n<\/ul>\n\n\n\n<p><strong>Onde se encontra?<\/strong>&nbsp;<\/p>\n\n\n\n<p>A apenas 1,7 quil\u00f4metros da Plaza de Armas de Cusco, na rua Ahuacpinta 659. Est\u00e1 situado a 3.390 metros acima do n\u00edvel do mar.<\/p>\n\n\n\n<p><iframe src=\"https:\/\/www.google.com\/maps\/embed?pb=!1m14!1m8!1m3!1d969.8095106360701!2d-71.975919!3d-13.520978!3m2!1i1024!2i768!4f13.1!3m3!1m2!1s0x916dd730cbc3a643%3A0x4dc3019d2a429d66!2sMuseo%20de%20Sitio%20Qorikancha!5e0!3m2!1ses-419!2spe!4v1720037841371!5m2!1ses-419!2spe\" width=\"100%\" height=\"450\" style=\"border:0;\" allowfullscreen=\"\" loading=\"lazy\" referrerpolicy=\"no-referrer-when-downgrade\"><\/iframe><\/p>\n\n\n\n<p><strong>Como chegar?<\/strong><\/p>\n\n\n\n<ul class=\"wp-block-list\">\n<li><strong>Caminhando:<\/strong> Uma agrad\u00e1vel caminhada, de 15 minutos, desde a Plaza de Armas.<\/li>\n\n\n\n<li><strong>T\u00e1xi:<\/strong> Uma viagem r\u00e1pida e confort\u00e1vel, por aproximadamente 10 soles peruanos.<\/li>\n<\/ul>\n\n\n\n<p><strong>Hist\u00f3ria:<\/strong><\/p>\n\n\n\n<ul class=\"wp-block-list\">\n<li><strong>\u00c9poca Inca:<\/strong> O Coricancha foi constru\u00eddo no s\u00e9culo XV pelo Inca Pachac\u00fatec, dedicado ao deus Sol e outras divindades. Era um local de peregrina\u00e7\u00e3o e cen\u00e1rio de importantes cerim\u00f4nias.<\/li>\n\n\n\n<li><strong>Conquista Espanhola:<\/strong> Em 1533, os espanh\u00f3is saquearam o Coricancha e destru\u00edram grande parte de sua estrutura.<\/li>\n\n\n\n<li><strong>\u00c9poca Colonial:<\/strong> Sobre os alicerces incas, os dominicanos ergueram a Igreja e Convento de Santo Domingo, que sofreu danos, ao longo da hist\u00f3ria, devido a terremotos.<\/li>\n<\/ul>\n\n\n\n<p><strong>Informa\u00e7\u00f5es pr\u00e1ticas:<\/strong><\/p>\n\n\n\n<ul class=\"wp-block-list\">\n<li><strong>Pre\u00e7o:<\/strong> Entrada ao Coricancha: 15 soles peruanos. City Tours Cusco: 70 d\u00f3lares americanos (aproximadamente).<\/li>\n\n\n\n<li><strong>Hor\u00e1rio:<\/strong> Coricancha: Segunda a s\u00e1bado das 9:00 \u00e0s 18:00. Domingos das 9:00 \u00e0s 12:00. Igreja: Gratuita durante o hor\u00e1rio da missa.<\/li>\n\n\n\n<li><strong>Recomenda\u00e7\u00f5es:<\/strong> Levar documento de identidade, roupa confort\u00e1vel, protetor solar e chap\u00e9u.<\/li>\n\n\n\n<li><strong>Clima:<\/strong> Temperado durante o dia (22\u00b0C), e frio \u00e0 noite (4\u00b0C).<\/li>\n\n\n\n<li><strong>Dado importante:<\/strong> A entrada ao Coricancha n\u00e3o est\u00e1 inclu\u00edda no Boleto Tur\u00edstico de Cusco.<\/li>\n<\/ul>\n\n\n\n<p><strong>Dicas adicionais:<\/strong><\/p>\n\n\n\n<ul class=\"wp-block-list\">\n<li>Assista \u00e0 encena\u00e7\u00e3o do Inti Raymi em 24 de junho.<\/li>\n\n\n\n<li>Visite o museu de sitio para aprofundar seus conhecimentos sobre a cultura inca.<\/li>\n\n\n\n<li>Explore a igreja e Convento de Santo Domingo e admire sua arquitetura.<\/li>\n\n\n\n<li>Desfrute das vistas panor\u00e2micas do topo do Coricancha.<\/li>\n<\/ul>\n\n\n\n<p>A visita ao Coricancha \u00e9 imprescind\u00edvel para todos que exploram Cusco. Este s\u00edtio emblem\u00e1tico, n\u00e3o s\u00f3 te mergulha em um mundo de hist\u00f3ria e cultura, mas tamb\u00e9m te cativa com seu esplendor arquitet\u00f4nico e seu significado cultural. \u00c9 um lugar onde os vest\u00edgios do passado incaico se entrela\u00e7am com a influ\u00eancia colonial, oferecendo uma vis\u00e3o fascinante da evolu\u00e7\u00e3o desta cidade hist\u00f3rica.<\/p>\n\n\n\n<p>A grandeza de suas estruturas ancestrais te deixar\u00e3o impressionado: explore os mist\u00e9rios de seus recintos dedicados \u00e0s divindades incas, e maravilhe-se com a majestade da igreja colonial que se ergue sobre este antigo templo. Cada canto deste s\u00edtio sagrado conta uma hist\u00f3ria \u00fanica, e te convida a descobrir os segredos de uma civiliza\u00e7\u00e3o perdida e a transforma\u00e7\u00e3o de uma era. Uma visita ao Coricancha, \u00e9 uma experi\u00eancia enriquecedora, que ficar\u00e1 para sempre na mem\u00f3ria de todo aquele que a vivenciar.<\/p>\n\n\n\n<div class=\"wp-block-columns is-layout-flex wp-container-core-columns-is-layout-9d6595d7 wp-block-columns-is-layout-flex\">\n<div class=\"wp-block-column is-layout-flow wp-block-column-is-layout-flow\"><div class=\"wp-block-image\">\n<figure class=\"aligncenter size-full\"><img loading=\"lazy\" decoding=\"async\" width=\"800\" height=\"1000\" src=\"https:\/\/www.salkantaytrilha.com\/blog\/wp-content\/uploads\/2024\/07\/Ceramica-inca-museu-Coricancha.jpg\" alt=\"Cer\u00e2mica inca no museu de Coricancha\" class=\"wp-image-474\"\/><figcaption class=\"wp-element-caption\">Cer\u00e2mica inca no museu de Coricancha<\/figcaption><\/figure>\n<\/div><\/div>\n\n\n\n<div class=\"wp-block-column is-layout-flow wp-block-column-is-layout-flow\"><div class=\"wp-block-image\">\n<figure class=\"aligncenter size-full\"><img loading=\"lazy\" decoding=\"async\" width=\"800\" height=\"1000\" src=\"https:\/\/www.salkantaytrilha.com\/blog\/wp-content\/uploads\/2024\/07\/Mumia-museu-Coricancha.jpg\" alt=\"M\u00famia no museu de Coricancha\" class=\"wp-image-475\"\/><figcaption class=\"wp-element-caption\">M\u00famia no museu de Coricancha<\/figcaption><\/figure>\n<\/div><\/div>\n<\/div>\n\n\n\n<h2 class=\"wp-block-heading\">Voc\u00ea pode se interessar por:<\/h2>\n\n\n\n<ul class=\"wp-block-list\">\n<li><a href=\"https:\/\/www.salkantaytrilha.com\/blog\/guia-essencial-de-cusco\/\"><strong>Guia Essencial de Cusco: Dicas e Recomenda\u00e7\u00f5es para a sua Viagem<\/strong><\/a><\/li>\n\n\n\n<li><a href=\"https:\/\/www.salkantaytrilha.com\/blog\/como-chegar-a-cusco\/\"><strong>Como chegar a Cusco?<\/strong><\/a><\/li>\n\n\n\n<li><a href=\"https:\/\/www.salkantaytrilha.com\/blog\/clima-em-cusco-o-guia-completo-mes-a-mes\/\"><strong>Clima em Cusco: O Guia Completo M\u00eas a M\u00eas<\/strong><\/a><\/li>\n\n\n\n<li><a href=\"https:\/\/www.salkantaytrilha.com\/blog\/calendario-das-festas-de-cusco-2024\/\"><strong>Calend\u00e1rio das festas de Cusco<\/strong><\/a><\/li>\n<\/ul>\n","protected":false},"excerpt":{"rendered":"<p>Descubra a magia, da hist\u00f3rica e cultural cidade de Cusco: a cidade ancestral, que outrora foi a joia do Imp\u00e9rio Inca. Percorrer suas ruas de paralelep\u00edpedos \u00e9 mergulhar em um passado glorioso, onde os vest\u00edgios da grandeza inca se misturam [&hellip;]<\/p>\n","protected":false},"author":1,"featured_media":476,"comment_status":"open","ping_status":"open","sticky":false,"template":"","format":"standard","meta":{"footnotes":""},"categories":[144],"tags":[146,151,148,150,153,147,152,149,145],"class_list":["post-453","post","type-post","status-publish","format-standard","has-post-thumbnail","hentry","category-museus-cusco","tag-museu-coricancha","tag-museu-da-catedral-de-cusco","tag-museu-de-arte-contemporanea","tag-museu-de-arte-pre-colombiano","tag-museu-de-arte-religiosa","tag-museu-do-convento-do-templo-de-sao-francisco","tag-museu-do-mosteiro-de-santa-catalina-de-siena","tag-museu-inka","tag-museus-cusco"],"yoast_head":"<!-- This site is optimized with the Yoast SEO Premium plugin v27.4 (Yoast SEO v27.4) - https:\/\/yoast.com\/product\/yoast-seo-premium-wordpress\/ -->\n<title>Museus que voc\u00ea n\u00e3o pode perder em sua visita a Cusco - informa\u00e7\u00f5es de viagens<\/title>\n<meta name=\"description\" content=\"Descubra a riqueza de Cusco atrav\u00e9s de seus museus. Conhe\u00e7a a grandiosidade do Imp\u00e9rio Inca e a influ\u00eancia colonial nesta cidade hist\u00f3rica.\" \/>\n<meta name=\"robots\" content=\"index, follow, max-snippet:-1, max-image-preview:large, max-video-preview:-1\" \/>\n<link rel=\"canonical\" href=\"https:\/\/www.salkantaytrilha.com\/blog\/museus-que-voce-nao-pode-perder-em-sua-visita-a-cusco\/\" \/>\n<meta property=\"og:locale\" content=\"pt_BR\" \/>\n<meta property=\"og:type\" content=\"article\" \/>\n<meta property=\"og:title\" content=\"Museus que voc\u00ea n\u00e3o pode perder em sua visita a Cusco\" \/>\n<meta property=\"og:description\" content=\"Descubra a riqueza de Cusco atrav\u00e9s de seus museus. Conhe\u00e7a a grandiosidade do Imp\u00e9rio Inca e a influ\u00eancia colonial nesta cidade hist\u00f3rica.\" \/>\n<meta property=\"og:url\" content=\"https:\/\/www.salkantaytrilha.com\/blog\/museus-que-voce-nao-pode-perder-em-sua-visita-a-cusco\/\" \/>\n<meta property=\"og:site_name\" content=\"informa\u00e7\u00f5es de viagens\" \/>\n<meta property=\"article:publisher\" content=\"https:\/\/www.facebook.com\/SalkantayTrekking\/\" \/>\n<meta property=\"article:published_time\" content=\"2024-07-03T20:28:16+00:00\" \/>\n<meta property=\"article:modified_time\" content=\"2026-03-02T15:07:48+00:00\" \/>\n<meta property=\"og:image\" content=\"https:\/\/www.salkantaytrilha.com\/blog\/wp-content\/uploads\/2024\/07\/Museus-que-voce-nao-pode-perder-em-sua-visita-a-Cusco.jpg\" \/>\n\t<meta property=\"og:image:width\" content=\"1920\" \/>\n\t<meta property=\"og:image:height\" content=\"1249\" \/>\n\t<meta property=\"og:image:type\" content=\"image\/jpeg\" \/>\n<meta name=\"author\" content=\"Trilha Salkantay\" \/>\n<meta name=\"twitter:card\" content=\"summary_large_image\" \/>\n<meta name=\"twitter:creator\" content=\"@salkantayperu\" \/>\n<meta name=\"twitter:site\" content=\"@salkantayperu\" \/>\n<meta name=\"twitter:label1\" content=\"Escrito por\" \/>\n\t<meta name=\"twitter:data1\" content=\"Trilha Salkantay\" \/>\n\t<meta name=\"twitter:label2\" content=\"Est. tempo de leitura\" \/>\n\t<meta name=\"twitter:data2\" content=\"27 minutos\" \/>\n<script type=\"application\/ld+json\" class=\"yoast-schema-graph\">{\"@context\":\"https:\\\/\\\/schema.org\",\"@graph\":[{\"@type\":\"Article\",\"@id\":\"https:\\\/\\\/www.salkantaytrilha.com\\\/blog\\\/museus-que-voce-nao-pode-perder-em-sua-visita-a-cusco\\\/#article\",\"isPartOf\":{\"@id\":\"https:\\\/\\\/www.salkantaytrilha.com\\\/blog\\\/museus-que-voce-nao-pode-perder-em-sua-visita-a-cusco\\\/\"},\"author\":{\"name\":\"Trilha Salkantay\",\"@id\":\"https:\\\/\\\/www.salkantaytrilha.com\\\/blog\\\/#\\\/schema\\\/person\\\/aa0e6175beac59e6519e5407b3d13d0d\"},\"headline\":\"Museus que voc\u00ea n\u00e3o pode perder em sua visita a Cusco\",\"datePublished\":\"2024-07-03T20:28:16+00:00\",\"dateModified\":\"2026-03-02T15:07:48+00:00\",\"mainEntityOfPage\":{\"@id\":\"https:\\\/\\\/www.salkantaytrilha.com\\\/blog\\\/museus-que-voce-nao-pode-perder-em-sua-visita-a-cusco\\\/\"},\"wordCount\":4530,\"commentCount\":0,\"publisher\":{\"@id\":\"https:\\\/\\\/www.salkantaytrilha.com\\\/blog\\\/#organization\"},\"image\":{\"@id\":\"https:\\\/\\\/www.salkantaytrilha.com\\\/blog\\\/museus-que-voce-nao-pode-perder-em-sua-visita-a-cusco\\\/#primaryimage\"},\"thumbnailUrl\":\"https:\\\/\\\/www.salkantaytrilha.com\\\/blog\\\/wp-content\\\/uploads\\\/2024\\\/07\\\/Museus-que-voce-nao-pode-perder-em-sua-visita-a-Cusco.jpg\",\"keywords\":[\"Museu Coricancha\",\"Museu da Catedral de Cusco\",\"Museu de Arte Contempor\u00e2nea\",\"Museu de Arte Pr\u00e9-Colombiano\",\"Museu de Arte Religiosa\",\"Museu do Convento do Templo de S\u00e3o Francisco\",\"Museu do Mosteiro de Santa Catalina de Siena\",\"Museu Inka\",\"Museus Cusco\"],\"articleSection\":[\"Museus Cusco\"],\"inLanguage\":\"pt-BR\",\"potentialAction\":[{\"@type\":\"CommentAction\",\"name\":\"Comment\",\"target\":[\"https:\\\/\\\/www.salkantaytrilha.com\\\/blog\\\/museus-que-voce-nao-pode-perder-em-sua-visita-a-cusco\\\/#respond\"]}]},{\"@type\":\"WebPage\",\"@id\":\"https:\\\/\\\/www.salkantaytrilha.com\\\/blog\\\/museus-que-voce-nao-pode-perder-em-sua-visita-a-cusco\\\/\",\"url\":\"https:\\\/\\\/www.salkantaytrilha.com\\\/blog\\\/museus-que-voce-nao-pode-perder-em-sua-visita-a-cusco\\\/\",\"name\":\"Museus que voc\u00ea n\u00e3o pode perder em sua visita a Cusco - informa\u00e7\u00f5es de viagens\",\"isPartOf\":{\"@id\":\"https:\\\/\\\/www.salkantaytrilha.com\\\/blog\\\/#website\"},\"primaryImageOfPage\":{\"@id\":\"https:\\\/\\\/www.salkantaytrilha.com\\\/blog\\\/museus-que-voce-nao-pode-perder-em-sua-visita-a-cusco\\\/#primaryimage\"},\"image\":{\"@id\":\"https:\\\/\\\/www.salkantaytrilha.com\\\/blog\\\/museus-que-voce-nao-pode-perder-em-sua-visita-a-cusco\\\/#primaryimage\"},\"thumbnailUrl\":\"https:\\\/\\\/www.salkantaytrilha.com\\\/blog\\\/wp-content\\\/uploads\\\/2024\\\/07\\\/Museus-que-voce-nao-pode-perder-em-sua-visita-a-Cusco.jpg\",\"datePublished\":\"2024-07-03T20:28:16+00:00\",\"dateModified\":\"2026-03-02T15:07:48+00:00\",\"description\":\"Descubra a riqueza de Cusco atrav\u00e9s de seus museus. Conhe\u00e7a a grandiosidade do Imp\u00e9rio Inca e a influ\u00eancia colonial nesta cidade hist\u00f3rica.\",\"breadcrumb\":{\"@id\":\"https:\\\/\\\/www.salkantaytrilha.com\\\/blog\\\/museus-que-voce-nao-pode-perder-em-sua-visita-a-cusco\\\/#breadcrumb\"},\"inLanguage\":\"pt-BR\",\"potentialAction\":[{\"@type\":\"ReadAction\",\"target\":[\"https:\\\/\\\/www.salkantaytrilha.com\\\/blog\\\/museus-que-voce-nao-pode-perder-em-sua-visita-a-cusco\\\/\"]}]},{\"@type\":\"ImageObject\",\"inLanguage\":\"pt-BR\",\"@id\":\"https:\\\/\\\/www.salkantaytrilha.com\\\/blog\\\/museus-que-voce-nao-pode-perder-em-sua-visita-a-cusco\\\/#primaryimage\",\"url\":\"https:\\\/\\\/www.salkantaytrilha.com\\\/blog\\\/wp-content\\\/uploads\\\/2024\\\/07\\\/Museus-que-voce-nao-pode-perder-em-sua-visita-a-Cusco.jpg\",\"contentUrl\":\"https:\\\/\\\/www.salkantaytrilha.com\\\/blog\\\/wp-content\\\/uploads\\\/2024\\\/07\\\/Museus-que-voce-nao-pode-perder-em-sua-visita-a-Cusco.jpg\",\"width\":1920,\"height\":1249,\"caption\":\"Museus que voc\u00ea n\u00e3o pode perder em sua visita a Cusco\"},{\"@type\":\"BreadcrumbList\",\"@id\":\"https:\\\/\\\/www.salkantaytrilha.com\\\/blog\\\/museus-que-voce-nao-pode-perder-em-sua-visita-a-cusco\\\/#breadcrumb\",\"itemListElement\":[{\"@type\":\"ListItem\",\"position\":1,\"name\":\"In\u00edcio\",\"item\":\"https:\\\/\\\/www.salkantaytrilha.com\\\/blog\\\/\"},{\"@type\":\"ListItem\",\"position\":2,\"name\":\"Museus que voc\u00ea n\u00e3o pode perder em sua visita a Cusco\"}]},{\"@type\":\"WebSite\",\"@id\":\"https:\\\/\\\/www.salkantaytrilha.com\\\/blog\\\/#website\",\"url\":\"https:\\\/\\\/www.salkantaytrilha.com\\\/blog\\\/\",\"name\":\"informa\u00e7\u00f5es de viagens a Machu Picchu\",\"description\":\"\",\"publisher\":{\"@id\":\"https:\\\/\\\/www.salkantaytrilha.com\\\/blog\\\/#organization\"},\"potentialAction\":[{\"@type\":\"SearchAction\",\"target\":{\"@type\":\"EntryPoint\",\"urlTemplate\":\"https:\\\/\\\/www.salkantaytrilha.com\\\/blog\\\/?s={search_term_string}\"},\"query-input\":{\"@type\":\"PropertyValueSpecification\",\"valueRequired\":true,\"valueName\":\"search_term_string\"}}],\"inLanguage\":\"pt-BR\"},{\"@type\":\"Organization\",\"@id\":\"https:\\\/\\\/www.salkantaytrilha.com\\\/blog\\\/#organization\",\"name\":\"informa\u00e7\u00f5es de viagens a Machu Picchu\",\"url\":\"https:\\\/\\\/www.salkantaytrilha.com\\\/blog\\\/\",\"logo\":{\"@type\":\"ImageObject\",\"inLanguage\":\"pt-BR\",\"@id\":\"https:\\\/\\\/www.salkantaytrilha.com\\\/blog\\\/#\\\/schema\\\/logo\\\/image\\\/\",\"url\":\"https:\\\/\\\/www.salkantaytrilha.com\\\/blog\\\/wp-content\\\/uploads\\\/2024\\\/05\\\/salkantaytrekking-new-300x128-1.png\",\"contentUrl\":\"https:\\\/\\\/www.salkantaytrilha.com\\\/blog\\\/wp-content\\\/uploads\\\/2024\\\/05\\\/salkantaytrekking-new-300x128-1.png\",\"width\":300,\"height\":128,\"caption\":\"informa\u00e7\u00f5es de viagens a Machu Picchu\"},\"image\":{\"@id\":\"https:\\\/\\\/www.salkantaytrilha.com\\\/blog\\\/#\\\/schema\\\/logo\\\/image\\\/\"},\"sameAs\":[\"https:\\\/\\\/www.facebook.com\\\/SalkantayTrekking\\\/\",\"https:\\\/\\\/x.com\\\/salkantayperu\",\"https:\\\/\\\/www.pinterest.com\\\/salkantaytrekking\\\/\",\"https:\\\/\\\/www.instagram.com\\\/salkantaytrekking\\\/\",\"https:\\\/\\\/www.youtube.com\\\/user\\\/salkantaytrekking\",\"https:\\\/\\\/www.tiktok.com\\\/@salkantaytrekking\"]},{\"@type\":\"Person\",\"@id\":\"https:\\\/\\\/www.salkantaytrilha.com\\\/blog\\\/#\\\/schema\\\/person\\\/aa0e6175beac59e6519e5407b3d13d0d\",\"name\":\"Trilha Salkantay\",\"image\":{\"@type\":\"ImageObject\",\"inLanguage\":\"pt-BR\",\"@id\":\"https:\\\/\\\/secure.gravatar.com\\\/avatar\\\/b41678a33c57a2bf0032b7c254611fc97caffd94ade0663405b364d1c0177d1d?s=96&d=mm&r=g\",\"url\":\"https:\\\/\\\/secure.gravatar.com\\\/avatar\\\/b41678a33c57a2bf0032b7c254611fc97caffd94ade0663405b364d1c0177d1d?s=96&d=mm&r=g\",\"contentUrl\":\"https:\\\/\\\/secure.gravatar.com\\\/avatar\\\/b41678a33c57a2bf0032b7c254611fc97caffd94ade0663405b364d1c0177d1d?s=96&d=mm&r=g\",\"caption\":\"Trilha Salkantay\"},\"sameAs\":[\"https:\\\/\\\/www.salkantaytrilha.com\\\/blog\"]}]}<\/script>\n<!-- \/ Yoast SEO Premium plugin. -->","yoast_head_json":{"title":"Museus que voc\u00ea n\u00e3o pode perder em sua visita a Cusco - informa\u00e7\u00f5es de viagens","description":"Descubra a riqueza de Cusco atrav\u00e9s de seus museus. Conhe\u00e7a a grandiosidade do Imp\u00e9rio Inca e a influ\u00eancia colonial nesta cidade hist\u00f3rica.","robots":{"index":"index","follow":"follow","max-snippet":"max-snippet:-1","max-image-preview":"max-image-preview:large","max-video-preview":"max-video-preview:-1"},"canonical":"https:\/\/www.salkantaytrilha.com\/blog\/museus-que-voce-nao-pode-perder-em-sua-visita-a-cusco\/","og_locale":"pt_BR","og_type":"article","og_title":"Museus que voc\u00ea n\u00e3o pode perder em sua visita a Cusco","og_description":"Descubra a riqueza de Cusco atrav\u00e9s de seus museus. Conhe\u00e7a a grandiosidade do Imp\u00e9rio Inca e a influ\u00eancia colonial nesta cidade hist\u00f3rica.","og_url":"https:\/\/www.salkantaytrilha.com\/blog\/museus-que-voce-nao-pode-perder-em-sua-visita-a-cusco\/","og_site_name":"informa\u00e7\u00f5es de viagens","article_publisher":"https:\/\/www.facebook.com\/SalkantayTrekking\/","article_published_time":"2024-07-03T20:28:16+00:00","article_modified_time":"2026-03-02T15:07:48+00:00","og_image":[{"width":1920,"height":1249,"url":"https:\/\/www.salkantaytrilha.com\/blog\/wp-content\/uploads\/2024\/07\/Museus-que-voce-nao-pode-perder-em-sua-visita-a-Cusco.jpg","type":"image\/jpeg"}],"author":"Trilha Salkantay","twitter_card":"summary_large_image","twitter_creator":"@salkantayperu","twitter_site":"@salkantayperu","twitter_misc":{"Escrito por":"Trilha Salkantay","Est. tempo de leitura":"27 minutos"},"schema":{"@context":"https:\/\/schema.org","@graph":[{"@type":"Article","@id":"https:\/\/www.salkantaytrilha.com\/blog\/museus-que-voce-nao-pode-perder-em-sua-visita-a-cusco\/#article","isPartOf":{"@id":"https:\/\/www.salkantaytrilha.com\/blog\/museus-que-voce-nao-pode-perder-em-sua-visita-a-cusco\/"},"author":{"name":"Trilha Salkantay","@id":"https:\/\/www.salkantaytrilha.com\/blog\/#\/schema\/person\/aa0e6175beac59e6519e5407b3d13d0d"},"headline":"Museus que voc\u00ea n\u00e3o pode perder em sua visita a Cusco","datePublished":"2024-07-03T20:28:16+00:00","dateModified":"2026-03-02T15:07:48+00:00","mainEntityOfPage":{"@id":"https:\/\/www.salkantaytrilha.com\/blog\/museus-que-voce-nao-pode-perder-em-sua-visita-a-cusco\/"},"wordCount":4530,"commentCount":0,"publisher":{"@id":"https:\/\/www.salkantaytrilha.com\/blog\/#organization"},"image":{"@id":"https:\/\/www.salkantaytrilha.com\/blog\/museus-que-voce-nao-pode-perder-em-sua-visita-a-cusco\/#primaryimage"},"thumbnailUrl":"https:\/\/www.salkantaytrilha.com\/blog\/wp-content\/uploads\/2024\/07\/Museus-que-voce-nao-pode-perder-em-sua-visita-a-Cusco.jpg","keywords":["Museu Coricancha","Museu da Catedral de Cusco","Museu de Arte Contempor\u00e2nea","Museu de Arte Pr\u00e9-Colombiano","Museu de Arte Religiosa","Museu do Convento do Templo de S\u00e3o Francisco","Museu do Mosteiro de Santa Catalina de Siena","Museu Inka","Museus Cusco"],"articleSection":["Museus Cusco"],"inLanguage":"pt-BR","potentialAction":[{"@type":"CommentAction","name":"Comment","target":["https:\/\/www.salkantaytrilha.com\/blog\/museus-que-voce-nao-pode-perder-em-sua-visita-a-cusco\/#respond"]}]},{"@type":"WebPage","@id":"https:\/\/www.salkantaytrilha.com\/blog\/museus-que-voce-nao-pode-perder-em-sua-visita-a-cusco\/","url":"https:\/\/www.salkantaytrilha.com\/blog\/museus-que-voce-nao-pode-perder-em-sua-visita-a-cusco\/","name":"Museus que voc\u00ea n\u00e3o pode perder em sua visita a Cusco - informa\u00e7\u00f5es de viagens","isPartOf":{"@id":"https:\/\/www.salkantaytrilha.com\/blog\/#website"},"primaryImageOfPage":{"@id":"https:\/\/www.salkantaytrilha.com\/blog\/museus-que-voce-nao-pode-perder-em-sua-visita-a-cusco\/#primaryimage"},"image":{"@id":"https:\/\/www.salkantaytrilha.com\/blog\/museus-que-voce-nao-pode-perder-em-sua-visita-a-cusco\/#primaryimage"},"thumbnailUrl":"https:\/\/www.salkantaytrilha.com\/blog\/wp-content\/uploads\/2024\/07\/Museus-que-voce-nao-pode-perder-em-sua-visita-a-Cusco.jpg","datePublished":"2024-07-03T20:28:16+00:00","dateModified":"2026-03-02T15:07:48+00:00","description":"Descubra a riqueza de Cusco atrav\u00e9s de seus museus. Conhe\u00e7a a grandiosidade do Imp\u00e9rio Inca e a influ\u00eancia colonial nesta cidade hist\u00f3rica.","breadcrumb":{"@id":"https:\/\/www.salkantaytrilha.com\/blog\/museus-que-voce-nao-pode-perder-em-sua-visita-a-cusco\/#breadcrumb"},"inLanguage":"pt-BR","potentialAction":[{"@type":"ReadAction","target":["https:\/\/www.salkantaytrilha.com\/blog\/museus-que-voce-nao-pode-perder-em-sua-visita-a-cusco\/"]}]},{"@type":"ImageObject","inLanguage":"pt-BR","@id":"https:\/\/www.salkantaytrilha.com\/blog\/museus-que-voce-nao-pode-perder-em-sua-visita-a-cusco\/#primaryimage","url":"https:\/\/www.salkantaytrilha.com\/blog\/wp-content\/uploads\/2024\/07\/Museus-que-voce-nao-pode-perder-em-sua-visita-a-Cusco.jpg","contentUrl":"https:\/\/www.salkantaytrilha.com\/blog\/wp-content\/uploads\/2024\/07\/Museus-que-voce-nao-pode-perder-em-sua-visita-a-Cusco.jpg","width":1920,"height":1249,"caption":"Museus que voc\u00ea n\u00e3o pode perder em sua visita a Cusco"},{"@type":"BreadcrumbList","@id":"https:\/\/www.salkantaytrilha.com\/blog\/museus-que-voce-nao-pode-perder-em-sua-visita-a-cusco\/#breadcrumb","itemListElement":[{"@type":"ListItem","position":1,"name":"In\u00edcio","item":"https:\/\/www.salkantaytrilha.com\/blog\/"},{"@type":"ListItem","position":2,"name":"Museus que voc\u00ea n\u00e3o pode perder em sua visita a Cusco"}]},{"@type":"WebSite","@id":"https:\/\/www.salkantaytrilha.com\/blog\/#website","url":"https:\/\/www.salkantaytrilha.com\/blog\/","name":"informa\u00e7\u00f5es de viagens a Machu Picchu","description":"","publisher":{"@id":"https:\/\/www.salkantaytrilha.com\/blog\/#organization"},"potentialAction":[{"@type":"SearchAction","target":{"@type":"EntryPoint","urlTemplate":"https:\/\/www.salkantaytrilha.com\/blog\/?s={search_term_string}"},"query-input":{"@type":"PropertyValueSpecification","valueRequired":true,"valueName":"search_term_string"}}],"inLanguage":"pt-BR"},{"@type":"Organization","@id":"https:\/\/www.salkantaytrilha.com\/blog\/#organization","name":"informa\u00e7\u00f5es de viagens a Machu Picchu","url":"https:\/\/www.salkantaytrilha.com\/blog\/","logo":{"@type":"ImageObject","inLanguage":"pt-BR","@id":"https:\/\/www.salkantaytrilha.com\/blog\/#\/schema\/logo\/image\/","url":"https:\/\/www.salkantaytrilha.com\/blog\/wp-content\/uploads\/2024\/05\/salkantaytrekking-new-300x128-1.png","contentUrl":"https:\/\/www.salkantaytrilha.com\/blog\/wp-content\/uploads\/2024\/05\/salkantaytrekking-new-300x128-1.png","width":300,"height":128,"caption":"informa\u00e7\u00f5es de viagens a Machu Picchu"},"image":{"@id":"https:\/\/www.salkantaytrilha.com\/blog\/#\/schema\/logo\/image\/"},"sameAs":["https:\/\/www.facebook.com\/SalkantayTrekking\/","https:\/\/x.com\/salkantayperu","https:\/\/www.pinterest.com\/salkantaytrekking\/","https:\/\/www.instagram.com\/salkantaytrekking\/","https:\/\/www.youtube.com\/user\/salkantaytrekking","https:\/\/www.tiktok.com\/@salkantaytrekking"]},{"@type":"Person","@id":"https:\/\/www.salkantaytrilha.com\/blog\/#\/schema\/person\/aa0e6175beac59e6519e5407b3d13d0d","name":"Trilha Salkantay","image":{"@type":"ImageObject","inLanguage":"pt-BR","@id":"https:\/\/secure.gravatar.com\/avatar\/b41678a33c57a2bf0032b7c254611fc97caffd94ade0663405b364d1c0177d1d?s=96&d=mm&r=g","url":"https:\/\/secure.gravatar.com\/avatar\/b41678a33c57a2bf0032b7c254611fc97caffd94ade0663405b364d1c0177d1d?s=96&d=mm&r=g","contentUrl":"https:\/\/secure.gravatar.com\/avatar\/b41678a33c57a2bf0032b7c254611fc97caffd94ade0663405b364d1c0177d1d?s=96&d=mm&r=g","caption":"Trilha Salkantay"},"sameAs":["https:\/\/www.salkantaytrilha.com\/blog"]}]}},"_links":{"self":[{"href":"https:\/\/www.salkantaytrilha.com\/blog\/wp-json\/wp\/v2\/posts\/453","targetHints":{"allow":["GET"]}}],"collection":[{"href":"https:\/\/www.salkantaytrilha.com\/blog\/wp-json\/wp\/v2\/posts"}],"about":[{"href":"https:\/\/www.salkantaytrilha.com\/blog\/wp-json\/wp\/v2\/types\/post"}],"author":[{"embeddable":true,"href":"https:\/\/www.salkantaytrilha.com\/blog\/wp-json\/wp\/v2\/users\/1"}],"replies":[{"embeddable":true,"href":"https:\/\/www.salkantaytrilha.com\/blog\/wp-json\/wp\/v2\/comments?post=453"}],"version-history":[{"count":4,"href":"https:\/\/www.salkantaytrilha.com\/blog\/wp-json\/wp\/v2\/posts\/453\/revisions"}],"predecessor-version":[{"id":5579,"href":"https:\/\/www.salkantaytrilha.com\/blog\/wp-json\/wp\/v2\/posts\/453\/revisions\/5579"}],"wp:featuredmedia":[{"embeddable":true,"href":"https:\/\/www.salkantaytrilha.com\/blog\/wp-json\/wp\/v2\/media\/476"}],"wp:attachment":[{"href":"https:\/\/www.salkantaytrilha.com\/blog\/wp-json\/wp\/v2\/media?parent=453"}],"wp:term":[{"taxonomy":"category","embeddable":true,"href":"https:\/\/www.salkantaytrilha.com\/blog\/wp-json\/wp\/v2\/categories?post=453"},{"taxonomy":"post_tag","embeddable":true,"href":"https:\/\/www.salkantaytrilha.com\/blog\/wp-json\/wp\/v2\/tags?post=453"}],"curies":[{"name":"wp","href":"https:\/\/api.w.org\/{rel}","templated":true}]}}