{"id":4628,"date":"2025-10-20T08:30:00","date_gmt":"2025-10-20T11:30:00","guid":{"rendered":"https:\/\/www.salkantaytrilha.com\/blog\/?p=4628"},"modified":"2026-03-02T12:02:37","modified_gmt":"2026-03-02T15:02:37","slug":"natal-em-cusco-peru-tradicoes-e-festas","status":"publish","type":"post","link":"https:\/\/www.salkantaytrilha.com\/blog\/natal-em-cusco-peru-tradicoes-e-festas\/","title":{"rendered":"Natal em Cusco, Peru"},"content":{"rendered":"\n<p>H\u00e1 lugares no mundo onde o Natal \u00e9 sentido de uma forma diferente \u2014 onde o tempo parece desacelerar e o esp\u00edrito festivo se mistura com s\u00e9culos de hist\u00f3ria. Assim \u00e9 o <strong>Natal em Cusco, Peru<\/strong>, um cen\u00e1rio m\u00e1gico que une f\u00e9 e tradi\u00e7\u00e3o andina.<\/p>\n\n\n\n<p>Em Cusco, o Natal \u00e9 uma experi\u00eancia viva que te leva por ruas cheias de cores, varandas perfumadas com chocolate quente e o som suave dos <strong>vilancicos em qu\u00e9chua<\/strong>, que, junto ao eco dos sinos, anunciam uma celebra\u00e7\u00e3o sentida com o cora\u00e7\u00e3o.<\/p>\n\n\n\n<p>Pronto para descobrir por que o Natal em Cusco n\u00e3o \u00e9 apenas comemorado, mas vivido como em nenhum outro lugar do mundo?<\/p>\n\n\n\n<div class=\"wp-block-rank-math-toc-block anchor-links\"><h2>Tabela de conte\u00fados<\/h2><nav><ul><li><a href=\"#h-desde-quando-se-celebra-o-natal-em-cusco\" >Desde quando se celebra o Natal em Cusco?<\/a><\/li><li><a href=\"#h-tradicoes-unicas-de-natal-em-cusco\" >Tradi\u00e7\u00f5es \u00fanicas de Natal em Cusco<\/a><\/li><li><a href=\"#h-gastronomia-tipica-do-natal-em-cusco-peru\" >Gastronomia t\u00edpica do Natal em Cusco, Peru<\/a><\/li><li><a href=\"#h-dezembro-e-uma-boa-epoca-para-viajar-a-cusco-peru\" >Dezembro \u00e9 uma boa \u00e9poca para viajar a Cusco, Peru?<\/a><\/li><li><a href=\"#h-machu-picchu-no-natal\" >Machu Picchu no Natal<\/a><\/li><li><a href=\"#h-destinos-turisticos-para-curtir-o-natal-em-cusco-peru\" >Destinos tur\u00edsticos para curtir o Natal em Cusco, Peru<\/a><\/li><li><a href=\"#h-hospedagem-em-cusco-durante-a-temporada-de-natal\" >Hospedagem em Cusco durante a temporada de Natal<\/a><\/li><li><a href=\"#h-calendario-de-natal-em-cusco\" >Calend\u00e1rio de Natal em Cusco<\/a><\/li><li><a href=\"#h-dicas-para-viver-o-natal-em-cusco-peru\" >Dicas para viver o Natal em Cusco, Peru<\/a><\/li><li><a href=\"#h-reflexao-final\" >Reflex\u00e3o final<\/a><\/li><li><a href=\"#h-perguntas-frequentes\" >Perguntas frequentes<\/a><\/li><li><a href=\"#h-voce-pode-se-interessar-por\" >Voc\u00ea pode se interessar por:<\/a><\/li><\/nav><\/ul><\/div>\n\n\n\n<h2 class=\"wp-block-heading\" id=\"h-desde-quando-se-celebra-o-natal-em-cusco\">Desde quando se celebra o Natal em Cusco?<\/h2>\n\n\n\n<p>O Natal em Cusco, Peru, tem uma hist\u00f3ria que come\u00e7ou h\u00e1 mais de 400 anos, quando os espanh\u00f3is chegaram ao antigo Imp\u00e9rio Inca e trouxeram consigo as celebra\u00e7\u00f5es crist\u00e3s. Com o passar do tempo, as comunidades andinas fizeram dessa data uma festa pr\u00f3pria, misturando a f\u00e9 cat\u00f3lica com suas tradi\u00e7\u00f5es e s\u00edmbolos ancestrais.<\/p>\n\n\n\n<p>Com os anos, o Natal em Cusco deixou de ser apenas uma festa religiosa para se transformar em uma celebra\u00e7\u00e3o <strong>cultural, familiar e comunit\u00e1ria<\/strong>, repleta de identidade andina e arte popular. A cada dezembro, fam\u00edlias e visitantes se re\u00fanem para reviver uma tradi\u00e7\u00e3o que continua iluminando as ruas do antigo \u201cumbigo do mundo\u201d.<\/p>\n\n\n\n<figure class=\"wp-block-image size-large\"><img loading=\"lazy\" decoding=\"async\" width=\"1024\" height=\"683\" src=\"https:\/\/www.salkantaytrilha.com\/blog\/wp-content\/uploads\/2025\/10\/natal-em-cusco-1024x683.jpg\" alt=\"Nascimento em Cusco\" class=\"wp-image-4632\"\/><figcaption class=\"wp-element-caption\">Nascimento em Cusco<\/figcaption><\/figure>\n\n\n\n<h2 class=\"wp-block-heading\" id=\"h-tradicoes-unicas-de-natal-em-cusco\">Tradi\u00e7\u00f5es \u00fanicas de Natal em Cusco<\/h2>\n\n\n\n<p>Cusco, a antiga capital do Imp\u00e9rio Inca e a capital arqueol\u00f3gica da Am\u00e9rica, se transforma completamente em dezembro. Essa cidade vibrante oferece aos visitantes um Natal que une <strong>tradi\u00e7\u00e3o andina e costumes modernos<\/strong>. Prepare-se para viver experi\u00eancias \u00fanicas como:<\/p>\n\n\n\n<h3 class=\"wp-block-heading\" id=\"h-santurantikuy-uma-feira-que-une-passado-e-presente\">Santurantikuy: Uma feira que une passado e presente<\/h3>\n\n\n\n<p>Todo dia <strong>24 de dezembro<\/strong>, a <strong>Plaza de Armas de Cusco<\/strong> se transforma com a tradicional <strong>Feira de Santurantikuy<\/strong>, parte essencial do Natal cusquenho. O nome vem do qu\u00e9chua e significa \u201cvenda de santos\u201d \u2014 um reflexo de sua ess\u00eancia: um grande mercado onde <strong>arte, f\u00e9 e cultura andina<\/strong> se encontram em um ambiente festivo e familiar.<\/p>\n\n\n\n<p>O Santurantikuy \u00e9 celebrado desde o s\u00e9culo XVI, surgindo como um espa\u00e7o para que os artes\u00e3os locais vendessem figuras religiosas antes da Noite de Natal. Com o tempo, a feira se tornou uma grande mostra de arte popular, reunindo artistas de <strong>Cusco, Puno, Ayacucho<\/strong> e outras regi\u00f5es, que exibem <strong>cer\u00e2micas, entalhes, ret\u00e1bulos<\/strong> (caixas de madeira decoradas que representam cenas da vida cotidiana, festas religiosas e costumes locais) e outras decora\u00e7\u00f5es feitas \u00e0 m\u00e3o.<\/p>\n\n\n\n<p>Hoje, a feira \u00e9 reconhecida como <strong>Patrim\u00f4nio Cultural da Na\u00e7\u00e3o<\/strong> e s\u00edmbolo da identidade cusquenha. Embora existam feiras similares no Vale Sagrado e em outras prov\u00edncias, nenhuma se compara \u00e0 sua hist\u00f3ria nem \u00e0 sua energia. Visitar o Santurantikuy \u00e9 mergulhar na criatividade do povo andino e sentir a verdadeira ess\u00eancia do <strong>Natal no cora\u00e7\u00e3o de Cusco<\/strong>.<\/p>\n\n\n\n<div class=\"wp-block-columns is-layout-flex wp-container-core-columns-is-layout-9d6595d7 wp-block-columns-is-layout-flex\">\n<div class=\"wp-block-column is-layout-flow wp-block-column-is-layout-flow\">\n<figure class=\"wp-block-image size-full\"><img loading=\"lazy\" decoding=\"async\" width=\"800\" height=\"1000\" src=\"https:\/\/www.salkantaytrilha.com\/blog\/wp-content\/uploads\/2024\/11\/Santurantikuy-Fair-@unafotitopecausa.jpg\" alt=\"Feira de Santurantikuy - (unafotitopecausa\/instagram)\" class=\"wp-image-2131\"\/><figcaption class=\"wp-element-caption\">Feira de Santurantikuy &#8211; (unafotitopecausa\/instagram)<\/figcaption><\/figure>\n<\/div>\n\n\n\n<div class=\"wp-block-column is-layout-flow wp-block-column-is-layout-flow\">\n<figure class=\"wp-block-image size-full\"><img loading=\"lazy\" decoding=\"async\" width=\"800\" height=\"1000\" src=\"https:\/\/www.salkantaytrilha.com\/blog\/wp-content\/uploads\/2025\/10\/mulher-vendendo-santurantikuy-natal-cusco.jpg\" alt=\"Mulher vendendo em Santurantikuy - Cusco\" class=\"wp-image-4634\"\/><figcaption class=\"wp-element-caption\">Mulher vendendo em Santurantikuy &#8211; Cusco<\/figcaption><\/figure>\n<\/div>\n<\/div>\n\n\n\n<h3 class=\"wp-block-heading\" id=\"h-o-menino-manuelito\">O Menino Manuelito<\/h3>\n\n\n\n<p>Entre todas as tradi\u00e7\u00f5es do <strong>Natal em Cusco, Peru<\/strong>, nenhuma \u00e9 t\u00e3o comovente quanto a do <strong>Menino Manuelito<\/strong>, a figura mais querida dos pres\u00e9pios cusquenhos. Sua origem remonta ao s\u00e9culo XVII, quando padres espanh\u00f3is liam passagens b\u00edblicas e repetiam o nome <em>Emmanuel<\/em>, que significa \u201cDeus conosco\u201d. Os povos andinos come\u00e7aram a cham\u00e1-lo de \u201cManuel\u201d, e assim nasceu a devo\u00e7\u00e3o ao pequeno <strong>Menino Manuelito<\/strong>, s\u00edmbolo de amor e f\u00e9 do povo de Cusco.<\/p>\n\n\n\n<p>Todo dezembro, sua imagem floresce nos lares e na Feira de Santurantikuy, onde os artes\u00e3os apresentam esculturas \u00fanicas inspiradas nele. Ele \u00e9 retratado com <strong>tra\u00e7os andinos<\/strong>: pele morena, bochechas rosadas e uma express\u00e3o doce que transmite ternura e proximidade. Alguns o mostram engatinhando, sentado ou deitado, representando a humanidade de Jesus adaptada ao cora\u00e7\u00e3o do mundo andino.<\/p>\n\n\n\n<p>Para os cusquenhos, o Menino Manuelito simboliza <strong>prote\u00e7\u00e3o, esperan\u00e7a e prosperidade<\/strong>. Sua presen\u00e7a ilumina os lares e mant\u00e9m viva a espiritualidade que d\u00e1 sentido ao Natal em Cusco, Peru.<\/p>\n\n\n\n<figure class=\"wp-block-image size-large\"><img loading=\"lazy\" decoding=\"async\" width=\"1024\" height=\"683\" src=\"https:\/\/www.salkantaytrilha.com\/blog\/wp-content\/uploads\/2025\/10\/menino-manuelito-cusco-1024x683.jpg\" alt=\"Menino Manuelito em Cusco\" class=\"wp-image-4635\"\/><figcaption class=\"wp-element-caption\">Menino Manuelito em Cusco<\/figcaption><\/figure>\n\n\n\n<h3 class=\"wp-block-heading\">O Menino do Espinho<\/h3>\n\n\n\n<p>O <strong>Menino do Espinho<\/strong> \u00e9 uma das imagens mais queridas e representativas do Natal em Cusco, uma vers\u00e3o profundamente andinizada do <strong>Menino Manuelito<\/strong>. Criada em 1975 pelo mestre artes\u00e3o <strong>Antonio Olave Palomino<\/strong>, reconhecido como <strong>Patrim\u00f4nio Cultural Vivo do Peru<\/strong>, esta escultura reflete o amor e a empatia do povo andino atrav\u00e9s de uma cena comovente: o <strong>Menino Jesus<\/strong> sentado, com uma l\u00e1grima no rosto, retirando um espinho do p\u00e9.<\/p>\n\n\n\n<p>A inspira\u00e7\u00e3o vem de uma antiga lenda andina sobre um pequeno pastor que, ao ver seu amigo chorar por causa de um espinho, decidiu cravar outro em si mesmo para compartilhar sua dor. Esse gesto de solidariedade inspirou Olave a criar uma imagem que simboliza a compaix\u00e3o, a humanidade e a ternura divina. Seu realismo \u00e9 \u00fanico: olhos e l\u00e1grimas de vidro, dentes de pena de condor, cabelo natural e detalhes em folha de ouro entalhados na madeira.<\/p>\n\n\n\n<p><strong>Aben\u00e7oado pelo Papa Jo\u00e3o Paulo II em 1985<\/strong>, o Menino do Espinho tornou-se uma figura central da arte popular cusquenha e uma das mais procuradas durante a <strong>Feira de Santurantikuy<\/strong>. Mais do que uma escultura, representa o cora\u00e7\u00e3o do Natal nos Andes: uma celebra\u00e7\u00e3o que une a f\u00e9, a beleza artesanal e o esp\u00edrito solid\u00e1rio de Cusco.<\/p>\n\n\n\n<figure class=\"wp-block-image size-large\"><img loading=\"lazy\" decoding=\"async\" width=\"1024\" height=\"683\" src=\"https:\/\/www.salkantaytrilha.com\/blog\/wp-content\/uploads\/2025\/10\/menino-da-espinha-cusco-1024x683.jpg\" alt=\"O Menino do Espinho\" class=\"wp-image-4639\"\/><figcaption class=\"wp-element-caption\">O Menino do Espinho<\/figcaption><\/figure>\n\n\n\n<h3 class=\"wp-block-heading\" id=\"h-o-presepio-andino\">O Pres\u00e9pio Andino<\/h3>\n\n\n\n<p>O <strong>Pres\u00e9pio Andino<\/strong> \u00e9 uma das express\u00f5es mais belas e aut\u00eanticas do <strong>Natal em Cusco<\/strong>. Mais do que uma simples representa\u00e7\u00e3o do nascimento de Jesus, ele mostra como o povo andino adaptou a hist\u00f3ria crist\u00e3 \u00e0 sua pr\u00f3pria vis\u00e3o de mundo.<\/p>\n\n\n\n<p>Diferente do pres\u00e9pio tradicional europeu, o pres\u00e9pio cusquenho recria <strong>paisagens andinas<\/strong> com musgo, palha, ervas conhecidas como <em>salvajina<\/em>, montanhas em miniatura e riachos feitos com espelhos. O mais encantador \u00e9 a forma como Maria, Jos\u00e9 e o <strong>Menino Manuelito<\/strong> s\u00e3o representados \u2014 com roupas t\u00edpicas de Cusco, tecidos coloridos, ponchos, chap\u00e9us e sand\u00e1lias. No lugar do boi e da mula, aparecem <strong>vacas, lhamas, alpacas, condores<\/strong> e moradores andinos levando oferendas ao Menino Manuelito, o protagonista de cada Natal cusquenho.<\/p>\n\n\n\n<p>Voc\u00ea pode encontrar <strong>pres\u00e9pios andinos feitos \u00e0 m\u00e3o<\/strong> nos ateli\u00eas do bairro de <strong>San Blas<\/strong> ou nas feiras de Natal, produzidos em cer\u00e2mica, pedra, madeira ou em formato de ret\u00e1bulo. Os pre\u00e7os variam conforme o tamanho e o n\u00edvel de detalhe: pe\u00e7as pequenas custam a partir de <strong>20 soles<\/strong>, enquanto pres\u00e9pios grandes, esculpidos por mestres artes\u00e3os, podem superar os <strong>200 ou 300 soles<\/strong>.<\/p>\n\n\n\n<figure class=\"wp-block-image size-large\"><img loading=\"lazy\" decoding=\"async\" width=\"1024\" height=\"683\" src=\"https:\/\/www.salkantaytrilha.com\/blog\/wp-content\/uploads\/2025\/10\/nascimento-andino-cusco-1024x683.jpg\" alt=\"O Pres\u00e9pio Andino\" class=\"wp-image-4642\"\/><figcaption class=\"wp-element-caption\">O Pres\u00e9pio Andino<\/figcaption><\/figure>\n\n\n\n<h3 class=\"wp-block-heading\" id=\"h-o-presepio-em-tamanho-real-na-plaza-de-armas\">O Pres\u00e9pio em tamanho real na Plaza de Armas<\/h3>\n\n\n\n<p>Um dos pontos mais marcantes do <strong>Natal em Cusco<\/strong> \u00e9 o majestoso <strong>Pres\u00e9pio em tamanho real<\/strong> montado na <strong>Plaza de Armas<\/strong>, uma tradi\u00e7\u00e3o que encanta moradores e visitantes. O estilo dessas figuras \u00e9 inconfund\u00edvel por seus <strong>pesco\u00e7os longos<\/strong>, uma marca registrada da arte cusquenha.<\/p>\n\n\n\n<p>O criador desse estilo particular foi o renomado mestre imagin\u00e1rio <strong>Hilario Mend\u00edvil Velasco (1927\u20131977)<\/strong>, natural do tradicional bairro de <strong>San Blas<\/strong>, que, junto de sua esposa <strong>Georgina Due\u00f1as<\/strong>, desenvolveu essa t\u00e9cnica. Mend\u00edvil se inspirou nas <strong>lhamas e alpacas<\/strong>, animais t\u00edpicos dos Andes, para dar \u00e0s suas imagens religiosas aquele <strong>pesco\u00e7o alongado e sereno<\/strong> t\u00e3o caracter\u00edstico.<\/p>\n\n\n\n<p>Hoje, a fam\u00edlia Mend\u00edvil \u2014 especialmente sua filha <strong>Juana Mend\u00edvil<\/strong>, reconhecida como <em>Amauta da Arte Popular Peruana<\/em> \u2014 mant\u00e9m viva essa tradi\u00e7\u00e3o. Eles s\u00e3o respons\u00e1veis por montar o pres\u00e9pio em tamanho real na Plaza de Armas, utilizando elementos naturais da serra, como palha e ervas, para criar um cen\u00e1rio aut\u00eantico que une arte e f\u00e9 andina.<\/p>\n\n\n\n<p>Al\u00e9m disso, n\u00e3o \u00e9 o \u00fanico pres\u00e9pio de grande escala da cidade. As principais pra\u00e7as dos <strong>oito distritos de Cusco<\/strong> tamb\u00e9m montam seus pr\u00f3prios pres\u00e9pios e \u00e1rvores decoradas, cada um com um estilo \u00fanico. Com o passar dos anos, essa pr\u00e1tica se transformou em uma <strong>competi\u00e7\u00e3o amistosa<\/strong>, onde cada distrito busca expressar sua identidade e criatividade atrav\u00e9s do esp\u00edrito natalino.<\/p>\n\n\n\n<figure class=\"wp-block-image size-large\"><img loading=\"lazy\" decoding=\"async\" width=\"1024\" height=\"683\" src=\"https:\/\/www.salkantaytrilha.com\/blog\/wp-content\/uploads\/2025\/10\/nascimento-praca-de-armas-cusco-1024x683.jpg\" alt=\"Pres\u00e9pio Andino em Pra\u00e7a de Armas - Cusco\" class=\"wp-image-4643\"\/><figcaption class=\"wp-element-caption\">Pres\u00e9pio Andino em Pra\u00e7a de Armas Cusco<\/figcaption><\/figure>\n\n\n\n<h3 class=\"wp-block-heading\" id=\"h-presepios-em-tamanho-real-em-sitios-arqueologicos\">Pres\u00e9pios em tamanho real em s\u00edtios arqueol\u00f3gicos<\/h3>\n\n\n\n<p>Imagine caminhar pelas ruas modernas de Cusco, cheias de vida e com\u00e9rcio, e de repente se deparar com um antigo recinto inca\u2026 e dentro dele, um <strong>pres\u00e9pio em tamanho real<\/strong>! Esse cen\u00e1rio, que parece sa\u00eddo de um sonho, representa a ess\u00eancia do <strong>Natal em Cusco<\/strong> \u2014 o auge do sincretismo cultural que une a hist\u00f3ria andina \u00e0 tradi\u00e7\u00e3o cat\u00f3lica. Os pres\u00e9pios mais impressionantes que voc\u00ea pode visitar durante sua rota natalina pelo Centro Hist\u00f3rico de Cusco s\u00e3o:<\/p>\n\n\n\n<ul class=\"wp-block-list\">\n<li><strong>Qoricancha, Templo do Sol:<\/strong> Localizado na Avenida El Sol, esse imponente templo foi o mais sagrado do Imp\u00e9rio Inca, dedicado principalmente ao deus Sol (<em>Inti<\/em>). Durante o Natal, sua ampla esplanada se transforma no cen\u00e1rio perfeito para um pres\u00e9pio monumental. O contraste entre as antigas pedras incas e as figuras religiosas cria uma experi\u00eancia espiritual e cultural \u00fanica, onde o passado e o presente se encontram em perfeita harmonia.<\/li>\n\n\n\n<li><strong>Kusicancha, Pal\u00e1cio Inca:<\/strong> O nome significa \u201cCasa Alegre\u201d. Esse s\u00edtio arqueol\u00f3gico fica na rua Maruri, a apenas uma quadra da Plaza de Armas, e acredita-se que tenha sido o local de nascimento do Inca Pachac\u00fatec. No Natal, a \u00e1rea ganha vida com um magn\u00edfico pres\u00e9pio em tamanho real, elaborado com t\u00e9cnicas tradicionais que refletem o talento dos artes\u00e3os locais.<\/li>\n<\/ul>\n\n\n\n<p class=\"orange\"><strong>Dica de viagem:<\/strong> Ao visitar os pres\u00e9pios nas pra\u00e7as, igrejas e s\u00edtios arqueol\u00f3gicos de Cusco, observe atentamente os trajes e os pequenos detalhes das figuras. Cada elemento representa a perfeita uni\u00e3o entre a cultura andina e a f\u00e9 cat\u00f3lica. Aproveite para conversar com os moradores, ouvir suas hist\u00f3rias e aprender mais sobre suas tradi\u00e7\u00f5es e modo de vida.<\/p>\n\n\n\n<figure class=\"wp-block-image size-full\"><img loading=\"lazy\" decoding=\"async\" width=\"900\" height=\"601\" src=\"https:\/\/www.salkantaytrilha.com\/blog\/wp-content\/uploads\/2024\/11\/christmas-can-see-scenes-nativity-scenes-squares-cusco.jpg\" alt=\"Natividade do Menino Jesus no s\u00edtio arqueol\u00f3gico de Qoricancha\" class=\"wp-image-2133\"\/><figcaption class=\"wp-element-caption\">Pres\u00e9pio do Menino Jesus no s\u00edtio arqueol\u00f3gico de Qoricancha<\/figcaption><\/figure>\n\n\n\n<h3 class=\"wp-block-heading\" id=\"h-as-missas-do-galo\">As Missas do Galo<\/h3>\n\n\n\n<p>Na noite de <strong>24 de dezembro<\/strong>, centenas de cusquenhos se dirigem \u00e0s igrejas mais pr\u00f3ximas de suas casas para celebrar o nascimento do <strong>Menino Manuelito<\/strong> \u2014 ou Menino Jesus \u2014 nas tradicionais <strong>Missas do Galo<\/strong>. Essa \u00e9 uma tradi\u00e7\u00e3o muito especial, pois muitas fam\u00edlias levam consigo a imagem do seu Menino para que ele \u201cou\u00e7a a missa\u201d e receba a b\u00ean\u00e7\u00e3o do padre, um gesto simb\u00f3lico de prote\u00e7\u00e3o e renova\u00e7\u00e3o da f\u00e9 em cada lar.<\/p>\n\n\n\n<p>A cerim\u00f4nia come\u00e7a por volta da meia-noite e \u00e9 acompanhada por c\u00e2nticos em espanhol e quechua, criando uma atmosfera de devo\u00e7\u00e3o e alegria. As luzes, o incenso e os vilancicos enchem o ambiente de emo\u00e7\u00e3o, unindo o sagrado ao esp\u00edrito andino. Ao final, os sinos ecoam por toda a cidade, que se enche de abra\u00e7os, fogos de artif\u00edcio e votos de paz. As fam\u00edlias retornam para casa com seu <strong>Menino Manuelito aben\u00e7oado<\/strong>, prontas para compartilhar a ceia e celebrar com gratid\u00e3o e esperan\u00e7a.<\/p>\n\n\n\n<p class=\"orange\"><strong>Dica de viagem:<\/strong> As Missas do Galo em Cusco s\u00e3o abertas ao p\u00fablico, ent\u00e3o qualquer visitante pode participar. No entanto, s\u00e3o eventos muito procurados \u2014 o ideal \u00e9 chegar pelo menos <strong>30 minutos antes da meia-noite<\/strong> para garantir um bom lugar. Se voc\u00ea chegar mais tarde, n\u00e3o se preocupe: as portas permanecem abertas e \u00e9 poss\u00edvel acompanhar a cerim\u00f4nia de onde houver espa\u00e7o.<\/p>\n\n\n\n<figure class=\"wp-block-image size-large\"><img loading=\"lazy\" decoding=\"async\" width=\"1024\" height=\"683\" src=\"https:\/\/www.salkantaytrilha.com\/blog\/wp-content\/uploads\/2025\/10\/missa-bencao-das-criancas-catedral-cusco-natal-1024x683.jpg\" alt=\"Missas do Galo em Cusco\" class=\"wp-image-4645\"\/><figcaption class=\"wp-element-caption\">Missas do Galo em Cusco<\/figcaption><\/figure>\n\n\n\n<h3 class=\"wp-block-heading\" id=\"h-as-chocolatadas-solidarias\">As Chocolatadas Solid\u00e1rias<\/h3>\n\n\n\n<p>As <strong>chocolatadas solid\u00e1rias<\/strong> s\u00e3o uma das tradi\u00e7\u00f5es mais emocionantes do <strong>Natal em Cusco, Peru<\/strong>. Todo m\u00eas de dezembro, <strong>par\u00f3quias, associa\u00e7\u00f5es, empresas e fam\u00edlias<\/strong> se unem para compartilhar momentos de alegria com aqueles que mais precisam. S\u00e3o distribu\u00eddas <strong>x\u00edcaras de chocolate quente, panetones e pequenos presentes<\/strong> em comunidades rurais e bairros populares, criando um ambiente de uni\u00e3o e esperan\u00e7a. Mais do que um simples costume, essas a\u00e7\u00f5es refletem o <strong>esp\u00edrito solid\u00e1rio e generoso do povo cusquenho<\/strong>.<\/p>\n\n\n\n<p>Um belo exemplo \u00e9 a <a href=\"https:\/\/www.salkantaytrilha.com\/fundacao-salkantay\/natal-projeto-comunitario-ajudar-criancas\/\"><strong>iniciativa da Salkantay Trekking<\/strong><\/a>, que todos os anos leva alegria e apoio \u00e0s crian\u00e7as das comunidades altoandinas de Cusco. Durante essas jornadas, os colaboradores da empresa organizam <strong>brincadeiras, cantam vilancicos e compartilham momentos de conviv\u00eancia<\/strong> com as fam\u00edlias locais. Distribuir sorrisos e dedicar tempo a quem mais precisa tornou-se uma forma especial de viver o Natal em Cusco \u2014 refor\u00e7ando os valores de <strong>comunidade, empatia e gratid\u00e3o<\/strong>.<\/p>\n\n\n\n<figure class=\"wp-block-image size-large\"><img loading=\"lazy\" decoding=\"async\" width=\"1024\" height=\"708\" src=\"https:\/\/www.salkantaytrilha.com\/blog\/wp-content\/uploads\/2025\/10\/reuniao-com-chocolate-quente-trekking-salkantay-cusco-1024x708.jpg\" alt=\"Reuni\u00e3o com chocolate quente em Cusco\" class=\"wp-image-4646\"\/><figcaption class=\"wp-element-caption\">Reuni\u00e3o com chocolate quente em Cusco<\/figcaption><\/figure>\n\n\n\n<h3 class=\"wp-block-heading\" id=\"h-os-vilancicos-em-quechua\">Os Vilancicos em Qu\u00e9chua<\/h3>\n\n\n\n<p>Uma das tradi\u00e7\u00f5es mais encantadoras do <strong>Natal em Cusco<\/strong> s\u00e3o os <strong>vilancicos em qu\u00e9chua<\/strong>, uma linda fus\u00e3o entre melodias andinas e o esp\u00edrito natalino. Em igrejas, pra\u00e7as e escolas, corais se apresentam cantando can\u00e7\u00f5es que misturam <strong>instrumentos tradicionais<\/strong>, como a <strong>quena<\/strong> e a <strong>zampo\u00f1a<\/strong>, enchendo o ar de alegria e f\u00e9. Cada nota transmite uma energia \u00fanica que s\u00f3 Cusco consegue gerar.<\/p>\n\n\n\n<p>Ouvir vilancicos em qu\u00e9chua \u00e9 <strong>sentir a identidade viva do povo andino<\/strong>. As letras, que narram o nascimento de Jesus no idioma ancestral, conectam as novas gera\u00e7\u00f5es \u00e0s suas ra\u00edzes culturais. Para os visitantes, \u00e9 uma experi\u00eancia inesquec\u00edvel que mostra como a m\u00fasica pode unir culturas e manter viva a ess\u00eancia do Natal cusquenho.<\/p>\n\n\n\n<p>Em Cusco, n\u00e3o existe um \u00fanico site que concentre todos os eventos culturais e art\u00edsticos, mas h\u00e1 v\u00e1rias fontes confi\u00e1veis para quem deseja acompanhar a <strong>cultura viva da cidade<\/strong>. Recomendamos visitar os portais oficiais do <a href=\"https:\/\/www.facebook.com\/TeatroMunicipalCusco\" target=\"_blank\" rel=\"noreferrer noopener nofollow\"><strong>Teatro Municipal de Cusco<\/strong><\/a> ou dos munic\u00edpios de Cusco. Nesses canais, voc\u00ea encontrar\u00e1 informa\u00e7\u00f5es atualizadas sobre <strong>feiras, festivais, exposi\u00e7\u00f5es e apresenta\u00e7\u00f5es locais<\/strong>, tornando sua experi\u00eancia natalina ainda mais especial.<\/p>\n\n\n\n<p class=\"green\"><strong>Dica de viagem:<\/strong> \u00c9 comum encontrar p\u00e1ginas falsas ou duplicadas nas redes sociais. Por isso, verifique sempre se os perfis s\u00e3o <strong>oficiais e atualizados<\/strong>. Observe a frequ\u00eancia das postagens e leia os coment\u00e1rios de outros usu\u00e1rios. O <a href=\"https:\/\/www.tripadvisor.com.br\/\" target=\"_blank\" rel=\"noreferrer noopener nofollow\"><strong>Tripadvisor<\/strong> <\/a>tamb\u00e9m \u00e9 uma excelente op\u00e7\u00e3o para verificar refer\u00eancias e recomenda\u00e7\u00f5es confi\u00e1veis.<\/p>\n\n\n\n<figure class=\"wp-block-image size-large\"><img loading=\"lazy\" decoding=\"async\" width=\"1024\" height=\"683\" src=\"https:\/\/www.salkantaytrilha.com\/blog\/wp-content\/uploads\/2025\/10\/criancas-cantando-cancoes-de-natal-em-cusco-1024x683.jpg\" alt=\"Crian\u00e7as cantando can\u00e7\u00f5es de natal em cusco\" class=\"wp-image-4649\"\/><figcaption class=\"wp-element-caption\">Crian\u00e7as cantando vilancicos em Cusco<\/figcaption><\/figure>\n\n\n\n<h3 class=\"wp-block-heading\" id=\"h-os-presepios-vivos\">Os Pres\u00e9pios Vivos<\/h3>\n\n\n\n<p>Durante o <strong>Natal em Cusco, Peru<\/strong>, os <strong>pres\u00e9pios vivos<\/strong> enchem de cor e emo\u00e7\u00e3o as pra\u00e7as de vilas e comunidades. Nessas apresenta\u00e7\u00f5es, <strong>crian\u00e7as e jovens encenam o nascimento do Menino Manuelito<\/strong>, vestidos com trajes t\u00edpicos e acompanhados por animais como <strong>lhamas, ovelhas e burrinhos<\/strong>. Essa tradi\u00e7\u00e3o mistura a f\u00e9 crist\u00e3 com os costumes rurais andinos, criando uma aut\u00eantica e comovente express\u00e3o cultural.<\/p>\n\n\n\n<p>Os pres\u00e9pios vivos acontecem n\u00e3o apenas nas igrejas, mas tamb\u00e9m em <strong>escolas e bairros<\/strong>, onde as fam\u00edlias se re\u00fanem para assistir \u00e0s encena\u00e7\u00f5es. A m\u00fasica, os vilancicos em qu\u00e9chua e as oferendas locais tornam cada apresenta\u00e7\u00e3o \u00fanica. Essa tradi\u00e7\u00e3o mant\u00e9m viva a <strong>identidade cultural de Cusco<\/strong> e mostra que o Natal pode ser celebrado com <strong>simplicidade, alegria e f\u00e9<\/strong>.<\/p>\n\n\n\n<figure class=\"wp-block-image size-large\"><img loading=\"lazy\" decoding=\"async\" width=\"1024\" height=\"683\" src=\"https:\/\/www.salkantaytrilha.com\/blog\/wp-content\/uploads\/2024\/11\/Christmas-in-Cusco-1024x683.jpg\" alt=\"Natal em Cusco\" class=\"wp-image-2140\"\/><figcaption class=\"wp-element-caption\">Natal em Cusco<\/figcaption><\/figure>\n\n\n\n<h3 class=\"wp-block-heading\" id=\"h-visitar-os-presepios-das-7-igrejas\">Visitar os Pres\u00e9pios das 7 Igrejas<\/h3>\n\n\n\n<p>Durante o <strong>Natal em Cusco, Peru<\/strong>, muitas fam\u00edlias e visitantes mant\u00eam viva uma linda tradi\u00e7\u00e3o: <strong>percorrer as sete igrejas do centro hist\u00f3rico<\/strong> para admirar os pres\u00e9pios montados com dedica\u00e7\u00e3o em cada templo. As mais visitadas s\u00e3o: <strong>Catedral de Cusco<\/strong>, <strong>Igreja da Companhia de Jesus<\/strong>, <strong>San Blas<\/strong>, <strong>Santo Domingo (Qorikancha)<\/strong>, <strong>San Francisco<\/strong>, <strong>La Merced<\/strong> e <strong>San Crist\u00f3bal<\/strong>. Em cada uma delas, os visitantes encontram pres\u00e9pios \u00fanicos que combinam <strong>arte popular, devo\u00e7\u00e3o e tradi\u00e7\u00e3o andina<\/strong>.<\/p>\n\n\n\n<p>Essa pr\u00e1tica tem origem na <strong>Semana Santa<\/strong>, quando os fi\u00e9is visitam sete templos como ato de reflex\u00e3o e f\u00e9. Com o tempo, os cusquenhos adaptaram o costume para o Natal, mas com um novo prop\u00f3sito: <strong>visitar os pres\u00e9pios, agradecer pelo ano que termina e compartilhar momentos em fam\u00edlia<\/strong>. Hoje, esse percurso \u00e9 uma bela forma de celebrar a uni\u00e3o, a f\u00e9 e a arte que iluminam as ruas de Cusco em dezembro.<\/p>\n\n\n\n<figure class=\"wp-block-image size-large\"><img loading=\"lazy\" decoding=\"async\" width=\"1024\" height=\"683\" src=\"https:\/\/www.salkantaytrilha.com\/blog\/wp-content\/uploads\/2025\/10\/nascimento-na-igreja-cusco-1024x683.jpg\" alt=\"Pres\u00e9pio na igreja em Cusco\" class=\"wp-image-4650\"\/><figcaption class=\"wp-element-caption\">Pres\u00e9pio na igreja em Cusco<\/figcaption><\/figure>\n\n\n\n<h3 class=\"wp-block-heading\" id=\"h-a-descida-dos-reis-magos\">A Descida dos Reis Magos<\/h3>\n\n\n\n<p>A <strong>Descida dos Reis Magos<\/strong> marca o encerramento das celebra\u00e7\u00f5es do <strong>Natal em Cusco, Peru<\/strong>. Todo dia <strong>6 de janeiro<\/strong>, as fam\u00edlias desmontam seus pres\u00e9pios e se re\u00fanem para lembrar a chegada dos <strong>Tr\u00eas Reis Magos<\/strong> ao est\u00e1bulo. \u00c9 um dia de m\u00fasica, comida e reencontros, em que todos agradecem pelo ano passado e pedem prosperidade para o novo ciclo.<\/p>\n\n\n\n<p>Em diversas comunidades de Cusco, a data \u00e9 comemorada com <strong>prociss\u00f5es, dan\u00e7as e feiras locais<\/strong>. Muitos aproveitam o momento para renovar as decora\u00e7\u00f5es ou trocar pequenos presentes simb\u00f3licos. Essa tradi\u00e7\u00e3o mant\u00e9m o <strong>esp\u00edrito natalino vivo por mais tempo<\/strong>, mostrando que em Cusco, f\u00e9, alegria e tradi\u00e7\u00e3o caminham juntas \u2014 mesmo depois do Natal.<\/p>\n\n\n\n<figure class=\"wp-block-image size-large\"><img loading=\"lazy\" decoding=\"async\" width=\"1024\" height=\"683\" src=\"https:\/\/www.salkantaytrilha.com\/blog\/wp-content\/uploads\/2025\/10\/descida-dos-reis-cusco-1024x683.jpg\" alt=\"Descida Dos Reis em cusco\" class=\"wp-image-4651\"\/><figcaption class=\"wp-element-caption\">Descida Dos Reis em cusco<\/figcaption><\/figure>\n\n\n\n<h2 class=\"wp-block-heading\" id=\"h-gastronomia-tipica-do-natal-em-cusco-peru\">Gastronomia t\u00edpica do Natal em Cusco, Peru<\/h2>\n\n\n\n<p>O <strong>Natal em Cusco, Peru<\/strong>, tamb\u00e9m \u00e9 celebrado atrav\u00e9s dos sabores. Cada fam\u00edlia prepara com carinho uma ceia que mistura o melhor das tradi\u00e7\u00f5es andinas com costumes modernos, criando uma experi\u00eancia \u00fanica que re\u00fane todos ao redor da mesa.<\/p>\n\n\n\n<p>Na <strong>Noite de Natal<\/strong>, o aroma de carnes assadas e chocolate quente invade os lares cusquenhos. O <strong>peru assado<\/strong> costuma ser o prato principal, marinado com temperos e pimentas peruanas que lhe conferem um sabor especial. No entanto, o preferido de muitas fam\u00edlias continua sendo o <strong>leit\u00e3o assado \u00e0 moda de Cusco<\/strong>, uma carne de porco temperada com alho, cominho, pimenta <em>aj\u00ed panca<\/em> e ervas locais, assada lentamente at\u00e9 ficar macia e dourada. Em algumas casas, tamb\u00e9m se servem outras carnes, como frango assado ou o tradicional <strong>cuy<\/strong> (porquinho-da-\u00edndia) ao forno ou <em>chactado<\/em>, conforme o costume familiar.<\/p>\n\n\n\n<p>Como acompanhamentos, nunca faltam as <strong>morayas<\/strong> (batatas desidratadas), os <strong>tamales<\/strong> ou <strong>humitas<\/strong>, feitos com massa de milho cozida no vapor e embrulhada em folhas de espiga ou de bananeira, al\u00e9m do <strong>arroz \u00e0 jardinera<\/strong>, que d\u00e1 cor e sabor ao prato. Saladas frescas, muitas vezes com frutas, completam o banquete e equilibram os sabores. Em algumas casas, antes da meia-noite, \u00e9 tradi\u00e7\u00e3o tomar um <strong>caldo de galinha quente<\/strong>, perfeito para esperar o nascimento do Menino Jesus nas noites frias de Cusco.<\/p>\n\n\n\n<p>A parte doce chega com o cl\u00e1ssico <strong>panetone acompanhado de chocolate quente<\/strong>, uma dupla indispens\u00e1vel em toda celebra\u00e7\u00e3o natalina peruana. Tamb\u00e9m \u00e9 muito apreciado o tradicional <strong>ponche cusquenho<\/strong>, uma bebida quente e doce que pode levar leite, am\u00eandoas, favas e at\u00e9 um toque de pisco. Essas bebidas reconfortantes, combinadas com o clima familiar e festivo, fazem com que o <strong>Natal em Cusco<\/strong> seja vivido com o cora\u00e7\u00e3o \u2014 e com o paladar.<\/p>\n\n\n\n<div class=\"wp-block-columns is-layout-flex wp-container-core-columns-is-layout-9d6595d7 wp-block-columns-is-layout-flex\">\n<div class=\"wp-block-column is-layout-flow wp-block-column-is-layout-flow\">\n<figure class=\"wp-block-image size-full\"><img loading=\"lazy\" decoding=\"async\" width=\"800\" height=\"1000\" src=\"https:\/\/www.salkantaytrilha.com\/blog\/wp-content\/uploads\/2025\/10\/peru-asado.jpg\" alt=\"peru assado no Natal\" class=\"wp-image-4652\"\/><figcaption class=\"wp-element-caption\">Peru assado no Natal<\/figcaption><\/figure>\n<\/div>\n\n\n\n<div class=\"wp-block-column is-layout-flow wp-block-column-is-layout-flow\">\n<figure class=\"wp-block-image size-full\"><img loading=\"lazy\" decoding=\"async\" width=\"800\" height=\"1000\" src=\"https:\/\/www.salkantaytrilha.com\/blog\/wp-content\/uploads\/2025\/10\/porco-assado-cusco.jpg\" alt=\"Porcco assado em Cusco\" class=\"wp-image-4653\"\/><figcaption class=\"wp-element-caption\">Porcco assado em Cusco<\/figcaption><\/figure>\n<\/div>\n<\/div>\n\n\n\n<h2 class=\"wp-block-heading\" id=\"h-dezembro-e-uma-boa-epoca-para-viajar-a-cusco-peru\">Dezembro \u00e9 uma boa \u00e9poca para viajar a Cusco, Peru?<\/h2>\n\n\n\n<p>Em dezembro, <strong>Cusco entra na sua temporada de chuvas<\/strong>, mas isso n\u00e3o significa que o passeio deixe de ser especial. O clima combina chuvas frequentes \u2014 principalmente \u00e0 tarde \u2014 com janelas de sol. As temperaturas diurnas variam entre <strong>16 \u00b0C <\/strong>&nbsp;(60.8 \u00b0F)<strong> e 20 \u00b0C <\/strong>(68 \u00b0F), enquanto \u00e0 noite caem para <strong>5 \u00b0C a 7 \u00b0C <\/strong>(41-44.6 \u00b0F).<\/p>\n\n\n\n<p>Embora o ambiente fique frio e \u00famido quando chove, esse contraste deixa a natureza mais verde e vibrante. Leve <strong>roupas quentes para a noite<\/strong>, <strong>capas de chuva ou jaquetas imperme\u00e1veis<\/strong> e <strong>cal\u00e7ados adequados<\/strong> para caminhar com conforto. Planejando bem, dezembro pode se tornar um <strong>m\u00eas m\u00e1gico para viver o Natal em Cusco<\/strong>, com um charme todo especial entre montanhas e tradi\u00e7\u00f5es.<\/p>\n\n\n\n<figure class=\"wp-block-image size-large\"><img loading=\"lazy\" decoding=\"async\" width=\"1024\" height=\"683\" src=\"https:\/\/www.salkantaytrilha.com\/blog\/wp-content\/uploads\/2024\/09\/Faca-caminhada-lago-Humantay-durante-estacao-chuvas-1024x683.jpg\" alt=\"Fa\u00e7a uma caminhada at\u00e9 o lago Humantay durante a esta\u00e7\u00e3o das chuvas.\" class=\"wp-image-894\"\/><figcaption class=\"wp-element-caption\">Fa\u00e7a uma caminhada at\u00e9 o lago Humantay durante a esta\u00e7\u00e3o das chuvas.<\/figcaption><\/figure>\n\n\n\n<h2 class=\"wp-block-heading\" id=\"h-machu-picchu-no-natal\">Machu Picchu no Natal<\/h2>\n\n\n\n<p>Sem d\u00favida, celebrar o Natal em Cusco, Peru, ganha um significado totalmente novo quando voc\u00ea inclui <strong>Machu Picchu<\/strong> no seu roteiro. A viagem se transforma em uma mistura perfeita de <strong>espiritualidade andina e grandiosidade inca<\/strong>, combinando a magia das festas com a energia sagrada da cidadela. \u00c9 uma experi\u00eancia que fica guardada na mem\u00f3ria para sempre.<\/p>\n\n\n\n<p>Em dezembro, o clima em Machu Picchu \u00e9 <strong>\u00famido e com chuvas leves<\/strong>, mas tamb\u00e9m h\u00e1 momentos de sol que iluminam as montanhas cobertas de n\u00e9voa, criando <strong>paisagens encantadoras<\/strong>. Visitar Machu Picchu no Natal permite aproveitar o local com <strong>menos turistas<\/strong> do que na alta temporada, tornando o passeio mais tranquilo e espiritual. \u00c9 uma excelente oportunidade para <strong>encerrar o ano agradecendo<\/strong>, rodeado por energia positiva, cultura e beleza natural.<\/p>\n\n\n\n<figure class=\"wp-block-image size-large\"><img loading=\"lazy\" decoding=\"async\" width=\"1024\" height=\"683\" src=\"https:\/\/www.salkantaytrilha.com\/blog\/wp-content\/uploads\/2025\/08\/Temporada-de-chuvas-em-Cusco-1024x683.jpg\" alt=\"Temporada de chuvas em Cusco\" class=\"wp-image-4359\"\/><figcaption class=\"wp-element-caption\">Temporada de chuvas em Cusco<\/figcaption><\/figure>\n\n\n\n<h2 class=\"wp-block-heading\" id=\"h-destinos-turisticos-para-curtir-o-natal-em-cusco-peru\">Destinos tur\u00edsticos para curtir o Natal em Cusco, Peru<\/h2>\n\n\n\n<p>Al\u00e9m de Machu Picchu, <strong>Cusco no Natal<\/strong> oferece uma ampla variedade de destinos que unem <strong>hist\u00f3ria, tradi\u00e7\u00e3o e paisagens incr\u00edveis<\/strong>. Um dos mais procurados \u00e9 o <strong>Vale Sagrado dos Incas<\/strong>, onde vilas como <strong>Pisac, Urubamba e Ollantaytambo<\/strong> celebram o Natal com feiras, dan\u00e7as e missas cheias de cor e alegria. As montanhas verdes e os campos floridos criam um cen\u00e1rio ideal para quem busca <strong>conex\u00e3o com a natureza<\/strong> sem se afastar das tradi\u00e7\u00f5es andinas.<\/p>\n\n\n\n<p>Na pr\u00f3pria cidade de Cusco, o bairro <strong>San Blas<\/strong> ganha vida com oficinas abertas, luzes aconchegantes e artes\u00e3os exibindo suas obras natalinas. Tamb\u00e9m vale a pena visitar <strong>Tip\u00f3n, Maras, Moray e Chinchero<\/strong>, onde o Natal \u00e9 vivido em comunidade. Seja qual for o destino escolhido, dezembro \u00e9 um m\u00eas em que <strong>Cusco inteiro se enche de f\u00e9, arte e hospitalidade<\/strong>, oferecendo uma experi\u00eancia \u00fanica para cada viajante.<\/p>\n\n\n\n<div class=\"wp-block-columns is-layout-flex wp-container-core-columns-is-layout-9d6595d7 wp-block-columns-is-layout-flex\">\n<div class=\"wp-block-column is-layout-flow wp-block-column-is-layout-flow\">\n<figure class=\"wp-block-image size-full\"><img loading=\"lazy\" decoding=\"async\" width=\"800\" height=\"1000\" src=\"https:\/\/www.salkantaytrilha.com\/blog\/wp-content\/uploads\/2024\/11\/Sitio-Arqueologico-de-Ollantaytambo.jpg\" alt=\"S\u00edtio Arqueol\u00f3gico de Ollantaytambo\" class=\"wp-image-1755\"\/><figcaption class=\"wp-element-caption\">S\u00edtio Arqueol\u00f3gico de Ollantaytambo<\/figcaption><\/figure>\n<\/div>\n\n\n\n<div class=\"wp-block-column is-layout-flow wp-block-column-is-layout-flow\">\n<figure class=\"wp-block-image size-full\"><img loading=\"lazy\" decoding=\"async\" width=\"800\" height=\"1000\" src=\"https:\/\/www.salkantaytrilha.com\/blog\/wp-content\/uploads\/2024\/10\/Construcao-inca-Pisac.jpg\" alt=\"Constru\u00e7\u00e3o inca de Pisac\" class=\"wp-image-1108\"\/><figcaption class=\"wp-element-caption\">Constru\u00e7\u00e3o inca de Pisac<\/figcaption><\/figure>\n<\/div>\n<\/div>\n\n\n\n<h2 class=\"wp-block-heading\" id=\"h-hospedagem-em-cusco-durante-a-temporada-de-natal\">Hospedagem em Cusco durante a temporada de Natal<\/h2>\n\n\n\n<p>Durante o Natal, <strong>Cusco<\/strong> recebe um grande n\u00famero de visitantes que chegam para aproveitar suas feiras, celebra\u00e7\u00f5es e o clima festivo \u00fanico da cidade. Por isso, \u00e9 importante <strong>reservar a hospedagem com anteced\u00eancia<\/strong>, especialmente entre <strong>20 e 31 de dezembro<\/strong>, quando a demanda atinge o pico. Cusco oferece op\u00e7\u00f5es para todos os perfis de viajantes \u2014 desde <strong>hot\u00e9is boutique em casar\u00f5es coloniais<\/strong> at\u00e9 <strong>hospedagens familiares e albergues econ\u00f4micos<\/strong> com vista para as montanhas.<\/p>\n\n\n\n<p>Se voc\u00ea quer viver a experi\u00eancia natalina no cora\u00e7\u00e3o da cidade, o ideal \u00e9 ficar no <strong>Centro Hist\u00f3rico<\/strong>, pr\u00f3ximo \u00e0 <strong>Plaza de Armas<\/strong>, de onde \u00e9 poss\u00edvel ir a p\u00e9 at\u00e9 a <strong>Feira de Santurantikuy<\/strong>, as <strong>Missas do Galo<\/strong> e os principais templos. J\u00e1 quem prefere um ambiente mais tranquilo pode optar por ficar em bairros como <strong>San Blas<\/strong>, conhecido por seu charme art\u00edstico e pelas belas vistas panor\u00e2micas da cidade iluminada.<\/p>\n\n\n\n<p>Muitos hot\u00e9is e pousadas oferecem <strong>ceias especiais, m\u00fasica ao vivo e atividades tem\u00e1ticas<\/strong> durante a Noite de Natal. Al\u00e9m disso, alguns estabelecimentos participam de <strong>chocolatadas solid\u00e1rias<\/strong> ou <strong>feiras artesanais comunit\u00e1rias<\/strong>, permitindo que o visitante viva o Natal cusquenho de forma <strong>aut\u00eantica e pr\u00f3xima da cultura local<\/strong>.<\/p>\n\n\n\n<h3 class=\"wp-block-heading\" id=\"h-opcoes-de-hospedagem-e-precos-medios\">Op\u00e7\u00f5es de Hospedagem e Pre\u00e7os M\u00e9dios<\/h3>\n\n\n\n<p>Os pre\u00e7os variam bastante de acordo com a categoria. \u00c9 importante lembrar que os <strong>hot\u00e9is de luxo<\/strong> costumam oferecer <strong>ceias e menus especiais<\/strong> na noite de Natal.<\/p>\n\n\n\n<ul class=\"wp-block-list\">\n<li><strong>Hot\u00e9is de Luxo (4 e 5 estrelas):<\/strong> Incluem op\u00e7\u00f5es como <strong>JW Marriott, Palacio del Inka, Hilton Garden Inn e Wyndham Costa del Sol<\/strong>, com servi\u00e7os premium em antigos conventos ou pal\u00e1cios coloniais. Oferecem <strong>tratamentos com oxig\u00eanio e spa<\/strong>.<br><strong>Pre\u00e7o m\u00e9dio:<\/strong> de <strong>S\/ 300 a S\/ 1.200 por noite.<br><\/strong><\/li>\n\n\n\n<li><strong>Hot\u00e9is de Categoria M\u00e9dia (3 e 4 estrelas):<\/strong> Boa rela\u00e7\u00e3o entre conforto e pre\u00e7o \u2014 como <strong>Sonesta Hotel, Novotel ou Tierra Viva<\/strong>. Normalmente incluem <strong>caf\u00e9 da manh\u00e3 e Wi-Fi<\/strong>.<br><strong>Pre\u00e7o m\u00e9dio:<\/strong> de <strong>S\/ 170 a S\/ 400 por noite.<br><\/strong><\/li>\n\n\n\n<li><strong>Hostels e albergues:<\/strong> ideais para <strong>viajantes econ\u00f4micos ou mochileiros<\/strong>, oferecem pre\u00e7os acess\u00edveis e ambiente social.<br><strong>Pre\u00e7o m\u00e9dio:<\/strong> de <strong>S\/ 30 a S\/ 90 por noite<\/strong>, dependendo de se o quarto \u00e9 <strong>privativo ou compartilhado<\/strong>.<br><\/li>\n<\/ul>\n\n\n\n<p class=\"orange\"><strong>Dica de viagem:<\/strong> Quer saber quais s\u00e3o as melhores \u00e1reas e tipos de hospedagem para o seu estilo de viagem? Confira nosso blog <strong>\u201cOnde se hospedar em Cusco\u201d<\/strong>, com <strong>dicas, recomenda\u00e7\u00f5es e op\u00e7\u00f5es para todos os or\u00e7amentos<\/strong>.<\/p>\n\n\n\n<div class=\"wp-block-columns is-layout-flex wp-container-core-columns-is-layout-9d6595d7 wp-block-columns-is-layout-flex\">\n<div class=\"wp-block-column is-layout-flow wp-block-column-is-layout-flow\">\n<figure class=\"wp-block-image size-full\"><img loading=\"lazy\" decoding=\"async\" width=\"800\" height=\"1000\" src=\"https:\/\/www.salkantaytrilha.com\/blog\/wp-content\/uploads\/2024\/11\/Palacio-del-Inka-Hotel.jpg\" alt=\"Hotel Pal\u00e1cio do Inca\" class=\"wp-image-1573\"\/><figcaption class=\"wp-element-caption\">Hotel Pal\u00e1cio do Inca<\/figcaption><\/figure>\n<\/div>\n\n\n\n<div class=\"wp-block-column is-layout-flow wp-block-column-is-layout-flow\">\n<figure class=\"wp-block-image size-full\"><img loading=\"lazy\" decoding=\"async\" width=\"800\" height=\"1000\" src=\"https:\/\/www.salkantaytrilha.com\/blog\/wp-content\/uploads\/2024\/11\/Hilton-Garden-Inn-Best-Hotels-in-Cusco.jpg\" alt=\"Hilton Garden Inn - Melhores Hot\u00e9is em Cusco\" class=\"wp-image-1574\"\/><figcaption class=\"wp-element-caption\">Hilton Garden Inn &#8211; Melhores Hot\u00e9is em Cusco<\/figcaption><\/figure>\n<\/div>\n<\/div>\n\n\n\n<h2 class=\"wp-block-heading\" id=\"h-calendario-de-natal-em-cusco\">Calend\u00e1rio de Natal em Cusco<\/h2>\n\n\n\n<ul class=\"wp-block-list\">\n<li><strong>24 de dezembro \u2013 Feira de Santurantikuy:<\/strong> Realizada na Plaza de Armas, atra\u00ed uma grande quantidade de moradores e turistas.<\/li>\n\n\n\n<li><strong>24 de dezembro \u2013 Missa do Galo (V\u00e9spera de Natal):<\/strong> Celebrada \u00e0 meia-noite na Catedral de Cusco e nas principais igrejas da cidade. \u00c9 uma cerim\u00f4nia aberta ao p\u00fablico.<\/li>\n\n\n\n<li><strong>25 de dezembro \u2013 Dia de Natal:<\/strong> Celebrado em fam\u00edlia, com reuni\u00f5es, m\u00fasica e jantares tradicionais. As ruas do centro ficam mais tranquilas, mas o clima festivo continua presente.<\/li>\n\n\n\n<li><strong>31 de dezembro \u2013 Ano Novo:<\/strong> O fim do ano \u00e9 vivido com alegria e rituais andinos na Plaza de Armas. Moradores e visitantes se re\u00fanem para receber o novo ano com m\u00fasica, fogos de artif\u00edcio e tradi\u00e7\u00f5es como dar sete voltas na pra\u00e7a para atrair boa sorte.<\/li>\n\n\n\n<li><strong>6 de janeiro \u2013 Dia dos Reis:<\/strong> Marca o encerramento das celebra\u00e7\u00f5es. S\u00e3o realizadas missas nos principais templos da cidade; os pres\u00e9pios s\u00e3o desmontados e as decora\u00e7\u00f5es natalinas s\u00e3o retiradas.<\/li>\n<\/ul>\n\n\n\n<div class=\"wp-block-columns is-layout-flex wp-container-core-columns-is-layout-9d6595d7 wp-block-columns-is-layout-flex\">\n<div class=\"wp-block-column is-layout-flow wp-block-column-is-layout-flow\">\n<figure class=\"wp-block-image size-full\"><img loading=\"lazy\" decoding=\"async\" width=\"800\" height=\"1000\" src=\"https:\/\/www.salkantaytrilha.com\/blog\/wp-content\/uploads\/2025\/10\/arte-santurantikuy-natal-cusco.jpg\" alt=\"Artesanato na feira Santurantikuy\" class=\"wp-image-4655\"\/><figcaption class=\"wp-element-caption\">Artesanato na feira Santurantikuy<\/figcaption><\/figure>\n<\/div>\n\n\n\n<div class=\"wp-block-column is-layout-flow wp-block-column-is-layout-flow\">\n<figure class=\"wp-block-image size-full\"><img loading=\"lazy\" decoding=\"async\" width=\"800\" height=\"1000\" src=\"https:\/\/www.salkantaytrilha.com\/blog\/wp-content\/uploads\/2025\/10\/meninas-cantando-cancoes-de-natal-no-natal.jpg\" alt=\"Meninas cantando vilancicos em Cusco\" class=\"wp-image-4656\"\/><figcaption class=\"wp-element-caption\">Meninas cantando vilancicos em Cusco<\/figcaption><\/figure>\n<\/div>\n\n\n\n<div class=\"wp-block-column is-layout-flow wp-block-column-is-layout-flow\">\n<figure class=\"wp-block-image size-full\"><img loading=\"lazy\" decoding=\"async\" width=\"800\" height=\"1000\" src=\"https:\/\/www.salkantaytrilha.com\/blog\/wp-content\/uploads\/2025\/10\/ano-novo-em-cusco.jpg\" alt=\"Ano novo em Cusco\" class=\"wp-image-4657\"\/><figcaption class=\"wp-element-caption\">Ano novo em Cusco<\/figcaption><\/figure>\n<\/div>\n<\/div>\n\n\n\n<h2 class=\"wp-block-heading\" id=\"h-dicas-para-viver-o-natal-em-cusco-peru\">Dicas para viver o Natal em Cusco, Peru<\/h2>\n\n\n\n<ul class=\"wp-block-list\">\n<li><strong>Prepare-se para o clima andino:<\/strong> dezembro em Cusco \u00e9 chuvoso, com momentos de sol. Leve roupas quentes, capa de chuva e cal\u00e7ados confort\u00e1veis. As noites costumam ser frias, especialmente durante as celebra\u00e7\u00f5es em pra\u00e7as ou igrejas.<\/li>\n\n\n\n<li><strong>Viva a V\u00e9spera de Natal como um cusquenho:<\/strong> No dia 24 de dezembro, visite a Feira de Santurantikuy na Plaza de Armas e participe da Missa do Galo. S\u00e3o momentos em que a cidade vibra com f\u00e9, arte e tradi\u00e7\u00e3o.<\/li>\n\n\n\n<li><strong>Percorra as igrejas:<\/strong> Siga a tradi\u00e7\u00e3o cusquenha de visitar templos como a Catedral, San Blas e Qorikancha. Cada um apresenta pres\u00e9pios \u00fanicos, cheios de simbolismo andino.<\/li>\n\n\n\n<li><strong>Participe de uma chocolatada solid\u00e1ria:<\/strong> Junte-se a uma das muitas chocolatadas organizadas por vizinhos ou comunidades. Doe presentes para crian\u00e7as de fam\u00edlias carentes e viva o verdadeiro esp\u00edrito natalino \u2014 o ato de compartilhar.<\/li>\n\n\n\n<li><strong>Se voc\u00ea for convidado para um jantar de Natal em casa, <\/strong>lembre-se de que as fam\u00edlias de Cusco s\u00e3o muito tradicionais e acolhedoras. \u00c9 costume levar um prato ou uma bebida para compartilhar, como sinal de agradecimento e cortesia.<\/li>\n\n\n\n<li><strong>Apoie a arte local:<\/strong> Compre artesanatos ou pres\u00e9pios andinos feitos em cer\u00e2mica, pedra ou madeira. S\u00e3o lembran\u00e7as aut\u00eanticas que ajudam fam\u00edlias cusquenhas e mant\u00eam viva a tradi\u00e7\u00e3o.<\/li>\n\n\n\n<li><strong>Aprecie os corais em qu\u00e9chua:<\/strong> Escute ou participe dos corais natalinos que se apresentam em pra\u00e7as e igrejas. Suas melodias e o idioma ancestral enchem o ar de magia e emo\u00e7\u00e3o.<\/li>\n\n\n\n<li><strong>Viva o Natal de cora\u00e7\u00e3o aberto:<\/strong> Mais do que uma festa, o Natal em Cusco, Peru, \u00e9 uma experi\u00eancia cultural e espiritual. Aproveite cada detalhe, o calor do povo e a paz que se respira em cada canto da cidade.<\/li>\n<\/ul>\n\n\n\n<div class=\"wp-block-columns is-layout-flex wp-container-core-columns-is-layout-9d6595d7 wp-block-columns-is-layout-flex\">\n<div class=\"wp-block-column is-layout-flow wp-block-column-is-layout-flow\">\n<figure class=\"wp-block-image size-full\"><img loading=\"lazy\" decoding=\"async\" width=\"800\" height=\"1000\" src=\"https:\/\/www.salkantaytrilha.com\/blog\/wp-content\/uploads\/2025\/10\/participe-de-uma-chocolatada-natalina-em-cusco.jpg\" alt=\"Participe de uma chocolatada natalina em Cusco\" class=\"wp-image-4654\"\/><figcaption class=\"wp-element-caption\">Participe de uma chocolatada natalina em Cusco<\/figcaption><\/figure>\n<\/div>\n\n\n\n<div class=\"wp-block-column is-layout-flow wp-block-column-is-layout-flow\">\n<figure class=\"wp-block-image size-full\"><img loading=\"lazy\" decoding=\"async\" width=\"800\" height=\"1000\" src=\"https:\/\/www.salkantaytrilha.com\/blog\/wp-content\/uploads\/2025\/10\/santurantikuy-cusco-natal.jpg\" alt=\"Visite a feira Santurantikuy em Cusco\" class=\"wp-image-4658\"\/><figcaption class=\"wp-element-caption\">Visite a feira Santurantikuy em Cusco<\/figcaption><\/figure>\n<\/div>\n<\/div>\n\n\n\n<h2 class=\"wp-block-heading\" id=\"h-reflexao-final\">Reflex\u00e3o final<\/h2>\n\n\n\n<p>O <strong>Peru<\/strong> sempre foi um destino acolhedor, cheio de calor humano e hospitalidade \u2014 e isso se intensifica durante o <strong>Natal em Cusco<\/strong>. Mais do que uma celebra\u00e7\u00e3o, \u00e9 uma emo\u00e7\u00e3o sentada em cada esquina. Nessa \u00e9poca do ano, as montanhas parecem abra\u00e7ar a cidade, e o esp\u00edrito natalino une fam\u00edlias e comunidades em um ambiente de paz, alegria e tradi\u00e7\u00e3o.<\/p>\n\n\n\n<p>Se voc\u00ea busca uma experi\u00eancia que conecte com o essencial \u2014 onde espiritualidade, arte e tradi\u00e7\u00e3o se entrela\u00e7am \u2014 <strong>Cusco te espera em dezembro<\/strong>. Descubra como a magia do Natal se mistura \u00e0 alma andina e deixe-se envolver por uma celebra\u00e7\u00e3o que colore as ruas e aquece o cora\u00e7\u00e3o de quem a vive.<\/p>\n\n\n\n<p><strong>Neste Natal, explore Cusco com nossos passeios!<\/strong> Descubra os destinos tur\u00edsticos mais emblem\u00e1ticos da regi\u00e3o e viva uma festa diferente. <strong>Reserve agora sua aventura natalina com a <\/strong><a href=\"https:\/\/www.salkantaytrilha.com\/\"><strong>Salkantay Trekking<\/strong><\/a><strong>!<\/strong><\/p>\n\n\n\n<figure class=\"wp-block-image size-large\"><img loading=\"lazy\" decoding=\"async\" width=\"1024\" height=\"708\" src=\"https:\/\/www.salkantaytrilha.com\/blog\/wp-content\/uploads\/2025\/10\/bem-vindos-a-feira-santurantikuy-1024x708.jpg\" alt=\"Bem-vindo ao Natal em Cusco\" class=\"wp-image-4659\"\/><figcaption class=\"wp-element-caption\">Bem-vindo ao Natal em Cusco<\/figcaption><\/figure>\n\n\n\n<h2 class=\"wp-block-heading\" id=\"h-perguntas-frequentes\">Perguntas frequentes<\/h2>\n\n\n\n<h3 class=\"wp-block-heading\" id=\"h-1-como-e-celebrado-o-natal-em-cusco-peru\">1. Como \u00e9 celebrado o Natal em Cusco, Peru?<\/h3>\n\n\n\n<p>O Natal em Cusco \u00e9 uma mistura \u00fanica de f\u00e9 cat\u00f3lica e tradi\u00e7\u00f5es andinas. As ruas do centro hist\u00f3rico se enchem de luzes, feiras, m\u00fasica e pres\u00e9pios artesanais. No dia 24 de dezembro, acontece a famosa <strong>Feira de Santurantikuy<\/strong>, e as fam\u00edlias participam da <strong>Missa do Galo<\/strong> antes de compartilhar o jantar com <strong>leit\u00e3o assado, panetone e chocolate quente<\/strong>.<\/p>\n\n\n\n<h3 class=\"wp-block-heading\" id=\"h-2-quando-acontece-a-feira-de-santurantikuy\">2. Quando acontece a Feira de Santurantikuy?<\/h3>\n\n\n\n<p>A feira \u00e9 realizada todo o dia <strong>24 de dezembro<\/strong>, na Plaza de Armas de Cusco. \u00c9 um dos eventos mais esperados do ano e re\u00fane artes\u00e3os de toda a regi\u00e3o, que vendem figuras do <strong>Menino Manuelito<\/strong>, pres\u00e9pios, ret\u00e1bulos e decora\u00e7\u00f5es natalinas.<\/p>\n\n\n\n<h3 class=\"wp-block-heading\" id=\"h-3-quais-tradicoes-natalinas-sao-tipicas-de-cusco\">3. Quais tradi\u00e7\u00f5es natalinas s\u00e3o t\u00edpicas de Cusco?<\/h3>\n\n\n\n<p>Entre as mais representativas est\u00e3o a <strong>visita \u00e0s sete igrejas<\/strong>, as <strong>chocolatadas solid\u00e1rias<\/strong>, os <strong>corais em quechua<\/strong>, a <strong>Feira de Santurantikuy<\/strong> e o <strong>pres\u00e9pio andino<\/strong>, com figuras vestidas no estilo cusquenho.<\/p>\n\n\n\n<h3 class=\"wp-block-heading\" id=\"h-4-como-e-o-clima-em-cusco-durante-dezembro\">4. Como \u00e9 o clima em Cusco durante dezembro?<\/h3>\n\n\n\n<p>Novembro marca o in\u00edcio da temporada de chuvas. Os dias s\u00e3o amenos, com momentos de sol e tardes chuvosas. <span style=\"box-sizing: border-box; margin: 0px; padding: 0px;\">As temperaturas variam entre&nbsp;<strong>16 \u00b0C&nbsp;<\/strong>(60<\/span>,8 \u00b0F)&nbsp;e 20 \u00b0C&nbsp;(68 \u00b0F)&nbsp;durante o dia&nbsp;e caem para&nbsp;5\u20137 \u00b0C&nbsp;(41\u201344,6 \u00b0F)&nbsp;\u00e0 noite. \u00c9 recomend\u00e1vel levar <strong>roupas em camadas<\/strong>, <strong>imperme\u00e1vel<\/strong> e <strong>sapatos confort\u00e1veis<\/strong>.<\/p>\n\n\n\n<h3 class=\"wp-block-heading\" id=\"h-5-quais-lugares-visitar-em-cusco-durante-o-natal\">5. Quais lugares visitar em Cusco durante o Natal?<\/h3>\n\n\n\n<p>Al\u00e9m do centro hist\u00f3rico, vale visitar <strong>Machu Picchu<\/strong>, o <strong>Vale Sagrado dos Incas<\/strong>, <strong>Maras<\/strong>, <strong>Moray<\/strong> e <strong>Chinchero<\/strong>, onde tamb\u00e9m acontecem feiras e festividades com m\u00fasica e dan\u00e7as t\u00edpicas.<\/p>\n\n\n\n<h3 class=\"wp-block-heading\" id=\"h-6-quem-e-o-menino-manuelito-e-por-que-ele-e-importante-em-cusco\">6. Quem \u00e9 o Menino Manuelito e por que ele \u00e9 importante em Cusco?<\/h3>\n\n\n\n<p>O <strong>Menino Manuelito<\/strong> \u00e9 a representa\u00e7\u00e3o cusquenha do Menino Jesus. Seu nome vem de <em>Emmanuel<\/em>, que significa \u201cDeus conosco\u201d. \u00c9 o protagonista dos pres\u00e9pios andinos e s\u00edmbolo de <strong>paz, f\u00e9 e esperan\u00e7a<\/strong> no Natal de Cusco.<\/p>\n\n\n\n<h3 class=\"wp-block-heading\" id=\"h-7-o-que-se-come-no-jantar-de-natal-em-cusco\">7. O que se come no jantar de Natal em Cusco?<\/h3>\n\n\n\n<p>O prato tradicional \u00e9 o <strong>leit\u00e3o assado<\/strong>, acompanhado de <strong>tamales, saladas e panetone com chocolate quente<\/strong>. Nas comunidades andinas tamb\u00e9m \u00e9 comum servir <strong>chicha<\/strong> e compartilhar produtos locais como <strong>milho, batata e frutas da esta\u00e7\u00e3o<\/strong>.<\/p>\n\n\n\n<h3 class=\"wp-block-heading\" id=\"h-8-vale-a-pena-visitar-cusco-no-natal\">8. Vale a pena visitar Cusco no Natal?<\/h3>\n\n\n\n<p>Com certeza! <strong>Cusco combina hist\u00f3ria, arte, espiritualidade e cultura viva.<\/strong> Mesmo com o clima chuvoso, o ambiente festivo e as tradi\u00e7\u00f5es locais fazem de dezembro um dos meses mais especiais para conhecer a cidade.<\/p>\n\n\n\n<h2 class=\"wp-block-heading\" id=\"h-voce-pode-se-interessar-por\">Voc\u00ea pode se interessar por:<\/h2>\n\n\n\n<ul class=\"wp-block-list\">\n<li><a href=\"https:\/\/www.salkantaytrilha.com\/blog\/natal-e-ano-novo-em-cusco-viva-uma-experiencia-inesquecivel-nos-andes-peruanos\/\"><strong>Natal e Ano Novo em Cusco: Viva uma Experi\u00eancia Inesquec\u00edvel nos Andes Peruanos<\/strong><\/a><\/li>\n\n\n\n<li><a href=\"https:\/\/www.salkantaytrilha.com\/blog\/temporada-chuvas-cusco-peru\/\"><strong>Temporada de chuvas em Cusco, Peru: o que esperar e como se preparar<\/strong><\/a><\/li>\n\n\n\n<li><a href=\"https:\/\/www.salkantaytrilha.com\/blog\/as-melhores-coisas-para-fazer-em-cusco-peru\/\"><strong>As melhores coisas para fazer em Cusco, Peru<\/strong><\/a><\/li>\n\n\n\n<li><a href=\"https:\/\/www.salkantaytrilha.com\/blog\/onde-se-hospedar-em-cusco\/\"><strong>Onde se hospedar em Cusco?<\/strong><\/a><\/li>\n\n\n\n<li><a href=\"https:\/\/www.salkantaytrilha.com\/blog\/onde-comer-em-cusco-2025-o-melhor-de-cusco\/\"><strong>Onde comer em Cusco 2025: o melhor de Cusco<\/strong><\/a><\/li>\n<\/ul>\n\n\n\n<ul class=\"wp-block-list lang\">\n<li class=\"es\"><a href=\"https:\/\/www.caminosalkantay.com\/blog\/navidad-en-cusco-peru-ferias-y-tradiciones\/\">ES<\/a><\/li>\n\n\n\n<li class=\"en\"><a href=\"https:\/\/www.salkantaytrekking.com\/blog\/christmas-in-cusco-peru-complete-guide\/\">EN<\/a><\/li>\n<\/ul>\n","protected":false},"excerpt":{"rendered":"<p>H\u00e1 lugares no mundo onde o Natal \u00e9 sentido de uma forma diferente \u2014 onde o tempo parece desacelerar e o esp\u00edrito festivo se mistura com s\u00e9culos de hist\u00f3ria. Assim \u00e9 o Natal em Cusco, Peru, um cen\u00e1rio m\u00e1gico que [&hellip;]<\/p>\n","protected":false},"author":1,"featured_media":4660,"comment_status":"open","ping_status":"open","sticky":false,"template":"","format":"standard","meta":{"footnotes":""},"categories":[40,930,17,245,638,1197,931],"tags":[1198,1201,1199,640,1200],"class_list":["post-4628","post","type-post","status-publish","format-standard","has-post-thumbnail","hentry","category-cusco","category-feira","category-festas","category-festividade","category-natal","category-presepio","category-santurantikuy","tag-cusco-peru","tag-festas-de-dezembro","tag-menino-manuelito","tag-natal-em-cusco","tag-natal-em-cusco-peru"],"yoast_head":"<!-- This site is optimized with the Yoast SEO Premium plugin v27.4 (Yoast SEO v27.4) - https:\/\/yoast.com\/product\/yoast-seo-premium-wordpress\/ -->\n<title>Natal em Cusco, Peru<\/title>\n<meta name=\"description\" content=\"Descubra como \u00e9 passar o Natal em Cusco, Peru: uma celebra\u00e7\u00e3o m\u00e1gica que une f\u00e9, cultura andina e tradi\u00e7\u00f5es \u00fanicas nos Andes.\" \/>\n<meta name=\"robots\" content=\"index, follow, max-snippet:-1, max-image-preview:large, max-video-preview:-1\" \/>\n<link rel=\"canonical\" href=\"https:\/\/www.salkantaytrilha.com\/blog\/natal-em-cusco-peru-tradicoes-e-festas\/\" \/>\n<meta property=\"og:locale\" content=\"pt_BR\" \/>\n<meta property=\"og:type\" content=\"article\" \/>\n<meta property=\"og:title\" content=\"Natal em Cusco, Peru\" \/>\n<meta property=\"og:description\" content=\"Descubra como \u00e9 passar o Natal em Cusco, Peru: uma celebra\u00e7\u00e3o m\u00e1gica que une f\u00e9, cultura andina e tradi\u00e7\u00f5es \u00fanicas nos Andes.\" \/>\n<meta property=\"og:url\" content=\"https:\/\/www.salkantaytrilha.com\/blog\/natal-em-cusco-peru-tradicoes-e-festas\/\" \/>\n<meta property=\"og:site_name\" content=\"informa\u00e7\u00f5es de viagens\" \/>\n<meta property=\"article:publisher\" content=\"https:\/\/www.facebook.com\/SalkantayTrekking\/\" \/>\n<meta property=\"article:published_time\" content=\"2025-10-20T11:30:00+00:00\" \/>\n<meta property=\"article:modified_time\" content=\"2026-03-02T15:02:37+00:00\" \/>\n<meta property=\"og:image\" content=\"https:\/\/www.salkantaytrilha.com\/blog\/wp-content\/uploads\/2025\/10\/praca-de-armas-cusco-no-natal.jpg\" \/>\n\t<meta property=\"og:image:width\" content=\"1928\" \/>\n\t<meta property=\"og:image:height\" content=\"1333\" \/>\n\t<meta property=\"og:image:type\" content=\"image\/jpeg\" \/>\n<meta name=\"author\" content=\"Trilha Salkantay\" \/>\n<meta name=\"twitter:card\" content=\"summary_large_image\" \/>\n<meta name=\"twitter:creator\" content=\"@salkantayperu\" \/>\n<meta name=\"twitter:site\" content=\"@salkantayperu\" \/>\n<meta name=\"twitter:label1\" content=\"Escrito por\" \/>\n\t<meta name=\"twitter:data1\" content=\"Trilha Salkantay\" \/>\n\t<meta name=\"twitter:label2\" content=\"Est. tempo de leitura\" \/>\n\t<meta name=\"twitter:data2\" content=\"33 minutos\" \/>\n<script type=\"application\/ld+json\" class=\"yoast-schema-graph\">{\"@context\":\"https:\\\/\\\/schema.org\",\"@graph\":[{\"@type\":\"Article\",\"@id\":\"https:\\\/\\\/www.salkantaytrilha.com\\\/blog\\\/natal-em-cusco-peru-tradicoes-e-festas\\\/#article\",\"isPartOf\":{\"@id\":\"https:\\\/\\\/www.salkantaytrilha.com\\\/blog\\\/natal-em-cusco-peru-tradicoes-e-festas\\\/\"},\"author\":{\"name\":\"Trilha Salkantay\",\"@id\":\"https:\\\/\\\/www.salkantaytrilha.com\\\/blog\\\/#\\\/schema\\\/person\\\/aa0e6175beac59e6519e5407b3d13d0d\"},\"headline\":\"Natal em Cusco, Peru\",\"datePublished\":\"2025-10-20T11:30:00+00:00\",\"dateModified\":\"2026-03-02T15:02:37+00:00\",\"mainEntityOfPage\":{\"@id\":\"https:\\\/\\\/www.salkantaytrilha.com\\\/blog\\\/natal-em-cusco-peru-tradicoes-e-festas\\\/\"},\"wordCount\":5264,\"commentCount\":0,\"publisher\":{\"@id\":\"https:\\\/\\\/www.salkantaytrilha.com\\\/blog\\\/#organization\"},\"image\":{\"@id\":\"https:\\\/\\\/www.salkantaytrilha.com\\\/blog\\\/natal-em-cusco-peru-tradicoes-e-festas\\\/#primaryimage\"},\"thumbnailUrl\":\"https:\\\/\\\/www.salkantaytrilha.com\\\/blog\\\/wp-content\\\/uploads\\\/2025\\\/10\\\/praca-de-armas-cusco-no-natal.jpg\",\"keywords\":[\"Cusco Peru\",\"festas de dezembro\",\"Menino Manuelito\",\"Natal em Cusco\",\"Natal em Cusco Peru\"],\"articleSection\":[\"Cusco\",\"Feira\",\"Festas\",\"Festividade\",\"Natal\",\"Pres\u00e9pio\",\"Santurantikuy\"],\"inLanguage\":\"pt-BR\",\"potentialAction\":[{\"@type\":\"CommentAction\",\"name\":\"Comment\",\"target\":[\"https:\\\/\\\/www.salkantaytrilha.com\\\/blog\\\/natal-em-cusco-peru-tradicoes-e-festas\\\/#respond\"]}]},{\"@type\":\"WebPage\",\"@id\":\"https:\\\/\\\/www.salkantaytrilha.com\\\/blog\\\/natal-em-cusco-peru-tradicoes-e-festas\\\/\",\"url\":\"https:\\\/\\\/www.salkantaytrilha.com\\\/blog\\\/natal-em-cusco-peru-tradicoes-e-festas\\\/\",\"name\":\"Natal em Cusco, Peru\",\"isPartOf\":{\"@id\":\"https:\\\/\\\/www.salkantaytrilha.com\\\/blog\\\/#website\"},\"primaryImageOfPage\":{\"@id\":\"https:\\\/\\\/www.salkantaytrilha.com\\\/blog\\\/natal-em-cusco-peru-tradicoes-e-festas\\\/#primaryimage\"},\"image\":{\"@id\":\"https:\\\/\\\/www.salkantaytrilha.com\\\/blog\\\/natal-em-cusco-peru-tradicoes-e-festas\\\/#primaryimage\"},\"thumbnailUrl\":\"https:\\\/\\\/www.salkantaytrilha.com\\\/blog\\\/wp-content\\\/uploads\\\/2025\\\/10\\\/praca-de-armas-cusco-no-natal.jpg\",\"datePublished\":\"2025-10-20T11:30:00+00:00\",\"dateModified\":\"2026-03-02T15:02:37+00:00\",\"description\":\"Descubra como \u00e9 passar o Natal em Cusco, Peru: uma celebra\u00e7\u00e3o m\u00e1gica que une f\u00e9, cultura andina e tradi\u00e7\u00f5es \u00fanicas nos Andes.\",\"breadcrumb\":{\"@id\":\"https:\\\/\\\/www.salkantaytrilha.com\\\/blog\\\/natal-em-cusco-peru-tradicoes-e-festas\\\/#breadcrumb\"},\"inLanguage\":\"pt-BR\",\"potentialAction\":[{\"@type\":\"ReadAction\",\"target\":[\"https:\\\/\\\/www.salkantaytrilha.com\\\/blog\\\/natal-em-cusco-peru-tradicoes-e-festas\\\/\"]}]},{\"@type\":\"ImageObject\",\"inLanguage\":\"pt-BR\",\"@id\":\"https:\\\/\\\/www.salkantaytrilha.com\\\/blog\\\/natal-em-cusco-peru-tradicoes-e-festas\\\/#primaryimage\",\"url\":\"https:\\\/\\\/www.salkantaytrilha.com\\\/blog\\\/wp-content\\\/uploads\\\/2025\\\/10\\\/praca-de-armas-cusco-no-natal.jpg\",\"contentUrl\":\"https:\\\/\\\/www.salkantaytrilha.com\\\/blog\\\/wp-content\\\/uploads\\\/2025\\\/10\\\/praca-de-armas-cusco-no-natal.jpg\",\"width\":1928,\"height\":1333,\"caption\":\"Pra\u00e7a de Armas de Cusco no Natal\"},{\"@type\":\"BreadcrumbList\",\"@id\":\"https:\\\/\\\/www.salkantaytrilha.com\\\/blog\\\/natal-em-cusco-peru-tradicoes-e-festas\\\/#breadcrumb\",\"itemListElement\":[{\"@type\":\"ListItem\",\"position\":1,\"name\":\"In\u00edcio\",\"item\":\"https:\\\/\\\/www.salkantaytrilha.com\\\/blog\\\/\"},{\"@type\":\"ListItem\",\"position\":2,\"name\":\"Natal em Cusco, Peru\"}]},{\"@type\":\"WebSite\",\"@id\":\"https:\\\/\\\/www.salkantaytrilha.com\\\/blog\\\/#website\",\"url\":\"https:\\\/\\\/www.salkantaytrilha.com\\\/blog\\\/\",\"name\":\"informa\u00e7\u00f5es de viagens a Machu Picchu\",\"description\":\"\",\"publisher\":{\"@id\":\"https:\\\/\\\/www.salkantaytrilha.com\\\/blog\\\/#organization\"},\"potentialAction\":[{\"@type\":\"SearchAction\",\"target\":{\"@type\":\"EntryPoint\",\"urlTemplate\":\"https:\\\/\\\/www.salkantaytrilha.com\\\/blog\\\/?s={search_term_string}\"},\"query-input\":{\"@type\":\"PropertyValueSpecification\",\"valueRequired\":true,\"valueName\":\"search_term_string\"}}],\"inLanguage\":\"pt-BR\"},{\"@type\":\"Organization\",\"@id\":\"https:\\\/\\\/www.salkantaytrilha.com\\\/blog\\\/#organization\",\"name\":\"informa\u00e7\u00f5es de viagens a Machu Picchu\",\"url\":\"https:\\\/\\\/www.salkantaytrilha.com\\\/blog\\\/\",\"logo\":{\"@type\":\"ImageObject\",\"inLanguage\":\"pt-BR\",\"@id\":\"https:\\\/\\\/www.salkantaytrilha.com\\\/blog\\\/#\\\/schema\\\/logo\\\/image\\\/\",\"url\":\"https:\\\/\\\/www.salkantaytrilha.com\\\/blog\\\/wp-content\\\/uploads\\\/2024\\\/05\\\/salkantaytrekking-new-300x128-1.png\",\"contentUrl\":\"https:\\\/\\\/www.salkantaytrilha.com\\\/blog\\\/wp-content\\\/uploads\\\/2024\\\/05\\\/salkantaytrekking-new-300x128-1.png\",\"width\":300,\"height\":128,\"caption\":\"informa\u00e7\u00f5es de viagens a Machu Picchu\"},\"image\":{\"@id\":\"https:\\\/\\\/www.salkantaytrilha.com\\\/blog\\\/#\\\/schema\\\/logo\\\/image\\\/\"},\"sameAs\":[\"https:\\\/\\\/www.facebook.com\\\/SalkantayTrekking\\\/\",\"https:\\\/\\\/x.com\\\/salkantayperu\",\"https:\\\/\\\/www.pinterest.com\\\/salkantaytrekking\\\/\",\"https:\\\/\\\/www.instagram.com\\\/salkantaytrekking\\\/\",\"https:\\\/\\\/www.youtube.com\\\/user\\\/salkantaytrekking\",\"https:\\\/\\\/www.tiktok.com\\\/@salkantaytrekking\"]},{\"@type\":\"Person\",\"@id\":\"https:\\\/\\\/www.salkantaytrilha.com\\\/blog\\\/#\\\/schema\\\/person\\\/aa0e6175beac59e6519e5407b3d13d0d\",\"name\":\"Trilha Salkantay\",\"image\":{\"@type\":\"ImageObject\",\"inLanguage\":\"pt-BR\",\"@id\":\"https:\\\/\\\/secure.gravatar.com\\\/avatar\\\/b41678a33c57a2bf0032b7c254611fc97caffd94ade0663405b364d1c0177d1d?s=96&d=mm&r=g\",\"url\":\"https:\\\/\\\/secure.gravatar.com\\\/avatar\\\/b41678a33c57a2bf0032b7c254611fc97caffd94ade0663405b364d1c0177d1d?s=96&d=mm&r=g\",\"contentUrl\":\"https:\\\/\\\/secure.gravatar.com\\\/avatar\\\/b41678a33c57a2bf0032b7c254611fc97caffd94ade0663405b364d1c0177d1d?s=96&d=mm&r=g\",\"caption\":\"Trilha Salkantay\"},\"sameAs\":[\"https:\\\/\\\/www.salkantaytrilha.com\\\/blog\"]}]}<\/script>\n<!-- \/ Yoast SEO Premium plugin. -->","yoast_head_json":{"title":"Natal em Cusco, Peru","description":"Descubra como \u00e9 passar o Natal em Cusco, Peru: uma celebra\u00e7\u00e3o m\u00e1gica que une f\u00e9, cultura andina e tradi\u00e7\u00f5es \u00fanicas nos Andes.","robots":{"index":"index","follow":"follow","max-snippet":"max-snippet:-1","max-image-preview":"max-image-preview:large","max-video-preview":"max-video-preview:-1"},"canonical":"https:\/\/www.salkantaytrilha.com\/blog\/natal-em-cusco-peru-tradicoes-e-festas\/","og_locale":"pt_BR","og_type":"article","og_title":"Natal em Cusco, Peru","og_description":"Descubra como \u00e9 passar o Natal em Cusco, Peru: uma celebra\u00e7\u00e3o m\u00e1gica que une f\u00e9, cultura andina e tradi\u00e7\u00f5es \u00fanicas nos Andes.","og_url":"https:\/\/www.salkantaytrilha.com\/blog\/natal-em-cusco-peru-tradicoes-e-festas\/","og_site_name":"informa\u00e7\u00f5es de viagens","article_publisher":"https:\/\/www.facebook.com\/SalkantayTrekking\/","article_published_time":"2025-10-20T11:30:00+00:00","article_modified_time":"2026-03-02T15:02:37+00:00","og_image":[{"width":1928,"height":1333,"url":"https:\/\/www.salkantaytrilha.com\/blog\/wp-content\/uploads\/2025\/10\/praca-de-armas-cusco-no-natal.jpg","type":"image\/jpeg"}],"author":"Trilha Salkantay","twitter_card":"summary_large_image","twitter_creator":"@salkantayperu","twitter_site":"@salkantayperu","twitter_misc":{"Escrito por":"Trilha Salkantay","Est. tempo de leitura":"33 minutos"},"schema":{"@context":"https:\/\/schema.org","@graph":[{"@type":"Article","@id":"https:\/\/www.salkantaytrilha.com\/blog\/natal-em-cusco-peru-tradicoes-e-festas\/#article","isPartOf":{"@id":"https:\/\/www.salkantaytrilha.com\/blog\/natal-em-cusco-peru-tradicoes-e-festas\/"},"author":{"name":"Trilha Salkantay","@id":"https:\/\/www.salkantaytrilha.com\/blog\/#\/schema\/person\/aa0e6175beac59e6519e5407b3d13d0d"},"headline":"Natal em Cusco, Peru","datePublished":"2025-10-20T11:30:00+00:00","dateModified":"2026-03-02T15:02:37+00:00","mainEntityOfPage":{"@id":"https:\/\/www.salkantaytrilha.com\/blog\/natal-em-cusco-peru-tradicoes-e-festas\/"},"wordCount":5264,"commentCount":0,"publisher":{"@id":"https:\/\/www.salkantaytrilha.com\/blog\/#organization"},"image":{"@id":"https:\/\/www.salkantaytrilha.com\/blog\/natal-em-cusco-peru-tradicoes-e-festas\/#primaryimage"},"thumbnailUrl":"https:\/\/www.salkantaytrilha.com\/blog\/wp-content\/uploads\/2025\/10\/praca-de-armas-cusco-no-natal.jpg","keywords":["Cusco Peru","festas de dezembro","Menino Manuelito","Natal em Cusco","Natal em Cusco Peru"],"articleSection":["Cusco","Feira","Festas","Festividade","Natal","Pres\u00e9pio","Santurantikuy"],"inLanguage":"pt-BR","potentialAction":[{"@type":"CommentAction","name":"Comment","target":["https:\/\/www.salkantaytrilha.com\/blog\/natal-em-cusco-peru-tradicoes-e-festas\/#respond"]}]},{"@type":"WebPage","@id":"https:\/\/www.salkantaytrilha.com\/blog\/natal-em-cusco-peru-tradicoes-e-festas\/","url":"https:\/\/www.salkantaytrilha.com\/blog\/natal-em-cusco-peru-tradicoes-e-festas\/","name":"Natal em Cusco, Peru","isPartOf":{"@id":"https:\/\/www.salkantaytrilha.com\/blog\/#website"},"primaryImageOfPage":{"@id":"https:\/\/www.salkantaytrilha.com\/blog\/natal-em-cusco-peru-tradicoes-e-festas\/#primaryimage"},"image":{"@id":"https:\/\/www.salkantaytrilha.com\/blog\/natal-em-cusco-peru-tradicoes-e-festas\/#primaryimage"},"thumbnailUrl":"https:\/\/www.salkantaytrilha.com\/blog\/wp-content\/uploads\/2025\/10\/praca-de-armas-cusco-no-natal.jpg","datePublished":"2025-10-20T11:30:00+00:00","dateModified":"2026-03-02T15:02:37+00:00","description":"Descubra como \u00e9 passar o Natal em Cusco, Peru: uma celebra\u00e7\u00e3o m\u00e1gica que une f\u00e9, cultura andina e tradi\u00e7\u00f5es \u00fanicas nos Andes.","breadcrumb":{"@id":"https:\/\/www.salkantaytrilha.com\/blog\/natal-em-cusco-peru-tradicoes-e-festas\/#breadcrumb"},"inLanguage":"pt-BR","potentialAction":[{"@type":"ReadAction","target":["https:\/\/www.salkantaytrilha.com\/blog\/natal-em-cusco-peru-tradicoes-e-festas\/"]}]},{"@type":"ImageObject","inLanguage":"pt-BR","@id":"https:\/\/www.salkantaytrilha.com\/blog\/natal-em-cusco-peru-tradicoes-e-festas\/#primaryimage","url":"https:\/\/www.salkantaytrilha.com\/blog\/wp-content\/uploads\/2025\/10\/praca-de-armas-cusco-no-natal.jpg","contentUrl":"https:\/\/www.salkantaytrilha.com\/blog\/wp-content\/uploads\/2025\/10\/praca-de-armas-cusco-no-natal.jpg","width":1928,"height":1333,"caption":"Pra\u00e7a de Armas de Cusco no Natal"},{"@type":"BreadcrumbList","@id":"https:\/\/www.salkantaytrilha.com\/blog\/natal-em-cusco-peru-tradicoes-e-festas\/#breadcrumb","itemListElement":[{"@type":"ListItem","position":1,"name":"In\u00edcio","item":"https:\/\/www.salkantaytrilha.com\/blog\/"},{"@type":"ListItem","position":2,"name":"Natal em Cusco, Peru"}]},{"@type":"WebSite","@id":"https:\/\/www.salkantaytrilha.com\/blog\/#website","url":"https:\/\/www.salkantaytrilha.com\/blog\/","name":"informa\u00e7\u00f5es de viagens a Machu Picchu","description":"","publisher":{"@id":"https:\/\/www.salkantaytrilha.com\/blog\/#organization"},"potentialAction":[{"@type":"SearchAction","target":{"@type":"EntryPoint","urlTemplate":"https:\/\/www.salkantaytrilha.com\/blog\/?s={search_term_string}"},"query-input":{"@type":"PropertyValueSpecification","valueRequired":true,"valueName":"search_term_string"}}],"inLanguage":"pt-BR"},{"@type":"Organization","@id":"https:\/\/www.salkantaytrilha.com\/blog\/#organization","name":"informa\u00e7\u00f5es de viagens a Machu Picchu","url":"https:\/\/www.salkantaytrilha.com\/blog\/","logo":{"@type":"ImageObject","inLanguage":"pt-BR","@id":"https:\/\/www.salkantaytrilha.com\/blog\/#\/schema\/logo\/image\/","url":"https:\/\/www.salkantaytrilha.com\/blog\/wp-content\/uploads\/2024\/05\/salkantaytrekking-new-300x128-1.png","contentUrl":"https:\/\/www.salkantaytrilha.com\/blog\/wp-content\/uploads\/2024\/05\/salkantaytrekking-new-300x128-1.png","width":300,"height":128,"caption":"informa\u00e7\u00f5es de viagens a Machu Picchu"},"image":{"@id":"https:\/\/www.salkantaytrilha.com\/blog\/#\/schema\/logo\/image\/"},"sameAs":["https:\/\/www.facebook.com\/SalkantayTrekking\/","https:\/\/x.com\/salkantayperu","https:\/\/www.pinterest.com\/salkantaytrekking\/","https:\/\/www.instagram.com\/salkantaytrekking\/","https:\/\/www.youtube.com\/user\/salkantaytrekking","https:\/\/www.tiktok.com\/@salkantaytrekking"]},{"@type":"Person","@id":"https:\/\/www.salkantaytrilha.com\/blog\/#\/schema\/person\/aa0e6175beac59e6519e5407b3d13d0d","name":"Trilha Salkantay","image":{"@type":"ImageObject","inLanguage":"pt-BR","@id":"https:\/\/secure.gravatar.com\/avatar\/b41678a33c57a2bf0032b7c254611fc97caffd94ade0663405b364d1c0177d1d?s=96&d=mm&r=g","url":"https:\/\/secure.gravatar.com\/avatar\/b41678a33c57a2bf0032b7c254611fc97caffd94ade0663405b364d1c0177d1d?s=96&d=mm&r=g","contentUrl":"https:\/\/secure.gravatar.com\/avatar\/b41678a33c57a2bf0032b7c254611fc97caffd94ade0663405b364d1c0177d1d?s=96&d=mm&r=g","caption":"Trilha Salkantay"},"sameAs":["https:\/\/www.salkantaytrilha.com\/blog"]}]}},"_links":{"self":[{"href":"https:\/\/www.salkantaytrilha.com\/blog\/wp-json\/wp\/v2\/posts\/4628","targetHints":{"allow":["GET"]}}],"collection":[{"href":"https:\/\/www.salkantaytrilha.com\/blog\/wp-json\/wp\/v2\/posts"}],"about":[{"href":"https:\/\/www.salkantaytrilha.com\/blog\/wp-json\/wp\/v2\/types\/post"}],"author":[{"embeddable":true,"href":"https:\/\/www.salkantaytrilha.com\/blog\/wp-json\/wp\/v2\/users\/1"}],"replies":[{"embeddable":true,"href":"https:\/\/www.salkantaytrilha.com\/blog\/wp-json\/wp\/v2\/comments?post=4628"}],"version-history":[{"count":7,"href":"https:\/\/www.salkantaytrilha.com\/blog\/wp-json\/wp\/v2\/posts\/4628\/revisions"}],"predecessor-version":[{"id":5415,"href":"https:\/\/www.salkantaytrilha.com\/blog\/wp-json\/wp\/v2\/posts\/4628\/revisions\/5415"}],"wp:featuredmedia":[{"embeddable":true,"href":"https:\/\/www.salkantaytrilha.com\/blog\/wp-json\/wp\/v2\/media\/4660"}],"wp:attachment":[{"href":"https:\/\/www.salkantaytrilha.com\/blog\/wp-json\/wp\/v2\/media?parent=4628"}],"wp:term":[{"taxonomy":"category","embeddable":true,"href":"https:\/\/www.salkantaytrilha.com\/blog\/wp-json\/wp\/v2\/categories?post=4628"},{"taxonomy":"post_tag","embeddable":true,"href":"https:\/\/www.salkantaytrilha.com\/blog\/wp-json\/wp\/v2\/tags?post=4628"}],"curies":[{"name":"wp","href":"https:\/\/api.w.org\/{rel}","templated":true}]}}