{"id":4907,"date":"2025-12-10T14:32:17","date_gmt":"2025-12-10T17:32:17","guid":{"rendered":"https:\/\/www.salkantaytrilha.com\/blog\/?p=4907"},"modified":"2026-03-02T12:02:07","modified_gmt":"2026-03-02T15:02:07","slug":"campanha-limpeza-salkantay","status":"publish","type":"post","link":"https:\/\/www.salkantaytrilha.com\/blog\/campanha-limpeza-salkantay\/","title":{"rendered":"Por Dentro da Campanha \u2018Salkantay, Quero Voc\u00ea Limpo 2025\u2019"},"content":{"rendered":"\n<p>No cora\u00e7\u00e3o dos Andes peruanos, o majestoso Nevado Salkantay se ergue n\u00e3o apenas como uma imponente montanha sagrada para a cosmovis\u00e3o inca, mas tamb\u00e9m como o destino de trekking mais emblem\u00e1tico depois da Trilha Inca. Todos os anos, milhares de aventureiros do mundo inteiro peregrinam at\u00e9 suas encostas e para a deslumbrante Laguna Humantay, buscando se conectar com a pureza da natureza andina que nos define.<\/p>\n\n\n\n<p>No entanto, essa beleza enfrenta uma amea\u00e7a silenciosa: a polui\u00e7\u00e3o nas rotas de trekking. Garrafas pl\u00e1sticas e res\u00edduos abandonados n\u00e3o apenas prejudicam a paisagem, mas tamb\u00e9m degradam esse fr\u00e1gil ecossistema. Por isso, h\u00e1 mais de uma d\u00e9cada, criamos a campanha institucional &#8220;Salkantay, te quero limpo&#8221;, na qual toda a nossa equipe transforma sua paix\u00e3o pela montanha em a\u00e7\u00e3o concreta. Em 2025, mais de 100 pessoas se uniram a n\u00f3s para limpar os res\u00edduos da rota, demonstrando que o turismo sustent\u00e1vel no Peru \u00e9 poss\u00edvel.<\/p>\n\n\n\n<p>Nas pr\u00f3ximas linhas, vamos te levar aos bastidores dessa grande jornada. Voc\u00ea descobrir\u00e1 como organizamos a limpeza, os resultados impactantes que alcan\u00e7amos e, o mais importante, como voc\u00ea tamb\u00e9m pode fazer parte da solu\u00e7\u00e3o para preservar o Salkantay para as futuras gera\u00e7\u00f5es.<\/p>\n\n\n\n<div class=\"wp-block-rank-math-toc-block anchor-links\"><h2>Tabela de conte\u00fados<\/h2><nav><ul><li><a href=\"#h-por-que-o-salkantay-precisa-de-protecao-urgente\" >Por que o Salkantay precisa de prote\u00e7\u00e3o urgente?<\/a><\/li><li><a href=\"#h-nossa-campanha-salkantay-te-quero-limpo\" >Nossa campanha \u201cSalkantay, te quero limpo\u201d<\/a><\/li><li><a href=\"#h-quem-torna-possivel-a-jornada-de-limpeza\" >Quem torna poss\u00edvel a jornada de limpeza<\/a><\/li><li><a href=\"#h-como-os-visitantes-podem-ajudar-seja-parte-da-solucao\" >Como os Visitantes Podem Ajudar: Seja Parte da Solu\u00e7\u00e3o<\/a><\/li><li><a href=\"#h-o-futuro-da-nossa-campanha-proximos-passos\" >O futuro da nossa campanha: pr\u00f3ximos passos<\/a><\/li><li><a href=\"#h-perguntas-frequentes\" >Perguntas Frequentes<\/a><\/li><li><a href=\"#h-voce-tambem-pode-se-interessar-por\" >Voc\u00ea tamb\u00e9m pode se interessar por:<\/a><\/li><\/nav><\/ul><\/div>\n\n\n\n<h2 class=\"wp-block-heading\" id=\"h-por-que-o-salkantay-precisa-de-protecao-urgente\">Por que o Salkantay precisa de prote\u00e7\u00e3o urgente?<\/h2>\n\n\n\n<p>A majestade do Nevado Salkantay esconde uma vulnerabilidade cr\u00edtica. Al\u00e9m do lixo vis\u00edvel nos caminhos, o ecossistema da Cordilheira Urubamba enfrenta amea\u00e7as profundas e aceleradas, e o turismo n\u00e3o regulado atua como um fator de press\u00e3o adicional sobre um sistema em deteriora\u00e7\u00e3o. Os dados de institui\u00e7\u00f5es especializadas apresentam um panorama que exige a\u00e7\u00e3o imediata.<\/p>\n\n\n\n<h3 class=\"wp-block-heading\" id=\"h-dados-que-nos-alertam\">Dados que nos alertam<\/h3>\n\n\n\n<p>Segundo estimativas do <a href=\"https:\/\/www.gob.pe\/ceplan\" target=\"_blank\" rel=\"noreferrer noopener nofollow\"><strong>CEPLAN <\/strong><\/a>(Centro Nacional de Planejamento Estrat\u00e9gico), citadas no estudo \u201cGlaciares do Peru\u201d, a Cordilheira Urubamba, lar do Salkantay, tem proje\u00e7\u00e3o de desaparecer aproximadamente no ano de 2034. Esse n\u00famero n\u00e3o \u00e9 uma possibilidade distante, mas uma proje\u00e7\u00e3o cient\u00edfica que nos d\u00e1 uma margem de apenas uma d\u00e9cada.<\/p>\n\n\n\n<p>Dentro desse processo, o Nevado Salkantay foi drasticamente impactado: perdeu 63,7% de sua massa glacial (<a href=\"https:\/\/www.iagua.es\/\" target=\"_blank\" rel=\"noreferrer noopener nofollow\"><strong>iAgua, 2022<\/strong><\/a>). Esse degelo acelerado j\u00e1 traz consequ\u00eancias diretas e devastadoras, como o desprendimento de blocos de gelo que geraram avalanches, afetando comunidades inteiras em Santa Teresa, um povoado aos p\u00e9s da montanha.<\/p>\n\n\n\n<p>Proteger o Salkantay j\u00e1 n\u00e3o \u00e9 apenas uma op\u00e7\u00e3o de conserva\u00e7\u00e3o, mas uma necessidade de sobreviv\u00eancia para o ecossistema, para as comunidades vizinhas e para a pr\u00f3pria ess\u00eancia do trekking sustent\u00e1vel em Cusco. A pr\u00f3xima d\u00e9cada \u00e9 crucial.<\/p>\n\n\n\n<figure class=\"wp-block-image size-large\"><img loading=\"lazy\" decoding=\"async\" width=\"1024\" height=\"708\" src=\"https:\/\/www.salkantaytrilha.com\/blog\/wp-content\/uploads\/2025\/12\/comparacao-do-derretimento-das-geleiras-no-nevado-salkantay-1024x708.jpg\" alt=\"Compara\u00e7\u00e3o do derretimento das geleiras no nevado Salkantay\" class=\"wp-image-4913\"\/><figcaption class=\"wp-element-caption\">Derretimento das geleiras no nevado Salkantay<\/figcaption><\/figure>\n\n\n\n<h2 class=\"wp-block-heading\" id=\"h-nossa-campanha-salkantay-te-quero-limpo\">Nossa campanha \u201cSalkantay, te quero limpo\u201d<\/h2>\n\n\n\n<p>Diante da dura realidade do degelo e da polui\u00e7\u00e3o, nossa resposta \u00e9 concreta, organizada e cheia de cora\u00e7\u00e3o: a campanha institucional \u201cSalkantay, te quero limpo\u201d. Mais que um evento, \u00e9 o compromisso anual que define nosso ADN como uma empresa de turismo respons\u00e1vel, transformando nossa opera\u00e7\u00e3o di\u00e1ria em uma for\u00e7a ativa de conserva\u00e7\u00e3o.<\/p>\n\n\n\n<h3 class=\"wp-block-heading\" id=\"h-origem-e-historia-de-uma-iniciativa-com-raizes\">Origem e hist\u00f3ria de uma iniciativa com ra\u00edzes<\/h3>\n\n\n\n<p>Essa campanha nasceu h\u00e1 mais de 10 anos porque entendemos que nossa rela\u00e7\u00e3o com o Salkantay deveria ser de reciprocidade e n\u00e3o apenas de aproveitamento. T\u00ednhamos a responsabilidade de retribuir e ser gratos \u00e0 paisagem que sustenta nossa comunidade e encanta milhares de viajantes. O que come\u00e7ou como um gesto de gratid\u00e3o da nossa equipe hoje \u00e9 uma tradi\u00e7\u00e3o s\u00f3lida que cresce a cada ano, simbolizando nossa promessa de proteger aquilo que amamos.<\/p>\n\n\n\n<h3 class=\"wp-block-heading\" id=\"h-objetivos-especificos-2025-limpeza-com-consciencia-e-visao\">Objetivos espec\u00edficos 2025: Limpeza com consci\u00eancia e vis\u00e3o<\/h3>\n\n\n\n<p>Para a edi\u00e7\u00e3o de 2025, estabelecemos metas que buscavam gerar um impacto duradouro, indo al\u00e9m da simples coleta:<\/p>\n\n\n\n<ul class=\"wp-block-list\">\n<li><strong>Interven\u00e7\u00e3o focalizada e exemplar:<\/strong> Atuar na Laguna Humantay, ponto-chave de visita\u00e7\u00e3o, para demonstrar que a restaura\u00e7\u00e3o \u00e9 poss\u00edvel.<br>&nbsp;<\/li>\n\n\n\n<li><strong>Segrega\u00e7\u00e3o na origem e gest\u00e3o respons\u00e1vel:<\/strong> Implementar um sistema de classifica\u00e7\u00e3o de res\u00edduos (recicl\u00e1veis, n\u00e3o recicl\u00e1veis e perigosos) para garantir uma destina\u00e7\u00e3o final adequada em colabora\u00e7\u00e3o com as autoridades locais.<br>&nbsp;<\/li>\n\n\n\n<li><strong>O verdadeiro objetivo: Prevenir.<\/strong> Entendemos que o sucesso n\u00e3o se mede apenas em quilos coletados, mas na futura redu\u00e7\u00e3o de res\u00edduos abandonados. Por isso, todo o nosso pessoal \u00e9 capacitado para educar e inspirar os viajantes, transformando cada trekking em uma li\u00e7\u00e3o pr\u00e1tica de turismo sustent\u00e1vel.<\/li>\n<\/ul>\n\n\n\n<figure class=\"wp-block-image size-large\"><img loading=\"lazy\" decoding=\"async\" width=\"1024\" height=\"683\" src=\"https:\/\/www.salkantaytrilha.com\/blog\/wp-content\/uploads\/2025\/03\/Treinamento-especializado-atendimento-cliente-1024x683.jpg\" alt=\"Treinamento especializado em atendimento ao cliente\" class=\"wp-image-2808\"\/><figcaption class=\"wp-element-caption\">Treinamento especializado para guias em cuidados ambientais<\/figcaption><\/figure>\n\n\n\n<h3 class=\"wp-block-heading\" id=\"h-uma-jornada-de-logistica-e-cooperacao\">Uma jornada de log\u00edstica e coopera\u00e7\u00e3o<\/h3>\n\n\n\n<p>A campanha foi executada em coordena\u00e7\u00e3o com a Prefeitura de Mollepata e a Associa\u00e7\u00e3o de Arreiros desse mesmo distrito. A jornada come\u00e7ou antes do amanhecer, reunindo mais de 100 volunt\u00e1rios da nossa equipe. Eles foram distribu\u00eddos estrategicamente em 5 brigadas para cobrir diversas \u00e1reas: dois grupos se encarregaram das trilhas desde Challacancha, um terceiro trabalhou em Soraypampa e os dois restantes se concentraram na subida e descida da Laguna Humantay.<\/p>\n\n\n\n<p>Antes de come\u00e7ar, tivemos uma conversa essencial. Mais que protocolos de seguran\u00e7a, buscamos alinhar a equipe com o cora\u00e7\u00e3o da nossa miss\u00e3o: proteger as paisagens que tornam o trekking ao Salkantay uma experi\u00eancia \u00fanica. Motivados e equipados com as ferramentas necess\u00e1rias, iniciamos a coleta e classifica\u00e7\u00e3o dos res\u00edduos de forma segura e eficiente.<\/p>\n\n\n\n<p>O resultado foi uma demonstra\u00e7\u00e3o pr\u00e1tica do nosso compromisso com o turismo sustent\u00e1vel. Foi poss\u00edvel recuperar e separar uma grande quantidade de res\u00edduos s\u00f3lidos de maneira adequada, gerando um volume significativo de material recicl\u00e1vel resgatado. Para fechar o ciclo de forma respons\u00e1vel, esse material recicl\u00e1vel foi entregue \u00e0 Prefeitura de Mollepata. Essa colabora\u00e7\u00e3o entre empresa, comunidade e autoridades \u00e9 o modelo que promovemos para alcan\u00e7ar uma preserva\u00e7\u00e3o real do Nevado Salkantay.<\/p>\n\n\n\n<figure class=\"wp-block-image size-large\"><img loading=\"lazy\" decoding=\"async\" width=\"1024\" height=\"708\" src=\"https:\/\/www.salkantaytrilha.com\/blog\/wp-content\/uploads\/2025\/12\/familia-de-trekking-do-salkantay-apos-a-campanha-de-limpeza-1024x708.jpg\" alt=\"Fam\u00edlia da ag\u00eancia Salkantay Trekking participa da campanha de limpeza.\" class=\"wp-image-4912\"\/><figcaption class=\"wp-element-caption\">Fam\u00edlia da ag\u00eancia Salkantay Trekking <\/figcaption><\/figure>\n\n\n\n<div class=\"wp-block-columns is-layout-flex wp-container-core-columns-is-layout-9d6595d7 wp-block-columns-is-layout-flex\">\n<div class=\"wp-block-column is-layout-flow wp-block-column-is-layout-flow\">\n<figure class=\"wp-block-image size-full\"><img loading=\"lazy\" decoding=\"async\" width=\"800\" height=\"1000\" src=\"https:\/\/www.salkantaytrilha.com\/blog\/wp-content\/uploads\/2025\/12\/pessoas-chegando-ao-ponto-de-coleta-campanha-de-limpeza-do-salkantay.jpg\" alt=\"Pessoas chegando ao ponto de coleta em Sky camp para campanha de limpeza do Salkantay\" class=\"wp-image-4917\"\/><figcaption class=\"wp-element-caption\">Ponto de coleta para a limpeza do Salkantay<\/figcaption><\/figure>\n<\/div>\n\n\n\n<div class=\"wp-block-column is-layout-flow wp-block-column-is-layout-flow\">\n<figure class=\"wp-block-image size-full\"><img loading=\"lazy\" decoding=\"async\" width=\"800\" height=\"1000\" src=\"https:\/\/www.salkantaytrilha.com\/blog\/wp-content\/uploads\/2024\/10\/Campana-desbroce-Camino-Salkantay.jpg\" alt=\"Campanha de limpeza no Caminho de Salkantay.\" class=\"wp-image-1434\"\/><figcaption class=\"wp-element-caption\">Campanha de limpeza no Caminho de Salkantay<\/figcaption><\/figure>\n<\/div>\n<\/div>\n\n\n\n<h2 class=\"wp-block-heading\" id=\"h-quem-torna-possivel-a-jornada-de-limpeza\">Quem torna poss\u00edvel a jornada de limpeza<\/h2>\n\n\n\n<p>A campanha \u201cSalkantay, te quero limpo\u201d n\u00e3o seria poss\u00edvel sem a vontade de uma equipe extraordin\u00e1ria. Nela se unem guias que conhecem cada curva do caminho, arreiros da Associa\u00e7\u00e3o Local cujo v\u00ednculo com o territ\u00f3rio \u00e9 ancestral, motoristas, pessoal de escrit\u00f3rio e a equipe dos acampamentos. Cada um, com sua experi\u00eancia, contribui para um mecanismo perfeito.<\/p>\n\n\n\n<p>Enquanto as brigadas de limpeza avan\u00e7am pelas rotas, nossos chefs exibem seu talento no <strong><a href=\"https:\/\/www.salkantaytrilha.com\/por-que-viajar-nossa-companhia\/acampamentos-exclusivos-privados\/#sky-camp\">Sky Camp<\/a><\/strong> de Soraypampa, um acampamento emblem\u00e1tico da empresa, garantindo que todos recebam a energia necess\u00e1ria com um almo\u00e7o quente e nutritivo. \u00c9 uma \u00e1rdua jornada de trabalho conjunto em favor do meio ambiente.<\/p>\n\n\n\n<h3 class=\"wp-block-heading\" id=\"h-a-montanha-um-lar-que-merece-respeito\">A Montanha: Um lar que merece respeito<br><\/h3>\n\n\n\n<p id=\"h-para-muitos-dos-nossos-colaboradores-a-rota-salkantay-e-muito-mais-que-um-local-de-trabalho-como-expressou-um-de-nossos-guias-com-anos-de-experiencia-na-trilha-passamos-mais-tempo-aqui-na-montanha-do-que-na-cidade-essas-paisagens-sao-nosso-segundo-lar-e-sua-casa-voce-nao-cuida-dela-nao-a-respeita\">Para muitos dos nossos colaboradores, a rota Salkantay \u00e9 muito mais que um local de trabalho. Como expressou um de nossos guias com anos de experi\u00eancia na trilha: \u201cPassamos mais tempo aqui, na montanha, do que na cidade. Essas paisagens s\u00e3o nosso segundo lar. E sua casa \u2014 voc\u00ea n\u00e3o cuida dela, n\u00e3o a respeita?\u201d<\/p>\n\n\n\n<p>N\u00e3o se trata apenas de recolher res\u00edduos; trata-se de preservar a integridade de um espa\u00e7o que lhes d\u00e1 identidade, sustento e paz.<\/p>\n\n\n\n<p>Os arreiros, com suas m\u00e3os experientes, separam os res\u00edduos com a mesma dedica\u00e7\u00e3o com que cuidam de seus animais, porque entendem que a sa\u00fade do ecossistema \u00e9 a base do pr\u00f3prio bem-estar e o de sua comunidade.<\/p>\n\n\n\n<p>Este \u00e9 o esp\u00edrito que move \u201cSalkantay, te quero limpo\u201d. N\u00e3o \u00e9 uma a\u00e7\u00e3o isolada de uma empresa, mas a express\u00e3o coletiva de uma comunidade que decidiu ser parte ativa da solu\u00e7\u00e3o, cuidando, com devo\u00e7\u00e3o e esfor\u00e7o, do lar que todos compartilhamos nas alturas de Cusco.<\/p>\n\n\n\n<figure class=\"wp-block-image size-large\"><img loading=\"lazy\" decoding=\"async\" width=\"1024\" height=\"708\" src=\"https:\/\/www.salkantaytrilha.com\/blog\/wp-content\/uploads\/2025\/12\/pessoas-na-campanha-de-limpeza-do-salkantay-1024x708.jpg\" alt=\"Pessoas na campanha de limpeza do Salkantay\" class=\"wp-image-4918\"\/><figcaption class=\"wp-element-caption\">Pessoas na campanha de limpeza do Salkantay<\/figcaption><\/figure>\n\n\n\n<div class=\"wp-block-columns is-layout-flex wp-container-core-columns-is-layout-9d6595d7 wp-block-columns-is-layout-flex\">\n<div class=\"wp-block-column is-layout-flow wp-block-column-is-layout-flow\">\n<figure class=\"wp-block-image size-full\"><img loading=\"lazy\" decoding=\"async\" width=\"800\" height=\"1000\" src=\"https:\/\/www.salkantaytrilha.com\/blog\/wp-content\/uploads\/2025\/12\/equipe-de-trekking-do-salkantay-campanha-de-limpeza.jpg\" alt=\"Equipe de trekking Salkantay na rota Challacancha a Soraypampa na campanha de limpeza\" class=\"wp-image-4919\"\/><figcaption class=\"wp-element-caption\">Limpeza na rota Challacancha a Soraypampa<\/figcaption><\/figure>\n<\/div>\n\n\n\n<div class=\"wp-block-column is-layout-flow wp-block-column-is-layout-flow\">\n<figure class=\"wp-block-image size-full\"><img loading=\"lazy\" decoding=\"async\" width=\"800\" height=\"1000\" src=\"https:\/\/www.salkantaytrilha.com\/blog\/wp-content\/uploads\/2025\/12\/fim-da-campanha-salkantay-eu-amo-voce-limpo.jpg\" alt=\"Pessoas terminando a campanha de embalagem dos res\u00edduos separados durante a campanha de limpeza na rota Salkantay\" class=\"wp-image-4920\"\/><figcaption class=\"wp-element-caption\">Embalagem dos res\u00edduos separados durante a campanha de limpeza<\/figcaption><\/figure>\n<\/div>\n<\/div>\n\n\n\n<h2 class=\"wp-block-heading\" id=\"h-como-os-visitantes-podem-ajudar-seja-parte-da-solucao\">Como os Visitantes Podem Ajudar: Seja Parte da Solu\u00e7\u00e3o<\/h2>\n\n\n\n<p>A preserva\u00e7\u00e3o do Salkantay \u00e9 uma tarefa compartilhada. Nossa campanha de limpeza \u00e9 um ato de corre\u00e7\u00e3o, mas a verdadeira mudan\u00e7a nasce da preven\u00e7\u00e3o. Cada excursionista que pisa essa rota sagrada tem o poder de ser um guardi\u00e3o ativo e minimizar sua pegada. Tornar-se um turista ecol\u00f3gico no Peru n\u00e3o exige grandes gestos, mas escolhas conscientes e respons\u00e1veis a cada passo do caminho.<\/p>\n\n\n\n<p>Aqui compartilhamos um protocolo essencial e dicas pr\u00e1ticas para que sua aventura na rota Salkantay seja um exemplo de trekking respons\u00e1vel:<\/p>\n\n\n\n<h3 class=\"wp-block-heading\" id=\"h-1-a-regra-de-ouro-o-que-leva-traz-de-volta\">1. A Regra de Ouro: O que Leva, Traz de Volta<\/h3>\n\n\n\n<p>Considere sua mochila como um sistema fechado: tudo o que voc\u00ea carrega (embalagens de snacks, garrafas, baterias) deve voltar com voc\u00ea a Cusco. Isso inclui, de maneira fundamental, os chamados res\u00edduos org\u00e2nicos. Na montanha, n\u00e3o existe \u201clixo inofensivo\u201d.<\/p>\n\n\n\n<h4 class=\"wp-block-heading\" id=\"h-por-que-nem-uma-casca\"><strong>Por que nem uma casca?<\/strong><\/h4>\n\n\n\n<p>Exemplos do que <strong>N\u00c3O<\/strong> deve ficar na trilha: cascas de banana ou laranja, caro\u00e7os de frutas, restos de p\u00e3o, gr\u00e3os de milho ou sobras de comida.<\/p>\n\n\n\n<p><strong>O impacto real:<\/strong> Esses res\u00edduos alteram dramaticamente a dieta da fauna local (como viscachas e aves), tornando-os dependentes de alimentos humanos e mais fr\u00e1geis. Al\u00e9m disso, em grandes altitudes e baixas temperaturas, a decomposi\u00e7\u00e3o \u00e9 extremamente lenta (uma casca pode levar anos), poluindo visualmente a paisagem e atraindo animais para zonas de passagem.<\/p>\n\n\n\n<p>A verdadeira conserva\u00e7\u00e3o come\u00e7a com este compromisso inabal\u00e1vel: <strong>deixar apenas pegadas, nenhum res\u00edduo.<\/strong><\/p>\n\n\n\n<h4 class=\"wp-block-heading\" id=\"h-como-manejar-restos-de-comida-de-forma-higienica-durante-varios-dias-de-trekking\">Como manejar restos de comida de forma higi\u00eanica durante v\u00e1rios dias de trekking?<\/h4>\n\n\n\n<p>A solu\u00e7\u00e3o de campo (<strong>somente se for absolutamente<\/strong> necess\u00e1rio e voc\u00ea n\u00e3o puder transport\u00e1-los):<br>Se voc\u00ea se encontrar numa situa\u00e7\u00e3o em que transportar res\u00edduos org\u00e2nicos \u00famidos e com odor n\u00e3o seja vi\u00e1vel, existe um m\u00e9todo de \u00faltimo recurso que, se feito corretamente, minimiza o impacto. Isso <strong>n\u00e3o se aplica<\/strong> em acampamentos estabelecidos, \u00e1reas rochosas ou perto de corpos d\u2019\u00e1gua.<\/p>\n\n\n\n<ul class=\"wp-block-list\">\n<li><strong>Encontre um local adequado:<\/strong> Pelo menos a 60 metros (cerca de 70 passos longos) de qualquer trilha, acampamento, rio ou lagoa.<\/li>\n\n\n\n<li><strong>Cave um buraco:<\/strong> Com uma pazinha ou uma pedra, cave um buraco de 15\u201320 cm de profundidade (aprox. o comprimento de uma m\u00e3o) em solo org\u00e2nico, onde haja atividade microbiana.<\/li>\n\n\n\n<li><strong>Deposite e misture:<\/strong> Coloque os res\u00edduos org\u00e2nicos, misture levemente com a terra do fundo para acelerar a decomposi\u00e7\u00e3o e cubra totalmente com a terra retirada.<\/li>\n\n\n\n<li><strong>Camufle o local:<\/strong> Coloque uma pedra plana por cima para evitar que animais cavem e espalhem os res\u00edduos, e espalhe folhas ou galhos para reintegrar o local \u00e0 paisagem.<br><\/li>\n<\/ul>\n\n\n\n<figure class=\"wp-block-image size-large\"><img loading=\"lazy\" decoding=\"async\" width=\"1024\" height=\"708\" src=\"https:\/\/www.salkantaytrilha.com\/blog\/wp-content\/uploads\/2025\/12\/pessoas-comendo-na-montanha-1024x708.jpg\" alt=\"Pessoas comendo na montanha\" class=\"wp-image-4921\"\/><figcaption class=\"wp-element-caption\">Pessoas comendo na montanha<\/figcaption><\/figure>\n\n\n\n<h3 class=\"wp-block-heading\" id=\"h-2-segregacao-basica-na-sua-mochila\">2. Segrega\u00e7\u00e3o B\u00e1sica na sua Mochila<\/h3>\n\n\n\n<p>Leve duas sacolas reutiliz\u00e1veis ou sacos com fechamento (ziplocs) dentro da mochila:<\/p>\n\n\n\n<ul class=\"wp-block-list\">\n<li><strong>Bolsa 1 \u2013 Res\u00edduos N\u00e3o Recicl\u00e1veis (e perigosos):<\/strong> Len\u00e7os, len\u00e7os umedecidos, embalagens de snacks, barrinhas energ\u00e9ticas e qualquer pl\u00e1stico que n\u00e3o seja reciclado localmente.<br><\/li>\n\n\n\n<li><strong>Bolsa 2 \u2013 Res\u00edduos Recicl\u00e1veis (se gerar):<\/strong> Garrafas amassadas e latas de alum\u00ednio limpas. Pergunte ao seu guia se h\u00e1 um ponto de coleta pr\u00f3ximo ou traga tudo de volta at\u00e9 a cidade.<br><\/li>\n<\/ul>\n\n\n\n<h3 class=\"wp-block-heading\" id=\"h-3-hidratacao-inteligente-zero-garrafas\">3. Hidrata\u00e7\u00e3o Inteligente, Zero Garrafas<\/h3>\n\n\n\n<p>Esque\u00e7a as garrafas de \u00e1gua descart\u00e1veis! A solu\u00e7\u00e3o mais sustent\u00e1vel e econ\u00f4mica \u00e9:<\/p>\n\n\n\n<ul class=\"wp-block-list\">\n<li>Uma garrafa reutiliz\u00e1vel de 1 litro;<\/li>\n\n\n\n<li>Pastilhas purificadoras (cloro ou iodo) ou um filtro port\u00e1til;<\/li>\n\n\n\n<li>Aproveitar os pontos onde as cozinheiras dos acampamentos oferecem \u00e1gua fervida e filtrada para recarregar sua garrafa.<\/li>\n<\/ul>\n\n\n\n<h3 class=\"wp-block-heading\" id=\"h-4-o-banho-responsavel-respeite-o-ciclo-natural\">4. O Banho Respons\u00e1vel: Respeite o Ciclo Natural<\/h3>\n\n\n\n<ul class=\"wp-block-list\">\n<li>Use sempre os banheiros instalados nos acampamentos. Se voc\u00ea estiver na trilha e a necessidade for urgente, afaste-se pelo menos 50 metros de qualquer curso de \u00e1gua, trilha ou acampamento.<\/li>\n\n\n\n<li>Cave um pequeno buraco de 15\u201320 cm de profundidade (a profundidade onde h\u00e1 microrganismos que fazem a decomposi\u00e7\u00e3o) e cubra tudo perfeitamente ap\u00f3s usar. Leve o papel higi\u00eanico usado em um saco ziploc herm\u00e9tico (esta \u00e9 a parte mais importante).<\/li>\n<\/ul>\n\n\n\n<h3 class=\"wp-block-heading\" id=\"h-5-caminhe-pela-trilha-e-respeite-a-vida\">5. Caminhe pela Trilha e Respeite a Vida<\/h3>\n\n\n\n<ul class=\"wp-block-list\">\n<li>N\u00e3o saia dos caminhos demarcados. Isso evita a eros\u00e3o do solo e o dano \u00e0 flora fr\u00e1gil da puna.<\/li>\n\n\n\n<li>Observe, n\u00e3o interaja. A fauna silvestre n\u00e3o precisa da nossa comida. Alimentar animais cria depend\u00eancia e altera seu comportamento natural. Admire sua beleza \u00e0 dist\u00e2ncia.<\/li>\n\n\n\n<li>Sua lembran\u00e7a \u00e9 a foto, n\u00e3o a pedra ou a flor. Deixe tudo como encontrou. O ecossistema \u00e9 um equil\u00edbrio delicado onde cada elemento tem uma fun\u00e7\u00e3o.<\/li>\n<\/ul>\n\n\n\n<h3 class=\"wp-block-heading\" id=\"h-6-escolha-operadores-comprometidos\">6. Escolha Operadores Comprometidos<\/h3>\n\n\n\n<p>Sua decis\u00e3o de viagem tem poder. Prefira empresas que demonstrem um compromisso verific\u00e1vel com a sustentabilidade: que tenham programas ativos de limpeza, fa\u00e7am gest\u00e3o de res\u00edduos, capacitem sua equipe em pr\u00e1ticas ecol\u00f3gicas e trabalhem em parceria com as comunidades. Pergunte por suas pol\u00edticas antes de reservar.<\/p>\n\n\n\n<p><strong>Nossa filosofia e a op\u00e7\u00e3o ideal:<\/strong><\/p>\n\n\n\n<p>Na Salkantay Trekking, e como princ\u00edpio de N\u00e3o Deixar Rastros, nossa primeira e melhor op\u00e7\u00e3o \u00e9 sempre empacotar e levar tudo de volta, sem exce\u00e7\u00e3o. Incentivamos o uso de um saco zip-lock herm\u00e9tico e resistente dedicado apenas aos res\u00edduos org\u00e2nicos dentro da mochila. Essa pr\u00e1tica, embora exija um esfor\u00e7o extra, \u00e9 a \u00fanica que garante impacto zero e protege 100% a dieta e o comportamento da fauna andina, como as viscachas e os condores.<\/p>\n\n\n\n<p class=\"green\">A decis\u00e3o final \u00e9 sua, mas com informa\u00e7\u00e3o clara, voc\u00ea pode escolher a a\u00e7\u00e3o mais respons\u00e1vel poss\u00edvel para cada situa\u00e7\u00e3o na montanha.<\/p>\n\n\n\n<figure class=\"wp-block-image size-large\"><img loading=\"lazy\" decoding=\"async\" width=\"1024\" height=\"683\" src=\"https:\/\/www.salkantaytrilha.com\/blog\/wp-content\/uploads\/2025\/01\/Montanha-nevada-de-Salkantay-1024x683.jpg\" alt=\"Grupo de turistas caminhando em dire\u00e7\u00e3o \u00e0 montanha nevada de Salkantay\" class=\"wp-image-4367\"\/><figcaption class=\"wp-element-caption\">Montanha nevada de Salkantay<\/figcaption><\/figure>\n\n\n\n<div class=\"wp-block-columns is-layout-flex wp-container-core-columns-is-layout-9d6595d7 wp-block-columns-is-layout-flex\">\n<div class=\"wp-block-column is-layout-flow wp-block-column-is-layout-flow\">\n<figure class=\"wp-block-image size-full\"><img loading=\"lazy\" decoding=\"async\" width=\"800\" height=\"1000\" src=\"https:\/\/www.salkantaytrilha.com\/blog\/wp-content\/uploads\/2025\/02\/Rota-Salkantay.jpg\" alt=\"Turista na Rota Salkantay.\" class=\"wp-image-4156\"\/><figcaption class=\"wp-element-caption\">Rota Salkantay.<\/figcaption><\/figure>\n<\/div>\n\n\n\n<div class=\"wp-block-column is-layout-flow wp-block-column-is-layout-flow\">\n<figure class=\"wp-block-image size-full\"><img loading=\"lazy\" decoding=\"async\" width=\"800\" height=\"1000\" src=\"https:\/\/www.salkantaytrilha.com\/blog\/wp-content\/uploads\/2025\/03\/El-paso-Salkantay-el-punto-mas-alto-de-la-ruta.jpg\" alt=\"Grupo de turistas com seu guia no Passo Salkantay, o ponto mais alto da rota.\" class=\"wp-image-3070\"\/><figcaption class=\"wp-element-caption\">Passo Salkantay, o ponto mais alto da rota<\/figcaption><\/figure>\n<\/div>\n<\/div>\n\n\n\n<h2 class=\"wp-block-heading\" id=\"h-o-futuro-da-nossa-campanha-proximos-passos\">O futuro da nossa campanha: pr\u00f3ximos passos<\/h2>\n\n\n\n<p>\u201cSalkantay, te quiero limpio\u201d busca evoluir o turismo em Cusco para um modelo sustent\u00e1vel. Nossa meta \u00e9 ambiciosa: envolver mais atores e territ\u00f3rios na rota Salkantay para ampliar o impacto de conserva\u00e7\u00e3o. Al\u00e9m disso, continuaremos a capacita\u00e7\u00e3o de nossa equipe para que os guias sejam educadores ambientais, promovendo a mensagem de sustentabilidade em cada viagem pela montanha.<\/p>\n\n\n\n<p>Sua escolha \u00e9 a pedra fundamental desse futuro. Ao reservar seu trekking ao Salkantay com uma empresa respons\u00e1vel, voc\u00ea n\u00e3o apenas planeja uma aventura inesquec\u00edvel; voc\u00ea financia a continuidade dessas a\u00e7\u00f5es concretas de conserva\u00e7\u00e3o. Com sua reserva, voc\u00ea apoia diretamente a log\u00edstica, a expans\u00e3o e a educa\u00e7\u00e3o que permitem que esse compromisso anual continue crescendo e protegendo o ambiente que todos viemos admirar.<\/p>\n\n\n\n<iframe loading=\"lazy\" width=\"904\" height=\"412\" src=\"https:\/\/www.youtube.com\/embed\/0fYBDnL6FU4\" title=\"Liderando con el ejemplo: Campa\u00f1a de limpieza 2025 en la ruta Salkantay \ud83c\udf3f\u267b\ufe0f\" frameborder=\"0\" allow=\"accelerometer; autoplay; clipboard-write; encrypted-media; gyroscope; picture-in-picture; web-share\" referrerpolicy=\"strict-origin-when-cross-origin\" allowfullscreen><\/iframe>\n\n\n\n<p><strong>Una-se a uma viagem respons\u00e1vel e com prop\u00f3sito. <\/strong>Com a <a href=\"https:\/\/www.salkantaytrilha.com\/\"><strong>Salkantay Trekking<\/strong><\/a>, cada passo que voc\u00ea d\u00e1 \u00e9 sustentado por uma \u00e9tica de turismo sustent\u00e1vel. Fa\u00e7a sua reserva agora e transforme sua aventura em um legado positivo para o nevado Salkantay, a montanha selvagem.<\/p>\n\n\n\n<h2 class=\"wp-block-heading\" id=\"h-perguntas-frequentes\">Perguntas Frequentes<\/h2>\n\n\n\n<h3 class=\"wp-block-heading\" id=\"h-1-o-que-e-a-campanha-salkantay-te-quiero-limpio\">1. O que \u00e9 a campanha \u201cSalkantay, te quiero limpio\u201d?<\/h3>\n\n\n\n<p>\u00c9 nossa iniciativa anual em que a equipe da Salkantay Trekking interrompe as opera\u00e7\u00f5es para uma jornada massiva de limpeza na rota. Na \u00faltima edi\u00e7\u00e3o, 5 brigadas cobriram \u00e1reas cr\u00edticas: duas limparam trilhas desde Challacancha, uma atuou em Soraypampa e duas se concentraram na Lagoa Humantay (subida, margem e descida). O objetivo \u00e9 a coleta e segrega\u00e7\u00e3o correta dos res\u00edduos para proteger essas paisagens emblem\u00e1ticas.<\/p>\n\n\n\n<h3 class=\"wp-block-heading\" id=\"h-2-por-que-e-importante-limpar-a-lagoa-humantay-e-o-caminho-salkantay\">2. Por que \u00e9 importante limpar a Lagoa Humantay e o caminho Salkantay?<\/h3>\n\n\n\n<p>Porque \u00e9 um ecossistema fr\u00e1gil e sagrado, afetado pela contamina\u00e7\u00e3o de res\u00edduos s\u00f3lidos e pelo acelerado degelo das geleiras. Limp\u00e1-lo \u00e9 essencial para proteger sua biodiversidade, a pureza de suas \u00e1guas e a experi\u00eancia dos visitantes, al\u00e9m de prevenir danos maiores ao ambiente.<\/p>\n\n\n\n<h3 class=\"wp-block-heading\" id=\"h-3-com-que-frequencia-e-realizada-a-campanha-de-limpeza\">3. Com que frequ\u00eancia \u00e9 realizada a campanha de limpeza?<\/h3>\n\n\n\n<p>Ela \u00e9 realizada uma vez por ano, como parte de nosso compromisso permanente. \u00c9 uma data fixa em nosso calend\u00e1rio operacional, \u00e0 qual dedicamos todos os nossos recursos log\u00edsticos e humanos.<\/p>\n\n\n\n<h3 class=\"wp-block-heading\" id=\"h-4-quem-participa-dessa-atividade\">4. Quem participa dessa atividade?<\/h3>\n\n\n\n<p>Participa voluntariamente todo o pessoal da Salkantay Trekking: guias, arreiros, chefs, equipe de acampamento, motoristas e equipe administrativa, em coordena\u00e7\u00e3o com a Prefeitura de Mollepata e a Associa\u00e7\u00e3o de Arreiros locais.<\/p>\n\n\n\n<h3 class=\"wp-block-heading\" id=\"h-5-que-tipo-de-residuos-sao-recolhidos-durante-a-campanha\">5. Que tipo de res\u00edduos s\u00e3o recolhidos durante a campanha?<\/h3>\n\n\n\n<p>S\u00e3o recolhidos e segregados todos os tipos de res\u00edduos s\u00f3lidos abandonados: garrafas pl\u00e1sticas, latas, papel\u00f5es, pap\u00e9is, embalagens de snacks e res\u00edduos n\u00e3o recicl\u00e1veis e perigosos. D\u00e1-se prioridade \u00e0 correta classifica\u00e7\u00e3o para reciclagem ou destina\u00e7\u00e3o final adequada.<\/p>\n\n\n\n<h3 class=\"wp-block-heading\" id=\"h-6-como-essa-campanha-contribui-para-o-turismo-sustentavel-em-salkantay\">6. Como essa campanha contribui para o turismo sustent\u00e1vel em Salkantay?<\/h3>\n\n\n\n<p>\u00c9 a base do nosso modelo. Demonstramos que o turismo pode ser uma for\u00e7a de conserva\u00e7\u00e3o, educando pelo exemplo, mitigando o impacto ambiental negativo e promovendo pr\u00e1ticas respons\u00e1veis entre viajantes, colaboradores e outros operadores.<\/p>\n\n\n\n<h3 class=\"wp-block-heading\" id=\"h-7-os-turistas-podem-participar-da-campanha-em-futuras-edicoes\">7. Os turistas podem participar da campanha em futuras edi\u00e7\u00f5es?<\/h3>\n\n\n\n<p>Atualmente \u00e9 uma atividade interna e com aliados locais para garantir log\u00edstica e seguran\u00e7a. No entanto, todo turista que reserva conosco participa indiretamente, pois sua viagem ajuda a financiar a campanha.<\/p>\n\n\n\n<h3 class=\"wp-block-heading\" id=\"h-8-que-acoes-a-empresa-realiza-para-manter-limpa-a-rota-salkantay-durante-o-resto-do-ano\">8. Que a\u00e7\u00f5es a empresa realiza para manter limpa a rota Salkantay durante o resto do ano?<\/h3>\n\n\n\n<p>Capacitamos toda a nossa equipe como educadores ambientais, implementamos sistemas de gest\u00e3o de res\u00edduos nos acampamentos, promovemos o uso de garrafas reutiliz\u00e1veis e \u00e1gua potabilizada, e orientamos ativamente nossos passageiros nas pr\u00e1ticas de \u201cN\u00e3o Deixar Rastros\u201d durante todo o trekking.<\/p>\n\n\n\n<h3 class=\"wp-block-heading\" id=\"h-9-quais-recomendacoes-os-visitantes-devem-seguir-para-nao-contaminar-a-area\">9. Quais recomenda\u00e7\u00f5es os visitantes devem seguir para n\u00e3o contaminar a \u00e1rea?<\/h3>\n\n\n\n<ul class=\"wp-block-list\">\n<li>Levar uma garrafa reutiliz\u00e1vel e pastilhas purificadoras.<\/li>\n\n\n\n<li>Trazer de volta todo o seu lixo para Cusco (embalagens, papel higi\u00eanico usado em um saco ziploc).<\/li>\n\n\n\n<li>Caminhar apenas pelos caminhos demarcados.<\/li>\n\n\n\n<li>Respeitar a flora e fauna, sem alimentar os animais.<\/li>\n\n\n\n<li>Escolher operadores tur\u00edsticos com compromissos ambientais verific\u00e1veis.<br><\/li>\n<\/ul>\n\n\n\n<h3 class=\"wp-block-heading\" id=\"h-10-qual-e-o-impacto-ambiental-que-foi-reduzido-gracas-a-essa-campanha\">10. Qual \u00e9 o impacto ambiental que foi reduzido gra\u00e7as a essa campanha?<\/h3>\n\n\n\n<p>Al\u00e9m de retirar centenas de quilos de res\u00edduos anualmente (evitando que contaminem o solo e as fontes de \u00e1gua), o principal impacto \u00e9 a preven\u00e7\u00e3o: educamos, conscientizamos e criamos um modelo replic\u00e1vel que reduz a gera\u00e7\u00e3o de lixo desde sua origem, protegendo o ecossistema a longo prazo.<\/p>\n\n\n\n<h2 class=\"wp-block-heading\" id=\"h-voce-tambem-pode-se-interessar-por\">Voc\u00ea tamb\u00e9m pode se interessar por:<\/h2>\n\n\n\n<ul class=\"wp-block-list\">\n<li><a href=\"https:\/\/www.caminosalkantay.com\/blog\/elige-a-salkantay-trekking-juntos-llegaremos-a-lo-mas-alto\/\"><strong>Elige a Salkantay Trekking: Juntos llegaremos a lo m\u00e1s alto<\/strong><\/a><\/li>\n\n\n\n<li><a href=\"https:\/\/www.caminosalkantay.com\/blog\/salkantay-trekking-turismo-en-constante-crecimiento\/\"><strong>Salkantay Trekking: Turismo en Constante Crecimiento<\/strong><\/a><\/li>\n\n\n\n<li><a href=\"https:\/\/www.caminosalkantay.com\/blog\/capacitacion-salkantay-trekking-2023-nuestros-guias-de-turismo\/\"><strong>Capacitaci\u00f3n Salkantay Trekking 2023: Nuestros gu\u00edas de turismo<\/strong><\/a><\/li>\n\n\n\n<li><a href=\"https:\/\/www.caminosalkantay.com\/blog\/capacitacion-salkantay-trekking-2023-nuestros-conductores-y-arrieros\/\"><strong>Capacitaci\u00f3n Salkantay Trekking 2023: Nuestros conductores y arrieros<\/strong><\/a><\/li>\n\n\n\n<li><a href=\"https:\/\/www.caminosalkantay.com\/blog\/capacitacion-salkantay-trekking-2023-nuestros-cocineros\/\"><strong>Capacitaci\u00f3n Salkantay Trekking 2023: Nuestros cocineros<\/strong><\/a><\/li>\n<\/ul>\n\n\n\n<ul class=\"wp-block-list lang\">\n<li class=\"es\"><a href=\"https:\/\/www.caminosalkantay.com\/blog\/campana-limpieza-salkantay\/\">ES<\/a><\/li>\n\n\n\n<li class=\"en\"><a href=\"https:\/\/www.salkantaytrekking.com\/blog\/salkantay-cleanup-campaign\/\">EN<\/a><\/li>\n<\/ul>\n","protected":false},"excerpt":{"rendered":"<p>No cora\u00e7\u00e3o dos Andes peruanos, o majestoso Nevado Salkantay se ergue n\u00e3o apenas como uma imponente montanha sagrada para a cosmovis\u00e3o inca, mas tamb\u00e9m como o destino de trekking mais emblem\u00e1tico depois da Trilha Inca. Todos os anos, milhares de [&hellip;]<\/p>\n","protected":false},"author":1,"featured_media":4912,"comment_status":"open","ping_status":"open","sticky":false,"template":"","format":"standard","meta":{"footnotes":""},"categories":[40,1215,120,240],"tags":[1217,1216,1219,1218],"class_list":["post-4907","post","type-post","status-publish","format-standard","has-post-thumbnail","hentry","category-cusco","category-limpeza","category-salkantay","category-trilha-salkantay","tag-limpeza-da-lagoa-humantay","tag-sustentabilidade-na-trilha-salkantay","tag-trilhas-sustentaveis-no-peru","tag-turismo-responsavel-no-peru"],"yoast_head":"<!-- This site is optimized with the Yoast SEO Premium plugin v27.4 (Yoast SEO v27.4) - https:\/\/yoast.com\/product\/yoast-seo-premium-wordpress\/ -->\n<title>Por Dentro da Campanha \u2018Salkantay, Quero Voc\u00ea Limpo 2025<\/title>\n<meta name=\"description\" content=\"Saiba como a campanha de limpeza Salkantay ajudou a proteger a Trilha Salkantay com a\u00e7\u00f5es reais de turismo sustent\u00e1vel.\" \/>\n<meta name=\"robots\" content=\"index, follow, max-snippet:-1, max-image-preview:large, max-video-preview:-1\" \/>\n<link rel=\"canonical\" href=\"https:\/\/www.salkantaytrilha.com\/blog\/campanha-limpeza-salkantay\/\" \/>\n<meta property=\"og:locale\" content=\"pt_BR\" \/>\n<meta property=\"og:type\" content=\"article\" \/>\n<meta property=\"og:title\" content=\"Por Dentro da Campanha \u2018Salkantay, Quero Voc\u00ea Limpo 2025\u2019\" \/>\n<meta property=\"og:description\" content=\"Saiba como a campanha de limpeza Salkantay ajudou a proteger a Trilha Salkantay com a\u00e7\u00f5es reais de turismo sustent\u00e1vel.\" \/>\n<meta property=\"og:url\" content=\"https:\/\/www.salkantaytrilha.com\/blog\/campanha-limpeza-salkantay\/\" \/>\n<meta property=\"og:site_name\" content=\"informa\u00e7\u00f5es de viagens\" \/>\n<meta property=\"article:publisher\" content=\"https:\/\/www.facebook.com\/SalkantayTrekking\/\" \/>\n<meta property=\"article:published_time\" content=\"2025-12-10T17:32:17+00:00\" \/>\n<meta property=\"article:modified_time\" content=\"2026-03-02T15:02:07+00:00\" \/>\n<meta property=\"og:image\" content=\"https:\/\/www.salkantaytrilha.com\/blog\/wp-content\/uploads\/2025\/12\/familia-de-trekking-do-salkantay-apos-a-campanha-de-limpeza.jpg\" \/>\n\t<meta property=\"og:image:width\" content=\"1928\" \/>\n\t<meta property=\"og:image:height\" content=\"1333\" \/>\n\t<meta property=\"og:image:type\" content=\"image\/jpeg\" \/>\n<meta name=\"author\" content=\"Trilha Salkantay\" \/>\n<meta name=\"twitter:card\" content=\"summary_large_image\" \/>\n<meta name=\"twitter:creator\" content=\"@salkantayperu\" \/>\n<meta name=\"twitter:site\" content=\"@salkantayperu\" \/>\n<meta name=\"twitter:label1\" content=\"Escrito por\" \/>\n\t<meta name=\"twitter:data1\" content=\"Trilha Salkantay\" \/>\n\t<meta name=\"twitter:label2\" content=\"Est. tempo de leitura\" \/>\n\t<meta name=\"twitter:data2\" content=\"18 minutos\" \/>\n<script type=\"application\/ld+json\" class=\"yoast-schema-graph\">{\"@context\":\"https:\\\/\\\/schema.org\",\"@graph\":[{\"@type\":\"Article\",\"@id\":\"https:\\\/\\\/www.salkantaytrilha.com\\\/blog\\\/campanha-limpeza-salkantay\\\/#article\",\"isPartOf\":{\"@id\":\"https:\\\/\\\/www.salkantaytrilha.com\\\/blog\\\/campanha-limpeza-salkantay\\\/\"},\"author\":{\"name\":\"Trilha Salkantay\",\"@id\":\"https:\\\/\\\/www.salkantaytrilha.com\\\/blog\\\/#\\\/schema\\\/person\\\/aa0e6175beac59e6519e5407b3d13d0d\"},\"headline\":\"Por Dentro da Campanha \u2018Salkantay, Quero Voc\u00ea Limpo 2025\u2019\",\"datePublished\":\"2025-12-10T17:32:17+00:00\",\"dateModified\":\"2026-03-02T15:02:07+00:00\",\"mainEntityOfPage\":{\"@id\":\"https:\\\/\\\/www.salkantaytrilha.com\\\/blog\\\/campanha-limpeza-salkantay\\\/\"},\"wordCount\":3107,\"commentCount\":0,\"publisher\":{\"@id\":\"https:\\\/\\\/www.salkantaytrilha.com\\\/blog\\\/#organization\"},\"image\":{\"@id\":\"https:\\\/\\\/www.salkantaytrilha.com\\\/blog\\\/campanha-limpeza-salkantay\\\/#primaryimage\"},\"thumbnailUrl\":\"https:\\\/\\\/www.salkantaytrilha.com\\\/blog\\\/wp-content\\\/uploads\\\/2025\\\/12\\\/familia-de-trekking-do-salkantay-apos-a-campanha-de-limpeza.jpg\",\"keywords\":[\"Limpeza da Lagoa Humantay\",\"Sustentabilidade na Trilha Salkantay\",\"Trilhas sustent\u00e1veis no Peru\",\"Turismo respons\u00e1vel no Peru\"],\"articleSection\":[\"Cusco\",\"Limpeza\",\"Salkantay\",\"Trilha Salkantay\"],\"inLanguage\":\"pt-BR\",\"potentialAction\":[{\"@type\":\"CommentAction\",\"name\":\"Comment\",\"target\":[\"https:\\\/\\\/www.salkantaytrilha.com\\\/blog\\\/campanha-limpeza-salkantay\\\/#respond\"]}]},{\"@type\":\"WebPage\",\"@id\":\"https:\\\/\\\/www.salkantaytrilha.com\\\/blog\\\/campanha-limpeza-salkantay\\\/\",\"url\":\"https:\\\/\\\/www.salkantaytrilha.com\\\/blog\\\/campanha-limpeza-salkantay\\\/\",\"name\":\"Por Dentro da Campanha \u2018Salkantay, Quero Voc\u00ea Limpo 2025\",\"isPartOf\":{\"@id\":\"https:\\\/\\\/www.salkantaytrilha.com\\\/blog\\\/#website\"},\"primaryImageOfPage\":{\"@id\":\"https:\\\/\\\/www.salkantaytrilha.com\\\/blog\\\/campanha-limpeza-salkantay\\\/#primaryimage\"},\"image\":{\"@id\":\"https:\\\/\\\/www.salkantaytrilha.com\\\/blog\\\/campanha-limpeza-salkantay\\\/#primaryimage\"},\"thumbnailUrl\":\"https:\\\/\\\/www.salkantaytrilha.com\\\/blog\\\/wp-content\\\/uploads\\\/2025\\\/12\\\/familia-de-trekking-do-salkantay-apos-a-campanha-de-limpeza.jpg\",\"datePublished\":\"2025-12-10T17:32:17+00:00\",\"dateModified\":\"2026-03-02T15:02:07+00:00\",\"description\":\"Saiba como a campanha de limpeza Salkantay ajudou a proteger a Trilha Salkantay com a\u00e7\u00f5es reais de turismo sustent\u00e1vel.\",\"breadcrumb\":{\"@id\":\"https:\\\/\\\/www.salkantaytrilha.com\\\/blog\\\/campanha-limpeza-salkantay\\\/#breadcrumb\"},\"inLanguage\":\"pt-BR\",\"potentialAction\":[{\"@type\":\"ReadAction\",\"target\":[\"https:\\\/\\\/www.salkantaytrilha.com\\\/blog\\\/campanha-limpeza-salkantay\\\/\"]}]},{\"@type\":\"ImageObject\",\"inLanguage\":\"pt-BR\",\"@id\":\"https:\\\/\\\/www.salkantaytrilha.com\\\/blog\\\/campanha-limpeza-salkantay\\\/#primaryimage\",\"url\":\"https:\\\/\\\/www.salkantaytrilha.com\\\/blog\\\/wp-content\\\/uploads\\\/2025\\\/12\\\/familia-de-trekking-do-salkantay-apos-a-campanha-de-limpeza.jpg\",\"contentUrl\":\"https:\\\/\\\/www.salkantaytrilha.com\\\/blog\\\/wp-content\\\/uploads\\\/2025\\\/12\\\/familia-de-trekking-do-salkantay-apos-a-campanha-de-limpeza.jpg\",\"width\":1928,\"height\":1333,\"caption\":\"Fam\u00edlia da ag\u00eancia Salkantay Trekking\"},{\"@type\":\"BreadcrumbList\",\"@id\":\"https:\\\/\\\/www.salkantaytrilha.com\\\/blog\\\/campanha-limpeza-salkantay\\\/#breadcrumb\",\"itemListElement\":[{\"@type\":\"ListItem\",\"position\":1,\"name\":\"In\u00edcio\",\"item\":\"https:\\\/\\\/www.salkantaytrilha.com\\\/blog\\\/\"},{\"@type\":\"ListItem\",\"position\":2,\"name\":\"Por Dentro da Campanha \u2018Salkantay, Quero Voc\u00ea Limpo 2025\u2019\"}]},{\"@type\":\"WebSite\",\"@id\":\"https:\\\/\\\/www.salkantaytrilha.com\\\/blog\\\/#website\",\"url\":\"https:\\\/\\\/www.salkantaytrilha.com\\\/blog\\\/\",\"name\":\"informa\u00e7\u00f5es de viagens a Machu Picchu\",\"description\":\"\",\"publisher\":{\"@id\":\"https:\\\/\\\/www.salkantaytrilha.com\\\/blog\\\/#organization\"},\"potentialAction\":[{\"@type\":\"SearchAction\",\"target\":{\"@type\":\"EntryPoint\",\"urlTemplate\":\"https:\\\/\\\/www.salkantaytrilha.com\\\/blog\\\/?s={search_term_string}\"},\"query-input\":{\"@type\":\"PropertyValueSpecification\",\"valueRequired\":true,\"valueName\":\"search_term_string\"}}],\"inLanguage\":\"pt-BR\"},{\"@type\":\"Organization\",\"@id\":\"https:\\\/\\\/www.salkantaytrilha.com\\\/blog\\\/#organization\",\"name\":\"informa\u00e7\u00f5es de viagens a Machu Picchu\",\"url\":\"https:\\\/\\\/www.salkantaytrilha.com\\\/blog\\\/\",\"logo\":{\"@type\":\"ImageObject\",\"inLanguage\":\"pt-BR\",\"@id\":\"https:\\\/\\\/www.salkantaytrilha.com\\\/blog\\\/#\\\/schema\\\/logo\\\/image\\\/\",\"url\":\"https:\\\/\\\/www.salkantaytrilha.com\\\/blog\\\/wp-content\\\/uploads\\\/2024\\\/05\\\/salkantaytrekking-new-300x128-1.png\",\"contentUrl\":\"https:\\\/\\\/www.salkantaytrilha.com\\\/blog\\\/wp-content\\\/uploads\\\/2024\\\/05\\\/salkantaytrekking-new-300x128-1.png\",\"width\":300,\"height\":128,\"caption\":\"informa\u00e7\u00f5es de viagens a Machu Picchu\"},\"image\":{\"@id\":\"https:\\\/\\\/www.salkantaytrilha.com\\\/blog\\\/#\\\/schema\\\/logo\\\/image\\\/\"},\"sameAs\":[\"https:\\\/\\\/www.facebook.com\\\/SalkantayTrekking\\\/\",\"https:\\\/\\\/x.com\\\/salkantayperu\",\"https:\\\/\\\/www.pinterest.com\\\/salkantaytrekking\\\/\",\"https:\\\/\\\/www.instagram.com\\\/salkantaytrekking\\\/\",\"https:\\\/\\\/www.youtube.com\\\/user\\\/salkantaytrekking\",\"https:\\\/\\\/www.tiktok.com\\\/@salkantaytrekking\"]},{\"@type\":\"Person\",\"@id\":\"https:\\\/\\\/www.salkantaytrilha.com\\\/blog\\\/#\\\/schema\\\/person\\\/aa0e6175beac59e6519e5407b3d13d0d\",\"name\":\"Trilha Salkantay\",\"image\":{\"@type\":\"ImageObject\",\"inLanguage\":\"pt-BR\",\"@id\":\"https:\\\/\\\/secure.gravatar.com\\\/avatar\\\/b41678a33c57a2bf0032b7c254611fc97caffd94ade0663405b364d1c0177d1d?s=96&d=mm&r=g\",\"url\":\"https:\\\/\\\/secure.gravatar.com\\\/avatar\\\/b41678a33c57a2bf0032b7c254611fc97caffd94ade0663405b364d1c0177d1d?s=96&d=mm&r=g\",\"contentUrl\":\"https:\\\/\\\/secure.gravatar.com\\\/avatar\\\/b41678a33c57a2bf0032b7c254611fc97caffd94ade0663405b364d1c0177d1d?s=96&d=mm&r=g\",\"caption\":\"Trilha Salkantay\"},\"sameAs\":[\"https:\\\/\\\/www.salkantaytrilha.com\\\/blog\"]}]}<\/script>\n<!-- \/ Yoast SEO Premium plugin. -->","yoast_head_json":{"title":"Por Dentro da Campanha \u2018Salkantay, Quero Voc\u00ea Limpo 2025","description":"Saiba como a campanha de limpeza Salkantay ajudou a proteger a Trilha Salkantay com a\u00e7\u00f5es reais de turismo sustent\u00e1vel.","robots":{"index":"index","follow":"follow","max-snippet":"max-snippet:-1","max-image-preview":"max-image-preview:large","max-video-preview":"max-video-preview:-1"},"canonical":"https:\/\/www.salkantaytrilha.com\/blog\/campanha-limpeza-salkantay\/","og_locale":"pt_BR","og_type":"article","og_title":"Por Dentro da Campanha \u2018Salkantay, Quero Voc\u00ea Limpo 2025\u2019","og_description":"Saiba como a campanha de limpeza Salkantay ajudou a proteger a Trilha Salkantay com a\u00e7\u00f5es reais de turismo sustent\u00e1vel.","og_url":"https:\/\/www.salkantaytrilha.com\/blog\/campanha-limpeza-salkantay\/","og_site_name":"informa\u00e7\u00f5es de viagens","article_publisher":"https:\/\/www.facebook.com\/SalkantayTrekking\/","article_published_time":"2025-12-10T17:32:17+00:00","article_modified_time":"2026-03-02T15:02:07+00:00","og_image":[{"width":1928,"height":1333,"url":"https:\/\/www.salkantaytrilha.com\/blog\/wp-content\/uploads\/2025\/12\/familia-de-trekking-do-salkantay-apos-a-campanha-de-limpeza.jpg","type":"image\/jpeg"}],"author":"Trilha Salkantay","twitter_card":"summary_large_image","twitter_creator":"@salkantayperu","twitter_site":"@salkantayperu","twitter_misc":{"Escrito por":"Trilha Salkantay","Est. tempo de leitura":"18 minutos"},"schema":{"@context":"https:\/\/schema.org","@graph":[{"@type":"Article","@id":"https:\/\/www.salkantaytrilha.com\/blog\/campanha-limpeza-salkantay\/#article","isPartOf":{"@id":"https:\/\/www.salkantaytrilha.com\/blog\/campanha-limpeza-salkantay\/"},"author":{"name":"Trilha Salkantay","@id":"https:\/\/www.salkantaytrilha.com\/blog\/#\/schema\/person\/aa0e6175beac59e6519e5407b3d13d0d"},"headline":"Por Dentro da Campanha \u2018Salkantay, Quero Voc\u00ea Limpo 2025\u2019","datePublished":"2025-12-10T17:32:17+00:00","dateModified":"2026-03-02T15:02:07+00:00","mainEntityOfPage":{"@id":"https:\/\/www.salkantaytrilha.com\/blog\/campanha-limpeza-salkantay\/"},"wordCount":3107,"commentCount":0,"publisher":{"@id":"https:\/\/www.salkantaytrilha.com\/blog\/#organization"},"image":{"@id":"https:\/\/www.salkantaytrilha.com\/blog\/campanha-limpeza-salkantay\/#primaryimage"},"thumbnailUrl":"https:\/\/www.salkantaytrilha.com\/blog\/wp-content\/uploads\/2025\/12\/familia-de-trekking-do-salkantay-apos-a-campanha-de-limpeza.jpg","keywords":["Limpeza da Lagoa Humantay","Sustentabilidade na Trilha Salkantay","Trilhas sustent\u00e1veis no Peru","Turismo respons\u00e1vel no Peru"],"articleSection":["Cusco","Limpeza","Salkantay","Trilha Salkantay"],"inLanguage":"pt-BR","potentialAction":[{"@type":"CommentAction","name":"Comment","target":["https:\/\/www.salkantaytrilha.com\/blog\/campanha-limpeza-salkantay\/#respond"]}]},{"@type":"WebPage","@id":"https:\/\/www.salkantaytrilha.com\/blog\/campanha-limpeza-salkantay\/","url":"https:\/\/www.salkantaytrilha.com\/blog\/campanha-limpeza-salkantay\/","name":"Por Dentro da Campanha \u2018Salkantay, Quero Voc\u00ea Limpo 2025","isPartOf":{"@id":"https:\/\/www.salkantaytrilha.com\/blog\/#website"},"primaryImageOfPage":{"@id":"https:\/\/www.salkantaytrilha.com\/blog\/campanha-limpeza-salkantay\/#primaryimage"},"image":{"@id":"https:\/\/www.salkantaytrilha.com\/blog\/campanha-limpeza-salkantay\/#primaryimage"},"thumbnailUrl":"https:\/\/www.salkantaytrilha.com\/blog\/wp-content\/uploads\/2025\/12\/familia-de-trekking-do-salkantay-apos-a-campanha-de-limpeza.jpg","datePublished":"2025-12-10T17:32:17+00:00","dateModified":"2026-03-02T15:02:07+00:00","description":"Saiba como a campanha de limpeza Salkantay ajudou a proteger a Trilha Salkantay com a\u00e7\u00f5es reais de turismo sustent\u00e1vel.","breadcrumb":{"@id":"https:\/\/www.salkantaytrilha.com\/blog\/campanha-limpeza-salkantay\/#breadcrumb"},"inLanguage":"pt-BR","potentialAction":[{"@type":"ReadAction","target":["https:\/\/www.salkantaytrilha.com\/blog\/campanha-limpeza-salkantay\/"]}]},{"@type":"ImageObject","inLanguage":"pt-BR","@id":"https:\/\/www.salkantaytrilha.com\/blog\/campanha-limpeza-salkantay\/#primaryimage","url":"https:\/\/www.salkantaytrilha.com\/blog\/wp-content\/uploads\/2025\/12\/familia-de-trekking-do-salkantay-apos-a-campanha-de-limpeza.jpg","contentUrl":"https:\/\/www.salkantaytrilha.com\/blog\/wp-content\/uploads\/2025\/12\/familia-de-trekking-do-salkantay-apos-a-campanha-de-limpeza.jpg","width":1928,"height":1333,"caption":"Fam\u00edlia da ag\u00eancia Salkantay Trekking"},{"@type":"BreadcrumbList","@id":"https:\/\/www.salkantaytrilha.com\/blog\/campanha-limpeza-salkantay\/#breadcrumb","itemListElement":[{"@type":"ListItem","position":1,"name":"In\u00edcio","item":"https:\/\/www.salkantaytrilha.com\/blog\/"},{"@type":"ListItem","position":2,"name":"Por Dentro da Campanha \u2018Salkantay, Quero Voc\u00ea Limpo 2025\u2019"}]},{"@type":"WebSite","@id":"https:\/\/www.salkantaytrilha.com\/blog\/#website","url":"https:\/\/www.salkantaytrilha.com\/blog\/","name":"informa\u00e7\u00f5es de viagens a Machu Picchu","description":"","publisher":{"@id":"https:\/\/www.salkantaytrilha.com\/blog\/#organization"},"potentialAction":[{"@type":"SearchAction","target":{"@type":"EntryPoint","urlTemplate":"https:\/\/www.salkantaytrilha.com\/blog\/?s={search_term_string}"},"query-input":{"@type":"PropertyValueSpecification","valueRequired":true,"valueName":"search_term_string"}}],"inLanguage":"pt-BR"},{"@type":"Organization","@id":"https:\/\/www.salkantaytrilha.com\/blog\/#organization","name":"informa\u00e7\u00f5es de viagens a Machu Picchu","url":"https:\/\/www.salkantaytrilha.com\/blog\/","logo":{"@type":"ImageObject","inLanguage":"pt-BR","@id":"https:\/\/www.salkantaytrilha.com\/blog\/#\/schema\/logo\/image\/","url":"https:\/\/www.salkantaytrilha.com\/blog\/wp-content\/uploads\/2024\/05\/salkantaytrekking-new-300x128-1.png","contentUrl":"https:\/\/www.salkantaytrilha.com\/blog\/wp-content\/uploads\/2024\/05\/salkantaytrekking-new-300x128-1.png","width":300,"height":128,"caption":"informa\u00e7\u00f5es de viagens a Machu Picchu"},"image":{"@id":"https:\/\/www.salkantaytrilha.com\/blog\/#\/schema\/logo\/image\/"},"sameAs":["https:\/\/www.facebook.com\/SalkantayTrekking\/","https:\/\/x.com\/salkantayperu","https:\/\/www.pinterest.com\/salkantaytrekking\/","https:\/\/www.instagram.com\/salkantaytrekking\/","https:\/\/www.youtube.com\/user\/salkantaytrekking","https:\/\/www.tiktok.com\/@salkantaytrekking"]},{"@type":"Person","@id":"https:\/\/www.salkantaytrilha.com\/blog\/#\/schema\/person\/aa0e6175beac59e6519e5407b3d13d0d","name":"Trilha Salkantay","image":{"@type":"ImageObject","inLanguage":"pt-BR","@id":"https:\/\/secure.gravatar.com\/avatar\/b41678a33c57a2bf0032b7c254611fc97caffd94ade0663405b364d1c0177d1d?s=96&d=mm&r=g","url":"https:\/\/secure.gravatar.com\/avatar\/b41678a33c57a2bf0032b7c254611fc97caffd94ade0663405b364d1c0177d1d?s=96&d=mm&r=g","contentUrl":"https:\/\/secure.gravatar.com\/avatar\/b41678a33c57a2bf0032b7c254611fc97caffd94ade0663405b364d1c0177d1d?s=96&d=mm&r=g","caption":"Trilha Salkantay"},"sameAs":["https:\/\/www.salkantaytrilha.com\/blog"]}]}},"_links":{"self":[{"href":"https:\/\/www.salkantaytrilha.com\/blog\/wp-json\/wp\/v2\/posts\/4907","targetHints":{"allow":["GET"]}}],"collection":[{"href":"https:\/\/www.salkantaytrilha.com\/blog\/wp-json\/wp\/v2\/posts"}],"about":[{"href":"https:\/\/www.salkantaytrilha.com\/blog\/wp-json\/wp\/v2\/types\/post"}],"author":[{"embeddable":true,"href":"https:\/\/www.salkantaytrilha.com\/blog\/wp-json\/wp\/v2\/users\/1"}],"replies":[{"embeddable":true,"href":"https:\/\/www.salkantaytrilha.com\/blog\/wp-json\/wp\/v2\/comments?post=4907"}],"version-history":[{"count":8,"href":"https:\/\/www.salkantaytrilha.com\/blog\/wp-json\/wp\/v2\/posts\/4907\/revisions"}],"predecessor-version":[{"id":5401,"href":"https:\/\/www.salkantaytrilha.com\/blog\/wp-json\/wp\/v2\/posts\/4907\/revisions\/5401"}],"wp:featuredmedia":[{"embeddable":true,"href":"https:\/\/www.salkantaytrilha.com\/blog\/wp-json\/wp\/v2\/media\/4912"}],"wp:attachment":[{"href":"https:\/\/www.salkantaytrilha.com\/blog\/wp-json\/wp\/v2\/media?parent=4907"}],"wp:term":[{"taxonomy":"category","embeddable":true,"href":"https:\/\/www.salkantaytrilha.com\/blog\/wp-json\/wp\/v2\/categories?post=4907"},{"taxonomy":"post_tag","embeddable":true,"href":"https:\/\/www.salkantaytrilha.com\/blog\/wp-json\/wp\/v2\/tags?post=4907"}],"curies":[{"name":"wp","href":"https:\/\/api.w.org\/{rel}","templated":true}]}}