{"id":550,"date":"2026-03-05T17:19:01","date_gmt":"2026-03-05T20:19:01","guid":{"rendered":"https:\/\/www.salkantaytrilha.com\/blog\/?p=550"},"modified":"2026-03-05T17:44:21","modified_gmt":"2026-03-05T20:44:21","slug":"aclimatacao-em-cusco-tudo-o-que-voce-precisa-saber","status":"publish","type":"post","link":"https:\/\/www.salkantaytrilha.com\/blog\/aclimatacao-em-cusco-tudo-o-que-voce-precisa-saber\/","title":{"rendered":"Aclimata\u00e7\u00e3o em Cusco: Tudo o que Voc\u00ea Precisa Saber"},"content":{"rendered":"\n<p>A altitude de Cusco \u00e9 um dos fatores que mais preocupam os viajantes que chegam pela primeira vez a esta cidade andina. Cusco est\u00e1 situada a uma eleva\u00e7\u00e3o consider\u00e1vel, o que pode provocar efeitos f\u00edsicos reais no corpo humano caso n\u00e3o haja uma aclimata\u00e7\u00e3o adequada.<\/p>\n\n\n\n<p>A altitude pode causar desde um cansa\u00e7o leve at\u00e9 sintomas mais intensos, conhecidos como mal da altitude. Esse risco afeta especialmente pessoas que chegam a Cusco diretamente de cidades ao n\u00edvel do mar. No entanto, com informa\u00e7\u00e3o clara, tempo de adapta\u00e7\u00e3o e algumas recomenda\u00e7\u00f5es pr\u00e1ticas, \u00e9 poss\u00edvel reduzir consideravelmente esses riscos.<\/p>\n\n\n\n<p>Neste guia voc\u00ea encontrar\u00e1 informa\u00e7\u00f5es completas e verificadas sobre a altitude de Cusco, quantos metros acima do n\u00edvel do mar a cidade est\u00e1 localizada, como a altitude afeta o organismo, quantos dias s\u00e3o recomendados para a aclimata\u00e7\u00e3o, quais sintomas voc\u00ea deve reconhecer, quais m\u00e9todos m\u00e9dicos e naturais existem e quais atividades s\u00e3o ideais durante os primeiros dias.<\/p>\n\n\n\n<p>O conte\u00fado \u00e9 baseado em recomenda\u00e7\u00f5es m\u00e9dicas internacionais, experi\u00eancia local em turismo de montanha e protocolos utilizados em destinos de grande altitude, para que voc\u00ea possa aproveitar Cusco de forma segura e respons\u00e1vel.<\/p>\n\n\n\n<div class=\"wp-block-yoast-seo-table-of-contents yoast-table-of-contents anchor-links\"><h2>Tabela de conte\u00fados<\/h2><ul><li><a href=\"#h-cusco-altitude-explicada-de-forma-clara\" data-level=\"2\">Cusco: Altitude Explicada de Forma Clara<\/a><\/li><li><a href=\"#h-altitude-de-cusco-comparada-com-outros-destinos-do-peru\" data-level=\"2\">Altitude de Cusco Comparada com Outros Destinos do Peru<\/a><\/li><li><a href=\"#h-o-que-e-o-mal-da-altitude-soroche-em-cusco\" data-level=\"2\">O que \u00e9 o mal da altitude (soroche) em Cusco?<\/a><\/li><li><a href=\"#h-quantos-dias-sao-necessarios-para-se-aclimatar-a-altitude-em-cusco\" data-level=\"2\">Quantos dias s\u00e3o necess\u00e1rios para se aclimatar \u00e0 altitude em Cusco?<\/a><\/li><li><a href=\"#h-como-evitar-o-mal-da-altitude-em-cusco\" data-level=\"2\">Como evitar o mal da altitude em Cusco?<\/a><\/li><li><a href=\"#h-remedios-naturais-e-medicos-para-o-mal-da-altitude-em-cusco\" data-level=\"2\">Rem\u00e9dios naturais e m\u00e9dicos para o mal da altitude em Cusco<\/a><\/li><li><a href=\"#h-importancia-da-oxigenacao-adequada-em-altitude\" data-level=\"2\">Import\u00e2ncia da oxigena\u00e7\u00e3o adequada em altitude<\/a><\/li><li><a href=\"#h-atividades-recomendadas-durante-a-aclimatacao-em-cusco\" data-level=\"2\">Atividades recomendadas durante a aclimata\u00e7\u00e3o em Cusco<\/a><\/li><li><a href=\"#h-quando-buscar-atendimento-medico-em-cusco\" data-level=\"2\">Quando buscar atendimento m\u00e9dico em Cusco<\/a><\/li><li><a href=\"#h-treks-e-tours-por-nivel-de-altitude-apos-a-aclimatacao\" data-level=\"2\">Treks e tours por n\u00edvel de altitude (ap\u00f3s a aclimata\u00e7\u00e3o)<\/a><\/li><li><a href=\"#h-perguntas-frequentes-sobre-a-altitude-em-cusco\" data-level=\"2\">Perguntas frequentes sobre a altitude em Cusco<\/a><\/li><li><a href=\"#h-conclusao-cusco-e-seguro-com-boa-preparacao\" data-level=\"2\">Conclus\u00e3o: Cusco \u00e9 seguro com boa prepara\u00e7\u00e3o<\/a><\/li><\/ul><\/div>\n\n\n\n<h2 class=\"wp-block-heading\" id=\"h-cusco-altitude-explicada-de-forma-clara\">Cusco: Altitude Explicada de Forma Clara<\/h2>\n\n\n\n<p>A cidade de Cusco est\u00e1 localizada a 3.400 metros acima do n\u00edvel do mar (11.155 p\u00e9s).Essa altitude \u00e9 o motivo pelo qual o corpo precisa de um per\u00edodo de adapta\u00e7\u00e3o ao chegar.<\/p>\n\n\n\n<p>A press\u00e3o atmosf\u00e9rica \u00e9 menor, reduzindo a quantidade de oxig\u00eanio dispon\u00edvel em cada respira\u00e7\u00e3o. Isso faz com que o organismo trabalhe mais para oxigenar corretamente os tecidos.<\/p>\n\n\n\n<p>\u00c9 importante lembrar que, a partir de 2.500 m.s.n.m.(8.202 p\u00e9s), o corpo humano come\u00e7a a apresentar mudan\u00e7as fisiol\u00f3gicas, como:<\/p>\n\n\n\n<ul class=\"wp-block-list\">\n<li>Aumento da frequ\u00eancia respirat\u00f3ria<\/li>\n\n\n\n<li>Eleva\u00e7\u00e3o da frequ\u00eancia card\u00edaca<\/li>\n\n\n\n<li>Maior produ\u00e7\u00e3o de gl\u00f3bulos vermelhos<\/li>\n<\/ul>\n\n\n\n<div class=\"wp-block-columns is-layout-flex wp-container-core-columns-is-layout-9d6595d7 wp-block-columns-is-layout-flex\">\n<div class=\"wp-block-column is-layout-flow wp-block-column-is-layout-flow\"><div class=\"wp-block-image\">\n<figure class=\"aligncenter size-full\"><img loading=\"lazy\" decoding=\"async\" width=\"800\" height=\"1000\" src=\"https:\/\/www.salkantaytrilha.com\/blog\/wp-content\/uploads\/2024\/07\/A-igreja-da-companhia-de-Jesus.jpg\" alt=\"A igreja da companhia de Jesus\" class=\"wp-image-553\"\/><figcaption class=\"wp-element-caption\">A igreja da companhia de Jesus<\/figcaption><\/figure>\n<\/div><\/div>\n\n\n\n<div class=\"wp-block-column is-layout-flow wp-block-column-is-layout-flow\"><div class=\"wp-block-image\">\n<figure class=\"aligncenter size-full\"><img loading=\"lazy\" decoding=\"async\" width=\"800\" height=\"1000\" src=\"https:\/\/www.salkantaytrilha.com\/blog\/wp-content\/uploads\/2024\/07\/Turistas-na-praca-principal-de-Cusco.jpg\" alt=\"Turistas na pra\u00e7a principal de Cusco\" class=\"wp-image-554\"\/><figcaption class=\"wp-element-caption\">Turistas na pra\u00e7a principal de Cusco<\/figcaption><\/figure>\n<\/div><\/div>\n<\/div>\n\n\n\n<h2 class=\"wp-block-heading\" id=\"h-altitude-de-cusco-comparada-com-outros-destinos-do-peru\">Altitude de Cusco Comparada com Outros Destinos do Peru<\/h2>\n\n\n\n<p>Compreender a altitude de Cusco fica mais f\u00e1cil quando comparada a outros destinos tur\u00edsticos do pa\u00eds.<\/p>\n\n\n\n<h3 class=\"wp-block-heading\" id=\"h-altitude-de-cusco\">Altitude de Cusco<\/h3>\n\n\n\n<ul class=\"wp-block-list\">\n<li>Cusco: 3.400 m.s.n.m.(11.155 p\u00e9s)<\/li>\n<\/ul>\n\n\n\n<p>\u00c9 uma das cidades tur\u00edsticas mais altas do Peru, o que explica a import\u00e2ncia da aclimata\u00e7\u00e3o antes de realizar atividades exigentes.<\/p>\n\n\n\n<h3 class=\"wp-block-heading\" id=\"h-altitude-do-vale-sagrado-dos-incas\">Altitude do Vale Sagrado dos Incas<\/h3>\n\n\n\n<p>O Vale Sagrado est\u00e1 situado em uma altitude menor, entre 2.600 e 3.000 metros de altitude (8.530 a 9.842 p\u00e9s), dependendo da localidade:<\/p>\n\n\n\n<ul class=\"wp-block-list\">\n<li>Urubamba: 2.871 metros (9.419 p\u00e9s)<\/li>\n\n\n\n<li>Ollantaytambo: 2.792 metros (9.160 p\u00e9s)<\/li>\n\n\n\n<li>Pisac: 2.972 metros (9.751 p\u00e9s)<\/li>\n<\/ul>\n\n\n\n<p>Essa diferen\u00e7a torna o Vale Sagrado um local ideal para uma aclimata\u00e7\u00e3o progressiva, recomendada por especialistas em medicina de montanha.&nbsp;<\/p>\n\n\n\n<p class=\"orange\"><strong>Dado importante:<\/strong> Muitas pessoas preferem chegar primeiro ao <a href=\"https:\/\/www.salkantaytrilha.com\/blog\/vale-sagrado-dos-incas-as-montanhas-estao-chamando-por-voce\/\"><strong>Vale Sagrado<\/strong><\/a> para iniciar o processo de adapta\u00e7\u00e3o, devido \u00e0 sua altitude menor em compara\u00e7\u00e3o com Cusco. <\/p>\n\n\n\n<h3 class=\"wp-block-heading\" id=\"h-altitude-de-lima\">Altitude de Lima<\/h3>\n\n\n\n<ul class=\"wp-block-list\">\n<li>Lima: 101 m.s.n.m (331 p\u00e9s)<\/li>\n<\/ul>\n\n\n\n<p>Viajar diretamente de Lima para Cusco implica uma mudan\u00e7a brusca de altitude, aumentando o risco de soroche nas primeiras 24 a 48 horas.<\/p>\n\n\n\n<h3 class=\"wp-block-heading\" id=\"h-comparacao-de-altitude\">Compara\u00e7\u00e3o de Altitude<\/h3>\n\n\n\n<figure class=\"wp-block-table table-orange\"><table class=\"has-fixed-layout\"><tbody><tr><td><strong>Destino<\/strong><\/td><td><strong>Altitude acima do n\u00edvel do mar<\/strong><\/td><td><strong>Impacto no corpo<\/strong><\/td><\/tr><tr><td><strong>Lima<\/strong><\/td><td>101 m (331 p\u00e9s)<\/td><td>Sem impacto relacionado \u00e0 altitude<\/td><\/tr><tr><td><strong>Urubamba<\/strong><\/td><td>22.600\u20133.000 m (8.530\u20139.842 p\u00e9s)<\/td><td>Adapta\u00e7\u00e3o leve e progressiva<\/td><\/tr><tr><td><strong>Ollantaytambo<\/strong><\/td><td>2.792 m (9.160 p\u00e9s)<\/td><td>Ideal para aclimata\u00e7\u00e3o gradual<\/td><\/tr><tr><td><strong>Pisac<\/strong><\/td><td>2.972 m (9.751 p\u00e9s)<\/td><td>Primeiros efeitos leves em pessoas sens\u00edveis<\/td><\/tr><tr><td><strong>Cusco<\/strong><\/td><td>3.400 m (11.155 p\u00e9s)<\/td><td>Risco moderado de soroche<\/td><\/tr><tr><td><strong>Paso Abra Salkantay<\/strong><\/td><td>4.630 m (15.190 p\u00e9s)<\/td><td>Alta exig\u00eancia f\u00edsica e respirat\u00f3ria<\/td><\/tr><tr><td><strong>Vinicunca (Montanha Colorida)<\/strong><\/td><td>5.100 m (16.732 p\u00e9s)<\/td><td>Alto risco sem aclimata\u00e7\u00e3o pr\u00e9via<\/td><\/tr><\/tbody><\/table><\/figure>\n\n\n\n<div class=\"wp-block-columns is-layout-flex wp-container-core-columns-is-layout-9d6595d7 wp-block-columns-is-layout-flex\">\n<div class=\"wp-block-column is-layout-flow wp-block-column-is-layout-flow\">\n<figure class=\"wp-block-image size-full\"><img loading=\"lazy\" decoding=\"async\" width=\"800\" height=\"1000\" src=\"https:\/\/www.salkantaytrilha.com\/blog\/wp-content\/uploads\/2026\/03\/Lima.jpg\" alt=\"Fonte da pra\u00e7a de Lima\" class=\"wp-image-5593\"\/><figcaption class=\"wp-element-caption\">Pra\u00e7a de Lima<\/figcaption><\/figure>\n<\/div>\n\n\n\n<div class=\"wp-block-column is-layout-flow wp-block-column-is-layout-flow\">\n<figure class=\"wp-block-image size-full\"><img loading=\"lazy\" decoding=\"async\" width=\"800\" height=\"1000\" src=\"https:\/\/www.salkantaytrilha.com\/blog\/wp-content\/uploads\/2026\/03\/pisac.jpg\" alt=\"S\u00edtio arqueol\u00f3gico de Pisac\" class=\"wp-image-5594\"\/><figcaption class=\"wp-element-caption\">Pisac<\/figcaption><\/figure>\n<\/div>\n<\/div>\n\n\n\n<h2 class=\"wp-block-heading\" id=\"h-o-que-e-o-mal-da-altitude-soroche-em-cusco\">O que \u00e9 o mal da altitude (soroche) em Cusco?<\/h2>\n\n\n\n<p><strong>O mal da altitude em Cusco<\/strong>, tamb\u00e9m conhecido localmente como soroche, \u00e9 uma condi\u00e7\u00e3o que ocorre quando o corpo n\u00e3o teve tempo suficiente para se adaptar \u00e0 redu\u00e7\u00e3o de oxig\u00eanio em \u00e1reas de grande altitude.<\/p>\n\n\n\n<p>Nem todas as pessoas experimentam a doen\u00e7a da montanha da mesma maneira. Fatores como idade, condi\u00e7\u00e3o f\u00edsica, velocidade de subida, hidrata\u00e7\u00e3o e descanso influenciam diretamente na resposta do organismo.<\/p>\n\n\n\n<p>Segundo a <a href=\"https:\/\/www.mayoclinicproceedings.org\/article\/S0025-6196(11)63396-X\/fulltext\"><strong>Cl\u00ednica Mayo<\/strong><\/a> e o <a href=\"https:\/\/www.cdc.gov\/yellow-book\/hcp\/environmental-hazards-risks\/high-altitude-travel-and-altitude-illness.html\"><strong>CDC<\/strong><\/a>, o desconforto da altitude pode surgir entre <strong>6 e 24 horas<\/strong> ap\u00f3s a chegada a grandes altitudes, especialmente quando os per\u00edodos de aclimata\u00e7\u00e3o n\u00e3o s\u00e3o respeitados.<\/p>\n\n\n\n<h3 class=\"wp-block-heading\" id=\"h-sintomas-mais-comuns-do-mal-da-altitude\">Sintomas Mais Comuns do Mal da Altitude<\/h3>\n\n\n\n<ul class=\"wp-block-list\">\n<li>Dor de cabe\u00e7a persistente<\/li>\n\n\n\n<li>N\u00e1useas ou v\u00f4mitos<\/li>\n\n\n\n<li>Fadiga intensa<\/li>\n\n\n\n<li>Tontura<\/li>\n\n\n\n<li>Dificuldade para dormir<\/li>\n\n\n\n<li>Sensa\u00e7\u00e3o de falta de ar<\/li>\n<\/ul>\n\n\n\n<h2 class=\"wp-block-heading\" id=\"h-quantos-dias-sao-necessarios-para-se-aclimatar-a-altitude-em-cusco\">Quantos dias s\u00e3o necess\u00e1rios para se aclimatar \u00e0 altitude em Cusco?<\/h2>\n\n\n\n<p>Uma das perguntas mais frequentes entre os viajantes \u00e9 quantos dias s\u00e3o necess\u00e1rios para se adaptar \u00e0 altitude em Cusco. A resposta depende da condi\u00e7\u00e3o f\u00edsica de cada pessoa, da experi\u00eancia pr\u00e9via em grandes altitudes e das atividades planejadas durante a viagem.<\/p>\n\n\n\n<p>Cusco est\u00e1 localizada a 3.400 metros de eleva\u00e7\u00e3o (11.155 p\u00e9s) \u2014 uma altitude suficiente para provocar sintomas de soroche&nbsp; caso o corpo n\u00e3o tenha tempo adequado de adapta\u00e7\u00e3o.<\/p>\n\n\n\n<h3 class=\"wp-block-heading\" id=\"h-1-dia-em-cusco-o-que-esperar\">1 dia em Cusco \u2013 O que esperar?<\/h3>\n\n\n\n<p>Passar apenas 1 dia em Cusco envolve um risco real de apresentar sintomas de doen\u00e7a da Montanha, especialmente se voc\u00ea chega diretamente de Lima ou de outra cidade ao n\u00edvel do mar.<\/p>\n\n\n\n<h4 class=\"wp-block-heading\" id=\"h-riscos-reais\">Riscos reais:<\/h4>\n\n\n\n<ul class=\"wp-block-list\">\n<li>Dor de cabe\u00e7a persistente<\/li>\n\n\n\n<li>Fadiga extrema<\/li>\n\n\n\n<li>Sensa\u00e7\u00e3o de falta de ar<\/li>\n\n\n\n<li>N\u00e1useas leves<\/li>\n\n\n\n<li>Dificuldade para dormir<\/li>\n<\/ul>\n\n\n\n<h4 class=\"wp-block-heading\" id=\"h-quando-pode-funcionar\"><strong>Quando pode funcionar?<\/strong><\/h4>\n\n\n\n<p>Um \u00fanico dia pode ser suficiente somente se:<\/p>\n\n\n\n<ul class=\"wp-block-list\">\n<li>Voc\u00ea n\u00e3o realizar atividades f\u00edsicas exigentes<\/li>\n\n\n\n<li>Permanecer em repouso a maior parte do tempo<\/li>\n\n\n\n<li>Seu roteiro continuar para o Sacred Valley (altitude menor)<\/li>\n<\/ul>\n\n\n\n<p><strong>N\u00e3o \u00e9 recomend\u00e1vel se voc\u00ea planeja trilhas, <\/strong>caminhadas longas ou passeios em \u00e1reas de maior altitude.<\/p>\n\n\n\n<h3 class=\"wp-block-heading\" id=\"h-2-dias-em-cusco-minimo-recomendado\">2 dias em Cusco \u2013 M\u00ednimo recomendado<\/h3>\n\n\n\n<p>Dois dias \u00e9 o m\u00ednimo recomendado para uma aclimata\u00e7\u00e3o respons\u00e1vel.<\/p>\n\n\n\n<h4 class=\"wp-block-heading\" id=\"h-atividades-ideais-durante-esses-dias\">Atividades ideais durante esses dias:<\/h4>\n\n\n\n<ul class=\"wp-block-list\">\n<li><a href=\"https:\/\/www.salkantaytrilha.com\/tradicional\/cusco\/city-tour-cusco\/\"><strong>City Tour em Cusco<\/strong><\/a><\/li>\n\n\n\n<li>Caminhadas leves pelo Centro Hist\u00f3rico<\/li>\n\n\n\n<li>Visita a museus e mercados locais<\/li>\n\n\n\n<li>Paradas curtas em mirantes, sem esfor\u00e7o prolongado<\/li>\n<\/ul>\n\n\n\n<h4 class=\"wp-block-heading\" id=\"h-beneficios-fisiologicos\">Benef\u00edcios fisiol\u00f3gicos:<\/h4>\n\n\n\n<ul class=\"wp-block-list\">\n<li>Melhora progressiva da oxigena\u00e7\u00e3o<\/li>\n\n\n\n<li>Aumento gradual da produ\u00e7\u00e3o de gl\u00f3bulos vermelhos, favorecendo a oxigena\u00e7\u00e3o do organismo<\/li>\n\n\n\n<li>Redu\u00e7\u00e3o significativa dos sintomas de doen\u00e7a da montanha<\/li>\n\n\n\n<li>Melhor adapta\u00e7\u00e3o do ritmo card\u00edaco e respirat\u00f3rio<\/li>\n<\/ul>\n\n\n\n<p>Esse per\u00edodo permite que o corpo comece a se ajustar \u00e0 eleva\u00e7\u00e3o de Cusco, embora ainda n\u00e3o seja o ideal para rotas fisicamente exigentes.<\/p>\n\n\n\n<h3 class=\"wp-block-heading\" id=\"h-3-dias-ou-mais-ideal-antes-de-um-trekking\">3 dias ou mais \u2013 Ideal antes de um trekking<\/h3>\n\n\n\n<p>Se voc\u00ea pretende realizar trilhas longas, o ideal \u00e9 contar com 3 dias ou mais de aclimata\u00e7\u00e3o.<\/p>\n\n\n\n<h4 class=\"wp-block-heading\" id=\"h-recomendado-para\">Recomendado para:<\/h4>\n\n\n\n<ul class=\"wp-block-list\">\n<li><a href=\"https:\/\/www.salkantaytrilha.com\/trilhas-peru\/salkantay\/\"><strong>Salkantay Trek<\/strong><\/a><\/li>\n\n\n\n<li><a href=\"https:\/\/www.salkantaytrilha.com\/trilhas-peru\/trilha-inca\/\"><strong>Trilha Inca at\u00e9 Machu Picchu<\/strong><\/a><\/li>\n\n\n\n<li><a href=\"https:\/\/www.salkantaytrilha.com\/trilhas-peru\/lares\/\"><strong>Lares Trek<\/strong><\/a><\/li>\n\n\n\n<li><a href=\"https:\/\/www.salkantaytrilha.com\/tradicional\/cusco\/montanha-colorida\/\"><strong>Vinicunca (Montanha Colorida)<\/strong><\/a><\/li>\n<\/ul>\n\n\n\n<h4 class=\"wp-block-heading\" id=\"h-reducao-real-do-risco\">Redu\u00e7\u00e3o real do risco:<\/h4>\n\n\n\n<ul class=\"wp-block-list\">\n<li>Menor probabilidade de desenvolver a doen\u00e7a da montanha<\/li>\n\n\n\n<li>Melhor desempenho f\u00edsico<\/li>\n\n\n\n<li>Recupera\u00e7\u00e3o mais r\u00e1pida durante o trekking<\/li>\n\n\n\n<li>Menor impacto do esfor\u00e7o em passos de alta montanha<\/li>\n<\/ul>\n\n\n\n<p>A partir do terceiro dia, o corpo responde muito melhor \u00e0s condi\u00e7\u00f5es de grande altitude, inclusive em atividades de maior exig\u00eancia f\u00edsica.<\/p>\n\n\n\n<div class=\"wp-block-columns is-layout-flex wp-container-core-columns-is-layout-9d6595d7 wp-block-columns-is-layout-flex\">\n<div class=\"wp-block-column is-layout-flow wp-block-column-is-layout-flow\">\n<figure class=\"wp-block-image size-large\"><img loading=\"lazy\" decoding=\"async\" width=\"1024\" height=\"683\" src=\"https:\/\/www.salkantaytrilha.com\/blog\/wp-content\/uploads\/2026\/03\/aclimatizacion-cusco-1024x683.jpg\" alt=\"Turistas na pra\u00e7a de armas de Cusco, altitude\" class=\"wp-image-5598\"\/><figcaption class=\"wp-element-caption\">Aclimata\u00e7\u00e3o em Cusco<\/figcaption><\/figure>\n<\/div>\n<\/div>\n\n\n\n<h2 class=\"wp-block-heading\" id=\"h-como-evitar-o-mal-da-altitude-em-cusco\">Como evitar o mal da altitude em Cusco?<\/h2>\n\n\n\n<p>Al\u00e9m de mitos e conselhos gen\u00e9ricos, estes s\u00e3o os m\u00e9todos comprovados que realmente ajudam na adapta\u00e7\u00e3o \u00e0 altitude.<\/p>\n\n\n\n<h3 class=\"wp-block-heading\" id=\"h-va-com-calma-a-regra-de-ouro\">V\u00e1 com calma (a regra de ouro)<\/h3>\n\n\n\n<p>A forma mais eficaz de se adaptar \u00e9 reduzir o ritmo nos primeiros dias.<\/p>\n\n\n\n<p><strong>Recomenda\u00e7\u00f5es principais:<\/strong><\/p>\n\n\n\n<ul class=\"wp-block-list\">\n<li>Caminhadas curtas e lentas<\/li>\n\n\n\n<li>Evitar subir escadas rapidamente<\/li>\n\n\n\n<li>Fazer pausas frequentes<\/li>\n\n\n\n<li>N\u00e3o for\u00e7ar o corpo nos primeiros dias<\/li>\n<\/ul>\n\n\n\n<p>Ouvir o pr\u00f3prio corpo \u00e9 fundamental quando se est\u00e1 em grandes altitudes.<\/p>\n\n\n\n<h3 class=\"wp-block-heading\" id=\"h-hidratacao-e-alimentacao-leve\">Hidrata\u00e7\u00e3o e alimenta\u00e7\u00e3o leve<\/h3>\n\n\n\n<p>A desidrata\u00e7\u00e3o \u00e9 um dos principais fatores que agravam o mal da altitude.<\/p>\n\n\n\n<p><strong>Priorize:<\/strong><\/p>\n\n\n\n<ul class=\"wp-block-list\">\n<li>Consumo constante de \u00e1gua ao longo do dia<\/li>\n\n\n\n<li>Carboidratos complexos (quinua, arroz, frutas)<\/li>\n\n\n\n<li>Alimentos ricos em ferro (leguminosas, espinafre, carnes magras)<\/li>\n<\/ul>\n\n\n\n<p><strong>Evite nos primeiros dias:<\/strong><\/p>\n\n\n\n<ul class=\"wp-block-list\">\n<li>\u00c1lcool<\/li>\n\n\n\n<li>Comidas gordurosas ou muito pesadas<\/li>\n\n\n\n<li>Excesso de cafe\u00edna<\/li>\n<\/ul>\n\n\n\n<p>Uma alimenta\u00e7\u00e3o adequada facilita significativamente o processo de adapta\u00e7\u00e3o.<\/p>\n\n\n\n<h3 class=\"wp-block-heading\" id=\"h-sono-e-recuperacao\">Sono e recupera\u00e7\u00e3o<\/h3>\n\n\n\n<p>Dormir em altitude pode ser desafiador, especialmente nas primeiras noites.<\/p>\n\n\n\n<p><strong>Dicas para melhorar o descanso:<\/strong><\/p>\n\n\n\n<ul class=\"wp-block-list\">\n<li>Dormir mais cedo<\/li>\n\n\n\n<li>Evitar esfor\u00e7o f\u00edsico antes de deitar<\/li>\n\n\n\n<li>Manter-se bem hidratado<\/li>\n\n\n\n<li>Fazer cochilos curtos durante o dia<\/li>\n<\/ul>\n\n\n\n<p>O descanso noturno permite que o corpo continue o processo de adapta\u00e7\u00e3o \u00e0 altitude, inclusive enquanto voc\u00ea dorme.<\/p>\n\n\n\n<h2 class=\"wp-block-heading\" id=\"h-remedios-naturais-e-medicos-para-o-mal-da-altitude-em-cusco\">Rem\u00e9dios naturais e m\u00e9dicos para o mal da altitude em Cusco<\/h2>\n\n\n\n<p>A doen\u00e7a da montanha em Cusco pode se manifestar de forma leve ou moderada em muitos viajantes, especialmente durante os primeiros dias.<\/p>\n\n\n\n<p>A boa not\u00edcia \u00e9 que existem rem\u00e9dios naturais tradicionais e op\u00e7\u00f5es m\u00e9dicas comprovadas que ajudam a aliviar os sintomas e facilitam a adapta\u00e7\u00e3o \u00e0 altitude.<\/p>\n\n\n\n<h3 class=\"wp-block-heading\" id=\"h-remedios-naturais-em-cusco\">Rem\u00e9dios naturais em Cusco<\/h3>\n\n\n\n<p>Os Andes desenvolveram, ao longo de s\u00e9culos, solu\u00e7\u00f5es naturais para enfrentar os efeitos da altitude. Esses m\u00e9todos continuam sendo amplamente utilizados atualmente.<\/p>\n\n\n\n<h4 class=\"wp-block-heading\" id=\"h-cha-de-coca\">Ch\u00e1 de coca<\/h4>\n\n\n\n<p>O ch\u00e1 de coca \u00e9 um dos rem\u00e9dios mais conhecidos contra o soroche.<\/p>\n\n\n\n<p><strong>Benef\u00edcios:<\/strong><\/p>\n\n\n\n<ul class=\"wp-block-list\">\n<li>Ajuda a reduzir dores de cabe\u00e7a<\/li>\n\n\n\n<li>Melhora a oxigena\u00e7\u00e3o<\/li>\n\n\n\n<li>Diminui n\u00e1useas e fadiga<\/li>\n\n\n\n<li>Facilita a adapta\u00e7\u00e3o inicial \u00e0 altitude<\/li>\n<\/ul>\n\n\n\n<p>\u00c9 consumido como infus\u00e3o quente e \u00e9 legal no Peru para uso tradicional. Deve ser ingerido com modera\u00e7\u00e3o e apenas durante a perman\u00eancia em \u00e1reas de grande altitude.<\/p>\n\n\n\n<h4 class=\"wp-block-heading\" id=\"h-muna\">Mu\u00f1a<\/h4>\n\n\n\n<p>A mu\u00f1a \u00e9 uma planta andina muito utilizada para problemas digestivos e respirat\u00f3rios, comuns durante o processo de aclimata\u00e7\u00e3o.<\/p>\n\n\n\n<p><strong>Benef\u00edcios:<\/strong><\/p>\n\n\n\n<ul class=\"wp-block-list\">\n<li>Alivia desconfortos estomacais<\/li>\n\n\n\n<li>Reduz a sensa\u00e7\u00e3o de peso no est\u00f4mago<\/li>\n\n\n\n<li>Ajuda a respirar melhor em altitude<\/li>\n<\/ul>\n\n\n\n<p>\u00c9 ideal em forma de infus\u00e3o, especialmente \u00e0 noite.<\/p>\n\n\n\n<h4 class=\"wp-block-heading\" id=\"h-infusoes-andinas\">Infus\u00f5es andinas<\/h4>\n\n\n\n<p>Outras infus\u00f5es tradicionais que auxiliam durante a adapta\u00e7\u00e3o incluem:<\/p>\n\n\n\n<ul class=\"wp-block-list\">\n<li>Erva-doce<\/li>\n\n\n\n<li>Camomila<\/li>\n\n\n\n<li>Capim-lim\u00e3o (hierbaluisa)<br><\/li>\n<\/ul>\n\n\n\n<p>Essas infus\u00f5es favorecem a digest\u00e3o, melhoram o descanso e reduzem a ansiedade associada \u00e0 altitude.<\/p>\n\n\n\n<div class=\"wp-block-columns is-layout-flex wp-container-core-columns-is-layout-9d6595d7 wp-block-columns-is-layout-flex\">\n<div class=\"wp-block-column is-layout-flow wp-block-column-is-layout-flow\"><div class=\"wp-block-image\">\n<figure class=\"aligncenter size-full\"><img loading=\"lazy\" decoding=\"async\" width=\"920\" height=\"920\" src=\"https:\/\/www.salkantaytrilha.com\/blog\/wp-content\/uploads\/2024\/07\/Cha-de-Coca-para-o-mal-de-altitude.jpg\" alt=\"Ch\u00e1 de Coca para o mal de altitude\" class=\"wp-image-558\"\/><figcaption class=\"wp-element-caption\">Ch\u00e1 de Coca para o mal de altitude<\/figcaption><\/figure>\n<\/div><\/div>\n\n\n\n<div class=\"wp-block-column is-layout-flow wp-block-column-is-layout-flow\"><div class=\"wp-block-image\">\n<figure class=\"aligncenter size-full\"><img loading=\"lazy\" decoding=\"async\" width=\"920\" height=\"920\" src=\"https:\/\/www.salkantaytrilha.com\/blog\/wp-content\/uploads\/2024\/07\/Beber-cha-de-coca-para-o-mal-de-altitude.jpg\" alt=\"Beber ch\u00e1 de coca para o mal de altitude\" class=\"wp-image-559\"\/><figcaption class=\"wp-element-caption\">Beber ch\u00e1 de coca para o mal de altitude<\/figcaption><\/figure>\n<\/div><\/div>\n<\/div>\n\n\n\n<h3 class=\"wp-block-heading\" id=\"h-opcoes-medicas-quando-necessario\">Op\u00e7\u00f5es m\u00e9dicas (quando necess\u00e1rio)<\/h3>\n\n\n\n<p>Em alguns casos, os rem\u00e9dios naturais n\u00e3o s\u00e3o suficientes e pode ser necess\u00e1rio recorrer a alternativas m\u00e9dicas.<\/p>\n\n\n\n<h4 class=\"wp-block-heading\" id=\"h-acetazolamida-diamox\">Acetazolamida (Diamox)<\/h4>\n\n\n\n<p>\u00c9 o medicamento mais utilizado internacionalmente para prevenir e tratar o mal da altitude.<\/p>\n\n\n\n<p><strong>Como ajuda:<\/strong><\/p>\n\n\n\n<ul class=\"wp-block-list\">\n<li>Acelera o processo de aclimata\u00e7\u00e3o<\/li>\n\n\n\n<li>Melhora a respira\u00e7\u00e3o durante a noite<\/li>\n\n\n\n<li>Reduz a intensidade dos sintomas<\/li>\n<\/ul>\n\n\n\n<p>Geralmente \u00e9 tomada antes de chegar a \u00e1reas de grande altitude ou durante os primeiros dias.<\/p>\n\n\n\n<h4 class=\"wp-block-heading\" id=\"h-ibuprofeno\">Ibuprofeno<\/h4>\n\n\n\n<p>N\u00e3o previne o soroche, mas ajuda a controlar sintomas leves como:<\/p>\n\n\n\n<ul class=\"wp-block-list\">\n<li>Dor de cabe\u00e7a<\/li>\n\n\n\n<li>Mal-estar geral<\/li>\n<\/ul>\n\n\n\n<p>Pode ser \u00fatil como apoio tempor\u00e1rio, sempre com modera\u00e7\u00e3o.<\/p>\n\n\n\n<p class=\"red\"><strong>Importante:<\/strong> Este conte\u00fado \u00e9 informativo e n\u00e3o substitui orienta\u00e7\u00e3o m\u00e9dica. Se voc\u00ea possui condi\u00e7\u00f5es pr\u00e9-existentes (card\u00edacas, pulmonares, press\u00e3o arterial) ou apresenta sintomas severos, <strong>consulte um profissional de sa\u00fade antes de tomar qualquer medicamento. <\/strong><\/p>\n\n\n\n<h2 class=\"wp-block-heading\" id=\"h-importancia-da-oxigenacao-adequada-em-altitude\">Import\u00e2ncia da oxigena\u00e7\u00e3o adequada em altitude<\/h2>\n\n\n\n<p>Um dos fatores mais determinantes na adapta\u00e7\u00e3o do corpo \u00e9 a capacidade de oxigena\u00e7\u00e3o. Quanto maior a altitude, menor a press\u00e3o atmosf\u00e9rica e, consequentemente, menor a disponibilidade de oxig\u00eanio a cada respira\u00e7\u00e3o.<\/p>\n\n\n\n<p>Isso explica por que muitas pessoas apresentam a doen\u00e7a da montanha mesmo estando em boa condi\u00e7\u00e3o f\u00edsica.<\/p>\n\n\n\n<p>Uma oxigena\u00e7\u00e3o adequada:<\/p>\n\n\n\n<ul class=\"wp-block-list\">\n<li>Reduz a fadiga<\/li>\n\n\n\n<li>Melhora o desempenho f\u00edsico<\/li>\n\n\n\n<li>Diminui dores de cabe\u00e7a<\/li>\n\n\n\n<li>Favorece a adapta\u00e7\u00e3o cardiovascular<\/li>\n\n\n\n<li>Reduz a ansiedade associada \u00e0 sensa\u00e7\u00e3o de falta de ar<\/li>\n<\/ul>\n\n\n\n<p>Al\u00e9m do descanso e da hidrata\u00e7\u00e3o, a respira\u00e7\u00e3o consciente pode fazer uma diferen\u00e7a real nos primeiros dias.<\/p>\n\n\n\n<h3 class=\"wp-block-heading\" id=\"h-tecnicas-de-respiracao\">T\u00e9cnicas de respira\u00e7\u00e3o<\/h3>\n\n\n\n<h4 class=\"wp-block-heading\" id=\"h-respiracao-profunda-andina\">Respira\u00e7\u00e3o profunda andina<\/h4>\n\n\n\n<p>A chamada \u201crespira\u00e7\u00e3o profunda andina\u201d n\u00e3o \u00e9 uma t\u00e9cnica m\u00e9dica formal, mas baseia-se em princ\u00edpios fisiol\u00f3gicos reconhecidos: respira\u00e7\u00e3o diafragm\u00e1tica lenta e controlada.<\/p>\n\n\n\n<h4 class=\"wp-block-heading\" id=\"h-como-praticar\">Como praticar:<\/h4>\n\n\n\n<ol class=\"wp-block-list\">\n<li>Inspire lentamente pelo nariz durante 4 segundos.<\/li>\n\n\n\n<li>Encha completamente os pulm\u00f5es, expandindo o abd\u00f4men.<\/li>\n\n\n\n<li>Segure o ar por 2 a 3 segundos.<\/li>\n\n\n\n<li>Expire suavemente pela boca durante 6 segundos.<\/li>\n\n\n\n<li>Repita por 5 a 10 minutos.<\/li>\n<\/ol>\n\n\n\n<h4 class=\"wp-block-heading\" id=\"h-beneficios-em-altitude\">Benef\u00edcios em altitude:<\/h4>\n\n\n\n<ul class=\"wp-block-list\">\n<li>Melhora a satura\u00e7\u00e3o de oxig\u00eanio<\/li>\n\n\n\n<li>Diminui a frequ\u00eancia card\u00edaca<\/li>\n\n\n\n<li>Reduz a sensa\u00e7\u00e3o de falta de ar<\/li>\n\n\n\n<li>Ajuda a controlar epis\u00f3dios leves de ansiedade<\/li>\n<\/ul>\n\n\n\n<p>Praticar essa t\u00e9cnica ao acordar, antes de dormir ou durante caminhadas leves facilita o processo de adapta\u00e7\u00e3o natural.<\/p>\n\n\n\n<h3 class=\"wp-block-heading\" id=\"h-yoga-meditacao-e-mindfulness\">Yoga, medita\u00e7\u00e3o e mindfulness<\/h3>\n\n\n\n<p>Em grandes altitudes, o estresse pode intensificar os sintomas f\u00edsicos. A tens\u00e3o e a ansiedade tornam a respira\u00e7\u00e3o mais superficial, reduzindo ainda mais a oxigena\u00e7\u00e3o.<\/p>\n\n\n\n<h4 class=\"wp-block-heading\" id=\"h-beneficios-reais-para-a-aclimatacao\">Benef\u00edcios reais para a aclimata\u00e7\u00e3o<\/h4>\n\n\n\n<p>Diversos estudos em medicina de montanha indicam que o controle respirat\u00f3rio e a redu\u00e7\u00e3o do estresse:<\/p>\n\n\n\n<ul class=\"wp-block-list\">\n<li>Melhoram a efici\u00eancia ventilat\u00f3ria<\/li>\n\n\n\n<li>Otimizam a troca de oxig\u00eanio<\/li>\n\n\n\n<li>Diminuem a percep\u00e7\u00e3o de esfor\u00e7o<\/li>\n\n\n\n<li>Favorecem um melhor descanso noturno<\/li>\n<\/ul>\n\n\n\n<h4 class=\"wp-block-heading\" id=\"h-reducao-da-ansiedade-melhor-oxigenacao\">Redu\u00e7\u00e3o da ansiedade + melhor oxigena\u00e7\u00e3o<\/h4>\n\n\n\n<p>A pr\u00e1tica de:<\/p>\n\n\n\n<ul class=\"wp-block-list\">\n<li>Yoga suave<\/li>\n\n\n\n<li>Alongamentos conscientes<\/li>\n\n\n\n<li>Medita\u00e7\u00e3o guiada<\/li>\n\n\n\n<li>Exerc\u00edcios de aten\u00e7\u00e3o plena<\/li>\n<\/ul>\n\n\n\n<p>Ajuda a estabilizar a respira\u00e7\u00e3o e melhora a adapta\u00e7\u00e3o progressiva. N\u00e3o substitui a aclimata\u00e7\u00e3o gradual, mas a complementa de forma eficaz.<\/p>\n\n\n\n<div class=\"wp-block-columns is-layout-flex wp-container-core-columns-is-layout-9d6595d7 wp-block-columns-is-layout-flex\">\n<div class=\"wp-block-column is-layout-flow wp-block-column-is-layout-flow\">\n<figure class=\"wp-block-image size-large\"><img loading=\"lazy\" decoding=\"async\" width=\"1024\" height=\"683\" src=\"https:\/\/www.salkantaytrilha.com\/blog\/wp-content\/uploads\/2026\/03\/respiracion-turista-cusco-1024x683.jpg\" alt=\"Turista inalando folhas de coca durante um City Tour em Cusco\" class=\"wp-image-5595\"\/><figcaption class=\"wp-element-caption\">City tour em Cusco<\/figcaption><\/figure>\n<\/div>\n<\/div>\n\n\n\n<h2 class=\"wp-block-heading\" id=\"h-atividades-recomendadas-durante-a-aclimatacao-em-cusco\">Atividades recomendadas durante a aclimata\u00e7\u00e3o em Cusco<\/h2>\n\n\n\n<p>Nos primeiros dias, o objetivo n\u00e3o \u00e9 permanecer inativo, mas escolher atividades que n\u00e3o exijam esfor\u00e7o excessivo.<\/p>\n\n\n\n<p>A chave \u00e9 manter movimento leve enquanto o corpo se adapta.<\/p>\n\n\n\n<h4 class=\"wp-block-heading\" id=\"h-atividades-de-baixo-impacto\">Atividades de baixo impacto<\/h4>\n\n\n\n<p>Essas op\u00e7\u00f5es permitem explorar a cidade sem aumentar o risco de mal de altitude em Cusco.<\/p>\n\n\n\n<h4 class=\"wp-block-heading\" id=\"h-city-tour-em-cusco\">City Tour em Cusco<\/h4>\n\n\n\n<p>Ideal para o primeiro ou segundo dia. Inclui visitas organizadas e pausadas a locais hist\u00f3ricos, sem caminhadas extensas.<\/p>\n\n\n\n<p>Permite:<\/p>\n\n\n\n<ul class=\"wp-block-list\">\n<li>Adapta\u00e7\u00e3o progressiva<\/li>\n\n\n\n<li>Ritmo controlado<\/li>\n\n\n\n<li>Hidrata\u00e7\u00e3o constante<\/li>\n<\/ul>\n\n\n\n<h4 class=\"wp-block-heading\" id=\"h-centro-historico\">Centro Hist\u00f3rico<\/h4>\n\n\n\n<p>Caminhar pelas ruas de pedra ao redor da Plaza de Armas permite adapta\u00e7\u00e3o gradual.<\/p>\n\n\n\n<p>Recomenda\u00e7\u00f5es:<\/p>\n\n\n\n<ul class=\"wp-block-list\">\n<li>Evitar subidas prolongadas<\/li>\n\n\n\n<li>Fazer pausas frequentes<\/li>\n\n\n\n<li>Caminhar em ritmo lento<\/li>\n<\/ul>\n\n\n\n<div class=\"wp-block-columns is-layout-flex wp-container-core-columns-is-layout-9d6595d7 wp-block-columns-is-layout-flex\">\n<div class=\"wp-block-column is-layout-flow wp-block-column-is-layout-flow\"><div class=\"wp-block-image\">\n<figure class=\"aligncenter size-full\"><img loading=\"lazy\" decoding=\"async\" width=\"800\" height=\"1000\" src=\"https:\/\/www.salkantaytrilha.com\/blog\/wp-content\/uploads\/2024\/07\/Turistas-praca-principal-Cusco.jpg\" alt=\"Turistas na pra\u00e7a principal de Cusco\" class=\"wp-image-562\"\/><figcaption class=\"wp-element-caption\">Turistas na pra\u00e7a principal de Cusco<\/figcaption><\/figure>\n<\/div><\/div>\n\n\n\n<div class=\"wp-block-column is-layout-flow wp-block-column-is-layout-flow\"><div class=\"wp-block-image\">\n<figure class=\"aligncenter size-full\"><img loading=\"lazy\" decoding=\"async\" width=\"800\" height=\"1000\" src=\"https:\/\/www.salkantaytrilha.com\/blog\/wp-content\/uploads\/2024\/07\/Turista-sentado-praca-principal-Cusco-olhando-catedral.jpg\" alt=\"Turista sentado na pra\u00e7a principal de Cusco olhando para a catedral\" class=\"wp-image-563\"\/><figcaption class=\"wp-element-caption\">Turista sentado na pra\u00e7a principal de Cusco.<\/figcaption><\/figure>\n<\/div><\/div>\n<\/div>\n\n\n\n<h4 class=\"wp-block-heading\" id=\"h-museus\">Museus<\/h4>\n\n\n\n<p>Os museus s\u00e3o excelentes aliados durante a aclimata\u00e7\u00e3o porque:<\/p>\n\n\n\n<ul class=\"wp-block-list\">\n<li>N\u00e3o exigem esfor\u00e7o f\u00edsico<\/li>\n\n\n\n<li>Permitem pausas<\/li>\n\n\n\n<li>Mant\u00eam o viajante ativo sem sobrecarregar o corpo<\/li>\n<\/ul>\n\n\n\n<p>Op\u00e7\u00f5es recomendadas:<\/p>\n\n\n\n<ul class=\"wp-block-list\">\n<li>Museu Inca<\/li>\n\n\n\n<li>Museu de Arte Pr\u00e9-Colombiana<\/li>\n\n\n\n<li>Museu Hist\u00f3rico Regional<\/li>\n<\/ul>\n\n\n\n<h3 class=\"wp-block-heading\" id=\"h-experiencias-cenicas-e-culturais\">Experi\u00eancias c\u00eanicas e culturais<\/h3>\n\n\n\n<p>Essas atividades permitem aproveitar a cidade enquanto se respeita o processo de adapta\u00e7\u00e3o \u00e0 altitude de Cusco.<\/p>\n\n\n\n<h4 class=\"wp-block-heading\" id=\"h-mercado-de-san-pedro\">Mercado de San Pedro<\/h4>\n\n\n\n<p>Uma experi\u00eancia cultural aut\u00eantica e de baixo impacto f\u00edsico.<\/p>\n\n\n\n<p>Beneficios:<\/p>\n\n\n\n<ul class=\"wp-block-list\">\n<li>Caminhada leve<\/li>\n\n\n\n<li>Intera\u00e7\u00e3o cultural<\/li>\n\n\n\n<li>Op\u00e7\u00f5es de hidrata\u00e7\u00e3o e frutas frescas<\/li>\n<\/ul>\n\n\n\n<h4 class=\"wp-block-heading\" id=\"h-mirantes\">Mirantes<\/h4>\n\n\n\n<p>Alguns mirantes acess\u00edveis, como:<\/p>\n\n\n\n<ul class=\"wp-block-list\">\n<li>Cristo Blanco<\/li>\n\n\n\n<li>Mirador de San Blas<\/li>\n\n\n\n<li>Mirador de San Crist\u00f3bal<\/li>\n<\/ul>\n\n\n\n<p>Podem ser visitados de t\u00e1xi para evitar esfor\u00e7o excessivo e desfrutar vistas panor\u00e2micas sem sobrecarregar o corpo.<\/p>\n\n\n\n<h4 class=\"wp-block-heading\" id=\"h-pracas-e-espacos-abertos\">Pra\u00e7as e espa\u00e7os abertos<\/h4>\n\n\n\n<p>A Pra\u00e7a de Armas e pra\u00e7as tradicionais como a Pra\u00e7a de Santiago ou a Pra\u00e7a de San Francisco permitem:<\/p>\n\n\n\n<ul class=\"wp-block-list\">\n<li>Descansar<\/li>\n\n\n\n<li>Praticar respira\u00e7\u00e3o consciente<\/li>\n\n\n\n<li>Observar a vida local<\/li>\n\n\n\n<li>Manter movimento leve<\/li>\n<\/ul>\n\n\n\n<div class=\"wp-block-columns is-layout-flex wp-container-core-columns-is-layout-9d6595d7 wp-block-columns-is-layout-flex\">\n<div class=\"wp-block-column is-layout-flow wp-block-column-is-layout-flow\"><div class=\"wp-block-image\">\n<figure class=\"aligncenter size-large\"><img loading=\"lazy\" decoding=\"async\" width=\"1024\" height=\"666\" src=\"https:\/\/www.salkantaytrilha.com\/blog\/wp-content\/uploads\/2024\/07\/Turistas-em-Qoricancha-na-cidade-de-Cusco-1024x666.jpg\" alt=\"Turistas em Qoricancha, na cidade de Cusco\" class=\"wp-image-560\"\/><figcaption class=\"wp-element-caption\">Turistas em Qoricancha,<\/figcaption><\/figure>\n<\/div><\/div>\n<\/div>\n\n\n\n<h2 class=\"wp-block-heading\" id=\"h-quando-buscar-atendimento-medico-em-cusco\">Quando buscar atendimento m\u00e9dico em Cusco<\/h2>\n\n\n\n<p>A altitude pode causar sintomas leves em muitos viajantes, mas em alguns casos podem surgir complica\u00e7\u00f5es que exigem aten\u00e7\u00e3o m\u00e9dica imediata.<\/p>\n\n\n\n<p>Saber diferenciar entre sintomas normais de adapta\u00e7\u00e3o e sinais de alerta \u00e9 essencial para uma experi\u00eancia segura.<\/p>\n\n\n\n<h3 class=\"wp-block-heading\" id=\"h-sintomas-leves-vs-sintomas-graves\">Sintomas leves vs. sintomas graves<\/h3>\n\n\n\n<p>Durante os primeiros dias em Cusco, \u00e9 relativamente comum sentir sintomas leves, especialmente se voc\u00ea chegar diretamente de Lima.<\/p>\n\n\n\n<h3 class=\"wp-block-heading\" id=\"h-sintomas-leves-adaptacao-normal\">Sintomas leves (adapta\u00e7\u00e3o normal)<\/h3>\n\n\n\n<ul class=\"wp-block-list\">\n<li>Dor de cabe\u00e7a moderada<\/li>\n\n\n\n<li>Fadiga<\/li>\n\n\n\n<li>Tontura leve<\/li>\n\n\n\n<li>N\u00e1useas ocasionais<\/li>\n\n\n\n<li>Dificuldade para dormir<\/li>\n<\/ul>\n\n\n\n<p>Costumam melhorar com:<\/p>\n\n\n\n<ul class=\"wp-block-list\">\n<li>Descanso<\/li>\n\n\n\n<li>Hidrata\u00e7\u00e3o adequada<\/li>\n\n\n\n<li>Alimenta\u00e7\u00e3o leve<\/li>\n\n\n\n<li>Redu\u00e7\u00e3o do esfor\u00e7o f\u00edsico<\/li>\n<\/ul>\n\n\n\n<p>Se melhorarem em 24\u201348 horas, geralmente fazem parte do processo normal de adapta\u00e7\u00e3o.<\/p>\n\n\n\n<h3 class=\"wp-block-heading\" id=\"h-sintomas-graves-exigem-atendimento-imediato\">Sintomas graves (exigem atendimento imediato)<\/h3>\n\n\n\n<p>Alguns sinais podem indicar uma complica\u00e7\u00e3o mais grave relacionada com a altitude:<\/p>\n\n\n\n<ul class=\"wp-block-list\">\n<li>Dificuldade para respirar mesmo em repouso<\/li>\n\n\n\n<li>Confus\u00e3o ou desorienta\u00e7\u00e3o<\/li>\n\n\n\n<li>Dor no peito<\/li>\n\n\n\n<li>Tosse persistente com secre\u00e7\u00e3o espumosa<\/li>\n\n\n\n<li>V\u00f4mitos cont\u00ednuos<\/li>\n\n\n\n<li>Perda de equil\u00edbrio<\/li>\n\n\n\n<li>Perda de consci\u00eancia<\/li>\n<\/ul>\n\n\n\n<p>Esses sintomas podem estar relacionados a formas graves de doen\u00e7a de altitude.<\/p>\n\n\n\n<h3 class=\"wp-block-heading\" id=\"h-doenca-aguda-da-montanha-dam\">Doen\u00e7a Aguda da Montanha (DAM)<\/h3>\n\n\n\n<p>A Doen\u00e7a Aguda da Montanha pode se desenvolver quando o corpo n\u00e3o consegue se adaptar adequadamente. Em casos raros, pode evoluir para:<\/p>\n\n\n\n<ul class=\"wp-block-list\">\n<li>Edema pulmonar de altitude (ac\u00famulo de l\u00edquido nos pulm\u00f5es)<\/li>\n\n\n\n<li>Edema cerebral de altitude (incha\u00e7o cerebral)<\/li>\n<\/ul>\n\n\n\n<p>Segundo diretrizes internacionais de medicina de montanha (CDC e UIAA), o tratamento imediato inclui:<\/p>\n\n\n\n<ul class=\"wp-block-list\">\n<li>Descer para menor altitude<\/li>\n\n\n\n<li>Oxig\u00eanio suplementar<\/li>\n\n\n\n<li>Avalia\u00e7\u00e3o m\u00e9dica urgente<\/li>\n<\/ul>\n\n\n\n<p>Embora n\u00e3o sejam comuns, esses quadros podem ocorrer se os sintomas forem ignorados ou se houver esfor\u00e7o intenso cont\u00ednuo.<\/p>\n\n\n\n<h3 class=\"wp-block-heading\" id=\"h-quando-ir-a-uma-clinica-em-cusco\">Quando ir a uma cl\u00ednica em Cusco?<\/h3>\n\n\n\n<p>Procure um centro m\u00e9dico se:<\/p>\n\n\n\n<ul class=\"wp-block-list\">\n<li>Os sintomas n\u00e3o melhorarem ap\u00f3s 48 horas<\/li>\n\n\n\n<li>A dor de cabe\u00e7a for intensa e n\u00e3o responder a analg\u00e9sicos<\/li>\n\n\n\n<li>Houver dificuldade respirat\u00f3ria persistente<\/li>\n\n\n\n<li>Voc\u00ea tiver hist\u00f3rico card\u00edaco ou pulmonar<\/li>\n\n\n\n<li>Os sintomas piorarem com o esfor\u00e7o<\/li>\n<\/ul>\n\n\n\n<p>Cusco conta com cl\u00ednicas privadas e hospitais que atendem emerg\u00eancias relacionadas \u00e0 altitude, como a Cl\u00ednica Pardo e a Mac Salud.<\/p>\n\n\n\n<p>A regra \u00e9 simples: se tiver d\u00favidas, consulte um profissional. Sua seguran\u00e7a deve ser sempre prioridade.<\/p>\n\n\n\n<div class=\"wp-block-columns is-layout-flex wp-container-core-columns-is-layout-9d6595d7 wp-block-columns-is-layout-flex\">\n<div class=\"wp-block-column is-layout-flow wp-block-column-is-layout-flow\"><div class=\"wp-block-image\">\n<figure class=\"aligncenter size-full\"><img loading=\"lazy\" decoding=\"async\" width=\"800\" height=\"1000\" src=\"https:\/\/www.salkantaytrilha.com\/blog\/wp-content\/uploads\/2024\/07\/Turista-sofrendo-mal-altitude-montanhas-Cusco.jpg\" alt=\"Turista sofrendo de mal de altitude nas montanhas de Cusco\" class=\"wp-image-564\"\/><figcaption class=\"wp-element-caption\">Turista sofrendo de mal de altitude nas montanhas de Cusco<\/figcaption><\/figure>\n<\/div><\/div>\n\n\n\n<div class=\"wp-block-column is-layout-flow wp-block-column-is-layout-flow\"><div class=\"wp-block-image\">\n<figure class=\"aligncenter size-full\"><img loading=\"lazy\" decoding=\"async\" width=\"800\" height=\"1000\" src=\"https:\/\/www.salkantaytrilha.com\/blog\/wp-content\/uploads\/2024\/07\/Dois-turistas-descansando-praca-principal-Cusco.jpg\" alt=\"Dois turistas descansando na pra\u00e7a principal de Cusco.\" class=\"wp-image-565\"\/><figcaption class=\"wp-element-caption\">Pra\u00e7a principal de Cusco.<\/figcaption><\/figure>\n<\/div><\/div>\n<\/div>\n\n\n\n<h2 class=\"wp-block-heading\" id=\"h-treks-e-tours-por-nivel-de-altitude-apos-a-aclimatacao\">Treks e tours por n\u00edvel de altitude (ap\u00f3s a aclimata\u00e7\u00e3o)<\/h2>\n\n\n\n<p>Depois que o corpo se adapta adequadamente \u00e0 altitude de Cusco, chega o momento de explorar rotas mais exigentes. A recomenda\u00e7\u00e3o geral \u00e9 contar com no m\u00ednimo 3 dias de adapta\u00e7\u00e3o antes de realizar trilhas em regi\u00f5es acima de 4.000 metros.<\/p>\n\n\n\n<p>A seguir, organizamos as principais rotas de acordo com o n\u00edvel de altitude e exig\u00eancia f\u00edsica.<\/p>\n\n\n\n<h3 class=\"wp-block-heading\" id=\"h-treks-de-alta-montanha\">Treks de alta montanha<\/h3>\n\n\n\n<p>Essas rotas superam amplamente a altitude da cidade e exigem boa condi\u00e7\u00e3o f\u00edsica, preparo mental e adapta\u00e7\u00e3o pr\u00e9via.<\/p>\n\n\n\n<h4 class=\"wp-block-heading\" id=\"h-salkantay-trek\">Salkantay Trek<\/h4>\n\n\n\n<ul class=\"wp-block-list\">\n<li>Altitude m\u00e1xima: aprox. 4.630 m (15.190 p\u00e9s) \u2013 Abra Salkantay<\/li>\n\n\n\n<li>N\u00edvel: Exigente<\/li>\n\n\n\n<li>Requer: Boa adapta\u00e7\u00e3o pr\u00e9via<\/li>\n<\/ul>\n\n\n\n<p>\u00c9 uma das rotas mais impressionantes dos Andes, combinando glaciares, montanha e floresta alta. A travessia do passo Salkantay exige resist\u00eancia cardiovascular e adapta\u00e7\u00e3o adequada.<\/p>\n\n\n\n<h4 class=\"wp-block-heading\" id=\"h-trilha-inca-ate-machu-picchu\">Trilha Inca at\u00e9 Machu Picchu<\/h4>\n\n\n\n<ul class=\"wp-block-list\">\n<li>Altitude m\u00e1xima: 4.215 m (13.829 p\u00e9s) \u2013 Passo Warmiwa\u00f1usca<\/li>\n\n\n\n<li>N\u00edvel: Moderado a exigente<\/li>\n<\/ul>\n\n\n\n<p>Embora o ponto mais alto seja inferior ao do Salkantay, a combina\u00e7\u00e3o de escadarias incas, desn\u00edvel acumulado e altitude requer prepara\u00e7\u00e3o respons\u00e1vel.<\/p>\n\n\n\n<h4 class=\"wp-block-heading\" id=\"h-lares-trek\">Lares Trek<\/h4>\n\n\n\n<ul class=\"wp-block-list\">\n<li>Altitude m\u00e1xima: 4.700 m (15.420 p\u00e9s) \u2013 Abra Pachacutec<\/li>\n\n\n\n<li>N\u00edvel: Moderado<\/li>\n<\/ul>\n\n\n\n<p>Ideal para quem busca uma experi\u00eancia cultural mais aut\u00eantica e paisagens andinas menos movimentadas, mas igualmente desafiadora em termos de eleva\u00e7\u00e3o.<\/p>\n\n\n\n<h4 class=\"wp-block-heading\" id=\"h-vinicunca-montanha-colorida\">Vinicunca \u2013 Montanha Colorida<\/h4>\n\n\n\n<ul class=\"wp-block-list\">\n<li>Altitude: 5.100 m (16.732 p\u00e9s)<\/li>\n\n\n\n<li>N\u00edvel: Alto impacto em altitude<\/li>\n<\/ul>\n\n\n\n<p>\u00c9 uma excurs\u00e3o curta, por\u00e9m intensa. Sem aclimata\u00e7\u00e3o pr\u00e9via, o risco de sintomas aumenta consideravelmente.<\/p>\n\n\n\n<h4 class=\"wp-block-heading\" id=\"h-antes-de-planejar-seu-trekking\">Antes de planejar seu trekking<\/h4>\n\n\n\n<p>Lembre-se:<\/p>\n\n\n\n<ul class=\"wp-block-list\">\n<li>A altitude em Cusco n\u00e3o deve ser subestimada<\/li>\n\n\n\n<li>M\u00ednimo de 2 dias para atividades moderadas<\/li>\n\n\n\n<li>Ideal 3 dias ou mais antes de rotas acima de 4.000 m (13.123 p\u00e9s)<\/li>\n\n\n\n<li>Hidrate-se, descanse e escute seu corpo<\/li>\n<\/ul>\n\n\n\n<p>Uma boa adapta\u00e7\u00e3o n\u00e3o apenas reduz riscos, mas melhora significativamente seu desempenho e experi\u00eancia na montanha.<\/p>\n\n\n\n<h4 class=\"wp-block-heading\" id=\"h-planeje-sua-aventura-com-responsabilidade\">Planeje sua aventura com responsabilidade<\/h4>\n\n\n\n<p>Antes de reservar seu trekking rumo a Machu Picchu ou qualquer rota de alta montanha, certifique-se de ter conclu\u00eddo corretamente seu processo de adapta\u00e7\u00e3o.<\/p>\n\n\n\n<p>Preparar-se bem significa:<\/p>\n\n\n\n<ul class=\"wp-block-list\">\n<li>Aproveitar mais a experi\u00eancia<\/li>\n\n\n\n<li>Melhor desempenho f\u00edsico<\/li>\n\n\n\n<li>Menor risco<\/li>\n\n\n\n<li>Maior seguran\u00e7a<\/li>\n<\/ul>\n\n\n\n<p>Cusco \u00e9 um destino extraordin\u00e1rio \u2014 e, com a prepara\u00e7\u00e3o adequada, a altitude deixa de ser um obst\u00e1culo e passa a fazer parte da aventura.<\/p>\n\n\n\n<div class=\"wp-block-columns is-layout-flex wp-container-core-columns-is-layout-9d6595d7 wp-block-columns-is-layout-flex\">\n<div class=\"wp-block-column is-layout-flow wp-block-column-is-layout-flow\">\n<figure class=\"wp-block-image size-full\"><img loading=\"lazy\" decoding=\"async\" width=\"800\" height=\"1000\" src=\"https:\/\/www.salkantaytrilha.com\/blog\/wp-content\/uploads\/2025\/08\/Turistas-escadas-pedra-longo-Caminho-Inca.jpg\" alt=\"Turistas nas escadas de pedra ao longo do Caminho Inca\" class=\"wp-image-4300\"\/><figcaption class=\"wp-element-caption\">Escadas de pedra ao longo do Caminho Inca<\/figcaption><\/figure>\n<\/div>\n\n\n\n<div class=\"wp-block-column is-layout-flow wp-block-column-is-layout-flow\">\n<figure class=\"wp-block-image size-full\"><img loading=\"lazy\" decoding=\"async\" width=\"800\" height=\"1000\" src=\"https:\/\/www.salkantaytrilha.com\/blog\/wp-content\/uploads\/2024\/07\/montanha-colorida-com-neve.jpg\" alt=\"A montanha colorida de Vinicunca em setembro\" class=\"wp-image-5304\"\/><figcaption class=\"wp-element-caption\">Montanha Colorida com Neve<\/figcaption><\/figure>\n<\/div>\n<\/div>\n\n\n\n<h2 class=\"wp-block-heading\" id=\"h-perguntas-frequentes-sobre-a-altitude-em-cusco\">Perguntas frequentes sobre a altitude em Cusco<\/h2>\n\n\n\n<div class=\"schema-faq wp-block-yoast-faq-block\"><div class=\"schema-faq-section\" id=\"faq-question-1772741036126\"><strong class=\"schema-faq-question\"><strong>Quantos dias s\u00e3o necess\u00e1rios para se adaptar?<\/strong><\/strong> <p class=\"schema-faq-answer\">Recomenda-se 2 dias para adapta\u00e7\u00e3o b\u00e1sica. Se voc\u00ea pretende realizar trilhas como Salkantay ou o Caminho Inca, o ideal s\u00e3o 3 dias ou mais.<br>Esse per\u00edodo permite que o corpo se ajuste progressivamente, reduzindo de forma significativa o risco de soroche.<\/p> <\/div> <div class=\"schema-faq-section\" id=\"faq-question-1772741063215\"><strong class=\"schema-faq-question\"><strong>Qual \u00e9 a altitude de Cusco?<\/strong><\/strong> <p class=\"schema-faq-answer\">Cusco est\u00e1 localizada a 3.400 metros acima do n\u00edvel do mar (11.155 p\u00e9s). Essa eleva\u00e7\u00e3o \u00e9 suficiente para provocar altera\u00e7\u00f5es fisiol\u00f3gicas, especialmente em pessoas que chegam de cidades ao n\u00edvel do mar.<\/p> <\/div> <div class=\"schema-faq-section\" id=\"faq-question-1772741087692\"><strong class=\"schema-faq-question\"><strong>A altitude em Cusco \u00e9 perigosa?<\/strong><\/strong> <p class=\"schema-faq-answer\">o, desde que as precau\u00e7\u00f5es adequadas sejam tomadas. A maioria dos viajantes se adapta sem complica\u00e7\u00f5es seguindo recomenda\u00e7\u00f5es b\u00e1sicas: descansar nos primeiros dias, manter-se hidratado, evitar esfor\u00e7os intensos e dormir adequadamente. <br>Casos graves s\u00e3o raros nessa altitude, mas podem ocorrer se sintomas importantes forem ignorados.<\/p> <\/div> <div class=\"schema-faq-section\" id=\"faq-question-1772741173349\"><strong class=\"schema-faq-question\"><strong>Todas as pessoas sofrem mal da altitude?<\/strong><\/strong> <p class=\"schema-faq-answer\">N\u00e3o. Alguns viajantes apresentam apenas fadiga leve ou dor de cabe\u00e7a. Outros n\u00e3o sentem sintomas.<br>Fatores que influenciam: velocidade de ascens\u00e3o, hidrata\u00e7\u00e3o, descanso e predisposi\u00e7\u00e3o gen\u00e9tica<br>N\u00e3o depende exclusivamente da idade ou condi\u00e7\u00e3o f\u00edsica.<\/p> <\/div> <div class=\"schema-faq-section\" id=\"faq-question-1772741259776\"><strong class=\"schema-faq-question\"><strong>O Vale Sagrado \u00e9 melhor para come\u00e7ar?<\/strong><\/strong> <p class=\"schema-faq-answer\">Sim, \u00e9 altamente recomend\u00e1vel come\u00e7ar a aclimata\u00e7\u00e3o pelo Vale Sagrado. Localizado a uma altitude entre 2.600 e 3.000 metros, o Vale Sagrado est\u00e1 abaixo da altitude de Cusco, o que permite uma adapta\u00e7\u00e3o do corpo mais gradual e progressiva.<br>Muitos roteiros estrat\u00e9gicos sugerem: chegar a Cusco, seguir imediatamente para o Vale Sagrado, passar 1 ou 2 noites e retornar \u00e0 cidade j\u00e1 parcialmente adaptado. <br>Isso reduz consideravelmente o risco de mal da altitude.<\/p> <\/div> <div class=\"schema-faq-section\" id=\"faq-question-1772741346741\"><strong class=\"schema-faq-question\"><strong>Quanto tempo o corpo leva para se adaptar?<\/strong><\/strong> <p class=\"schema-faq-answer\">O corpo come\u00e7a a se adaptar nas primeiras 24 horas, mas a aclimata\u00e7\u00e3o parcial geralmente leva de 2 a 3 dias em altitudes como a de Cusco.<br>A adapta\u00e7\u00e3o completa pode levar mais tempo, dependendo da pessoa e do n\u00edvel de altitude atingido.<\/p> <\/div> <\/div>\n\n\n\n<h2 class=\"wp-block-heading\" id=\"h-conclusao-cusco-e-seguro-com-boa-preparacao\">Conclus\u00e3o: Cusco \u00e9 seguro com boa prepara\u00e7\u00e3o<\/h2>\n\n\n\n<p>A altitude \u00e9 um fator real e deve ser levada a s\u00e9rio, mas n\u00e3o deve gerar medo excessivo.<\/p>\n\n\n\n<p>Com informa\u00e7\u00e3o confi\u00e1vel, tempo adequado de adapta\u00e7\u00e3o e decis\u00f5es respons\u00e1veis, a experi\u00eancia pode ser segura e enriquecedora.<\/p>\n\n\n\n<p>A chave est\u00e1 em:<\/p>\n\n\n\n<ul class=\"wp-block-list\">\n<li>Respeitar o ritmo do corpo<\/li>\n\n\n\n<li>Planejar com intelig\u00eancia<\/li>\n\n\n\n<li>N\u00e3o subestimar a altitude<\/li>\n\n\n\n<li>Adaptar-se antes de realizar trilhas exigentes<\/li>\n<\/ul>\n\n\n\n<p><a href=\"https:\/\/www.salkantaytrilha.com\/tradicional\/passeios-1-dia-cusco\/\"><strong>Cusco<\/strong><\/a> \u00e9 uma cidade fascinante, repleta de hist\u00f3ria, cultura e paisagens \u00fanicas. A altitude faz parte da sua identidade andina \u2014 e, com a prepara\u00e7\u00e3o correta, transforma-se em parte da aventura.<\/p>\n\n\n\n<p>Adapte-se corretamente, cuide da sua sa\u00fade e depois explore rotas como o Caminho Inca, Salkantay ou o Vale Sagrado com confian\u00e7a.<\/p>\n\n\n\n<ul class=\"wp-block-list lang\">\n<li class=\"en\"><a href=\"https:\/\/www.salkantaytrekking.com\/blog\/how-to-acclimate-in-cusco-everything-you-need-to-know\/\">EN<\/a><\/li>\n\n\n\n<li class=\"es\"><a href=\"https:\/\/www.caminosalkantay.com\/blog\/aclimatacion-en-cusco-todo-lo-que-tienes-que-saber\/\">ES<\/a><\/li>\n<\/ul>\n","protected":false},"excerpt":{"rendered":"<p>A altitude de Cusco \u00e9 um dos fatores que mais preocupam os viajantes que chegam pela primeira vez a esta cidade andina. Cusco est\u00e1 situada a uma eleva\u00e7\u00e3o consider\u00e1vel, o que pode provocar efeitos f\u00edsicos reais no corpo humano caso [&hellip;]<\/p>\n","protected":false},"author":5,"featured_media":5598,"comment_status":"open","ping_status":"open","sticky":false,"template":"","format":"standard","meta":{"footnotes":""},"categories":[183,40],"tags":[184,186,185,187],"class_list":["post-550","post","type-post","status-publish","format-standard","has-post-thumbnail","hentry","category-aclimatacao","category-cusco","tag-aclimatacao-em-cusco","tag-atividades-recomendadas","tag-como-posso-me-aclimatar","tag-mal-de-altitude"],"yoast_head":"<!-- This site is optimized with the Yoast SEO Premium plugin v27.4 (Yoast SEO v27.4) - https:\/\/yoast.com\/product\/yoast-seo-premium-wordpress\/ -->\n<title>Aclimata\u00e7\u00e3o em Cusco: Tudo o que Voc\u00ea Precisa Saber<\/title>\n<meta name=\"description\" content=\"Aqui est\u00e3o algumas dicas para se aclimatar \u00e0 altitude de Cusco, informa\u00e7\u00f5es sobre o mal de altitude e atividades recomendadas.\" \/>\n<meta name=\"robots\" content=\"index, follow, max-snippet:-1, max-image-preview:large, max-video-preview:-1\" \/>\n<link rel=\"canonical\" href=\"https:\/\/www.salkantaytrilha.com\/blog\/aclimatacao-em-cusco-tudo-o-que-voce-precisa-saber\/\" \/>\n<meta property=\"og:locale\" content=\"pt_BR\" \/>\n<meta property=\"og:type\" content=\"article\" \/>\n<meta property=\"og:title\" content=\"Aclimata\u00e7\u00e3o em Cusco: Tudo o que Voc\u00ea Precisa Saber\" \/>\n<meta property=\"og:description\" content=\"Aqui est\u00e3o algumas dicas para se aclimatar \u00e0 altitude de Cusco, informa\u00e7\u00f5es sobre o mal de altitude e atividades recomendadas.\" \/>\n<meta property=\"og:url\" content=\"https:\/\/www.salkantaytrilha.com\/blog\/aclimatacao-em-cusco-tudo-o-que-voce-precisa-saber\/\" \/>\n<meta property=\"og:site_name\" content=\"informa\u00e7\u00f5es de viagens\" \/>\n<meta property=\"article:publisher\" content=\"https:\/\/www.facebook.com\/SalkantayTrekking\/\" \/>\n<meta property=\"article:published_time\" content=\"2026-03-05T20:19:01+00:00\" \/>\n<meta property=\"article:modified_time\" content=\"2026-03-05T20:44:21+00:00\" \/>\n<meta property=\"og:image\" content=\"https:\/\/www.salkantaytrilha.com\/blog\/wp-content\/uploads\/2026\/03\/aclimatizacion-cusco.jpg\" \/>\n\t<meta property=\"og:image:width\" content=\"1873\" \/>\n\t<meta property=\"og:image:height\" content=\"1249\" \/>\n\t<meta property=\"og:image:type\" content=\"image\/jpeg\" \/>\n<meta name=\"author\" content=\"Jhon Cristopher Mora\" \/>\n<meta name=\"twitter:card\" content=\"summary_large_image\" \/>\n<meta name=\"twitter:creator\" content=\"@salkantayperu\" \/>\n<meta name=\"twitter:site\" content=\"@salkantayperu\" \/>\n<meta name=\"twitter:label1\" content=\"Escrito por\" \/>\n\t<meta name=\"twitter:data1\" content=\"Jhon Cristopher Mora\" \/>\n\t<meta name=\"twitter:label2\" content=\"Est. tempo de leitura\" \/>\n\t<meta name=\"twitter:data2\" content=\"22 minutos\" \/>\n<script type=\"application\/ld+json\" class=\"yoast-schema-graph\">{\"@context\":\"https:\\\/\\\/schema.org\",\"@graph\":[{\"@type\":\"Article\",\"@id\":\"https:\\\/\\\/www.salkantaytrilha.com\\\/blog\\\/aclimatacao-em-cusco-tudo-o-que-voce-precisa-saber\\\/#article\",\"isPartOf\":{\"@id\":\"https:\\\/\\\/www.salkantaytrilha.com\\\/blog\\\/aclimatacao-em-cusco-tudo-o-que-voce-precisa-saber\\\/\"},\"author\":{\"name\":\"Jhon Cristopher Mora\",\"@id\":\"https:\\\/\\\/www.salkantaytrilha.com\\\/blog\\\/#\\\/schema\\\/person\\\/85b6857170a58590492968719291ce62\"},\"headline\":\"Aclimata\u00e7\u00e3o em Cusco: Tudo o que Voc\u00ea Precisa Saber\",\"datePublished\":\"2026-03-05T20:19:01+00:00\",\"dateModified\":\"2026-03-05T20:44:21+00:00\",\"mainEntityOfPage\":{\"@id\":\"https:\\\/\\\/www.salkantaytrilha.com\\\/blog\\\/aclimatacao-em-cusco-tudo-o-que-voce-precisa-saber\\\/\"},\"wordCount\":3872,\"commentCount\":0,\"publisher\":{\"@id\":\"https:\\\/\\\/www.salkantaytrilha.com\\\/blog\\\/#organization\"},\"image\":{\"@id\":\"https:\\\/\\\/www.salkantaytrilha.com\\\/blog\\\/aclimatacao-em-cusco-tudo-o-que-voce-precisa-saber\\\/#primaryimage\"},\"thumbnailUrl\":\"https:\\\/\\\/www.salkantaytrilha.com\\\/blog\\\/wp-content\\\/uploads\\\/2026\\\/03\\\/aclimatizacion-cusco.jpg\",\"keywords\":[\"Aclimata\u00e7\u00e3o em Cusco\",\"Atividades Recomendadas\",\"Como posso me aclimatar\",\"Mal de altitude\"],\"articleSection\":[\"Aclimata\u00e7\u00e3o\",\"Cusco\"],\"inLanguage\":\"pt-BR\",\"potentialAction\":[{\"@type\":\"CommentAction\",\"name\":\"Comment\",\"target\":[\"https:\\\/\\\/www.salkantaytrilha.com\\\/blog\\\/aclimatacao-em-cusco-tudo-o-que-voce-precisa-saber\\\/#respond\"]}],\"accessibilityFeature\":[\"tableOfContents\"]},{\"@type\":[\"WebPage\",\"FAQPage\"],\"@id\":\"https:\\\/\\\/www.salkantaytrilha.com\\\/blog\\\/aclimatacao-em-cusco-tudo-o-que-voce-precisa-saber\\\/\",\"url\":\"https:\\\/\\\/www.salkantaytrilha.com\\\/blog\\\/aclimatacao-em-cusco-tudo-o-que-voce-precisa-saber\\\/\",\"name\":\"Aclimata\u00e7\u00e3o em Cusco: Tudo o que Voc\u00ea Precisa Saber\",\"isPartOf\":{\"@id\":\"https:\\\/\\\/www.salkantaytrilha.com\\\/blog\\\/#website\"},\"primaryImageOfPage\":{\"@id\":\"https:\\\/\\\/www.salkantaytrilha.com\\\/blog\\\/aclimatacao-em-cusco-tudo-o-que-voce-precisa-saber\\\/#primaryimage\"},\"image\":{\"@id\":\"https:\\\/\\\/www.salkantaytrilha.com\\\/blog\\\/aclimatacao-em-cusco-tudo-o-que-voce-precisa-saber\\\/#primaryimage\"},\"thumbnailUrl\":\"https:\\\/\\\/www.salkantaytrilha.com\\\/blog\\\/wp-content\\\/uploads\\\/2026\\\/03\\\/aclimatizacion-cusco.jpg\",\"datePublished\":\"2026-03-05T20:19:01+00:00\",\"dateModified\":\"2026-03-05T20:44:21+00:00\",\"description\":\"Aqui est\u00e3o algumas dicas para se aclimatar \u00e0 altitude de Cusco, informa\u00e7\u00f5es sobre o mal de altitude e atividades recomendadas.\",\"breadcrumb\":{\"@id\":\"https:\\\/\\\/www.salkantaytrilha.com\\\/blog\\\/aclimatacao-em-cusco-tudo-o-que-voce-precisa-saber\\\/#breadcrumb\"},\"mainEntity\":[{\"@id\":\"https:\\\/\\\/www.salkantaytrilha.com\\\/blog\\\/aclimatacao-em-cusco-tudo-o-que-voce-precisa-saber\\\/#faq-question-1772741036126\"},{\"@id\":\"https:\\\/\\\/www.salkantaytrilha.com\\\/blog\\\/aclimatacao-em-cusco-tudo-o-que-voce-precisa-saber\\\/#faq-question-1772741063215\"},{\"@id\":\"https:\\\/\\\/www.salkantaytrilha.com\\\/blog\\\/aclimatacao-em-cusco-tudo-o-que-voce-precisa-saber\\\/#faq-question-1772741087692\"},{\"@id\":\"https:\\\/\\\/www.salkantaytrilha.com\\\/blog\\\/aclimatacao-em-cusco-tudo-o-que-voce-precisa-saber\\\/#faq-question-1772741173349\"},{\"@id\":\"https:\\\/\\\/www.salkantaytrilha.com\\\/blog\\\/aclimatacao-em-cusco-tudo-o-que-voce-precisa-saber\\\/#faq-question-1772741259776\"},{\"@id\":\"https:\\\/\\\/www.salkantaytrilha.com\\\/blog\\\/aclimatacao-em-cusco-tudo-o-que-voce-precisa-saber\\\/#faq-question-1772741346741\"}],\"inLanguage\":\"pt-BR\",\"potentialAction\":[{\"@type\":\"ReadAction\",\"target\":[\"https:\\\/\\\/www.salkantaytrilha.com\\\/blog\\\/aclimatacao-em-cusco-tudo-o-que-voce-precisa-saber\\\/\"]}]},{\"@type\":\"ImageObject\",\"inLanguage\":\"pt-BR\",\"@id\":\"https:\\\/\\\/www.salkantaytrilha.com\\\/blog\\\/aclimatacao-em-cusco-tudo-o-que-voce-precisa-saber\\\/#primaryimage\",\"url\":\"https:\\\/\\\/www.salkantaytrilha.com\\\/blog\\\/wp-content\\\/uploads\\\/2026\\\/03\\\/aclimatizacion-cusco.jpg\",\"contentUrl\":\"https:\\\/\\\/www.salkantaytrilha.com\\\/blog\\\/wp-content\\\/uploads\\\/2026\\\/03\\\/aclimatizacion-cusco.jpg\",\"width\":1873,\"height\":1249,\"caption\":\"Aclimata\u00e7\u00e3o em Cusco\"},{\"@type\":\"BreadcrumbList\",\"@id\":\"https:\\\/\\\/www.salkantaytrilha.com\\\/blog\\\/aclimatacao-em-cusco-tudo-o-que-voce-precisa-saber\\\/#breadcrumb\",\"itemListElement\":[{\"@type\":\"ListItem\",\"position\":1,\"name\":\"In\u00edcio\",\"item\":\"https:\\\/\\\/www.salkantaytrilha.com\\\/blog\\\/\"},{\"@type\":\"ListItem\",\"position\":2,\"name\":\"Aclimata\u00e7\u00e3o em Cusco: Tudo o que Voc\u00ea Precisa Saber\"}]},{\"@type\":\"WebSite\",\"@id\":\"https:\\\/\\\/www.salkantaytrilha.com\\\/blog\\\/#website\",\"url\":\"https:\\\/\\\/www.salkantaytrilha.com\\\/blog\\\/\",\"name\":\"informa\u00e7\u00f5es de viagens a Machu Picchu\",\"description\":\"\",\"publisher\":{\"@id\":\"https:\\\/\\\/www.salkantaytrilha.com\\\/blog\\\/#organization\"},\"potentialAction\":[{\"@type\":\"SearchAction\",\"target\":{\"@type\":\"EntryPoint\",\"urlTemplate\":\"https:\\\/\\\/www.salkantaytrilha.com\\\/blog\\\/?s={search_term_string}\"},\"query-input\":{\"@type\":\"PropertyValueSpecification\",\"valueRequired\":true,\"valueName\":\"search_term_string\"}}],\"inLanguage\":\"pt-BR\"},{\"@type\":\"Organization\",\"@id\":\"https:\\\/\\\/www.salkantaytrilha.com\\\/blog\\\/#organization\",\"name\":\"informa\u00e7\u00f5es de viagens a Machu Picchu\",\"url\":\"https:\\\/\\\/www.salkantaytrilha.com\\\/blog\\\/\",\"logo\":{\"@type\":\"ImageObject\",\"inLanguage\":\"pt-BR\",\"@id\":\"https:\\\/\\\/www.salkantaytrilha.com\\\/blog\\\/#\\\/schema\\\/logo\\\/image\\\/\",\"url\":\"https:\\\/\\\/www.salkantaytrilha.com\\\/blog\\\/wp-content\\\/uploads\\\/2024\\\/05\\\/salkantaytrekking-new-300x128-1.png\",\"contentUrl\":\"https:\\\/\\\/www.salkantaytrilha.com\\\/blog\\\/wp-content\\\/uploads\\\/2024\\\/05\\\/salkantaytrekking-new-300x128-1.png\",\"width\":300,\"height\":128,\"caption\":\"informa\u00e7\u00f5es de viagens a Machu Picchu\"},\"image\":{\"@id\":\"https:\\\/\\\/www.salkantaytrilha.com\\\/blog\\\/#\\\/schema\\\/logo\\\/image\\\/\"},\"sameAs\":[\"https:\\\/\\\/www.facebook.com\\\/SalkantayTrekking\\\/\",\"https:\\\/\\\/x.com\\\/salkantayperu\",\"https:\\\/\\\/www.pinterest.com\\\/salkantaytrekking\\\/\",\"https:\\\/\\\/www.instagram.com\\\/salkantaytrekking\\\/\",\"https:\\\/\\\/www.youtube.com\\\/user\\\/salkantaytrekking\",\"https:\\\/\\\/www.tiktok.com\\\/@salkantaytrekking\"]},{\"@type\":\"Person\",\"@id\":\"https:\\\/\\\/www.salkantaytrilha.com\\\/blog\\\/#\\\/schema\\\/person\\\/85b6857170a58590492968719291ce62\",\"name\":\"Jhon Cristopher Mora\",\"image\":{\"@type\":\"ImageObject\",\"inLanguage\":\"pt-BR\",\"@id\":\"https:\\\/\\\/secure.gravatar.com\\\/avatar\\\/5f4f8501fe9a8745effabb2d2a13a401841bd0659633e1b04db13c068451597d?s=96&d=mm&r=g\",\"url\":\"https:\\\/\\\/secure.gravatar.com\\\/avatar\\\/5f4f8501fe9a8745effabb2d2a13a401841bd0659633e1b04db13c068451597d?s=96&d=mm&r=g\",\"contentUrl\":\"https:\\\/\\\/secure.gravatar.com\\\/avatar\\\/5f4f8501fe9a8745effabb2d2a13a401841bd0659633e1b04db13c068451597d?s=96&d=mm&r=g\",\"caption\":\"Jhon Cristopher Mora\"},\"sameAs\":[\"https:\\\/\\\/www.salkantaytrilha.com\\\/blog\\\/\"]},{\"@type\":\"Question\",\"@id\":\"https:\\\/\\\/www.salkantaytrilha.com\\\/blog\\\/aclimatacao-em-cusco-tudo-o-que-voce-precisa-saber\\\/#faq-question-1772741036126\",\"position\":1,\"url\":\"https:\\\/\\\/www.salkantaytrilha.com\\\/blog\\\/aclimatacao-em-cusco-tudo-o-que-voce-precisa-saber\\\/#faq-question-1772741036126\",\"name\":\"Quantos dias s\u00e3o necess\u00e1rios para se adaptar?\",\"answerCount\":1,\"acceptedAnswer\":{\"@type\":\"Answer\",\"text\":\"Recomenda-se 2 dias para adapta\u00e7\u00e3o b\u00e1sica. Se voc\u00ea pretende realizar trilhas como Salkantay ou o Caminho Inca, o ideal s\u00e3o 3 dias ou mais.<br>Esse per\u00edodo permite que o corpo se ajuste progressivamente, reduzindo de forma significativa o risco de soroche.\",\"inLanguage\":\"pt-BR\"},\"inLanguage\":\"pt-BR\"},{\"@type\":\"Question\",\"@id\":\"https:\\\/\\\/www.salkantaytrilha.com\\\/blog\\\/aclimatacao-em-cusco-tudo-o-que-voce-precisa-saber\\\/#faq-question-1772741063215\",\"position\":2,\"url\":\"https:\\\/\\\/www.salkantaytrilha.com\\\/blog\\\/aclimatacao-em-cusco-tudo-o-que-voce-precisa-saber\\\/#faq-question-1772741063215\",\"name\":\"Qual \u00e9 a altitude de Cusco?\",\"answerCount\":1,\"acceptedAnswer\":{\"@type\":\"Answer\",\"text\":\"Cusco est\u00e1 localizada a 3.400 metros acima do n\u00edvel do mar (11.155 p\u00e9s). Essa eleva\u00e7\u00e3o \u00e9 suficiente para provocar altera\u00e7\u00f5es fisiol\u00f3gicas, especialmente em pessoas que chegam de cidades ao n\u00edvel do mar.\",\"inLanguage\":\"pt-BR\"},\"inLanguage\":\"pt-BR\"},{\"@type\":\"Question\",\"@id\":\"https:\\\/\\\/www.salkantaytrilha.com\\\/blog\\\/aclimatacao-em-cusco-tudo-o-que-voce-precisa-saber\\\/#faq-question-1772741087692\",\"position\":3,\"url\":\"https:\\\/\\\/www.salkantaytrilha.com\\\/blog\\\/aclimatacao-em-cusco-tudo-o-que-voce-precisa-saber\\\/#faq-question-1772741087692\",\"name\":\"A altitude em Cusco \u00e9 perigosa?\",\"answerCount\":1,\"acceptedAnswer\":{\"@type\":\"Answer\",\"text\":\"o, desde que as precau\u00e7\u00f5es adequadas sejam tomadas. A maioria dos viajantes se adapta sem complica\u00e7\u00f5es seguindo recomenda\u00e7\u00f5es b\u00e1sicas: descansar nos primeiros dias, manter-se hidratado, evitar esfor\u00e7os intensos e dormir adequadamente. <br>Casos graves s\u00e3o raros nessa altitude, mas podem ocorrer se sintomas importantes forem ignorados.\",\"inLanguage\":\"pt-BR\"},\"inLanguage\":\"pt-BR\"},{\"@type\":\"Question\",\"@id\":\"https:\\\/\\\/www.salkantaytrilha.com\\\/blog\\\/aclimatacao-em-cusco-tudo-o-que-voce-precisa-saber\\\/#faq-question-1772741173349\",\"position\":4,\"url\":\"https:\\\/\\\/www.salkantaytrilha.com\\\/blog\\\/aclimatacao-em-cusco-tudo-o-que-voce-precisa-saber\\\/#faq-question-1772741173349\",\"name\":\"Todas as pessoas sofrem mal da altitude?\",\"answerCount\":1,\"acceptedAnswer\":{\"@type\":\"Answer\",\"text\":\"N\u00e3o. Alguns viajantes apresentam apenas fadiga leve ou dor de cabe\u00e7a. Outros n\u00e3o sentem sintomas.<br>Fatores que influenciam: velocidade de ascens\u00e3o, hidrata\u00e7\u00e3o, descanso e predisposi\u00e7\u00e3o gen\u00e9tica<br>N\u00e3o depende exclusivamente da idade ou condi\u00e7\u00e3o f\u00edsica.\",\"inLanguage\":\"pt-BR\"},\"inLanguage\":\"pt-BR\"},{\"@type\":\"Question\",\"@id\":\"https:\\\/\\\/www.salkantaytrilha.com\\\/blog\\\/aclimatacao-em-cusco-tudo-o-que-voce-precisa-saber\\\/#faq-question-1772741259776\",\"position\":5,\"url\":\"https:\\\/\\\/www.salkantaytrilha.com\\\/blog\\\/aclimatacao-em-cusco-tudo-o-que-voce-precisa-saber\\\/#faq-question-1772741259776\",\"name\":\"O Vale Sagrado \u00e9 melhor para come\u00e7ar?\",\"answerCount\":1,\"acceptedAnswer\":{\"@type\":\"Answer\",\"text\":\"Sim, \u00e9 altamente recomend\u00e1vel come\u00e7ar a aclimata\u00e7\u00e3o pelo Vale Sagrado. Localizado a uma altitude entre 2.600 e 3.000 metros, o Vale Sagrado est\u00e1 abaixo da altitude de Cusco, o que permite uma adapta\u00e7\u00e3o do corpo mais gradual e progressiva.<br>Muitos roteiros estrat\u00e9gicos sugerem: chegar a Cusco, seguir imediatamente para o Vale Sagrado, passar 1 ou 2 noites e retornar \u00e0 cidade j\u00e1 parcialmente adaptado. <br>Isso reduz consideravelmente o risco de mal da altitude.\",\"inLanguage\":\"pt-BR\"},\"inLanguage\":\"pt-BR\"},{\"@type\":\"Question\",\"@id\":\"https:\\\/\\\/www.salkantaytrilha.com\\\/blog\\\/aclimatacao-em-cusco-tudo-o-que-voce-precisa-saber\\\/#faq-question-1772741346741\",\"position\":6,\"url\":\"https:\\\/\\\/www.salkantaytrilha.com\\\/blog\\\/aclimatacao-em-cusco-tudo-o-que-voce-precisa-saber\\\/#faq-question-1772741346741\",\"name\":\"Quanto tempo o corpo leva para se adaptar?\",\"answerCount\":1,\"acceptedAnswer\":{\"@type\":\"Answer\",\"text\":\"O corpo come\u00e7a a se adaptar nas primeiras 24 horas, mas a aclimata\u00e7\u00e3o parcial geralmente leva de 2 a 3 dias em altitudes como a de Cusco.<br>A adapta\u00e7\u00e3o completa pode levar mais tempo, dependendo da pessoa e do n\u00edvel de altitude atingido.\",\"inLanguage\":\"pt-BR\"},\"inLanguage\":\"pt-BR\"}]}<\/script>\n<!-- \/ Yoast SEO Premium plugin. -->","yoast_head_json":{"title":"Aclimata\u00e7\u00e3o em Cusco: Tudo o que Voc\u00ea Precisa Saber","description":"Aqui est\u00e3o algumas dicas para se aclimatar \u00e0 altitude de Cusco, informa\u00e7\u00f5es sobre o mal de altitude e atividades recomendadas.","robots":{"index":"index","follow":"follow","max-snippet":"max-snippet:-1","max-image-preview":"max-image-preview:large","max-video-preview":"max-video-preview:-1"},"canonical":"https:\/\/www.salkantaytrilha.com\/blog\/aclimatacao-em-cusco-tudo-o-que-voce-precisa-saber\/","og_locale":"pt_BR","og_type":"article","og_title":"Aclimata\u00e7\u00e3o em Cusco: Tudo o que Voc\u00ea Precisa Saber","og_description":"Aqui est\u00e3o algumas dicas para se aclimatar \u00e0 altitude de Cusco, informa\u00e7\u00f5es sobre o mal de altitude e atividades recomendadas.","og_url":"https:\/\/www.salkantaytrilha.com\/blog\/aclimatacao-em-cusco-tudo-o-que-voce-precisa-saber\/","og_site_name":"informa\u00e7\u00f5es de viagens","article_publisher":"https:\/\/www.facebook.com\/SalkantayTrekking\/","article_published_time":"2026-03-05T20:19:01+00:00","article_modified_time":"2026-03-05T20:44:21+00:00","og_image":[{"width":1873,"height":1249,"url":"https:\/\/www.salkantaytrilha.com\/blog\/wp-content\/uploads\/2026\/03\/aclimatizacion-cusco.jpg","type":"image\/jpeg"}],"author":"Jhon Cristopher Mora","twitter_card":"summary_large_image","twitter_creator":"@salkantayperu","twitter_site":"@salkantayperu","twitter_misc":{"Escrito por":"Jhon Cristopher Mora","Est. tempo de leitura":"22 minutos"},"schema":{"@context":"https:\/\/schema.org","@graph":[{"@type":"Article","@id":"https:\/\/www.salkantaytrilha.com\/blog\/aclimatacao-em-cusco-tudo-o-que-voce-precisa-saber\/#article","isPartOf":{"@id":"https:\/\/www.salkantaytrilha.com\/blog\/aclimatacao-em-cusco-tudo-o-que-voce-precisa-saber\/"},"author":{"name":"Jhon Cristopher Mora","@id":"https:\/\/www.salkantaytrilha.com\/blog\/#\/schema\/person\/85b6857170a58590492968719291ce62"},"headline":"Aclimata\u00e7\u00e3o em Cusco: Tudo o que Voc\u00ea Precisa Saber","datePublished":"2026-03-05T20:19:01+00:00","dateModified":"2026-03-05T20:44:21+00:00","mainEntityOfPage":{"@id":"https:\/\/www.salkantaytrilha.com\/blog\/aclimatacao-em-cusco-tudo-o-que-voce-precisa-saber\/"},"wordCount":3872,"commentCount":0,"publisher":{"@id":"https:\/\/www.salkantaytrilha.com\/blog\/#organization"},"image":{"@id":"https:\/\/www.salkantaytrilha.com\/blog\/aclimatacao-em-cusco-tudo-o-que-voce-precisa-saber\/#primaryimage"},"thumbnailUrl":"https:\/\/www.salkantaytrilha.com\/blog\/wp-content\/uploads\/2026\/03\/aclimatizacion-cusco.jpg","keywords":["Aclimata\u00e7\u00e3o em Cusco","Atividades Recomendadas","Como posso me aclimatar","Mal de altitude"],"articleSection":["Aclimata\u00e7\u00e3o","Cusco"],"inLanguage":"pt-BR","potentialAction":[{"@type":"CommentAction","name":"Comment","target":["https:\/\/www.salkantaytrilha.com\/blog\/aclimatacao-em-cusco-tudo-o-que-voce-precisa-saber\/#respond"]}],"accessibilityFeature":["tableOfContents"]},{"@type":["WebPage","FAQPage"],"@id":"https:\/\/www.salkantaytrilha.com\/blog\/aclimatacao-em-cusco-tudo-o-que-voce-precisa-saber\/","url":"https:\/\/www.salkantaytrilha.com\/blog\/aclimatacao-em-cusco-tudo-o-que-voce-precisa-saber\/","name":"Aclimata\u00e7\u00e3o em Cusco: Tudo o que Voc\u00ea Precisa Saber","isPartOf":{"@id":"https:\/\/www.salkantaytrilha.com\/blog\/#website"},"primaryImageOfPage":{"@id":"https:\/\/www.salkantaytrilha.com\/blog\/aclimatacao-em-cusco-tudo-o-que-voce-precisa-saber\/#primaryimage"},"image":{"@id":"https:\/\/www.salkantaytrilha.com\/blog\/aclimatacao-em-cusco-tudo-o-que-voce-precisa-saber\/#primaryimage"},"thumbnailUrl":"https:\/\/www.salkantaytrilha.com\/blog\/wp-content\/uploads\/2026\/03\/aclimatizacion-cusco.jpg","datePublished":"2026-03-05T20:19:01+00:00","dateModified":"2026-03-05T20:44:21+00:00","description":"Aqui est\u00e3o algumas dicas para se aclimatar \u00e0 altitude de Cusco, informa\u00e7\u00f5es sobre o mal de altitude e atividades recomendadas.","breadcrumb":{"@id":"https:\/\/www.salkantaytrilha.com\/blog\/aclimatacao-em-cusco-tudo-o-que-voce-precisa-saber\/#breadcrumb"},"mainEntity":[{"@id":"https:\/\/www.salkantaytrilha.com\/blog\/aclimatacao-em-cusco-tudo-o-que-voce-precisa-saber\/#faq-question-1772741036126"},{"@id":"https:\/\/www.salkantaytrilha.com\/blog\/aclimatacao-em-cusco-tudo-o-que-voce-precisa-saber\/#faq-question-1772741063215"},{"@id":"https:\/\/www.salkantaytrilha.com\/blog\/aclimatacao-em-cusco-tudo-o-que-voce-precisa-saber\/#faq-question-1772741087692"},{"@id":"https:\/\/www.salkantaytrilha.com\/blog\/aclimatacao-em-cusco-tudo-o-que-voce-precisa-saber\/#faq-question-1772741173349"},{"@id":"https:\/\/www.salkantaytrilha.com\/blog\/aclimatacao-em-cusco-tudo-o-que-voce-precisa-saber\/#faq-question-1772741259776"},{"@id":"https:\/\/www.salkantaytrilha.com\/blog\/aclimatacao-em-cusco-tudo-o-que-voce-precisa-saber\/#faq-question-1772741346741"}],"inLanguage":"pt-BR","potentialAction":[{"@type":"ReadAction","target":["https:\/\/www.salkantaytrilha.com\/blog\/aclimatacao-em-cusco-tudo-o-que-voce-precisa-saber\/"]}]},{"@type":"ImageObject","inLanguage":"pt-BR","@id":"https:\/\/www.salkantaytrilha.com\/blog\/aclimatacao-em-cusco-tudo-o-que-voce-precisa-saber\/#primaryimage","url":"https:\/\/www.salkantaytrilha.com\/blog\/wp-content\/uploads\/2026\/03\/aclimatizacion-cusco.jpg","contentUrl":"https:\/\/www.salkantaytrilha.com\/blog\/wp-content\/uploads\/2026\/03\/aclimatizacion-cusco.jpg","width":1873,"height":1249,"caption":"Aclimata\u00e7\u00e3o em Cusco"},{"@type":"BreadcrumbList","@id":"https:\/\/www.salkantaytrilha.com\/blog\/aclimatacao-em-cusco-tudo-o-que-voce-precisa-saber\/#breadcrumb","itemListElement":[{"@type":"ListItem","position":1,"name":"In\u00edcio","item":"https:\/\/www.salkantaytrilha.com\/blog\/"},{"@type":"ListItem","position":2,"name":"Aclimata\u00e7\u00e3o em Cusco: Tudo o que Voc\u00ea Precisa Saber"}]},{"@type":"WebSite","@id":"https:\/\/www.salkantaytrilha.com\/blog\/#website","url":"https:\/\/www.salkantaytrilha.com\/blog\/","name":"informa\u00e7\u00f5es de viagens a Machu Picchu","description":"","publisher":{"@id":"https:\/\/www.salkantaytrilha.com\/blog\/#organization"},"potentialAction":[{"@type":"SearchAction","target":{"@type":"EntryPoint","urlTemplate":"https:\/\/www.salkantaytrilha.com\/blog\/?s={search_term_string}"},"query-input":{"@type":"PropertyValueSpecification","valueRequired":true,"valueName":"search_term_string"}}],"inLanguage":"pt-BR"},{"@type":"Organization","@id":"https:\/\/www.salkantaytrilha.com\/blog\/#organization","name":"informa\u00e7\u00f5es de viagens a Machu Picchu","url":"https:\/\/www.salkantaytrilha.com\/blog\/","logo":{"@type":"ImageObject","inLanguage":"pt-BR","@id":"https:\/\/www.salkantaytrilha.com\/blog\/#\/schema\/logo\/image\/","url":"https:\/\/www.salkantaytrilha.com\/blog\/wp-content\/uploads\/2024\/05\/salkantaytrekking-new-300x128-1.png","contentUrl":"https:\/\/www.salkantaytrilha.com\/blog\/wp-content\/uploads\/2024\/05\/salkantaytrekking-new-300x128-1.png","width":300,"height":128,"caption":"informa\u00e7\u00f5es de viagens a Machu Picchu"},"image":{"@id":"https:\/\/www.salkantaytrilha.com\/blog\/#\/schema\/logo\/image\/"},"sameAs":["https:\/\/www.facebook.com\/SalkantayTrekking\/","https:\/\/x.com\/salkantayperu","https:\/\/www.pinterest.com\/salkantaytrekking\/","https:\/\/www.instagram.com\/salkantaytrekking\/","https:\/\/www.youtube.com\/user\/salkantaytrekking","https:\/\/www.tiktok.com\/@salkantaytrekking"]},{"@type":"Person","@id":"https:\/\/www.salkantaytrilha.com\/blog\/#\/schema\/person\/85b6857170a58590492968719291ce62","name":"Jhon Cristopher Mora","image":{"@type":"ImageObject","inLanguage":"pt-BR","@id":"https:\/\/secure.gravatar.com\/avatar\/5f4f8501fe9a8745effabb2d2a13a401841bd0659633e1b04db13c068451597d?s=96&d=mm&r=g","url":"https:\/\/secure.gravatar.com\/avatar\/5f4f8501fe9a8745effabb2d2a13a401841bd0659633e1b04db13c068451597d?s=96&d=mm&r=g","contentUrl":"https:\/\/secure.gravatar.com\/avatar\/5f4f8501fe9a8745effabb2d2a13a401841bd0659633e1b04db13c068451597d?s=96&d=mm&r=g","caption":"Jhon Cristopher Mora"},"sameAs":["https:\/\/www.salkantaytrilha.com\/blog\/"]},{"@type":"Question","@id":"https:\/\/www.salkantaytrilha.com\/blog\/aclimatacao-em-cusco-tudo-o-que-voce-precisa-saber\/#faq-question-1772741036126","position":1,"url":"https:\/\/www.salkantaytrilha.com\/blog\/aclimatacao-em-cusco-tudo-o-que-voce-precisa-saber\/#faq-question-1772741036126","name":"Quantos dias s\u00e3o necess\u00e1rios para se adaptar?","answerCount":1,"acceptedAnswer":{"@type":"Answer","text":"Recomenda-se 2 dias para adapta\u00e7\u00e3o b\u00e1sica. Se voc\u00ea pretende realizar trilhas como Salkantay ou o Caminho Inca, o ideal s\u00e3o 3 dias ou mais.<br>Esse per\u00edodo permite que o corpo se ajuste progressivamente, reduzindo de forma significativa o risco de soroche.","inLanguage":"pt-BR"},"inLanguage":"pt-BR"},{"@type":"Question","@id":"https:\/\/www.salkantaytrilha.com\/blog\/aclimatacao-em-cusco-tudo-o-que-voce-precisa-saber\/#faq-question-1772741063215","position":2,"url":"https:\/\/www.salkantaytrilha.com\/blog\/aclimatacao-em-cusco-tudo-o-que-voce-precisa-saber\/#faq-question-1772741063215","name":"Qual \u00e9 a altitude de Cusco?","answerCount":1,"acceptedAnswer":{"@type":"Answer","text":"Cusco est\u00e1 localizada a 3.400 metros acima do n\u00edvel do mar (11.155 p\u00e9s). Essa eleva\u00e7\u00e3o \u00e9 suficiente para provocar altera\u00e7\u00f5es fisiol\u00f3gicas, especialmente em pessoas que chegam de cidades ao n\u00edvel do mar.","inLanguage":"pt-BR"},"inLanguage":"pt-BR"},{"@type":"Question","@id":"https:\/\/www.salkantaytrilha.com\/blog\/aclimatacao-em-cusco-tudo-o-que-voce-precisa-saber\/#faq-question-1772741087692","position":3,"url":"https:\/\/www.salkantaytrilha.com\/blog\/aclimatacao-em-cusco-tudo-o-que-voce-precisa-saber\/#faq-question-1772741087692","name":"A altitude em Cusco \u00e9 perigosa?","answerCount":1,"acceptedAnswer":{"@type":"Answer","text":"o, desde que as precau\u00e7\u00f5es adequadas sejam tomadas. A maioria dos viajantes se adapta sem complica\u00e7\u00f5es seguindo recomenda\u00e7\u00f5es b\u00e1sicas: descansar nos primeiros dias, manter-se hidratado, evitar esfor\u00e7os intensos e dormir adequadamente. <br>Casos graves s\u00e3o raros nessa altitude, mas podem ocorrer se sintomas importantes forem ignorados.","inLanguage":"pt-BR"},"inLanguage":"pt-BR"},{"@type":"Question","@id":"https:\/\/www.salkantaytrilha.com\/blog\/aclimatacao-em-cusco-tudo-o-que-voce-precisa-saber\/#faq-question-1772741173349","position":4,"url":"https:\/\/www.salkantaytrilha.com\/blog\/aclimatacao-em-cusco-tudo-o-que-voce-precisa-saber\/#faq-question-1772741173349","name":"Todas as pessoas sofrem mal da altitude?","answerCount":1,"acceptedAnswer":{"@type":"Answer","text":"N\u00e3o. Alguns viajantes apresentam apenas fadiga leve ou dor de cabe\u00e7a. Outros n\u00e3o sentem sintomas.<br>Fatores que influenciam: velocidade de ascens\u00e3o, hidrata\u00e7\u00e3o, descanso e predisposi\u00e7\u00e3o gen\u00e9tica<br>N\u00e3o depende exclusivamente da idade ou condi\u00e7\u00e3o f\u00edsica.","inLanguage":"pt-BR"},"inLanguage":"pt-BR"},{"@type":"Question","@id":"https:\/\/www.salkantaytrilha.com\/blog\/aclimatacao-em-cusco-tudo-o-que-voce-precisa-saber\/#faq-question-1772741259776","position":5,"url":"https:\/\/www.salkantaytrilha.com\/blog\/aclimatacao-em-cusco-tudo-o-que-voce-precisa-saber\/#faq-question-1772741259776","name":"O Vale Sagrado \u00e9 melhor para come\u00e7ar?","answerCount":1,"acceptedAnswer":{"@type":"Answer","text":"Sim, \u00e9 altamente recomend\u00e1vel come\u00e7ar a aclimata\u00e7\u00e3o pelo Vale Sagrado. Localizado a uma altitude entre 2.600 e 3.000 metros, o Vale Sagrado est\u00e1 abaixo da altitude de Cusco, o que permite uma adapta\u00e7\u00e3o do corpo mais gradual e progressiva.<br>Muitos roteiros estrat\u00e9gicos sugerem: chegar a Cusco, seguir imediatamente para o Vale Sagrado, passar 1 ou 2 noites e retornar \u00e0 cidade j\u00e1 parcialmente adaptado. <br>Isso reduz consideravelmente o risco de mal da altitude.","inLanguage":"pt-BR"},"inLanguage":"pt-BR"},{"@type":"Question","@id":"https:\/\/www.salkantaytrilha.com\/blog\/aclimatacao-em-cusco-tudo-o-que-voce-precisa-saber\/#faq-question-1772741346741","position":6,"url":"https:\/\/www.salkantaytrilha.com\/blog\/aclimatacao-em-cusco-tudo-o-que-voce-precisa-saber\/#faq-question-1772741346741","name":"Quanto tempo o corpo leva para se adaptar?","answerCount":1,"acceptedAnswer":{"@type":"Answer","text":"O corpo come\u00e7a a se adaptar nas primeiras 24 horas, mas a aclimata\u00e7\u00e3o parcial geralmente leva de 2 a 3 dias em altitudes como a de Cusco.<br>A adapta\u00e7\u00e3o completa pode levar mais tempo, dependendo da pessoa e do n\u00edvel de altitude atingido.","inLanguage":"pt-BR"},"inLanguage":"pt-BR"}]}},"_links":{"self":[{"href":"https:\/\/www.salkantaytrilha.com\/blog\/wp-json\/wp\/v2\/posts\/550","targetHints":{"allow":["GET"]}}],"collection":[{"href":"https:\/\/www.salkantaytrilha.com\/blog\/wp-json\/wp\/v2\/posts"}],"about":[{"href":"https:\/\/www.salkantaytrilha.com\/blog\/wp-json\/wp\/v2\/types\/post"}],"author":[{"embeddable":true,"href":"https:\/\/www.salkantaytrilha.com\/blog\/wp-json\/wp\/v2\/users\/5"}],"replies":[{"embeddable":true,"href":"https:\/\/www.salkantaytrilha.com\/blog\/wp-json\/wp\/v2\/comments?post=550"}],"version-history":[{"count":8,"href":"https:\/\/www.salkantaytrilha.com\/blog\/wp-json\/wp\/v2\/posts\/550\/revisions"}],"predecessor-version":[{"id":5599,"href":"https:\/\/www.salkantaytrilha.com\/blog\/wp-json\/wp\/v2\/posts\/550\/revisions\/5599"}],"wp:featuredmedia":[{"embeddable":true,"href":"https:\/\/www.salkantaytrilha.com\/blog\/wp-json\/wp\/v2\/media\/5598"}],"wp:attachment":[{"href":"https:\/\/www.salkantaytrilha.com\/blog\/wp-json\/wp\/v2\/media?parent=550"}],"wp:term":[{"taxonomy":"category","embeddable":true,"href":"https:\/\/www.salkantaytrilha.com\/blog\/wp-json\/wp\/v2\/categories?post=550"},{"taxonomy":"post_tag","embeddable":true,"href":"https:\/\/www.salkantaytrilha.com\/blog\/wp-json\/wp\/v2\/tags?post=550"}],"curies":[{"name":"wp","href":"https:\/\/api.w.org\/{rel}","templated":true}]}}