{"id":57,"date":"2026-04-13T21:06:10","date_gmt":"2026-04-14T00:06:10","guid":{"rendered":"https:\/\/www.salkantaytrilha.com\/blog\/?p=57"},"modified":"2026-04-16T17:38:41","modified_gmt":"2026-04-16T20:38:41","slug":"inti-raymi-a-festa-do-sol","status":"publish","type":"post","link":"https:\/\/www.salkantaytrilha.com\/blog\/inti-raymi-a-festa-do-sol\/","title":{"rendered":"Inti Raymi Peru 2026: a Festa do Sol em Cusco"},"content":{"rendered":"\n<p>Se voc\u00ea est\u00e1 planejando viajar para Cusco em junho, o Inti Raymi Peru \u00e9 uma das experi\u00eancias culturais mais impressionantes que voc\u00ea pode viver. Essa tradi\u00e7\u00e3o ancestral, conhecida como a Festa do Sol, re\u00fane hist\u00f3ria, cultura e espet\u00e1culo em uma celebra\u00e7\u00e3o \u00fanica que atrai milhares de viajantes todos os anos.<\/p>\n\n\n\n<p>Mais do que uma atividade tur\u00edstica, o Inti Raymi \u00e9 uma conex\u00e3o direta com o legado do Imp\u00e9rio Inca. Por meio de rituais, m\u00fasica e dan\u00e7as tradicionais, a cerim\u00f4nia recria um dos eventos mais importantes da civiliza\u00e7\u00e3o andina, proporcionando uma experi\u00eancia verdadeiramente inesquec\u00edvel.<\/p>\n\n\n\n<div class=\"wp-block-yoast-seo-table-of-contents yoast-table-of-contents anchor-links\"><h2>Tabela de conte\u00fados<\/h2><ul><li><a href=\"#h-o-que-e-o-inti-raymi\" data-level=\"2\">O que \u00e9 o Inti Raymi?<\/a><\/li><li><a href=\"#h-historia-do-inti-raymi-no-imperio-inca\" data-level=\"2\">Hist\u00f3ria do Inti Raymi no Imp\u00e9rio Inca<\/a><ul><li><a href=\"#h-principais-personagens-do-inti-raymi\" data-level=\"3\">Principais personagens do Inti Raymi<\/a><\/li><li><a href=\"#h-o-inicio-do-ritual-do-inti-raymi\" data-level=\"3\">O in\u00edcio do ritual do Inti Raymi<\/a><\/li><li><a href=\"#h-significado-do-inti-raymi-o-culto-ao-sol\" data-level=\"3\">Significado do Inti Raymi: o culto ao Sol<\/a><\/li><\/ul><\/li><li><a href=\"#h-inti-raymi-antes-e-agora\" data-level=\"2\">Inti Raymi: antes e agora<\/a><ul><li><a href=\"#h-a-reconstrucao-moderna-do-inti-raymi\" data-level=\"3\">A reconstru\u00e7\u00e3o moderna do Inti Raymi<\/a><\/li><li><a href=\"#h-o-inti-raymi-na-atualidade\" data-level=\"3\">O Inti Raymi na atualidade<\/a><\/li><li><a href=\"#h-principais-diferencas-entre-o-inti-raymi-inca-e-o-atual\" data-level=\"3\">Principais diferen\u00e7as entre o Inti Raymi inca e o atual<\/a><\/li><li><a href=\"#h-comparacao-completa-do-inti-raymi-antes-e-agora\" data-level=\"3\">Compara\u00e7\u00e3o completa do Inti Raymi: antes e agora<\/a><\/li><li><a href=\"#h-por-que-o-inti-raymi-continua-sendo-importante-hoje\" data-level=\"3\">Por que o Inti Raymi continua sendo importante hoje?<\/a><\/li><\/ul><\/li><li><a href=\"#h-guia-completo-do-inti-raymi-peru-2026\" data-level=\"2\">Guia completo do Inti Raymi Peru 2026<\/a><ul><li><a href=\"#h-cronograma-do-inti-raymi-2026\" data-level=\"3\">Cronograma do Inti Raymi 2026<\/a><\/li><li><a href=\"#h-percurso-do-inti-raymi\" data-level=\"3\">Percurso do Inti Raymi<\/a><\/li><li><a href=\"#h-o-que-acontece-em-cada-cenario-do-inti-raymi\" data-level=\"3\">O que acontece em cada cen\u00e1rio do Inti Raymi?<\/a><\/li><li><a href=\"#h-ingressos-para-o-inti-raymi-2026\" data-level=\"3\">Ingressos para o Inti Raymi 2026<\/a><\/li><\/ul><\/li><li><a href=\"#h-dicas-essenciais-para-aproveitar-o-inti-raymi-2026\" data-level=\"2\">Dicas essenciais para aproveitar o Inti Raymi 2026<\/a><ul><li><a href=\"#h-o-que-vestir-para-o-inti-raymi\" data-level=\"3\">O que vestir para o Inti Raymi<\/a><\/li><li><a href=\"#h-onde-ver-o-inti-raymi\" data-level=\"3\">Onde ver o Inti Raymi?<\/a><\/li><li><a href=\"#h-dica-importante-melhores-hoteis-para-ver-o-inti-raymi\" data-level=\"3\">Dica importante: melhores hot\u00e9is para ver o Inti Raymi<\/a><\/li><li><a href=\"#h-recomendacoes-finais-para-sua-viagem-ao-inti-raymi\" data-level=\"3\">Recomenda\u00e7\u00f5es finais para sua viagem ao Inti Raymi<\/a><\/li><\/ul><\/li><li><a href=\"#h-perguntas-frequentes-sobre-o-inti-raymi\" data-level=\"2\">Perguntas frequentes sobre o Inti Raymi<\/a><\/li><li><a href=\"#h-viva-o-inti-raymi-a-festa-do-sol-em-cusco\" data-level=\"2\">Viva o Inti Raymi: a Festa do Sol em Cusco<\/a><\/li><li><a href=\"#h-voce-tambem-pode-se-interessar-nbsp\" data-level=\"2\">Voc\u00ea tamb\u00e9m pode se interessar:\u00a0<\/a><\/li><\/ul><\/div>\n\n\n\n<h2 class=\"wp-block-heading\" id=\"h-o-que-e-o-inti-raymi\">O que \u00e9 o Inti Raymi?<\/h2>\n\n\n\n<p>O Inti Raymi \u00e9 uma antiga cerim\u00f4nia inca em homenagem a Inti, o deus Sol, celebrada todos os anos no dia 24 de junho em Cusco. Atualmente, trata-se de uma recria\u00e7\u00e3o hist\u00f3rica que revive rituais, dan\u00e7as e tradi\u00e7\u00f5es do Imp\u00e9rio Inca diante de milhares de visitantes de todo o mundo.<\/p>\n\n\n\n<h2 class=\"wp-block-heading\" id=\"h-historia-do-inti-raymi-no-imperio-inca\">Hist\u00f3ria do Inti Raymi no Imp\u00e9rio Inca<\/h2>\n\n\n\n<p>Durante o per\u00edodo do Tahuantinsuyo, o Inti Raymi foi a celebra\u00e7\u00e3o mais sagrada e importante do calend\u00e1rio inca, institu\u00edda pelo imperador Pachac\u00fatec no s\u00e9culo XV. Esse ritual era realizado em homenagem ao sol, Inti, considerado a fonte de vida, energia e equil\u00edbrio do universo, al\u00e9m de marcar o in\u00edcio de um novo ciclo agr\u00edcola. A cerim\u00f4nia acontecia em espa\u00e7os sagrados como o Qorikancha e reunia toda a estrutura social do imp\u00e9rio.<\/p>\n\n\n\n<p>A celebra\u00e7\u00e3o da Festa do Sol podia se estender por v\u00e1rios dias e inclu\u00eda uma s\u00e9rie de rituais, oferendas, dan\u00e7as e sacrif\u00edcios, cujo principal objetivo era garantir a prosperidade e o bem-estar do imp\u00e9rio. Al\u00e9m de sua profunda dimens\u00e3o espiritual, o Inti Raymi tamb\u00e9m desempenhava um papel pol\u00edtico e social essencial, refor\u00e7ando o poder do Inca e a conex\u00e3o entre o Estado, a natureza e o povo.<\/p>\n\n\n\n<p id=\"h-\">O Inti Raymi combinava, portanto, elementos religiosos, pol\u00edticos e culturais. Dentro da complexa estrutura do ritual, diferentes grupos sociais desempenhavam fun\u00e7\u00f5es espec\u00edficas e fundamentais ao longo da celebra\u00e7\u00e3o.<\/p>\n\n\n\n<div class=\"wp-block-columns is-layout-flex wp-container-core-columns-is-layout-9d6595d7 wp-block-columns-is-layout-flex\">\n<div class=\"wp-block-column is-layout-flow wp-block-column-is-layout-flow\"><div class=\"wp-block-image\">\n<figure class=\"aligncenter size-full\"><img loading=\"lazy\" decoding=\"async\" width=\"800\" height=\"1000\" src=\"https:\/\/www.salkantaytrilha.com\/blog\/wp-content\/uploads\/2024\/05\/Qolla-Inti-Raymi.jpg\" alt=\"Qolla em Inti Raymi\" class=\"wp-image-74\"\/><figcaption class=\"wp-element-caption\">Qolla em Inti Raymi<\/figcaption><\/figure>\n<\/div><\/div>\n\n\n\n<div class=\"wp-block-column is-layout-flow wp-block-column-is-layout-flow\"><div class=\"wp-block-image\">\n<figure class=\"aligncenter size-full\"><img loading=\"lazy\" decoding=\"async\" width=\"800\" height=\"1000\" src=\"https:\/\/www.salkantaytrilha.com\/blog\/wp-content\/uploads\/2024\/05\/Dancarinos-Inti-Raymi.jpg\" alt=\"Grupo de pessoas dan\u00e7ando na esplanada de Saqsayhuaman durante o festival Inti Raymi.\" class=\"wp-image-75\"\/><figcaption class=\"wp-element-caption\">Dan\u00e7arinos no Inti Raymi<\/figcaption><\/figure>\n<\/div><\/div>\n<\/div>\n\n\n\n<h3 class=\"wp-block-heading\" id=\"h-principais-personagens-do-inti-raymi\">Principais personagens do Inti Raymi<\/h3>\n\n\n\n<p><strong>Sapa Inca: o \u201cFilho do Sol\u201d<\/strong><\/p>\n\n\n\n<p>O Sapa Inca (do quechua sapa inka, \u201cinca \u00fanico\u201d ou \u201csoberano absoluto\u201d) era a mais alta autoridade pol\u00edtica, religiosa e simb\u00f3lica do Tahuantinsuyo. Considerado descendente direto do deus Inti (Sol), ele presidia todas as cerim\u00f4nias do Inti Raymi.<\/p>\n\n\n\n<p>Durante o ritual, o Sapa Inca liderava as oferendas, conduzia as invoca\u00e7\u00f5es ao Sol e realizava atos simb\u00f3licos como a sauda\u00e7\u00e3o ao amanhecer e o ritual da chicha. Seu papel representava a conex\u00e3o direta entre o mundo terreno e o divino, garantindo a ordem c\u00f3smica e a continuidade do ciclo agr\u00edcola.<\/p>\n\n\n\n<p><strong>Qolla: a rainha e figura sagrada feminina<\/strong><\/p>\n\n\n\n<p>A Qolla (do quechua qoya, \u201crainha\u201d ou \u201cesposa principal\u201d) era a esposa do Sapa Inca e a mulher de maior hierarquia no imp\u00e9rio.<\/p>\n\n\n\n<p>Sua participa\u00e7\u00e3o no Inti Raymi simbolizava a dualidade andina (masculino\u2013feminino) e o equil\u00edbrio do universo. Ela acompanhava o Sapa Inca em cerim\u00f4nias importantes e participava de rituais ligados \u00e0 fertilidade, \u00e0 abund\u00e2ncia e \u00e0 prote\u00e7\u00e3o do povo.<\/p>\n\n\n\n<p><strong>Willac Umu: o sumo sacerdote<\/strong><\/p>\n\n\n\n<p>O Willac Umu (\u201caquele que comunica ou anuncia\u201d) era a mais alta autoridade religiosa do imp\u00e9rio.<\/p>\n\n\n\n<p>Ele era respons\u00e1vel por interpretar a vontade dos deuses, dirigir os sacrif\u00edcios e supervisionar os rituais sagrados. Durante o Inti Raymi, desempenhava um papel central ao conduzir as principais cerim\u00f4nias e garantir que cada ato fosse realizado de acordo com as tradi\u00e7\u00f5es ancestrais.<\/p>\n\n\n\n<p><strong>Acllas: as \u201cVirgens do Sol\u201d<\/strong><\/p>\n\n\n\n<p>As Acllas (do quechua aklla, \u201cescolhida\u201d) eram mulheres selecionadas desde jovens por sua beleza, habilidades ou linhagem para servir ao Estado e \u00e0 religi\u00e3o.<\/p>\n\n\n\n<p>Viviam nos Acllahuasi (\u201ccasa das escolhidas\u201d), institui\u00e7\u00f5es onde se dedicavam a tecer tecidos finos (cumbi), preparar alimentos rituais e manter o fogo sagrado.<\/p>\n\n\n\n<p>Durante o Inti Raymi, sua participa\u00e7\u00e3o era essencial nas oferendas, especialmente na prepara\u00e7\u00e3o da chicha cerimonial, elemento fundamental nos rituais de renova\u00e7\u00e3o, fertilidade e agradecimento ao Sol.<\/p>\n\n\n\n<p><strong>Ayllus: a base da organiza\u00e7\u00e3o social<\/strong><\/p>\n\n\n\n<p>O Ayllu (do quechua ayllu, \u201ccomunidade familiar ou linhagem\u201d) era a unidade b\u00e1sica da sociedade inca, organizada em torno de la\u00e7os de parentesco, territ\u00f3rio e identidade coletiva.<\/p>\n\n\n\n<p>No Inti Raymi, cada ayllu enviava representantes com dan\u00e7as, produtos agr\u00edcolas e oferendas, reafirmando sua rela\u00e7\u00e3o com o Estado e com o deus Inti. Esse ato refletia a coes\u00e3o social e o princ\u00edpio andino de reciprocidade (ayni).<\/p>\n\n\n\n<p><strong>Representantes dos quatro suyos<\/strong><\/p>\n\n\n\n<p>O Tahuantinsuyo (do quechua tawantin suyu, \u201cas quatro regi\u00f5es unidas\u201d) era dividido em:<\/p>\n\n\n\n<ul class=\"wp-block-list\">\n<li>Chinchaysuyo (norte)<\/li>\n\n\n\n<li>Collasuyo (sul)<\/li>\n\n\n\n<li>Antisuyo (leste, regi\u00e3o amaz\u00f4nica)<\/li>\n\n\n\n<li>Contisuyo (oeste)<\/li>\n<\/ul>\n\n\n\n<p>Cada regi\u00e3o enviava delega\u00e7\u00f5es com trajes tradicionais e tributos como tecidos, metais e alimentos. Essa representa\u00e7\u00e3o reafirmava a diversidade cultural do imp\u00e9rio e sua integra\u00e7\u00e3o pol\u00edtica sob a autoridade do Sapa Inca.<\/p>\n\n\n\n<p><strong>Ex\u00e9rcito imperial: s\u00edmbolo de poder e expans\u00e3o<\/strong><\/p>\n\n\n\n<p>O ex\u00e9rcito do Tahuantinsuyo representava a for\u00e7a, disciplina e expans\u00e3o territorial do imp\u00e9rio.<\/p>\n\n\n\n<p>Durante o Inti Raymi, os guerreiros participavam com trajes cerimoniais e armas simb\u00f3licas, destacando a estreita rela\u00e7\u00e3o entre poder militar, autoridade pol\u00edtica e religi\u00e3o. Sua presen\u00e7a refor\u00e7ava a ideia de prote\u00e7\u00e3o divina e ordem imperial.<\/p>\n\n\n\n<p><strong>Outros participantes cerimoniais<\/strong><\/p>\n\n\n\n<p>Al\u00e9m das figuras principais, outros participantes importantes inclu\u00edam:<\/p>\n\n\n\n<ul class=\"wp-block-list\">\n<li><strong>Amautas<\/strong> (do quechua <em>amawta<\/em>, \u201cs\u00e1bio\u201d): fil\u00f3sofos e mestres respons\u00e1veis por transmitir o conhecimento<\/li>\n\n\n\n<li><strong>Haravicus<\/strong> (poetas): respons\u00e1veis pelos cantos e relatos cerimoniais<\/li>\n\n\n\n<li><strong>Yanaconas<\/strong>: servidores do Estado que apoiavam a log\u00edstica da cerim\u00f4nia<\/li>\n<\/ul>\n\n\n\n<p><strong>Uma representa\u00e7\u00e3o da ordem do mundo andino<\/strong><\/p>\n\n\n\n<p>O Inti Raymi n\u00e3o era apenas uma cerim\u00f4nia religiosa, mas uma representa\u00e7\u00e3o completa da organiza\u00e7\u00e3o pol\u00edtica, social e espiritual do Imp\u00e9rio Inca. Cada personagem desempenhava um papel espec\u00edfico que refletia a cosmovis\u00e3o andina, baseada no equil\u00edbrio, na reciprocidade e na conex\u00e3o entre o ser humano, a natureza e o divino.<\/p>\n\n\n\n<div class=\"wp-block-columns is-layout-flex wp-container-core-columns-is-layout-9d6595d7 wp-block-columns-is-layout-flex\">\n<div class=\"wp-block-column is-layout-flow wp-block-column-is-layout-flow\"><div class=\"wp-block-image\">\n<figure class=\"aligncenter size-large\"><img loading=\"lazy\" decoding=\"async\" width=\"1024\" height=\"683\" src=\"https:\/\/www.salkantaytrilha.com\/blog\/wp-content\/uploads\/2024\/05\/Festividade-Inti-Raymi-gerada-IA-1024x683.jpg\" alt=\"Festividade Inti Raymi gerada por IA\" class=\"wp-image-3244\"\/><figcaption class=\"wp-element-caption\">Festividade Inti Raymi gerada por IA<\/figcaption><\/figure>\n<\/div><\/div>\n<\/div>\n\n\n\n<h3 class=\"wp-block-heading\" id=\"h-o-inicio-do-ritual-do-inti-raymi\">O in\u00edcio do ritual do Inti Raymi<\/h3>\n\n\n\n<p>A cerim\u00f4nia come\u00e7ava com a entrada triunfal do Sapa Inca na atual cidade de Cusco, seja na Plaza de Armas (antigamente conhecida como Huacaypata) ou em Sacsayhuam\u00e1n.<\/p>\n\n\n\n<p>O Inca era acompanhado por:<\/p>\n\n\n\n<ul class=\"wp-block-list\">\n<li><strong>Acllas<\/strong>, mulheres que espalhavam flores como s\u00edmbolo de pureza<\/li>\n\n\n\n<li><strong>Pichaq<\/strong>, homens respons\u00e1veis por purificar espiritualmente o espa\u00e7o<\/li>\n\n\n\n<li><strong>O Kumillo<\/strong>, que carregava a <strong>Achiwa<\/strong>, uma sombrinha cerimonial feita de plumas<\/li>\n<\/ul>\n\n\n\n<p>Essa entrada marcava o in\u00edcio de uma das cerim\u00f4nias mais imponentes do mundo andino.<\/p>\n\n\n\n<h3 class=\"wp-block-heading\" id=\"h-significado-do-inti-raymi-o-culto-ao-sol\">Significado do Inti Raymi: o culto ao Sol<\/h3>\n\n\n\n<p>Na cosmovis\u00e3o andina, o Sol (Inti) era a divindade suprema e a origem de toda a vida. Seu culto representava n\u00e3o apenas a energia vital, mas tamb\u00e9m a ordem do universo e a continuidade do tempo.<\/p>\n\n\n\n<p>Durante o Inti Raymi, os incas realizavam cerim\u00f4nias de agradecimento e renova\u00e7\u00e3o, buscando garantir boas colheitas, equil\u00edbrio natural e prote\u00e7\u00e3o divina. Essa conex\u00e3o sagrada com o Sol continua sendo o cora\u00e7\u00e3o simb\u00f3lico do festival at\u00e9 os dias de hoje.&nbsp;<\/p>\n\n\n\n<div class=\"wp-block-columns is-layout-flex wp-container-core-columns-is-layout-9d6595d7 wp-block-columns-is-layout-flex\">\n<div class=\"wp-block-column is-layout-flow wp-block-column-is-layout-flow\"><div class=\"wp-block-image\">\n<figure class=\"aligncenter size-large\"><img loading=\"lazy\" decoding=\"async\" width=\"1024\" height=\"683\" src=\"https:\/\/www.salkantaytrilha.com\/blog\/wp-content\/uploads\/2024\/05\/Cerimonia-Qoricancha-Inti-Raymi-1024x683.jpg\" alt=\"Cerim\u00f4nia em Qoricancha de Inti Raymi em frente ao Sol de Echenique\" class=\"wp-image-3240\"\/><figcaption class=\"wp-element-caption\">Cerim\u00f4nia em Qoricancha de Inti Raymi<\/figcaption><\/figure>\n<\/div><\/div>\n<\/div>\n\n\n\n<h2 class=\"wp-block-heading\" id=\"h-inti-raymi-antes-e-agora\">Inti Raymi: antes e agora<\/h2>\n\n\n\n<h3 class=\"wp-block-heading\" id=\"h-a-reconstrucao-moderna-do-inti-raymi\">A reconstru\u00e7\u00e3o moderna do Inti Raymi<\/h3>\n\n\n\n<p>Ap\u00f3s a chegada dos espanh\u00f3is, o Inti Raymi foi proibido como parte do processo de imposi\u00e7\u00e3o religiosa. No entanto, sua mem\u00f3ria sobreviveu gra\u00e7as a cr\u00f4nicas hist\u00f3ricas, especialmente os escritos do Inca Garcilaso de la Vega.<\/p>\n\n\n\n<p>Em 1943, o intelectual peruano Humberto Vidal Unda prop\u00f4s a recupera\u00e7\u00e3o dessa tradi\u00e7\u00e3o. Um ano depois, em 1944, foi realizada a primeira encena\u00e7\u00e3o moderna, estabelecendo o dia 24 de junho como o Dia de Cusco.<\/p>\n\n\n\n<p>O escritor Faustino Espinoza Navarro foi o primeiro ator a representar o Inca, marcando um momento decisivo na preserva\u00e7\u00e3o da cultura andina.<\/p>\n\n\n\n<p class=\"green\"><strong>Dado importante:<\/strong> Em 2001, o Estado peruano declarou o Inti Raymi como Patrim\u00f4nio Cultural da Na\u00e7\u00e3o, reconhecendo seu valor hist\u00f3rico, cultural e simb\u00f3lico para o Peru. <\/p>\n\n\n\n<div class=\"wp-block-columns is-layout-flex wp-container-core-columns-is-layout-9d6595d7 wp-block-columns-is-layout-flex\">\n<div class=\"wp-block-column is-layout-flow wp-block-column-is-layout-flow\"><div class=\"wp-block-image\">\n<figure class=\"aligncenter size-large\"><img loading=\"lazy\" decoding=\"async\" width=\"1024\" height=\"683\" src=\"https:\/\/www.salkantaytrilha.com\/blog\/wp-content\/uploads\/2024\/05\/Cusco-24-de-junho-1975-Celebracao-Inti-Raymi-1024x683.jpg\" alt=\"Cusco - 24 de junho de 1975 - Celebra\u00e7\u00e3o do Inti Raymi  El Peruano\" class=\"wp-image-3245\"\/><figcaption class=\"wp-element-caption\">Cusco &#8211; 24 de junho de 1975 &#8211; Celebra\u00e7\u00e3o do Inti Raymi  El Peruano<\/figcaption><\/figure>\n<\/div><\/div>\n<\/div>\n\n\n\n<h3 class=\"wp-block-heading\" id=\"h-o-inti-raymi-na-atualidade\">O Inti Raymi na atualidade<\/h3>\n\n\n\n<p>O Inti Raymi atravessou s\u00e9culos, adaptando-se \u00e0s novas \u00e9pocas sem perder sua ess\u00eancia cultural e simb\u00f3lica. Hoje, essa celebra\u00e7\u00e3o combina tradi\u00e7\u00e3o ancestral com uma encena\u00e7\u00e3o cuidadosamente planejada, tornando-se uma das festividades mais importantes de Cusco.<\/p>\n\n\n\n<h3 class=\"wp-block-heading\" id=\"h-principais-diferencas-entre-o-inti-raymi-inca-e-o-atual\">Principais diferen\u00e7as entre o Inti Raymi inca e o atual<\/h3>\n\n\n\n<p>Antes de explorar todos os detalhes, estas s\u00e3o as principais diferen\u00e7as:<\/p>\n\n\n\n<ul class=\"wp-block-list\">\n<li><strong>Antes:<\/strong> cerim\u00f4nia religiosa real<\/li>\n\n\n\n<li><strong>Hoje:<\/strong> representa\u00e7\u00e3o cultural e tur\u00edstica<\/li>\n\n\n\n<li><strong>Antes:<\/strong> dura\u00e7\u00e3o de v\u00e1rios dias<\/li>\n\n\n\n<li><strong>Hoje:<\/strong> evento principal de um \u00fanico dia (24 de junho)<\/li>\n\n\n\n<li><strong>Antes:<\/strong> rituais com sacrif\u00edcios reais<\/li>\n\n\n\n<li><strong>Hoje:<\/strong> recria\u00e7\u00f5es simb\u00f3licas<\/li>\n<\/ul>\n\n\n\n<h3 class=\"wp-block-heading\" id=\"h-comparacao-completa-do-inti-raymi-antes-e-agora\">Compara\u00e7\u00e3o completa do Inti Raymi: antes e agora<\/h3>\n\n\n\n<figure class=\"wp-block-table table-orange\"><table class=\"has-fixed-layout\"><tbody><tr><td><strong>Aspecto<\/strong><\/td><td><strong>Inti Raymi no Imp\u00e9rio Inca (1430\u20131532)<\/strong><\/td><td><strong>Inti Raymi atual (desde 1944 at\u00e9 hoje)<\/strong><\/td><\/tr><tr><td><strong>Atividade<\/strong><\/td><td>Cerim\u00f4nia religiosa com rituais, sacrif\u00edcios e oferendas ao deus Sol.<\/td><td>Representa\u00e7\u00e3o teatral com fins culturais e tur\u00edsticos.<\/td><\/tr><tr><td><strong>Dura\u00e7\u00e3o<\/strong><\/td><td>At\u00e9 15 dias antes do solst\u00edcio de inverno.<\/td><td><strong>1 dia <\/strong>(24 de junho, declarado \u201cDia de Cusco\u201d). Inclui eventos pr\u00e9vios como o Qhapaq Inti (sauda\u00e7\u00e3o ao Sol) ao amanhecer.<\/td><\/tr><tr><td><strong>Participa\u00e7\u00e3o<\/strong><\/td><td><strong>Estima-se que mais de 50.000 pessoas participaram <\/strong>(habitantes do Tahuantinsuyo, nobres, sacerdotes e guerreiros)<\/td><td><strong>Mais de 60.000 espectadores <\/strong>(turistas nacionais e internacionais) + cerca de 1.000 atores (dan\u00e7arinos, m\u00fasicos e performers). Transmitido ao vivo pela TV e redes sociais.<\/td><\/tr><tr><td><strong>Prop\u00f3sito<\/strong><\/td><td><strong>Culto ao Sol, <\/strong>renova\u00e7\u00e3o agr\u00edcola e legitima\u00e7\u00e3o do poder do Inca.<\/td><td><strong>Preserva\u00e7\u00e3o cultural, turismo e dinamiza\u00e7\u00e3o econ\u00f4mica.<\/strong><\/td><\/tr><tr><td><strong>Cen\u00e1rio<\/strong><\/td><td>Qorikancha (Templo do Sol), Huacaypata (atual Plaza de Armas) e Sacsayhuam\u00e1n.<\/td><td>1. Qorikancha (in\u00edcio cerimonial)2. Plaza de Armas (etapa intermedi\u00e1ria: \u201cencontro entre dois mundos\u201d, com a participa\u00e7\u00e3o do prefeito de Cusco que presta contas ao Inca)3. Sacsayhuam\u00e1n (ato principal com arquibancadas para espectadores).<\/td><\/tr><tr><td><strong>Rituais<\/strong><\/td><td>Sacrif\u00edcios reais, uso do fogo sagrado, oferendas de folhas de coca e chicha.<\/td><td>Espet\u00e1culo coreogr\u00e1fico, discursos em quechua e oferendas simb\u00f3licas:\u2013 Sauda\u00e7\u00e3o ao Sol\u2013 Leitura da coca\u2013 Sacrif\u00edcio simb\u00f3lico da lhama\u2013 Acendimento do fogo sagrado\u2013 Brinde com chicha de jora<\/td><\/tr><tr><td><strong>Vestimenta<\/strong><\/td><td>Tecidos finos de alpaca, ouro e plumas de aves ex\u00f3ticas. Vestimentas exclusivas para a nobreza.<\/td><td>R\u00e9plicas hist\u00f3ricas feitas artesanalmente:\u2013 Unku (t\u00fanica inca)\u2013 Mascaipacha (borla imperial)\u2013 Joias tradicionais de prata<\/td><\/tr><tr><td><strong>Idioma<\/strong><\/td><td>Quechua antigo (l\u00edngua oficial do imp\u00e9rio).<\/td><td>Quechua e espanhol (com tradu\u00e7\u00e3o para turistas). Roteiro supervisionado pela Academia Maior da L\u00edngua Quechua.<\/td><\/tr><tr><td><strong>Financiamento<\/strong><\/td><td>Recursos do Estado Inca (tributos das regi\u00f5es).<\/td><td>Patroc\u00ednio de empresas privadas e do governo regional, al\u00e9m da venda de ingressos.<\/td><\/tr><tr><td><strong>Impacto global<\/strong><\/td><td>Conhecido apenas dentro do Tahuantinsuyo.<\/td><td>Evento internacional:\u2013 Divulgado por meios como National Geographic e BBC\u2013 Atrai influenciadores e documentaristas de todo o mundo<\/td><\/tr><\/tbody><\/table><\/figure>\n\n\n\n<div class=\"wp-block-columns is-layout-flex wp-container-core-columns-is-layout-9d6595d7 wp-block-columns-is-layout-flex\">\n<div class=\"wp-block-column is-layout-flow wp-block-column-is-layout-flow\"><div class=\"wp-block-image\">\n<figure class=\"aligncenter size-large\"><img loading=\"lazy\" decoding=\"async\" width=\"1024\" height=\"683\" src=\"https:\/\/www.salkantaytrilha.com\/blog\/wp-content\/uploads\/2024\/05\/Cusco-24-junho-1975-Celebracao-Inti-Raymi-Festival-Sol-1024x683.jpg\" alt=\"Cusco - 24 de junho de 1975  Celebra\u00e7\u00e3o do Inti Raymi ou Festival do Sol | El Peruano\" class=\"wp-image-3246\"\/><figcaption class=\"wp-element-caption\">Cusco &#8211; 24 de junho de 1975  Celebra\u00e7\u00e3o do Inti Raymi ou Festival do Sol | El Peruano<\/figcaption><\/figure>\n<\/div><\/div>\n<\/div>\n\n\n\n<h3 class=\"wp-block-heading\" id=\"h-por-que-o-inti-raymi-continua-sendo-importante-hoje\">Por que o Inti Raymi continua sendo importante hoje?<\/h3>\n\n\n\n<p>Hoje, o Inti Raymi n\u00e3o \u00e9 apenas uma recria\u00e7\u00e3o hist\u00f3rica, mas tamb\u00e9m uma express\u00e3o viva da identidade cultural andina. Por meio de dan\u00e7as, m\u00fasica e rituais, permite que milhares de pessoas se conectem com o legado do Imp\u00e9rio Inca de forma aut\u00eantica e significativa.<\/p>\n\n\n\n<p>Al\u00e9m disso, tornou-se um dos principais motores do turismo em Cusco, atraindo visitantes de todo o mundo que buscam viver uma experi\u00eancia cultural \u00fanica, profundamente ligada \u00e0 hist\u00f3ria e \u00e0 cosmovis\u00e3o andina.<\/p>\n\n\n\n<p class=\"orange\">Dica: Se voc\u00ea quiser entender melhor o contexto cultural do Inti Raymi, recomendamos explorar nosso blog sobre as <a href=\"https:\/\/www.salkantaytrilha.com\/blog\/festas-de-cusco\/\"><strong>festividades em Cusco<\/strong><\/a>. L\u00e1 voc\u00ea descobrir\u00e1 outras celebra\u00e7\u00f5es andinas que enriquecem a experi\u00eancia durante o m\u00eas jubilar e complementam sua viagem nessa \u00e9poca especial. <\/p>\n\n\n\n<div class=\"wp-block-columns is-layout-flex wp-container-core-columns-is-layout-9d6595d7 wp-block-columns-is-layout-flex\">\n<div class=\"wp-block-column is-layout-flow wp-block-column-is-layout-flow\"><div class=\"wp-block-image\">\n<figure class=\"aligncenter size-full\"><img loading=\"lazy\" decoding=\"async\" width=\"800\" height=\"1000\" src=\"https:\/\/www.salkantaytrilha.com\/blog\/wp-content\/uploads\/2024\/05\/Homenagem-sol-Inti-Raymi.jpg\" alt=\"Cusco presta homenagem ao sol no Inti Raymi.\" class=\"wp-image-77\"\/><figcaption class=\"wp-element-caption\">Homenagem ao sol no Inti Raymi.<\/figcaption><\/figure>\n<\/div><\/div>\n\n\n\n<div class=\"wp-block-column is-layout-flow wp-block-column-is-layout-flow\"><div class=\"wp-block-image\">\n<figure class=\"aligncenter size-full\"><img loading=\"lazy\" decoding=\"async\" width=\"800\" height=\"1000\" src=\"https:\/\/www.salkantaytrilha.com\/blog\/wp-content\/uploads\/2024\/05\/Inti-Raymi-Cusco-Peru.jpg\" alt=\"O sol brilha sobre Cusco no Inti Raymi.\" class=\"wp-image-78\"\/><figcaption class=\"wp-element-caption\">O Inti Raymi em Cusco.<\/figcaption><\/figure>\n<\/div><\/div>\n<\/div>\n\n\n\n<h2 class=\"wp-block-heading\" id=\"h-guia-completo-do-inti-raymi-peru-2026\">Guia completo do Inti Raymi Peru 2026<\/h2>\n\n\n\n<p>No dia 24 de junho de 2026, Cusco ser\u00e1 palco do Inti Raymi Peru, uma das celebra\u00e7\u00f5es culturais mais importantes da Am\u00e9rica do Sul. Essa festividade, que homenageia o deus Sol Inti, re\u00fane hist\u00f3ria, rituais e espet\u00e1culo em tr\u00eas cen\u00e1rios sagrados que recriam o esplendor do Imp\u00e9rio Inca.<\/p>\n\n\n\n<p>Se voc\u00ea est\u00e1 planejando sua viagem, aqui voc\u00ea encontrar\u00e1 o cronograma completo do Inti Raymi 2026, os principais locais e o que esperar em cada etapa da cerim\u00f4nia.<\/p>\n\n\n\n<h3 class=\"wp-block-heading\" id=\"h-cronograma-do-inti-raymi-2026\">Cronograma do Inti Raymi 2026<\/h3>\n\n\n\n<figure class=\"wp-block-table table-orange\"><table class=\"has-fixed-layout\"><tbody><tr><td><strong>Etapa<\/strong><\/td><td><strong>Localiza\u00e7\u00e3o<\/strong><\/td><td><strong>Hor\u00e1rio<\/strong><\/td><td><strong>Dura\u00e7\u00e3o<\/strong><\/td><td><strong>Atividade principal<\/strong><\/td><\/tr><tr><td><strong>Primeira parte<\/strong><\/td><td>Qorikancha (Templo do Sol)<\/td><td>9:00 a.m.<\/td><td>45 minutos<\/td><td>\u201cSauda\u00e7\u00e3o ao Sol\u201d com acllas, m\u00fasicos e dan\u00e7arinos. Entrada do Inca.<\/td><\/tr><tr><td colspan=\"5\">O Inca e sua comitiva entram pelo Intikijllu (atual rua Loreto) em dire\u00e7\u00e3o \u00e0 Plaza de Armas.<\/td><\/tr><tr><td><strong>Segunda parte<\/strong><\/td><td>Plaza de Armas (Huaqaypata)<\/td><td>10:30 a.m. (aprox.)<\/td><td>1 hora<\/td><td>\u201cEncontro dos Tempos\u201d e Cerim\u00f4nia da Coca.<\/td><\/tr><tr><td colspan=\"5\">O Inca e sua comitiva seguem pela rua Saphy rumo a Sacsayhuam\u00e1n.<\/td><\/tr><tr><td><strong>Terceira parte<\/strong><\/td><td>Sacsayhuam\u00e1n (Esplanada principal)<\/td><td>1:00 p.m. (aprox.)<\/td><td>2 horas<\/td><td><strong>Cerim\u00f4nia central: <\/strong>oferendas, sacrif\u00edcio ritual e dan\u00e7as em honra a Inti.<\/td><\/tr><tr><td colspan=\"5\"><strong>Encerramento:<\/strong> Aproximadamente \u00e0s 3:30 p.m. (pode se estender).<\/td><\/tr><\/tbody><\/table><\/figure>\n\n\n\n<h3 class=\"wp-block-heading\" id=\"h-percurso-do-inti-raymi\">Percurso do Inti Raymi<\/h3>\n\n\n\n<div class=\"wp-block-columns is-layout-flex wp-container-core-columns-is-layout-9d6595d7 wp-block-columns-is-layout-flex\">\n<div class=\"wp-block-column is-layout-flow wp-block-column-is-layout-flow\">\n<figure class=\"wp-block-image size-large\"><img loading=\"lazy\" decoding=\"async\" width=\"1024\" height=\"683\" src=\"https:\/\/www.salkantaytrilha.com\/blog\/wp-content\/uploads\/2025\/04\/recorrido-intiraymi-PT-1024x683.jpg\" alt=\"Mapa do percurso do Inti Raymi em Cusco, Peru.\" class=\"wp-image-6023\"\/><figcaption class=\"wp-element-caption\">Mapa do percurso do Inti Raymi<\/figcaption><\/figure>\n<\/div>\n<\/div>\n\n\n\n<h3 class=\"wp-block-heading\" id=\"h-o-que-acontece-em-cada-cenario-do-inti-raymi\">O que acontece em cada cen\u00e1rio do Inti Raymi?<\/h3>\n\n\n\n<p>O Inti Raymi acontece em tr\u00eas espa\u00e7os hist\u00f3ricos que representam o cora\u00e7\u00e3o espiritual e pol\u00edtico do mundo inca. Cada local possui um significado \u00fanico dentro da cerim\u00f4nia.<\/p>\n\n\n\n<p><strong>1. Qorikancha<\/strong><\/p>\n\n\n\n<p>A celebra\u00e7\u00e3o come\u00e7a com um impressionante ato cerimonial no Qorikancha, antigo Templo do Sol do Imp\u00e9rio Inca. Com o nascer do sol iluminando seus antigos muros dourados, o Inca faz sua primeira apari\u00e7\u00e3o p\u00fablica, realizando uma emocionante invoca\u00e7\u00e3o ao deus Inti para agradecer pela vida, pelos alimentos e pela for\u00e7a da natureza.<\/p>\n\n\n\n<p>Cercado por sacerdotes e dan\u00e7arinos andinos vestidos com trajes tradicionais, esse momento marca o in\u00edcio do novo ciclo solar com uma energia espiritual \u00fanica, que atrai milhares de visitantes todos os anos.<\/p>\n\n\n\n<div class=\"wp-block-columns is-layout-flex wp-container-core-columns-is-layout-9d6595d7 wp-block-columns-is-layout-flex\">\n<div class=\"wp-block-column is-layout-flow wp-block-column-is-layout-flow\"><div class=\"wp-block-image\">\n<figure class=\"aligncenter size-full\"><img loading=\"lazy\" decoding=\"async\" width=\"920\" height=\"611\" src=\"https:\/\/www.salkantaytrilha.com\/blog\/wp-content\/uploads\/2024\/05\/Inti-Raymi-Qoricancha.jpg\" alt=\"Festividade de Inti Raymi em Qoricancha\" class=\"wp-image-72\"\/><figcaption class=\"wp-element-caption\">Festividade de Inti Raymi em Qoricancha<\/figcaption><\/figure>\n<\/div><\/div>\n<\/div>\n\n\n\n<p><strong>2. Plaza de Armas<\/strong><\/p>\n\n\n\n<p>No cora\u00e7\u00e3o de Cusco, a hist\u00f3rica Plaza de Armas \u2014 antiga Huacaypata \u2014 se transforma em um cen\u00e1rio simb\u00f3lico onde o Inca recebe representantes dos quatro suyos do Tahuantinsuyo: Chinchaysuyo, Antisuyo, Collasuyo e Contisuyo.<\/p>\n\n\n\n<p>Aqui, \u00e9 recriado o an\u00fancio do novo ano solar por meio de rituais ancestrais, leitura de press\u00e1gios feita pelos s\u00e1bios amautas e uma impressionante dan\u00e7a coletiva que simboliza a uni\u00e3o dos povos.<\/p>\n\n\n\n<p>Nesse cen\u00e1rio, o Inca tamb\u00e9m se encontra com o prefeito de Cusco, que simbolicamente presta contas sobre a gest\u00e3o da cidade \u2014 um elemento incorporado recentemente \u00e0 encena\u00e7\u00e3o.<\/p>\n\n\n\n<div class=\"wp-block-columns is-layout-flex wp-container-core-columns-is-layout-9d6595d7 wp-block-columns-is-layout-flex\">\n<div class=\"wp-block-column is-layout-flow wp-block-column-is-layout-flow\"><div class=\"wp-block-image\">\n<figure class=\"aligncenter size-large\"><img loading=\"lazy\" decoding=\"async\" width=\"1024\" height=\"683\" src=\"https:\/\/www.salkantaytrilha.com\/blog\/wp-content\/uploads\/2024\/05\/Inca-cerimonia-inti-raymi-segurando-kipu-1024x683.jpg\" alt=\"Inca na cerim\u00f4nia inti raymi segurando um kipu\" class=\"wp-image-3221\"\/><figcaption class=\"wp-element-caption\">Inca na cerim\u00f4nia inti raymi segurando um kipu<\/figcaption><\/figure>\n<\/div><\/div>\n<\/div>\n\n\n\n<p><strong>3. Sacsayhuam\u00e1n<\/strong><\/p>\n\n\n\n<p>A esplanada de Sacsayhuam\u00e1n, com sua imponente arquitetura megal\u00edtica, abriga o ato central do Inti Raymi, considerado um dos maiores espet\u00e1culos culturais da Am\u00e9rica Latina.<\/p>\n\n\n\n<p>Nesse local, \u00e9 representado o principal ritual do antigo Imp\u00e9rio Inca, incluindo oferendas simb\u00f3licas \u00e0 Pachamama (M\u00e3e Terra), dan\u00e7as sagradas, a entrega de chicha e o tradicional sacrif\u00edcio simb\u00f3lico de uma lhama, cuja interpreta\u00e7\u00e3o ritual prev\u00ea o futuro do novo ciclo solar.<\/p>\n\n\n\n<p>A cerim\u00f4nia re\u00fane mais de 700 atores em cena, combinando arte, tradi\u00e7\u00e3o e espiritualidade em um cen\u00e1rio natural impressionante.<\/p>\n\n\n\n<div class=\"wp-block-columns is-layout-flex wp-container-core-columns-is-layout-9d6595d7 wp-block-columns-is-layout-flex\">\n<div class=\"wp-block-column is-layout-flow wp-block-column-is-layout-flow\"><div class=\"wp-block-image\">\n<figure class=\"aligncenter size-large\"><img loading=\"lazy\" decoding=\"async\" width=\"1024\" height=\"683\" src=\"https:\/\/www.salkantaytrilha.com\/blog\/wp-content\/uploads\/2024\/05\/O-tradicional-sacrificio-de-lhamas-no-Inti-Raymi-1024x683.jpg\" alt=\"O tradicional sacrif\u00edcio de lhamas no Inti Raymi\" class=\"wp-image-3224\"\/><figcaption class=\"wp-element-caption\">O tradicional sacrif\u00edcio de lhamas no Inti Raymi<\/figcaption><\/figure>\n<\/div><\/div>\n<\/div>\n\n\n\n<h3 class=\"wp-block-heading\" id=\"h-ingressos-para-o-inti-raymi-2026\">Ingressos para o Inti Raymi 2026<\/h3>\n\n\n\n<p>Os ingressos oficiais para o Inti Raymi 2026 s\u00e3o gerenciados exclusivamente pela Empresa Municipal de Festividades de Cusco (EMUFEC), respons\u00e1vel pela organiza\u00e7\u00e3o do evento desde sua recria\u00e7\u00e3o moderna.<\/p>\n\n\n\n<p>A compra \u00e9 realizada por meio da plataforma autorizada <a href=\"https:\/\/teleticket.com.pe\/\"><strong>Teleticket<\/strong><\/a>, assim como por ag\u00eancias de viagem autorizadas que operam com cotas oficiais.<\/p>\n\n\n\n<p class=\"red\"><strong>Importante: <\/strong>compre seus ingressos apenas por canais oficiais para evitar fraudes, revendas ou pre\u00e7os abusivos.<\/p>\n\n\n\n<h4 class=\"wp-block-heading\" id=\"h-ingressos-para-qorikancha\">Ingressos para Qorikancha<\/h4>\n\n\n\n<p>A arquibancada do Qorikancha est\u00e1 estrategicamente localizada na Avenida El Sol, oferecendo uma vista direta do in\u00edcio da cerim\u00f4nia, incluindo a sauda\u00e7\u00e3o ao Sol e a primeira apari\u00e7\u00e3o do Inca.<\/p>\n\n\n\n<h5 class=\"wp-block-heading\" id=\"h-onde-comprar-ingressos-para-o-inti-raymi-no-qorikancha\">Onde comprar ingressos para o Inti Raymi no Qorikancha<\/h5>\n\n\n\n<p>Para a primeira parte do Inti Raymi no Qorikancha, \u00e9 importante entender como funciona o acesso:<\/p>\n\n\n\n<ul class=\"wp-block-list\">\n<li><strong>Arquibancadas oficiais (pagas)<br><\/strong>Os ingressos correspondem a uma arquibancada instalada na Avenida El Sol, em frente ao templo. Esses ingressos n\u00e3o s\u00e3o vendidos dentro do Qorikancha, pois o acesso ao local durante a cerim\u00f4nia \u00e9 restrito aos atores e \u00e0 organiza\u00e7\u00e3o<\/li>\n\n\n\n<li><strong>Canais de compra<\/strong>\n<ul class=\"wp-block-list\">\n<li>Plataforma oficial Teleticket<\/li>\n\n\n\n<li>Ag\u00eancias autorizadas (com pacotes ou ingressos individuais)<\/li>\n<\/ul>\n<\/li>\n\n\n\n<li><strong>Alternativa gratuita<\/strong><strong><br><\/strong>\u00c9 poss\u00edvel assistir \u00e0 cerim\u00f4nia nos arredores do Qorikancha (cal\u00e7adas e \u00e1reas p\u00fablicas), por\u00e9m:<\/li>\n\n\n\n<li>N\u00e3o h\u00e1 assentos<\/li>\n\n\n\n<li>A visibilidade \u00e9 limitada<\/li>\n\n\n\n<li>\u00c9 necess\u00e1rio chegar com v\u00e1rias horas de anteced\u00eancia<\/li>\n<\/ul>\n\n\n\n<p class=\"green\"><strong>Dado chave:<\/strong> a arquibancada do Qorikancha \u00e9 uma das op\u00e7\u00f5es mais acess\u00edveis para assistir ao in\u00edcio do Inti Raymi sem precisar ir at\u00e9 Sacsayhuam\u00e1n. <\/p>\n\n\n\n<h5 class=\"wp-block-heading\" id=\"h-tribuna-unica-qorikancha\">Tribuna \u00danica Qorikancha<\/h5>\n\n\n\n<p>Capacidade: 350 lugares<\/p>\n\n\n\n<figure class=\"wp-block-table\"><table class=\"has-fixed-layout\"><thead><tr><th><strong>Tipo de Boleto<\/strong><\/th><th><strong>Pre\u00e7o soles S\/.<\/strong><\/th><th><strong>Pre\u00e7o USD<\/strong><\/th><\/tr><\/thead><tbody><tr><td><strong>Geral<\/strong><\/td><td>S\/. 235.00\u00a0<\/td><td>69.00 USD<\/td><\/tr><tr><td><strong>Crian\u00e7as<\/strong><\/td><td>S\/. 120.00<\/td><td>35.00 USD<\/td><\/tr><tr><td><strong>Guias<\/strong><\/td><td>S\/. 120.00<\/td><td>35.00 USD<\/td><\/tr><tr><td><strong>Nacional<\/strong><\/td><td>S\/. 150.00<\/td><td>44.00 USD<\/td><\/tr><\/tbody><\/table><\/figure>\n\n\n\n<div class=\"wp-block-columns is-layout-flex wp-container-core-columns-is-layout-9d6595d7 wp-block-columns-is-layout-flex\">\n<div class=\"wp-block-column is-layout-flow wp-block-column-is-layout-flow\"><div class=\"wp-block-image\">\n<figure class=\"aligncenter size-full\"><img loading=\"lazy\" decoding=\"async\" width=\"1024\" height=\"768\" src=\"https:\/\/www.salkantaytrilha.com\/blog\/wp-content\/uploads\/2024\/05\/Inti-Raymi-em-Qoricancha-EMUFEC.jpg\" alt=\"Inti Raymi em Qoricancha | EMUFEC\" class=\"wp-image-3225\"\/><figcaption class=\"wp-element-caption\">Inti Raymi em Qoricancha | EMUFEC<\/figcaption><\/figure>\n<\/div><\/div>\n<\/div>\n\n\n\n<h4 class=\"wp-block-heading\" id=\"h-ingressos-para-sacsayhuaman\">Ingressos para Sacsayhuam\u00e1n<\/h4>\n\n\n\n<p>A cerim\u00f4nia principal acontece em Sacsayhuam\u00e1n, onde existem tr\u00eas arquibancadas oficiais.<\/p>\n\n\n\n<h5 class=\"wp-block-heading\" id=\"h-onde-comprar-ingressos-para-o-inti-raymi-em-sacsayhuaman\">Onde comprar ingressos para o Inti Raymi em Sacsayhuam\u00e1n?<\/h5>\n\n\n\n<p>\u00c9 importante entender como funciona realmente o acesso:<\/p>\n\n\n\n<ul class=\"wp-block-list\">\n<li><strong>Arquibancadas oficiais (pagas):<\/strong><strong><br><\/strong> Os ingressos para Sacsayhuam\u00e1n correspondem \u00e0s arquibancadas oficiais (Verde, Vermelha e Laranja), localizadas na esplanada principal, onde ocorre a cerim\u00f4nia central do Inti Raymi.<br>Essas arquibancadas oferecem assentos e vista direta do espet\u00e1culo. O acesso \u00e0 \u00e1rea cerimonial \u00e9 restrito exclusivamente a pessoas com ingresso.<\/li>\n\n\n\n<li><strong>Canais de compra:<\/strong>\n<ul class=\"wp-block-list\">\n<li>Plataforma oficial da Teleticket<\/li>\n\n\n\n<li>Ag\u00eancias autorizadas (pacotes ou ingressos individuais)<\/li>\n<\/ul>\n<\/li>\n\n\n\n<li><strong>Alternativa gratuita:<\/strong><strong><br><\/strong> \u00c9 poss\u00edvel assistir \u00e0 cerim\u00f4nia a partir de \u00e1reas mais altas e arredores, por\u00e9m:\n<ul class=\"wp-block-list\">\n<li>N\u00e3o inclui assento<\/li>\n\n\n\n<li>A visibilidade \u00e9 limitada ou distante<\/li>\n\n\n\n<li>\u00c9 necess\u00e1rio chegar cedo (antes das 8h\u20139h)<\/li>\n<\/ul>\n<\/li>\n<\/ul>\n\n\n\n<p class=\"green\"><strong>Dica importante:<\/strong> A melhor experi\u00eancia do Inti Raymi em Sacsayhuam\u00e1n \u00e9 nas arquibancadas oficiais. Cada arquibancada oferece uma perspectiva diferente. A principal diferen\u00e7a est\u00e1 no \u00e2ngulo de vis\u00e3o e na proximidade em rela\u00e7\u00e3o ao palco principal.<\/p>\n\n\n\n<p><strong>Tribuna verde<\/strong><\/p>\n\n\n\n<ul class=\"wp-block-list\">\n<li>Categoria Illapa<\/li>\n\n\n\n<li>Capacidade: 810 lugares<\/li>\n<\/ul>\n\n\n\n<figure class=\"wp-block-table table-green\"><table class=\"has-fixed-layout\"><thead><tr><th>Tipo de Bilhete<\/th><th>Pre\u00e7o soles S\/.<\/th><th>Pre\u00e7o USD<\/th><\/tr><\/thead><tbody><tr><td><strong>Geral<\/strong><\/td><td>S\/. 490.00\u00a0<\/td><td>143.00 USD<\/td><\/tr><tr><td><strong>Crian\u00e7as<\/strong><\/td><td>S\/. 250.00<\/td><td>73.00 USD<\/td><\/tr><tr><td><strong>Guias<\/strong><\/td><td>S\/. 250.00<\/td><td>73.00 USD<\/td><\/tr><tr><td><strong>Nacional<\/strong><\/td><td>S\/. 250.00<\/td><td>73.00 USD<\/td><\/tr><\/tbody><\/table><\/figure>\n\n\n\n<p><strong>Tribuna vermelha<\/strong><\/p>\n\n\n\n<ul class=\"wp-block-list\">\n<li>Categoria Chaska<\/li>\n\n\n\n<li>Capacidade: 1.188 lugares<\/li>\n<\/ul>\n\n\n\n<figure class=\"wp-block-table table-red\"><table class=\"has-fixed-layout\"><thead><tr><th>Tipo de Bilhete<\/th><th>Pre\u00e7o soles S\/.<\/th><th>Pre\u00e7o USD<\/th><\/tr><\/thead><tbody><tr><td><strong>Geral<\/strong><\/td><td>S\/. 680.00<\/td><td>198.00 USD<\/td><\/tr><tr><td><strong>Crian\u00e7as<\/strong><\/td><td>S\/. 340.00<\/td><td>99.00 USD<\/td><\/tr><tr><td><strong>Guias<\/strong><\/td><td>S\/. 340.00<\/td><td>99.00 USD<\/td><\/tr><\/tbody><\/table><\/figure>\n\n\n\n<p><strong>Tribuna laranja<\/strong><\/p>\n\n\n\n<ul class=\"wp-block-list\">\n<li>Categoria Killa VIP<\/li>\n\n\n\n<li>Capacidade: 448 lugares<\/li>\n<\/ul>\n\n\n\n<figure class=\"wp-block-table table-orange\"><table class=\"has-fixed-layout\"><thead><tr><th>Tipo de Bilhete<\/th><th>Pre\u00e7o soles S\/.<\/th><th>Pre\u00e7o USD<\/th><\/tr><\/thead><tbody><tr><td><strong>Geral<\/strong><\/td><td>S\/. 730.00\u00a0<\/td><td>213.00 USD<\/td><\/tr><tr><td><strong>Crian\u00e7as<\/strong><\/td><td>S\/. 365.00<\/td><td>107.00 USD<\/td><\/tr><tr><td><strong>Guias<\/strong><\/td><td>S\/. 365.00<\/td><td>107.00 USD<\/td><\/tr><\/tbody><\/table><\/figure>\n\n\n\n<p><strong>Tribuna laranja VIP<\/strong><\/p>\n\n\n\n<ul class=\"wp-block-list\">\n<li>Categoria Inti Super VIP<\/li>\n\n\n\n<li>Capacidade: 1.320 lugares<\/li>\n<\/ul>\n\n\n\n<figure class=\"wp-block-table table-orange\"><table class=\"has-fixed-layout\"><thead><tr><th>Tipo de Bilhete<\/th><th>Pre\u00e7o soles S\/.<\/th><th>Pre\u00e7o USD<\/th><\/tr><\/thead><tbody><tr><td><strong>Geral<\/strong><\/td><td>S\/. 850.00\u00a0<\/td><td>248.00 USD<\/td><\/tr><tr><td><strong>Crian\u00e7as<\/strong><\/td><td>S\/. 430.00<\/td><td>126.00 USD<\/td><\/tr><tr><td><strong>Guias<\/strong><\/td><td>S\/. 430.00<\/td><td>126.00 USD<\/td><\/tr><\/tbody><\/table><\/figure>\n\n\n\n<p>Inclui: \u00e2ngulo de vis\u00e3o ideal, caixa de presente, conforto.<\/p>\n\n\n\n<div class=\"wp-block-columns is-layout-flex wp-container-core-columns-is-layout-9d6595d7 wp-block-columns-is-layout-flex\">\n<div class=\"wp-block-column is-layout-flow wp-block-column-is-layout-flow\"><div class=\"wp-block-image\">\n<figure class=\"aligncenter size-large\"><img loading=\"lazy\" decoding=\"async\" width=\"1024\" height=\"715\" src=\"https:\/\/www.salkantaytrilha.com\/blog\/wp-content\/uploads\/2024\/05\/Zonas-Saqsayhuaman-Inti-Rayni-1024x715.jpg\" alt=\"Ingressos de acordo com as tr\u00eas zonas a partir das quais voc\u00ea pode desfrutar do Inti Raymi em Saqsayhuaman.\" class=\"wp-image-83\"\/><figcaption class=\"wp-element-caption\">Zonas em Saqsayhuaman para ver o Inti Rayni<\/figcaption><\/figure>\n<\/div><\/div>\n<\/div>\n\n\n\n<h4 class=\"wp-block-heading\">Recomenda\u00e7\u00e3o chave para garantir seu ingresso<\/h4>\n\n\n\n<p>Os ingressos para o Inti Raymi geralmente come\u00e7am a ser vendidos entre abril e junho, e a demanda \u00e9 extremamente alta \u2014 especialmente para Sacsayhuam\u00e1n.<\/p>\n\n\n\n<p><strong>Avisos importantes:<\/strong><\/p>\n\n\n\n<ul class=\"wp-block-list\">\n<li>Os ingressos podem esgotar em poucos dias<\/li>\n\n\n\n<li>Os melhores lugares s\u00e3o vendidos primeiro<\/li>\n\n\n\n<li>Os pre\u00e7os apresentados s\u00e3o <strong>referenciais<\/strong>, com base no ano anterior<\/li>\n<\/ul>\n\n\n\n<p class=\"green\"><strong>Recomenda\u00e7\u00e3o:<\/strong> reserve com a maior anteced\u00eancia poss\u00edvel, especialmente se voc\u00ea viajar na alta temporada ou em grupo. <\/p>\n\n\n\n<div class=\"wp-block-columns is-layout-flex wp-container-core-columns-is-layout-9d6595d7 wp-block-columns-is-layout-flex\">\n<div class=\"wp-block-column is-layout-flow wp-block-column-is-layout-flow\"><div class=\"wp-block-image\">\n<figure class=\"aligncenter size-full\"><img loading=\"lazy\" decoding=\"async\" width=\"800\" height=\"1000\" src=\"https:\/\/www.salkantaytrilha.com\/blog\/wp-content\/uploads\/2024\/05\/Saqsaywaman-cerimonia-Inti-Raymi.jpg\" alt=\"Saqsaywaman, onde a cerim\u00f4nia central do Inti Raymi\" class=\"wp-image-69\"\/><figcaption class=\"wp-element-caption\">Saqsaywaman, onde a cerim\u00f4nia central do Inti Raymi<\/figcaption><\/figure>\n<\/div><\/div>\n\n\n\n<div class=\"wp-block-column is-layout-flow wp-block-column-is-layout-flow\"><div class=\"wp-block-image\">\n<figure class=\"aligncenter size-full\"><img loading=\"lazy\" decoding=\"async\" width=\"800\" height=\"1000\" src=\"https:\/\/www.salkantaytrilha.com\/blog\/wp-content\/uploads\/2024\/05\/Cerimonia-Inti-Raymi.jpg\" alt=\"Cerim\u00f4nia Inti Raymi.\" class=\"wp-image-70\"\/><figcaption class=\"wp-element-caption\">Cerim\u00f4nia Inti Raymi.<\/figcaption><\/figure>\n<\/div><\/div>\n<\/div>\n\n\n\n<h2 class=\"wp-block-heading\" id=\"h-dicas-essenciais-para-aproveitar-o-inti-raymi-2026\">Dicas essenciais para aproveitar o Inti Raymi 2026<\/h2>\n\n\n\n<p>Para aproveitar ao m\u00e1ximo o Inti Raymi em Cusco, leve em conta estas dicas pr\u00e1ticas:<\/p>\n\n\n\n<ul class=\"wp-block-list\">\n<li><strong>Planejamento<\/strong>\n<ul class=\"wp-block-list\">\n<li>Reserve seus ingressos com anteced\u00eancia<\/li>\n\n\n\n<li>Chegue cedo (pelo menos 2 a 3 horas antes)<\/li>\n<\/ul>\n<\/li>\n\n\n\n<li><strong>Idioma<\/strong>\n<ul class=\"wp-block-list\">\n<li>A cerim\u00f4nia \u00e9 realizada em quechua<\/li>\n\n\n\n<li>Voc\u00ea pode contratar guias com tradu\u00e7\u00e3o<\/li>\n<\/ul>\n<\/li>\n\n\n\n<li><strong>Mobilidade<\/strong>\n<ul class=\"wp-block-list\">\n<li>O tr\u00e2nsito \u00e9 restrito durante o evento<\/li>\n\n\n\n<li>Considere fazer um tour organizado ou caminhar<\/li>\n<\/ul>\n<\/li>\n\n\n\n<li><strong>Seguran\u00e7a e conforto<\/strong>\n<ul class=\"wp-block-list\">\n<li>Leve \u00e1gua e lanches<\/li>\n\n\n\n<li>Evite objetos de valor vis\u00edveis<\/li>\n\n\n\n<li>Use uma mochila leve<\/li>\n<\/ul>\n<\/li>\n\n\n\n<li><strong>Dinheiro<\/strong>\n<ul class=\"wp-block-list\">\n<li>Leve dinheiro em esp\u00e9cie<\/li>\n\n\n\n<li>Os caixas eletr\u00f4nicos pr\u00f3ximos costumam ficar congestionados<\/li>\n<\/ul>\n<\/li>\n\n\n\n<li><strong>Altitude<\/strong>\n<ul class=\"wp-block-list\">\n<li>Cusco est\u00e1 a 3.400 metros acima do n\u00edvel do mar (11.155 p\u00e9s)<\/li>\n\n\n\n<li>Hidrate-se bem e evite esfor\u00e7o f\u00edsico excessivo<\/li>\n<\/ul>\n<\/li>\n\n\n\n<li><strong>Experi\u00eancia<\/strong>\n<ul class=\"wp-block-list\">\n<li>Leve bateria extra para celular ou c\u00e2mera<\/li>\n\n\n\n<li>Respeite a cerim\u00f4nia (evite interromper ou atrapalhar a vis\u00e3o de outros)<\/li>\n<\/ul>\n<\/li>\n\n\n\n<li><strong>Alternativa<\/strong>\n<ul class=\"wp-block-list\">\n<li>Se n\u00e3o conseguir ingressos, voc\u00ea pode assistir \u00e0 transmiss\u00e3o ao vivo pela internet<\/li>\n<\/ul>\n<\/li>\n<\/ul>\n\n\n\n<div class=\"wp-block-columns is-layout-flex wp-container-core-columns-is-layout-9d6595d7 wp-block-columns-is-layout-flex\">\n<div class=\"wp-block-column is-layout-flow wp-block-column-is-layout-flow\"><div class=\"wp-block-image\">\n<figure class=\"aligncenter size-large\"><img loading=\"lazy\" decoding=\"async\" width=\"1024\" height=\"683\" src=\"https:\/\/www.salkantaytrilha.com\/blog\/wp-content\/uploads\/2024\/05\/Inti-Raymi-Saqsayhuaman-1024x683.jpg\" alt=\"Foto panor\u00e2mica da festa do Inti Raymi em Saqsayhuaman\" class=\"wp-image-3238\"\/><figcaption class=\"wp-element-caption\">A festa do Inti Raymi em Saqsayhuaman<\/figcaption><\/figure>\n<\/div><\/div>\n<\/div>\n\n\n\n<h3 class=\"wp-block-heading\" id=\"h-o-que-vestir-para-o-inti-raymi\">O que vestir para o Inti Raymi<\/h3>\n\n\n\n<p>O clima em Cusco pode variar bastante: manh\u00e3s frias, meio-dia ensolarado e tardes frescas. Por isso, vestir-se em camadas \u00e9 a melhor estrat\u00e9gia para aproveitar o Inti Raymi com conforto.<\/p>\n\n\n\n<p><strong>1. Roupas em camadas (essencial nos Andes)<\/strong><\/p>\n\n\n\n<ul class=\"wp-block-list\">\n<li><strong>Primeira camada (base): <\/strong>camiseta t\u00e9rmica ou de manga longa respir\u00e1vel<\/li>\n\n\n\n<li><strong>Segunda camada (aquecimento): <\/strong>su\u00e9ter de l\u00e3, fleece ou casaco leve<\/li>\n\n\n\n<li><strong>Terceira camada (externa):<\/strong> jaqueta corta-vento, imperme\u00e1vel ou poncho<\/li>\n\n\n\n<li><strong>Parte inferior: <\/strong>cal\u00e7as de trekking, jeans ou cal\u00e7as leves (evite roupas muito pesadas)<\/li>\n<\/ul>\n\n\n\n<p><strong>2. Cal\u00e7ado confort\u00e1vel e resistente<\/strong><\/p>\n\n\n\n<ul class=\"wp-block-list\">\n<li>Botas de trekking ou t\u00eanis com boa ader\u00eancia<\/li>\n\n\n\n<li>Ideal para terrenos irregulares como Sacsayhuam\u00e1n<\/li>\n\n\n\n<li>Evite sand\u00e1lias ou cal\u00e7ados sem suporte<\/li>\n<\/ul>\n\n\n\n<p><strong>3. Acess\u00f3rios indispens\u00e1veis<\/strong><\/p>\n\n\n\n<ul class=\"wp-block-list\">\n<li>Bon\u00e9, chap\u00e9u ou chullo andino<\/li>\n\n\n\n<li>Cachecol ou xale<\/li>\n\n\n\n<li>\u00d3culos de sol<\/li>\n\n\n\n<li>Protetor solar (FPS 50+). O sol em altitude pode ser muito intenso, mesmo no inverno<\/li>\n<\/ul>\n\n\n\n<p><strong>4. O que n\u00e3o levar<\/strong><\/p>\n\n\n\n<ul class=\"wp-block-list\">\n<li>Roupas excessivamente pesadas (podem incomodar ao meio-dia)<\/li>\n\n\n\n<li>Sapatos desconfort\u00e1veis<\/li>\n\n\n\n<li>Malas grandes (prefira mochila leve)<\/li>\n<\/ul>\n\n\n\n<p class=\"green\"><strong>Dica importante:<\/strong> apesar das manh\u00e3s frias, o sol ao meio-dia em Cusco pode ser forte. Vestir-se em camadas permite adaptar-se facilmente ao longo do dia. <\/p>\n\n\n\n<div class=\"wp-block-columns is-layout-flex wp-container-core-columns-is-layout-9d6595d7 wp-block-columns-is-layout-flex\">\n<div class=\"wp-block-column is-layout-flow wp-block-column-is-layout-flow\">\n<figure class=\"wp-block-image size-large\"><img loading=\"lazy\" decoding=\"async\" width=\"1024\" height=\"683\" src=\"https:\/\/www.salkantaytrilha.com\/blog\/wp-content\/uploads\/2025\/04\/turista-viendo-festividad-cusco-1024x683.jpg\" alt=\"Turista assistindo a uma festa em Cusco.\" class=\"wp-image-6024\"\/><figcaption class=\"wp-element-caption\">Viajante em Cusco<\/figcaption><\/figure>\n<\/div>\n<\/div>\n\n\n\n<h3 class=\"wp-block-heading\" id=\"h-onde-ver-o-inti-raymi\">Onde ver o Inti Raymi?<\/h3>\n\n\n\n<p>Uma das perguntas mais comuns entre os viajantes \u00e9: de onde assistir ao Inti Raymi? Aqui est\u00e3o as melhores op\u00e7\u00f5es de acordo com cada trecho do percurso.<\/p>\n\n\n\n<h4 class=\"wp-block-heading\">Restaurantes e caf\u00e9s com vista para o evento<\/h4>\n\n\n\n<h5 class=\"wp-block-heading\">Trecho: Qorikancha \u2192 Plaza de Armas<\/h5>\n\n\n\n<ul class=\"wp-block-list\">\n<li>Prohibido Craft Food &amp; Drinks<\/li>\n\n\n\n<li>Varayoc Chicken &amp; Grill<\/li>\n<\/ul>\n\n\n\n<h5 class=\"wp-block-heading\">Plaza de Armas de Cusco<\/h5>\n\n\n\n<ul class=\"wp-block-list\">\n<li>Casa Cusque\u00f1a<\/li>\n\n\n\n<li>Paddy\u2019s Irish Pub<\/li>\n\n\n\n<li>LIMO Peruano Nikkei<\/li>\n\n\n\n<li>Morena Peruvian Kitchen<\/li>\n\n\n\n<li>Inka Grill<\/li>\n\n\n\n<li>Tunupa Plaza de Armas<\/li>\n\n\n\n<li>Calle del Medio Restaurante<\/li>\n\n\n\n<li>Micaela Restaurant<\/li>\n\n\n\n<li>Plaza Caf\u00e9<\/li>\n<\/ul>\n\n\n\n<p>Muitos desses locais oferecem varandas com vista privilegiada (alguns exigem reserva antecipada ou consumo m\u00ednimo).<\/p>\n\n\n\n<h5 class=\"wp-block-heading\">Trecho: Calle Plateros \u2192 Calle Saphy<\/h5>\n\n\n\n<ul class=\"wp-block-list\">\n<li>Sagrado Restaurant<\/li>\n\n\n\n<li>Il Olivo Trattoria<\/li>\n\n\n\n<li>La Rep\u00fablica del Pisco<\/li>\n<\/ul>\n\n\n\n<h4 class=\"wp-block-heading\">Melhores lugares para ver o Inti Raymi de gra\u00e7a<\/h4>\n\n\n\n<p><strong>Qorikancha<\/strong>: Voc\u00ea pode se posicionar nas escadarias em frente ao Qorikancha ou nas \u00e1reas pr\u00f3ximas. Chegue muito cedo (a partir das 5:00 da manh\u00e3) para garantir um bom lugar.<\/p>\n\n\n\n<p><strong>Plaza de Armas:<\/strong> A pra\u00e7a fica cheia rapidamente. Alternativa: varandas de restaurantes ou hot\u00e9is pr\u00f3ximos.<\/p>\n\n\n\n<p><strong>Sacsayhuam\u00e1n: <\/strong>Arquibancadas oficiais (pagas \u2013 melhor experi\u00eancia), encostas e morros pr\u00f3ximos (visualiza\u00e7\u00e3o gratuita). Chegue antes das 9:00 da manh\u00e3 para encontrar espa\u00e7o.<\/p>\n\n\n\n<h3 class=\"wp-block-heading\" id=\"h-dica-importante-melhores-hoteis-para-ver-o-inti-raymi\">Dica importante: melhores hot\u00e9is para ver o Inti Raymi<\/h3>\n\n\n\n<p>Se voc\u00ea busca uma experi\u00eancia mais confort\u00e1vel e exclusiva, pode se hospedar em hot\u00e9is com vista direta para o percurso do Inti Raymi:<\/p>\n\n\n\n<ul class=\"wp-block-list\">\n<li>Palacio del Inka, a Luxury Collection Hotel<\/li>\n\n\n\n<li>Abittare Hotel<\/li>\n\n\n\n<li>Hotel Unaytambo Cusco<\/li>\n\n\n\n<li>Loreto Hotel Boutique<\/li>\n\n\n\n<li>Hotel Plaza de Armas Cusco<\/li>\n<\/ul>\n\n\n\n<p><strong>Benef\u00edcios:<\/strong><\/p>\n\n\n\n<ul class=\"wp-block-list\">\n<li>Vista direta do desfile do Inti Raymi<\/li>\n\n\n\n<li>Localiza\u00e7\u00e3o privilegiada ao longo do percurso<\/li>\n\n\n\n<li>Evita multid\u00f5es<\/li>\n\n\n\n<li>Experi\u00eancia mais confort\u00e1vel e exclusiva<\/li>\n<\/ul>\n\n\n\n<h3 class=\"wp-block-heading\" id=\"h-recomendacoes-finais-para-sua-viagem-ao-inti-raymi\">Recomenda\u00e7\u00f5es finais para sua viagem ao Inti Raymi<\/h3>\n\n\n\n<ul class=\"wp-block-list\">\n<li><strong>Explore os principais atrativos de Cusco:<\/strong> Aproveite sua viagem para descobrir destinos incr\u00edveis como <a href=\"https:\/\/www.salkantaytrilha.com\/viagem-machu-picchu\/\" target=\"_blank\" rel=\"noreferrer noopener\"><strong>Machu Picchu<\/strong><\/a>, o Vale Sagrado dos Incas e o impressionante centro hist\u00f3rico de Cusco, declarado Patrim\u00f4nio Mundial da UNESCO.<\/li>\n\n\n\n<li><strong>Experimente a gastronomia cusquenha: <\/strong>Saboreie pratos t\u00edpicos andinos como papa a la huanca\u00edna, lomo saltado e o tradicional cuy assado, uma experi\u00eancia gastron\u00f4mica \u00fanica.<\/li>\n<\/ul>\n\n\n\n<div class=\"wp-block-columns is-layout-flex wp-container-core-columns-is-layout-9d6595d7 wp-block-columns-is-layout-flex\">\n<div class=\"wp-block-column is-layout-flow wp-block-column-is-layout-flow\"><div class=\"wp-block-image\">\n<figure class=\"aligncenter size-large\"><img loading=\"lazy\" decoding=\"async\" width=\"1024\" height=\"683\" src=\"https:\/\/www.salkantaytrilha.com\/blog\/wp-content\/uploads\/2024\/05\/Dicas-essenciais-Inti-Raymi-1024x683.jpg\" alt=\"Dicas essenciais para o Inti Raymi\" class=\"wp-image-3228\"\/><figcaption class=\"wp-element-caption\">Dicas essenciais para o Inti Raymi<\/figcaption><\/figure>\n<\/div><\/div>\n<\/div>\n\n\n\n<h2 class=\"wp-block-heading\" id=\"h-perguntas-frequentes-sobre-o-inti-raymi\">Perguntas frequentes sobre o Inti Raymi<\/h2>\n\n\n\n<div class=\"schema-faq wp-block-yoast-faq-block\"><div class=\"schema-faq-section\" id=\"faq-question-1776124668067\"><strong class=\"schema-faq-question\">Por que o Inti Raymi \u00e9 celebrado no dia 24 de junho?<\/strong> <p class=\"schema-faq-answer\">O Inti Raymi \u00e9 celebrado em 24 de junho porque coincide com o solst\u00edcio de inverno no hemisf\u00e9rio sul, o dia mais curto do ano. Para os incas, esse momento simbolizava o renascimento do Sol e o in\u00edcio de um novo ciclo agr\u00edcola.<\/p> <\/div> <div class=\"schema-faq-section\" id=\"faq-question-1776124682397\"><strong class=\"schema-faq-question\">Por que o Inti Raymi foi proibido?<\/strong> <p class=\"schema-faq-answer\">Durante o s\u00e9culo XVI, os conquistadores espanh\u00f3is proibiram o Inti Raymi como parte da imposi\u00e7\u00e3o do catolicismo. No entanto, a tradi\u00e7\u00e3o sobreviveu na mem\u00f3ria coletiva e foi restaurada em 1944 como uma recria\u00e7\u00e3o cultural em Cusco.<\/p> <\/div> <div class=\"schema-faq-section\" id=\"faq-question-1776124707421\"><strong class=\"schema-faq-question\">Onde acontece o Inti Raymi?<\/strong> <p class=\"schema-faq-answer\">O Inti Raymi acontece principalmente em Cusco, antiga capital do Imp\u00e9rio Inca. A cerim\u00f4nia ocorre em tr\u00eas locais principais: Qorikancha, Plaza de Armas e Sacsayhuam\u00e1n.<\/p> <\/div> <div class=\"schema-faq-section\" id=\"faq-question-1776124721901\"><strong class=\"schema-faq-question\">O que era sacrificado no Inti Raymi?<\/strong> <p class=\"schema-faq-answer\">Na \u00e9poca inca, realizava-se o sacrif\u00edcio de uma lhama como oferenda ao deus Sol, com o objetivo de garantir boas colheitas e equil\u00edbrio natural. Atualmente, esse ritual \u00e9 simb\u00f3lico e faz parte da encena\u00e7\u00e3o cultural.<\/p> <\/div> <div class=\"schema-faq-section\" id=\"faq-question-1776124738629\"><strong class=\"schema-faq-question\">O que significa \u201cInti Raymi\u201d?<\/strong> <p class=\"schema-faq-answer\">\u201cInti Raymi\u201d \u00e9 uma express\u00e3o em quechua que significa \u201cFesta do Sol\u201d. Inti quer dizer \u201csol\u201d e Raymi significa \u201ccelebra\u00e7\u00e3o\u201d ou \u201cfestival\u201d. Foi uma das cerim\u00f4nias mais importantes do Imp\u00e9rio Inca.<\/p> <\/div> <div class=\"schema-faq-section\" id=\"faq-question-1776124753910\"><strong class=\"schema-faq-question\">\u00c9 permitido tirar fotos no Inti Raymi?<\/strong> <p class=\"schema-faq-answer\">Sim, \u00e9 permitido tirar fotos durante o Inti Raymi. No entanto, recomenda-se faz\u00ea-lo com respeito, evitando interromper a cerim\u00f4nia ou bloquear a vis\u00e3o de outros espectadores.<\/p> <\/div> <div class=\"schema-faq-section\" id=\"faq-question-1776124769237\"><strong class=\"schema-faq-question\">\u00c9 necess\u00e1rio algum requisito especial para participar?<\/strong> <p class=\"schema-faq-answer\">N\u00e3o s\u00e3o necess\u00e1rios requisitos especiais para assistir ao Inti Raymi. Basta adquirir os ingressos com anteced\u00eancia (caso deseje arquibancada) e respeitar as normas para garantir uma experi\u00eancia segura e aut\u00eantica.<\/p> <\/div> <div class=\"schema-faq-section\" id=\"faq-question-1776124783798\"><strong class=\"schema-faq-question\">Quais s\u00e3o os 4 principais Raymis?<\/strong> <p class=\"schema-faq-answer\">As quatro principais celebra\u00e7\u00f5es, ou raymis, do calend\u00e1rio andino s\u00e3o: o Pawkar Raymi, que ocorre entre fevereiro e mar\u00e7o para comemorar a primeira colheita de milho do ano; o Inti Raymi, que ocorre em junho, em homenagem ao deus sol; o Kulla Raymi, celebrado em setembro, marcando o in\u00edcio da primavera; e o Kapak Raymi, que acontece em dezembro e marca o in\u00edcio do ver\u00e3o andino.<\/p> <\/div> <\/div>\n\n\n\n<h2 class=\"wp-block-heading\" id=\"h-viva-o-inti-raymi-a-festa-do-sol-em-cusco\">Viva o Inti Raymi: a Festa do Sol em Cusco<\/h2>\n\n\n\n<p>Todos os anos, no dia 24 de junho, a cidade de Cusco se transforma no epicentro de uma celebra\u00e7\u00e3o impressionante: o Inti Raymi. Mais do que um espet\u00e1culo, trata-se de uma imers\u00e3o completa na hist\u00f3ria e na cultura do Imp\u00e9rio Inca, onde cada ritual, dan\u00e7a e vestimenta revive seu legado diante dos seus olhos.<\/p>\n\n\n\n<p>Se voc\u00ea est\u00e1 em busca de uma experi\u00eancia cultural aut\u00eantica e inesquec\u00edvel, o Inti Raymi Peru 2026 \u00e9 exatamente o que voc\u00ea procura. Garanta seu lugar e fa\u00e7a parte de uma das experi\u00eancias mais intensas dos Andes. <a href=\"https:\/\/www.salkantaytrilha.com\/tradicional\/passeios-1-dia-cusco\/\" target=\"_blank\" rel=\"noreferrer noopener\"><strong>Cusco<\/strong><\/a> espera por voc\u00ea para viver a magia da hist\u00f3ria inca.<\/p>\n\n\n\n<div class=\"wp-block-columns is-layout-flex wp-container-core-columns-is-layout-9d6595d7 wp-block-columns-is-layout-flex\">\n<div class=\"wp-block-column is-layout-flow wp-block-column-is-layout-flow\"><div class=\"wp-block-image\">\n<figure class=\"aligncenter size-full\"><img loading=\"lazy\" decoding=\"async\" width=\"920\" height=\"613\" src=\"https:\/\/www.salkantaytrilha.com\/blog\/wp-content\/uploads\/2024\/05\/24-junho-inti-raymi-sacsayhuaman.jpg\" alt=\"24 de junho, inti raymi, sacsayhuaman\" class=\"wp-image-76\"\/><figcaption class=\"wp-element-caption\">24 de junho, inti raymi, sacsayhuaman<\/figcaption><\/figure>\n<\/div><\/div>\n<\/div>\n\n\n\n<h2 class=\"wp-block-heading\" id=\"h-voce-tambem-pode-se-interessar-nbsp\">Voc\u00ea tamb\u00e9m pode se interessar:&nbsp;<\/h2>\n\n\n\n<ul class=\"wp-block-list\">\n<li><a href=\"https:\/\/www.salkantaytrilha.com\/blog\/as-melhores-coisas-para-fazer-em-cusco-peru\/\"><strong>As melhores coisas para fazer em Cusco, Peru<\/strong><\/a><\/li>\n\n\n\n<li><a href=\"https:\/\/www.salkantaytrilha.com\/blog\/onde-se-hospedar-em-cusco\/\"><strong>Onde se hospedar em Cusco?<\/strong><\/a><\/li>\n\n\n\n<li><a href=\"https:\/\/www.salkantaytrilha.com\/blog\/guia-viagem-cusco-dicas-recomendacoes\/\"><strong>Guia Essencial de Cusco: Dicas e Recomenda\u00e7\u00f5es para a sua Viagem<\/strong><\/a><\/li>\n\n\n\n<li><a href=\"https:\/\/www.salkantaytrilha.com\/blog\/melhor-epoca-para-visitar-cusco-no-peru\/\"><strong>Melhor \u00e9poca para visitar Cusco, no Peru<\/strong><\/a><\/li>\n<\/ul>\n\n\n\n<p><\/p>\n\n\n\n<ul class=\"wp-block-list lang\">\n<li class=\"en\"><a href=\"https:\/\/www.salkantaytrekking.com\/blog\/inti-raymi-the-festival-of-the-sun\/\">EN<\/a><\/li>\n\n\n\n<li class=\"es\"><a href=\"https:\/\/www.caminosalkantay.com\/blog\/inti-raymi-la-fiesta-del-sol\/\">ES<\/a><\/li>\n<\/ul>\n\n\n\n<p><\/p>\n","protected":false},"excerpt":{"rendered":"<p>Se voc\u00ea est\u00e1 planejando viajar para Cusco em junho, o Inti Raymi Peru \u00e9 uma das experi\u00eancias culturais mais impressionantes que voc\u00ea pode viver. Essa tradi\u00e7\u00e3o ancestral, conhecida como a Festa do Sol, re\u00fane hist\u00f3ria, cultura e espet\u00e1culo em uma [&hellip;]<\/p>\n","protected":false},"author":5,"featured_media":84,"comment_status":"open","ping_status":"open","sticky":false,"template":"","format":"standard","meta":{"footnotes":""},"categories":[1334,1331],"tags":[1338,1340,1339,1336,1337,1335,1341],"class_list":["post-57","post","type-post","status-publish","format-standard","has-post-thumbnail","hentry","category-cultura-andina","category-viagem-em-cusco","tag-comparacao-completa-do-inti-raymi-antes-e-agora","tag-cronograma-do-inti-raymi-2026","tag-guia-completo-do-inti-raymi-peru-2026","tag-historia-do-inti-raymi-no-imperio-inca","tag-o-inti-raymi-na-atualidade","tag-o-que-e-o-inti-raymi","tag-percurso-do-inti-raymi"],"yoast_head":"<!-- This site is optimized with the Yoast SEO Premium plugin v27.4 (Yoast SEO v27.4) - https:\/\/yoast.com\/product\/yoast-seo-premium-wordpress\/ -->\n<title>Inti Raymi no Peru 2026: Guia Completo, Ingressos e Dicas<\/title>\n<meta name=\"description\" content=\"Descubra o Inti Raymi em Cusco: hist\u00f3ria, significado, datas, ingressos e como viver a Festa do Sol no Peru em 2026.\" \/>\n<meta name=\"robots\" content=\"index, follow, max-snippet:-1, max-image-preview:large, max-video-preview:-1\" \/>\n<link rel=\"canonical\" href=\"https:\/\/www.salkantaytrilha.com\/blog\/inti-raymi-a-festa-do-sol\/\" \/>\n<meta property=\"og:locale\" content=\"pt_BR\" \/>\n<meta property=\"og:type\" content=\"article\" \/>\n<meta property=\"og:title\" content=\"Inti Raymi Peru 2026: a Festa do Sol em Cusco\" \/>\n<meta property=\"og:description\" content=\"Descubra o Inti Raymi em Cusco: hist\u00f3ria, significado, datas, ingressos e como viver a Festa do Sol no Peru em 2026.\" \/>\n<meta property=\"og:url\" content=\"https:\/\/www.salkantaytrilha.com\/blog\/inti-raymi-a-festa-do-sol\/\" \/>\n<meta property=\"og:site_name\" content=\"informa\u00e7\u00f5es de viagens\" \/>\n<meta property=\"article:publisher\" content=\"https:\/\/www.facebook.com\/SalkantayTrekking\/\" \/>\n<meta property=\"article:published_time\" content=\"2026-04-14T00:06:10+00:00\" \/>\n<meta property=\"article:modified_time\" content=\"2026-04-16T20:38:41+00:00\" \/>\n<meta property=\"og:image\" content=\"https:\/\/www.salkantaytrilha.com\/blog\/wp-content\/uploads\/2025\/04\/Inti-Raymi-2025-A-Festa-do-Sol-16x9-1-1024x576.png\" \/>\n\t<meta property=\"og:image:width\" content=\"1024\" \/>\n\t<meta property=\"og:image:height\" content=\"576\" \/>\n\t<meta property=\"og:image:type\" content=\"image\/png\" \/>\n<meta name=\"author\" content=\"Jhon Cristopher Mora\" \/>\n<meta name=\"twitter:card\" content=\"summary_large_image\" \/>\n<meta name=\"twitter:creator\" content=\"@salkantayperu\" \/>\n<meta name=\"twitter:site\" content=\"@salkantayperu\" \/>\n<meta name=\"twitter:label1\" content=\"Escrito por\" \/>\n\t<meta name=\"twitter:data1\" content=\"Jhon Cristopher Mora\" \/>\n\t<meta name=\"twitter:label2\" content=\"Est. tempo de leitura\" \/>\n\t<meta name=\"twitter:data2\" content=\"28 minutos\" \/>\n<script type=\"application\/ld+json\" class=\"yoast-schema-graph\">{\"@context\":\"https:\\\/\\\/schema.org\",\"@graph\":[{\"@type\":\"Article\",\"@id\":\"https:\\\/\\\/www.salkantaytrilha.com\\\/blog\\\/inti-raymi-a-festa-do-sol\\\/#article\",\"isPartOf\":{\"@id\":\"https:\\\/\\\/www.salkantaytrilha.com\\\/blog\\\/inti-raymi-a-festa-do-sol\\\/\"},\"author\":{\"name\":\"Jhon Cristopher Mora\",\"@id\":\"https:\\\/\\\/www.salkantaytrilha.com\\\/blog\\\/#\\\/schema\\\/person\\\/85b6857170a58590492968719291ce62\"},\"headline\":\"Inti Raymi Peru 2026: a Festa do Sol em Cusco\",\"datePublished\":\"2026-04-14T00:06:10+00:00\",\"dateModified\":\"2026-04-16T20:38:41+00:00\",\"mainEntityOfPage\":{\"@id\":\"https:\\\/\\\/www.salkantaytrilha.com\\\/blog\\\/inti-raymi-a-festa-do-sol\\\/\"},\"wordCount\":4744,\"commentCount\":0,\"publisher\":{\"@id\":\"https:\\\/\\\/www.salkantaytrilha.com\\\/blog\\\/#organization\"},\"image\":{\"@id\":\"https:\\\/\\\/www.salkantaytrilha.com\\\/blog\\\/inti-raymi-a-festa-do-sol\\\/#primaryimage\"},\"thumbnailUrl\":\"https:\\\/\\\/www.salkantaytrilha.com\\\/blog\\\/wp-content\\\/uploads\\\/2024\\\/05\\\/Inti-Raymi-Festa-Sol-Maior-Evento-Cusco.jpg\",\"keywords\":[\"Compara\u00e7\u00e3o completa do Inti Raymi: antes e agora\",\"Cronograma do Inti Raymi 2026\",\"Guia completo do Inti Raymi Peru 2026\",\"Hist\u00f3ria do Inti Raymi no Imp\u00e9rio Inca\",\"O Inti Raymi na atualidade\",\"O que \u00e9 o Inti Raymi?\",\"Percurso do Inti Raymi\"],\"articleSection\":[\"cultura andina\",\"Viagem em Cusco\"],\"inLanguage\":\"pt-BR\",\"potentialAction\":[{\"@type\":\"CommentAction\",\"name\":\"Comment\",\"target\":[\"https:\\\/\\\/www.salkantaytrilha.com\\\/blog\\\/inti-raymi-a-festa-do-sol\\\/#respond\"]}],\"accessibilityFeature\":[\"tableOfContents\"]},{\"@type\":[\"WebPage\",\"FAQPage\"],\"@id\":\"https:\\\/\\\/www.salkantaytrilha.com\\\/blog\\\/inti-raymi-a-festa-do-sol\\\/\",\"url\":\"https:\\\/\\\/www.salkantaytrilha.com\\\/blog\\\/inti-raymi-a-festa-do-sol\\\/\",\"name\":\"Inti Raymi no Peru 2026: Guia Completo, Ingressos e Dicas\",\"isPartOf\":{\"@id\":\"https:\\\/\\\/www.salkantaytrilha.com\\\/blog\\\/#website\"},\"primaryImageOfPage\":{\"@id\":\"https:\\\/\\\/www.salkantaytrilha.com\\\/blog\\\/inti-raymi-a-festa-do-sol\\\/#primaryimage\"},\"image\":{\"@id\":\"https:\\\/\\\/www.salkantaytrilha.com\\\/blog\\\/inti-raymi-a-festa-do-sol\\\/#primaryimage\"},\"thumbnailUrl\":\"https:\\\/\\\/www.salkantaytrilha.com\\\/blog\\\/wp-content\\\/uploads\\\/2024\\\/05\\\/Inti-Raymi-Festa-Sol-Maior-Evento-Cusco.jpg\",\"datePublished\":\"2026-04-14T00:06:10+00:00\",\"dateModified\":\"2026-04-16T20:38:41+00:00\",\"description\":\"Descubra o Inti Raymi em Cusco: hist\u00f3ria, significado, datas, ingressos e como viver a Festa do Sol no Peru em 2026.\",\"breadcrumb\":{\"@id\":\"https:\\\/\\\/www.salkantaytrilha.com\\\/blog\\\/inti-raymi-a-festa-do-sol\\\/#breadcrumb\"},\"mainEntity\":[{\"@id\":\"https:\\\/\\\/www.salkantaytrilha.com\\\/blog\\\/inti-raymi-a-festa-do-sol\\\/#faq-question-1776124668067\"},{\"@id\":\"https:\\\/\\\/www.salkantaytrilha.com\\\/blog\\\/inti-raymi-a-festa-do-sol\\\/#faq-question-1776124682397\"},{\"@id\":\"https:\\\/\\\/www.salkantaytrilha.com\\\/blog\\\/inti-raymi-a-festa-do-sol\\\/#faq-question-1776124707421\"},{\"@id\":\"https:\\\/\\\/www.salkantaytrilha.com\\\/blog\\\/inti-raymi-a-festa-do-sol\\\/#faq-question-1776124721901\"},{\"@id\":\"https:\\\/\\\/www.salkantaytrilha.com\\\/blog\\\/inti-raymi-a-festa-do-sol\\\/#faq-question-1776124738629\"},{\"@id\":\"https:\\\/\\\/www.salkantaytrilha.com\\\/blog\\\/inti-raymi-a-festa-do-sol\\\/#faq-question-1776124753910\"},{\"@id\":\"https:\\\/\\\/www.salkantaytrilha.com\\\/blog\\\/inti-raymi-a-festa-do-sol\\\/#faq-question-1776124769237\"},{\"@id\":\"https:\\\/\\\/www.salkantaytrilha.com\\\/blog\\\/inti-raymi-a-festa-do-sol\\\/#faq-question-1776124783798\"}],\"inLanguage\":\"pt-BR\",\"potentialAction\":[{\"@type\":\"ReadAction\",\"target\":[\"https:\\\/\\\/www.salkantaytrilha.com\\\/blog\\\/inti-raymi-a-festa-do-sol\\\/\"]}]},{\"@type\":\"ImageObject\",\"inLanguage\":\"pt-BR\",\"@id\":\"https:\\\/\\\/www.salkantaytrilha.com\\\/blog\\\/inti-raymi-a-festa-do-sol\\\/#primaryimage\",\"url\":\"https:\\\/\\\/www.salkantaytrilha.com\\\/blog\\\/wp-content\\\/uploads\\\/2024\\\/05\\\/Inti-Raymi-Festa-Sol-Maior-Evento-Cusco.jpg\",\"contentUrl\":\"https:\\\/\\\/www.salkantaytrilha.com\\\/blog\\\/wp-content\\\/uploads\\\/2024\\\/05\\\/Inti-Raymi-Festa-Sol-Maior-Evento-Cusco.jpg\",\"width\":1920,\"height\":1340,\"caption\":\"Inti Raymi, A Festa do Sol: O Maior Evento de Cusco\"},{\"@type\":\"BreadcrumbList\",\"@id\":\"https:\\\/\\\/www.salkantaytrilha.com\\\/blog\\\/inti-raymi-a-festa-do-sol\\\/#breadcrumb\",\"itemListElement\":[{\"@type\":\"ListItem\",\"position\":1,\"name\":\"In\u00edcio\",\"item\":\"https:\\\/\\\/www.salkantaytrilha.com\\\/blog\\\/\"},{\"@type\":\"ListItem\",\"position\":2,\"name\":\"Inti Raymi Peru 2026: a Festa do Sol em Cusco\"}]},{\"@type\":\"WebSite\",\"@id\":\"https:\\\/\\\/www.salkantaytrilha.com\\\/blog\\\/#website\",\"url\":\"https:\\\/\\\/www.salkantaytrilha.com\\\/blog\\\/\",\"name\":\"informa\u00e7\u00f5es de viagens a Machu Picchu\",\"description\":\"\",\"publisher\":{\"@id\":\"https:\\\/\\\/www.salkantaytrilha.com\\\/blog\\\/#organization\"},\"potentialAction\":[{\"@type\":\"SearchAction\",\"target\":{\"@type\":\"EntryPoint\",\"urlTemplate\":\"https:\\\/\\\/www.salkantaytrilha.com\\\/blog\\\/?s={search_term_string}\"},\"query-input\":{\"@type\":\"PropertyValueSpecification\",\"valueRequired\":true,\"valueName\":\"search_term_string\"}}],\"inLanguage\":\"pt-BR\"},{\"@type\":\"Organization\",\"@id\":\"https:\\\/\\\/www.salkantaytrilha.com\\\/blog\\\/#organization\",\"name\":\"informa\u00e7\u00f5es de viagens a Machu Picchu\",\"url\":\"https:\\\/\\\/www.salkantaytrilha.com\\\/blog\\\/\",\"logo\":{\"@type\":\"ImageObject\",\"inLanguage\":\"pt-BR\",\"@id\":\"https:\\\/\\\/www.salkantaytrilha.com\\\/blog\\\/#\\\/schema\\\/logo\\\/image\\\/\",\"url\":\"https:\\\/\\\/www.salkantaytrilha.com\\\/blog\\\/wp-content\\\/uploads\\\/2024\\\/05\\\/salkantaytrekking-new-300x128-1.png\",\"contentUrl\":\"https:\\\/\\\/www.salkantaytrilha.com\\\/blog\\\/wp-content\\\/uploads\\\/2024\\\/05\\\/salkantaytrekking-new-300x128-1.png\",\"width\":300,\"height\":128,\"caption\":\"informa\u00e7\u00f5es de viagens a Machu Picchu\"},\"image\":{\"@id\":\"https:\\\/\\\/www.salkantaytrilha.com\\\/blog\\\/#\\\/schema\\\/logo\\\/image\\\/\"},\"sameAs\":[\"https:\\\/\\\/www.facebook.com\\\/SalkantayTrekking\\\/\",\"https:\\\/\\\/x.com\\\/salkantayperu\",\"https:\\\/\\\/www.pinterest.com\\\/salkantaytrekking\\\/\",\"https:\\\/\\\/www.instagram.com\\\/salkantaytrekking\\\/\",\"https:\\\/\\\/www.youtube.com\\\/user\\\/salkantaytrekking\",\"https:\\\/\\\/www.tiktok.com\\\/@salkantaytrekking\"]},{\"@type\":\"Person\",\"@id\":\"https:\\\/\\\/www.salkantaytrilha.com\\\/blog\\\/#\\\/schema\\\/person\\\/85b6857170a58590492968719291ce62\",\"name\":\"Jhon Cristopher Mora\",\"image\":{\"@type\":\"ImageObject\",\"inLanguage\":\"pt-BR\",\"@id\":\"https:\\\/\\\/secure.gravatar.com\\\/avatar\\\/5f4f8501fe9a8745effabb2d2a13a401841bd0659633e1b04db13c068451597d?s=96&d=mm&r=g\",\"url\":\"https:\\\/\\\/secure.gravatar.com\\\/avatar\\\/5f4f8501fe9a8745effabb2d2a13a401841bd0659633e1b04db13c068451597d?s=96&d=mm&r=g\",\"contentUrl\":\"https:\\\/\\\/secure.gravatar.com\\\/avatar\\\/5f4f8501fe9a8745effabb2d2a13a401841bd0659633e1b04db13c068451597d?s=96&d=mm&r=g\",\"caption\":\"Jhon Cristopher Mora\"},\"sameAs\":[\"https:\\\/\\\/www.salkantaytrilha.com\\\/blog\\\/\"]},{\"@type\":\"Question\",\"@id\":\"https:\\\/\\\/www.salkantaytrilha.com\\\/blog\\\/inti-raymi-a-festa-do-sol\\\/#faq-question-1776124668067\",\"position\":1,\"url\":\"https:\\\/\\\/www.salkantaytrilha.com\\\/blog\\\/inti-raymi-a-festa-do-sol\\\/#faq-question-1776124668067\",\"name\":\"Por que o Inti Raymi \u00e9 celebrado no dia 24 de junho?\",\"answerCount\":1,\"acceptedAnswer\":{\"@type\":\"Answer\",\"text\":\"O Inti Raymi \u00e9 celebrado em 24 de junho porque coincide com o solst\u00edcio de inverno no hemisf\u00e9rio sul, o dia mais curto do ano. Para os incas, esse momento simbolizava o renascimento do Sol e o in\u00edcio de um novo ciclo agr\u00edcola.\",\"inLanguage\":\"pt-BR\"},\"inLanguage\":\"pt-BR\"},{\"@type\":\"Question\",\"@id\":\"https:\\\/\\\/www.salkantaytrilha.com\\\/blog\\\/inti-raymi-a-festa-do-sol\\\/#faq-question-1776124682397\",\"position\":2,\"url\":\"https:\\\/\\\/www.salkantaytrilha.com\\\/blog\\\/inti-raymi-a-festa-do-sol\\\/#faq-question-1776124682397\",\"name\":\"Por que o Inti Raymi foi proibido?\",\"answerCount\":1,\"acceptedAnswer\":{\"@type\":\"Answer\",\"text\":\"Durante o s\u00e9culo XVI, os conquistadores espanh\u00f3is proibiram o Inti Raymi como parte da imposi\u00e7\u00e3o do catolicismo. No entanto, a tradi\u00e7\u00e3o sobreviveu na mem\u00f3ria coletiva e foi restaurada em 1944 como uma recria\u00e7\u00e3o cultural em Cusco.\",\"inLanguage\":\"pt-BR\"},\"inLanguage\":\"pt-BR\"},{\"@type\":\"Question\",\"@id\":\"https:\\\/\\\/www.salkantaytrilha.com\\\/blog\\\/inti-raymi-a-festa-do-sol\\\/#faq-question-1776124707421\",\"position\":3,\"url\":\"https:\\\/\\\/www.salkantaytrilha.com\\\/blog\\\/inti-raymi-a-festa-do-sol\\\/#faq-question-1776124707421\",\"name\":\"Onde acontece o Inti Raymi?\",\"answerCount\":1,\"acceptedAnswer\":{\"@type\":\"Answer\",\"text\":\"O Inti Raymi acontece principalmente em Cusco, antiga capital do Imp\u00e9rio Inca. A cerim\u00f4nia ocorre em tr\u00eas locais principais: Qorikancha, Plaza de Armas e Sacsayhuam\u00e1n.\",\"inLanguage\":\"pt-BR\"},\"inLanguage\":\"pt-BR\"},{\"@type\":\"Question\",\"@id\":\"https:\\\/\\\/www.salkantaytrilha.com\\\/blog\\\/inti-raymi-a-festa-do-sol\\\/#faq-question-1776124721901\",\"position\":4,\"url\":\"https:\\\/\\\/www.salkantaytrilha.com\\\/blog\\\/inti-raymi-a-festa-do-sol\\\/#faq-question-1776124721901\",\"name\":\"O que era sacrificado no Inti Raymi?\",\"answerCount\":1,\"acceptedAnswer\":{\"@type\":\"Answer\",\"text\":\"Na \u00e9poca inca, realizava-se o sacrif\u00edcio de uma lhama como oferenda ao deus Sol, com o objetivo de garantir boas colheitas e equil\u00edbrio natural. Atualmente, esse ritual \u00e9 simb\u00f3lico e faz parte da encena\u00e7\u00e3o cultural.\",\"inLanguage\":\"pt-BR\"},\"inLanguage\":\"pt-BR\"},{\"@type\":\"Question\",\"@id\":\"https:\\\/\\\/www.salkantaytrilha.com\\\/blog\\\/inti-raymi-a-festa-do-sol\\\/#faq-question-1776124738629\",\"position\":5,\"url\":\"https:\\\/\\\/www.salkantaytrilha.com\\\/blog\\\/inti-raymi-a-festa-do-sol\\\/#faq-question-1776124738629\",\"name\":\"O que significa \u201cInti Raymi\u201d?\",\"answerCount\":1,\"acceptedAnswer\":{\"@type\":\"Answer\",\"text\":\"\u201cInti Raymi\u201d \u00e9 uma express\u00e3o em quechua que significa \u201cFesta do Sol\u201d. Inti quer dizer \u201csol\u201d e Raymi significa \u201ccelebra\u00e7\u00e3o\u201d ou \u201cfestival\u201d. Foi uma das cerim\u00f4nias mais importantes do Imp\u00e9rio Inca.\",\"inLanguage\":\"pt-BR\"},\"inLanguage\":\"pt-BR\"},{\"@type\":\"Question\",\"@id\":\"https:\\\/\\\/www.salkantaytrilha.com\\\/blog\\\/inti-raymi-a-festa-do-sol\\\/#faq-question-1776124753910\",\"position\":6,\"url\":\"https:\\\/\\\/www.salkantaytrilha.com\\\/blog\\\/inti-raymi-a-festa-do-sol\\\/#faq-question-1776124753910\",\"name\":\"\u00c9 permitido tirar fotos no Inti Raymi?\",\"answerCount\":1,\"acceptedAnswer\":{\"@type\":\"Answer\",\"text\":\"Sim, \u00e9 permitido tirar fotos durante o Inti Raymi. No entanto, recomenda-se faz\u00ea-lo com respeito, evitando interromper a cerim\u00f4nia ou bloquear a vis\u00e3o de outros espectadores.\",\"inLanguage\":\"pt-BR\"},\"inLanguage\":\"pt-BR\"},{\"@type\":\"Question\",\"@id\":\"https:\\\/\\\/www.salkantaytrilha.com\\\/blog\\\/inti-raymi-a-festa-do-sol\\\/#faq-question-1776124769237\",\"position\":7,\"url\":\"https:\\\/\\\/www.salkantaytrilha.com\\\/blog\\\/inti-raymi-a-festa-do-sol\\\/#faq-question-1776124769237\",\"name\":\"\u00c9 necess\u00e1rio algum requisito especial para participar?\",\"answerCount\":1,\"acceptedAnswer\":{\"@type\":\"Answer\",\"text\":\"N\u00e3o s\u00e3o necess\u00e1rios requisitos especiais para assistir ao Inti Raymi. Basta adquirir os ingressos com anteced\u00eancia (caso deseje arquibancada) e respeitar as normas para garantir uma experi\u00eancia segura e aut\u00eantica.\",\"inLanguage\":\"pt-BR\"},\"inLanguage\":\"pt-BR\"},{\"@type\":\"Question\",\"@id\":\"https:\\\/\\\/www.salkantaytrilha.com\\\/blog\\\/inti-raymi-a-festa-do-sol\\\/#faq-question-1776124783798\",\"position\":8,\"url\":\"https:\\\/\\\/www.salkantaytrilha.com\\\/blog\\\/inti-raymi-a-festa-do-sol\\\/#faq-question-1776124783798\",\"name\":\"Quais s\u00e3o os 4 principais Raymis?\",\"answerCount\":1,\"acceptedAnswer\":{\"@type\":\"Answer\",\"text\":\"As quatro principais celebra\u00e7\u00f5es, ou raymis, do calend\u00e1rio andino s\u00e3o: o Pawkar Raymi, que ocorre entre fevereiro e mar\u00e7o para comemorar a primeira colheita de milho do ano; o Inti Raymi, que ocorre em junho, em homenagem ao deus sol; o Kulla Raymi, celebrado em setembro, marcando o in\u00edcio da primavera; e o Kapak Raymi, que acontece em dezembro e marca o in\u00edcio do ver\u00e3o andino.\",\"inLanguage\":\"pt-BR\"},\"inLanguage\":\"pt-BR\"}]}<\/script>\n<!-- \/ Yoast SEO Premium plugin. -->","yoast_head_json":{"title":"Inti Raymi no Peru 2026: Guia Completo, Ingressos e Dicas","description":"Descubra o Inti Raymi em Cusco: hist\u00f3ria, significado, datas, ingressos e como viver a Festa do Sol no Peru em 2026.","robots":{"index":"index","follow":"follow","max-snippet":"max-snippet:-1","max-image-preview":"max-image-preview:large","max-video-preview":"max-video-preview:-1"},"canonical":"https:\/\/www.salkantaytrilha.com\/blog\/inti-raymi-a-festa-do-sol\/","og_locale":"pt_BR","og_type":"article","og_title":"Inti Raymi Peru 2026: a Festa do Sol em Cusco","og_description":"Descubra o Inti Raymi em Cusco: hist\u00f3ria, significado, datas, ingressos e como viver a Festa do Sol no Peru em 2026.","og_url":"https:\/\/www.salkantaytrilha.com\/blog\/inti-raymi-a-festa-do-sol\/","og_site_name":"informa\u00e7\u00f5es de viagens","article_publisher":"https:\/\/www.facebook.com\/SalkantayTrekking\/","article_published_time":"2026-04-14T00:06:10+00:00","article_modified_time":"2026-04-16T20:38:41+00:00","og_image":[{"width":1024,"height":576,"url":"https:\/\/www.salkantaytrilha.com\/blog\/wp-content\/uploads\/2025\/04\/Inti-Raymi-2025-A-Festa-do-Sol-16x9-1-1024x576.png","type":"image\/png"}],"author":"Jhon Cristopher Mora","twitter_card":"summary_large_image","twitter_creator":"@salkantayperu","twitter_site":"@salkantayperu","twitter_misc":{"Escrito por":"Jhon Cristopher Mora","Est. tempo de leitura":"28 minutos"},"schema":{"@context":"https:\/\/schema.org","@graph":[{"@type":"Article","@id":"https:\/\/www.salkantaytrilha.com\/blog\/inti-raymi-a-festa-do-sol\/#article","isPartOf":{"@id":"https:\/\/www.salkantaytrilha.com\/blog\/inti-raymi-a-festa-do-sol\/"},"author":{"name":"Jhon Cristopher Mora","@id":"https:\/\/www.salkantaytrilha.com\/blog\/#\/schema\/person\/85b6857170a58590492968719291ce62"},"headline":"Inti Raymi Peru 2026: a Festa do Sol em Cusco","datePublished":"2026-04-14T00:06:10+00:00","dateModified":"2026-04-16T20:38:41+00:00","mainEntityOfPage":{"@id":"https:\/\/www.salkantaytrilha.com\/blog\/inti-raymi-a-festa-do-sol\/"},"wordCount":4744,"commentCount":0,"publisher":{"@id":"https:\/\/www.salkantaytrilha.com\/blog\/#organization"},"image":{"@id":"https:\/\/www.salkantaytrilha.com\/blog\/inti-raymi-a-festa-do-sol\/#primaryimage"},"thumbnailUrl":"https:\/\/www.salkantaytrilha.com\/blog\/wp-content\/uploads\/2024\/05\/Inti-Raymi-Festa-Sol-Maior-Evento-Cusco.jpg","keywords":["Compara\u00e7\u00e3o completa do Inti Raymi: antes e agora","Cronograma do Inti Raymi 2026","Guia completo do Inti Raymi Peru 2026","Hist\u00f3ria do Inti Raymi no Imp\u00e9rio Inca","O Inti Raymi na atualidade","O que \u00e9 o Inti Raymi?","Percurso do Inti Raymi"],"articleSection":["cultura andina","Viagem em Cusco"],"inLanguage":"pt-BR","potentialAction":[{"@type":"CommentAction","name":"Comment","target":["https:\/\/www.salkantaytrilha.com\/blog\/inti-raymi-a-festa-do-sol\/#respond"]}],"accessibilityFeature":["tableOfContents"]},{"@type":["WebPage","FAQPage"],"@id":"https:\/\/www.salkantaytrilha.com\/blog\/inti-raymi-a-festa-do-sol\/","url":"https:\/\/www.salkantaytrilha.com\/blog\/inti-raymi-a-festa-do-sol\/","name":"Inti Raymi no Peru 2026: Guia Completo, Ingressos e Dicas","isPartOf":{"@id":"https:\/\/www.salkantaytrilha.com\/blog\/#website"},"primaryImageOfPage":{"@id":"https:\/\/www.salkantaytrilha.com\/blog\/inti-raymi-a-festa-do-sol\/#primaryimage"},"image":{"@id":"https:\/\/www.salkantaytrilha.com\/blog\/inti-raymi-a-festa-do-sol\/#primaryimage"},"thumbnailUrl":"https:\/\/www.salkantaytrilha.com\/blog\/wp-content\/uploads\/2024\/05\/Inti-Raymi-Festa-Sol-Maior-Evento-Cusco.jpg","datePublished":"2026-04-14T00:06:10+00:00","dateModified":"2026-04-16T20:38:41+00:00","description":"Descubra o Inti Raymi em Cusco: hist\u00f3ria, significado, datas, ingressos e como viver a Festa do Sol no Peru em 2026.","breadcrumb":{"@id":"https:\/\/www.salkantaytrilha.com\/blog\/inti-raymi-a-festa-do-sol\/#breadcrumb"},"mainEntity":[{"@id":"https:\/\/www.salkantaytrilha.com\/blog\/inti-raymi-a-festa-do-sol\/#faq-question-1776124668067"},{"@id":"https:\/\/www.salkantaytrilha.com\/blog\/inti-raymi-a-festa-do-sol\/#faq-question-1776124682397"},{"@id":"https:\/\/www.salkantaytrilha.com\/blog\/inti-raymi-a-festa-do-sol\/#faq-question-1776124707421"},{"@id":"https:\/\/www.salkantaytrilha.com\/blog\/inti-raymi-a-festa-do-sol\/#faq-question-1776124721901"},{"@id":"https:\/\/www.salkantaytrilha.com\/blog\/inti-raymi-a-festa-do-sol\/#faq-question-1776124738629"},{"@id":"https:\/\/www.salkantaytrilha.com\/blog\/inti-raymi-a-festa-do-sol\/#faq-question-1776124753910"},{"@id":"https:\/\/www.salkantaytrilha.com\/blog\/inti-raymi-a-festa-do-sol\/#faq-question-1776124769237"},{"@id":"https:\/\/www.salkantaytrilha.com\/blog\/inti-raymi-a-festa-do-sol\/#faq-question-1776124783798"}],"inLanguage":"pt-BR","potentialAction":[{"@type":"ReadAction","target":["https:\/\/www.salkantaytrilha.com\/blog\/inti-raymi-a-festa-do-sol\/"]}]},{"@type":"ImageObject","inLanguage":"pt-BR","@id":"https:\/\/www.salkantaytrilha.com\/blog\/inti-raymi-a-festa-do-sol\/#primaryimage","url":"https:\/\/www.salkantaytrilha.com\/blog\/wp-content\/uploads\/2024\/05\/Inti-Raymi-Festa-Sol-Maior-Evento-Cusco.jpg","contentUrl":"https:\/\/www.salkantaytrilha.com\/blog\/wp-content\/uploads\/2024\/05\/Inti-Raymi-Festa-Sol-Maior-Evento-Cusco.jpg","width":1920,"height":1340,"caption":"Inti Raymi, A Festa do Sol: O Maior Evento de Cusco"},{"@type":"BreadcrumbList","@id":"https:\/\/www.salkantaytrilha.com\/blog\/inti-raymi-a-festa-do-sol\/#breadcrumb","itemListElement":[{"@type":"ListItem","position":1,"name":"In\u00edcio","item":"https:\/\/www.salkantaytrilha.com\/blog\/"},{"@type":"ListItem","position":2,"name":"Inti Raymi Peru 2026: a Festa do Sol em Cusco"}]},{"@type":"WebSite","@id":"https:\/\/www.salkantaytrilha.com\/blog\/#website","url":"https:\/\/www.salkantaytrilha.com\/blog\/","name":"informa\u00e7\u00f5es de viagens a Machu Picchu","description":"","publisher":{"@id":"https:\/\/www.salkantaytrilha.com\/blog\/#organization"},"potentialAction":[{"@type":"SearchAction","target":{"@type":"EntryPoint","urlTemplate":"https:\/\/www.salkantaytrilha.com\/blog\/?s={search_term_string}"},"query-input":{"@type":"PropertyValueSpecification","valueRequired":true,"valueName":"search_term_string"}}],"inLanguage":"pt-BR"},{"@type":"Organization","@id":"https:\/\/www.salkantaytrilha.com\/blog\/#organization","name":"informa\u00e7\u00f5es de viagens a Machu Picchu","url":"https:\/\/www.salkantaytrilha.com\/blog\/","logo":{"@type":"ImageObject","inLanguage":"pt-BR","@id":"https:\/\/www.salkantaytrilha.com\/blog\/#\/schema\/logo\/image\/","url":"https:\/\/www.salkantaytrilha.com\/blog\/wp-content\/uploads\/2024\/05\/salkantaytrekking-new-300x128-1.png","contentUrl":"https:\/\/www.salkantaytrilha.com\/blog\/wp-content\/uploads\/2024\/05\/salkantaytrekking-new-300x128-1.png","width":300,"height":128,"caption":"informa\u00e7\u00f5es de viagens a Machu Picchu"},"image":{"@id":"https:\/\/www.salkantaytrilha.com\/blog\/#\/schema\/logo\/image\/"},"sameAs":["https:\/\/www.facebook.com\/SalkantayTrekking\/","https:\/\/x.com\/salkantayperu","https:\/\/www.pinterest.com\/salkantaytrekking\/","https:\/\/www.instagram.com\/salkantaytrekking\/","https:\/\/www.youtube.com\/user\/salkantaytrekking","https:\/\/www.tiktok.com\/@salkantaytrekking"]},{"@type":"Person","@id":"https:\/\/www.salkantaytrilha.com\/blog\/#\/schema\/person\/85b6857170a58590492968719291ce62","name":"Jhon Cristopher Mora","image":{"@type":"ImageObject","inLanguage":"pt-BR","@id":"https:\/\/secure.gravatar.com\/avatar\/5f4f8501fe9a8745effabb2d2a13a401841bd0659633e1b04db13c068451597d?s=96&d=mm&r=g","url":"https:\/\/secure.gravatar.com\/avatar\/5f4f8501fe9a8745effabb2d2a13a401841bd0659633e1b04db13c068451597d?s=96&d=mm&r=g","contentUrl":"https:\/\/secure.gravatar.com\/avatar\/5f4f8501fe9a8745effabb2d2a13a401841bd0659633e1b04db13c068451597d?s=96&d=mm&r=g","caption":"Jhon Cristopher Mora"},"sameAs":["https:\/\/www.salkantaytrilha.com\/blog\/"]},{"@type":"Question","@id":"https:\/\/www.salkantaytrilha.com\/blog\/inti-raymi-a-festa-do-sol\/#faq-question-1776124668067","position":1,"url":"https:\/\/www.salkantaytrilha.com\/blog\/inti-raymi-a-festa-do-sol\/#faq-question-1776124668067","name":"Por que o Inti Raymi \u00e9 celebrado no dia 24 de junho?","answerCount":1,"acceptedAnswer":{"@type":"Answer","text":"O Inti Raymi \u00e9 celebrado em 24 de junho porque coincide com o solst\u00edcio de inverno no hemisf\u00e9rio sul, o dia mais curto do ano. Para os incas, esse momento simbolizava o renascimento do Sol e o in\u00edcio de um novo ciclo agr\u00edcola.","inLanguage":"pt-BR"},"inLanguage":"pt-BR"},{"@type":"Question","@id":"https:\/\/www.salkantaytrilha.com\/blog\/inti-raymi-a-festa-do-sol\/#faq-question-1776124682397","position":2,"url":"https:\/\/www.salkantaytrilha.com\/blog\/inti-raymi-a-festa-do-sol\/#faq-question-1776124682397","name":"Por que o Inti Raymi foi proibido?","answerCount":1,"acceptedAnswer":{"@type":"Answer","text":"Durante o s\u00e9culo XVI, os conquistadores espanh\u00f3is proibiram o Inti Raymi como parte da imposi\u00e7\u00e3o do catolicismo. No entanto, a tradi\u00e7\u00e3o sobreviveu na mem\u00f3ria coletiva e foi restaurada em 1944 como uma recria\u00e7\u00e3o cultural em Cusco.","inLanguage":"pt-BR"},"inLanguage":"pt-BR"},{"@type":"Question","@id":"https:\/\/www.salkantaytrilha.com\/blog\/inti-raymi-a-festa-do-sol\/#faq-question-1776124707421","position":3,"url":"https:\/\/www.salkantaytrilha.com\/blog\/inti-raymi-a-festa-do-sol\/#faq-question-1776124707421","name":"Onde acontece o Inti Raymi?","answerCount":1,"acceptedAnswer":{"@type":"Answer","text":"O Inti Raymi acontece principalmente em Cusco, antiga capital do Imp\u00e9rio Inca. A cerim\u00f4nia ocorre em tr\u00eas locais principais: Qorikancha, Plaza de Armas e Sacsayhuam\u00e1n.","inLanguage":"pt-BR"},"inLanguage":"pt-BR"},{"@type":"Question","@id":"https:\/\/www.salkantaytrilha.com\/blog\/inti-raymi-a-festa-do-sol\/#faq-question-1776124721901","position":4,"url":"https:\/\/www.salkantaytrilha.com\/blog\/inti-raymi-a-festa-do-sol\/#faq-question-1776124721901","name":"O que era sacrificado no Inti Raymi?","answerCount":1,"acceptedAnswer":{"@type":"Answer","text":"Na \u00e9poca inca, realizava-se o sacrif\u00edcio de uma lhama como oferenda ao deus Sol, com o objetivo de garantir boas colheitas e equil\u00edbrio natural. Atualmente, esse ritual \u00e9 simb\u00f3lico e faz parte da encena\u00e7\u00e3o cultural.","inLanguage":"pt-BR"},"inLanguage":"pt-BR"},{"@type":"Question","@id":"https:\/\/www.salkantaytrilha.com\/blog\/inti-raymi-a-festa-do-sol\/#faq-question-1776124738629","position":5,"url":"https:\/\/www.salkantaytrilha.com\/blog\/inti-raymi-a-festa-do-sol\/#faq-question-1776124738629","name":"O que significa \u201cInti Raymi\u201d?","answerCount":1,"acceptedAnswer":{"@type":"Answer","text":"\u201cInti Raymi\u201d \u00e9 uma express\u00e3o em quechua que significa \u201cFesta do Sol\u201d. Inti quer dizer \u201csol\u201d e Raymi significa \u201ccelebra\u00e7\u00e3o\u201d ou \u201cfestival\u201d. Foi uma das cerim\u00f4nias mais importantes do Imp\u00e9rio Inca.","inLanguage":"pt-BR"},"inLanguage":"pt-BR"},{"@type":"Question","@id":"https:\/\/www.salkantaytrilha.com\/blog\/inti-raymi-a-festa-do-sol\/#faq-question-1776124753910","position":6,"url":"https:\/\/www.salkantaytrilha.com\/blog\/inti-raymi-a-festa-do-sol\/#faq-question-1776124753910","name":"\u00c9 permitido tirar fotos no Inti Raymi?","answerCount":1,"acceptedAnswer":{"@type":"Answer","text":"Sim, \u00e9 permitido tirar fotos durante o Inti Raymi. No entanto, recomenda-se faz\u00ea-lo com respeito, evitando interromper a cerim\u00f4nia ou bloquear a vis\u00e3o de outros espectadores.","inLanguage":"pt-BR"},"inLanguage":"pt-BR"},{"@type":"Question","@id":"https:\/\/www.salkantaytrilha.com\/blog\/inti-raymi-a-festa-do-sol\/#faq-question-1776124769237","position":7,"url":"https:\/\/www.salkantaytrilha.com\/blog\/inti-raymi-a-festa-do-sol\/#faq-question-1776124769237","name":"\u00c9 necess\u00e1rio algum requisito especial para participar?","answerCount":1,"acceptedAnswer":{"@type":"Answer","text":"N\u00e3o s\u00e3o necess\u00e1rios requisitos especiais para assistir ao Inti Raymi. Basta adquirir os ingressos com anteced\u00eancia (caso deseje arquibancada) e respeitar as normas para garantir uma experi\u00eancia segura e aut\u00eantica.","inLanguage":"pt-BR"},"inLanguage":"pt-BR"},{"@type":"Question","@id":"https:\/\/www.salkantaytrilha.com\/blog\/inti-raymi-a-festa-do-sol\/#faq-question-1776124783798","position":8,"url":"https:\/\/www.salkantaytrilha.com\/blog\/inti-raymi-a-festa-do-sol\/#faq-question-1776124783798","name":"Quais s\u00e3o os 4 principais Raymis?","answerCount":1,"acceptedAnswer":{"@type":"Answer","text":"As quatro principais celebra\u00e7\u00f5es, ou raymis, do calend\u00e1rio andino s\u00e3o: o Pawkar Raymi, que ocorre entre fevereiro e mar\u00e7o para comemorar a primeira colheita de milho do ano; o Inti Raymi, que ocorre em junho, em homenagem ao deus sol; o Kulla Raymi, celebrado em setembro, marcando o in\u00edcio da primavera; e o Kapak Raymi, que acontece em dezembro e marca o in\u00edcio do ver\u00e3o andino.","inLanguage":"pt-BR"},"inLanguage":"pt-BR"}]}},"_links":{"self":[{"href":"https:\/\/www.salkantaytrilha.com\/blog\/wp-json\/wp\/v2\/posts\/57","targetHints":{"allow":["GET"]}}],"collection":[{"href":"https:\/\/www.salkantaytrilha.com\/blog\/wp-json\/wp\/v2\/posts"}],"about":[{"href":"https:\/\/www.salkantaytrilha.com\/blog\/wp-json\/wp\/v2\/types\/post"}],"author":[{"embeddable":true,"href":"https:\/\/www.salkantaytrilha.com\/blog\/wp-json\/wp\/v2\/users\/5"}],"replies":[{"embeddable":true,"href":"https:\/\/www.salkantaytrilha.com\/blog\/wp-json\/wp\/v2\/comments?post=57"}],"version-history":[{"count":30,"href":"https:\/\/www.salkantaytrilha.com\/blog\/wp-json\/wp\/v2\/posts\/57\/revisions"}],"predecessor-version":[{"id":6035,"href":"https:\/\/www.salkantaytrilha.com\/blog\/wp-json\/wp\/v2\/posts\/57\/revisions\/6035"}],"wp:featuredmedia":[{"embeddable":true,"href":"https:\/\/www.salkantaytrilha.com\/blog\/wp-json\/wp\/v2\/media\/84"}],"wp:attachment":[{"href":"https:\/\/www.salkantaytrilha.com\/blog\/wp-json\/wp\/v2\/media?parent=57"}],"wp:term":[{"taxonomy":"category","embeddable":true,"href":"https:\/\/www.salkantaytrilha.com\/blog\/wp-json\/wp\/v2\/categories?post=57"},{"taxonomy":"post_tag","embeddable":true,"href":"https:\/\/www.salkantaytrilha.com\/blog\/wp-json\/wp\/v2\/tags?post=57"}],"curies":[{"name":"wp","href":"https:\/\/api.w.org\/{rel}","templated":true}]}}