{"id":637,"date":"2025-05-12T13:20:00","date_gmt":"2025-05-12T16:20:00","guid":{"rendered":"https:\/\/www.salkantaytrilha.com\/blog\/?p=637"},"modified":"2026-03-02T12:04:12","modified_gmt":"2026-03-02T15:04:12","slug":"montanha-arco-iris-de-palccoyo-tudo-o-que-voce-precisa-saber","status":"publish","type":"post","link":"https:\/\/www.salkantaytrilha.com\/blog\/montanha-arco-iris-de-palccoyo-tudo-o-que-voce-precisa-saber\/","title":{"rendered":"Montanha Arco-\u00cdris de Palccoyo: Tudo o que voc\u00ea precisa saber"},"content":{"rendered":"\n<p>Voc\u00ea com certeza j\u00e1 ouviu falar da famosa Montanha Arco-\u00cdris, Vinicunca, um dos lugares mais visitados do Peru. Mas&#8230; sabia que existe outra Montanha Arco-\u00cdris igualmente impressionante, mais f\u00e1cil de percorrer e muito menos movimentada? Ela se chama Palccoyo e guarda um mundo de cores, paisagens surreais e uma calma absoluta.<\/p>\n\n\n\n<p>Palccoyo n\u00e3o \u00e9 apenas uma montanha: \u00e9 um espet\u00e1culo natural com tr\u00eas montanhas coloridas, uma misteriosa floresta de pedras, o deslumbrante Rio Vermelho e mirantes que oferecem vistas inesquec\u00edveis da cordilheira dos Andes. Neste blog, vamos explorar como chegar a Palccoyo, as melhores \u00e9pocas para visit\u00e1-la e dicas pr\u00e1ticas para aproveitar ao m\u00e1ximo sua visita.<\/p>\n\n\n\n<p>Descubra a melhor alternativa a Vinicunca se voc\u00ea deseja uma jornada com paisagens impressionantes, mas com a tranquilidade de um lugar menos movimentado. A Montanha Arco-\u00cdris de Palccoyo \u00e9 o destino ideal para fam\u00edlias, amantes da natureza ou qualquer viajante em busca de uma experi\u00eancia diferente.<\/p>\n\n\n\n<p>Venha conosco nessa jornada \u00fanica!<\/p>\n\n\n\n<div class=\"wp-block-rank-math-toc-block anchor-links\"><ul><li><a href=\"#h-por-que-palccoyo-tem-essas-cores\" >Por que Palccoyo tem essas cores?<\/a><ul><li><a href=\"#h-sedimentacao-e-elevacao\" >Sedimenta\u00e7\u00e3o e eleva\u00e7\u00e3o<\/a><\/li><li><a href=\"#h-afloramento-e-erosao\" >Afloramento e eros\u00e3o<\/a><\/li><li><a href=\"#h-um-efeito-unico\" >Um efeito \u00fanico<\/a><\/li><\/ul><\/li><li><a href=\"#h-localizacao-e-altitude\" >Localiza\u00e7\u00e3o e altitude<\/a><\/li><li><a href=\"#h-como-chegar-a-palccoyo\" >Como chegar a Palccoyo?<\/a><ul><li><a href=\"#h-por-conta-propria\" >Por conta pr\u00f3pria<\/a><\/li><li><a href=\"#h-tour-a-montanha-arco-iris-de-palccoyo\" >Tour \u00e0 Montanha Arco-\u00cdris de Palccoyo<\/a><\/li><\/ul><\/li><li><a href=\"#h-clima-na-montanha-arco-iris-de-palccoyo\" >Clima na Montanha Arco-\u00cdris de Palccoyo<\/a><ul><li><a href=\"#h-temporada-de-chuvas\" >Temporada de chuvas:<\/a><\/li><li><a href=\"#h-temporada-seca\" >Temporada seca:<\/a><\/li><\/ul><\/li><li><a href=\"#h-o-que-esperar-da-montanha-arco-iris-de-palccoyo\" >O que esperar da Montanha Arco-\u00cdris de Palccoyo?<\/a><ul><li><a href=\"#h-tres-montanhas-arco-iris-impressionantes\" >Tr\u00eas Montanhas Arco-\u00cdris Impressionantes<\/a><\/li><li><a href=\"#h-bosques-de-pedras-gigantes\" >Bosques de Pedras Gigantes<\/a><\/li><li><a href=\"#h-vale-vermelho\" >Vale Vermelho<\/a><\/li><li><a href=\"#h-lhamas-e-alpacas\" >Lhamas e alpacas<\/a><\/li><li><a href=\"#h-passeio-por-checacupe\" >Passeio por Checacupe<\/a><\/li><\/ul><\/li><li><a href=\"#h-qual-a-melhor-vinicunca-palccoyo-ou-as-duas\" >Qual a melhor? Vinicunca, Palccoyo, ou as duas?!<\/a><\/li><li><a href=\"#h-o-que-levar-para-a-montanha-de-cores-de-palccoyo\" >O que levar para a Montanha de Cores de Palccoyo?<\/a><\/li><li><a href=\"#h-recomendacoes-para-a-sua-visita\" >Recomenda\u00e7\u00f5es para a sua visita:<\/a><\/li><li><a href=\"#h-nao-perca-esta-chance-unica\" >N\u00e3o perca esta chance \u00fanica!<\/a><\/li><li><a href=\"#h-voce-pode-se-interessar-por\" >Voc\u00ea pode se interessar por:<\/a><\/li><\/nav><\/ul><\/div>\n\n\n\n<h2 class=\"wp-block-heading\" id=\"h-por-que-palccoyo-tem-essas-cores\">Por que Palccoyo tem essas cores?<\/h2>\n\n\n\n<p>As cores da <a href=\"https:\/\/www.salkantaytrilha.com\/caminhada-no-peru\/montanha-colorida-palccoyo-1d\/\"><strong>Montanha Colorida de Palccoyo<\/strong><\/a><strong>,<\/strong> assim como as da Montanha das 7 Cores (Vinicunca) , s\u00e3o derivadas de um fascinante processo geol\u00f3gico, ocorrido ao longo de milh\u00f5es de anos.<\/p>\n\n\n\n<div class=\"wp-block-columns is-layout-flex wp-container-core-columns-is-layout-9d6595d7 wp-block-columns-is-layout-flex\">\n<div class=\"wp-block-column is-layout-flow wp-block-column-is-layout-flow\"><div class=\"wp-block-image\">\n<figure class=\"aligncenter size-large\"><img loading=\"lazy\" decoding=\"async\" width=\"1024\" height=\"577\" src=\"https:\/\/www.salkantaytrilha.com\/blog\/wp-content\/uploads\/2024\/07\/Palccoyo-A-alternativa-Montanha-do-Arco-Iris-1024x577.jpg\" alt=\"Palccoyo: A alternativa Montanha do Arco-\u00cdris\" class=\"wp-image-649\"\/><figcaption class=\"wp-element-caption\">Palccoyo: A alternativa Montanha do Arco-\u00cdris<\/figcaption><\/figure>\n<\/div><\/div>\n<\/div>\n\n\n\n<h3 class=\"wp-block-heading\" id=\"h-sedimentacao-e-elevacao\">Sedimenta\u00e7\u00e3o e eleva\u00e7\u00e3o<\/h3>\n\n\n\n<p>H\u00e1 milh\u00f5es de anos, a regi\u00e3o onde se encontra<strong> Palccoyo<\/strong> estava submersa sob um mar raso. Durante esse tempo, diferentes tipos de sedimentos, como argila vermelha, arenito, \u00f3xido de ferro e \u00f3xido de cobre, foram sendo sedimentados no fundo do mar, formando camadas de diferentes cores. Milh\u00f5es de anos depois, a for\u00e7a tect\u00f4nica provocou a eleva\u00e7\u00e3o da Cordilheira dos Andes, empurrando para cima, essas camadas de sedimentos.<\/p>\n\n\n\n<h3 class=\"wp-block-heading\" id=\"h-afloramento-e-erosao\">Afloramento e eros\u00e3o<\/h3>\n\n\n\n<p>\u00c0 medida que a terra se elevava, as camadas de sedimentos se comprimiam e se dobravam, criando as ondula\u00e7\u00f5es que podemos ver hoje resultantes nas montanhas. A a\u00e7\u00e3o da \u00e1gua e do vento, sobre as camadas de rocha macia, foi esculpindo a montanha, expondo diferentes faixas de cores. As cores espec\u00edficas devem-se \u00e0 presen\u00e7a de diferentes minerais em cada camada de sedimentos. Por exemplo: A argila vermelha d\u00e1 a colora\u00e7\u00e3o vermelha, o arenito d\u00e1 os tons amarelos e alaranjados, o \u00f3xido de ferro cria a cor marrom, e o \u00f3xido de cobre produz tonalidades esverdeadas e azuladas.<\/p>\n\n\n\n<h3 class=\"wp-block-heading\" id=\"h-um-efeito-unico\">Um efeito \u00fanico<\/h3>\n\n\n\n<p>A combina\u00e7\u00e3o desses minerais, em diferentes propor\u00e7\u00f5es em cada camada, deu origem \u00e0 impressionante gama de cores que podemos observar em <strong>Palccoyo<\/strong>: vermelho ocre, verde, azul turquesa, roxo e branco. \u00c0 medida que a luz incide sobre as encostas da montanha, os diferentes planos e ondula\u00e7\u00f5es ganham destaque, criando um efeito visual impressionante, que faz a montanha se parecer com um imenso arco-\u00edris.<\/p>\n\n\n\n<div class=\"wp-block-columns is-layout-flex wp-container-core-columns-is-layout-9d6595d7 wp-block-columns-is-layout-flex\">\n<div class=\"wp-block-column is-layout-flow wp-block-column-is-layout-flow\"><div class=\"wp-block-image\">\n<figure class=\"aligncenter size-large\"><img loading=\"lazy\" decoding=\"async\" width=\"1024\" height=\"683\" src=\"https:\/\/www.salkantaytrilha.com\/blog\/wp-content\/uploads\/2024\/07\/Montanha-Arco-Iris-Palccoyo-1024x683.jpg\" alt=\"Foto panor\u00e2mica da Montanha do Arco-\u00cdris de Palccoyo\" class=\"wp-image-535\"\/><figcaption class=\"wp-element-caption\">Montanha do Arco-\u00cdris: Palccoyo<\/figcaption><\/figure>\n<\/div><\/div>\n<\/div>\n\n\n\n<div class=\"wp-block-columns is-layout-flex wp-container-core-columns-is-layout-9d6595d7 wp-block-columns-is-layout-flex\">\n<div class=\"wp-block-column is-layout-flow wp-block-column-is-layout-flow\"><div class=\"wp-block-image\">\n<figure class=\"aligncenter size-full\"><img loading=\"lazy\" decoding=\"async\" width=\"800\" height=\"1000\" src=\"https:\/\/www.salkantaytrilha.com\/blog\/wp-content\/uploads\/2024\/07\/Palccoyo-A-montanha-colorida.jpg\" alt=\"Foto panor\u00e2mica de Palccoyo: A montanha das cores\" class=\"wp-image-3476\"\/><figcaption class=\"wp-element-caption\">Palccoyo A montanha colorida<\/figcaption><\/figure>\n<\/div><\/div>\n\n\n\n<div class=\"wp-block-column is-layout-flow wp-block-column-is-layout-flow\"><div class=\"wp-block-image\">\n<figure class=\"aligncenter size-full\"><img loading=\"lazy\" decoding=\"async\" width=\"800\" height=\"1000\" src=\"https:\/\/www.salkantaytrilha.com\/blog\/wp-content\/uploads\/2024\/07\/Montanha-colorida-de-Palccoyo.jpg\" alt=\"Turista em p\u00e9 olhando para a Montanha Colorida de Palccoyo\" class=\"wp-image-3477\"\/><figcaption class=\"wp-element-caption\">Montanha colorida de Palccoyo<\/figcaption><\/figure>\n<\/div><\/div>\n<\/div>\n\n\n\n<h2 class=\"wp-block-heading\" id=\"h-localizacao-e-altitude\">Localiza\u00e7\u00e3o e altitude<\/h2>\n\n\n\n<p>A Montanha de Palccoyo est\u00e1 localizada a 4.900 metros acima do n\u00edvel do mar (16.070 p\u00e9s), 300 metros a menos do que a <a href=\"https:\/\/www.salkantaytrilha.com\/tradicional\/cusco\/montanha-colorida\/\"><strong>Montanha Colorida Vinicunca<\/strong><\/a>, localizada a 5.200 metros acima do n\u00edvel do mar (16.732 p\u00e9s).<\/p>\n\n\n\n<p>Planejar a sua visita a Montanha Arco-\u00cdris de Palcoyo \u00e9 simples: A partir da cidade de <a href=\"https:\/\/www.salkantaytrilha.com\/blog\/as-melhores-excursoes-de-um-dia-partindo-de-cusco\/\"><strong>Cusco<\/strong><\/a>, inicia-se a sua empolgante excurs\u00e3o, de apenas um dia, em dire\u00e7\u00e3o ao distrito de Checacupe, localizado na prov\u00edncia de Canchis. Esse percurso te levar\u00e1 a paisagens surpreendentes, que d\u00e3o a ideia do que lhe aguarda em Palccoyo.<\/p>\n\n\n\n<h2 class=\"wp-block-heading\" id=\"h-como-chegar-a-palccoyo\">Como chegar a Palccoyo?<\/h2>\n\n\n\n<p>Explicamos aqui, as duas formas de chegar a <strong>Palccoyo<\/strong>, para que voc\u00ea escolha a que melhor se adapta ao seu estilo de viagem:<\/p>\n\n\n\n<h3 class=\"wp-block-heading\" id=\"h-por-conta-propria\">Por conta pr\u00f3pria<\/h3>\n\n\n\n<p>Se voc\u00ea \u00e9 do tipo que gosta de explorar com liberdade, visitar Palccoyo por conta pr\u00f3pria pode ser a op\u00e7\u00e3o perfeita. Comece sua aventura pegando um transporte de Cusco at\u00e9 o distrito de <strong>Checacupe<\/strong>, em um trajeto de aproximadamente 3 horas. Depois, voc\u00ea pode continuar de \u00f4nibus ou t\u00e1xi at\u00e9 a <strong>comunidade de Palccoyo<\/strong>. De l\u00e1, basta uma curta caminhada para alcan\u00e7ar a Montanha Arco-\u00cdris, onde paisagens incr\u00edveis e uma experi\u00eancia sem pressa, completamente ao seu ritmo, o aguardam.<\/p>\n\n\n\n<p class=\"red\"><strong>DICA IMPORTANTE:<\/strong> Palccoyo \u00e9 um destino menos frequentado, por isso pode ser mais dif\u00edcil encontrar transporte para a montanha. Recomendamos formar seu pr\u00f3prio grupo de aventureiros e viajar juntos em um ve\u00edculo compartilhado.<\/p>\n\n\n\n<h3 class=\"wp-block-heading\" id=\"h-tour-a-montanha-arco-iris-de-palccoyo\">Tour \u00e0 Montanha Arco-\u00cdris de Palccoyo<\/h3>\n\n\n\n<p>Para quem prefere uma experi\u00eancia mais completa e sem complica\u00e7\u00f5es, a op\u00e7\u00e3o de um tour \u00e9 perfeita. Na <strong>Salkantay Trekking<\/strong>, a op\u00e7\u00e3o inclui transporte, alimenta\u00e7\u00e3o e at\u00e9 um guia que vai explicar tudo sobre o local. Voc\u00ea desfrutar\u00e1 de uma <a href=\"https:\/\/www.salkantaytrilha.com\/caminhada-no-peru\/montanha-colorida-palccoyo-1d\/\"><strong>excurs\u00e3o de um dia \u00e0 Palccoyo<\/strong><\/a>, repleta de aventuras seguras, sem a necessidade de se preocupar com nada: o pacote \u00e9 completo, e inclui tudo o que ser\u00e1 preciso para que voc\u00ea aproveite ao m\u00e1ximo. A op\u00e7\u00e3o via ag\u00eancia, permite que voc\u00ea relaxe e se concentre em desfrutar da beleza de Palccoyo, enquanto aprende sobre a sua hist\u00f3ria e geologia, com especialistas no assunto.<\/p>\n\n\n\n<div class=\"wp-block-columns is-layout-flex wp-container-core-columns-is-layout-9d6595d7 wp-block-columns-is-layout-flex\">\n<div class=\"wp-block-column is-layout-flow wp-block-column-is-layout-flow\"><div class=\"wp-block-image\">\n<figure class=\"aligncenter size-large\"><img loading=\"lazy\" decoding=\"async\" width=\"1024\" height=\"683\" src=\"https:\/\/www.salkantaytrilha.com\/blog\/wp-content\/uploads\/2024\/07\/Tour-Montanha-Colorida-Palccoyo-1024x683.jpg\" alt=\"Tour pela Montanha Colorida de Palccoyo\" class=\"wp-image-544\"\/><figcaption class=\"wp-element-caption\">Tour pela Montanha Colorida de Palccoyo<\/figcaption><\/figure>\n<\/div><\/div>\n<\/div>\n\n\n\n<h2 class=\"wp-block-heading\" id=\"h-clima-na-montanha-arco-iris-de-palccoyo\">Clima na Montanha Arco-\u00cdris de Palccoyo<\/h2>\n\n\n\n<p>Aqui fornecemos uma vis\u00e3o ampla das duas esta\u00e7\u00f5es em Cusco, e como voc\u00ea deve se preparar para cada uma delas: A temporada de chuvas e a temporada seca. \u00c9 muito importante considerar essas varia\u00e7\u00f5es sazonais ao planejar a sua viagem, para aproveitar ao m\u00e1ximo da riqueza natural e cultural da regi\u00e3o.<\/p>\n\n\n\n<h3 class=\"wp-block-heading\" id=\"h-temporada-de-chuvas\">Temporada de chuvas:<\/h3>\n\n\n\n<p>Entre novembro e mar\u00e7o, a <a href=\"https:\/\/www.salkantaytrilha.com\/blog\/temporada-de-chuvas-em-cusco-peru-o-que-esperar-e-como-se-preparar\/\"><strong>temporada de chuvas<\/strong><\/a> d\u00e1 as caras na regi\u00e3o de Cusco, trazendo consigo neblina, granizo ou at\u00e9 mesmo ocasionais quedas de neve. Embora o clima possa ser imprevis\u00edvel, essa \u00e9poca tamb\u00e9m tem seu charme: a montanha exibe cores mais intensas e saturadas gra\u00e7as \u00e0 \u00e1gua, e o n\u00famero de visitantes diminui consideravelmente. Se voc\u00ea tiver sorte com o clima, poder\u00e1 viver uma experi\u00eancia m\u00e1gica.<\/p>\n\n\n\n<p>Al\u00e9m disso, durante a temporada de chuvas, \u00e9 poss\u00edvel testemunhar o fascinante <strong>Rio Vermelho<\/strong>, que serpenteia ao lado da estrada rumo a Palccoyo. Esse curioso fen\u00f4meno natural ocorre quando as chuvas arrastam minerais do solo andino, tingindo suas \u00e1guas de um vermelho intenso.<\/p>\n\n\n\n<h3 class=\"wp-block-heading\" id=\"h-temporada-seca\">Temporada seca:<\/h3>\n\n\n\n<p>Entre abril e outubro ocorre a <a href=\"https:\/\/www.salkantaytrilha.com\/blog\/tudo-o-que-voce-precisa-saber-sobre-a-temporada-seca-em-cusco-no-peru\/\"><strong>temporada seca<\/strong><\/a>. Isso significa c\u00e9us mais claros e limpos, com melhor visibilidade da paisagem andina, o que \u00e9 ideal para os amantes da fotografia. As condi\u00e7\u00f5es clim\u00e1ticas s\u00e3o mais previs\u00edveis e favor\u00e1veis para explorar a montanha, sem risco de precipita\u00e7\u00f5es inesperadas. As trilhas tamb\u00e9m est\u00e3o em melhores condi\u00e7\u00f5es, mais secas e seguras, tornando a caminhada at\u00e9 Palccoyo ainda mais agrad\u00e1vel.<\/p>\n\n\n\n<p class=\"red\"><strong>N\u00c3O FIQUE SEM SEU TOUR:<\/strong> Lembre-se de que esses meses coincidem com a temporada tur\u00edstica, e voc\u00ea encontrar\u00e1 mais visitantes nos principais destinos. Para evitar imprevistos, recomendamos reservar com anteced\u00eancia todas as suas atividades e servi\u00e7os.<\/p>\n\n\n\n<p><strong>Ent\u00e3o, qual \u00e9 a melhor \u00e9poca para visitar Palccoyo?<\/strong> Tudo depende das suas prefer\u00eancias pessoais. Seja que voc\u00ea prefira os c\u00e9us claros da esta\u00e7\u00e3o seca ou as cores vibrantes e o mist\u00e9rio da temporada de chuvas, Palccoyo vai te surpreender em qualquer \u00e9poca do ano. Quer saber mais sobre o clima e o que cada esta\u00e7\u00e3o tem a oferecer? N\u00e3o perca nosso artigo completo: <a href=\"https:\/\/www.salkantaytrilha.com\/blog\/melhor-epoca-para-visitar-cusco-no-peru\/\"><strong>Melhor \u00e9poca para visitar Cusco, Peru.<\/strong><\/a><\/p>\n\n\n\n<div class=\"wp-block-columns is-layout-flex wp-container-core-columns-is-layout-9d6595d7 wp-block-columns-is-layout-flex\">\n<div class=\"wp-block-column is-layout-flow wp-block-column-is-layout-flow\"><div class=\"wp-block-image\">\n<figure class=\"aligncenter size-full\"><img loading=\"lazy\" decoding=\"async\" width=\"800\" height=\"1000\" src=\"https:\/\/www.salkantaytrilha.com\/blog\/wp-content\/uploads\/2024\/07\/Palccoyo-Montanha-Cores.jpg\" alt=\"Palccoyo Montanha das Cores\" class=\"wp-image-647\"\/><figcaption class=\"wp-element-caption\">Palccoyo Montanha das Cores<\/figcaption><\/figure>\n<\/div><\/div>\n\n\n\n<div class=\"wp-block-column is-layout-flow wp-block-column-is-layout-flow\"><div class=\"wp-block-image\">\n<figure class=\"aligncenter size-full\"><img loading=\"lazy\" decoding=\"async\" width=\"800\" height=\"1000\" src=\"https:\/\/www.salkantaytrilha.com\/blog\/wp-content\/uploads\/2024\/07\/Lhama-em-Palccoyo.jpg\" alt=\"Uma lhama na montanha colorida de Palccoyo\" class=\"wp-image-3478\"\/><figcaption class=\"wp-element-caption\">Lhama em Palccoyo<\/figcaption><\/figure>\n<\/div><\/div>\n<\/div>\n\n\n\n<h2 class=\"wp-block-heading\" id=\"h-o-que-esperar-da-montanha-arco-iris-de-palccoyo\">O que esperar da Montanha Arco-\u00cdris de Palccoyo?<\/h2>\n\n\n\n<p>No tour de um dia a Palccoyo, voc\u00ea ver\u00e1 muito mais do que sua incr\u00edvel cordilheira colorida: descobrir\u00e1 tesouros naturais e culturais que far\u00e3o cada passo valer a pena.<\/p>\n\n\n\n<p>A caminhada \u00e9 simples e perfeita para quem busca uma experi\u00eancia tranquila. O terreno \u00e9 majoritariamente plano e sem subidas abruptas. No in\u00edcio, h\u00e1 uma curta escadaria com degraus baixos, f\u00e1ceis de subir. A partir da\u00ed, a trilha segue de forma suave e bem demarcada, com uma passarela de pedra que facilita ainda mais o percurso. Essa rota \u00e9 acess\u00edvel e adequada para todos os tipos de viajantes.<\/p>\n\n\n\n<div class=\"wp-block-columns is-layout-flex wp-container-core-columns-is-layout-9d6595d7 wp-block-columns-is-layout-flex\">\n<div class=\"wp-block-column is-layout-flow wp-block-column-is-layout-flow\"><div class=\"wp-block-image\">\n<figure class=\"aligncenter size-large\"><img loading=\"lazy\" decoding=\"async\" width=\"1024\" height=\"683\" src=\"https:\/\/www.salkantaytrilha.com\/blog\/wp-content\/uploads\/2024\/07\/A-Montanha-Colorida-de-Palccoyo-1024x683.jpg\" alt=\"Turista de costas olhando para a Montanha Colorida de Palccoyo\" class=\"wp-image-3479\"\/><figcaption class=\"wp-element-caption\">A Montanha Colorida de Palccoyo<\/figcaption><\/figure>\n<\/div><\/div>\n<\/div>\n\n\n\n<h3 class=\"wp-block-heading\" id=\"h-tres-montanhas-arco-iris-impressionantes\">Tr\u00eas Montanhas Arco-\u00cdris Impressionantes<\/h3>\n\n\n\n<p>Voc\u00ea leu certo! Em Palccoyo, voc\u00ea n\u00e3o ver\u00e1 apenas uma montanha colorida, mas um conjunto de <strong>tr\u00eas colinas<\/strong>, cada uma com sua pr\u00f3pria gama de tonalidades. Trata-se de um extenso vale andino onde a paisagem parece sa\u00edda de uma pintura: forma\u00e7\u00f5es geol\u00f3gicas em tons de vermelho, verde, amarelo e ocre se revelam diante dos seus olhos durante todo o percurso.<\/p>\n\n\n\n<p>Ao longo da trilha, voc\u00ea encontrar\u00e1 v\u00e1rios mirantes naturais, perfeitos para parar, respirar ar puro e apreciar vistas panor\u00e2micas de tirar o f\u00f4lego. Al\u00e9m disso, s\u00e3o os pontos ideais para capturar as melhores fotos com a montanha, o c\u00e9u e a imensid\u00e3o dos Andes como pano de fundo. Na montanha principal, voc\u00ea poder\u00e1 caminhar sobre suas diferentes camadas e observar como as cores se degradam e se misturam de forma harmoniosa.<\/p>\n\n\n\n<p>Prepare-se, porque ainda h\u00e1 muito mais para ver!<\/p>\n\n\n\n<h3 class=\"wp-block-heading\" id=\"h-bosques-de-pedras-gigantes\">Bosques de Pedras Gigantes<\/h3>\n\n\n\n<p>A caminhada continua por uma grande floresta de pedras: formada por enormes rochas que parecem emergir da terra como esculturas naturais. Essas imponentes pedras, moldadas pela eros\u00e3o do vento e pela passagem do tempo ao longo de milhares de anos, criam uma paisagem completamente diferente que contrasta com as cores vibrantes de Palccoyo.<\/p>\n\n\n\n<p>Tire um tempo para explorar esse deserto incomum que voc\u00ea s\u00f3 pode encontrar neste lugar.<\/p>\n\n\n\n<div class=\"wp-block-columns is-layout-flex wp-container-core-columns-is-layout-9d6595d7 wp-block-columns-is-layout-flex\">\n<div class=\"wp-block-column is-layout-flow wp-block-column-is-layout-flow\"><div class=\"wp-block-image\">\n<figure class=\"aligncenter size-large\"><img loading=\"lazy\" decoding=\"async\" width=\"1024\" height=\"683\" src=\"https:\/\/www.salkantaytrilha.com\/blog\/wp-content\/uploads\/2024\/07\/Florestas-de-pedras-gigantes-1024x683.jpg\" alt=\"Turista nas florestas de pedras gigantes de Palccoyo\" class=\"wp-image-3480\"\/><figcaption class=\"wp-element-caption\">Florestas de pedras gigantes<\/figcaption><\/figure>\n<\/div><\/div>\n<\/div>\n\n\n\n<div class=\"wp-block-columns is-layout-flex wp-container-core-columns-is-layout-9d6595d7 wp-block-columns-is-layout-flex\">\n<div class=\"wp-block-column is-layout-flow wp-block-column-is-layout-flow\"><div class=\"wp-block-image\">\n<figure class=\"aligncenter size-full\"><img loading=\"lazy\" decoding=\"async\" width=\"800\" height=\"1000\" src=\"https:\/\/www.salkantaytrilha.com\/blog\/wp-content\/uploads\/2024\/07\/Florestas-de-pedras-gigantes-na-montanha-de-Palccoyo.jpg\" alt=\"Turista nas florestas de pedras gigantes na montanha de Palccoyo\" class=\"wp-image-3481\"\/><figcaption class=\"wp-element-caption\">Florestas de pedras gigantes na montanha de Palccoyo<\/figcaption><\/figure>\n<\/div><\/div>\n\n\n\n<div class=\"wp-block-column is-layout-flow wp-block-column-is-layout-flow\"><div class=\"wp-block-image\">\n<figure class=\"aligncenter size-full\"><img loading=\"lazy\" decoding=\"async\" width=\"800\" height=\"1000\" src=\"https:\/\/www.salkantaytrilha.com\/blog\/wp-content\/uploads\/2024\/07\/Floresta-de-pedras-gigantes-em-Palccoyo.jpg\" alt=\"Foto panor\u00e2mica da floresta de pedras gigantes na montanha colorida de Palccoyo.\" class=\"wp-image-3482\"\/><figcaption class=\"wp-element-caption\">Floresta de pedras gigantes em Palccoyo<\/figcaption><\/figure>\n<\/div><\/div>\n<\/div>\n\n\n\n<h3 class=\"wp-block-heading\" id=\"h-vale-vermelho\">Vale Vermelho<\/h3>\n\n\n\n<p>Palccoyo abriga um vale de um intenso colorido vermelho, que te transportar\u00e1 para uma atmosfera semelhante \u00e0 do planeta Marte. A vista \u00e9 simplesmente alucinante, e voc\u00ea ficar\u00e1 impressionado com a diversidade de cores que a natureza do lugar oferece. Este vale se destaca por seus tons vibrantes, contrastando com o c\u00e9u e a vegeta\u00e7\u00e3o circundante.<\/p>\n\n\n\n<p class=\"green\"><strong>Maravilhe-se com o Rio Vermelho!<\/strong> Se voc\u00ea viajar durante a temporada de chuvas, poder\u00e1 ver esse rio de cor carmesim. Os sedimentos do Vale Vermelho s\u00e3o arrastados pela chuva, criando esse fen\u00f4meno natural.<\/p>\n\n\n\n<div class=\"wp-block-columns is-layout-flex wp-container-core-columns-is-layout-9d6595d7 wp-block-columns-is-layout-flex\">\n<div class=\"wp-block-column is-layout-flow wp-block-column-is-layout-flow\"><div class=\"wp-block-image\">\n<figure class=\"aligncenter size-full\"><img loading=\"lazy\" decoding=\"async\" width=\"800\" height=\"1000\" src=\"https:\/\/www.salkantaytrilha.com\/blog\/wp-content\/uploads\/2024\/07\/vale-vermelho-montanhas-Palccoyo.jpg\" alt=\"O vale vermelho das montanhas de Palccoyo\" class=\"wp-image-645\"\/><figcaption class=\"wp-element-caption\">O vale vermelho das montanhas de Palccoyo<\/figcaption><\/figure>\n<\/div><\/div>\n\n\n\n<div class=\"wp-block-column is-layout-flow wp-block-column-is-layout-flow\"><div class=\"wp-block-image\">\n<figure class=\"aligncenter size-full\"><img loading=\"lazy\" decoding=\"async\" width=\"800\" height=\"1000\" src=\"https:\/\/www.salkantaytrilha.com\/blog\/wp-content\/uploads\/2024\/07\/Rio-Vermelho-na-rota-de-Palccoyo.jpg\" alt=\"O impressionante Rio Vermelho na colorida rota de montanha de Palccoyo\" class=\"wp-image-3483\"\/><figcaption class=\"wp-element-caption\">Rio Vermelho na rota de Palccoyo<\/figcaption><\/figure>\n<\/div><\/div>\n<\/div>\n\n\n\n<h3 class=\"wp-block-heading\" id=\"h-lhamas-e-alpacas\">Lhamas e alpacas<\/h3>\n\n\n\n<p>Ao longo da trilha, voc\u00ea ter\u00e1 a oportunidade de observar <a href=\"https:\/\/www.salkantaytrilha.com\/blog\/lhama-alpaca-vicunha-e-guanaco-parecidos-mas-completamente-diferentes\/\"><strong>lhamas e alpacas<\/strong><\/a> pastando livremente. Esses encantadores animais, n\u00e3o s\u00e3o apenas uma parte integral da cultura andina, mas tamb\u00e9m adicionam uma dose extra de magia e encantamento \u00e0 sua experi\u00eancia nas alturas andinas. Sua presen\u00e7a permite que voc\u00ea se conecte, mais profundamente, com a vida local e obtenha fotografias maravilhosas.<\/p>\n\n\n\n<div class=\"wp-block-columns is-layout-flex wp-container-core-columns-is-layout-9d6595d7 wp-block-columns-is-layout-flex\">\n<div class=\"wp-block-column is-layout-flow wp-block-column-is-layout-flow\"><div class=\"wp-block-image\">\n<figure class=\"aligncenter size-full\"><img loading=\"lazy\" decoding=\"async\" width=\"800\" height=\"1000\" src=\"https:\/\/www.salkantaytrilha.com\/blog\/wp-content\/uploads\/2024\/07\/Homem-andino-lhama-Montanha-Colorida-Palccoyo.jpg\" alt=\"Homem andino e uma lhama na Montanha Colorida de Palccoyo\" class=\"wp-image-575\"\/><figcaption class=\"wp-element-caption\">Uma lhama na Montanha Colorida de Palccoyo<\/figcaption><\/figure>\n<\/div><\/div>\n\n\n\n<div class=\"wp-block-column is-layout-flow wp-block-column-is-layout-flow\"><div class=\"wp-block-image\">\n<figure class=\"aligncenter size-full\"><img loading=\"lazy\" decoding=\"async\" width=\"800\" height=\"1000\" src=\"https:\/\/www.salkantaytrilha.com\/blog\/wp-content\/uploads\/2024\/07\/pessoa-andina-alpaca-montanha-colorida-Palccoyo.jpg\" alt=\"Uma pessoa andina e uma alpaca na montanha colorida de Palccoyo\" class=\"wp-image-578\"\/><figcaption class=\"wp-element-caption\">Uma alpaca na montanha colorida de Palccoyo<\/figcaption><\/figure>\n<\/div><\/div>\n<\/div>\n\n\n\n<h3 class=\"wp-block-heading\" id=\"h-passeio-por-checacupe\">Passeio por Checacupe<\/h3>\n\n\n\n<p>Depois da sua caminhada em Palccoyo, voc\u00ea pode explorar o distrito de <strong>Checacupe<\/strong>. L\u00e1, poder\u00e1 admirar tr\u00eas pontes que representam diferentes \u00e9pocas da hist\u00f3ria peruana:<\/p>\n\n\n\n<ul class=\"wp-block-list\">\n<li>Ponte Inca,<\/li>\n\n\n\n<li>Ponte Colonial<\/li>\n\n\n\n<li>Ponte Republicana.<\/li>\n<\/ul>\n\n\n\n<p>Esse pequeno passeio permite apreciar a rica heran\u00e7a cultural da regi\u00e3o e a evolu\u00e7\u00e3o de suas constru\u00e7\u00f5es ao longo do tempo. Esses pontos de interesse tornam a caminhada at\u00e9 Palccoyo uma experi\u00eancia rica e diversa, oferecendo uma mistura de maravilhas naturais e culturais que deixar\u00e3o lembran\u00e7as inesquec\u00edveis.<\/p>\n\n\n\n<div class=\"wp-block-columns is-layout-flex wp-container-core-columns-is-layout-9d6595d7 wp-block-columns-is-layout-flex\">\n<div class=\"wp-block-column is-layout-flow wp-block-column-is-layout-flow\"><div class=\"wp-block-image\">\n<figure class=\"aligncenter size-full\"><img loading=\"lazy\" decoding=\"async\" width=\"800\" height=\"1000\" src=\"https:\/\/www.salkantaytrilha.com\/blog\/wp-content\/uploads\/2024\/07\/Ponte-cidade-Checacupe.jpg\" alt=\"Ponte na cidade de Checacupe\" class=\"wp-image-643\"\/><figcaption class=\"wp-element-caption\">Ponte na cidade de Checacupe<\/figcaption><\/figure>\n<\/div><\/div>\n\n\n\n<div class=\"wp-block-column is-layout-flow wp-block-column-is-layout-flow\"><div class=\"wp-block-image\">\n<figure class=\"aligncenter size-full\"><img loading=\"lazy\" decoding=\"async\" width=\"800\" height=\"1000\" src=\"https:\/\/www.salkantaytrilha.com\/blog\/wp-content\/uploads\/2024\/07\/cidade-Checacupe.jpg\" alt=\"A cidade de Checacupe\" class=\"wp-image-644\"\/><figcaption class=\"wp-element-caption\">A cidade de Checacupe<\/figcaption><\/figure>\n<\/div><\/div>\n<\/div>\n\n\n\n<h2 class=\"wp-block-heading\" id=\"h-qual-a-melhor-vinicunca-palccoyo-ou-as-duas\">Qual a melhor? Vinicunca, Palccoyo, ou as duas?!<\/h2>\n\n\n\n<p>Agora que voc\u00ea conhece um pouco mais sobre Palccoyo, provavelmente est\u00e1 se perguntando: vale a pena visit\u00e1-la em vez de Vinicunca? Ambas as montanhas est\u00e3o relativamente pr\u00f3ximas uma da outra e oferecem paisagens coloridas que parecem tiradas de outro planeta. No entanto, cada uma tem sua pr\u00f3pria personalidade e vantagens.<\/p>\n\n\n\n<p>A seguir, vamos comparar alguns aspectos para te ajudar a decidir qual \u00e9 <a href=\"https:\/\/www.salkantaytrilha.com\/blog\/a-melhor-montanha-colorida-no-peru-vinicunca-palccoyo-ou-pallay-punchu\/\"><strong>a melhor montanha colorida no Peru<\/strong><\/a>, e qual se adapta melhor aos seus gostos, expectativas e tipo de aventura. Continue lendo e descubra qual \u00e9 a sua montanha ideal!<\/p>\n\n\n\n<figure class=\"wp-block-table\"><table class=\"has-fixed-layout\"><thead><tr><th>Montanha<\/th><th>Palccoyo<\/th><th>Vinicunca (Montanha das 7 Cores)<\/th><\/tr><\/thead><tbody><tr><td><strong>Altitude<\/strong><\/td><td>4.900 msnm\/16,076 p\u00e9s<\/td><td>5.200 msnm\/16,732 p\u00e9s<\/td><\/tr><tr><td><strong>Tempo da trilha (ida e volta)<\/strong><\/td><td>1 hora e meia<\/td><td>4 horas<\/td><\/tr><tr><td><strong>Desafio da trilha<\/strong><\/td><td>Menos exigente e mais curta<\/td><td>Mais desafiadora e extensa<\/td><\/tr><tr><td><strong>Acessibilidade<\/strong><\/td><td>Mais acess\u00edvel e adequada para diversas idades<\/td><td>Pode requerer mais esfor\u00e7o f\u00edsico e tempo<\/td><\/tr><tr><td><strong>Mal de altitude<\/strong><\/td><td>Menor risco de desenvolver o mal de altitude<\/td><td>Maior altitude, mais risco de desenvolver o mal de altitude<\/td><\/tr><tr><td><strong>Paisagem e cores<\/strong><\/td><td>Ver\u00e1 um total de 3 montanhas coloridas, bosques de Pedras Gigantes e as pontes de Checacupe<\/td><td>Ver\u00e1 1 grande montanha colorida. com a impressionante paisagem do nevado Ausangate<\/td><\/tr><tr><td><strong>N\u00famero de visitantes<\/strong><\/td><td>Poucos<\/td><td>Muitos<\/td><\/tr><tr><td><strong>Necessita de cavalo?<\/strong><\/td><td>N\u00e3o<\/td><td>N\u00e3o (opcional)<\/td><\/tr><tr><td><strong>Experi\u00eancia geral<\/strong><\/td><td>Ideal para quem prefere uma experi\u00eancia menos cansativa<\/td><td>Para quem busca uma trilha desafiadora<\/td><\/tr><\/tbody><\/table><\/figure>\n\n\n\n<p>Palccoyo \u00e9 uma op\u00e7\u00e3o mais acess\u00edvel e f\u00e1cil de percorrer, perfeita para fam\u00edlias ou aqueles viajantes que buscam uma caminhada r\u00e1pida e simples. Suas rotas, menos exigentes, e a menor aflu\u00eancia de turistas, tornam a experi\u00eancia mais tranquila e relaxante, ideal para desfrutar da beleza natural, sem grandes esfor\u00e7os.<\/p>\n\n\n\n<p>Por outro lado, Vinicunca apresenta um desafio maior, sendo a escolha ideal para aqueles que buscam uma experi\u00eancia mais desafiadora, e est\u00e3o dispostos a empreender uma trilha mais longa e \u00e1rdua. A recompensa de chegar ao topo, podendo contemplar a famosa Montanha das 7 Cores, \u00e9 incompar\u00e1vel, oferecendo uma vista espetacular que justifica o esfor\u00e7o.<\/p>\n\n\n\n<p>Se voc\u00ea tiver tempo e energia, considere explorar ambas as montanhas. Ao visitar tanto Palccoyo quanto Vinicunca. Voc\u00ea poder\u00e1 desfrutar da diversidade de paisagens e cores que cada uma delas oferece. Esta experi\u00eancia dupla permitir\u00e1 que voc\u00ea aprecie as diferentes forma\u00e7\u00f5es geol\u00f3gicas, os contrastes na flora e na fauna, e a variada atmosfera que caracteriza cada uma. Dessa forma, voc\u00ea ter\u00e1 uma vis\u00e3o mais abrangente e completa das maravilhas naturais e coloridas que o Peru tem para lhe oferecer.<\/p>\n\n\n\n<p class=\"red\"><strong>Voc\u00ea sabia que\u2026?<\/strong> Existe uma terceira Montanha Arco-\u00cdris em Cusco chamada <a href=\"https:\/\/www.salkantaytrilha.com\/blog\/montanha-colorida-no-peru-pallay-punchu-do-apu-tacllo\/\"><strong>Pallay Punchu.<\/strong><\/a> Ela se distingue pela forma pontiaguda de suas colinas rochosas e suas lindas cores. Leia nosso blog sobre as <a href=\"https:\/\/www.salkantaytrilha.com\/blog\/palccoyo-vs-pallay-punchu-duas-belas-maravilhas-naturais-do-peru\/\"><strong>diferen\u00e7as entre Palccoyo e Pallay Punchu <\/strong><\/a>para compar\u00e1-las e escolher a que mais combina com voc\u00ea.<\/p>\n\n\n\n<div class=\"wp-block-columns is-layout-flex wp-container-core-columns-is-layout-9d6595d7 wp-block-columns-is-layout-flex\">\n<div class=\"wp-block-column is-layout-flow wp-block-column-is-layout-flow\"><div class=\"wp-block-image\">\n<figure class=\"aligncenter size-full\"><img loading=\"lazy\" decoding=\"async\" width=\"800\" height=\"1000\" src=\"https:\/\/www.salkantaytrilha.com\/blog\/wp-content\/uploads\/2024\/07\/Palccoyo.jpg\" alt=\"Palccoyo\" class=\"wp-image-542\"\/><figcaption class=\"wp-element-caption\">Palccoyo<\/figcaption><\/figure>\n<\/div><\/div>\n\n\n\n<div class=\"wp-block-column is-layout-flow wp-block-column-is-layout-flow\"><div class=\"wp-block-image\">\n<figure class=\"aligncenter size-large\"><img loading=\"lazy\" decoding=\"async\" width=\"819\" height=\"1024\" src=\"https:\/\/www.salkantaytrilha.com\/blog\/wp-content\/uploads\/2024\/07\/Vinicunca-Montanha-do-Arco-Iris-@bui_basics-819x1024.jpg\" alt=\"Vinicunca Montanha do Arco-\u00cdris | @bui_basics\" class=\"wp-image-450\"\/><figcaption class=\"wp-element-caption\">Vinicunca Montanha do Arco-\u00cdris | @bui_basics<\/figcaption><\/figure>\n<\/div><\/div>\n<\/div>\n\n\n\n<h2 class=\"wp-block-heading\" id=\"h-o-que-levar-para-a-montanha-de-cores-de-palccoyo\">O que levar para a Montanha de Cores de Palccoyo?<\/h2>\n\n\n\n<p>A seguir, apresentamos uma lista de itens b\u00e1sicos que voc\u00ea deve levar para sua visita \u00e0 <strong>Montanha de Cores Palccoyo<\/strong>:<\/p>\n\n\n\n<h4 class=\"wp-block-heading\" id=\"h-roupas\"><strong>Roupas:<\/strong><\/h4>\n\n\n\n<ul class=\"wp-block-list\">\n<li><strong>Camadas de roupa: <\/strong>Vista-se em camadas (segunda pele), para se adaptar \u00e0s mudan\u00e7as de temperatura. Comece com roupas leves para o in\u00edcio da trilha e leve camadas mais quentes para o topo, onde o clima pode ser frio e ventoso.<\/li>\n\n\n\n<li><strong>Jaqueta imperme\u00e1vel:<\/strong> A chuva ou a neve podem aparecer a qualquer momento nas montanhas, por isso uma jaqueta imperme\u00e1vel \u00e9 crucial para mant\u00ea-lo seco e confort\u00e1vel.<\/li>\n\n\n\n<li><strong>Botas de caminhada:<\/strong> Um cal\u00e7ado adequado \u00e9 fundamental para proteger seus p\u00e9s e proporcionar estabilidade em terrenos irregulares. Escolha botas de caminhada resistentes e imperme\u00e1veis, que se ajustem bem aos seus p\u00e9s.<\/li>\n<\/ul>\n\n\n\n<h4 class=\"wp-block-heading\" id=\"h-acessorios\"><strong>Acess\u00f3rios:<\/strong><\/h4>\n\n\n\n<ul class=\"wp-block-list\">\n<li><strong>Garrafa de \u00e1gua:<\/strong> Mantenha-se hidratado, durante toda a trilha, levando \u00e1gua suficiente. Uma garrafa reutiliz\u00e1vel \u00e9 ideal para reduzir o impacto ambiental.<\/li>\n\n\n\n<li><strong>Protetor solar:<\/strong> Os raios UV do sol s\u00e3o mais intensos na altitude, por isso \u00e9 importante proteger sua pele com protetor solar de alto fator.<\/li>\n\n\n\n<li><strong>\u00d3culos de sol:<\/strong> Proteja seus olhos do sol e do vento com \u00f3culos de sol de boa qualidade.<\/li>\n\n\n\n<li><strong>C\u00e2mera:<\/strong> Capture as paisagens impressionantes e os momentos inesquec\u00edveis da sua aventura com uma c\u00e2mera.<\/li>\n\n\n\n<li><strong>Papel higi\u00eanico:<\/strong> Um item essencial, que muitas vezes \u00e9 esquecido. Certifique-se de levar papel higi\u00eanico suficiente para uso pessoal.<\/li>\n\n\n\n<li><strong>Mochila pequena:<\/strong> Leve uma mochila pequena para guardar seus pertences essenciais durante a trilha.<\/li>\n\n\n\n<li><strong>Chap\u00e9u ou bon\u00e9:<\/strong> Proteja sua cabe\u00e7a do sol e do frio com um chap\u00e9u ou bon\u00e9.<\/li>\n\n\n\n<li><strong>Luvas: <\/strong>Mantenha suas m\u00e3os quentes em climas frios com luvas.<\/li>\n\n\n\n<li><strong>Bast\u00f5es de caminhada:<\/strong> Os bast\u00f5es de caminhada podem ajudar a manter o equil\u00edbrio, reduzir a tens\u00e3o nas articula\u00e7\u00f5es, e melhorar seu ritmo durante a trilha.<\/li>\n<\/ul>\n\n\n\n<h4 class=\"wp-block-heading\" id=\"h-outros\"><strong>Outros:<\/strong><\/h4>\n\n\n\n<ul class=\"wp-block-list\">\n<li><strong>Dinheiro em esp\u00e9cie: <\/strong>Pode ser que n\u00e3o haja caixas eletr\u00f4nicos na \u00e1rea, por isso leve dinheiro suficiente para cobrir suas despesas.<\/li>\n\n\n\n<li><strong>Lanches: <\/strong>Mantenha seus n\u00edveis de energia com lanches leves e nutritivos, como frutas secas, barras energ\u00e9ticas ou nozes.<\/li>\n\n\n\n<li><strong>Poncho para a chuva:<\/strong> Um poncho para a chuva leve e compacto proteger\u00e1 voc\u00ea de chuvas ou neve inesperadas.<\/li>\n\n\n\n<li><strong>Documento de identidade:<\/strong> N\u00e3o se esque\u00e7a de levar seu documento de identidade, para qualquer eventualidade.<\/li>\n<\/ul>\n\n\n\n<div class=\"wp-block-columns is-layout-flex wp-container-core-columns-is-layout-9d6595d7 wp-block-columns-is-layout-flex\">\n<div class=\"wp-block-column is-layout-flow wp-block-column-is-layout-flow\"><div class=\"wp-block-image\">\n<figure class=\"aligncenter size-full\"><img loading=\"lazy\" decoding=\"async\" width=\"920\" height=\"613\" src=\"https:\/\/www.salkantaytrilha.com\/blog\/wp-content\/uploads\/2024\/05\/Lista-bagagem-caminhadas.jpg\" alt=\"Lista de bagagem para caminhadas\" class=\"wp-image-380\"\/><figcaption class=\"wp-element-caption\">Lista de bagagem para caminhadas<\/figcaption><\/figure>\n<\/div><\/div>\n<\/div>\n\n\n\n<div class=\"wp-block-columns is-layout-flex wp-container-core-columns-is-layout-9d6595d7 wp-block-columns-is-layout-flex\">\n<div class=\"wp-block-column is-layout-flow wp-block-column-is-layout-flow\"><div class=\"wp-block-image\">\n<figure class=\"aligncenter size-full\"><img loading=\"lazy\" decoding=\"async\" width=\"800\" height=\"1000\" src=\"https:\/\/www.salkantaytrilha.com\/blog\/wp-content\/uploads\/2024\/07\/Mirante-montanha-colorida-Palccoyo.jpg\" alt=\"Mirante da montanha colorida de Palccoyo\" class=\"wp-image-543\"\/><figcaption class=\"wp-element-caption\">Mirante da montanha colorida de Palccoyo<\/figcaption><\/figure>\n<\/div><\/div>\n\n\n\n<div class=\"wp-block-column is-layout-flow wp-block-column-is-layout-flow\"><div class=\"wp-block-image\">\n<figure class=\"aligncenter size-full\"><img loading=\"lazy\" decoding=\"async\" width=\"800\" height=\"1000\" src=\"https:\/\/www.salkantaytrilha.com\/blog\/wp-content\/uploads\/2024\/07\/Turistas-montanha-Palccoyo.jpg\" alt=\"Um casal de turistas na montanha de Palccoyo\" class=\"wp-image-642\"\/><figcaption class=\"wp-element-caption\">Turistas na montanha de Palccoyo<\/figcaption><\/figure>\n<\/div><\/div>\n<\/div>\n\n\n\n<h2 class=\"wp-block-heading\" id=\"h-recomendacoes-para-a-sua-visita\">Recomenda\u00e7\u00f5es para a sua visita:<\/h2>\n\n\n\n<ul class=\"wp-block-list\">\n<li><strong>Aclimatar-se \u00e0 altitude: <\/strong>Como Cusco est\u00e1 a quase 3.400 metros acima do n\u00edvel do mar, \u00e9 necess\u00e1rio passar por um per\u00edodo de <a href=\"https:\/\/www.salkantaytrilha.com\/blog\/aclimatacao-em-cusco-tudo-o-que-voce-precisa-saber\/\"><strong>aclimata\u00e7\u00e3o<\/strong> <\/a>na cidade alguns dias antes de iniciar a sua trilha.<\/li>\n\n\n\n<li><strong>Levar roupa adequada: <\/strong>Recomenda-se levar roupas quentes, imperme\u00e1veis e cal\u00e7ados confort\u00e1veis para a trilha.<\/li>\n\n\n\n<li><strong>Protetor solar e chap\u00e9u:<\/strong> O sol \u00e9 intenso nas alturas, por isso \u00e9 importante proteger-se dele.<\/li>\n\n\n\n<li><strong>\u00c1gua e lanches:<\/strong> \u00c9 importante levar \u00e1gua suficiente e lanches para a trilha.<\/li>\n\n\n\n<li><strong>Dinheiro em esp\u00e9cie: <\/strong>Pode ser que n\u00e3o haja caixas eletr\u00f4nicos na \u00e1rea, por isso \u00e9 recomend\u00e1vel levar dinheiro em esp\u00e9cie.<\/li>\n<\/ul>\n\n\n\n<div class=\"wp-block-columns is-layout-flex wp-container-core-columns-is-layout-9d6595d7 wp-block-columns-is-layout-flex\">\n<div class=\"wp-block-column is-layout-flow wp-block-column-is-layout-flow\"><div class=\"wp-block-image\">\n<figure class=\"aligncenter size-full\"><img loading=\"lazy\" decoding=\"async\" width=\"920\" height=\"920\" src=\"https:\/\/www.salkantaytrilha.com\/blog\/wp-content\/uploads\/2024\/07\/A-montanha-de-Palccoyo.jpg\" alt=\"A montanha de Palccoyo est\u00e1 localizada no povoado de mesmo nome, Cusco\" class=\"wp-image-641\"\/><figcaption class=\"wp-element-caption\">A montanha de Palccoyo<\/figcaption><\/figure>\n<\/div><\/div>\n<\/div>\n\n\n\n<h2 class=\"wp-block-heading\" id=\"h-nao-perca-esta-chance-unica\">N\u00e3o perca esta chance \u00fanica!<\/h2>\n\n\n\n<p>Esta excurs\u00e3o \u00e0 Palccoyo \u00e9 a sua grande chance, uma oportunidade que voc\u00ea n\u00e3o pode perder de vivenciar cen\u00e1rios incr\u00edveis durante a sua visita a Cusco! Se voc\u00ea est\u00e1 procurando escapar das multid\u00f5es, mergulhando na beleza natural dos Andes peruanos, essa trilha \u00e9 uma op\u00e7\u00e3o fant\u00e1stica, que n\u00e3o vai te deixar com a l\u00edngua de fora! Fique tranquilo: Palccoyo \u00e9 uma aventura tranquila e serena, longe da agita\u00e7\u00e3o dos destinos tur\u00edsticos mais populares.<\/p>\n\n\n\n<p>Ao longo do percurso \u00fanico, voc\u00ea ver\u00e1 paisagens impressionantes: Desde o imponente Vale Vermelho, at\u00e9 os fascinantes bosques de pedras gigantes. A cada passo, voc\u00ea estar\u00e1 cada vez mais pr\u00f3ximo da majestosa cordilheira de cores de Palccoyo, onde voc\u00ea ser\u00e1 testemunha de uma vista simplesmente espetacular, que vai lhe deixar sem f\u00f4lego!<\/p>\n\n\n\n<p>Ent\u00e3o, n\u00e3o hesite em explorar Palccoyo. Mergulhe na magia deste lugar \u00fanico!&nbsp;<\/p>\n\n\n\n<p>Garantimos que voc\u00ea n\u00e3o vai se decepcionar! Anime-se em descobrir este tesouro escondido, criando lembran\u00e7as inesquec\u00edveis, que ir\u00e1 guardar para sempre, da sua viagem a Cusco!<\/p>\n\n\n\n<h2 class=\"wp-block-heading\" id=\"h-voce-pode-se-interessar-por\">Voc\u00ea pode se interessar por:<\/h2>\n\n\n\n<ul class=\"wp-block-list\">\n<li><a href=\"https:\/\/www.salkantaytrilha.com\/blog\/a-melhor-montanha-colorida-no-peru-vinicunca-palccoyo-ou-pallay-punchu\/\"><strong>A Melhor Montanha Colorida no Peru: Vinicunca, Palccoyo ou Pallay Punchu?<\/strong><\/a><\/li>\n\n\n\n<li><a href=\"https:\/\/www.salkantaytrilha.com\/blog\/montanha-arco-iris-vinicunca-tudo-o-que-voce-precisa-saber\/\"><strong>Montanha Arco-\u00cdris, Vinicunca 2025: Tudo o Que Voc\u00ea Precisa Saber<\/strong><\/a><\/li>\n\n\n\n<li><a href=\"https:\/\/www.salkantaytrilha.com\/blog\/palccoyo-vs-pallay-punchu-duas-belas-maravilhas-naturais-do-peru\/\"><strong>Palccoyo vs. Pallay Punchu | Duas belas maravilhas naturais do Peru.<\/strong><\/a><\/li>\n\n\n\n<li><a href=\"https:\/\/www.salkantaytrilha.com\/blog\/montanha-colorida-no-peru-pallay-punchu-do-apu-tacllo\/\"><strong>Montanha Arco-\u00cdris de Pallay Punchu: Tudo o que voc\u00ea precisa saber<\/strong><\/a><\/li>\n\n\n\n<li><a href=\"https:\/\/www.salkantaytrilha.com\/blog\/descubra-o-vale-vermelho-de-cusco-e-sinta-se-em-outro-planeta\/\"><strong>Descubra o Vale Vermelho de Cusco e sinta-se em outro planeta<\/strong><\/a><\/li>\n\n\n\n<li><a href=\"https:\/\/www.salkantaytrilha.com\/blog\/qual-o-melhor-momento-para-visitar-o-peru\/\"><strong>Qual o melhor momento para visitar o Peru?<\/strong><\/a><\/li>\n<\/ul>\n\n\n\n<p><\/p>\n\n\n\n<ul class=\"wp-block-list lang\">\n<li class=\"en\"><a href=\"https:\/\/www.salkantaytrekking.com\/blog\/rainbow-mountain-palccoyo-everything-you-need-to-know\/\">EN<\/a><\/li>\n\n\n\n<li class=\"es\"><a href=\"https:\/\/www.caminosalkantay.com\/blog\/palccoyo-la-montana-arcoiris-en-peru\/\">ES<\/a><\/li>\n<\/ul>\n\n\n\n<p><\/p>\n","protected":false},"excerpt":{"rendered":"<p>Voc\u00ea com certeza j\u00e1 ouviu falar da famosa Montanha Arco-\u00cdris, Vinicunca, um dos lugares mais visitados do Peru. Mas&#8230; sabia que existe outra Montanha Arco-\u00cdris igualmente impressionante, mais f\u00e1cil de percorrer e muito menos movimentada? Ela se chama Palccoyo e [&hellip;]<\/p>\n","protected":false},"author":1,"featured_media":3474,"comment_status":"open","ping_status":"open","sticky":false,"template":"","format":"standard","meta":{"footnotes":""},"categories":[982,71,117,282],"tags":[213,215,72,218,116,217,216,179,114],"class_list":["post-637","post","type-post","status-publish","format-standard","has-post-thumbnail","hentry","category-montanha","category-montanha-arco-iris","category-montanha-palccoyo","category-palccoyo","tag-como-chegar-a-palccoyo","tag-lhamas-e-alpacas","tag-montanha-arco-iris","tag-montanha-de-cores-de-palccoyo","tag-montanha-palccoyo","tag-palccoyo","tag-passeio-por-checacupe","tag-vale-vermelho","tag-vinicunca"],"yoast_head":"<!-- This site is optimized with the Yoast SEO Premium plugin v27.4 (Yoast SEO v27.4) - https:\/\/yoast.com\/product\/yoast-seo-premium-wordpress\/ -->\n<title>Montanha Arco-\u00cdris de Palccoyo: Tudo o que voc\u00ea precisa saber - informa\u00e7\u00f5es de viagens<\/title>\n<meta name=\"description\" content=\"Descubra a Montanha Palccoyo, um tesouro escondido nos Andes peruanos. Maravilhe-se com sua beleza incompar\u00e1vel e explos\u00e3o de cores.\" \/>\n<meta name=\"robots\" content=\"index, follow, max-snippet:-1, max-image-preview:large, max-video-preview:-1\" \/>\n<link rel=\"canonical\" href=\"https:\/\/www.salkantaytrilha.com\/blog\/montanha-arco-iris-de-palccoyo-tudo-o-que-voce-precisa-saber\/\" \/>\n<meta property=\"og:locale\" content=\"pt_BR\" \/>\n<meta property=\"og:type\" content=\"article\" \/>\n<meta property=\"og:title\" content=\"Montanha Arco-\u00cdris de Palccoyo: Tudo o que voc\u00ea precisa saber\" \/>\n<meta property=\"og:description\" content=\"Descubra a Montanha Palccoyo, um tesouro escondido nos Andes peruanos. Maravilhe-se com sua beleza incompar\u00e1vel e explos\u00e3o de cores.\" \/>\n<meta property=\"og:url\" content=\"https:\/\/www.salkantaytrilha.com\/blog\/montanha-arco-iris-de-palccoyo-tudo-o-que-voce-precisa-saber\/\" \/>\n<meta property=\"og:site_name\" content=\"informa\u00e7\u00f5es de viagens\" \/>\n<meta property=\"article:publisher\" content=\"https:\/\/www.facebook.com\/SalkantayTrekking\/\" \/>\n<meta property=\"article:published_time\" content=\"2025-05-12T16:20:00+00:00\" \/>\n<meta property=\"article:modified_time\" content=\"2026-03-02T15:04:12+00:00\" \/>\n<meta property=\"og:image\" content=\"https:\/\/www.salkantaytrilha.com\/blog\/wp-content\/uploads\/2025\/05\/Montanha-Arco-Iris-de-Palccoyo-Tudo-o-que-voce-precisa-saber-16x9-1.jpg\" \/>\n\t<meta property=\"og:image:width\" content=\"1920\" \/>\n\t<meta property=\"og:image:height\" content=\"1080\" \/>\n\t<meta property=\"og:image:type\" content=\"image\/jpeg\" \/>\n<meta name=\"author\" content=\"Trilha Salkantay\" \/>\n<meta name=\"twitter:card\" content=\"summary_large_image\" \/>\n<meta name=\"twitter:creator\" content=\"@salkantayperu\" \/>\n<meta name=\"twitter:site\" content=\"@salkantayperu\" \/>\n<meta name=\"twitter:label1\" content=\"Escrito por\" \/>\n\t<meta name=\"twitter:data1\" content=\"Trilha Salkantay\" \/>\n\t<meta name=\"twitter:label2\" content=\"Est. tempo de leitura\" \/>\n\t<meta name=\"twitter:data2\" content=\"22 minutos\" \/>\n<script type=\"application\/ld+json\" class=\"yoast-schema-graph\">{\"@context\":\"https:\\\/\\\/schema.org\",\"@graph\":[{\"@type\":\"Article\",\"@id\":\"https:\\\/\\\/www.salkantaytrilha.com\\\/blog\\\/montanha-arco-iris-de-palccoyo-tudo-o-que-voce-precisa-saber\\\/#article\",\"isPartOf\":{\"@id\":\"https:\\\/\\\/www.salkantaytrilha.com\\\/blog\\\/montanha-arco-iris-de-palccoyo-tudo-o-que-voce-precisa-saber\\\/\"},\"author\":{\"name\":\"Trilha Salkantay\",\"@id\":\"https:\\\/\\\/www.salkantaytrilha.com\\\/blog\\\/#\\\/schema\\\/person\\\/aa0e6175beac59e6519e5407b3d13d0d\"},\"headline\":\"Montanha Arco-\u00cdris de Palccoyo: Tudo o que voc\u00ea precisa saber\",\"datePublished\":\"2025-05-12T16:20:00+00:00\",\"dateModified\":\"2026-03-02T15:04:12+00:00\",\"mainEntityOfPage\":{\"@id\":\"https:\\\/\\\/www.salkantaytrilha.com\\\/blog\\\/montanha-arco-iris-de-palccoyo-tudo-o-que-voce-precisa-saber\\\/\"},\"wordCount\":3273,\"commentCount\":0,\"publisher\":{\"@id\":\"https:\\\/\\\/www.salkantaytrilha.com\\\/blog\\\/#organization\"},\"image\":{\"@id\":\"https:\\\/\\\/www.salkantaytrilha.com\\\/blog\\\/montanha-arco-iris-de-palccoyo-tudo-o-que-voce-precisa-saber\\\/#primaryimage\"},\"thumbnailUrl\":\"https:\\\/\\\/www.salkantaytrilha.com\\\/blog\\\/wp-content\\\/uploads\\\/2024\\\/07\\\/Montanha-Arco-Iris-de-Palccoyo.jpg\",\"keywords\":[\"Como chegar a Palccoyo\",\"Lhamas e alpacas\",\"Montanha Arco-\u00cdris\",\"Montanha de Cores de Palccoyo\",\"Montanha Palccoyo\",\"Palccoyo\",\"Passeio por Checacupe\",\"Vale Vermelho\",\"Vinicunca\"],\"articleSection\":[\"Montanha\",\"Montanha Arco-\u00cdris\",\"Montanha Palccoyo\",\"Palccoyo\"],\"inLanguage\":\"pt-BR\",\"potentialAction\":[{\"@type\":\"CommentAction\",\"name\":\"Comment\",\"target\":[\"https:\\\/\\\/www.salkantaytrilha.com\\\/blog\\\/montanha-arco-iris-de-palccoyo-tudo-o-que-voce-precisa-saber\\\/#respond\"]}]},{\"@type\":\"WebPage\",\"@id\":\"https:\\\/\\\/www.salkantaytrilha.com\\\/blog\\\/montanha-arco-iris-de-palccoyo-tudo-o-que-voce-precisa-saber\\\/\",\"url\":\"https:\\\/\\\/www.salkantaytrilha.com\\\/blog\\\/montanha-arco-iris-de-palccoyo-tudo-o-que-voce-precisa-saber\\\/\",\"name\":\"Montanha Arco-\u00cdris de Palccoyo: Tudo o que voc\u00ea precisa saber - informa\u00e7\u00f5es de viagens\",\"isPartOf\":{\"@id\":\"https:\\\/\\\/www.salkantaytrilha.com\\\/blog\\\/#website\"},\"primaryImageOfPage\":{\"@id\":\"https:\\\/\\\/www.salkantaytrilha.com\\\/blog\\\/montanha-arco-iris-de-palccoyo-tudo-o-que-voce-precisa-saber\\\/#primaryimage\"},\"image\":{\"@id\":\"https:\\\/\\\/www.salkantaytrilha.com\\\/blog\\\/montanha-arco-iris-de-palccoyo-tudo-o-que-voce-precisa-saber\\\/#primaryimage\"},\"thumbnailUrl\":\"https:\\\/\\\/www.salkantaytrilha.com\\\/blog\\\/wp-content\\\/uploads\\\/2024\\\/07\\\/Montanha-Arco-Iris-de-Palccoyo.jpg\",\"datePublished\":\"2025-05-12T16:20:00+00:00\",\"dateModified\":\"2026-03-02T15:04:12+00:00\",\"description\":\"Descubra a Montanha Palccoyo, um tesouro escondido nos Andes peruanos. Maravilhe-se com sua beleza incompar\u00e1vel e explos\u00e3o de cores.\",\"breadcrumb\":{\"@id\":\"https:\\\/\\\/www.salkantaytrilha.com\\\/blog\\\/montanha-arco-iris-de-palccoyo-tudo-o-que-voce-precisa-saber\\\/#breadcrumb\"},\"inLanguage\":\"pt-BR\",\"potentialAction\":[{\"@type\":\"ReadAction\",\"target\":[\"https:\\\/\\\/www.salkantaytrilha.com\\\/blog\\\/montanha-arco-iris-de-palccoyo-tudo-o-que-voce-precisa-saber\\\/\"]}]},{\"@type\":\"ImageObject\",\"inLanguage\":\"pt-BR\",\"@id\":\"https:\\\/\\\/www.salkantaytrilha.com\\\/blog\\\/montanha-arco-iris-de-palccoyo-tudo-o-que-voce-precisa-saber\\\/#primaryimage\",\"url\":\"https:\\\/\\\/www.salkantaytrilha.com\\\/blog\\\/wp-content\\\/uploads\\\/2024\\\/07\\\/Montanha-Arco-Iris-de-Palccoyo.jpg\",\"contentUrl\":\"https:\\\/\\\/www.salkantaytrilha.com\\\/blog\\\/wp-content\\\/uploads\\\/2024\\\/07\\\/Montanha-Arco-Iris-de-Palccoyo.jpg\",\"width\":1873,\"height\":1249,\"caption\":\"Montanha Arco-\u00cdris de Palccoyo\"},{\"@type\":\"BreadcrumbList\",\"@id\":\"https:\\\/\\\/www.salkantaytrilha.com\\\/blog\\\/montanha-arco-iris-de-palccoyo-tudo-o-que-voce-precisa-saber\\\/#breadcrumb\",\"itemListElement\":[{\"@type\":\"ListItem\",\"position\":1,\"name\":\"In\u00edcio\",\"item\":\"https:\\\/\\\/www.salkantaytrilha.com\\\/blog\\\/\"},{\"@type\":\"ListItem\",\"position\":2,\"name\":\"Montanha Arco-\u00cdris de Palccoyo: Tudo o que voc\u00ea precisa saber\"}]},{\"@type\":\"WebSite\",\"@id\":\"https:\\\/\\\/www.salkantaytrilha.com\\\/blog\\\/#website\",\"url\":\"https:\\\/\\\/www.salkantaytrilha.com\\\/blog\\\/\",\"name\":\"informa\u00e7\u00f5es de viagens a Machu Picchu\",\"description\":\"\",\"publisher\":{\"@id\":\"https:\\\/\\\/www.salkantaytrilha.com\\\/blog\\\/#organization\"},\"potentialAction\":[{\"@type\":\"SearchAction\",\"target\":{\"@type\":\"EntryPoint\",\"urlTemplate\":\"https:\\\/\\\/www.salkantaytrilha.com\\\/blog\\\/?s={search_term_string}\"},\"query-input\":{\"@type\":\"PropertyValueSpecification\",\"valueRequired\":true,\"valueName\":\"search_term_string\"}}],\"inLanguage\":\"pt-BR\"},{\"@type\":\"Organization\",\"@id\":\"https:\\\/\\\/www.salkantaytrilha.com\\\/blog\\\/#organization\",\"name\":\"informa\u00e7\u00f5es de viagens a Machu Picchu\",\"url\":\"https:\\\/\\\/www.salkantaytrilha.com\\\/blog\\\/\",\"logo\":{\"@type\":\"ImageObject\",\"inLanguage\":\"pt-BR\",\"@id\":\"https:\\\/\\\/www.salkantaytrilha.com\\\/blog\\\/#\\\/schema\\\/logo\\\/image\\\/\",\"url\":\"https:\\\/\\\/www.salkantaytrilha.com\\\/blog\\\/wp-content\\\/uploads\\\/2024\\\/05\\\/salkantaytrekking-new-300x128-1.png\",\"contentUrl\":\"https:\\\/\\\/www.salkantaytrilha.com\\\/blog\\\/wp-content\\\/uploads\\\/2024\\\/05\\\/salkantaytrekking-new-300x128-1.png\",\"width\":300,\"height\":128,\"caption\":\"informa\u00e7\u00f5es de viagens a Machu Picchu\"},\"image\":{\"@id\":\"https:\\\/\\\/www.salkantaytrilha.com\\\/blog\\\/#\\\/schema\\\/logo\\\/image\\\/\"},\"sameAs\":[\"https:\\\/\\\/www.facebook.com\\\/SalkantayTrekking\\\/\",\"https:\\\/\\\/x.com\\\/salkantayperu\",\"https:\\\/\\\/www.pinterest.com\\\/salkantaytrekking\\\/\",\"https:\\\/\\\/www.instagram.com\\\/salkantaytrekking\\\/\",\"https:\\\/\\\/www.youtube.com\\\/user\\\/salkantaytrekking\",\"https:\\\/\\\/www.tiktok.com\\\/@salkantaytrekking\"]},{\"@type\":\"Person\",\"@id\":\"https:\\\/\\\/www.salkantaytrilha.com\\\/blog\\\/#\\\/schema\\\/person\\\/aa0e6175beac59e6519e5407b3d13d0d\",\"name\":\"Trilha Salkantay\",\"image\":{\"@type\":\"ImageObject\",\"inLanguage\":\"pt-BR\",\"@id\":\"https:\\\/\\\/secure.gravatar.com\\\/avatar\\\/b41678a33c57a2bf0032b7c254611fc97caffd94ade0663405b364d1c0177d1d?s=96&d=mm&r=g\",\"url\":\"https:\\\/\\\/secure.gravatar.com\\\/avatar\\\/b41678a33c57a2bf0032b7c254611fc97caffd94ade0663405b364d1c0177d1d?s=96&d=mm&r=g\",\"contentUrl\":\"https:\\\/\\\/secure.gravatar.com\\\/avatar\\\/b41678a33c57a2bf0032b7c254611fc97caffd94ade0663405b364d1c0177d1d?s=96&d=mm&r=g\",\"caption\":\"Trilha Salkantay\"},\"sameAs\":[\"https:\\\/\\\/www.salkantaytrilha.com\\\/blog\"]}]}<\/script>\n<!-- \/ Yoast SEO Premium plugin. -->","yoast_head_json":{"title":"Montanha Arco-\u00cdris de Palccoyo: Tudo o que voc\u00ea precisa saber - informa\u00e7\u00f5es de viagens","description":"Descubra a Montanha Palccoyo, um tesouro escondido nos Andes peruanos. Maravilhe-se com sua beleza incompar\u00e1vel e explos\u00e3o de cores.","robots":{"index":"index","follow":"follow","max-snippet":"max-snippet:-1","max-image-preview":"max-image-preview:large","max-video-preview":"max-video-preview:-1"},"canonical":"https:\/\/www.salkantaytrilha.com\/blog\/montanha-arco-iris-de-palccoyo-tudo-o-que-voce-precisa-saber\/","og_locale":"pt_BR","og_type":"article","og_title":"Montanha Arco-\u00cdris de Palccoyo: Tudo o que voc\u00ea precisa saber","og_description":"Descubra a Montanha Palccoyo, um tesouro escondido nos Andes peruanos. Maravilhe-se com sua beleza incompar\u00e1vel e explos\u00e3o de cores.","og_url":"https:\/\/www.salkantaytrilha.com\/blog\/montanha-arco-iris-de-palccoyo-tudo-o-que-voce-precisa-saber\/","og_site_name":"informa\u00e7\u00f5es de viagens","article_publisher":"https:\/\/www.facebook.com\/SalkantayTrekking\/","article_published_time":"2025-05-12T16:20:00+00:00","article_modified_time":"2026-03-02T15:04:12+00:00","og_image":[{"width":1920,"height":1080,"url":"https:\/\/www.salkantaytrilha.com\/blog\/wp-content\/uploads\/2025\/05\/Montanha-Arco-Iris-de-Palccoyo-Tudo-o-que-voce-precisa-saber-16x9-1.jpg","type":"image\/jpeg"}],"author":"Trilha Salkantay","twitter_card":"summary_large_image","twitter_creator":"@salkantayperu","twitter_site":"@salkantayperu","twitter_misc":{"Escrito por":"Trilha Salkantay","Est. tempo de leitura":"22 minutos"},"schema":{"@context":"https:\/\/schema.org","@graph":[{"@type":"Article","@id":"https:\/\/www.salkantaytrilha.com\/blog\/montanha-arco-iris-de-palccoyo-tudo-o-que-voce-precisa-saber\/#article","isPartOf":{"@id":"https:\/\/www.salkantaytrilha.com\/blog\/montanha-arco-iris-de-palccoyo-tudo-o-que-voce-precisa-saber\/"},"author":{"name":"Trilha Salkantay","@id":"https:\/\/www.salkantaytrilha.com\/blog\/#\/schema\/person\/aa0e6175beac59e6519e5407b3d13d0d"},"headline":"Montanha Arco-\u00cdris de Palccoyo: Tudo o que voc\u00ea precisa saber","datePublished":"2025-05-12T16:20:00+00:00","dateModified":"2026-03-02T15:04:12+00:00","mainEntityOfPage":{"@id":"https:\/\/www.salkantaytrilha.com\/blog\/montanha-arco-iris-de-palccoyo-tudo-o-que-voce-precisa-saber\/"},"wordCount":3273,"commentCount":0,"publisher":{"@id":"https:\/\/www.salkantaytrilha.com\/blog\/#organization"},"image":{"@id":"https:\/\/www.salkantaytrilha.com\/blog\/montanha-arco-iris-de-palccoyo-tudo-o-que-voce-precisa-saber\/#primaryimage"},"thumbnailUrl":"https:\/\/www.salkantaytrilha.com\/blog\/wp-content\/uploads\/2024\/07\/Montanha-Arco-Iris-de-Palccoyo.jpg","keywords":["Como chegar a Palccoyo","Lhamas e alpacas","Montanha Arco-\u00cdris","Montanha de Cores de Palccoyo","Montanha Palccoyo","Palccoyo","Passeio por Checacupe","Vale Vermelho","Vinicunca"],"articleSection":["Montanha","Montanha Arco-\u00cdris","Montanha Palccoyo","Palccoyo"],"inLanguage":"pt-BR","potentialAction":[{"@type":"CommentAction","name":"Comment","target":["https:\/\/www.salkantaytrilha.com\/blog\/montanha-arco-iris-de-palccoyo-tudo-o-que-voce-precisa-saber\/#respond"]}]},{"@type":"WebPage","@id":"https:\/\/www.salkantaytrilha.com\/blog\/montanha-arco-iris-de-palccoyo-tudo-o-que-voce-precisa-saber\/","url":"https:\/\/www.salkantaytrilha.com\/blog\/montanha-arco-iris-de-palccoyo-tudo-o-que-voce-precisa-saber\/","name":"Montanha Arco-\u00cdris de Palccoyo: Tudo o que voc\u00ea precisa saber - informa\u00e7\u00f5es de viagens","isPartOf":{"@id":"https:\/\/www.salkantaytrilha.com\/blog\/#website"},"primaryImageOfPage":{"@id":"https:\/\/www.salkantaytrilha.com\/blog\/montanha-arco-iris-de-palccoyo-tudo-o-que-voce-precisa-saber\/#primaryimage"},"image":{"@id":"https:\/\/www.salkantaytrilha.com\/blog\/montanha-arco-iris-de-palccoyo-tudo-o-que-voce-precisa-saber\/#primaryimage"},"thumbnailUrl":"https:\/\/www.salkantaytrilha.com\/blog\/wp-content\/uploads\/2024\/07\/Montanha-Arco-Iris-de-Palccoyo.jpg","datePublished":"2025-05-12T16:20:00+00:00","dateModified":"2026-03-02T15:04:12+00:00","description":"Descubra a Montanha Palccoyo, um tesouro escondido nos Andes peruanos. Maravilhe-se com sua beleza incompar\u00e1vel e explos\u00e3o de cores.","breadcrumb":{"@id":"https:\/\/www.salkantaytrilha.com\/blog\/montanha-arco-iris-de-palccoyo-tudo-o-que-voce-precisa-saber\/#breadcrumb"},"inLanguage":"pt-BR","potentialAction":[{"@type":"ReadAction","target":["https:\/\/www.salkantaytrilha.com\/blog\/montanha-arco-iris-de-palccoyo-tudo-o-que-voce-precisa-saber\/"]}]},{"@type":"ImageObject","inLanguage":"pt-BR","@id":"https:\/\/www.salkantaytrilha.com\/blog\/montanha-arco-iris-de-palccoyo-tudo-o-que-voce-precisa-saber\/#primaryimage","url":"https:\/\/www.salkantaytrilha.com\/blog\/wp-content\/uploads\/2024\/07\/Montanha-Arco-Iris-de-Palccoyo.jpg","contentUrl":"https:\/\/www.salkantaytrilha.com\/blog\/wp-content\/uploads\/2024\/07\/Montanha-Arco-Iris-de-Palccoyo.jpg","width":1873,"height":1249,"caption":"Montanha Arco-\u00cdris de Palccoyo"},{"@type":"BreadcrumbList","@id":"https:\/\/www.salkantaytrilha.com\/blog\/montanha-arco-iris-de-palccoyo-tudo-o-que-voce-precisa-saber\/#breadcrumb","itemListElement":[{"@type":"ListItem","position":1,"name":"In\u00edcio","item":"https:\/\/www.salkantaytrilha.com\/blog\/"},{"@type":"ListItem","position":2,"name":"Montanha Arco-\u00cdris de Palccoyo: Tudo o que voc\u00ea precisa saber"}]},{"@type":"WebSite","@id":"https:\/\/www.salkantaytrilha.com\/blog\/#website","url":"https:\/\/www.salkantaytrilha.com\/blog\/","name":"informa\u00e7\u00f5es de viagens a Machu Picchu","description":"","publisher":{"@id":"https:\/\/www.salkantaytrilha.com\/blog\/#organization"},"potentialAction":[{"@type":"SearchAction","target":{"@type":"EntryPoint","urlTemplate":"https:\/\/www.salkantaytrilha.com\/blog\/?s={search_term_string}"},"query-input":{"@type":"PropertyValueSpecification","valueRequired":true,"valueName":"search_term_string"}}],"inLanguage":"pt-BR"},{"@type":"Organization","@id":"https:\/\/www.salkantaytrilha.com\/blog\/#organization","name":"informa\u00e7\u00f5es de viagens a Machu Picchu","url":"https:\/\/www.salkantaytrilha.com\/blog\/","logo":{"@type":"ImageObject","inLanguage":"pt-BR","@id":"https:\/\/www.salkantaytrilha.com\/blog\/#\/schema\/logo\/image\/","url":"https:\/\/www.salkantaytrilha.com\/blog\/wp-content\/uploads\/2024\/05\/salkantaytrekking-new-300x128-1.png","contentUrl":"https:\/\/www.salkantaytrilha.com\/blog\/wp-content\/uploads\/2024\/05\/salkantaytrekking-new-300x128-1.png","width":300,"height":128,"caption":"informa\u00e7\u00f5es de viagens a Machu Picchu"},"image":{"@id":"https:\/\/www.salkantaytrilha.com\/blog\/#\/schema\/logo\/image\/"},"sameAs":["https:\/\/www.facebook.com\/SalkantayTrekking\/","https:\/\/x.com\/salkantayperu","https:\/\/www.pinterest.com\/salkantaytrekking\/","https:\/\/www.instagram.com\/salkantaytrekking\/","https:\/\/www.youtube.com\/user\/salkantaytrekking","https:\/\/www.tiktok.com\/@salkantaytrekking"]},{"@type":"Person","@id":"https:\/\/www.salkantaytrilha.com\/blog\/#\/schema\/person\/aa0e6175beac59e6519e5407b3d13d0d","name":"Trilha Salkantay","image":{"@type":"ImageObject","inLanguage":"pt-BR","@id":"https:\/\/secure.gravatar.com\/avatar\/b41678a33c57a2bf0032b7c254611fc97caffd94ade0663405b364d1c0177d1d?s=96&d=mm&r=g","url":"https:\/\/secure.gravatar.com\/avatar\/b41678a33c57a2bf0032b7c254611fc97caffd94ade0663405b364d1c0177d1d?s=96&d=mm&r=g","contentUrl":"https:\/\/secure.gravatar.com\/avatar\/b41678a33c57a2bf0032b7c254611fc97caffd94ade0663405b364d1c0177d1d?s=96&d=mm&r=g","caption":"Trilha Salkantay"},"sameAs":["https:\/\/www.salkantaytrilha.com\/blog"]}]}},"_links":{"self":[{"href":"https:\/\/www.salkantaytrilha.com\/blog\/wp-json\/wp\/v2\/posts\/637","targetHints":{"allow":["GET"]}}],"collection":[{"href":"https:\/\/www.salkantaytrilha.com\/blog\/wp-json\/wp\/v2\/posts"}],"about":[{"href":"https:\/\/www.salkantaytrilha.com\/blog\/wp-json\/wp\/v2\/types\/post"}],"author":[{"embeddable":true,"href":"https:\/\/www.salkantaytrilha.com\/blog\/wp-json\/wp\/v2\/users\/1"}],"replies":[{"embeddable":true,"href":"https:\/\/www.salkantaytrilha.com\/blog\/wp-json\/wp\/v2\/comments?post=637"}],"version-history":[{"count":9,"href":"https:\/\/www.salkantaytrilha.com\/blog\/wp-json\/wp\/v2\/posts\/637\/revisions"}],"predecessor-version":[{"id":5459,"href":"https:\/\/www.salkantaytrilha.com\/blog\/wp-json\/wp\/v2\/posts\/637\/revisions\/5459"}],"wp:featuredmedia":[{"embeddable":true,"href":"https:\/\/www.salkantaytrilha.com\/blog\/wp-json\/wp\/v2\/media\/3474"}],"wp:attachment":[{"href":"https:\/\/www.salkantaytrilha.com\/blog\/wp-json\/wp\/v2\/media?parent=637"}],"wp:term":[{"taxonomy":"category","embeddable":true,"href":"https:\/\/www.salkantaytrilha.com\/blog\/wp-json\/wp\/v2\/categories?post=637"},{"taxonomy":"post_tag","embeddable":true,"href":"https:\/\/www.salkantaytrilha.com\/blog\/wp-json\/wp\/v2\/tags?post=637"}],"curies":[{"name":"wp","href":"https:\/\/api.w.org\/{rel}","templated":true}]}}