{"id":784,"date":"2024-08-01T18:15:39","date_gmt":"2024-08-01T21:15:39","guid":{"rendered":"https:\/\/www.salkantaytrilha.com\/blog\/?p=784"},"modified":"2026-03-02T12:07:27","modified_gmt":"2026-03-02T15:07:27","slug":"explorando-o-desconhecido-trilha-salkantay-premium-5-dias-de-aventura","status":"publish","type":"post","link":"https:\/\/www.salkantaytrilha.com\/blog\/explorando-o-desconhecido-trilha-salkantay-premium-5-dias-de-aventura\/","title":{"rendered":"Explorando o Desconhecido: Trilha Salkantay Premium, 5 Dias de Aventura"},"content":{"rendered":"\n<p>Bem no alto dos Andes, l\u00e1 onde o c\u00e9u beija a terra e as montanhas sussurram hist\u00f3rias ancestrais, aconteceu a maior aventura da minha vida: a Trilha Salkantay Premium! Desde o primeiro momento em que meus olhos se fixaram na imponente paisagem, soube que essa jornada iria muito al\u00e9m de uma simples caminhada; representava uma viagem rumo ao desconhecido, \u00e0 grandeza da natureza e da hist\u00f3ria.<\/p>\n\n\n\n<p>Voc\u00ea est\u00e1 preparado para descobrir tudo o que lhe espera nessa emocionante aventura, em uma das melhores trilhas de Cusco, no Peru?<\/p>\n\n\n\n<div class=\"wp-block-rank-math-toc-block anchor-links\"><ul><li><a href=\"#h-dia-1-o-comeco-da-aventura\" >Dia 1: O Come\u00e7o da Aventura<\/a><\/li><li><a href=\"#h-dia-2-o-impressionante-abra-salkantay-e-a-descida-para-a-floresta-tropical\" >Dia 2: O Impressionante Abra Salkantay e a Descida para a Floresta Tropical<\/a><\/li><li><a href=\"#h-dia-3-vivendo-a-experiencia-do-cafe\" >Dia 3: Vivendo a Experi\u00eancia do Caf\u00e9<\/a><\/li><li><a href=\"#h-dia-4-vendo-machu-picchu-pela-primeira-vez\" >Dia 4: Vendo Machu Picchu pela primeira vez<\/a><\/li><li><a href=\"#h-dia-5-finalmente-machu-picchu\" >Dia 5: Finalmente, Machu Picchu!<\/a><\/li><li><a href=\"#h-viajando-em-grupo\" >Viajando em Grupo<\/a><\/li><li><a href=\"#h-o-que-inclui-todo-este-pacote\" >O que inclui todo este pacote?<\/a><\/li><li><a href=\"#h-o-que-nao-esta-incluido\" >O Que N\u00e3o Est\u00e1 Inclu\u00eddo?<\/a><\/li><li><a href=\"#h-viajante-considere-estas-perguntas-e-respostas-antes-de-aventurar-se\" >Viajante, Considere Estas Perguntas e Respostas Antes de Aventurar-se<\/a><\/li><li><a href=\"#h-o-que-devo-levar\" >O Que Devo Levar?<\/a><\/li><li><a href=\"#h-minha-avaliacao\" >Minha Avalia\u00e7\u00e3o<\/a><\/li><li><a href=\"#h-pode-lhe-interessar\" >Pode lhe Interessar:<\/a><\/li><\/nav><\/ul><\/div>\n\n\n\n<h2 class=\"wp-block-heading\" id=\"h-dia-1-o-comeco-da-aventura\">Dia 1: O Come\u00e7o da Aventura<\/h2>\n\n\n\n<p>O sol ainda n\u00e3o tinha aparecido no horizonte quando uma leve batida na porta do meu hotel me despertou: Era chegada a hora de embarcar na viagem, rumo \u00e0 natureza selvagem da Montanha Salkantay. Com um misto de emo\u00e7\u00e3o e ansiedade, dirigi-me ao ponto de encontro, onde um transporte bem confort\u00e1vel nos esperava, pronto para nos levar ao in\u00edcio da nossa travessia.<\/p>\n\n\n\n<p>O caminho para Mollepata foi uma sucess\u00e3o de paisagens que pareciam sa\u00eddas de um sonho. \u00c0 medida que avan\u00e7\u00e1vamos, o sol come\u00e7ava a iluminar timidamente o c\u00e9u, revelando pouco a pouco a majestade dos Andes que se estendiam \u00e0 nossa frente. Uma breve parada para um caf\u00e9 da manh\u00e3 revigorante, e logo est\u00e1vamos em Challacancha, o ponto de partida da nossa aventura.<\/p>\n\n\n\n<p>L\u00e1, conheci os valentes carregadores e os habilidosos cozinheiros que nos acompanhariam durante toda essa jornada. Revisei minha bagagem pela \u00faltima vez, certificando-me de estar levando tudo o que seria necess\u00e1rio para os pr\u00f3ximos dias, e ent\u00e3o foi dada a largada da nossa trilha: A primeira etapa nos levou atrav\u00e9s de um vale de geleiras, seguindo um antigo canal de \u00e1gua inca. A cada passo, podia sentir a energia da terra sob meus p\u00e9s, lembrando-me que \u00e9ramos apenas visitantes, nesta vasta e majestosa paisagem.<\/p>\n\n\n\n<p>Ap\u00f3s tr\u00eas horas de uma caminhada moderada, chegamos a Soraypampa, nosso lar para a primeira noite. O Sky Camp nos recebeu de bra\u00e7os abertos, oferecendo-nos vistas impressionantes e comodidades incompar\u00e1veis, nos encontr\u00e1vamos a uma altitude de 3.900 m (12.795 p\u00e9s). Depois de um merecido almo\u00e7o, nos preparamos para a nossa primeira excurs\u00e3o: a Laguna Humantay.<\/p>\n\n\n\n<p>O caminho at\u00e9 l\u00e1, foi uma prova de resist\u00eancia e determina\u00e7\u00e3o, mas cada passo valeu a pena quando finalmente chegamos, e nos encontramos diante da majestade de suas \u00e1guas azul turquesa, refletindo o brilho da geleira Humantay. Ali, no meio dos Andes, senti-me pequeno, mas conectado a algo maior do que eu mesmo.<\/p>\n\n\n\n<p>O jantar sob o c\u00e9u estrelado foi o ep\u00edlogo perfeito para um dia cheio de emo\u00e7\u00f5es e desafios. Do meu iglu no Sky Camp, contemplei as estrelas e mergulhei na tranquilidade da noite, sentindo-me parte de algo maior do que a vida cotidiana.<\/p>\n\n\n\n<p>E assim, com o cora\u00e7\u00e3o cheio de aventura e a mente aberta para o que viria, deixei-me levar pelo sono, pronto para o que o pr\u00f3ximo dia preparava para mim.<\/p>\n\n\n\n<div class=\"wp-block-columns is-layout-flex wp-container-core-columns-is-layout-9d6595d7 wp-block-columns-is-layout-flex\">\n<div class=\"wp-block-column is-layout-flow wp-block-column-is-layout-flow\"><div class=\"wp-block-image\">\n<figure class=\"aligncenter size-full\"><img loading=\"lazy\" decoding=\"async\" width=\"800\" height=\"1000\" src=\"https:\/\/www.salkantaytrilha.com\/blog\/wp-content\/uploads\/2024\/08\/Os-iglus-no-Sky-Camp.jpg\" alt=\"Os iglus no Sky Camp\" class=\"wp-image-788\"\/><figcaption class=\"wp-element-caption\">Os iglus no Sky Camp<\/figcaption><\/figure>\n<\/div><\/div>\n\n\n\n<div class=\"wp-block-column is-layout-flow wp-block-column-is-layout-flow\"><div class=\"wp-block-image\">\n<figure class=\"aligncenter size-full\"><img loading=\"lazy\" decoding=\"async\" width=\"800\" height=\"1000\" src=\"https:\/\/www.salkantaytrilha.com\/blog\/wp-content\/uploads\/2024\/08\/Maravilhoso-lago-Humantay.jpg\" alt=\"Maravilhoso lago Humantay\" class=\"wp-image-777\"\/><figcaption class=\"wp-element-caption\">Maravilhoso lago Humantay<\/figcaption><\/figure>\n<\/div><\/div>\n<\/div>\n\n\n\n<h2 class=\"wp-block-heading\" id=\"h-dia-2-o-impressionante-abra-salkantay-e-a-descida-para-a-floresta-tropical\">Dia 2: O Impressionante Abra Salkantay e a Descida para a Floresta Tropical<\/h2>\n\n\n\n<p>Pela manh\u00e3, voc\u00ea ser\u00e1 despertado pelos primeiros raios do dia e ver\u00e1 o Apu Salkantay bem \u00e0 sua frente, enquanto desfruta de um energizante mate de coca. Depois, prepare-se para&nbsp; um nutritivo caf\u00e9 da manh\u00e3, antes de iniciar o percurso de 7 km, aproximadamente tr\u00eas horas, at\u00e9 o ponto mais alto da rota, o Abra Salkantay (4.630 m \/ 15.190 p\u00e9s). \u00c9 uma subida dif\u00edcil pelo &#8220;caminho das 7 serpentes&#8221;, assim chamado pelo seu sinuoso trilho. Uma vez no topo, voc\u00ea poder\u00e1 apreciar a vista mais magn\u00edfica, sobre os vales circundantes, assim como a montanha Salkantay, localizada bem \u00e0 sua frente (6.271 m \/ 20.574 p\u00e9s), que \u00e9 a segunda mais alta da regi\u00e3o de Cusco, considerada um Apu (Deus inca). Tamb\u00e9m poder\u00e1 observar as montanhas Humantay, Tucarnuay e Pumasillo. Depois de ter aproveitado as vistas e de uma pausa para o descanso, come\u00e7amos a descer (7 km \/ 4,35 milhas), at\u00e9 o ponto do nosso almo\u00e7o em Huayracmachay (3.850 m \/ 12.631 p\u00e9s). Este trecho da trilha \u00e9 rochoso e \u00edngreme, mas proporciona vistas espetaculares do vale circundante.<\/p>\n\n\n\n<p>Depois de um almo\u00e7o revigorante, voc\u00ea estar\u00e1 entrando no limite da floresta tropical, tamb\u00e9m conhecida como &#8220;floresta nublada&#8221;. Este percurso tem uma dist\u00e2ncia de 9,5 km \/ 5,9 milhas e dura aproximadamente tr\u00eas horas e meia. Ao longo do caminho, voc\u00ea desfrutar\u00e1 do verde da floresta tropical e testemunhar\u00e1, como o ambiente dos Andes para a Amaz\u00f4nia, muda r\u00e1pida e drasticamente. Observar\u00e1 paisagens coloridas, uma fauna \u00fanica, plantas nativas e sentir\u00e1 que o clima se torna muito mais quente.<\/p>\n\n\n\n<p>Ap\u00f3s um longo dia de caminhada, voc\u00ea ficar\u00e1 satisfeito ao chegar a Collpapampa para passar a noite. Por fim, voc\u00ea ser\u00e1 servido de uma refei\u00e7\u00e3o abundante, antes de descansar em nosso exclusivo Mountain Sky View Campsite.<\/p>\n\n\n\n<p>Como nos tempos de nossos ancestrais, nosso compromisso \u00e9 com nossa Pachamama (M\u00e3e Terra) e os Apus (Montanhas sagradas). Nosso acampamento Mountain Sky View \u00e9 a novidade deste ano, e \u00e9 com grande prazer que preparamos este lugar para todos aqueles que buscam uma experi\u00eancia de glamping em meio a uma experi\u00eancia de vida. Est\u00e1 situado em um local rodeado de montanhas tropicais e rios rochosos sob as estrelas brilhantes.<\/p>\n\n\n\n<div class=\"wp-block-columns is-layout-flex wp-container-core-columns-is-layout-9d6595d7 wp-block-columns-is-layout-flex\">\n<div class=\"wp-block-column is-layout-flow wp-block-column-is-layout-flow\"><div class=\"wp-block-image\">\n<figure class=\"aligncenter size-full\"><img loading=\"lazy\" decoding=\"async\" width=\"800\" height=\"1000\" src=\"https:\/\/www.salkantaytrilha.com\/blog\/wp-content\/uploads\/2024\/08\/O-acampamento-de-luxo-Mountain-Sky-View.jpg\" alt=\"O acampamento de luxo Mountain Sky View\" class=\"wp-image-789\"\/><figcaption class=\"wp-element-caption\">Mountain Sky View<\/figcaption><\/figure>\n<\/div><\/div>\n\n\n\n<div class=\"wp-block-column is-layout-flow wp-block-column-is-layout-flow\"><div class=\"wp-block-image\">\n<figure class=\"aligncenter size-full\"><img loading=\"lazy\" decoding=\"async\" width=\"800\" height=\"1000\" src=\"https:\/\/www.salkantaytrilha.com\/blog\/wp-content\/uploads\/2024\/06\/caminhando-imensa-montanha-Salkantay.jpg\" alt=\"Turista caminhando em dire\u00e7\u00e3o \u00e0 passagem de Salkantay, ao lado da imensa montanha Salkantay.\" class=\"wp-image-396\"\/><figcaption class=\"wp-element-caption\">Montanha Salkantay<\/figcaption><\/figure>\n<\/div><\/div>\n<\/div>\n\n\n\n<h2 class=\"wp-block-heading\" id=\"h-dia-3-vivendo-a-experiencia-do-cafe\">Dia 3: Vivendo a Experi\u00eancia do Caf\u00e9<\/h2>\n\n\n\n<p>Hoje, o nosso dia come\u00e7a por volta das 6:00 da manh\u00e3, despertando com um ch\u00e1 quente e tomando em seguida o caf\u00e9 da manh\u00e3, antes de sair do acampamento. Depois, caminharemos pelo vale de Santa Teresa at\u00e9 chegarmos ao nosso primeiro destino, La Playa. Durante o percurso, seguimos uma trilha mais tranquila, com mais descidas do que subidas, enquanto mergulhamos na exuberante paisagem de rios, cachoeiras, orqu\u00eddeas e diversas planta\u00e7\u00f5es: banana, caf\u00e9 e abacate. Al\u00e9m disso, voc\u00ea pode ter a sorte de avistar a ave nacional do Peru, o &#8220;Galo da Serra&#8221;.<\/p>\n\n\n\n<p>Em La Playa, faremos o almo\u00e7o antes de nos dirigirmos, por uma hora, at\u00e9 Lucmabamba (2.000 m \/ 6.562 p\u00e9s), onde est\u00e1 localizado mais um de nossos exclusivos acampamentos. \u00c0 tarde, voc\u00ea ter\u00e1 tempo livre para explorar os arredores tropicais e visitar uma fazenda de caf\u00e9 org\u00e2nico: passeio perfeito para os amantes desta bebida. Mesmo que voc\u00ea n\u00e3o seja f\u00e3 de uma x\u00edcara de caf\u00e9 quentinho, o cheiro no ar \u00e9 delicioso. Esta \u00e9 a principal ind\u00fastria agr\u00edcola da selva que exporta produtos para os Estados Unidos, \u00c1sia e toda a Europa. Voc\u00ea tamb\u00e9m visitar\u00e1 planta\u00e7\u00f5es de abacates e laranjas.<\/p>\n\n\n\n<p>Depois dessa incr\u00edvel experi\u00eancia, voc\u00ea ir\u00e1 visitar as \u00c1guas Termais de Cocalmayo, aproveitando um banho reconfortante que vai relaxar todo o seu corpo, ap\u00f3s v\u00e1rios dias de caminhada. Voc\u00ea vai poder vivenciar a tranquilidade do ambiente. Mais tarde, retornar\u00e1 a Lucmabamba para passar a noite em nossos Jungle Domes. Enquanto descansa, poder\u00e1 ouvir os diferentes sons da natureza e entrar em harmonia com a m\u00e3e terra.<\/p>\n\n\n\n<p>Da comodidade de nossos Jungle Domes, voc\u00ea estar\u00e1 em absoluta conex\u00e3o com a natureza ao seu redor. Mergulhe neste ambiente verde, enquanto ouve o sopro do vento, a chuva, a flora e a fauna do lugar.<\/p>\n\n\n\n<div class=\"wp-block-columns is-layout-flex wp-container-core-columns-is-layout-9d6595d7 wp-block-columns-is-layout-flex\">\n<div class=\"wp-block-column is-layout-flow wp-block-column-is-layout-flow\"><div class=\"wp-block-image\">\n<figure class=\"aligncenter size-full\"><img loading=\"lazy\" decoding=\"async\" width=\"800\" height=\"1000\" src=\"https:\/\/www.salkantaytrilha.com\/blog\/wp-content\/uploads\/2024\/08\/Processo-producao-cafe.jpg\" alt=\"Processo de produ\u00e7\u00e3o de caf\u00e9\" class=\"wp-image-790\"\/><figcaption class=\"wp-element-caption\">Processo de produ\u00e7\u00e3o de caf\u00e9<\/figcaption><\/figure>\n<\/div><\/div>\n\n\n\n<div class=\"wp-block-column is-layout-flow wp-block-column-is-layout-flow\"><div class=\"wp-block-image\">\n<figure class=\"aligncenter size-full\"><img loading=\"lazy\" decoding=\"async\" width=\"800\" height=\"1000\" src=\"https:\/\/www.salkantaytrilha.com\/blog\/wp-content\/uploads\/2024\/08\/Experiencias-cafe-rota-Salkantay.jpg\" alt=\"Experi\u00eancias com caf\u00e9 na rota de Salkantay\" class=\"wp-image-791\"\/><figcaption class=\"wp-element-caption\">Experi\u00eancias com caf\u00e9 na rota de Salkantay<\/figcaption><\/figure>\n<\/div><\/div>\n<\/div>\n\n\n\n<div class=\"wp-block-columns is-layout-flex wp-container-core-columns-is-layout-9d6595d7 wp-block-columns-is-layout-flex\">\n<div class=\"wp-block-column is-layout-flow wp-block-column-is-layout-flow\"><div class=\"wp-block-image\">\n<figure class=\"aligncenter size-full\"><img loading=\"lazy\" decoding=\"async\" width=\"800\" height=\"1000\" src=\"https:\/\/www.salkantaytrilha.com\/blog\/wp-content\/uploads\/2024\/08\/Jungle-Domes-Acampamento-Lucmabamba.jpg\" alt=\"Jungle Domes - Acampamento em Lucmabamba\" class=\"wp-image-792\"\/><figcaption class=\"wp-element-caption\">Jungle Domes &#8211; Acampamento em Lucmabamba<\/figcaption><\/figure>\n<\/div><\/div>\n\n\n\n<div class=\"wp-block-column is-layout-flow wp-block-column-is-layout-flow\"><div class=\"wp-block-image\">\n<figure class=\"aligncenter size-full\"><img loading=\"lazy\" decoding=\"async\" width=\"800\" height=\"1000\" src=\"https:\/\/www.salkantaytrilha.com\/blog\/wp-content\/uploads\/2024\/08\/Jungle-Domes-Acampamento.jpg\" alt=\"Jungle Domes - Acampamento\" class=\"wp-image-793\"\/><figcaption class=\"wp-element-caption\">Jungle Domes &#8211; Acampamento<\/figcaption><\/figure>\n<\/div><\/div>\n<\/div>\n\n\n\n<h2 class=\"wp-block-heading\" id=\"h-dia-4-vendo-machu-picchu-pela-primeira-vez\">Dia 4: Vendo Machu Picchu pela primeira vez<\/h2>\n\n\n\n<p>Depois de um bom caf\u00e9 da manh\u00e3, me preparei para um novo dia de aventuras no Caminho Inca! Com minhas botas bem ajustadas e minha mochila pronta, comecei a subida em dire\u00e7\u00e3o a Llactapata. Durante duas horas de caminhada, fiquei maravilhado com as vistas que se abriam diante de mim, com o vale de Santa Teresa se estendendo aos meus p\u00e9s. Ao chegar a Llactapata (2.700 m \/ 8.858 p\u00e9s), me deparei com um tesouro arqueol\u00f3gico inca. Desde esse ponto privilegiado, pude vislumbrar, pela primeira vez, as majestosas silhuetas de Machu Picchu e Huayna Picchu. Meu guia compartilhou comigo a fascinante hist\u00f3ria dos Incas, enquanto capturava cada momento com minha c\u00e2mera, para compartilhar essas experi\u00eancias com meus entes queridos, ao chegar em casa.<\/p>\n\n\n\n<p>Depois de absorver a grandiosidade de Llactapata, iniciei a descida em dire\u00e7\u00e3o \u00e0 cidadela inca de Machu Picchu. Durante uma hora e meia, o caminho me levou por paisagens deslumbrantes e cheias de hist\u00f3ria. Ao chegar a Aobamba, tive um merecido descanso e desfrutei de um delicioso almo\u00e7o, antes de continuar a minha jornada em dire\u00e7\u00e3o a Hidroel\u00e9trica.<\/p>\n\n\n\n<p>O trecho at\u00e9 Hidroel\u00e9trica (1.800 m \/ 5.906 p\u00e9s) foi espetacular. Fiquei maravilhado com uma imponente cachoeira artificial de 250 metros de altura, capaz de gerar eletricidade, em idos tempos, para toda a cidade de Cusco. Uma vez na Hidroel\u00e9trica, embarquei no trem que me levaria a Aguas Calientes. Durante o trajeto, pude me deleitar com as melhores paisagens que o caminho oferece.<\/p>\n\n\n\n<p>Durante o trajeto, nos mencionaram que durante a temporada de chuvas, o percurso pela trilha de Llactapata n\u00e3o est\u00e1 100% garantido por raz\u00f5es de seguran\u00e7a. Quando h\u00e1 chuvas fortes e frequentes, o caminho pode se tornar muito perigoso. Uma informa\u00e7\u00e3o \u00fatil para qualquer viajante que esteja planejando sua nova aventura.<\/p>\n\n\n\n<p>Ao chegar ao acolhedor povoado de Aguas Calientes, me dirigi a um restaurante exclusivo para desfrutar de um jantar reconfortante. Depois de um dia cheio de emo\u00e7\u00f5es, me instalei em um hotel confort\u00e1vel, disposto a descansar e recarregar as energias para o grande dia que me aguardava, ao amanhecer.<\/p>\n\n\n\n<div class=\"wp-block-columns is-layout-flex wp-container-core-columns-is-layout-9d6595d7 wp-block-columns-is-layout-flex\">\n<div class=\"wp-block-column is-layout-flow wp-block-column-is-layout-flow\"><div class=\"wp-block-image\">\n<figure class=\"aligncenter size-full\"><img loading=\"lazy\" decoding=\"async\" width=\"800\" height=\"1000\" src=\"https:\/\/www.salkantaytrilha.com\/blog\/wp-content\/uploads\/2024\/08\/Turistas-sitio-arqueologico-Llactapata.jpg\" alt=\"Turistas no s\u00edtio arqueol\u00f3gico de Llactapata.\" class=\"wp-image-794\"\/><figcaption class=\"wp-element-caption\">Turistas no s\u00edtio arqueol\u00f3gico de Llactapata.<\/figcaption><\/figure>\n<\/div><\/div>\n\n\n\n<div class=\"wp-block-column is-layout-flow wp-block-column-is-layout-flow\"><div class=\"wp-block-image\">\n<figure class=\"aligncenter size-full\"><img loading=\"lazy\" decoding=\"async\" width=\"800\" height=\"1000\" src=\"https:\/\/www.salkantaytrilha.com\/blog\/wp-content\/uploads\/2024\/08\/Turista-caminhando-cidade-Aguas-Calientes.jpg\" alt=\"Turista caminhando at\u00e9 a cidade de Aguas Calientes.\" class=\"wp-image-795\"\/><figcaption class=\"wp-element-caption\">Turista caminhando at\u00e9 a cidade de Aguas Calientes.<\/figcaption><\/figure>\n<\/div><\/div>\n<\/div>\n\n\n\n<h2 class=\"wp-block-heading\" id=\"h-dia-5-finalmente-machu-picchu\">Dia 5: Finalmente, Machu Picchu!<\/h2>\n\n\n\n<p>Hoje \u00e9 o grande dia, pelo qual estive esperando durante toda a trilha! Finalmente, chegou o momento de visitar Machu Picchu: uma das Sete Maravilhas do Mundo Moderno e Patrim\u00f4nio da Humanidade, declarado pela UNESCO! Acordei logo cedo para garantir que chegaria antes que as multid\u00f5es invadissem o lugar, ansioso para desfrutar da serenidade do amanhecer, neste santu\u00e1rio t\u00e3o especial.<\/p>\n\n\n\n<p>Cheguei \u00e0 cidade inca de \u00f4nibus e fiquei maravilhado ao contemplar a majestade de Machu Picchu (2.430 m \/ 7.972 p\u00e9s). L\u00e1 estava a cidadela, diante dos meus olhos! Durante aproximadamente duas horas, aproveitei uma visita guiada por este incr\u00edvel s\u00edtio antigo, explorando templos, casas, pal\u00e1cios e campos de cultivo. Fiquei impressionado com a intelig\u00eancia e o engenho dos incas, que constru\u00edram esta cidade sem as ferramentas modernas que temos hoje em dia.<\/p>\n\n\n\n<p>Ap\u00f3s a visita guiada, tive a oportunidade de escolher subir \u00e0s Montanhas Huayna Picchu ou Machu Picchu (2.720 m \/ 8.924 p\u00e9s), gra\u00e7as ao fato de ter reservado meus ingressos com anteced\u00eancia. Optei por subir a Huayna Picchu e fiquei maravilhado com as vistas panor\u00e2micas oferecidas l\u00e1 do alto. A subida foi desafiadora, mas valeu cada esfor\u00e7o.<\/p>\n\n\n\n<p>Pegamos um \u00f4nibus que nos levou de volta \u00e0 pequena cidade de Aguas Calientes. \u00c9 uma curta viagem de \u00f4nibus, que dura cerca de 25 minutos, e nela desfrutamos das \u00faltimas vistas desta bela paisagem. Ao chegarmos novamente no povoado, desfrutamos de um delicioso almo\u00e7o.<\/p>\n\n\n\n<p>Chegou a hora de regressar, ap\u00f3s 5 dias cheios de emo\u00e7\u00e3o e desafios. Fomos para a esta\u00e7\u00e3o de trem, onde o guia nos entregou as passagens. Sempre recomendam chegar \u00e0 esta\u00e7\u00e3o com pelo menos 30 minutos de anteced\u00eancia, para evitar qualquer contratempo. O trem nos levou de Aguas Calientes a Ollantaytambo, e a viagem durou, aproximadamente, 1 hora e 45 minutos. Durante o trajeto, pude relaxar, desfrutando das \u00faltimas vistas da impressionante paisagem.<\/p>\n\n\n\n<p>Assim que chegamos \u00e0 esta\u00e7\u00e3o de Ollantaytambo, nosso representante Salkantay Trekking estava esperando para nos receber. Foi f\u00e1cil identific\u00e1-lo devido a sua roupa com o logotipo da empresa. De l\u00e1, nos dirigimos de volta a Cusco, em uma viagem de aproximadamente 1 hora e 30 minutos. Dependendo da localiza\u00e7\u00e3o do seu hotel na cidade, pode ser necess\u00e1rio usar um segundo carro menor da empresa, para chegar mais r\u00e1pido ao seu destino final.<\/p>\n\n\n\n<p>E assim conclu\u00edmos nossa inesquec\u00edvel aventura pela Trilha Salkantay a Machu Picchu! Foi uma honra compartilhar esta experi\u00eancia de viagem com voc\u00ea e espero que ela lhe motive a vivenciar estes 5 fant\u00e1sticos dias, cheios de aventura e descoberta em seus cora\u00e7\u00f5es.<\/p>\n\n\n\n<div class=\"wp-block-columns is-layout-flex wp-container-core-columns-is-layout-9d6595d7 wp-block-columns-is-layout-flex\">\n<div class=\"wp-block-column is-layout-flow wp-block-column-is-layout-flow\"><div class=\"wp-block-image\">\n<figure class=\"aligncenter size-full\"><img loading=\"lazy\" decoding=\"async\" width=\"800\" height=\"1000\" src=\"https:\/\/www.salkantaytrilha.com\/blog\/wp-content\/uploads\/2024\/07\/Turista-Machu-Picchu.jpg\" alt=\"Turista em Machu Picchu\" class=\"wp-image-489\"\/><figcaption class=\"wp-element-caption\">Turista em Machu Picchu<\/figcaption><\/figure>\n<\/div><\/div>\n\n\n\n<div class=\"wp-block-column is-layout-flow wp-block-column-is-layout-flow\"><div class=\"wp-block-image\">\n<figure class=\"aligncenter size-full\"><img loading=\"lazy\" decoding=\"async\" width=\"800\" height=\"1000\" src=\"https:\/\/www.salkantaytrilha.com\/blog\/wp-content\/uploads\/2024\/07\/Grupo-turistas-cidadela-Machu-Picchu.jpg\" alt=\"Grupo de turistas na cidadela de Machu Picchu\" class=\"wp-image-507\"\/><figcaption class=\"wp-element-caption\">Grupo de turistas na cidadela de Machu Picchu<\/figcaption><\/figure>\n<\/div><\/div>\n<\/div>\n\n\n\n<h2 class=\"wp-block-heading\" id=\"h-viajando-em-grupo\">Viajando em Grupo<\/h2>\n\n\n\n<p>Como viajante solit\u00e1rio, que vivenciou a experi\u00eancia da Trilha Salkantay, posso dizer que fazer parte de um grupo diversificado, foi uma das melhores partes dessa viagem. Desde o primeiro dia, percebi que est\u00e1vamos cercados de pessoas de diferentes idades, habilidades f\u00edsicas e origens culturais, mas todos compartilh\u00e1vamos da mesma paix\u00e3o pela aventura e pela explora\u00e7\u00e3o.<\/p>\n\n\n\n<p>Aceitar fazer parte de um tour em grupo, significa entender que cada indiv\u00edduo ter\u00e1 seu pr\u00f3prio ritmo na rota: Alguns caminhavam mais r\u00e1pido, enquanto outros preferiam tomar seu tempo e apreciar a paisagem. O maravilhoso disso foi que sempre havia algu\u00e9m por perto com quem conversar, compartilhar experi\u00eancias e motivar-se mutuamente.<\/p>\n\n\n\n<p>Lembro-me de que em certos momentos da viagem, nosso grupo expressava desejos de modificar o percurso. Por exemplo, em uma ocasi\u00e3o, alguns queriam parar mais tempo para aproveitar as vistas panor\u00e2micas, enquanto outros sugeriam avan\u00e7ar mais r\u00e1pido para chegar ao pr\u00f3ximo destino antes do anoitecer. No entanto, nosso guia sempre estava l\u00e1 para ouvir nossas opini\u00f5es e tomar as melhores decis\u00f5es, que beneficiassem todo o grupo.<\/p>\n\n\n\n<p>Essa din\u00e2mica de viajar em grupo acrescentou uma dimens\u00e3o especial \u00e0 experi\u00eancia. Nos ensinou a ser flex\u00edveis, a respeitar os diferentes ritmos e a trabalhar juntos para alcan\u00e7ar nossos objetivos. No final, n\u00e3o s\u00f3 ganhei lembran\u00e7as incr\u00edveis das paisagens que exploramos, mas tamb\u00e9m a satisfa\u00e7\u00e3o de fazer amigos e compartilhar essa aventura com pessoas incr\u00edveis, de todo o mundo.<\/p>\n\n\n\n<p>Abaixo deixo detalhes que ser\u00e3o \u00fateis, caso voc\u00ea se anime a experimentar essa trilha:<\/p>\n\n\n\n<h2 class=\"wp-block-heading\" id=\"h-o-que-inclui-todo-este-pacote\">O que inclui todo este pacote?<\/h2>\n\n\n\n<p>Na minha aventura com a Salkantay Trekking, eles me proporcionaram todo o conforto e estrutura necess\u00e1rios para que eu pudesse desfrutar da minha jornada. Permita-me dividir com voc\u00eas tudo o que est\u00e1 inclu\u00eddo nesta incr\u00edvel aventura:<\/p>\n\n\n\n<p><strong>Autoriza\u00e7\u00f5es e entradas:<\/strong><\/p>\n\n\n\n<ul class=\"wp-block-list\">\n<li>Bilhete de entrada para a Trilha Salkantay.<\/li>\n\n\n\n<li>Bilhete de entrada para as \u00c1guas Termais de Cocalmayo.<\/li>\n\n\n\n<li>Bilhete de entrada para o S\u00edtio Arqueol\u00f3gico de Machu Picchu (Circuito 2).<\/li>\n<\/ul>\n\n\n\n<p><strong>Servi\u00e7o de alta qualidade e seguran\u00e7a:<\/strong><\/p>\n\n\n\n<ul class=\"wp-block-list\">\n<li>Reuni\u00e3o informativa pr\u00e9via \u00e0 sa\u00edda: \u00c0s 17:00 hs encontraremos nosso guia de trekking e o grupo que viajar\u00e1 conosco, para receber as \u00faltimas e mais importantes orienta\u00e7\u00f5es, antes de come\u00e7ar a aventura.<\/li>\n\n\n\n<li>Guia de turismo experiente: Nossos guias s\u00e3o profissionais graduados pela Universidade Nacional de San Antonio Abad de Cusco, altamente comprometidos com a sua seguran\u00e7a e conforto.<\/li>\n\n\n\n<li>Equipamento de acampamento privado: Contamos com refeit\u00f3rios e cozinhas, em cada acampamento, para desfrutar de deliciosas refei\u00e7\u00f5es.<\/li>\n\n\n\n<li>Bolsa de lona: Uma forma mais pr\u00e1tica de acondicionar seus pertences pessoais durante a trilha (m\u00e1ximo 7 kg \/ 15,4 lb).<\/li>\n\n\n\n<li>Saco de dormir: Eficaz e dur\u00e1vel, capaz de proteg\u00ea-lo de baixas temperaturas.<\/li>\n\n\n\n<li>Bast\u00f5es de trekking com pontas de borracha: Para um apoio adicional durante a sua caminhada.<\/li>\n\n\n\n<li>Kit m\u00e9dico de primeiros socorros: Todos os nossos guias s\u00e3o capacitados em primeiros socorros e carregam um kit para atender emerg\u00eancias.<\/li>\n\n\n\n<li>Servi\u00e7os adicionais: Incluem capa para proteger sua mochila e capa de chuva.<\/li>\n\n\n\n<li>Servi\u00e7o de atendimento ao cliente 24\/7: Estamos sempre dispon\u00edveis para voc\u00ea.<\/li>\n\n\n\n<li>Telefone via sat\u00e9lite: Para comunica\u00e7\u00e3o urgente, em caso de emerg\u00eancia.<\/li>\n<\/ul>\n\n\n\n<p><strong>Acomoda\u00e7\u00e3o:<\/strong><\/p>\n\n\n\n<ul class=\"wp-block-list\">\n<li>Acomoda\u00e7\u00e3o em Acampamentos Privados: Adaptados ao meio ambiente para zelar pela Pachamama.<\/li>\n\n\n\n<li>Hotel em Aguas Calientes: Quarto duplo ou triplo, com todas as comodidades, incluindo guarda volume para voc\u00ea poder guardar as suas bagagens enquanto visita Machu Picchu.<\/li>\n<\/ul>\n\n\n\n<p><strong>Alimenta\u00e7\u00e3o:<\/strong><\/p>\n\n\n\n<ul class=\"wp-block-list\">\n<li>5 caf\u00e9s da manh\u00e3, 4 almo\u00e7os e 4 jantares: Preparados com esmero por nosso chef, utilizando os melhores ingredientes.<\/li>\n\n\n\n<li>\u00c1gua para a trilha: Fervida, filtrada e refrigerada, para mant\u00ea-lo hidratado.<\/li>\n\n\n\n<li>Ch\u00e1 para despertar: Mate de coca todas as manh\u00e3s para energiz\u00e1-lo.<\/li>\n\n\n\n<li>Hora do ch\u00e1 ou happy hour: Lanches oferecidos antes do jantar para relaxar.<\/li>\n\n\n\n<li>Lanches para durante a trilha, todos os dias: Frutas locais, biscoitos, chocolate, etc.<\/li>\n\n\n\n<li>Produtos de higiene: Toalha pequena e sab\u00e3o para antes de cada refei\u00e7\u00e3o.<\/li>\n<\/ul>\n\n\n\n<p>Com tudo isso, voc\u00ea est\u00e1 pronto para embarcar em uma aventura inesquec\u00edvel nos Andes peruanos!<\/p>\n\n\n\n<div class=\"wp-block-columns is-layout-flex wp-container-core-columns-is-layout-9d6595d7 wp-block-columns-is-layout-flex\">\n<div class=\"wp-block-column is-layout-flow wp-block-column-is-layout-flow\"><div class=\"wp-block-image\">\n<figure class=\"aligncenter size-full\"><img loading=\"lazy\" decoding=\"async\" width=\"800\" height=\"1000\" src=\"https:\/\/www.salkantaytrilha.com\/blog\/wp-content\/uploads\/2024\/06\/Passo-Salkantay.jpg\" alt=\"Turistas felizes no Passo Salkantay\" class=\"wp-image-395\"\/><figcaption class=\"wp-element-caption\">Passo Salkantay<\/figcaption><\/figure>\n<\/div><\/div>\n\n\n\n<div class=\"wp-block-column is-layout-flow wp-block-column-is-layout-flow\"><div class=\"wp-block-image\">\n<figure class=\"aligncenter size-full\"><img loading=\"lazy\" decoding=\"async\" width=\"800\" height=\"1000\" src=\"https:\/\/www.salkantaytrilha.com\/blog\/wp-content\/uploads\/2024\/08\/Turista-experiencia-cafe.jpg\" alt=\"Turista na experi\u00eancia do caf\u00e9\" class=\"wp-image-796\"\/><figcaption class=\"wp-element-caption\">Turista na experi\u00eancia do caf\u00e9<\/figcaption><\/figure>\n<\/div><\/div>\n<\/div>\n\n\n\n<h2 class=\"wp-block-heading\" id=\"h-o-que-nao-esta-incluido\">O Que N\u00e3o Est\u00e1 Inclu\u00eddo?<\/h2>\n\n\n\n<p>Bem, aventureiros, aqui est\u00e3o alguns detalhes adicionais sobre o que n\u00e3o est\u00e1 inclu\u00eddo em nossa aventura:<\/p>\n\n\n\n<p><strong>Montanha Huayna Picchu:<\/strong><\/p>\n\n\n\n<p>Se voc\u00ea tem a coragem e o desejo de subir a famosa montanha que sempre viu aparecer nas fotos, localizada logo atr\u00e1s do S\u00edtio Arqueol\u00f3gico de Machu Picchu, esta \u00e9 a sua oportunidade! S\u00e3o 45 minutos entre subida e a descida, um pouco assustadores caso voc\u00ea tenha medo de altura. Essa excurs\u00e3o pode ser feita ap\u00f3s terminar a sua visita guiada a Machu Picchu. No entanto, tenha em mente que o ingresso deve ser adquirido com, pelo menos, um m\u00eas de anteced\u00eancia devido \u00e0 alta demanda. Al\u00e9m disso, \u00e9 importante saber que pode haver mudan\u00e7as na programa\u00e7\u00e3o devido \u00e0s condi\u00e7\u00f5es clim\u00e1ticas, visando a sua seguran\u00e7a. O bilhete de entrada para a Montanha Huayna Picchu tem um custo adicional de US$ 60,00 por pessoa.<\/p>\n\n\n\n<p><strong>Montanha Machu Picchu:<\/strong><\/p>\n\n\n\n<p>Outra op\u00e7\u00e3o \u00e9 a Montanha Machu Picchu, que tamb\u00e9m oferece vistas espetaculares do S\u00edtio Arqueol\u00f3gico. As trilhas s\u00e3o menos \u00edngremes e visualmente menos intimidadoras que as de Huayna Picchu. Chegar ao topo leva cerca de uma hora e meia. No entanto, assim como a Montanha Huayna Picchu, essa trilha requer um bilhete de entrada adicional que podemos reservar com anteced\u00eancia. O bilhete de entrada para a Montanha Machu Picchu, tamb\u00e9m, tem um custo extra de US$ 60,00 por pessoa.<\/p>\n\n\n\n<p><strong>Outros Itens N\u00e3o Inclu\u00eddos:<\/strong><\/p>\n\n\n\n<ul class=\"wp-block-list\">\n<li>Almo\u00e7o em Aguas Calientes e jantar em Cusco no dia 5, o \u00faltimo dia.<\/li>\n\n\n\n<li>Roupas e equipamento pessoal de trilha.<\/li>\n\n\n\n<li>Seguro viagem.<\/li>\n\n\n\n<li>Gorjetas para a equipe: Embora paguemos bons sal\u00e1rios a toda nossa equipe, sempre se agradece algo extra, especialmente considerando o \u00e1rduo trabalho que realizam.<\/li>\n\n\n\n<li>Custos adicionais ou atrasos fora de nosso controle, como deslizamentos de terra, condi\u00e7\u00f5es clim\u00e1ticas ruins, mudan\u00e7as nas pol\u00edticas governamentais, entre outros.<\/li>\n<\/ul>\n\n\n\n<p>Lembrem-se de que, enquanto estiverem aqui, a seguran\u00e7a e a experi\u00eancia de todos s\u00e3o a nossa prioridade n\u00famero um. Prontos para continuar explorando essas maravilhas junto conosco?<\/p>\n\n\n\n<h2 class=\"wp-block-heading\" id=\"h-viajante-considere-estas-perguntas-e-respostas-antes-de-aventurar-se\">Viajante, Considere Estas Perguntas e Respostas Antes de Aventurar-se<\/h2>\n\n\n\n<p>Ol\u00e1, aventureiros! Antes de embarcarmos na nossa emocionante aventura em dire\u00e7\u00e3o a Machu Picchu, queremos nos certificar de que estejam completamente preparados e confort\u00e1veis para essa viagem. Aqui est\u00e3o algumas respostas \u00e0s perguntas mais comuns sobre viajar com a Salkantay Trekking:<\/p>\n\n\n\n<p><strong>\u00c9 apropriado para mim?<\/strong><\/p>\n\n\n\n<p>A Trilha Salkantay a Machu Picchu \u00e9 perfeita para os amantes de aventura que buscam uma alternativa emocionante ao Caminho Inca. Se voc\u00ea \u00e9 um excursionista com esp\u00edrito aventureiro, esta rota vai te encantar. Embora a ascens\u00e3o ao famoso Abra Salkantay (a 4.630 m \/ 15.190 p\u00e9s) n\u00e3o seja muito exaustiva, ela requer resist\u00eancia e um pouco de aclimata\u00e7\u00e3o em Cusco, para seu corpo acostumar-se \u00e0 altitude, antes de embarcar.<\/p>\n\n\n\n<p><strong>Quantos dias s\u00e3o necess\u00e1rios para me aclimatar em Cusco?<\/strong><\/p>\n\n\n\n<p>\u00c9 crucial aclimatar-se bem \u00e0 altitude antes de come\u00e7ar a trilha. Recomendo chegar a Cusco pelo menos 2 ou 3 dias antes do in\u00edcio da caminhada, para adaptar-se \u00e0 mudan\u00e7a de altitude e evitar poss\u00edveis problemas derivados do mal de altitude, durante o percurso.<\/p>\n\n\n\n<p><strong>O que posso fazer em Cusco antes da trilha?<\/strong><\/p>\n\n\n\n<p>H\u00e1 muito para explorar nos arredores de Cusco, antes de come\u00e7ar a nossa aventura! Desde conhecer a fascinante hist\u00f3ria da cidade at\u00e9 mergulhar na vibrante cultura local. Recomendo assistir \u00e0 nossa Reuni\u00e3o Informativa, onde voc\u00ea receber\u00e1 detalhes importantes sobre a trilha. Al\u00e9m disso, voc\u00ea pode desfrutar das maravilhosas vistas e atividades de Cusco e seus arredores, ou simplesmente relaxar e preparar-se para a aventura que te espera.<\/p>\n\n\n\n<p><strong>O que devo levar em minha bagagem?<\/strong><\/p>\n\n\n\n<p>Na noite antes de partir, forneceremos uma bolsa de lona para que voc\u00ea comece a acondicionar as roupas que ir\u00e1 utilizar durante os 5 dias de trilha. Al\u00e9m disso, durante a viagem, voc\u00ea precisar\u00e1 de uma mochila de dia, grande o suficiente para levar seus objetos pessoais, essenciais. N\u00e3o se preocupe com sua bagagem principal, cuidaremos dela em nosso escrit\u00f3rio, sem nenhum custo adicional!<\/p>\n\n\n\n<p><strong>No dia, cada participante ser\u00e1 apanhado em seu hotel?<\/strong><\/p>\n\n\n\n<p>A equipe vai se encarregar de apanhar cada viajante em seu hotel, em Cusco. Iremos confirmar a hora de lhe buscar, um dia antes do tour. Por favor, tenha em mente que devido \u00e0s condi\u00e7\u00f5es do tr\u00e1fego e \u00e0s caracter\u00edsticas da cidade, a hora de recolhimento pode variar ligeiramente.<\/p>\n\n\n\n<p>Espero que esta informa\u00e7\u00e3o tenha sido \u00fatil e ajude a prepar\u00e1-lo para a incr\u00edvel experi\u00eancia que te espera. Sabemos que aventurar-se em novas trilhas pode causar um pouco de apreens\u00e3o, por\u00e9m, em companhia de especialistas, voc\u00ea poder\u00e1 desfrutar, ao m\u00e1ximo, desta aventura, em total seguran\u00e7a.<\/p>\n\n\n\n<div class=\"wp-block-columns is-layout-flex wp-container-core-columns-is-layout-9d6595d7 wp-block-columns-is-layout-flex\">\n<div class=\"wp-block-column is-layout-flow wp-block-column-is-layout-flow\"><div class=\"wp-block-image\">\n<figure class=\"aligncenter size-full\"><img loading=\"lazy\" decoding=\"async\" width=\"800\" height=\"1000\" src=\"https:\/\/www.salkantaytrilha.com\/blog\/wp-content\/uploads\/2024\/08\/Turistas-sitio-arqueologico-Machu-Picchu.jpg\" alt=\"Turistas no s\u00edtio arqueol\u00f3gico de Machu Picchu\" class=\"wp-image-797\"\/><figcaption class=\"wp-element-caption\">S\u00edtio arqueol\u00f3gico de Machu Picchu<\/figcaption><\/figure>\n<\/div><\/div>\n\n\n\n<div class=\"wp-block-column is-layout-flow wp-block-column-is-layout-flow\"><div class=\"wp-block-image\">\n<figure class=\"aligncenter size-full\"><img loading=\"lazy\" decoding=\"async\" width=\"800\" height=\"1000\" src=\"https:\/\/www.salkantaytrilha.com\/blog\/wp-content\/uploads\/2024\/08\/guias-turisticos-lago-Humantay.jpg\" alt=\"Quatro guias tur\u00edsticos no lago Humantay\" class=\"wp-image-798\"\/><figcaption class=\"wp-element-caption\">Lago Humantay<\/figcaption><\/figure>\n<\/div><\/div>\n<\/div>\n\n\n\n<h2 class=\"wp-block-heading\" id=\"h-o-que-devo-levar\">O Que Devo Levar?<\/h2>\n\n\n\n<p>Ol\u00e1, aventureiro! Se voc\u00ea est\u00e1 se preparando para a sua trilha, aqui est\u00e1 uma lista de \u00edtens que deve levar:<\/p>\n\n\n\n<ul class=\"wp-block-list\">\n<li><strong>Carteira de identidade (para brasileiros) ou Passaporte vigente<\/strong>: Essencial para o ingresso a certos lugares e para qualquer emerg\u00eancia.<\/li>\n\n\n\n<li><strong>Dinheiro extra<\/strong>: Recomendo levar soles peruanos para gastos adicionais.<\/li>\n\n\n\n<li><strong>Medicamentos pessoais<\/strong>: N\u00e3o esque\u00e7a de levar seus medicamentos habituais e qualquer tratamento especial que necessite.<\/li>\n\n\n\n<li><strong>Garrafa de \u00e1gua ou camelbak<\/strong>: Mantenha-se hidratado durante toda a trilha. As pastilhas purificadoras s\u00e3o opcionais.<\/li>\n\n\n\n<li><strong>Protetor solar 70+ ou mais<\/strong>: Proteja sua pele dos intensos raios UV da montanha.<\/li>\n\n\n\n<li><strong>Repelente de insetos<\/strong>: Evite as picadas inc\u00f4modas durante a caminhada.<\/li>\n\n\n\n<li><strong>Produtos de higiene pessoal<\/strong>: Inclua todo o necess\u00e1rio para manter a higiene pessoal durante a viagem.<\/li>\n\n\n\n<li><strong>Botas\/sapatos de montanha<\/strong>: Imperme\u00e1veis e confort\u00e1veis, para caminhar longas dist\u00e2ncias.<\/li>\n\n\n\n<li><strong>Cal\u00e7ado leve ou sand\u00e1lias<\/strong>: Para descansar seus p\u00e9s no final do dia.<\/li>\n\n\n\n<li><strong>Cal\u00e7as para caminhada<\/strong>: Leves e resistentes, de prefer\u00eancia imperme\u00e1veis.<\/li>\n\n\n\n<li><strong>Meias de caminhada<\/strong>: Mantenha seus p\u00e9s secos e confort\u00e1veis.<\/li>\n\n\n\n<li><strong>Cal\u00e7as t\u00e9rmicas<\/strong>: Para as noites frias na montanha.<\/li>\n\n\n\n<li><strong>Shorts<\/strong>: Para os dias mais quentes e atividades de descanso.<\/li>\n\n\n\n<li><strong>Protetores de cal\u00e7ado imperme\u00e1veis<\/strong>: \u00dateis, para o caso de planejar atravessar rios ou caminhar em terreno \u00famido.<\/li>\n\n\n\n<li><strong>Camisetas de manga longa<\/strong>: Prote\u00e7\u00e3o contra o sol e os insetos.<\/li>\n\n\n\n<li><strong>Jaqueta t\u00e9rmica<\/strong>: Mantenha-se aquecido nas noites frias.<\/li>\n\n\n\n<li><strong>Jaqueta imperme\u00e1vel<\/strong>: Para proteg\u00ea-lo da chuva.<\/li>\n\n\n\n<li><strong>Poncho imperme\u00e1vel<\/strong>: Mantenha sua mochila e equipamento secos, em caso de chuva.<\/li>\n\n\n\n<li><strong>Luvas de l\u00e3 ou imperme\u00e1veis<\/strong>: Proteja-se do frio nas alturas.<\/li>\n\n\n\n<li><strong>Chap\u00e9u que proteja rosto e pesco\u00e7o<\/strong>: Mantenha o sol fora de seu rosto e pesco\u00e7o.<\/li>\n\n\n\n<li><strong>Gorro de l\u00e3<\/strong>: Para as noites frias.<\/li>\n\n\n\n<li><strong>Len\u00e7o para pesco\u00e7o ou buff<\/strong>: Proteja seu pesco\u00e7o do vento e do frio.<\/li>\n\n\n\n<li><strong>\u00d3culos com prote\u00e7\u00e3o UV<\/strong>: Proteja seus olhos da intensa radia\u00e7\u00e3o solar.<\/li>\n\n\n\n<li><strong>Mochila para caminhada m\u00e9dia<\/strong>: Grande o suficiente para levar o essencial do dia.<\/li>\n\n\n\n<li><strong>C\u00e2mera com carregador<\/strong>: Capture os momentos mais memor\u00e1veis da viagem.<\/li>\n\n\n\n<li><strong>Bateria externa<\/strong>: Mantenha seus dispositivos carregados durante a caminhada.<\/li>\n\n\n\n<li><strong>Snacks<\/strong>: Barras energ\u00e9ticas, eletr\u00f3litos, frutas secas e g\u00e9is energ\u00e9ticos para manter sua energia.<\/li>\n\n\n\n<li><strong>Roupa de banho<\/strong>: Para relaxar nas \u00e1guas termais ao final do dia.<\/li>\n\n\n\n<li><strong>Toalha<\/strong>: Seca e confort\u00e1vel para depois de um banho.<\/li>\n\n\n\n<li><strong>Lanterna<\/strong>: \u00datil para iluminar o acampamento ou as trilhas \u00e0 noite.<\/li>\n<\/ul>\n\n\n\n<h2 class=\"wp-block-heading\" id=\"h-minha-avaliacao\">Minha Avalia\u00e7\u00e3o<\/h2>\n\n\n\n<p>E assim concluo meu blog sobre a Experi\u00eancia da Trilha Salkantay Premium, de 5 dias! Foram horas de uma intensa montanha-russa de emo\u00e7\u00f5es, repletos de momentos inesquec\u00edveis, desafios superados e paisagens que ficar\u00e3o gravadas na minha mem\u00f3ria para sempre. Desde o primeiro momento em que meus olhos se fixaram na imponente paisagem dos Andes, soube que essa viagem seria muito mais do que uma simples trilha; seria uma imers\u00e3o total na grandeza da natureza e da hist\u00f3ria andinas.<\/p>\n\n\n\n<p>Cada dia foi uma aventura \u00fanica e emocionante, desde a deslumbrante ascens\u00e3o ao Abra Salkantay at\u00e9 a fascinante explora\u00e7\u00e3o das ru\u00ednas incas em Llactapata e, finalmente, a incr\u00edvel visita \u00e0 lend\u00e1ria cidade inca de Machu Picchu. Cada passo foi seguido de descobertas, seja admirando a majestade das montanhas, mergulhando na exuberante selva tropical ou maravilhando-me com a engenharia e a espiritualidade das antigas civiliza\u00e7\u00f5es incas.<\/p>\n\n\n\n<p>Mas al\u00e9m das paisagens impressionantes e das experi\u00eancias inesquec\u00edveis, o que realmente tornou essa aventura especial foi a conex\u00e3o com as pessoas que conheci durante a trilha. Desde os valentes carregadores e os talentosos cozinheiros que nos acompanharam durante toda a travessia, at\u00e9 meus companheiros de viagem com quem compartilhei risadas, conversas inspiradoras e momentos de supera\u00e7\u00e3o pessoal: cada um deles deixou uma marca indel\u00e9vel no meu cora\u00e7\u00e3o.<\/p>\n\n\n\n<p>Viajar em grupo foi uma experi\u00eancia enriquecedora, que me ensinou a import\u00e2ncia da flexibilidade, da empatia e do trabalho em equipe. Aprendi a apreciar a diversidade de habilidades e perspectivas, e descobri que, quando nos unimos em busca de um objetivo comum, somos capazes de superar qualquer obst\u00e1culo e criar lembran\u00e7as eternas.<\/p>\n\n\n\n<p>Definitivamente, a Experi\u00eancia Trilha Salkantay Premium, de 5 dias, n\u00e3o foi apenas uma aventura f\u00edsica, mas tamb\u00e9m espiritual e emocional. Ela me desafiou, me inspirou e me deixou com uma profunda gratid\u00e3o pela beleza do mundo que nos rodeia e pela incr\u00edvel capacidade do ser humano de se adaptar, explorar e se conectar com os outros. Agrade\u00e7o cada momento vivido, e cada li\u00e7\u00e3o aprendida nesta viagem, e estou certo de que essas experi\u00eancias continuar\u00e3o me guiando em futuras aventuras.<\/p>\n\n\n\n<p class=\"blue\">Ent\u00e3o, se voc\u00ea est\u00e1 buscando uma aventura que te leve al\u00e9m dos seus limites, que te conecte com a natureza e a hist\u00f3ria, e que te permita criar lembran\u00e7as inesquec\u00edveis enquanto mergulha na beleza dos Andes peruanos, voc\u00ea acaba de encontrar!! A Experi\u00eancia Trilha Salkantay Premium, de 5 dias, \u00e9 a escolha perfeita para voc\u00ea. Prepare-se para viver uma experi\u00eancia \u00fanica e inesquec\u00edvel, que mudar\u00e1 a sua vida para sempre! Nos vemos no topo!<\/p>\n\n\n\n<h2 class=\"wp-block-heading\" id=\"h-pode-lhe-interessar\">Pode lhe Interessar:<\/h2>\n\n\n\n<ul class=\"wp-block-list\">\n<li><strong><a href=\"https:\/\/www.salkantaytrilha.com\/blog\/trilha-salkantay-vs-trilha-inca-jungle\/\">Trilha Salkantay vs Trilha Inca Jungle<\/a><\/strong><\/li>\n\n\n\n<li><strong><a href=\"https:\/\/www.salkantaytrilha.com\/blog\/trilha-salkantay-vs-trilha-lares\/\">Trilha Salkantay vs. Trilha Lares<\/a><\/strong><\/li>\n\n\n\n<li><strong><a href=\"https:\/\/www.salkantaytrilha.com\/blog\/choquequirao-vs-salkantay\/\">Trilha Choquequirao vs Trilha Salkantay<\/a><\/strong><\/li>\n\n\n\n<li><strong><a href=\"https:\/\/www.salkantaytrilha.com\/blog\/ingressos-para-machu-picchu-tudo-o-que-voce-precisa-saber\/\">Ingressos para Machu Picchu: Tudo o que voc\u00ea precisa saber!<\/a><\/strong><\/li>\n\n\n\n<li><strong><a href=\"https:\/\/www.salkantaytrilha.com\/blog\/qual-montanha-escolher-huayna-picchu-huchuy-picchu-ou-a-montanha-machu-picchu\/\">Qual montanha escolher: Huayna Picchu, Huchuy Picchu ou a Montanha Machu Picchu?<\/a><\/strong><\/li>\n\n\n\n<li><strong><a href=\"https:\/\/www.salkantaytrilha.com\/blog\/tudo-o-que-voce-precisa-saber-sobre-a-montanha-huayna-picchu-2024\/\">Tudo o que voc\u00ea precisa saber sobre a Montanha Huayna Picchu 2024<\/a><\/strong><\/li>\n\n\n\n<li><strong><a href=\"https:\/\/www.salkantaytrilha.com\/blog\/tudo-o-que-voce-precisa-saber-sobre-a-montanha-huchuy-picchu\/\">Tudo o que voc\u00ea precisa saber sobre a Montanha Huchuy Picchu em 2024<\/a><\/strong><\/li>\n<\/ul>\n\n\n\n<ul class=\"wp-block-list lang\">\n<li class=\"en\"><a href=\"https:\/\/www.salkantaytrekking.com\/blog\/exploring-the-unknown-salkantay-premium-trek-5-days-of-adventure\/\">EN<\/a><\/li>\n\n\n\n<li class=\"es\"><a href=\"https:\/\/www.caminosalkantay.com\/blog\/explorando-lo-desconocido-salkantay-premium-trek-5-dias-de-aventura\/\">ES<\/a><\/li>\n<\/ul>\n","protected":false},"excerpt":{"rendered":"<p>Bem no alto dos Andes, l\u00e1 onde o c\u00e9u beija a terra e as montanhas sussurram hist\u00f3rias ancestrais, aconteceu a maior aventura da minha vida: a Trilha Salkantay Premium! Desde o primeiro momento em que meus olhos se fixaram na [&hellip;]<\/p>\n","protected":false},"author":1,"featured_media":800,"comment_status":"open","ping_status":"open","sticky":false,"template":"","format":"standard","meta":{"footnotes":""},"categories":[120,240],"tags":[254,256,255,253],"class_list":["post-784","post","type-post","status-publish","format-standard","has-post-thumbnail","hentry","category-salkantay","category-trilha-salkantay","tag-5-dias-de-aventura","tag-experiencia-do-cafe","tag-impressionante-abra-salkantay","tag-trilha-salkantay-premium"],"yoast_head":"<!-- This site is optimized with the Yoast SEO Premium plugin v27.4 (Yoast SEO v27.4) - https:\/\/yoast.com\/product\/yoast-seo-premium-wordpress\/ -->\n<title>Explorando o Desconhecido: Trilha Salkantay Premium, 5 Dias de Aventura - informa\u00e7\u00f5es de viagens<\/title>\n<meta name=\"description\" content=\"Descubra a emocionante Trilha Salkantay Premium, uma aventura imperd\u00edvel pelos Andes peruanos! Explore paisagens magn\u00edficas e mergulhe na hist\u00f3ria ancestral.\" \/>\n<meta name=\"robots\" content=\"index, follow, max-snippet:-1, max-image-preview:large, max-video-preview:-1\" \/>\n<link rel=\"canonical\" href=\"https:\/\/www.salkantaytrilha.com\/blog\/explorando-o-desconhecido-trilha-salkantay-premium-5-dias-de-aventura\/\" \/>\n<meta property=\"og:locale\" content=\"pt_BR\" \/>\n<meta property=\"og:type\" content=\"article\" \/>\n<meta property=\"og:title\" content=\"Explorando o Desconhecido: Trilha Salkantay Premium, 5 Dias de Aventura\" \/>\n<meta property=\"og:description\" content=\"Descubra a emocionante Trilha Salkantay Premium, uma aventura imperd\u00edvel pelos Andes peruanos! Explore paisagens magn\u00edficas e mergulhe na hist\u00f3ria ancestral.\" \/>\n<meta property=\"og:url\" content=\"https:\/\/www.salkantaytrilha.com\/blog\/explorando-o-desconhecido-trilha-salkantay-premium-5-dias-de-aventura\/\" \/>\n<meta property=\"og:site_name\" content=\"informa\u00e7\u00f5es de viagens\" \/>\n<meta property=\"article:publisher\" content=\"https:\/\/www.facebook.com\/SalkantayTrekking\/\" \/>\n<meta property=\"article:published_time\" content=\"2024-08-01T21:15:39+00:00\" \/>\n<meta property=\"article:modified_time\" content=\"2026-03-02T15:07:27+00:00\" \/>\n<meta property=\"og:image\" content=\"https:\/\/www.salkantaytrilha.com\/blog\/wp-content\/uploads\/2024\/08\/Trilha-Salkantay-Premium-5-Dias-de-Aventura.jpg\" \/>\n\t<meta property=\"og:image:width\" content=\"1920\" \/>\n\t<meta property=\"og:image:height\" content=\"1249\" \/>\n\t<meta property=\"og:image:type\" content=\"image\/jpeg\" \/>\n<meta name=\"author\" content=\"Trilha Salkantay\" \/>\n<meta name=\"twitter:card\" content=\"summary_large_image\" \/>\n<meta name=\"twitter:creator\" content=\"@salkantayperu\" \/>\n<meta name=\"twitter:site\" content=\"@salkantayperu\" \/>\n<meta name=\"twitter:label1\" content=\"Escrito por\" \/>\n\t<meta name=\"twitter:data1\" content=\"Trilha Salkantay\" \/>\n\t<meta name=\"twitter:label2\" content=\"Est. tempo de leitura\" \/>\n\t<meta name=\"twitter:data2\" content=\"27 minutos\" \/>\n<script type=\"application\/ld+json\" class=\"yoast-schema-graph\">{\"@context\":\"https:\\\/\\\/schema.org\",\"@graph\":[{\"@type\":\"Article\",\"@id\":\"https:\\\/\\\/www.salkantaytrilha.com\\\/blog\\\/explorando-o-desconhecido-trilha-salkantay-premium-5-dias-de-aventura\\\/#article\",\"isPartOf\":{\"@id\":\"https:\\\/\\\/www.salkantaytrilha.com\\\/blog\\\/explorando-o-desconhecido-trilha-salkantay-premium-5-dias-de-aventura\\\/\"},\"author\":{\"name\":\"Trilha Salkantay\",\"@id\":\"https:\\\/\\\/www.salkantaytrilha.com\\\/blog\\\/#\\\/schema\\\/person\\\/aa0e6175beac59e6519e5407b3d13d0d\"},\"headline\":\"Explorando o Desconhecido: Trilha Salkantay Premium, 5 Dias de Aventura\",\"datePublished\":\"2024-08-01T21:15:39+00:00\",\"dateModified\":\"2026-03-02T15:07:27+00:00\",\"mainEntityOfPage\":{\"@id\":\"https:\\\/\\\/www.salkantaytrilha.com\\\/blog\\\/explorando-o-desconhecido-trilha-salkantay-premium-5-dias-de-aventura\\\/\"},\"wordCount\":4595,\"commentCount\":0,\"publisher\":{\"@id\":\"https:\\\/\\\/www.salkantaytrilha.com\\\/blog\\\/#organization\"},\"image\":{\"@id\":\"https:\\\/\\\/www.salkantaytrilha.com\\\/blog\\\/explorando-o-desconhecido-trilha-salkantay-premium-5-dias-de-aventura\\\/#primaryimage\"},\"thumbnailUrl\":\"https:\\\/\\\/www.salkantaytrilha.com\\\/blog\\\/wp-content\\\/uploads\\\/2024\\\/08\\\/Trilha-Salkantay-Premium-5-Dias-de-Aventura.jpg\",\"keywords\":[\"5 Dias de Aventura\",\"Experi\u00eancia do Caf\u00e9\",\"Impressionante Abra Salkantay\",\"Trilha Salkantay Premium\"],\"articleSection\":[\"Salkantay\",\"Trilha Salkantay\"],\"inLanguage\":\"pt-BR\",\"potentialAction\":[{\"@type\":\"CommentAction\",\"name\":\"Comment\",\"target\":[\"https:\\\/\\\/www.salkantaytrilha.com\\\/blog\\\/explorando-o-desconhecido-trilha-salkantay-premium-5-dias-de-aventura\\\/#respond\"]}]},{\"@type\":\"WebPage\",\"@id\":\"https:\\\/\\\/www.salkantaytrilha.com\\\/blog\\\/explorando-o-desconhecido-trilha-salkantay-premium-5-dias-de-aventura\\\/\",\"url\":\"https:\\\/\\\/www.salkantaytrilha.com\\\/blog\\\/explorando-o-desconhecido-trilha-salkantay-premium-5-dias-de-aventura\\\/\",\"name\":\"Explorando o Desconhecido: Trilha Salkantay Premium, 5 Dias de Aventura - informa\u00e7\u00f5es de viagens\",\"isPartOf\":{\"@id\":\"https:\\\/\\\/www.salkantaytrilha.com\\\/blog\\\/#website\"},\"primaryImageOfPage\":{\"@id\":\"https:\\\/\\\/www.salkantaytrilha.com\\\/blog\\\/explorando-o-desconhecido-trilha-salkantay-premium-5-dias-de-aventura\\\/#primaryimage\"},\"image\":{\"@id\":\"https:\\\/\\\/www.salkantaytrilha.com\\\/blog\\\/explorando-o-desconhecido-trilha-salkantay-premium-5-dias-de-aventura\\\/#primaryimage\"},\"thumbnailUrl\":\"https:\\\/\\\/www.salkantaytrilha.com\\\/blog\\\/wp-content\\\/uploads\\\/2024\\\/08\\\/Trilha-Salkantay-Premium-5-Dias-de-Aventura.jpg\",\"datePublished\":\"2024-08-01T21:15:39+00:00\",\"dateModified\":\"2026-03-02T15:07:27+00:00\",\"description\":\"Descubra a emocionante Trilha Salkantay Premium, uma aventura imperd\u00edvel pelos Andes peruanos! Explore paisagens magn\u00edficas e mergulhe na hist\u00f3ria ancestral.\",\"breadcrumb\":{\"@id\":\"https:\\\/\\\/www.salkantaytrilha.com\\\/blog\\\/explorando-o-desconhecido-trilha-salkantay-premium-5-dias-de-aventura\\\/#breadcrumb\"},\"inLanguage\":\"pt-BR\",\"potentialAction\":[{\"@type\":\"ReadAction\",\"target\":[\"https:\\\/\\\/www.salkantaytrilha.com\\\/blog\\\/explorando-o-desconhecido-trilha-salkantay-premium-5-dias-de-aventura\\\/\"]}]},{\"@type\":\"ImageObject\",\"inLanguage\":\"pt-BR\",\"@id\":\"https:\\\/\\\/www.salkantaytrilha.com\\\/blog\\\/explorando-o-desconhecido-trilha-salkantay-premium-5-dias-de-aventura\\\/#primaryimage\",\"url\":\"https:\\\/\\\/www.salkantaytrilha.com\\\/blog\\\/wp-content\\\/uploads\\\/2024\\\/08\\\/Trilha-Salkantay-Premium-5-Dias-de-Aventura.jpg\",\"contentUrl\":\"https:\\\/\\\/www.salkantaytrilha.com\\\/blog\\\/wp-content\\\/uploads\\\/2024\\\/08\\\/Trilha-Salkantay-Premium-5-Dias-de-Aventura.jpg\",\"width\":1920,\"height\":1249,\"caption\":\"Trilha Salkantay Premium, 5 Dias de Aventura\"},{\"@type\":\"BreadcrumbList\",\"@id\":\"https:\\\/\\\/www.salkantaytrilha.com\\\/blog\\\/explorando-o-desconhecido-trilha-salkantay-premium-5-dias-de-aventura\\\/#breadcrumb\",\"itemListElement\":[{\"@type\":\"ListItem\",\"position\":1,\"name\":\"In\u00edcio\",\"item\":\"https:\\\/\\\/www.salkantaytrilha.com\\\/blog\\\/\"},{\"@type\":\"ListItem\",\"position\":2,\"name\":\"Explorando o Desconhecido: Trilha Salkantay Premium, 5 Dias de Aventura\"}]},{\"@type\":\"WebSite\",\"@id\":\"https:\\\/\\\/www.salkantaytrilha.com\\\/blog\\\/#website\",\"url\":\"https:\\\/\\\/www.salkantaytrilha.com\\\/blog\\\/\",\"name\":\"informa\u00e7\u00f5es de viagens a Machu Picchu\",\"description\":\"\",\"publisher\":{\"@id\":\"https:\\\/\\\/www.salkantaytrilha.com\\\/blog\\\/#organization\"},\"potentialAction\":[{\"@type\":\"SearchAction\",\"target\":{\"@type\":\"EntryPoint\",\"urlTemplate\":\"https:\\\/\\\/www.salkantaytrilha.com\\\/blog\\\/?s={search_term_string}\"},\"query-input\":{\"@type\":\"PropertyValueSpecification\",\"valueRequired\":true,\"valueName\":\"search_term_string\"}}],\"inLanguage\":\"pt-BR\"},{\"@type\":\"Organization\",\"@id\":\"https:\\\/\\\/www.salkantaytrilha.com\\\/blog\\\/#organization\",\"name\":\"informa\u00e7\u00f5es de viagens a Machu Picchu\",\"url\":\"https:\\\/\\\/www.salkantaytrilha.com\\\/blog\\\/\",\"logo\":{\"@type\":\"ImageObject\",\"inLanguage\":\"pt-BR\",\"@id\":\"https:\\\/\\\/www.salkantaytrilha.com\\\/blog\\\/#\\\/schema\\\/logo\\\/image\\\/\",\"url\":\"https:\\\/\\\/www.salkantaytrilha.com\\\/blog\\\/wp-content\\\/uploads\\\/2024\\\/05\\\/salkantaytrekking-new-300x128-1.png\",\"contentUrl\":\"https:\\\/\\\/www.salkantaytrilha.com\\\/blog\\\/wp-content\\\/uploads\\\/2024\\\/05\\\/salkantaytrekking-new-300x128-1.png\",\"width\":300,\"height\":128,\"caption\":\"informa\u00e7\u00f5es de viagens a Machu Picchu\"},\"image\":{\"@id\":\"https:\\\/\\\/www.salkantaytrilha.com\\\/blog\\\/#\\\/schema\\\/logo\\\/image\\\/\"},\"sameAs\":[\"https:\\\/\\\/www.facebook.com\\\/SalkantayTrekking\\\/\",\"https:\\\/\\\/x.com\\\/salkantayperu\",\"https:\\\/\\\/www.pinterest.com\\\/salkantaytrekking\\\/\",\"https:\\\/\\\/www.instagram.com\\\/salkantaytrekking\\\/\",\"https:\\\/\\\/www.youtube.com\\\/user\\\/salkantaytrekking\",\"https:\\\/\\\/www.tiktok.com\\\/@salkantaytrekking\"]},{\"@type\":\"Person\",\"@id\":\"https:\\\/\\\/www.salkantaytrilha.com\\\/blog\\\/#\\\/schema\\\/person\\\/aa0e6175beac59e6519e5407b3d13d0d\",\"name\":\"Trilha Salkantay\",\"image\":{\"@type\":\"ImageObject\",\"inLanguage\":\"pt-BR\",\"@id\":\"https:\\\/\\\/secure.gravatar.com\\\/avatar\\\/b41678a33c57a2bf0032b7c254611fc97caffd94ade0663405b364d1c0177d1d?s=96&d=mm&r=g\",\"url\":\"https:\\\/\\\/secure.gravatar.com\\\/avatar\\\/b41678a33c57a2bf0032b7c254611fc97caffd94ade0663405b364d1c0177d1d?s=96&d=mm&r=g\",\"contentUrl\":\"https:\\\/\\\/secure.gravatar.com\\\/avatar\\\/b41678a33c57a2bf0032b7c254611fc97caffd94ade0663405b364d1c0177d1d?s=96&d=mm&r=g\",\"caption\":\"Trilha Salkantay\"},\"sameAs\":[\"https:\\\/\\\/www.salkantaytrilha.com\\\/blog\"]}]}<\/script>\n<!-- \/ Yoast SEO Premium plugin. -->","yoast_head_json":{"title":"Explorando o Desconhecido: Trilha Salkantay Premium, 5 Dias de Aventura - informa\u00e7\u00f5es de viagens","description":"Descubra a emocionante Trilha Salkantay Premium, uma aventura imperd\u00edvel pelos Andes peruanos! Explore paisagens magn\u00edficas e mergulhe na hist\u00f3ria ancestral.","robots":{"index":"index","follow":"follow","max-snippet":"max-snippet:-1","max-image-preview":"max-image-preview:large","max-video-preview":"max-video-preview:-1"},"canonical":"https:\/\/www.salkantaytrilha.com\/blog\/explorando-o-desconhecido-trilha-salkantay-premium-5-dias-de-aventura\/","og_locale":"pt_BR","og_type":"article","og_title":"Explorando o Desconhecido: Trilha Salkantay Premium, 5 Dias de Aventura","og_description":"Descubra a emocionante Trilha Salkantay Premium, uma aventura imperd\u00edvel pelos Andes peruanos! Explore paisagens magn\u00edficas e mergulhe na hist\u00f3ria ancestral.","og_url":"https:\/\/www.salkantaytrilha.com\/blog\/explorando-o-desconhecido-trilha-salkantay-premium-5-dias-de-aventura\/","og_site_name":"informa\u00e7\u00f5es de viagens","article_publisher":"https:\/\/www.facebook.com\/SalkantayTrekking\/","article_published_time":"2024-08-01T21:15:39+00:00","article_modified_time":"2026-03-02T15:07:27+00:00","og_image":[{"width":1920,"height":1249,"url":"https:\/\/www.salkantaytrilha.com\/blog\/wp-content\/uploads\/2024\/08\/Trilha-Salkantay-Premium-5-Dias-de-Aventura.jpg","type":"image\/jpeg"}],"author":"Trilha Salkantay","twitter_card":"summary_large_image","twitter_creator":"@salkantayperu","twitter_site":"@salkantayperu","twitter_misc":{"Escrito por":"Trilha Salkantay","Est. tempo de leitura":"27 minutos"},"schema":{"@context":"https:\/\/schema.org","@graph":[{"@type":"Article","@id":"https:\/\/www.salkantaytrilha.com\/blog\/explorando-o-desconhecido-trilha-salkantay-premium-5-dias-de-aventura\/#article","isPartOf":{"@id":"https:\/\/www.salkantaytrilha.com\/blog\/explorando-o-desconhecido-trilha-salkantay-premium-5-dias-de-aventura\/"},"author":{"name":"Trilha Salkantay","@id":"https:\/\/www.salkantaytrilha.com\/blog\/#\/schema\/person\/aa0e6175beac59e6519e5407b3d13d0d"},"headline":"Explorando o Desconhecido: Trilha Salkantay Premium, 5 Dias de Aventura","datePublished":"2024-08-01T21:15:39+00:00","dateModified":"2026-03-02T15:07:27+00:00","mainEntityOfPage":{"@id":"https:\/\/www.salkantaytrilha.com\/blog\/explorando-o-desconhecido-trilha-salkantay-premium-5-dias-de-aventura\/"},"wordCount":4595,"commentCount":0,"publisher":{"@id":"https:\/\/www.salkantaytrilha.com\/blog\/#organization"},"image":{"@id":"https:\/\/www.salkantaytrilha.com\/blog\/explorando-o-desconhecido-trilha-salkantay-premium-5-dias-de-aventura\/#primaryimage"},"thumbnailUrl":"https:\/\/www.salkantaytrilha.com\/blog\/wp-content\/uploads\/2024\/08\/Trilha-Salkantay-Premium-5-Dias-de-Aventura.jpg","keywords":["5 Dias de Aventura","Experi\u00eancia do Caf\u00e9","Impressionante Abra Salkantay","Trilha Salkantay Premium"],"articleSection":["Salkantay","Trilha Salkantay"],"inLanguage":"pt-BR","potentialAction":[{"@type":"CommentAction","name":"Comment","target":["https:\/\/www.salkantaytrilha.com\/blog\/explorando-o-desconhecido-trilha-salkantay-premium-5-dias-de-aventura\/#respond"]}]},{"@type":"WebPage","@id":"https:\/\/www.salkantaytrilha.com\/blog\/explorando-o-desconhecido-trilha-salkantay-premium-5-dias-de-aventura\/","url":"https:\/\/www.salkantaytrilha.com\/blog\/explorando-o-desconhecido-trilha-salkantay-premium-5-dias-de-aventura\/","name":"Explorando o Desconhecido: Trilha Salkantay Premium, 5 Dias de Aventura - informa\u00e7\u00f5es de viagens","isPartOf":{"@id":"https:\/\/www.salkantaytrilha.com\/blog\/#website"},"primaryImageOfPage":{"@id":"https:\/\/www.salkantaytrilha.com\/blog\/explorando-o-desconhecido-trilha-salkantay-premium-5-dias-de-aventura\/#primaryimage"},"image":{"@id":"https:\/\/www.salkantaytrilha.com\/blog\/explorando-o-desconhecido-trilha-salkantay-premium-5-dias-de-aventura\/#primaryimage"},"thumbnailUrl":"https:\/\/www.salkantaytrilha.com\/blog\/wp-content\/uploads\/2024\/08\/Trilha-Salkantay-Premium-5-Dias-de-Aventura.jpg","datePublished":"2024-08-01T21:15:39+00:00","dateModified":"2026-03-02T15:07:27+00:00","description":"Descubra a emocionante Trilha Salkantay Premium, uma aventura imperd\u00edvel pelos Andes peruanos! Explore paisagens magn\u00edficas e mergulhe na hist\u00f3ria ancestral.","breadcrumb":{"@id":"https:\/\/www.salkantaytrilha.com\/blog\/explorando-o-desconhecido-trilha-salkantay-premium-5-dias-de-aventura\/#breadcrumb"},"inLanguage":"pt-BR","potentialAction":[{"@type":"ReadAction","target":["https:\/\/www.salkantaytrilha.com\/blog\/explorando-o-desconhecido-trilha-salkantay-premium-5-dias-de-aventura\/"]}]},{"@type":"ImageObject","inLanguage":"pt-BR","@id":"https:\/\/www.salkantaytrilha.com\/blog\/explorando-o-desconhecido-trilha-salkantay-premium-5-dias-de-aventura\/#primaryimage","url":"https:\/\/www.salkantaytrilha.com\/blog\/wp-content\/uploads\/2024\/08\/Trilha-Salkantay-Premium-5-Dias-de-Aventura.jpg","contentUrl":"https:\/\/www.salkantaytrilha.com\/blog\/wp-content\/uploads\/2024\/08\/Trilha-Salkantay-Premium-5-Dias-de-Aventura.jpg","width":1920,"height":1249,"caption":"Trilha Salkantay Premium, 5 Dias de Aventura"},{"@type":"BreadcrumbList","@id":"https:\/\/www.salkantaytrilha.com\/blog\/explorando-o-desconhecido-trilha-salkantay-premium-5-dias-de-aventura\/#breadcrumb","itemListElement":[{"@type":"ListItem","position":1,"name":"In\u00edcio","item":"https:\/\/www.salkantaytrilha.com\/blog\/"},{"@type":"ListItem","position":2,"name":"Explorando o Desconhecido: Trilha Salkantay Premium, 5 Dias de Aventura"}]},{"@type":"WebSite","@id":"https:\/\/www.salkantaytrilha.com\/blog\/#website","url":"https:\/\/www.salkantaytrilha.com\/blog\/","name":"informa\u00e7\u00f5es de viagens a Machu Picchu","description":"","publisher":{"@id":"https:\/\/www.salkantaytrilha.com\/blog\/#organization"},"potentialAction":[{"@type":"SearchAction","target":{"@type":"EntryPoint","urlTemplate":"https:\/\/www.salkantaytrilha.com\/blog\/?s={search_term_string}"},"query-input":{"@type":"PropertyValueSpecification","valueRequired":true,"valueName":"search_term_string"}}],"inLanguage":"pt-BR"},{"@type":"Organization","@id":"https:\/\/www.salkantaytrilha.com\/blog\/#organization","name":"informa\u00e7\u00f5es de viagens a Machu Picchu","url":"https:\/\/www.salkantaytrilha.com\/blog\/","logo":{"@type":"ImageObject","inLanguage":"pt-BR","@id":"https:\/\/www.salkantaytrilha.com\/blog\/#\/schema\/logo\/image\/","url":"https:\/\/www.salkantaytrilha.com\/blog\/wp-content\/uploads\/2024\/05\/salkantaytrekking-new-300x128-1.png","contentUrl":"https:\/\/www.salkantaytrilha.com\/blog\/wp-content\/uploads\/2024\/05\/salkantaytrekking-new-300x128-1.png","width":300,"height":128,"caption":"informa\u00e7\u00f5es de viagens a Machu Picchu"},"image":{"@id":"https:\/\/www.salkantaytrilha.com\/blog\/#\/schema\/logo\/image\/"},"sameAs":["https:\/\/www.facebook.com\/SalkantayTrekking\/","https:\/\/x.com\/salkantayperu","https:\/\/www.pinterest.com\/salkantaytrekking\/","https:\/\/www.instagram.com\/salkantaytrekking\/","https:\/\/www.youtube.com\/user\/salkantaytrekking","https:\/\/www.tiktok.com\/@salkantaytrekking"]},{"@type":"Person","@id":"https:\/\/www.salkantaytrilha.com\/blog\/#\/schema\/person\/aa0e6175beac59e6519e5407b3d13d0d","name":"Trilha Salkantay","image":{"@type":"ImageObject","inLanguage":"pt-BR","@id":"https:\/\/secure.gravatar.com\/avatar\/b41678a33c57a2bf0032b7c254611fc97caffd94ade0663405b364d1c0177d1d?s=96&d=mm&r=g","url":"https:\/\/secure.gravatar.com\/avatar\/b41678a33c57a2bf0032b7c254611fc97caffd94ade0663405b364d1c0177d1d?s=96&d=mm&r=g","contentUrl":"https:\/\/secure.gravatar.com\/avatar\/b41678a33c57a2bf0032b7c254611fc97caffd94ade0663405b364d1c0177d1d?s=96&d=mm&r=g","caption":"Trilha Salkantay"},"sameAs":["https:\/\/www.salkantaytrilha.com\/blog"]}]}},"_links":{"self":[{"href":"https:\/\/www.salkantaytrilha.com\/blog\/wp-json\/wp\/v2\/posts\/784","targetHints":{"allow":["GET"]}}],"collection":[{"href":"https:\/\/www.salkantaytrilha.com\/blog\/wp-json\/wp\/v2\/posts"}],"about":[{"href":"https:\/\/www.salkantaytrilha.com\/blog\/wp-json\/wp\/v2\/types\/post"}],"author":[{"embeddable":true,"href":"https:\/\/www.salkantaytrilha.com\/blog\/wp-json\/wp\/v2\/users\/1"}],"replies":[{"embeddable":true,"href":"https:\/\/www.salkantaytrilha.com\/blog\/wp-json\/wp\/v2\/comments?post=784"}],"version-history":[{"count":4,"href":"https:\/\/www.salkantaytrilha.com\/blog\/wp-json\/wp\/v2\/posts\/784\/revisions"}],"predecessor-version":[{"id":5569,"href":"https:\/\/www.salkantaytrilha.com\/blog\/wp-json\/wp\/v2\/posts\/784\/revisions\/5569"}],"wp:featuredmedia":[{"embeddable":true,"href":"https:\/\/www.salkantaytrilha.com\/blog\/wp-json\/wp\/v2\/media\/800"}],"wp:attachment":[{"href":"https:\/\/www.salkantaytrilha.com\/blog\/wp-json\/wp\/v2\/media?parent=784"}],"wp:term":[{"taxonomy":"category","embeddable":true,"href":"https:\/\/www.salkantaytrilha.com\/blog\/wp-json\/wp\/v2\/categories?post=784"},{"taxonomy":"post_tag","embeddable":true,"href":"https:\/\/www.salkantaytrilha.com\/blog\/wp-json\/wp\/v2\/tags?post=784"}],"curies":[{"name":"wp","href":"https:\/\/api.w.org\/{rel}","templated":true}]}}