{"id":804,"date":"2024-08-07T13:10:57","date_gmt":"2024-08-07T16:10:57","guid":{"rendered":"https:\/\/www.salkantaytrilha.com\/blog\/?p=804"},"modified":"2026-03-02T12:07:25","modified_gmt":"2026-03-02T15:07:25","slug":"trilha-lares-tudo-o-que-voce-precisa-saber","status":"publish","type":"post","link":"https:\/\/www.salkantaytrilha.com\/blog\/trilha-lares-tudo-o-que-voce-precisa-saber\/","title":{"rendered":"Trilha Lares Cl\u00e1ssica: Tudo o que voc\u00ea precisa saber"},"content":{"rendered":"\n<p>Nossa Trilha Lares Cl\u00e1ssica, \u00e9 a op\u00e7\u00e3o ideal para aqueles que buscam se afastar das grandes multid\u00f5es, adentrar em uma paisagem impressionante e experimentar de perto a vida rural andina. Este tour \u00e9 perfeito, tanto se voc\u00ea viaja sozinho, acompanhado ou em grupo.<\/p>\n\n\n\n<p>O percurso, embora desafiador, n\u00e3o \u00e9 t\u00e3o extremo quanto outros, permitindo desfrutar da aventura, sem muitas dificuldades. Durante o trajeto, voc\u00ea ser\u00e1 acompanhado pelo som dos rios rugindo, e se maravilhar\u00e1 com as impressionantes cachoeiras que aparecer\u00e3o \u00e0 sua frente, oferecendo momentos de \u00eaxtase e relaxamento em suas \u00e1guas turbulentas. Al\u00e9m disso, poder\u00e1 admirar lagoas em formato de l\u00e1grima, com cores vibrantes: azul, verde e turquesa, que adicionam um toque de magia \u00e0 sua viagem.<\/p>\n\n\n\n<p>Faremos paradas em diversas pequenas comunidades onde compartilharemos momentos especiais com os habitantes locais. Voc\u00ea poder\u00e1 fazer uma viv\u00eancia, observando o ritmo de vida e as atividades cotidianas desses lugares, conhecendo em primeira m\u00e3o seus costumes e tradi\u00e7\u00f5es ancestrais.<\/p>\n\n\n\n<p>Ap\u00f3s esses dias cheios de encanto nas montanhas andinas, voc\u00ea culminar\u00e1 sua aventura com uma visita a uma das Sete Maravilhas do Mundo Moderno: o Santu\u00e1rio Hist\u00f3rico de Machu Picchu. Explore este incr\u00edvel local em companhia de seu guia especializado, que revelar\u00e1 todos os segredos da cidadela, a tal ponto que voc\u00ea vai captar toda a incr\u00edvel energia do lugar.<\/p>\n\n\n\n<p>Esta trilha \u00e9pica, \u00e9 uma experi\u00eancia inesquec\u00edvel que combina aventura, cultura e natureza. N\u00e3o perca!<\/p>\n\n\n\n<div class=\"wp-block-rank-math-toc-block anchor-links\"><ul><li><a href=\"#h-o-que-esperar-da-trilha\" >O que esperar da trilha?<\/a><\/li><li><a href=\"#h-dia-a-dia\" >Dia a Dia<\/a><ul><li><a href=\"#h-dia-1-cusco-banhos-termais-de-lares-cuncani-willkikasa-quiswarani\" >Dia 1 Cusco &#8211; Banhos Termais de Lares &#8211; Cuncani &#8211; Willkikasa &#8211; Quiswarani<\/a><\/li><li><a href=\"#h-dia-2-quiswarani-lagoa-qoyalay-abra-pachacutec-cancha-cancha\" >Dia 2 Quiswarani &#8211; Lagoa Qoyalay &#8211; Abra Pachacutec &#8211; Cancha Cancha<\/a><\/li><li><a href=\"#h-dia-3-cancha-cancha-huaran-salineras-de-maras-ollantaytambo-aguas-calientes\" >Dia 3 Cancha Cancha &#8211; Huaran &#8211; Salineras de Maras &#8211; Ollantaytambo &#8211; Aguas Calientes<\/a><\/li><li><a href=\"#h-dia-4-nbsp-aguas-calientes-machu-picchu-ollantaytambo-cusco\" >Dia 4\u00a0Aguas Calientes &#8211; Machu Picchu &#8211; Ollantaytambo &#8211; Cusco<\/a><\/li><\/ul><\/li><li><a href=\"#h-o-que-esta-incluido\" >O que est\u00e1 inclu\u00eddo?<\/a><\/li><li><a href=\"#h-o-que-nao-esta-incluido\" >O que n\u00e3o est\u00e1 inclu\u00eddo?<\/a><\/li><li><a href=\"#h-viajando-em-grupo\" >Viajando em grupo<\/a><\/li><li><a href=\"#h-o-que-devo-levar-para-a-trilha-lares\" >O que devo levar para a Trilha Lares?<\/a><\/li><li><a href=\"#h-voce-pode-se-interessar\" >Voc\u00ea pode se interessar<\/a><\/li><\/nav><\/ul><\/div>\n\n\n\n<h2 class=\"wp-block-heading\" id=\"h-o-que-esperar-da-trilha\">O que esperar da trilha?<\/h2>\n\n\n\n<ul class=\"wp-block-list\">\n<li>Desfrute de uma das melhores rotas alternativas para Machu Picchu.<\/li>\n\n\n\n<li>Afaste-se das grandes multid\u00f5es neste percurso \u00fanico e fora do comum, sendo acompanhado pelos sons da natureza, em paz e tranquilidade.<\/li>\n\n\n\n<li>Relaxe nos medicinais Banhos Termais de Lares para dar ao seu corpo momentos de cuidado e al\u00edvio das tens\u00f5es da caminhada.<\/li>\n\n\n\n<li>Caminhe por algumas das paisagens mais belas do mundo, em meio aos Andes.<\/li>\n\n\n\n<li>Mergulhe na cultura local, enquanto vivencia as comunidades rurais andinas, e conhece seus costumes e tradi\u00e7\u00f5es.<\/li>\n\n\n\n<li>Visite as fascinantes e \u00fanicas Salinas de Maras.<\/li>\n\n\n\n<li>Complete esta \u00e9pica viagem com uma visita a uma das Sete Maravilhas do Mundo e Patrim\u00f4nio da Humanidade, declarado pela UNESCO: Machu Picchu.<\/li>\n<\/ul>\n\n\n\n<div class=\"wp-block-columns is-layout-flex wp-container-core-columns-is-layout-9d6595d7 wp-block-columns-is-layout-flex\">\n<div class=\"wp-block-column is-layout-flow wp-block-column-is-layout-flow\"><div class=\"wp-block-image\">\n<figure class=\"aligncenter size-full\"><img loading=\"lazy\" decoding=\"async\" width=\"800\" height=\"1000\" src=\"https:\/\/www.salkantaytrilha.com\/blog\/wp-content\/uploads\/2024\/08\/Lagos-montanhas-rota-Lares.jpg\" alt=\"Lagos nas montanhas da rota de Lares\" class=\"wp-image-808\"\/><figcaption class=\"wp-element-caption\">Lagos nas montanhas da rota de Lares<\/figcaption><\/figure>\n<\/div><\/div>\n\n\n\n<div class=\"wp-block-column is-layout-flow wp-block-column-is-layout-flow\"><div class=\"wp-block-image\">\n<figure class=\"aligncenter size-full\"><img loading=\"lazy\" decoding=\"async\" width=\"800\" height=\"1000\" src=\"https:\/\/www.salkantaytrilha.com\/blog\/wp-content\/uploads\/2024\/08\/Vista-geleiras-rota-Lares.jpg\" alt=\"Vista das geleiras na rota de Lares\" class=\"wp-image-809\"\/><figcaption class=\"wp-element-caption\">Vista das geleiras na rota de Lares<\/figcaption><\/figure>\n<\/div><\/div>\n<\/div>\n\n\n\n<h2 class=\"wp-block-heading\" id=\"h-dia-a-dia\">Dia a Dia<\/h2>\n\n\n\n<p>Prepare-se para descobrir, dia ap\u00f3s dia, as maravilhas que aguardam por voc\u00ea nesta fascinante rota. \u00c0 medida que avan\u00e7a, cada jornada o levar\u00e1 a pequenas comunidades andinas, onde voc\u00ea compartilhar\u00e1 momentos \u00fanicos com os habitantes locais, aprendendo sobre seus costumes e tradi\u00e7\u00f5es ancestrais.<\/p>\n\n\n\n<p>O ponto alto da sua incr\u00edvel aventura ser\u00e1 a visita ao majestoso Santu\u00e1rio Hist\u00f3rico de Machu Picchu, explorando seus segredos e absorvendo a energia m\u00edstica de um dos locais mais emblem\u00e1ticos do mundo. Cada passo desta rota est\u00e1 planejado para lhe oferecer uma experi\u00eancia inesquec\u00edvel, combinando a beleza natural, a riqueza cultural e a emo\u00e7\u00e3o da explora\u00e7\u00e3o.<\/p>\n\n\n\n<h3 class=\"wp-block-heading\" id=\"h-dia-1-cusco-banhos-termais-de-lares-cuncani-willkikasa-quiswarani\">Dia 1 Cusco &#8211; Banhos Termais de Lares &#8211; Cuncani &#8211; Willkikasa &#8211; Quiswarani<\/h3>\n\n\n\n<p><strong><em>NOTA:<\/em><\/strong><em> Visite os banhos termais de Lares para come\u00e7ar a trilha. Relaxe na Cascata de Pacchayoc, antes de se dirigir ao nosso acampamento na Comunidade de Quiswarani, onde passar\u00e1 a noite.<\/em><\/p>\n\n\n\n<figure class=\"wp-block-table\"><table class=\"has-fixed-layout\"><tbody><tr><td colspan=\"2\"><strong>Detalhes do d\u00eda&nbsp;<\/strong><\/td><\/tr><tr><td><strong>Comidas&nbsp;<\/strong><\/td><td>Caf\u00e9 da manh\u00e3, almo\u00e7o e jantar&nbsp;<\/td><\/tr><tr><td><strong>Alojamento<\/strong><\/td><td>Acampamento<\/td><\/tr><tr><td><strong>Dificuldade<\/strong><\/td><td>Moderado&nbsp;<\/td><\/tr><tr><td><strong>Dist\u00e2ncia de caminhada&nbsp;<\/strong><\/td><td>7 km \/ 4.35 milhas&nbsp;<\/td><\/tr><tr><td><strong>Dura\u00e7\u00e3o da caminhada&nbsp;<\/strong><\/td><td>4 a 5 horas&nbsp;<\/td><\/tr><tr><td><strong>Altitude inicial&nbsp;<\/strong><\/td><td>3,800 m \/ 12,467 p\u00e9s<\/td><\/tr><tr><td><strong>Altitude m\u00e1xima&nbsp;<\/strong><\/td><td>4400m \/ 14,436 p\u00e9s<\/td><\/tr><tr><td><strong>Altitude do acampamento<\/strong><\/td><td>3,850 m \/ 12,631 p\u00e9s<\/td><\/tr><\/tbody><\/table><\/figure>\n\n\n\n<p>Esta emocionante aventura come\u00e7a bem cedo, \u00e0s 5:00 da manh\u00e3, a partir do momento que iremos te buscar em seu hotel, uma oportunidade para testemunhar a cidade despertando, enquanto embarcamos rumo ao majestoso Vale Sagrado dos Incas. Ap\u00f3s uma hora e meia de viagem, faremos uma parada no mercado local de Calca para comprar lanches, frutas, \u00e1gua e outros suprimentos de \u00faltima hora. Depois, continuaremos a nossa jornada por mais duas horas, at\u00e9 chegar aos Banhos Termais de Lares, onde desfrutaremos de um caf\u00e9 da manh\u00e3 energ\u00e9tico.<\/p>\n\n\n\n<p>Ap\u00f3s o caf\u00e9 da manh\u00e3, voc\u00ea vai relaxar em um banho energ\u00e9tico nas \u00e1guas termais, rodeado pela incr\u00edvel vista das imponentes montanhas andinas. Voc\u00ea poder\u00e1 escolher entre piscinas de diferentes temperaturas, todas com \u00e1guas vulc\u00e2nicas medicinais, que ajudam a tratar doen\u00e7as \u00f3sseas e musculares, al\u00e9m de combater o estresse e as dores de cabe\u00e7a.<\/p>\n\n\n\n<p>Ap\u00f3s este descanso revigorante, chegamos ao ponto de partida da nossa trilha, em Cuncani, situado a 3.800 metros acima do n\u00edvel do mar. Aqui, voc\u00ea conhecer\u00e1 nossa equipe de carregadores e cozinheiros, que ser\u00e3o os respons\u00e1veis por transportar sua bagagem a cavalo, permitindo que voc\u00ea aproveite plenamente da trilha sem pesos ou preocupa\u00e7\u00f5es.<\/p>\n\n\n\n<p>Logo nos encontraremos diante da impressionante cachoeira de Pacchayoc, um verdadeiro presente da m\u00e3e natureza. Continuaremos nosso caminho at\u00e9 chegar a uma \u00e1rea repleta de pequenas e preciosas lagoas, onde seremos surpreendidos com um almo\u00e7o abundante, preparado pelo nosso cozinheiro, bem em meio \u00e0s montanhas. Depois do almo\u00e7o, continuamos subindo at\u00e9 o passo de Willkikasa, o ponto mais alto do dia, a 4.400 metros de altitude.<\/p>\n\n\n\n<p>De l\u00e1, desceremos por uma hora e meia at\u00e9 chegar ao acampamento em Quiswarani, uma aldeia rural onde passaremos a noite. Voc\u00ea ter\u00e1 tempo para explorar o povoado e fazer uma viv\u00eancia com o estilo de vida e as tradi\u00e7\u00f5es dos habitantes desta zona rural. Al\u00e9m disso, visitaremos a escola local, onde as crian\u00e7as falam quechua, sua l\u00edngua materna. Se desejar, voc\u00ea pode levar brinquedos ou outros materiais escolares, que ser\u00e3o muito apreciados, pois vivem afastados das grandes cidades.<\/p>\n\n\n\n<p>Ao anoitecer, desfrutaremos de bebidas quentes enquanto o c\u00e9u escurece, seguido de um saboroso jantar sob as estrelas. Finalmente, \u00e9 chegada a hora de voc\u00ea se recolher para o seu acampamento, a fim de descansar e recuperar suas energias para o pr\u00f3ximo dia de aventura.<\/p>\n\n\n\n<p>Lembre-se de que voc\u00ea n\u00e3o ter\u00e1 acesso \u00e0 sua bagagem ao longo de todo o dia, ent\u00e3o certifique-se de levar o necess\u00e1rio, em uma mochila.<\/p>\n\n\n\n<div class=\"wp-block-columns is-layout-flex wp-container-core-columns-is-layout-9d6595d7 wp-block-columns-is-layout-flex\">\n<div class=\"wp-block-column is-layout-flow wp-block-column-is-layout-flow\"><div class=\"wp-block-image\">\n<figure class=\"aligncenter size-large\"><img loading=\"lazy\" decoding=\"async\" width=\"1024\" height=\"683\" src=\"https:\/\/www.salkantaytrilha.com\/blog\/wp-content\/uploads\/2024\/08\/Aguas-termais-rota-Lares-1024x683.jpg\" alt=\"\u00c1guas termais da rota de Lares\" class=\"wp-image-810\"\/><figcaption class=\"wp-element-caption\">\u00c1guas termais da rota de Lares<\/figcaption><\/figure>\n<\/div><\/div>\n<\/div>\n\n\n\n<h3 class=\"wp-block-heading\" id=\"h-dia-2-quiswarani-lagoa-qoyalay-abra-pachacutec-cancha-cancha\">Dia 2 Quiswarani &#8211; Lagoa Qoyalay &#8211; Abra Pachacutec &#8211; Cancha Cancha<\/h3>\n\n\n\n<p><em>Caminhe at\u00e9 o ponto mais alto, no Abra Pachacutec, antes de se dirigir ao nosso acampamento em Cancha Cancha. Fa\u00e7a uma viv\u00eancia com as fam\u00edlias locais e aprenda seus costumes e tradi\u00e7\u00f5es.<\/em><\/p>\n\n\n\n<figure class=\"wp-block-table\"><table class=\"has-fixed-layout\"><tbody><tr><td colspan=\"2\"><strong>Detalhes do d\u00eda&nbsp;<\/strong><\/td><\/tr><tr><td><strong>Comidas&nbsp;<\/strong><\/td><td>Caf\u00e9 da manh\u00e3, almo\u00e7o e jantar<\/td><\/tr><tr><td><strong>Alojamento<\/strong><\/td><td>Acampamento<\/td><\/tr><tr><td><strong>Dificuldade<\/strong><\/td><td>Desafiador<\/td><\/tr><tr><td><strong>Dist\u00e2ncia de caminhada&nbsp;<\/strong><\/td><td>11 km \/ 6.84 milhas<\/td><\/tr><tr><td><strong>Dura\u00e7\u00e3o da caminhada&nbsp;<\/strong><\/td><td>7 a 8 horas&nbsp;<\/td><\/tr><tr><td><strong>Altitude inicial&nbsp;<\/strong><\/td><td>3,850 m \/ 12,631 p\u00e9s<\/td><\/tr><tr><td><strong>Altitude m\u00e1xima&nbsp;<\/strong><\/td><td>4,700 m \/ 15,420 p\u00e9s<\/td><\/tr><tr><td><strong>Altitude do acampamento<\/strong><\/td><td>3,950 m \/ 12,959 p\u00e9s<\/td><\/tr><\/tbody><\/table><\/figure>\n\n\n\n<p>Hoje despertaremos bem cedo, por volta das 5:30 da manh\u00e3, com uma bebida quente. A essa hora, os habitantes da vila j\u00e1 ter\u00e3o levado suas lhamas e alpacas para pastar. Ap\u00f3s preparar a nossa bagagem, desfrutaremos de um caf\u00e9 da manh\u00e3 nutritivo, iremos nos abastecer de lanches para durante a trilha, e encheremos as garrafas de \u00e1gua, para come\u00e7ar a caminhada do dia, com bastante vitalidade.<\/p>\n\n\n\n<p>A subida de hoje ser\u00e1 de aproximadamente quatro horas at\u00e9 o ponto mais alto de toda a trilha, o Abra Pachacutec, situado a 4.700 metros (15.420 p\u00e9s) acima do n\u00edvel do mar. Subiremos em ziguezague para tornar a ascens\u00e3o mais manej\u00e1vel. As paisagens aqui s\u00e3o impressionantes, ent\u00e3o tenha a sua c\u00e2mera sempre \u00e0 m\u00e3o. No caminho, voc\u00ea poder\u00e1 admirar a Lagoa de Qoyalay e as Qanchispaccha (sete cachoeiras), oferecendo vistas cinematogr\u00e1ficas.<\/p>\n\n\n\n<p>Ao chegar ao Abra Pachacutec, voc\u00ea ser\u00e1 recompensado com uma vista panor\u00e2mica de 360 graus. \u00c0 sua frente, ver\u00e1 erguem-se as majestosas montanhas de Pitusiray e Qolqe Cruz. Aproveite para tirar algumas fotos fant\u00e1sticas, antes de come\u00e7ar a descida.<\/p>\n\n\n\n<p>A descida dura, aproximadamente, meia hora por uma encosta, at\u00e9 chegarmos ao local onde desfrutaremos do nosso almo\u00e7o. Mas n\u00e3o perca o pique porque ainda restam duas horas de caminhada.<\/p>\n\n\n\n<p>Nosso destino final de hoje \u00e9 o acampamento na vila de Cancha Cancha, situado a 3.950 metros (12.959 p\u00e9s). Aqui, 85% das casas s\u00e3o constru\u00eddas com t\u00e9cnicas e materiais tradicionais, com paredes de pedra e telhados de palha. Nossa equipe se encarregar\u00e1 de preparar as tendas, dando a voc\u00ea tempo para interagir com as pessoas amig\u00e1veis do local. Depois, seu guia o levar\u00e1 a uma das casas da comunidade para que voc\u00ea conhe\u00e7a um pouco do cotidiano nessas regi\u00f5es remotas, e possa ver alguns tecidos tradicionais feitos \u00e0 m\u00e3o com l\u00e3 de alpaca e lhama.<\/p>\n\n\n\n<p>Mais tarde, voc\u00ea desfrutar\u00e1 de bebidas quentes e de um jantar reconfortante, antes de se retirar para o seu acampamento para descansar, e recarregar as energias para o pr\u00f3ximo dia de aventura.<\/p>\n\n\n\n<div class=\"wp-block-columns is-layout-flex wp-container-core-columns-is-layout-9d6595d7 wp-block-columns-is-layout-flex\">\n<div class=\"wp-block-column is-layout-flow wp-block-column-is-layout-flow\"><div class=\"wp-block-image\">\n<figure class=\"aligncenter size-large\"><img loading=\"lazy\" decoding=\"async\" width=\"1024\" height=\"683\" src=\"https:\/\/www.salkantaytrilha.com\/blog\/wp-content\/uploads\/2024\/08\/A-lagoa-Qoyalay-rota-Lares-1024x683.jpg\" alt=\"A lagoa Qoyalay na rota de Lares\" class=\"wp-image-811\"\/><figcaption class=\"wp-element-caption\">A lagoa Qoyalay na rota de Lares<\/figcaption><\/figure>\n<\/div><\/div>\n<\/div>\n\n\n\n<h3 class=\"wp-block-heading\" id=\"h-dia-3-cancha-cancha-huaran-salineras-de-maras-ollantaytambo-aguas-calientes\">Dia 3 Cancha Cancha &#8211; Huaran &#8211; Salineras de Maras &#8211; Ollantaytambo &#8211; Aguas Calientes<\/h3>\n\n\n\n<p><em>Pela manh\u00e3, caminhe at\u00e9 Huaran antes de visitar as Salineras de Maras. Desfrute do jantar em Ollantaytambo, e termine o dia com a viagem de trem para Aguas Calientes, onde passar\u00e1 a noite.<\/em><\/p>\n\n\n\n<figure class=\"wp-block-table\"><table class=\"has-fixed-layout\"><tbody><tr><td colspan=\"2\"><strong>Detalhes do dia&nbsp;<\/strong><\/td><\/tr><tr><td><strong>Comidas&nbsp;<\/strong><\/td><td>Caf\u00e9 da manh\u00e3, almo\u00e7o, janta&nbsp;<\/td><\/tr><tr><td><strong>Alojamento<\/strong><\/td><td>Hotel&nbsp;<\/td><\/tr><tr><td><strong>Dificuldade<\/strong><\/td><td>Moderado<\/td><\/tr><tr><td><strong>Dist\u00e2ncia da caminhada&nbsp;<\/strong><\/td><td>9 km \/ 5.59 milhas<\/td><\/tr><tr><td><strong>Dura\u00e7\u00e3o da caminhada&nbsp;<\/strong><\/td><td>4 horas&nbsp;<\/td><\/tr><tr><td><strong>Altitude inicial&nbsp;<\/strong><\/td><td>2,040 m \/ 6,693 p\u00e9s<\/td><\/tr><tr><td><strong>Altitude m\u00e1xima&nbsp;<\/strong><\/td><td>3,950 m \/ 12,959 p\u00e9s<\/td><\/tr><tr><td><strong>Altitude do acampamento<\/strong><\/td><td>2,040 m \/ 6,693 p\u00e9s<\/td><\/tr><\/tbody><\/table><\/figure>\n\n\n\n<p>Como todas as manh\u00e3s, a nossa equipe vai te acordar com uma bebida quente, come\u00e7ando o dia da melhor maneira poss\u00edvel. Uma vez que voc\u00ea estiver a postos, desceremos por quatro horas por um caminho que te permitir\u00e1 observar rebanhos de ovelhas, lhamas e alpacas, pastando em seu habitat natural. Passaremos por campos de batatas, feij\u00f5es e outros produtos andinos, proporcionando uma oportunidade \u00fanica para aprender sobre as t\u00e9cnicas agr\u00edcolas tradicionais utilizadas nessas comunidades.<\/p>\n\n\n\n<p>Continuaremos descendo em dire\u00e7\u00e3o ao Vale Sagrado dos Incas, onde voc\u00ea sentir\u00e1 a mudan\u00e7a repentina entre os microclimas, e notar\u00e1 cultivos diferentes ao das alturas. No Vale Sagrado, cultiva-se milho, quinoa, kiwi, p\u00eassegos, abacates e muitas outras frutas. Este lugar, cheio de hist\u00f3ria e cultura inca, foi uma parte vital do seu imp\u00e9rio. Conclu\u00edmos esta parte da trilha no pequeno vilarejo de Huaran, situado a 2.920 metros (9.580 p\u00e9s)&nbsp;<\/p>\n\n\n\n<p>acima do n\u00edvel do mar. Aqui, ser\u00e1 o momento de voc\u00ea se despedir da equipe de trekking e desfrutar de um almo\u00e7o nutritivo, preparado com produtos locais.<\/p>\n\n\n\n<p>Nosso transporte nos levar\u00e1 atrav\u00e9s do Vale Sagrado at\u00e9 as Salineras de Maras, localizadas a 3.000 metros (9.843 p\u00e9s). Este \u00e9 um lugar \u00fanico no mundo, com cerca de 3.000 pequenas piscinas de evapora\u00e7\u00e3o que t\u00eam sido utilizadas desde a \u00e9poca pr\u00e9-inca para a extra\u00e7\u00e3o de sal. Gra\u00e7as aos minerais provenientes de uma nascente, este sal possui propriedades curativas e adquire uma bela colora\u00e7\u00e3o rosada. Caso voc\u00ea tenha interesse, h\u00e1 uma pequena loja onde pode comprar o sal rosa, ideal para cozinhar e perfeito como presente.<\/p>\n\n\n\n<p>Depois, continuaremos nossa viagem por mais 50 minutos at\u00e9 o pitoresco vilarejo de Ollantaytambo, a \u00faltima cidade inca habitada e intacta existente. Aqui, voc\u00ea poder\u00e1 ver canais de \u00e1gua, bem como casas e muros, com mais de cinco s\u00e9culos de idade. Seu guia o levar\u00e1 para explorar mais a fundo esta pequena cidade, at\u00e9 a hora do jantar em um restaurante local. Em seguida, embarcaremos no trem noturno para Aguas Calientes, o povoado localizado na base de Machu Picchu. Uma vez em Aguas Calientes, voc\u00ea far\u00e1 o check-in em um hotel, onde poder\u00e1 relaxar e se preparar para o dia mais incr\u00edvel de toda a viagem: A cidadela de Machu Picchu!<\/p>\n\n\n\n<div class=\"wp-block-columns is-layout-flex wp-container-core-columns-is-layout-9d6595d7 wp-block-columns-is-layout-flex\">\n<div class=\"wp-block-column is-layout-flow wp-block-column-is-layout-flow\"><div class=\"wp-block-image\">\n<figure class=\"aligncenter size-large\"><img loading=\"lazy\" decoding=\"async\" width=\"1024\" height=\"683\" src=\"https:\/\/www.salkantaytrilha.com\/blog\/wp-content\/uploads\/2024\/08\/Minas-de-sal-de-Maras-1024x683.jpg\" alt=\"Minas de sal de Maras\" class=\"wp-image-812\"\/><figcaption class=\"wp-element-caption\">Minas de sal de Maras<\/figcaption><\/figure>\n<\/div><\/div>\n<\/div>\n\n\n\n<h3 class=\"wp-block-heading\" id=\"h-dia-4-nbsp-aguas-calientes-machu-picchu-ollantaytambo-cusco\">Dia 4&nbsp;Aguas Calientes &#8211; Machu Picchu &#8211; Ollantaytambo &#8211; Cusco<\/h3>\n\n\n\n<p><em>Explore a fortaleza inca de Machu Picchu e logo suba a bordo do trem rumo \u00e0 Ollantaytambo.<\/em> <em>Nosso transporte te levar\u00e1 de volta at\u00e9 o seu alojamento em Cusco.<\/em><\/p>\n\n\n\n<figure class=\"wp-block-table\"><table class=\"has-fixed-layout\"><tbody><tr><td colspan=\"2\"><strong>Detalhes do dia&nbsp;<\/strong><\/td><\/tr><tr><td><strong>Comidas&nbsp;<\/strong><\/td><td>Caf\u00e9 da manh\u00e3<\/td><\/tr><tr><td><strong>Dificuldade<\/strong><\/td><td>F\u00e1cil&nbsp;<\/td><\/tr><tr><td><strong>Dura\u00e7\u00e3o da caminhada&nbsp;<\/strong><\/td><td>2 a 5 horas explorando<\/td><\/tr><tr><td><strong>Altitude da cidadela de Machu Picchu<\/strong><\/td><td>2,430 m \/ 7,972 p\u00e9s<\/td><\/tr><tr><td><strong>Altitude da Monta\u00f1a Huayna Picchu<\/strong><\/td><td>2,720 m \/ 8,924 p\u00e9s<\/td><\/tr><tr><td><strong>Altitude da Monta\u00f1a Machu Picchu<\/strong><\/td><td>3,000 m \/ 9,843 p\u00e9s<\/td><\/tr><tr><td><strong>Atividades opcionais<\/strong><\/td><td>Moderado a desafiador (2 a 4 horas)<\/td><\/tr><\/tbody><\/table><\/figure>\n\n\n\n<p>Esse \u00e9 o dia reservado para a gloriosa experi\u00eancia \u00e0 Machu Picchu, uma das Sete Maravilhas do Mundo Moderno e Patrim\u00f4nio Hist\u00f3rico e Cultural da Humanidade. Ap\u00f3s uma noite de descanso reparador, acordaremos cedo para um caf\u00e9 da manh\u00e3 leve, antes do amanhecer, preparando-nos para come\u00e7ar a nossa visita, e evitar as grandes multid\u00f5es. Queremos ser os primeiros a entrar, aproveitando a serenidade do lugar sob a luz c\u00e1lida da manh\u00e3. As portas da cidadela se abrem \u00e0s 6:00 a.m. e nosso objetivo \u00e9 experimentar a atmosfera m\u00edstica de Machu Picchu em sua tranquilidade inicial.<\/p>\n\n\n\n<p>Faremos uma visita guiada de, aproximadamente, duas horas, explorando as magn\u00edficas fa\u00e7anhas arquitet\u00f4nicas dos incas. Nosso guia nos levar\u00e1 atrav\u00e9s dos pontos-chave da cidade, revelando dados fascinantes sobre a sua hist\u00f3ria e estrutura. Desfrutaremos de vistas espetaculares e ficaremos admirados com a incr\u00edvel organiza\u00e7\u00e3o que sustentava toda essa cidade, em plena harmonia com a natureza.<\/p>\n\n\n\n<p>Se voc\u00ea garantiu seus ingressos com anteced\u00eancia, este \u00e9 o momento ideal para subir \u00e0 Montanha Huayna Picchu ou \u00e0 Montanha Machu Picchu. Caso contr\u00e1rio, por volta do meio-dia, retornaremos a Aguas Calientes, onde voc\u00ea ter\u00e1 tempo para almo\u00e7ar em um restaurante de sua escolha.<\/p>\n\n\n\n<p>Em seguida, embarcamos no trem de volta para Ollantaytambo, uma viagem de aproximadamente uma hora e quarenta minutos, seguido pelo nosso transporte privado, de volta para Cusco. Uma vez l\u00e1, levaremos voc\u00ea at\u00e9 a porta do seu hotel para que descanse e compartilhe com os seus entes queridos essa incr\u00edvel experi\u00eancia nos Andes.<\/p>\n\n\n\n<div class=\"wp-block-columns is-layout-flex wp-container-core-columns-is-layout-9d6595d7 wp-block-columns-is-layout-flex\">\n<div class=\"wp-block-column is-layout-flow wp-block-column-is-layout-flow\"><div class=\"wp-block-image\">\n<figure class=\"aligncenter size-large\"><img loading=\"lazy\" decoding=\"async\" width=\"1024\" height=\"683\" src=\"https:\/\/www.salkantaytrilha.com\/blog\/wp-content\/uploads\/2024\/08\/Machu-Picchu-1024x683.jpg\" alt=\"Machu Picchu\" class=\"wp-image-813\"\/><figcaption class=\"wp-element-caption\">Machu Picchu<\/figcaption><\/figure>\n<\/div><\/div>\n<\/div>\n\n\n\n<h2 class=\"wp-block-heading\" id=\"h-o-que-esta-incluido\">O que est\u00e1 inclu\u00eddo?<\/h2>\n\n\n\n<ul class=\"wp-block-list\">\n<li><strong>Reuni\u00e3o informativa pr\u00e9via \u00e0 sa\u00edda<\/strong><br>Na tarde anterior \u00e0 sua trilha, voc\u00ea se reunir\u00e1 com o guia e com o seu grupo de trekking, para receber orienta\u00e7\u00f5es sobre a viagem. A reuni\u00e3o ser\u00e1 \u00e0s 17:00 em nossa oficina ou no seu hotel.<\/li>\n\n\n\n<li><strong>Guia de turismo experiente<\/strong><br>Nossos guias oficiais de turismo falam ingl\u00eas e espanhol, al\u00e9m de terem forma\u00e7\u00e3o profissional e certifica\u00e7\u00e3o. Eles s\u00e3o escolhidos por sua experi\u00eancia, responsabilidade e paix\u00e3o por explorar e compartilhar, com orgulho, nossa cultura e hist\u00f3ria. Em cada caminhada, eles ser\u00e3o respons\u00e1veis pela sua seguran\u00e7a e conforto, para que voc\u00ea possa aproveitar sua viagem sem preocupa\u00e7\u00f5es.<\/li>\n\n\n\n<li><strong>Equipamento de acampamento privado<\/strong><br>Voc\u00ea ter\u00e1 barracas de refeit\u00f3rio e cozinha amplas, onde poder\u00e1 desfrutar de suas refei\u00e7\u00f5es confortavelmente. Tamb\u00e9m forneceremos mesas, cadeiras e utens\u00edlios de cozinha (tudo transportado por nossos cavalos).<\/li>\n\n\n\n<li><strong>Banheiro port\u00e1til<\/strong><br>Disponibilizamos um banheiro port\u00e1til durante a trilha.<\/li>\n\n\n\n<li><strong>Bolsa de lona<\/strong><br>Para a trilha, voc\u00ea receber\u00e1 uma bolsa de lona Salkantay Trekking, onde poder\u00e1 carregar seus pertences pessoais at\u00e9 um m\u00e1ximo de 7 kg (o peso j\u00e1 inclui o seu saco de dormir). Os cavalos se encarregam de transport\u00e1-la.<\/li>\n\n\n\n<li><strong>Colchonete infl\u00e1vel<\/strong><br>Voc\u00ea receber\u00e1 um colchonete infl\u00e1vel para seu conforto durante o acampamento.<\/li>\n\n\n\n<li><strong>Kit m\u00e9dico ou de primeiros socorros<\/strong><br>Todos os guias da <strong>Salkantay Trekking<\/strong> t\u00eam forma\u00e7\u00e3o em primeiros socorros. Realizamos treinamentos obrigat\u00f3rios, todos os anos em fevereiro. O guia sempre levar\u00e1 um kit de primeiros socorros e oxig\u00eanio para atender emerg\u00eancias b\u00e1sicas (mal de altitude, diarreia, cortes, arranh\u00f5es, etc.). Se necess\u00e1rio, voc\u00ea ser\u00e1 evacuado da trilha o mais r\u00e1pido poss\u00edvel e garantimos que seja atendido, o mais r\u00e1pido poss\u00edvel, no hospital.<\/li>\n\n\n\n<li><strong>Servi\u00e7os adicionais inclu\u00eddos no nosso programa<\/strong><br>Acreditamos que a aten\u00e7\u00e3o aos detalhes \u00e9 o que nos diferencia. Voc\u00ea receber\u00e1 uma capa para proteger sua mochila durante a trilha, e um poncho para a chuva.<\/li>\n\n\n\n<li><strong>Atendimento ao cliente 24\/7<\/strong><br>Contamos com atendimento telef\u00f4nico 24 horas por dia, para facilitar a comunica\u00e7\u00e3o e a prepara\u00e7\u00e3o com a ag\u00eancia antes da sua trilha.<\/li>\n\n\n\n<li><strong>Telefone via sat\u00e9lite<\/strong><br>Nossa principal prioridade \u00e9 a tranquilidade de nossos clientes. Todos os nossos guias est\u00e3o preparados para emerg\u00eancias na montanha; mas poder fazer uma liga\u00e7\u00e3o de emerg\u00eancia ao seu m\u00e9dico, hospital ou amigo, poder\u00e1 ajudar a se sentir mais seguro. Por essa raz\u00e3o, cada guia da <strong>Salkantay Trekking<\/strong> porta um telefone via sat\u00e9lite, para fazer chamadas de qualquer local na montanha, at\u00e9 os lugares mais long\u00ednquos do mundo, em casos de emerg\u00eancia.<\/li>\n\n\n\n<li><strong>Alojamento em acampamentos<\/strong><br>Nossos acampamentos te oferecer\u00e3o verdadeiro conforto. Al\u00e9m disso, temos um profundo v\u00ednculo e respeito pela M\u00e3e Terra, assim como nossos antepassados. Por isso, nos certificamos de que nossos acampamentos n\u00e3o causem impactos negativos ao meio ambiente. Os alojamentos s\u00e3o duplos e compartilhados.<\/li>\n\n\n\n<li><strong>Melhores tendas para acampar<\/strong><br>A <strong>Salkantay Trekking<\/strong> utiliza o melhor equipamento para garantir sua seguran\u00e7a e conforto. Cada 2 pessoas compartilhar\u00e3o tendas Eureka Timberline ou Mountain Hard Wear, com capacidade para 4 pessoas.<\/li>\n\n\n\n<li><strong>Hotel em Aguas Calientes<\/strong><br>Na \u00faltima noite de trilha, voc\u00ea dormir\u00e1 em um confort\u00e1vel hotel em Aguas Calientes, que inclui guarda de bagagem, enquanto voc\u00ea visita Machu Picchu. A acomoda\u00e7\u00e3o \u00e9 em quartos duplos e triplos.<\/li>\n\n\n\n<li><strong>Refei\u00e7\u00f5es (4 caf\u00e9s da manh\u00e3, 3 almo\u00e7os e 3 jantares)<\/strong><br>Nosso chef prepara os melhores pratos em meio \u00e0s montanhas. Nossos passageiros adoram o nosso menu! Respeitamos todas as dietas (os menus vegetarianos, veganos ou especiais est\u00e3o dispon\u00edveis, sem custo adicional), ent\u00e3o avise-nos se voc\u00ea tem alguma alergia ou restri\u00e7\u00e3o alimentar, sinalizando no formul\u00e1rio de reserva, e lembre ao seu guia, durante a Reuni\u00e3o informativa. Voc\u00ea ser\u00e1 servido de caf\u00e9 da manh\u00e3, almo\u00e7o e jantar, al\u00e9m de bebidas quentes e lanches.<\/li>\n\n\n\n<li><strong>\u00c1gua para a trilha<\/strong><br>Forneceremos \u00e1gua fervida, filtrada e fria durante toda a trilha, desde o seu primeiro almo\u00e7o at\u00e9 o seu \u00faltimo caf\u00e9 da manh\u00e3. Para isso, voc\u00ea precisar\u00e1 de uma garrafa vazia ou camelbak (recomendamos com capacidade para 2 litros).<\/li>\n\n\n\n<li><strong>Ch\u00e1 de coca para despertar<\/strong><br>Todas as manh\u00e3s, no acampamento, voc\u00ea ser\u00e1 despertado com uma x\u00edcara de mate de coca. Levaremos diretamente \u00e0 sua tenda, para que voc\u00ea possa se aquecer antes de come\u00e7ar o dia.<\/li>\n\n\n\n<li><strong>Hora do Ch\u00e1 ou Happy hour<\/strong><br>Todas as tardes, antes do jantar, o servi\u00e7o de copa fornecer\u00e1 pipoca, biscoitos, caf\u00e9, chocolate quente, ch\u00e1, \u00e1gua quente, etc. Depois de um longo dia de trilha, voc\u00ea n\u00e3o precisar\u00e1 esperar at\u00e9 o jantar para relaxar, se aquecer e desfrutar de um lanche.<\/li>\n\n\n\n<li><strong>Lanches di\u00e1rios na trilha<\/strong><br>Todas as manh\u00e3s, fornecemos lanches para voc\u00ea levar na trilha (frutas locais, biscoitos, chocolates, doces, etc.).<\/li>\n\n\n\n<li><strong>Uma bolsa de pano, porta lanches (individual)<\/strong><br>Para evitar o uso de sacolas pl\u00e1sticas que poluem o meio ambiente, daremos uma bolsa de pano porta lanches.<\/li>\n\n\n\n<li><strong>Produtos de Higiene<\/strong><br>Antes de cada refei\u00e7\u00e3o, forneceremos uma toalha pequena e sab\u00e3o para limpar as m\u00e3os.<\/li>\n<\/ul>\n\n\n\n<p><strong>Transporte<\/strong><\/p>\n\n\n\n<ul class=\"wp-block-list\">\n<li><strong>Transporte privado<\/strong>\n<ul class=\"wp-block-list\">\n<li><strong>Dia 1: <\/strong>Voc\u00ea ser\u00e1 apanhado em seu hotel pela manh\u00e3, e viajar\u00e1 em nosso transporte privado para as \u00e1guas termais de Lares, e depois para Cuncani, ponto de partida da trilha.<\/li>\n\n\n\n<li><strong>Dia 3:<\/strong> Transporte privado de Huaran para Salineras de Maras e depois para Ollantaytambo.<\/li>\n\n\n\n<li><strong>Dia 4: <\/strong>Transporte privado da Esta\u00e7\u00e3o de Trem de Ollantaytambo para o seu hotel em Cusco.<\/li>\n<\/ul>\n<\/li>\n\n\n\n<li><strong>Bilhetes de trem<\/strong>\n<ul class=\"wp-block-list\">\n<li><strong>Dia 3:<\/strong> De Ollantaytambo para Aguas Calientes.<\/li>\n\n\n\n<li><strong>Dia 4:<\/strong> De Aguas Calientes para Ollantaytambo.<\/li>\n<\/ul>\n<\/li>\n\n\n\n<li><strong>Bilhete de \u00f4nibus de ida de Aguas Calientes para Machu Picchu (Dia 4)<\/strong><\/li>\n\n\n\n<li><strong>Transporte de objetos pessoais<\/strong><br>Nos dias 1, 2 e 3, as mulas de carga far\u00e3o o transporte de todo o equipamento de acampamento e de sua bagagem permitida (7 kg). Os arrieros se encarregar\u00e3o da sua bolsa de lona Salkantay Trekking, e de seus pertences pessoais.<\/li>\n<\/ul>\n\n\n\n<h4 class=\"wp-block-heading\" id=\"h-entradas\"><strong>Entradas<\/strong><\/h4>\n\n\n\n<ul class=\"wp-block-list\">\n<li>Bilhete de entrada para as \u00c1guas Termais de Lares<\/li>\n\n\n\n<li>Bilhete de entrada para as Salineras de Maras<\/li>\n\n\n\n<li>Bilhete de entrada para o S\u00edtio Arqueol\u00f3gico de Machu Picchu<\/li>\n<\/ul>\n\n\n\n<div class=\"wp-block-columns is-layout-flex wp-container-core-columns-is-layout-9d6595d7 wp-block-columns-is-layout-flex\">\n<div class=\"wp-block-column is-layout-flow wp-block-column-is-layout-flow\"><div class=\"wp-block-image\">\n<figure class=\"aligncenter size-full\"><img loading=\"lazy\" decoding=\"async\" width=\"800\" height=\"1000\" src=\"https:\/\/www.salkantaytrilha.com\/blog\/wp-content\/uploads\/2024\/08\/Locais-almocar-rota-Lares.jpg\" alt=\"Locais para almo\u00e7ar na rota de Lares\" class=\"wp-image-814\"\/><figcaption class=\"wp-element-caption\">Locais para almo\u00e7ar na rota de Lares<\/figcaption><\/figure>\n<\/div><\/div>\n\n\n\n<div class=\"wp-block-column is-layout-flow wp-block-column-is-layout-flow\"><div class=\"wp-block-image\">\n<figure class=\"aligncenter size-full\"><img loading=\"lazy\" decoding=\"async\" width=\"800\" height=\"1000\" src=\"https:\/\/www.salkantaytrilha.com\/blog\/wp-content\/uploads\/2024\/08\/Guia-turistico-rota-Lares.jpg\" alt=\"Guia tur\u00edstico na rota de Lares\" class=\"wp-image-815\"\/><figcaption class=\"wp-element-caption\">Guia tur\u00edstico na rota de Lares<\/figcaption><\/figure>\n<\/div><\/div>\n<\/div>\n\n\n\n<h2 class=\"wp-block-heading\" id=\"h-o-que-nao-esta-incluido\">O que n\u00e3o est\u00e1 inclu\u00eddo?<\/h2>\n\n\n\n<ul class=\"wp-block-list\">\n<li><strong>Extras e equipamentos importantes<\/strong><br>Voc\u00ea vai precisar de um saco de dormir para acampar. Os bast\u00f5es (com ponta de borracha) s\u00e3o opcionais, mas altamente recomendados. Se voc\u00ea n\u00e3o os tiver, n\u00e3o se preocupe, voc\u00ea pode alug\u00e1-los com a <strong>Salkantay Trekking<\/strong>.\n<ul class=\"wp-block-list\">\n<li><strong>Saco de dormir:<\/strong> US$ 20.00<\/li>\n\n\n\n<li><strong>Bast\u00f5es (par):<\/strong> US$ 20.00<\/li>\n<\/ul>\n<\/li>\n\n\n\n<li><strong>Montanha Huayna Picchu<\/strong><br>Voc\u00ea pode escalar a famosa montanha que aparece nas fotos, logo atr\u00e1s do S\u00edtio de Machu Picchu. S\u00e3o 45 minutos de subida e pode ser assustador, caso voc\u00ea tenha medo de alturas. Voc\u00ea pode fazer esta trilha ap\u00f3s sua visita guiada em Machu Picchu. Devido \u00e0 alta demanda, o bilhete de entrada deve ser emitido com, pelo menos, um m\u00eas de anteced\u00eancia. Lembre-se de que podem ocorrer mudan\u00e7as para proteger sua integridade devido \u00e0s condi\u00e7\u00f5es clim\u00e1ticas.\n<ul class=\"wp-block-list\">\n<li>O bilhete para a Montanha Huayna Picchu tem um custo adicional de US$ 60.00 por pessoa.<br>Saiba mais em nosso blog sobre a Montanha Huayna Picchu, detalhamos todas as informa\u00e7\u00f5es necess\u00e1rias para que voc\u00ea se anime a descobrir se esta m\u00e1gica montanha \u00e9 para voc\u00ea.<\/li>\n<\/ul>\n<\/li>\n\n\n\n<li><strong>Montanha Machu Picchu<\/strong><br>Machu Picchu \u00e9 outra das montanhas que rodeiam o s\u00edtio arqueol\u00f3gico. Tem trilhas menos \u00edngremes, mais largas e visualmente menos assustadoras do que Huayna Picchu e leva uma hora e meia para chegar ao topo. Esta caminhada requer um bilhete de entrada que podemos reservar com anteced\u00eancia.\n<ul class=\"wp-block-list\">\n<li>O bilhete para a montanha Machu Picchu tem um custo adicional de US$ 60.00 por pessoa.<\/li>\n<\/ul>\n<\/li>\n\n\n\n<li><strong>Almo\u00e7o em Aguas Calientes e jantar em Cusco (dia 4)<\/strong><\/li>\n\n\n\n<li><strong>Roupa e equipamento pessoal de caminhada<\/strong><\/li>\n\n\n\n<li><strong>Seguro de viagem<\/strong><\/li>\n\n\n\n<li><strong>Gorjetas para nossa equipe<\/strong><br>A gorjeta \u00e9 uma norma em qualquer excurs\u00e3o a Machu Picchu. Embora a nossa equipe seja bem remunerada, algo extra \u00e9 sempre bem-vindo, especialmente considerando o \u00e1rduo trabalho que realizam. Geralmente, os integrantes do grupo juntam suas gorjetas para repartir entre os arrieiros e os cozinheiros.<\/li>\n\n\n\n<li><strong>Custos adicionais ou atrasos fora do nosso controle<\/strong><br>Deslizamentos de terra, m\u00e1s condi\u00e7\u00f5es clim\u00e1ticas, modifica\u00e7\u00f5es de itiner\u00e1rio devido a um problema de seguran\u00e7a, doen\u00e7as, pandemias, mudan\u00e7as nas pol\u00edticas governamentais, instabilidade pol\u00edtica, greves, casos aleat\u00f3rios, etc.<\/li>\n<\/ul>\n\n\n\n<div class=\"wp-block-columns is-layout-flex wp-container-core-columns-is-layout-9d6595d7 wp-block-columns-is-layout-flex\">\n<div class=\"wp-block-column is-layout-flow wp-block-column-is-layout-flow\"><div class=\"wp-block-image\">\n<figure class=\"aligncenter size-full\"><img loading=\"lazy\" decoding=\"async\" width=\"800\" height=\"1000\" src=\"https:\/\/www.salkantaytrilha.com\/blog\/wp-content\/uploads\/2024\/07\/maravilhoso-cenario-trilha-Lares.jpg\" alt=\"O maravilhoso cen\u00e1rio da trilha de Lares\" class=\"wp-image-754\"\/><figcaption class=\"wp-element-caption\">O maravilhoso cen\u00e1rio da trilha de Lares<\/figcaption><\/figure>\n<\/div><\/div>\n\n\n\n<div class=\"wp-block-column is-layout-flow wp-block-column-is-layout-flow\"><div class=\"wp-block-image\">\n<figure class=\"aligncenter size-full\"><img loading=\"lazy\" decoding=\"async\" width=\"800\" height=\"1000\" src=\"https:\/\/www.salkantaytrilha.com\/blog\/wp-content\/uploads\/2024\/07\/Trilha-Lares.jpg\" alt=\"Trilha Lares\" class=\"wp-image-753\"\/><figcaption class=\"wp-element-caption\">Trilha Lares<\/figcaption><\/figure>\n<\/div><\/div>\n<\/div>\n\n\n\n<h2 class=\"wp-block-heading\" id=\"h-viajando-em-grupo\">Viajando em grupo<\/h2>\n\n\n\n<p>Viajar em grupo durante a Trilha Lares pode ser uma das experi\u00eancias mais gratificantes. Os viajantes, ao se juntarem a um tour em grupo, tem a oportunidade de se relacionar com v\u00e1rias pessoas de diferentes idades, habilidades f\u00edsicas e origens culturais, por\u00e9m h\u00e1 algo que os une: todos compartilham da mesma paix\u00e3o pela aventura e explora\u00e7\u00e3o.<\/p>\n\n\n\n<p>Aceitar fazer parte de um tour em grupo implica entender que cada pessoa ter\u00e1 seu pr\u00f3prio ritmo na trilha. Alguns caminham mais r\u00e1pido, enquanto outros preferem aproveitar a paisagem com mais calma. A maravilha dessa din\u00e2mica \u00e9 que sempre h\u00e1 algu\u00e9m por perto com quem conversar, compartilhar experi\u00eancias e motivar-se mutuamente.<\/p>\n\n\n\n<p>Em certos momentos da viagem, o grupo pode expressar desejos de modificar o percurso. Por exemplo, alguns podem querer parar mais tempo para desfrutar das vistas panor\u00e2micas, enquanto outros podem sugerir avan\u00e7ar mais r\u00e1pido para chegar ao pr\u00f3ximo destino antes do anoitecer. Nessas situa\u00e7\u00f5es, o guia est\u00e1 sempre presente para ouvir as opini\u00f5es do grupo e tomar as decis\u00f5es mais sensatas, que beneficiem a todos.<\/p>\n\n\n\n<p>Viajar em grupo adiciona uma dimens\u00e3o especial \u00e0 experi\u00eancia. Ensina a ser flex\u00edvel, a respeitar os diferentes ritmos e a trabalhar juntos para alcan\u00e7ar as metas comuns. No final, os viajantes n\u00e3o s\u00f3 ganham mem\u00f3rias incr\u00edveis das paisagens exploradas, mas tamb\u00e9m fazem novos amigos de trilha, e a satisfa\u00e7\u00e3o de ter compartilhado a aventura com pessoas incr\u00edveis, do mundo todo.<\/p>\n\n\n\n<div class=\"wp-block-columns is-layout-flex wp-container-core-columns-is-layout-9d6595d7 wp-block-columns-is-layout-flex\">\n<div class=\"wp-block-column is-layout-flow wp-block-column-is-layout-flow\"><div class=\"wp-block-image\">\n<figure class=\"aligncenter size-large\"><img loading=\"lazy\" decoding=\"async\" width=\"1024\" height=\"683\" src=\"https:\/\/www.salkantaytrilha.com\/blog\/wp-content\/uploads\/2024\/08\/A-Trilha-de-Lares-1024x683.jpg\" alt=\"Grupos que viajam com a equipe do Salkantay Trekking na trilha de Lares\" class=\"wp-image-816\"\/><figcaption class=\"wp-element-caption\">A Trilha de Lares<\/figcaption><\/figure>\n<\/div><\/div>\n<\/div>\n\n\n\n<h2 class=\"wp-block-heading\" id=\"h-o-que-devo-levar-para-a-trilha-lares\">O que devo levar para a Trilha Lares?<\/h2>\n\n\n\n<p>Ol\u00e1, aventureiro! Se voc\u00ea est\u00e1 se preparando para sua caminhada pela rota Lares, em Cusco, aqui est\u00e1 uma lista de coisas que voc\u00ea n\u00e3o deve esquecer de levar com voc\u00ea:<\/p>\n\n\n\n<ul class=\"wp-block-list\">\n<li><strong>Passaporte v\u00e1lido ou carteira de identidade (para brasileiros)<\/strong>: Essencial para a entrada em certos lugares e para qualquer emerg\u00eancia.&nbsp;<\/li>\n\n\n\n<li><strong>Dinheiro extra<\/strong>: Recomendamos levar soles peruanos para gastos adicionais.&nbsp;<\/li>\n\n\n\n<li><strong>Medicamentos pessoais<\/strong>: N\u00e3o esque\u00e7a de levar seus medicamentos habituais e qualquer tratamento que voc\u00ea necessite.<\/li>\n\n\n\n<li><strong>Garrafa de \u00e1gua ou camelbak<\/strong>: Mantenha-se hidratado durante toda a trilha. Os comprimidos purificadores da \u00e1gua, s\u00e3o opcionais.&nbsp;<\/li>\n\n\n\n<li><strong>Protetor solar 70+ ou mais<\/strong>: Proteja sua pele dos intensos raios UV da montanha.<\/li>\n\n\n\n<li><strong>Repelente de insetos<\/strong>: Evite as picadas inc\u00f4modas durante a trilha.&nbsp;<\/li>\n\n\n\n<li><strong>Produtos de higiene pessoa<\/strong>l: Inclua tudo o que for necess\u00e1rio para manter a higiene pessoal durante a viagem.&nbsp;<\/li>\n\n\n\n<li><strong>Botas\/sapatos de caminhada<\/strong>: Imperme\u00e1veis e confort\u00e1veis para caminhar longas dist\u00e2ncias.&nbsp;<\/li>\n\n\n\n<li><strong>Cal\u00e7ado leve ou sand\u00e1lias<\/strong>: Para descansar os p\u00e9s no final do dia.&nbsp;<\/li>\n\n\n\n<li><strong>Cal\u00e7as para caminhada<\/strong>: Leves e resistentes, de prefer\u00eancia imperme\u00e1veis.&nbsp;<\/li>\n\n\n\n<li><strong>Meias para caminhada:<\/strong> Mantenha seus p\u00e9s secos e confort\u00e1veis.&nbsp;<\/li>\n\n\n\n<li><strong>Cal\u00e7as t\u00e9rmicas<\/strong>: Para as noites frias na montanha.&nbsp;<\/li>\n\n\n\n<li><strong>Shorts<\/strong>: Para os dias mais quentes e atividades de descanso.&nbsp;<\/li>\n\n\n\n<li><strong>Polainas imperme\u00e1veis<\/strong>: \u00dateis se voc\u00ea planeja atravessar rios ou caminhar em terreno \u00famido.&nbsp;<\/li>\n\n\n\n<li><strong>Camisetas de manga longa<\/strong>: Prote\u00e7\u00e3o contra o sol e os insetos.&nbsp;<\/li>\n\n\n\n<li><strong>Casaco t\u00e9rmico<\/strong>: Aque\u00e7a-se nas noites frias.&nbsp;<\/li>\n\n\n\n<li><strong>Casaco imperme\u00e1vel<\/strong>: Para se proteger da chuva.<\/li>\n\n\n\n<li><strong>Poncho imperme\u00e1vel<\/strong>: Mantenha sua mochila e equipamento secos em caso de chuva.&nbsp;<\/li>\n\n\n\n<li><strong>Luvas de l\u00e3 ou imperme\u00e1veis<\/strong>: Proteja-se do frio nas alturas.&nbsp;<\/li>\n\n\n\n<li><strong>Chap\u00e9u que proteja rosto e pesco\u00e7o<\/strong>: Mantenha o sol longe do seu rosto e pesco\u00e7o.&nbsp;<\/li>\n\n\n\n<li><strong>Gorro de l\u00e3<\/strong>: Para as noites frias.&nbsp;<\/li>\n\n\n\n<li><strong>Len\u00e7o para pesco\u00e7o ou buff<\/strong>: Proteja seu pesco\u00e7o do vento e do frio.&nbsp;<\/li>\n\n\n\n<li><strong>\u00d3culos com prote\u00e7\u00e3o UV<\/strong>: Proteja seus olhos da intensa radia\u00e7\u00e3o solar.<\/li>\n\n\n\n<li><strong>Mochila m\u00e9dia para caminhada<\/strong>: Grande o suficiente para levar tudo o que \u00e9 essencial durante o dia.&nbsp;<\/li>\n\n\n\n<li><strong>C\u00e2mera com carregador<\/strong>: Capture os momentos mais memor\u00e1veis da viagem.<\/li>\n\n\n\n<li><strong>Bateria externa<\/strong>: Mantenha seus dispositivos carregados durante a caminhada.&nbsp;<\/li>\n\n\n\n<li><strong>Snacks<\/strong>: Barras energ\u00e9ticas, frutas secas e g\u00e9is energ\u00e9ticos para manter sua energia.&nbsp;<\/li>\n\n\n\n<li><strong>Toalha<\/strong>: Seca e confort\u00e1vel para depois do banho.&nbsp;<\/li>\n\n\n\n<li><strong>Lanterna<\/strong>: \u00datil para iluminar o acampamento ou trilhas \u00e0 noite.<\/li>\n<\/ul>\n\n\n\n<p>Certifique-se de revisar e adaptar esta lista de acordo com suas necessidades pessoais e as condi\u00e7\u00f5es espec\u00edficas de sua aventura na rota Lares. Aproveite a caminhada!<\/p>\n\n\n\n<p>Est\u00e1 pronto para embarcar numa aventura inesquec\u00edvel e descobrir os tesouros escondidos da rota Lares? Lembre-se que voc\u00ea pode explorar nossos outros pacotes com a rota Lares em nossa p\u00e1gina web <strong><em><a href=\"https:\/\/www.salkantaytrilha.com\/\">SalkantayTrilha.com<\/a><\/em><\/strong>. Descubra o tour que se adapta melhor aos seus gostos e prefer\u00eancias. N\u00e3o espere mais e reserve a sua trilha hoje mesmo. Experimente a magia de Machu Picchu e viva momentos que ficar\u00e3o gravados na sua mem\u00f3ria para sempre!<\/p>\n\n\n\n<h2 class=\"wp-block-heading\" id=\"h-voce-pode-se-interessar\">Voc\u00ea pode se interessar<\/h2>\n\n\n\n<ul class=\"wp-block-list\">\n<li><strong><a href=\"https:\/\/www.salkantaytrilha.com\/blog\/trilha-salkantay-vs-trilha-lares\/\">Trilha Salkantay vs. Trilha Lares<\/a><\/strong><\/li>\n\n\n\n<li><strong><a href=\"https:\/\/www.salkantaytrilha.com\/blog\/a-mais-completa-lista-de-bagagem-para-a-sua-aventura-no-peru\/\">A mais completa lista de bagagem para a sua aventura no Peru.<\/a><\/strong><\/li>\n\n\n\n<li><strong><a href=\"https:\/\/www.salkantaytrilha.com\/blog\/o-que-fazer-em-cusco\/\">O que fazer em Cusco?<\/a><\/strong><\/li>\n\n\n\n<li><strong><a href=\"https:\/\/www.salkantaytrilha.com\/blog\/museus-que-voce-nao-pode-perder-em-sua-visita-a-cusco\/\">Museus que voc\u00ea n\u00e3o pode perder em sua visita a Cusco<\/a><\/strong><\/li>\n<\/ul>\n\n\n\n<ul class=\"wp-block-list lang\">\n<li class=\"en\"><a href=\"https:\/\/www.salkantaytrekking.com\/blog\/the-classic-lares-trek-everything-you-need-to-know\/\">EN<\/a><\/li>\n\n\n\n<li class=\"es\"><a href=\"https:\/\/www.caminosalkantay.com\/blog\/caminata-clasica-lares-todo-lo-que-tienes-que-saber\/\">ES<\/a><\/li>\n<\/ul>\n\n\n\n<p><\/p>\n","protected":false},"excerpt":{"rendered":"<p>Nossa Trilha Lares Cl\u00e1ssica, \u00e9 a op\u00e7\u00e3o ideal para aqueles que buscam se afastar das grandes multid\u00f5es, adentrar em uma paisagem impressionante e experimentar de perto a vida rural andina. Este tour \u00e9 perfeito, tanto se voc\u00ea viaja sozinho, acompanhado [&hellip;]<\/p>\n","protected":false},"author":1,"featured_media":807,"comment_status":"open","ping_status":"open","sticky":false,"template":"","format":"standard","meta":{"footnotes":""},"categories":[238,239],"tags":[259,258,257],"class_list":["post-804","post","type-post","status-publish","format-standard","has-post-thumbnail","hentry","category-lares","category-trilha-lares","tag-banhos-termais-de-lares","tag-lagoa-qoyalay","tag-trilha-lares-classica"],"yoast_head":"<!-- This site is optimized with the Yoast SEO Premium plugin v27.4 (Yoast SEO v27.4) - https:\/\/yoast.com\/product\/yoast-seo-premium-wordpress\/ -->\n<title>Trilha Lares Cl\u00e1ssica: Tudo o que voc\u00ea precisa saber - informa\u00e7\u00f5es de viagens<\/title>\n<meta name=\"description\" content=\"Trilha Lares Cl\u00e1ssica, \u00e9 a op\u00e7\u00e3o ideal para aqueles que buscam se afastar das grandes multid\u00f5es, adentrar em uma paisagem impressionante\" \/>\n<meta name=\"robots\" content=\"index, follow, max-snippet:-1, max-image-preview:large, max-video-preview:-1\" \/>\n<link rel=\"canonical\" href=\"https:\/\/www.salkantaytrilha.com\/blog\/trilha-lares-tudo-o-que-voce-precisa-saber\/\" \/>\n<meta property=\"og:locale\" content=\"pt_BR\" \/>\n<meta property=\"og:type\" content=\"article\" \/>\n<meta property=\"og:title\" content=\"Trilha Lares Cl\u00e1ssica: Tudo o que voc\u00ea precisa saber\" \/>\n<meta property=\"og:description\" content=\"Trilha Lares Cl\u00e1ssica, \u00e9 a op\u00e7\u00e3o ideal para aqueles que buscam se afastar das grandes multid\u00f5es, adentrar em uma paisagem impressionante\" \/>\n<meta property=\"og:url\" content=\"https:\/\/www.salkantaytrilha.com\/blog\/trilha-lares-tudo-o-que-voce-precisa-saber\/\" \/>\n<meta property=\"og:site_name\" content=\"informa\u00e7\u00f5es de viagens\" \/>\n<meta property=\"article:publisher\" content=\"https:\/\/www.facebook.com\/SalkantayTrekking\/\" \/>\n<meta property=\"article:published_time\" content=\"2024-08-07T16:10:57+00:00\" \/>\n<meta property=\"article:modified_time\" content=\"2026-03-02T15:07:25+00:00\" \/>\n<meta property=\"og:image\" content=\"https:\/\/www.salkantaytrilha.com\/blog\/wp-content\/uploads\/2024\/08\/Trilha-Lares-Classica.jpg\" \/>\n\t<meta property=\"og:image:width\" content=\"1873\" \/>\n\t<meta property=\"og:image:height\" content=\"1249\" \/>\n\t<meta property=\"og:image:type\" content=\"image\/jpeg\" \/>\n<meta name=\"author\" content=\"Trilha Salkantay\" \/>\n<meta name=\"twitter:card\" content=\"summary_large_image\" \/>\n<meta name=\"twitter:creator\" content=\"@salkantayperu\" \/>\n<meta name=\"twitter:site\" content=\"@salkantayperu\" \/>\n<meta name=\"twitter:label1\" content=\"Escrito por\" \/>\n\t<meta name=\"twitter:data1\" content=\"Trilha Salkantay\" \/>\n\t<meta name=\"twitter:label2\" content=\"Est. tempo de leitura\" \/>\n\t<meta name=\"twitter:data2\" content=\"27 minutos\" \/>\n<script type=\"application\/ld+json\" class=\"yoast-schema-graph\">{\"@context\":\"https:\\\/\\\/schema.org\",\"@graph\":[{\"@type\":\"Article\",\"@id\":\"https:\\\/\\\/www.salkantaytrilha.com\\\/blog\\\/trilha-lares-tudo-o-que-voce-precisa-saber\\\/#article\",\"isPartOf\":{\"@id\":\"https:\\\/\\\/www.salkantaytrilha.com\\\/blog\\\/trilha-lares-tudo-o-que-voce-precisa-saber\\\/\"},\"author\":{\"name\":\"Trilha Salkantay\",\"@id\":\"https:\\\/\\\/www.salkantaytrilha.com\\\/blog\\\/#\\\/schema\\\/person\\\/aa0e6175beac59e6519e5407b3d13d0d\"},\"headline\":\"Trilha Lares Cl\u00e1ssica: Tudo o que voc\u00ea precisa saber\",\"datePublished\":\"2024-08-07T16:10:57+00:00\",\"dateModified\":\"2026-03-02T15:07:25+00:00\",\"mainEntityOfPage\":{\"@id\":\"https:\\\/\\\/www.salkantaytrilha.com\\\/blog\\\/trilha-lares-tudo-o-que-voce-precisa-saber\\\/\"},\"wordCount\":4697,\"commentCount\":0,\"publisher\":{\"@id\":\"https:\\\/\\\/www.salkantaytrilha.com\\\/blog\\\/#organization\"},\"image\":{\"@id\":\"https:\\\/\\\/www.salkantaytrilha.com\\\/blog\\\/trilha-lares-tudo-o-que-voce-precisa-saber\\\/#primaryimage\"},\"thumbnailUrl\":\"https:\\\/\\\/www.salkantaytrilha.com\\\/blog\\\/wp-content\\\/uploads\\\/2024\\\/08\\\/Trilha-Lares-Classica.jpg\",\"keywords\":[\"Banhos Termais de Lares\",\"Lagoa Qoyalay\",\"Trilha Lares Cl\u00e1ssica\"],\"articleSection\":[\"Lares\",\"Trilha Lares\"],\"inLanguage\":\"pt-BR\",\"potentialAction\":[{\"@type\":\"CommentAction\",\"name\":\"Comment\",\"target\":[\"https:\\\/\\\/www.salkantaytrilha.com\\\/blog\\\/trilha-lares-tudo-o-que-voce-precisa-saber\\\/#respond\"]}]},{\"@type\":\"WebPage\",\"@id\":\"https:\\\/\\\/www.salkantaytrilha.com\\\/blog\\\/trilha-lares-tudo-o-que-voce-precisa-saber\\\/\",\"url\":\"https:\\\/\\\/www.salkantaytrilha.com\\\/blog\\\/trilha-lares-tudo-o-que-voce-precisa-saber\\\/\",\"name\":\"Trilha Lares Cl\u00e1ssica: Tudo o que voc\u00ea precisa saber - informa\u00e7\u00f5es de viagens\",\"isPartOf\":{\"@id\":\"https:\\\/\\\/www.salkantaytrilha.com\\\/blog\\\/#website\"},\"primaryImageOfPage\":{\"@id\":\"https:\\\/\\\/www.salkantaytrilha.com\\\/blog\\\/trilha-lares-tudo-o-que-voce-precisa-saber\\\/#primaryimage\"},\"image\":{\"@id\":\"https:\\\/\\\/www.salkantaytrilha.com\\\/blog\\\/trilha-lares-tudo-o-que-voce-precisa-saber\\\/#primaryimage\"},\"thumbnailUrl\":\"https:\\\/\\\/www.salkantaytrilha.com\\\/blog\\\/wp-content\\\/uploads\\\/2024\\\/08\\\/Trilha-Lares-Classica.jpg\",\"datePublished\":\"2024-08-07T16:10:57+00:00\",\"dateModified\":\"2026-03-02T15:07:25+00:00\",\"description\":\"Trilha Lares Cl\u00e1ssica, \u00e9 a op\u00e7\u00e3o ideal para aqueles que buscam se afastar das grandes multid\u00f5es, adentrar em uma paisagem impressionante\",\"breadcrumb\":{\"@id\":\"https:\\\/\\\/www.salkantaytrilha.com\\\/blog\\\/trilha-lares-tudo-o-que-voce-precisa-saber\\\/#breadcrumb\"},\"inLanguage\":\"pt-BR\",\"potentialAction\":[{\"@type\":\"ReadAction\",\"target\":[\"https:\\\/\\\/www.salkantaytrilha.com\\\/blog\\\/trilha-lares-tudo-o-que-voce-precisa-saber\\\/\"]}]},{\"@type\":\"ImageObject\",\"inLanguage\":\"pt-BR\",\"@id\":\"https:\\\/\\\/www.salkantaytrilha.com\\\/blog\\\/trilha-lares-tudo-o-que-voce-precisa-saber\\\/#primaryimage\",\"url\":\"https:\\\/\\\/www.salkantaytrilha.com\\\/blog\\\/wp-content\\\/uploads\\\/2024\\\/08\\\/Trilha-Lares-Classica.jpg\",\"contentUrl\":\"https:\\\/\\\/www.salkantaytrilha.com\\\/blog\\\/wp-content\\\/uploads\\\/2024\\\/08\\\/Trilha-Lares-Classica.jpg\",\"width\":1873,\"height\":1249,\"caption\":\"Trilha Lares Cl\u00e1ssica\"},{\"@type\":\"BreadcrumbList\",\"@id\":\"https:\\\/\\\/www.salkantaytrilha.com\\\/blog\\\/trilha-lares-tudo-o-que-voce-precisa-saber\\\/#breadcrumb\",\"itemListElement\":[{\"@type\":\"ListItem\",\"position\":1,\"name\":\"In\u00edcio\",\"item\":\"https:\\\/\\\/www.salkantaytrilha.com\\\/blog\\\/\"},{\"@type\":\"ListItem\",\"position\":2,\"name\":\"Trilha Lares Cl\u00e1ssica: Tudo o que voc\u00ea precisa saber\"}]},{\"@type\":\"WebSite\",\"@id\":\"https:\\\/\\\/www.salkantaytrilha.com\\\/blog\\\/#website\",\"url\":\"https:\\\/\\\/www.salkantaytrilha.com\\\/blog\\\/\",\"name\":\"informa\u00e7\u00f5es de viagens a Machu Picchu\",\"description\":\"\",\"publisher\":{\"@id\":\"https:\\\/\\\/www.salkantaytrilha.com\\\/blog\\\/#organization\"},\"potentialAction\":[{\"@type\":\"SearchAction\",\"target\":{\"@type\":\"EntryPoint\",\"urlTemplate\":\"https:\\\/\\\/www.salkantaytrilha.com\\\/blog\\\/?s={search_term_string}\"},\"query-input\":{\"@type\":\"PropertyValueSpecification\",\"valueRequired\":true,\"valueName\":\"search_term_string\"}}],\"inLanguage\":\"pt-BR\"},{\"@type\":\"Organization\",\"@id\":\"https:\\\/\\\/www.salkantaytrilha.com\\\/blog\\\/#organization\",\"name\":\"informa\u00e7\u00f5es de viagens a Machu Picchu\",\"url\":\"https:\\\/\\\/www.salkantaytrilha.com\\\/blog\\\/\",\"logo\":{\"@type\":\"ImageObject\",\"inLanguage\":\"pt-BR\",\"@id\":\"https:\\\/\\\/www.salkantaytrilha.com\\\/blog\\\/#\\\/schema\\\/logo\\\/image\\\/\",\"url\":\"https:\\\/\\\/www.salkantaytrilha.com\\\/blog\\\/wp-content\\\/uploads\\\/2024\\\/05\\\/salkantaytrekking-new-300x128-1.png\",\"contentUrl\":\"https:\\\/\\\/www.salkantaytrilha.com\\\/blog\\\/wp-content\\\/uploads\\\/2024\\\/05\\\/salkantaytrekking-new-300x128-1.png\",\"width\":300,\"height\":128,\"caption\":\"informa\u00e7\u00f5es de viagens a Machu Picchu\"},\"image\":{\"@id\":\"https:\\\/\\\/www.salkantaytrilha.com\\\/blog\\\/#\\\/schema\\\/logo\\\/image\\\/\"},\"sameAs\":[\"https:\\\/\\\/www.facebook.com\\\/SalkantayTrekking\\\/\",\"https:\\\/\\\/x.com\\\/salkantayperu\",\"https:\\\/\\\/www.pinterest.com\\\/salkantaytrekking\\\/\",\"https:\\\/\\\/www.instagram.com\\\/salkantaytrekking\\\/\",\"https:\\\/\\\/www.youtube.com\\\/user\\\/salkantaytrekking\",\"https:\\\/\\\/www.tiktok.com\\\/@salkantaytrekking\"]},{\"@type\":\"Person\",\"@id\":\"https:\\\/\\\/www.salkantaytrilha.com\\\/blog\\\/#\\\/schema\\\/person\\\/aa0e6175beac59e6519e5407b3d13d0d\",\"name\":\"Trilha Salkantay\",\"image\":{\"@type\":\"ImageObject\",\"inLanguage\":\"pt-BR\",\"@id\":\"https:\\\/\\\/secure.gravatar.com\\\/avatar\\\/b41678a33c57a2bf0032b7c254611fc97caffd94ade0663405b364d1c0177d1d?s=96&d=mm&r=g\",\"url\":\"https:\\\/\\\/secure.gravatar.com\\\/avatar\\\/b41678a33c57a2bf0032b7c254611fc97caffd94ade0663405b364d1c0177d1d?s=96&d=mm&r=g\",\"contentUrl\":\"https:\\\/\\\/secure.gravatar.com\\\/avatar\\\/b41678a33c57a2bf0032b7c254611fc97caffd94ade0663405b364d1c0177d1d?s=96&d=mm&r=g\",\"caption\":\"Trilha Salkantay\"},\"sameAs\":[\"https:\\\/\\\/www.salkantaytrilha.com\\\/blog\"]}]}<\/script>\n<!-- \/ Yoast SEO Premium plugin. -->","yoast_head_json":{"title":"Trilha Lares Cl\u00e1ssica: Tudo o que voc\u00ea precisa saber - informa\u00e7\u00f5es de viagens","description":"Trilha Lares Cl\u00e1ssica, \u00e9 a op\u00e7\u00e3o ideal para aqueles que buscam se afastar das grandes multid\u00f5es, adentrar em uma paisagem impressionante","robots":{"index":"index","follow":"follow","max-snippet":"max-snippet:-1","max-image-preview":"max-image-preview:large","max-video-preview":"max-video-preview:-1"},"canonical":"https:\/\/www.salkantaytrilha.com\/blog\/trilha-lares-tudo-o-que-voce-precisa-saber\/","og_locale":"pt_BR","og_type":"article","og_title":"Trilha Lares Cl\u00e1ssica: Tudo o que voc\u00ea precisa saber","og_description":"Trilha Lares Cl\u00e1ssica, \u00e9 a op\u00e7\u00e3o ideal para aqueles que buscam se afastar das grandes multid\u00f5es, adentrar em uma paisagem impressionante","og_url":"https:\/\/www.salkantaytrilha.com\/blog\/trilha-lares-tudo-o-que-voce-precisa-saber\/","og_site_name":"informa\u00e7\u00f5es de viagens","article_publisher":"https:\/\/www.facebook.com\/SalkantayTrekking\/","article_published_time":"2024-08-07T16:10:57+00:00","article_modified_time":"2026-03-02T15:07:25+00:00","og_image":[{"width":1873,"height":1249,"url":"https:\/\/www.salkantaytrilha.com\/blog\/wp-content\/uploads\/2024\/08\/Trilha-Lares-Classica.jpg","type":"image\/jpeg"}],"author":"Trilha Salkantay","twitter_card":"summary_large_image","twitter_creator":"@salkantayperu","twitter_site":"@salkantayperu","twitter_misc":{"Escrito por":"Trilha Salkantay","Est. tempo de leitura":"27 minutos"},"schema":{"@context":"https:\/\/schema.org","@graph":[{"@type":"Article","@id":"https:\/\/www.salkantaytrilha.com\/blog\/trilha-lares-tudo-o-que-voce-precisa-saber\/#article","isPartOf":{"@id":"https:\/\/www.salkantaytrilha.com\/blog\/trilha-lares-tudo-o-que-voce-precisa-saber\/"},"author":{"name":"Trilha Salkantay","@id":"https:\/\/www.salkantaytrilha.com\/blog\/#\/schema\/person\/aa0e6175beac59e6519e5407b3d13d0d"},"headline":"Trilha Lares Cl\u00e1ssica: Tudo o que voc\u00ea precisa saber","datePublished":"2024-08-07T16:10:57+00:00","dateModified":"2026-03-02T15:07:25+00:00","mainEntityOfPage":{"@id":"https:\/\/www.salkantaytrilha.com\/blog\/trilha-lares-tudo-o-que-voce-precisa-saber\/"},"wordCount":4697,"commentCount":0,"publisher":{"@id":"https:\/\/www.salkantaytrilha.com\/blog\/#organization"},"image":{"@id":"https:\/\/www.salkantaytrilha.com\/blog\/trilha-lares-tudo-o-que-voce-precisa-saber\/#primaryimage"},"thumbnailUrl":"https:\/\/www.salkantaytrilha.com\/blog\/wp-content\/uploads\/2024\/08\/Trilha-Lares-Classica.jpg","keywords":["Banhos Termais de Lares","Lagoa Qoyalay","Trilha Lares Cl\u00e1ssica"],"articleSection":["Lares","Trilha Lares"],"inLanguage":"pt-BR","potentialAction":[{"@type":"CommentAction","name":"Comment","target":["https:\/\/www.salkantaytrilha.com\/blog\/trilha-lares-tudo-o-que-voce-precisa-saber\/#respond"]}]},{"@type":"WebPage","@id":"https:\/\/www.salkantaytrilha.com\/blog\/trilha-lares-tudo-o-que-voce-precisa-saber\/","url":"https:\/\/www.salkantaytrilha.com\/blog\/trilha-lares-tudo-o-que-voce-precisa-saber\/","name":"Trilha Lares Cl\u00e1ssica: Tudo o que voc\u00ea precisa saber - informa\u00e7\u00f5es de viagens","isPartOf":{"@id":"https:\/\/www.salkantaytrilha.com\/blog\/#website"},"primaryImageOfPage":{"@id":"https:\/\/www.salkantaytrilha.com\/blog\/trilha-lares-tudo-o-que-voce-precisa-saber\/#primaryimage"},"image":{"@id":"https:\/\/www.salkantaytrilha.com\/blog\/trilha-lares-tudo-o-que-voce-precisa-saber\/#primaryimage"},"thumbnailUrl":"https:\/\/www.salkantaytrilha.com\/blog\/wp-content\/uploads\/2024\/08\/Trilha-Lares-Classica.jpg","datePublished":"2024-08-07T16:10:57+00:00","dateModified":"2026-03-02T15:07:25+00:00","description":"Trilha Lares Cl\u00e1ssica, \u00e9 a op\u00e7\u00e3o ideal para aqueles que buscam se afastar das grandes multid\u00f5es, adentrar em uma paisagem impressionante","breadcrumb":{"@id":"https:\/\/www.salkantaytrilha.com\/blog\/trilha-lares-tudo-o-que-voce-precisa-saber\/#breadcrumb"},"inLanguage":"pt-BR","potentialAction":[{"@type":"ReadAction","target":["https:\/\/www.salkantaytrilha.com\/blog\/trilha-lares-tudo-o-que-voce-precisa-saber\/"]}]},{"@type":"ImageObject","inLanguage":"pt-BR","@id":"https:\/\/www.salkantaytrilha.com\/blog\/trilha-lares-tudo-o-que-voce-precisa-saber\/#primaryimage","url":"https:\/\/www.salkantaytrilha.com\/blog\/wp-content\/uploads\/2024\/08\/Trilha-Lares-Classica.jpg","contentUrl":"https:\/\/www.salkantaytrilha.com\/blog\/wp-content\/uploads\/2024\/08\/Trilha-Lares-Classica.jpg","width":1873,"height":1249,"caption":"Trilha Lares Cl\u00e1ssica"},{"@type":"BreadcrumbList","@id":"https:\/\/www.salkantaytrilha.com\/blog\/trilha-lares-tudo-o-que-voce-precisa-saber\/#breadcrumb","itemListElement":[{"@type":"ListItem","position":1,"name":"In\u00edcio","item":"https:\/\/www.salkantaytrilha.com\/blog\/"},{"@type":"ListItem","position":2,"name":"Trilha Lares Cl\u00e1ssica: Tudo o que voc\u00ea precisa saber"}]},{"@type":"WebSite","@id":"https:\/\/www.salkantaytrilha.com\/blog\/#website","url":"https:\/\/www.salkantaytrilha.com\/blog\/","name":"informa\u00e7\u00f5es de viagens a Machu Picchu","description":"","publisher":{"@id":"https:\/\/www.salkantaytrilha.com\/blog\/#organization"},"potentialAction":[{"@type":"SearchAction","target":{"@type":"EntryPoint","urlTemplate":"https:\/\/www.salkantaytrilha.com\/blog\/?s={search_term_string}"},"query-input":{"@type":"PropertyValueSpecification","valueRequired":true,"valueName":"search_term_string"}}],"inLanguage":"pt-BR"},{"@type":"Organization","@id":"https:\/\/www.salkantaytrilha.com\/blog\/#organization","name":"informa\u00e7\u00f5es de viagens a Machu Picchu","url":"https:\/\/www.salkantaytrilha.com\/blog\/","logo":{"@type":"ImageObject","inLanguage":"pt-BR","@id":"https:\/\/www.salkantaytrilha.com\/blog\/#\/schema\/logo\/image\/","url":"https:\/\/www.salkantaytrilha.com\/blog\/wp-content\/uploads\/2024\/05\/salkantaytrekking-new-300x128-1.png","contentUrl":"https:\/\/www.salkantaytrilha.com\/blog\/wp-content\/uploads\/2024\/05\/salkantaytrekking-new-300x128-1.png","width":300,"height":128,"caption":"informa\u00e7\u00f5es de viagens a Machu Picchu"},"image":{"@id":"https:\/\/www.salkantaytrilha.com\/blog\/#\/schema\/logo\/image\/"},"sameAs":["https:\/\/www.facebook.com\/SalkantayTrekking\/","https:\/\/x.com\/salkantayperu","https:\/\/www.pinterest.com\/salkantaytrekking\/","https:\/\/www.instagram.com\/salkantaytrekking\/","https:\/\/www.youtube.com\/user\/salkantaytrekking","https:\/\/www.tiktok.com\/@salkantaytrekking"]},{"@type":"Person","@id":"https:\/\/www.salkantaytrilha.com\/blog\/#\/schema\/person\/aa0e6175beac59e6519e5407b3d13d0d","name":"Trilha Salkantay","image":{"@type":"ImageObject","inLanguage":"pt-BR","@id":"https:\/\/secure.gravatar.com\/avatar\/b41678a33c57a2bf0032b7c254611fc97caffd94ade0663405b364d1c0177d1d?s=96&d=mm&r=g","url":"https:\/\/secure.gravatar.com\/avatar\/b41678a33c57a2bf0032b7c254611fc97caffd94ade0663405b364d1c0177d1d?s=96&d=mm&r=g","contentUrl":"https:\/\/secure.gravatar.com\/avatar\/b41678a33c57a2bf0032b7c254611fc97caffd94ade0663405b364d1c0177d1d?s=96&d=mm&r=g","caption":"Trilha Salkantay"},"sameAs":["https:\/\/www.salkantaytrilha.com\/blog"]}]}},"_links":{"self":[{"href":"https:\/\/www.salkantaytrilha.com\/blog\/wp-json\/wp\/v2\/posts\/804","targetHints":{"allow":["GET"]}}],"collection":[{"href":"https:\/\/www.salkantaytrilha.com\/blog\/wp-json\/wp\/v2\/posts"}],"about":[{"href":"https:\/\/www.salkantaytrilha.com\/blog\/wp-json\/wp\/v2\/types\/post"}],"author":[{"embeddable":true,"href":"https:\/\/www.salkantaytrilha.com\/blog\/wp-json\/wp\/v2\/users\/1"}],"replies":[{"embeddable":true,"href":"https:\/\/www.salkantaytrilha.com\/blog\/wp-json\/wp\/v2\/comments?post=804"}],"version-history":[{"count":6,"href":"https:\/\/www.salkantaytrilha.com\/blog\/wp-json\/wp\/v2\/posts\/804\/revisions"}],"predecessor-version":[{"id":5568,"href":"https:\/\/www.salkantaytrilha.com\/blog\/wp-json\/wp\/v2\/posts\/804\/revisions\/5568"}],"wp:featuredmedia":[{"embeddable":true,"href":"https:\/\/www.salkantaytrilha.com\/blog\/wp-json\/wp\/v2\/media\/807"}],"wp:attachment":[{"href":"https:\/\/www.salkantaytrilha.com\/blog\/wp-json\/wp\/v2\/media?parent=804"}],"wp:term":[{"taxonomy":"category","embeddable":true,"href":"https:\/\/www.salkantaytrilha.com\/blog\/wp-json\/wp\/v2\/categories?post=804"},{"taxonomy":"post_tag","embeddable":true,"href":"https:\/\/www.salkantaytrilha.com\/blog\/wp-json\/wp\/v2\/tags?post=804"}],"curies":[{"name":"wp","href":"https:\/\/api.w.org\/{rel}","templated":true}]}}