{"id":847,"date":"2024-08-12T14:34:40","date_gmt":"2024-08-12T17:34:40","guid":{"rendered":"https:\/\/www.salkantaytrilha.com\/blog\/?p=847"},"modified":"2026-03-02T12:07:18","modified_gmt":"2026-03-02T15:07:18","slug":"tudo-o-que-voce-precisa-saber-sobre-a-temporada-seca-em-cusco-no-peru","status":"publish","type":"post","link":"https:\/\/www.salkantaytrilha.com\/blog\/tudo-o-que-voce-precisa-saber-sobre-a-temporada-seca-em-cusco-no-peru\/","title":{"rendered":"Tudo o que voc\u00ea precisa saber sobre a temporada seca em Cusco, no Peru"},"content":{"rendered":"\n<p>Cusco, a antiga capital do Imp\u00e9rio Inca e agora um dos destinos tur\u00edsticos mais populares do Peru, experimenta uma divis\u00e3o marcante entre a esta\u00e7\u00e3o seca e a esta\u00e7\u00e3o chuvosa. Conhecer os detalhes sobre a esta\u00e7\u00e3o seca, \u00e9 crucial para planejar sua viagem de maneira eficaz, podendo aproveitar, ao m\u00e1ximo, esta fascinante cidade andina. Aqui, fornecemos um guia completo sobre o que voc\u00ea deve saber sobre a esta\u00e7\u00e3o seca em Cusco.<\/p>\n\n\n\n<div class=\"wp-block-rank-math-toc-block anchor-links\"><ul><li><a href=\"#h-o-que-e-a-temporada-seca-em-cusco\" >O que \u00e9 a Temporada Seca em Cusco?<\/a><\/li><li><a href=\"#h-como-e-o-clima-e-as-temperaturas-durante-a-estacao-seca-em-cusco\" >Como \u00e9 o clima e as temperaturas, durante a esta\u00e7\u00e3o seca em Cusco?<\/a><\/li><li><a href=\"#h-beneficios-de-viajar-durante-a-estacao-seca-em-cusco\" >Benef\u00edcios de Viajar durante a esta\u00e7\u00e3o seca em Cusco<\/a><\/li><li><a href=\"#h-atividades-recomendadas-durante-a-estacao-seca-em-cusco\" >Atividades recomendadas durante a esta\u00e7\u00e3o seca, em Cusco<\/a><\/li><li><a href=\"#h-dicas-praticas-para-viajantes-na-estacao-seca\" >Dicas pr\u00e1ticas para viajantes na esta\u00e7\u00e3o seca<\/a><\/li><li><a href=\"#h-festividades-na-temporada-seca-em-cusco-peru\" >Festividades na Temporada Seca em Cusco, Peru<\/a><\/li><li><a href=\"#h-principais-festividades-durante-a-temporada-seca\" >Principais Festividades durante a Temporada Seca<\/a><ul><li><a href=\"#h-qoyllur-rit-i-maio-junho\" >Qoyllur Rit&#8217;i &#8211; Maio\/Junho<\/a><\/li><li><a href=\"#h-inti-raymi-24-de-junho\" >Inti Raymi &#8211; 24 de Junho<\/a><\/li><li><a href=\"#h-virgem-del-carmen-de-15-a-19-de-julho\" >Virgem del Carmen \u2013 de 15 a 19 de Julho<\/a><\/li><li><a href=\"#h-fiestas-patrias-28-e-29-de-julho\" >Fiestas Patrias \u2013 28 e 29 de Julho<\/a><\/li><\/ul><\/li><li><a href=\"#h-conclusao\" >Conclus\u00e3o<\/a><\/li><li><a href=\"#h-pode-te-interessar\" >Pode te interessar:<\/a><\/li><\/nav><\/ul><\/div>\n\n\n\n<h2 class=\"wp-block-heading\" id=\"h-o-que-e-a-temporada-seca-em-cusco\">O que \u00e9 a Temporada Seca em Cusco?<\/h2>\n\n\n\n<p>A esta\u00e7\u00e3o seca, em Cusco, abrange aproximadamente os meses de maio a outubro. \u00c9 um per\u00edodo caracterizado por dias ensolarados, c\u00e9us claros e temperaturas diurnas agrad\u00e1veis. Esta \u00e9poca do ano \u00e9 a preferida por muitos viajantes, devido \u00e0s condi\u00e7\u00f5es clim\u00e1ticas est\u00e1veis e previs\u00edveis.<\/p>\n\n\n\n<div class=\"wp-block-columns is-layout-flex wp-container-core-columns-is-layout-9d6595d7 wp-block-columns-is-layout-flex\">\n<div class=\"wp-block-column is-layout-flow wp-block-column-is-layout-flow\"><div class=\"wp-block-image\">\n<figure class=\"aligncenter size-full\"><img loading=\"lazy\" decoding=\"async\" width=\"800\" height=\"1000\" src=\"https:\/\/www.salkantaytrilha.com\/blog\/wp-content\/uploads\/2024\/08\/Turismo-solitario-Sacsayhuaman.jpg\" alt=\"Turista sozinho em Sacsayhuaman olhando para a cidade de Cusco\" class=\"wp-image-854\"\/><figcaption class=\"wp-element-caption\">Sacsayhuaman<\/figcaption><\/figure>\n<\/div><\/div>\n\n\n\n<div class=\"wp-block-column is-layout-flow wp-block-column-is-layout-flow\"><div class=\"wp-block-image\">\n<figure class=\"aligncenter size-full\"><img loading=\"lazy\" decoding=\"async\" width=\"800\" height=\"1000\" src=\"https:\/\/www.salkantaytrilha.com\/blog\/wp-content\/uploads\/2024\/08\/Aclimatacao-em-Cusco.jpg\" alt=\"Alguns turistas se concentraram na pra\u00e7a principal de Cusco para se aclimatarem \u00e0 alta altitude da cidade\" class=\"wp-image-855\"\/><figcaption class=\"wp-element-caption\">Cusco<\/figcaption><\/figure>\n<\/div><\/div>\n<\/div>\n\n\n\n<h2 class=\"wp-block-heading\" id=\"h-como-e-o-clima-e-as-temperaturas-durante-a-estacao-seca-em-cusco\">Como \u00e9 o clima e as temperaturas, durante a esta\u00e7\u00e3o seca em Cusco?<\/h2>\n\n\n\n<p>Durante a esta\u00e7\u00e3o seca, Cusco experimenta dias quentes e noites frias. As temperaturas diurnas, geralmente, variam entre 18\u00b0C e 22\u00b0C, enquanto \u00e0 noite, podem cair para 5\u00b0C a 10\u00b0C. \u00c9 importante levar roupas adequadas para o frio noturno, como jaquetas quentes e camadas adicionais.<\/p>\n\n\n\n<h2 class=\"wp-block-heading\" id=\"h-beneficios-de-viajar-durante-a-estacao-seca-em-cusco\">Benef\u00edcios de Viajar durante a esta\u00e7\u00e3o seca em Cusco<\/h2>\n\n\n\n<ol class=\"wp-block-list\">\n<li><strong>Menos Chuva:<\/strong> A esta\u00e7\u00e3o seca \u00e9 caracterizada por uma redu\u00e7\u00e3o significativa nas precipita\u00e7\u00f5es. Isso significa menos chances de interrup\u00e7\u00f5es em seus planos de viagem devido ao clima.<\/li>\n\n\n\n<li><strong>Dias Ensolarados:<\/strong> Voc\u00ea desfrutar\u00e1 de c\u00e9us claros e vistas panor\u00e2micas impressionantes das montanhas e paisagens circundantes, ideais para atividades ao ar livre e fotografia.<\/li>\n\n\n\n<li><strong>Condi\u00e7\u00f5es Ideais para Trekking:<\/strong> Se voc\u00ea planeja fazer caminhadas como a Trilha Inca para Machu Picchu, a esta\u00e7\u00e3o seca oferece trilhas mais secas e est\u00e1veis, facilitando a experi\u00eancia de trekking.<\/li>\n\n\n\n<li><strong>Festividades e Eventos:<\/strong> Durante os meses da esta\u00e7\u00e3o seca, Cusco celebra v\u00e1rias festividades e eventos culturais, como o Inti Raymi em junho, que oferece uma oportunidade \u00fanica para presenciar tradi\u00e7\u00f5es ancestrais.<\/li>\n<\/ol>\n\n\n\n<div class=\"wp-block-columns is-layout-flex wp-container-core-columns-is-layout-9d6595d7 wp-block-columns-is-layout-flex\">\n<div class=\"wp-block-column is-layout-flow wp-block-column-is-layout-flow\"><div class=\"wp-block-image\">\n<figure class=\"aligncenter size-full\"><img loading=\"lazy\" decoding=\"async\" width=\"800\" height=\"1000\" src=\"https:\/\/www.salkantaytrilha.com\/blog\/wp-content\/uploads\/2024\/07\/Machu-Picchu-Peru.jpg\" alt=\"Machu Picchu Peru\" class=\"wp-image-485\"\/><figcaption class=\"wp-element-caption\">Machu Picchu<\/figcaption><\/figure>\n<\/div><\/div>\n\n\n\n<div class=\"wp-block-column is-layout-flow wp-block-column-is-layout-flow\"><div class=\"wp-block-image\">\n<figure class=\"aligncenter size-full\"><img loading=\"lazy\" decoding=\"async\" width=\"800\" height=\"1000\" src=\"https:\/\/www.salkantaytrilha.com\/blog\/wp-content\/uploads\/2024\/08\/Festivais-em-Cusco.jpg\" alt=\"Festivais em Cusco\" class=\"wp-image-856\"\/><figcaption class=\"wp-element-caption\">Festivais em Cusco<\/figcaption><\/figure>\n<\/div><\/div>\n<\/div>\n\n\n\n<h2 class=\"wp-block-heading\" id=\"h-atividades-recomendadas-durante-a-estacao-seca-em-cusco\">Atividades recomendadas durante a esta\u00e7\u00e3o seca, em Cusco<\/h2>\n\n\n\n<ul class=\"wp-block-list\">\n<li><strong>Visita a Machu Picchu:<\/strong> A esta\u00e7\u00e3o seca \u00e9 ideal para visitar Machu Picchu devido \u00e0s melhores condi\u00e7\u00f5es clim\u00e1ticas e \u00e0 visibilidade.<\/li>\n\n\n\n<li><strong>Explora\u00e7\u00e3o da Cidade:<\/strong> Explore as ruas hist\u00f3ricas de Cusco, visite suas impressionantes igrejas e museus, e mergulhe na rica cultura e hist\u00f3ria da cidade.<\/li>\n\n\n\n<li><strong>Excurs\u00f5es ao Vale Sagrado:<\/strong> Descubra as antigas ru\u00ednas incas e os pitorescos vilarejos do Vale Sagrado, em condi\u00e7\u00f5es clim\u00e1ticas \u00f3timas.<\/li>\n<\/ul>\n\n\n\n<h2 class=\"wp-block-heading\" id=\"h-dicas-praticas-para-viajantes-na-estacao-seca\">Dicas pr\u00e1ticas para viajantes na esta\u00e7\u00e3o seca<\/h2>\n\n\n\n<ol class=\"wp-block-list\">\n<li><strong>Proteja-se do Sol:<\/strong> Apesar das temperaturas moderadas, o sol pode ser forte em altitudes elevadas como Cusco. Use protetor solar, chap\u00e9u e \u00f3culos de sol.<\/li>\n\n\n\n<li><strong>Acostume-se \u00e0 Altitude:<\/strong> Cusco est\u00e1 localizado a aproximadamente 3.400 metros acima do n\u00edvel do mar. Reserve um tempo para se aclimatar \u00e0 altitude e evite esfor\u00e7o f\u00edsico nos primeiros dias.<\/li>\n\n\n\n<li><strong>Reserve com Anteced\u00eancia:<\/strong> Devido \u00e0 popularidade da esta\u00e7\u00e3o seca, especialmente durante os meses de julho e agosto, \u00e9 recomend\u00e1vel reservar alojamento, passeios e ingressos com anteced\u00eancia.<\/li>\n\n\n\n<li><strong>Experimente a Gastronomia Local:<\/strong> Prove a deliciosa comida peruana durante sua estadia em Cusco. N\u00e3o perca pratos como o Chiri Uchu, o solterito e a sopa de quinua.<\/li>\n\n\n\n<li><strong>Compre de Forma Respons\u00e1vel:<\/strong> Apoie os artes\u00e3os locais comprando produtos tradicionais como tecidos, cer\u00e2micas e j\u00f3ias de prata nos mercados e lojas da cidade.<\/li>\n<\/ol>\n\n\n\n<div class=\"wp-block-columns is-layout-flex wp-container-core-columns-is-layout-9d6595d7 wp-block-columns-is-layout-flex\">\n<div class=\"wp-block-column is-layout-flow wp-block-column-is-layout-flow\"><div class=\"wp-block-image\">\n<figure class=\"aligncenter size-large\"><img loading=\"lazy\" decoding=\"async\" width=\"1024\" height=\"683\" src=\"https:\/\/www.salkantaytrilha.com\/blog\/wp-content\/uploads\/2024\/08\/Compras-responsaveis-em-Cusco-1024x683.jpg\" alt=\"Compras respons\u00e1veis em Cusco\" class=\"wp-image-857\"\/><figcaption class=\"wp-element-caption\">Compras respons\u00e1veis em Cusco<\/figcaption><\/figure>\n<\/div><\/div>\n<\/div>\n\n\n\n<h2 class=\"wp-block-heading\" id=\"h-festividades-na-temporada-seca-em-cusco-peru\">Festividades na Temporada Seca em Cusco, Peru<\/h2>\n\n\n\n<p>Cusco, a hist\u00f3rica capital do Imp\u00e9rio Inca, \u00e9 um tesouro cultural incrustado nos Andes peruanos. N\u00e3o \u00e9 famosa apenas por sua impressionante arquitetura e paisagens espetaculares, mas tamb\u00e9m por suas vibrantes festividades, que celebram a rica heran\u00e7a cultural da regi\u00e3o. Durante a temporada seca, que vai, aproximadamente, de maio a outubro, Cusco se enche de celebra\u00e7\u00f5es coloridas e tradi\u00e7\u00f5es ancestrais que atraem visitantes de todo o mundo.<\/p>\n\n\n\n<h2 class=\"wp-block-heading\" id=\"h-principais-festividades-durante-a-temporada-seca\">Principais Festividades durante a Temporada Seca<\/h2>\n\n\n\n<h3 class=\"wp-block-heading\" id=\"h-qoyllur-rit-i-maio-junho\">Qoyllur Rit&#8217;i &#8211; Maio\/Junho<\/h3>\n\n\n\n<p>Qoyllur Rit&#8217;i, que significa &#8220;neve brilhante&#8221;, em qu\u00e9chua, \u00e9 uma das festividades mais importantes de Cusco, e \u00e9 celebrada no Nevado de Sinakara. Combina elementos da religi\u00e3o cat\u00f3lica com cren\u00e7as andinas pr\u00e9-colombianas, e atrai milhares de peregrinos de toda a regi\u00e3o.<\/p>\n\n\n\n<p><strong>Atividades:<\/strong> Durante a festividade, os peregrinos realizam caminhadas de diferentes comunidades at\u00e9 o Nevado, onde s\u00e3o realizados rituais de venera\u00e7\u00e3o ao Senhor de Qoyllur Rit&#8217;i. Al\u00e9m disso, ocorrem dan\u00e7as tradicionais e m\u00fasica t\u00edpica.<\/p>\n\n\n\n<div class=\"wp-block-columns is-layout-flex wp-container-core-columns-is-layout-9d6595d7 wp-block-columns-is-layout-flex\">\n<div class=\"wp-block-column is-layout-flow wp-block-column-is-layout-flow\"><div class=\"wp-block-image\">\n<figure class=\"aligncenter size-full\"><img loading=\"lazy\" decoding=\"async\" width=\"800\" height=\"1000\" src=\"https:\/\/www.salkantaytrilha.com\/blog\/wp-content\/uploads\/2024\/05\/Senhor-de-Qoyllur-Riti.jpg\" alt=\"Senhor de Qoyllur Rit'i\" class=\"wp-image-102\"\/><figcaption class=\"wp-element-caption\">Senhor de Qoyllur Rit&#8217;i<\/figcaption><\/figure>\n<\/div><\/div>\n\n\n\n<div class=\"wp-block-column is-layout-flow wp-block-column-is-layout-flow\"><div class=\"wp-block-image\">\n<figure class=\"aligncenter size-full\"><img loading=\"lazy\" decoding=\"async\" width=\"800\" height=\"1000\" src=\"https:\/\/www.salkantaytrilha.com\/blog\/wp-content\/uploads\/2024\/07\/Os-ukukus-de-Qoyllur-Riti.jpg\" alt=\"Os ukukus de Qoyllur Rit'i\" class=\"wp-image-767\"\/><figcaption class=\"wp-element-caption\">Os ukukus de Qoyllur Rit&#8217;i<\/figcaption><\/figure>\n<\/div><\/div>\n<\/div>\n\n\n\n<h3 class=\"wp-block-heading\" id=\"h-inti-raymi-24-de-junho\">Inti Raymi &#8211; 24 de Junho<\/h3>\n\n\n\n<p>Inti Raymi, ou Festa do Sol, \u00e9 possivelmente a festividade mais emblem\u00e1tica de Cusco. Celebrada desde os tempos incas, esta cerim\u00f4nia era dedicada ao deus Sol, Inti. Hoje em dia, \u00e9 uma reconstru\u00e7\u00e3o hist\u00f3rica, que atrai milhares de visitantes, todos os anos.<\/p>\n\n\n\n<p><strong>Atividades:<\/strong> A celebra\u00e7\u00e3o inclui uma prociss\u00e3o ao Templo do Sol, mais conhecido como Qorikancha, at\u00e9 a fortaleza de Sacsayhuaman, onde s\u00e3o realizados rituais, dan\u00e7as e cerim\u00f4nias em homenagem ao Sol. \u00c9 uma oportunidade \u00fanica para experimentar a cultura inca, em todo o seu esplendor.<\/p>\n\n\n\n<div class=\"wp-block-columns is-layout-flex wp-container-core-columns-is-layout-9d6595d7 wp-block-columns-is-layout-flex\">\n<div class=\"wp-block-column is-layout-flow wp-block-column-is-layout-flow\"><div class=\"wp-block-image\">\n<figure class=\"aligncenter size-full\"><img loading=\"lazy\" decoding=\"async\" width=\"800\" height=\"1000\" src=\"https:\/\/www.salkantaytrilha.com\/blog\/wp-content\/uploads\/2024\/05\/Cerimonia-andina-festival-Inti-Raymi.jpg\" alt=\"Cerim\u00f4nia andina no festival Inti Raymi\" class=\"wp-image-66\"\/><figcaption class=\"wp-element-caption\">Cerim\u00f4nia andina no festival Inti Raymi<\/figcaption><\/figure>\n<\/div><\/div>\n\n\n\n<div class=\"wp-block-column is-layout-flow wp-block-column-is-layout-flow\"><div class=\"wp-block-image\">\n<figure class=\"aligncenter size-full\"><img loading=\"lazy\" decoding=\"async\" width=\"800\" height=\"1000\" src=\"https:\/\/www.salkantaytrilha.com\/blog\/wp-content\/uploads\/2024\/05\/Cerimonia-Inti-Raymi.jpg\" alt=\"Cerim\u00f4nia Inti Raymi.\" class=\"wp-image-70\"\/><figcaption class=\"wp-element-caption\">Cerim\u00f4nia Inti Raymi.<\/figcaption><\/figure>\n<\/div><\/div>\n<\/div>\n\n\n\n<h3 class=\"wp-block-heading\" id=\"h-virgem-del-carmen-de-15-a-19-de-julho\">Virgem del Carmen \u2013 de 15 a 19 de Julho<\/h3>\n\n\n\n<p>A Virgem del Carmen \u00e9 a padroeira de Cusco e a festividade em sua honra \u00e9 uma das mais coloridas e animadas da regi\u00e3o. A celebra\u00e7\u00e3o combina elementos religiosos, com dan\u00e7as tradicionais e m\u00fasica.<\/p>\n\n\n\n<p><strong>Atividades:<\/strong> Durante v\u00e1rios dias, s\u00e3o realizadas prociss\u00f5es e dan\u00e7as de comparsas nas ruas de Paucartambo, um vilarejo pr\u00f3ximo a Cusco. Os participantes vestem trajes elaborados e realizam dan\u00e7as que representam a hist\u00f3ria e as lendas locais.<\/p>\n\n\n\n<div class=\"wp-block-columns is-layout-flex wp-container-core-columns-is-layout-9d6595d7 wp-block-columns-is-layout-flex\">\n<div class=\"wp-block-column is-layout-flow wp-block-column-is-layout-flow\"><div class=\"wp-block-image\">\n<figure class=\"aligncenter size-large\"><img loading=\"lazy\" decoding=\"async\" width=\"1024\" height=\"576\" src=\"https:\/\/www.salkantaytrilha.com\/blog\/wp-content\/uploads\/2024\/05\/Virgem-del-Carmen-Paucartambo-1024x576.jpg\" alt=\"Virgem del Carmen-Paucartambo\" class=\"wp-image-106\"\/><figcaption class=\"wp-element-caption\">Virgem del Carmen-Paucartambo<\/figcaption><\/figure>\n<\/div><\/div>\n<\/div>\n\n\n\n<h3 class=\"wp-block-heading\" id=\"h-fiestas-patrias-28-e-29-de-julho\">Fiestas Patrias \u2013 28 e 29 de Julho<\/h3>\n\n\n\n<p>As Festas P\u00e1trias do Peru, s\u00e3o celebradas em todo o pa\u00eds, mas em Cusco adquirem um significado especial devido \u00e0 sua rica hist\u00f3ria e patrim\u00f4nio cultural. Durante esses dias, s\u00e3o realizados desfiles c\u00edvicos, eventos esportivos e culturais, para comemorar a independ\u00eancia do pa\u00eds.<\/p>\n\n\n\n<p><strong>Atividades:<\/strong> Em Cusco, voc\u00ea pode desfrutar de desfiles militares e escolares na Plaza de Armas, al\u00e9m de festivais de comida e m\u00fasica tradicionais, em diferentes pontos da cidade. \u00c9 uma excelente oportunidade para experimentar a cultura peruana em sua m\u00e1xima express\u00e3o.<\/p>\n\n\n\n<div class=\"wp-block-columns is-layout-flex wp-container-core-columns-is-layout-9d6595d7 wp-block-columns-is-layout-flex\">\n<div class=\"wp-block-column is-layout-flow wp-block-column-is-layout-flow\"><div class=\"wp-block-image\">\n<figure class=\"aligncenter size-large\"><img loading=\"lazy\" decoding=\"async\" width=\"1024\" height=\"683\" src=\"https:\/\/www.salkantaytrilha.com\/blog\/wp-content\/uploads\/2024\/08\/Desfile-escolar-Cusco-feriados-nacionais-1024x683.jpg\" alt=\"Desfile escolar em Cusco para os feriados nacionais\" class=\"wp-image-858\"\/><figcaption class=\"wp-element-caption\">Desfile escolar em Cusco para os feriados nacionais<\/figcaption><\/figure>\n<\/div><\/div>\n<\/div>\n\n\n\n<h2 class=\"wp-block-heading\" id=\"h-conclusao\">Conclus\u00e3o<\/h2>\n\n\n\n<p>Por um lado, planejar sua visita a Cusco durante a temporada seca, permitir\u00e1 que voc\u00ea aproveite as condi\u00e7\u00f5es clim\u00e1ticas favor\u00e1veis, paisagens impressionantes e uma experi\u00eancia cultural enriquecedora. Seja voc\u00ea interessado em explorar ru\u00ednas antigas, fazer caminhadas cinematogr\u00e1ficas, ou simplesmente se envolver na atmosfera hist\u00f3rica da cidade, essa temporada \u00e9 a que oferece o ambiente perfeito para isso. Prepare-se para viver momentos inesquec\u00edveis, neste destino emblem\u00e1tico dos Andes peruanos.<\/p>\n\n\n\n<p>Por outro lado, as festividades da temporada seca em Cusco, n\u00e3o s\u00e3o apenas eventos religiosos e culturais, mas tamb\u00e9m uma janela para a hist\u00f3ria viva das tradi\u00e7\u00f5es e da cultura, da regi\u00e3o andina.&nbsp;<\/p>\n\n\n\n<p>Desde rituais ancestrais at\u00e9 celebra\u00e7\u00f5es vibrantes, repletas de cor e m\u00fasica, essas festividades oferecem uma experi\u00eancia \u00fanica que o mergulhar\u00e1 na rica tradi\u00e7\u00e3o cultural de Cusco. Planeje sua visita durante a temporada seca, para presenciar essas festividades, e levar consigo lembran\u00e7as inesquec\u00edveis de uma das cidades mais fascinantes do Peru.<\/p>\n\n\n\n<h2 class=\"wp-block-heading\" id=\"h-pode-te-interessar\">Pode te interessar:<\/h2>\n\n\n\n<ul class=\"wp-block-list\">\n<li><strong><a href=\"https:\/\/www.salkantaytrilha.com\/blog\/o-que-fazer-em-cusco\/\">O que fazer em Cusco?<\/a><\/strong><\/li>\n\n\n\n<li><strong><a href=\"https:\/\/www.salkantaytrilha.com\/blog\/aclimatacao-em-cusco-tudo-o-que-voce-precisa-saber\/\">Aclimata\u00e7\u00e3o em Cusco: Tudo o que Voc\u00ea Precisa Saber<\/a><\/strong><\/li>\n\n\n\n<li><strong><a href=\"https:\/\/www.salkantaytrilha.com\/blog\/viva-a-semana-santa-em-cusco\/\">Viva a Semana Santa em Cusco<\/a><\/strong><\/li>\n\n\n\n<li><strong><a href=\"https:\/\/www.salkantaytrilha.com\/blog\/guia-essencial-de-cusco\/\">Guia Essencial de Cusco: Dicas e Recomenda\u00e7\u00f5es para a sua Viagem<\/a><\/strong><\/li>\n\n\n\n<li><strong><a href=\"https:\/\/www.salkantaytrilha.com\/blog\/como-chegar-a-cusco\/\">Como chegar a Cusco?<\/a><\/strong><\/li>\n\n\n\n<li><strong><a href=\"https:\/\/www.salkantaytrilha.com\/blog\/clima-em-cusco-o-guia-completo-mes-a-mes\/\">Clima em Cusco: O Guia Completo M\u00eas a M\u00eas<\/a><\/strong><\/li>\n\n\n\n<li><strong><a href=\"https:\/\/www.salkantaytrilha.com\/blog\/calendario-das-festas-de-cusco-2024\/\">Calend\u00e1rio das festas de Cusco 2024<\/a><\/strong><\/li>\n<\/ul>\n\n\n\n<ul class=\"wp-block-list lang\">\n<li class=\"en\"><a href=\"https:\/\/www.salkantaytrekking.com\/blog\/palccoyo-vs-pallay-punchu-two-of-perus-natural-wonders-to-explore\/\">EN<\/a><\/li>\n\n\n\n<li class=\"es\"><a href=\"https:\/\/www.caminosalkantay.com\/blog\/todo-lo-que-necesitas-saber-sobre-la-temporada-seca-en-cusco-peru\/\">ES<\/a><\/li>\n<\/ul>\n","protected":false},"excerpt":{"rendered":"<p>Cusco, a antiga capital do Imp\u00e9rio Inca e agora um dos destinos tur\u00edsticos mais populares do Peru, experimenta uma divis\u00e3o marcante entre a esta\u00e7\u00e3o seca e a esta\u00e7\u00e3o chuvosa. Conhecer os detalhes sobre a esta\u00e7\u00e3o seca, \u00e9 crucial para planejar [&hellip;]<\/p>\n","protected":false},"author":1,"featured_media":853,"comment_status":"open","ping_status":"open","sticky":false,"template":"","format":"standard","meta":{"footnotes":""},"categories":[62,40,46,267],"tags":[269,270,268,271],"class_list":["post-847","post","type-post","status-publish","format-standard","has-post-thumbnail","hentry","category-clima","category-cusco","category-guia-de-cusco","category-temporada-cusco","tag-clima-e-as-temperaturas-em-cusco","tag-estacao-seca-em-cusco","tag-temporada-seca-em-cusco","tag-viajar-durante-a-estacao-seca-em-cusco"],"yoast_head":"<!-- This site is optimized with the Yoast SEO Premium plugin v27.4 (Yoast SEO v27.4) - https:\/\/yoast.com\/product\/yoast-seo-premium-wordpress\/ -->\n<title>Tudo o que voc\u00ea precisa saber sobre a temporada seca em Cusco, no Peru - informa\u00e7\u00f5es de viagens<\/title>\n<meta name=\"description\" content=\"Descubra tudo sobre a temporada seca em Cusco: dias ensolarados, c\u00e9us claros e temperaturas agrad\u00e1veis. Planeje sua viagem da maneira mais eficaz.\" \/>\n<meta name=\"robots\" content=\"index, follow, max-snippet:-1, max-image-preview:large, max-video-preview:-1\" \/>\n<link rel=\"canonical\" href=\"https:\/\/www.salkantaytrilha.com\/blog\/tudo-o-que-voce-precisa-saber-sobre-a-temporada-seca-em-cusco-no-peru\/\" \/>\n<meta property=\"og:locale\" content=\"pt_BR\" \/>\n<meta property=\"og:type\" content=\"article\" \/>\n<meta property=\"og:title\" content=\"Tudo o que voc\u00ea precisa saber sobre a temporada seca em Cusco, no Peru\" \/>\n<meta property=\"og:description\" content=\"Descubra tudo sobre a temporada seca em Cusco: dias ensolarados, c\u00e9us claros e temperaturas agrad\u00e1veis. Planeje sua viagem da maneira mais eficaz.\" \/>\n<meta property=\"og:url\" content=\"https:\/\/www.salkantaytrilha.com\/blog\/tudo-o-que-voce-precisa-saber-sobre-a-temporada-seca-em-cusco-no-peru\/\" \/>\n<meta property=\"og:site_name\" content=\"informa\u00e7\u00f5es de viagens\" \/>\n<meta property=\"article:publisher\" content=\"https:\/\/www.facebook.com\/SalkantayTrekking\/\" \/>\n<meta property=\"article:published_time\" content=\"2024-08-12T17:34:40+00:00\" \/>\n<meta property=\"article:modified_time\" content=\"2026-03-02T15:07:18+00:00\" \/>\n<meta property=\"og:image\" content=\"https:\/\/www.salkantaytrilha.com\/blog\/wp-content\/uploads\/2024\/08\/temporada-seca-em-Cusco.jpg\" \/>\n\t<meta property=\"og:image:width\" content=\"1873\" \/>\n\t<meta property=\"og:image:height\" content=\"1249\" \/>\n\t<meta property=\"og:image:type\" content=\"image\/jpeg\" \/>\n<meta name=\"author\" content=\"Trilha Salkantay\" \/>\n<meta name=\"twitter:card\" content=\"summary_large_image\" \/>\n<meta name=\"twitter:creator\" content=\"@salkantayperu\" \/>\n<meta name=\"twitter:site\" content=\"@salkantayperu\" \/>\n<meta name=\"twitter:label1\" content=\"Escrito por\" \/>\n\t<meta name=\"twitter:data1\" content=\"Trilha Salkantay\" \/>\n\t<meta name=\"twitter:label2\" content=\"Est. tempo de leitura\" \/>\n\t<meta name=\"twitter:data2\" content=\"9 minutos\" \/>\n<script type=\"application\/ld+json\" class=\"yoast-schema-graph\">{\"@context\":\"https:\\\/\\\/schema.org\",\"@graph\":[{\"@type\":\"Article\",\"@id\":\"https:\\\/\\\/www.salkantaytrilha.com\\\/blog\\\/tudo-o-que-voce-precisa-saber-sobre-a-temporada-seca-em-cusco-no-peru\\\/#article\",\"isPartOf\":{\"@id\":\"https:\\\/\\\/www.salkantaytrilha.com\\\/blog\\\/tudo-o-que-voce-precisa-saber-sobre-a-temporada-seca-em-cusco-no-peru\\\/\"},\"author\":{\"name\":\"Trilha Salkantay\",\"@id\":\"https:\\\/\\\/www.salkantaytrilha.com\\\/blog\\\/#\\\/schema\\\/person\\\/aa0e6175beac59e6519e5407b3d13d0d\"},\"headline\":\"Tudo o que voc\u00ea precisa saber sobre a temporada seca em Cusco, no Peru\",\"datePublished\":\"2024-08-12T17:34:40+00:00\",\"dateModified\":\"2026-03-02T15:07:18+00:00\",\"mainEntityOfPage\":{\"@id\":\"https:\\\/\\\/www.salkantaytrilha.com\\\/blog\\\/tudo-o-que-voce-precisa-saber-sobre-a-temporada-seca-em-cusco-no-peru\\\/\"},\"wordCount\":1399,\"commentCount\":0,\"publisher\":{\"@id\":\"https:\\\/\\\/www.salkantaytrilha.com\\\/blog\\\/#organization\"},\"image\":{\"@id\":\"https:\\\/\\\/www.salkantaytrilha.com\\\/blog\\\/tudo-o-que-voce-precisa-saber-sobre-a-temporada-seca-em-cusco-no-peru\\\/#primaryimage\"},\"thumbnailUrl\":\"https:\\\/\\\/www.salkantaytrilha.com\\\/blog\\\/wp-content\\\/uploads\\\/2024\\\/08\\\/temporada-seca-em-Cusco.jpg\",\"keywords\":[\"Clima e as temperaturas em Cusco\",\"Esta\u00e7\u00e3o seca em Cusco\",\"Temporada seca em Cusco\",\"Viajar durante a esta\u00e7\u00e3o seca em Cusco\"],\"articleSection\":[\"Clima\",\"Cusco\",\"Gu\u00eda de Cusco\",\"Temporada Cusco\"],\"inLanguage\":\"pt-BR\",\"potentialAction\":[{\"@type\":\"CommentAction\",\"name\":\"Comment\",\"target\":[\"https:\\\/\\\/www.salkantaytrilha.com\\\/blog\\\/tudo-o-que-voce-precisa-saber-sobre-a-temporada-seca-em-cusco-no-peru\\\/#respond\"]}]},{\"@type\":\"WebPage\",\"@id\":\"https:\\\/\\\/www.salkantaytrilha.com\\\/blog\\\/tudo-o-que-voce-precisa-saber-sobre-a-temporada-seca-em-cusco-no-peru\\\/\",\"url\":\"https:\\\/\\\/www.salkantaytrilha.com\\\/blog\\\/tudo-o-que-voce-precisa-saber-sobre-a-temporada-seca-em-cusco-no-peru\\\/\",\"name\":\"Tudo o que voc\u00ea precisa saber sobre a temporada seca em Cusco, no Peru - informa\u00e7\u00f5es de viagens\",\"isPartOf\":{\"@id\":\"https:\\\/\\\/www.salkantaytrilha.com\\\/blog\\\/#website\"},\"primaryImageOfPage\":{\"@id\":\"https:\\\/\\\/www.salkantaytrilha.com\\\/blog\\\/tudo-o-que-voce-precisa-saber-sobre-a-temporada-seca-em-cusco-no-peru\\\/#primaryimage\"},\"image\":{\"@id\":\"https:\\\/\\\/www.salkantaytrilha.com\\\/blog\\\/tudo-o-que-voce-precisa-saber-sobre-a-temporada-seca-em-cusco-no-peru\\\/#primaryimage\"},\"thumbnailUrl\":\"https:\\\/\\\/www.salkantaytrilha.com\\\/blog\\\/wp-content\\\/uploads\\\/2024\\\/08\\\/temporada-seca-em-Cusco.jpg\",\"datePublished\":\"2024-08-12T17:34:40+00:00\",\"dateModified\":\"2026-03-02T15:07:18+00:00\",\"description\":\"Descubra tudo sobre a temporada seca em Cusco: dias ensolarados, c\u00e9us claros e temperaturas agrad\u00e1veis. Planeje sua viagem da maneira mais eficaz.\",\"breadcrumb\":{\"@id\":\"https:\\\/\\\/www.salkantaytrilha.com\\\/blog\\\/tudo-o-que-voce-precisa-saber-sobre-a-temporada-seca-em-cusco-no-peru\\\/#breadcrumb\"},\"inLanguage\":\"pt-BR\",\"potentialAction\":[{\"@type\":\"ReadAction\",\"target\":[\"https:\\\/\\\/www.salkantaytrilha.com\\\/blog\\\/tudo-o-que-voce-precisa-saber-sobre-a-temporada-seca-em-cusco-no-peru\\\/\"]}]},{\"@type\":\"ImageObject\",\"inLanguage\":\"pt-BR\",\"@id\":\"https:\\\/\\\/www.salkantaytrilha.com\\\/blog\\\/tudo-o-que-voce-precisa-saber-sobre-a-temporada-seca-em-cusco-no-peru\\\/#primaryimage\",\"url\":\"https:\\\/\\\/www.salkantaytrilha.com\\\/blog\\\/wp-content\\\/uploads\\\/2024\\\/08\\\/temporada-seca-em-Cusco.jpg\",\"contentUrl\":\"https:\\\/\\\/www.salkantaytrilha.com\\\/blog\\\/wp-content\\\/uploads\\\/2024\\\/08\\\/temporada-seca-em-Cusco.jpg\",\"width\":1873,\"height\":1249,\"caption\":\"Temporada seca em Cusco\"},{\"@type\":\"BreadcrumbList\",\"@id\":\"https:\\\/\\\/www.salkantaytrilha.com\\\/blog\\\/tudo-o-que-voce-precisa-saber-sobre-a-temporada-seca-em-cusco-no-peru\\\/#breadcrumb\",\"itemListElement\":[{\"@type\":\"ListItem\",\"position\":1,\"name\":\"In\u00edcio\",\"item\":\"https:\\\/\\\/www.salkantaytrilha.com\\\/blog\\\/\"},{\"@type\":\"ListItem\",\"position\":2,\"name\":\"Tudo o que voc\u00ea precisa saber sobre a temporada seca em Cusco, no Peru\"}]},{\"@type\":\"WebSite\",\"@id\":\"https:\\\/\\\/www.salkantaytrilha.com\\\/blog\\\/#website\",\"url\":\"https:\\\/\\\/www.salkantaytrilha.com\\\/blog\\\/\",\"name\":\"informa\u00e7\u00f5es de viagens a Machu Picchu\",\"description\":\"\",\"publisher\":{\"@id\":\"https:\\\/\\\/www.salkantaytrilha.com\\\/blog\\\/#organization\"},\"potentialAction\":[{\"@type\":\"SearchAction\",\"target\":{\"@type\":\"EntryPoint\",\"urlTemplate\":\"https:\\\/\\\/www.salkantaytrilha.com\\\/blog\\\/?s={search_term_string}\"},\"query-input\":{\"@type\":\"PropertyValueSpecification\",\"valueRequired\":true,\"valueName\":\"search_term_string\"}}],\"inLanguage\":\"pt-BR\"},{\"@type\":\"Organization\",\"@id\":\"https:\\\/\\\/www.salkantaytrilha.com\\\/blog\\\/#organization\",\"name\":\"informa\u00e7\u00f5es de viagens a Machu Picchu\",\"url\":\"https:\\\/\\\/www.salkantaytrilha.com\\\/blog\\\/\",\"logo\":{\"@type\":\"ImageObject\",\"inLanguage\":\"pt-BR\",\"@id\":\"https:\\\/\\\/www.salkantaytrilha.com\\\/blog\\\/#\\\/schema\\\/logo\\\/image\\\/\",\"url\":\"https:\\\/\\\/www.salkantaytrilha.com\\\/blog\\\/wp-content\\\/uploads\\\/2024\\\/05\\\/salkantaytrekking-new-300x128-1.png\",\"contentUrl\":\"https:\\\/\\\/www.salkantaytrilha.com\\\/blog\\\/wp-content\\\/uploads\\\/2024\\\/05\\\/salkantaytrekking-new-300x128-1.png\",\"width\":300,\"height\":128,\"caption\":\"informa\u00e7\u00f5es de viagens a Machu Picchu\"},\"image\":{\"@id\":\"https:\\\/\\\/www.salkantaytrilha.com\\\/blog\\\/#\\\/schema\\\/logo\\\/image\\\/\"},\"sameAs\":[\"https:\\\/\\\/www.facebook.com\\\/SalkantayTrekking\\\/\",\"https:\\\/\\\/x.com\\\/salkantayperu\",\"https:\\\/\\\/www.pinterest.com\\\/salkantaytrekking\\\/\",\"https:\\\/\\\/www.instagram.com\\\/salkantaytrekking\\\/\",\"https:\\\/\\\/www.youtube.com\\\/user\\\/salkantaytrekking\",\"https:\\\/\\\/www.tiktok.com\\\/@salkantaytrekking\"]},{\"@type\":\"Person\",\"@id\":\"https:\\\/\\\/www.salkantaytrilha.com\\\/blog\\\/#\\\/schema\\\/person\\\/aa0e6175beac59e6519e5407b3d13d0d\",\"name\":\"Trilha Salkantay\",\"image\":{\"@type\":\"ImageObject\",\"inLanguage\":\"pt-BR\",\"@id\":\"https:\\\/\\\/secure.gravatar.com\\\/avatar\\\/b41678a33c57a2bf0032b7c254611fc97caffd94ade0663405b364d1c0177d1d?s=96&d=mm&r=g\",\"url\":\"https:\\\/\\\/secure.gravatar.com\\\/avatar\\\/b41678a33c57a2bf0032b7c254611fc97caffd94ade0663405b364d1c0177d1d?s=96&d=mm&r=g\",\"contentUrl\":\"https:\\\/\\\/secure.gravatar.com\\\/avatar\\\/b41678a33c57a2bf0032b7c254611fc97caffd94ade0663405b364d1c0177d1d?s=96&d=mm&r=g\",\"caption\":\"Trilha Salkantay\"},\"sameAs\":[\"https:\\\/\\\/www.salkantaytrilha.com\\\/blog\"]}]}<\/script>\n<!-- \/ Yoast SEO Premium plugin. -->","yoast_head_json":{"title":"Tudo o que voc\u00ea precisa saber sobre a temporada seca em Cusco, no Peru - informa\u00e7\u00f5es de viagens","description":"Descubra tudo sobre a temporada seca em Cusco: dias ensolarados, c\u00e9us claros e temperaturas agrad\u00e1veis. Planeje sua viagem da maneira mais eficaz.","robots":{"index":"index","follow":"follow","max-snippet":"max-snippet:-1","max-image-preview":"max-image-preview:large","max-video-preview":"max-video-preview:-1"},"canonical":"https:\/\/www.salkantaytrilha.com\/blog\/tudo-o-que-voce-precisa-saber-sobre-a-temporada-seca-em-cusco-no-peru\/","og_locale":"pt_BR","og_type":"article","og_title":"Tudo o que voc\u00ea precisa saber sobre a temporada seca em Cusco, no Peru","og_description":"Descubra tudo sobre a temporada seca em Cusco: dias ensolarados, c\u00e9us claros e temperaturas agrad\u00e1veis. Planeje sua viagem da maneira mais eficaz.","og_url":"https:\/\/www.salkantaytrilha.com\/blog\/tudo-o-que-voce-precisa-saber-sobre-a-temporada-seca-em-cusco-no-peru\/","og_site_name":"informa\u00e7\u00f5es de viagens","article_publisher":"https:\/\/www.facebook.com\/SalkantayTrekking\/","article_published_time":"2024-08-12T17:34:40+00:00","article_modified_time":"2026-03-02T15:07:18+00:00","og_image":[{"width":1873,"height":1249,"url":"https:\/\/www.salkantaytrilha.com\/blog\/wp-content\/uploads\/2024\/08\/temporada-seca-em-Cusco.jpg","type":"image\/jpeg"}],"author":"Trilha Salkantay","twitter_card":"summary_large_image","twitter_creator":"@salkantayperu","twitter_site":"@salkantayperu","twitter_misc":{"Escrito por":"Trilha Salkantay","Est. tempo de leitura":"9 minutos"},"schema":{"@context":"https:\/\/schema.org","@graph":[{"@type":"Article","@id":"https:\/\/www.salkantaytrilha.com\/blog\/tudo-o-que-voce-precisa-saber-sobre-a-temporada-seca-em-cusco-no-peru\/#article","isPartOf":{"@id":"https:\/\/www.salkantaytrilha.com\/blog\/tudo-o-que-voce-precisa-saber-sobre-a-temporada-seca-em-cusco-no-peru\/"},"author":{"name":"Trilha Salkantay","@id":"https:\/\/www.salkantaytrilha.com\/blog\/#\/schema\/person\/aa0e6175beac59e6519e5407b3d13d0d"},"headline":"Tudo o que voc\u00ea precisa saber sobre a temporada seca em Cusco, no Peru","datePublished":"2024-08-12T17:34:40+00:00","dateModified":"2026-03-02T15:07:18+00:00","mainEntityOfPage":{"@id":"https:\/\/www.salkantaytrilha.com\/blog\/tudo-o-que-voce-precisa-saber-sobre-a-temporada-seca-em-cusco-no-peru\/"},"wordCount":1399,"commentCount":0,"publisher":{"@id":"https:\/\/www.salkantaytrilha.com\/blog\/#organization"},"image":{"@id":"https:\/\/www.salkantaytrilha.com\/blog\/tudo-o-que-voce-precisa-saber-sobre-a-temporada-seca-em-cusco-no-peru\/#primaryimage"},"thumbnailUrl":"https:\/\/www.salkantaytrilha.com\/blog\/wp-content\/uploads\/2024\/08\/temporada-seca-em-Cusco.jpg","keywords":["Clima e as temperaturas em Cusco","Esta\u00e7\u00e3o seca em Cusco","Temporada seca em Cusco","Viajar durante a esta\u00e7\u00e3o seca em Cusco"],"articleSection":["Clima","Cusco","Gu\u00eda de Cusco","Temporada Cusco"],"inLanguage":"pt-BR","potentialAction":[{"@type":"CommentAction","name":"Comment","target":["https:\/\/www.salkantaytrilha.com\/blog\/tudo-o-que-voce-precisa-saber-sobre-a-temporada-seca-em-cusco-no-peru\/#respond"]}]},{"@type":"WebPage","@id":"https:\/\/www.salkantaytrilha.com\/blog\/tudo-o-que-voce-precisa-saber-sobre-a-temporada-seca-em-cusco-no-peru\/","url":"https:\/\/www.salkantaytrilha.com\/blog\/tudo-o-que-voce-precisa-saber-sobre-a-temporada-seca-em-cusco-no-peru\/","name":"Tudo o que voc\u00ea precisa saber sobre a temporada seca em Cusco, no Peru - informa\u00e7\u00f5es de viagens","isPartOf":{"@id":"https:\/\/www.salkantaytrilha.com\/blog\/#website"},"primaryImageOfPage":{"@id":"https:\/\/www.salkantaytrilha.com\/blog\/tudo-o-que-voce-precisa-saber-sobre-a-temporada-seca-em-cusco-no-peru\/#primaryimage"},"image":{"@id":"https:\/\/www.salkantaytrilha.com\/blog\/tudo-o-que-voce-precisa-saber-sobre-a-temporada-seca-em-cusco-no-peru\/#primaryimage"},"thumbnailUrl":"https:\/\/www.salkantaytrilha.com\/blog\/wp-content\/uploads\/2024\/08\/temporada-seca-em-Cusco.jpg","datePublished":"2024-08-12T17:34:40+00:00","dateModified":"2026-03-02T15:07:18+00:00","description":"Descubra tudo sobre a temporada seca em Cusco: dias ensolarados, c\u00e9us claros e temperaturas agrad\u00e1veis. Planeje sua viagem da maneira mais eficaz.","breadcrumb":{"@id":"https:\/\/www.salkantaytrilha.com\/blog\/tudo-o-que-voce-precisa-saber-sobre-a-temporada-seca-em-cusco-no-peru\/#breadcrumb"},"inLanguage":"pt-BR","potentialAction":[{"@type":"ReadAction","target":["https:\/\/www.salkantaytrilha.com\/blog\/tudo-o-que-voce-precisa-saber-sobre-a-temporada-seca-em-cusco-no-peru\/"]}]},{"@type":"ImageObject","inLanguage":"pt-BR","@id":"https:\/\/www.salkantaytrilha.com\/blog\/tudo-o-que-voce-precisa-saber-sobre-a-temporada-seca-em-cusco-no-peru\/#primaryimage","url":"https:\/\/www.salkantaytrilha.com\/blog\/wp-content\/uploads\/2024\/08\/temporada-seca-em-Cusco.jpg","contentUrl":"https:\/\/www.salkantaytrilha.com\/blog\/wp-content\/uploads\/2024\/08\/temporada-seca-em-Cusco.jpg","width":1873,"height":1249,"caption":"Temporada seca em Cusco"},{"@type":"BreadcrumbList","@id":"https:\/\/www.salkantaytrilha.com\/blog\/tudo-o-que-voce-precisa-saber-sobre-a-temporada-seca-em-cusco-no-peru\/#breadcrumb","itemListElement":[{"@type":"ListItem","position":1,"name":"In\u00edcio","item":"https:\/\/www.salkantaytrilha.com\/blog\/"},{"@type":"ListItem","position":2,"name":"Tudo o que voc\u00ea precisa saber sobre a temporada seca em Cusco, no Peru"}]},{"@type":"WebSite","@id":"https:\/\/www.salkantaytrilha.com\/blog\/#website","url":"https:\/\/www.salkantaytrilha.com\/blog\/","name":"informa\u00e7\u00f5es de viagens a Machu Picchu","description":"","publisher":{"@id":"https:\/\/www.salkantaytrilha.com\/blog\/#organization"},"potentialAction":[{"@type":"SearchAction","target":{"@type":"EntryPoint","urlTemplate":"https:\/\/www.salkantaytrilha.com\/blog\/?s={search_term_string}"},"query-input":{"@type":"PropertyValueSpecification","valueRequired":true,"valueName":"search_term_string"}}],"inLanguage":"pt-BR"},{"@type":"Organization","@id":"https:\/\/www.salkantaytrilha.com\/blog\/#organization","name":"informa\u00e7\u00f5es de viagens a Machu Picchu","url":"https:\/\/www.salkantaytrilha.com\/blog\/","logo":{"@type":"ImageObject","inLanguage":"pt-BR","@id":"https:\/\/www.salkantaytrilha.com\/blog\/#\/schema\/logo\/image\/","url":"https:\/\/www.salkantaytrilha.com\/blog\/wp-content\/uploads\/2024\/05\/salkantaytrekking-new-300x128-1.png","contentUrl":"https:\/\/www.salkantaytrilha.com\/blog\/wp-content\/uploads\/2024\/05\/salkantaytrekking-new-300x128-1.png","width":300,"height":128,"caption":"informa\u00e7\u00f5es de viagens a Machu Picchu"},"image":{"@id":"https:\/\/www.salkantaytrilha.com\/blog\/#\/schema\/logo\/image\/"},"sameAs":["https:\/\/www.facebook.com\/SalkantayTrekking\/","https:\/\/x.com\/salkantayperu","https:\/\/www.pinterest.com\/salkantaytrekking\/","https:\/\/www.instagram.com\/salkantaytrekking\/","https:\/\/www.youtube.com\/user\/salkantaytrekking","https:\/\/www.tiktok.com\/@salkantaytrekking"]},{"@type":"Person","@id":"https:\/\/www.salkantaytrilha.com\/blog\/#\/schema\/person\/aa0e6175beac59e6519e5407b3d13d0d","name":"Trilha Salkantay","image":{"@type":"ImageObject","inLanguage":"pt-BR","@id":"https:\/\/secure.gravatar.com\/avatar\/b41678a33c57a2bf0032b7c254611fc97caffd94ade0663405b364d1c0177d1d?s=96&d=mm&r=g","url":"https:\/\/secure.gravatar.com\/avatar\/b41678a33c57a2bf0032b7c254611fc97caffd94ade0663405b364d1c0177d1d?s=96&d=mm&r=g","contentUrl":"https:\/\/secure.gravatar.com\/avatar\/b41678a33c57a2bf0032b7c254611fc97caffd94ade0663405b364d1c0177d1d?s=96&d=mm&r=g","caption":"Trilha Salkantay"},"sameAs":["https:\/\/www.salkantaytrilha.com\/blog"]}]}},"_links":{"self":[{"href":"https:\/\/www.salkantaytrilha.com\/blog\/wp-json\/wp\/v2\/posts\/847","targetHints":{"allow":["GET"]}}],"collection":[{"href":"https:\/\/www.salkantaytrilha.com\/blog\/wp-json\/wp\/v2\/posts"}],"about":[{"href":"https:\/\/www.salkantaytrilha.com\/blog\/wp-json\/wp\/v2\/types\/post"}],"author":[{"embeddable":true,"href":"https:\/\/www.salkantaytrilha.com\/blog\/wp-json\/wp\/v2\/users\/1"}],"replies":[{"embeddable":true,"href":"https:\/\/www.salkantaytrilha.com\/blog\/wp-json\/wp\/v2\/comments?post=847"}],"version-history":[{"count":5,"href":"https:\/\/www.salkantaytrilha.com\/blog\/wp-json\/wp\/v2\/posts\/847\/revisions"}],"predecessor-version":[{"id":5565,"href":"https:\/\/www.salkantaytrilha.com\/blog\/wp-json\/wp\/v2\/posts\/847\/revisions\/5565"}],"wp:featuredmedia":[{"embeddable":true,"href":"https:\/\/www.salkantaytrilha.com\/blog\/wp-json\/wp\/v2\/media\/853"}],"wp:attachment":[{"href":"https:\/\/www.salkantaytrilha.com\/blog\/wp-json\/wp\/v2\/media?parent=847"}],"wp:term":[{"taxonomy":"category","embeddable":true,"href":"https:\/\/www.salkantaytrilha.com\/blog\/wp-json\/wp\/v2\/categories?post=847"},{"taxonomy":"post_tag","embeddable":true,"href":"https:\/\/www.salkantaytrilha.com\/blog\/wp-json\/wp\/v2\/tags?post=847"}],"curies":[{"name":"wp","href":"https:\/\/api.w.org\/{rel}","templated":true}]}}