{"id":87,"date":"2026-04-11T16:19:07","date_gmt":"2026-04-11T19:19:07","guid":{"rendered":"https:\/\/www.salkantaytrilha.com\/blog\/?p=87"},"modified":"2026-04-11T16:19:10","modified_gmt":"2026-04-11T19:19:10","slug":"festas-de-cusco","status":"publish","type":"post","link":"https:\/\/www.salkantaytrilha.com\/blog\/festas-de-cusco\/","title":{"rendered":"Guia completo das Festas de Cusco: Calend\u00e1rio, Datas e Tradi\u00e7\u00f5es"},"content":{"rendered":"\n<p>Bem-vindos \u00e0s espetaculares festas de <strong>Cusco para <\/strong><strong>2026<\/strong>! Cada m\u00eas desse novo ano, a cidade vai se encher de magia, cor, cultura e hist\u00f3ria oferecendo uma s\u00e9rie de eventos repletos de tradi\u00e7\u00e3o e alegria. Este ano, vamos nos vestir de gala para receber visitantes de todas as partes do mundo, ansiosos para vivenciar as encantadoras celebra\u00e7\u00f5es cusquenhas.<\/p>\n\n\n\n<p>Em Cusco, essas datas t\u00e3o especiais n\u00e3o s\u00e3o apenas uma celebra\u00e7\u00e3o, mas uma manifesta\u00e7\u00e3o da hist\u00f3ria ancestral que se entrela\u00e7a com a modernidade. Durante as festividades t\u00edpicas, as ruas ganham vida com deslumbrantes desfiles, dan\u00e7as folcl\u00f3ricas e trajes vibrantes que refletem a diversidade cultural e a identidade da cidade.<\/p>\n\n\n\n<p>Ao longo do ano, temos uma s\u00e9rie de eventos que homenageiam as antigas divindades incas, assim como festividades que comemoram eventos hist\u00f3ricos e religiosos, transformando cada canto de Cusco em um grande palco ao ar livre. Desde a majestosa Pra\u00e7a das Armas at\u00e9 os encantadores bairros tradicionais, cada espa\u00e7o vai te contagiar com sua energia festiva.<\/p>\n\n\n\n<p>Anime-se a vir explorar a riqueza cultural de Cusco e a conhecer a calorosa hospitalidade de seu povo. As festas de Cusco prometem ser uma viagem inesquec\u00edvel que te far\u00e1 descobrir a tradi\u00e7\u00e3o peruana.&nbsp;<\/p>\n\n\n\n<p>Neste blog, explicamos as festividades de cada m\u00eas para que voc\u00ea possa planejar melhor a sua viagem e assim aproveitar ao m\u00e1ximo as nossas tradi\u00e7\u00f5es. N\u00e3o perca!<\/p>\n\n\n\n<div class=\"wp-block-yoast-seo-table-of-contents yoast-table-of-contents anchor-links\"><h2>Tabela de conte\u00fados<\/h2><ul><li><a href=\"#h-calendario-de-festividades-em-cusco-mes-a-mes\" data-level=\"2\">Calend\u00e1rio de festividades em Cusco (m\u00eas a m\u00eas)<\/a><\/li><li><a href=\"#h-6-de-janeiro-dia-de-reis\" data-level=\"2\">6 de Janeiro: Dia de Reis<\/a><\/li><li><a href=\"#h-20-de-janeiro-festa-de-sao-sebastiao\" data-level=\"2\">20 de Janeiro: Festa de S\u00e3o Sebasti\u00e3o<\/a><\/li><li><a href=\"#h-de-fevereiro-a-marco-datas-variaveis-carnaval-em-cusco\" data-level=\"2\">De fevereiro a mar\u00e7o (datas vari\u00e1veis): Carnaval em Cusco<\/a><\/li><li><a href=\"#h-29-de-marco-a-5-de-abril-semana-santa\" data-level=\"2\">29 de mar\u00e7o a 5 de abril: Semana Santa<\/a><\/li><li><a href=\"#h-3-de-maio-festa-da-cruz-ou-cruz-velacuy\" data-level=\"2\">3 de Maio: Festa da Cruz ou Cruz Velacuy<\/a><\/li><li><a href=\"#h-19-de-maio-senhor-de-torrechayoc-na-cidade-de-cusco\" data-level=\"2\">19 de Maio: Senhor de Torrechayoc na cidade de Cusco<\/a><\/li><li><a href=\"#h-12-a-17-de-junho-senhor-de-qoyllur-rit-i\" data-level=\"2\">12 a 17 de junho: Senhor de Qoyllur Rit\u2019i<\/a><\/li><li><a href=\"#h-4-de-junho-corpus-christi-cusquenho\" data-level=\"2\">4 de junho: Corpus Christi Cusquenho<\/a><\/li><li><a href=\"#h-24-de-junho-inti-raymi\" data-level=\"2\">24 de Junho: Inti Raymi<\/a><\/li><li><a href=\"#h-15-de-julho-virgem-do-carmen-paucartambo-pisac-e-huarocondo\" data-level=\"2\">15 de Julho: Virgem do Carmen \u2013 Paucartambo, Pisac e Huarocondo<\/a><\/li><li><a href=\"#h-1\u00ba-de-agosto-dia-da-pachamama\" data-level=\"2\">1\u00ba de Agosto: Dia da Pachamama<\/a><\/li><li><a href=\"#h-14-de-setembro-senhor-de-huanca\" data-level=\"2\">14 de Setembro: Senhor de Huanca<\/a><\/li><li><a href=\"#h-30-de-setembro-san-jeronimo\" data-level=\"2\">30 de setembro: San Jer\u00f3nimo<\/a><\/li><li><a href=\"#h-1\u00ba-de-novembro-todos-os-santos\" data-level=\"2\">1\u00ba de novembro: Todos os Santos<\/a><\/li><li><a href=\"#h-24-de-dezembro-santurantikuy\" data-level=\"2\">24 de dezembro: Santurantikuy<\/a><\/li><li><a href=\"#h-31-de-dezembro-ano-novo\" data-level=\"2\">31 de dezembro: Ano Novo<\/a><\/li><li><a href=\"#h-qual-festa-escolher-de-acordo-com-o-seu-estilo-de-viajante\" data-level=\"2\">Qual festa escolher de acordo com o seu estilo de viajante?<\/a><\/li><li><a href=\"#h-dicas-para-aproveitar-as-festas-de-cusco\" data-level=\"2\">Dicas para aproveitar as festas de Cusco<\/a><\/li><\/ul><\/div>\n\n\n\n<h2 class=\"wp-block-heading\" id=\"h-calendario-de-festividades-em-cusco-mes-a-mes\">Calend\u00e1rio de festividades em Cusco (m\u00eas a m\u00eas)<\/h2>\n\n\n\n<p>Cusco \u00e9 uma das cidades com maior tradi\u00e7\u00e3o festiva do Peru. Ao longo do ano, acontecem celebra\u00e7\u00f5es que combinam heran\u00e7as incas e tradi\u00e7\u00f5es cat\u00f3licas, atraindo viajantes do mundo todo. Entre as festividades mais importantes est\u00e3o o <strong>Carnaval de Cusco em fevereiro<\/strong>, a <strong>peregrina\u00e7\u00e3o do Senhor de Qoyllur Rit\u2019i entre maio e junho<\/strong>, o <strong>Corpus Christi em junho<\/strong>, o <strong>Inti Raymi (Festa do Sol) no dia 24 de junho<\/strong> e a <strong>feira natalina Santurantikuy em dezembro<\/strong>.<\/p>\n\n\n\n<p>Essas celebra\u00e7\u00f5es refletem a identidade cultural viva da regi\u00e3o andina.<\/p>\n\n\n\n<h3 class=\"wp-block-heading\">Resumo das festividades em Cusco<\/h3>\n\n\n\n<figure class=\"wp-block-table table-orange\"><table class=\"has-fixed-layout\"><tbody><tr><td><strong>M\u00eas<\/strong><\/td><td><strong>Principal festividade<\/strong><\/td><td><strong>Data 2026 (aprox.)<\/strong><\/td><td><strong>Localiza\u00e7\u00e3o<\/strong><\/td><td><strong>Tipo<\/strong><\/td><\/tr><tr><td>Janeiro<\/td><td>Bajada de Reyes<\/td><td>6 de janeiro<\/td><td>Pra\u00e7as principais<\/td><td>Religiosa<\/td><\/tr><tr><td>Fevereiro<\/td><td>Carnaval de Cusco<\/td><td>Fev (data m\u00f3vel)<\/td><td>Toda a cidade<\/td><td>Festiva<\/td><\/tr><tr><td>Mar\u00e7o<\/td><td>Semana Santa<\/td><td>Mar\/Abr (m\u00f3vel)<\/td><td>Cidade de Cusco<\/td><td>Religiosa<\/td><\/tr><tr><td>Maio<\/td><td>Cruz Velacuy<\/td><td>3 de maio<\/td><td>Casas e igrejas<\/td><td>Tradicional<\/td><\/tr><tr><td rowspan=\"3\">Junho<\/td><td>Senhor de Qoyllur Rit\u2019i<\/td><td>Maio\/jun (m\u00f3vel)<\/td><td>Nevado Sinakara<\/td><td>Peregrina\u00e7\u00e3o<\/td><\/tr><tr><td>Corpus Christi<\/td><td>60 dias ap\u00f3s a P\u00e1scoa<\/td><td>Plaza de Armas<\/td><td>Religiosa<\/td><\/tr><tr><td>Inti Raymi<\/td><td>24 de junho<\/td><td>Sacsayhuam\u00e1n<\/td><td>Inca<\/td><\/tr><tr><td>Julho<\/td><td>Virgen del Carmen<\/td><td>16 de julho<\/td><td>Paucartambo<\/td><td>Festiva<\/td><\/tr><tr><td>Agosto<\/td><td>Virgen de Asunta<\/td><td>15 de agosto<\/td><td>Calca<\/td><td>Religiosa<\/td><\/tr><tr><td>Setembro<\/td><td>Senhor de Huanca<\/td><td>14 de set<\/td><td>San Salvador<\/td><td>Peregrina\u00e7\u00e3o<\/td><\/tr><tr><td>Outubro<\/td><td>Senhor dos Milagres<\/td><td>Out (todo o m\u00eas)<\/td><td>Cusco<\/td><td>Religiosa<\/td><\/tr><tr><td>Novembro<\/td><td>Todos os Santos<\/td><td>1\u20132 de nov<\/td><td>Cemit\u00e9rios<\/td><td>Tradicional<\/td><\/tr><tr><td>Dezembro<\/td><td>Santurantikuy<\/td><td>24 de dez<\/td><td>Plaza de Armas<\/td><td>Feira natalina<\/td><\/tr><\/tbody><\/table><\/figure>\n\n\n\n<figure class=\"wp-block-image size-large\"><img loading=\"lazy\" decoding=\"async\" width=\"1024\" height=\"708\" src=\"https:\/\/www.salkantaytrilha.com\/blog\/wp-content\/uploads\/2026\/04\/corpus-cristi-cusco-1024x708.jpg\" alt=\"\" class=\"wp-image-6002\"\/><\/figure>\n\n\n\n<h2 class=\"wp-block-heading\" id=\"h-6-de-janeiro-dia-de-reis\">6 de Janeiro: Dia de Reis<\/h2>\n\n\n\n<p>A \u201c<strong>Bajada de Reyes<\/strong>\u201d em Cusco \u00e9 uma festividade ic\u00f4nica que combina tradi\u00e7\u00f5es e costumes religiosos da regi\u00e3o. Este evento ocorre todo dia 6 de janeiro e marca o fim das <a href=\"https:\/\/www.salkantaytrilha.com\/blog\/natal-e-ano-novo-em-cusco-viva-uma-experiencia-inesquecivel-nos-andes-peruanos\/\" target=\"_blank\" rel=\"noreferrer noopener\"><strong>festas natalinas<\/strong><\/a>. Nesse dia, \u00e9 representada a chegada dos Tr\u00eas Reis Magos (Melchior, Gaspar e Baltazar) a Bel\u00e9m, local de nascimento do Menino Jesus. Corresponde no Brasil ao nosso Dia de Reis<\/p>\n\n\n\n<p>A festa come\u00e7a com uma colorida prociss\u00e3o que percorre as principais ruas do centro hist\u00f3rico, destacando a impressionante arquitetura colonial e as antigas ru\u00ednas incas que cercam a cidade. Os Reis Magos seguem o cortejo a cavalo at\u00e9 o pres\u00e9pio, localizado na Pra\u00e7a das Armas de Cusco. Eles s\u00e3o sempre acompanhados de muita m\u00fasica tradicional, dan\u00e7as folcl\u00f3ricas e vestimentas t\u00edpicas que refletem a identidade cultural da regi\u00e3o. As pessoas que acompanham a prociss\u00e3o normalmente carregam consigo objetos simb\u00f3licos representando a riqueza cultural e hist\u00f3rica de Cusco, al\u00e9m de imagens dos Reis Magos.<\/p>\n\n\n\n<p>Durante a \u201cBajada de Reyes&#8221;, as ruas de pedra de Cusco ficam repletas de diversas tonalidades e empolga\u00e7\u00e3o, enquanto os habitantes locais e os visitantes se re\u00fanem para desfrutar desse evento t\u00e3o especial. Na chegada ao pres\u00e9pio, ocorre uma cerim\u00f4nia religiosa emocionante que inclui ora\u00e7\u00f5es, c\u00e2nticos e a adora\u00e7\u00e3o ao Menino Jesus. Os la\u00e7os espirituais da comunidade se fortalecem nesse momento de reflex\u00e3o e devo\u00e7\u00e3o, mantendo viva a import\u00e2ncia da f\u00e9 na vida cotidiana.<\/p>\n\n\n\n<p>Como \u00e9 sabido, o Peru \u00e9 um pa\u00eds gastron\u00f4mico, e durante a \u201cBajada de Reyes\u201d voc\u00ea pode encontrar infinitas op\u00e7\u00f5es de pratos locais. Seus moradores e visitantes t\u00eam a oportunidade de experimentar os sabores aut\u00eanticos da regi\u00e3o, gra\u00e7as \u00e0 variedade de pratos t\u00edpicos oferecidos nos mercados e barracas de rua.<\/p>\n\n\n\n<p>A \u201cBajada de Reyes\u201d em Cusco \u00e9 uma festividade que integra a f\u00e9 \u00e0 cosmovis\u00e3o andina, criando um evento \u00fanico que ressalta a identidade dessa cidade hist\u00f3rica peruana. Com esta festa, d\u00e3o-se in\u00edcio \u00e0s atividades culturais do ano nesta parte do mundo.<\/p>\n\n\n\n<h3 class=\"wp-block-heading\">Informa\u00e7\u00f5es-chave da festividade:<\/h3>\n\n\n\n<ul class=\"wp-block-list\">\n<li><strong>Onde acontece?<\/strong> Na cidade de Cusco (Peru), especificamente no centro hist\u00f3rico. O principal evento \u00e9 uma prociss\u00e3o que percorre as ruas e termina na Plaza de Armas.<\/li>\n\n\n\n<li><strong>Or\u00e7amento:<\/strong> A festividade \u00e9 gratuita. Para viajar, voc\u00ea vai precisar de cerca de <strong>$40 USD por dia (estilo mochileiro)<\/strong> at\u00e9 <strong>$150 USD (or\u00e7amento m\u00e9dio)<\/strong>, incluindo hospedagem, alimenta\u00e7\u00e3o e transporte.<\/li>\n\n\n\n<li><strong>Como participar?<\/strong> Basta ir ao centro hist\u00f3rico no dia <strong>6 de janeiro<\/strong> e se juntar aos moradores para acompanhar a prociss\u00e3o. Voc\u00ea poder\u00e1 aproveitar a m\u00fasica, as dan\u00e7as e experimentar comidas t\u00edpicas vendidas nas barracas de rua.<\/li>\n<\/ul>\n\n\n<div class=\"wp-block-image\">\n<figure class=\"aligncenter size-full\"><img loading=\"lazy\" decoding=\"async\" width=\"1024\" height=\"576\" src=\"https:\/\/www.salkantaytrilha.com\/blog\/wp-content\/uploads\/2024\/05\/Festa-de-Reis.jpg\" alt=\"Descent of the Kings (Descida dos Reis)\" class=\"wp-image-90\"\/><figcaption class=\"wp-element-caption\">Descent of the Kings (Descida dos Reis)<\/figcaption><\/figure>\n<\/div>\n\n\n<h2 class=\"wp-block-heading\" id=\"h-20-de-janeiro-festa-de-sao-sebastiao\">20 de Janeiro: Festa de S\u00e3o Sebasti\u00e3o<\/h2>\n\n\n\n<p>A festa do <strong>Padroeiro de S\u00e3o Sebasti\u00e3o<\/strong> \u00e9 uma celebra\u00e7\u00e3o que remonta a pouco depois da chegada dos espanh\u00f3is ao Peru. Naquele momento hist\u00f3rico, esta imagem religiosa foi levada para o sul da cidade de Cusco, tornando-se o protetor dos habitantes incas daquela \u00e9poca. Curiosamente, este santo, no Brasil, \u00e9 comemorado na mesma data.&nbsp;<\/p>\n\n\n\n<p>Nesta cidade, a festividade em sua homenagem encontra-se profundamente enraizada \u00e0 cultura local, combinando tradi\u00e7\u00f5es religiosas e culturais de forma envolvente e significativa. Durante essa celebra\u00e7\u00e3o, a pra\u00e7a de S\u00e3o Sebasti\u00e3o se torna o epicentro da festa, atraindo moradores e visitantes com seus trajes coloridos, belas coreografias e a degusta\u00e7\u00e3o de <a href=\"https:\/\/www.salkantaytrilha.com\/blog\/as-15-melhores-comidas-de-rua-do-peru-que-voce-nao-pode-perder\/\" target=\"_blank\" rel=\"noreferrer noopener\"><strong>pratos t\u00edpicos<\/strong><\/a> da regi\u00e3o de Cusco.<\/p>\n\n\n\n<p>O dia 20 de janeiro \u00e9 uma data inesquec\u00edvel para vivenciar a Festa do Padroeiro de S\u00e3o Sebasti\u00e3o, na Pra\u00e7a que leva o mesmo nome do santo festejado, S\u00e3o Sebasti\u00e3o, Cusco. O in\u00edcio deste dia \u00e9 marcado por uma entrada triunfal liderada pelas autoridades locais e pelos patrocinadores, seguida pela apresenta\u00e7\u00e3o de at\u00e9 <strong>25 dan\u00e7as diferentes <\/strong>em um \u00fanico dia. Os trajes coloridos e os ritmos en\u00e9rgicos tomam conta do bairro, enquanto o aroma irresist\u00edvel das comidas t\u00edpicas de Cusco, como o <strong>Chiriuchu<\/strong> e o<strong> cuy assado<\/strong>, atrai os participantes a saborear a gastronomia local e a se envolver completamente nesta celebra\u00e7\u00e3o.<\/p>\n\n\n\n<p>A Pra\u00e7a de S\u00e3o Sebasti\u00e3o se torna um ponto de encontro, reunindo todas as dan\u00e7as e grupos que participam da festividade. Ela est\u00e1 localizada ao sul de Cusco e \u00e9 poss\u00edvel chegar l\u00e1 em apenas 10 minutos, embarcando em um \u00f4nibus urbano nas proximidades da Pra\u00e7a das Armas.<\/p>\n\n\n\n<p>Essa experi\u00eancia \u00fanica funde, de maneira incompar\u00e1vel, o espiritual e o festivo. \u00c9 um espet\u00e1culo cultural que reflete a riqueza cultural de Cusco e a devo\u00e7\u00e3o da comunidade ao seu padroeiro, S\u00e3o Sebasti\u00e3o.<\/p>\n\n\n\n<h3 class=\"wp-block-heading\">Informa\u00e7\u00f5es-chave da festividade:<\/h3>\n\n\n\n<ul class=\"wp-block-list\">\n<li><strong>Onde acontece?<\/strong> No bairro de <strong>San Sebasti\u00e1n<\/strong>, ao sul da cidade de Cusco (Peru). O ponto principal da festa \u00e9 a <strong>Plaza de San Sebasti\u00e1n<\/strong>, localizada a apenas <strong>10 minutos de \u00f4nibus da Plaza de Armas<\/strong>.<\/li>\n\n\n\n<li><strong>Or\u00e7amento:<\/strong> A entrada para a festividade \u00e9 gratuita. Para a viagem, o or\u00e7amento \u00e9 semelhante ao de Cusco (a partir de <strong>$40 USD por dia<\/strong>). Considere um pequeno custo adicional para o transporte urbano at\u00e9 o bairro.<\/li>\n\n\n\n<li><strong>Como participar?<\/strong> Voc\u00ea deve ir at\u00e9 a <strong>Plaza de San Sebasti\u00e1n no dia 20 de janeiro<\/strong>. L\u00e1, pode se juntar aos moradores para assistir ao desfile das <strong>comparsas<\/strong> e \u00e0s mais de <strong>25 dan\u00e7as tradicionais<\/strong>, al\u00e9m de experimentar pratos t\u00edpicos como <strong>chiriuchu<\/strong> ou <strong>cuy assado<\/strong> vendidos na pra\u00e7a.<\/li>\n<\/ul>\n\n\n\n<div class=\"wp-block-columns is-layout-flex wp-container-core-columns-is-layout-9d6595d7 wp-block-columns-is-layout-flex\">\n<div class=\"wp-block-column is-layout-flow wp-block-column-is-layout-flow\">\n<figure class=\"wp-block-image size-full\"><img loading=\"lazy\" decoding=\"async\" width=\"800\" height=\"1000\" src=\"https:\/\/www.salkantaytrilha.com\/blog\/wp-content\/uploads\/2026\/04\/rosto-padroeiro-sao-sebastiano.jpg\" alt=\"\" class=\"wp-image-6008\"\/><\/figure>\n<\/div>\n\n\n\n<div class=\"wp-block-column is-layout-flow wp-block-column-is-layout-flow\">\n<figure class=\"wp-block-image size-full\"><img loading=\"lazy\" decoding=\"async\" width=\"800\" height=\"1000\" src=\"https:\/\/www.salkantaytrilha.com\/blog\/wp-content\/uploads\/2026\/04\/padroeiro-sao-sebastiano-cusco.jpg\" alt=\"\" class=\"wp-image-6007\"\/><\/figure>\n<\/div>\n<\/div>\n\n\n\n<h2 class=\"wp-block-heading\" id=\"h-de-fevereiro-a-marco-datas-variaveis-carnaval-em-cusco\">De fevereiro a mar\u00e7o (datas vari\u00e1veis): Carnaval em Cusco<\/h2>\n\n\n\n<p>O <strong>Carnaval em Cusco<\/strong> \u00e9 uma festividade ancestral que ocorre durante o m\u00eas de fevereiro ou mar\u00e7o, dependendo do calend\u00e1rio, combinando elementos da religi\u00e3o cat\u00f3lica com a cosmovis\u00e3o andina. Eles representam uma manifesta\u00e7\u00e3o cultural complexa que abrange v\u00e1rios aspectos, incluindo a celebra\u00e7\u00e3o da fertilidade, o agradecimento \u00e0 Pachamama, a purifica\u00e7\u00e3o e a uni\u00e3o da comunidade. Esses elementos refletem aspectos importantes da cultura e das cren\u00e7as dos povos andinos da regi\u00e3o. Em Cusco, os Carnavais duram v\u00e1rias semanas.&nbsp;<\/p>\n\n\n\n<h3 class=\"wp-block-heading\">A Yunza<\/h3>\n\n\n\n<p>Essas festas come\u00e7am com desfiles de grupos e carros aleg\u00f3ricos, percorrendo as pitorescas ruas, nos diferentes bairros da cidade. Os participantes se apresentam com trajes que representam a diversidade cultural da regi\u00e3o, exibindo uma gama de cores vivas e chamativas. Outra das tradi\u00e7\u00f5es emblem\u00e1ticas \u00e9 a &#8220;<strong>yunza<\/strong>&#8220;, em que uma \u00e1rvore decorada com presentes se torna o centro das aten\u00e7\u00f5es. Os participantes devem dan\u00e7ar em c\u00edrculo, ao redor dessa \u00e1rvore e, com a ajuda de um fac\u00e3o, tentar derrub\u00e1-la para pegar um dos presentes. Diferentes grupos de fam\u00edlias e amigos se re\u00fanem, geralmente aos domingos durante o m\u00eas de carnaval, para realizar essa tradi\u00e7\u00e3o.<\/p>\n\n\n<div class=\"wp-block-image\">\n<figure class=\"aligncenter size-large\"><img loading=\"lazy\" decoding=\"async\" width=\"1024\" height=\"576\" src=\"https:\/\/www.salkantaytrilha.com\/blog\/wp-content\/uploads\/2024\/05\/Carnaval-em-Cusco-1024x576.jpg\" alt=\"Carnaval em Cusco\" class=\"wp-image-93\"\/><figcaption class=\"wp-element-caption\">Carnaval em Cusco<\/figcaption><\/figure>\n<\/div>\n\n\n<h3 class=\"wp-block-heading\">Dia dos Compadres e das Comadres<\/h3>\n\n\n\n<p>Outro evento que acontece durante o carnaval cusquenho \u00e9 o dia dos compadres e o dia das comadres, celebrados na primeira e na segunda quinta-feira do m\u00eas de fevereiro. Essas datas celebram os la\u00e7os familiares e de amizade, e se destacam pela peculiaridade da cria\u00e7\u00e3o de <strong>bonecos caricatos<\/strong> dos compadres e das comadres. Esses bonecos ridicularizam algum personagem do bairro, do local de trabalho e, ocasionalmente, de autoridades, com o prop\u00f3sito de destacar caracter\u00edsticas do personagem para transmitir mensagens \u00e0 sociedade, buscando sempre n\u00e3o cair na falta de respeito ou insol\u00eancia.<\/p>\n\n\n\n<p>Para a confec\u00e7\u00e3o dos bonecos, s\u00e3o usados <strong>materiais reciclados<\/strong> como caixas de papel\u00e3o, pl\u00e1sticos, garrafas, roupas e cal\u00e7ados em desuso. Depois de prontos, eles geralmente s\u00e3o colocados em postes ou locais vis\u00edveis para melhor aprecia\u00e7\u00e3o. Assim, no dia da festa, podemos encontrar diferentes bonecos em frente aos mercados, lojas, empresas, museus, centros educacionais e muitos outros lugares.<\/p>\n\n\n\n<h3 class=\"wp-block-heading\">Guerra de \u00c1gua e Cores<\/h3>\n\n\n\n<p>O carnaval em Cusco tamb\u00e9m se caracteriza pelas brincadeiras com \u00e1gua, talco e misturas de cores, elementos que simbolizam a purifica\u00e7\u00e3o e o renascimento, dando um toque de alegria e cor \u00e0s ruas de Cusco. Ap\u00f3s o dia principal <strong>(15 de fevereiro)<\/strong>, \u00e9 poss\u00edvel aproveitar a oitava do Carnaval ou \u201cKacharpari\u201d, que \u00e9 celebrada uma semana depois <strong>(22 de fevereiro) <\/strong>em todo o centro hist\u00f3rico, caracterizada por dan\u00e7as, brincadeiras com \u00e1gua, espuma e uma variedade de pratos t\u00edpicos das festividades. Durante esses dias, voc\u00ea pode aproveitar para fazer um <a href=\"https:\/\/www.salkantaytrilha.com\/tradicional\/cusco\/city-tour-cusco\/\" target=\"_blank\" rel=\"noreferrer noopener\"><strong>passeio a p\u00e9<\/strong><\/a> pelos principais pontos tur\u00edsticos da cidade.\u00a0<\/p>\n\n\n\n<ul class=\"wp-block-list\">\n<li><strong>Prepare-se para a batalha!<\/strong> Se voc\u00ea planeja ir at\u00e9 a pra\u00e7a para aproveitar o espet\u00e1culo do dia principal, use roupas confort\u00e1veis e que possam ser molhadas. Garantimos que voc\u00ea vai acabar encharcado! Al\u00e9m disso, leve muni\u00e7\u00f5es para a guerra de \u00e1gua e espuma. Nos arredores da Pra\u00e7a das Armas, voc\u00ea encontrar\u00e1 vendedores de latas de espuma, bal\u00f5es de \u00e1gua e tintas de diferentes cores. Usar \u00f3culos de sol para proteger seus olhos \u00e9 uma t\u00e1tica infal\u00edvel para ganhar o combate.<\/li>\n<\/ul>\n\n\n\n<p>E como as festas do Peru sempre incluem um grande banquete, n\u00e3o deixe de provar o famoso Timpu ou Puchero, um prato delicioso que consiste em ferver uma variedade de carnes e, em seguida, adicionar folhas inteiras de couve, batatas, moraya, gr\u00e3o-de-bico e arroz. Em uma panela \u00e0 parte, s\u00e3o fervidas batatas-doces, p\u00eassegos, peras e mandioca. Ambos os alimentos s\u00e3o servidos separadamente, de maneira semelhante ao &#8220;sancochado&#8221;, por\u00e9m cobertos com uma folha de couve.<\/p>\n\n\n\n<p>Tamb\u00e9m temos o saboroso Kapchi, um prato refrescante feito com favas, cebolas e batatas temperadas com leite e queijo, ao qual se adicionam cogumelos, sendo acompanhado de rocoto recheado e arroz, outro prato t\u00edpico do Carnaval. Por fim, a frutillada, uma bebida preparada com chicha de jora e morango fervido com canela e erva-cidreira, que, ap\u00f3s repousar por 8 dias, se transforma em uma deliciosa bebida servida com aguardente de cana.<\/p>\n\n\n\n<h3 class=\"wp-block-heading\">Informa\u00e7\u00f5es-chave da festividade:<\/h3>\n\n\n\n<ul class=\"wp-block-list\">\n<li><strong>Onde acontece?<\/strong> O dia principal e a <strong>\u201cOctava\u201d (encerramento)<\/strong> acontecem em toda a cidade, especialmente na <strong>Plaza de Armas<\/strong>. As <strong>yunzas<\/strong> s\u00e3o celebra\u00e7\u00f5es mais locais, realizadas em bairros tradicionais, mercados ou casas particulares. O <strong>Dia dos Compadres e Comadres<\/strong> \u00e9 vivido principalmente nos mercados da cidade.<\/li>\n\n\n\n<li><strong>Or\u00e7amento:<\/strong> A festividade \u00e9 gratuita, mas voc\u00ea vai precisar comprar sua pr\u00f3pria <strong>espuma e bal\u00f5es de \u00e1gua<\/strong> para participar das brincadeiras de carnaval. Leve um pouco de dinheiro extra em moeda local (a partir de <strong>$5 USD<\/strong>) para comprar itens com vendedores de rua e provar pratos t\u00edpicos como <strong>timpu<\/strong> ou a bebida <strong>frutillada<\/strong>.<\/li>\n\n\n\n<li><strong>Como participar?<\/strong> Use roupas que possam molhar e v\u00e1 at\u00e9 as pra\u00e7as. Voc\u00ea pode se juntar \u00e0s <strong>comparsas<\/strong>, dan\u00e7ar ao redor da \u00e1rvore na <strong>yunza<\/strong> tentando derrub\u00e1-la para ganhar um pr\u00eamio, ou participar das brincadeiras com \u00e1gua e cores. N\u00e3o esque\u00e7a os <strong>\u00f3culos de sol<\/strong> para proteger os olhos!<\/li>\n<\/ul>\n\n\n\n<figure class=\"wp-block-image size-large\"><img loading=\"lazy\" decoding=\"async\" width=\"1024\" height=\"708\" src=\"https:\/\/www.salkantaytrilha.com\/blog\/wp-content\/uploads\/2026\/04\/carnavais-cusco-1024x708.jpg\" alt=\"\" class=\"wp-image-6001\"\/><\/figure>\n\n\n\n<h2 class=\"wp-block-heading\" id=\"h-29-de-marco-a-5-de-abril-semana-santa\">29 de mar\u00e7o a 5 de abril: Semana Santa<\/h2>\n\n\n\n<p>A <strong>Semana Santa<\/strong> \u00e9 uma festividade crist\u00e3 que comemora a paix\u00e3o, morte e ressurrei\u00e7\u00e3o de Cristo. Em Cusco, a Semana Santa n\u00e3o \u00e9 apenas uma celebra\u00e7\u00e3o religiosa, mas uma experi\u00eancia profundamente enraizada no cotidiano e na cultura da cidade. Desde o <strong>Domingo de Ramos<\/strong>, as ruas ganham vida com a vis\u00edvel devo\u00e7\u00e3o da popula\u00e7\u00e3o. \u00c9 um momento de uni\u00e3o e reflex\u00e3o, onde a tradicional ben\u00e7\u00e3o de Ramos marca o in\u00edcio de uma semana cheia de significado espiritual.<\/p>\n\n\n\n<p>O dia central \u00e9 a <strong>Segunda-feira Santa (<\/strong><strong>30 de mar\u00e7o<\/strong><strong>)<\/strong>, quando as ruas se inundam com a prociss\u00e3o do Senhor dos Tremores, um momento de profunda rever\u00eancia onde milhares de fi\u00e9is se re\u00fanem na pra\u00e7a principal de Cusco para receber a b\u00ean\u00e7\u00e3o do Cristo moreno. A devo\u00e7\u00e3o \u00e9 not\u00e1vel, refletindo a fervorosa f\u00e9 do povo cusquenho, uma religiosidade que transcende as fronteiras da cidade e se espalha atrav\u00e9s dos meios de comunica\u00e7\u00e3o locais. Na <strong>Quinta-feira Santa (<\/strong><strong>2 de abril<\/strong><strong>)<\/strong>, ocorre a Visita das 7 Igrejas, um percurso por alguns dos lugares sagrados mais importantes da cidade para recordar a vida de Jesus.<\/p>\n\n\n\n<p>Na <strong>Sexta-feira Santa (18 de abril)<\/strong>, a cidade mergulha em uma atmosfera de solenidade e tradi\u00e7\u00e3o. Desde a Pra\u00e7a S\u00e3o Francisco, onde come\u00e7a o via-sacra, passando pela Cruz do Papa em <strong>Saqsaywaman<\/strong>, at\u00e9 a feira de plantas medicinais na mesma pra\u00e7a, cada momento est\u00e1 impregnado de simbolismo e significado. As fam\u00edlias se re\u00fanem ao redor dos tradicionais 12 pratos, uma celebra\u00e7\u00e3o culin\u00e1ria que representa a comunh\u00e3o e a abund\u00e2ncia em meio ao jejum e \u00e0 reflex\u00e3o.<\/p>\n\n\n\n<p>Em cada recanto de Cusco, a Semana Santa \u00e9 mais do que uma celebra\u00e7\u00e3o religiosa: \u00e9 uma experi\u00eancia que une o passado ao presente, a f\u00e9 \u00e0 tradi\u00e7\u00e3o e a comunidade \u00e0 sua hist\u00f3ria. \u00c9 um momento para recordar, refletir e celebrar juntos, como uma grande fam\u00edlia, unida pela devo\u00e7\u00e3o e pelo amor.<\/p>\n\n\n\n<h3 class=\"wp-block-heading\">Informa\u00e7\u00f5es-chave da festividade:<\/h3>\n\n\n\n<ul class=\"wp-block-list\">\n<li><strong>Onde acontece?<\/strong> Principalmente no <strong>centro hist\u00f3rico de Cusco<\/strong>, com foco na <strong>Plaza de Armas e na Catedral<\/strong>. As prociss\u00f5es percorrem as principais ruas durante a <strong>Segunda-feira Santa e a Sexta-feira Santa<\/strong>, sempre terminando na Plaza de Armas. Tamb\u00e9m s\u00e3o visitadas diversas igrejas do centro hist\u00f3rico.<\/li>\n\n\n\n<li><strong>Or\u00e7amento:<\/strong> As prociss\u00f5es e atividades s\u00e3o gratuitas. Seu or\u00e7amento depender\u00e1 dos seus gastos de viagem em Cusco (a partir de <strong>$20 USD por dia<\/strong>). Considere um custo extra se quiser provar os tradicionais <strong>12 pratos da Sexta-feira Santa<\/strong> em algum restaurante.<\/li>\n\n\n\n<li><strong>Como participar?<\/strong> Voc\u00ea pode se juntar \u00e0s multid\u00f5es que acompanham as prociss\u00f5es, especialmente a da <strong>Segunda-feira Santa (Senhor dos Tremores)<\/strong>. Na <strong>Quinta-feira Santa<\/strong>, fa\u00e7a a <strong>Visita \u00e0s 7 Igrejas<\/strong> por conta pr\u00f3pria, e na <strong>Sexta-feira Santa<\/strong>, acompanhe a prociss\u00e3o do <strong>Santo Sepulcro<\/strong>. Vista-se de forma adequada e mantenha uma atitude respeitosa.<\/li>\n<\/ul>\n\n\n<div class=\"wp-block-image\">\n<figure class=\"aligncenter size-large\"><img loading=\"lazy\" decoding=\"async\" width=\"1024\" height=\"576\" src=\"https:\/\/www.salkantaytrilha.com\/blog\/wp-content\/uploads\/2024\/05\/Semana-Santa-em-Cusco-1024x576.jpg\" alt=\"Semana Santa em Cusco\" class=\"wp-image-96\"\/><figcaption class=\"wp-element-caption\">Semana Santa em Cusco<\/figcaption><\/figure>\n<\/div>\n\n\n<h2 class=\"wp-block-heading\" id=\"h-3-de-maio-festa-da-cruz-ou-cruz-velacuy\">3 de Maio: Festa da Cruz ou Cruz Velacuy<\/h2>\n\n\n\n<p>A <strong>Cruz Velacuy<\/strong> \u00e9 um costume cultural ancestral praticado em v\u00e1rias comunidades dos <a href=\"https:\/\/www.salkantaytrilha.com\/blog\/mitos-e-lendas-dos-andes-peruanos\/\" target=\"_blank\" rel=\"noreferrer noopener\"><strong>Andes<\/strong><\/a>, como uma manifesta\u00e7\u00e3o de devo\u00e7\u00e3o e sincretismo religioso. Este evento tem ra\u00edzes profundas na Semana Santa e combina elementos da religi\u00e3o cat\u00f3lica com cren\u00e7as ind\u00edgenas pr\u00e9-colombianas.<\/p>\n\n\n\n<p>O objetivo principal dessa celebra\u00e7\u00e3o \u00e9 render culto \u00e0s cruzes, s\u00edmbolos sagrados, localizados nas diferentes igrejas. Durante os dias de vig\u00edlia, as cruzes de v\u00e1rios templos, igrejas e\/ou fam\u00edlias s\u00e3o veneradas com m\u00fasica, dan\u00e7as, comida e ora\u00e7\u00f5es, em t\u00edpicas reuni\u00f5es cusquenhas. E como nasceu a festa das cruzes em Cusco? Segundo a hist\u00f3ria, a celebra\u00e7\u00e3o teria se originado na \u00e9poca colonial, quando os espanh\u00f3is introduziram a festa das cruzes com o objetivo de fazer com que os habitantes deixassem de adorar seus deuses, os Apus, e as divindades sagradas da regi\u00e3o.<\/p>\n\n\n\n<ul class=\"wp-block-list\">\n<li><strong>O terremoto que mudou tudo:<\/strong> A festividade n\u00e3o era t\u00e3o celebrada at\u00e9 o ano de 1950, quando Cusco foi atingida por um forte terremoto que destruiu e danificou importantes partes hist\u00f3ricas da cidade. Naquele momento, a popula\u00e7\u00e3o se apegou \u00e0 religi\u00e3o, o que gerou o aumento e o fervor pela celebra\u00e7\u00e3o da Cruz.<\/li>\n<\/ul>\n\n\n\n<p>Desde ent\u00e3o, os cusquenhos aguardam a madrugada de <strong>2 de maio<\/strong> para realizar a respectiva vig\u00edlia das cruzes nos diferentes templos, igrejas e nas fam\u00edlias que ainda mant\u00e9m uma cruz em casa, tradi\u00e7\u00e3o que, com o tempo, se tornou um costume passado de gera\u00e7\u00e3o em gera\u00e7\u00e3o. No dia central (<strong>3 de maio<\/strong>), as cruzes s\u00e3o decoradas com flores, luzes e outros elementos decorativos durante a Cruz Velacuy, criando um ambiente festivo e espiritualmente solene. Os participantes participam de dan\u00e7as tradicionais, expressando sua devo\u00e7\u00e3o atrav\u00e9s da m\u00fasica e do movimento.<\/p>\n\n\n\n<p>A festa come\u00e7a com a Missa de Festa, a cruz \u00e9 transferida do Santu\u00e1rio onde se encontra, para a casa do patrocinador (se for uma Cruz m\u00f3vel), onde \u00e9 recebida com dan\u00e7as e m\u00fasica. Isso \u00e9 diferente das cruzes fixas, que n\u00e3o podem ser movidas e cujas celebra\u00e7\u00f5es s\u00e3o locais. Os convidados e os devotos levam velas e rezam a noite toda. Nesse mesmo dia, \u00e9 revelado o nome da pessoa que receber\u00e1 a responsabilidade pelas celebra\u00e7\u00f5es do pr\u00f3ximo ano. A festividade termina com a Missa de Despedida, seguida de uma festa.<\/p>\n\n\n\n<h3 class=\"wp-block-heading\">Informa\u00e7\u00f5es-chave da festividade:<\/h3>\n\n\n\n<ul class=\"wp-block-list\">\n<li><strong>Onde acontece?<\/strong> Em <strong>templos, igrejas e casas particulares em todo Cusco<\/strong>, especialmente em comunidades andinas. Cada cruz tem sua pr\u00f3pria celebra\u00e7\u00e3o: algumas permanecem em seus santu\u00e1rios (<strong>cruzes fixas<\/strong>) e outras s\u00e3o levadas para a casa do <strong>mayordomo<\/strong> (<strong>cruzes m\u00f3veis<\/strong>).<\/li>\n\n\n\n<li><strong>Or\u00e7amento:<\/strong> A celebra\u00e7\u00e3o \u00e9 gratuita para visitantes que desejam observar ou participar das vig\u00edlias. Seu or\u00e7amento depender\u00e1 dos seus gastos de viagem em Cusco (a partir de <strong>$20 USD por dia<\/strong>).<\/li>\n\n\n\n<li><strong>Como participar?<\/strong> Voc\u00ea pode visitar igrejas ou templos na noite de <strong>2 de maio<\/strong> para vivenciar a <strong>\u201cvelada\u201d<\/strong> (vig\u00edlia com ora\u00e7\u00f5es, m\u00fasica e dan\u00e7a). No dia <strong>3 de maio (dia principal)<\/strong>, visite os santu\u00e1rios para ver as cruzes decoradas com flores e luzes, e assistir \u00e0s dan\u00e7as tradicionais em sua homenagem. Recomendamos especialmente a <strong>Cruz de la Calle del Medio<\/strong>, ao lado da pra\u00e7a principal, por ser uma das maiores. Pergunte aos moradores sobre celebra\u00e7\u00f5es comunit\u00e1rias abertas ao p\u00fablico.<\/li>\n<\/ul>\n\n\n<div class=\"wp-block-image\">\n<figure class=\"aligncenter size-large\"><img loading=\"lazy\" decoding=\"async\" width=\"1024\" height=\"576\" src=\"https:\/\/www.salkantaytrilha.com\/blog\/wp-content\/uploads\/2024\/05\/Festival-Cruz-Velacuy-1024x576.jpg\" alt=\"Festival Cruz Velacuy\" class=\"wp-image-98\"\/><figcaption class=\"wp-element-caption\">Festival Cruz Velacuy<\/figcaption><\/figure>\n<\/div>\n\n\n<h2 class=\"wp-block-heading\" id=\"h-19-de-maio-senhor-de-torrechayoc-na-cidade-de-cusco\">19 de Maio: Senhor de Torrechayoc na cidade de Cusco<\/h2>\n\n\n\n<p>A celebra\u00e7\u00e3o do <strong>Senhor de Torrechayoc<\/strong>, padroeiro da cidade de Urubamba, \u00e9 uma das festividades religiosas do <a href=\"https:\/\/www.salkantaytrilha.com\/tradicional\/cusco\/vale-sagrado-dos-incas\/\" target=\"_blank\" rel=\"noreferrer noopener\"><strong>Vale Sagrado<\/strong><\/a>. O dia principal \u00e9 uma data m\u00f3vel dentro do m\u00eas de maio, assim como variam os locais onde acontece: desde a pra\u00e7a central, passando pelas igrejas at\u00e9 o est\u00e1dio da cidade, um lugar peculiar, mas que \u00e9 capaz de concentrar uma grande quantidade de pessoas. Os fi\u00e9is cusquenhos, assim como os turistas nacionais e estrangeiros, se re\u00fanem com uma empolga\u00e7\u00e3o contagiante para prestar homenagem ao <strong>Senhor de Torrechayoc<\/strong> no dia principal.<\/p>\n\n\n\n<p>Durante a <strong>segunda semana de maio<\/strong>, em um s\u00e1bado, come\u00e7am as celebra\u00e7\u00f5es de adora\u00e7\u00e3o. O evento principal \u00e9 uma missa em honra ao Senhor de Torrechayoc, que n\u00e3o \u00e9 realizada em uma igreja, mas em um est\u00e1dio. Ap\u00f3s a missa eucar\u00edstica, os fi\u00e9is dan\u00e7am em devo\u00e7\u00e3o \u00e0 ele. Depois de cerca de <strong>trinta dan\u00e7as <\/strong>apresentadas, ao anoitecer, ocorre uma sauda\u00e7\u00e3o que os seguidores prestam ao Senhor, visitando seu templo, acompanhada de queima de fogos de artif\u00edcio e de um castelo constru\u00eddo tamb\u00e9m em honra ao Santo Padroeiro.<\/p>\n\n\n\n<p>Tamb\u00e9m existem v\u00e1rios mitos sobre a origem de seu culto, um dos quais afirma que come\u00e7ou no meio do s\u00e9culo XIX, quando foi colocada uma grande cruz no meio da neve, com a imagem do Senhor de Torrechayoc em seu centro. Segundo a hist\u00f3ria, muitos peregrinos tiveram diferentes sonhos e revela\u00e7\u00f5es quando o Senhor da Cruz lhes falava sobre o intenso frio e as geadas sofridas por ele no local. O p\u00e1roco local ouviu os relatos e, devido aos v\u00e1rios testemunhos, ordenou o traslado da Cruz para Urubamba, onde \u00e9 cultuado at\u00e9 hoje.<\/p>\n\n\n\n<h3 class=\"wp-block-heading\">Informa\u00e7\u00f5es-chave da festividade:<\/h3>\n\n\n\n<ul class=\"wp-block-list\">\n<li><strong>Onde acontece?<\/strong> Na cidade de <strong>Urubamba<\/strong>, no cora\u00e7\u00e3o do <strong>Vale Sagrado dos Incas<\/strong> (a cerca de 60 km de Cusco). As principais atividades acontecem na <strong>Plaza de Armas<\/strong>, no <strong>templo principal (Santu\u00e1rio do Senhor de Torrechayoc)<\/strong> e no <strong>est\u00e1dio municipal de Nogalpampa<\/strong>.<\/li>\n\n\n\n<li><strong>Or\u00e7amento:<\/strong> A festividade \u00e9 gratuita. Para a viagem, considere a partir de <strong>$40 USD por dia<\/strong> (or\u00e7amento b\u00e1sico em Cusco), mais o custo do transporte at\u00e9 Urubamba (cerca de <strong>$4 USD de \u00f4nibus saindo da Calle Pavitos<\/strong>, com dura\u00e7\u00e3o de aproximadamente <strong>1h30<\/strong>). Leve dinheiro em esp\u00e9cie para comidas t\u00edpicas (<strong>chiriuchu, cuy, tamales<\/strong>) e artesanato.<\/li>\n\n\n\n<li><strong>Como participar?<\/strong> Chegue a Urubamba no <strong>dia principal<\/strong> (data vari\u00e1vel entre maio e junho, cerca de <strong>50 dias ap\u00f3s a P\u00e1scoa<\/strong>). Voc\u00ea pode participar da <strong>missa no est\u00e1dio<\/strong>, assistir \u00e0s <strong>mais de 30 dan\u00e7as tradicionais<\/strong> nas ruas, acompanhar a <strong>prociss\u00e3o do Senhor pela cidade<\/strong> e, se acordar cedo, participar da <strong>peregrina\u00e7\u00e3o ao abra de Sicllaccasa<\/strong> (montanha onde a cruz apareceu). Leve <strong>roupas confort\u00e1veis, protetor solar e um len\u00e7o vermelho<\/strong> (s\u00edmbolo de f\u00e9).<\/li>\n<\/ul>\n\n\n<div class=\"wp-block-image\">\n<figure class=\"aligncenter size-large\"><img loading=\"lazy\" decoding=\"async\" width=\"1024\" height=\"576\" src=\"https:\/\/www.salkantaytrilha.com\/blog\/wp-content\/uploads\/2024\/05\/Festival-Senor-de-Torrechayoc-1024x576.jpg\" alt=\"Festival Se\u00f1or de Torrechayoc\" class=\"wp-image-99\"\/><figcaption class=\"wp-element-caption\">Festival Se\u00f1or de Torrechayoc<\/figcaption><\/figure>\n<\/div>\n\n\n<h2 class=\"wp-block-heading\" id=\"h-12-a-17-de-junho-senhor-de-qoyllur-rit-i\">12 a 17 de junho: Senhor de Qoyllur Rit\u2019i<\/h2>\n\n\n\n<p>Na regi\u00e3o de Cusco, Peru, celebra-se todos os anos a festividade do <strong>Senhor de Qoyllur Rit\u2019i<\/strong>, considerada uma das express\u00f5es mais claras do sincretismo entre a cultura andina e a f\u00e9 cat\u00f3lica. Essa celebra\u00e7\u00e3o acontece aos p\u00e9s do <strong>nevado Sinacara<\/strong>, em frente ao <strong>nevado Ausangate<\/strong>, uma \u00e1rea por onde passam v\u00e1rias <a href=\"https:\/\/www.salkantaytrilha.com\/trilhas-peru\/ausangate\/\" target=\"_blank\" rel=\"noreferrer noopener\"><strong>rotas de trekking<\/strong><\/a>.<\/p>\n\n\n\n<p>A festividade come\u00e7a no dia da Sant\u00edssima Trindade, com uma prociss\u00e3o at\u00e9 o santu\u00e1rio do Senhor de Qoyllurit&#8217;i, onde se presta homenagem \u00e0 imagem milagrosa. Durante a noite, cerca de 200 comparsas fazem sua sauda\u00e7\u00e3o oficial ao Senhor, acompanhadas por dan\u00e7arinos que simbolizam personagens m\u00edticos. Durante a festividade, os fi\u00e9is realizam uma prociss\u00e3o at\u00e9 o nevado com suas bandeiras e s\u00edmbolos religiosos. A dan\u00e7a dos &#8220;<strong>ukukus<\/strong>&#8221; ou &#8220;ursos andinos&#8221; \u00e9 um dos momentos mais importantes. Os &#8220;ukukus&#8221; desempenham um papel essencial na tradi\u00e7\u00e3o, sendo respons\u00e1veis pela manuten\u00e7\u00e3o da ordem nas festividades tradicionais, garantindo que os visitantes respeitem os lugares sagrados do nevado.<\/p>\n\n\n\n<p>(Foto dos ukukus) parei aqui<\/p>\n\n\n\n<p>Na manh\u00e3 seguinte, a serenata inclui dan\u00e7as e cerim\u00f4nias lit\u00fargicas que homenageiam o Cristo milagroso. Depois, um grupo de <strong>Queros<\/strong> (comunidade quechua descendente da \u00e9poca incaica) parte para o alto do nevado em busca da Estrela de Neve e voltam trazendo blocos de gelo para suas comunidades. A prociss\u00e3o culmina em Cusco, com as festividades do Corpus Christi, e com suas ruas repletas de m\u00fasica e cor.<\/p>\n\n\n\n<ul class=\"wp-block-list\">\n<li>Conta a lenda&#8230; As lendas locais sobre o Senhor de Qoyllurit&#8217;i narram a apari\u00e7\u00e3o milagrosa de uma imagem de Cristo na rocha do nevado. Esta imagem \u00e9 considerada sagrada e acredita-se que aqueles que a veneram com devo\u00e7\u00e3o recebem b\u00ean\u00e7\u00e3os e favores divinos.<\/li>\n<\/ul>\n\n\n\n<p>Esta celebra\u00e7\u00e3o \u00e9 um exemplo fascinante de sincretismo cultural, sendo a fus\u00e3o dos costumes religiosos ind\u00edgenas com a religi\u00e3o cat\u00f3lica retratados na festividade do Senhor de Qoyllurit&#8217;i. A m\u00fasica, a dan\u00e7a e os rituais ancestrais se combinam com as cerim\u00f4nias crist\u00e3s para criar um evento grandioso e espiritual.<\/p>\n\n\n\n<h3 class=\"wp-block-heading\">Informa\u00e7\u00f5es-chave da festividade:<\/h3>\n\n\n\n<ul class=\"wp-block-list\">\n<li><strong>Onde acontece?<\/strong> Nas encostas do <strong>nevado Ausangate<\/strong> (a mais de <strong>4.800 metros de altitude \/ 15.748 p\u00e9s<\/strong>), no <strong>santu\u00e1rio do Senhor de Qoyllur Rit\u2019i<\/strong>, localizado no distrito de <strong>Ocongate<\/strong> (cerca de <strong>3\u20134 horas ao sudeste de Cusco<\/strong>).<\/li>\n\n\n\n<li><strong>Or\u00e7amento:<\/strong> A festividade em si \u00e9 gratuita, mas voc\u00ea precisar\u00e1 de or\u00e7amento para a viagem. Considere entre <strong>$40\u201360 USD por dia<\/strong> (incluindo transporte, alimenta\u00e7\u00e3o b\u00e1sica e hospedagem simples em barracas ou alojamentos em Ocongate). A peregrina\u00e7\u00e3o pode ser feita em um dia, ent\u00e3o n\u00e3o \u00e9 necess\u00e1rio levar muita log\u00edstica, a menos que voc\u00ea queira permanecer durante toda a celebra\u00e7\u00e3o.<\/li>\n\n\n\n<li><strong>Como participar?<\/strong> Voc\u00ea pode se juntar \u00e0 <strong>peregrina\u00e7\u00e3o que sobe at\u00e9 o santu\u00e1rio nos dias anteriores (a partir de 26 de maio)<\/strong>. L\u00e1, poder\u00e1 observar as <strong>dan\u00e7as das comparsas<\/strong>, a <strong>prociss\u00e3o com mais de 200 imagens<\/strong> e, com respeito, o <strong>ascenso simb\u00f3lico dos ukukus ao nevado<\/strong>. \u00c9 fundamental <strong>se aclimatar por pelo menos dois dias em Cusco<\/strong> para evitar o mal de altitude, al\u00e9m de levar <strong>roupas quentes e lanterna frontal<\/strong>.<\/li>\n<\/ul>\n\n\n\n<figure class=\"wp-block-image size-large\"><img loading=\"lazy\" decoding=\"async\" width=\"1024\" height=\"708\" src=\"https:\/\/www.salkantaytrilha.com\/blog\/wp-content\/uploads\/2026\/04\/senhor-qoyllority-1024x708.jpg\" alt=\"\" class=\"wp-image-6010\"\/><\/figure>\n\n\n\n<figure class=\"wp-block-image size-large\"><img loading=\"lazy\" decoding=\"async\" width=\"1024\" height=\"576\" src=\"https:\/\/www.salkantaytrilha.com\/blog\/wp-content\/uploads\/2024\/05\/Senhor-de-Qoylluriti-1024x576.jpg\" alt=\"Senhor de Qoyllurit'i\" class=\"wp-image-100\"\/><figcaption class=\"wp-element-caption\">Senhor de Qoyllurit&#8217;i<\/figcaption><\/figure>\n\n\n\n<h2 class=\"wp-block-heading\" id=\"h-4-de-junho-corpus-christi-cusquenho\">4 de junho: Corpus Christi Cusquenho<\/h2>\n\n\n\n<p>O <a href=\"https:\/\/www.salkantaytrilha.com\/blog\/corpus-christi-em-cusco-uma-festa-religiosa-e-cultural\/\" target=\"_blank\" rel=\"noreferrer noopener\"><strong>Corpus Christi<\/strong><\/a> cusquenho, enraizado na tradi\u00e7\u00e3o da cidade imperial, funde os costumes dos povos origin\u00e1rios em um espet\u00e1culo impressionante que cativa tanto os moradores locais quanto os visitantes.<\/p>\n\n\n\n<p>Nos tempos incas, as festividades homenageavam os ancestrais e deuses como o Taita Inti e a deusa Killa (deusa da lua). A festividade principal, dedicada ao Inti (o sol), costumava envolver prociss\u00f5es de m\u00famias dos soberanos importantes. Com a chegada dos espanh\u00f3is e da religi\u00e3o cat\u00f3lica, esses restos foram substitu\u00eddos por imagens da virgem e outros santos cat\u00f3licos. Assim, instaurou-se a tradi\u00e7\u00e3o do que hoje conhecemos como o Corpus Christi Cusquenho.<\/p>\n\n\n\n<p>Atualmente, \u00e9 uma das festas mais importantes do calend\u00e1rio religioso da regi\u00e3o, e foi declarada Patrim\u00f4nio Cultural do Peru. O Corpus Christi \u00e9 celebrado 60 dias ap\u00f3s a P\u00e1scoa. A festividade come\u00e7a no dia anterior \u00e0 prociss\u00e3o central. Na v\u00e9spera da celebra\u00e7\u00e3o, os santos partem de suas igrejas acompanhados por fi\u00e9is e por m\u00fasica regional, percorrendo longas dist\u00e2ncias at\u00e9 chegar ao Arco de Santa Clara e \u00e0 Igreja de S\u00e3o Pedro. A prociss\u00e3o culmina na catedral, onde \u00e9 celebrada a missa em quechua e a prociss\u00e3o dos santos, seguida de dan\u00e7as e celebra\u00e7\u00f5es at\u00e9 a oitava. Este evento \u00e9 vivido com grande devo\u00e7\u00e3o, e os santos s\u00e3o vestidos com seus melhores trajes para serem adorados pelos fi\u00e9is.<\/p>\n\n\n\n<ul class=\"wp-block-list\">\n<li>ANTICIPE-SE: Esta festividade costuma ser muito concorrida. Planeje seu dia para chegar ao evento com anteced\u00eancia. Se desejar um lugar com vista privilegiada, reserve com muita anteced\u00eancia em um dos restaurantes com varanda na Pra\u00e7a de Armas.<\/li>\n<\/ul>\n\n\n\n<h3 class=\"wp-block-heading\">Informa\u00e7\u00f5es-chave da festividade:<\/h3>\n\n\n\n<ul class=\"wp-block-list\">\n<li><strong>Onde acontece?<\/strong> No <strong>centro hist\u00f3rico de Cusco<\/strong>. O percurso principal come\u00e7a nas diferentes par\u00f3quias e igrejas da cidade (como <strong>Santiago, San Blas e San Crist\u00f3bal<\/strong>), passando pelo <strong>Arco de Santa Clara<\/strong> e pela <strong>Igreja de San Pedro<\/strong>, at\u00e9 chegar \u00e0 <strong>Plaza de Armas e \u00e0 Catedral<\/strong>, onde os santos passam a noite e \u00e9 celebrada a missa principal.<\/li>\n\n\n\n<li><strong>Or\u00e7amento:<\/strong> A prociss\u00e3o e as atividades de rua s\u00e3o gratuitas. Seu or\u00e7amento di\u00e1rio ser\u00e1 o mesmo da sua viagem (a partir de <strong>$20 USD por dia<\/strong>). Se quiser assistir \u00e0 prociss\u00e3o de um <strong>balc\u00e3o com vista privilegiada da Plaza de Armas<\/strong>, ser\u00e1 necess\u00e1rio reservar com anteced\u00eancia e considerar um gasto extra com consumo em restaurantes.<\/li>\n\n\n\n<li><strong>Como participar?<\/strong> Chegue cedo \u00e0 <strong>Plaza de Armas<\/strong> ou \u00e0s ruas do centro hist\u00f3rico. Na <strong>v\u00e9spera<\/strong>, voc\u00ea poder\u00e1 ver a chegada dos <strong>15 santos e virgens<\/strong> vindos de suas igrejas. No <strong>dia principal<\/strong>, acompanhe a prociss\u00e3o ou escolha um bom ponto para ver a entrada e sa\u00edda das imagens da Catedral. N\u00e3o deixe de provar o tradicional <strong>chiriuchu<\/strong>, vendido nas ruas durante esses dias.<\/li>\n<\/ul>\n\n\n<div class=\"wp-block-image\">\n<figure class=\"aligncenter size-large\"><img loading=\"lazy\" decoding=\"async\" width=\"1024\" height=\"576\" src=\"https:\/\/www.salkantaytrilha.com\/blog\/wp-content\/uploads\/2024\/05\/Corpus-Christi-Cusquenho-1024x576.jpg\" alt=\"Corpus Christi Cusquenho\" class=\"wp-image-103\"\/><figcaption class=\"wp-element-caption\">Corpus Christi Cusquenho<\/figcaption><\/figure>\n<\/div>\n\n\n<h2 class=\"wp-block-heading\" id=\"h-24-de-junho-inti-raymi\">24 de Junho: Inti Raymi<\/h2>\n\n\n\n<p><a href=\"https:\/\/www.salkantaytrilha.com\/blog\/inti-raymi-a-festa-do-sol\/\" target=\"_blank\" rel=\"noreferrer noopener\"><strong>Inti Raymi<\/strong><\/a>, cujo significado em quechua significa &#8220;Festa do Sol&#8221;, \u00e9 uma antiga celebra\u00e7\u00e3o inca em honra ao deus Inti, o deus do sol. Todo ano, nos Andes, especialmente em Cusco, no Peru, essa comemora\u00e7\u00e3o \u00e9 realizada em homenagem \u00e0 divindade que desempenhava um papel importante na cosmovis\u00e3o inca, representando a fonte de vida e a energia para suas comunidades.\u00a0<\/p>\n\n\n\n<p>A cerim\u00f4nia do Inti Raymi era importante para os incas desde a \u00e9poca pr\u00e9-colombiana. Originalmente, a festividade estava associada \u00e0 colheita e ao <strong>solst\u00edcio de inverno<\/strong> no hemisf\u00e9rio sul, que marcava o in\u00edcio de um novo ciclo agr\u00edcola. A celebra\u00e7\u00e3o foi <strong>proibida<\/strong> com a chegada dos espanh\u00f3is, a coloniza\u00e7\u00e3o e a imposi\u00e7\u00e3o do catolicismo, mas algumas comunidades conseguiram mant\u00ea-la de maneira clandestina at\u00e9 que foi revitalizada e transformada em um evento p\u00fablico em meados do s\u00e9culo XX.&nbsp;<\/p>\n\n\n\n<p>Todo ano, muitos turistas nacionais e internacionais visitam nossa cidade em junho, j\u00e1 que esse \u00e9 o m\u00eas jubilar de Cusco e \u00e9 poss\u00edvel presenciar grandes celebra\u00e7\u00f5es pelas ruas. Muitos at\u00e9 v\u00eam exclusivamente para participar da cerim\u00f4nia do Inti Raymi no dia 24 de junho. As dan\u00e7as, a m\u00fasica, as prociss\u00f5es e as representa\u00e7\u00f5es teatrais recriam as tradi\u00e7\u00f5es e rituais incas. Na fortaleza de Sacsayhuam\u00e1n, pr\u00f3xima \u00e0 cidade de Cusco, grandes cerim\u00f4nias s\u00e3o realizadas em honra ao sol, agradecendo pelas futuras colheitas.&nbsp;<\/p>\n\n\n\n<ul class=\"wp-block-list\">\n<li><strong>Uma viagem atrav\u00e9s da hist\u00f3ria<\/strong>: O Inti Raymi \u00e9 uma oportunidade \u00fanica de mergulhar na hist\u00f3ria dos incas e descobrir seu modo de vida. Fa\u00e7a sua reserva com anteced\u00eancia! Junho \u00e9 o m\u00eas mais tur\u00edstico do ano em Cusco, ent\u00e3o n\u00e3o perca tempo e planeje bem a sua viagem para aproveitar essa data t\u00e3o especial.&nbsp;<\/li>\n<\/ul>\n\n\n\n<p>Durante o Inti Raymi, os participantes vestem trajes tradicionais e joias coloridas e mergulham na espiritualidade da cultura inca. A celebra\u00e7\u00e3o \u00e9 uma oportunidade de preserva\u00e7\u00e3o e difus\u00e3o dos costumes ancestrais, al\u00e9m de promover o turismo cultural e o orgulho pela identidade peruana.&nbsp;<\/p>\n\n\n\n<p>O <strong>Inti Raymi <\/strong>estabelece o profundo v\u00ednculo entre os povos andinos, a natureza e suas cren\u00e7as espirituais. A celebra\u00e7\u00e3o n\u00e3o s\u00f3 rende homenagem ao deus sol, como tamb\u00e9m destaca a capacidade das comunidades ind\u00edgenas de resistir e superar os desafios hist\u00f3ricos. O Inti Raymi continua sendo um evento importante que honra e preserva a rica cultura do Peru e o legado inca at\u00e9 hoje.<\/p>\n\n\n\n<h3 class=\"wp-block-heading\">Informa\u00e7\u00f5es-chave da festividade:<\/h3>\n\n\n\n<ul class=\"wp-block-list\">\n<li><strong>Onde acontece?<\/strong> A celebra\u00e7\u00e3o ocorre em <strong>tr\u00eas cen\u00e1rios principais de Cusco<\/strong>: 1.<strong>Qorikancha (Templo do Sol)<\/strong>, onde come\u00e7a a cerim\u00f4nia. 2. <strong>Plaza de Armas (antiga Huacaypata)<\/strong>, por onde passa o cortejo.<br>3. A <strong>fortaleza de Sacsayhuam\u00e1n<\/strong>, nos arredores da cidade, onde acontece a cerim\u00f4nia central e a principal encena\u00e7\u00e3o.<br><\/li>\n\n\n\n<li><strong>Or\u00e7amento:<\/strong> A cerim\u00f4nia no <strong>Qorikancha<\/strong> e a passagem pela <strong>Plaza de Armas<\/strong> podem ser vistas gratuitamente das ruas. Para assistir \u00e0 encena\u00e7\u00e3o principal em <strong>Sacsayhuam\u00e1n<\/strong> com boa visibilidade, \u00e9 necess\u00e1rio comprar ingresso (<strong>a partir de $80 a $150 USD ou mais<\/strong>, dependendo do setor).<br>Al\u00e9m disso, considere que <strong>junho \u00e9 o m\u00eas mais caro e tur\u00edstico em Cusco<\/strong>, com aumento nos pre\u00e7os de hospedagem e voos (or\u00e7amento di\u00e1rio a partir de <strong>$60 USD<\/strong>). Reserve tudo com anteced\u00eancia.<\/li>\n\n\n\n<li><strong>Como participar?<\/strong> Se voc\u00ea tiver ingresso, chegue a <strong>Sacsayhuam\u00e1n por volta das 9h<\/strong>. Caso prefira assistir gratuitamente, posicione-se a partir das <strong>7h no Qorikancha<\/strong> ou ao longo do trajeto at\u00e9 a <strong>Plaza de Armas<\/strong> para ver o desfile. Leve <strong>chap\u00e9u, protetor solar, \u00e1gua e roupas confort\u00e1veis<\/strong>, j\u00e1 que voc\u00ea passar\u00e1 v\u00e1rias horas ao ar livre e em grande altitude.<\/li>\n<\/ul>\n\n\n<div class=\"wp-block-image\">\n<figure class=\"aligncenter size-large\"><img loading=\"lazy\" decoding=\"async\" width=\"1024\" height=\"576\" src=\"https:\/\/www.salkantaytrilha.com\/blog\/wp-content\/uploads\/2024\/05\/inti-raymi-1024x576.jpg\" alt=\"Inti Raymi\" class=\"wp-image-105\"\/><figcaption class=\"wp-element-caption\">Inti Raymi<\/figcaption><\/figure>\n<\/div>\n\n\n<h2 class=\"wp-block-heading\" id=\"h-15-de-julho-virgem-do-carmen-paucartambo-pisac-e-huarocondo\">15 de Julho: Virgem do Carmen \u2013 Paucartambo, Pisac e Huarocondo<\/h2>\n\n\n\n<p><strong>Paucartambo<\/strong> \u00e9 uma pitoresca localidade situada a 2 horas de carro da cidade de Cusco, Peru. \u00c9 conhecida por ser o cen\u00e1rio de uma das festividades mais importantes da regi\u00e3o: a <strong>Festa da Virgem do Carmo<\/strong>.<\/p>\n\n\n\n<p>Esta data \u00e9 comemorada todo ano no m\u00eas de <strong>julho<\/strong>, sendo uma mistura de tradi\u00e7\u00f5es religiosas cat\u00f3licas e de elementos culturais andinos. Durante a festa, a imagem da Virgem do Carmo segue em prociss\u00e3o pelas ruas da cidade, acompanhada de dan\u00e7as folcl\u00f3ricas, m\u00fasica, trajes coloridos e m\u00e1scaras pitorescas.<\/p>\n\n\n\n<p>A Festa da Virgem do Carmo em Paucartambo \u00e9 famosa por suas dan\u00e7as tradicionais, como os &#8220;qapac qolla&#8221;, &#8220;pablitos&#8221; e &#8220;chunchachas&#8221;, que s\u00e3o executadas por grupos de dan\u00e7arinos locais. Essas dan\u00e7as representam hist\u00f3rias e lendas da regi\u00e3o, sendo uma parte fundamental da celebra\u00e7\u00e3o. Al\u00e9m disso, Paucartambo \u00e9 uma bela cidade que preserva sua arquitetura colonial, com pr\u00e9dios brancos e varandas de cor azul. Todos esses elementos fazem desta festividade uma explos\u00e3o preciosa de cores em um cen\u00e1rio encantador.<\/p>\n\n\n\n<p>A Festa da Virgem do Carmo em Paucartambo \u00e9 considerada uma das celebra\u00e7\u00f5es mais importantes e coloridas da regi\u00e3o de Cusco, atraindo milhares de pessoas de diversas partes do pa\u00eds e do mundo para vivenciar essa experi\u00eancia cultural \u00fanica. Al\u00e9m das atividades religiosas e culturais, a festa tamb\u00e9m inclui feiras, <a href=\"https:\/\/www.salkantaytrilha.com\/blog\/o-guia-completo-dos-mercados-de-cusco\/\" target=\"_blank\" rel=\"noreferrer noopener\"><strong>mercados artesanais<\/strong><\/a> e eventos sociais onde moradores e visitantes podem desfrutar da gastronomia local e participar das v\u00e1rias atividades festivas.<\/p>\n\n\n\n<p><strong>Huarocondo<\/strong> (prov\u00edncia de Anta) e <strong>Pisac<\/strong> (no <strong>Vale Sagrado<\/strong>) s\u00e3o locais onde a festa da Virgem do Carmo tamb\u00e9m \u00e9 uma ocasi\u00e3o importante. Durante essa festividade, tamb\u00e9m realizam-se atividades religiosas, como missas e prociss\u00f5es, al\u00e9m de eventos culturais, como dan\u00e7as tradicionais e feiras.<\/p>\n\n\n\n<h3 class=\"wp-block-heading\">Informa\u00e7\u00f5es-chave da festividade:<\/h3>\n\n\n\n<ul class=\"wp-block-list\">\n<li><strong>Onde acontece?<\/strong> Principalmente no povoado de <strong>Paucartambo<\/strong> (a cerca de <strong>4 horas de Cusco<\/strong>), assim como em <strong>Pisac<\/strong> (Vale Sagrado) e <strong>Huarocondo<\/strong> (prov\u00edncia de Anta). Em Paucartambo, as atividades se concentram na <strong>pra\u00e7a principal<\/strong>, nas ruas do povoado e no templo.<\/li>\n\n\n\n<li><strong>Or\u00e7amento:<\/strong> A festividade \u00e9 gratuita. Considere a partir de <strong>$40 USD por dia<\/strong> para seu or\u00e7amento base, mais o custo do transporte at\u00e9 Paucartambo: \u00d4nibus desde Cusco (<strong>aprox. $10\u201315 USD s\u00f3 ida, 4 horas<\/strong>). Ou combina\u00e7\u00e3o \u00f4nibus at\u00e9 Pisac + t\u00e1xi (<strong>aprox. $20\u201325 USD, 2h30<\/strong>). Leve dinheiro em esp\u00e9cie para <strong>hospedagem simples em Paucartambo<\/strong> (se decidir ficar) e para <strong>comida t\u00edpica e artesanato<\/strong>.<\/li>\n\n\n\n<li><strong>Como participar?<\/strong> Chegue a Paucartambo entre <strong>15 e 18 de julho<\/strong>. Voc\u00ea poder\u00e1 se juntar aos milhares de visitantes para assistir \u00e0s <strong>19 dan\u00e7as tradicionais<\/strong> (Qapaq Qollas, Qapaq Chunchos, Saqras, entre outras), acompanhar a prociss\u00e3o da <strong>\u201cMamacha Carmen\u201d<\/strong>, presenciar a <strong>batalha simb\u00f3lica entre o bem e o mal<\/strong> e visitar o cemit\u00e9rio. Leve <strong>roupas confort\u00e1veis, c\u00e2mera e protetor solar<\/strong>.<\/li>\n<\/ul>\n\n\n<div class=\"wp-block-image\">\n<figure class=\"aligncenter size-large\"><img loading=\"lazy\" decoding=\"async\" width=\"1024\" height=\"576\" src=\"https:\/\/www.salkantaytrilha.com\/blog\/wp-content\/uploads\/2024\/05\/Virgem-del-Carmen-Paucartambo-1024x576.jpg\" alt=\"Virgem del Carmen-Paucartambo\" class=\"wp-image-106\"\/><figcaption class=\"wp-element-caption\">Virgem del Carmen-Paucartambo<\/figcaption><\/figure>\n<\/div>\n\n\n<h2 class=\"wp-block-heading\" id=\"h-1\u00ba-de-agosto-dia-da-pachamama\">1\u00ba de Agosto: Dia da Pachamama<\/h2>\n\n\n\n<p>A<strong> Pachamama<\/strong> \u00e9 uma figura central em muitas culturas ind\u00edgenas da Am\u00e9rica Latina, especialmente nos Andes. Representa a <strong>M\u00e3e Terra ou a M\u00e3e Natureza<\/strong>, sendo venerada em diversos rituais e cerim\u00f4nias que louvam e agradecem a sua fun\u00e7\u00e3o essencial em nossas vidas. Em Cusco, a Pachamama tem grande import\u00e2ncia devido \u00e0 tradi\u00e7\u00e3o herdada dos Incas, que se baseava nos deuses da natureza, como o sol (Inti) e a lua (Killa).<\/p>\n\n\n\n<p>Em algumas comunidades, o m\u00eas de agosto \u00e9 considerado especial para prestar homenagens e mostrar gratid\u00e3o \u00e0 Pachamama. Durante este dia, alguns locais realizam cerim\u00f4nias, rituais e oferendas para honrar e agradecer \u00e0 natureza pelos recursos recebidos, pela fertilidade da terra e pela abund\u00e2ncia que ela proporciona. Essas pr\u00e1ticas geralmente envolvem a queima de <strong>oferendas<\/strong>, como folhas de coca, alimentos e outros elementos simb\u00f3licos.<\/p>\n\n\n\n<p>\u00c9 importante destacar que as tradi\u00e7\u00f5es e pr\u00e1ticas relacionadas \u00e0 Pachamama podem variar entre diferentes comunidades e regi\u00f5es. A conex\u00e3o com a terra e a natureza \u00e9 um aspecto fundamental em muitas culturas ind\u00edgenas, e a venera\u00e7\u00e3o \u00e0 Pachamama \u00e9 uma express\u00e3o dessa conex\u00e3o espiritual e cultural.<\/p>\n\n\n\n<h3 class=\"wp-block-heading\">Informa\u00e7\u00f5es-chave da festividade:<\/h3>\n\n\n\n<ul class=\"wp-block-list\">\n<li><strong>Onde acontece?<\/strong> A principal cerim\u00f4nia ocorre no topo do <strong>Apu Mama Simona<\/strong> (<strong>4.342 m \/ 14.245 p\u00e9s<\/strong>), na comunidade de <strong>Quishuarcancha<\/strong>, distrito de <strong>Ccorca<\/strong> (a cerca de <strong>45\u201360 minutos de Cusco<\/strong>). A silhueta do Apu pode ser vista desde <strong>Sacsayhuam\u00e1n<\/strong>, mas o ritual acontece na montanha. Tamb\u00e9m h\u00e1 cerim\u00f4nias comunit\u00e1rias em lugares como a <strong>Plaza de Armas, Chinchero e Sacsayhuam\u00e1n<\/strong>.<\/li>\n\n\n\n<li><strong>Or\u00e7amento:<\/strong> A cerim\u00f4nia no Apu Mama Simona \u00e9 <strong>gratuita<\/strong> e organizada por munic\u00edpios locais. Para o transporte: Op\u00e7\u00e3o econ\u00f4mica: cerca de <strong>$1\u20132 USD<\/strong> (\u00f4nibus urbano C4M at\u00e9 <strong>Antonio Lorena<\/strong> + combi at\u00e9 Quishuarcancha). T\u00e1xi desde Cusco: <strong>$15\u201325 USD. <\/strong>Tour organizado em Chinchero com cerim\u00f4nia: <strong>$40\u201360 USD por pessoa<\/strong><\/li>\n\n\n\n<li><strong>Como participar?<\/strong> Chegue \u00e0 comunidade de <strong>Quishuarcancha (Ccorca)<\/strong> antes das <strong>9h do dia 1\u00ba de agosto<\/strong>. De l\u00e1, inicia-se a caminhada at\u00e9 o topo do Apu para a cerim\u00f4nia do <strong>Haywarikuy<\/strong> (oferta ancestral), que come\u00e7a \u00e0s <strong>10h<\/strong>. Leve <strong>roupas de frio, cal\u00e7ados confort\u00e1veis, \u00e1gua e snacks<\/strong>.<\/li>\n<\/ul>\n\n\n\n<div class=\"wp-block-columns is-layout-flex wp-container-core-columns-is-layout-9d6595d7 wp-block-columns-is-layout-flex\">\n<div class=\"wp-block-column is-layout-flow wp-block-column-is-layout-flow\"><div class=\"wp-block-image\">\n<figure class=\"aligncenter size-full\"><img loading=\"lazy\" decoding=\"async\" width=\"800\" height=\"1000\" src=\"https:\/\/www.salkantaytrilha.com\/blog\/wp-content\/uploads\/2024\/05\/Oferta-terra.jpg\" alt=\"Oferta para a terra\" class=\"wp-image-108\"\/><figcaption class=\"wp-element-caption\">Oferta para a terra<\/figcaption><\/figure>\n<\/div><\/div>\n\n\n\n<div class=\"wp-block-column is-layout-flow wp-block-column-is-layout-flow\"><div class=\"wp-block-image\">\n<figure class=\"aligncenter size-full\"><img loading=\"lazy\" decoding=\"async\" width=\"800\" height=\"1000\" src=\"https:\/\/www.salkantaytrilha.com\/blog\/wp-content\/uploads\/2024\/05\/Dia-Pachamama.jpg\" alt=\"Dia da Pachamama\" class=\"wp-image-109\"\/><figcaption class=\"wp-element-caption\">Dia da Pachamama<\/figcaption><\/figure>\n<\/div><\/div>\n<\/div>\n\n\n\n<h2 class=\"wp-block-heading\" id=\"h-14-de-setembro-senhor-de-huanca\">14 de Setembro: Senhor de Huanca<\/h2>\n\n\n\n<p>O <strong>Senhor de Huanca<\/strong> \u00e9 uma figura religiosa venerada na regi\u00e3o de Cusco, Peru. Seu santu\u00e1rio est\u00e1 localizado no distrito de San Salvador, a aproximadamente 48 quil\u00f4metros a nordeste da cidade de Cusco. Este local sagrado ganhou import\u00e2ncia como centro de peregrina\u00e7\u00e3o e devo\u00e7\u00e3o.<\/p>\n\n\n\n<p>De acordo com a tradi\u00e7\u00e3o, a hist\u00f3ria do <strong>Senhor de Huanca<\/strong> remonta \u00e0 <strong>\u00e9poca colonial<\/strong>, quando se diz que a figura de Cristo apareceu em uma caverna na regi\u00e3o. Desde ent\u00e3o, o local atrai milhares de peregrinos que buscam milagres e prote\u00e7\u00e3o espiritual. A festividade principal em honra ao Senhor de Huanca \u00e9 celebrada no dia <strong>14 de setembro<\/strong>, atraindo fi\u00e9is de v\u00e1rias partes da regi\u00e3o.<\/p>\n\n\n\n<p>O trajeto at\u00e9 o santu\u00e1rio \u00e9 conhecido por sua beleza natural, j\u00e1 que os peregrinos atravessam paisagens montanhosas at\u00e9 chegar \u00e0 caverna onde se venera o Senhor de Huanca. A devo\u00e7\u00e3o a essa figura religiosa se enraizou profundamente na cultura local, tornando-o um local de grande import\u00e2ncia espiritual e cultural na regi\u00e3o de Cusco. Milhares de cusquenhos visitam o santu\u00e1rio para realizar sua peregrina\u00e7\u00e3o.<\/p>\n\n\n\n<h3 class=\"wp-block-heading\">Informa\u00e7\u00f5es-chave da festividade:<\/h3>\n\n\n\n<ul class=\"wp-block-list\">\n<li><strong>Onde acontece?<\/strong> No <strong>Santu\u00e1rio do Senhor de Huanca<\/strong>, localizado na comunidade de <strong>Huanca<\/strong>, distrito de <strong>San Salvador<\/strong>, prov\u00edncia de <strong>Calca<\/strong> (a cerca de <strong>48\u201350 km de Cusco<\/strong>, a <strong>3.100 m \/ 10.171 p\u00e9s<\/strong>). A imagem original est\u00e1 pintada sobre uma rocha dentro de uma caverna.<\/li>\n\n\n\n<li><strong>Or\u00e7amento:<\/strong> A festividade \u00e9 gratuita. Para o transporte: Transporte p\u00fablico (<strong>combi desde Av. Tullumayo ou Calle Pavitos at\u00e9 o desvio para Huanca por $2\u20133 USD<\/strong>, depois t\u00e1xi ou caminhada de 7 km). T\u00e1xi privado: cerca de <strong>$25 USD. <\/strong>Leve dinheiro em esp\u00e9cie para comidas t\u00edpicas como <strong>caldo de galinha, chiriuchu ou cuy assado<\/strong>, vendidos nas feiras.<\/li>\n\n\n\n<li><strong>Como participar?<\/strong> Voc\u00ea pode ir no <strong>dia 14 de setembro<\/strong> para a missa principal e prociss\u00e3o. Se quiser viver a experi\u00eancia completa, junte-se \u00e0 peregrina\u00e7\u00e3o a p\u00e9 desde Cusco (<strong>6\u20138 horas, 48 km<\/strong>). No santu\u00e1rio, visite a <strong>\u201cpedra milagrosa\u201d<\/strong>, recolha <strong>\u00e1gua benta das fontes<\/strong> e explore a feira onde se compram miniaturas que simbolizam <strong>boa sorte<\/strong>. Leve <strong>roupas confort\u00e1veis, \u00e1gua e protetor solar<\/strong>.<\/li>\n<\/ul>\n\n\n\n<figure class=\"wp-block-image size-large\"><img loading=\"lazy\" decoding=\"async\" width=\"1024\" height=\"708\" src=\"https:\/\/www.salkantaytrilha.com\/blog\/wp-content\/uploads\/2026\/04\/santuario-senhor-huanca-cusco-1024x708.jpg\" alt=\"\" class=\"wp-image-6009\"\/><\/figure>\n\n\n<div class=\"wp-block-image\">\n<figure class=\"aligncenter size-large\"><img loading=\"lazy\" decoding=\"async\" width=\"1024\" height=\"576\" src=\"https:\/\/www.salkantaytrilha.com\/blog\/wp-content\/uploads\/2024\/05\/Festival-Senhor-Huanca-1024x576.jpg\" alt=\"Festival do Senhor de Huanca\" class=\"wp-image-110\"\/><figcaption class=\"wp-element-caption\">Festival do Senhor de Huanca<\/figcaption><\/figure>\n<\/div>\n\n\n<h2 class=\"wp-block-heading\" id=\"h-30-de-setembro-san-jeronimo\">30 de setembro: San Jer\u00f3nimo<\/h2>\n\n\n\n<p>A festividade em honra ao Doutor<strong> Patrono San Jer\u00f4nimo<\/strong> ocorre anualmente durante quatro dias, de<strong> 27 a 30 de setembro<\/strong>, sendo este \u00faltimo o dia principal da celebra\u00e7\u00e3o. A imagem do Patrono S\u00e3o Jer\u00f4nimo \u00e9 retirada em prociss\u00e3o duas vezes ao ano, participando tanto das festividades cusquenhas do <strong>Corpus Christi<\/strong> quanto de sua celebra\u00e7\u00e3o patronal no distrito de S\u00e3o Jer\u00f4nimo de Cusco.<\/p>\n\n\n\n<p>A organiza\u00e7\u00e3o desta festa fica a cargo dos mordomos, conhecidos como \u201ccarguyoq\u201d, que assumem a responsabilidade de garantir que ela seja realizada. Al\u00e9m disso, h\u00e1 um carguyoq central, nascido em San Jer\u00f3nimo, encarregado de providenciar as vestes para a imagem do Santo Padroeiro, San Jer\u00f3nimo, e de presidir a missa principal em sua honra.<\/p>\n\n\n\n<p>Os patrocinadores cuidam de toda a organiza\u00e7\u00e3o da celebra\u00e7\u00e3o junto com a Irmandade de Cavaleiros do setor esquerdo e direito (representantes da par\u00f3quia e da Prefeitura Distrital de S\u00e3o Jer\u00f4nimo) e a Associa\u00e7\u00e3o de Dan\u00e7as Folcl\u00f3ricas de S\u00e3o Jer\u00f4nimo, que re\u00fane todos os grupos participantes. Esses grupos se re\u00fanem com anteced\u00eancia para coordenar os detalhes da organiza\u00e7\u00e3o das atividades festivas.<\/p>\n\n\n\n<p>Durante os quatro dias da festividade, o carguyoq central deve fornecer caf\u00e9 da manh\u00e3, almo\u00e7o e jantar aos seus &#8220;hurk&#8217;ados&#8221; (colaboradores que contribuem financeiramente), buscando <strong>reconhecimento social e prest\u00edgio<\/strong> como principal colaborador da festa.<\/p>\n\n\n\n<p>As atividades em honra a S\u00e3o Jer\u00f4nimo incluem uma &#8220;entrada&#8221;, na qual os grupos se re\u00fanem na casa do carguyoq, um desfile desde o campo esportivo de Cajonahuaylla at\u00e9 a igreja de S\u00e3o Jer\u00f4nimo, e celebra\u00e7\u00f5es na pra\u00e7a com comida, dan\u00e7a e m\u00fasica, reservadas para cada grupo e seus convidados.<\/p>\n\n\n\n<h3 class=\"wp-block-heading\">Informa\u00e7\u00f5es-chave da festividade:<\/h3>\n\n\n\n<ul class=\"wp-block-list\">\n<li><strong>Onde acontece?<\/strong> No distrito de <strong>San Jer\u00f3nimo<\/strong>, ao sudeste de Cusco (a cerca de <strong>15\u201320 minutos de \u00f4nibus<\/strong>). As principais atividades acontecem na <strong>Plaza de San Jer\u00f3nimo<\/strong>, na igreja principal e no <strong>campo esportivo de Cajonahuaylla<\/strong> (ponto de in\u00edcio do desfile).<\/li>\n\n\n\n<li><strong>Or\u00e7amento:<\/strong> A festividade \u00e9 gratuita. Considere a partir de <strong>$30 USD por dia<\/strong>, mais o transporte urbano (<strong>aprox. $0,50 USD<\/strong>). Leve dinheiro para experimentar comidas t\u00edpicas oferecidas nas barracas e nas ruas.<\/li>\n\n\n\n<li><strong>Como participar?<\/strong> Voc\u00ea pode ir entre <strong>27 e 30 de setembro<\/strong>. No dia principal (<strong>30<\/strong>), acompanhe o desfile desde Cajonahuaylla at\u00e9 a igreja, veja a entrada das comparsas na pra\u00e7a e aproveite as dan\u00e7as tradicionais como <strong>Qhapaq Negros, Contadores, Qoyacha e Maje\u00f1os<\/strong>. Tamb\u00e9m \u00e9 poss\u00edvel participar das missas e prociss\u00e3o.<\/li>\n<\/ul>\n\n\n\n<figure class=\"wp-block-image size-large\"><img loading=\"lazy\" decoding=\"async\" width=\"1024\" height=\"708\" src=\"https:\/\/www.salkantaytrilha.com\/blog\/wp-content\/uploads\/2026\/04\/padroeiro-sao-jeronimo-cusco-1024x708.jpg\" alt=\"\" class=\"wp-image-6006\"\/><\/figure>\n\n\n\n<h2 class=\"wp-block-heading\" id=\"h-1\u00ba-de-novembro-todos-os-santos\">1\u00ba de novembro: Todos os Santos<\/h2>\n\n\n\n<p>Cada <strong>1\u00ba de novembro<\/strong>, comemora-se o <strong>Dia de Todos os Santos<\/strong>, tanto no Peru quanto nas na\u00e7\u00f5es com forte tradi\u00e7\u00e3o cat\u00f3lica na Am\u00e9rica Latina e no mundo. Inicialmente, esta festividade estava estreitamente ligada aos santos, mas ao longo do tempo evoluiu.<\/p>\n\n\n\n<p>Esta celebra\u00e7\u00e3o, originalmente observada pelos fi\u00e9is da Igreja Cat\u00f3lica, consistia em demonstrar respeito pelas almas daqueles que foram beatificados. Por isso, \u00e9 denominado Dia de Todos os Santos, para honrar os beatos e santos canonizados que desfrutam da vida eterna junto ao Criador. No entanto, com o passar do tempo, o significado dessa festividade tamb\u00e9m passou a incluir uma <strong>homenagem aos entes queridos<\/strong> que j\u00e1 n\u00e3o est\u00e3o entre n\u00f3s.<\/p>\n\n\n\n<p>A principal atividade do dia 1\u00ba de novembro \u00e9 a<strong> visita aos cemit\u00e9rios<\/strong>. As fam\u00edlias se re\u00fanem para lembrar os entes falecidos e levam oferendas para decorar os t\u00famulos, como ramos de flores, cartas escritas, bal\u00f5es, alimentos e objetos que a pessoa gostava, para que possa desfrut\u00e1-los onde quer que esteja.<\/p>\n\n\n\n<p>Em<strong> Cusco<\/strong>, realiza-se a cerim\u00f4nia do batismo da <strong><em>tantawawa<\/em><\/strong>, um beb\u00ea feito de p\u00e3o, uma tradi\u00e7\u00e3o familiar que est\u00e1 desaparecendo com o tempo e que se busca preservar. Durante a cerim\u00f4nia, h\u00e1 uma s\u00e1tira com um falso sacerdote e seu assistente, que durante a &#8220;missa&#8221; comprometem os padrinhos a cumprir uma s\u00e9rie de promessas para os &#8220;afilhados&#8221;. Ap\u00f3s a cerim\u00f4nia, come\u00e7a a festa e a dan\u00e7a, onde as <em>tantawawas<\/em>, cheias de doces e chocolates, s\u00e3o entregues \u00e0s meninas, enquanto os cavalos (tamb\u00e9m feitos de p\u00e3o) s\u00e3o dados aos meninos. As <strong><em>tantawawas<\/em><\/strong> e os coloridos &#8220;p\u00e3o cavalos&#8221; s\u00e3o irresist\u00edveis para as crian\u00e7as da fam\u00edlia, e em muitos lugares preparam-se <em>tantawawas<\/em> enormes.<\/p>\n\n\n\n<ul class=\"wp-block-list\">\n<li><strong>Compre seu Pan Wawa<\/strong>: Em mercados locais como o Mercado San Pedro ou nas padarias tradicionais, voc\u00ea pode adquirir esse delicioso e divertido p\u00e3o. Seu formato&nbsp; vai te surpreender!<\/li>\n<\/ul>\n\n\n\n<p>Quanto \u00e0 comida t\u00edpica do Dia de Todos os Santos, \u00e9 muito comum comer carne de porco. Em v\u00e1rios mercados e pra\u00e7as, como a Pra\u00e7a Tupac Amaru, h\u00e1 bancas improvisadas que oferecem o delicioso leit\u00e3o, um prato feito de carne de porco assada no forno, al\u00e9m de tamales de milho cusquenho.<\/p>\n\n\n\n<h3 class=\"wp-block-heading\">Informa\u00e7\u00f5es-chave da festividade:<\/h3>\n\n\n\n<ul class=\"wp-block-list\">\n<li><strong>Onde acontece?<\/strong> Em todos os <strong>cemit\u00e9rios de Cusco e seus distritos<\/strong>, especialmente no <strong>Cemit\u00e9rio La Almudena<\/strong> e no <strong>Cemit\u00e9rio de San Jer\u00f3nimo<\/strong>. A tradi\u00e7\u00e3o das <strong>tantawawas<\/strong> tamb\u00e9m \u00e9 vivida em mercados como <strong>San Pedro<\/strong> e em pra\u00e7as como <strong>T\u00fapac Amaru<\/strong>.<\/li>\n\n\n\n<li><strong>Or\u00e7amento:<\/strong> A visita \u00e9 gratuita. Considere gastos com: Flores (<strong>$3\u20135 USD<\/strong>). Tantawawas (<strong>$2\u20135 USD<\/strong>). Comida t\u00edpica como <strong>lech\u00f3n ou tamales<\/strong> (<strong>$5\u201310 USD<\/strong>). Or\u00e7amento base di\u00e1rio: a partir de <strong>$25 USD<\/strong>.<\/li>\n\n\n\n<li><strong>Como participar?<\/strong> Visite os cemit\u00e9rios na manh\u00e3 de <strong>1\u00ba de novembro<\/strong> para ver as fam\u00edlias decorando as tumbas. V\u00e1 ao <strong>Mercado San Pedro<\/strong> para provar as tradicionais tantawawas e outros p\u00e3es t\u00edpicos. Tamb\u00e9m vale experimentar o <strong>lech\u00f3n<\/strong> nas feiras gastron\u00f4micas.<\/li>\n<\/ul>\n\n\n<div class=\"wp-block-image\">\n<figure class=\"aligncenter size-large\"><img loading=\"lazy\" decoding=\"async\" width=\"1024\" height=\"653\" src=\"https:\/\/www.salkantaytrilha.com\/blog\/wp-content\/uploads\/2024\/05\/Tanta-Wawa-tradicao-vivos-mortos-1024x653.jpg\" alt=\"T'anta Wawa: Uma tradi\u00e7\u00e3o que une os vivos e os mortos\" class=\"wp-image-113\"\/><figcaption class=\"wp-element-caption\">T&#8217;anta Wawa: Uma tradi\u00e7\u00e3o que une os vivos e os mortos<\/figcaption><\/figure>\n<\/div>\n\n<div class=\"wp-block-image\">\n<figure class=\"aligncenter size-large\"><img loading=\"lazy\" decoding=\"async\" width=\"1024\" height=\"666\" src=\"https:\/\/www.salkantaytrilha.com\/blog\/wp-content\/uploads\/2024\/05\/Dia-Todos-Santos-Praca-principal-Cusco-1024x666.jpg\" alt=\"Dia de Todos os Santos - Pra\u00e7a principal de Cusco\" class=\"wp-image-114\"\/><figcaption class=\"wp-element-caption\">Dia de Todos os Santos &#8211; Pra\u00e7a principal de Cusco<\/figcaption><\/figure>\n<\/div>\n\n\n<h2 class=\"wp-block-heading\" id=\"h-24-de-dezembro-santurantikuy\">24 de dezembro: Santurantikuy<\/h2>\n\n\n\n<p>A cidade de Cusco, Peru, abriga a tradicional feira de artesanato chamada <a href=\"https:\/\/www.salkantaytrilha.com\/blog\/natal-e-ano-novo-em-cusco-viva-uma-experiencia-inesquecivel-nos-andes-peruanos\/\" target=\"_blank\" rel=\"noreferrer noopener\"><strong>Santurantikuy<\/strong><\/a>. Esta feira ocorre na Pra\u00e7a de Armas de Cusco no dia <strong>24 de dezembro<\/strong>, v\u00e9spera de <strong>Natal<\/strong>. O nome &#8220;Santurantikuy&#8221; vem do quechua e significa &#8220;venda de santos&#8221;. Os artes\u00e3os locais se re\u00fanem neste evento na pra\u00e7a principal para vender uma grande variedade de itens, como <a href=\"https:\/\/www.salkantaytrilha.com\/blog\/artesanias-cusquenhas-quem-nao-quer-a-sua\/\" target=\"_blank\" rel=\"noreferrer noopener\"><strong>artesanatos<\/strong><\/a>, brinquedos, roupas e, especialmente, figuras e objetos religiosos relacionados ao Natal.<\/p>\n\n\n\n<p>Um dos destaques do Santurantikuy \u00e9 a venda de pres\u00e9pios ou &#8220;pesebres&#8221; (cenas que representam o nascimento de Jesus) e a venda dos <em>Manuelitos<\/em>, figuras do Menino Jesus com tra\u00e7os andinos. Outras figuras religiosas, como a Virgem Maria ou os Reis Magos, tamb\u00e9m s\u00e3o encontradas para decorar as casas durante a temporada natalina.<\/p>\n\n\n\n<p>Numerosos visitantes locais e turistas visitam a feira em busca de produtos artesanais \u00fanicos e tradicionais para as suas celebra\u00e7\u00f5es de Natal. O <strong>Santurantikuy<\/strong> n\u00e3o \u00e9 apenas um mercado, mas um evento que tamb\u00e9m oferece atividades culturais, m\u00fasica e recrea\u00e7\u00e3o para toda a fam\u00edlia.<\/p>\n\n\n\n<p>Aproveite este evento natalino \u00fanico, que combina na perfei\u00e7\u00e3o o esp\u00edrito do Natal e elementos fundamentais da religi\u00e3o cat\u00f3lica com a tradi\u00e7\u00e3o andina e os costumes t\u00edpicos da regi\u00e3o.&nbsp;<\/p>\n\n\n\n<h3 class=\"wp-block-heading\">Informa\u00e7\u00f5es-chave da festividade:<\/h3>\n\n\n\n<ul class=\"wp-block-list\">\n<li><strong>Onde acontece?<\/strong> No dia <strong>24 de dezembro<\/strong>, na <strong>Plaza de Armas de Cusco<\/strong> e seus arredores. Os artes\u00e3os ocupam a pra\u00e7a, a fonte central e ruas como <strong>Plateros<\/strong> e <strong>Santa Catalina<\/strong>.<\/li>\n\n\n\n<li><strong>Or\u00e7amento:<\/strong> Entrada gratuita. Pre\u00e7os aproximados: \u201cManuelitos\u201d: <strong>$5\u201310 USD. <\/strong>Pres\u00e9pios: <strong>$20\u201350 USD. <\/strong>Pe\u00e7as especiais: acima de <strong>$100 USD. <\/strong>Leve dinheiro em soles. Or\u00e7amento di\u00e1rio: a partir de <strong>$20 USD<\/strong>.<\/li>\n\n\n\n<li><strong>Como participar?<\/strong> Passeie pela pra\u00e7a e explore as barracas. Voc\u00ea pode comprar figuras do pres\u00e9pio como o <strong>Menino Manuelito (com tra\u00e7os andinos)<\/strong>, al\u00e9m de observar os artes\u00e3os trabalhando ao vivo e aproveitar o ambiente natalino.<\/li>\n<\/ul>\n\n\n<div class=\"wp-block-image\">\n<figure class=\"aligncenter size-large\"><img loading=\"lazy\" decoding=\"async\" width=\"1024\" height=\"576\" src=\"https:\/\/www.salkantaytrilha.com\/blog\/wp-content\/uploads\/2024\/05\/Festival-Santurantikuy-1024x576.jpg\" alt=\"Festival Santurantikuy\" class=\"wp-image-115\"\/><figcaption class=\"wp-element-caption\">Festival Santurantikuy<\/figcaption><\/figure>\n<\/div>\n\n\n<h2 class=\"wp-block-heading\" id=\"h-31-de-dezembro-ano-novo\">31 de dezembro: Ano Novo<\/h2>\n\n\n\n<p>A celebra\u00e7\u00e3o do <a href=\"https:\/\/www.salkantaytrilha.com\/blog\/natal-e-ano-novo-em-cusco-viva-uma-experiencia-inesquecivel-nos-andes-peruanos\/\" target=\"_blank\" rel=\"noreferrer noopener\"><strong>Ano Novo em Cusco<\/strong><\/a> \u00e9 uma experi\u00eancia \u00fanica que mistura as tradi\u00e7\u00f5es culturais ancestrais com a energia festiva da cidade imperial. Durante esta \u00e9poca do ano, a Pra\u00e7a de Armas de Cusco se transforma em um local vibrante de encontro, adornado com luzes natalinas e decora\u00e7\u00f5es que conferem uma atmosfera de encanto. Moradores e visitantes se re\u00fanem aqui para dar as boas-vindas ao novo ano com muita m\u00fasica e um enorme espet\u00e1culo de fogos de artif\u00edcio.<\/p>\n\n\n\n<p>Al\u00e9m das festividades na<strong> Pra\u00e7a de Armas<\/strong>, Cusco oferece uma ampla gama de op\u00e7\u00f5es para celebrar o Ano Novo. Desde jantares elegantes em restaurantes at\u00e9 animadas festas de rua e eventos especiais em bares e boates, h\u00e1 sempre algo para todos os gostos e prefer\u00eancias. Os viajantes podem se imergir na vida noturna da cidade ou aproveitar a atmosfera festiva enquanto exploram as ruas iluminadas e os mercados cheios de produtos locais e souvenirs.<\/p>\n\n\n\n<p>Uma tradi\u00e7\u00e3o muito comum \u00e9 realizar uma s\u00e9rie de rituais para come\u00e7ar o ano com sorte. Aqui est\u00e3o alguns deles:<\/p>\n\n\n\n<ul class=\"wp-block-list\">\n<li><strong>Vestir roupas amarelas<\/strong>: O amarelo est\u00e1 associado \u00e0 boa sorte e \u00e0 abund\u00e2ncia, por isso muitas pessoas usam roupas ou acess\u00f3rios amarelos neste dia.<\/li>\n\n\n\n<li><strong>Comer 12 uvas<\/strong>: Cada uva representa um desejo ou um objetivo a ser cumprido durante os meses do pr\u00f3ximo ano.<\/li>\n\n\n\n<li><strong>Dar uma volta no bairro com uma mala<\/strong>: Nos primeiros minutos do ano, deve-se dar uma volta na quadra para atrair novas viagens e aventuras.<\/li>\n\n\n\n<li><strong>Esconder-se debaixo da mesa<\/strong>: Esconder-se debaixo da mesa \u00e0 meia-noite ou comer as uvas embaixo da mesa para atrair o amor.<\/li>\n\n\n\n<li><strong>Lan\u00e7ar lentilhas<\/strong>: Por sua forma arredondada e parecida com moedas, as lentilhas s\u00e3o consideradas um s\u00edmbolo de riqueza. Muitas pessoas as lan\u00e7am no ar para atrair uma &#8220;chuva de prosperidade&#8221; no pr\u00f3ximo ano.<\/li>\n<\/ul>\n\n\n\n<p>Para quem busca uma experi\u00eancia mais tranquila, os arredores de Cusco oferecem oportunidades para explorar a natureza e a hist\u00f3ria da regi\u00e3o. Desde excurs\u00f5es \u00e0s ru\u00ednas incas pr\u00f3ximas, at\u00e9 caminhadas pelos impressionantes cen\u00e1rios dos Andes, h\u00e1 muitas maneiras de se conectar com a beleza e a serenidade dos arredores da cidade.<\/p>\n\n\n\n<ul class=\"wp-block-list\">\n<li><strong>Comemore o Ano Novo em Machu Picchu <\/strong>para dar in\u00edcio a um novo ciclo em meio \u00e0 natureza e num dos lugares com mais energia do planeta. Os viajantes sa\u00fadam o ano novo desfrutando de vistas espetaculares, respirando o ar fresco e se maravilhando com a rica hist\u00f3ria e cultura da regi\u00e3o.<\/li>\n<\/ul>\n\n\n\n<h3 class=\"wp-block-heading\">Informa\u00e7\u00f5es-chave da festividade:<\/h3>\n\n\n\n<ul class=\"wp-block-list\">\n<li><strong>Onde acontece?<\/strong> O epicentro \u00e9 a <strong>Plaza de Armas de Cusco<\/strong>, decorada com luzes e onde locais e visitantes se re\u00fanem para os <strong>fogos de artif\u00edcio<\/strong>. Tamb\u00e9m h\u00e1 festas em bares, restaurantes e discotecas, e muitos escolhem celebrar em <strong>Machu Picchu<\/strong> ou em excurs\u00f5es pr\u00f3ximas.<\/li>\n\n\n\n<li><strong>Or\u00e7amento:<\/strong> A celebra\u00e7\u00e3o na pra\u00e7a \u00e9 gratuita. Jantar em restaurante: <strong>$30\u201380 USD. <\/strong>Baladas: <strong>$15\u201330 USD. <\/strong>Viagem a Machu Picchu: a partir de <strong>$200\u2013300 USD adicionais<\/strong><\/li>\n\n\n\n<li><strong>Como participar?<\/strong> Chegue \u00e0 pra\u00e7a antes da meia-noite do <strong>31 de dezembro<\/strong>. Use <strong>roupa \u00edntima amarela para sorte<\/strong>, coma <strong>12 uvas<\/strong> a cada badalada e, se quiser viajar mais no pr\u00f3ximo ano, d\u00ea uma volta no quarteir\u00e3o com uma mala. Tamb\u00e9m \u00e9 comum jogar lentilhas ou fazer rituais para o amor.<\/li>\n<\/ul>\n\n\n<div class=\"wp-block-image\">\n<figure class=\"aligncenter size-large\"><img loading=\"lazy\" decoding=\"async\" width=\"1024\" height=\"576\" src=\"https:\/\/www.salkantaytrilha.com\/blog\/wp-content\/uploads\/2024\/05\/Ano-Novo-Cusco-1024x576.jpg\" alt=\"Ano Novo em Cusco\" class=\"wp-image-116\"\/><figcaption class=\"wp-element-caption\">Ano Novo em Cusco<\/figcaption><\/figure>\n<\/div>\n\n\n<h2 class=\"wp-block-heading\" id=\"h-qual-festa-escolher-de-acordo-com-o-seu-estilo-de-viajante\">Qual festa escolher de acordo com o seu estilo de viajante?<\/h2>\n\n\n\n<p>Com tantas celebra\u00e7\u00f5es em Cusco, escolher a festa certa pode fazer toda a diferen\u00e7a na sua experi\u00eancia. Para te ajudar, preparamos este guia r\u00e1pido que mostra, de forma simples, qual \u00e9 a melhor op\u00e7\u00e3o de acordo com seus interesses e estilo de viagem.<\/p>\n\n\n\n<figure class=\"wp-block-table table-orange\"><table class=\"has-fixed-layout\"><tbody><tr><td><strong>Festa<\/strong><\/td><td><strong>Tipo de viajante<\/strong><\/td><\/tr><tr><td><strong>Inti Raymi<\/strong><\/td><td><strong>Cultural:<\/strong> A maior representa\u00e7\u00e3o do Imp\u00e9rio Inca e a festa mais importante da tradi\u00e7\u00e3o inca.<\/td><\/tr><tr><td><strong>Senhor de Qoyllur Rit\u2019i<\/strong><\/td><td><strong>Espiritual:<\/strong> Uma experi\u00eancia de peregrina\u00e7\u00e3o profunda, aut\u00eantica e emocionante.<\/td><\/tr><tr><td><strong>Virgen del Carmen<\/strong><\/td><td><strong>Espiritual e fotografia:<\/strong> Um evento visualmente impressionante, cheio de cores, m\u00e1scaras e dan\u00e7as \u00fanicas.<\/td><\/tr><tr><td><strong>Corpus Christi<\/strong><\/td><td><strong>Gastronomia:<\/strong> A oportunidade perfeita para provar o prato t\u00edpico tradicional chamado <strong>chiriuchu<\/strong>.<\/td><\/tr><tr><td><strong>Santurantikuy<\/strong><\/td><td><strong>Cultural:<\/strong> Uma feira ideal para comprar artesanato natalino exclusivo e pe\u00e7as de arte local.<\/td><\/tr><tr><td><strong>Semana Santa<\/strong><\/td><td><strong>Cultural e espiritual:<\/strong> Uma celebra\u00e7\u00e3o mais solene, geralmente com menos multid\u00f5es intensas.<\/td><\/tr><\/tbody><\/table><\/figure>\n\n\n\n<figure class=\"wp-block-image size-large\"><img loading=\"lazy\" decoding=\"async\" width=\"1024\" height=\"708\" src=\"https:\/\/www.salkantaytrilha.com\/blog\/wp-content\/uploads\/2026\/04\/incas-turistas-intiraymi-1024x708.jpg\" alt=\"\" class=\"wp-image-6003\"\/><\/figure>\n\n\n\n<h2 class=\"wp-block-heading\" id=\"h-dicas-para-aproveitar-as-festas-de-cusco\">Dicas para aproveitar as festas de Cusco<\/h2>\n\n\n\n<p>Para curtir as festividades de Cusco sem imprevistos, siga estas recomenda\u00e7\u00f5es:<\/p>\n\n\n\n<ul class=\"wp-block-list\">\n<li><strong>Valorize a autenticidade.<\/strong> As festas s\u00e3o express\u00f5es culturais vivas. Aproxime-se com respeito, observe, aprenda e pergunte com gentileza se quiser entender melhor as tradi\u00e7\u00f5es locais.<\/li>\n\n\n\n<li><strong>Respeite as cerim\u00f4nias.<\/strong> Durante prociss\u00f5es ou rituais religiosos, evite interromper e seja discreto ao tirar fotos, especialmente de dan\u00e7arinos e participantes devotos.<\/li>\n\n\n\n<li><strong>Prepare-se para o clima.<\/strong> O clima em Cusco pode mudar rapidamente. Leve protetor solar, chap\u00e9u, roupas em camadas e um imperme\u00e1vel ou guarda-chuva.<\/li>\n\n\n\n<li><strong>Leve dinheiro em esp\u00e9cie.<\/strong> Muitas barracas de comida, artesanato e bebidas n\u00e3o aceitam cart\u00e3o. Ter notas pequenas facilita compras e apoia os vendedores locais.<\/li>\n\n\n\n<li><strong>Caminhe com aten\u00e7\u00e3o.<\/strong> Durante as festas, o fluxo de pessoas e o com\u00e9rcio de rua aumentam, especialmente no centro hist\u00f3rico. Ande com calma e cuide dos seus pertences.<\/li>\n\n\n\n<li><strong>Fique em \u00e1reas seguras.<\/strong> O centro hist\u00f3rico costuma ser a \u00e1rea mais segura durante as celebra\u00e7\u00f5es. Se for a bairros mais afastados, v\u00e1 em grupo ou com um tour organizado.<\/li>\n\n\n\n<li><strong>Chegue cedo aos eventos.<\/strong> Prociss\u00f5es e apresenta\u00e7\u00f5es populares atraem grandes multid\u00f5es. Chegar cedo garante melhores lugares.<\/li>\n\n\n\n<li><strong>Aclimate-se e hidrate-se.<\/strong> Cusco est\u00e1 a mais de <strong>3.300 m de altitude<\/strong>, ent\u00e3o beba \u00e1gua, experimente ch\u00e1 de coca e evite excessos no primeiro dia para prevenir o mal de altitude.<\/li>\n\n\n\n<li><strong>Pergunte e aprenda.<\/strong> Os cusquenhos costumam compartilhar com orgulho o significado de suas dan\u00e7as, vestimentas e rituais \u2014 basta perguntar com respeito.<\/li>\n<\/ul>\n\n\n\n<figure class=\"wp-block-image size-large\"><img loading=\"lazy\" decoding=\"async\" width=\"1024\" height=\"708\" src=\"https:\/\/www.salkantaytrilha.com\/blog\/wp-content\/uploads\/2026\/04\/turistas-praca-cusco-mapa-1024x708.jpg\" alt=\"\" class=\"wp-image-6011\"\/><\/figure>\n\n\n\n<h2 class=\"wp-block-heading\">Perguntas frequentes<\/h2>\n\n\n\n<div class=\"schema-faq wp-block-yoast-faq-block\"><div class=\"schema-faq-section\" id=\"faq-question-1775931317684\"><strong class=\"schema-faq-question\">Quais s\u00e3o as festas mais importantes de Cusco?<\/strong> <p class=\"schema-faq-answer\">As tr\u00eas principais s\u00e3o: <strong>Inti Raymi (24 de junho, em Sacsayhuam\u00e1n)<\/strong>, <strong>Senhor de Qoyllur Rit\u2019i (maio\/junho, peregrina\u00e7\u00e3o ao nevado Sinakara)<\/strong> e <strong>Corpus Christi (junho, prociss\u00e3o de 15 santos pela Plaza de Armas)<\/strong>.<\/p> <\/div> <div class=\"schema-faq-section\" id=\"faq-question-1775931327471\"><strong class=\"schema-faq-question\">Qual \u00e9 o melhor m\u00eas para visitar Cusco e suas festas?<\/strong> <p class=\"schema-faq-answer\">Sem d\u00favida, <strong>junho<\/strong> \u00e9 o m\u00eas mais importante do calend\u00e1rio festivo, reunindo Inti Raymi, Corpus Christi e Qoyllur Rit\u2019i. Se preferir menos multid\u00f5es, <strong>julho<\/strong> (Virgen del Carmen) e <strong>dezembro<\/strong> (Santurantikuy) s\u00e3o \u00f3timas alternativas.<\/p> <\/div> <div class=\"schema-faq-section\" id=\"faq-question-1775931336932\"><strong class=\"schema-faq-question\">As festas em Cusco s\u00e3o s\u00f3 para locais ou turistas podem participar?<\/strong> <p class=\"schema-faq-answer\">Claro que podem! Quase todas as festividades s\u00e3o abertas ao p\u00fablico. Prociss\u00f5es e dan\u00e7as de rua s\u00e3o gratuitas. Apenas eventos como o Inti Raymi em Sacsayhuam\u00e1n exigem ingresso. Os moradores recebem muito bem visitantes respeitosos.<\/p> <\/div> <div class=\"schema-faq-section\" id=\"faq-question-1775931348965\"><strong class=\"schema-faq-question\">Qual \u00e9 a maior festa de Cusco?<\/strong> <p class=\"schema-faq-answer\">O <strong>Inti Raymi (Festa do Sol)<\/strong>, celebrado em 24 de junho, \u00e9 a maior e mais espetacular celebra\u00e7\u00e3o. Recria uma cerim\u00f4nia inca com centenas de participantes em Sacsayhuam\u00e1n e atrai milhares de visitantes todos os anos.<\/p> <\/div> <div class=\"schema-faq-section\" id=\"faq-question-1775931361814\"><strong class=\"schema-faq-question\">Como s\u00e3o os carnavais em Cusco?<\/strong> <p class=\"schema-faq-answer\">O <strong>Carnaval cusquenho (fevereiro)<\/strong> \u00e9 cheio de alegria, com brincadeiras de \u00e1gua, bal\u00f5es e tinta. Um destaque \u00e9 a <strong>yunza (cortamonte)<\/strong>, onde as pessoas dan\u00e7am ao redor de uma \u00e1rvore decorada at\u00e9 derrub\u00e1-la e recolher os presentes.<\/p> <\/div> <\/div>\n\n\n\n<h2 class=\"wp-block-heading\">Planeje sua viagem e viva a magia de Cusco!<\/h2>\n\n\n\n<p>Ao longo deste percurso pelo calend\u00e1rio festivo de Cusco, fica claro que essa cidade milenar n\u00e3o encanta apenas por sua arquitetura e hist\u00f3ria \u2014 ela <strong>vive e respira cultura o ano inteiro<\/strong>. Desde a grandiosidade do <strong>Inti Raymi<\/strong> at\u00e9 a profunda espiritualidade da peregrina\u00e7\u00e3o ao <strong>Senhor de Qoyllur Rit\u2019i<\/strong>, cada celebra\u00e7\u00e3o \u00e9 uma janela \u00fanica para a cultura andina.<\/p>\n\n\n\n<p>Agora que voc\u00ea j\u00e1 conhece as principais festividades de Cusco, <strong>complemente sua viagem com um <\/strong><a href=\"https:\/\/www.salkantaytrilha.com\/tradicional\/cusco\/city-tour-cusco\/\" target=\"_blank\" rel=\"noreferrer noopener\"><strong>city tour<\/strong><\/a><strong>pelo centro hist\u00f3rico<\/strong> e descubra a hist\u00f3ria de suas ruas antes de viver as celebra\u00e7\u00f5es no cora\u00e7\u00e3o do antigo Imp\u00e9rio Inca.<\/p>\n\n\n\n<figure class=\"wp-block-image size-large\"><img loading=\"lazy\" decoding=\"async\" width=\"1024\" height=\"708\" src=\"https:\/\/www.salkantaytrilha.com\/blog\/wp-content\/uploads\/2026\/04\/lancamento-intiraymi-cusco-1024x708.jpg\" alt=\"\" class=\"wp-image-6004\"\/><\/figure>\n\n\n\n<h2 class=\"wp-block-heading\">Pode te interessar:<\/h2>\n\n\n\n<ul class=\"wp-block-list\">\n<li><a href=\"https:\/\/www.salkantaytrilha.com\/blog\/como-chegar-a-cusco\/\" target=\"_blank\" rel=\"noreferrer noopener\"><strong>Como chegar a Cusco?<\/strong><\/a><\/li>\n\n\n\n<li><a href=\"https:\/\/www.salkantaytrilha.com\/blog\/as-melhores-coisas-para-fazer-em-cusco-peru\/\" target=\"_blank\" rel=\"noreferrer noopener\"><strong>As melhores coisas para fazer em Cusco, Peru<\/strong><\/a><\/li>\n\n\n\n<li><a href=\"https:\/\/www.salkantaytrilha.com\/blog\/guia-essencial-de-cusco\/\" target=\"_blank\" rel=\"noreferrer noopener\"><strong>Guia essencial de Cusco: Dicas e recomenda\u00e7\u00f5es para sua viagem<\/strong><\/a><\/li>\n<\/ul>\n\n\n\n<div class=\"wp-block-columns is-layout-flex wp-container-core-columns-is-layout-9d6595d7 wp-block-columns-is-layout-flex\">\n<div class=\"wp-block-column is-layout-flow wp-block-column-is-layout-flow\">\n<ul class=\"wp-block-list lang\">\n<li class=\"en\"><a href=\"https:\/\/www.salkantaytrekking.com\/blog\/cusco-festivities\/\">EN<\/a><\/li>\n\n\n\n<li class=\"es\"><a href=\"https:\/\/www.caminosalkantay.com\/blog\/festividades-en-cusco\/\">ES<\/a><\/li>\n<\/ul>\n<\/div>\n<\/div>\n\n\n\n<p><\/p>\n","protected":false},"excerpt":{"rendered":"<p>Bem-vindos \u00e0s espetaculares festas de Cusco para 2026! Cada m\u00eas desse novo ano, a cidade vai se encher de magia, cor, cultura e hist\u00f3ria oferecendo uma s\u00e9rie de eventos repletos de tradi\u00e7\u00e3o e alegria. Este ano, vamos nos vestir de [&hellip;]<\/p>\n","protected":false},"author":1,"featured_media":6005,"comment_status":"open","ping_status":"open","sticky":false,"template":"","format":"standard","meta":{"footnotes":""},"categories":[1333,1331],"tags":[18,26,21,25,24,19,20,22],"class_list":["post-87","post","type-post","status-publish","format-standard","has-post-thumbnail","hentry","category-dicas-de-viagem-no-peru","category-viagem-em-cusco","tag-calendario-das-festas-de-cusco","tag-calendario-festas-cusco","tag-carnaval-em-cusco","tag-celebracoes-em-cusco","tag-ferias-em-cusco","tag-festa-de-reis","tag-sao-sebastiao","tag-semana-santa"],"yoast_head":"<!-- This site is optimized with the Yoast SEO Premium plugin v27.4 (Yoast SEO v27.4) - https:\/\/yoast.com\/product\/yoast-seo-premium-wordpress\/ -->\n<title>Fiestas del Cusco 2026: Calend\u00e1rio completo das festividades<\/title>\n<meta name=\"description\" content=\"Descubra as Festas em Cusco em 2026, repletas de cores, cultura e tradi\u00e7\u00e3o que encantam visitantes de todo o mundo.\" \/>\n<meta name=\"robots\" content=\"index, follow, max-snippet:-1, max-image-preview:large, max-video-preview:-1\" \/>\n<link rel=\"canonical\" href=\"https:\/\/www.salkantaytrilha.com\/blog\/festas-de-cusco\/\" \/>\n<meta property=\"og:locale\" content=\"pt_BR\" \/>\n<meta property=\"og:type\" content=\"article\" \/>\n<meta property=\"og:title\" content=\"Guia completo das Festas de Cusco: Calend\u00e1rio, Datas e Tradi\u00e7\u00f5es\" \/>\n<meta property=\"og:description\" content=\"Descubra as Festas em Cusco em 2026, repletas de cores, cultura e tradi\u00e7\u00e3o que encantam visitantes de todo o mundo.\" \/>\n<meta property=\"og:url\" content=\"https:\/\/www.salkantaytrilha.com\/blog\/festas-de-cusco\/\" \/>\n<meta property=\"og:site_name\" content=\"informa\u00e7\u00f5es de viagens\" \/>\n<meta property=\"article:publisher\" content=\"https:\/\/www.facebook.com\/SalkantayTrekking\/\" \/>\n<meta property=\"article:published_time\" content=\"2026-04-11T19:19:07+00:00\" \/>\n<meta property=\"article:modified_time\" content=\"2026-04-11T19:19:10+00:00\" \/>\n<meta property=\"og:image\" content=\"https:\/\/www.salkantaytrilha.com\/blog\/wp-content\/uploads\/2024\/05\/Calendario-das-festas-de-Cusco.jpg\" \/>\n\t<meta property=\"og:image:width\" content=\"1920\" \/>\n\t<meta property=\"og:image:height\" content=\"1249\" \/>\n\t<meta property=\"og:image:type\" content=\"image\/jpeg\" \/>\n<meta name=\"author\" content=\"Trilha Salkantay\" \/>\n<meta name=\"twitter:card\" content=\"summary_large_image\" \/>\n<meta name=\"twitter:creator\" content=\"@salkantayperu\" \/>\n<meta name=\"twitter:site\" content=\"@salkantayperu\" \/>\n<meta name=\"twitter:label1\" content=\"Escrito por\" \/>\n\t<meta name=\"twitter:data1\" content=\"Trilha Salkantay\" \/>\n\t<meta name=\"twitter:label2\" content=\"Est. tempo de leitura\" \/>\n\t<meta name=\"twitter:data2\" content=\"54 minutos\" \/>\n<script type=\"application\/ld+json\" class=\"yoast-schema-graph\">{\"@context\":\"https:\\\/\\\/schema.org\",\"@graph\":[{\"@type\":\"Article\",\"@id\":\"https:\\\/\\\/www.salkantaytrilha.com\\\/blog\\\/festas-de-cusco\\\/#article\",\"isPartOf\":{\"@id\":\"https:\\\/\\\/www.salkantaytrilha.com\\\/blog\\\/festas-de-cusco\\\/\"},\"author\":{\"name\":\"Trilha Salkantay\",\"@id\":\"https:\\\/\\\/www.salkantaytrilha.com\\\/blog\\\/#\\\/schema\\\/person\\\/aa0e6175beac59e6519e5407b3d13d0d\"},\"headline\":\"Guia completo das Festas de Cusco: Calend\u00e1rio, Datas e Tradi\u00e7\u00f5es\",\"datePublished\":\"2026-04-11T19:19:07+00:00\",\"dateModified\":\"2026-04-11T19:19:10+00:00\",\"mainEntityOfPage\":{\"@id\":\"https:\\\/\\\/www.salkantaytrilha.com\\\/blog\\\/festas-de-cusco\\\/\"},\"wordCount\":9613,\"commentCount\":0,\"publisher\":{\"@id\":\"https:\\\/\\\/www.salkantaytrilha.com\\\/blog\\\/#organization\"},\"image\":{\"@id\":\"https:\\\/\\\/www.salkantaytrilha.com\\\/blog\\\/festas-de-cusco\\\/#primaryimage\"},\"thumbnailUrl\":\"https:\\\/\\\/www.salkantaytrilha.com\\\/blog\\\/wp-content\\\/uploads\\\/2026\\\/04\\\/mulher-carnaval-cusco-danca.jpg\",\"keywords\":[\"Calend\u00e1rio das festas de Cusco\",\"Calend\u00e1rio festas Cusco\",\"Carnaval em Cusco\",\"Celebra\u00e7\u00f5es em Cusco\",\"F\u00e9rias em Cusco\",\"Festa de Reis\",\"S\u00e3o Sebasti\u00e3o\",\"Semana Santa\"],\"articleSection\":[\"Dicas de Viagem no Peru\",\"Viagem em Cusco\"],\"inLanguage\":\"pt-BR\",\"potentialAction\":[{\"@type\":\"CommentAction\",\"name\":\"Comment\",\"target\":[\"https:\\\/\\\/www.salkantaytrilha.com\\\/blog\\\/festas-de-cusco\\\/#respond\"]}],\"accessibilityFeature\":[\"tableOfContents\"]},{\"@type\":[\"WebPage\",\"FAQPage\"],\"@id\":\"https:\\\/\\\/www.salkantaytrilha.com\\\/blog\\\/festas-de-cusco\\\/\",\"url\":\"https:\\\/\\\/www.salkantaytrilha.com\\\/blog\\\/festas-de-cusco\\\/\",\"name\":\"Fiestas del Cusco 2026: Calend\u00e1rio completo das festividades\",\"isPartOf\":{\"@id\":\"https:\\\/\\\/www.salkantaytrilha.com\\\/blog\\\/#website\"},\"primaryImageOfPage\":{\"@id\":\"https:\\\/\\\/www.salkantaytrilha.com\\\/blog\\\/festas-de-cusco\\\/#primaryimage\"},\"image\":{\"@id\":\"https:\\\/\\\/www.salkantaytrilha.com\\\/blog\\\/festas-de-cusco\\\/#primaryimage\"},\"thumbnailUrl\":\"https:\\\/\\\/www.salkantaytrilha.com\\\/blog\\\/wp-content\\\/uploads\\\/2026\\\/04\\\/mulher-carnaval-cusco-danca.jpg\",\"datePublished\":\"2026-04-11T19:19:07+00:00\",\"dateModified\":\"2026-04-11T19:19:10+00:00\",\"description\":\"Descubra as Festas em Cusco em 2026, repletas de cores, cultura e tradi\u00e7\u00e3o que encantam visitantes de todo o mundo.\",\"breadcrumb\":{\"@id\":\"https:\\\/\\\/www.salkantaytrilha.com\\\/blog\\\/festas-de-cusco\\\/#breadcrumb\"},\"mainEntity\":[{\"@id\":\"https:\\\/\\\/www.salkantaytrilha.com\\\/blog\\\/festas-de-cusco\\\/#faq-question-1775931317684\"},{\"@id\":\"https:\\\/\\\/www.salkantaytrilha.com\\\/blog\\\/festas-de-cusco\\\/#faq-question-1775931327471\"},{\"@id\":\"https:\\\/\\\/www.salkantaytrilha.com\\\/blog\\\/festas-de-cusco\\\/#faq-question-1775931336932\"},{\"@id\":\"https:\\\/\\\/www.salkantaytrilha.com\\\/blog\\\/festas-de-cusco\\\/#faq-question-1775931348965\"},{\"@id\":\"https:\\\/\\\/www.salkantaytrilha.com\\\/blog\\\/festas-de-cusco\\\/#faq-question-1775931361814\"}],\"inLanguage\":\"pt-BR\",\"potentialAction\":[{\"@type\":\"ReadAction\",\"target\":[\"https:\\\/\\\/www.salkantaytrilha.com\\\/blog\\\/festas-de-cusco\\\/\"]}]},{\"@type\":\"ImageObject\",\"inLanguage\":\"pt-BR\",\"@id\":\"https:\\\/\\\/www.salkantaytrilha.com\\\/blog\\\/festas-de-cusco\\\/#primaryimage\",\"url\":\"https:\\\/\\\/www.salkantaytrilha.com\\\/blog\\\/wp-content\\\/uploads\\\/2026\\\/04\\\/mulher-carnaval-cusco-danca.jpg\",\"contentUrl\":\"https:\\\/\\\/www.salkantaytrilha.com\\\/blog\\\/wp-content\\\/uploads\\\/2026\\\/04\\\/mulher-carnaval-cusco-danca.jpg\",\"width\":1928,\"height\":1333,\"caption\":\"Dan\u00e7as de Cusco\"},{\"@type\":\"BreadcrumbList\",\"@id\":\"https:\\\/\\\/www.salkantaytrilha.com\\\/blog\\\/festas-de-cusco\\\/#breadcrumb\",\"itemListElement\":[{\"@type\":\"ListItem\",\"position\":1,\"name\":\"In\u00edcio\",\"item\":\"https:\\\/\\\/www.salkantaytrilha.com\\\/blog\\\/\"},{\"@type\":\"ListItem\",\"position\":2,\"name\":\"Guia completo das Festas de Cusco: Calend\u00e1rio, Datas e Tradi\u00e7\u00f5es\"}]},{\"@type\":\"WebSite\",\"@id\":\"https:\\\/\\\/www.salkantaytrilha.com\\\/blog\\\/#website\",\"url\":\"https:\\\/\\\/www.salkantaytrilha.com\\\/blog\\\/\",\"name\":\"informa\u00e7\u00f5es de viagens a Machu Picchu\",\"description\":\"\",\"publisher\":{\"@id\":\"https:\\\/\\\/www.salkantaytrilha.com\\\/blog\\\/#organization\"},\"potentialAction\":[{\"@type\":\"SearchAction\",\"target\":{\"@type\":\"EntryPoint\",\"urlTemplate\":\"https:\\\/\\\/www.salkantaytrilha.com\\\/blog\\\/?s={search_term_string}\"},\"query-input\":{\"@type\":\"PropertyValueSpecification\",\"valueRequired\":true,\"valueName\":\"search_term_string\"}}],\"inLanguage\":\"pt-BR\"},{\"@type\":\"Organization\",\"@id\":\"https:\\\/\\\/www.salkantaytrilha.com\\\/blog\\\/#organization\",\"name\":\"informa\u00e7\u00f5es de viagens a Machu Picchu\",\"url\":\"https:\\\/\\\/www.salkantaytrilha.com\\\/blog\\\/\",\"logo\":{\"@type\":\"ImageObject\",\"inLanguage\":\"pt-BR\",\"@id\":\"https:\\\/\\\/www.salkantaytrilha.com\\\/blog\\\/#\\\/schema\\\/logo\\\/image\\\/\",\"url\":\"https:\\\/\\\/www.salkantaytrilha.com\\\/blog\\\/wp-content\\\/uploads\\\/2024\\\/05\\\/salkantaytrekking-new-300x128-1.png\",\"contentUrl\":\"https:\\\/\\\/www.salkantaytrilha.com\\\/blog\\\/wp-content\\\/uploads\\\/2024\\\/05\\\/salkantaytrekking-new-300x128-1.png\",\"width\":300,\"height\":128,\"caption\":\"informa\u00e7\u00f5es de viagens a Machu Picchu\"},\"image\":{\"@id\":\"https:\\\/\\\/www.salkantaytrilha.com\\\/blog\\\/#\\\/schema\\\/logo\\\/image\\\/\"},\"sameAs\":[\"https:\\\/\\\/www.facebook.com\\\/SalkantayTrekking\\\/\",\"https:\\\/\\\/x.com\\\/salkantayperu\",\"https:\\\/\\\/www.pinterest.com\\\/salkantaytrekking\\\/\",\"https:\\\/\\\/www.instagram.com\\\/salkantaytrekking\\\/\",\"https:\\\/\\\/www.youtube.com\\\/user\\\/salkantaytrekking\",\"https:\\\/\\\/www.tiktok.com\\\/@salkantaytrekking\"]},{\"@type\":\"Person\",\"@id\":\"https:\\\/\\\/www.salkantaytrilha.com\\\/blog\\\/#\\\/schema\\\/person\\\/aa0e6175beac59e6519e5407b3d13d0d\",\"name\":\"Trilha Salkantay\",\"image\":{\"@type\":\"ImageObject\",\"inLanguage\":\"pt-BR\",\"@id\":\"https:\\\/\\\/secure.gravatar.com\\\/avatar\\\/b41678a33c57a2bf0032b7c254611fc97caffd94ade0663405b364d1c0177d1d?s=96&d=mm&r=g\",\"url\":\"https:\\\/\\\/secure.gravatar.com\\\/avatar\\\/b41678a33c57a2bf0032b7c254611fc97caffd94ade0663405b364d1c0177d1d?s=96&d=mm&r=g\",\"contentUrl\":\"https:\\\/\\\/secure.gravatar.com\\\/avatar\\\/b41678a33c57a2bf0032b7c254611fc97caffd94ade0663405b364d1c0177d1d?s=96&d=mm&r=g\",\"caption\":\"Trilha Salkantay\"},\"sameAs\":[\"https:\\\/\\\/www.salkantaytrilha.com\\\/blog\"]},{\"@type\":\"Question\",\"@id\":\"https:\\\/\\\/www.salkantaytrilha.com\\\/blog\\\/festas-de-cusco\\\/#faq-question-1775931317684\",\"position\":1,\"url\":\"https:\\\/\\\/www.salkantaytrilha.com\\\/blog\\\/festas-de-cusco\\\/#faq-question-1775931317684\",\"name\":\"Quais s\u00e3o as festas mais importantes de Cusco?\",\"answerCount\":1,\"acceptedAnswer\":{\"@type\":\"Answer\",\"text\":\"As tr\u00eas principais s\u00e3o: <strong>Inti Raymi (24 de junho, em Sacsayhuam\u00e1n)<\\\/strong>, <strong>Senhor de Qoyllur Rit\u2019i (maio\\\/junho, peregrina\u00e7\u00e3o ao nevado Sinakara)<\\\/strong> e <strong>Corpus Christi (junho, prociss\u00e3o de 15 santos pela Plaza de Armas)<\\\/strong>.\",\"inLanguage\":\"pt-BR\"},\"inLanguage\":\"pt-BR\"},{\"@type\":\"Question\",\"@id\":\"https:\\\/\\\/www.salkantaytrilha.com\\\/blog\\\/festas-de-cusco\\\/#faq-question-1775931327471\",\"position\":2,\"url\":\"https:\\\/\\\/www.salkantaytrilha.com\\\/blog\\\/festas-de-cusco\\\/#faq-question-1775931327471\",\"name\":\"Qual \u00e9 o melhor m\u00eas para visitar Cusco e suas festas?\",\"answerCount\":1,\"acceptedAnswer\":{\"@type\":\"Answer\",\"text\":\"Sem d\u00favida, <strong>junho<\\\/strong> \u00e9 o m\u00eas mais importante do calend\u00e1rio festivo, reunindo Inti Raymi, Corpus Christi e Qoyllur Rit\u2019i. Se preferir menos multid\u00f5es, <strong>julho<\\\/strong> (Virgen del Carmen) e <strong>dezembro<\\\/strong> (Santurantikuy) s\u00e3o \u00f3timas alternativas.\",\"inLanguage\":\"pt-BR\"},\"inLanguage\":\"pt-BR\"},{\"@type\":\"Question\",\"@id\":\"https:\\\/\\\/www.salkantaytrilha.com\\\/blog\\\/festas-de-cusco\\\/#faq-question-1775931336932\",\"position\":3,\"url\":\"https:\\\/\\\/www.salkantaytrilha.com\\\/blog\\\/festas-de-cusco\\\/#faq-question-1775931336932\",\"name\":\"As festas em Cusco s\u00e3o s\u00f3 para locais ou turistas podem participar?\",\"answerCount\":1,\"acceptedAnswer\":{\"@type\":\"Answer\",\"text\":\"Claro que podem! Quase todas as festividades s\u00e3o abertas ao p\u00fablico. Prociss\u00f5es e dan\u00e7as de rua s\u00e3o gratuitas. Apenas eventos como o Inti Raymi em Sacsayhuam\u00e1n exigem ingresso. Os moradores recebem muito bem visitantes respeitosos.\",\"inLanguage\":\"pt-BR\"},\"inLanguage\":\"pt-BR\"},{\"@type\":\"Question\",\"@id\":\"https:\\\/\\\/www.salkantaytrilha.com\\\/blog\\\/festas-de-cusco\\\/#faq-question-1775931348965\",\"position\":4,\"url\":\"https:\\\/\\\/www.salkantaytrilha.com\\\/blog\\\/festas-de-cusco\\\/#faq-question-1775931348965\",\"name\":\"Qual \u00e9 a maior festa de Cusco?\",\"answerCount\":1,\"acceptedAnswer\":{\"@type\":\"Answer\",\"text\":\"O <strong>Inti Raymi (Festa do Sol)<\\\/strong>, celebrado em 24 de junho, \u00e9 a maior e mais espetacular celebra\u00e7\u00e3o. Recria uma cerim\u00f4nia inca com centenas de participantes em Sacsayhuam\u00e1n e atrai milhares de visitantes todos os anos.\",\"inLanguage\":\"pt-BR\"},\"inLanguage\":\"pt-BR\"},{\"@type\":\"Question\",\"@id\":\"https:\\\/\\\/www.salkantaytrilha.com\\\/blog\\\/festas-de-cusco\\\/#faq-question-1775931361814\",\"position\":5,\"url\":\"https:\\\/\\\/www.salkantaytrilha.com\\\/blog\\\/festas-de-cusco\\\/#faq-question-1775931361814\",\"name\":\"Como s\u00e3o os carnavais em Cusco?\",\"answerCount\":1,\"acceptedAnswer\":{\"@type\":\"Answer\",\"text\":\"O <strong>Carnaval cusquenho (fevereiro)<\\\/strong> \u00e9 cheio de alegria, com brincadeiras de \u00e1gua, bal\u00f5es e tinta. Um destaque \u00e9 a <strong>yunza (cortamonte)<\\\/strong>, onde as pessoas dan\u00e7am ao redor de uma \u00e1rvore decorada at\u00e9 derrub\u00e1-la e recolher os presentes.\",\"inLanguage\":\"pt-BR\"},\"inLanguage\":\"pt-BR\"}]}<\/script>\n<!-- \/ Yoast SEO Premium plugin. -->","yoast_head_json":{"title":"Fiestas del Cusco 2026: Calend\u00e1rio completo das festividades","description":"Descubra as Festas em Cusco em 2026, repletas de cores, cultura e tradi\u00e7\u00e3o que encantam visitantes de todo o mundo.","robots":{"index":"index","follow":"follow","max-snippet":"max-snippet:-1","max-image-preview":"max-image-preview:large","max-video-preview":"max-video-preview:-1"},"canonical":"https:\/\/www.salkantaytrilha.com\/blog\/festas-de-cusco\/","og_locale":"pt_BR","og_type":"article","og_title":"Guia completo das Festas de Cusco: Calend\u00e1rio, Datas e Tradi\u00e7\u00f5es","og_description":"Descubra as Festas em Cusco em 2026, repletas de cores, cultura e tradi\u00e7\u00e3o que encantam visitantes de todo o mundo.","og_url":"https:\/\/www.salkantaytrilha.com\/blog\/festas-de-cusco\/","og_site_name":"informa\u00e7\u00f5es de viagens","article_publisher":"https:\/\/www.facebook.com\/SalkantayTrekking\/","article_published_time":"2026-04-11T19:19:07+00:00","article_modified_time":"2026-04-11T19:19:10+00:00","og_image":[{"width":1920,"height":1249,"url":"https:\/\/www.salkantaytrilha.com\/blog\/wp-content\/uploads\/2024\/05\/Calendario-das-festas-de-Cusco.jpg","type":"image\/jpeg"}],"author":"Trilha Salkantay","twitter_card":"summary_large_image","twitter_creator":"@salkantayperu","twitter_site":"@salkantayperu","twitter_misc":{"Escrito por":"Trilha Salkantay","Est. tempo de leitura":"54 minutos"},"schema":{"@context":"https:\/\/schema.org","@graph":[{"@type":"Article","@id":"https:\/\/www.salkantaytrilha.com\/blog\/festas-de-cusco\/#article","isPartOf":{"@id":"https:\/\/www.salkantaytrilha.com\/blog\/festas-de-cusco\/"},"author":{"name":"Trilha Salkantay","@id":"https:\/\/www.salkantaytrilha.com\/blog\/#\/schema\/person\/aa0e6175beac59e6519e5407b3d13d0d"},"headline":"Guia completo das Festas de Cusco: Calend\u00e1rio, Datas e Tradi\u00e7\u00f5es","datePublished":"2026-04-11T19:19:07+00:00","dateModified":"2026-04-11T19:19:10+00:00","mainEntityOfPage":{"@id":"https:\/\/www.salkantaytrilha.com\/blog\/festas-de-cusco\/"},"wordCount":9613,"commentCount":0,"publisher":{"@id":"https:\/\/www.salkantaytrilha.com\/blog\/#organization"},"image":{"@id":"https:\/\/www.salkantaytrilha.com\/blog\/festas-de-cusco\/#primaryimage"},"thumbnailUrl":"https:\/\/www.salkantaytrilha.com\/blog\/wp-content\/uploads\/2026\/04\/mulher-carnaval-cusco-danca.jpg","keywords":["Calend\u00e1rio das festas de Cusco","Calend\u00e1rio festas Cusco","Carnaval em Cusco","Celebra\u00e7\u00f5es em Cusco","F\u00e9rias em Cusco","Festa de Reis","S\u00e3o Sebasti\u00e3o","Semana Santa"],"articleSection":["Dicas de Viagem no Peru","Viagem em Cusco"],"inLanguage":"pt-BR","potentialAction":[{"@type":"CommentAction","name":"Comment","target":["https:\/\/www.salkantaytrilha.com\/blog\/festas-de-cusco\/#respond"]}],"accessibilityFeature":["tableOfContents"]},{"@type":["WebPage","FAQPage"],"@id":"https:\/\/www.salkantaytrilha.com\/blog\/festas-de-cusco\/","url":"https:\/\/www.salkantaytrilha.com\/blog\/festas-de-cusco\/","name":"Fiestas del Cusco 2026: Calend\u00e1rio completo das festividades","isPartOf":{"@id":"https:\/\/www.salkantaytrilha.com\/blog\/#website"},"primaryImageOfPage":{"@id":"https:\/\/www.salkantaytrilha.com\/blog\/festas-de-cusco\/#primaryimage"},"image":{"@id":"https:\/\/www.salkantaytrilha.com\/blog\/festas-de-cusco\/#primaryimage"},"thumbnailUrl":"https:\/\/www.salkantaytrilha.com\/blog\/wp-content\/uploads\/2026\/04\/mulher-carnaval-cusco-danca.jpg","datePublished":"2026-04-11T19:19:07+00:00","dateModified":"2026-04-11T19:19:10+00:00","description":"Descubra as Festas em Cusco em 2026, repletas de cores, cultura e tradi\u00e7\u00e3o que encantam visitantes de todo o mundo.","breadcrumb":{"@id":"https:\/\/www.salkantaytrilha.com\/blog\/festas-de-cusco\/#breadcrumb"},"mainEntity":[{"@id":"https:\/\/www.salkantaytrilha.com\/blog\/festas-de-cusco\/#faq-question-1775931317684"},{"@id":"https:\/\/www.salkantaytrilha.com\/blog\/festas-de-cusco\/#faq-question-1775931327471"},{"@id":"https:\/\/www.salkantaytrilha.com\/blog\/festas-de-cusco\/#faq-question-1775931336932"},{"@id":"https:\/\/www.salkantaytrilha.com\/blog\/festas-de-cusco\/#faq-question-1775931348965"},{"@id":"https:\/\/www.salkantaytrilha.com\/blog\/festas-de-cusco\/#faq-question-1775931361814"}],"inLanguage":"pt-BR","potentialAction":[{"@type":"ReadAction","target":["https:\/\/www.salkantaytrilha.com\/blog\/festas-de-cusco\/"]}]},{"@type":"ImageObject","inLanguage":"pt-BR","@id":"https:\/\/www.salkantaytrilha.com\/blog\/festas-de-cusco\/#primaryimage","url":"https:\/\/www.salkantaytrilha.com\/blog\/wp-content\/uploads\/2026\/04\/mulher-carnaval-cusco-danca.jpg","contentUrl":"https:\/\/www.salkantaytrilha.com\/blog\/wp-content\/uploads\/2026\/04\/mulher-carnaval-cusco-danca.jpg","width":1928,"height":1333,"caption":"Dan\u00e7as de Cusco"},{"@type":"BreadcrumbList","@id":"https:\/\/www.salkantaytrilha.com\/blog\/festas-de-cusco\/#breadcrumb","itemListElement":[{"@type":"ListItem","position":1,"name":"In\u00edcio","item":"https:\/\/www.salkantaytrilha.com\/blog\/"},{"@type":"ListItem","position":2,"name":"Guia completo das Festas de Cusco: Calend\u00e1rio, Datas e Tradi\u00e7\u00f5es"}]},{"@type":"WebSite","@id":"https:\/\/www.salkantaytrilha.com\/blog\/#website","url":"https:\/\/www.salkantaytrilha.com\/blog\/","name":"informa\u00e7\u00f5es de viagens a Machu Picchu","description":"","publisher":{"@id":"https:\/\/www.salkantaytrilha.com\/blog\/#organization"},"potentialAction":[{"@type":"SearchAction","target":{"@type":"EntryPoint","urlTemplate":"https:\/\/www.salkantaytrilha.com\/blog\/?s={search_term_string}"},"query-input":{"@type":"PropertyValueSpecification","valueRequired":true,"valueName":"search_term_string"}}],"inLanguage":"pt-BR"},{"@type":"Organization","@id":"https:\/\/www.salkantaytrilha.com\/blog\/#organization","name":"informa\u00e7\u00f5es de viagens a Machu Picchu","url":"https:\/\/www.salkantaytrilha.com\/blog\/","logo":{"@type":"ImageObject","inLanguage":"pt-BR","@id":"https:\/\/www.salkantaytrilha.com\/blog\/#\/schema\/logo\/image\/","url":"https:\/\/www.salkantaytrilha.com\/blog\/wp-content\/uploads\/2024\/05\/salkantaytrekking-new-300x128-1.png","contentUrl":"https:\/\/www.salkantaytrilha.com\/blog\/wp-content\/uploads\/2024\/05\/salkantaytrekking-new-300x128-1.png","width":300,"height":128,"caption":"informa\u00e7\u00f5es de viagens a Machu Picchu"},"image":{"@id":"https:\/\/www.salkantaytrilha.com\/blog\/#\/schema\/logo\/image\/"},"sameAs":["https:\/\/www.facebook.com\/SalkantayTrekking\/","https:\/\/x.com\/salkantayperu","https:\/\/www.pinterest.com\/salkantaytrekking\/","https:\/\/www.instagram.com\/salkantaytrekking\/","https:\/\/www.youtube.com\/user\/salkantaytrekking","https:\/\/www.tiktok.com\/@salkantaytrekking"]},{"@type":"Person","@id":"https:\/\/www.salkantaytrilha.com\/blog\/#\/schema\/person\/aa0e6175beac59e6519e5407b3d13d0d","name":"Trilha Salkantay","image":{"@type":"ImageObject","inLanguage":"pt-BR","@id":"https:\/\/secure.gravatar.com\/avatar\/b41678a33c57a2bf0032b7c254611fc97caffd94ade0663405b364d1c0177d1d?s=96&d=mm&r=g","url":"https:\/\/secure.gravatar.com\/avatar\/b41678a33c57a2bf0032b7c254611fc97caffd94ade0663405b364d1c0177d1d?s=96&d=mm&r=g","contentUrl":"https:\/\/secure.gravatar.com\/avatar\/b41678a33c57a2bf0032b7c254611fc97caffd94ade0663405b364d1c0177d1d?s=96&d=mm&r=g","caption":"Trilha Salkantay"},"sameAs":["https:\/\/www.salkantaytrilha.com\/blog"]},{"@type":"Question","@id":"https:\/\/www.salkantaytrilha.com\/blog\/festas-de-cusco\/#faq-question-1775931317684","position":1,"url":"https:\/\/www.salkantaytrilha.com\/blog\/festas-de-cusco\/#faq-question-1775931317684","name":"Quais s\u00e3o as festas mais importantes de Cusco?","answerCount":1,"acceptedAnswer":{"@type":"Answer","text":"As tr\u00eas principais s\u00e3o: <strong>Inti Raymi (24 de junho, em Sacsayhuam\u00e1n)<\/strong>, <strong>Senhor de Qoyllur Rit\u2019i (maio\/junho, peregrina\u00e7\u00e3o ao nevado Sinakara)<\/strong> e <strong>Corpus Christi (junho, prociss\u00e3o de 15 santos pela Plaza de Armas)<\/strong>.","inLanguage":"pt-BR"},"inLanguage":"pt-BR"},{"@type":"Question","@id":"https:\/\/www.salkantaytrilha.com\/blog\/festas-de-cusco\/#faq-question-1775931327471","position":2,"url":"https:\/\/www.salkantaytrilha.com\/blog\/festas-de-cusco\/#faq-question-1775931327471","name":"Qual \u00e9 o melhor m\u00eas para visitar Cusco e suas festas?","answerCount":1,"acceptedAnswer":{"@type":"Answer","text":"Sem d\u00favida, <strong>junho<\/strong> \u00e9 o m\u00eas mais importante do calend\u00e1rio festivo, reunindo Inti Raymi, Corpus Christi e Qoyllur Rit\u2019i. Se preferir menos multid\u00f5es, <strong>julho<\/strong> (Virgen del Carmen) e <strong>dezembro<\/strong> (Santurantikuy) s\u00e3o \u00f3timas alternativas.","inLanguage":"pt-BR"},"inLanguage":"pt-BR"},{"@type":"Question","@id":"https:\/\/www.salkantaytrilha.com\/blog\/festas-de-cusco\/#faq-question-1775931336932","position":3,"url":"https:\/\/www.salkantaytrilha.com\/blog\/festas-de-cusco\/#faq-question-1775931336932","name":"As festas em Cusco s\u00e3o s\u00f3 para locais ou turistas podem participar?","answerCount":1,"acceptedAnswer":{"@type":"Answer","text":"Claro que podem! Quase todas as festividades s\u00e3o abertas ao p\u00fablico. Prociss\u00f5es e dan\u00e7as de rua s\u00e3o gratuitas. Apenas eventos como o Inti Raymi em Sacsayhuam\u00e1n exigem ingresso. Os moradores recebem muito bem visitantes respeitosos.","inLanguage":"pt-BR"},"inLanguage":"pt-BR"},{"@type":"Question","@id":"https:\/\/www.salkantaytrilha.com\/blog\/festas-de-cusco\/#faq-question-1775931348965","position":4,"url":"https:\/\/www.salkantaytrilha.com\/blog\/festas-de-cusco\/#faq-question-1775931348965","name":"Qual \u00e9 a maior festa de Cusco?","answerCount":1,"acceptedAnswer":{"@type":"Answer","text":"O <strong>Inti Raymi (Festa do Sol)<\/strong>, celebrado em 24 de junho, \u00e9 a maior e mais espetacular celebra\u00e7\u00e3o. Recria uma cerim\u00f4nia inca com centenas de participantes em Sacsayhuam\u00e1n e atrai milhares de visitantes todos os anos.","inLanguage":"pt-BR"},"inLanguage":"pt-BR"},{"@type":"Question","@id":"https:\/\/www.salkantaytrilha.com\/blog\/festas-de-cusco\/#faq-question-1775931361814","position":5,"url":"https:\/\/www.salkantaytrilha.com\/blog\/festas-de-cusco\/#faq-question-1775931361814","name":"Como s\u00e3o os carnavais em Cusco?","answerCount":1,"acceptedAnswer":{"@type":"Answer","text":"O <strong>Carnaval cusquenho (fevereiro)<\/strong> \u00e9 cheio de alegria, com brincadeiras de \u00e1gua, bal\u00f5es e tinta. Um destaque \u00e9 a <strong>yunza (cortamonte)<\/strong>, onde as pessoas dan\u00e7am ao redor de uma \u00e1rvore decorada at\u00e9 derrub\u00e1-la e recolher os presentes.","inLanguage":"pt-BR"},"inLanguage":"pt-BR"}]}},"_links":{"self":[{"href":"https:\/\/www.salkantaytrilha.com\/blog\/wp-json\/wp\/v2\/posts\/87","targetHints":{"allow":["GET"]}}],"collection":[{"href":"https:\/\/www.salkantaytrilha.com\/blog\/wp-json\/wp\/v2\/posts"}],"about":[{"href":"https:\/\/www.salkantaytrilha.com\/blog\/wp-json\/wp\/v2\/types\/post"}],"author":[{"embeddable":true,"href":"https:\/\/www.salkantaytrilha.com\/blog\/wp-json\/wp\/v2\/users\/1"}],"replies":[{"embeddable":true,"href":"https:\/\/www.salkantaytrilha.com\/blog\/wp-json\/wp\/v2\/comments?post=87"}],"version-history":[{"count":16,"href":"https:\/\/www.salkantaytrilha.com\/blog\/wp-json\/wp\/v2\/posts\/87\/revisions"}],"predecessor-version":[{"id":6017,"href":"https:\/\/www.salkantaytrilha.com\/blog\/wp-json\/wp\/v2\/posts\/87\/revisions\/6017"}],"wp:featuredmedia":[{"embeddable":true,"href":"https:\/\/www.salkantaytrilha.com\/blog\/wp-json\/wp\/v2\/media\/6005"}],"wp:attachment":[{"href":"https:\/\/www.salkantaytrilha.com\/blog\/wp-json\/wp\/v2\/media?parent=87"}],"wp:term":[{"taxonomy":"category","embeddable":true,"href":"https:\/\/www.salkantaytrilha.com\/blog\/wp-json\/wp\/v2\/categories?post=87"},{"taxonomy":"post_tag","embeddable":true,"href":"https:\/\/www.salkantaytrilha.com\/blog\/wp-json\/wp\/v2\/tags?post=87"}],"curies":[{"name":"wp","href":"https:\/\/api.w.org\/{rel}","templated":true}]}}