{"id":877,"date":"2024-08-19T17:56:02","date_gmt":"2024-08-19T20:56:02","guid":{"rendered":"https:\/\/www.salkantaytrilha.com\/blog\/?p=877"},"modified":"2026-03-02T12:07:15","modified_gmt":"2026-03-02T15:07:15","slug":"trilha-inca-ou-trilha-lares-qual-dessas-rotas-e-a-mais-adequada-para-voce","status":"publish","type":"post","link":"https:\/\/www.salkantaytrilha.com\/blog\/trilha-inca-ou-trilha-lares-qual-dessas-rotas-e-a-mais-adequada-para-voce\/","title":{"rendered":"Trilha Inca ou Trilha Lares: Qual dessas rotas \u00e9 a mais adequada para voc\u00ea?"},"content":{"rendered":"\n<p class=\"has-text-align-center\"><em>Caminhos distintos pelos Andes, uma \u00fanica escolha.<\/em><\/p>\n\n\n\n<p>A escolha entre a Trilha Inca ou a Trilha Lares, pode variar dependendo do tipo de viajante que voc\u00ea \u00e9, e de seus interesses espec\u00edficos. Ambos os destinos oferecem vistas espetaculares, hist\u00f3ria fascinante e a oportunidade de imers\u00e3o na cultura peruana, em meio a paisagens incr\u00edveis dos Andes.<\/p>\n\n\n\n<p>Qual dessas rotas \u00e9 a mais adequada para voc\u00ea? A escolha, depende principalmente de suas prefer\u00eancias pessoais, interesses espec\u00edficos e condi\u00e7\u00f5es f\u00edsicas. Neste artigo, vamos gui\u00e1-lo atrav\u00e9s de uma compara\u00e7\u00e3o detalhada entre as duas trilhas, pois queremos que voc\u00ea aproveite ao m\u00e1ximo!<\/p>\n\n\n\n<div class=\"wp-block-rank-math-toc-block anchor-links\"><ul><li><a href=\"#h-descricao-geral-da-trilha-lares-e-trilha-inca\" >Descri\u00e7\u00e3o Geral da Trilha Lares e Trilha Inca<\/a><ul><li><a href=\"#h-trilha-lares\" >Trilha Lares<\/a><\/li><li><a href=\"#h-trilha-inca\" >Trilha Inca<\/a><\/li><\/ul><\/li><li><a href=\"#h-atracoes-principais-da-trilha-de-lares-e-do-caminho-inca\" >Atra\u00e7\u00f5es principais da Trilha de Lares e do Caminho Inca<\/a><ul><li><a href=\"#h-trilha-de-lares\" >Trilha de Lares<\/a><\/li><li><a href=\"#h-caminho-inca\" >Caminho Inca<\/a><\/li><\/ul><\/li><li><a href=\"#h-fatores-a-considerar-para-a-escolha-entre-a-trilha-lares-e-a-trilha-inca\" >Fatores a considerar para a escolha entre a Trilha Lares e a Trilha Inca<\/a><ul><li><a href=\"#h-trilha-de-lares-0\" >Trilha de Lares<\/a><\/li><li><a href=\"#h-caminho-inca-0\" >Caminho Inca<\/a><\/li><\/ul><\/li><li><a href=\"#h-classificacao-final-entre-a-trilha-lares-e-a-trilha-inca-de-acordo-com-o-tipo-de-viajante-que-voce-e\" >Classifica\u00e7\u00e3o final entre a Trilha Lares e a Trilha Inca, de acordo com o tipo de viajante que voc\u00ea \u00e9:<\/a><ul><li><a href=\"#h-para-o-viajante-historico-e-cultural\" >Para o Viajante Hist\u00f3rico e Cultural:<\/a><\/li><li><a href=\"#h-para-o-viajante-em-busca-de-interacao-cultural\" >Para o Viajante em Busca de Intera\u00e7\u00e3o Cultural:<\/a><\/li><li><a href=\"#h-para-o-viajante-aventureiro-e-amante-da-natureza\" >Para o Viajante Aventureiro e Amante da Natureza:<\/a><\/li><li><a href=\"#h-para-o-viajante-flexivel-e-espontaneo\" >Para o Viajante Flex\u00edvel e Espont\u00e2neo:<\/a><\/li><\/ul><\/li><li><a href=\"#h-pode-te-interessar\" >Pode te interessar:<\/a><\/li><\/nav><\/ul><\/div>\n\n\n\n<h2 class=\"wp-block-heading\" id=\"h-descricao-geral-da-trilha-lares-e-trilha-inca\">Descri\u00e7\u00e3o Geral da Trilha Lares e Trilha Inca<\/h2>\n\n\n\n<p>Uma descri\u00e7\u00e3o geral ajuda, significativamente, na hora de optar entre um destino e outro, por v\u00e1rias raz\u00f5es importantes, como as informa\u00e7\u00f5es completas que lhe fornecem uma vis\u00e3o mais completa do que voc\u00ea pode esperar, em cada um dos destinos.<\/p>\n\n\n\n<div class=\"wp-block-columns is-layout-flex wp-container-core-columns-is-layout-9d6595d7 wp-block-columns-is-layout-flex\">\n<div class=\"wp-block-column is-layout-flow wp-block-column-is-layout-flow\"><div class=\"wp-block-image\">\n<figure class=\"aligncenter size-full\"><img loading=\"lazy\" decoding=\"async\" width=\"800\" height=\"1000\" src=\"https:\/\/www.salkantaytrilha.com\/blog\/wp-content\/uploads\/2024\/07\/A-Qhapaq-Nan-ou-Trilha-Inca.jpg\" alt=\"A Qhapaq \u00d1an ou Trilha Inca\" class=\"wp-image-706\"\/><figcaption class=\"wp-element-caption\">A Qhapaq \u00d1an ou Trilha Inca<\/figcaption><\/figure>\n<\/div><\/div>\n\n\n\n<div class=\"wp-block-column is-layout-flow wp-block-column-is-layout-flow\"><div class=\"wp-block-image\">\n<figure class=\"aligncenter size-full\"><img loading=\"lazy\" decoding=\"async\" width=\"800\" height=\"1000\" src=\"https:\/\/www.salkantaytrilha.com\/blog\/wp-content\/uploads\/2024\/08\/Lagos-montanhas-rota-Lares.jpg\" alt=\"Lagos nas montanhas da rota de Lares\" class=\"wp-image-808\"\/><figcaption class=\"wp-element-caption\">Lagos nas montanhas da rota de Lares<\/figcaption><\/figure>\n<\/div><\/div>\n<\/div>\n\n\n\n<h3 class=\"wp-block-heading\" id=\"h-trilha-lares\">Trilha Lares<\/h3>\n\n\n\n<p>A Trilha Lares \u00e9 uma alternativa menos concorrida \u00e0 Trilha Inca. Ela tamb\u00e9m oferece uma imers\u00e3o cultural profunda e paisagens impressionantes. Esta trilha leva os viajantes atrav\u00e9s de r\u00fasticos e encantadores vilarejos andinos, onde \u00e9 poss\u00edvel interagir com os habitantes de comunidades locais, que preservam tradi\u00e7\u00f5es ancestrais importantes.<\/p>\n\n\n\n<ul class=\"wp-block-list\">\n<li><strong>Localiza\u00e7\u00e3o:<\/strong> Tamb\u00e9m se encontra na regi\u00e3o de Cusco, Peru.<\/li>\n\n\n\n<li><strong>Ponto de in\u00edcio:<\/strong> Inicia pr\u00f3ximo ao vilarejo de Lares e geralmente termina em Ollantaytambo ou Aguas Calientes.<\/li>\n\n\n\n<li><strong>Ponto mais alto:<\/strong> Passo de Lares, a aproximadamente 4.500 metros acima do n\u00edvel do mar. Aguas Calientes: 2.040 metros acima do n\u00edvel do mar.<\/li>\n\n\n\n<li><strong>Meses ideais para visitar:<\/strong> De abril a outubro.<\/li>\n\n\n\n<li><strong>Dura\u00e7\u00e3o da trilha:<\/strong> Geralmente de 3 a 4 dias.<\/li>\n<\/ul>\n\n\n\n<h3 class=\"wp-block-heading\" id=\"h-trilha-inca\">Trilha Inca<\/h3>\n\n\n\n<p>A Trilha Inca que leva esse nome porque \u00e9 realizada no Caminho Inca original, \u00e9 possivelmente, a rota de trekking mais famosa de toda a Am\u00e9rica do Sul. Este antigo caminho, se estende por aproximadamente 42 quil\u00f4metros, desde o Km 82 at\u00e9 Machu&nbsp;Picchu, passando por v\u00e1rios s\u00edtios arqueol\u00f3gicos incas bem preservados, como Wi\u00f1ay Wayna e a Porta do Sol, ou Inti Punku. A caminhada culmina com a impressionante chegada a Machu Picchu.<\/p>\n\n\n\n<ul class=\"wp-block-list\">\n<li><strong>Localiza\u00e7\u00e3o:<\/strong> Se encontra na regi\u00e3o de Cusco, no Peru.<\/li>\n\n\n\n<li><strong>Ponto de in\u00edcio:<\/strong> Inicia no Km 82 da linha f\u00e9rrea Cusco-Aguas Calientes, e termina em Machu Picchu.<\/li>\n\n\n\n<li><strong>Ponto mais alto:<\/strong> Passo de Warmiwa\u00f1usca ou \u201cDead Woman&#8217;s Pass\u201d, a 4.215 metros acima do n\u00edvel do mar. Machu Picchu: 2.430 metros acima do n\u00edvel do mar.<\/li>\n\n\n\n<li><strong>Meses ideais para visitar:<\/strong> De maio a setembro, temporada seca.<\/li>\n\n\n\n<li><strong>Dura\u00e7\u00e3o da trilha:<\/strong> Geralmente de 4 a 5 dias.<\/li>\n<\/ul>\n\n\n\n<h2 class=\"wp-block-heading\" id=\"h-atracoes-principais-da-trilha-de-lares-e-do-caminho-inca\">Atra\u00e7\u00f5es principais da Trilha de Lares e do Caminho Inca<\/h2>\n\n\n\n<p>Conhecer as principais atra\u00e7\u00f5es pode alinhar melhor suas expectativas com a realidade do destino. Isso ajuda a evitar decep\u00e7\u00f5es e a maximizar seu aproveitamento ao visitar os lugares que realmente lhe interessam.<\/p>\n\n\n\n<div class=\"wp-block-columns is-layout-flex wp-container-core-columns-is-layout-9d6595d7 wp-block-columns-is-layout-flex\">\n<div class=\"wp-block-column is-layout-flow wp-block-column-is-layout-flow\"><div class=\"wp-block-image\">\n<figure class=\"aligncenter size-full\"><img loading=\"lazy\" decoding=\"async\" width=\"800\" height=\"1000\" src=\"https:\/\/www.salkantaytrilha.com\/blog\/wp-content\/uploads\/2024\/08\/Sayaqmarka.jpg\" alt=\"O s\u00edtio arqueol\u00f3gico de Sayaqmarka\" class=\"wp-image-881\"\/><figcaption class=\"wp-element-caption\">Os s\u00edtios arqueol\u00f3gicos<\/figcaption><\/figure>\n<\/div><\/div>\n\n\n\n<div class=\"wp-block-column is-layout-flow wp-block-column-is-layout-flow\"><div class=\"wp-block-image\">\n<figure class=\"aligncenter size-full\"><img loading=\"lazy\" decoding=\"async\" width=\"819\" height=\"1024\" src=\"https:\/\/www.salkantaytrilha.com\/blog\/wp-content\/uploads\/2024\/05\/Lares-@nateinthewild.jpg\" alt=\"Lares | @nateinthewild\" class=\"wp-image-236\"\/><figcaption class=\"wp-element-caption\">Lares | @nateinthewild<\/figcaption><\/figure>\n<\/div><\/div>\n<\/div>\n\n\n\n<h3 class=\"wp-block-heading\" id=\"h-trilha-de-lares\">Trilha de Lares<\/h3>\n\n\n\n<ul class=\"wp-block-list\">\n<li><strong>Cultura Local:<\/strong> Encontros com comunidades andinas que mostram seu modo de vida tradicional, incluindo tecelagem, agricultura e culin\u00e1ria.<\/li>\n\n\n\n<li><strong>Paisagens Naturais:<\/strong> Rotas que atravessam vales, lagos de \u00e1guas turquesa e vistas panor\u00e2micas incr\u00edveis dos Andes.<\/li>\n\n\n\n<li><strong>\u00c1guas Termais de Lares:<\/strong> Oportunidade de relaxar nas \u00e1guas termais naturais ap\u00f3s dias de caminhada.<\/li>\n<\/ul>\n\n\n\n<h3 class=\"wp-block-heading\" id=\"h-caminho-inca\">Caminho Inca<\/h3>\n\n\n\n<ul class=\"wp-block-list\">\n<li><strong>Machu Picchu:<\/strong> \u00cdcone e misterioso s\u00edtio arqueol\u00f3gico, destino final do Caminho Inca. Este destino tamb\u00e9m pode ser inclu\u00eddo ao final da Trilha de Lares.<\/li>\n\n\n\n<li><strong>Paisagens Variadas:<\/strong> Desde florestas nubladas at\u00e9 vistas de montanhas nevadas.<\/li>\n\n\n\n<li><strong>Cultura Inca:<\/strong> Oportunidades para aprender sobre a hist\u00f3ria e a cultura dos antigos incas.<\/li>\n<\/ul>\n\n\n\n<h2 class=\"wp-block-heading\" id=\"h-fatores-a-considerar-para-a-escolha-entre-a-trilha-lares-e-a-trilha-inca\">Fatores a considerar para a escolha entre a Trilha Lares e a Trilha Inca<\/h2>\n\n\n\n<p>Voc\u00ea pode receber melhores recomenda\u00e7\u00f5es e conselhos de outros viajantes, guias locais ou plataformas de viagem. Isso enriquece a sua experi\u00eancia, e lhe proporciona informa\u00e7\u00f5es \u00fateis para planejar a sua viagem da melhor maneira.<\/p>\n\n\n\n<div class=\"wp-block-columns is-layout-flex wp-container-core-columns-is-layout-9d6595d7 wp-block-columns-is-layout-flex\">\n<div class=\"wp-block-column is-layout-flow wp-block-column-is-layout-flow\"><div class=\"wp-block-image\">\n<figure class=\"aligncenter size-full\"><img loading=\"lazy\" decoding=\"async\" width=\"800\" height=\"1000\" src=\"https:\/\/www.salkantaytrilha.com\/blog\/wp-content\/uploads\/2024\/08\/Phuyupatamarka.jpg\" alt=\"O s\u00edtio arqueol\u00f3gico de Phuyupatamarka na Trilha Inca\" class=\"wp-image-825\"\/><figcaption class=\"wp-element-caption\">O s\u00edtio arqueol\u00f3gico de Phuyupatamarka na Trilha Inca<\/figcaption><\/figure>\n<\/div><\/div>\n\n\n\n<div class=\"wp-block-column is-layout-flow wp-block-column-is-layout-flow\"><div class=\"wp-block-image\">\n<figure class=\"aligncenter size-full\"><img loading=\"lazy\" decoding=\"async\" width=\"800\" height=\"1000\" src=\"https:\/\/www.salkantaytrilha.com\/blog\/wp-content\/uploads\/2024\/07\/maravilhoso-cenario-trilha-Lares.jpg\" alt=\"O maravilhoso cen\u00e1rio da trilha de Lares\" class=\"wp-image-754\"\/><figcaption class=\"wp-element-caption\">O maravilhoso cen\u00e1rio da trilha de Lares<\/figcaption><\/figure>\n<\/div><\/div>\n<\/div>\n\n\n\n<h3 class=\"wp-block-heading\" id=\"h-trilha-de-lares-0\">Trilha de Lares<\/h3>\n\n\n\n<ul class=\"wp-block-list\">\n<li><strong>Dificuldade e Considera\u00e7\u00f5es:<\/strong> A Trilha Lares, geralmente, \u00e9 considerada menos exigente que a Trilha Inca, em termos de eleva\u00e7\u00e3o e extens\u00e3o, mas ainda requer uma prepara\u00e7\u00e3o f\u00edsica adequada, especialmente devido \u00e0 altitude.<\/li>\n\n\n\n<li><strong>Acesso e Disponibilidade:<\/strong> Ao contr\u00e1rio da Trilha Inca, n\u00e3o s\u00e3o necess\u00e1rias autoriza\u00e7\u00f5es especiais para fazer a Trilha Lares. Isso faz de Lares uma op\u00e7\u00e3o mais flex\u00edvel e acess\u00edvel para os viajantes que n\u00e3o planejaram com tanta anteced\u00eancia. Para um plano de \u00faltima hora, Lares \u00e9 melhor.<\/li>\n\n\n\n<li><strong>Experi\u00eancia Cultural:<\/strong> Se o seu principal interesse \u00e9 interagir com comunidades locais e se imergir na cultura andina, a Trilha Lares pode ser mais adequada. Ela oferece uma experi\u00eancia mais aut\u00eantica e menos tur\u00edstica, em compara\u00e7\u00e3o com a Trilha Inca.<\/li>\n\n\n\n<li><strong>Paisagens:<\/strong> Ao longo de seu percurso, Lares oferece belas e incr\u00edveis vistas dos Andes e lagos majestosos. Esta trilha \u00e9 ideal para aqueles que buscam uma experi\u00eancia \u00e9pica, com um desfecho impressionante em Machu Picchu.<\/li>\n<\/ul>\n\n\n\n<h3 class=\"wp-block-heading\" id=\"h-caminho-inca-0\">Caminho Inca<\/h3>\n\n\n\n<ul class=\"wp-block-list\">\n<li><strong>Dificuldade e Considera\u00e7\u00f5es:<\/strong> O Caminho Inca \u00e9 conhecido por ser desafiador devido \u00e0s suas \u00edngremes escadas de pedra e grandes altitudes. Recomenda-se uma boa condi\u00e7\u00e3o f\u00edsica e aclimata\u00e7\u00e3o pr\u00e9via \u00e0 altura, para poder aproveitar, plenamente, a experi\u00eancia.<\/li>\n\n\n\n<li><strong>Autoriza\u00e7\u00f5es e Restri\u00e7\u00f5es:<\/strong> Devido \u00e0 sua popularidade, \u00e9 necess\u00e1rio uma autoriza\u00e7\u00e3o para fazer a Trilha Inca. Suas entradas devem ser reservadas com meses de anteced\u00eancia, especialmente na alta temporada, de maio a setembro.<\/li>\n\n\n\n<li><strong>Condi\u00e7\u00f5es F\u00edsicas:<\/strong> Embora ambas as trilhas requeiram certo n\u00edvel de prepara\u00e7\u00e3o f\u00edsica, a Trilha Inca pode ser mais desafiadora devido \u00e0 sua extens\u00e3o, e \u00e0s subidas \u00edngremes.<\/li>\n\n\n\n<li><strong>Monumentos:<\/strong> Se voc\u00ea tem o sonho de chegar a Machu Picchu atrav\u00e9s de um caminho hist\u00f3rico, e desfrutar das vistas panor\u00e2micas desde Inti Punku, ent\u00e3o, a trilha Inca \u00e9 a escolha \u00f3bvia.<\/li>\n<\/ul>\n\n\n\n<h2 class=\"wp-block-heading\" id=\"h-classificacao-final-entre-a-trilha-lares-e-a-trilha-inca-de-acordo-com-o-tipo-de-viajante-que-voce-e\">Classifica\u00e7\u00e3o final entre a Trilha Lares e a Trilha Inca, de acordo com o tipo de viajante que voc\u00ea \u00e9:<\/h2>\n\n\n\n<p>Leve em conta esta classifica\u00e7\u00e3o e seus interesses espec\u00edficos.<\/p>\n\n\n\n<div class=\"wp-block-columns is-layout-flex wp-container-core-columns-is-layout-9d6595d7 wp-block-columns-is-layout-flex\">\n<div class=\"wp-block-column is-layout-flow wp-block-column-is-layout-flow\"><div class=\"wp-block-image\">\n<figure class=\"aligncenter size-full\"><img loading=\"lazy\" decoding=\"async\" width=\"800\" height=\"1000\" src=\"https:\/\/www.salkantaytrilha.com\/blog\/wp-content\/uploads\/2024\/08\/Paisagem-andina-Trilha-Inca.jpg\" alt=\"Paisagem andina na Trilha Inca\" class=\"wp-image-826\"\/><figcaption class=\"wp-element-caption\">Paisagem andina na Trilha Inca<\/figcaption><\/figure>\n<\/div><\/div>\n\n\n\n<div class=\"wp-block-column is-layout-flow wp-block-column-is-layout-flow\"><div class=\"wp-block-image\">\n<figure class=\"aligncenter size-full\"><img loading=\"lazy\" decoding=\"async\" width=\"800\" height=\"1000\" src=\"https:\/\/www.salkantaytrilha.com\/blog\/wp-content\/uploads\/2024\/07\/Trilha-Lares.jpg\" alt=\"Trilha Lares\" class=\"wp-image-753\"\/><figcaption class=\"wp-element-caption\">Trilha Lares<\/figcaption><\/figure>\n<\/div><\/div>\n<\/div>\n\n\n\n<h3 class=\"wp-block-heading\" id=\"h-para-o-viajante-historico-e-cultural\">Para o Viajante Hist\u00f3rico e Cultural:<\/h3>\n\n\n\n<ul class=\"wp-block-list\">\n<li><strong>Trilha Inca<\/strong>\n<ul class=\"wp-block-list\">\n<li>Aventura Hist\u00f3rica<\/li>\n\n\n\n<li>Experi\u00eancia M\u00edstica<\/li>\n<\/ul>\n<\/li>\n<\/ul>\n\n\n\n<h3 class=\"wp-block-heading\" id=\"h-para-o-viajante-em-busca-de-interacao-cultural\">Para o Viajante em Busca de Intera\u00e7\u00e3o Cultural:<\/h3>\n\n\n\n<ul class=\"wp-block-list\">\n<li><strong>Trilha Lares<\/strong>\n<ul class=\"wp-block-list\">\n<li>Imers\u00e3o na Cultura Local<\/li>\n\n\n\n<li>Menos Concorrido<\/li>\n<\/ul>\n<\/li>\n<\/ul>\n\n\n\n<h3 class=\"wp-block-heading\" id=\"h-para-o-viajante-aventureiro-e-amante-da-natureza\">Para o Viajante Aventureiro e Amante da Natureza:<\/h3>\n\n\n\n<ul class=\"wp-block-list\">\n<li><strong>Trilha Inca ou Trilha Lares<\/strong>\n<ul class=\"wp-block-list\">\n<li>Paisagens Naturais<\/li>\n\n\n\n<li>Dificuldade e Acesso<\/li>\n<\/ul>\n<\/li>\n<\/ul>\n\n\n\n<h3 class=\"wp-block-heading\" id=\"h-para-o-viajante-flexivel-e-espontaneo\">Para o Viajante Flex\u00edvel e Espont\u00e2neo:<\/h3>\n\n\n\n<ul class=\"wp-block-list\">\n<li><strong>Trilha Lares<\/strong>\n<ul class=\"wp-block-list\">\n<li>Acessibilidade e Flexibilidade<\/li>\n\n\n\n<li>Menos Restri\u00e7\u00f5es<\/li>\n<\/ul>\n<\/li>\n<\/ul>\n\n\n\n<p class=\"green\">Em conclus\u00e3o, a escolha entre a Trilha Inca e a Trilha Lares, depender\u00e1 do que voc\u00ea est\u00e1 buscando em sua aventura no Peru. Voc\u00ea est\u00e1 em busca de uma experi\u00eancia hist\u00f3rica e monumental ou de uma imers\u00e3o na cultura local e nas paisagens naturais?<\/p>\n\n\n\n<h2 class=\"wp-block-heading\" id=\"h-pode-te-interessar\">Pode te interessar:<\/h2>\n\n\n\n<ul class=\"wp-block-list\">\n<li><strong><a href=\"https:\/\/www.salkantaytrilha.com\/blog\/trilha-lares-tudo-o-que-voce-precisa-saber\/\">Trilha Lares Cl\u00e1ssica: Tudo o que voc\u00ea precisa saber<\/a><\/strong><\/li>\n\n\n\n<li><strong><a href=\"https:\/\/www.salkantaytrilha.com\/blog\/trilha-salkantay-vs-trilha-lares\/\">Trilha Salkantay vs. Trilha Lares | Descobrindo o melhor caminho para Machu Picchu.<\/a><\/strong><\/li>\n\n\n\n<li><strong><a href=\"https:\/\/www.salkantaytrilha.com\/blog\/a-mais-completa-lista-de-bagagem-para-a-sua-aventura-no-peru\/\">A mais completa lista de bagagem para a sua aventura no Peru.<\/a><\/strong><\/li>\n\n\n\n<li><strong><a href=\"https:\/\/www.salkantaytrilha.com\/blog\/trilha-inca-a-bagagem-perfeita-para-uma-aventura-inesquecivel\/\">Trilha Inca: A Bagagem Perfeita para uma Aventura Inesquec\u00edvel<\/a><\/strong><\/li>\n\n\n\n<li><strong><a href=\"https:\/\/www.salkantaytrilha.com\/blog\/como-se-preparar-para-o-caminho-inca\/\">Como se preparar para o Caminho Inca?<\/a><\/strong><\/li>\n\n\n\n<li><strong><a href=\"https:\/\/www.salkantaytrilha.com\/blog\/tudo-o-que-voce-precisa-saber-sobre-a-temporada-seca-em-cusco-no-peru\/\">Tudo o que voc\u00ea precisa saber sobre a temporada seca em Cusco, no Peru<\/a><\/strong><\/li>\n\n\n\n<li><strong><a href=\"https:\/\/www.salkantaytrilha.com\/blog\/aclimatacao-em-cusco-tudo-o-que-voce-precisa-saber\/\">Aclimata\u00e7\u00e3o em Cusco: Tudo o que Voc\u00ea Precisa Saber<\/a><\/strong><\/li>\n<\/ul>\n","protected":false},"excerpt":{"rendered":"<p>Caminhos distintos pelos Andes, uma \u00fanica escolha. A escolha entre a Trilha Inca ou a Trilha Lares, pode variar dependendo do tipo de viajante que voc\u00ea \u00e9, e de seus interesses espec\u00edficos. Ambos os destinos oferecem vistas espetaculares, hist\u00f3ria fascinante [&hellip;]<\/p>\n","protected":false},"author":1,"featured_media":880,"comment_status":"open","ping_status":"open","sticky":false,"template":"","format":"standard","meta":{"footnotes":""},"categories":[260,207,239],"tags":[261,209,283,242],"class_list":["post-877","post","type-post","status-publish","format-standard","has-post-thumbnail","hentry","category-caminho-inca","category-trilha-inca","category-trilha-lares","tag-caminho-inca","tag-trilha-inca","tag-trilha-inca-ou-a-trilha-lares","tag-trilha-lares"],"yoast_head":"<!-- This site is optimized with the Yoast SEO Premium plugin v27.4 (Yoast SEO v27.4) - https:\/\/yoast.com\/product\/yoast-seo-premium-wordpress\/ -->\n<title>Trilha Inca ou Trilha Lares: Qual dessas rotas \u00e9 a mais adequada para voc\u00ea? - informa\u00e7\u00f5es de viagens<\/title>\n<meta name=\"description\" content=\"Descubra qual \u00e9 a melhor op\u00e7\u00e3o para voc\u00ea: Trilha Inca ou Trilha Lares. Compare as vistas deslumbrantes, a rica hist\u00f3ria e a imers\u00e3o na cultura peruana.\" \/>\n<meta name=\"robots\" content=\"index, follow, max-snippet:-1, max-image-preview:large, max-video-preview:-1\" \/>\n<link rel=\"canonical\" href=\"https:\/\/www.salkantaytrilha.com\/blog\/trilha-inca-ou-trilha-lares-qual-dessas-rotas-e-a-mais-adequada-para-voce\/\" \/>\n<meta property=\"og:locale\" content=\"pt_BR\" \/>\n<meta property=\"og:type\" content=\"article\" \/>\n<meta property=\"og:title\" content=\"Trilha Inca ou Trilha Lares: Qual dessas rotas \u00e9 a mais adequada para voc\u00ea?\" \/>\n<meta property=\"og:description\" content=\"Descubra qual \u00e9 a melhor op\u00e7\u00e3o para voc\u00ea: Trilha Inca ou Trilha Lares. Compare as vistas deslumbrantes, a rica hist\u00f3ria e a imers\u00e3o na cultura peruana.\" \/>\n<meta property=\"og:url\" content=\"https:\/\/www.salkantaytrilha.com\/blog\/trilha-inca-ou-trilha-lares-qual-dessas-rotas-e-a-mais-adequada-para-voce\/\" \/>\n<meta property=\"og:site_name\" content=\"informa\u00e7\u00f5es de viagens\" \/>\n<meta property=\"article:publisher\" content=\"https:\/\/www.facebook.com\/SalkantayTrekking\/\" \/>\n<meta property=\"article:published_time\" content=\"2024-08-19T20:56:02+00:00\" \/>\n<meta property=\"article:modified_time\" content=\"2026-03-02T15:07:15+00:00\" \/>\n<meta property=\"og:image\" content=\"https:\/\/www.salkantaytrilha.com\/blog\/wp-content\/uploads\/2024\/08\/Trilha-Inca-ou-Trilha-Lares.jpg\" \/>\n\t<meta property=\"og:image:width\" content=\"1873\" \/>\n\t<meta property=\"og:image:height\" content=\"1249\" \/>\n\t<meta property=\"og:image:type\" content=\"image\/jpeg\" \/>\n<meta name=\"author\" content=\"Trilha Salkantay\" \/>\n<meta name=\"twitter:card\" content=\"summary_large_image\" \/>\n<meta name=\"twitter:creator\" content=\"@salkantayperu\" \/>\n<meta name=\"twitter:site\" content=\"@salkantayperu\" \/>\n<meta name=\"twitter:label1\" content=\"Escrito por\" \/>\n\t<meta name=\"twitter:data1\" content=\"Trilha Salkantay\" \/>\n\t<meta name=\"twitter:label2\" content=\"Est. tempo de leitura\" \/>\n\t<meta name=\"twitter:data2\" content=\"9 minutos\" \/>\n<script type=\"application\/ld+json\" class=\"yoast-schema-graph\">{\"@context\":\"https:\\\/\\\/schema.org\",\"@graph\":[{\"@type\":\"Article\",\"@id\":\"https:\\\/\\\/www.salkantaytrilha.com\\\/blog\\\/trilha-inca-ou-trilha-lares-qual-dessas-rotas-e-a-mais-adequada-para-voce\\\/#article\",\"isPartOf\":{\"@id\":\"https:\\\/\\\/www.salkantaytrilha.com\\\/blog\\\/trilha-inca-ou-trilha-lares-qual-dessas-rotas-e-a-mais-adequada-para-voce\\\/\"},\"author\":{\"name\":\"Trilha Salkantay\",\"@id\":\"https:\\\/\\\/www.salkantaytrilha.com\\\/blog\\\/#\\\/schema\\\/person\\\/aa0e6175beac59e6519e5407b3d13d0d\"},\"headline\":\"Trilha Inca ou Trilha Lares: Qual dessas rotas \u00e9 a mais adequada para voc\u00ea?\",\"datePublished\":\"2024-08-19T20:56:02+00:00\",\"dateModified\":\"2026-03-02T15:07:15+00:00\",\"mainEntityOfPage\":{\"@id\":\"https:\\\/\\\/www.salkantaytrilha.com\\\/blog\\\/trilha-inca-ou-trilha-lares-qual-dessas-rotas-e-a-mais-adequada-para-voce\\\/\"},\"wordCount\":1350,\"commentCount\":0,\"publisher\":{\"@id\":\"https:\\\/\\\/www.salkantaytrilha.com\\\/blog\\\/#organization\"},\"image\":{\"@id\":\"https:\\\/\\\/www.salkantaytrilha.com\\\/blog\\\/trilha-inca-ou-trilha-lares-qual-dessas-rotas-e-a-mais-adequada-para-voce\\\/#primaryimage\"},\"thumbnailUrl\":\"https:\\\/\\\/www.salkantaytrilha.com\\\/blog\\\/wp-content\\\/uploads\\\/2024\\\/08\\\/Trilha-Inca-ou-Trilha-Lares.jpg\",\"keywords\":[\"Caminho Inca\",\"Trilha Inca\",\"Trilha Inca ou a Trilha Lares\",\"Trilha Lares\"],\"articleSection\":[\"Caminho Inca\",\"Trilha Inca\",\"Trilha Lares\"],\"inLanguage\":\"pt-BR\",\"potentialAction\":[{\"@type\":\"CommentAction\",\"name\":\"Comment\",\"target\":[\"https:\\\/\\\/www.salkantaytrilha.com\\\/blog\\\/trilha-inca-ou-trilha-lares-qual-dessas-rotas-e-a-mais-adequada-para-voce\\\/#respond\"]}]},{\"@type\":\"WebPage\",\"@id\":\"https:\\\/\\\/www.salkantaytrilha.com\\\/blog\\\/trilha-inca-ou-trilha-lares-qual-dessas-rotas-e-a-mais-adequada-para-voce\\\/\",\"url\":\"https:\\\/\\\/www.salkantaytrilha.com\\\/blog\\\/trilha-inca-ou-trilha-lares-qual-dessas-rotas-e-a-mais-adequada-para-voce\\\/\",\"name\":\"Trilha Inca ou Trilha Lares: Qual dessas rotas \u00e9 a mais adequada para voc\u00ea? - informa\u00e7\u00f5es de viagens\",\"isPartOf\":{\"@id\":\"https:\\\/\\\/www.salkantaytrilha.com\\\/blog\\\/#website\"},\"primaryImageOfPage\":{\"@id\":\"https:\\\/\\\/www.salkantaytrilha.com\\\/blog\\\/trilha-inca-ou-trilha-lares-qual-dessas-rotas-e-a-mais-adequada-para-voce\\\/#primaryimage\"},\"image\":{\"@id\":\"https:\\\/\\\/www.salkantaytrilha.com\\\/blog\\\/trilha-inca-ou-trilha-lares-qual-dessas-rotas-e-a-mais-adequada-para-voce\\\/#primaryimage\"},\"thumbnailUrl\":\"https:\\\/\\\/www.salkantaytrilha.com\\\/blog\\\/wp-content\\\/uploads\\\/2024\\\/08\\\/Trilha-Inca-ou-Trilha-Lares.jpg\",\"datePublished\":\"2024-08-19T20:56:02+00:00\",\"dateModified\":\"2026-03-02T15:07:15+00:00\",\"description\":\"Descubra qual \u00e9 a melhor op\u00e7\u00e3o para voc\u00ea: Trilha Inca ou Trilha Lares. Compare as vistas deslumbrantes, a rica hist\u00f3ria e a imers\u00e3o na cultura peruana.\",\"breadcrumb\":{\"@id\":\"https:\\\/\\\/www.salkantaytrilha.com\\\/blog\\\/trilha-inca-ou-trilha-lares-qual-dessas-rotas-e-a-mais-adequada-para-voce\\\/#breadcrumb\"},\"inLanguage\":\"pt-BR\",\"potentialAction\":[{\"@type\":\"ReadAction\",\"target\":[\"https:\\\/\\\/www.salkantaytrilha.com\\\/blog\\\/trilha-inca-ou-trilha-lares-qual-dessas-rotas-e-a-mais-adequada-para-voce\\\/\"]}]},{\"@type\":\"ImageObject\",\"inLanguage\":\"pt-BR\",\"@id\":\"https:\\\/\\\/www.salkantaytrilha.com\\\/blog\\\/trilha-inca-ou-trilha-lares-qual-dessas-rotas-e-a-mais-adequada-para-voce\\\/#primaryimage\",\"url\":\"https:\\\/\\\/www.salkantaytrilha.com\\\/blog\\\/wp-content\\\/uploads\\\/2024\\\/08\\\/Trilha-Inca-ou-Trilha-Lares.jpg\",\"contentUrl\":\"https:\\\/\\\/www.salkantaytrilha.com\\\/blog\\\/wp-content\\\/uploads\\\/2024\\\/08\\\/Trilha-Inca-ou-Trilha-Lares.jpg\",\"width\":1873,\"height\":1249,\"caption\":\"Trilha Inca ou Trilha Lares\"},{\"@type\":\"BreadcrumbList\",\"@id\":\"https:\\\/\\\/www.salkantaytrilha.com\\\/blog\\\/trilha-inca-ou-trilha-lares-qual-dessas-rotas-e-a-mais-adequada-para-voce\\\/#breadcrumb\",\"itemListElement\":[{\"@type\":\"ListItem\",\"position\":1,\"name\":\"In\u00edcio\",\"item\":\"https:\\\/\\\/www.salkantaytrilha.com\\\/blog\\\/\"},{\"@type\":\"ListItem\",\"position\":2,\"name\":\"Trilha Inca ou Trilha Lares: Qual dessas rotas \u00e9 a mais adequada para voc\u00ea?\"}]},{\"@type\":\"WebSite\",\"@id\":\"https:\\\/\\\/www.salkantaytrilha.com\\\/blog\\\/#website\",\"url\":\"https:\\\/\\\/www.salkantaytrilha.com\\\/blog\\\/\",\"name\":\"informa\u00e7\u00f5es de viagens a Machu Picchu\",\"description\":\"\",\"publisher\":{\"@id\":\"https:\\\/\\\/www.salkantaytrilha.com\\\/blog\\\/#organization\"},\"potentialAction\":[{\"@type\":\"SearchAction\",\"target\":{\"@type\":\"EntryPoint\",\"urlTemplate\":\"https:\\\/\\\/www.salkantaytrilha.com\\\/blog\\\/?s={search_term_string}\"},\"query-input\":{\"@type\":\"PropertyValueSpecification\",\"valueRequired\":true,\"valueName\":\"search_term_string\"}}],\"inLanguage\":\"pt-BR\"},{\"@type\":\"Organization\",\"@id\":\"https:\\\/\\\/www.salkantaytrilha.com\\\/blog\\\/#organization\",\"name\":\"informa\u00e7\u00f5es de viagens a Machu Picchu\",\"url\":\"https:\\\/\\\/www.salkantaytrilha.com\\\/blog\\\/\",\"logo\":{\"@type\":\"ImageObject\",\"inLanguage\":\"pt-BR\",\"@id\":\"https:\\\/\\\/www.salkantaytrilha.com\\\/blog\\\/#\\\/schema\\\/logo\\\/image\\\/\",\"url\":\"https:\\\/\\\/www.salkantaytrilha.com\\\/blog\\\/wp-content\\\/uploads\\\/2024\\\/05\\\/salkantaytrekking-new-300x128-1.png\",\"contentUrl\":\"https:\\\/\\\/www.salkantaytrilha.com\\\/blog\\\/wp-content\\\/uploads\\\/2024\\\/05\\\/salkantaytrekking-new-300x128-1.png\",\"width\":300,\"height\":128,\"caption\":\"informa\u00e7\u00f5es de viagens a Machu Picchu\"},\"image\":{\"@id\":\"https:\\\/\\\/www.salkantaytrilha.com\\\/blog\\\/#\\\/schema\\\/logo\\\/image\\\/\"},\"sameAs\":[\"https:\\\/\\\/www.facebook.com\\\/SalkantayTrekking\\\/\",\"https:\\\/\\\/x.com\\\/salkantayperu\",\"https:\\\/\\\/www.pinterest.com\\\/salkantaytrekking\\\/\",\"https:\\\/\\\/www.instagram.com\\\/salkantaytrekking\\\/\",\"https:\\\/\\\/www.youtube.com\\\/user\\\/salkantaytrekking\",\"https:\\\/\\\/www.tiktok.com\\\/@salkantaytrekking\"]},{\"@type\":\"Person\",\"@id\":\"https:\\\/\\\/www.salkantaytrilha.com\\\/blog\\\/#\\\/schema\\\/person\\\/aa0e6175beac59e6519e5407b3d13d0d\",\"name\":\"Trilha Salkantay\",\"image\":{\"@type\":\"ImageObject\",\"inLanguage\":\"pt-BR\",\"@id\":\"https:\\\/\\\/secure.gravatar.com\\\/avatar\\\/b41678a33c57a2bf0032b7c254611fc97caffd94ade0663405b364d1c0177d1d?s=96&d=mm&r=g\",\"url\":\"https:\\\/\\\/secure.gravatar.com\\\/avatar\\\/b41678a33c57a2bf0032b7c254611fc97caffd94ade0663405b364d1c0177d1d?s=96&d=mm&r=g\",\"contentUrl\":\"https:\\\/\\\/secure.gravatar.com\\\/avatar\\\/b41678a33c57a2bf0032b7c254611fc97caffd94ade0663405b364d1c0177d1d?s=96&d=mm&r=g\",\"caption\":\"Trilha Salkantay\"},\"sameAs\":[\"https:\\\/\\\/www.salkantaytrilha.com\\\/blog\"]}]}<\/script>\n<!-- \/ Yoast SEO Premium plugin. -->","yoast_head_json":{"title":"Trilha Inca ou Trilha Lares: Qual dessas rotas \u00e9 a mais adequada para voc\u00ea? - informa\u00e7\u00f5es de viagens","description":"Descubra qual \u00e9 a melhor op\u00e7\u00e3o para voc\u00ea: Trilha Inca ou Trilha Lares. Compare as vistas deslumbrantes, a rica hist\u00f3ria e a imers\u00e3o na cultura peruana.","robots":{"index":"index","follow":"follow","max-snippet":"max-snippet:-1","max-image-preview":"max-image-preview:large","max-video-preview":"max-video-preview:-1"},"canonical":"https:\/\/www.salkantaytrilha.com\/blog\/trilha-inca-ou-trilha-lares-qual-dessas-rotas-e-a-mais-adequada-para-voce\/","og_locale":"pt_BR","og_type":"article","og_title":"Trilha Inca ou Trilha Lares: Qual dessas rotas \u00e9 a mais adequada para voc\u00ea?","og_description":"Descubra qual \u00e9 a melhor op\u00e7\u00e3o para voc\u00ea: Trilha Inca ou Trilha Lares. Compare as vistas deslumbrantes, a rica hist\u00f3ria e a imers\u00e3o na cultura peruana.","og_url":"https:\/\/www.salkantaytrilha.com\/blog\/trilha-inca-ou-trilha-lares-qual-dessas-rotas-e-a-mais-adequada-para-voce\/","og_site_name":"informa\u00e7\u00f5es de viagens","article_publisher":"https:\/\/www.facebook.com\/SalkantayTrekking\/","article_published_time":"2024-08-19T20:56:02+00:00","article_modified_time":"2026-03-02T15:07:15+00:00","og_image":[{"width":1873,"height":1249,"url":"https:\/\/www.salkantaytrilha.com\/blog\/wp-content\/uploads\/2024\/08\/Trilha-Inca-ou-Trilha-Lares.jpg","type":"image\/jpeg"}],"author":"Trilha Salkantay","twitter_card":"summary_large_image","twitter_creator":"@salkantayperu","twitter_site":"@salkantayperu","twitter_misc":{"Escrito por":"Trilha Salkantay","Est. tempo de leitura":"9 minutos"},"schema":{"@context":"https:\/\/schema.org","@graph":[{"@type":"Article","@id":"https:\/\/www.salkantaytrilha.com\/blog\/trilha-inca-ou-trilha-lares-qual-dessas-rotas-e-a-mais-adequada-para-voce\/#article","isPartOf":{"@id":"https:\/\/www.salkantaytrilha.com\/blog\/trilha-inca-ou-trilha-lares-qual-dessas-rotas-e-a-mais-adequada-para-voce\/"},"author":{"name":"Trilha Salkantay","@id":"https:\/\/www.salkantaytrilha.com\/blog\/#\/schema\/person\/aa0e6175beac59e6519e5407b3d13d0d"},"headline":"Trilha Inca ou Trilha Lares: Qual dessas rotas \u00e9 a mais adequada para voc\u00ea?","datePublished":"2024-08-19T20:56:02+00:00","dateModified":"2026-03-02T15:07:15+00:00","mainEntityOfPage":{"@id":"https:\/\/www.salkantaytrilha.com\/blog\/trilha-inca-ou-trilha-lares-qual-dessas-rotas-e-a-mais-adequada-para-voce\/"},"wordCount":1350,"commentCount":0,"publisher":{"@id":"https:\/\/www.salkantaytrilha.com\/blog\/#organization"},"image":{"@id":"https:\/\/www.salkantaytrilha.com\/blog\/trilha-inca-ou-trilha-lares-qual-dessas-rotas-e-a-mais-adequada-para-voce\/#primaryimage"},"thumbnailUrl":"https:\/\/www.salkantaytrilha.com\/blog\/wp-content\/uploads\/2024\/08\/Trilha-Inca-ou-Trilha-Lares.jpg","keywords":["Caminho Inca","Trilha Inca","Trilha Inca ou a Trilha Lares","Trilha Lares"],"articleSection":["Caminho Inca","Trilha Inca","Trilha Lares"],"inLanguage":"pt-BR","potentialAction":[{"@type":"CommentAction","name":"Comment","target":["https:\/\/www.salkantaytrilha.com\/blog\/trilha-inca-ou-trilha-lares-qual-dessas-rotas-e-a-mais-adequada-para-voce\/#respond"]}]},{"@type":"WebPage","@id":"https:\/\/www.salkantaytrilha.com\/blog\/trilha-inca-ou-trilha-lares-qual-dessas-rotas-e-a-mais-adequada-para-voce\/","url":"https:\/\/www.salkantaytrilha.com\/blog\/trilha-inca-ou-trilha-lares-qual-dessas-rotas-e-a-mais-adequada-para-voce\/","name":"Trilha Inca ou Trilha Lares: Qual dessas rotas \u00e9 a mais adequada para voc\u00ea? - informa\u00e7\u00f5es de viagens","isPartOf":{"@id":"https:\/\/www.salkantaytrilha.com\/blog\/#website"},"primaryImageOfPage":{"@id":"https:\/\/www.salkantaytrilha.com\/blog\/trilha-inca-ou-trilha-lares-qual-dessas-rotas-e-a-mais-adequada-para-voce\/#primaryimage"},"image":{"@id":"https:\/\/www.salkantaytrilha.com\/blog\/trilha-inca-ou-trilha-lares-qual-dessas-rotas-e-a-mais-adequada-para-voce\/#primaryimage"},"thumbnailUrl":"https:\/\/www.salkantaytrilha.com\/blog\/wp-content\/uploads\/2024\/08\/Trilha-Inca-ou-Trilha-Lares.jpg","datePublished":"2024-08-19T20:56:02+00:00","dateModified":"2026-03-02T15:07:15+00:00","description":"Descubra qual \u00e9 a melhor op\u00e7\u00e3o para voc\u00ea: Trilha Inca ou Trilha Lares. Compare as vistas deslumbrantes, a rica hist\u00f3ria e a imers\u00e3o na cultura peruana.","breadcrumb":{"@id":"https:\/\/www.salkantaytrilha.com\/blog\/trilha-inca-ou-trilha-lares-qual-dessas-rotas-e-a-mais-adequada-para-voce\/#breadcrumb"},"inLanguage":"pt-BR","potentialAction":[{"@type":"ReadAction","target":["https:\/\/www.salkantaytrilha.com\/blog\/trilha-inca-ou-trilha-lares-qual-dessas-rotas-e-a-mais-adequada-para-voce\/"]}]},{"@type":"ImageObject","inLanguage":"pt-BR","@id":"https:\/\/www.salkantaytrilha.com\/blog\/trilha-inca-ou-trilha-lares-qual-dessas-rotas-e-a-mais-adequada-para-voce\/#primaryimage","url":"https:\/\/www.salkantaytrilha.com\/blog\/wp-content\/uploads\/2024\/08\/Trilha-Inca-ou-Trilha-Lares.jpg","contentUrl":"https:\/\/www.salkantaytrilha.com\/blog\/wp-content\/uploads\/2024\/08\/Trilha-Inca-ou-Trilha-Lares.jpg","width":1873,"height":1249,"caption":"Trilha Inca ou Trilha Lares"},{"@type":"BreadcrumbList","@id":"https:\/\/www.salkantaytrilha.com\/blog\/trilha-inca-ou-trilha-lares-qual-dessas-rotas-e-a-mais-adequada-para-voce\/#breadcrumb","itemListElement":[{"@type":"ListItem","position":1,"name":"In\u00edcio","item":"https:\/\/www.salkantaytrilha.com\/blog\/"},{"@type":"ListItem","position":2,"name":"Trilha Inca ou Trilha Lares: Qual dessas rotas \u00e9 a mais adequada para voc\u00ea?"}]},{"@type":"WebSite","@id":"https:\/\/www.salkantaytrilha.com\/blog\/#website","url":"https:\/\/www.salkantaytrilha.com\/blog\/","name":"informa\u00e7\u00f5es de viagens a Machu Picchu","description":"","publisher":{"@id":"https:\/\/www.salkantaytrilha.com\/blog\/#organization"},"potentialAction":[{"@type":"SearchAction","target":{"@type":"EntryPoint","urlTemplate":"https:\/\/www.salkantaytrilha.com\/blog\/?s={search_term_string}"},"query-input":{"@type":"PropertyValueSpecification","valueRequired":true,"valueName":"search_term_string"}}],"inLanguage":"pt-BR"},{"@type":"Organization","@id":"https:\/\/www.salkantaytrilha.com\/blog\/#organization","name":"informa\u00e7\u00f5es de viagens a Machu Picchu","url":"https:\/\/www.salkantaytrilha.com\/blog\/","logo":{"@type":"ImageObject","inLanguage":"pt-BR","@id":"https:\/\/www.salkantaytrilha.com\/blog\/#\/schema\/logo\/image\/","url":"https:\/\/www.salkantaytrilha.com\/blog\/wp-content\/uploads\/2024\/05\/salkantaytrekking-new-300x128-1.png","contentUrl":"https:\/\/www.salkantaytrilha.com\/blog\/wp-content\/uploads\/2024\/05\/salkantaytrekking-new-300x128-1.png","width":300,"height":128,"caption":"informa\u00e7\u00f5es de viagens a Machu Picchu"},"image":{"@id":"https:\/\/www.salkantaytrilha.com\/blog\/#\/schema\/logo\/image\/"},"sameAs":["https:\/\/www.facebook.com\/SalkantayTrekking\/","https:\/\/x.com\/salkantayperu","https:\/\/www.pinterest.com\/salkantaytrekking\/","https:\/\/www.instagram.com\/salkantaytrekking\/","https:\/\/www.youtube.com\/user\/salkantaytrekking","https:\/\/www.tiktok.com\/@salkantaytrekking"]},{"@type":"Person","@id":"https:\/\/www.salkantaytrilha.com\/blog\/#\/schema\/person\/aa0e6175beac59e6519e5407b3d13d0d","name":"Trilha Salkantay","image":{"@type":"ImageObject","inLanguage":"pt-BR","@id":"https:\/\/secure.gravatar.com\/avatar\/b41678a33c57a2bf0032b7c254611fc97caffd94ade0663405b364d1c0177d1d?s=96&d=mm&r=g","url":"https:\/\/secure.gravatar.com\/avatar\/b41678a33c57a2bf0032b7c254611fc97caffd94ade0663405b364d1c0177d1d?s=96&d=mm&r=g","contentUrl":"https:\/\/secure.gravatar.com\/avatar\/b41678a33c57a2bf0032b7c254611fc97caffd94ade0663405b364d1c0177d1d?s=96&d=mm&r=g","caption":"Trilha Salkantay"},"sameAs":["https:\/\/www.salkantaytrilha.com\/blog"]}]}},"_links":{"self":[{"href":"https:\/\/www.salkantaytrilha.com\/blog\/wp-json\/wp\/v2\/posts\/877","targetHints":{"allow":["GET"]}}],"collection":[{"href":"https:\/\/www.salkantaytrilha.com\/blog\/wp-json\/wp\/v2\/posts"}],"about":[{"href":"https:\/\/www.salkantaytrilha.com\/blog\/wp-json\/wp\/v2\/types\/post"}],"author":[{"embeddable":true,"href":"https:\/\/www.salkantaytrilha.com\/blog\/wp-json\/wp\/v2\/users\/1"}],"replies":[{"embeddable":true,"href":"https:\/\/www.salkantaytrilha.com\/blog\/wp-json\/wp\/v2\/comments?post=877"}],"version-history":[{"count":3,"href":"https:\/\/www.salkantaytrilha.com\/blog\/wp-json\/wp\/v2\/posts\/877\/revisions"}],"predecessor-version":[{"id":5563,"href":"https:\/\/www.salkantaytrilha.com\/blog\/wp-json\/wp\/v2\/posts\/877\/revisions\/5563"}],"wp:featuredmedia":[{"embeddable":true,"href":"https:\/\/www.salkantaytrilha.com\/blog\/wp-json\/wp\/v2\/media\/880"}],"wp:attachment":[{"href":"https:\/\/www.salkantaytrilha.com\/blog\/wp-json\/wp\/v2\/media?parent=877"}],"wp:term":[{"taxonomy":"category","embeddable":true,"href":"https:\/\/www.salkantaytrilha.com\/blog\/wp-json\/wp\/v2\/categories?post=877"},{"taxonomy":"post_tag","embeddable":true,"href":"https:\/\/www.salkantaytrilha.com\/blog\/wp-json\/wp\/v2\/tags?post=877"}],"curies":[{"name":"wp","href":"https:\/\/api.w.org\/{rel}","templated":true}]}}